{"id":70218,"date":"2022-10-11T21:15:44","date_gmt":"2022-10-11T19:15:44","guid":{"rendered":"https:\/\/laindependent.cat\/ante-el-desanimo\/"},"modified":"2023-02-28T16:01:16","modified_gmt":"2023-02-28T15:01:16","slug":"ante-el-desanimo","status":"publish","type":"post","link":"https:\/\/laindependent.cat\/es\/ante-el-desanimo\/","title":{"rendered":"Ante el des\u00e1nimo&#8230;"},"content":{"rendered":"\n<figure class=\"wp-block-image\"><img fetchpriority=\"high\" decoding=\"async\" width=\"400\" height=\"400\" src=\"https:\/\/laindependent.cat\/wp-content\/uploads\/2022\/10\/tere_mola_actual.jpg\" alt=\"Tere Mola actual\" class=\"wp-image-38801\" srcset=\"https:\/\/laindependent.cat\/wp-content\/uploads\/2022\/10\/tere_mola_actual.jpg 400w, https:\/\/laindependent.cat\/wp-content\/uploads\/2022\/10\/tere_mola_actual-300x300.jpg 300w, https:\/\/laindependent.cat\/wp-content\/uploads\/2022\/10\/tere_mola_actual-150x150.jpg 150w\" sizes=\"(max-width: 400px) 100vw, 400px\" \/><\/figure>\n\n\n\n<p><strong>OPINI\u00d3N<\/strong><\/p>\n\n\n\n<p><strong>Estamos viviendo tiempos muy convulsos tanto a nivel pol\u00edtico, como emocional, porque todo el personal es pol\u00edtico.<\/strong><\/p>\n\n\n\n<!--more-->\n\n\n\n<p>Que la derecha y la ultraderecha est\u00e9n ganando espacio en Europa en medio de una guerra, no es buena noticia.<\/p>\n\n\n\n<p>Que en Gran Breta\u00f1a la Primera Ministra vaya de error en error, despu\u00e9s de una etapa tan dura y extra\u00f1a como la de <strong>Boris Johnson<\/strong>, tampoco es buena noticia.<\/p>\n\n\n\n<p>Que <strong>Putin<\/strong> haya planteado referendos para anexionarse parte del territorio ucraniano tampoco es para lanzar cohetes de alegr\u00eda y que, adem\u00e1s tenga un submarino cargado con armas nucleares navegando por el B\u00e1ltico, es como para meterle los pelos de punta a cualquiera .<\/p>\n\n\n\n<p>Que Ucrania est\u00e9 financiando parte de la guerra gracias a la explotaci\u00f3n reproductiva de las mujeres m\u00e1s empobrecidas y que, adem\u00e1s, est\u00e9 acercando a las granjas de mujeres embarazadas como vientres de alquiler para vender a sus criaturas a fronteras seguras para facilitar a los compradores el intercambio comercial sin \u00abdemasiados peligros\u00bb, tambi\u00e9n nos da una muestra de c\u00f3mo funciona el mercado incluso en guerra.<\/p>\n\n\n\n<p>Que en la Casa Blanca est\u00e9 instalada una persona con evidentes s\u00edntomas de la enfermedad de Alzheimer, tampoco es como para estar con demasiada tranquilidad por parte del resto del mundo. Sobre todo, cuando sabemos que tiene acceso al bot\u00f3n de las armas nucleares.<\/p>\n\n\n\n<p>Que en Brasil <strong>Bolsonaro<\/strong> ya haya avisado de que no va a reconocer los resultados si no le son favorables, es como para cuestionarnos el modelo de l\u00edderes y liderezas que tenemos al frente de los gobiernos de los pa\u00edses m\u00e1s poblados y\/o m\u00e1s poderosos del mundo.<\/p>\n\n\n\n<p>Y en nuestra casa tenemos una derecha desatada y quiz\u00e1s algo descabellada que s\u00f3lo piensa en los beneficios de unos pocos rebajando los impuestos a la gente que m\u00e1s tiene sin pensar en las repercusiones que esto puede tener para la gente trabajadora. Y, por supuesto, sin pedirles a los bancos que devuelvan todo el dinero que se les prest\u00f3\/regal\u00f3 por su mala gesti\u00f3n de la crisis-estafa financiera del dos mil ocho.<\/p>\n\n\n\n<p>Como vemos el panorama es, ciertamente desolador, y como para desanimar a la gente m\u00e1s animosa.<\/p>\n\n\n\n<p>Pero siempre hay lagunas donde refugiarse de tanto des\u00e1nimo y tanta maldad como podemos ver en c\u00f3mo, algunos medios de comunicaci\u00f3n, fieles a sus \u00abdue\u00f1os\u00bb quieren tambalear la democracia en el Estado Espa\u00f1ol.<\/p>\n\n\n\n<p>Y, al menos para m\u00ed, esas lagunas son mis amigas y mis amigos. Son el refugio con el que sentirme acompa\u00f1ada y, tambi\u00e9n, y por qu\u00e9 no decirlo, al que poder acompa\u00f1ar en momentos complicados que pueden estar viviendo.<\/p>\n\n\n\n<p>Una comida con una mujer a la que ten\u00eda ganas de conocer un poco m\u00e1s y con la que se estableci\u00f3 una conexi\u00f3n inmediata, me hizo recordar que estas madrigueras, estos refugios siempre son seguros porque, a pesar de todo, est\u00e1n, estamos siempre.<\/p>\n\n\n\n<p>Fue un recordatorio en el momento preciso. Momentos complicados como hemos visto, pero que con buena compa\u00f1\u00eda todav\u00eda nos pueden sacar una sonrisa o una buena carcajada.<\/p>\n\n\n\n<p>Y encontrarnos a los ojos de un gran amigo cuando te mira al fondo y te da las gracias por haberle acompa\u00f1ado en un d\u00eda dif\u00edcil para \u00e9l, es algo que no tiene precio.<\/p>\n\n\n\n<p>Por todo esto y ante el des\u00e1nimo generalizado, buscamos el \u00e1nimo con la gente que amamos y que nos ama. Los problemas continuar\u00e1n estando ah\u00ed, pero quiz\u00e1 la forma de afrontarlos cambie radicalmente.<\/p>\n","protected":false},"excerpt":{"rendered":"<p>OPINI\u00d3N Estamos viviendo tiempos muy convulsos tanto a nivel pol\u00edtico, como emocional, porque todo el personal es pol\u00edtico.<\/p>\n","protected":false},"author":94,"featured_media":38801,"comment_status":"open","ping_status":"closed","sticky":false,"template":"","format":"standard","meta":{"footnotes":""},"categories":[26665],"tags":[32994],"class_list":["post-70218","post","type-post","status-publish","format-standard","has-post-thumbnail","hentry","category-opinion-vida-cotidiana","tag-ucraina"],"yoast_head":"<!-- This site is optimized with the Yoast SEO plugin v27.4 - https:\/\/yoast.com\/product\/yoast-seo-wordpress\/ -->\n<title>Ante el des\u00e1nimo... | La Independent<\/title>\n<meta name=\"description\" content=\"OPINI\u00d3N Estamos viviendo tiempos muy convulsos tanto a nivel pol\u00edtico, como emocional, porque todo el personal es pol\u00edtico. Que la derecha y la\" \/>\n<meta name=\"robots\" content=\"index, follow, max-snippet:-1, max-image-preview:large, max-video-preview:-1\" \/>\n<link rel=\"canonical\" href=\"https:\/\/laindependent.cat\/es\/ante-el-desanimo\/\" \/>\n<meta property=\"og:locale\" content=\"es_ES\" \/>\n<meta property=\"og:type\" content=\"article\" \/>\n<meta property=\"og:title\" content=\"Ante el des\u00e1nimo... | La Independent\" \/>\n<meta property=\"og:description\" content=\"OPINI\u00d3N Estamos viviendo tiempos muy convulsos tanto a nivel pol\u00edtico, como emocional, porque todo el personal es pol\u00edtico. Que la derecha y la\" \/>\n<meta property=\"og:url\" content=\"https:\/\/laindependent.cat\/es\/ante-el-desanimo\/\" \/>\n<meta property=\"og:site_name\" content=\"La Independent\" \/>\n<meta property=\"article:published_time\" content=\"2022-10-11T19:15:44+00:00\" \/>\n<meta property=\"article:modified_time\" content=\"2023-02-28T15:01:16+00:00\" \/>\n<meta property=\"og:image\" content=\"https:\/\/laindependent.cat\/wp-content\/uploads\/2022\/10\/tere_mola_actual.jpg\" \/>\n\t<meta property=\"og:image:width\" content=\"400\" \/>\n\t<meta property=\"og:image:height\" content=\"400\" \/>\n\t<meta property=\"og:image:type\" content=\"image\/jpeg\" \/>\n<meta name=\"author\" content=\"Amada Santos\" \/>\n<meta name=\"twitter:card\" content=\"summary_large_image\" \/>\n<meta name=\"twitter:label1\" content=\"Escrito por\" \/>\n\t<meta name=\"twitter:data1\" content=\"Amada Santos\" \/>\n\t<meta name=\"twitter:label2\" content=\"Tiempo de lectura\" \/>\n\t<meta name=\"twitter:data2\" content=\"3 minutos\" \/>\n<script type=\"application\/ld+json\" class=\"yoast-schema-graph\">{\"@context\":\"https:\\\/\\\/schema.org\",\"@graph\":[{\"@type\":\"Article\",\"@id\":\"https:\\\/\\\/laindependent.cat\\\/es\\\/ante-el-desanimo\\\/#article\",\"isPartOf\":{\"@id\":\"https:\\\/\\\/laindependent.cat\\\/es\\\/ante-el-desanimo\\\/\"},\"author\":{\"name\":\"Amada Santos\",\"@id\":\"https:\\\/\\\/laindependent.cat\\\/es\\\/#\\\/schema\\\/person\\\/c0bbc88d6bb99ffe6206fec7daa8d5f1\"},\"headline\":\"Ante el des\u00e1nimo&#8230;\",\"datePublished\":\"2022-10-11T19:15:44+00:00\",\"dateModified\":\"2023-02-28T15:01:16+00:00\",\"mainEntityOfPage\":{\"@id\":\"https:\\\/\\\/laindependent.cat\\\/es\\\/ante-el-desanimo\\\/\"},\"wordCount\":613,\"commentCount\":0,\"publisher\":{\"@id\":\"https:\\\/\\\/laindependent.cat\\\/es\\\/#organization\"},\"image\":{\"@id\":\"https:\\\/\\\/laindependent.cat\\\/es\\\/ante-el-desanimo\\\/#primaryimage\"},\"thumbnailUrl\":\"https:\\\/\\\/laindependent.cat\\\/wp-content\\\/uploads\\\/2022\\\/10\\\/tere_mola_actual.jpg\",\"keywords\":[\"Ucra\u00efna\"],\"articleSection\":[\"Opini\u00f3n: Vida Cotidiana\"],\"inLanguage\":\"es\",\"potentialAction\":[{\"@type\":\"CommentAction\",\"name\":\"Comment\",\"target\":[\"https:\\\/\\\/laindependent.cat\\\/es\\\/ante-el-desanimo\\\/#respond\"]}]},{\"@type\":\"WebPage\",\"@id\":\"https:\\\/\\\/laindependent.cat\\\/es\\\/ante-el-desanimo\\\/\",\"url\":\"https:\\\/\\\/laindependent.cat\\\/es\\\/ante-el-desanimo\\\/\",\"name\":\"Ante el des\u00e1nimo... | La Independent\",\"isPartOf\":{\"@id\":\"https:\\\/\\\/laindependent.cat\\\/es\\\/#website\"},\"primaryImageOfPage\":{\"@id\":\"https:\\\/\\\/laindependent.cat\\\/es\\\/ante-el-desanimo\\\/#primaryimage\"},\"image\":{\"@id\":\"https:\\\/\\\/laindependent.cat\\\/es\\\/ante-el-desanimo\\\/#primaryimage\"},\"thumbnailUrl\":\"https:\\\/\\\/laindependent.cat\\\/wp-content\\\/uploads\\\/2022\\\/10\\\/tere_mola_actual.jpg\",\"datePublished\":\"2022-10-11T19:15:44+00:00\",\"dateModified\":\"2023-02-28T15:01:16+00:00\",\"description\":\"OPINI\u00d3N Estamos viviendo tiempos muy convulsos tanto a nivel pol\u00edtico, como emocional, porque todo el personal es pol\u00edtico. Que la derecha y la\",\"breadcrumb\":{\"@id\":\"https:\\\/\\\/laindependent.cat\\\/es\\\/ante-el-desanimo\\\/#breadcrumb\"},\"inLanguage\":\"es\",\"potentialAction\":[{\"@type\":\"ReadAction\",\"target\":[\"https:\\\/\\\/laindependent.cat\\\/es\\\/ante-el-desanimo\\\/\"]}]},{\"@type\":\"ImageObject\",\"inLanguage\":\"es\",\"@id\":\"https:\\\/\\\/laindependent.cat\\\/es\\\/ante-el-desanimo\\\/#primaryimage\",\"url\":\"https:\\\/\\\/laindependent.cat\\\/wp-content\\\/uploads\\\/2022\\\/10\\\/tere_mola_actual.jpg\",\"contentUrl\":\"https:\\\/\\\/laindependent.cat\\\/wp-content\\\/uploads\\\/2022\\\/10\\\/tere_mola_actual.jpg\",\"width\":400,\"height\":400},{\"@type\":\"BreadcrumbList\",\"@id\":\"https:\\\/\\\/laindependent.cat\\\/es\\\/ante-el-desanimo\\\/#breadcrumb\",\"itemListElement\":[{\"@type\":\"ListItem\",\"position\":1,\"name\":\"Inici\",\"item\":\"https:\\\/\\\/laindependent.cat\\\/es\\\/la-independent\\\/\"},{\"@type\":\"ListItem\",\"position\":2,\"name\":\"Opini\u00f3n\",\"item\":\"https:\\\/\\\/laindependent.cat\\\/es\\\/tema\\\/opinion\\\/\"},{\"@type\":\"ListItem\",\"position\":3,\"name\":\"Opini\u00f3n: Vida Cotidiana\",\"item\":\"https:\\\/\\\/laindependent.cat\\\/es\\\/tema\\\/opinion\\\/opinion-vida-cotidiana\\\/\"},{\"@type\":\"ListItem\",\"position\":4,\"name\":\"Ante el des\u00e1nimo&#8230;\"}]},{\"@type\":\"WebSite\",\"@id\":\"https:\\\/\\\/laindependent.cat\\\/es\\\/#website\",\"url\":\"https:\\\/\\\/laindependent.cat\\\/es\\\/\",\"name\":\"La Independent\",\"description\":\"Ag\u00e8ncia de not\u00edcies amb visi\u00f3 de g\u00e8nere\",\"publisher\":{\"@id\":\"https:\\\/\\\/laindependent.cat\\\/es\\\/#organization\"},\"alternateName\":\"Ag\u00e8ncia de not\u00edcies amb visi\u00f3 de g\u00e8nere\",\"potentialAction\":[{\"@type\":\"SearchAction\",\"target\":{\"@type\":\"EntryPoint\",\"urlTemplate\":\"https:\\\/\\\/laindependent.cat\\\/es\\\/?s={search_term_string}\"},\"query-input\":{\"@type\":\"PropertyValueSpecification\",\"valueRequired\":true,\"valueName\":\"search_term_string\"}}],\"inLanguage\":\"es\"},{\"@type\":\"Organization\",\"@id\":\"https:\\\/\\\/laindependent.cat\\\/es\\\/#organization\",\"name\":\"La Independent\",\"alternateName\":\"Ag\u00e8ncia de not\u00edcies amb visi\u00f3 de g\u00e8nere\",\"url\":\"https:\\\/\\\/laindependent.cat\\\/es\\\/\",\"logo\":{\"@type\":\"ImageObject\",\"inLanguage\":\"es\",\"@id\":\"https:\\\/\\\/laindependent.cat\\\/es\\\/#\\\/schema\\\/logo\\\/image\\\/\",\"url\":\"https:\\\/\\\/laindependent.cat\\\/wp-content\\\/uploads\\\/2022\\\/10\\\/logo-independent.svg\",\"contentUrl\":\"https:\\\/\\\/laindependent.cat\\\/wp-content\\\/uploads\\\/2022\\\/10\\\/logo-independent.svg\",\"width\":562,\"height\":78,\"caption\":\"La Independent\"},\"image\":{\"@id\":\"https:\\\/\\\/laindependent.cat\\\/es\\\/#\\\/schema\\\/logo\\\/image\\\/\"}},{\"@type\":\"Person\",\"@id\":\"https:\\\/\\\/laindependent.cat\\\/es\\\/#\\\/schema\\\/person\\\/c0bbc88d6bb99ffe6206fec7daa8d5f1\",\"name\":\"Amada Santos\",\"image\":{\"@type\":\"ImageObject\",\"inLanguage\":\"es\",\"@id\":\"https:\\\/\\\/secure.gravatar.com\\\/avatar\\\/ddc329d5c10903319ef8e7bfda1f33c1798763e44bd30548785c262d0a7d5683?s=96&d=blank&r=g\",\"url\":\"https:\\\/\\\/secure.gravatar.com\\\/avatar\\\/ddc329d5c10903319ef8e7bfda1f33c1798763e44bd30548785c262d0a7d5683?s=96&d=blank&r=g\",\"contentUrl\":\"https:\\\/\\\/secure.gravatar.com\\\/avatar\\\/ddc329d5c10903319ef8e7bfda1f33c1798763e44bd30548785c262d0a7d5683?s=96&d=blank&r=g\",\"caption\":\"Amada Santos\"},\"description\":\"Fotoperiodista i Soci\u00f3loga. Activista Feminista, Defensora DDHH i Cooperant. Presidenta de la XIDPIC.Cat. Co-coordinadora i Editora de La Independent. Coordinadora Internacional a la RIPVG\",\"url\":\"https:\\\/\\\/laindependent.cat\\\/es\\\/author\\\/amada-santos\\\/\"}]}<\/script>\n<!-- \/ Yoast SEO plugin. -->","yoast_head_json":{"title":"Ante el des\u00e1nimo... | La Independent","description":"OPINI\u00d3N Estamos viviendo tiempos muy convulsos tanto a nivel pol\u00edtico, como emocional, porque todo el personal es pol\u00edtico. Que la derecha y la","robots":{"index":"index","follow":"follow","max-snippet":"max-snippet:-1","max-image-preview":"max-image-preview:large","max-video-preview":"max-video-preview:-1"},"canonical":"https:\/\/laindependent.cat\/es\/ante-el-desanimo\/","og_locale":"es_ES","og_type":"article","og_title":"Ante el des\u00e1nimo... | La Independent","og_description":"OPINI\u00d3N Estamos viviendo tiempos muy convulsos tanto a nivel pol\u00edtico, como emocional, porque todo el personal es pol\u00edtico. Que la derecha y la","og_url":"https:\/\/laindependent.cat\/es\/ante-el-desanimo\/","og_site_name":"La Independent","article_published_time":"2022-10-11T19:15:44+00:00","article_modified_time":"2023-02-28T15:01:16+00:00","og_image":[{"width":400,"height":400,"url":"https:\/\/laindependent.cat\/wp-content\/uploads\/2022\/10\/tere_mola_actual.jpg","type":"image\/jpeg"}],"author":"Amada Santos","twitter_card":"summary_large_image","twitter_misc":{"Escrito por":"Amada Santos","Tiempo de lectura":"3 minutos"},"schema":{"@context":"https:\/\/schema.org","@graph":[{"@type":"Article","@id":"https:\/\/laindependent.cat\/es\/ante-el-desanimo\/#article","isPartOf":{"@id":"https:\/\/laindependent.cat\/es\/ante-el-desanimo\/"},"author":{"name":"Amada Santos","@id":"https:\/\/laindependent.cat\/es\/#\/schema\/person\/c0bbc88d6bb99ffe6206fec7daa8d5f1"},"headline":"Ante el des\u00e1nimo&#8230;","datePublished":"2022-10-11T19:15:44+00:00","dateModified":"2023-02-28T15:01:16+00:00","mainEntityOfPage":{"@id":"https:\/\/laindependent.cat\/es\/ante-el-desanimo\/"},"wordCount":613,"commentCount":0,"publisher":{"@id":"https:\/\/laindependent.cat\/es\/#organization"},"image":{"@id":"https:\/\/laindependent.cat\/es\/ante-el-desanimo\/#primaryimage"},"thumbnailUrl":"https:\/\/laindependent.cat\/wp-content\/uploads\/2022\/10\/tere_mola_actual.jpg","keywords":["Ucra\u00efna"],"articleSection":["Opini\u00f3n: Vida Cotidiana"],"inLanguage":"es","potentialAction":[{"@type":"CommentAction","name":"Comment","target":["https:\/\/laindependent.cat\/es\/ante-el-desanimo\/#respond"]}]},{"@type":"WebPage","@id":"https:\/\/laindependent.cat\/es\/ante-el-desanimo\/","url":"https:\/\/laindependent.cat\/es\/ante-el-desanimo\/","name":"Ante el des\u00e1nimo... | La Independent","isPartOf":{"@id":"https:\/\/laindependent.cat\/es\/#website"},"primaryImageOfPage":{"@id":"https:\/\/laindependent.cat\/es\/ante-el-desanimo\/#primaryimage"},"image":{"@id":"https:\/\/laindependent.cat\/es\/ante-el-desanimo\/#primaryimage"},"thumbnailUrl":"https:\/\/laindependent.cat\/wp-content\/uploads\/2022\/10\/tere_mola_actual.jpg","datePublished":"2022-10-11T19:15:44+00:00","dateModified":"2023-02-28T15:01:16+00:00","description":"OPINI\u00d3N Estamos viviendo tiempos muy convulsos tanto a nivel pol\u00edtico, como emocional, porque todo el personal es pol\u00edtico. Que la derecha y la","breadcrumb":{"@id":"https:\/\/laindependent.cat\/es\/ante-el-desanimo\/#breadcrumb"},"inLanguage":"es","potentialAction":[{"@type":"ReadAction","target":["https:\/\/laindependent.cat\/es\/ante-el-desanimo\/"]}]},{"@type":"ImageObject","inLanguage":"es","@id":"https:\/\/laindependent.cat\/es\/ante-el-desanimo\/#primaryimage","url":"https:\/\/laindependent.cat\/wp-content\/uploads\/2022\/10\/tere_mola_actual.jpg","contentUrl":"https:\/\/laindependent.cat\/wp-content\/uploads\/2022\/10\/tere_mola_actual.jpg","width":400,"height":400},{"@type":"BreadcrumbList","@id":"https:\/\/laindependent.cat\/es\/ante-el-desanimo\/#breadcrumb","itemListElement":[{"@type":"ListItem","position":1,"name":"Inici","item":"https:\/\/laindependent.cat\/es\/la-independent\/"},{"@type":"ListItem","position":2,"name":"Opini\u00f3n","item":"https:\/\/laindependent.cat\/es\/tema\/opinion\/"},{"@type":"ListItem","position":3,"name":"Opini\u00f3n: Vida Cotidiana","item":"https:\/\/laindependent.cat\/es\/tema\/opinion\/opinion-vida-cotidiana\/"},{"@type":"ListItem","position":4,"name":"Ante el des\u00e1nimo&#8230;"}]},{"@type":"WebSite","@id":"https:\/\/laindependent.cat\/es\/#website","url":"https:\/\/laindependent.cat\/es\/","name":"La Independent","description":"Ag\u00e8ncia de not\u00edcies amb visi\u00f3 de g\u00e8nere","publisher":{"@id":"https:\/\/laindependent.cat\/es\/#organization"},"alternateName":"Ag\u00e8ncia de not\u00edcies amb visi\u00f3 de g\u00e8nere","potentialAction":[{"@type":"SearchAction","target":{"@type":"EntryPoint","urlTemplate":"https:\/\/laindependent.cat\/es\/?s={search_term_string}"},"query-input":{"@type":"PropertyValueSpecification","valueRequired":true,"valueName":"search_term_string"}}],"inLanguage":"es"},{"@type":"Organization","@id":"https:\/\/laindependent.cat\/es\/#organization","name":"La Independent","alternateName":"Ag\u00e8ncia de not\u00edcies amb visi\u00f3 de g\u00e8nere","url":"https:\/\/laindependent.cat\/es\/","logo":{"@type":"ImageObject","inLanguage":"es","@id":"https:\/\/laindependent.cat\/es\/#\/schema\/logo\/image\/","url":"https:\/\/laindependent.cat\/wp-content\/uploads\/2022\/10\/logo-independent.svg","contentUrl":"https:\/\/laindependent.cat\/wp-content\/uploads\/2022\/10\/logo-independent.svg","width":562,"height":78,"caption":"La Independent"},"image":{"@id":"https:\/\/laindependent.cat\/es\/#\/schema\/logo\/image\/"}},{"@type":"Person","@id":"https:\/\/laindependent.cat\/es\/#\/schema\/person\/c0bbc88d6bb99ffe6206fec7daa8d5f1","name":"Amada Santos","image":{"@type":"ImageObject","inLanguage":"es","@id":"https:\/\/secure.gravatar.com\/avatar\/ddc329d5c10903319ef8e7bfda1f33c1798763e44bd30548785c262d0a7d5683?s=96&d=blank&r=g","url":"https:\/\/secure.gravatar.com\/avatar\/ddc329d5c10903319ef8e7bfda1f33c1798763e44bd30548785c262d0a7d5683?s=96&d=blank&r=g","contentUrl":"https:\/\/secure.gravatar.com\/avatar\/ddc329d5c10903319ef8e7bfda1f33c1798763e44bd30548785c262d0a7d5683?s=96&d=blank&r=g","caption":"Amada Santos"},"description":"Fotoperiodista i Soci\u00f3loga. Activista Feminista, Defensora DDHH i Cooperant. Presidenta de la XIDPIC.Cat. Co-coordinadora i Editora de La Independent. Coordinadora Internacional a la RIPVG","url":"https:\/\/laindependent.cat\/es\/author\/amada-santos\/"}]}},"_links":{"self":[{"href":"https:\/\/laindependent.cat\/es\/wp-json\/wp\/v2\/posts\/70218","targetHints":{"allow":["GET"]}}],"collection":[{"href":"https:\/\/laindependent.cat\/es\/wp-json\/wp\/v2\/posts"}],"about":[{"href":"https:\/\/laindependent.cat\/es\/wp-json\/wp\/v2\/types\/post"}],"author":[{"embeddable":true,"href":"https:\/\/laindependent.cat\/es\/wp-json\/wp\/v2\/users\/94"}],"replies":[{"embeddable":true,"href":"https:\/\/laindependent.cat\/es\/wp-json\/wp\/v2\/comments?post=70218"}],"version-history":[{"count":0,"href":"https:\/\/laindependent.cat\/es\/wp-json\/wp\/v2\/posts\/70218\/revisions"}],"wp:featuredmedia":[{"embeddable":true,"href":"https:\/\/laindependent.cat\/es\/wp-json\/wp\/v2\/media\/38801"}],"wp:attachment":[{"href":"https:\/\/laindependent.cat\/es\/wp-json\/wp\/v2\/media?parent=70218"}],"wp:term":[{"taxonomy":"category","embeddable":true,"href":"https:\/\/laindependent.cat\/es\/wp-json\/wp\/v2\/categories?post=70218"},{"taxonomy":"post_tag","embeddable":true,"href":"https:\/\/laindependent.cat\/es\/wp-json\/wp\/v2\/tags?post=70218"}],"curies":[{"name":"wp","href":"https:\/\/api.w.org\/{rel}","templated":true}]}}