{"id":70190,"date":"2022-09-29T10:46:42","date_gmt":"2022-09-29T08:46:42","guid":{"rendered":"https:\/\/laindependent.cat\/cumbre-global-de-la-democracia-electoral\/"},"modified":"2023-02-28T16:07:07","modified_gmt":"2023-02-28T15:07:07","slug":"cumbre-global-de-la-democracia-electoral","status":"publish","type":"post","link":"https:\/\/laindependent.cat\/es\/cumbre-global-de-la-democracia-electoral\/","title":{"rendered":"Cumbre Global de la Democracia Electoral"},"content":{"rendered":"\n<figure class=\"wp-block-image\"><img fetchpriority=\"high\" decoding=\"async\" width=\"400\" height=\"182\" src=\"https:\/\/laindependent.cat\/wp-content\/uploads\/2019\/06\/semlac.jpg\" alt=\"Semlac\" class=\"wp-image-67096\" srcset=\"https:\/\/laindependent.cat\/wp-content\/uploads\/2019\/06\/semlac.jpg 400w, https:\/\/laindependent.cat\/wp-content\/uploads\/2019\/06\/semlac-300x137.jpg 300w\" sizes=\"(max-width: 400px) 100vw, 400px\" \/><\/figure>\n\n\n\n<p><strong>En un comunicado, el Instituto Nacional Electoral (INE) informa acerca de las ideas principales expresadas en el segundo d\u00eda de la Cumbre Global de la Democracia, que se lleva a cabo del 20 al 22 del presente mes de septiembre.<\/strong><\/p>\n\n\n\n<!--more-->\n\n\n\n<p>A contado con la participaci\u00f3n de 16 organizaciones y autoridades <a href=\"\/\/www.ine.mx\/cumbre-de-la-democracia-electoral\/%20\" target=\"_blank\" rel=\"noreferrer noopener\">electorale<\/a>s de Am\u00e9rica, Europa, Asia, \u00c1frica y Estados \u00c1rabes.<\/p>\n\n\n\n<p><strong>Francisco Guerrero,<\/strong> secretario para el Fortalecimiento de la Democracia de la Organizaci\u00f3n de los Estados Americanos (OEA) expres\u00f3 que los \u00f3rganos electorales son fundamentales para el desarrollo de los comicios porque son el instrumento pr\u00e1ctico, t\u00e9cnico y neutral que permite que las ciudadanas y los ciudadanos puedan acudir a las urnas con los principios de imparcialidad, objetividad y limpieza.<\/p>\n\n\n\n<p>&#8220;Cada vez que hay un ataque a un \u00f3rgano electoral, que se trata de eliminar su independencia o se quiere controlar desde los espacios de poder, todos deben alzar la voz para que no suceda&#8221;. La independencia y la autonom\u00eda de los \u00f3rganos electorales es la garant\u00eda con la que cuentan las y los ciudadanos para que en medio de esta etapa tan compleja a nivel mundial se mantenga la estabilidad del sistema democr\u00e1tico, acot\u00f3.<\/p>\n\n\n\n<p>La necesidad urgente de que esta autonom\u00eda de los \u00f3rganos electorales se preserve, y que todos aquellos que participan en el proceso pol\u00edtico se sumen apoyando siempre, refiri\u00f3 el secretario Francisco Guerrero. &#8220;Ser\u00eda imposible de concebirse un buen sistema electoral, si no contamos con la independencia de los \u00f3rganos electorales&#8221;.<\/p>\n\n\n\n<p>En su turno,<strong> Helena K\u00f6nig<\/strong>, secretaria General Adjunta del Servicio Europeo de Acci\u00f3n Exterior para Asuntos Globales y Econ\u00f3micos dijo que la Uni\u00f3n Europea est\u00e1 defendiendo las democracias, no s\u00f3lo de manera regional, sino global. &#8220;El medio ambiente internacional es menos favorable para poder mantener las democracias debido a que se encuentran a la defensiva ante diversos ataques, por ello deben mantener la confianza entre las y los j\u00f3venes que la democracia les brindar\u00e1 un mejor sistema&#8221;.<\/p>\n\n\n\n<p>La Uni\u00f3n Europea, junto con las Naciones Unidas, trabajan para poder mostrar que no se debe de manipular la informaci\u00f3n y se tiene que apoyar a los gobiernos, a las entidades electorales y a la sociedad civil, y todos estos desaf\u00edos para asegurar la infraestructura electoral y tambi\u00e9n la capacidad regulatoria de la misma. &#8220;La democracia es respetar y proteger la universalidad de los derechos humanos&#8221;, finaliz\u00f3 la secretaria Helena K.<\/p>\n\n\n\n<p>El catedr\u00e1tico de la Universidad de Heidelberg, <strong>Dieter Nohlen<\/strong>, coment\u00f3 que en los \u00faltimos decenios Am\u00e9rica Latina ha evolucionado en cuanto a las normas de comprensi\u00f3n del proceso electoral, se han extendido en cuanto a regulaciones administrativas y judiciales en casi todas las etapas del proceso electoral, para garantizar elecciones libres y honestas. Sin embargo, considera que la realidad electoral dista bastante de los avances en materia de las normas, incluso hay retrocesos y enormes desaf\u00edos.<\/p>\n\n\n\n<p>&#8220;La desconfianza, la corrupci\u00f3n, la polarizaci\u00f3n pol\u00edtica y el populismo tienen una interconexi\u00f3n sist\u00e9mica. Todas y todos contribuyen a dificultar, a su manera, la labor de los \u00f3rganos electorales, a cuestionar la integridad electoral y a poner en peligro a la democracia. La defensa de ellos en esta labor, su apoyo y su protecci\u00f3n frente a tales desaf\u00edos, es equivalente a la defensa de la democracia misma&#8221;.<\/p>\n\n\n\n<p>&#8220;Las instituciones en los \u00faltimos a\u00f1os se han enfocado en transparencia e inclusi\u00f3n, que ha llevado a un redise\u00f1o del proceso para dar servicio al votante, este proceso de inclusi\u00f3n consiste en la creaci\u00f3n de comit\u00e9s que incluyan a profesionales de elecciones, personas que participan y ayudan a realizar las elecciones&#8221; inform\u00f3 el presidente de The Delian Project <strong>John Hollins<\/strong>. Se busca mejorar los procesos electorales, la capacidad de auditar para evitar la desconfianza, es necesario ser totalmente transparentes, y han tenido muchas discusiones para definir lo que es una elecci\u00f3n libre y justa.<\/p>\n\n\n\n<p>En la oportunidad del especialista Electoral,<strong> Richard Soudriette<\/strong>, comparti\u00f3 que han visto que durante los \u00faltimos a\u00f1os se ha atacado a la democracia en diversos pa\u00edses, se vio en 2020 en Estados Unidos y se ha visto en otros pa\u00edses en donde hay aut\u00f3cratas que quieren mantenerse en el poder y no quieren aceptar el deseo del pueblo.<\/p>\n\n\n\n<p>&#8220;Se ha aprendido que las elecciones no son sencillas, pero si se cuenta con una buena instituci\u00f3n electoral y grandes administradores electorales la democracia permanecer\u00e1&#8221;.<\/p>\n\n\n\n<p><strong>St\u00e9phane Perrault<\/strong>, Jefe de Elecciones Canad\u00e1 dice que es necesario confiar en las instituciones y en los procesos electorales, sin embargo, ha surgido un contexto de polarizaci\u00f3n que ha ocurrido en los \u00faltimos 10 a\u00f1os y amenaza las diferentes condiciones de las democracias viables.<\/p>\n\n\n\n<p>Los estudios han mostrado que en el mundo existe una enorme correlaci\u00f3n entre los diferentes niveles de confianza en los procesos electorales en cada pa\u00eds, cuestiones como la participaci\u00f3n de la ciudadan\u00eda, la aceptaci\u00f3n y cumplimiento de decisiones de gobierno, con la satisfacci\u00f3n del proceso electoral.<\/p>\n\n\n\n<p>Por otra parte, la ex presidenta de la Comisi\u00f3n Central de Elecciones de Bulgaria, <strong>Ivilina Aleksieva-Robinson<\/strong>, considera que para ser justas todas las elecciones deben ser incluyentes, deben garantizar que se ejerzan los votos y derechos de mujeres, minor\u00edas y j\u00f3venes, tomando medidas especiales para promover su participaci\u00f3n.<\/p>\n\n\n\n<p>&#8220;El papel educativo de los organismos electorales es muy importante para explicar los procesos de votaci\u00f3n y participaci\u00f3n&#8221;, dijo.<\/p>\n\n\n\n<p>Las instituciones electorales juegan un rol importante, expres\u00f3 <strong>Teresa L\u00e9vigne<\/strong>, gerente del Programa de Elecciones y Democracia de la Fundaci\u00f3n<strong> Kofi Annan<\/strong>; en su integridad tienen que ser profesionales, competentes, con total independencia y acci\u00f3n, incluyendo acceso a recursos y financiamiento, bajo un mandato para organizar elecciones transparentes para poder obtener la confianza de los votantes. Record\u00f3 que &#8220;cuando las elecciones se llevan a cabo con integridad son el coraz\u00f3n de la democracia para resolver conflictos, y cuando las y los ciudadanos sienten confianza en sus elecciones, incrementa la democracia y mejora las soluciones de posibles disputas&#8221;.<\/p>\n\n\n\n<p>Por otro lado, los miembros de las instituciones electorales africanas deben seguir siendo democr\u00e1ticas para una buena administraci\u00f3n electoral regional y subregional, y contar con todos los instrumentos para fortalecer los sistemas y mantener una integridad electoral y crear nuevos caminos que no da\u00f1en a la democracia. &#8220;Se lleg\u00f3 a un consenso para fortalecer las instituciones electores africanas para incrementar la confianza y reducir conflictos&#8221;. As\u00ed lo comparti\u00f3 el director ejecutivo USICES, Foro Regional \u00c1frica, <strong>Henry Atem<\/strong>.<\/p>\n\n\n\n<p>En la participaci\u00f3n del gerente de Programas de la Red \u00c1rabe para las Elecciones Democr\u00e1ticas,<strong> Rashid<\/strong> <strong>Hamtou<\/strong>, dijo que en el Foro Regional de los Estados \u00c1rabes, que se realiz\u00f3 en agosto, tuvieron sesiones sobre los riesgos para valores, instituciones y pr\u00e1cticas democr\u00e1ticas, se enfocaron en el desarrollo de la democracia, educaci\u00f3n c\u00edvica, protecci\u00f3n y promoci\u00f3n de los derechos humanos de mujeres y j\u00f3venes.<\/p>\n\n\n\n<p>&#8220;Hay que incluir la tecnolog\u00eda y su impacto en la democracia, as\u00ed como evitar la informaci\u00f3n falsa y la violencia electoral, de ah\u00ed que se tengan que enfocar y abogar por la educaci\u00f3n electoral&#8221;.<\/p>\n\n\n\n<p>Y por \u00faltimo, la consejera electoral del INE,<strong> Carla Humphrey<\/strong>, expuso que los \u00f3rganos aut\u00f3nomos modernos tienen una misi\u00f3n ulterior, profunda y central, dar soporte y proteger el sistema democr\u00e1tico entero, inclusive, los denominan poderes garantes de la gobernabilidad democr\u00e1tica, de la viabilidad y resiliencia pol\u00edtica y jur\u00eddicas de las rep\u00fablicas constitucionales, son instituciones protectoras de la democracia.<\/p>\n","protected":false},"excerpt":{"rendered":"<p>En un comunicado, el Instituto Nacional Electoral (INE) informa acerca de las ideas principales expresadas en el segundo d\u00eda de la Cumbre Global de la Democracia, que se lleva a cabo del 20 al 22 del presente mes de septiembre.<\/p>\n","protected":false},"author":94,"featured_media":67096,"comment_status":"open","ping_status":"closed","sticky":false,"template":"","format":"standard","meta":{"footnotes":""},"categories":[26442],"tags":[46869,46868,46874,46871,46875,46872,46870,46873],"class_list":["post-70190","post","type-post","status-publish","format-standard","has-post-thumbnail","hentry","category-institucional","tag-carla-humphrey","tag-censos","tag-eleccions-democratiques","tag-forum-regional-africa","tag-fundacio-kofi-annan","tag-henry-atem","tag-usices","tag-xarxa-arab"],"yoast_head":"<!-- This site is optimized with the Yoast SEO plugin v27.4 - https:\/\/yoast.com\/product\/yoast-seo-wordpress\/ -->\n<title>Cumbre Global de la Democracia Electoral | La Independent<\/title>\n<meta name=\"description\" content=\"En un comunicado, el Instituto Nacional Electoral (INE) informa acerca de las ideas principales expresadas en el segundo d\u00eda de la Cumbre Global de la\" \/>\n<meta name=\"robots\" content=\"index, follow, max-snippet:-1, max-image-preview:large, max-video-preview:-1\" \/>\n<link rel=\"canonical\" href=\"https:\/\/laindependent.cat\/es\/cumbre-global-de-la-democracia-electoral\/\" \/>\n<meta property=\"og:locale\" content=\"es_ES\" \/>\n<meta property=\"og:type\" content=\"article\" \/>\n<meta property=\"og:title\" content=\"Cumbre Global de la Democracia Electoral | La Independent\" \/>\n<meta property=\"og:description\" content=\"En un comunicado, el Instituto Nacional Electoral (INE) informa acerca de las ideas principales expresadas en el segundo d\u00eda de la Cumbre Global de la\" \/>\n<meta property=\"og:url\" content=\"https:\/\/laindependent.cat\/es\/cumbre-global-de-la-democracia-electoral\/\" \/>\n<meta property=\"og:site_name\" content=\"La Independent\" \/>\n<meta property=\"article:published_time\" content=\"2022-09-29T08:46:42+00:00\" \/>\n<meta property=\"article:modified_time\" content=\"2023-02-28T15:07:07+00:00\" \/>\n<meta property=\"og:image\" content=\"https:\/\/laindependent.cat\/wp-content\/uploads\/2019\/06\/semlac.jpg\" \/>\n\t<meta property=\"og:image:width\" content=\"400\" \/>\n\t<meta property=\"og:image:height\" content=\"182\" \/>\n\t<meta property=\"og:image:type\" content=\"image\/jpeg\" \/>\n<meta name=\"author\" content=\"Amada Santos\" \/>\n<meta name=\"twitter:card\" content=\"summary_large_image\" \/>\n<meta name=\"twitter:label1\" content=\"Escrito por\" \/>\n\t<meta name=\"twitter:data1\" content=\"Amada Santos\" \/>\n\t<meta name=\"twitter:label2\" content=\"Tiempo de lectura\" \/>\n\t<meta name=\"twitter:data2\" content=\"6 minutos\" \/>\n<script type=\"application\/ld+json\" class=\"yoast-schema-graph\">{\"@context\":\"https:\\\/\\\/schema.org\",\"@graph\":[{\"@type\":\"Article\",\"@id\":\"https:\\\/\\\/laindependent.cat\\\/es\\\/cumbre-global-de-la-democracia-electoral\\\/#article\",\"isPartOf\":{\"@id\":\"https:\\\/\\\/laindependent.cat\\\/es\\\/cumbre-global-de-la-democracia-electoral\\\/\"},\"author\":{\"name\":\"Amada Santos\",\"@id\":\"https:\\\/\\\/laindependent.cat\\\/es\\\/#\\\/schema\\\/person\\\/c0bbc88d6bb99ffe6206fec7daa8d5f1\"},\"headline\":\"Cumbre Global de la Democracia Electoral\",\"datePublished\":\"2022-09-29T08:46:42+00:00\",\"dateModified\":\"2023-02-28T15:07:07+00:00\",\"mainEntityOfPage\":{\"@id\":\"https:\\\/\\\/laindependent.cat\\\/es\\\/cumbre-global-de-la-democracia-electoral\\\/\"},\"wordCount\":1285,\"commentCount\":0,\"publisher\":{\"@id\":\"https:\\\/\\\/laindependent.cat\\\/es\\\/#organization\"},\"image\":{\"@id\":\"https:\\\/\\\/laindependent.cat\\\/es\\\/cumbre-global-de-la-democracia-electoral\\\/#primaryimage\"},\"thumbnailUrl\":\"https:\\\/\\\/laindependent.cat\\\/wp-content\\\/uploads\\\/2019\\\/06\\\/semlac.jpg\",\"keywords\":[\"Carla Humphrey\",\"Censos\",\"Eleccions Democr\u00e0tiques\",\"F\u00f2rum Regional \u00c0frica\",\"Fundaci\u00f3 Kofi Annan\",\"Henry Atem\",\"USICES\",\"Xarxa \u00c0rab\"],\"articleSection\":[\"Institucional\"],\"inLanguage\":\"es\",\"potentialAction\":[{\"@type\":\"CommentAction\",\"name\":\"Comment\",\"target\":[\"https:\\\/\\\/laindependent.cat\\\/es\\\/cumbre-global-de-la-democracia-electoral\\\/#respond\"]}]},{\"@type\":\"WebPage\",\"@id\":\"https:\\\/\\\/laindependent.cat\\\/es\\\/cumbre-global-de-la-democracia-electoral\\\/\",\"url\":\"https:\\\/\\\/laindependent.cat\\\/es\\\/cumbre-global-de-la-democracia-electoral\\\/\",\"name\":\"Cumbre Global de la Democracia Electoral | La Independent\",\"isPartOf\":{\"@id\":\"https:\\\/\\\/laindependent.cat\\\/es\\\/#website\"},\"primaryImageOfPage\":{\"@id\":\"https:\\\/\\\/laindependent.cat\\\/es\\\/cumbre-global-de-la-democracia-electoral\\\/#primaryimage\"},\"image\":{\"@id\":\"https:\\\/\\\/laindependent.cat\\\/es\\\/cumbre-global-de-la-democracia-electoral\\\/#primaryimage\"},\"thumbnailUrl\":\"https:\\\/\\\/laindependent.cat\\\/wp-content\\\/uploads\\\/2019\\\/06\\\/semlac.jpg\",\"datePublished\":\"2022-09-29T08:46:42+00:00\",\"dateModified\":\"2023-02-28T15:07:07+00:00\",\"description\":\"En un comunicado, el Instituto Nacional Electoral (INE) informa acerca de las ideas principales expresadas en el segundo d\u00eda de la Cumbre Global de la\",\"breadcrumb\":{\"@id\":\"https:\\\/\\\/laindependent.cat\\\/es\\\/cumbre-global-de-la-democracia-electoral\\\/#breadcrumb\"},\"inLanguage\":\"es\",\"potentialAction\":[{\"@type\":\"ReadAction\",\"target\":[\"https:\\\/\\\/laindependent.cat\\\/es\\\/cumbre-global-de-la-democracia-electoral\\\/\"]}]},{\"@type\":\"ImageObject\",\"inLanguage\":\"es\",\"@id\":\"https:\\\/\\\/laindependent.cat\\\/es\\\/cumbre-global-de-la-democracia-electoral\\\/#primaryimage\",\"url\":\"https:\\\/\\\/laindependent.cat\\\/wp-content\\\/uploads\\\/2019\\\/06\\\/semlac.jpg\",\"contentUrl\":\"https:\\\/\\\/laindependent.cat\\\/wp-content\\\/uploads\\\/2019\\\/06\\\/semlac.jpg\",\"width\":400,\"height\":182,\"caption\":\"Semlac\"},{\"@type\":\"BreadcrumbList\",\"@id\":\"https:\\\/\\\/laindependent.cat\\\/es\\\/cumbre-global-de-la-democracia-electoral\\\/#breadcrumb\",\"itemListElement\":[{\"@type\":\"ListItem\",\"position\":1,\"name\":\"Inici\",\"item\":\"https:\\\/\\\/laindependent.cat\\\/es\\\/la-independent\\\/\"},{\"@type\":\"ListItem\",\"position\":2,\"name\":\"Empoderamiento y Liderazgo\",\"item\":\"https:\\\/\\\/laindependent.cat\\\/es\\\/tema\\\/empoderamiento-liderazgo\\\/\"},{\"@type\":\"ListItem\",\"position\":3,\"name\":\"Institucional\",\"item\":\"https:\\\/\\\/laindependent.cat\\\/es\\\/tema\\\/empoderamiento-liderazgo\\\/institucional\\\/\"},{\"@type\":\"ListItem\",\"position\":4,\"name\":\"Cumbre Global de la Democracia Electoral\"}]},{\"@type\":\"WebSite\",\"@id\":\"https:\\\/\\\/laindependent.cat\\\/es\\\/#website\",\"url\":\"https:\\\/\\\/laindependent.cat\\\/es\\\/\",\"name\":\"La Independent\",\"description\":\"Ag\u00e8ncia de not\u00edcies amb visi\u00f3 de g\u00e8nere\",\"publisher\":{\"@id\":\"https:\\\/\\\/laindependent.cat\\\/es\\\/#organization\"},\"alternateName\":\"Ag\u00e8ncia de not\u00edcies amb visi\u00f3 de g\u00e8nere\",\"potentialAction\":[{\"@type\":\"SearchAction\",\"target\":{\"@type\":\"EntryPoint\",\"urlTemplate\":\"https:\\\/\\\/laindependent.cat\\\/es\\\/?s={search_term_string}\"},\"query-input\":{\"@type\":\"PropertyValueSpecification\",\"valueRequired\":true,\"valueName\":\"search_term_string\"}}],\"inLanguage\":\"es\"},{\"@type\":\"Organization\",\"@id\":\"https:\\\/\\\/laindependent.cat\\\/es\\\/#organization\",\"name\":\"La Independent\",\"alternateName\":\"Ag\u00e8ncia de not\u00edcies amb visi\u00f3 de g\u00e8nere\",\"url\":\"https:\\\/\\\/laindependent.cat\\\/es\\\/\",\"logo\":{\"@type\":\"ImageObject\",\"inLanguage\":\"es\",\"@id\":\"https:\\\/\\\/laindependent.cat\\\/es\\\/#\\\/schema\\\/logo\\\/image\\\/\",\"url\":\"https:\\\/\\\/laindependent.cat\\\/wp-content\\\/uploads\\\/2022\\\/10\\\/logo-independent.svg\",\"contentUrl\":\"https:\\\/\\\/laindependent.cat\\\/wp-content\\\/uploads\\\/2022\\\/10\\\/logo-independent.svg\",\"width\":562,\"height\":78,\"caption\":\"La Independent\"},\"image\":{\"@id\":\"https:\\\/\\\/laindependent.cat\\\/es\\\/#\\\/schema\\\/logo\\\/image\\\/\"}},{\"@type\":\"Person\",\"@id\":\"https:\\\/\\\/laindependent.cat\\\/es\\\/#\\\/schema\\\/person\\\/c0bbc88d6bb99ffe6206fec7daa8d5f1\",\"name\":\"Amada Santos\",\"image\":{\"@type\":\"ImageObject\",\"inLanguage\":\"es\",\"@id\":\"https:\\\/\\\/secure.gravatar.com\\\/avatar\\\/ddc329d5c10903319ef8e7bfda1f33c1798763e44bd30548785c262d0a7d5683?s=96&d=blank&r=g\",\"url\":\"https:\\\/\\\/secure.gravatar.com\\\/avatar\\\/ddc329d5c10903319ef8e7bfda1f33c1798763e44bd30548785c262d0a7d5683?s=96&d=blank&r=g\",\"contentUrl\":\"https:\\\/\\\/secure.gravatar.com\\\/avatar\\\/ddc329d5c10903319ef8e7bfda1f33c1798763e44bd30548785c262d0a7d5683?s=96&d=blank&r=g\",\"caption\":\"Amada Santos\"},\"description\":\"Fotoperiodista i Soci\u00f3loga. Activista Feminista, Defensora DDHH i Cooperant. Presidenta de la XIDPIC.Cat. Co-coordinadora i Editora de La Independent. Coordinadora Internacional a la RIPVG\",\"url\":\"https:\\\/\\\/laindependent.cat\\\/es\\\/author\\\/amada-santos\\\/\"}]}<\/script>\n<!-- \/ Yoast SEO plugin. -->","yoast_head_json":{"title":"Cumbre Global de la Democracia Electoral | La Independent","description":"En un comunicado, el Instituto Nacional Electoral (INE) informa acerca de las ideas principales expresadas en el segundo d\u00eda de la Cumbre Global de la","robots":{"index":"index","follow":"follow","max-snippet":"max-snippet:-1","max-image-preview":"max-image-preview:large","max-video-preview":"max-video-preview:-1"},"canonical":"https:\/\/laindependent.cat\/es\/cumbre-global-de-la-democracia-electoral\/","og_locale":"es_ES","og_type":"article","og_title":"Cumbre Global de la Democracia Electoral | La Independent","og_description":"En un comunicado, el Instituto Nacional Electoral (INE) informa acerca de las ideas principales expresadas en el segundo d\u00eda de la Cumbre Global de la","og_url":"https:\/\/laindependent.cat\/es\/cumbre-global-de-la-democracia-electoral\/","og_site_name":"La Independent","article_published_time":"2022-09-29T08:46:42+00:00","article_modified_time":"2023-02-28T15:07:07+00:00","og_image":[{"width":400,"height":182,"url":"https:\/\/laindependent.cat\/wp-content\/uploads\/2019\/06\/semlac.jpg","type":"image\/jpeg"}],"author":"Amada Santos","twitter_card":"summary_large_image","twitter_misc":{"Escrito por":"Amada Santos","Tiempo de lectura":"6 minutos"},"schema":{"@context":"https:\/\/schema.org","@graph":[{"@type":"Article","@id":"https:\/\/laindependent.cat\/es\/cumbre-global-de-la-democracia-electoral\/#article","isPartOf":{"@id":"https:\/\/laindependent.cat\/es\/cumbre-global-de-la-democracia-electoral\/"},"author":{"name":"Amada Santos","@id":"https:\/\/laindependent.cat\/es\/#\/schema\/person\/c0bbc88d6bb99ffe6206fec7daa8d5f1"},"headline":"Cumbre Global de la Democracia Electoral","datePublished":"2022-09-29T08:46:42+00:00","dateModified":"2023-02-28T15:07:07+00:00","mainEntityOfPage":{"@id":"https:\/\/laindependent.cat\/es\/cumbre-global-de-la-democracia-electoral\/"},"wordCount":1285,"commentCount":0,"publisher":{"@id":"https:\/\/laindependent.cat\/es\/#organization"},"image":{"@id":"https:\/\/laindependent.cat\/es\/cumbre-global-de-la-democracia-electoral\/#primaryimage"},"thumbnailUrl":"https:\/\/laindependent.cat\/wp-content\/uploads\/2019\/06\/semlac.jpg","keywords":["Carla Humphrey","Censos","Eleccions Democr\u00e0tiques","F\u00f2rum Regional \u00c0frica","Fundaci\u00f3 Kofi Annan","Henry Atem","USICES","Xarxa \u00c0rab"],"articleSection":["Institucional"],"inLanguage":"es","potentialAction":[{"@type":"CommentAction","name":"Comment","target":["https:\/\/laindependent.cat\/es\/cumbre-global-de-la-democracia-electoral\/#respond"]}]},{"@type":"WebPage","@id":"https:\/\/laindependent.cat\/es\/cumbre-global-de-la-democracia-electoral\/","url":"https:\/\/laindependent.cat\/es\/cumbre-global-de-la-democracia-electoral\/","name":"Cumbre Global de la Democracia Electoral | La Independent","isPartOf":{"@id":"https:\/\/laindependent.cat\/es\/#website"},"primaryImageOfPage":{"@id":"https:\/\/laindependent.cat\/es\/cumbre-global-de-la-democracia-electoral\/#primaryimage"},"image":{"@id":"https:\/\/laindependent.cat\/es\/cumbre-global-de-la-democracia-electoral\/#primaryimage"},"thumbnailUrl":"https:\/\/laindependent.cat\/wp-content\/uploads\/2019\/06\/semlac.jpg","datePublished":"2022-09-29T08:46:42+00:00","dateModified":"2023-02-28T15:07:07+00:00","description":"En un comunicado, el Instituto Nacional Electoral (INE) informa acerca de las ideas principales expresadas en el segundo d\u00eda de la Cumbre Global de la","breadcrumb":{"@id":"https:\/\/laindependent.cat\/es\/cumbre-global-de-la-democracia-electoral\/#breadcrumb"},"inLanguage":"es","potentialAction":[{"@type":"ReadAction","target":["https:\/\/laindependent.cat\/es\/cumbre-global-de-la-democracia-electoral\/"]}]},{"@type":"ImageObject","inLanguage":"es","@id":"https:\/\/laindependent.cat\/es\/cumbre-global-de-la-democracia-electoral\/#primaryimage","url":"https:\/\/laindependent.cat\/wp-content\/uploads\/2019\/06\/semlac.jpg","contentUrl":"https:\/\/laindependent.cat\/wp-content\/uploads\/2019\/06\/semlac.jpg","width":400,"height":182,"caption":"Semlac"},{"@type":"BreadcrumbList","@id":"https:\/\/laindependent.cat\/es\/cumbre-global-de-la-democracia-electoral\/#breadcrumb","itemListElement":[{"@type":"ListItem","position":1,"name":"Inici","item":"https:\/\/laindependent.cat\/es\/la-independent\/"},{"@type":"ListItem","position":2,"name":"Empoderamiento y Liderazgo","item":"https:\/\/laindependent.cat\/es\/tema\/empoderamiento-liderazgo\/"},{"@type":"ListItem","position":3,"name":"Institucional","item":"https:\/\/laindependent.cat\/es\/tema\/empoderamiento-liderazgo\/institucional\/"},{"@type":"ListItem","position":4,"name":"Cumbre Global de la Democracia Electoral"}]},{"@type":"WebSite","@id":"https:\/\/laindependent.cat\/es\/#website","url":"https:\/\/laindependent.cat\/es\/","name":"La Independent","description":"Ag\u00e8ncia de not\u00edcies amb visi\u00f3 de g\u00e8nere","publisher":{"@id":"https:\/\/laindependent.cat\/es\/#organization"},"alternateName":"Ag\u00e8ncia de not\u00edcies amb visi\u00f3 de g\u00e8nere","potentialAction":[{"@type":"SearchAction","target":{"@type":"EntryPoint","urlTemplate":"https:\/\/laindependent.cat\/es\/?s={search_term_string}"},"query-input":{"@type":"PropertyValueSpecification","valueRequired":true,"valueName":"search_term_string"}}],"inLanguage":"es"},{"@type":"Organization","@id":"https:\/\/laindependent.cat\/es\/#organization","name":"La Independent","alternateName":"Ag\u00e8ncia de not\u00edcies amb visi\u00f3 de g\u00e8nere","url":"https:\/\/laindependent.cat\/es\/","logo":{"@type":"ImageObject","inLanguage":"es","@id":"https:\/\/laindependent.cat\/es\/#\/schema\/logo\/image\/","url":"https:\/\/laindependent.cat\/wp-content\/uploads\/2022\/10\/logo-independent.svg","contentUrl":"https:\/\/laindependent.cat\/wp-content\/uploads\/2022\/10\/logo-independent.svg","width":562,"height":78,"caption":"La Independent"},"image":{"@id":"https:\/\/laindependent.cat\/es\/#\/schema\/logo\/image\/"}},{"@type":"Person","@id":"https:\/\/laindependent.cat\/es\/#\/schema\/person\/c0bbc88d6bb99ffe6206fec7daa8d5f1","name":"Amada Santos","image":{"@type":"ImageObject","inLanguage":"es","@id":"https:\/\/secure.gravatar.com\/avatar\/ddc329d5c10903319ef8e7bfda1f33c1798763e44bd30548785c262d0a7d5683?s=96&d=blank&r=g","url":"https:\/\/secure.gravatar.com\/avatar\/ddc329d5c10903319ef8e7bfda1f33c1798763e44bd30548785c262d0a7d5683?s=96&d=blank&r=g","contentUrl":"https:\/\/secure.gravatar.com\/avatar\/ddc329d5c10903319ef8e7bfda1f33c1798763e44bd30548785c262d0a7d5683?s=96&d=blank&r=g","caption":"Amada Santos"},"description":"Fotoperiodista i Soci\u00f3loga. Activista Feminista, Defensora DDHH i Cooperant. Presidenta de la XIDPIC.Cat. Co-coordinadora i Editora de La Independent. Coordinadora Internacional a la RIPVG","url":"https:\/\/laindependent.cat\/es\/author\/amada-santos\/"}]}},"_links":{"self":[{"href":"https:\/\/laindependent.cat\/es\/wp-json\/wp\/v2\/posts\/70190","targetHints":{"allow":["GET"]}}],"collection":[{"href":"https:\/\/laindependent.cat\/es\/wp-json\/wp\/v2\/posts"}],"about":[{"href":"https:\/\/laindependent.cat\/es\/wp-json\/wp\/v2\/types\/post"}],"author":[{"embeddable":true,"href":"https:\/\/laindependent.cat\/es\/wp-json\/wp\/v2\/users\/94"}],"replies":[{"embeddable":true,"href":"https:\/\/laindependent.cat\/es\/wp-json\/wp\/v2\/comments?post=70190"}],"version-history":[{"count":0,"href":"https:\/\/laindependent.cat\/es\/wp-json\/wp\/v2\/posts\/70190\/revisions"}],"wp:featuredmedia":[{"embeddable":true,"href":"https:\/\/laindependent.cat\/es\/wp-json\/wp\/v2\/media\/67096"}],"wp:attachment":[{"href":"https:\/\/laindependent.cat\/es\/wp-json\/wp\/v2\/media?parent=70190"}],"wp:term":[{"taxonomy":"category","embeddable":true,"href":"https:\/\/laindependent.cat\/es\/wp-json\/wp\/v2\/categories?post=70190"},{"taxonomy":"post_tag","embeddable":true,"href":"https:\/\/laindependent.cat\/es\/wp-json\/wp\/v2\/tags?post=70190"}],"curies":[{"name":"wp","href":"https:\/\/api.w.org\/{rel}","templated":true}]}}