{"id":69618,"date":"2022-02-23T00:18:28","date_gmt":"2022-02-22T23:18:28","guid":{"rendered":"https:\/\/laindependent.cat\/las-mujeres-que-no-amaban-a-los-hombres\/"},"modified":"2022-02-23T00:18:28","modified_gmt":"2022-02-22T23:18:28","slug":"las-mujeres-que-no-amaban-a-los-hombres","status":"publish","type":"post","link":"https:\/\/laindependent.cat\/es\/las-mujeres-que-no-amaban-a-los-hombres\/","title":{"rendered":"Las mujeres que no amaban a los hombres"},"content":{"rendered":"<p>\u00a0\u00a0<\/p>\n<p style=\"text-align: left;\"><img decoding=\"async\" class=\"size-full wp-image-67148 lazyload\" style=\"--smush-placeholder-width: 140px; --smush-placeholder-aspect-ratio: 140\/140;display: block; margin-left: auto; margin-right: auto;\" data-src=\"https:\/\/laindependent.cat\/wp-content\/uploads\/2019\/09\/periodista_y_escritora.jpeg\" alt=\"Periodista y escritora\" width=\"140\" height=\"140\" data-srcset=\"https:\/\/laindependent.cat\/wp-content\/uploads\/2019\/09\/periodista_y_escritora.jpeg 192w, https:\/\/laindependent.cat\/wp-content\/uploads\/2019\/09\/periodista_y_escritora-150x150.jpeg 150w\" data-sizes=\"(max-width: 140px) 100vw, 140px\" src=\"data:image\/svg+xml;base64,PHN2ZyB3aWR0aD0iMSIgaGVpZ2h0PSIxIiB4bWxucz0iaHR0cDovL3d3dy53My5vcmcvMjAwMC9zdmciPjwvc3ZnPg==\" \/><\/p>\n<p style=\"text-align: left;\">\u00a0<\/p>\n<p style=\"text-align: left;\"><strong style=\"font-size: 10pt;\">OPINI\u00d3N<\/strong><\/p>\n<p style=\"text-align: left;\"><strong><span style=\"font-size: 10pt; font-family: 'trebuchet ms', geneva;\">Hace unos d\u00edas Clara Serra, a trav\u00e9s de las p\u00e1ginas de El Pa\u00eds, instaba al feminismo a bajar su contundencia porque su supuesta belicosidad estaba echando a los hombres literalmente en brazos de la reacci\u00f3n ultraderechista.<\/span><\/strong><\/p>\n<p><!--more--><\/p>\n<p style=\"text-align: left;\"><span style=\"font-size: 10pt; font-family: 'trebuchet ms', geneva;\">Con mucho tacto se hac\u00eda preguntas sobre c\u00f3mo pod\u00edamos ayudar a los hombres en sus angustias, sus miedos, sus tribulaciones en una sociedad &#8220;en la que la precariedad econ\u00f3mica ha hecho especialmente imposible que los hombres puedan cumplir con los imperativos de la masculinidad tradicional&#8221;. \u00bfC\u00f3mo se puede seguir siendo &#8220;un hombre de verdad&#8221; en una sociedad que los se\u00f1ala, los deval\u00faa y los culpa sin atender a sus sufrimientos? \u00bfC\u00f3mo es que las feministas no estamos preocupadas por los altos \u00edndices de suicidio masculino, los accidentes de tr\u00e1fico que se ceba en ellos o las muertes violentas que padecen, y dejamos que sea la derecha la que recoja estos preocupantes indicios de malestar? Qu\u00e9 malas p\u00e9coras, se podr\u00eda a\u00f1adir.<\/span><\/p>\n<p style=\"text-align: left;\"><span style=\"font-size: 10pt; font-family: 'trebuchet ms', geneva;\">Voy a tratar de contestar a nuestra interpelante, porque de alguna manera de su art\u00edculo se desprende la responsabilidad de las feministas en el auge de la extrema derecha, algo que ya viene siendo un lugar com\u00fan desde que la inefable <strong>Judith Butler<\/strong> (otra vez ella, que siempre est\u00e1 a la cabeza de todo), lo pusiera de relieve en una entrevista The Guardian y que otras repiten como loros.<\/span><\/p>\n<p style=\"text-align: left;\"><span style=\"font-size: 10pt; font-family: 'trebuchet ms', geneva;\">Pues porque mientras <strong>Clara Serra<\/strong> se preocupa y nos insta a preocuparnos por los suicidios masculinos o las muertes de hombres en accidentes de tr\u00e1fico (algo que en s\u00ed mismo es una decisi\u00f3n del individuo, en el primer caso, o una situaci\u00f3n involuntaria en el segundo) estamos preocupadas por nimiedades como que en Espa\u00f1a son asesinadas un promedio de 50 mujeres al a\u00f1o por parte de sus parejas, y muchas m\u00e1s por individuos que interceptaron su paso y se sintieron con el derecho de acabar con su vida, como es el caso de <strong>Esther L\u00f3pez<\/strong>, y antes los de <strong>Diana Quer<\/strong>, <strong>Laura Luelmo<\/strong>, <strong>Marta del Castillo<\/strong>,<strong> Roc\u00edo Wanninkhof<\/strong>, <strong>Sonia<\/strong> <strong>Carabantes<\/strong>, y muchas otras cuyos nombres han quedado en el olvido.<\/span><\/p>\n<p style=\"text-align: left;\"><span style=\"font-size: 10pt; font-family: 'trebuchet ms', geneva;\"> En Am\u00e9rica Latina, 4.091 mujeres fueron asesinadas por hombres en 2020, seg\u00fan La Cepal, y en otras partes del mundo sigue habiendo asesinatos terribles de mujeres a diario, como el del reciente marido despechado que decapita a su esposa (17 a\u00f1os) y pasea su cabeza p\u00fablicamente por la ciudad como manera de reparar su honor. La ONU dice que el 35% de las mujeres del mundo sufre violencia f\u00edsica y llega hasta el 70% si se incluye la sexual. Da la casualidad de que todas estas mujeres no se asesinan a s\u00ed mismas, sino que lo son por mano de esos hombres que tanto sufren porque est\u00e1n perdiendo su estatus. Clara Serra tambi\u00e9n olvida que no son las mujeres, sino unos hombres los que ejercen violencia contra otros hombres.<\/span><\/p>\n<p style=\"text-align: left;\"><span style=\"font-size: 10pt; font-family: 'trebuchet ms', geneva;\">Mientras Clara Serra se preocupa por los accidentes de tr\u00e1fico de los hombres, las feministas nos preocupamos porque dos de cada diez hombres (y cada vez m\u00e1s j\u00f3venes), recurran a la prostituci\u00f3n en Espa\u00f1a, sin que les preocupe lo m\u00e1s m\u00ednimo c\u00f3mo han llegado esas mujeres a la prostituci\u00f3n, si su situaci\u00f3n es forzada, si son menores de edad, si est\u00e1n padeciendo esclavitud. Y que cada vez se exigen pr\u00e1cticas m\u00e1s arriesgadas, que previamente han visto en la pornograf\u00eda, ese inocente entretenimiento que nutre la imaginaci\u00f3n de la juventud y que luego se manifiesta en una sexualidad cada vea m\u00e1s violenta.<\/span><\/p>\n<p style=\"text-align: left;\"><span style=\"font-size: 10pt; font-family: 'trebuchet ms', geneva;\">Mientras Clara Serra se preocupa porque la crisis econ\u00f3mica impide a los hombres seguir siendo &#8220;un hombre de verdad&#8221;, las feministas nos preocupamos porque las mujeres se empobrecen cada vez m\u00e1s, que ganen menos y tengan una tasa de paro m\u00e1s alta (14,7%) que los hombres (11,5%) en 2021. Mientras las mujeres dedican una media de 20 horas semanales a tareas dom\u00e9sticas o de cuidados, los hombres dedican 11, seg\u00fan el INE.<\/span><\/p>\n<p style=\"text-align: left;\"><span style=\"font-size: 10pt; font-family: 'trebuchet ms', geneva;\">Y as\u00ed podr\u00edamos seguir dando datos motivo de preocupaci\u00f3n por los que las feministas hemos descuidado un poco los sufrimientos masculinos. Si en lugar de proyectar las angustias de los hombres en la falta de comprensi\u00f3n de las mujeres, los varones se cuestionaran su propio papel en la sociedad, entendieran y asumieran que la violencia no la ejercen &#8220;monstruos&#8221; sino hombres sanos socializados en una cultura que les otorga esa prerrogativa; si dejaran de acudir a la prostituci\u00f3n porque asumieran que el sexo no hay que pagarlo; si compartieran al 50% las responsabilidades dom\u00e9sticas; si dejaran de ver a las mujeres como objetos sexuales para su disfrute y las vieran como iguales; si denunciaran a voz en grito en lugar de justificar las declaraciones de un individuo como<strong> Carlos Santiso<\/strong>, del Rayo Vallecano sobre la &#8220;necesidad de coger a una&#8221;, como los de la Arandina, para fomentar el esp\u00edritu de grupo.<\/span><\/p>\n<p style=\"text-align: left;\"><span style=\"font-size: 10pt; font-family: 'trebuchet ms', geneva;\"> En una palabra, mientras los hombres ni entiendan, ni comprendan, ni compartan las justificadas razones que tenemos las mujeres para quejarnos, las feministas vamos a seguir defendiendo un feminismo combativo en el que nosotras seamos las protagonistas. Que s\u00ed, que los sufrimientos de los hombres son muchos, pero los de las mujeres son infinitamente peor. Y que encima nos acusen de fomentar la ultraderecha. Un poquito de por favor.<\/span><\/p>\n<p style=\"text-align: left;\">\u00a0<\/p>\n<p style=\"text-align: left;\"><span style=\"font-size: 10pt; font-family: 'trebuchet ms', geneva;\">\u00a0<\/span><\/p>\n","protected":false},"excerpt":{"rendered":"<p>\u00a0\u00a0 \u00a0 OPINI\u00d3N Hace unos d\u00edas Clara Serra, a trav\u00e9s de las p\u00e1ginas de El Pa\u00eds, instaba al feminismo a bajar su contundencia porque su supuesta belicosidad estaba echando a los hombres literalmente en brazos de la reacci\u00f3n ultraderechista.<\/p>\n","protected":false},"author":94,"featured_media":67148,"comment_status":"open","ping_status":"closed","sticky":false,"template":"","format":"standard","meta":{"footnotes":""},"categories":[26637],"tags":[46128],"class_list":["post-69618","post","type-post","status-publish","format-standard","has-post-thumbnail","hentry","category-opinion-empoderamiento-y-liderazgo","tag-tagsfeminismo-combativofeminismo-y-ultraderechaincomprension-feministaparo-femenino-y-masculinoviolencia-contra-las-mujeres"],"yoast_head":"<!-- This site is optimized with the Yoast SEO plugin v27.4 - https:\/\/yoast.com\/product\/yoast-seo-wordpress\/ -->\n<title>Las mujeres que no amaban a los hombres | La Independent<\/title>\n<meta name=\"description\" content=\"\u00a0\u00a0 \u00a0 OPINI\u00d3N Hace unos d\u00edas Clara Serra, a trav\u00e9s de las p\u00e1ginas de El Pa\u00eds, instaba al feminismo a bajar su contundencia porque su supuesta belicosidad\" \/>\n<meta name=\"robots\" content=\"index, follow, max-snippet:-1, max-image-preview:large, max-video-preview:-1\" \/>\n<link rel=\"canonical\" href=\"https:\/\/laindependent.cat\/es\/las-mujeres-que-no-amaban-a-los-hombres\/\" \/>\n<meta property=\"og:locale\" content=\"es_ES\" \/>\n<meta property=\"og:type\" content=\"article\" \/>\n<meta property=\"og:title\" content=\"Las mujeres que no amaban a los hombres | La Independent\" \/>\n<meta property=\"og:description\" content=\"\u00a0\u00a0 \u00a0 OPINI\u00d3N Hace unos d\u00edas Clara Serra, a trav\u00e9s de las p\u00e1ginas de El Pa\u00eds, instaba al feminismo a bajar su contundencia porque su supuesta belicosidad\" \/>\n<meta property=\"og:url\" content=\"https:\/\/laindependent.cat\/es\/las-mujeres-que-no-amaban-a-los-hombres\/\" \/>\n<meta property=\"og:site_name\" content=\"La Independent\" \/>\n<meta property=\"article:published_time\" content=\"2022-02-22T23:18:28+00:00\" \/>\n<meta property=\"og:image\" content=\"https:\/\/laindependent.cat\/wp-content\/uploads\/2019\/09\/periodista_y_escritora.jpeg\" \/>\n<meta name=\"author\" content=\"Amada Santos\" \/>\n<meta name=\"twitter:card\" content=\"summary_large_image\" \/>\n<meta name=\"twitter:label1\" content=\"Escrito por\" \/>\n\t<meta name=\"twitter:data1\" content=\"Amada Santos\" \/>\n\t<meta name=\"twitter:label2\" content=\"Tiempo de lectura\" \/>\n\t<meta name=\"twitter:data2\" content=\"5 minutos\" \/>\n<script type=\"application\/ld+json\" class=\"yoast-schema-graph\">{\"@context\":\"https:\\\/\\\/schema.org\",\"@graph\":[{\"@type\":\"Article\",\"@id\":\"https:\\\/\\\/laindependent.cat\\\/es\\\/las-mujeres-que-no-amaban-a-los-hombres\\\/#article\",\"isPartOf\":{\"@id\":\"https:\\\/\\\/laindependent.cat\\\/es\\\/las-mujeres-que-no-amaban-a-los-hombres\\\/\"},\"author\":{\"name\":\"Amada Santos\",\"@id\":\"https:\\\/\\\/laindependent.cat\\\/es\\\/#\\\/schema\\\/person\\\/c0bbc88d6bb99ffe6206fec7daa8d5f1\"},\"headline\":\"Las mujeres que no amaban a los hombres\",\"datePublished\":\"2022-02-22T23:18:28+00:00\",\"mainEntityOfPage\":{\"@id\":\"https:\\\/\\\/laindependent.cat\\\/es\\\/las-mujeres-que-no-amaban-a-los-hombres\\\/\"},\"wordCount\":926,\"commentCount\":0,\"publisher\":{\"@id\":\"https:\\\/\\\/laindependent.cat\\\/es\\\/#organization\"},\"image\":{\"@id\":\"https:\\\/\\\/laindependent.cat\\\/es\\\/las-mujeres-que-no-amaban-a-los-hombres\\\/#primaryimage\"},\"thumbnailUrl\":\"https:\\\/\\\/laindependent.cat\\\/wp-content\\\/uploads\\\/2019\\\/09\\\/periodista_y_escritora.jpeg\",\"keywords\":[\"Tags:FEMINISMO COMBATIVOFEMINISMO Y ULTRADERECHAINCOMPRENSI\u00d3N FEMINISTAPARO FEMENINO Y MASCULINOVIOLENCIA CONTRA LAS MUJERES\"],\"articleSection\":[\"Opini\u00f3n: Empoderamiento y Liderazgo\"],\"inLanguage\":\"es\",\"potentialAction\":[{\"@type\":\"CommentAction\",\"name\":\"Comment\",\"target\":[\"https:\\\/\\\/laindependent.cat\\\/es\\\/las-mujeres-que-no-amaban-a-los-hombres\\\/#respond\"]}]},{\"@type\":\"WebPage\",\"@id\":\"https:\\\/\\\/laindependent.cat\\\/es\\\/las-mujeres-que-no-amaban-a-los-hombres\\\/\",\"url\":\"https:\\\/\\\/laindependent.cat\\\/es\\\/las-mujeres-que-no-amaban-a-los-hombres\\\/\",\"name\":\"Las mujeres que no amaban a los hombres | La Independent\",\"isPartOf\":{\"@id\":\"https:\\\/\\\/laindependent.cat\\\/es\\\/#website\"},\"primaryImageOfPage\":{\"@id\":\"https:\\\/\\\/laindependent.cat\\\/es\\\/las-mujeres-que-no-amaban-a-los-hombres\\\/#primaryimage\"},\"image\":{\"@id\":\"https:\\\/\\\/laindependent.cat\\\/es\\\/las-mujeres-que-no-amaban-a-los-hombres\\\/#primaryimage\"},\"thumbnailUrl\":\"https:\\\/\\\/laindependent.cat\\\/wp-content\\\/uploads\\\/2019\\\/09\\\/periodista_y_escritora.jpeg\",\"datePublished\":\"2022-02-22T23:18:28+00:00\",\"description\":\"\u00a0\u00a0 \u00a0 OPINI\u00d3N Hace unos d\u00edas Clara Serra, a trav\u00e9s de las p\u00e1ginas de El Pa\u00eds, instaba al feminismo a bajar su contundencia porque su supuesta belicosidad\",\"breadcrumb\":{\"@id\":\"https:\\\/\\\/laindependent.cat\\\/es\\\/las-mujeres-que-no-amaban-a-los-hombres\\\/#breadcrumb\"},\"inLanguage\":\"es\",\"potentialAction\":[{\"@type\":\"ReadAction\",\"target\":[\"https:\\\/\\\/laindependent.cat\\\/es\\\/las-mujeres-que-no-amaban-a-los-hombres\\\/\"]}]},{\"@type\":\"ImageObject\",\"inLanguage\":\"es\",\"@id\":\"https:\\\/\\\/laindependent.cat\\\/es\\\/las-mujeres-que-no-amaban-a-los-hombres\\\/#primaryimage\",\"url\":\"https:\\\/\\\/laindependent.cat\\\/wp-content\\\/uploads\\\/2019\\\/09\\\/periodista_y_escritora.jpeg\",\"contentUrl\":\"https:\\\/\\\/laindependent.cat\\\/wp-content\\\/uploads\\\/2019\\\/09\\\/periodista_y_escritora.jpeg\",\"width\":192,\"height\":192,\"caption\":\"Periodista y escritora\"},{\"@type\":\"BreadcrumbList\",\"@id\":\"https:\\\/\\\/laindependent.cat\\\/es\\\/las-mujeres-que-no-amaban-a-los-hombres\\\/#breadcrumb\",\"itemListElement\":[{\"@type\":\"ListItem\",\"position\":1,\"name\":\"Inici\",\"item\":\"https:\\\/\\\/laindependent.cat\\\/es\\\/la-independent\\\/\"},{\"@type\":\"ListItem\",\"position\":2,\"name\":\"Opini\u00f3n\",\"item\":\"https:\\\/\\\/laindependent.cat\\\/es\\\/tema\\\/opinion\\\/\"},{\"@type\":\"ListItem\",\"position\":3,\"name\":\"Opini\u00f3n: Empoderamiento y Liderazgo\",\"item\":\"https:\\\/\\\/laindependent.cat\\\/es\\\/tema\\\/opinion\\\/opinion-empoderamiento-y-liderazgo\\\/\"},{\"@type\":\"ListItem\",\"position\":4,\"name\":\"Las mujeres que no amaban a los hombres\"}]},{\"@type\":\"WebSite\",\"@id\":\"https:\\\/\\\/laindependent.cat\\\/es\\\/#website\",\"url\":\"https:\\\/\\\/laindependent.cat\\\/es\\\/\",\"name\":\"La Independent\",\"description\":\"Ag\u00e8ncia de not\u00edcies amb visi\u00f3 de g\u00e8nere\",\"publisher\":{\"@id\":\"https:\\\/\\\/laindependent.cat\\\/es\\\/#organization\"},\"alternateName\":\"Ag\u00e8ncia de not\u00edcies amb visi\u00f3 de g\u00e8nere\",\"potentialAction\":[{\"@type\":\"SearchAction\",\"target\":{\"@type\":\"EntryPoint\",\"urlTemplate\":\"https:\\\/\\\/laindependent.cat\\\/es\\\/?s={search_term_string}\"},\"query-input\":{\"@type\":\"PropertyValueSpecification\",\"valueRequired\":true,\"valueName\":\"search_term_string\"}}],\"inLanguage\":\"es\"},{\"@type\":\"Organization\",\"@id\":\"https:\\\/\\\/laindependent.cat\\\/es\\\/#organization\",\"name\":\"La Independent\",\"alternateName\":\"Ag\u00e8ncia de not\u00edcies amb visi\u00f3 de g\u00e8nere\",\"url\":\"https:\\\/\\\/laindependent.cat\\\/es\\\/\",\"logo\":{\"@type\":\"ImageObject\",\"inLanguage\":\"es\",\"@id\":\"https:\\\/\\\/laindependent.cat\\\/es\\\/#\\\/schema\\\/logo\\\/image\\\/\",\"url\":\"https:\\\/\\\/laindependent.cat\\\/wp-content\\\/uploads\\\/2022\\\/10\\\/logo-independent.svg\",\"contentUrl\":\"https:\\\/\\\/laindependent.cat\\\/wp-content\\\/uploads\\\/2022\\\/10\\\/logo-independent.svg\",\"width\":562,\"height\":78,\"caption\":\"La Independent\"},\"image\":{\"@id\":\"https:\\\/\\\/laindependent.cat\\\/es\\\/#\\\/schema\\\/logo\\\/image\\\/\"}},{\"@type\":\"Person\",\"@id\":\"https:\\\/\\\/laindependent.cat\\\/es\\\/#\\\/schema\\\/person\\\/c0bbc88d6bb99ffe6206fec7daa8d5f1\",\"name\":\"Amada Santos\",\"image\":{\"@type\":\"ImageObject\",\"inLanguage\":\"es\",\"@id\":\"https:\\\/\\\/secure.gravatar.com\\\/avatar\\\/ddc329d5c10903319ef8e7bfda1f33c1798763e44bd30548785c262d0a7d5683?s=96&d=blank&r=g\",\"url\":\"https:\\\/\\\/secure.gravatar.com\\\/avatar\\\/ddc329d5c10903319ef8e7bfda1f33c1798763e44bd30548785c262d0a7d5683?s=96&d=blank&r=g\",\"contentUrl\":\"https:\\\/\\\/secure.gravatar.com\\\/avatar\\\/ddc329d5c10903319ef8e7bfda1f33c1798763e44bd30548785c262d0a7d5683?s=96&d=blank&r=g\",\"caption\":\"Amada Santos\"},\"description\":\"Fotoperiodista i Soci\u00f3loga. Activista Feminista, Defensora DDHH i Cooperant. Presidenta de la XIDPIC.Cat. Co-coordinadora i Editora de La Independent. Coordinadora Internacional a la RIPVG\",\"url\":\"https:\\\/\\\/laindependent.cat\\\/es\\\/author\\\/amada-santos\\\/\"}]}<\/script>\n<!-- \/ Yoast SEO plugin. -->","yoast_head_json":{"title":"Las mujeres que no amaban a los hombres | La Independent","description":"\u00a0\u00a0 \u00a0 OPINI\u00d3N Hace unos d\u00edas Clara Serra, a trav\u00e9s de las p\u00e1ginas de El Pa\u00eds, instaba al feminismo a bajar su contundencia porque su supuesta belicosidad","robots":{"index":"index","follow":"follow","max-snippet":"max-snippet:-1","max-image-preview":"max-image-preview:large","max-video-preview":"max-video-preview:-1"},"canonical":"https:\/\/laindependent.cat\/es\/las-mujeres-que-no-amaban-a-los-hombres\/","og_locale":"es_ES","og_type":"article","og_title":"Las mujeres que no amaban a los hombres | La Independent","og_description":"\u00a0\u00a0 \u00a0 OPINI\u00d3N Hace unos d\u00edas Clara Serra, a trav\u00e9s de las p\u00e1ginas de El Pa\u00eds, instaba al feminismo a bajar su contundencia porque su supuesta belicosidad","og_url":"https:\/\/laindependent.cat\/es\/las-mujeres-que-no-amaban-a-los-hombres\/","og_site_name":"La Independent","article_published_time":"2022-02-22T23:18:28+00:00","og_image":[{"url":"https:\/\/laindependent.cat\/wp-content\/uploads\/2019\/09\/periodista_y_escritora.jpeg","type":"","width":"","height":""}],"author":"Amada Santos","twitter_card":"summary_large_image","twitter_misc":{"Escrito por":"Amada Santos","Tiempo de lectura":"5 minutos"},"schema":{"@context":"https:\/\/schema.org","@graph":[{"@type":"Article","@id":"https:\/\/laindependent.cat\/es\/las-mujeres-que-no-amaban-a-los-hombres\/#article","isPartOf":{"@id":"https:\/\/laindependent.cat\/es\/las-mujeres-que-no-amaban-a-los-hombres\/"},"author":{"name":"Amada Santos","@id":"https:\/\/laindependent.cat\/es\/#\/schema\/person\/c0bbc88d6bb99ffe6206fec7daa8d5f1"},"headline":"Las mujeres que no amaban a los hombres","datePublished":"2022-02-22T23:18:28+00:00","mainEntityOfPage":{"@id":"https:\/\/laindependent.cat\/es\/las-mujeres-que-no-amaban-a-los-hombres\/"},"wordCount":926,"commentCount":0,"publisher":{"@id":"https:\/\/laindependent.cat\/es\/#organization"},"image":{"@id":"https:\/\/laindependent.cat\/es\/las-mujeres-que-no-amaban-a-los-hombres\/#primaryimage"},"thumbnailUrl":"https:\/\/laindependent.cat\/wp-content\/uploads\/2019\/09\/periodista_y_escritora.jpeg","keywords":["Tags:FEMINISMO COMBATIVOFEMINISMO Y ULTRADERECHAINCOMPRENSI\u00d3N FEMINISTAPARO FEMENINO Y MASCULINOVIOLENCIA CONTRA LAS MUJERES"],"articleSection":["Opini\u00f3n: Empoderamiento y Liderazgo"],"inLanguage":"es","potentialAction":[{"@type":"CommentAction","name":"Comment","target":["https:\/\/laindependent.cat\/es\/las-mujeres-que-no-amaban-a-los-hombres\/#respond"]}]},{"@type":"WebPage","@id":"https:\/\/laindependent.cat\/es\/las-mujeres-que-no-amaban-a-los-hombres\/","url":"https:\/\/laindependent.cat\/es\/las-mujeres-que-no-amaban-a-los-hombres\/","name":"Las mujeres que no amaban a los hombres | La Independent","isPartOf":{"@id":"https:\/\/laindependent.cat\/es\/#website"},"primaryImageOfPage":{"@id":"https:\/\/laindependent.cat\/es\/las-mujeres-que-no-amaban-a-los-hombres\/#primaryimage"},"image":{"@id":"https:\/\/laindependent.cat\/es\/las-mujeres-que-no-amaban-a-los-hombres\/#primaryimage"},"thumbnailUrl":"https:\/\/laindependent.cat\/wp-content\/uploads\/2019\/09\/periodista_y_escritora.jpeg","datePublished":"2022-02-22T23:18:28+00:00","description":"\u00a0\u00a0 \u00a0 OPINI\u00d3N Hace unos d\u00edas Clara Serra, a trav\u00e9s de las p\u00e1ginas de El Pa\u00eds, instaba al feminismo a bajar su contundencia porque su supuesta belicosidad","breadcrumb":{"@id":"https:\/\/laindependent.cat\/es\/las-mujeres-que-no-amaban-a-los-hombres\/#breadcrumb"},"inLanguage":"es","potentialAction":[{"@type":"ReadAction","target":["https:\/\/laindependent.cat\/es\/las-mujeres-que-no-amaban-a-los-hombres\/"]}]},{"@type":"ImageObject","inLanguage":"es","@id":"https:\/\/laindependent.cat\/es\/las-mujeres-que-no-amaban-a-los-hombres\/#primaryimage","url":"https:\/\/laindependent.cat\/wp-content\/uploads\/2019\/09\/periodista_y_escritora.jpeg","contentUrl":"https:\/\/laindependent.cat\/wp-content\/uploads\/2019\/09\/periodista_y_escritora.jpeg","width":192,"height":192,"caption":"Periodista y escritora"},{"@type":"BreadcrumbList","@id":"https:\/\/laindependent.cat\/es\/las-mujeres-que-no-amaban-a-los-hombres\/#breadcrumb","itemListElement":[{"@type":"ListItem","position":1,"name":"Inici","item":"https:\/\/laindependent.cat\/es\/la-independent\/"},{"@type":"ListItem","position":2,"name":"Opini\u00f3n","item":"https:\/\/laindependent.cat\/es\/tema\/opinion\/"},{"@type":"ListItem","position":3,"name":"Opini\u00f3n: Empoderamiento y Liderazgo","item":"https:\/\/laindependent.cat\/es\/tema\/opinion\/opinion-empoderamiento-y-liderazgo\/"},{"@type":"ListItem","position":4,"name":"Las mujeres que no amaban a los hombres"}]},{"@type":"WebSite","@id":"https:\/\/laindependent.cat\/es\/#website","url":"https:\/\/laindependent.cat\/es\/","name":"La Independent","description":"Ag\u00e8ncia de not\u00edcies amb visi\u00f3 de g\u00e8nere","publisher":{"@id":"https:\/\/laindependent.cat\/es\/#organization"},"alternateName":"Ag\u00e8ncia de not\u00edcies amb visi\u00f3 de g\u00e8nere","potentialAction":[{"@type":"SearchAction","target":{"@type":"EntryPoint","urlTemplate":"https:\/\/laindependent.cat\/es\/?s={search_term_string}"},"query-input":{"@type":"PropertyValueSpecification","valueRequired":true,"valueName":"search_term_string"}}],"inLanguage":"es"},{"@type":"Organization","@id":"https:\/\/laindependent.cat\/es\/#organization","name":"La Independent","alternateName":"Ag\u00e8ncia de not\u00edcies amb visi\u00f3 de g\u00e8nere","url":"https:\/\/laindependent.cat\/es\/","logo":{"@type":"ImageObject","inLanguage":"es","@id":"https:\/\/laindependent.cat\/es\/#\/schema\/logo\/image\/","url":"https:\/\/laindependent.cat\/wp-content\/uploads\/2022\/10\/logo-independent.svg","contentUrl":"https:\/\/laindependent.cat\/wp-content\/uploads\/2022\/10\/logo-independent.svg","width":562,"height":78,"caption":"La Independent"},"image":{"@id":"https:\/\/laindependent.cat\/es\/#\/schema\/logo\/image\/"}},{"@type":"Person","@id":"https:\/\/laindependent.cat\/es\/#\/schema\/person\/c0bbc88d6bb99ffe6206fec7daa8d5f1","name":"Amada Santos","image":{"@type":"ImageObject","inLanguage":"es","@id":"https:\/\/secure.gravatar.com\/avatar\/ddc329d5c10903319ef8e7bfda1f33c1798763e44bd30548785c262d0a7d5683?s=96&d=blank&r=g","url":"https:\/\/secure.gravatar.com\/avatar\/ddc329d5c10903319ef8e7bfda1f33c1798763e44bd30548785c262d0a7d5683?s=96&d=blank&r=g","contentUrl":"https:\/\/secure.gravatar.com\/avatar\/ddc329d5c10903319ef8e7bfda1f33c1798763e44bd30548785c262d0a7d5683?s=96&d=blank&r=g","caption":"Amada Santos"},"description":"Fotoperiodista i Soci\u00f3loga. Activista Feminista, Defensora DDHH i Cooperant. Presidenta de la XIDPIC.Cat. Co-coordinadora i Editora de La Independent. Coordinadora Internacional a la RIPVG","url":"https:\/\/laindependent.cat\/es\/author\/amada-santos\/"}]}},"_links":{"self":[{"href":"https:\/\/laindependent.cat\/es\/wp-json\/wp\/v2\/posts\/69618","targetHints":{"allow":["GET"]}}],"collection":[{"href":"https:\/\/laindependent.cat\/es\/wp-json\/wp\/v2\/posts"}],"about":[{"href":"https:\/\/laindependent.cat\/es\/wp-json\/wp\/v2\/types\/post"}],"author":[{"embeddable":true,"href":"https:\/\/laindependent.cat\/es\/wp-json\/wp\/v2\/users\/94"}],"replies":[{"embeddable":true,"href":"https:\/\/laindependent.cat\/es\/wp-json\/wp\/v2\/comments?post=69618"}],"version-history":[{"count":0,"href":"https:\/\/laindependent.cat\/es\/wp-json\/wp\/v2\/posts\/69618\/revisions"}],"wp:featuredmedia":[{"embeddable":true,"href":"https:\/\/laindependent.cat\/es\/wp-json\/wp\/v2\/media\/67148"}],"wp:attachment":[{"href":"https:\/\/laindependent.cat\/es\/wp-json\/wp\/v2\/media?parent=69618"}],"wp:term":[{"taxonomy":"category","embeddable":true,"href":"https:\/\/laindependent.cat\/es\/wp-json\/wp\/v2\/categories?post=69618"},{"taxonomy":"post_tag","embeddable":true,"href":"https:\/\/laindependent.cat\/es\/wp-json\/wp\/v2\/tags?post=69618"}],"curies":[{"name":"wp","href":"https:\/\/api.w.org\/{rel}","templated":true}]}}