{"id":69149,"date":"2021-06-15T14:44:53","date_gmt":"2021-06-15T12:44:53","guid":{"rendered":"https:\/\/laindependent.cat\/ique-es-la-violencia-vicaria-y-por-que-es-el-maltrato-mas-cruel-hacia-las-mujeres\/"},"modified":"2021-06-15T14:44:53","modified_gmt":"2021-06-15T12:44:53","slug":"ique-es-la-violencia-vicaria-y-por-que-es-el-maltrato-mas-cruel-hacia-las-mujeres","status":"publish","type":"post","link":"https:\/\/laindependent.cat\/es\/ique-es-la-violencia-vicaria-y-por-que-es-el-maltrato-mas-cruel-hacia-las-mujeres\/","title":{"rendered":"\u00bfQu\u00e9 es la violencia vicaria y por qu\u00e9 es el maltrato m\u00e1s cruel hacia las mujeres?"},"content":{"rendered":"<p><span style=\"font-size: 10pt;\">\u00a0<\/span>\u00a0<\/p>\n<p>\u00a0<img decoding=\"async\" class=\"size-full wp-image-37578 lazyload\" data-src=\"https:\/\/laindependent.cat\/wp-content\/uploads\/2021\/06\/kAOS.jpeg\" alt=\"kAOS\" width=\"198\" height=\"132\" data-srcset=\"https:\/\/laindependent.cat\/wp-content\/uploads\/2021\/06\/kAOS.jpeg 600w, https:\/\/laindependent.cat\/wp-content\/uploads\/2021\/06\/kAOS-300x200.jpeg 300w\" data-sizes=\"(max-width: 198px) 100vw, 198px\" src=\"data:image\/svg+xml;base64,PHN2ZyB3aWR0aD0iMSIgaGVpZ2h0PSIxIiB4bWxucz0iaHR0cDovL3d3dy53My5vcmcvMjAwMC9zdmciPjwvc3ZnPg==\" style=\"--smush-placeholder-width: 198px; --smush-placeholder-aspect-ratio: 198\/132;\" \/><\/p>\n<p style=\"text-align: left;\">\u00a0<span style=\"font-size: 10pt; font-family: 'trebuchet ms', geneva;\"><strong>La utilizaci\u00f3n de los hijos para continuar la violencia que se ejerce hacia las exparejas es una de las formas m\u00e1s extremas de violencia machista.<\/strong><\/span><\/p>\n<p><!--more--><\/p>\n<p style=\"text-align: left;\">\u00a0<\/p>\n<p style=\"text-align: left;\"><span style=\"font-size: 10pt; font-family: 'trebuchet ms', geneva;\">En ocasiones los maltratadores acaban matando a los hijos, pero se trata de una violencia extendida y oculta<\/span>.<\/p>\n<p style=\"text-align: left;\"><span style=\"font-size: 10pt; font-family: 'trebuchet ms', geneva;\">Utilizar a los hijos para infligir dolor y control hacia las madres es una de las formas m\u00e1s extremas y brutales que adopta la violencia de g\u00e9nero. Se llama violencia vicaria y, a pesar de que su nombre y forma de ejercerla no son muy conocidos, es una de las violencias habituales y que pocas veces se denuncia. No se trata de una violencia aislada, sino que, tal y como explican diversos expertos, es la culminaci\u00f3n de un proceso de control y maltrato que sufren muchas mujeres.<\/span><\/p>\n<p style=\"text-align: left;\"><span style=\"font-size: 10pt; font-family: 'trebuchet ms', geneva;\">En las \u00faltimas semanas la violencia vicaria ha saltado de los medios m\u00e1s especializados al gran p\u00fablico de la mano del relato que<a href=\"https:\/\/www.publico.es\/sociedad\/sindrome-alienacion-parental-no-existe.html\" target=\"_blank\" rel=\"noopener\"> Roc\u00edo Carrasco<\/a> ha hecho de la violencia de g\u00e9nero que sufri\u00f3 por parte de su exmarido. M\u00e1s recientemente, esta violencia ha vuelto a estar en la agenda medi\u00e1tica por el secuestro y desaparici\u00f3n de<a href=\"https:\/\/www.publico.es\/sociedad\/canarias-juzgado-abre-diligencias-presunto-secuestro-desaparicion-padre-hijas-tenerife.html\" target=\"_blank\" rel=\"noopener\"> dos ni\u00f1as en Tenerife<\/a> por parte de su padre, Tom\u00e1s Gimeno. A \u00faltima hora de este jueves <a href=\"https:\/\/www.publico.es\/sociedad\/ninas-desaparecidas-encuentran-cuerpo-vida-olivia-tenerife.html\" target=\"_blank\" rel=\"noopener\">se hall\u00f3 en el mar el cuerpo sin vida de la peque\u00f1a Olivia<\/a>, de seis a\u00f1os, la mayor de las dos hermanas desaparecidas despu\u00e9s de que su padre amenazara por tel\u00e9fono a la madre dici\u00e9ndole que no volver\u00eda a ver a las menores.<\/span><\/p>\n<p style=\"text-align: left;\"><span style=\"font-size: 10pt; font-family: 'trebuchet ms', geneva;\">\u00bfPero qu\u00e9 es la violencia vicaria y c\u00f3mo se ejerce? Tal como la definen las psic\u00f3logas expertas en violencia de g\u00e9nero, se trata de una violencia instrumental que consiste en utilizar a los hijos para hacer da\u00f1o a la madre o la expareja. \u00abSe trata de deshumanizar a los hijos, quitarles la categor\u00eda de personas y ponerles la categor\u00eda de objeto, de instrumento con el que da\u00f1ar a la madre en una violencia que causa un dolor extremo. El padre, que usa a esos hijos como instrumento para hacer da\u00f1o, sabe que el dolor que va a causar a la madre es mucho mayor que si la da\u00f1ara a ella directamente. Es un dolor que a ella le va a hacer sentir culpa por no haber protegido a sus hijos, sobre todo en el caso de los asesinatos, que es el m\u00e1s extremo de la violencia vicaria. El dolor que inflige es extremo porque durar\u00e1 toda la vida\u00bb, explica a P\u00fablico <strong>Marisol Rojas Fern\u00e1ndez<\/strong>, psic\u00f3loga especializada en violencia machista.<\/span><\/p>\n<p style=\"text-align: left;\"><span style=\"font-size: 10pt; font-family: 'trebuchet ms', geneva;\">El t\u00e9rmino violencia vicaria lo acu\u00f1\u00f3 la psic\u00f3loga cl\u00ednica <strong>Sonia Vaccaro<\/strong> hace casi una d\u00e9cada analizando un tipo de violencia que sol\u00eda producirse con m\u00e1s intensidad tras la separaci\u00f3n. El concepto \u00abvicario\u00bb hace referencia a la sustituci\u00f3n de un individuo por otro en el ejercicio de una funci\u00f3n. Cuando se aplica a la violencia, representa realizar una agresi\u00f3n sobre una persona en sustituci\u00f3n de otra, la cual es el principal objetivo.<\/span><\/p>\n<p style=\"text-align: left;\"><span style=\"font-size: 10pt; font-family: 'trebuchet ms', geneva;\">Nuestro pa\u00eds tiene numerosos ejemplos de esta violencia, muchos de los cuales acabaron en el asesinato de los menores por parte de sus padres. Uno de los casos m\u00e1s emblem\u00e1ticos fue el de <a href=\"https:\/\/www.publico.es\/sociedad\/jose-breton-autolesiona-cortes-cuello.html\" target=\"_blank\" rel=\"noopener\">Jos\u00e9 Bret\u00f3n<\/a>. Amenaz\u00f3 a su expareja, <strong>Ruth Ortiz<\/strong>, con un \u00abte dar\u00e9 en lo que m\u00e1s te duele\u00ab; poco despu\u00e9s asesin\u00f3 a los sus dos hijos y quem\u00f3 sus cuerpos. Tambi\u00e9n<a href=\"https:\/\/www.publico.es\/sociedad\/violencia-machista-angela-gonzalez-hoy.html\" target=\"_blank\" rel=\"noopener\"> \u00c1ngela Gonzalez Carre\u00f1o<\/a> hab\u00eda denunciado las amenazas de su expareja hacia su hija e interpuso m\u00e1s de cincuenta denuncias para impedir las visitas no vigiladas entre padre e hija. En una de ellas, \u00e9l la asesino. M\u00e1s recientemente, en Castell\u00f3n un hombre mat\u00f3 a sus dos hijas. La madre, <a href=\"https:\/\/temas.publico.es\/cerco-justicia-patriarcal\/2020\/03\/05\/nunca-me-imagine\/\" target=\"_blank\" rel=\"noopener\">Itziar Prats<\/a>, hab\u00eda pedido medidas cautelares que nunca llegaron.<\/span><\/p>\n<p style=\"text-align: left;\"><span style=\"font-size: 10pt; font-family: 'trebuchet ms', geneva;\">Para Vaccaro, por ahora lo \u00fanico que se toma en cuenta en la violencia vicaria es cuando se produce el asesinato de los hijos, \u00abpero \u00e9sta es s\u00f3lo la punta de un gran iceberg. Es como si consider\u00e1ramos que la violencia de g\u00e9nero s\u00f3lo fuera el maltrato f\u00edsico\u00bb, explica a P\u00fablico.<\/span><\/p>\n<p style=\"text-align: left;\"><span style=\"font-size: 10pt; font-family: 'trebuchet ms', geneva;\">La violencia vicaria es una escalada en un largo proceso de violencia de g\u00e9nero, que puede incluir la violencia f\u00edsica, econ\u00f3mica y siempre la psicol\u00f3gica o de control. Porque control es la palabra clave. La violencia vicaria se produce en momentos de separaci\u00f3n, cuando el maltratador ve que pierde el control y el poder sobre su pareja y \u00abcuando esto ocurre, lo pierde todo y puede llegar hasta el castigo extremo, que es el asesinato de los hijos\u00bb, afirma Rojas.<\/span><\/p>\n<p style=\"text-align: left;\"><strong><span style=\"font-size: 10pt; font-family: 'trebuchet ms', geneva;\">No se trata de enfermos mentales, son machistas<\/span><\/strong><\/p>\n<p style=\"text-align: left;\"><span style=\"font-size: 10pt; font-family: 'trebuchet ms', geneva;\">Igual que no existe un perfil de v\u00edctima de violencia de g\u00e9nero, tampoco existe un perfil de maltratador. Las expertas advierten de que los que utilizan la violencia vicaria no son enfermos mentales; se trata de machismo llevado al extremo. Son personas que en su trabajo o en su grupo de amigos son totalmente normales y la violencia s\u00f3lo la ejercen en su relaci\u00f3n de pareja. \u00abSi fuesen enfermos, agredir\u00edan al todo el mundo sin discriminar. Pero lo hacen con su pareja porque creen que tienen el poder de hacerlo. Es la cultura en la que nos hemos educado, en la que si tu mujer no hace lo que quieres, la puedes castigar. Porque el maltrato es un castigo, una violencia correctiva para que la mujer se entere de d\u00f3nde est\u00e1 su sitio. El correctivo no es hacer da\u00f1o porque s\u00ed, sino poner l\u00edmites a cu\u00e1l es el lugar de las mujeres para que no lo traspasen\u00bb, a\u00f1ade Rojas.<\/span><\/p>\n<p style=\"text-align: left;\"><span style=\"font-size: 10pt; font-family: 'trebuchet ms', geneva;\">Pero, como advierten las expertas, no se puede confundir la violencia vicaria con el inexistente <a href=\"https:\/\/www.publico.es\/sociedad\/sindrome-alienacion-parental-no-existe.html\" target=\"_blank\" rel=\"noopener\">S\u00edndrome de Alienaci\u00f3n Parental<\/a>, que es un instrumento inventado por Richard Gardner, un psiquiatra ped\u00f3filo, para controlar a las mujeres en los procesos judiciales. Lo explicaba recientemente en el Congreso de los Diputados la propia Delegada del Gobierno contra la Violencia de G\u00e9nero,<strong> Victoria Rosell<\/strong>, <a href=\"https:\/\/www.publico.es\/sociedad\/mitad-mujeres-espanolas-mahores-16-anos-sufrido-violencia-machista.html\" target=\"_blank\" rel=\"noopener\">en contestaci\u00f3n a las provocaciones de Vox contra la violencia machista<\/a>.<\/span><\/p>\n<p style=\"text-align: left;\"><span style=\"font-size: 10pt; font-family: 'trebuchet ms', geneva;\">\u00a0<\/span><\/p>\n<p style=\"text-align: left;\"><span style=\"font-size: 10pt; font-family: 'trebuchet ms', geneva;\">\u00a0<\/span><\/p>\n","protected":false},"excerpt":{"rendered":"<p>\u00a0\u00a0 \u00a0 \u00a0La utilizaci\u00f3n de los hijos para continuar la violencia que se ejerce hacia las exparejas es una de las formas m\u00e1s extremas de violencia machista.<\/p>\n","protected":false},"author":94,"featured_media":37578,"comment_status":"open","ping_status":"closed","sticky":false,"template":"","format":"standard","meta":{"footnotes":""},"categories":[26472],"tags":[45388,45389],"class_list":["post-69149","post","type-post","status-publish","format-standard","has-post-thumbnail","hentry","category-violencia-machista","tag-kaosenlared","tag-violencia-vicaria"],"yoast_head":"<!-- This site is optimized with the Yoast SEO plugin v27.4 - https:\/\/yoast.com\/product\/yoast-seo-wordpress\/ -->\n<title>\u00bfQu\u00e9 es la violencia vicaria y por qu\u00e9 es el maltrato m\u00e1s cruel hacia las mujeres? | La Independent<\/title>\n<meta name=\"description\" content=\"\u00a0\u00a0 \u00a0 \u00a0La utilizaci\u00f3n de los hijos para continuar la violencia que se ejerce hacia las exparejas es una de las formas m\u00e1s extremas de violencia machista. \u00a0\" \/>\n<meta name=\"robots\" content=\"index, follow, max-snippet:-1, max-image-preview:large, max-video-preview:-1\" \/>\n<link rel=\"canonical\" href=\"https:\/\/laindependent.cat\/es\/ique-es-la-violencia-vicaria-y-por-que-es-el-maltrato-mas-cruel-hacia-las-mujeres\/\" \/>\n<meta property=\"og:locale\" content=\"es_ES\" \/>\n<meta property=\"og:type\" content=\"article\" \/>\n<meta property=\"og:title\" content=\"\u00bfQu\u00e9 es la violencia vicaria y por qu\u00e9 es el maltrato m\u00e1s cruel hacia las mujeres? | La Independent\" \/>\n<meta property=\"og:description\" content=\"\u00a0\u00a0 \u00a0 \u00a0La utilizaci\u00f3n de los hijos para continuar la violencia que se ejerce hacia las exparejas es una de las formas m\u00e1s extremas de violencia machista. \u00a0\" \/>\n<meta property=\"og:url\" content=\"https:\/\/laindependent.cat\/es\/ique-es-la-violencia-vicaria-y-por-que-es-el-maltrato-mas-cruel-hacia-las-mujeres\/\" \/>\n<meta property=\"og:site_name\" content=\"La Independent\" \/>\n<meta property=\"article:published_time\" content=\"2021-06-15T12:44:53+00:00\" \/>\n<meta property=\"og:image\" content=\"https:\/\/laindependent.cat\/wp-content\/uploads\/2021\/06\/kAOS.jpeg\" \/>\n<meta name=\"author\" content=\"Amada Santos\" \/>\n<meta name=\"twitter:card\" content=\"summary_large_image\" \/>\n<meta name=\"twitter:label1\" content=\"Escrito por\" \/>\n\t<meta name=\"twitter:data1\" content=\"Amada Santos\" \/>\n\t<meta name=\"twitter:label2\" content=\"Tiempo de lectura\" \/>\n\t<meta name=\"twitter:data2\" content=\"5 minutos\" \/>\n<script type=\"application\/ld+json\" class=\"yoast-schema-graph\">{\"@context\":\"https:\\\/\\\/schema.org\",\"@graph\":[{\"@type\":\"Article\",\"@id\":\"https:\\\/\\\/laindependent.cat\\\/es\\\/ique-es-la-violencia-vicaria-y-por-que-es-el-maltrato-mas-cruel-hacia-las-mujeres\\\/#article\",\"isPartOf\":{\"@id\":\"https:\\\/\\\/laindependent.cat\\\/es\\\/ique-es-la-violencia-vicaria-y-por-que-es-el-maltrato-mas-cruel-hacia-las-mujeres\\\/\"},\"author\":{\"name\":\"Amada Santos\",\"@id\":\"https:\\\/\\\/laindependent.cat\\\/es\\\/#\\\/schema\\\/person\\\/c0bbc88d6bb99ffe6206fec7daa8d5f1\"},\"headline\":\"\u00bfQu\u00e9 es la violencia vicaria y por qu\u00e9 es el maltrato m\u00e1s cruel hacia las mujeres?\",\"datePublished\":\"2021-06-15T12:44:53+00:00\",\"mainEntityOfPage\":{\"@id\":\"https:\\\/\\\/laindependent.cat\\\/es\\\/ique-es-la-violencia-vicaria-y-por-que-es-el-maltrato-mas-cruel-hacia-las-mujeres\\\/\"},\"wordCount\":1078,\"commentCount\":0,\"publisher\":{\"@id\":\"https:\\\/\\\/laindependent.cat\\\/es\\\/#organization\"},\"image\":{\"@id\":\"https:\\\/\\\/laindependent.cat\\\/es\\\/ique-es-la-violencia-vicaria-y-por-que-es-el-maltrato-mas-cruel-hacia-las-mujeres\\\/#primaryimage\"},\"thumbnailUrl\":\"https:\\\/\\\/laindependent.cat\\\/wp-content\\\/uploads\\\/2021\\\/06\\\/kAOS.jpeg\",\"keywords\":[\"KaosenlaRed\",\"Violencia Vicaria\"],\"articleSection\":[\"Violencia machista\"],\"inLanguage\":\"es\",\"potentialAction\":[{\"@type\":\"CommentAction\",\"name\":\"Comment\",\"target\":[\"https:\\\/\\\/laindependent.cat\\\/es\\\/ique-es-la-violencia-vicaria-y-por-que-es-el-maltrato-mas-cruel-hacia-las-mujeres\\\/#respond\"]}]},{\"@type\":\"WebPage\",\"@id\":\"https:\\\/\\\/laindependent.cat\\\/es\\\/ique-es-la-violencia-vicaria-y-por-que-es-el-maltrato-mas-cruel-hacia-las-mujeres\\\/\",\"url\":\"https:\\\/\\\/laindependent.cat\\\/es\\\/ique-es-la-violencia-vicaria-y-por-que-es-el-maltrato-mas-cruel-hacia-las-mujeres\\\/\",\"name\":\"\u00bfQu\u00e9 es la violencia vicaria y por qu\u00e9 es el maltrato m\u00e1s cruel hacia las mujeres? | La Independent\",\"isPartOf\":{\"@id\":\"https:\\\/\\\/laindependent.cat\\\/es\\\/#website\"},\"primaryImageOfPage\":{\"@id\":\"https:\\\/\\\/laindependent.cat\\\/es\\\/ique-es-la-violencia-vicaria-y-por-que-es-el-maltrato-mas-cruel-hacia-las-mujeres\\\/#primaryimage\"},\"image\":{\"@id\":\"https:\\\/\\\/laindependent.cat\\\/es\\\/ique-es-la-violencia-vicaria-y-por-que-es-el-maltrato-mas-cruel-hacia-las-mujeres\\\/#primaryimage\"},\"thumbnailUrl\":\"https:\\\/\\\/laindependent.cat\\\/wp-content\\\/uploads\\\/2021\\\/06\\\/kAOS.jpeg\",\"datePublished\":\"2021-06-15T12:44:53+00:00\",\"description\":\"\u00a0\u00a0 \u00a0 \u00a0La utilizaci\u00f3n de los hijos para continuar la violencia que se ejerce hacia las exparejas es una de las formas m\u00e1s extremas de violencia machista. \u00a0\",\"breadcrumb\":{\"@id\":\"https:\\\/\\\/laindependent.cat\\\/es\\\/ique-es-la-violencia-vicaria-y-por-que-es-el-maltrato-mas-cruel-hacia-las-mujeres\\\/#breadcrumb\"},\"inLanguage\":\"es\",\"potentialAction\":[{\"@type\":\"ReadAction\",\"target\":[\"https:\\\/\\\/laindependent.cat\\\/es\\\/ique-es-la-violencia-vicaria-y-por-que-es-el-maltrato-mas-cruel-hacia-las-mujeres\\\/\"]}]},{\"@type\":\"ImageObject\",\"inLanguage\":\"es\",\"@id\":\"https:\\\/\\\/laindependent.cat\\\/es\\\/ique-es-la-violencia-vicaria-y-por-que-es-el-maltrato-mas-cruel-hacia-las-mujeres\\\/#primaryimage\",\"url\":\"https:\\\/\\\/laindependent.cat\\\/wp-content\\\/uploads\\\/2021\\\/06\\\/kAOS.jpeg\",\"contentUrl\":\"https:\\\/\\\/laindependent.cat\\\/wp-content\\\/uploads\\\/2021\\\/06\\\/kAOS.jpeg\",\"width\":600,\"height\":400},{\"@type\":\"BreadcrumbList\",\"@id\":\"https:\\\/\\\/laindependent.cat\\\/es\\\/ique-es-la-violencia-vicaria-y-por-que-es-el-maltrato-mas-cruel-hacia-las-mujeres\\\/#breadcrumb\",\"itemListElement\":[{\"@type\":\"ListItem\",\"position\":1,\"name\":\"Inici\",\"item\":\"https:\\\/\\\/laindependent.cat\\\/es\\\/la-independent\\\/\"},{\"@type\":\"ListItem\",\"position\":2,\"name\":\"Violencias\",\"item\":\"https:\\\/\\\/laindependent.cat\\\/es\\\/tema\\\/violencias\\\/\"},{\"@type\":\"ListItem\",\"position\":3,\"name\":\"Violencia machista\",\"item\":\"https:\\\/\\\/laindependent.cat\\\/es\\\/tema\\\/violencias\\\/violencia-machista\\\/\"},{\"@type\":\"ListItem\",\"position\":4,\"name\":\"\u00bfQu\u00e9 es la violencia vicaria y por qu\u00e9 es el maltrato m\u00e1s cruel hacia las mujeres?\"}]},{\"@type\":\"WebSite\",\"@id\":\"https:\\\/\\\/laindependent.cat\\\/es\\\/#website\",\"url\":\"https:\\\/\\\/laindependent.cat\\\/es\\\/\",\"name\":\"La Independent\",\"description\":\"Ag\u00e8ncia de not\u00edcies amb visi\u00f3 de g\u00e8nere\",\"publisher\":{\"@id\":\"https:\\\/\\\/laindependent.cat\\\/es\\\/#organization\"},\"alternateName\":\"Ag\u00e8ncia de not\u00edcies amb visi\u00f3 de g\u00e8nere\",\"potentialAction\":[{\"@type\":\"SearchAction\",\"target\":{\"@type\":\"EntryPoint\",\"urlTemplate\":\"https:\\\/\\\/laindependent.cat\\\/es\\\/?s={search_term_string}\"},\"query-input\":{\"@type\":\"PropertyValueSpecification\",\"valueRequired\":true,\"valueName\":\"search_term_string\"}}],\"inLanguage\":\"es\"},{\"@type\":\"Organization\",\"@id\":\"https:\\\/\\\/laindependent.cat\\\/es\\\/#organization\",\"name\":\"La Independent\",\"alternateName\":\"Ag\u00e8ncia de not\u00edcies amb visi\u00f3 de g\u00e8nere\",\"url\":\"https:\\\/\\\/laindependent.cat\\\/es\\\/\",\"logo\":{\"@type\":\"ImageObject\",\"inLanguage\":\"es\",\"@id\":\"https:\\\/\\\/laindependent.cat\\\/es\\\/#\\\/schema\\\/logo\\\/image\\\/\",\"url\":\"https:\\\/\\\/laindependent.cat\\\/wp-content\\\/uploads\\\/2022\\\/10\\\/logo-independent.svg\",\"contentUrl\":\"https:\\\/\\\/laindependent.cat\\\/wp-content\\\/uploads\\\/2022\\\/10\\\/logo-independent.svg\",\"width\":562,\"height\":78,\"caption\":\"La Independent\"},\"image\":{\"@id\":\"https:\\\/\\\/laindependent.cat\\\/es\\\/#\\\/schema\\\/logo\\\/image\\\/\"}},{\"@type\":\"Person\",\"@id\":\"https:\\\/\\\/laindependent.cat\\\/es\\\/#\\\/schema\\\/person\\\/c0bbc88d6bb99ffe6206fec7daa8d5f1\",\"name\":\"Amada Santos\",\"image\":{\"@type\":\"ImageObject\",\"inLanguage\":\"es\",\"@id\":\"https:\\\/\\\/secure.gravatar.com\\\/avatar\\\/ddc329d5c10903319ef8e7bfda1f33c1798763e44bd30548785c262d0a7d5683?s=96&d=blank&r=g\",\"url\":\"https:\\\/\\\/secure.gravatar.com\\\/avatar\\\/ddc329d5c10903319ef8e7bfda1f33c1798763e44bd30548785c262d0a7d5683?s=96&d=blank&r=g\",\"contentUrl\":\"https:\\\/\\\/secure.gravatar.com\\\/avatar\\\/ddc329d5c10903319ef8e7bfda1f33c1798763e44bd30548785c262d0a7d5683?s=96&d=blank&r=g\",\"caption\":\"Amada Santos\"},\"description\":\"Fotoperiodista i Soci\u00f3loga. Activista Feminista, Defensora DDHH i Cooperant. Presidenta de la XIDPIC.Cat. Co-coordinadora i Editora de La Independent. Coordinadora Internacional a la RIPVG\",\"url\":\"https:\\\/\\\/laindependent.cat\\\/es\\\/author\\\/amada-santos\\\/\"}]}<\/script>\n<!-- \/ Yoast SEO plugin. -->","yoast_head_json":{"title":"\u00bfQu\u00e9 es la violencia vicaria y por qu\u00e9 es el maltrato m\u00e1s cruel hacia las mujeres? | La Independent","description":"\u00a0\u00a0 \u00a0 \u00a0La utilizaci\u00f3n de los hijos para continuar la violencia que se ejerce hacia las exparejas es una de las formas m\u00e1s extremas de violencia machista. \u00a0","robots":{"index":"index","follow":"follow","max-snippet":"max-snippet:-1","max-image-preview":"max-image-preview:large","max-video-preview":"max-video-preview:-1"},"canonical":"https:\/\/laindependent.cat\/es\/ique-es-la-violencia-vicaria-y-por-que-es-el-maltrato-mas-cruel-hacia-las-mujeres\/","og_locale":"es_ES","og_type":"article","og_title":"\u00bfQu\u00e9 es la violencia vicaria y por qu\u00e9 es el maltrato m\u00e1s cruel hacia las mujeres? | La Independent","og_description":"\u00a0\u00a0 \u00a0 \u00a0La utilizaci\u00f3n de los hijos para continuar la violencia que se ejerce hacia las exparejas es una de las formas m\u00e1s extremas de violencia machista. \u00a0","og_url":"https:\/\/laindependent.cat\/es\/ique-es-la-violencia-vicaria-y-por-que-es-el-maltrato-mas-cruel-hacia-las-mujeres\/","og_site_name":"La Independent","article_published_time":"2021-06-15T12:44:53+00:00","og_image":[{"url":"https:\/\/laindependent.cat\/wp-content\/uploads\/2021\/06\/kAOS.jpeg","type":"","width":"","height":""}],"author":"Amada Santos","twitter_card":"summary_large_image","twitter_misc":{"Escrito por":"Amada Santos","Tiempo de lectura":"5 minutos"},"schema":{"@context":"https:\/\/schema.org","@graph":[{"@type":"Article","@id":"https:\/\/laindependent.cat\/es\/ique-es-la-violencia-vicaria-y-por-que-es-el-maltrato-mas-cruel-hacia-las-mujeres\/#article","isPartOf":{"@id":"https:\/\/laindependent.cat\/es\/ique-es-la-violencia-vicaria-y-por-que-es-el-maltrato-mas-cruel-hacia-las-mujeres\/"},"author":{"name":"Amada Santos","@id":"https:\/\/laindependent.cat\/es\/#\/schema\/person\/c0bbc88d6bb99ffe6206fec7daa8d5f1"},"headline":"\u00bfQu\u00e9 es la violencia vicaria y por qu\u00e9 es el maltrato m\u00e1s cruel hacia las mujeres?","datePublished":"2021-06-15T12:44:53+00:00","mainEntityOfPage":{"@id":"https:\/\/laindependent.cat\/es\/ique-es-la-violencia-vicaria-y-por-que-es-el-maltrato-mas-cruel-hacia-las-mujeres\/"},"wordCount":1078,"commentCount":0,"publisher":{"@id":"https:\/\/laindependent.cat\/es\/#organization"},"image":{"@id":"https:\/\/laindependent.cat\/es\/ique-es-la-violencia-vicaria-y-por-que-es-el-maltrato-mas-cruel-hacia-las-mujeres\/#primaryimage"},"thumbnailUrl":"https:\/\/laindependent.cat\/wp-content\/uploads\/2021\/06\/kAOS.jpeg","keywords":["KaosenlaRed","Violencia Vicaria"],"articleSection":["Violencia machista"],"inLanguage":"es","potentialAction":[{"@type":"CommentAction","name":"Comment","target":["https:\/\/laindependent.cat\/es\/ique-es-la-violencia-vicaria-y-por-que-es-el-maltrato-mas-cruel-hacia-las-mujeres\/#respond"]}]},{"@type":"WebPage","@id":"https:\/\/laindependent.cat\/es\/ique-es-la-violencia-vicaria-y-por-que-es-el-maltrato-mas-cruel-hacia-las-mujeres\/","url":"https:\/\/laindependent.cat\/es\/ique-es-la-violencia-vicaria-y-por-que-es-el-maltrato-mas-cruel-hacia-las-mujeres\/","name":"\u00bfQu\u00e9 es la violencia vicaria y por qu\u00e9 es el maltrato m\u00e1s cruel hacia las mujeres? | La Independent","isPartOf":{"@id":"https:\/\/laindependent.cat\/es\/#website"},"primaryImageOfPage":{"@id":"https:\/\/laindependent.cat\/es\/ique-es-la-violencia-vicaria-y-por-que-es-el-maltrato-mas-cruel-hacia-las-mujeres\/#primaryimage"},"image":{"@id":"https:\/\/laindependent.cat\/es\/ique-es-la-violencia-vicaria-y-por-que-es-el-maltrato-mas-cruel-hacia-las-mujeres\/#primaryimage"},"thumbnailUrl":"https:\/\/laindependent.cat\/wp-content\/uploads\/2021\/06\/kAOS.jpeg","datePublished":"2021-06-15T12:44:53+00:00","description":"\u00a0\u00a0 \u00a0 \u00a0La utilizaci\u00f3n de los hijos para continuar la violencia que se ejerce hacia las exparejas es una de las formas m\u00e1s extremas de violencia machista. \u00a0","breadcrumb":{"@id":"https:\/\/laindependent.cat\/es\/ique-es-la-violencia-vicaria-y-por-que-es-el-maltrato-mas-cruel-hacia-las-mujeres\/#breadcrumb"},"inLanguage":"es","potentialAction":[{"@type":"ReadAction","target":["https:\/\/laindependent.cat\/es\/ique-es-la-violencia-vicaria-y-por-que-es-el-maltrato-mas-cruel-hacia-las-mujeres\/"]}]},{"@type":"ImageObject","inLanguage":"es","@id":"https:\/\/laindependent.cat\/es\/ique-es-la-violencia-vicaria-y-por-que-es-el-maltrato-mas-cruel-hacia-las-mujeres\/#primaryimage","url":"https:\/\/laindependent.cat\/wp-content\/uploads\/2021\/06\/kAOS.jpeg","contentUrl":"https:\/\/laindependent.cat\/wp-content\/uploads\/2021\/06\/kAOS.jpeg","width":600,"height":400},{"@type":"BreadcrumbList","@id":"https:\/\/laindependent.cat\/es\/ique-es-la-violencia-vicaria-y-por-que-es-el-maltrato-mas-cruel-hacia-las-mujeres\/#breadcrumb","itemListElement":[{"@type":"ListItem","position":1,"name":"Inici","item":"https:\/\/laindependent.cat\/es\/la-independent\/"},{"@type":"ListItem","position":2,"name":"Violencias","item":"https:\/\/laindependent.cat\/es\/tema\/violencias\/"},{"@type":"ListItem","position":3,"name":"Violencia machista","item":"https:\/\/laindependent.cat\/es\/tema\/violencias\/violencia-machista\/"},{"@type":"ListItem","position":4,"name":"\u00bfQu\u00e9 es la violencia vicaria y por qu\u00e9 es el maltrato m\u00e1s cruel hacia las mujeres?"}]},{"@type":"WebSite","@id":"https:\/\/laindependent.cat\/es\/#website","url":"https:\/\/laindependent.cat\/es\/","name":"La Independent","description":"Ag\u00e8ncia de not\u00edcies amb visi\u00f3 de g\u00e8nere","publisher":{"@id":"https:\/\/laindependent.cat\/es\/#organization"},"alternateName":"Ag\u00e8ncia de not\u00edcies amb visi\u00f3 de g\u00e8nere","potentialAction":[{"@type":"SearchAction","target":{"@type":"EntryPoint","urlTemplate":"https:\/\/laindependent.cat\/es\/?s={search_term_string}"},"query-input":{"@type":"PropertyValueSpecification","valueRequired":true,"valueName":"search_term_string"}}],"inLanguage":"es"},{"@type":"Organization","@id":"https:\/\/laindependent.cat\/es\/#organization","name":"La Independent","alternateName":"Ag\u00e8ncia de not\u00edcies amb visi\u00f3 de g\u00e8nere","url":"https:\/\/laindependent.cat\/es\/","logo":{"@type":"ImageObject","inLanguage":"es","@id":"https:\/\/laindependent.cat\/es\/#\/schema\/logo\/image\/","url":"https:\/\/laindependent.cat\/wp-content\/uploads\/2022\/10\/logo-independent.svg","contentUrl":"https:\/\/laindependent.cat\/wp-content\/uploads\/2022\/10\/logo-independent.svg","width":562,"height":78,"caption":"La Independent"},"image":{"@id":"https:\/\/laindependent.cat\/es\/#\/schema\/logo\/image\/"}},{"@type":"Person","@id":"https:\/\/laindependent.cat\/es\/#\/schema\/person\/c0bbc88d6bb99ffe6206fec7daa8d5f1","name":"Amada Santos","image":{"@type":"ImageObject","inLanguage":"es","@id":"https:\/\/secure.gravatar.com\/avatar\/ddc329d5c10903319ef8e7bfda1f33c1798763e44bd30548785c262d0a7d5683?s=96&d=blank&r=g","url":"https:\/\/secure.gravatar.com\/avatar\/ddc329d5c10903319ef8e7bfda1f33c1798763e44bd30548785c262d0a7d5683?s=96&d=blank&r=g","contentUrl":"https:\/\/secure.gravatar.com\/avatar\/ddc329d5c10903319ef8e7bfda1f33c1798763e44bd30548785c262d0a7d5683?s=96&d=blank&r=g","caption":"Amada Santos"},"description":"Fotoperiodista i Soci\u00f3loga. Activista Feminista, Defensora DDHH i Cooperant. Presidenta de la XIDPIC.Cat. Co-coordinadora i Editora de La Independent. Coordinadora Internacional a la RIPVG","url":"https:\/\/laindependent.cat\/es\/author\/amada-santos\/"}]}},"_links":{"self":[{"href":"https:\/\/laindependent.cat\/es\/wp-json\/wp\/v2\/posts\/69149","targetHints":{"allow":["GET"]}}],"collection":[{"href":"https:\/\/laindependent.cat\/es\/wp-json\/wp\/v2\/posts"}],"about":[{"href":"https:\/\/laindependent.cat\/es\/wp-json\/wp\/v2\/types\/post"}],"author":[{"embeddable":true,"href":"https:\/\/laindependent.cat\/es\/wp-json\/wp\/v2\/users\/94"}],"replies":[{"embeddable":true,"href":"https:\/\/laindependent.cat\/es\/wp-json\/wp\/v2\/comments?post=69149"}],"version-history":[{"count":0,"href":"https:\/\/laindependent.cat\/es\/wp-json\/wp\/v2\/posts\/69149\/revisions"}],"wp:featuredmedia":[{"embeddable":true,"href":"https:\/\/laindependent.cat\/es\/wp-json\/wp\/v2\/media\/37578"}],"wp:attachment":[{"href":"https:\/\/laindependent.cat\/es\/wp-json\/wp\/v2\/media?parent=69149"}],"wp:term":[{"taxonomy":"category","embeddable":true,"href":"https:\/\/laindependent.cat\/es\/wp-json\/wp\/v2\/categories?post=69149"},{"taxonomy":"post_tag","embeddable":true,"href":"https:\/\/laindependent.cat\/es\/wp-json\/wp\/v2\/tags?post=69149"}],"curies":[{"name":"wp","href":"https:\/\/api.w.org\/{rel}","templated":true}]}}