{"id":68748,"date":"2021-02-25T13:21:37","date_gmt":"2021-02-25T12:21:37","guid":{"rendered":"https:\/\/laindependent.cat\/8m-2021-juntes-diverses-i-rebels-vaga-feminista\/"},"modified":"2021-02-25T13:21:37","modified_gmt":"2021-02-25T12:21:37","slug":"8m-2021-juntes-diverses-i-rebels-vaga-feminista","status":"publish","type":"post","link":"https:\/\/laindependent.cat\/es\/8m-2021-juntes-diverses-i-rebels-vaga-feminista\/","title":{"rendered":"8M 2021: Juntes, diverses i rebels. Vaga Feminista"},"content":{"rendered":"<p>No hay traducci\u00f3n disponible<\/p>\n<p><img fetchpriority=\"high\" decoding=\"async\" class=\" size-full wp-image-37235\" style=\"font-size: 10pt; display: block; margin-left: auto; margin-right: auto;\" src=\"https:\/\/laindependent.cat\/wp-content\/uploads\/2021\/02\/marxa_8M.jpg\" alt=\"marxa 8M\" width=\"214\" height=\"248\" \/><\/p>\n<p style=\"text-align: left;\"><strong style=\"color: #800080; font-size: 10pt;\"><span style=\"font-family: 'trebuchet ms', geneva;\">8M a les 18:30h al Passeig de Gr\u00e0cia de Barcelona, amb totes les mesures de seguretat.\u00a0<\/span><\/strong><\/p>\n<p style=\"text-align: left;\"><strong><span style=\"font-family: 'trebuchet ms', geneva; color: #800080;\">Especial 8 de Marc 2021, Juntes, diverses i rebels,\u00a0Juntes #Imparables?!. Manifestos, comunicats, activitats i articles a:<\/span><\/strong><\/p>\n<p style=\"text-align: center;\"><span style=\"font-family: 'trebuchet ms', geneva; font-size: 14pt; color: #800080;\"><a href=\"index.php?option=com_content&#038;view=section&#038;id=97\" target=\"_blank\" rel=\"noopener\"><span style=\"color: #800080;\">8 de mar\u00e7 2021\u00a0<\/span><\/a><\/span><br \/><span style=\"font-family: 'trebuchet ms', geneva; font-size: 10pt; color: #800080;\"><\/span><\/p>\n<p style=\"text-align: center;\"><span style=\"font-family: 'trebuchet ms', geneva; font-size: 10pt; color: #800080;\">Catalunya i PPCC<\/span><br \/><span style=\"font-family: 'trebuchet ms', geneva; font-size: 10pt; color: #800080;\">Estat<\/span><br \/><span style=\"font-family: 'trebuchet ms', geneva; font-size: 10pt; color: #800080;\">Internacional<\/span><span style=\"text-align: left; font-size: 10pt;\">\u00a0<\/span><\/p>\n<p><!--more--><\/p>\n<p>\u00a0<\/p>\n<p><img decoding=\"async\" class=\"size-full wp-image-37236 lazyload\" style=\"--smush-placeholder-width: 320px; --smush-placeholder-aspect-ratio: 320\/218;display: block; margin-left: auto; margin-right: auto;\" data-src=\"https:\/\/laindependent.cat\/wp-content\/uploads\/2021\/02\/Web_Manifest.jpg\" alt=\"Web Manifest\" width=\"320\" height=\"218\" data-srcset=\"https:\/\/laindependent.cat\/wp-content\/uploads\/2021\/02\/Web_Manifest.jpg 800w, https:\/\/laindependent.cat\/wp-content\/uploads\/2021\/02\/Web_Manifest-300x204.jpg 300w, https:\/\/laindependent.cat\/wp-content\/uploads\/2021\/02\/Web_Manifest-768x523.jpg 768w\" data-sizes=\"(max-width: 320px) 100vw, 320px\" src=\"data:image\/svg+xml;base64,PHN2ZyB3aWR0aD0iMSIgaGVpZ2h0PSIxIiB4bWxucz0iaHR0cDovL3d3dy53My5vcmcvMjAwMC9zdmciPjwvc3ZnPg==\" \/><\/p>\n<p style=\"text-align: left;\">\u00a0<\/p>\n<p style=\"text-align: left;\">J<span style=\"font-family: 'trebuchet ms', geneva; font-size: 10pt;\">UNTES, DIVERSES I REBELS SOM IMPARABLES! SEMPRE FEMINISTES!<\/span><\/p>\n<p style=\"text-align: left;\"><span style=\"font-family: 'trebuchet ms', geneva; font-size: 10pt;\"><\/span><br \/><span style=\"font-family: 'trebuchet ms', geneva; font-size: 10pt;\">Els \u00faltims anys, pel 8 de mar\u00e7, les feministes de tota Catalunya, com ho han fet les feministes d\u2019arreu del m\u00f3n, hem ocupat els carrers amb les nostres den\u00fancies i reivindicacions per construir una societat digna fora del sistema capitalista, heteropatriarcal i colonial. Hem cridat a la Vaga Feminista, de cures, de feina assalariada i de consum. Ens hem pogut comptar per milions.<\/span><\/p>\n<p style=\"text-align: left;\">\u00a0<\/p>\n<p style=\"text-align: left;\"><span>Continuar llegint el <a href=\"https:\/\/www.vagafeminista.cat\/8m\/manifest-8m-2021\/\" target=\"_blank\" rel=\"noopener\">Manifest 8M 2021<\/a><\/span><\/p>\n<p style=\"text-align: left;\">\u00a0<\/p>\n<p style=\"text-align: left;\">\u00a0<\/p>\n<p style=\"text-align: left;\">\u00a0<\/p>\n<p style=\"text-align: left;\"><span style=\"font-size: 14pt;\">\u00a0Fotos:<\/span><\/p>\n<p style=\"text-align: left;\"><span style=\"font-size: 10pt;\">R<\/span><span style=\"font-size: 10pt;\">oda de Premsa Presentaci\u00f3 8M. Pla\u00e7a de les Dones<\/span><span style=\"font-size: 14pt;\"><br \/><\/span><\/p>\n<p style=\"text-align: left;\">\u00a0<\/p>\n<p style=\"text-align: left;\"><span style=\"font-size: 14pt;\"><img decoding=\"async\" class=\"size-full wp-image-68679 lazyload\" data-src=\"https:\/\/laindependent.cat\/wp-content\/uploads\/2021\/02\/img_20210304_125415.jpg\" alt=\"IMG 20210304 125415\" width=\"474\" height=\"207\" src=\"data:image\/svg+xml;base64,PHN2ZyB3aWR0aD0iMSIgaGVpZ2h0PSIxIiB4bWxucz0iaHR0cDovL3d3dy53My5vcmcvMjAwMC9zdmciPjwvc3ZnPg==\" style=\"--smush-placeholder-width: 474px; --smush-placeholder-aspect-ratio: 474\/207;\" \/><\/span><\/p>\n<div class=\"FFpbKc\" style=\"display: flex; padding-bottom: 8px; padding-left: 11px; padding-right: 4px; margin-top: auto;\">\n<div class=\"ZTPlmc\" style=\"color: #5f6368; direction: ltr; display: flex; font-size: 12px; margin-top: 4px; margin-left: auto;\">\u00a0<\/div>\n<div class=\"nidPne\" style=\"display: inline-block; padding: 10px 16px;\">\n<div data-show-delay-ms=\"250\" data-append-to-body=\"true\" data-propagate-tooltip-mouseover-events=\"true\" data-anchor-corner=\"bottom-left\" data-popup-corner=\"top-left\">\n<div class=\"scLCMd\">\n<div id=\"itamenu\">\n<div class=\"goog-container goog-container-vertical\" style=\"text-align: left;\">\u00a0<\/div>\n<\/div>\n<\/div>\n<\/div>\n<\/div>\n<\/div>\n<p style=\"text-align: left;\"><span style=\"font-size: 14pt;\"><img decoding=\"async\" class=\"size-full wp-image-68682 lazyload\" data-src=\"https:\/\/laindependent.cat\/wp-content\/uploads\/2021\/02\/img_20210308_180916.jpg\" alt=\"IMG 20210308 180916\" width=\"400\" height=\"300\" data-srcset=\"https:\/\/laindependent.cat\/wp-content\/uploads\/2021\/02\/img_20210308_180916.jpg 400w, https:\/\/laindependent.cat\/wp-content\/uploads\/2021\/02\/img_20210308_180916-300x225.jpg 300w\" data-sizes=\"(max-width: 400px) 100vw, 400px\" src=\"data:image\/svg+xml;base64,PHN2ZyB3aWR0aD0iMSIgaGVpZ2h0PSIxIiB4bWxucz0iaHR0cDovL3d3dy53My5vcmcvMjAwMC9zdmciPjwvc3ZnPg==\" style=\"--smush-placeholder-width: 400px; --smush-placeholder-aspect-ratio: 400\/300;\" \/><\/p>\n<p><\/span><\/p>\n<p style=\"text-align: left;\">\u00a0<\/p>\n<p style=\"text-align: left;\"><img decoding=\"async\" class=\"size-full wp-image-68685 lazyload\" data-src=\"https:\/\/laindependent.cat\/wp-content\/uploads\/2021\/02\/img_20210308_181116.jpg\" alt=\"IMG 20210308 181116\" width=\"400\" height=\"300\" data-srcset=\"https:\/\/laindependent.cat\/wp-content\/uploads\/2021\/02\/img_20210308_181116.jpg 400w, https:\/\/laindependent.cat\/wp-content\/uploads\/2021\/02\/img_20210308_181116-300x225.jpg 300w\" data-sizes=\"(max-width: 400px) 100vw, 400px\" src=\"data:image\/svg+xml;base64,PHN2ZyB3aWR0aD0iMSIgaGVpZ2h0PSIxIiB4bWxucz0iaHR0cDovL3d3dy53My5vcmcvMjAwMC9zdmciPjwvc3ZnPg==\" style=\"--smush-placeholder-width: 400px; --smush-placeholder-aspect-ratio: 400\/300;\" \/><\/p>\n<p style=\"text-align: left;\">\u00a0<\/p>\n<p style=\"text-align: left;\">\u00a0<\/p>\n<p style=\"text-align: left;\">\u00a0<\/p>\n<p style=\"text-align: left;\">\u00a0<img decoding=\"async\" class=\"size-full wp-image-68688 lazyload\" data-src=\"https:\/\/laindependent.cat\/wp-content\/uploads\/2021\/02\/img_20210308_181201.jpg\" alt=\"IMG 20210308 181201\" width=\"267\" height=\"200\" data-srcset=\"https:\/\/laindependent.cat\/wp-content\/uploads\/2021\/02\/img_20210308_181201.jpg 400w, https:\/\/laindependent.cat\/wp-content\/uploads\/2021\/02\/img_20210308_181201-300x225.jpg 300w\" data-sizes=\"(max-width: 267px) 100vw, 267px\" src=\"data:image\/svg+xml;base64,PHN2ZyB3aWR0aD0iMSIgaGVpZ2h0PSIxIiB4bWxucz0iaHR0cDovL3d3dy53My5vcmcvMjAwMC9zdmciPjwvc3ZnPg==\" style=\"--smush-placeholder-width: 267px; --smush-placeholder-aspect-ratio: 267\/200;\" \/><img decoding=\"async\" class=\"alignright size-full wp-image-68691 lazyload\" style=\"--smush-placeholder-width: 348px; --smush-placeholder-aspect-ratio: 348\/204;float: right;\" data-src=\"https:\/\/laindependent.cat\/wp-content\/uploads\/2021\/02\/m.jpg\" alt=\"M\" width=\"348\" height=\"204\" src=\"data:image\/svg+xml;base64,PHN2ZyB3aWR0aD0iMSIgaGVpZ2h0PSIxIiB4bWxucz0iaHR0cDovL3d3dy53My5vcmcvMjAwMC9zdmciPjwvc3ZnPg==\" \/><span style=\"font-size: 10pt;\"><\/span><\/p>\n<p style=\"text-align: left;\"><img decoding=\"async\" class=\"alignright size-full wp-image-68694 lazyload\" style=\"--smush-placeholder-width: 318px; --smush-placeholder-aspect-ratio: 318\/238;float: right;\" data-src=\"https:\/\/laindependent.cat\/wp-content\/uploads\/2021\/02\/img_20210308_182354.jpg\" alt=\"IMG 20210308 182354\" width=\"318\" height=\"238\" data-srcset=\"https:\/\/laindependent.cat\/wp-content\/uploads\/2021\/02\/img_20210308_182354.jpg 400w, https:\/\/laindependent.cat\/wp-content\/uploads\/2021\/02\/img_20210308_182354-300x225.jpg 300w\" data-sizes=\"(max-width: 318px) 100vw, 318px\" src=\"data:image\/svg+xml;base64,PHN2ZyB3aWR0aD0iMSIgaGVpZ2h0PSIxIiB4bWxucz0iaHR0cDovL3d3dy53My5vcmcvMjAwMC9zdmciPjwvc3ZnPg==\" \/><\/p>\n<p style=\"text-align: left;\"><img decoding=\"async\" class=\"size-full wp-image-68697 lazyload\" style=\"--smush-placeholder-width: 305px; --smush-placeholder-aspect-ratio: 305\/229;font-size: 10pt;\" data-src=\"https:\/\/laindependent.cat\/wp-content\/uploads\/2021\/02\/img_20210308_183232.jpg\" alt=\"IMG 20210308 183232\" width=\"305\" height=\"229\" data-srcset=\"https:\/\/laindependent.cat\/wp-content\/uploads\/2021\/02\/img_20210308_183232.jpg 400w, https:\/\/laindependent.cat\/wp-content\/uploads\/2021\/02\/img_20210308_183232-300x225.jpg 300w\" data-sizes=\"(max-width: 305px) 100vw, 305px\" src=\"data:image\/svg+xml;base64,PHN2ZyB3aWR0aD0iMSIgaGVpZ2h0PSIxIiB4bWxucz0iaHR0cDovL3d3dy53My5vcmcvMjAwMC9zdmciPjwvc3ZnPg==\" \/><\/p>\n<p style=\"text-align: left;\"><img decoding=\"async\" class=\"alignright size-full wp-image-68700 lazyload\" style=\"--smush-placeholder-width: 316px; --smush-placeholder-aspect-ratio: 316\/237;float: right;\" data-src=\"https:\/\/laindependent.cat\/wp-content\/uploads\/2021\/02\/img_20210308_183240.jpg\" alt=\"IMG 20210308 183240\" width=\"316\" height=\"237\" data-srcset=\"https:\/\/laindependent.cat\/wp-content\/uploads\/2021\/02\/img_20210308_183240.jpg 400w, https:\/\/laindependent.cat\/wp-content\/uploads\/2021\/02\/img_20210308_183240-300x225.jpg 300w\" data-sizes=\"(max-width: 316px) 100vw, 316px\" src=\"data:image\/svg+xml;base64,PHN2ZyB3aWR0aD0iMSIgaGVpZ2h0PSIxIiB4bWxucz0iaHR0cDovL3d3dy53My5vcmcvMjAwMC9zdmciPjwvc3ZnPg==\" \/><\/p>\n<p style=\"text-align: left;\">\u00a0<\/p>\n<p>\u00a0<\/p>\n<p><img decoding=\"async\" class=\"size-full wp-image-68703 lazyload\" data-src=\"https:\/\/laindependent.cat\/wp-content\/uploads\/2021\/02\/img_20210308_183410_1.jpg\" alt=\"IMG 20210308 183410 1\" width=\"400\" height=\"300\" data-srcset=\"https:\/\/laindependent.cat\/wp-content\/uploads\/2021\/02\/img_20210308_183410_1.jpg 400w, https:\/\/laindependent.cat\/wp-content\/uploads\/2021\/02\/img_20210308_183410_1-300x225.jpg 300w\" data-sizes=\"(max-width: 400px) 100vw, 400px\" src=\"data:image\/svg+xml;base64,PHN2ZyB3aWR0aD0iMSIgaGVpZ2h0PSIxIiB4bWxucz0iaHR0cDovL3d3dy53My5vcmcvMjAwMC9zdmciPjwvc3ZnPg==\" style=\"--smush-placeholder-width: 400px; --smush-placeholder-aspect-ratio: 400\/300;\" \/><\/p>\n<p><img decoding=\"async\" class=\"alignleft size-full wp-image-68706 lazyload\" style=\"--smush-placeholder-width: 303px; --smush-placeholder-aspect-ratio: 303\/227;font-size: 10pt; float: left;\" data-src=\"https:\/\/laindependent.cat\/wp-content\/uploads\/2021\/02\/img_20210308_183540_burst004.jpg\" alt=\"IMG 20210308 183540 BURST004\" width=\"303\" height=\"227\" data-srcset=\"https:\/\/laindependent.cat\/wp-content\/uploads\/2021\/02\/img_20210308_183540_burst004.jpg 400w, https:\/\/laindependent.cat\/wp-content\/uploads\/2021\/02\/img_20210308_183540_burst004-300x225.jpg 300w\" data-sizes=\"(max-width: 303px) 100vw, 303px\" src=\"data:image\/svg+xml;base64,PHN2ZyB3aWR0aD0iMSIgaGVpZ2h0PSIxIiB4bWxucz0iaHR0cDovL3d3dy53My5vcmcvMjAwMC9zdmciPjwvc3ZnPg==\" \/><\/p>\n<p><img decoding=\"async\" class=\"size-full wp-image-68709 lazyload\" style=\"--smush-placeholder-width: 270px; --smush-placeholder-aspect-ratio: 270\/203;font-size: 10pt;\" data-src=\"https:\/\/laindependent.cat\/wp-content\/uploads\/2021\/02\/img_20210308_184340.jpg\" alt=\"IMG 20210308 184340\" width=\"270\" height=\"203\" data-srcset=\"https:\/\/laindependent.cat\/wp-content\/uploads\/2021\/02\/img_20210308_184340.jpg 400w, https:\/\/laindependent.cat\/wp-content\/uploads\/2021\/02\/img_20210308_184340-300x225.jpg 300w\" data-sizes=\"(max-width: 270px) 100vw, 270px\" src=\"data:image\/svg+xml;base64,PHN2ZyB3aWR0aD0iMSIgaGVpZ2h0PSIxIiB4bWxucz0iaHR0cDovL3d3dy53My5vcmcvMjAwMC9zdmciPjwvc3ZnPg==\" \/><img decoding=\"async\" class=\"size-full wp-image-68712 lazyload\" data-src=\"https:\/\/laindependent.cat\/wp-content\/uploads\/2021\/02\/img_20210308_184527.jpg\" alt=\"IMG 20210308 184527\" width=\"427\" height=\"321\" data-srcset=\"https:\/\/laindependent.cat\/wp-content\/uploads\/2021\/02\/img_20210308_184527.jpg 400w, https:\/\/laindependent.cat\/wp-content\/uploads\/2021\/02\/img_20210308_184527-300x225.jpg 300w\" data-sizes=\"(max-width: 427px) 100vw, 427px\" src=\"data:image\/svg+xml;base64,PHN2ZyB3aWR0aD0iMSIgaGVpZ2h0PSIxIiB4bWxucz0iaHR0cDovL3d3dy53My5vcmcvMjAwMC9zdmciPjwvc3ZnPg==\" style=\"--smush-placeholder-width: 427px; --smush-placeholder-aspect-ratio: 427\/321;\" \/><img decoding=\"async\" class=\"alignleft size-full wp-image-68715 lazyload\" style=\"--smush-placeholder-width: 243px; --smush-placeholder-aspect-ratio: 243\/323;font-size: 10pt; float: left;\" data-src=\"https:\/\/laindependent.cat\/wp-content\/uploads\/2021\/02\/img-20210307-wa0059.jpg\" alt=\"IMG-20210307-WA0059\" width=\"243\" height=\"323\" data-srcset=\"https:\/\/laindependent.cat\/wp-content\/uploads\/2021\/02\/img-20210307-wa0059.jpg 400w, https:\/\/laindependent.cat\/wp-content\/uploads\/2021\/02\/img-20210307-wa0059-225x300.jpg 225w\" data-sizes=\"(max-width: 243px) 100vw, 243px\" src=\"data:image\/svg+xml;base64,PHN2ZyB3aWR0aD0iMSIgaGVpZ2h0PSIxIiB4bWxucz0iaHR0cDovL3d3dy53My5vcmcvMjAwMC9zdmciPjwvc3ZnPg==\" \/><\/p>\n<p>\u00a0<\/p>\n<p><img decoding=\"async\" class=\"size-full wp-image-68718 lazyload\" style=\"--smush-placeholder-width: 373px; --smush-placeholder-aspect-ratio: 373\/280;font-size: 10pt;\" data-src=\"https:\/\/laindependent.cat\/wp-content\/uploads\/2021\/02\/img_20210308_185519.jpg\" alt=\"IMG 20210308 185519\" width=\"373\" height=\"280\" data-srcset=\"https:\/\/laindependent.cat\/wp-content\/uploads\/2021\/02\/img_20210308_185519.jpg 400w, https:\/\/laindependent.cat\/wp-content\/uploads\/2021\/02\/img_20210308_185519-300x225.jpg 300w\" data-sizes=\"(max-width: 373px) 100vw, 373px\" src=\"data:image\/svg+xml;base64,PHN2ZyB3aWR0aD0iMSIgaGVpZ2h0PSIxIiB4bWxucz0iaHR0cDovL3d3dy53My5vcmcvMjAwMC9zdmciPjwvc3ZnPg==\" \/><span style=\"font-size: 10pt;\">\u00a0<\/span><\/p>\n<p>\u00a0<\/p>\n<p><img decoding=\"async\" class=\"size-full wp-image-68721 lazyload\" style=\"--smush-placeholder-width: 400px; --smush-placeholder-aspect-ratio: 400\/300;font-size: 10pt;\" data-src=\"https:\/\/laindependent.cat\/wp-content\/uploads\/2021\/02\/img_20210308_185524.jpg\" alt=\"IMG 20210308 185524\" width=\"400\" height=\"300\" data-srcset=\"https:\/\/laindependent.cat\/wp-content\/uploads\/2021\/02\/img_20210308_185524.jpg 400w, https:\/\/laindependent.cat\/wp-content\/uploads\/2021\/02\/img_20210308_185524-300x225.jpg 300w\" data-sizes=\"(max-width: 400px) 100vw, 400px\" src=\"data:image\/svg+xml;base64,PHN2ZyB3aWR0aD0iMSIgaGVpZ2h0PSIxIiB4bWxucz0iaHR0cDovL3d3dy53My5vcmcvMjAwMC9zdmciPjwvc3ZnPg==\" \/><\/p>\n<p>\u00a0<\/p>\n<p><img decoding=\"async\" class=\"alignleft size-full wp-image-68724 lazyload\" style=\"--smush-placeholder-width: 316px; --smush-placeholder-aspect-ratio: 316\/237;font-size: 10pt; float: left;\" data-src=\"https:\/\/laindependent.cat\/wp-content\/uploads\/2021\/02\/img_20210308_185745.jpg\" alt=\"IMG 20210308 185745\" width=\"316\" height=\"237\" data-srcset=\"https:\/\/laindependent.cat\/wp-content\/uploads\/2021\/02\/img_20210308_185745.jpg 400w, https:\/\/laindependent.cat\/wp-content\/uploads\/2021\/02\/img_20210308_185745-300x225.jpg 300w\" data-sizes=\"(max-width: 316px) 100vw, 316px\" src=\"data:image\/svg+xml;base64,PHN2ZyB3aWR0aD0iMSIgaGVpZ2h0PSIxIiB4bWxucz0iaHR0cDovL3d3dy53My5vcmcvMjAwMC9zdmciPjwvc3ZnPg==\" \/><\/p>\n<p><img decoding=\"async\" class=\"size-full wp-image-68727 lazyload\" style=\"--smush-placeholder-width: 313px; --smush-placeholder-aspect-ratio: 313\/235;font-size: 10pt;\" data-src=\"https:\/\/laindependent.cat\/wp-content\/uploads\/2021\/02\/img_20210308_191507.jpg\" alt=\"IMG 20210308 191507\" width=\"313\" height=\"235\" data-srcset=\"https:\/\/laindependent.cat\/wp-content\/uploads\/2021\/02\/img_20210308_191507.jpg 400w, https:\/\/laindependent.cat\/wp-content\/uploads\/2021\/02\/img_20210308_191507-300x225.jpg 300w\" data-sizes=\"(max-width: 313px) 100vw, 313px\" src=\"data:image\/svg+xml;base64,PHN2ZyB3aWR0aD0iMSIgaGVpZ2h0PSIxIiB4bWxucz0iaHR0cDovL3d3dy53My5vcmcvMjAwMC9zdmciPjwvc3ZnPg==\" \/><\/p>\n<p>\u00a0<\/p>\n<p>\u00a0<\/p>\n<p><img decoding=\"async\" class=\"alignleft size-full wp-image-68730 lazyload\" style=\"--smush-placeholder-width: 315px; --smush-placeholder-aspect-ratio: 315\/236;font-size: 10pt; float: left;\" data-src=\"https:\/\/laindependent.cat\/wp-content\/uploads\/2021\/02\/img_20210308_191510_burst004.jpg\" alt=\"IMG 20210308 191510 BURST004\" width=\"315\" height=\"236\" data-srcset=\"https:\/\/laindependent.cat\/wp-content\/uploads\/2021\/02\/img_20210308_191510_burst004.jpg 400w, https:\/\/laindependent.cat\/wp-content\/uploads\/2021\/02\/img_20210308_191510_burst004-300x225.jpg 300w\" data-sizes=\"(max-width: 315px) 100vw, 315px\" src=\"data:image\/svg+xml;base64,PHN2ZyB3aWR0aD0iMSIgaGVpZ2h0PSIxIiB4bWxucz0iaHR0cDovL3d3dy53My5vcmcvMjAwMC9zdmciPjwvc3ZnPg==\" \/><\/p>\n<p><img decoding=\"async\" class=\"size-full wp-image-68733 lazyload\" style=\"--smush-placeholder-width: 286px; --smush-placeholder-aspect-ratio: 286\/241;font-size: 10pt;\" data-src=\"https:\/\/laindependent.cat\/wp-content\/uploads\/2021\/02\/madrid_7.jpg\" alt=\"madrid 7\" width=\"286\" height=\"241\" data-srcset=\"https:\/\/laindependent.cat\/wp-content\/uploads\/2021\/02\/madrid_7.jpg 400w, https:\/\/laindependent.cat\/wp-content\/uploads\/2021\/02\/madrid_7-300x253.jpg 300w\" data-sizes=\"(max-width: 286px) 100vw, 286px\" src=\"data:image\/svg+xml;base64,PHN2ZyB3aWR0aD0iMSIgaGVpZ2h0PSIxIiB4bWxucz0iaHR0cDovL3d3dy53My5vcmcvMjAwMC9zdmciPjwvc3ZnPg==\" \/><\/p>\n<p>\u00a0<\/p>\n<p>Comissi\u00f3 Laboral Vaga Feminista 8M<\/p>\n<p>\u00a0<\/p>\n<p><img decoding=\"async\" class=\"size-full wp-image-68736 lazyload\" data-src=\"https:\/\/laindependent.cat\/wp-content\/uploads\/2021\/02\/img-20210308-wa0040.jpg\" alt=\"IMG-20210308-WA0040\" width=\"504\" height=\"284\" data-srcset=\"https:\/\/laindependent.cat\/wp-content\/uploads\/2021\/02\/img-20210308-wa0040.jpg 1344w, https:\/\/laindependent.cat\/wp-content\/uploads\/2021\/02\/img-20210308-wa0040-300x169.jpg 300w, https:\/\/laindependent.cat\/wp-content\/uploads\/2021\/02\/img-20210308-wa0040-1000x563.jpg 1000w, https:\/\/laindependent.cat\/wp-content\/uploads\/2021\/02\/img-20210308-wa0040-768x432.jpg 768w\" data-sizes=\"(max-width: 504px) 100vw, 504px\" src=\"data:image\/svg+xml;base64,PHN2ZyB3aWR0aD0iMSIgaGVpZ2h0PSIxIiB4bWxucz0iaHR0cDovL3d3dy53My5vcmcvMjAwMC9zdmciPjwvc3ZnPg==\" style=\"--smush-placeholder-width: 504px; --smush-placeholder-aspect-ratio: 504\/284;\" \/><\/p>\n<p>\u00a0<\/p>\n<p>\u00a0<\/p>\n<p>\u00a0<\/p>\n<p><img decoding=\"async\" class=\"alignleft size-full wp-image-68739 lazyload\" style=\"--smush-placeholder-width: 278px; --smush-placeholder-aspect-ratio: 278\/156;float: left;\" data-src=\"https:\/\/laindependent.cat\/wp-content\/uploads\/2021\/02\/img-20210308-wa0070.jpg\" alt=\"IMG-20210308-WA0070\" width=\"278\" height=\"156\" data-srcset=\"https:\/\/laindependent.cat\/wp-content\/uploads\/2021\/02\/img-20210308-wa0070.jpg 1344w, https:\/\/laindependent.cat\/wp-content\/uploads\/2021\/02\/img-20210308-wa0070-300x169.jpg 300w, https:\/\/laindependent.cat\/wp-content\/uploads\/2021\/02\/img-20210308-wa0070-1000x563.jpg 1000w, https:\/\/laindependent.cat\/wp-content\/uploads\/2021\/02\/img-20210308-wa0070-768x432.jpg 768w\" data-sizes=\"(max-width: 278px) 100vw, 278px\" src=\"data:image\/svg+xml;base64,PHN2ZyB3aWR0aD0iMSIgaGVpZ2h0PSIxIiB4bWxucz0iaHR0cDovL3d3dy53My5vcmcvMjAwMC9zdmciPjwvc3ZnPg==\" \/><\/p>\n<p><img decoding=\"async\" class=\"size-full wp-image-68742 lazyload\" data-src=\"https:\/\/laindependent.cat\/wp-content\/uploads\/2021\/02\/1200_1614000175cgt.jpg\" alt=\"1200 1614000175cgt\" width=\"371\" height=\"154\" src=\"data:image\/svg+xml;base64,PHN2ZyB3aWR0aD0iMSIgaGVpZ2h0PSIxIiB4bWxucz0iaHR0cDovL3d3dy53My5vcmcvMjAwMC9zdmciPjwvc3ZnPg==\" style=\"--smush-placeholder-width: 371px; --smush-placeholder-aspect-ratio: 371\/154;\" \/><\/p>\n<p>\u00a0<\/p>\n<p><span style=\"font-size: 10pt;\">\u00a0<\/span><span style=\"font-size: 10pt;\">\u00a0<\/span><\/p>\n<p>\u00a0<\/p>\n<p><span style=\"font-size: 10pt;\">\u00a0<\/span><\/p>\n<p><img decoding=\"async\" class=\"size-full wp-image-68745 lazyload\" data-src=\"https:\/\/laindependent.cat\/wp-content\/uploads\/2021\/02\/el_ano_pasado.jpg\" alt=\"El a\u00f1o Pasado\" width=\"500\" height=\"281\" data-srcset=\"https:\/\/laindependent.cat\/wp-content\/uploads\/2021\/02\/el_ano_pasado.jpg 500w, https:\/\/laindependent.cat\/wp-content\/uploads\/2021\/02\/el_ano_pasado-300x169.jpg 300w\" data-sizes=\"(max-width: 500px) 100vw, 500px\" src=\"data:image\/svg+xml;base64,PHN2ZyB3aWR0aD0iMSIgaGVpZ2h0PSIxIiB4bWxucz0iaHR0cDovL3d3dy53My5vcmcvMjAwMC9zdmciPjwvc3ZnPg==\" style=\"--smush-placeholder-width: 500px; --smush-placeholder-aspect-ratio: 500\/281;\" \/>\u00a0<\/p>\n<p>\u00a08M 2020<\/p>\n<p>\u00a0<\/p>\n<p>\u00a0<\/p>\n<p>\u00a0<\/p>\n<p>\u00a0<\/p>\n<p>\u00a0<\/p>\n","protected":false},"excerpt":{"rendered":"<p>No hay traducci\u00f3n disponible 8M a les 18:30h al Passeig de Gr\u00e0cia de Barcelona, amb totes les mesures de seguretat.\u00a0 Especial 8 de Marc 2021, Juntes, diverses i rebels,\u00a0Juntes #Imparables?!. Manifestos, comunicats, activitats i articles a: 8 de mar\u00e7 2021\u00a0 [&hellip;]<\/p>\n","protected":false},"author":72,"featured_media":37235,"comment_status":"open","ping_status":"closed","sticky":false,"template":"","format":"standard","meta":{"footnotes":""},"categories":[26338,1],"tags":[45056,45055],"class_list":["post-68748","post","type-post","status-publish","format-standard","has-post-thumbnail","hentry","category-8-de-marzo","category-la-independent","tag-imparables","tag-8m-2021"],"yoast_head":"<!-- This site is optimized with the Yoast SEO plugin v27.4 - https:\/\/yoast.com\/product\/yoast-seo-wordpress\/ -->\n<title>8M 2021: Juntes, diverses i rebels. Vaga Feminista | La Independent<\/title>\n<meta name=\"description\" content=\"No hay traducci\u00f3n disponible 8M a les 18:30h al Passeig de Gr\u00e0cia de Barcelona, amb totes les mesures de seguretat.\u00a0 Especial 8 de Marc 2021, Juntes,\" \/>\n<meta name=\"robots\" content=\"index, follow, max-snippet:-1, max-image-preview:large, max-video-preview:-1\" \/>\n<link rel=\"canonical\" href=\"https:\/\/laindependent.cat\/es\/8m-2021-juntes-diverses-i-rebels-vaga-feminista\/\" \/>\n<meta property=\"og:locale\" content=\"es_ES\" \/>\n<meta property=\"og:type\" content=\"article\" \/>\n<meta property=\"og:title\" content=\"8M 2021: Juntes, diverses i rebels. Vaga Feminista | La Independent\" \/>\n<meta property=\"og:description\" content=\"No hay traducci\u00f3n disponible 8M a les 18:30h al Passeig de Gr\u00e0cia de Barcelona, amb totes les mesures de seguretat.\u00a0 Especial 8 de Marc 2021, Juntes,\" \/>\n<meta property=\"og:url\" content=\"https:\/\/laindependent.cat\/es\/8m-2021-juntes-diverses-i-rebels-vaga-feminista\/\" \/>\n<meta property=\"og:site_name\" content=\"La Independent\" \/>\n<meta property=\"article:author\" content=\"https:\/\/www.facebook.com\/tona.gusi\" \/>\n<meta property=\"article:published_time\" content=\"2021-02-25T12:21:37+00:00\" \/>\n<meta property=\"og:image\" content=\"https:\/\/laindependent.cat\/wp-content\/uploads\/2021\/02\/marxa_8M.jpg\" \/>\n<meta name=\"author\" content=\"Tona Gusi\" \/>\n<meta name=\"twitter:card\" content=\"summary_large_image\" \/>\n<meta name=\"twitter:creator\" content=\"@https:\/\/twitter.com\/tonagusi\" \/>\n<meta name=\"twitter:label1\" content=\"Escrito por\" \/>\n\t<meta name=\"twitter:data1\" content=\"Tona Gusi\" \/>\n\t<meta name=\"twitter:label2\" content=\"Tiempo de lectura\" \/>\n\t<meta name=\"twitter:data2\" content=\"1 minuto\" \/>\n<script type=\"application\/ld+json\" class=\"yoast-schema-graph\">{\"@context\":\"https:\\\/\\\/schema.org\",\"@graph\":[{\"@type\":\"Article\",\"@id\":\"https:\\\/\\\/laindependent.cat\\\/es\\\/8m-2021-juntes-diverses-i-rebels-vaga-feminista\\\/#article\",\"isPartOf\":{\"@id\":\"https:\\\/\\\/laindependent.cat\\\/es\\\/8m-2021-juntes-diverses-i-rebels-vaga-feminista\\\/\"},\"author\":{\"name\":\"Tona Gusi\",\"@id\":\"https:\\\/\\\/laindependent.cat\\\/es\\\/#\\\/schema\\\/person\\\/48977a569b250ff82a4929194239bcc9\"},\"headline\":\"8M 2021: Juntes, diverses i rebels. Vaga Feminista\",\"datePublished\":\"2021-02-25T12:21:37+00:00\",\"mainEntityOfPage\":{\"@id\":\"https:\\\/\\\/laindependent.cat\\\/es\\\/8m-2021-juntes-diverses-i-rebels-vaga-feminista\\\/\"},\"wordCount\":147,\"commentCount\":0,\"publisher\":{\"@id\":\"https:\\\/\\\/laindependent.cat\\\/es\\\/#organization\"},\"image\":{\"@id\":\"https:\\\/\\\/laindependent.cat\\\/es\\\/8m-2021-juntes-diverses-i-rebels-vaga-feminista\\\/#primaryimage\"},\"thumbnailUrl\":\"https:\\\/\\\/laindependent.cat\\\/wp-content\\\/uploads\\\/2021\\\/02\\\/marxa_8M.jpg\",\"keywords\":[\"#Imparables\",\"8M 2021\"],\"articleSection\":[\"8 de Marzo\",\"La Independent\"],\"inLanguage\":\"es\",\"potentialAction\":[{\"@type\":\"CommentAction\",\"name\":\"Comment\",\"target\":[\"https:\\\/\\\/laindependent.cat\\\/es\\\/8m-2021-juntes-diverses-i-rebels-vaga-feminista\\\/#respond\"]}]},{\"@type\":\"WebPage\",\"@id\":\"https:\\\/\\\/laindependent.cat\\\/es\\\/8m-2021-juntes-diverses-i-rebels-vaga-feminista\\\/\",\"url\":\"https:\\\/\\\/laindependent.cat\\\/es\\\/8m-2021-juntes-diverses-i-rebels-vaga-feminista\\\/\",\"name\":\"8M 2021: Juntes, diverses i rebels. Vaga Feminista | La Independent\",\"isPartOf\":{\"@id\":\"https:\\\/\\\/laindependent.cat\\\/es\\\/#website\"},\"primaryImageOfPage\":{\"@id\":\"https:\\\/\\\/laindependent.cat\\\/es\\\/8m-2021-juntes-diverses-i-rebels-vaga-feminista\\\/#primaryimage\"},\"image\":{\"@id\":\"https:\\\/\\\/laindependent.cat\\\/es\\\/8m-2021-juntes-diverses-i-rebels-vaga-feminista\\\/#primaryimage\"},\"thumbnailUrl\":\"https:\\\/\\\/laindependent.cat\\\/wp-content\\\/uploads\\\/2021\\\/02\\\/marxa_8M.jpg\",\"datePublished\":\"2021-02-25T12:21:37+00:00\",\"description\":\"No hay traducci\u00f3n disponible 8M a les 18:30h al Passeig de Gr\u00e0cia de Barcelona, amb totes les mesures de seguretat.\u00a0 Especial 8 de Marc 2021, Juntes,\",\"breadcrumb\":{\"@id\":\"https:\\\/\\\/laindependent.cat\\\/es\\\/8m-2021-juntes-diverses-i-rebels-vaga-feminista\\\/#breadcrumb\"},\"inLanguage\":\"es\",\"potentialAction\":[{\"@type\":\"ReadAction\",\"target\":[\"https:\\\/\\\/laindependent.cat\\\/es\\\/8m-2021-juntes-diverses-i-rebels-vaga-feminista\\\/\"]}]},{\"@type\":\"ImageObject\",\"inLanguage\":\"es\",\"@id\":\"https:\\\/\\\/laindependent.cat\\\/es\\\/8m-2021-juntes-diverses-i-rebels-vaga-feminista\\\/#primaryimage\",\"url\":\"https:\\\/\\\/laindependent.cat\\\/wp-content\\\/uploads\\\/2021\\\/02\\\/marxa_8M.jpg\",\"contentUrl\":\"https:\\\/\\\/laindependent.cat\\\/wp-content\\\/uploads\\\/2021\\\/02\\\/marxa_8M.jpg\",\"width\":636,\"height\":900},{\"@type\":\"BreadcrumbList\",\"@id\":\"https:\\\/\\\/laindependent.cat\\\/es\\\/8m-2021-juntes-diverses-i-rebels-vaga-feminista\\\/#breadcrumb\",\"itemListElement\":[{\"@type\":\"ListItem\",\"position\":1,\"name\":\"Inici\",\"item\":\"https:\\\/\\\/laindependent.cat\\\/es\\\/la-independent\\\/\"},{\"@type\":\"ListItem\",\"position\":2,\"name\":\"8 de Marzo\",\"item\":\"https:\\\/\\\/laindependent.cat\\\/es\\\/tema\\\/8-de-marzo\\\/\"},{\"@type\":\"ListItem\",\"position\":3,\"name\":\"8M 2021: Juntes, diverses i rebels. Vaga Feminista\"}]},{\"@type\":\"WebSite\",\"@id\":\"https:\\\/\\\/laindependent.cat\\\/es\\\/#website\",\"url\":\"https:\\\/\\\/laindependent.cat\\\/es\\\/\",\"name\":\"La Independent\",\"description\":\"Ag\u00e8ncia de not\u00edcies amb visi\u00f3 de g\u00e8nere\",\"publisher\":{\"@id\":\"https:\\\/\\\/laindependent.cat\\\/es\\\/#organization\"},\"alternateName\":\"Ag\u00e8ncia de not\u00edcies amb visi\u00f3 de g\u00e8nere\",\"potentialAction\":[{\"@type\":\"SearchAction\",\"target\":{\"@type\":\"EntryPoint\",\"urlTemplate\":\"https:\\\/\\\/laindependent.cat\\\/es\\\/?s={search_term_string}\"},\"query-input\":{\"@type\":\"PropertyValueSpecification\",\"valueRequired\":true,\"valueName\":\"search_term_string\"}}],\"inLanguage\":\"es\"},{\"@type\":\"Organization\",\"@id\":\"https:\\\/\\\/laindependent.cat\\\/es\\\/#organization\",\"name\":\"La Independent\",\"alternateName\":\"Ag\u00e8ncia de not\u00edcies amb visi\u00f3 de g\u00e8nere\",\"url\":\"https:\\\/\\\/laindependent.cat\\\/es\\\/\",\"logo\":{\"@type\":\"ImageObject\",\"inLanguage\":\"es\",\"@id\":\"https:\\\/\\\/laindependent.cat\\\/es\\\/#\\\/schema\\\/logo\\\/image\\\/\",\"url\":\"https:\\\/\\\/laindependent.cat\\\/wp-content\\\/uploads\\\/2022\\\/10\\\/logo-independent.svg\",\"contentUrl\":\"https:\\\/\\\/laindependent.cat\\\/wp-content\\\/uploads\\\/2022\\\/10\\\/logo-independent.svg\",\"width\":562,\"height\":78,\"caption\":\"La Independent\"},\"image\":{\"@id\":\"https:\\\/\\\/laindependent.cat\\\/es\\\/#\\\/schema\\\/logo\\\/image\\\/\"}},{\"@type\":\"Person\",\"@id\":\"https:\\\/\\\/laindependent.cat\\\/es\\\/#\\\/schema\\\/person\\\/48977a569b250ff82a4929194239bcc9\",\"name\":\"Tona Gusi\",\"image\":{\"@type\":\"ImageObject\",\"inLanguage\":\"es\",\"@id\":\"https:\\\/\\\/secure.gravatar.com\\\/avatar\\\/d09891f52233d2ed7c2e066fc06640e576202983bf7f713e372185f035ac5f67?s=96&d=blank&r=g\",\"url\":\"https:\\\/\\\/secure.gravatar.com\\\/avatar\\\/d09891f52233d2ed7c2e066fc06640e576202983bf7f713e372185f035ac5f67?s=96&d=blank&r=g\",\"contentUrl\":\"https:\\\/\\\/secure.gravatar.com\\\/avatar\\\/d09891f52233d2ed7c2e066fc06640e576202983bf7f713e372185f035ac5f67?s=96&d=blank&r=g\",\"caption\":\"Tona Gusi\"},\"description\":\"Fundadora i Co-coordinadora de La Independent. Tamb\u00e9 \u00e9s psic\u00f2loga menci\u00f3 en Psicologia d'Intervenci\u00f3 Cl\u00ednica i menci\u00f3 en Psicologia del Treball i les Organitzacions.\",\"sameAs\":[\"https:\\\/\\\/www.facebook.com\\\/tona.gusi\",\"https:\\\/\\\/x.com\\\/https:\\\/\\\/twitter.com\\\/tonagusi\"],\"url\":\"https:\\\/\\\/laindependent.cat\\\/es\\\/author\\\/tona-gusi\\\/\"}]}<\/script>\n<!-- \/ Yoast SEO plugin. -->","yoast_head_json":{"title":"8M 2021: Juntes, diverses i rebels. Vaga Feminista | La Independent","description":"No hay traducci\u00f3n disponible 8M a les 18:30h al Passeig de Gr\u00e0cia de Barcelona, amb totes les mesures de seguretat.\u00a0 Especial 8 de Marc 2021, Juntes,","robots":{"index":"index","follow":"follow","max-snippet":"max-snippet:-1","max-image-preview":"max-image-preview:large","max-video-preview":"max-video-preview:-1"},"canonical":"https:\/\/laindependent.cat\/es\/8m-2021-juntes-diverses-i-rebels-vaga-feminista\/","og_locale":"es_ES","og_type":"article","og_title":"8M 2021: Juntes, diverses i rebels. Vaga Feminista | La Independent","og_description":"No hay traducci\u00f3n disponible 8M a les 18:30h al Passeig de Gr\u00e0cia de Barcelona, amb totes les mesures de seguretat.\u00a0 Especial 8 de Marc 2021, Juntes,","og_url":"https:\/\/laindependent.cat\/es\/8m-2021-juntes-diverses-i-rebels-vaga-feminista\/","og_site_name":"La Independent","article_author":"https:\/\/www.facebook.com\/tona.gusi","article_published_time":"2021-02-25T12:21:37+00:00","og_image":[{"url":"https:\/\/laindependent.cat\/wp-content\/uploads\/2021\/02\/marxa_8M.jpg","type":"","width":"","height":""}],"author":"Tona Gusi","twitter_card":"summary_large_image","twitter_creator":"@https:\/\/twitter.com\/tonagusi","twitter_misc":{"Escrito por":"Tona Gusi","Tiempo de lectura":"1 minuto"},"schema":{"@context":"https:\/\/schema.org","@graph":[{"@type":"Article","@id":"https:\/\/laindependent.cat\/es\/8m-2021-juntes-diverses-i-rebels-vaga-feminista\/#article","isPartOf":{"@id":"https:\/\/laindependent.cat\/es\/8m-2021-juntes-diverses-i-rebels-vaga-feminista\/"},"author":{"name":"Tona Gusi","@id":"https:\/\/laindependent.cat\/es\/#\/schema\/person\/48977a569b250ff82a4929194239bcc9"},"headline":"8M 2021: Juntes, diverses i rebels. Vaga Feminista","datePublished":"2021-02-25T12:21:37+00:00","mainEntityOfPage":{"@id":"https:\/\/laindependent.cat\/es\/8m-2021-juntes-diverses-i-rebels-vaga-feminista\/"},"wordCount":147,"commentCount":0,"publisher":{"@id":"https:\/\/laindependent.cat\/es\/#organization"},"image":{"@id":"https:\/\/laindependent.cat\/es\/8m-2021-juntes-diverses-i-rebels-vaga-feminista\/#primaryimage"},"thumbnailUrl":"https:\/\/laindependent.cat\/wp-content\/uploads\/2021\/02\/marxa_8M.jpg","keywords":["#Imparables","8M 2021"],"articleSection":["8 de Marzo","La Independent"],"inLanguage":"es","potentialAction":[{"@type":"CommentAction","name":"Comment","target":["https:\/\/laindependent.cat\/es\/8m-2021-juntes-diverses-i-rebels-vaga-feminista\/#respond"]}]},{"@type":"WebPage","@id":"https:\/\/laindependent.cat\/es\/8m-2021-juntes-diverses-i-rebels-vaga-feminista\/","url":"https:\/\/laindependent.cat\/es\/8m-2021-juntes-diverses-i-rebels-vaga-feminista\/","name":"8M 2021: Juntes, diverses i rebels. Vaga Feminista | La Independent","isPartOf":{"@id":"https:\/\/laindependent.cat\/es\/#website"},"primaryImageOfPage":{"@id":"https:\/\/laindependent.cat\/es\/8m-2021-juntes-diverses-i-rebels-vaga-feminista\/#primaryimage"},"image":{"@id":"https:\/\/laindependent.cat\/es\/8m-2021-juntes-diverses-i-rebels-vaga-feminista\/#primaryimage"},"thumbnailUrl":"https:\/\/laindependent.cat\/wp-content\/uploads\/2021\/02\/marxa_8M.jpg","datePublished":"2021-02-25T12:21:37+00:00","description":"No hay traducci\u00f3n disponible 8M a les 18:30h al Passeig de Gr\u00e0cia de Barcelona, amb totes les mesures de seguretat.\u00a0 Especial 8 de Marc 2021, Juntes,","breadcrumb":{"@id":"https:\/\/laindependent.cat\/es\/8m-2021-juntes-diverses-i-rebels-vaga-feminista\/#breadcrumb"},"inLanguage":"es","potentialAction":[{"@type":"ReadAction","target":["https:\/\/laindependent.cat\/es\/8m-2021-juntes-diverses-i-rebels-vaga-feminista\/"]}]},{"@type":"ImageObject","inLanguage":"es","@id":"https:\/\/laindependent.cat\/es\/8m-2021-juntes-diverses-i-rebels-vaga-feminista\/#primaryimage","url":"https:\/\/laindependent.cat\/wp-content\/uploads\/2021\/02\/marxa_8M.jpg","contentUrl":"https:\/\/laindependent.cat\/wp-content\/uploads\/2021\/02\/marxa_8M.jpg","width":636,"height":900},{"@type":"BreadcrumbList","@id":"https:\/\/laindependent.cat\/es\/8m-2021-juntes-diverses-i-rebels-vaga-feminista\/#breadcrumb","itemListElement":[{"@type":"ListItem","position":1,"name":"Inici","item":"https:\/\/laindependent.cat\/es\/la-independent\/"},{"@type":"ListItem","position":2,"name":"8 de Marzo","item":"https:\/\/laindependent.cat\/es\/tema\/8-de-marzo\/"},{"@type":"ListItem","position":3,"name":"8M 2021: Juntes, diverses i rebels. Vaga Feminista"}]},{"@type":"WebSite","@id":"https:\/\/laindependent.cat\/es\/#website","url":"https:\/\/laindependent.cat\/es\/","name":"La Independent","description":"Ag\u00e8ncia de not\u00edcies amb visi\u00f3 de g\u00e8nere","publisher":{"@id":"https:\/\/laindependent.cat\/es\/#organization"},"alternateName":"Ag\u00e8ncia de not\u00edcies amb visi\u00f3 de g\u00e8nere","potentialAction":[{"@type":"SearchAction","target":{"@type":"EntryPoint","urlTemplate":"https:\/\/laindependent.cat\/es\/?s={search_term_string}"},"query-input":{"@type":"PropertyValueSpecification","valueRequired":true,"valueName":"search_term_string"}}],"inLanguage":"es"},{"@type":"Organization","@id":"https:\/\/laindependent.cat\/es\/#organization","name":"La Independent","alternateName":"Ag\u00e8ncia de not\u00edcies amb visi\u00f3 de g\u00e8nere","url":"https:\/\/laindependent.cat\/es\/","logo":{"@type":"ImageObject","inLanguage":"es","@id":"https:\/\/laindependent.cat\/es\/#\/schema\/logo\/image\/","url":"https:\/\/laindependent.cat\/wp-content\/uploads\/2022\/10\/logo-independent.svg","contentUrl":"https:\/\/laindependent.cat\/wp-content\/uploads\/2022\/10\/logo-independent.svg","width":562,"height":78,"caption":"La Independent"},"image":{"@id":"https:\/\/laindependent.cat\/es\/#\/schema\/logo\/image\/"}},{"@type":"Person","@id":"https:\/\/laindependent.cat\/es\/#\/schema\/person\/48977a569b250ff82a4929194239bcc9","name":"Tona Gusi","image":{"@type":"ImageObject","inLanguage":"es","@id":"https:\/\/secure.gravatar.com\/avatar\/d09891f52233d2ed7c2e066fc06640e576202983bf7f713e372185f035ac5f67?s=96&d=blank&r=g","url":"https:\/\/secure.gravatar.com\/avatar\/d09891f52233d2ed7c2e066fc06640e576202983bf7f713e372185f035ac5f67?s=96&d=blank&r=g","contentUrl":"https:\/\/secure.gravatar.com\/avatar\/d09891f52233d2ed7c2e066fc06640e576202983bf7f713e372185f035ac5f67?s=96&d=blank&r=g","caption":"Tona Gusi"},"description":"Fundadora i Co-coordinadora de La Independent. Tamb\u00e9 \u00e9s psic\u00f2loga menci\u00f3 en Psicologia d'Intervenci\u00f3 Cl\u00ednica i menci\u00f3 en Psicologia del Treball i les Organitzacions.","sameAs":["https:\/\/www.facebook.com\/tona.gusi","https:\/\/x.com\/https:\/\/twitter.com\/tonagusi"],"url":"https:\/\/laindependent.cat\/es\/author\/tona-gusi\/"}]}},"_links":{"self":[{"href":"https:\/\/laindependent.cat\/es\/wp-json\/wp\/v2\/posts\/68748","targetHints":{"allow":["GET"]}}],"collection":[{"href":"https:\/\/laindependent.cat\/es\/wp-json\/wp\/v2\/posts"}],"about":[{"href":"https:\/\/laindependent.cat\/es\/wp-json\/wp\/v2\/types\/post"}],"author":[{"embeddable":true,"href":"https:\/\/laindependent.cat\/es\/wp-json\/wp\/v2\/users\/72"}],"replies":[{"embeddable":true,"href":"https:\/\/laindependent.cat\/es\/wp-json\/wp\/v2\/comments?post=68748"}],"version-history":[{"count":0,"href":"https:\/\/laindependent.cat\/es\/wp-json\/wp\/v2\/posts\/68748\/revisions"}],"wp:featuredmedia":[{"embeddable":true,"href":"https:\/\/laindependent.cat\/es\/wp-json\/wp\/v2\/media\/37235"}],"wp:attachment":[{"href":"https:\/\/laindependent.cat\/es\/wp-json\/wp\/v2\/media?parent=68748"}],"wp:term":[{"taxonomy":"category","embeddable":true,"href":"https:\/\/laindependent.cat\/es\/wp-json\/wp\/v2\/categories?post=68748"},{"taxonomy":"post_tag","embeddable":true,"href":"https:\/\/laindependent.cat\/es\/wp-json\/wp\/v2\/tags?post=68748"}],"curies":[{"name":"wp","href":"https:\/\/api.w.org\/{rel}","templated":true}]}}