{"id":66548,"date":"2018-11-01T21:52:30","date_gmt":"2018-11-01T20:52:30","guid":{"rendered":"https:\/\/laindependent.cat\/merce-rodoreda-y-la-dama-del-lago\/"},"modified":"2018-11-01T21:52:30","modified_gmt":"2018-11-01T20:52:30","slug":"merce-rodoreda-y-la-dama-del-lago","status":"publish","type":"post","link":"https:\/\/laindependent.cat\/es\/merce-rodoreda-y-la-dama-del-lago\/","title":{"rendered":"Merc\u00e9 Rodoreda y la dama del lago"},"content":{"rendered":"<p>\u00a0<img decoding=\"async\" class=\"size-full wp-image-35049 lazyload\" style=\"--smush-placeholder-width: 175px; --smush-placeholder-aspect-ratio: 175\/131;font-size: 10pt;\" data-src=\"https:\/\/laindependent.cat\/wp-content\/uploads\/2018\/11\/Eulalia_Lledo_2.jpg\" alt=\"Eulalia Lledo 2\" width=\"175\" height=\"131\" src=\"data:image\/svg+xml;base64,PHN2ZyB3aWR0aD0iMSIgaGVpZ2h0PSIxIiB4bWxucz0iaHR0cDovL3d3dy53My5vcmcvMjAwMC9zdmciPjwvc3ZnPg==\" \/><\/p>\n<p><span style=\"font-size: 10pt;\">\u00a0<\/span><\/p>\n<p style=\"text-align: left;\"><span style=\"font-size: 10pt;\"><strong><span style=\"font-family: 'trebuchet ms', geneva;\">OPINI\u00d3N<\/span><\/strong><\/span><\/p>\n<p style=\"text-align: left;\"><span style=\"font-family: 'trebuchet ms', geneva;\"><strong><a href=\"https:\/\/ca.wikipedia.org\/wiki\/Merc%C3%A8_Rodoreda_i_Gurgu%C3%AD\" target=\"_blank\" rel=\"noopener\">Merc\u00e8 Rodoreda<\/a> i Gurgu\u00ed\u00a0<span style=\"font-size: 11pt; line-height: 115%; font-family: Calibri, sans-serif;\">(Barcelona, 1908-Girona, 1983) habl\u00f3 en m\u00e1s de una ocasi\u00f3n sobre literatura<\/span><span style=\"font-size: 11pt; line-height: 115%; font-family: Calibri, sans-serif;\">.<\/span><span style=\"font-size: 11pt; line-height: 115%; font-family: Calibri, sans-serif;\">\u00a0<\/span><\/strong><\/span><strong><span style=\"font-family: 'trebuchet ms', geneva; font-size: 10pt;\">De c\u00f3mo opera; de c\u00f3mo se construye una novela, los detalles que la conforman y le dan verosimilitud y sentido.<\/span><\/strong><\/p>\n<p><!--more--><\/p>\n<p style=\"text-align: left;\"><strong><span style=\"font-family: 'trebuchet ms', geneva; font-size: 10pt;\"> <\/span><\/strong><\/p>\n<p style=\"text-align: left;\"><span style=\"font-family: 'trebuchet ms', geneva; font-size: 10pt;\">Bastar\u00eda recorrer la chispeante correspondencia con su editor <strong>Joan Sales<\/strong>,<strong> Merc\u00e8 Rodoreda<\/strong>&#8211;<strong>Joan\u00a0<\/strong> <strong>Sales<\/strong>. <em>Cartes Completes<\/em> (1960-1983) para verlo.<\/span><\/p>\n<p style=\"text-align: left;\"><span style=\"font-size: 10pt; font-family: 'trebuchet ms', geneva;\">Lo hace como la gran escritora que es, \u00a1ah, d\u00f3nde habr\u00eda llegado su valoraci\u00f3n y su fama si hubiera escrito, por ejemplo, en ingl\u00e9s! Pone de manifiesto los esenciales hilos que la sostienen y crea gran literatura a trav\u00e9s de la reflexi\u00f3n literaria. Todo el pr\u00f3logo a <em>Espejo Roto<\/em> (el original catal\u00e1n se public\u00f3 en 1974), una de las novelazas del siglo xx, escrita durante la prol\u00edfica etapa ginebrina (1954-1972) de su largo exilio, es un canto a la propia literatura y, de paso, claro est\u00e1, a la ajena.<\/span><\/p>\n<p style=\"text-align: left;\">\u00a0<span style=\"font-size: 10pt; font-family: 'trebuchet ms', geneva;\">La Perla del Lago es un restaurante a orillas del Leman. Cerrado en invierno, en verano es un lugar encantador. En la terraza toman el t\u00e9 se\u00f1oras y se\u00f1ores ginebrinos felices de haber nacido en Suiza, para\u00edso de Europa. Entre sorbo y sorbo de t\u00e9 ves, el agua cortada por esquiadores n\u00e1uticos, por lanchas motoras, por barquitos de vela, por vaporcillos blancos con su chimenea negra y amarilla realizando la traves\u00eda del lago. El restaurante est\u00e1 rodeado de jardines, de cedros y de tilos centenarios, de una locura de flores, de tapices de c\u00e9sped sin una brizna que no sea de un verde de esmeralda.<\/span><\/p>\n<p style=\"text-align: left;\"><span style=\"font-size: 10pt; font-family: 'trebuchet ms', geneva;\">Una tarde, a puesta del sol, una se\u00f1ora ya mayor baj\u00f3 de un Rolls, se acerc\u00f3 al murete que circunda el lago y se qued\u00f3 tan inm\u00f3vil que no parec\u00eda de verdad. Llevaba joyas, cosa rara en una ginebrina: un brazalete anch\u00edsimo de brillantes y de zafiros. Al cabo de un buen rato se fue. \u00bfQu\u00e9 pensar\u00eda mirando las barcas, el agua con sol y cielo desmenuzados en su superficie, el vaporcito que pasaba haciendo sonar la sirena con alegr\u00eda? \u00bfPensaba en ella? \u00bfReve\u00eda su juventud? \u00bfVe\u00eda algo o no ve\u00eda nada de tan profundamente perdida en sus recuerdos? M\u00e1s tarde, cuando, sin hacer nada para pensar en ella, pens\u00e9 en ella, no sab\u00eda si ten\u00eda el pelo rubio o negro, no lo s\u00e9. Recordaba sus ojos que, un momento, se encontraron con los m\u00edos; unos ojos, de color indefinido en los que se hab\u00eda ido acumulando mucha vida. Una imagen de refinamiento, un poco fuera del mundo, algo diferente de todo. Al crear a T<strong>eresa Goday de Valldaura<\/strong>, le di los ojos de la dama del Leman.<\/span><\/p>\n<p style=\"text-align: left;\">\u00a0<span style=\"font-size: 10pt; font-family: 'trebuchet ms', geneva;\">(Por poco que puedan, acudan a la versi\u00f3n catalana de este art\u00edculo y lean en su lengua original este hermoso fragmento de Espejo Roto. Atr\u00e9vanse, lo agradecer\u00e1n. El catal\u00e1n es f\u00e1cil).<\/span><\/p>\n<p style=\"text-align: left;\"><span style=\"font-size: 10pt; font-family: 'trebuchet ms', geneva;\">Rodoreda iba a menudo a este restaurante situado muy cerca del edificio de las Naciones Unidas. De hecho, La Perla del Llac es el t\u00edtulo de una novela suya inacabada depositada en el archivo del Institut d&#8217;Estudis Catalans.<\/span><\/p>\n<p style=\"text-align: center;\"><span style=\"font-family: 'trebuchet ms', geneva;\"><br \/><img fetchpriority=\"high\" decoding=\"async\" class=\" size-full wp-image-35050\" src=\"https:\/\/laindependent.cat\/wp-content\/uploads\/2018\/11\/Lledo.jpg\" alt=\"Lledo\" width=\"630\" height=\"420\" srcset=\"https:\/\/laindependent.cat\/wp-content\/uploads\/2018\/11\/Lledo.jpg 630w, https:\/\/laindependent.cat\/wp-content\/uploads\/2018\/11\/Lledo-300x200.jpg 300w\" sizes=\"(max-width: 630px) 100vw, 630px\" \/><\/span><\/p>\n<p style=\"text-align: center;\">\u00a0<span style=\"font-family: 'trebuchet ms', geneva; font-size: 8pt;\">Foto: Lago. Eulalia Lledo<\/span><\/p>\n<p style=\"text-align: left;\">\u00a0<\/p>\n<p style=\"text-align: left;\"><span style=\"font-size: 10pt; font-family: 'trebuchet ms', geneva;\">Viaj\u00e9 a Ginebra y para all\u00e1 que me fui a toda prisa y reverente cuando la tarde empezaba a caer lentamente. A pasar mi mano por el murete donde quiz\u00e1s se hab\u00eda apoyado levemente la dama con unos ojos llenos de vida vivida. A recordar los ojos de zafiro de Teresa Goday, su empaque y hechuras. A contemplar el incesante pero calmado y relajante tr\u00e1fico del lago. A imaginar una locura de viajes y flores mientras caminaba por caminos flanqueados de tilos, casta\u00f1os y cedros arraigados en un impoluto tapiz esmeralda. A rendir homenaje al temple, al genio y a la excelencia de cualquier l\u00ednea de Rodoreda, ya sea un verso, el di\u00e1logo de una obra de teatro, media l\u00ednea de un cuento, una coma de una de sus cartas o un cap\u00edtulo de cualquier novela. O uno de los cuadros que pint\u00f3. O una de las much\u00edsimas camisolas de batista que tuvo que coser para ganarse la vida mientras escrib\u00eda y escrib\u00eda como si no hubiera ma\u00f1ana.<\/span><\/p>\n<p style=\"text-align: left;\">\u00a0<\/p>\n<p style=\"text-align: left;\"><span style=\"font-family: 'trebuchet ms', geneva;\"><img decoding=\"async\" class=\"size-full wp-image-35051 lazyload\" style=\"--smush-placeholder-width: 350px; --smush-placeholder-aspect-ratio: 350\/299;display: block; margin-left: auto; margin-right: auto;\" data-src=\"https:\/\/laindependent.cat\/wp-content\/uploads\/2018\/11\/Lledo_2.jpg\" alt=\"Lledo 2\" width=\"350\" height=\"299\" data-srcset=\"https:\/\/laindependent.cat\/wp-content\/uploads\/2018\/11\/Lledo_2.jpg 350w, https:\/\/laindependent.cat\/wp-content\/uploads\/2018\/11\/Lledo_2-300x256.jpg 300w\" data-sizes=\"(max-width: 350px) 100vw, 350px\" src=\"data:image\/svg+xml;base64,PHN2ZyB3aWR0aD0iMSIgaGVpZ2h0PSIxIiB4bWxucz0iaHR0cDovL3d3dy53My5vcmcvMjAwMC9zdmciPjwvc3ZnPg==\" \/><\/span><\/p>\n<p style=\"text-align: center;\">\u00a0<span style=\"font-family: 'trebuchet ms', geneva; font-size: 8pt;\">Foto: Restaurante. Eulalia Lledo<\/span><\/p>\n<p style=\"text-align: left;\">\u00a0<\/p>\n<p><span style=\"font-size: 10pt; font-family: 'trebuchet ms', geneva;\">\u00a0<\/span><\/p>\n<p style=\"text-align: left;\"><strong><em><span style=\"font-size: 10pt; font-family: 'trebuchet ms', geneva;\">Seguramente las pol\u00edticas Anna Gabriel y Marta Rovira est\u00e1n bastante contentas (o al menos tranquilas) de poder vivir all\u00ed<\/span><\/em><\/strong><\/p>\n<p style=\"text-align: left;\"><span style=\"font-size: 10pt; font-family: 'trebuchet ms', geneva;\">En la terraza de La Perle du Lac siguen tomando el t\u00e9 se\u00f1oras y se\u00f1ores ginebrinos (o vengan de donde vengan) felices de haber nacido en Suiza, para\u00edso de Europa. La iron\u00eda de Rodoreda respecto a la pr\u00f3spera, puntual y pulcra Confederaci\u00f3n sigue teniendo todo el sentido del mundo y adem\u00e1s las palabras que la envuelven puedan tomarse tambi\u00e9n literalmente.<\/span><\/p>\n<p style=\"text-align: left;\"><span style=\"font-size: 10pt; font-family: 'trebuchet ms', geneva;\">Los vaporcitos blancos con la chimenea negra y amarilla que hacen la traves\u00eda del lago ahora son albero y bermell\u00f3n y ya no lucen chimenea. Son parte de la red del transporte p\u00fablico de la ciudad. Cuando bajas del avi\u00f3n, puedes coger billetes gratis en un dispensador y cuando llegas al hotel lo primero que te preguntan es si quieres una tarjeta de transporte urbano tambi\u00e9n gratis durante tu estancia. Es la ginebrina o suiza manera de promocionar la cosa p\u00fablica.<\/span><\/p>\n<p style=\"text-align: left;\"><span style=\"font-size: 10pt; font-family: 'trebuchet ms', geneva;\">Seguramente las pol\u00edticas<strong> Anna Gabriel<\/strong> y<strong> Marta Rovira<\/strong> est\u00e1n bastante contentas (o al menos tranquilas) de poder vivir all\u00ed. Tal y como les dijeron las autoridades suizas cuando llegaron, estaban en un pa\u00eds libre y eran ciudadanas libres; sin restricciones. Espero que alg\u00fan d\u00eda les apetezca acercarse a La Perle du Lac.<\/span><\/p>\n<p style=\"text-align: left;\"><span style=\"font-size: 10pt; font-family: 'trebuchet ms', geneva;\">\u00a0<\/span><\/p>\n<p style=\"text-align: left;\"><span style=\"font-size: 10pt; font-family: 'trebuchet ms', geneva;\">\u00a0<\/span><\/p>\n<p style=\"text-align: left;\"><span style=\"font-family: 'trebuchet ms', geneva; font-size: 8pt;\"><img decoding=\"async\" class=\"size-full wp-image-35052 lazyload\" style=\"--smush-placeholder-width: 221px; --smush-placeholder-aspect-ratio: 221\/318;display: block; margin-left: auto; margin-right: auto;\" data-src=\"https:\/\/laindependent.cat\/wp-content\/uploads\/2018\/11\/Rodoreda.jpg\" alt=\"Rodoreda\" width=\"221\" height=\"318\" src=\"data:image\/svg+xml;base64,PHN2ZyB3aWR0aD0iMSIgaGVpZ2h0PSIxIiB4bWxucz0iaHR0cDovL3d3dy53My5vcmcvMjAwMC9zdmciPjwvc3ZnPg==\" \/><\/span><\/p>\n<p style=\"text-align: center;\">\u00a0<span style=\"font-family: 'trebuchet ms', geneva; font-size: 8pt; text-align: left;\">Foto: La Butxaca<\/span><\/p>\n<p style=\"text-align: left;\">\u00a0<\/p>\n<p style=\"text-align: left;\">\u00a0<\/p>\n<p style=\"text-align: left;\">\u00a0<\/p>\n","protected":false},"excerpt":{"rendered":"<p>\u00a0 \u00a0 OPINI\u00d3N Merc\u00e8 Rodoreda i Gurgu\u00ed\u00a0(Barcelona, 1908-Girona, 1983) habl\u00f3 en m\u00e1s de una ocasi\u00f3n sobre literatura.\u00a0De c\u00f3mo opera; de c\u00f3mo se construye una novela, los detalles que la conforman y le dan verosimilitud y sentido.<\/p>\n","protected":false},"author":94,"featured_media":35049,"comment_status":"open","ping_status":"closed","sticky":false,"template":"","format":"standard","meta":{"footnotes":""},"categories":[26641],"tags":[31410,42424,42425],"class_list":["post-66548","post","type-post","status-publish","format-standard","has-post-thumbnail","hentry","category-opinion-cultura","tag-merce-rodoreda","tag-mirall-trencat","tag-teresa-goday"],"yoast_head":"<!-- This site is optimized with the Yoast SEO plugin v27.4 - https:\/\/yoast.com\/product\/yoast-seo-wordpress\/ -->\n<title>Merc\u00e9 Rodoreda y la dama del lago | La Independent<\/title>\n<meta name=\"description\" content=\"\u00a0 \u00a0 OPINI\u00d3N Merc\u00e8 Rodoreda i Gurgu\u00ed\u00a0(Barcelona, 1908-Girona, 1983) habl\u00f3 en m\u00e1s de una ocasi\u00f3n sobre literatura.\u00a0De c\u00f3mo opera; de c\u00f3mo se construye una\" \/>\n<meta name=\"robots\" content=\"index, follow, max-snippet:-1, max-image-preview:large, max-video-preview:-1\" \/>\n<link rel=\"canonical\" href=\"https:\/\/laindependent.cat\/es\/merce-rodoreda-y-la-dama-del-lago\/\" \/>\n<meta property=\"og:locale\" content=\"es_ES\" \/>\n<meta property=\"og:type\" content=\"article\" \/>\n<meta property=\"og:title\" content=\"Merc\u00e9 Rodoreda y la dama del lago | La Independent\" \/>\n<meta property=\"og:description\" content=\"\u00a0 \u00a0 OPINI\u00d3N Merc\u00e8 Rodoreda i Gurgu\u00ed\u00a0(Barcelona, 1908-Girona, 1983) habl\u00f3 en m\u00e1s de una ocasi\u00f3n sobre literatura.\u00a0De c\u00f3mo opera; de c\u00f3mo se construye una\" \/>\n<meta property=\"og:url\" content=\"https:\/\/laindependent.cat\/es\/merce-rodoreda-y-la-dama-del-lago\/\" \/>\n<meta property=\"og:site_name\" content=\"La Independent\" \/>\n<meta property=\"article:published_time\" content=\"2018-11-01T20:52:30+00:00\" \/>\n<meta property=\"og:image\" content=\"https:\/\/laindependent.cat\/wp-content\/uploads\/2018\/11\/Eulalia_Lledo_2.jpg\" \/>\n<meta name=\"author\" content=\"Amada Santos\" \/>\n<meta name=\"twitter:card\" content=\"summary_large_image\" \/>\n<meta name=\"twitter:label1\" content=\"Escrito por\" \/>\n\t<meta name=\"twitter:data1\" content=\"Amada Santos\" \/>\n\t<meta name=\"twitter:label2\" content=\"Tiempo de lectura\" \/>\n\t<meta name=\"twitter:data2\" content=\"5 minutos\" \/>\n<script type=\"application\/ld+json\" class=\"yoast-schema-graph\">{\"@context\":\"https:\\\/\\\/schema.org\",\"@graph\":[{\"@type\":\"Article\",\"@id\":\"https:\\\/\\\/laindependent.cat\\\/es\\\/merce-rodoreda-y-la-dama-del-lago\\\/#article\",\"isPartOf\":{\"@id\":\"https:\\\/\\\/laindependent.cat\\\/es\\\/merce-rodoreda-y-la-dama-del-lago\\\/\"},\"author\":{\"name\":\"Amada Santos\",\"@id\":\"https:\\\/\\\/laindependent.cat\\\/es\\\/#\\\/schema\\\/person\\\/c0bbc88d6bb99ffe6206fec7daa8d5f1\"},\"headline\":\"Merc\u00e9 Rodoreda y la dama del lago\",\"datePublished\":\"2018-11-01T20:52:30+00:00\",\"mainEntityOfPage\":{\"@id\":\"https:\\\/\\\/laindependent.cat\\\/es\\\/merce-rodoreda-y-la-dama-del-lago\\\/\"},\"wordCount\":967,\"commentCount\":0,\"publisher\":{\"@id\":\"https:\\\/\\\/laindependent.cat\\\/es\\\/#organization\"},\"image\":{\"@id\":\"https:\\\/\\\/laindependent.cat\\\/es\\\/merce-rodoreda-y-la-dama-del-lago\\\/#primaryimage\"},\"thumbnailUrl\":\"https:\\\/\\\/laindependent.cat\\\/wp-content\\\/uploads\\\/2018\\\/11\\\/Eulalia_Lledo_2.jpg\",\"keywords\":[\"Merc\u00e8 Rodoreda\",\"Mirall Trencat\",\"Teresa Goday\"],\"articleSection\":[\"Opini\u00f3n: Cultura\"],\"inLanguage\":\"es\",\"potentialAction\":[{\"@type\":\"CommentAction\",\"name\":\"Comment\",\"target\":[\"https:\\\/\\\/laindependent.cat\\\/es\\\/merce-rodoreda-y-la-dama-del-lago\\\/#respond\"]}]},{\"@type\":\"WebPage\",\"@id\":\"https:\\\/\\\/laindependent.cat\\\/es\\\/merce-rodoreda-y-la-dama-del-lago\\\/\",\"url\":\"https:\\\/\\\/laindependent.cat\\\/es\\\/merce-rodoreda-y-la-dama-del-lago\\\/\",\"name\":\"Merc\u00e9 Rodoreda y la dama del lago | La Independent\",\"isPartOf\":{\"@id\":\"https:\\\/\\\/laindependent.cat\\\/es\\\/#website\"},\"primaryImageOfPage\":{\"@id\":\"https:\\\/\\\/laindependent.cat\\\/es\\\/merce-rodoreda-y-la-dama-del-lago\\\/#primaryimage\"},\"image\":{\"@id\":\"https:\\\/\\\/laindependent.cat\\\/es\\\/merce-rodoreda-y-la-dama-del-lago\\\/#primaryimage\"},\"thumbnailUrl\":\"https:\\\/\\\/laindependent.cat\\\/wp-content\\\/uploads\\\/2018\\\/11\\\/Eulalia_Lledo_2.jpg\",\"datePublished\":\"2018-11-01T20:52:30+00:00\",\"description\":\"\u00a0 \u00a0 OPINI\u00d3N Merc\u00e8 Rodoreda i Gurgu\u00ed\u00a0(Barcelona, 1908-Girona, 1983) habl\u00f3 en m\u00e1s de una ocasi\u00f3n sobre literatura.\u00a0De c\u00f3mo opera; de c\u00f3mo se construye una\",\"breadcrumb\":{\"@id\":\"https:\\\/\\\/laindependent.cat\\\/es\\\/merce-rodoreda-y-la-dama-del-lago\\\/#breadcrumb\"},\"inLanguage\":\"es\",\"potentialAction\":[{\"@type\":\"ReadAction\",\"target\":[\"https:\\\/\\\/laindependent.cat\\\/es\\\/merce-rodoreda-y-la-dama-del-lago\\\/\"]}]},{\"@type\":\"ImageObject\",\"inLanguage\":\"es\",\"@id\":\"https:\\\/\\\/laindependent.cat\\\/es\\\/merce-rodoreda-y-la-dama-del-lago\\\/#primaryimage\",\"url\":\"https:\\\/\\\/laindependent.cat\\\/wp-content\\\/uploads\\\/2018\\\/11\\\/Eulalia_Lledo_2.jpg\",\"contentUrl\":\"https:\\\/\\\/laindependent.cat\\\/wp-content\\\/uploads\\\/2018\\\/11\\\/Eulalia_Lledo_2.jpg\",\"width\":300,\"height\":225},{\"@type\":\"BreadcrumbList\",\"@id\":\"https:\\\/\\\/laindependent.cat\\\/es\\\/merce-rodoreda-y-la-dama-del-lago\\\/#breadcrumb\",\"itemListElement\":[{\"@type\":\"ListItem\",\"position\":1,\"name\":\"Inici\",\"item\":\"https:\\\/\\\/laindependent.cat\\\/es\\\/la-independent\\\/\"},{\"@type\":\"ListItem\",\"position\":2,\"name\":\"Opini\u00f3n\",\"item\":\"https:\\\/\\\/laindependent.cat\\\/es\\\/tema\\\/opinion\\\/\"},{\"@type\":\"ListItem\",\"position\":3,\"name\":\"Opini\u00f3n: Cultura\",\"item\":\"https:\\\/\\\/laindependent.cat\\\/es\\\/tema\\\/opinion\\\/opinion-cultura\\\/\"},{\"@type\":\"ListItem\",\"position\":4,\"name\":\"Merc\u00e9 Rodoreda y la dama del lago\"}]},{\"@type\":\"WebSite\",\"@id\":\"https:\\\/\\\/laindependent.cat\\\/es\\\/#website\",\"url\":\"https:\\\/\\\/laindependent.cat\\\/es\\\/\",\"name\":\"La Independent\",\"description\":\"Ag\u00e8ncia de not\u00edcies amb visi\u00f3 de g\u00e8nere\",\"publisher\":{\"@id\":\"https:\\\/\\\/laindependent.cat\\\/es\\\/#organization\"},\"alternateName\":\"Ag\u00e8ncia de not\u00edcies amb visi\u00f3 de g\u00e8nere\",\"potentialAction\":[{\"@type\":\"SearchAction\",\"target\":{\"@type\":\"EntryPoint\",\"urlTemplate\":\"https:\\\/\\\/laindependent.cat\\\/es\\\/?s={search_term_string}\"},\"query-input\":{\"@type\":\"PropertyValueSpecification\",\"valueRequired\":true,\"valueName\":\"search_term_string\"}}],\"inLanguage\":\"es\"},{\"@type\":\"Organization\",\"@id\":\"https:\\\/\\\/laindependent.cat\\\/es\\\/#organization\",\"name\":\"La Independent\",\"alternateName\":\"Ag\u00e8ncia de not\u00edcies amb visi\u00f3 de g\u00e8nere\",\"url\":\"https:\\\/\\\/laindependent.cat\\\/es\\\/\",\"logo\":{\"@type\":\"ImageObject\",\"inLanguage\":\"es\",\"@id\":\"https:\\\/\\\/laindependent.cat\\\/es\\\/#\\\/schema\\\/logo\\\/image\\\/\",\"url\":\"https:\\\/\\\/laindependent.cat\\\/wp-content\\\/uploads\\\/2022\\\/10\\\/logo-independent.svg\",\"contentUrl\":\"https:\\\/\\\/laindependent.cat\\\/wp-content\\\/uploads\\\/2022\\\/10\\\/logo-independent.svg\",\"width\":562,\"height\":78,\"caption\":\"La Independent\"},\"image\":{\"@id\":\"https:\\\/\\\/laindependent.cat\\\/es\\\/#\\\/schema\\\/logo\\\/image\\\/\"}},{\"@type\":\"Person\",\"@id\":\"https:\\\/\\\/laindependent.cat\\\/es\\\/#\\\/schema\\\/person\\\/c0bbc88d6bb99ffe6206fec7daa8d5f1\",\"name\":\"Amada Santos\",\"image\":{\"@type\":\"ImageObject\",\"inLanguage\":\"es\",\"@id\":\"https:\\\/\\\/secure.gravatar.com\\\/avatar\\\/ddc329d5c10903319ef8e7bfda1f33c1798763e44bd30548785c262d0a7d5683?s=96&d=blank&r=g\",\"url\":\"https:\\\/\\\/secure.gravatar.com\\\/avatar\\\/ddc329d5c10903319ef8e7bfda1f33c1798763e44bd30548785c262d0a7d5683?s=96&d=blank&r=g\",\"contentUrl\":\"https:\\\/\\\/secure.gravatar.com\\\/avatar\\\/ddc329d5c10903319ef8e7bfda1f33c1798763e44bd30548785c262d0a7d5683?s=96&d=blank&r=g\",\"caption\":\"Amada Santos\"},\"description\":\"Fotoperiodista i Soci\u00f3loga. Activista Feminista, Defensora DDHH i Cooperant. Presidenta de la XIDPIC.Cat. Co-coordinadora i Editora de La Independent. Coordinadora Internacional a la RIPVG\",\"url\":\"https:\\\/\\\/laindependent.cat\\\/es\\\/author\\\/amada-santos\\\/\"}]}<\/script>\n<!-- \/ Yoast SEO plugin. -->","yoast_head_json":{"title":"Merc\u00e9 Rodoreda y la dama del lago | La Independent","description":"\u00a0 \u00a0 OPINI\u00d3N Merc\u00e8 Rodoreda i Gurgu\u00ed\u00a0(Barcelona, 1908-Girona, 1983) habl\u00f3 en m\u00e1s de una ocasi\u00f3n sobre literatura.\u00a0De c\u00f3mo opera; de c\u00f3mo se construye una","robots":{"index":"index","follow":"follow","max-snippet":"max-snippet:-1","max-image-preview":"max-image-preview:large","max-video-preview":"max-video-preview:-1"},"canonical":"https:\/\/laindependent.cat\/es\/merce-rodoreda-y-la-dama-del-lago\/","og_locale":"es_ES","og_type":"article","og_title":"Merc\u00e9 Rodoreda y la dama del lago | La Independent","og_description":"\u00a0 \u00a0 OPINI\u00d3N Merc\u00e8 Rodoreda i Gurgu\u00ed\u00a0(Barcelona, 1908-Girona, 1983) habl\u00f3 en m\u00e1s de una ocasi\u00f3n sobre literatura.\u00a0De c\u00f3mo opera; de c\u00f3mo se construye una","og_url":"https:\/\/laindependent.cat\/es\/merce-rodoreda-y-la-dama-del-lago\/","og_site_name":"La Independent","article_published_time":"2018-11-01T20:52:30+00:00","og_image":[{"url":"https:\/\/laindependent.cat\/wp-content\/uploads\/2018\/11\/Eulalia_Lledo_2.jpg","type":"","width":"","height":""}],"author":"Amada Santos","twitter_card":"summary_large_image","twitter_misc":{"Escrito por":"Amada Santos","Tiempo de lectura":"5 minutos"},"schema":{"@context":"https:\/\/schema.org","@graph":[{"@type":"Article","@id":"https:\/\/laindependent.cat\/es\/merce-rodoreda-y-la-dama-del-lago\/#article","isPartOf":{"@id":"https:\/\/laindependent.cat\/es\/merce-rodoreda-y-la-dama-del-lago\/"},"author":{"name":"Amada Santos","@id":"https:\/\/laindependent.cat\/es\/#\/schema\/person\/c0bbc88d6bb99ffe6206fec7daa8d5f1"},"headline":"Merc\u00e9 Rodoreda y la dama del lago","datePublished":"2018-11-01T20:52:30+00:00","mainEntityOfPage":{"@id":"https:\/\/laindependent.cat\/es\/merce-rodoreda-y-la-dama-del-lago\/"},"wordCount":967,"commentCount":0,"publisher":{"@id":"https:\/\/laindependent.cat\/es\/#organization"},"image":{"@id":"https:\/\/laindependent.cat\/es\/merce-rodoreda-y-la-dama-del-lago\/#primaryimage"},"thumbnailUrl":"https:\/\/laindependent.cat\/wp-content\/uploads\/2018\/11\/Eulalia_Lledo_2.jpg","keywords":["Merc\u00e8 Rodoreda","Mirall Trencat","Teresa Goday"],"articleSection":["Opini\u00f3n: Cultura"],"inLanguage":"es","potentialAction":[{"@type":"CommentAction","name":"Comment","target":["https:\/\/laindependent.cat\/es\/merce-rodoreda-y-la-dama-del-lago\/#respond"]}]},{"@type":"WebPage","@id":"https:\/\/laindependent.cat\/es\/merce-rodoreda-y-la-dama-del-lago\/","url":"https:\/\/laindependent.cat\/es\/merce-rodoreda-y-la-dama-del-lago\/","name":"Merc\u00e9 Rodoreda y la dama del lago | La Independent","isPartOf":{"@id":"https:\/\/laindependent.cat\/es\/#website"},"primaryImageOfPage":{"@id":"https:\/\/laindependent.cat\/es\/merce-rodoreda-y-la-dama-del-lago\/#primaryimage"},"image":{"@id":"https:\/\/laindependent.cat\/es\/merce-rodoreda-y-la-dama-del-lago\/#primaryimage"},"thumbnailUrl":"https:\/\/laindependent.cat\/wp-content\/uploads\/2018\/11\/Eulalia_Lledo_2.jpg","datePublished":"2018-11-01T20:52:30+00:00","description":"\u00a0 \u00a0 OPINI\u00d3N Merc\u00e8 Rodoreda i Gurgu\u00ed\u00a0(Barcelona, 1908-Girona, 1983) habl\u00f3 en m\u00e1s de una ocasi\u00f3n sobre literatura.\u00a0De c\u00f3mo opera; de c\u00f3mo se construye una","breadcrumb":{"@id":"https:\/\/laindependent.cat\/es\/merce-rodoreda-y-la-dama-del-lago\/#breadcrumb"},"inLanguage":"es","potentialAction":[{"@type":"ReadAction","target":["https:\/\/laindependent.cat\/es\/merce-rodoreda-y-la-dama-del-lago\/"]}]},{"@type":"ImageObject","inLanguage":"es","@id":"https:\/\/laindependent.cat\/es\/merce-rodoreda-y-la-dama-del-lago\/#primaryimage","url":"https:\/\/laindependent.cat\/wp-content\/uploads\/2018\/11\/Eulalia_Lledo_2.jpg","contentUrl":"https:\/\/laindependent.cat\/wp-content\/uploads\/2018\/11\/Eulalia_Lledo_2.jpg","width":300,"height":225},{"@type":"BreadcrumbList","@id":"https:\/\/laindependent.cat\/es\/merce-rodoreda-y-la-dama-del-lago\/#breadcrumb","itemListElement":[{"@type":"ListItem","position":1,"name":"Inici","item":"https:\/\/laindependent.cat\/es\/la-independent\/"},{"@type":"ListItem","position":2,"name":"Opini\u00f3n","item":"https:\/\/laindependent.cat\/es\/tema\/opinion\/"},{"@type":"ListItem","position":3,"name":"Opini\u00f3n: Cultura","item":"https:\/\/laindependent.cat\/es\/tema\/opinion\/opinion-cultura\/"},{"@type":"ListItem","position":4,"name":"Merc\u00e9 Rodoreda y la dama del lago"}]},{"@type":"WebSite","@id":"https:\/\/laindependent.cat\/es\/#website","url":"https:\/\/laindependent.cat\/es\/","name":"La Independent","description":"Ag\u00e8ncia de not\u00edcies amb visi\u00f3 de g\u00e8nere","publisher":{"@id":"https:\/\/laindependent.cat\/es\/#organization"},"alternateName":"Ag\u00e8ncia de not\u00edcies amb visi\u00f3 de g\u00e8nere","potentialAction":[{"@type":"SearchAction","target":{"@type":"EntryPoint","urlTemplate":"https:\/\/laindependent.cat\/es\/?s={search_term_string}"},"query-input":{"@type":"PropertyValueSpecification","valueRequired":true,"valueName":"search_term_string"}}],"inLanguage":"es"},{"@type":"Organization","@id":"https:\/\/laindependent.cat\/es\/#organization","name":"La Independent","alternateName":"Ag\u00e8ncia de not\u00edcies amb visi\u00f3 de g\u00e8nere","url":"https:\/\/laindependent.cat\/es\/","logo":{"@type":"ImageObject","inLanguage":"es","@id":"https:\/\/laindependent.cat\/es\/#\/schema\/logo\/image\/","url":"https:\/\/laindependent.cat\/wp-content\/uploads\/2022\/10\/logo-independent.svg","contentUrl":"https:\/\/laindependent.cat\/wp-content\/uploads\/2022\/10\/logo-independent.svg","width":562,"height":78,"caption":"La Independent"},"image":{"@id":"https:\/\/laindependent.cat\/es\/#\/schema\/logo\/image\/"}},{"@type":"Person","@id":"https:\/\/laindependent.cat\/es\/#\/schema\/person\/c0bbc88d6bb99ffe6206fec7daa8d5f1","name":"Amada Santos","image":{"@type":"ImageObject","inLanguage":"es","@id":"https:\/\/secure.gravatar.com\/avatar\/ddc329d5c10903319ef8e7bfda1f33c1798763e44bd30548785c262d0a7d5683?s=96&d=blank&r=g","url":"https:\/\/secure.gravatar.com\/avatar\/ddc329d5c10903319ef8e7bfda1f33c1798763e44bd30548785c262d0a7d5683?s=96&d=blank&r=g","contentUrl":"https:\/\/secure.gravatar.com\/avatar\/ddc329d5c10903319ef8e7bfda1f33c1798763e44bd30548785c262d0a7d5683?s=96&d=blank&r=g","caption":"Amada Santos"},"description":"Fotoperiodista i Soci\u00f3loga. Activista Feminista, Defensora DDHH i Cooperant. Presidenta de la XIDPIC.Cat. Co-coordinadora i Editora de La Independent. Coordinadora Internacional a la RIPVG","url":"https:\/\/laindependent.cat\/es\/author\/amada-santos\/"}]}},"_links":{"self":[{"href":"https:\/\/laindependent.cat\/es\/wp-json\/wp\/v2\/posts\/66548","targetHints":{"allow":["GET"]}}],"collection":[{"href":"https:\/\/laindependent.cat\/es\/wp-json\/wp\/v2\/posts"}],"about":[{"href":"https:\/\/laindependent.cat\/es\/wp-json\/wp\/v2\/types\/post"}],"author":[{"embeddable":true,"href":"https:\/\/laindependent.cat\/es\/wp-json\/wp\/v2\/users\/94"}],"replies":[{"embeddable":true,"href":"https:\/\/laindependent.cat\/es\/wp-json\/wp\/v2\/comments?post=66548"}],"version-history":[{"count":0,"href":"https:\/\/laindependent.cat\/es\/wp-json\/wp\/v2\/posts\/66548\/revisions"}],"wp:featuredmedia":[{"embeddable":true,"href":"https:\/\/laindependent.cat\/es\/wp-json\/wp\/v2\/media\/35049"}],"wp:attachment":[{"href":"https:\/\/laindependent.cat\/es\/wp-json\/wp\/v2\/media?parent=66548"}],"wp:term":[{"taxonomy":"category","embeddable":true,"href":"https:\/\/laindependent.cat\/es\/wp-json\/wp\/v2\/categories?post=66548"},{"taxonomy":"post_tag","embeddable":true,"href":"https:\/\/laindependent.cat\/es\/wp-json\/wp\/v2\/tags?post=66548"}],"curies":[{"name":"wp","href":"https:\/\/api.w.org\/{rel}","templated":true}]}}