{"id":66371,"date":"2018-09-19T01:53:45","date_gmt":"2018-09-18T23:53:45","guid":{"rendered":"https:\/\/laindependent.cat\/inmujeres-plataforma-qmexico-rumbo-a-la-igualdad-substantivaq\/"},"modified":"2018-09-19T01:53:45","modified_gmt":"2018-09-18T23:53:45","slug":"inmujeres-plataforma-qmexico-rumbo-a-la-igualdad-substantivaq","status":"publish","type":"post","link":"https:\/\/laindependent.cat\/es\/inmujeres-plataforma-qmexico-rumbo-a-la-igualdad-substantivaq\/","title":{"rendered":"Inmujeres: plataforma &#8220;M\u00e8xico Rumbo a la Igualdad  substantiva&#8221;"},"content":{"rendered":"<p><span style=\"font-size: 10pt;\">\u00a0<\/span><\/p>\n<p style=\"text-align: left;\"><strong><span style=\"font-size: 10pt; font-family: 'trebuchet ms', geneva;\"><img decoding=\"async\" class=\"size-full wp-image-34864 lazyload\" style=\"--smush-placeholder-width: 193px; --smush-placeholder-aspect-ratio: 193\/124;display: block; margin-left: auto; margin-right: auto;\" data-src=\"https:\/\/laindependent.cat\/wp-content\/uploads\/2018\/09\/Mejico_1.jpg\" alt=\"Mejico 1\" width=\"193\" height=\"124\" src=\"data:image\/svg+xml;base64,PHN2ZyB3aWR0aD0iMSIgaGVpZ2h0PSIxIiB4bWxucz0iaHR0cDovL3d3dy53My5vcmcvMjAwMC9zdmciPjwvc3ZnPg==\" \/><\/span><\/strong><\/p>\n<p style=\"text-align: left;\">\u00a0<\/p>\n<p style=\"text-align: left;\"><span style=\"font-size: 10pt; font-family: 'trebuchet ms', geneva;\"><strong>El Instituto Nacional de las Mujeres (INMUJERES) en conjunto con ONU Mujeres M\u00e9xico presentaron la plataforma digital &#8220;M\u00e9xico Rumbo a la Igualdad Sustantiva&#8221;.<\/strong><\/span><\/p>\n<p><!--more--><\/p>\n<p style=\"text-align: left;\"><span style=\"font-size: 10pt; font-family: 'trebuchet ms', geneva;\">Esta Plataforma es una herramienta que permitir\u00e1 conocer los avances y \u00e1reas de oportunidad de las 32 entidades federativas en materia de transversalizaci\u00f3n de la perspectiva de g\u00e9nero.<\/span><\/p>\n<p style=\"text-align: left;\"><span style=\"font-size: 10pt; font-family: 'trebuchet ms', geneva;\">La informaci\u00f3n de esta plataforma est\u00e1 conformada por cinco grandes temas: marco normativo, programas para la igualdad, presupuestos estatales, cuentas p\u00fablicas y una vida libre de violencia para las mujeres y las ni\u00f1as.<\/span><\/p>\n<p style=\"text-align: left;\"><span style=\"font-size: 10pt; font-family: 'trebuchet ms', geneva;\">En una reuni\u00f3n con las y los representantes de la Conferencia Nacional de Gobernadores (Conago), la secretaria Ejecutiva de INMUJERES,<strong> Marcela Eternod Ar\u00e1mburu<\/strong>, pidi\u00f3 al gobernador del estado de Yucat\u00e1n y coordinador de la Comisi\u00f3n para la Igualdad entre Mujeres y Hombres de la Conago, <strong>Rolando Zapata Bello<\/strong>, que dicha plataforma sea presentada en la pr\u00f3xima reuni\u00f3n de gobernadores para su difusi\u00f3n en todo el pa\u00eds.<\/span><\/p>\n<p style=\"text-align: left;\"><span style=\"font-size: 10pt; font-family: 'trebuchet ms', geneva;\">De igual manera, se har\u00e1 difusi\u00f3n tanto en la C\u00e1mara de Diputados como en la de Senadores y con organizaciones civiles: &#8220;Les vamos a pedir a todas nuestras organizaciones aliadas y a las organizaciones de la sociedad civil una gran difusi\u00f3n&#8221;, as\u00ed lo mencion\u00f3 Eternod.<\/span><\/p>\n<p style=\"text-align: left;\"><span style=\"font-size: 10pt; font-family: 'trebuchet ms', geneva;\">Dijo que la riqueza de esta gran herramienta &#8220;no solo es lo que ya logramos conjuntar, gracias a las mujeres que siempre han estado ah\u00ed buscando, verificando&#8221;, sino adem\u00e1s es una herramienta que est\u00e1 viva y debe mantenerse actualizada, se trata de un trabajo permanente y constante.<\/span><\/p>\n<p style=\"text-align: left;\"><span style=\"font-size: 10pt; font-family: 'trebuchet ms', geneva;\">&#8220;Que esta herramienta muestre el panorama, los retos y desaf\u00edos que todav\u00eda tenemos en materia de armonizaci\u00f3n; todo lo que tenemos que impulsar en los presupuestos en el ciclo de la planeaci\u00f3n de la pol\u00edtica p\u00fablica&#8221;, expres\u00f3.<\/span><\/p>\n<p style=\"text-align: left;\"><span style=\"font-size: 10pt; font-family: 'trebuchet ms', geneva;\">Asimismo, Eternod dej\u00f3 claro que son herramientas &#8220;pero lo que necesitamos es dar un paso muy significativo para que la voluntad pol\u00edtica en los municipios y estados se comprometa en una agenda que es indispensable para el progreso de nuestra sociedad&#8221;.<\/span><\/p>\n<p style=\"text-align: left;\"><span style=\"font-size: 10pt; font-family: 'trebuchet ms', geneva;\">&#8220;La igualdad entre mujeres y hombres es la mejor herramienta que tenemos para el progreso, el crecimiento econ\u00f3mico, la inclusi\u00f3n, para disminuir la discriminaci\u00f3n, prevenir la violencia. Necesitamos acelerar el paso y hacer compromisos del m\u00e1s alto nivel&#8221;.<\/span><\/p>\n<p style=\"text-align: left;\"><span style=\"font-size: 10pt; font-family: 'trebuchet ms', geneva;\">En su intervenci\u00f3n, la representante de ONU Mujeres en M\u00e9xico, <strong>Bel\u00e9n Sanz Luque<\/strong>, dijo que la plataforma que hoy se lanza, despu\u00e9s de a\u00f1os de mucho trabajo, es de una gran innovaci\u00f3n.<\/span><\/p>\n<p style=\"text-align: left;\"><span style=\"font-size: 10pt; font-family: 'trebuchet ms', geneva;\">Asegur\u00f3 que &#8220;no hemos visto herramientas de esta naturaleza en otros pa\u00edses como lo ha conseguido M\u00e9xico, y hacerla p\u00fablica permite tanto conocer los avances en las entidades federativas en materia de igualdad de g\u00e9nero, como identificar en d\u00f3nde est\u00e1n las \u00e1reas de oportunidad. El fin \u00faltimo de esta plataforma es que el gobierno, en alianza con la sociedad civil, la academia, las y los congresistas, la puedan utilizar para incidir en aquellas herramientas de pol\u00edtica p\u00fablica que podr\u00edan ser fortalecidas<\/span><\/p>\n<p style=\"text-align: left;\"><span style=\"font-size: 10pt; font-family: 'trebuchet ms', geneva;\">\u00a0<\/span><\/p>\n<p style=\"text-align: left;\"><a href=\"http:\/\/rumboalaigualdad.inmujeres.gob.mx\/\" target=\"_blank\" rel=\"noopener\">Plataforma<\/a><\/p>\n<p>\u00a0<\/p>\n","protected":false},"excerpt":{"rendered":"<p>\u00a0 \u00a0 El Instituto Nacional de las Mujeres (INMUJERES) en conjunto con ONU Mujeres M\u00e9xico presentaron la plataforma digital &#8220;M\u00e9xico Rumbo a la Igualdad Sustantiva&#8221;.<\/p>\n","protected":false},"author":94,"featured_media":34864,"comment_status":"open","ping_status":"closed","sticky":false,"template":"","format":"standard","meta":{"footnotes":""},"categories":[26439],"tags":[42137,52857,42136,42138,42135,49285],"class_list":["post-66371","post","type-post","status-publish","format-standard","has-post-thumbnail","hentry","category-es-organizaciones-sociales-es-liderazgo","tag-conferencia-nacional-de-gobernadores","tag-lizbeth-alvarez-2","tag-marcela-eternod-aramburu","tag-mexic-rumb-a-la-igualtat-substantiva","tag-onu-dones-mexic","tag-semmexico-3"],"yoast_head":"<!-- This site is optimized with the Yoast SEO plugin v27.4 - https:\/\/yoast.com\/product\/yoast-seo-wordpress\/ -->\n<title>Inmujeres: plataforma &quot;M\u00e8xico Rumbo a la Igualdad substantiva&quot; | La Independent<\/title>\n<meta name=\"description\" content=\"\u00a0 \u00a0 El Instituto Nacional de las Mujeres (INMUJERES) en conjunto con ONU Mujeres M\u00e9xico presentaron la plataforma digital &quot;M\u00e9xico Rumbo a la Igualdad\" \/>\n<meta name=\"robots\" content=\"index, follow, max-snippet:-1, max-image-preview:large, max-video-preview:-1\" \/>\n<link rel=\"canonical\" href=\"https:\/\/laindependent.cat\/es\/inmujeres-plataforma-qmexico-rumbo-a-la-igualdad-substantivaq\/\" \/>\n<meta property=\"og:locale\" content=\"es_ES\" \/>\n<meta property=\"og:type\" content=\"article\" \/>\n<meta property=\"og:title\" content=\"Inmujeres: plataforma &quot;M\u00e8xico Rumbo a la Igualdad substantiva&quot; | La Independent\" \/>\n<meta property=\"og:description\" content=\"\u00a0 \u00a0 El Instituto Nacional de las Mujeres (INMUJERES) en conjunto con ONU Mujeres M\u00e9xico presentaron la plataforma digital &quot;M\u00e9xico Rumbo a la Igualdad\" \/>\n<meta property=\"og:url\" content=\"https:\/\/laindependent.cat\/es\/inmujeres-plataforma-qmexico-rumbo-a-la-igualdad-substantivaq\/\" \/>\n<meta property=\"og:site_name\" content=\"La Independent\" \/>\n<meta property=\"article:published_time\" content=\"2018-09-18T23:53:45+00:00\" \/>\n<meta property=\"og:image\" content=\"https:\/\/laindependent.cat\/wp-content\/uploads\/2018\/09\/Mejico_1.jpg\" \/>\n<meta name=\"author\" content=\"Amada Santos\" \/>\n<meta name=\"twitter:card\" content=\"summary_large_image\" \/>\n<meta name=\"twitter:label1\" content=\"Escrito por\" \/>\n\t<meta name=\"twitter:data1\" content=\"Amada Santos\" \/>\n\t<meta name=\"twitter:label2\" content=\"Tiempo de lectura\" \/>\n\t<meta name=\"twitter:data2\" content=\"3 minutos\" \/>\n<script type=\"application\/ld+json\" class=\"yoast-schema-graph\">{\"@context\":\"https:\\\/\\\/schema.org\",\"@graph\":[{\"@type\":\"Article\",\"@id\":\"https:\\\/\\\/laindependent.cat\\\/es\\\/inmujeres-plataforma-qmexico-rumbo-a-la-igualdad-substantivaq\\\/#article\",\"isPartOf\":{\"@id\":\"https:\\\/\\\/laindependent.cat\\\/es\\\/inmujeres-plataforma-qmexico-rumbo-a-la-igualdad-substantivaq\\\/\"},\"author\":{\"name\":\"Amada Santos\",\"@id\":\"https:\\\/\\\/laindependent.cat\\\/es\\\/#\\\/schema\\\/person\\\/c0bbc88d6bb99ffe6206fec7daa8d5f1\"},\"headline\":\"Inmujeres: plataforma &#8220;M\u00e8xico Rumbo a la Igualdad substantiva&#8221;\",\"datePublished\":\"2018-09-18T23:53:45+00:00\",\"mainEntityOfPage\":{\"@id\":\"https:\\\/\\\/laindependent.cat\\\/es\\\/inmujeres-plataforma-qmexico-rumbo-a-la-igualdad-substantivaq\\\/\"},\"wordCount\":525,\"commentCount\":0,\"publisher\":{\"@id\":\"https:\\\/\\\/laindependent.cat\\\/es\\\/#organization\"},\"image\":{\"@id\":\"https:\\\/\\\/laindependent.cat\\\/es\\\/inmujeres-plataforma-qmexico-rumbo-a-la-igualdad-substantivaq\\\/#primaryimage\"},\"thumbnailUrl\":\"https:\\\/\\\/laindependent.cat\\\/wp-content\\\/uploads\\\/2018\\\/09\\\/Mejico_1.jpg\",\"keywords\":[\"Confer\u00e9ncia Nacional de Gobernadores\",\"Lizbeth \u00c1lvarez\",\"Marcela Eternod Ar\u00e1mburu\",\"M\u00e8xic Rumb a la Igualtat substantiva\",\"ONU Dones M\u00e8xic\",\"SemMexico\"],\"articleSection\":[\"Organizaciones sociales\"],\"inLanguage\":\"es\",\"potentialAction\":[{\"@type\":\"CommentAction\",\"name\":\"Comment\",\"target\":[\"https:\\\/\\\/laindependent.cat\\\/es\\\/inmujeres-plataforma-qmexico-rumbo-a-la-igualdad-substantivaq\\\/#respond\"]}]},{\"@type\":\"WebPage\",\"@id\":\"https:\\\/\\\/laindependent.cat\\\/es\\\/inmujeres-plataforma-qmexico-rumbo-a-la-igualdad-substantivaq\\\/\",\"url\":\"https:\\\/\\\/laindependent.cat\\\/es\\\/inmujeres-plataforma-qmexico-rumbo-a-la-igualdad-substantivaq\\\/\",\"name\":\"Inmujeres: plataforma \\\"M\u00e8xico Rumbo a la Igualdad substantiva\\\" | La Independent\",\"isPartOf\":{\"@id\":\"https:\\\/\\\/laindependent.cat\\\/es\\\/#website\"},\"primaryImageOfPage\":{\"@id\":\"https:\\\/\\\/laindependent.cat\\\/es\\\/inmujeres-plataforma-qmexico-rumbo-a-la-igualdad-substantivaq\\\/#primaryimage\"},\"image\":{\"@id\":\"https:\\\/\\\/laindependent.cat\\\/es\\\/inmujeres-plataforma-qmexico-rumbo-a-la-igualdad-substantivaq\\\/#primaryimage\"},\"thumbnailUrl\":\"https:\\\/\\\/laindependent.cat\\\/wp-content\\\/uploads\\\/2018\\\/09\\\/Mejico_1.jpg\",\"datePublished\":\"2018-09-18T23:53:45+00:00\",\"description\":\"\u00a0 \u00a0 El Instituto Nacional de las Mujeres (INMUJERES) en conjunto con ONU Mujeres M\u00e9xico presentaron la plataforma digital \\\"M\u00e9xico Rumbo a la Igualdad\",\"breadcrumb\":{\"@id\":\"https:\\\/\\\/laindependent.cat\\\/es\\\/inmujeres-plataforma-qmexico-rumbo-a-la-igualdad-substantivaq\\\/#breadcrumb\"},\"inLanguage\":\"es\",\"potentialAction\":[{\"@type\":\"ReadAction\",\"target\":[\"https:\\\/\\\/laindependent.cat\\\/es\\\/inmujeres-plataforma-qmexico-rumbo-a-la-igualdad-substantivaq\\\/\"]}]},{\"@type\":\"ImageObject\",\"inLanguage\":\"es\",\"@id\":\"https:\\\/\\\/laindependent.cat\\\/es\\\/inmujeres-plataforma-qmexico-rumbo-a-la-igualdad-substantivaq\\\/#primaryimage\",\"url\":\"https:\\\/\\\/laindependent.cat\\\/wp-content\\\/uploads\\\/2018\\\/09\\\/Mejico_1.jpg\",\"contentUrl\":\"https:\\\/\\\/laindependent.cat\\\/wp-content\\\/uploads\\\/2018\\\/09\\\/Mejico_1.jpg\",\"width\":1080,\"height\":566},{\"@type\":\"BreadcrumbList\",\"@id\":\"https:\\\/\\\/laindependent.cat\\\/es\\\/inmujeres-plataforma-qmexico-rumbo-a-la-igualdad-substantivaq\\\/#breadcrumb\",\"itemListElement\":[{\"@type\":\"ListItem\",\"position\":1,\"name\":\"Inici\",\"item\":\"https:\\\/\\\/laindependent.cat\\\/es\\\/la-independent\\\/\"},{\"@type\":\"ListItem\",\"position\":2,\"name\":\"Empoderamiento y Liderazgo\",\"item\":\"https:\\\/\\\/laindependent.cat\\\/es\\\/tema\\\/empoderamiento-liderazgo\\\/\"},{\"@type\":\"ListItem\",\"position\":3,\"name\":\"Organizaciones sociales\",\"item\":\"https:\\\/\\\/laindependent.cat\\\/es\\\/tema\\\/empoderamiento-liderazgo\\\/es-organizaciones-sociales-es-liderazgo\\\/\"},{\"@type\":\"ListItem\",\"position\":4,\"name\":\"Inmujeres: plataforma &#8220;M\u00e8xico Rumbo a la Igualdad substantiva&#8221;\"}]},{\"@type\":\"WebSite\",\"@id\":\"https:\\\/\\\/laindependent.cat\\\/es\\\/#website\",\"url\":\"https:\\\/\\\/laindependent.cat\\\/es\\\/\",\"name\":\"La Independent\",\"description\":\"Ag\u00e8ncia de not\u00edcies amb visi\u00f3 de g\u00e8nere\",\"publisher\":{\"@id\":\"https:\\\/\\\/laindependent.cat\\\/es\\\/#organization\"},\"alternateName\":\"Ag\u00e8ncia de not\u00edcies amb visi\u00f3 de g\u00e8nere\",\"potentialAction\":[{\"@type\":\"SearchAction\",\"target\":{\"@type\":\"EntryPoint\",\"urlTemplate\":\"https:\\\/\\\/laindependent.cat\\\/es\\\/?s={search_term_string}\"},\"query-input\":{\"@type\":\"PropertyValueSpecification\",\"valueRequired\":true,\"valueName\":\"search_term_string\"}}],\"inLanguage\":\"es\"},{\"@type\":\"Organization\",\"@id\":\"https:\\\/\\\/laindependent.cat\\\/es\\\/#organization\",\"name\":\"La Independent\",\"alternateName\":\"Ag\u00e8ncia de not\u00edcies amb visi\u00f3 de g\u00e8nere\",\"url\":\"https:\\\/\\\/laindependent.cat\\\/es\\\/\",\"logo\":{\"@type\":\"ImageObject\",\"inLanguage\":\"es\",\"@id\":\"https:\\\/\\\/laindependent.cat\\\/es\\\/#\\\/schema\\\/logo\\\/image\\\/\",\"url\":\"https:\\\/\\\/laindependent.cat\\\/wp-content\\\/uploads\\\/2022\\\/10\\\/logo-independent.svg\",\"contentUrl\":\"https:\\\/\\\/laindependent.cat\\\/wp-content\\\/uploads\\\/2022\\\/10\\\/logo-independent.svg\",\"width\":562,\"height\":78,\"caption\":\"La Independent\"},\"image\":{\"@id\":\"https:\\\/\\\/laindependent.cat\\\/es\\\/#\\\/schema\\\/logo\\\/image\\\/\"}},{\"@type\":\"Person\",\"@id\":\"https:\\\/\\\/laindependent.cat\\\/es\\\/#\\\/schema\\\/person\\\/c0bbc88d6bb99ffe6206fec7daa8d5f1\",\"name\":\"Amada Santos\",\"image\":{\"@type\":\"ImageObject\",\"inLanguage\":\"es\",\"@id\":\"https:\\\/\\\/secure.gravatar.com\\\/avatar\\\/ddc329d5c10903319ef8e7bfda1f33c1798763e44bd30548785c262d0a7d5683?s=96&d=blank&r=g\",\"url\":\"https:\\\/\\\/secure.gravatar.com\\\/avatar\\\/ddc329d5c10903319ef8e7bfda1f33c1798763e44bd30548785c262d0a7d5683?s=96&d=blank&r=g\",\"contentUrl\":\"https:\\\/\\\/secure.gravatar.com\\\/avatar\\\/ddc329d5c10903319ef8e7bfda1f33c1798763e44bd30548785c262d0a7d5683?s=96&d=blank&r=g\",\"caption\":\"Amada Santos\"},\"description\":\"Fotoperiodista i Soci\u00f3loga. Activista Feminista, Defensora DDHH i Cooperant. Presidenta de la XIDPIC.Cat. Co-coordinadora i Editora de La Independent. Coordinadora Internacional a la RIPVG\",\"url\":\"https:\\\/\\\/laindependent.cat\\\/es\\\/author\\\/amada-santos\\\/\"}]}<\/script>\n<!-- \/ Yoast SEO plugin. -->","yoast_head_json":{"title":"Inmujeres: plataforma \"M\u00e8xico Rumbo a la Igualdad substantiva\" | La Independent","description":"\u00a0 \u00a0 El Instituto Nacional de las Mujeres (INMUJERES) en conjunto con ONU Mujeres M\u00e9xico presentaron la plataforma digital \"M\u00e9xico Rumbo a la Igualdad","robots":{"index":"index","follow":"follow","max-snippet":"max-snippet:-1","max-image-preview":"max-image-preview:large","max-video-preview":"max-video-preview:-1"},"canonical":"https:\/\/laindependent.cat\/es\/inmujeres-plataforma-qmexico-rumbo-a-la-igualdad-substantivaq\/","og_locale":"es_ES","og_type":"article","og_title":"Inmujeres: plataforma \"M\u00e8xico Rumbo a la Igualdad substantiva\" | La Independent","og_description":"\u00a0 \u00a0 El Instituto Nacional de las Mujeres (INMUJERES) en conjunto con ONU Mujeres M\u00e9xico presentaron la plataforma digital \"M\u00e9xico Rumbo a la Igualdad","og_url":"https:\/\/laindependent.cat\/es\/inmujeres-plataforma-qmexico-rumbo-a-la-igualdad-substantivaq\/","og_site_name":"La Independent","article_published_time":"2018-09-18T23:53:45+00:00","og_image":[{"url":"https:\/\/laindependent.cat\/wp-content\/uploads\/2018\/09\/Mejico_1.jpg","type":"","width":"","height":""}],"author":"Amada Santos","twitter_card":"summary_large_image","twitter_misc":{"Escrito por":"Amada Santos","Tiempo de lectura":"3 minutos"},"schema":{"@context":"https:\/\/schema.org","@graph":[{"@type":"Article","@id":"https:\/\/laindependent.cat\/es\/inmujeres-plataforma-qmexico-rumbo-a-la-igualdad-substantivaq\/#article","isPartOf":{"@id":"https:\/\/laindependent.cat\/es\/inmujeres-plataforma-qmexico-rumbo-a-la-igualdad-substantivaq\/"},"author":{"name":"Amada Santos","@id":"https:\/\/laindependent.cat\/es\/#\/schema\/person\/c0bbc88d6bb99ffe6206fec7daa8d5f1"},"headline":"Inmujeres: plataforma &#8220;M\u00e8xico Rumbo a la Igualdad substantiva&#8221;","datePublished":"2018-09-18T23:53:45+00:00","mainEntityOfPage":{"@id":"https:\/\/laindependent.cat\/es\/inmujeres-plataforma-qmexico-rumbo-a-la-igualdad-substantivaq\/"},"wordCount":525,"commentCount":0,"publisher":{"@id":"https:\/\/laindependent.cat\/es\/#organization"},"image":{"@id":"https:\/\/laindependent.cat\/es\/inmujeres-plataforma-qmexico-rumbo-a-la-igualdad-substantivaq\/#primaryimage"},"thumbnailUrl":"https:\/\/laindependent.cat\/wp-content\/uploads\/2018\/09\/Mejico_1.jpg","keywords":["Confer\u00e9ncia Nacional de Gobernadores","Lizbeth \u00c1lvarez","Marcela Eternod Ar\u00e1mburu","M\u00e8xic Rumb a la Igualtat substantiva","ONU Dones M\u00e8xic","SemMexico"],"articleSection":["Organizaciones sociales"],"inLanguage":"es","potentialAction":[{"@type":"CommentAction","name":"Comment","target":["https:\/\/laindependent.cat\/es\/inmujeres-plataforma-qmexico-rumbo-a-la-igualdad-substantivaq\/#respond"]}]},{"@type":"WebPage","@id":"https:\/\/laindependent.cat\/es\/inmujeres-plataforma-qmexico-rumbo-a-la-igualdad-substantivaq\/","url":"https:\/\/laindependent.cat\/es\/inmujeres-plataforma-qmexico-rumbo-a-la-igualdad-substantivaq\/","name":"Inmujeres: plataforma \"M\u00e8xico Rumbo a la Igualdad substantiva\" | La Independent","isPartOf":{"@id":"https:\/\/laindependent.cat\/es\/#website"},"primaryImageOfPage":{"@id":"https:\/\/laindependent.cat\/es\/inmujeres-plataforma-qmexico-rumbo-a-la-igualdad-substantivaq\/#primaryimage"},"image":{"@id":"https:\/\/laindependent.cat\/es\/inmujeres-plataforma-qmexico-rumbo-a-la-igualdad-substantivaq\/#primaryimage"},"thumbnailUrl":"https:\/\/laindependent.cat\/wp-content\/uploads\/2018\/09\/Mejico_1.jpg","datePublished":"2018-09-18T23:53:45+00:00","description":"\u00a0 \u00a0 El Instituto Nacional de las Mujeres (INMUJERES) en conjunto con ONU Mujeres M\u00e9xico presentaron la plataforma digital \"M\u00e9xico Rumbo a la Igualdad","breadcrumb":{"@id":"https:\/\/laindependent.cat\/es\/inmujeres-plataforma-qmexico-rumbo-a-la-igualdad-substantivaq\/#breadcrumb"},"inLanguage":"es","potentialAction":[{"@type":"ReadAction","target":["https:\/\/laindependent.cat\/es\/inmujeres-plataforma-qmexico-rumbo-a-la-igualdad-substantivaq\/"]}]},{"@type":"ImageObject","inLanguage":"es","@id":"https:\/\/laindependent.cat\/es\/inmujeres-plataforma-qmexico-rumbo-a-la-igualdad-substantivaq\/#primaryimage","url":"https:\/\/laindependent.cat\/wp-content\/uploads\/2018\/09\/Mejico_1.jpg","contentUrl":"https:\/\/laindependent.cat\/wp-content\/uploads\/2018\/09\/Mejico_1.jpg","width":1080,"height":566},{"@type":"BreadcrumbList","@id":"https:\/\/laindependent.cat\/es\/inmujeres-plataforma-qmexico-rumbo-a-la-igualdad-substantivaq\/#breadcrumb","itemListElement":[{"@type":"ListItem","position":1,"name":"Inici","item":"https:\/\/laindependent.cat\/es\/la-independent\/"},{"@type":"ListItem","position":2,"name":"Empoderamiento y Liderazgo","item":"https:\/\/laindependent.cat\/es\/tema\/empoderamiento-liderazgo\/"},{"@type":"ListItem","position":3,"name":"Organizaciones sociales","item":"https:\/\/laindependent.cat\/es\/tema\/empoderamiento-liderazgo\/es-organizaciones-sociales-es-liderazgo\/"},{"@type":"ListItem","position":4,"name":"Inmujeres: plataforma &#8220;M\u00e8xico Rumbo a la Igualdad substantiva&#8221;"}]},{"@type":"WebSite","@id":"https:\/\/laindependent.cat\/es\/#website","url":"https:\/\/laindependent.cat\/es\/","name":"La Independent","description":"Ag\u00e8ncia de not\u00edcies amb visi\u00f3 de g\u00e8nere","publisher":{"@id":"https:\/\/laindependent.cat\/es\/#organization"},"alternateName":"Ag\u00e8ncia de not\u00edcies amb visi\u00f3 de g\u00e8nere","potentialAction":[{"@type":"SearchAction","target":{"@type":"EntryPoint","urlTemplate":"https:\/\/laindependent.cat\/es\/?s={search_term_string}"},"query-input":{"@type":"PropertyValueSpecification","valueRequired":true,"valueName":"search_term_string"}}],"inLanguage":"es"},{"@type":"Organization","@id":"https:\/\/laindependent.cat\/es\/#organization","name":"La Independent","alternateName":"Ag\u00e8ncia de not\u00edcies amb visi\u00f3 de g\u00e8nere","url":"https:\/\/laindependent.cat\/es\/","logo":{"@type":"ImageObject","inLanguage":"es","@id":"https:\/\/laindependent.cat\/es\/#\/schema\/logo\/image\/","url":"https:\/\/laindependent.cat\/wp-content\/uploads\/2022\/10\/logo-independent.svg","contentUrl":"https:\/\/laindependent.cat\/wp-content\/uploads\/2022\/10\/logo-independent.svg","width":562,"height":78,"caption":"La Independent"},"image":{"@id":"https:\/\/laindependent.cat\/es\/#\/schema\/logo\/image\/"}},{"@type":"Person","@id":"https:\/\/laindependent.cat\/es\/#\/schema\/person\/c0bbc88d6bb99ffe6206fec7daa8d5f1","name":"Amada Santos","image":{"@type":"ImageObject","inLanguage":"es","@id":"https:\/\/secure.gravatar.com\/avatar\/ddc329d5c10903319ef8e7bfda1f33c1798763e44bd30548785c262d0a7d5683?s=96&d=blank&r=g","url":"https:\/\/secure.gravatar.com\/avatar\/ddc329d5c10903319ef8e7bfda1f33c1798763e44bd30548785c262d0a7d5683?s=96&d=blank&r=g","contentUrl":"https:\/\/secure.gravatar.com\/avatar\/ddc329d5c10903319ef8e7bfda1f33c1798763e44bd30548785c262d0a7d5683?s=96&d=blank&r=g","caption":"Amada Santos"},"description":"Fotoperiodista i Soci\u00f3loga. Activista Feminista, Defensora DDHH i Cooperant. Presidenta de la XIDPIC.Cat. Co-coordinadora i Editora de La Independent. Coordinadora Internacional a la RIPVG","url":"https:\/\/laindependent.cat\/es\/author\/amada-santos\/"}]}},"_links":{"self":[{"href":"https:\/\/laindependent.cat\/es\/wp-json\/wp\/v2\/posts\/66371","targetHints":{"allow":["GET"]}}],"collection":[{"href":"https:\/\/laindependent.cat\/es\/wp-json\/wp\/v2\/posts"}],"about":[{"href":"https:\/\/laindependent.cat\/es\/wp-json\/wp\/v2\/types\/post"}],"author":[{"embeddable":true,"href":"https:\/\/laindependent.cat\/es\/wp-json\/wp\/v2\/users\/94"}],"replies":[{"embeddable":true,"href":"https:\/\/laindependent.cat\/es\/wp-json\/wp\/v2\/comments?post=66371"}],"version-history":[{"count":0,"href":"https:\/\/laindependent.cat\/es\/wp-json\/wp\/v2\/posts\/66371\/revisions"}],"wp:featuredmedia":[{"embeddable":true,"href":"https:\/\/laindependent.cat\/es\/wp-json\/wp\/v2\/media\/34864"}],"wp:attachment":[{"href":"https:\/\/laindependent.cat\/es\/wp-json\/wp\/v2\/media?parent=66371"}],"wp:term":[{"taxonomy":"category","embeddable":true,"href":"https:\/\/laindependent.cat\/es\/wp-json\/wp\/v2\/categories?post=66371"},{"taxonomy":"post_tag","embeddable":true,"href":"https:\/\/laindependent.cat\/es\/wp-json\/wp\/v2\/tags?post=66371"}],"curies":[{"name":"wp","href":"https:\/\/api.w.org\/{rel}","templated":true}]}}