{"id":65697,"date":"2018-01-16T00:07:31","date_gmt":"2018-01-15T23:07:31","guid":{"rendered":"https:\/\/laindependent.cat\/modernidades-y-falacias\/"},"modified":"2018-01-16T00:07:31","modified_gmt":"2018-01-15T23:07:31","slug":"modernidades-y-falacias","status":"publish","type":"post","link":"https:\/\/laindependent.cat\/es\/modernidades-y-falacias\/","title":{"rendered":"Modernidades y falacias"},"content":{"rendered":"<p style=\"text-align: left;\">\u00a0<\/p>\n<p style=\"text-align: left;\">\u00a0<\/p>\n<p style=\"text-align: left;\">\u00a0<\/p>\n<p style=\"text-align: left;\"><strong><span style=\"font-size: 10pt; font-family: 'trebuchet ms', geneva;\"><img decoding=\"async\" class=\"size-full wp-image-34145 lazyload\" style=\"--smush-placeholder-width: 132px; --smush-placeholder-aspect-ratio: 132\/130;display: block; margin-left: auto; margin-right: auto;\" data-src=\"https:\/\/laindependent.cat\/wp-content\/uploads\/2018\/01\/tere-pinedo.jpg\" alt=\"tere-pinedo\" width=\"132\" height=\"130\" src=\"data:image\/svg+xml;base64,PHN2ZyB3aWR0aD0iMSIgaGVpZ2h0PSIxIiB4bWxucz0iaHR0cDovL3d3dy53My5vcmcvMjAwMC9zdmciPjwvc3ZnPg==\" \/><\/span><\/strong><\/p>\n<p style=\"text-align: left;\">\u00a0<\/p>\n<p style=\"text-align: left;\"><strong><span style=\"font-size: 10pt; font-family: 'trebuchet ms', geneva;\"><span style=\"font-size: 10pt; font-family: 'trebuchet ms', geneva;\">OPINI\u00d3N<\/span><\/span><\/strong><\/p>\n<p style=\"text-align: left;\"><strong style=\"font-size: 10pt; font-family: 'trebuchet ms', geneva;\">Hace algo m\u00e1s de un a\u00f1o y en un art\u00edculo llamado &#8220;Tradiciones y patriarcado: Otra alianza que perjudica seriamente la igualdad entre mujeres y hombres&#8221;.<\/strong><\/p>\n<p><!--more--><\/p>\n<p style=\"text-align: left;\"><span style=\"font-size: 10pt; font-family: 'trebuchet ms', geneva;\">Ya comentaba c\u00f3mo el patriarcado se sirve de muchas herramientas para perpetuarse y c\u00f3mo las tradiciones son una de esas herramientas.<\/span><br \/><span style=\"font-size: 10pt; font-family: 'trebuchet ms', geneva;\">Cuando se exigen cambios para construir sociedades m\u00e1s igualitarias y m\u00e1s equitativas entre mujeres y hombres, de inmediato aparecen las fauces patriarcales con sus herramientas y mil caras para desmontar los argumentos para esos cambios.<\/span><br \/><span style=\"font-size: 10pt; font-family: 'trebuchet ms', geneva;\">Se apuesta por la modernizaci\u00f3n y la investigaci\u00f3n en las diferentes disciplinas acad\u00e9micas, en las industrias, en las administraciones, en todos los \u00f3rdenes de la vida para (supuestamente) mejorar la calidad de vida de la ciudadan\u00eda. Pero cuando se trata de mejorar la vida de las mujeres y las ni\u00f1as espec\u00edficamente, para que estas sean menos desiguales, parece que entra una ceguera colectiva y se abre la etapa de los &#8220;peros&#8221;, de los &#8220;siempre ha sido as\u00ed&#8221;, &#8220;no lo hemos inventado ahora&#8221;, &#8220;eso conlleva estrechez de miras&#8221;, &#8220;a los hombres tambi\u00e9n nos pasa&#8221;, &#8220;es la puerta a un nuevo puritanismo sexual&#8221;, y as\u00ed un largo etc. y esta semana estoy atenta a dos casos concretos.<\/span><\/p>\n<p style=\"text-align: left;\"><span style=\"font-size: 10pt; font-family: 'trebuchet ms', geneva;\">Las consecuencias del movimiento mundial<em> #MeToo<\/em> en contra del acoso sexual que vivimos las mujeres al parecer no han gustado nada a <strong>Catherine Deneuve<\/strong> y un grupo m\u00e1s de mujeres francesas que hablan de &#8220;odio hacia los hombres y la sexualidad&#8221;. Tambi\u00e9n advierten el regreso de una &#8220;moral victoriana&#8221; oculta bajo &#8220;esta fiebre por enviar a los cerdos al matadero&#8221;, que no beneficiar\u00eda la emancipaci\u00f3n de las mujeres, sino que estar\u00eda al servicio &#8220;de los intereses de los enemigos de la libertad sexual, como los extremistas religiosos&#8221;.<\/span><\/p>\n<p style=\"text-align: left;\"><strong><span style=\"font-size: 10pt; font-family: 'trebuchet ms', geneva;\">A ver, por partes.<\/span><\/strong><br \/><span style=\"font-size: 10pt; font-family: 'trebuchet ms', geneva;\"><\/span><\/p>\n<p style=\"text-align: left;\"><span style=\"font-size: 10pt; font-family: 'trebuchet ms', geneva;\">La justificaci\u00f3n a algunos tipos de abusos que se ejercen contra las mujeres y las ni\u00f1as de forma cotidiana, es directamente la asunci\u00f3n de la desigualdad entre mujeres y hombres y, por tanto, convertirse en una voz y en una herramienta del patriarcado que precisamente pretende mantener el orden asim\u00e9trico en esas relaciones para mantener el orden dominaci\u00f3n-sumisi\u00f3n. La libertad sexual lo es realmente cuando dos personas desean por igual mantener cualquier tipo de relaci\u00f3n desde una caricia hasta el propio acto sexual en sus m\u00faltiples formas y variantes.<\/span><\/p>\n<p style=\"text-align: left;\"><span style=\"font-size: 10pt; font-family: 'trebuchet ms', geneva;\">Al menos para m\u00ed, la libertad sexual no pasa porque un hombre me diga que si no estoy con \u00e9l soy una estrecha o una puritana. E incluso a una mujer que actuara as\u00ed, tampoco se lo permitir\u00eda. Mi libertad sexual no nace de los deseos de otras personas, nace de mi deseo. No necesito que nadie me d\u00e9 permiso para ser libre en cualquier \u00e1mbito.<\/span><br \/><span style=\"font-size: 10pt; font-family: 'trebuchet ms', geneva;\">El manifiesto de estas mujeres defiende a capa y espada los tradicionales roles femenino y masculino, sin apostar ni un \u00e1pice por cambiar nada. Patriarcado en estado puro. De nuevo la tradici\u00f3n pasa por la defensa de las normas marcadas por la parte dominante de esta situaci\u00f3n. De nuevo quienes cuestionan este orden son las &#8220;marcadas&#8221; como diferentes por atreverse a cuestionarlo.<\/span><br \/><span style=\"font-size: 10pt; font-family: 'trebuchet ms', geneva;\">Pero adem\u00e1s considero que aunque solo fuera por pedagog\u00eda de cara a quienes vienen detr\u00e1s, se deber\u00eda tener en cuenta c\u00f3mo esa pretendida libertad para acusar de puritanas, revisionistas de la historia, feminazis, etc. a quienes pretenden que las personas, todas las personas, podamos ir por la calle sin ser acosadas o tocadas sin consentimiento, es una desfachatez. Y lo es, porque en el momento en que alguien invade nuestra intimidad en forma de acercamiento de cualquier tipo indeseado nos est\u00e1 robando esa parte de intimidad que quiz\u00e1s no queramos compartir. Y puede tener mil maneras de manifestarse como acercamientos, palabras, besos, etc.<\/span><\/p>\n<p style=\"text-align: left;\"><span style=\"font-size: 10pt; font-family: 'trebuchet ms', geneva;\">No entender que los actos no deseados, son una invasi\u00f3n de la intimidad de la persona que no los desea por cuestiones de cualquier \u00edndole y por tanto se la est\u00e1 acosando, es no entender que cada d\u00eda sale el sol. Pero as\u00ed act\u00faa el patriarcado, satisfaciendo todos sus deseos al precio que sea. Incluso justific\u00e1ndose cada d\u00eda por ello en boca de sus propias oprimidas.<\/span><br \/><span style=\"font-size: 10pt; font-family: 'trebuchet ms', geneva;\">El segundo caso del que hablaba es sobre la pol\u00e9mica que seguro que va a hacer correr r\u00edos de tinta tras el anuncio del Consell de les Dones de la ciudad de Valencia para crear una subcomisi\u00f3n que analice el papel de la mujer en los monumentos falleros, as\u00ed como en la imagen que las Fallas dan de las mujeres o c\u00f3mo se trata a las mismas dentro de la propia fiesta.<\/span><\/p>\n<p style=\"text-align: left;\"><span style=\"font-size: 10pt; font-family: 'trebuchet ms', geneva;\">Y volvemos a las tradiciones. Aunque alguna de las componentes del Consell de les Dones ya ha manifestado &#8220;que no se pretende atacar a las fallas sino mejorarlas para hacerlas m\u00e1s igualitarias e inclusivas&#8221; las voces patriarcales no han tardado en aparecer para defender que las cosas &#8220;siempre han sido as\u00ed&#8221;.<\/span><br \/><span style=\"font-size: 10pt; font-family: 'trebuchet ms', geneva;\">De nada vale que se explique que la imagen hipersexualizada de las mujeres en los monumentos falleros nada tiene que ver con el car\u00e1cter ir\u00f3nico de las fiestas y s\u00ed con una visi\u00f3n patriarcal del papel de las mujeres en la sociedad tanto actual como pasada. Porque no olvidemos que aunque solo veamos figuras humanas o &#8220;Ninots&#8221; est\u00e1n representando un determinado enfoque a los temas que trata el monumento fallero en cuesti\u00f3n.<\/span><\/p>\n<p style=\"text-align: left;\"><span style=\"font-size: 10pt; font-family: 'trebuchet ms', geneva;\">Y es muy curioso (e incluso a veces divertido desde la perspectiva de la coherencia) como alguna gente se empe\u00f1a en defender la libertad de expresi\u00f3n de quienes dise\u00f1an las fallas o artistas falleros contra el intento de unas fallas m\u00e1s igualitarias e inclusivas y, al tiempo, legislan normas que amordazan a la gente que no piensa como ellos e incluso pueden llevarlos a la c\u00e1rcel por atreverse a cuestionar sus mandatos.<\/span><br \/><span style=\"font-size: 10pt; font-family: 'trebuchet ms', geneva;\">Pero eso s\u00ed, la libertad del artista fallero ha de estar por encima, aunque la del titiritero es cuestionada, denunciada y el artista encarcelado. Todo un ejercicio de coherencia pol\u00edtica.<\/span><br \/><span style=\"font-size: 10pt; font-family: 'trebuchet ms', geneva;\">Y ya advierto que este tema fallero va a ser pol\u00e9mico y har\u00e1 correr r\u00edos de tinta porque las mujeres defendemos que se nos d\u00e9 un trato diferente al que impone la mirada patriarcal.<\/span><\/p>\n<p style=\"text-align: left;\">\u00a0<\/p>\n<p style=\"text-align: left;\">\u00a0<\/p>\n","protected":false},"excerpt":{"rendered":"<p>\u00a0 \u00a0 \u00a0 \u00a0 OPINI\u00d3N Hace algo m\u00e1s de un a\u00f1o y en un art\u00edculo llamado &#8220;Tradiciones y patriarcado: Otra alianza que perjudica seriamente la igualdad entre mujeres y hombres&#8221;.<\/p>\n","protected":false},"author":94,"featured_media":34145,"comment_status":"open","ping_status":"closed","sticky":false,"template":"","format":"standard","meta":{"footnotes":""},"categories":[26637],"tags":[41089,41088,41090,41087,41086],"class_list":["post-65697","post","type-post","status-publish","format-standard","has-post-thumbnail","hentry","category-opinion-empoderamiento-y-liderazgo","tag-metoo","tag-catherine-deneuve","tag-consell-de-les-dones","tag-fallacies","tag-modernitats"],"yoast_head":"<!-- This site is optimized with the Yoast SEO plugin v27.4 - https:\/\/yoast.com\/product\/yoast-seo-wordpress\/ -->\n<title>Modernidades y falacias | La Independent<\/title>\n<meta name=\"description\" content=\"\u00a0 \u00a0 \u00a0 \u00a0 OPINI\u00d3N Hace algo m\u00e1s de un a\u00f1o y en un art\u00edculo llamado &quot;Tradiciones y patriarcado: Otra alianza que perjudica seriamente la igualdad entre\" \/>\n<meta name=\"robots\" content=\"index, follow, max-snippet:-1, max-image-preview:large, max-video-preview:-1\" \/>\n<link rel=\"canonical\" href=\"https:\/\/laindependent.cat\/es\/modernidades-y-falacias\/\" \/>\n<meta property=\"og:locale\" content=\"es_ES\" \/>\n<meta property=\"og:type\" content=\"article\" \/>\n<meta property=\"og:title\" content=\"Modernidades y falacias | La Independent\" \/>\n<meta property=\"og:description\" content=\"\u00a0 \u00a0 \u00a0 \u00a0 OPINI\u00d3N Hace algo m\u00e1s de un a\u00f1o y en un art\u00edculo llamado &quot;Tradiciones y patriarcado: Otra alianza que perjudica seriamente la igualdad entre\" \/>\n<meta property=\"og:url\" content=\"https:\/\/laindependent.cat\/es\/modernidades-y-falacias\/\" \/>\n<meta property=\"og:site_name\" content=\"La Independent\" \/>\n<meta property=\"article:published_time\" content=\"2018-01-15T23:07:31+00:00\" \/>\n<meta property=\"og:image\" content=\"https:\/\/laindependent.cat\/wp-content\/uploads\/2018\/01\/tere-pinedo.jpg\" \/>\n<meta name=\"author\" content=\"Amada Santos\" \/>\n<meta name=\"twitter:card\" content=\"summary_large_image\" \/>\n<meta name=\"twitter:label1\" content=\"Escrito por\" \/>\n\t<meta name=\"twitter:data1\" content=\"Amada Santos\" \/>\n\t<meta name=\"twitter:label2\" content=\"Tiempo de lectura\" \/>\n\t<meta name=\"twitter:data2\" content=\"5 minutos\" \/>\n<script type=\"application\/ld+json\" class=\"yoast-schema-graph\">{\"@context\":\"https:\\\/\\\/schema.org\",\"@graph\":[{\"@type\":\"Article\",\"@id\":\"https:\\\/\\\/laindependent.cat\\\/es\\\/modernidades-y-falacias\\\/#article\",\"isPartOf\":{\"@id\":\"https:\\\/\\\/laindependent.cat\\\/es\\\/modernidades-y-falacias\\\/\"},\"author\":{\"name\":\"Amada Santos\",\"@id\":\"https:\\\/\\\/laindependent.cat\\\/es\\\/#\\\/schema\\\/person\\\/c0bbc88d6bb99ffe6206fec7daa8d5f1\"},\"headline\":\"Modernidades y falacias\",\"datePublished\":\"2018-01-15T23:07:31+00:00\",\"mainEntityOfPage\":{\"@id\":\"https:\\\/\\\/laindependent.cat\\\/es\\\/modernidades-y-falacias\\\/\"},\"wordCount\":1068,\"commentCount\":0,\"publisher\":{\"@id\":\"https:\\\/\\\/laindependent.cat\\\/es\\\/#organization\"},\"image\":{\"@id\":\"https:\\\/\\\/laindependent.cat\\\/es\\\/modernidades-y-falacias\\\/#primaryimage\"},\"thumbnailUrl\":\"https:\\\/\\\/laindependent.cat\\\/wp-content\\\/uploads\\\/2018\\\/01\\\/tere-pinedo.jpg\",\"keywords\":[\"#MeToo\",\"Catherine Deneuve\",\"Consell de les Dones\",\"fal\u00b7l\u00e0cies\",\"Modernitats\"],\"articleSection\":[\"Opini\u00f3n: Empoderamiento y Liderazgo\"],\"inLanguage\":\"es\",\"potentialAction\":[{\"@type\":\"CommentAction\",\"name\":\"Comment\",\"target\":[\"https:\\\/\\\/laindependent.cat\\\/es\\\/modernidades-y-falacias\\\/#respond\"]}]},{\"@type\":\"WebPage\",\"@id\":\"https:\\\/\\\/laindependent.cat\\\/es\\\/modernidades-y-falacias\\\/\",\"url\":\"https:\\\/\\\/laindependent.cat\\\/es\\\/modernidades-y-falacias\\\/\",\"name\":\"Modernidades y falacias | La Independent\",\"isPartOf\":{\"@id\":\"https:\\\/\\\/laindependent.cat\\\/es\\\/#website\"},\"primaryImageOfPage\":{\"@id\":\"https:\\\/\\\/laindependent.cat\\\/es\\\/modernidades-y-falacias\\\/#primaryimage\"},\"image\":{\"@id\":\"https:\\\/\\\/laindependent.cat\\\/es\\\/modernidades-y-falacias\\\/#primaryimage\"},\"thumbnailUrl\":\"https:\\\/\\\/laindependent.cat\\\/wp-content\\\/uploads\\\/2018\\\/01\\\/tere-pinedo.jpg\",\"datePublished\":\"2018-01-15T23:07:31+00:00\",\"description\":\"\u00a0 \u00a0 \u00a0 \u00a0 OPINI\u00d3N Hace algo m\u00e1s de un a\u00f1o y en un art\u00edculo llamado \\\"Tradiciones y patriarcado: Otra alianza que perjudica seriamente la igualdad entre\",\"breadcrumb\":{\"@id\":\"https:\\\/\\\/laindependent.cat\\\/es\\\/modernidades-y-falacias\\\/#breadcrumb\"},\"inLanguage\":\"es\",\"potentialAction\":[{\"@type\":\"ReadAction\",\"target\":[\"https:\\\/\\\/laindependent.cat\\\/es\\\/modernidades-y-falacias\\\/\"]}]},{\"@type\":\"ImageObject\",\"inLanguage\":\"es\",\"@id\":\"https:\\\/\\\/laindependent.cat\\\/es\\\/modernidades-y-falacias\\\/#primaryimage\",\"url\":\"https:\\\/\\\/laindependent.cat\\\/wp-content\\\/uploads\\\/2018\\\/01\\\/tere-pinedo.jpg\",\"contentUrl\":\"https:\\\/\\\/laindependent.cat\\\/wp-content\\\/uploads\\\/2018\\\/01\\\/tere-pinedo.jpg\",\"width\":300,\"height\":292},{\"@type\":\"BreadcrumbList\",\"@id\":\"https:\\\/\\\/laindependent.cat\\\/es\\\/modernidades-y-falacias\\\/#breadcrumb\",\"itemListElement\":[{\"@type\":\"ListItem\",\"position\":1,\"name\":\"Inici\",\"item\":\"https:\\\/\\\/laindependent.cat\\\/es\\\/la-independent\\\/\"},{\"@type\":\"ListItem\",\"position\":2,\"name\":\"Opini\u00f3n\",\"item\":\"https:\\\/\\\/laindependent.cat\\\/es\\\/tema\\\/opinion\\\/\"},{\"@type\":\"ListItem\",\"position\":3,\"name\":\"Opini\u00f3n: Empoderamiento y Liderazgo\",\"item\":\"https:\\\/\\\/laindependent.cat\\\/es\\\/tema\\\/opinion\\\/opinion-empoderamiento-y-liderazgo\\\/\"},{\"@type\":\"ListItem\",\"position\":4,\"name\":\"Modernidades y falacias\"}]},{\"@type\":\"WebSite\",\"@id\":\"https:\\\/\\\/laindependent.cat\\\/es\\\/#website\",\"url\":\"https:\\\/\\\/laindependent.cat\\\/es\\\/\",\"name\":\"La Independent\",\"description\":\"Ag\u00e8ncia de not\u00edcies amb visi\u00f3 de g\u00e8nere\",\"publisher\":{\"@id\":\"https:\\\/\\\/laindependent.cat\\\/es\\\/#organization\"},\"alternateName\":\"Ag\u00e8ncia de not\u00edcies amb visi\u00f3 de g\u00e8nere\",\"potentialAction\":[{\"@type\":\"SearchAction\",\"target\":{\"@type\":\"EntryPoint\",\"urlTemplate\":\"https:\\\/\\\/laindependent.cat\\\/es\\\/?s={search_term_string}\"},\"query-input\":{\"@type\":\"PropertyValueSpecification\",\"valueRequired\":true,\"valueName\":\"search_term_string\"}}],\"inLanguage\":\"es\"},{\"@type\":\"Organization\",\"@id\":\"https:\\\/\\\/laindependent.cat\\\/es\\\/#organization\",\"name\":\"La Independent\",\"alternateName\":\"Ag\u00e8ncia de not\u00edcies amb visi\u00f3 de g\u00e8nere\",\"url\":\"https:\\\/\\\/laindependent.cat\\\/es\\\/\",\"logo\":{\"@type\":\"ImageObject\",\"inLanguage\":\"es\",\"@id\":\"https:\\\/\\\/laindependent.cat\\\/es\\\/#\\\/schema\\\/logo\\\/image\\\/\",\"url\":\"https:\\\/\\\/laindependent.cat\\\/wp-content\\\/uploads\\\/2022\\\/10\\\/logo-independent.svg\",\"contentUrl\":\"https:\\\/\\\/laindependent.cat\\\/wp-content\\\/uploads\\\/2022\\\/10\\\/logo-independent.svg\",\"width\":562,\"height\":78,\"caption\":\"La Independent\"},\"image\":{\"@id\":\"https:\\\/\\\/laindependent.cat\\\/es\\\/#\\\/schema\\\/logo\\\/image\\\/\"}},{\"@type\":\"Person\",\"@id\":\"https:\\\/\\\/laindependent.cat\\\/es\\\/#\\\/schema\\\/person\\\/c0bbc88d6bb99ffe6206fec7daa8d5f1\",\"name\":\"Amada Santos\",\"image\":{\"@type\":\"ImageObject\",\"inLanguage\":\"es\",\"@id\":\"https:\\\/\\\/secure.gravatar.com\\\/avatar\\\/ddc329d5c10903319ef8e7bfda1f33c1798763e44bd30548785c262d0a7d5683?s=96&d=blank&r=g\",\"url\":\"https:\\\/\\\/secure.gravatar.com\\\/avatar\\\/ddc329d5c10903319ef8e7bfda1f33c1798763e44bd30548785c262d0a7d5683?s=96&d=blank&r=g\",\"contentUrl\":\"https:\\\/\\\/secure.gravatar.com\\\/avatar\\\/ddc329d5c10903319ef8e7bfda1f33c1798763e44bd30548785c262d0a7d5683?s=96&d=blank&r=g\",\"caption\":\"Amada Santos\"},\"description\":\"Fotoperiodista i Soci\u00f3loga. Activista Feminista, Defensora DDHH i Cooperant. Presidenta de la XIDPIC.Cat. Co-coordinadora i Editora de La Independent. Coordinadora Internacional a la RIPVG\",\"url\":\"https:\\\/\\\/laindependent.cat\\\/es\\\/author\\\/amada-santos\\\/\"}]}<\/script>\n<!-- \/ Yoast SEO plugin. -->","yoast_head_json":{"title":"Modernidades y falacias | La Independent","description":"\u00a0 \u00a0 \u00a0 \u00a0 OPINI\u00d3N Hace algo m\u00e1s de un a\u00f1o y en un art\u00edculo llamado \"Tradiciones y patriarcado: Otra alianza que perjudica seriamente la igualdad entre","robots":{"index":"index","follow":"follow","max-snippet":"max-snippet:-1","max-image-preview":"max-image-preview:large","max-video-preview":"max-video-preview:-1"},"canonical":"https:\/\/laindependent.cat\/es\/modernidades-y-falacias\/","og_locale":"es_ES","og_type":"article","og_title":"Modernidades y falacias | La Independent","og_description":"\u00a0 \u00a0 \u00a0 \u00a0 OPINI\u00d3N Hace algo m\u00e1s de un a\u00f1o y en un art\u00edculo llamado \"Tradiciones y patriarcado: Otra alianza que perjudica seriamente la igualdad entre","og_url":"https:\/\/laindependent.cat\/es\/modernidades-y-falacias\/","og_site_name":"La Independent","article_published_time":"2018-01-15T23:07:31+00:00","og_image":[{"url":"https:\/\/laindependent.cat\/wp-content\/uploads\/2018\/01\/tere-pinedo.jpg","type":"","width":"","height":""}],"author":"Amada Santos","twitter_card":"summary_large_image","twitter_misc":{"Escrito por":"Amada Santos","Tiempo de lectura":"5 minutos"},"schema":{"@context":"https:\/\/schema.org","@graph":[{"@type":"Article","@id":"https:\/\/laindependent.cat\/es\/modernidades-y-falacias\/#article","isPartOf":{"@id":"https:\/\/laindependent.cat\/es\/modernidades-y-falacias\/"},"author":{"name":"Amada Santos","@id":"https:\/\/laindependent.cat\/es\/#\/schema\/person\/c0bbc88d6bb99ffe6206fec7daa8d5f1"},"headline":"Modernidades y falacias","datePublished":"2018-01-15T23:07:31+00:00","mainEntityOfPage":{"@id":"https:\/\/laindependent.cat\/es\/modernidades-y-falacias\/"},"wordCount":1068,"commentCount":0,"publisher":{"@id":"https:\/\/laindependent.cat\/es\/#organization"},"image":{"@id":"https:\/\/laindependent.cat\/es\/modernidades-y-falacias\/#primaryimage"},"thumbnailUrl":"https:\/\/laindependent.cat\/wp-content\/uploads\/2018\/01\/tere-pinedo.jpg","keywords":["#MeToo","Catherine Deneuve","Consell de les Dones","fal\u00b7l\u00e0cies","Modernitats"],"articleSection":["Opini\u00f3n: Empoderamiento y Liderazgo"],"inLanguage":"es","potentialAction":[{"@type":"CommentAction","name":"Comment","target":["https:\/\/laindependent.cat\/es\/modernidades-y-falacias\/#respond"]}]},{"@type":"WebPage","@id":"https:\/\/laindependent.cat\/es\/modernidades-y-falacias\/","url":"https:\/\/laindependent.cat\/es\/modernidades-y-falacias\/","name":"Modernidades y falacias | La Independent","isPartOf":{"@id":"https:\/\/laindependent.cat\/es\/#website"},"primaryImageOfPage":{"@id":"https:\/\/laindependent.cat\/es\/modernidades-y-falacias\/#primaryimage"},"image":{"@id":"https:\/\/laindependent.cat\/es\/modernidades-y-falacias\/#primaryimage"},"thumbnailUrl":"https:\/\/laindependent.cat\/wp-content\/uploads\/2018\/01\/tere-pinedo.jpg","datePublished":"2018-01-15T23:07:31+00:00","description":"\u00a0 \u00a0 \u00a0 \u00a0 OPINI\u00d3N Hace algo m\u00e1s de un a\u00f1o y en un art\u00edculo llamado \"Tradiciones y patriarcado: Otra alianza que perjudica seriamente la igualdad entre","breadcrumb":{"@id":"https:\/\/laindependent.cat\/es\/modernidades-y-falacias\/#breadcrumb"},"inLanguage":"es","potentialAction":[{"@type":"ReadAction","target":["https:\/\/laindependent.cat\/es\/modernidades-y-falacias\/"]}]},{"@type":"ImageObject","inLanguage":"es","@id":"https:\/\/laindependent.cat\/es\/modernidades-y-falacias\/#primaryimage","url":"https:\/\/laindependent.cat\/wp-content\/uploads\/2018\/01\/tere-pinedo.jpg","contentUrl":"https:\/\/laindependent.cat\/wp-content\/uploads\/2018\/01\/tere-pinedo.jpg","width":300,"height":292},{"@type":"BreadcrumbList","@id":"https:\/\/laindependent.cat\/es\/modernidades-y-falacias\/#breadcrumb","itemListElement":[{"@type":"ListItem","position":1,"name":"Inici","item":"https:\/\/laindependent.cat\/es\/la-independent\/"},{"@type":"ListItem","position":2,"name":"Opini\u00f3n","item":"https:\/\/laindependent.cat\/es\/tema\/opinion\/"},{"@type":"ListItem","position":3,"name":"Opini\u00f3n: Empoderamiento y Liderazgo","item":"https:\/\/laindependent.cat\/es\/tema\/opinion\/opinion-empoderamiento-y-liderazgo\/"},{"@type":"ListItem","position":4,"name":"Modernidades y falacias"}]},{"@type":"WebSite","@id":"https:\/\/laindependent.cat\/es\/#website","url":"https:\/\/laindependent.cat\/es\/","name":"La Independent","description":"Ag\u00e8ncia de not\u00edcies amb visi\u00f3 de g\u00e8nere","publisher":{"@id":"https:\/\/laindependent.cat\/es\/#organization"},"alternateName":"Ag\u00e8ncia de not\u00edcies amb visi\u00f3 de g\u00e8nere","potentialAction":[{"@type":"SearchAction","target":{"@type":"EntryPoint","urlTemplate":"https:\/\/laindependent.cat\/es\/?s={search_term_string}"},"query-input":{"@type":"PropertyValueSpecification","valueRequired":true,"valueName":"search_term_string"}}],"inLanguage":"es"},{"@type":"Organization","@id":"https:\/\/laindependent.cat\/es\/#organization","name":"La Independent","alternateName":"Ag\u00e8ncia de not\u00edcies amb visi\u00f3 de g\u00e8nere","url":"https:\/\/laindependent.cat\/es\/","logo":{"@type":"ImageObject","inLanguage":"es","@id":"https:\/\/laindependent.cat\/es\/#\/schema\/logo\/image\/","url":"https:\/\/laindependent.cat\/wp-content\/uploads\/2022\/10\/logo-independent.svg","contentUrl":"https:\/\/laindependent.cat\/wp-content\/uploads\/2022\/10\/logo-independent.svg","width":562,"height":78,"caption":"La Independent"},"image":{"@id":"https:\/\/laindependent.cat\/es\/#\/schema\/logo\/image\/"}},{"@type":"Person","@id":"https:\/\/laindependent.cat\/es\/#\/schema\/person\/c0bbc88d6bb99ffe6206fec7daa8d5f1","name":"Amada Santos","image":{"@type":"ImageObject","inLanguage":"es","@id":"https:\/\/secure.gravatar.com\/avatar\/ddc329d5c10903319ef8e7bfda1f33c1798763e44bd30548785c262d0a7d5683?s=96&d=blank&r=g","url":"https:\/\/secure.gravatar.com\/avatar\/ddc329d5c10903319ef8e7bfda1f33c1798763e44bd30548785c262d0a7d5683?s=96&d=blank&r=g","contentUrl":"https:\/\/secure.gravatar.com\/avatar\/ddc329d5c10903319ef8e7bfda1f33c1798763e44bd30548785c262d0a7d5683?s=96&d=blank&r=g","caption":"Amada Santos"},"description":"Fotoperiodista i Soci\u00f3loga. Activista Feminista, Defensora DDHH i Cooperant. Presidenta de la XIDPIC.Cat. Co-coordinadora i Editora de La Independent. Coordinadora Internacional a la RIPVG","url":"https:\/\/laindependent.cat\/es\/author\/amada-santos\/"}]}},"_links":{"self":[{"href":"https:\/\/laindependent.cat\/es\/wp-json\/wp\/v2\/posts\/65697","targetHints":{"allow":["GET"]}}],"collection":[{"href":"https:\/\/laindependent.cat\/es\/wp-json\/wp\/v2\/posts"}],"about":[{"href":"https:\/\/laindependent.cat\/es\/wp-json\/wp\/v2\/types\/post"}],"author":[{"embeddable":true,"href":"https:\/\/laindependent.cat\/es\/wp-json\/wp\/v2\/users\/94"}],"replies":[{"embeddable":true,"href":"https:\/\/laindependent.cat\/es\/wp-json\/wp\/v2\/comments?post=65697"}],"version-history":[{"count":0,"href":"https:\/\/laindependent.cat\/es\/wp-json\/wp\/v2\/posts\/65697\/revisions"}],"wp:featuredmedia":[{"embeddable":true,"href":"https:\/\/laindependent.cat\/es\/wp-json\/wp\/v2\/media\/34145"}],"wp:attachment":[{"href":"https:\/\/laindependent.cat\/es\/wp-json\/wp\/v2\/media?parent=65697"}],"wp:term":[{"taxonomy":"category","embeddable":true,"href":"https:\/\/laindependent.cat\/es\/wp-json\/wp\/v2\/categories?post=65697"},{"taxonomy":"post_tag","embeddable":true,"href":"https:\/\/laindependent.cat\/es\/wp-json\/wp\/v2\/tags?post=65697"}],"curies":[{"name":"wp","href":"https:\/\/api.w.org\/{rel}","templated":true}]}}