{"id":65279,"date":"2017-09-21T22:27:35","date_gmt":"2017-09-21T20:27:35","guid":{"rendered":"https:\/\/laindependent.cat\/mexico-la-radio-universitaria-a-favor-de-la-igualdad-benito-taibo-la-independent-noticies-genero\/"},"modified":"2017-09-21T22:27:35","modified_gmt":"2017-09-21T20:27:35","slug":"mexico-la-radio-universitaria-a-favor-de-la-igualdad-benito-taibo-la-independent-noticies-genero","status":"publish","type":"post","link":"https:\/\/laindependent.cat\/es\/mexico-la-radio-universitaria-a-favor-de-la-igualdad-benito-taibo-la-independent-noticies-genero\/","title":{"rendered":"M\u00e9xico: La radio universitaria, a favor de la igualdad: Benito Taibo \/ La Independent \/ Noticies G\u00e9nero"},"content":{"rendered":"<p style=\"text-align: left;\"><strong><span style=\"font-size: 10pt; line-height: 107%; font-family: 'Trebuchet MS', sans-serif; background-image: initial; background-position: initial; background-repeat: initial; background-attachment: initial;\">Inmujeres CDMX, El Instituto de las Mujeres de la Ciudad de M\u00e9xico, realiz\u00f3 un proceso de capacitaci\u00f3n a Radio UNAM, emisora de la Universidad Nacional Aut\u00f3noma de M\u00e9xico (UNAM), sobre \u201cMasculinidad para la Igualdad\u201d, a 130 personas, \u00a0con el objetivo de generar una cultura de igualdad entre mujeres y hombres, tanto en los contenidos radiof\u00f3nicos como al interior de la instituci\u00f3n.<\/span><\/strong><\/p>\n<p>\u00a0<\/p>\n<p>\u00a0<\/p>\n<p style=\"text-align: center;\"><strong><span style=\"font-size: 10pt; font-family: 'Trebuchet MS', sans-serif; background-image: initial; background-position: initial; background-repeat: initial; background-attachment: initial;\"><img fetchpriority=\"high\" decoding=\"async\" class=\" size-full wp-image-33753\" src=\"https:\/\/laindependent.cat\/wp-content\/uploads\/2017\/09\/Curso_de_capacitacion_masculinidad_para_la_igualdad_SEMMEX.png\" alt=\"Curso de capacitaci\u00f2n masculinidad para la igualdad SEMMEX\" width=\"303\" height=\"192\" srcset=\"https:\/\/laindependent.cat\/wp-content\/uploads\/2017\/09\/Curso_de_capacitacion_masculinidad_para_la_igualdad_SEMMEX.png 622w, https:\/\/laindependent.cat\/wp-content\/uploads\/2017\/09\/Curso_de_capacitacion_masculinidad_para_la_igualdad_SEMMEX-300x191.png 300w\" sizes=\"(max-width: 303px) 100vw, 303px\" \/><\/span><\/strong><\/p>\n<p style=\"text-align: center;\"><span style=\"font-family: 'Trebuchet MS', sans-serif; font-size: 8pt;\">\u00a0Se difundir<\/span><span style=\"font-size: 8pt;\"><span style=\"font-family: 'Trebuchet MS', sans-serif;\"><span style=\"font-family: 'Trebuchet MS', sans-serif; text-align: left;\">\u00e1<\/span><\/span><span style=\"font-family: 'Trebuchet MS', sans-serif;\">n por Radio UNAM c<\/span><span style=\"font-family: 'Trebuchet MS', sans-serif;\"><span style=\"font-family: 'Trebuchet MS', sans-serif; text-align: left;\">\u00e1<\/span><\/span><\/span><span style=\"font-family: 'Trebuchet MS', sans-serif; font-size: 8pt;\">psulas sobre los derechos humanos de las mujeres.<\/span><\/p>\n<p><!--more--><\/p>\n<p style=\"text-align: left;\">\u00a0<\/p>\n<p style=\"text-align: left;\"><span style=\"font-size: 10pt; font-family: 'Trebuchet MS', sans-serif; background-image: initial; background-position: initial; background-repeat: initial; background-attachment: initial;\">Durante la inauguraci\u00f3n, el director general de Radio UNAM, <strong>Benito Taibo Mahojo<\/strong>, asegur\u00f3 que la vocaci\u00f3n de la radio universitaria: \u201cEs a favor de la igualdad y contra cualquier expresi\u00f3n de violencia de g\u00e9nero\u201d.<\/span><span style=\"font-size: 10pt; font-family: 'Trebuchet MS', sans-serif;\"><\/p>\n<p> <span style=\"background-image: initial; background-position: initial; background-repeat: initial; background-attachment: initial;\">Asimismo, anunci\u00f3 que para promover la igualdad de g\u00e9nero entre la audiencia, en las diversas emisiones y frecuencias de Radio UNAM, con la colaboraci\u00f3n de Inmujeres CDMX se difundir\u00e1n c\u00e1psulas informativas sobre los derechos humanos de las mujeres y una vida libre de violencia.<\/span><\/p>\n<p> <span style=\"background-image: initial; background-position: initial; background-repeat: initial; background-attachment: initial;\">En la capacitaci\u00f3n participaron cerca de 130 personas, entre mandos operativos, medios y superiores, la cual se desarroll\u00f3 a trav\u00e9s de dos talleres y dos conferencias, para fortalecer sus conocimientos sobre igualdad de g\u00e9nero e incorporar elementos de masculinidad equitativa en la cultura institucional.<\/span><\/p>\n<p> <span style=\"background-image: initial; background-position: initial; background-repeat: initial; background-attachment: initial;\">Con una duraci\u00f3n total de 12 horas, se analizaron los temas: Marco jur\u00eddico para impulsar masculinidad para la igualdad, Masculinidad y sus problem\u00e1ticas -que abord\u00f3 la violencia masculina, consumo de alcohol y drogas, sexualidad, cuidados y paternidad- y, por \u00faltimo, Masculinidad para la igualdad de g\u00e9nero.<\/span><\/p>\n<p> <span style=\"background-image: initial; background-position: initial; background-repeat: initial; background-attachment: initial;\">De la misma forma, con el prop\u00f3sito de que las y los participantes apliquen los conocimientos adquiridos a su normatividad, se realiz\u00f3 un an\u00e1lisis con perspectiva de g\u00e9nero de la Ley Federal de Telecomunicaciones y Radiodifusi\u00f3n.<\/span><br \/><\/span><\/p>\n<p style=\"text-align: left;\"><span style=\"font-size: 10pt; font-family: 'Trebuchet MS', sans-serif; background-image: initial; background-position: initial; background-repeat: initial; background-attachment: initial;\">\u00a0<\/span><\/p>\n","protected":false},"excerpt":{"rendered":"<p>Inmujeres CDMX, El Instituto de las Mujeres de la Ciudad de M\u00e9xico, realiz\u00f3 un proceso de capacitaci\u00f3n a Radio UNAM, emisora de la Universidad Nacional Aut\u00f3noma de M\u00e9xico (UNAM), sobre \u201cMasculinidad para la Igualdad\u201d, a 130 personas, \u00a0con el objetivo [&hellip;]<\/p>\n","protected":false},"author":90,"featured_media":33753,"comment_status":"open","ping_status":"closed","sticky":false,"template":"","format":"standard","meta":{"footnotes":""},"categories":[26530],"tags":[40535,40532,40533,40536,40534],"class_list":["post-65279","post","type-post","status-publish","format-standard","has-post-thumbnail","hentry","category-medios","tag-emissora-de-la-universitat-nacional-autonoma-de-mexic-unam","tag-inmujeres-cdmx","tag-linstitut-de-les-dones-de-la-ciutat-de-mexic","tag-masculinitat-per-a-la-igualtat","tag-radio-unam"],"yoast_head":"<!-- This site is optimized with the Yoast SEO plugin v27.4 - https:\/\/yoast.com\/product\/yoast-seo-wordpress\/ -->\n<title>M\u00e9xico: La radio universitaria, a favor de la igualdad: Benito Taibo \/ La Independent \/ Noticies G\u00e9nero | La Independent<\/title>\n<meta name=\"description\" content=\"Inmujeres CDMX, El Instituto de las Mujeres de la Ciudad de M\u00e9xico, realiz\u00f3 un proceso de capacitaci\u00f3n a Radio UNAM, emisora de la Universidad Nacional\" \/>\n<meta name=\"robots\" content=\"index, follow, max-snippet:-1, max-image-preview:large, max-video-preview:-1\" \/>\n<link rel=\"canonical\" href=\"https:\/\/laindependent.cat\/es\/mexico-la-radio-universitaria-a-favor-de-la-igualdad-benito-taibo-la-independent-noticies-genero\/\" \/>\n<meta property=\"og:locale\" content=\"es_ES\" \/>\n<meta property=\"og:type\" content=\"article\" \/>\n<meta property=\"og:title\" content=\"M\u00e9xico: La radio universitaria, a favor de la igualdad: Benito Taibo \/ La Independent \/ Noticies G\u00e9nero | La Independent\" \/>\n<meta property=\"og:description\" content=\"Inmujeres CDMX, El Instituto de las Mujeres de la Ciudad de M\u00e9xico, realiz\u00f3 un proceso de capacitaci\u00f3n a Radio UNAM, emisora de la Universidad Nacional\" \/>\n<meta property=\"og:url\" content=\"https:\/\/laindependent.cat\/es\/mexico-la-radio-universitaria-a-favor-de-la-igualdad-benito-taibo-la-independent-noticies-genero\/\" \/>\n<meta property=\"og:site_name\" content=\"La Independent\" \/>\n<meta property=\"article:published_time\" content=\"2017-09-21T20:27:35+00:00\" \/>\n<meta property=\"og:image\" content=\"https:\/\/laindependent.cat\/wp-content\/uploads\/2017\/09\/Curso_de_capacitacion_masculinidad_para_la_igualdad_SEMMEX.png\" \/>\n<meta name=\"author\" content=\"Diva Criado\" \/>\n<meta name=\"twitter:card\" content=\"summary_large_image\" \/>\n<meta name=\"twitter:label1\" content=\"Escrito por\" \/>\n\t<meta name=\"twitter:data1\" content=\"Diva Criado\" \/>\n\t<meta name=\"twitter:label2\" content=\"Tiempo de lectura\" \/>\n\t<meta name=\"twitter:data2\" content=\"2 minutos\" \/>\n<script type=\"application\/ld+json\" class=\"yoast-schema-graph\">{\"@context\":\"https:\\\/\\\/schema.org\",\"@graph\":[{\"@type\":\"Article\",\"@id\":\"https:\\\/\\\/laindependent.cat\\\/es\\\/mexico-la-radio-universitaria-a-favor-de-la-igualdad-benito-taibo-la-independent-noticies-genero\\\/#article\",\"isPartOf\":{\"@id\":\"https:\\\/\\\/laindependent.cat\\\/es\\\/mexico-la-radio-universitaria-a-favor-de-la-igualdad-benito-taibo-la-independent-noticies-genero\\\/\"},\"author\":{\"name\":\"Diva Criado\",\"@id\":\"https:\\\/\\\/laindependent.cat\\\/es\\\/#\\\/schema\\\/person\\\/d71fb4881d3ecd05f17c7aed370e97d0\"},\"headline\":\"M\u00e9xico: La radio universitaria, a favor de la igualdad: Benito Taibo \\\/ La Independent \\\/ Noticies G\u00e9nero\",\"datePublished\":\"2017-09-21T20:27:35+00:00\",\"mainEntityOfPage\":{\"@id\":\"https:\\\/\\\/laindependent.cat\\\/es\\\/mexico-la-radio-universitaria-a-favor-de-la-igualdad-benito-taibo-la-independent-noticies-genero\\\/\"},\"wordCount\":319,\"commentCount\":0,\"publisher\":{\"@id\":\"https:\\\/\\\/laindependent.cat\\\/es\\\/#organization\"},\"image\":{\"@id\":\"https:\\\/\\\/laindependent.cat\\\/es\\\/mexico-la-radio-universitaria-a-favor-de-la-igualdad-benito-taibo-la-independent-noticies-genero\\\/#primaryimage\"},\"thumbnailUrl\":\"https:\\\/\\\/laindependent.cat\\\/wp-content\\\/uploads\\\/2017\\\/09\\\/Curso_de_capacitacion_masculinidad_para_la_igualdad_SEMMEX.png\",\"keywords\":[\"emissora de la Universitat Nacional Aut\u00f2noma de M\u00e8xic (UNAM)\",\"Inmujeres CDMX\",\"L'Institut de les Dones de la Ciutat de M\u00e8xic\",\"Masculinitat per a la Igualtat\",\"R\u00e0dio UNAM\"],\"articleSection\":[\"Medios\"],\"inLanguage\":\"es\",\"potentialAction\":[{\"@type\":\"CommentAction\",\"name\":\"Comment\",\"target\":[\"https:\\\/\\\/laindependent.cat\\\/es\\\/mexico-la-radio-universitaria-a-favor-de-la-igualdad-benito-taibo-la-independent-noticies-genero\\\/#respond\"]}]},{\"@type\":\"WebPage\",\"@id\":\"https:\\\/\\\/laindependent.cat\\\/es\\\/mexico-la-radio-universitaria-a-favor-de-la-igualdad-benito-taibo-la-independent-noticies-genero\\\/\",\"url\":\"https:\\\/\\\/laindependent.cat\\\/es\\\/mexico-la-radio-universitaria-a-favor-de-la-igualdad-benito-taibo-la-independent-noticies-genero\\\/\",\"name\":\"M\u00e9xico: La radio universitaria, a favor de la igualdad: Benito Taibo \\\/ La Independent \\\/ Noticies G\u00e9nero | La Independent\",\"isPartOf\":{\"@id\":\"https:\\\/\\\/laindependent.cat\\\/es\\\/#website\"},\"primaryImageOfPage\":{\"@id\":\"https:\\\/\\\/laindependent.cat\\\/es\\\/mexico-la-radio-universitaria-a-favor-de-la-igualdad-benito-taibo-la-independent-noticies-genero\\\/#primaryimage\"},\"image\":{\"@id\":\"https:\\\/\\\/laindependent.cat\\\/es\\\/mexico-la-radio-universitaria-a-favor-de-la-igualdad-benito-taibo-la-independent-noticies-genero\\\/#primaryimage\"},\"thumbnailUrl\":\"https:\\\/\\\/laindependent.cat\\\/wp-content\\\/uploads\\\/2017\\\/09\\\/Curso_de_capacitacion_masculinidad_para_la_igualdad_SEMMEX.png\",\"datePublished\":\"2017-09-21T20:27:35+00:00\",\"description\":\"Inmujeres CDMX, El Instituto de las Mujeres de la Ciudad de M\u00e9xico, realiz\u00f3 un proceso de capacitaci\u00f3n a Radio UNAM, emisora de la Universidad Nacional\",\"breadcrumb\":{\"@id\":\"https:\\\/\\\/laindependent.cat\\\/es\\\/mexico-la-radio-universitaria-a-favor-de-la-igualdad-benito-taibo-la-independent-noticies-genero\\\/#breadcrumb\"},\"inLanguage\":\"es\",\"potentialAction\":[{\"@type\":\"ReadAction\",\"target\":[\"https:\\\/\\\/laindependent.cat\\\/es\\\/mexico-la-radio-universitaria-a-favor-de-la-igualdad-benito-taibo-la-independent-noticies-genero\\\/\"]}]},{\"@type\":\"ImageObject\",\"inLanguage\":\"es\",\"@id\":\"https:\\\/\\\/laindependent.cat\\\/es\\\/mexico-la-radio-universitaria-a-favor-de-la-igualdad-benito-taibo-la-independent-noticies-genero\\\/#primaryimage\",\"url\":\"https:\\\/\\\/laindependent.cat\\\/wp-content\\\/uploads\\\/2017\\\/09\\\/Curso_de_capacitacion_masculinidad_para_la_igualdad_SEMMEX.png\",\"contentUrl\":\"https:\\\/\\\/laindependent.cat\\\/wp-content\\\/uploads\\\/2017\\\/09\\\/Curso_de_capacitacion_masculinidad_para_la_igualdad_SEMMEX.png\",\"width\":622,\"height\":395},{\"@type\":\"BreadcrumbList\",\"@id\":\"https:\\\/\\\/laindependent.cat\\\/es\\\/mexico-la-radio-universitaria-a-favor-de-la-igualdad-benito-taibo-la-independent-noticies-genero\\\/#breadcrumb\",\"itemListElement\":[{\"@type\":\"ListItem\",\"position\":1,\"name\":\"Inici\",\"item\":\"https:\\\/\\\/laindependent.cat\\\/es\\\/la-independent\\\/\"},{\"@type\":\"ListItem\",\"position\":2,\"name\":\"Comunicaci\u00f3n - TICS - Publicidad\",\"item\":\"https:\\\/\\\/laindependent.cat\\\/es\\\/tema\\\/comunicacion-tics-publicidad\\\/\"},{\"@type\":\"ListItem\",\"position\":3,\"name\":\"Medios\",\"item\":\"https:\\\/\\\/laindependent.cat\\\/es\\\/tema\\\/comunicacion-tics-publicidad\\\/medios\\\/\"},{\"@type\":\"ListItem\",\"position\":4,\"name\":\"M\u00e9xico: La radio universitaria, a favor de la igualdad: Benito Taibo \\\/ La Independent \\\/ Noticies G\u00e9nero\"}]},{\"@type\":\"WebSite\",\"@id\":\"https:\\\/\\\/laindependent.cat\\\/es\\\/#website\",\"url\":\"https:\\\/\\\/laindependent.cat\\\/es\\\/\",\"name\":\"La Independent\",\"description\":\"Ag\u00e8ncia de not\u00edcies amb visi\u00f3 de g\u00e8nere\",\"publisher\":{\"@id\":\"https:\\\/\\\/laindependent.cat\\\/es\\\/#organization\"},\"alternateName\":\"Ag\u00e8ncia de not\u00edcies amb visi\u00f3 de g\u00e8nere\",\"potentialAction\":[{\"@type\":\"SearchAction\",\"target\":{\"@type\":\"EntryPoint\",\"urlTemplate\":\"https:\\\/\\\/laindependent.cat\\\/es\\\/?s={search_term_string}\"},\"query-input\":{\"@type\":\"PropertyValueSpecification\",\"valueRequired\":true,\"valueName\":\"search_term_string\"}}],\"inLanguage\":\"es\"},{\"@type\":\"Organization\",\"@id\":\"https:\\\/\\\/laindependent.cat\\\/es\\\/#organization\",\"name\":\"La Independent\",\"alternateName\":\"Ag\u00e8ncia de not\u00edcies amb visi\u00f3 de g\u00e8nere\",\"url\":\"https:\\\/\\\/laindependent.cat\\\/es\\\/\",\"logo\":{\"@type\":\"ImageObject\",\"inLanguage\":\"es\",\"@id\":\"https:\\\/\\\/laindependent.cat\\\/es\\\/#\\\/schema\\\/logo\\\/image\\\/\",\"url\":\"https:\\\/\\\/laindependent.cat\\\/wp-content\\\/uploads\\\/2022\\\/10\\\/logo-independent.svg\",\"contentUrl\":\"https:\\\/\\\/laindependent.cat\\\/wp-content\\\/uploads\\\/2022\\\/10\\\/logo-independent.svg\",\"width\":562,\"height\":78,\"caption\":\"La Independent\"},\"image\":{\"@id\":\"https:\\\/\\\/laindependent.cat\\\/es\\\/#\\\/schema\\\/logo\\\/image\\\/\"}},{\"@type\":\"Person\",\"@id\":\"https:\\\/\\\/laindependent.cat\\\/es\\\/#\\\/schema\\\/person\\\/d71fb4881d3ecd05f17c7aed370e97d0\",\"name\":\"Diva Criado\",\"image\":{\"@type\":\"ImageObject\",\"inLanguage\":\"es\",\"@id\":\"https:\\\/\\\/secure.gravatar.com\\\/avatar\\\/675977cc3610ea0f575862aa1da79901557922b9e72048e61158da372dadbb0d?s=96&d=blank&r=g\",\"url\":\"https:\\\/\\\/secure.gravatar.com\\\/avatar\\\/675977cc3610ea0f575862aa1da79901557922b9e72048e61158da372dadbb0d?s=96&d=blank&r=g\",\"contentUrl\":\"https:\\\/\\\/secure.gravatar.com\\\/avatar\\\/675977cc3610ea0f575862aa1da79901557922b9e72048e61158da372dadbb0d?s=96&d=blank&r=g\",\"caption\":\"Diva Criado\"},\"description\":\"Abogada y periodista, M\u00e1ster en Gesti\u00f3n P\u00fablica de la Universidad Pompeu Fabra de Barcelona.\",\"url\":\"https:\\\/\\\/laindependent.cat\\\/es\\\/author\\\/diva-criado\\\/\"}]}<\/script>\n<!-- \/ Yoast SEO plugin. -->","yoast_head_json":{"title":"M\u00e9xico: La radio universitaria, a favor de la igualdad: Benito Taibo \/ La Independent \/ Noticies G\u00e9nero | La Independent","description":"Inmujeres CDMX, El Instituto de las Mujeres de la Ciudad de M\u00e9xico, realiz\u00f3 un proceso de capacitaci\u00f3n a Radio UNAM, emisora de la Universidad Nacional","robots":{"index":"index","follow":"follow","max-snippet":"max-snippet:-1","max-image-preview":"max-image-preview:large","max-video-preview":"max-video-preview:-1"},"canonical":"https:\/\/laindependent.cat\/es\/mexico-la-radio-universitaria-a-favor-de-la-igualdad-benito-taibo-la-independent-noticies-genero\/","og_locale":"es_ES","og_type":"article","og_title":"M\u00e9xico: La radio universitaria, a favor de la igualdad: Benito Taibo \/ La Independent \/ Noticies G\u00e9nero | La Independent","og_description":"Inmujeres CDMX, El Instituto de las Mujeres de la Ciudad de M\u00e9xico, realiz\u00f3 un proceso de capacitaci\u00f3n a Radio UNAM, emisora de la Universidad Nacional","og_url":"https:\/\/laindependent.cat\/es\/mexico-la-radio-universitaria-a-favor-de-la-igualdad-benito-taibo-la-independent-noticies-genero\/","og_site_name":"La Independent","article_published_time":"2017-09-21T20:27:35+00:00","og_image":[{"url":"https:\/\/laindependent.cat\/wp-content\/uploads\/2017\/09\/Curso_de_capacitacion_masculinidad_para_la_igualdad_SEMMEX.png","type":"","width":"","height":""}],"author":"Diva Criado","twitter_card":"summary_large_image","twitter_misc":{"Escrito por":"Diva Criado","Tiempo de lectura":"2 minutos"},"schema":{"@context":"https:\/\/schema.org","@graph":[{"@type":"Article","@id":"https:\/\/laindependent.cat\/es\/mexico-la-radio-universitaria-a-favor-de-la-igualdad-benito-taibo-la-independent-noticies-genero\/#article","isPartOf":{"@id":"https:\/\/laindependent.cat\/es\/mexico-la-radio-universitaria-a-favor-de-la-igualdad-benito-taibo-la-independent-noticies-genero\/"},"author":{"name":"Diva Criado","@id":"https:\/\/laindependent.cat\/es\/#\/schema\/person\/d71fb4881d3ecd05f17c7aed370e97d0"},"headline":"M\u00e9xico: La radio universitaria, a favor de la igualdad: Benito Taibo \/ La Independent \/ Noticies G\u00e9nero","datePublished":"2017-09-21T20:27:35+00:00","mainEntityOfPage":{"@id":"https:\/\/laindependent.cat\/es\/mexico-la-radio-universitaria-a-favor-de-la-igualdad-benito-taibo-la-independent-noticies-genero\/"},"wordCount":319,"commentCount":0,"publisher":{"@id":"https:\/\/laindependent.cat\/es\/#organization"},"image":{"@id":"https:\/\/laindependent.cat\/es\/mexico-la-radio-universitaria-a-favor-de-la-igualdad-benito-taibo-la-independent-noticies-genero\/#primaryimage"},"thumbnailUrl":"https:\/\/laindependent.cat\/wp-content\/uploads\/2017\/09\/Curso_de_capacitacion_masculinidad_para_la_igualdad_SEMMEX.png","keywords":["emissora de la Universitat Nacional Aut\u00f2noma de M\u00e8xic (UNAM)","Inmujeres CDMX","L'Institut de les Dones de la Ciutat de M\u00e8xic","Masculinitat per a la Igualtat","R\u00e0dio UNAM"],"articleSection":["Medios"],"inLanguage":"es","potentialAction":[{"@type":"CommentAction","name":"Comment","target":["https:\/\/laindependent.cat\/es\/mexico-la-radio-universitaria-a-favor-de-la-igualdad-benito-taibo-la-independent-noticies-genero\/#respond"]}]},{"@type":"WebPage","@id":"https:\/\/laindependent.cat\/es\/mexico-la-radio-universitaria-a-favor-de-la-igualdad-benito-taibo-la-independent-noticies-genero\/","url":"https:\/\/laindependent.cat\/es\/mexico-la-radio-universitaria-a-favor-de-la-igualdad-benito-taibo-la-independent-noticies-genero\/","name":"M\u00e9xico: La radio universitaria, a favor de la igualdad: Benito Taibo \/ La Independent \/ Noticies G\u00e9nero | La Independent","isPartOf":{"@id":"https:\/\/laindependent.cat\/es\/#website"},"primaryImageOfPage":{"@id":"https:\/\/laindependent.cat\/es\/mexico-la-radio-universitaria-a-favor-de-la-igualdad-benito-taibo-la-independent-noticies-genero\/#primaryimage"},"image":{"@id":"https:\/\/laindependent.cat\/es\/mexico-la-radio-universitaria-a-favor-de-la-igualdad-benito-taibo-la-independent-noticies-genero\/#primaryimage"},"thumbnailUrl":"https:\/\/laindependent.cat\/wp-content\/uploads\/2017\/09\/Curso_de_capacitacion_masculinidad_para_la_igualdad_SEMMEX.png","datePublished":"2017-09-21T20:27:35+00:00","description":"Inmujeres CDMX, El Instituto de las Mujeres de la Ciudad de M\u00e9xico, realiz\u00f3 un proceso de capacitaci\u00f3n a Radio UNAM, emisora de la Universidad Nacional","breadcrumb":{"@id":"https:\/\/laindependent.cat\/es\/mexico-la-radio-universitaria-a-favor-de-la-igualdad-benito-taibo-la-independent-noticies-genero\/#breadcrumb"},"inLanguage":"es","potentialAction":[{"@type":"ReadAction","target":["https:\/\/laindependent.cat\/es\/mexico-la-radio-universitaria-a-favor-de-la-igualdad-benito-taibo-la-independent-noticies-genero\/"]}]},{"@type":"ImageObject","inLanguage":"es","@id":"https:\/\/laindependent.cat\/es\/mexico-la-radio-universitaria-a-favor-de-la-igualdad-benito-taibo-la-independent-noticies-genero\/#primaryimage","url":"https:\/\/laindependent.cat\/wp-content\/uploads\/2017\/09\/Curso_de_capacitacion_masculinidad_para_la_igualdad_SEMMEX.png","contentUrl":"https:\/\/laindependent.cat\/wp-content\/uploads\/2017\/09\/Curso_de_capacitacion_masculinidad_para_la_igualdad_SEMMEX.png","width":622,"height":395},{"@type":"BreadcrumbList","@id":"https:\/\/laindependent.cat\/es\/mexico-la-radio-universitaria-a-favor-de-la-igualdad-benito-taibo-la-independent-noticies-genero\/#breadcrumb","itemListElement":[{"@type":"ListItem","position":1,"name":"Inici","item":"https:\/\/laindependent.cat\/es\/la-independent\/"},{"@type":"ListItem","position":2,"name":"Comunicaci\u00f3n - TICS - Publicidad","item":"https:\/\/laindependent.cat\/es\/tema\/comunicacion-tics-publicidad\/"},{"@type":"ListItem","position":3,"name":"Medios","item":"https:\/\/laindependent.cat\/es\/tema\/comunicacion-tics-publicidad\/medios\/"},{"@type":"ListItem","position":4,"name":"M\u00e9xico: La radio universitaria, a favor de la igualdad: Benito Taibo \/ La Independent \/ Noticies G\u00e9nero"}]},{"@type":"WebSite","@id":"https:\/\/laindependent.cat\/es\/#website","url":"https:\/\/laindependent.cat\/es\/","name":"La Independent","description":"Ag\u00e8ncia de not\u00edcies amb visi\u00f3 de g\u00e8nere","publisher":{"@id":"https:\/\/laindependent.cat\/es\/#organization"},"alternateName":"Ag\u00e8ncia de not\u00edcies amb visi\u00f3 de g\u00e8nere","potentialAction":[{"@type":"SearchAction","target":{"@type":"EntryPoint","urlTemplate":"https:\/\/laindependent.cat\/es\/?s={search_term_string}"},"query-input":{"@type":"PropertyValueSpecification","valueRequired":true,"valueName":"search_term_string"}}],"inLanguage":"es"},{"@type":"Organization","@id":"https:\/\/laindependent.cat\/es\/#organization","name":"La Independent","alternateName":"Ag\u00e8ncia de not\u00edcies amb visi\u00f3 de g\u00e8nere","url":"https:\/\/laindependent.cat\/es\/","logo":{"@type":"ImageObject","inLanguage":"es","@id":"https:\/\/laindependent.cat\/es\/#\/schema\/logo\/image\/","url":"https:\/\/laindependent.cat\/wp-content\/uploads\/2022\/10\/logo-independent.svg","contentUrl":"https:\/\/laindependent.cat\/wp-content\/uploads\/2022\/10\/logo-independent.svg","width":562,"height":78,"caption":"La Independent"},"image":{"@id":"https:\/\/laindependent.cat\/es\/#\/schema\/logo\/image\/"}},{"@type":"Person","@id":"https:\/\/laindependent.cat\/es\/#\/schema\/person\/d71fb4881d3ecd05f17c7aed370e97d0","name":"Diva Criado","image":{"@type":"ImageObject","inLanguage":"es","@id":"https:\/\/secure.gravatar.com\/avatar\/675977cc3610ea0f575862aa1da79901557922b9e72048e61158da372dadbb0d?s=96&d=blank&r=g","url":"https:\/\/secure.gravatar.com\/avatar\/675977cc3610ea0f575862aa1da79901557922b9e72048e61158da372dadbb0d?s=96&d=blank&r=g","contentUrl":"https:\/\/secure.gravatar.com\/avatar\/675977cc3610ea0f575862aa1da79901557922b9e72048e61158da372dadbb0d?s=96&d=blank&r=g","caption":"Diva Criado"},"description":"Abogada y periodista, M\u00e1ster en Gesti\u00f3n P\u00fablica de la Universidad Pompeu Fabra de Barcelona.","url":"https:\/\/laindependent.cat\/es\/author\/diva-criado\/"}]}},"_links":{"self":[{"href":"https:\/\/laindependent.cat\/es\/wp-json\/wp\/v2\/posts\/65279","targetHints":{"allow":["GET"]}}],"collection":[{"href":"https:\/\/laindependent.cat\/es\/wp-json\/wp\/v2\/posts"}],"about":[{"href":"https:\/\/laindependent.cat\/es\/wp-json\/wp\/v2\/types\/post"}],"author":[{"embeddable":true,"href":"https:\/\/laindependent.cat\/es\/wp-json\/wp\/v2\/users\/90"}],"replies":[{"embeddable":true,"href":"https:\/\/laindependent.cat\/es\/wp-json\/wp\/v2\/comments?post=65279"}],"version-history":[{"count":0,"href":"https:\/\/laindependent.cat\/es\/wp-json\/wp\/v2\/posts\/65279\/revisions"}],"wp:featuredmedia":[{"embeddable":true,"href":"https:\/\/laindependent.cat\/es\/wp-json\/wp\/v2\/media\/33753"}],"wp:attachment":[{"href":"https:\/\/laindependent.cat\/es\/wp-json\/wp\/v2\/media?parent=65279"}],"wp:term":[{"taxonomy":"category","embeddable":true,"href":"https:\/\/laindependent.cat\/es\/wp-json\/wp\/v2\/categories?post=65279"},{"taxonomy":"post_tag","embeddable":true,"href":"https:\/\/laindependent.cat\/es\/wp-json\/wp\/v2\/tags?post=65279"}],"curies":[{"name":"wp","href":"https:\/\/api.w.org\/{rel}","templated":true}]}}