{"id":64968,"date":"2017-05-04T15:47:53","date_gmt":"2017-05-04T13:47:53","guid":{"rendered":"https:\/\/laindependent.cat\/europa-xarxes-socials-amb-contingut-audiovisual-dins-de-la-directiva-europea-de-serveis-de-comunicacio-audiovisual-la-independent-noticies-genere-2\/"},"modified":"2017-05-04T15:47:53","modified_gmt":"2017-05-04T13:47:53","slug":"europa-xarxes-socials-amb-contingut-audiovisual-dins-de-la-directiva-europea-de-serveis-de-comunicacio-audiovisual-la-independent-noticies-genere-2","status":"publish","type":"post","link":"https:\/\/laindependent.cat\/es\/europa-xarxes-socials-amb-contingut-audiovisual-dins-de-la-directiva-europea-de-serveis-de-comunicacio-audiovisual-la-independent-noticies-genere-2\/","title":{"rendered":"Europa: Xarxes socials amb contingut audiovisual dins de la Directiva europea de serveis de comunicaci\u00f3 audiovisual \/ La Independent \/ Noticies g\u00e8nere"},"content":{"rendered":"<p>No hay traducci\u00f3n disponible<\/p>\n<p style=\"text-align: left;\"><strong><span style=\"font-family: 'trebuchet ms',geneva; font-size: 10pt;\">L&#8217;eurodiputada Petra Kammerevert, coponent al Parlament Europeu de la revisi\u00f3 de la Directiva de serveis de comunicaci\u00f3 audiovisuals, ha afirmat a finals d\u2019abril a Barcelona, que les xarxes socials tamb\u00e9 estaran incloses en l&#8217;\u00e0mbit de la Directiva de serveis de comunicaci\u00f3 audiovisual.<\/span><\/strong><\/p>\n<p><!--more--><\/p>\n<p style=\"text-align: left;\"><span style=\"font-family: 'trebuchet ms', geneva; font-size: 10pt;\"><img fetchpriority=\"high\" decoding=\"async\" class=\" size-full wp-image-33484\" style=\"vertical-align: middle; display: block; margin-left: auto; margin-right: auto;\" src=\"https:\/\/laindependent.cat\/wp-content\/uploads\/2017\/05\/iphone_apps.jpg\" alt=\"alt\" width=\"350\" height=\"233\" srcset=\"https:\/\/laindependent.cat\/wp-content\/uploads\/2017\/05\/iphone_apps.jpg 849w, https:\/\/laindependent.cat\/wp-content\/uploads\/2017\/05\/iphone_apps-300x200.jpg 300w, https:\/\/laindependent.cat\/wp-content\/uploads\/2017\/05\/iphone_apps-768x511.jpg 768w\" sizes=\"(max-width: 350px) 100vw, 350px\" \/><\/span><br \/><span style=\"font-family: 'trebuchet ms', geneva; font-size: 10pt;\"><\/span><\/p>\n<p style=\"text-align: left;\"><span style=\"font-family: 'trebuchet ms', geneva; font-size: 10pt;\">Pel que fa a les plataformes d&#8217;intercanvi de v\u00eddeo, com ara YouTube, Dailymotion o Vimeo, Kammerevert ha dit que s&#8217;haurien d&#8217;autoregular. \u201cNosaltres, en canvi, considerem que si l&#8217;autoregulaci\u00f3 no funciona, aleshores els estats membres haurien de poder intervenir. No volem un control total i exhaustiu d&#8217;internet, perqu\u00e8 aix\u00f2 no seria compatible amb la llibertat d&#8217;expressi\u00f3. Les actuacions nom\u00e9s s&#8217;hauran de fer davant els mals usos, per\u00f2 sense haver de pentinar tots els continguts. Aix\u00f2 s\u00ed, quan les plataformes tinguin coneixement d&#8217;un contingut impugnat, aleshores hauran d&#8217;eliminar-lo de la xarxa&#8221;.<\/span><\/p>\n<p style=\"text-align: left;\"><span style=\"font-family: 'trebuchet ms', geneva; font-size: 10pt;\">Aquestes afirmacions es van fer en el marc d\u2019una jornada sobre la revisi\u00f3 de la Directiva de serveis de comunicaci\u00f3 audiovisual, organitzada per l&#8217;Oficina del Parlament Europeu a Barcelona i en la qual ha participat el president del Consell de l&#8217;Audiovisual de Catalunya (CAC),<strong> Roger Loppacher<\/strong>, qui ha demanat precisar de manera m\u00e9s exacta aquests sup\u00f2sits i ha proposat que les autoritats de regulaci\u00f3 audiovisual tinguin la potestat d&#8217;ordenar la retirada immediata de continguts il\u00b7l\u00edcits a les plataformes d&#8217;intercanvi de v\u00eddeo. &#8220;Convindria que quan una autoritat de regulaci\u00f3 detecti continguts il\u00b7l\u00edcits, com ara pornografia infantil i viol\u00e8ncia masclista, o perjudicials per als menors, com per exemple la promoci\u00f3 de l&#8217;anor\u00e8xia o del su\u00efcidi, disposi de les eines i dels poders necessaris per tal de fer efectiva aquesta protecci\u00f3 i en pugui ordenar la retirada als prove\u00efdors del servei d&#8217;allotjament&#8221;, i que per enfortir la Uni\u00f3 Europea cal apostar per la identitat europea i que aix\u00f2 passa per potenciar una cultura audiovisual europea comuna. &#8220;Creiem que la previsi\u00f3 de la Directiva d&#8217;exigir als serveis de v\u00eddeo sota demanda, com ara Netflix o HBO, una reserva en els seus cat\u00e0legs d&#8217;un m\u00ednim del 20% d&#8217;obra audiovisual europea \u00e9s insuficient i caldria apostar per objectius m\u00e9s ambiciosos&#8221;, ha afirmat.<\/span><\/p>\n","protected":false},"excerpt":{"rendered":"<p>No hay traducci\u00f3n disponible L&#8217;eurodiputada Petra Kammerevert, coponent al Parlament Europeu de la revisi\u00f3 de la Directiva de serveis de comunicaci\u00f3 audiovisuals, ha afirmat a finals d\u2019abril a Barcelona, que les xarxes socials tamb\u00e9 estaran incloses en l&#8217;\u00e0mbit de la [&hellip;]<\/p>\n","protected":false},"author":79,"featured_media":33484,"comment_status":"open","ping_status":"","sticky":false,"template":"","format":"standard","meta":{"footnotes":""},"categories":[26530],"tags":[40059,40055,40057,40058,40053,40056,40054],"class_list":["post-64968","post","type-post","status-publish","format-standard","has-post-thumbnail","hentry","category-medios","tag-anorexia","tag-dailymotion","tag-hbo","tag-oficina-del-parlament-europeu-a-barcelona","tag-petra-kammerevert","tag-vimeo","tag-youtube"],"yoast_head":"<!-- This site is optimized with the Yoast SEO plugin v27.4 - https:\/\/yoast.com\/product\/yoast-seo-wordpress\/ -->\n<title>Europa: Xarxes socials amb contingut audiovisual dins de la Directiva europea de serveis de comunicaci\u00f3 audiovisual \/ La Independent \/ Noticies g\u00e8nere | La Independent<\/title>\n<meta name=\"description\" content=\"No hay traducci\u00f3n disponible L&#039;eurodiputada Petra Kammerevert, coponent al Parlament Europeu de la revisi\u00f3 de la Directiva de serveis de comunicaci\u00f3\" \/>\n<meta name=\"robots\" content=\"index, follow, max-snippet:-1, max-image-preview:large, max-video-preview:-1\" \/>\n<link rel=\"canonical\" href=\"https:\/\/laindependent.cat\/es\/europa-xarxes-socials-amb-contingut-audiovisual-dins-de-la-directiva-europea-de-serveis-de-comunicacio-audiovisual-la-independent-noticies-genere-2\/\" \/>\n<meta property=\"og:locale\" content=\"es_ES\" \/>\n<meta property=\"og:type\" content=\"article\" \/>\n<meta property=\"og:title\" content=\"Europa: Xarxes socials amb contingut audiovisual dins de la Directiva europea de serveis de comunicaci\u00f3 audiovisual \/ La Independent \/ Noticies g\u00e8nere | La Independent\" \/>\n<meta property=\"og:description\" content=\"No hay traducci\u00f3n disponible L&#039;eurodiputada Petra Kammerevert, coponent al Parlament Europeu de la revisi\u00f3 de la Directiva de serveis de comunicaci\u00f3\" \/>\n<meta property=\"og:url\" content=\"https:\/\/laindependent.cat\/es\/europa-xarxes-socials-amb-contingut-audiovisual-dins-de-la-directiva-europea-de-serveis-de-comunicacio-audiovisual-la-independent-noticies-genere-2\/\" \/>\n<meta property=\"og:site_name\" content=\"La Independent\" \/>\n<meta property=\"article:published_time\" content=\"2017-05-04T13:47:53+00:00\" \/>\n<meta property=\"og:image\" content=\"https:\/\/laindependent.cat\/wp-content\/uploads\/2017\/05\/iphone_apps.jpg\" \/>\n<meta name=\"author\" content=\"Fabiola Llanos\" \/>\n<meta name=\"twitter:card\" content=\"summary_large_image\" \/>\n<meta name=\"twitter:creator\" content=\"@https:\/\/twitter.com\/fabskje\" \/>\n<meta name=\"twitter:label1\" content=\"Escrito por\" \/>\n\t<meta name=\"twitter:data1\" content=\"Fabiola Llanos\" \/>\n\t<meta name=\"twitter:label2\" content=\"Tiempo de lectura\" \/>\n\t<meta name=\"twitter:data2\" content=\"2 minutos\" \/>\n<script type=\"application\/ld+json\" class=\"yoast-schema-graph\">{\"@context\":\"https:\\\/\\\/schema.org\",\"@graph\":[{\"@type\":\"Article\",\"@id\":\"https:\\\/\\\/laindependent.cat\\\/es\\\/europa-xarxes-socials-amb-contingut-audiovisual-dins-de-la-directiva-europea-de-serveis-de-comunicacio-audiovisual-la-independent-noticies-genere-2\\\/#article\",\"isPartOf\":{\"@id\":\"https:\\\/\\\/laindependent.cat\\\/es\\\/europa-xarxes-socials-amb-contingut-audiovisual-dins-de-la-directiva-europea-de-serveis-de-comunicacio-audiovisual-la-independent-noticies-genere-2\\\/\"},\"author\":{\"name\":\"Fabiola Llanos\",\"@id\":\"https:\\\/\\\/laindependent.cat\\\/es\\\/#\\\/schema\\\/person\\\/2c58a605ff6a19f1223872288e2d3398\"},\"headline\":\"Europa: Xarxes socials amb contingut audiovisual dins de la Directiva europea de serveis de comunicaci\u00f3 audiovisual \\\/ La Independent \\\/ Noticies g\u00e8nere\",\"datePublished\":\"2017-05-04T13:47:53+00:00\",\"mainEntityOfPage\":{\"@id\":\"https:\\\/\\\/laindependent.cat\\\/es\\\/europa-xarxes-socials-amb-contingut-audiovisual-dins-de-la-directiva-europea-de-serveis-de-comunicacio-audiovisual-la-independent-noticies-genere-2\\\/\"},\"wordCount\":401,\"commentCount\":0,\"publisher\":{\"@id\":\"https:\\\/\\\/laindependent.cat\\\/es\\\/#organization\"},\"image\":{\"@id\":\"https:\\\/\\\/laindependent.cat\\\/es\\\/europa-xarxes-socials-amb-contingut-audiovisual-dins-de-la-directiva-europea-de-serveis-de-comunicacio-audiovisual-la-independent-noticies-genere-2\\\/#primaryimage\"},\"thumbnailUrl\":\"https:\\\/\\\/laindependent.cat\\\/wp-content\\\/uploads\\\/2017\\\/05\\\/iphone_apps.jpg\",\"keywords\":[\"anor\u00e8xia\",\"Dailymotion\",\"HBO\",\"Oficina del Parlament Europeu a Barcelona\",\"Petra Kammerevert\",\"Vimeo\",\"YouTube\"],\"articleSection\":[\"Medios\"],\"inLanguage\":\"es\",\"potentialAction\":[{\"@type\":\"CommentAction\",\"name\":\"Comment\",\"target\":[\"https:\\\/\\\/laindependent.cat\\\/es\\\/europa-xarxes-socials-amb-contingut-audiovisual-dins-de-la-directiva-europea-de-serveis-de-comunicacio-audiovisual-la-independent-noticies-genere-2\\\/#respond\"]}]},{\"@type\":\"WebPage\",\"@id\":\"https:\\\/\\\/laindependent.cat\\\/es\\\/europa-xarxes-socials-amb-contingut-audiovisual-dins-de-la-directiva-europea-de-serveis-de-comunicacio-audiovisual-la-independent-noticies-genere-2\\\/\",\"url\":\"https:\\\/\\\/laindependent.cat\\\/es\\\/europa-xarxes-socials-amb-contingut-audiovisual-dins-de-la-directiva-europea-de-serveis-de-comunicacio-audiovisual-la-independent-noticies-genere-2\\\/\",\"name\":\"Europa: Xarxes socials amb contingut audiovisual dins de la Directiva europea de serveis de comunicaci\u00f3 audiovisual \\\/ La Independent \\\/ Noticies g\u00e8nere | La Independent\",\"isPartOf\":{\"@id\":\"https:\\\/\\\/laindependent.cat\\\/es\\\/#website\"},\"primaryImageOfPage\":{\"@id\":\"https:\\\/\\\/laindependent.cat\\\/es\\\/europa-xarxes-socials-amb-contingut-audiovisual-dins-de-la-directiva-europea-de-serveis-de-comunicacio-audiovisual-la-independent-noticies-genere-2\\\/#primaryimage\"},\"image\":{\"@id\":\"https:\\\/\\\/laindependent.cat\\\/es\\\/europa-xarxes-socials-amb-contingut-audiovisual-dins-de-la-directiva-europea-de-serveis-de-comunicacio-audiovisual-la-independent-noticies-genere-2\\\/#primaryimage\"},\"thumbnailUrl\":\"https:\\\/\\\/laindependent.cat\\\/wp-content\\\/uploads\\\/2017\\\/05\\\/iphone_apps.jpg\",\"datePublished\":\"2017-05-04T13:47:53+00:00\",\"description\":\"No hay traducci\u00f3n disponible L'eurodiputada Petra Kammerevert, coponent al Parlament Europeu de la revisi\u00f3 de la Directiva de serveis de comunicaci\u00f3\",\"breadcrumb\":{\"@id\":\"https:\\\/\\\/laindependent.cat\\\/es\\\/europa-xarxes-socials-amb-contingut-audiovisual-dins-de-la-directiva-europea-de-serveis-de-comunicacio-audiovisual-la-independent-noticies-genere-2\\\/#breadcrumb\"},\"inLanguage\":\"es\",\"potentialAction\":[{\"@type\":\"ReadAction\",\"target\":[\"https:\\\/\\\/laindependent.cat\\\/es\\\/europa-xarxes-socials-amb-contingut-audiovisual-dins-de-la-directiva-europea-de-serveis-de-comunicacio-audiovisual-la-independent-noticies-genere-2\\\/\"]}]},{\"@type\":\"ImageObject\",\"inLanguage\":\"es\",\"@id\":\"https:\\\/\\\/laindependent.cat\\\/es\\\/europa-xarxes-socials-amb-contingut-audiovisual-dins-de-la-directiva-europea-de-serveis-de-comunicacio-audiovisual-la-independent-noticies-genere-2\\\/#primaryimage\",\"url\":\"https:\\\/\\\/laindependent.cat\\\/wp-content\\\/uploads\\\/2017\\\/05\\\/iphone_apps.jpg\",\"contentUrl\":\"https:\\\/\\\/laindependent.cat\\\/wp-content\\\/uploads\\\/2017\\\/05\\\/iphone_apps.jpg\",\"width\":849,\"height\":565},{\"@type\":\"BreadcrumbList\",\"@id\":\"https:\\\/\\\/laindependent.cat\\\/es\\\/europa-xarxes-socials-amb-contingut-audiovisual-dins-de-la-directiva-europea-de-serveis-de-comunicacio-audiovisual-la-independent-noticies-genere-2\\\/#breadcrumb\",\"itemListElement\":[{\"@type\":\"ListItem\",\"position\":1,\"name\":\"Inici\",\"item\":\"https:\\\/\\\/laindependent.cat\\\/es\\\/la-independent\\\/\"},{\"@type\":\"ListItem\",\"position\":2,\"name\":\"Comunicaci\u00f3n - TICS - Publicidad\",\"item\":\"https:\\\/\\\/laindependent.cat\\\/es\\\/tema\\\/comunicacion-tics-publicidad\\\/\"},{\"@type\":\"ListItem\",\"position\":3,\"name\":\"Medios\",\"item\":\"https:\\\/\\\/laindependent.cat\\\/es\\\/tema\\\/comunicacion-tics-publicidad\\\/medios\\\/\"},{\"@type\":\"ListItem\",\"position\":4,\"name\":\"Europa: Xarxes socials amb contingut audiovisual dins de la Directiva europea de serveis de comunicaci\u00f3 audiovisual \\\/ La Independent \\\/ Noticies g\u00e8nere\"}]},{\"@type\":\"WebSite\",\"@id\":\"https:\\\/\\\/laindependent.cat\\\/es\\\/#website\",\"url\":\"https:\\\/\\\/laindependent.cat\\\/es\\\/\",\"name\":\"La Independent\",\"description\":\"Ag\u00e8ncia de not\u00edcies amb visi\u00f3 de g\u00e8nere\",\"publisher\":{\"@id\":\"https:\\\/\\\/laindependent.cat\\\/es\\\/#organization\"},\"alternateName\":\"Ag\u00e8ncia de not\u00edcies amb visi\u00f3 de g\u00e8nere\",\"potentialAction\":[{\"@type\":\"SearchAction\",\"target\":{\"@type\":\"EntryPoint\",\"urlTemplate\":\"https:\\\/\\\/laindependent.cat\\\/es\\\/?s={search_term_string}\"},\"query-input\":{\"@type\":\"PropertyValueSpecification\",\"valueRequired\":true,\"valueName\":\"search_term_string\"}}],\"inLanguage\":\"es\"},{\"@type\":\"Organization\",\"@id\":\"https:\\\/\\\/laindependent.cat\\\/es\\\/#organization\",\"name\":\"La Independent\",\"alternateName\":\"Ag\u00e8ncia de not\u00edcies amb visi\u00f3 de g\u00e8nere\",\"url\":\"https:\\\/\\\/laindependent.cat\\\/es\\\/\",\"logo\":{\"@type\":\"ImageObject\",\"inLanguage\":\"es\",\"@id\":\"https:\\\/\\\/laindependent.cat\\\/es\\\/#\\\/schema\\\/logo\\\/image\\\/\",\"url\":\"https:\\\/\\\/laindependent.cat\\\/wp-content\\\/uploads\\\/2022\\\/10\\\/logo-independent.svg\",\"contentUrl\":\"https:\\\/\\\/laindependent.cat\\\/wp-content\\\/uploads\\\/2022\\\/10\\\/logo-independent.svg\",\"width\":562,\"height\":78,\"caption\":\"La Independent\"},\"image\":{\"@id\":\"https:\\\/\\\/laindependent.cat\\\/es\\\/#\\\/schema\\\/logo\\\/image\\\/\"}},{\"@type\":\"Person\",\"@id\":\"https:\\\/\\\/laindependent.cat\\\/es\\\/#\\\/schema\\\/person\\\/2c58a605ff6a19f1223872288e2d3398\",\"name\":\"Fabiola Llanos\",\"image\":{\"@type\":\"ImageObject\",\"inLanguage\":\"es\",\"@id\":\"https:\\\/\\\/secure.gravatar.com\\\/avatar\\\/3048cd6d04513536ecaa752cf0f5e51d72bfa25af529539bc7922a112e0686e9?s=96&d=blank&r=g\",\"url\":\"https:\\\/\\\/secure.gravatar.com\\\/avatar\\\/3048cd6d04513536ecaa752cf0f5e51d72bfa25af529539bc7922a112e0686e9?s=96&d=blank&r=g\",\"contentUrl\":\"https:\\\/\\\/secure.gravatar.com\\\/avatar\\\/3048cd6d04513536ecaa752cf0f5e51d72bfa25af529539bc7922a112e0686e9?s=96&d=blank&r=g\",\"caption\":\"Fabiola Llanos\"},\"description\":\"Ecofeminista. Periodista i comunicadora social. Imatge, neuroling\u00fc\u00edstica i drets de les dones. Vaig parir La Peri\u00f2dica. Cofundadora de La Independent. Comunicaci\u00f3 Fundaci\u00f3 Surt\",\"sameAs\":[\"https:\\\/\\\/www.instagram.com\\\/fabskje\",\"https:\\\/\\\/www.linkedin.com\\\/in\\\/fabllanos\",\"https:\\\/\\\/x.com\\\/https:\\\/\\\/twitter.com\\\/fabskje\"],\"url\":\"https:\\\/\\\/laindependent.cat\\\/es\\\/author\\\/fabiola-llanos\\\/\"}]}<\/script>\n<!-- \/ Yoast SEO plugin. -->","yoast_head_json":{"title":"Europa: Xarxes socials amb contingut audiovisual dins de la Directiva europea de serveis de comunicaci\u00f3 audiovisual \/ La Independent \/ Noticies g\u00e8nere | La Independent","description":"No hay traducci\u00f3n disponible L'eurodiputada Petra Kammerevert, coponent al Parlament Europeu de la revisi\u00f3 de la Directiva de serveis de comunicaci\u00f3","robots":{"index":"index","follow":"follow","max-snippet":"max-snippet:-1","max-image-preview":"max-image-preview:large","max-video-preview":"max-video-preview:-1"},"canonical":"https:\/\/laindependent.cat\/es\/europa-xarxes-socials-amb-contingut-audiovisual-dins-de-la-directiva-europea-de-serveis-de-comunicacio-audiovisual-la-independent-noticies-genere-2\/","og_locale":"es_ES","og_type":"article","og_title":"Europa: Xarxes socials amb contingut audiovisual dins de la Directiva europea de serveis de comunicaci\u00f3 audiovisual \/ La Independent \/ Noticies g\u00e8nere | La Independent","og_description":"No hay traducci\u00f3n disponible L'eurodiputada Petra Kammerevert, coponent al Parlament Europeu de la revisi\u00f3 de la Directiva de serveis de comunicaci\u00f3","og_url":"https:\/\/laindependent.cat\/es\/europa-xarxes-socials-amb-contingut-audiovisual-dins-de-la-directiva-europea-de-serveis-de-comunicacio-audiovisual-la-independent-noticies-genere-2\/","og_site_name":"La Independent","article_published_time":"2017-05-04T13:47:53+00:00","og_image":[{"url":"https:\/\/laindependent.cat\/wp-content\/uploads\/2017\/05\/iphone_apps.jpg","type":"","width":"","height":""}],"author":"Fabiola Llanos","twitter_card":"summary_large_image","twitter_creator":"@https:\/\/twitter.com\/fabskje","twitter_misc":{"Escrito por":"Fabiola Llanos","Tiempo de lectura":"2 minutos"},"schema":{"@context":"https:\/\/schema.org","@graph":[{"@type":"Article","@id":"https:\/\/laindependent.cat\/es\/europa-xarxes-socials-amb-contingut-audiovisual-dins-de-la-directiva-europea-de-serveis-de-comunicacio-audiovisual-la-independent-noticies-genere-2\/#article","isPartOf":{"@id":"https:\/\/laindependent.cat\/es\/europa-xarxes-socials-amb-contingut-audiovisual-dins-de-la-directiva-europea-de-serveis-de-comunicacio-audiovisual-la-independent-noticies-genere-2\/"},"author":{"name":"Fabiola Llanos","@id":"https:\/\/laindependent.cat\/es\/#\/schema\/person\/2c58a605ff6a19f1223872288e2d3398"},"headline":"Europa: Xarxes socials amb contingut audiovisual dins de la Directiva europea de serveis de comunicaci\u00f3 audiovisual \/ La Independent \/ Noticies g\u00e8nere","datePublished":"2017-05-04T13:47:53+00:00","mainEntityOfPage":{"@id":"https:\/\/laindependent.cat\/es\/europa-xarxes-socials-amb-contingut-audiovisual-dins-de-la-directiva-europea-de-serveis-de-comunicacio-audiovisual-la-independent-noticies-genere-2\/"},"wordCount":401,"commentCount":0,"publisher":{"@id":"https:\/\/laindependent.cat\/es\/#organization"},"image":{"@id":"https:\/\/laindependent.cat\/es\/europa-xarxes-socials-amb-contingut-audiovisual-dins-de-la-directiva-europea-de-serveis-de-comunicacio-audiovisual-la-independent-noticies-genere-2\/#primaryimage"},"thumbnailUrl":"https:\/\/laindependent.cat\/wp-content\/uploads\/2017\/05\/iphone_apps.jpg","keywords":["anor\u00e8xia","Dailymotion","HBO","Oficina del Parlament Europeu a Barcelona","Petra Kammerevert","Vimeo","YouTube"],"articleSection":["Medios"],"inLanguage":"es","potentialAction":[{"@type":"CommentAction","name":"Comment","target":["https:\/\/laindependent.cat\/es\/europa-xarxes-socials-amb-contingut-audiovisual-dins-de-la-directiva-europea-de-serveis-de-comunicacio-audiovisual-la-independent-noticies-genere-2\/#respond"]}]},{"@type":"WebPage","@id":"https:\/\/laindependent.cat\/es\/europa-xarxes-socials-amb-contingut-audiovisual-dins-de-la-directiva-europea-de-serveis-de-comunicacio-audiovisual-la-independent-noticies-genere-2\/","url":"https:\/\/laindependent.cat\/es\/europa-xarxes-socials-amb-contingut-audiovisual-dins-de-la-directiva-europea-de-serveis-de-comunicacio-audiovisual-la-independent-noticies-genere-2\/","name":"Europa: Xarxes socials amb contingut audiovisual dins de la Directiva europea de serveis de comunicaci\u00f3 audiovisual \/ La Independent \/ Noticies g\u00e8nere | La Independent","isPartOf":{"@id":"https:\/\/laindependent.cat\/es\/#website"},"primaryImageOfPage":{"@id":"https:\/\/laindependent.cat\/es\/europa-xarxes-socials-amb-contingut-audiovisual-dins-de-la-directiva-europea-de-serveis-de-comunicacio-audiovisual-la-independent-noticies-genere-2\/#primaryimage"},"image":{"@id":"https:\/\/laindependent.cat\/es\/europa-xarxes-socials-amb-contingut-audiovisual-dins-de-la-directiva-europea-de-serveis-de-comunicacio-audiovisual-la-independent-noticies-genere-2\/#primaryimage"},"thumbnailUrl":"https:\/\/laindependent.cat\/wp-content\/uploads\/2017\/05\/iphone_apps.jpg","datePublished":"2017-05-04T13:47:53+00:00","description":"No hay traducci\u00f3n disponible L'eurodiputada Petra Kammerevert, coponent al Parlament Europeu de la revisi\u00f3 de la Directiva de serveis de comunicaci\u00f3","breadcrumb":{"@id":"https:\/\/laindependent.cat\/es\/europa-xarxes-socials-amb-contingut-audiovisual-dins-de-la-directiva-europea-de-serveis-de-comunicacio-audiovisual-la-independent-noticies-genere-2\/#breadcrumb"},"inLanguage":"es","potentialAction":[{"@type":"ReadAction","target":["https:\/\/laindependent.cat\/es\/europa-xarxes-socials-amb-contingut-audiovisual-dins-de-la-directiva-europea-de-serveis-de-comunicacio-audiovisual-la-independent-noticies-genere-2\/"]}]},{"@type":"ImageObject","inLanguage":"es","@id":"https:\/\/laindependent.cat\/es\/europa-xarxes-socials-amb-contingut-audiovisual-dins-de-la-directiva-europea-de-serveis-de-comunicacio-audiovisual-la-independent-noticies-genere-2\/#primaryimage","url":"https:\/\/laindependent.cat\/wp-content\/uploads\/2017\/05\/iphone_apps.jpg","contentUrl":"https:\/\/laindependent.cat\/wp-content\/uploads\/2017\/05\/iphone_apps.jpg","width":849,"height":565},{"@type":"BreadcrumbList","@id":"https:\/\/laindependent.cat\/es\/europa-xarxes-socials-amb-contingut-audiovisual-dins-de-la-directiva-europea-de-serveis-de-comunicacio-audiovisual-la-independent-noticies-genere-2\/#breadcrumb","itemListElement":[{"@type":"ListItem","position":1,"name":"Inici","item":"https:\/\/laindependent.cat\/es\/la-independent\/"},{"@type":"ListItem","position":2,"name":"Comunicaci\u00f3n - TICS - Publicidad","item":"https:\/\/laindependent.cat\/es\/tema\/comunicacion-tics-publicidad\/"},{"@type":"ListItem","position":3,"name":"Medios","item":"https:\/\/laindependent.cat\/es\/tema\/comunicacion-tics-publicidad\/medios\/"},{"@type":"ListItem","position":4,"name":"Europa: Xarxes socials amb contingut audiovisual dins de la Directiva europea de serveis de comunicaci\u00f3 audiovisual \/ La Independent \/ Noticies g\u00e8nere"}]},{"@type":"WebSite","@id":"https:\/\/laindependent.cat\/es\/#website","url":"https:\/\/laindependent.cat\/es\/","name":"La Independent","description":"Ag\u00e8ncia de not\u00edcies amb visi\u00f3 de g\u00e8nere","publisher":{"@id":"https:\/\/laindependent.cat\/es\/#organization"},"alternateName":"Ag\u00e8ncia de not\u00edcies amb visi\u00f3 de g\u00e8nere","potentialAction":[{"@type":"SearchAction","target":{"@type":"EntryPoint","urlTemplate":"https:\/\/laindependent.cat\/es\/?s={search_term_string}"},"query-input":{"@type":"PropertyValueSpecification","valueRequired":true,"valueName":"search_term_string"}}],"inLanguage":"es"},{"@type":"Organization","@id":"https:\/\/laindependent.cat\/es\/#organization","name":"La Independent","alternateName":"Ag\u00e8ncia de not\u00edcies amb visi\u00f3 de g\u00e8nere","url":"https:\/\/laindependent.cat\/es\/","logo":{"@type":"ImageObject","inLanguage":"es","@id":"https:\/\/laindependent.cat\/es\/#\/schema\/logo\/image\/","url":"https:\/\/laindependent.cat\/wp-content\/uploads\/2022\/10\/logo-independent.svg","contentUrl":"https:\/\/laindependent.cat\/wp-content\/uploads\/2022\/10\/logo-independent.svg","width":562,"height":78,"caption":"La Independent"},"image":{"@id":"https:\/\/laindependent.cat\/es\/#\/schema\/logo\/image\/"}},{"@type":"Person","@id":"https:\/\/laindependent.cat\/es\/#\/schema\/person\/2c58a605ff6a19f1223872288e2d3398","name":"Fabiola Llanos","image":{"@type":"ImageObject","inLanguage":"es","@id":"https:\/\/secure.gravatar.com\/avatar\/3048cd6d04513536ecaa752cf0f5e51d72bfa25af529539bc7922a112e0686e9?s=96&d=blank&r=g","url":"https:\/\/secure.gravatar.com\/avatar\/3048cd6d04513536ecaa752cf0f5e51d72bfa25af529539bc7922a112e0686e9?s=96&d=blank&r=g","contentUrl":"https:\/\/secure.gravatar.com\/avatar\/3048cd6d04513536ecaa752cf0f5e51d72bfa25af529539bc7922a112e0686e9?s=96&d=blank&r=g","caption":"Fabiola Llanos"},"description":"Ecofeminista. Periodista i comunicadora social. Imatge, neuroling\u00fc\u00edstica i drets de les dones. Vaig parir La Peri\u00f2dica. Cofundadora de La Independent. Comunicaci\u00f3 Fundaci\u00f3 Surt","sameAs":["https:\/\/www.instagram.com\/fabskje","https:\/\/www.linkedin.com\/in\/fabllanos","https:\/\/x.com\/https:\/\/twitter.com\/fabskje"],"url":"https:\/\/laindependent.cat\/es\/author\/fabiola-llanos\/"}]}},"_links":{"self":[{"href":"https:\/\/laindependent.cat\/es\/wp-json\/wp\/v2\/posts\/64968","targetHints":{"allow":["GET"]}}],"collection":[{"href":"https:\/\/laindependent.cat\/es\/wp-json\/wp\/v2\/posts"}],"about":[{"href":"https:\/\/laindependent.cat\/es\/wp-json\/wp\/v2\/types\/post"}],"author":[{"embeddable":true,"href":"https:\/\/laindependent.cat\/es\/wp-json\/wp\/v2\/users\/79"}],"replies":[{"embeddable":true,"href":"https:\/\/laindependent.cat\/es\/wp-json\/wp\/v2\/comments?post=64968"}],"version-history":[{"count":0,"href":"https:\/\/laindependent.cat\/es\/wp-json\/wp\/v2\/posts\/64968\/revisions"}],"wp:featuredmedia":[{"embeddable":true,"href":"https:\/\/laindependent.cat\/es\/wp-json\/wp\/v2\/media\/33484"}],"wp:attachment":[{"href":"https:\/\/laindependent.cat\/es\/wp-json\/wp\/v2\/media?parent=64968"}],"wp:term":[{"taxonomy":"category","embeddable":true,"href":"https:\/\/laindependent.cat\/es\/wp-json\/wp\/v2\/categories?post=64968"},{"taxonomy":"post_tag","embeddable":true,"href":"https:\/\/laindependent.cat\/es\/wp-json\/wp\/v2\/tags?post=64968"}],"curies":[{"name":"wp","href":"https:\/\/api.w.org\/{rel}","templated":true}]}}