{"id":63696,"date":"2016-09-15T17:45:49","date_gmt":"2016-09-15T15:45:49","guid":{"rendered":"https:\/\/laindependent.cat\/premio-cubelles-noir-de-novela-negra-a-mujeres-escritoras-de-genero-negro\/"},"modified":"2016-09-15T17:45:49","modified_gmt":"2016-09-15T15:45:49","slug":"premio-cubelles-noir-de-novela-negra-a-mujeres-escritoras-de-genero-negro","status":"publish","type":"post","link":"https:\/\/laindependent.cat\/es\/premio-cubelles-noir-de-novela-negra-a-mujeres-escritoras-de-genero-negro\/","title":{"rendered":"Premio \u2018Cubelles Noir\u2019 de novela negra a mujeres escritoras de g\u00e9nero negro"},"content":{"rendered":"<p>\u00a0<\/p>\n<p><img decoding=\"async\" class=\"size-full wp-image-32445 lazyload\" style=\"--smush-placeholder-width: 159px; --smush-placeholder-aspect-ratio: 159\/159;display: block; margin-left: auto; margin-right: auto;\" data-src=\"https:\/\/laindependent.cat\/wp-content\/uploads\/2016\/09\/Cubelles_Noir.jpg\" alt=\"Cubelles Noir\" width=\"159\" height=\"159\" data-srcset=\"https:\/\/laindependent.cat\/wp-content\/uploads\/2016\/09\/Cubelles_Noir.jpg 240w, https:\/\/laindependent.cat\/wp-content\/uploads\/2016\/09\/Cubelles_Noir-150x150.jpg 150w\" data-sizes=\"(max-width: 159px) 100vw, 159px\" src=\"data:image\/svg+xml;base64,PHN2ZyB3aWR0aD0iMSIgaGVpZ2h0PSIxIiB4bWxucz0iaHR0cDovL3d3dy53My5vcmcvMjAwMC9zdmciPjwvc3ZnPg==\" \/><\/p>\n<p>\u00a0<\/p>\n<p style=\"text-align: left;\"><strong><span style=\"font-family: trebuchet ms,geneva; font-size: 10pt;\">Pati Ponent del Castell de Cubelles, Barcelona<\/span><\/strong><br \/><strong><span style=\"font-family: trebuchet ms,geneva; font-size: 10pt;\"><span style=\"font-size: 11pt; line-height: 115%; font-family: 'Calibri','sans-serif';\"><\/span>Entrega de los Premios &#8216;Cubelles Noir&#8217; a mujeres escritoras de novela negra<br \/>20 de agosto de 2016<\/span><\/strong><\/p>\n<p><!--more--><\/p>\n<p style=\"text-align: left;\"><span style=\"font-family: trebuchet ms,geneva; font-size: 10pt;\">En el I Festival de Novela Negra del Garraf &#8216;Cubelles Noir&#8217;, que se lleva a cabo los d\u00edas 19, 20 y 21 de agosto, se ha hecho entrega de los premios a la mejor novela negra escrita en catal\u00e1n y a la mejor novela negra escrita en castellano, cuyas autoras sean mujeres y las obras hayan sido publicadas durante el a\u00f1o 2015.<\/span><\/p>\n<p style=\"text-align: left;\"><span style=\"font-family: trebuchet ms,geneva; font-size: 10pt;\">El objetivo de estos premios es el reconocimiento de este Festival al trabajo de las mujeres escritoras de g\u00e9nero negro y para dar un toque de atenci\u00f3n sobre, en un g\u00e9nero tradicionalmente masculino, la existencia de much\u00edsimas autoras femeninas.<\/span><\/p>\n<p style=\"text-align: left;\"><span style=\"font-family: trebuchet ms,geneva; font-size: 10pt;\">Las nominadas son ocho escritoras. Cuatro en lengua catalana y cuatro en castellano.<\/span><\/p>\n<p style=\"text-align: left;\"><span style=\"font-family: trebuchet ms,geneva; font-size: 10pt;\">En lengua catalana:\u00a0<\/span><span style=\"font-family: trebuchet ms,geneva; font-size: 10pt;\"><\/span><span style=\"font-family: trebuchet ms,geneva; font-size: 10pt;\"><strong>Esperan\u00e7a Camps<\/strong><\/span><span style=\"font-family: trebuchet ms,geneva; font-size: 10pt;\"> por La cara B; <\/span><span style=\"font-family: trebuchet ms,geneva; font-size: 10pt;\"><strong>Elena Torres Girbau<\/strong> por La puta d&#8217;oros; <\/span><span style=\"font-family: trebuchet ms,geneva; font-size: 10pt;\"><strong>Montse Sanju\u00e1n<\/strong> por El misteri del bressol buit; i <\/span><span style=\"font-family: trebuchet ms,geneva; font-size: 10pt;\"><strong>Margarida Aritzeta<\/strong> por L&#8217;amant xin\u00e9s.<\/span><\/p>\n<p style=\"text-align: left;\"><span style=\"font-family: trebuchet ms,geneva; font-size: 10pt;\">En lengua castellana: <\/span><span style=\"font-family: trebuchet ms,geneva; font-size: 10pt;\"><strong>Berna Gonz\u00e1lez Harbour<\/strong> por Los ciervos llegan sin avisar; <\/span><span style=\"font-family: trebuchet ms,geneva; font-size: 10pt;\"><strong>Graziella Moreno<\/strong> por Juegos de maldad; <\/span><span style=\"font-family: trebuchet ms,geneva; font-size: 10pt;\"><strong>Dolores Redondo<\/strong> por Ofrenda a la tormenta; <\/span><span style=\"font-family: trebuchet ms,geneva; font-size: 10pt;\"><strong>Susana Hern\u00e1ndez<\/strong> por Cuentas pendientes.<\/span><\/p>\n<p style=\"text-align: left;\"><span style=\"font-family: trebuchet ms,geneva; font-size: 10pt;\"><strong>Charo Gonz\u00e1lez<\/strong>, lectora y presidenta del jurado constituido por <strong>Xavier Borrell<\/strong>, presidente del Festival; <strong>Jos\u00e9 Ram\u00f3n G\u00f3mez Cabezas<\/strong>, de la Asociaci\u00f3n Novelpol, y <strong>Mari\u00e0 Tall\u00f3<\/strong>, miembro de la organizaci\u00f3n &#8216;Cubelles Noir&#8217;, ha sido la encargada de dar el nombre de la ganadora en lengua castellana.<\/span><\/p>\n<p style=\"text-align: left;\"><span style=\"font-family: trebuchet ms,geneva; font-size: 10pt;\">Gonz\u00e1lez ha querido dejar constancia de que la deliberaci\u00f3n ha sido honesta, sin presiones y que los miembros del jurado han podido opinar con total libertad. &#8220;La obra ganadora: Cuentas pendientes (Alrev\u00e9s Editorial, 2015 ) de Susana Hern\u00e1ndez, ha conseguido un gran equilibrio entre la calidad literaria y el mantenimiento de los c\u00e1nones de la novela negra&#8221;, ha puntualizado la presidenta del jurado.<\/span><\/p>\n<p>\u00a0<\/p>\n<p style=\"text-align: left;\">\u00a0<\/p>\n<p style=\"text-align: left;\">\u00a0<\/p>\n<p style=\"text-align: left;\"><span style=\"font-family: trebuchet ms,geneva; font-size: 10pt;\"><img decoding=\"async\" class=\"size-full wp-image-32446 lazyload\" data-src=\"https:\/\/laindependent.cat\/wp-content\/uploads\/2016\/09\/susana-hernandez-cubelles-noir.jpg\" alt=\"susana-hernandez-cubelles-noir\" width=\"184\" height=\"130\" data-srcset=\"https:\/\/laindependent.cat\/wp-content\/uploads\/2016\/09\/susana-hernandez-cubelles-noir.jpg 400w, https:\/\/laindependent.cat\/wp-content\/uploads\/2016\/09\/susana-hernandez-cubelles-noir-300x213.jpg 300w\" data-sizes=\"(max-width: 184px) 100vw, 184px\" src=\"data:image\/svg+xml;base64,PHN2ZyB3aWR0aD0iMSIgaGVpZ2h0PSIxIiB4bWxucz0iaHR0cDovL3d3dy53My5vcmcvMjAwMC9zdmciPjwvc3ZnPg==\" style=\"--smush-placeholder-width: 184px; --smush-placeholder-aspect-ratio: 184\/130;\" \/>\u00a0\u00a0 <img decoding=\"async\" class=\"size-full wp-image-32447 lazyload\" data-src=\"https:\/\/laindependent.cat\/wp-content\/uploads\/2016\/09\/premio-cubelles-noir-2-1.jpg\" alt=\"premio-cubelles-noir-2-1\" width=\"241\" height=\"161\" data-srcset=\"https:\/\/laindependent.cat\/wp-content\/uploads\/2016\/09\/premio-cubelles-noir-2-1.jpg 400w, https:\/\/laindependent.cat\/wp-content\/uploads\/2016\/09\/premio-cubelles-noir-2-1-300x200.jpg 300w\" data-sizes=\"(max-width: 241px) 100vw, 241px\" src=\"data:image\/svg+xml;base64,PHN2ZyB3aWR0aD0iMSIgaGVpZ2h0PSIxIiB4bWxucz0iaHR0cDovL3d3dy53My5vcmcvMjAwMC9zdmciPjwvc3ZnPg==\" style=\"--smush-placeholder-width: 241px; --smush-placeholder-aspect-ratio: 241\/161;\" \/><br \/><\/span><\/p>\n<p style=\"text-align: left;\">\u00a0<\/p>\n<p style=\"text-align: left;\"><span style=\"font-size: 8pt; font-family: trebuchet ms,geneva;\">Susana Hernandez, Premio Cubelles Noir.<\/span><\/p>\n<p style=\"text-align: left;\">\u00a0<\/p>\n<p style=\"text-align: left;\"><span style=\"font-family: trebuchet ms,geneva; font-size: 10pt;\">Susana Hern\u00e1ndez (Barcelona) ha estudiado Imagen y Sonido e Integraci\u00f3n Social y compagina estudios de Investigaci\u00f3n Privada y Psicolog\u00eda. Ha publicado: La casa roja (Premio Ciudad de San Adri\u00e1n 2005\/ LcLibros 2013), La puta que le\u00eda a Jack Kerouac (Lesrain 2007\/LcLibros 2012), Curvas peligrosas (Odisea Editorial 2010), Contra las cuerdas (finalista a la mejor novela Festival Valencia Negra 2013 \/ Alrev\u00e9s Editorial 2012) y Cuentas pendientes (finalista a la mejor novela en Tenerife Noir 2016, Salamanca Negra 2016 y Premios Novelpol 2016 \/ Alrev\u00e9s Editorial 2015). Rebeca Santana, protagonista de la serie que incluye hasta la fecha las novelas Curvas peligrosas, Contra las cuerdas y Cuentas pendientes, fue elegida mejor personaje de novela negra y policial 2012 en los Premios LeeMisterio.<\/span><\/p>\n<p style=\"text-align: left;\"><span style=\"font-family: trebuchet ms,geneva; font-size: 10pt;\">Asimismo ha participado en varias antolog\u00edas de g\u00e9nero negro: Elles tamb\u00e9 maten (Llibres del Delicte 2013), Fundido en negro (Alrev\u00e9s Editorial 2014) y Diez negritos, nuevas voces del g\u00e9nero negro (Alrev\u00e9s Editorial 2015).<\/span><\/p>\n<p style=\"text-align: left;\"><span style=\"font-family: trebuchet ms,geneva; font-size: 10pt;\">Su obra de teatro El ascensor (2015) ha sido adaptada al cine. Actualmente imparte talleres literarios, coordina el blog de novela negra Black Club y colabora en diversas publicaciones.<\/span><\/p>\n<p style=\"text-align: left;\"><span style=\"font-family: trebuchet ms,geneva; font-size: 10pt;\">En Cuentas pendientes, la protagonista, la subinspectora Rebeca Santana, criada en el barrio del Carmelo (Barcelona), con un pasado doloroso que no quiere ni puede olvidar, junto a su compa\u00f1era Miriam V\u00e1zquez, intentan desmantelar una red de tr\u00e1fico de menores, que a la postre reabrir\u00e1 antiguos casos que se cre\u00edan ya cerrados. Los demonios del pasado y del presente perturbar\u00e1n sus vidas. Por si fuera poco, un asesino que consigui\u00f3 huir de Santana tiempo atr\u00e1s parece haber regresado a Barcelona, y su madre, reci\u00e9n salida de la c\u00e1rcel, es secuestrada. Entretanto, su pareja, Malena, lleva un caso muy delicado y con trasfondos personales en su nueva condici\u00f3n de fiscal.<\/span><\/p>\n<p style=\"text-align: left;\"><span style=\"font-family: trebuchet ms,geneva; font-size: 10pt;\">El premio a Susana Hern\u00e1ndez le ha sido entregado por Xavier Borrell, presidente de &#8216;Cubelles Noir&#8217;. Susana ha agradecido a la organizaci\u00f3n del Festival el haber apostado tan valientemente por la literatura femenina. &#8220;Hacen falta iniciativas como esta para dar visibilidad y dignificar las obras escritas por mujeres. Estoy orgullosa de haber estado en esta primera edici\u00f3n&#8221;. Ha dedicado el premio al equipo de la editorial Alrev\u00e9s y a sus seres queridos.<\/span><\/p>\n<p style=\"text-align: left;\"><span style=\"font-family: trebuchet ms,geneva; font-size: 10pt;\"><strong>Sebasti\u00e0 Bennasar<\/strong>, escritor y periodista mallorqu\u00edn, presidente del jurado compuesto por Y<strong>oli Garcia, Agust\u00ed Argimon <\/strong>y<strong> Mar Ib\u00e1\u00f1ez<\/strong>, ha sido el encargado de dar el nombre de la ganadora en lengua catalana.<\/span><\/p>\n<p>\u00a0<\/p>\n<p style=\"text-align: left;\">\u00a0<\/p>\n<p style=\"text-align: left;\">\u00a0<\/p>\n<p style=\"text-align: left;\"><span style=\"font-family: trebuchet ms,geneva; font-size: 10pt;\"><img decoding=\"async\" class=\"size-full wp-image-32448 lazyload\" style=\"--smush-placeholder-width: 400px; --smush-placeholder-aspect-ratio: 400\/188;display: block; margin-left: auto; margin-right: auto;\" data-src=\"https:\/\/laindependent.cat\/wp-content\/uploads\/2016\/09\/bennassar-elena-torres-premio-cubelles-noir.jpg\" alt=\"bennassar-elena-torres-premio-cubelles-noir\" width=\"400\" height=\"188\" data-srcset=\"https:\/\/laindependent.cat\/wp-content\/uploads\/2016\/09\/bennassar-elena-torres-premio-cubelles-noir.jpg 400w, https:\/\/laindependent.cat\/wp-content\/uploads\/2016\/09\/bennassar-elena-torres-premio-cubelles-noir-300x141.jpg 300w\" data-sizes=\"(max-width: 400px) 100vw, 400px\" src=\"data:image\/svg+xml;base64,PHN2ZyB3aWR0aD0iMSIgaGVpZ2h0PSIxIiB4bWxucz0iaHR0cDovL3d3dy53My5vcmcvMjAwMC9zdmciPjwvc3ZnPg==\" \/><\/span><\/p>\n<p style=\"text-align: center;\"><span style=\"font-family: trebuchet ms,geneva; font-size: 8pt;\">Bennassar i Elena Torres, Premi &#8220;CubellesNoir&#8221;<\/span><\/p>\n<p style=\"text-align: center;\">\u00a0<\/p>\n<p style=\"text-align: left;\"><span style=\"font-family: trebuchet ms,geneva; font-size: 10pt;\">Bennasar, ha puesto de manifiesto que el Festival ha conseguido colocar ocho nombres de mujeres en la prensa, en Facebook, en blocs especializados y en las redes sociales. &#8220;Este certamen reconoce el trabajo de nuestras compa\u00f1eras escritoras. La obra ganadora La puta d&#8217;oros de Elena Torres Girbau, es una historia en llave pol\u00edtica y policial entre la \u00e9poca de represi\u00f3n y la actualidad. Es una historia redonda por la psicolog\u00eda y profundidad de sus personajes&#8221;.<\/span><\/p>\n<p style=\"text-align: left;\"><span style=\"font-family: trebuchet ms,geneva; font-size: 10pt;\">Elena Torres Girbau (Barcelona 1958), estudi\u00f3 Magisterio e Historia Medieval en la Universitat de Barcelona. Actualmente reside en Castelldefels (Barcelona). Lectora voraz desde su infancia, se declara especialmente interesada en el g\u00e9nero negro. Junto a otras escritoras, fund\u00f3 en 2009 el colectivo Bruixes de Tinta con el objetivo de promover la creaci\u00f3n literaria y la lectura. En 2015 public\u00f3 su primera novela, La puta d&#8217;oros (Editorial Gregal), que present\u00f3 en la \u00faltima edici\u00f3n de la BCNegra y en la mesa redonda Temps d&#8217;esperances, temps d&#8217;il\u2022lusi\u00f3, dedicada a las primeras novelas.<\/span><\/p>\n<p style=\"text-align: left;\"><span style=\"font-family: trebuchet ms,geneva; font-size: 10pt;\">La puta d&#8217;oros es una novela que habla de personas y de sentimientos; unos sentimientos capaces de transformar a las v\u00edctimas en verdugos. Es una obra de matices, nada es del todo blanco o negro. Febrero de 1976, en Barcelona despu\u00e9s de una manifestaci\u00f3n antifranquista, un pelot\u00f3n de extrema derecha da una paliza a una joven y la dejan por muerta. La v\u00edctima sobrevive y aunque tiene la certeza de quien es el responsable no se atreve a denunciarlo. Por miedo abandona la ciudad y marcha al extranjero para empezar una nueva vida. Octubre del 2008, Llan\u00e7\u00e0 (Girona). Un hecho circunstancial, que parece insignificante, desencadenar\u00e1 la tragedia. Odios y miserias extender\u00e1n sus tent\u00e1culos buscando la venganza.<\/span><\/p>\n<p style=\"text-align: left;\"><span style=\"font-family: trebuchet ms,geneva; font-size: 10pt;\">El premio a Elena Torres Girbau, le ha sido entregado por la regidora de Cultura del Ayuntamiento de Cubelles, Ester P\u00e9rez. &#8220;No he preparado nada. Cre\u00eda imposible ganar con una primera novela. Soy nueva en esta historia que me engancha, me da vida y me hace sentir extra\u00f1amente libre. Me llamo Elena Torres Girbau y hoy soy escritora&#8221;, ha dicho muy emocionada la ganadora.<\/span><\/p>\n<p style=\"text-align: left;\"><span style=\"font-family: trebuchet ms,geneva; font-size: 10pt;\">Las dem\u00e1s nominadas han recibido un galard\u00f3n y, la \u00f3pera prima de Graziella Moreno, Juegos de maldad, ha recibido menci\u00f3n especial del jurado en lengua castellana.<\/span><\/p>\n<p style=\"text-align: left;\"><span style=\"font-family: trebuchet ms,geneva; font-size: 10pt;\">Ha finalizado el acto con una copa de cava y un refrigerio donde asistentes, autores, organizadores, jurado y participantes en las charlas y mesas redondas han podido compartir y debatir opiniones.<\/span><\/p>\n<p style=\"text-align: left;\"><span style=\"font-family: trebuchet ms,geneva; font-size: 10pt;\">Esta primera edici\u00f3n del Festival &#8216;Cubelles Noir&#8217; ha sido un gran \u00e9xito. Autores y profesionales de primera l\u00ednea en las charlas, debates y mesas redondas y una gran afluencia de p\u00fablico, son el comienzo de una larga trayectoria. Esperamos con impaciencia qu\u00e9 nos deparar\u00e1 &#8216;Cubelles Noir&#8217; el pr\u00f3ximo verano.<\/span><\/p>\n<p>\u00a0<\/p>\n<p style=\"text-align: left;\"><span style=\"font-family: trebuchet ms,geneva; font-size: 10pt;\">\u00a0<\/span><\/p>\n","protected":false},"excerpt":{"rendered":"<p>\u00a0 \u00a0 Pati Ponent del Castell de Cubelles, BarcelonaEntrega de los Premios &#8216;Cubelles Noir&#8217; a mujeres escritoras de novela negra20 de agosto de 2016<\/p>\n","protected":false},"author":72,"featured_media":32445,"comment_status":"open","ping_status":"","sticky":false,"template":"","format":"standard","meta":{"footnotes":""},"categories":[26520],"tags":[38441,38446,38448,38443,38442,38447,38440,38445,38444,38449],"class_list":["post-63696","post","type-post","status-publish","format-standard","has-post-thumbnail","hentry","category-literatura","tag-cubelles-noir","tag-berna-gonzalez-harbour","tag-dolores-redondo","tag-elena-torres-girbau","tag-esperanca-camps","tag-graziella-moreno","tag-i-festival-de-novella-negra-del-garraf","tag-margarida-aritzeta","tag-montse-sanjuan","tag-susana-hernandez"],"yoast_head":"<!-- This site is optimized with the Yoast SEO plugin v27.4 - https:\/\/yoast.com\/product\/yoast-seo-wordpress\/ -->\n<title>Premio \u2018Cubelles Noir\u2019 de novela negra a mujeres escritoras de g\u00e9nero negro | La Independent<\/title>\n<meta name=\"description\" content=\"\u00a0 \u00a0 Pati Ponent del Castell de Cubelles, BarcelonaEntrega de los Premios &#039;Cubelles Noir&#039; a mujeres escritoras de novela negra20 de agosto de 2016 En el I\" \/>\n<meta name=\"robots\" content=\"index, follow, max-snippet:-1, max-image-preview:large, max-video-preview:-1\" \/>\n<link rel=\"canonical\" href=\"https:\/\/laindependent.cat\/es\/premio-cubelles-noir-de-novela-negra-a-mujeres-escritoras-de-genero-negro\/\" \/>\n<meta property=\"og:locale\" content=\"es_ES\" \/>\n<meta property=\"og:type\" content=\"article\" \/>\n<meta property=\"og:title\" content=\"Premio \u2018Cubelles Noir\u2019 de novela negra a mujeres escritoras de g\u00e9nero negro | La Independent\" \/>\n<meta property=\"og:description\" content=\"\u00a0 \u00a0 Pati Ponent del Castell de Cubelles, BarcelonaEntrega de los Premios &#039;Cubelles Noir&#039; a mujeres escritoras de novela negra20 de agosto de 2016 En el I\" \/>\n<meta property=\"og:url\" content=\"https:\/\/laindependent.cat\/es\/premio-cubelles-noir-de-novela-negra-a-mujeres-escritoras-de-genero-negro\/\" \/>\n<meta property=\"og:site_name\" content=\"La Independent\" \/>\n<meta property=\"article:author\" content=\"https:\/\/www.facebook.com\/tona.gusi\" \/>\n<meta property=\"article:published_time\" content=\"2016-09-15T15:45:49+00:00\" \/>\n<meta property=\"og:image\" content=\"https:\/\/laindependent.cat\/wp-content\/uploads\/2016\/09\/Cubelles_Noir.jpg\" \/>\n<meta name=\"author\" content=\"Tona Gusi\" \/>\n<meta name=\"twitter:card\" content=\"summary_large_image\" \/>\n<meta name=\"twitter:creator\" content=\"@https:\/\/twitter.com\/tonagusi\" \/>\n<meta name=\"twitter:label1\" content=\"Escrito por\" \/>\n\t<meta name=\"twitter:data1\" content=\"Tona Gusi\" \/>\n\t<meta name=\"twitter:label2\" content=\"Tiempo de lectura\" \/>\n\t<meta name=\"twitter:data2\" content=\"6 minutos\" \/>\n<script type=\"application\/ld+json\" class=\"yoast-schema-graph\">{\"@context\":\"https:\\\/\\\/schema.org\",\"@graph\":[{\"@type\":\"Article\",\"@id\":\"https:\\\/\\\/laindependent.cat\\\/es\\\/premio-cubelles-noir-de-novela-negra-a-mujeres-escritoras-de-genero-negro\\\/#article\",\"isPartOf\":{\"@id\":\"https:\\\/\\\/laindependent.cat\\\/es\\\/premio-cubelles-noir-de-novela-negra-a-mujeres-escritoras-de-genero-negro\\\/\"},\"author\":{\"name\":\"Tona Gusi\",\"@id\":\"https:\\\/\\\/laindependent.cat\\\/es\\\/#\\\/schema\\\/person\\\/48977a569b250ff82a4929194239bcc9\"},\"headline\":\"Premio \u2018Cubelles Noir\u2019 de novela negra a mujeres escritoras de g\u00e9nero negro\",\"datePublished\":\"2016-09-15T15:45:49+00:00\",\"mainEntityOfPage\":{\"@id\":\"https:\\\/\\\/laindependent.cat\\\/es\\\/premio-cubelles-noir-de-novela-negra-a-mujeres-escritoras-de-genero-negro\\\/\"},\"wordCount\":1229,\"commentCount\":0,\"publisher\":{\"@id\":\"https:\\\/\\\/laindependent.cat\\\/es\\\/#organization\"},\"image\":{\"@id\":\"https:\\\/\\\/laindependent.cat\\\/es\\\/premio-cubelles-noir-de-novela-negra-a-mujeres-escritoras-de-genero-negro\\\/#primaryimage\"},\"thumbnailUrl\":\"https:\\\/\\\/laindependent.cat\\\/wp-content\\\/uploads\\\/2016\\\/09\\\/Cubelles_Noir.jpg\",\"keywords\":[\"'Cubelles Noir'\",\"Berna Gonz\u00e1lez Harbour\",\"Dolores Redondo\",\"Elena Torres Girbau\",\"Esperan\u00e7a Camps\",\"Graziella Moreno\",\"I Festival de Novel\u00b7la Negra del Garraf\",\"Margarida Aritzeta\",\"Montse Sanju\u00e1n\",\"Susana Hern\u00e1ndez\"],\"articleSection\":[\"Literatura\"],\"inLanguage\":\"es\",\"potentialAction\":[{\"@type\":\"CommentAction\",\"name\":\"Comment\",\"target\":[\"https:\\\/\\\/laindependent.cat\\\/es\\\/premio-cubelles-noir-de-novela-negra-a-mujeres-escritoras-de-genero-negro\\\/#respond\"]}]},{\"@type\":\"WebPage\",\"@id\":\"https:\\\/\\\/laindependent.cat\\\/es\\\/premio-cubelles-noir-de-novela-negra-a-mujeres-escritoras-de-genero-negro\\\/\",\"url\":\"https:\\\/\\\/laindependent.cat\\\/es\\\/premio-cubelles-noir-de-novela-negra-a-mujeres-escritoras-de-genero-negro\\\/\",\"name\":\"Premio \u2018Cubelles Noir\u2019 de novela negra a mujeres escritoras de g\u00e9nero negro | La Independent\",\"isPartOf\":{\"@id\":\"https:\\\/\\\/laindependent.cat\\\/es\\\/#website\"},\"primaryImageOfPage\":{\"@id\":\"https:\\\/\\\/laindependent.cat\\\/es\\\/premio-cubelles-noir-de-novela-negra-a-mujeres-escritoras-de-genero-negro\\\/#primaryimage\"},\"image\":{\"@id\":\"https:\\\/\\\/laindependent.cat\\\/es\\\/premio-cubelles-noir-de-novela-negra-a-mujeres-escritoras-de-genero-negro\\\/#primaryimage\"},\"thumbnailUrl\":\"https:\\\/\\\/laindependent.cat\\\/wp-content\\\/uploads\\\/2016\\\/09\\\/Cubelles_Noir.jpg\",\"datePublished\":\"2016-09-15T15:45:49+00:00\",\"description\":\"\u00a0 \u00a0 Pati Ponent del Castell de Cubelles, BarcelonaEntrega de los Premios 'Cubelles Noir' a mujeres escritoras de novela negra20 de agosto de 2016 En el I\",\"breadcrumb\":{\"@id\":\"https:\\\/\\\/laindependent.cat\\\/es\\\/premio-cubelles-noir-de-novela-negra-a-mujeres-escritoras-de-genero-negro\\\/#breadcrumb\"},\"inLanguage\":\"es\",\"potentialAction\":[{\"@type\":\"ReadAction\",\"target\":[\"https:\\\/\\\/laindependent.cat\\\/es\\\/premio-cubelles-noir-de-novela-negra-a-mujeres-escritoras-de-genero-negro\\\/\"]}]},{\"@type\":\"ImageObject\",\"inLanguage\":\"es\",\"@id\":\"https:\\\/\\\/laindependent.cat\\\/es\\\/premio-cubelles-noir-de-novela-negra-a-mujeres-escritoras-de-genero-negro\\\/#primaryimage\",\"url\":\"https:\\\/\\\/laindependent.cat\\\/wp-content\\\/uploads\\\/2016\\\/09\\\/Cubelles_Noir.jpg\",\"contentUrl\":\"https:\\\/\\\/laindependent.cat\\\/wp-content\\\/uploads\\\/2016\\\/09\\\/Cubelles_Noir.jpg\",\"width\":240,\"height\":240},{\"@type\":\"BreadcrumbList\",\"@id\":\"https:\\\/\\\/laindependent.cat\\\/es\\\/premio-cubelles-noir-de-novela-negra-a-mujeres-escritoras-de-genero-negro\\\/#breadcrumb\",\"itemListElement\":[{\"@type\":\"ListItem\",\"position\":1,\"name\":\"Inici\",\"item\":\"https:\\\/\\\/laindependent.cat\\\/es\\\/la-independent\\\/\"},{\"@type\":\"ListItem\",\"position\":2,\"name\":\"Cultura\",\"item\":\"https:\\\/\\\/laindependent.cat\\\/es\\\/tema\\\/cultura\\\/\"},{\"@type\":\"ListItem\",\"position\":3,\"name\":\"Literatura\",\"item\":\"https:\\\/\\\/laindependent.cat\\\/es\\\/tema\\\/cultura\\\/literatura\\\/\"},{\"@type\":\"ListItem\",\"position\":4,\"name\":\"Premio \u2018Cubelles Noir\u2019 de novela negra a mujeres escritoras de g\u00e9nero negro\"}]},{\"@type\":\"WebSite\",\"@id\":\"https:\\\/\\\/laindependent.cat\\\/es\\\/#website\",\"url\":\"https:\\\/\\\/laindependent.cat\\\/es\\\/\",\"name\":\"La Independent\",\"description\":\"Ag\u00e8ncia de not\u00edcies amb visi\u00f3 de g\u00e8nere\",\"publisher\":{\"@id\":\"https:\\\/\\\/laindependent.cat\\\/es\\\/#organization\"},\"alternateName\":\"Ag\u00e8ncia de not\u00edcies amb visi\u00f3 de g\u00e8nere\",\"potentialAction\":[{\"@type\":\"SearchAction\",\"target\":{\"@type\":\"EntryPoint\",\"urlTemplate\":\"https:\\\/\\\/laindependent.cat\\\/es\\\/?s={search_term_string}\"},\"query-input\":{\"@type\":\"PropertyValueSpecification\",\"valueRequired\":true,\"valueName\":\"search_term_string\"}}],\"inLanguage\":\"es\"},{\"@type\":\"Organization\",\"@id\":\"https:\\\/\\\/laindependent.cat\\\/es\\\/#organization\",\"name\":\"La Independent\",\"alternateName\":\"Ag\u00e8ncia de not\u00edcies amb visi\u00f3 de g\u00e8nere\",\"url\":\"https:\\\/\\\/laindependent.cat\\\/es\\\/\",\"logo\":{\"@type\":\"ImageObject\",\"inLanguage\":\"es\",\"@id\":\"https:\\\/\\\/laindependent.cat\\\/es\\\/#\\\/schema\\\/logo\\\/image\\\/\",\"url\":\"https:\\\/\\\/laindependent.cat\\\/wp-content\\\/uploads\\\/2022\\\/10\\\/logo-independent.svg\",\"contentUrl\":\"https:\\\/\\\/laindependent.cat\\\/wp-content\\\/uploads\\\/2022\\\/10\\\/logo-independent.svg\",\"width\":562,\"height\":78,\"caption\":\"La Independent\"},\"image\":{\"@id\":\"https:\\\/\\\/laindependent.cat\\\/es\\\/#\\\/schema\\\/logo\\\/image\\\/\"}},{\"@type\":\"Person\",\"@id\":\"https:\\\/\\\/laindependent.cat\\\/es\\\/#\\\/schema\\\/person\\\/48977a569b250ff82a4929194239bcc9\",\"name\":\"Tona Gusi\",\"image\":{\"@type\":\"ImageObject\",\"inLanguage\":\"es\",\"@id\":\"https:\\\/\\\/secure.gravatar.com\\\/avatar\\\/d09891f52233d2ed7c2e066fc06640e576202983bf7f713e372185f035ac5f67?s=96&d=blank&r=g\",\"url\":\"https:\\\/\\\/secure.gravatar.com\\\/avatar\\\/d09891f52233d2ed7c2e066fc06640e576202983bf7f713e372185f035ac5f67?s=96&d=blank&r=g\",\"contentUrl\":\"https:\\\/\\\/secure.gravatar.com\\\/avatar\\\/d09891f52233d2ed7c2e066fc06640e576202983bf7f713e372185f035ac5f67?s=96&d=blank&r=g\",\"caption\":\"Tona Gusi\"},\"description\":\"Fundadora i Co-coordinadora de La Independent. Tamb\u00e9 \u00e9s psic\u00f2loga menci\u00f3 en Psicologia d'Intervenci\u00f3 Cl\u00ednica i menci\u00f3 en Psicologia del Treball i les Organitzacions.\",\"sameAs\":[\"https:\\\/\\\/www.facebook.com\\\/tona.gusi\",\"https:\\\/\\\/x.com\\\/https:\\\/\\\/twitter.com\\\/tonagusi\"],\"url\":\"https:\\\/\\\/laindependent.cat\\\/es\\\/author\\\/tona-gusi\\\/\"}]}<\/script>\n<!-- \/ Yoast SEO plugin. -->","yoast_head_json":{"title":"Premio \u2018Cubelles Noir\u2019 de novela negra a mujeres escritoras de g\u00e9nero negro | La Independent","description":"\u00a0 \u00a0 Pati Ponent del Castell de Cubelles, BarcelonaEntrega de los Premios 'Cubelles Noir' a mujeres escritoras de novela negra20 de agosto de 2016 En el I","robots":{"index":"index","follow":"follow","max-snippet":"max-snippet:-1","max-image-preview":"max-image-preview:large","max-video-preview":"max-video-preview:-1"},"canonical":"https:\/\/laindependent.cat\/es\/premio-cubelles-noir-de-novela-negra-a-mujeres-escritoras-de-genero-negro\/","og_locale":"es_ES","og_type":"article","og_title":"Premio \u2018Cubelles Noir\u2019 de novela negra a mujeres escritoras de g\u00e9nero negro | La Independent","og_description":"\u00a0 \u00a0 Pati Ponent del Castell de Cubelles, BarcelonaEntrega de los Premios 'Cubelles Noir' a mujeres escritoras de novela negra20 de agosto de 2016 En el I","og_url":"https:\/\/laindependent.cat\/es\/premio-cubelles-noir-de-novela-negra-a-mujeres-escritoras-de-genero-negro\/","og_site_name":"La Independent","article_author":"https:\/\/www.facebook.com\/tona.gusi","article_published_time":"2016-09-15T15:45:49+00:00","og_image":[{"url":"https:\/\/laindependent.cat\/wp-content\/uploads\/2016\/09\/Cubelles_Noir.jpg","type":"","width":"","height":""}],"author":"Tona Gusi","twitter_card":"summary_large_image","twitter_creator":"@https:\/\/twitter.com\/tonagusi","twitter_misc":{"Escrito por":"Tona Gusi","Tiempo de lectura":"6 minutos"},"schema":{"@context":"https:\/\/schema.org","@graph":[{"@type":"Article","@id":"https:\/\/laindependent.cat\/es\/premio-cubelles-noir-de-novela-negra-a-mujeres-escritoras-de-genero-negro\/#article","isPartOf":{"@id":"https:\/\/laindependent.cat\/es\/premio-cubelles-noir-de-novela-negra-a-mujeres-escritoras-de-genero-negro\/"},"author":{"name":"Tona Gusi","@id":"https:\/\/laindependent.cat\/es\/#\/schema\/person\/48977a569b250ff82a4929194239bcc9"},"headline":"Premio \u2018Cubelles Noir\u2019 de novela negra a mujeres escritoras de g\u00e9nero negro","datePublished":"2016-09-15T15:45:49+00:00","mainEntityOfPage":{"@id":"https:\/\/laindependent.cat\/es\/premio-cubelles-noir-de-novela-negra-a-mujeres-escritoras-de-genero-negro\/"},"wordCount":1229,"commentCount":0,"publisher":{"@id":"https:\/\/laindependent.cat\/es\/#organization"},"image":{"@id":"https:\/\/laindependent.cat\/es\/premio-cubelles-noir-de-novela-negra-a-mujeres-escritoras-de-genero-negro\/#primaryimage"},"thumbnailUrl":"https:\/\/laindependent.cat\/wp-content\/uploads\/2016\/09\/Cubelles_Noir.jpg","keywords":["'Cubelles Noir'","Berna Gonz\u00e1lez Harbour","Dolores Redondo","Elena Torres Girbau","Esperan\u00e7a Camps","Graziella Moreno","I Festival de Novel\u00b7la Negra del Garraf","Margarida Aritzeta","Montse Sanju\u00e1n","Susana Hern\u00e1ndez"],"articleSection":["Literatura"],"inLanguage":"es","potentialAction":[{"@type":"CommentAction","name":"Comment","target":["https:\/\/laindependent.cat\/es\/premio-cubelles-noir-de-novela-negra-a-mujeres-escritoras-de-genero-negro\/#respond"]}]},{"@type":"WebPage","@id":"https:\/\/laindependent.cat\/es\/premio-cubelles-noir-de-novela-negra-a-mujeres-escritoras-de-genero-negro\/","url":"https:\/\/laindependent.cat\/es\/premio-cubelles-noir-de-novela-negra-a-mujeres-escritoras-de-genero-negro\/","name":"Premio \u2018Cubelles Noir\u2019 de novela negra a mujeres escritoras de g\u00e9nero negro | La Independent","isPartOf":{"@id":"https:\/\/laindependent.cat\/es\/#website"},"primaryImageOfPage":{"@id":"https:\/\/laindependent.cat\/es\/premio-cubelles-noir-de-novela-negra-a-mujeres-escritoras-de-genero-negro\/#primaryimage"},"image":{"@id":"https:\/\/laindependent.cat\/es\/premio-cubelles-noir-de-novela-negra-a-mujeres-escritoras-de-genero-negro\/#primaryimage"},"thumbnailUrl":"https:\/\/laindependent.cat\/wp-content\/uploads\/2016\/09\/Cubelles_Noir.jpg","datePublished":"2016-09-15T15:45:49+00:00","description":"\u00a0 \u00a0 Pati Ponent del Castell de Cubelles, BarcelonaEntrega de los Premios 'Cubelles Noir' a mujeres escritoras de novela negra20 de agosto de 2016 En el I","breadcrumb":{"@id":"https:\/\/laindependent.cat\/es\/premio-cubelles-noir-de-novela-negra-a-mujeres-escritoras-de-genero-negro\/#breadcrumb"},"inLanguage":"es","potentialAction":[{"@type":"ReadAction","target":["https:\/\/laindependent.cat\/es\/premio-cubelles-noir-de-novela-negra-a-mujeres-escritoras-de-genero-negro\/"]}]},{"@type":"ImageObject","inLanguage":"es","@id":"https:\/\/laindependent.cat\/es\/premio-cubelles-noir-de-novela-negra-a-mujeres-escritoras-de-genero-negro\/#primaryimage","url":"https:\/\/laindependent.cat\/wp-content\/uploads\/2016\/09\/Cubelles_Noir.jpg","contentUrl":"https:\/\/laindependent.cat\/wp-content\/uploads\/2016\/09\/Cubelles_Noir.jpg","width":240,"height":240},{"@type":"BreadcrumbList","@id":"https:\/\/laindependent.cat\/es\/premio-cubelles-noir-de-novela-negra-a-mujeres-escritoras-de-genero-negro\/#breadcrumb","itemListElement":[{"@type":"ListItem","position":1,"name":"Inici","item":"https:\/\/laindependent.cat\/es\/la-independent\/"},{"@type":"ListItem","position":2,"name":"Cultura","item":"https:\/\/laindependent.cat\/es\/tema\/cultura\/"},{"@type":"ListItem","position":3,"name":"Literatura","item":"https:\/\/laindependent.cat\/es\/tema\/cultura\/literatura\/"},{"@type":"ListItem","position":4,"name":"Premio \u2018Cubelles Noir\u2019 de novela negra a mujeres escritoras de g\u00e9nero negro"}]},{"@type":"WebSite","@id":"https:\/\/laindependent.cat\/es\/#website","url":"https:\/\/laindependent.cat\/es\/","name":"La Independent","description":"Ag\u00e8ncia de not\u00edcies amb visi\u00f3 de g\u00e8nere","publisher":{"@id":"https:\/\/laindependent.cat\/es\/#organization"},"alternateName":"Ag\u00e8ncia de not\u00edcies amb visi\u00f3 de g\u00e8nere","potentialAction":[{"@type":"SearchAction","target":{"@type":"EntryPoint","urlTemplate":"https:\/\/laindependent.cat\/es\/?s={search_term_string}"},"query-input":{"@type":"PropertyValueSpecification","valueRequired":true,"valueName":"search_term_string"}}],"inLanguage":"es"},{"@type":"Organization","@id":"https:\/\/laindependent.cat\/es\/#organization","name":"La Independent","alternateName":"Ag\u00e8ncia de not\u00edcies amb visi\u00f3 de g\u00e8nere","url":"https:\/\/laindependent.cat\/es\/","logo":{"@type":"ImageObject","inLanguage":"es","@id":"https:\/\/laindependent.cat\/es\/#\/schema\/logo\/image\/","url":"https:\/\/laindependent.cat\/wp-content\/uploads\/2022\/10\/logo-independent.svg","contentUrl":"https:\/\/laindependent.cat\/wp-content\/uploads\/2022\/10\/logo-independent.svg","width":562,"height":78,"caption":"La Independent"},"image":{"@id":"https:\/\/laindependent.cat\/es\/#\/schema\/logo\/image\/"}},{"@type":"Person","@id":"https:\/\/laindependent.cat\/es\/#\/schema\/person\/48977a569b250ff82a4929194239bcc9","name":"Tona Gusi","image":{"@type":"ImageObject","inLanguage":"es","@id":"https:\/\/secure.gravatar.com\/avatar\/d09891f52233d2ed7c2e066fc06640e576202983bf7f713e372185f035ac5f67?s=96&d=blank&r=g","url":"https:\/\/secure.gravatar.com\/avatar\/d09891f52233d2ed7c2e066fc06640e576202983bf7f713e372185f035ac5f67?s=96&d=blank&r=g","contentUrl":"https:\/\/secure.gravatar.com\/avatar\/d09891f52233d2ed7c2e066fc06640e576202983bf7f713e372185f035ac5f67?s=96&d=blank&r=g","caption":"Tona Gusi"},"description":"Fundadora i Co-coordinadora de La Independent. Tamb\u00e9 \u00e9s psic\u00f2loga menci\u00f3 en Psicologia d'Intervenci\u00f3 Cl\u00ednica i menci\u00f3 en Psicologia del Treball i les Organitzacions.","sameAs":["https:\/\/www.facebook.com\/tona.gusi","https:\/\/x.com\/https:\/\/twitter.com\/tonagusi"],"url":"https:\/\/laindependent.cat\/es\/author\/tona-gusi\/"}]}},"_links":{"self":[{"href":"https:\/\/laindependent.cat\/es\/wp-json\/wp\/v2\/posts\/63696","targetHints":{"allow":["GET"]}}],"collection":[{"href":"https:\/\/laindependent.cat\/es\/wp-json\/wp\/v2\/posts"}],"about":[{"href":"https:\/\/laindependent.cat\/es\/wp-json\/wp\/v2\/types\/post"}],"author":[{"embeddable":true,"href":"https:\/\/laindependent.cat\/es\/wp-json\/wp\/v2\/users\/72"}],"replies":[{"embeddable":true,"href":"https:\/\/laindependent.cat\/es\/wp-json\/wp\/v2\/comments?post=63696"}],"version-history":[{"count":0,"href":"https:\/\/laindependent.cat\/es\/wp-json\/wp\/v2\/posts\/63696\/revisions"}],"wp:featuredmedia":[{"embeddable":true,"href":"https:\/\/laindependent.cat\/es\/wp-json\/wp\/v2\/media\/32445"}],"wp:attachment":[{"href":"https:\/\/laindependent.cat\/es\/wp-json\/wp\/v2\/media?parent=63696"}],"wp:term":[{"taxonomy":"category","embeddable":true,"href":"https:\/\/laindependent.cat\/es\/wp-json\/wp\/v2\/categories?post=63696"},{"taxonomy":"post_tag","embeddable":true,"href":"https:\/\/laindependent.cat\/es\/wp-json\/wp\/v2\/tags?post=63696"}],"curies":[{"name":"wp","href":"https:\/\/api.w.org\/{rel}","templated":true}]}}