{"id":63549,"date":"2016-06-16T16:41:51","date_gmt":"2016-06-16T14:41:51","guid":{"rendered":"https:\/\/laindependent.cat\/medios-bajo-la-lupa-de-un-nuevo-observatorio\/"},"modified":"2016-06-16T16:41:51","modified_gmt":"2016-06-16T14:41:51","slug":"medios-bajo-la-lupa-de-un-nuevo-observatorio","status":"publish","type":"post","link":"https:\/\/laindependent.cat\/es\/medios-bajo-la-lupa-de-un-nuevo-observatorio\/","title":{"rendered":"Medios bajo la lupa de un nuevo Observatorio"},"content":{"rendered":"<p style=\"text-align: left;\"><span style=\"font-family: 'trebuchet ms', geneva; font-size: 10pt;\"><img decoding=\"async\" class=\"size-full wp-image-32285 lazyload\" style=\"--smush-placeholder-width: 197px; --smush-placeholder-aspect-ratio: 197\/109;margin: 9px auto; vertical-align: middle; display: block;\" data-src=\"https:\/\/laindependent.cat\/wp-content\/uploads\/2016\/06\/Munte_Neus.jpg\" alt=\"Munte Neus\" width=\"197\" height=\"109\" src=\"data:image\/svg+xml;base64,PHN2ZyB3aWR0aD0iMSIgaGVpZ2h0PSIxIiB4bWxucz0iaHR0cDovL3d3dy53My5vcmcvMjAwMC9zdmciPjwvc3ZnPg==\" \/><\/span><\/p>\n<p style=\"text-align: center;\"><strong><span style=\"font-family: 'trebuchet ms', geneva; font-size: 10pt;\"><strong><span style=\"font-size: 8pt; text-align: left; font-family: 'trebuchet ms',geneva;\">Neus Munt\u00e9 y <strong><span style=\"font-size: 8pt; text-align: left; font-family: 'trebuchet ms',geneva;\">Roger Loppacher<\/span><\/strong><\/span><\/strong><\/span><\/strong><\/p>\n<p style=\"text-align: left;\"><strong><span style=\"font-family: 'trebuchet ms', geneva; font-size: 10pt;\">El Departamento de la Presidencia y el Consejo del Audiovisual de Catalu\u00f1a (CAC) denuncian a Fiscal\u00eda 10 blogs y 5 videos de internet que incitan o justifican la violencia machista, la banalizan, desautorizan las mujeres, y vehiculan mensajes mis\u00f3ginos o que tratan vejatoria u objetualmente las mujeres.<\/span><\/strong><\/p>\n<p><!--more--><\/p>\n<p style=\"text-align: left;\"><span style=\"font-family: 'trebuchet ms', geneva; font-size: 10pt;\">Los contenidos han sido recogidos y analizados en un informe elaborado por el CAC. Se trata de contenidos con unas cifras notables de visitas. S\u00f3lo cuatro de estos blogs concentran un total de 1.357.940 visitas; en cuanto a los v\u00eddeos, se observa como los cinco v\u00eddeos analizados tienen un total de 228.192 visualizaciones.<\/span><br \/><span style=\"font-family: 'trebuchet ms', geneva; font-size: 10pt;\"><\/span><\/p>\n<p style=\"text-align: left;\"><span style=\"font-family: 'trebuchet ms', geneva; font-size: 10pt;\">Seg\u00fan el escrito de la denuncia, se considera que las conductas detectadas pueden ser susceptibles de ser un delito tipificado en el art\u00edculo 510 de la Ley Org\u00e1nica 10\/1995, de 23 de noviembre, del C\u00f3digo Penal. Asimismo, el regulador catal\u00e1n tambi\u00e9n ha puesto los hechos en conocimiento de la plataforma de videos Youtube y ha requerido la inmediata retirada de los v\u00eddeos analizados.<\/span><br \/><span style=\"font-family: 'trebuchet ms', geneva; font-size: 10pt;\"><\/span><\/p>\n<p style=\"text-align: left;\"><span style=\"font-family: 'trebuchet ms', geneva; font-size: 10pt;\">El informe ha sido presentado en rueda de prensa por la consejera de la Presidencia, <strong>Neus Munt\u00e9<\/strong>, y por el presidente del CAC, <strong>Roger Loppacher<\/strong>, en la sede del Colegio de Periodistas de Catalu\u00f1a.<\/span><br \/><span style=\"font-family: 'trebuchet ms', geneva; font-size: 10pt;\"><\/span><\/p>\n<p style=\"text-align: left;\"><span style=\"font-family: 'trebuchet ms', geneva; font-size: 10pt;\">La consejera Munt\u00e9 ha aprovechado para anunciar que &#8220;el Gobierno crear\u00e1 en los pr\u00f3ximos meses el Observatorio de la Igualdad de G\u00e9nero, que har\u00e1 seguimiento de la imagen y los estereotipos de las mujeres publicados en los medios de comunicaci\u00f3n, en internet y en las redes sociales &#8220;, ya que&#8221; para el Gobierno la erradicaci\u00f3n de la violencia machista y el acoso sexual es una cuesti\u00f3n central que pasa por erradicar las representaciones vejatorias y discriminatorias de las mujeres en el espacio p\u00fablico y comunicativo &#8220;.<\/span><\/p>\n","protected":false},"excerpt":{"rendered":"<p>Neus Munt\u00e9 y Roger Loppacher El Departamento de la Presidencia y el Consejo del Audiovisual de Catalu\u00f1a (CAC) denuncian a Fiscal\u00eda 10 blogs y 5 videos de internet que incitan o justifican la violencia machista, la banalizan, desautorizan las mujeres, [&hellip;]<\/p>\n","protected":false},"author":87,"featured_media":32285,"comment_status":"open","ping_status":"","sticky":false,"template":"","format":"standard","meta":{"footnotes":""},"categories":[26580],"tags":[38204,38203,38205,38206,37865],"class_list":["post-63549","post","type-post","status-publish","format-standard","has-post-thumbnail","hentry","category-digitales","tag-consell-de-laudiovisual-de-catalunya-cac","tag-departament-de-la-presidencia","tag-internet","tag-missatges-misogins","tag-roger-loppacher"],"yoast_head":"<!-- This site is optimized with the Yoast SEO plugin v27.4 - https:\/\/yoast.com\/product\/yoast-seo-wordpress\/ -->\n<title>Medios bajo la lupa de un nuevo Observatorio | La Independent<\/title>\n<meta name=\"description\" content=\"Neus Munt\u00e9 y Roger Loppacher El Departamento de la Presidencia y el Consejo del Audiovisual de Catalu\u00f1a (CAC) denuncian a Fiscal\u00eda 10 blogs y 5 videos de\" \/>\n<meta name=\"robots\" content=\"index, follow, max-snippet:-1, max-image-preview:large, max-video-preview:-1\" \/>\n<link rel=\"canonical\" href=\"https:\/\/laindependent.cat\/es\/medios-bajo-la-lupa-de-un-nuevo-observatorio\/\" \/>\n<meta property=\"og:locale\" content=\"es_ES\" \/>\n<meta property=\"og:type\" content=\"article\" \/>\n<meta property=\"og:title\" content=\"Medios bajo la lupa de un nuevo Observatorio | La Independent\" \/>\n<meta property=\"og:description\" content=\"Neus Munt\u00e9 y Roger Loppacher El Departamento de la Presidencia y el Consejo del Audiovisual de Catalu\u00f1a (CAC) denuncian a Fiscal\u00eda 10 blogs y 5 videos de\" \/>\n<meta property=\"og:url\" content=\"https:\/\/laindependent.cat\/es\/medios-bajo-la-lupa-de-un-nuevo-observatorio\/\" \/>\n<meta property=\"og:site_name\" content=\"La Independent\" \/>\n<meta property=\"article:published_time\" content=\"2016-06-16T14:41:51+00:00\" \/>\n<meta property=\"og:image\" content=\"https:\/\/laindependent.cat\/wp-content\/uploads\/2016\/06\/Munte_Neus.jpg\" \/>\n<meta name=\"author\" content=\"Drina Ergueta\" \/>\n<meta name=\"twitter:card\" content=\"summary_large_image\" \/>\n<meta name=\"twitter:label1\" content=\"Escrito por\" \/>\n\t<meta name=\"twitter:data1\" content=\"Drina Ergueta\" \/>\n\t<meta name=\"twitter:label2\" content=\"Tiempo de lectura\" \/>\n\t<meta name=\"twitter:data2\" content=\"1 minuto\" \/>\n<script type=\"application\/ld+json\" class=\"yoast-schema-graph\">{\"@context\":\"https:\\\/\\\/schema.org\",\"@graph\":[{\"@type\":\"Article\",\"@id\":\"https:\\\/\\\/laindependent.cat\\\/es\\\/medios-bajo-la-lupa-de-un-nuevo-observatorio\\\/#article\",\"isPartOf\":{\"@id\":\"https:\\\/\\\/laindependent.cat\\\/es\\\/medios-bajo-la-lupa-de-un-nuevo-observatorio\\\/\"},\"author\":{\"name\":\"Drina Ergueta\",\"@id\":\"https:\\\/\\\/laindependent.cat\\\/es\\\/#\\\/schema\\\/person\\\/927fe3812d088d7f272fec3d0cbe06bb\"},\"headline\":\"Medios bajo la lupa de un nuevo Observatorio\",\"datePublished\":\"2016-06-16T14:41:51+00:00\",\"mainEntityOfPage\":{\"@id\":\"https:\\\/\\\/laindependent.cat\\\/es\\\/medios-bajo-la-lupa-de-un-nuevo-observatorio\\\/\"},\"wordCount\":307,\"commentCount\":0,\"publisher\":{\"@id\":\"https:\\\/\\\/laindependent.cat\\\/es\\\/#organization\"},\"image\":{\"@id\":\"https:\\\/\\\/laindependent.cat\\\/es\\\/medios-bajo-la-lupa-de-un-nuevo-observatorio\\\/#primaryimage\"},\"thumbnailUrl\":\"https:\\\/\\\/laindependent.cat\\\/wp-content\\\/uploads\\\/2016\\\/06\\\/Munte_Neus.jpg\",\"keywords\":[\"Consell de l'Audiovisual de Catalunya (CAC)\",\"Departament de la Presid\u00e8ncia\",\"internet\",\"missatges mis\u00f2gins\",\"Roger Loppacher\"],\"articleSection\":[\"Digitales\"],\"inLanguage\":\"es\",\"potentialAction\":[{\"@type\":\"CommentAction\",\"name\":\"Comment\",\"target\":[\"https:\\\/\\\/laindependent.cat\\\/es\\\/medios-bajo-la-lupa-de-un-nuevo-observatorio\\\/#respond\"]}]},{\"@type\":\"WebPage\",\"@id\":\"https:\\\/\\\/laindependent.cat\\\/es\\\/medios-bajo-la-lupa-de-un-nuevo-observatorio\\\/\",\"url\":\"https:\\\/\\\/laindependent.cat\\\/es\\\/medios-bajo-la-lupa-de-un-nuevo-observatorio\\\/\",\"name\":\"Medios bajo la lupa de un nuevo Observatorio | La Independent\",\"isPartOf\":{\"@id\":\"https:\\\/\\\/laindependent.cat\\\/es\\\/#website\"},\"primaryImageOfPage\":{\"@id\":\"https:\\\/\\\/laindependent.cat\\\/es\\\/medios-bajo-la-lupa-de-un-nuevo-observatorio\\\/#primaryimage\"},\"image\":{\"@id\":\"https:\\\/\\\/laindependent.cat\\\/es\\\/medios-bajo-la-lupa-de-un-nuevo-observatorio\\\/#primaryimage\"},\"thumbnailUrl\":\"https:\\\/\\\/laindependent.cat\\\/wp-content\\\/uploads\\\/2016\\\/06\\\/Munte_Neus.jpg\",\"datePublished\":\"2016-06-16T14:41:51+00:00\",\"description\":\"Neus Munt\u00e9 y Roger Loppacher El Departamento de la Presidencia y el Consejo del Audiovisual de Catalu\u00f1a (CAC) denuncian a Fiscal\u00eda 10 blogs y 5 videos de\",\"breadcrumb\":{\"@id\":\"https:\\\/\\\/laindependent.cat\\\/es\\\/medios-bajo-la-lupa-de-un-nuevo-observatorio\\\/#breadcrumb\"},\"inLanguage\":\"es\",\"potentialAction\":[{\"@type\":\"ReadAction\",\"target\":[\"https:\\\/\\\/laindependent.cat\\\/es\\\/medios-bajo-la-lupa-de-un-nuevo-observatorio\\\/\"]}]},{\"@type\":\"ImageObject\",\"inLanguage\":\"es\",\"@id\":\"https:\\\/\\\/laindependent.cat\\\/es\\\/medios-bajo-la-lupa-de-un-nuevo-observatorio\\\/#primaryimage\",\"url\":\"https:\\\/\\\/laindependent.cat\\\/wp-content\\\/uploads\\\/2016\\\/06\\\/Munte_Neus.jpg\",\"contentUrl\":\"https:\\\/\\\/laindependent.cat\\\/wp-content\\\/uploads\\\/2016\\\/06\\\/Munte_Neus.jpg\",\"width\":274,\"height\":152},{\"@type\":\"BreadcrumbList\",\"@id\":\"https:\\\/\\\/laindependent.cat\\\/es\\\/medios-bajo-la-lupa-de-un-nuevo-observatorio\\\/#breadcrumb\",\"itemListElement\":[{\"@type\":\"ListItem\",\"position\":1,\"name\":\"Inici\",\"item\":\"https:\\\/\\\/laindependent.cat\\\/es\\\/la-independent\\\/\"},{\"@type\":\"ListItem\",\"position\":2,\"name\":\"Comunicaci\u00f3n - TICS - Publicidad\",\"item\":\"https:\\\/\\\/laindependent.cat\\\/es\\\/tema\\\/comunicacion-tics-publicidad\\\/\"},{\"@type\":\"ListItem\",\"position\":3,\"name\":\"Digitales\",\"item\":\"https:\\\/\\\/laindependent.cat\\\/es\\\/tema\\\/comunicacion-tics-publicidad\\\/digitales\\\/\"},{\"@type\":\"ListItem\",\"position\":4,\"name\":\"Medios bajo la lupa de un nuevo Observatorio\"}]},{\"@type\":\"WebSite\",\"@id\":\"https:\\\/\\\/laindependent.cat\\\/es\\\/#website\",\"url\":\"https:\\\/\\\/laindependent.cat\\\/es\\\/\",\"name\":\"La Independent\",\"description\":\"Ag\u00e8ncia de not\u00edcies amb visi\u00f3 de g\u00e8nere\",\"publisher\":{\"@id\":\"https:\\\/\\\/laindependent.cat\\\/es\\\/#organization\"},\"alternateName\":\"Ag\u00e8ncia de not\u00edcies amb visi\u00f3 de g\u00e8nere\",\"potentialAction\":[{\"@type\":\"SearchAction\",\"target\":{\"@type\":\"EntryPoint\",\"urlTemplate\":\"https:\\\/\\\/laindependent.cat\\\/es\\\/?s={search_term_string}\"},\"query-input\":{\"@type\":\"PropertyValueSpecification\",\"valueRequired\":true,\"valueName\":\"search_term_string\"}}],\"inLanguage\":\"es\"},{\"@type\":\"Organization\",\"@id\":\"https:\\\/\\\/laindependent.cat\\\/es\\\/#organization\",\"name\":\"La Independent\",\"alternateName\":\"Ag\u00e8ncia de not\u00edcies amb visi\u00f3 de g\u00e8nere\",\"url\":\"https:\\\/\\\/laindependent.cat\\\/es\\\/\",\"logo\":{\"@type\":\"ImageObject\",\"inLanguage\":\"es\",\"@id\":\"https:\\\/\\\/laindependent.cat\\\/es\\\/#\\\/schema\\\/logo\\\/image\\\/\",\"url\":\"https:\\\/\\\/laindependent.cat\\\/wp-content\\\/uploads\\\/2022\\\/10\\\/logo-independent.svg\",\"contentUrl\":\"https:\\\/\\\/laindependent.cat\\\/wp-content\\\/uploads\\\/2022\\\/10\\\/logo-independent.svg\",\"width\":562,\"height\":78,\"caption\":\"La Independent\"},\"image\":{\"@id\":\"https:\\\/\\\/laindependent.cat\\\/es\\\/#\\\/schema\\\/logo\\\/image\\\/\"}},{\"@type\":\"Person\",\"@id\":\"https:\\\/\\\/laindependent.cat\\\/es\\\/#\\\/schema\\\/person\\\/927fe3812d088d7f272fec3d0cbe06bb\",\"name\":\"Drina Ergueta\",\"image\":{\"@type\":\"ImageObject\",\"inLanguage\":\"es\",\"@id\":\"https:\\\/\\\/secure.gravatar.com\\\/avatar\\\/0f7159a64394f2cc7cb7c479de39862a11682af83f341aac7f21cb4416b5b8f0?s=96&d=blank&r=g\",\"url\":\"https:\\\/\\\/secure.gravatar.com\\\/avatar\\\/0f7159a64394f2cc7cb7c479de39862a11682af83f341aac7f21cb4416b5b8f0?s=96&d=blank&r=g\",\"contentUrl\":\"https:\\\/\\\/secure.gravatar.com\\\/avatar\\\/0f7159a64394f2cc7cb7c479de39862a11682af83f341aac7f21cb4416b5b8f0?s=96&d=blank&r=g\",\"caption\":\"Drina Ergueta\"},\"description\":\"Periodista y antrop\u00f3loga. Comunicaci\u00f3n y feminismo son sus temas predilectos desde hace m\u00e1s de una d\u00e9cada. Articulista en medios bolivianos y portales feministas de Espa\u00f1a\\\/M\u00e9xico.\",\"url\":\"https:\\\/\\\/laindependent.cat\\\/es\\\/author\\\/drina-ergueta\\\/\"}]}<\/script>\n<!-- \/ Yoast SEO plugin. -->","yoast_head_json":{"title":"Medios bajo la lupa de un nuevo Observatorio | La Independent","description":"Neus Munt\u00e9 y Roger Loppacher El Departamento de la Presidencia y el Consejo del Audiovisual de Catalu\u00f1a (CAC) denuncian a Fiscal\u00eda 10 blogs y 5 videos de","robots":{"index":"index","follow":"follow","max-snippet":"max-snippet:-1","max-image-preview":"max-image-preview:large","max-video-preview":"max-video-preview:-1"},"canonical":"https:\/\/laindependent.cat\/es\/medios-bajo-la-lupa-de-un-nuevo-observatorio\/","og_locale":"es_ES","og_type":"article","og_title":"Medios bajo la lupa de un nuevo Observatorio | La Independent","og_description":"Neus Munt\u00e9 y Roger Loppacher El Departamento de la Presidencia y el Consejo del Audiovisual de Catalu\u00f1a (CAC) denuncian a Fiscal\u00eda 10 blogs y 5 videos de","og_url":"https:\/\/laindependent.cat\/es\/medios-bajo-la-lupa-de-un-nuevo-observatorio\/","og_site_name":"La Independent","article_published_time":"2016-06-16T14:41:51+00:00","og_image":[{"url":"https:\/\/laindependent.cat\/wp-content\/uploads\/2016\/06\/Munte_Neus.jpg","type":"","width":"","height":""}],"author":"Drina Ergueta","twitter_card":"summary_large_image","twitter_misc":{"Escrito por":"Drina Ergueta","Tiempo de lectura":"1 minuto"},"schema":{"@context":"https:\/\/schema.org","@graph":[{"@type":"Article","@id":"https:\/\/laindependent.cat\/es\/medios-bajo-la-lupa-de-un-nuevo-observatorio\/#article","isPartOf":{"@id":"https:\/\/laindependent.cat\/es\/medios-bajo-la-lupa-de-un-nuevo-observatorio\/"},"author":{"name":"Drina Ergueta","@id":"https:\/\/laindependent.cat\/es\/#\/schema\/person\/927fe3812d088d7f272fec3d0cbe06bb"},"headline":"Medios bajo la lupa de un nuevo Observatorio","datePublished":"2016-06-16T14:41:51+00:00","mainEntityOfPage":{"@id":"https:\/\/laindependent.cat\/es\/medios-bajo-la-lupa-de-un-nuevo-observatorio\/"},"wordCount":307,"commentCount":0,"publisher":{"@id":"https:\/\/laindependent.cat\/es\/#organization"},"image":{"@id":"https:\/\/laindependent.cat\/es\/medios-bajo-la-lupa-de-un-nuevo-observatorio\/#primaryimage"},"thumbnailUrl":"https:\/\/laindependent.cat\/wp-content\/uploads\/2016\/06\/Munte_Neus.jpg","keywords":["Consell de l'Audiovisual de Catalunya (CAC)","Departament de la Presid\u00e8ncia","internet","missatges mis\u00f2gins","Roger Loppacher"],"articleSection":["Digitales"],"inLanguage":"es","potentialAction":[{"@type":"CommentAction","name":"Comment","target":["https:\/\/laindependent.cat\/es\/medios-bajo-la-lupa-de-un-nuevo-observatorio\/#respond"]}]},{"@type":"WebPage","@id":"https:\/\/laindependent.cat\/es\/medios-bajo-la-lupa-de-un-nuevo-observatorio\/","url":"https:\/\/laindependent.cat\/es\/medios-bajo-la-lupa-de-un-nuevo-observatorio\/","name":"Medios bajo la lupa de un nuevo Observatorio | La Independent","isPartOf":{"@id":"https:\/\/laindependent.cat\/es\/#website"},"primaryImageOfPage":{"@id":"https:\/\/laindependent.cat\/es\/medios-bajo-la-lupa-de-un-nuevo-observatorio\/#primaryimage"},"image":{"@id":"https:\/\/laindependent.cat\/es\/medios-bajo-la-lupa-de-un-nuevo-observatorio\/#primaryimage"},"thumbnailUrl":"https:\/\/laindependent.cat\/wp-content\/uploads\/2016\/06\/Munte_Neus.jpg","datePublished":"2016-06-16T14:41:51+00:00","description":"Neus Munt\u00e9 y Roger Loppacher El Departamento de la Presidencia y el Consejo del Audiovisual de Catalu\u00f1a (CAC) denuncian a Fiscal\u00eda 10 blogs y 5 videos de","breadcrumb":{"@id":"https:\/\/laindependent.cat\/es\/medios-bajo-la-lupa-de-un-nuevo-observatorio\/#breadcrumb"},"inLanguage":"es","potentialAction":[{"@type":"ReadAction","target":["https:\/\/laindependent.cat\/es\/medios-bajo-la-lupa-de-un-nuevo-observatorio\/"]}]},{"@type":"ImageObject","inLanguage":"es","@id":"https:\/\/laindependent.cat\/es\/medios-bajo-la-lupa-de-un-nuevo-observatorio\/#primaryimage","url":"https:\/\/laindependent.cat\/wp-content\/uploads\/2016\/06\/Munte_Neus.jpg","contentUrl":"https:\/\/laindependent.cat\/wp-content\/uploads\/2016\/06\/Munte_Neus.jpg","width":274,"height":152},{"@type":"BreadcrumbList","@id":"https:\/\/laindependent.cat\/es\/medios-bajo-la-lupa-de-un-nuevo-observatorio\/#breadcrumb","itemListElement":[{"@type":"ListItem","position":1,"name":"Inici","item":"https:\/\/laindependent.cat\/es\/la-independent\/"},{"@type":"ListItem","position":2,"name":"Comunicaci\u00f3n - TICS - Publicidad","item":"https:\/\/laindependent.cat\/es\/tema\/comunicacion-tics-publicidad\/"},{"@type":"ListItem","position":3,"name":"Digitales","item":"https:\/\/laindependent.cat\/es\/tema\/comunicacion-tics-publicidad\/digitales\/"},{"@type":"ListItem","position":4,"name":"Medios bajo la lupa de un nuevo Observatorio"}]},{"@type":"WebSite","@id":"https:\/\/laindependent.cat\/es\/#website","url":"https:\/\/laindependent.cat\/es\/","name":"La Independent","description":"Ag\u00e8ncia de not\u00edcies amb visi\u00f3 de g\u00e8nere","publisher":{"@id":"https:\/\/laindependent.cat\/es\/#organization"},"alternateName":"Ag\u00e8ncia de not\u00edcies amb visi\u00f3 de g\u00e8nere","potentialAction":[{"@type":"SearchAction","target":{"@type":"EntryPoint","urlTemplate":"https:\/\/laindependent.cat\/es\/?s={search_term_string}"},"query-input":{"@type":"PropertyValueSpecification","valueRequired":true,"valueName":"search_term_string"}}],"inLanguage":"es"},{"@type":"Organization","@id":"https:\/\/laindependent.cat\/es\/#organization","name":"La Independent","alternateName":"Ag\u00e8ncia de not\u00edcies amb visi\u00f3 de g\u00e8nere","url":"https:\/\/laindependent.cat\/es\/","logo":{"@type":"ImageObject","inLanguage":"es","@id":"https:\/\/laindependent.cat\/es\/#\/schema\/logo\/image\/","url":"https:\/\/laindependent.cat\/wp-content\/uploads\/2022\/10\/logo-independent.svg","contentUrl":"https:\/\/laindependent.cat\/wp-content\/uploads\/2022\/10\/logo-independent.svg","width":562,"height":78,"caption":"La Independent"},"image":{"@id":"https:\/\/laindependent.cat\/es\/#\/schema\/logo\/image\/"}},{"@type":"Person","@id":"https:\/\/laindependent.cat\/es\/#\/schema\/person\/927fe3812d088d7f272fec3d0cbe06bb","name":"Drina Ergueta","image":{"@type":"ImageObject","inLanguage":"es","@id":"https:\/\/secure.gravatar.com\/avatar\/0f7159a64394f2cc7cb7c479de39862a11682af83f341aac7f21cb4416b5b8f0?s=96&d=blank&r=g","url":"https:\/\/secure.gravatar.com\/avatar\/0f7159a64394f2cc7cb7c479de39862a11682af83f341aac7f21cb4416b5b8f0?s=96&d=blank&r=g","contentUrl":"https:\/\/secure.gravatar.com\/avatar\/0f7159a64394f2cc7cb7c479de39862a11682af83f341aac7f21cb4416b5b8f0?s=96&d=blank&r=g","caption":"Drina Ergueta"},"description":"Periodista y antrop\u00f3loga. Comunicaci\u00f3n y feminismo son sus temas predilectos desde hace m\u00e1s de una d\u00e9cada. Articulista en medios bolivianos y portales feministas de Espa\u00f1a\/M\u00e9xico.","url":"https:\/\/laindependent.cat\/es\/author\/drina-ergueta\/"}]}},"_links":{"self":[{"href":"https:\/\/laindependent.cat\/es\/wp-json\/wp\/v2\/posts\/63549","targetHints":{"allow":["GET"]}}],"collection":[{"href":"https:\/\/laindependent.cat\/es\/wp-json\/wp\/v2\/posts"}],"about":[{"href":"https:\/\/laindependent.cat\/es\/wp-json\/wp\/v2\/types\/post"}],"author":[{"embeddable":true,"href":"https:\/\/laindependent.cat\/es\/wp-json\/wp\/v2\/users\/87"}],"replies":[{"embeddable":true,"href":"https:\/\/laindependent.cat\/es\/wp-json\/wp\/v2\/comments?post=63549"}],"version-history":[{"count":0,"href":"https:\/\/laindependent.cat\/es\/wp-json\/wp\/v2\/posts\/63549\/revisions"}],"wp:featuredmedia":[{"embeddable":true,"href":"https:\/\/laindependent.cat\/es\/wp-json\/wp\/v2\/media\/32285"}],"wp:attachment":[{"href":"https:\/\/laindependent.cat\/es\/wp-json\/wp\/v2\/media?parent=63549"}],"wp:term":[{"taxonomy":"category","embeddable":true,"href":"https:\/\/laindependent.cat\/es\/wp-json\/wp\/v2\/categories?post=63549"},{"taxonomy":"post_tag","embeddable":true,"href":"https:\/\/laindependent.cat\/es\/wp-json\/wp\/v2\/tags?post=63549"}],"curies":[{"name":"wp","href":"https:\/\/api.w.org\/{rel}","templated":true}]}}