{"id":63206,"date":"2016-04-28T17:26:40","date_gmt":"2016-04-28T15:26:40","guid":{"rendered":"https:\/\/laindependent.cat\/autodefensa-de-la-mujer-autodefensa-feminista\/"},"modified":"2016-04-28T17:26:40","modified_gmt":"2016-04-28T15:26:40","slug":"autodefensa-de-la-mujer-autodefensa-feminista","status":"publish","type":"post","link":"https:\/\/laindependent.cat\/es\/autodefensa-de-la-mujer-autodefensa-feminista\/","title":{"rendered":"Autodefensa de la mujer \/ autodefensa feminista"},"content":{"rendered":"<p><strong style=\"text-align: left; font-size: 10pt;\"><span style=\"font-family: 'trebuchet ms', geneva; font-size: 10pt;\"><img decoding=\"async\" class=\"size-full wp-image-32049 lazyload\" style=\"--smush-placeholder-width: 150px; --smush-placeholder-aspect-ratio: 150\/158;margin: 9px auto; vertical-align: middle; display: block;\" data-src=\"https:\/\/laindependent.cat\/wp-content\/uploads\/2016\/04\/dones_reporteres_de_mataro.JPG\" alt=\"dones reporteres de mataro\" width=\"150\" height=\"158\" src=\"data:image\/svg+xml;base64,PHN2ZyB3aWR0aD0iMSIgaGVpZ2h0PSIxIiB4bWxucz0iaHR0cDovL3d3dy53My5vcmcvMjAwMC9zdmciPjwvc3ZnPg==\" \/><\/span><\/strong><\/p>\n<p style=\"text-align: left;\">\u00a0<\/p>\n<p style=\"text-align: left;\">\u00a0<\/p>\n<p style=\"text-align: left;\"><strong><span style=\"font-family: 'trebuchet ms', geneva; font-size: 10pt;\"><\/span><\/strong><\/p>\n<p style=\"text-align: left;\"><strong><span style=\"font-family: 'trebuchet ms', geneva; font-size: 10pt;\">OPINI\u00d3N<\/span><\/strong><\/p>\n<p style=\"text-align: left;\"><strong><span style=\"font-family: 'trebuchet ms', geneva; font-size: 10pt;\">La mujer debe defenderse de muchas cosas, como si fuera culpable de alg\u00fan delito ancestral, porque s\u00f3lo los culpables necesitan defenderse.<\/span><\/strong><\/p>\n<p><!--more--><\/p>\n<p style=\"text-align: left;\">\u00a0<\/p>\n<p style=\"text-align: left;\"><span style=\"font-family: 'trebuchet ms', geneva; font-size: 10pt;\">La culpa viene de lejos, de muy lejos. Para empezar, ya nos dice la religi\u00f3n (cristiana) que aquel debe creador hizo al hombre a su imagen y en la mujer la hizo despu\u00e9s y quit\u00e1ndole una costilla al hombre. Hay que reconocer que este origen ya no es demasiado &#8220;glamuroso&#8221; &#8230;<\/span><br \/><span style=\"font-family: 'trebuchet ms', geneva; font-size: 10pt;\"><\/span><\/p>\n<p style=\"text-align: left;\"><span style=\"font-family: 'trebuchet ms', geneva; font-size: 10pt;\">Un poco m\u00e1s tarde, en ese para\u00edso primigenio, tambi\u00e9n es la mujer la que se lleva la peor parte porque se ve que se comi\u00f3 una manzana de un \u00e1rbol que igualaba a la mujer (y el hombre) con dios, el \u00e1rbol del saber absoluto, el del conocimiento del bien y del mal. Como castigo, los expuls\u00f3 del para\u00edso y ella le dijo que parir\u00eda los hijos con dolor y que se ganar\u00edan el pan con el sudor de faenar. Se puede entender que al hombre no le gust\u00f3 nada la degradaci\u00f3n&#8230;<\/span><br \/><span style=\"font-family: 'trebuchet ms', geneva; font-size: 10pt;\"><\/span><\/p>\n<p style=\"text-align: left;\"><span style=\"font-family: 'trebuchet ms', geneva; font-size: 10pt;\">Y es con estos fundamentos que la Historia del Patriarcado ha construido su mundo, con la mujer como culpable y sometida al hombre. Y es as\u00ed tanto si somos creyentes como si no lo somos, porque la religi\u00f3n (sea la cristiana o cualquier otra) ha empapado el mundo pol\u00edtico y social durante muchos siglos.<\/span><br \/><span style=\"font-family: 'trebuchet ms', geneva; font-size: 10pt;\"><\/span><\/p>\n<p style=\"text-align: left;\"><span style=\"font-family: 'trebuchet ms', geneva; font-size: 10pt;\">Las mujeres debemos despojar de todos los prejuicios que nos han inculcado por el hecho de ser mujeres. La historia de la media naranja nos hace ser seres incompletos, cada persona, sea mujer o sea hombre, es una naranja entera. Tampoco el amor rom\u00e1ntico ha ayudado a que la mujer sea un ser autosuficiente y libre. El amor comienza en el interior de cada uno y se da y se recibe entrega porque nace de la generosidad.<\/span><br \/><span style=\"font-family: 'trebuchet ms', geneva; font-size: 10pt;\"><\/span><\/p>\n<p style=\"text-align: left;\"><span style=\"font-family: 'trebuchet ms', geneva; font-size: 10pt;\">La mujer, sin un hombre, no era nada, hab\u00eda que tutelar en todo momento. Y no estamos hablando de siglos atr\u00e1s, esto era as\u00ed hasta hace cuatro d\u00edas, es m\u00e1s, hay muchos lugares todav\u00eda en que esto sigue siendo un hecho cotidiano. Es muy dif\u00edcil sacarnos una losa as\u00ed, tan pesada, de encima.<\/span><br \/><span style=\"font-family: 'trebuchet ms', geneva; font-size: 10pt;\"><\/span><\/p>\n<p style=\"text-align: left;\"><span style=\"font-family: 'trebuchet ms', geneva; font-size: 10pt;\">No quiere decir que no ha habido mujeres a lo largo de toda la historia que han roto las cadenas del patriarcado y han hecho la suya, pero muchas de ellas lo han pagado con la propia vida. No gusta demasiado al sistema patriarcal que la mujer se tome muchas libertades porque hace peligrar las estructuras donde se funda.<\/span><br \/><span style=\"font-family: 'trebuchet ms', geneva; font-size: 10pt;\"><\/span><\/p>\n<p style=\"text-align: left;\"><span style=\"font-family: 'trebuchet ms', geneva; font-size: 10pt;\">Defensa, autodefensa, todo suena a un mundo violento y que violenta a la mujer. Ahora que muchas ya somos mayores de edad, independizadas del patriarcado, nos siguen matando por ser mujeres. Hay una gran convicci\u00f3n de la propia estima, somos poderosas, podemos hacer lo que nos proponemos en la vida. Pero la mujer, por el hecho de serlo, requiere de un doble (o triple&#8230;) esfuerzo para demostrar que est\u00e1 capacitada para cualquier tarea que ella se proponga: menos sueldo por igual trabajo, el cuidado (de criaturas, de dependientes en general &#8230;) la hace mayoritariamente la mujer, la igualdad todav\u00eda lleva pa\u00f1ales. El patriarcado se resiste a desaparecer.<\/span><br \/><span style=\"font-family: 'trebuchet ms', geneva; font-size: 10pt;\"><\/span><\/p>\n<p style=\"text-align: left;\"><span style=\"font-family: 'trebuchet ms', geneva; font-size: 10pt;\">Hay pues tener la cabeza bien puesta, bien amoblada, con las ideas bien claras. Y s\u00ed, si es necesario, si ella (quien sea) o cree oportuno, hacer una buena pr\u00e1ctica de autodefensa f\u00edsica, psicol\u00f3gica y afectiva, donde el cuerpo y la mente est\u00e9n en plena armon\u00eda.<\/span><\/p>\n","protected":false},"excerpt":{"rendered":"<p>\u00a0 \u00a0 OPINI\u00d3N La mujer debe defenderse de muchas cosas, como si fuera culpable de alg\u00fan delito ancestral, porque s\u00f3lo los culpables necesitan defenderse.<\/p>\n","protected":false},"author":87,"featured_media":32049,"comment_status":"open","ping_status":"","sticky":false,"template":"","format":"standard","meta":{"footnotes":""},"categories":[26637],"tags":[37744],"class_list":["post-63206","post","type-post","status-publish","format-standard","has-post-thumbnail","hentry","category-opinion-empoderamiento-y-liderazgo","tag-reporteres-de-mataro"],"yoast_head":"<!-- This site is optimized with the Yoast SEO plugin v27.4 - https:\/\/yoast.com\/product\/yoast-seo-wordpress\/ -->\n<title>Autodefensa de la mujer \/ autodefensa feminista | La Independent<\/title>\n<meta name=\"description\" content=\"\u00a0 \u00a0 OPINI\u00d3N La mujer debe defenderse de muchas cosas, como si fuera culpable de alg\u00fan delito ancestral, porque s\u00f3lo los culpables necesitan defenderse. \u00a0\" \/>\n<meta name=\"robots\" content=\"index, follow, max-snippet:-1, max-image-preview:large, max-video-preview:-1\" \/>\n<link rel=\"canonical\" href=\"https:\/\/laindependent.cat\/es\/autodefensa-de-la-mujer-autodefensa-feminista\/\" \/>\n<meta property=\"og:locale\" content=\"es_ES\" \/>\n<meta property=\"og:type\" content=\"article\" \/>\n<meta property=\"og:title\" content=\"Autodefensa de la mujer \/ autodefensa feminista | La Independent\" \/>\n<meta property=\"og:description\" content=\"\u00a0 \u00a0 OPINI\u00d3N La mujer debe defenderse de muchas cosas, como si fuera culpable de alg\u00fan delito ancestral, porque s\u00f3lo los culpables necesitan defenderse. \u00a0\" \/>\n<meta property=\"og:url\" content=\"https:\/\/laindependent.cat\/es\/autodefensa-de-la-mujer-autodefensa-feminista\/\" \/>\n<meta property=\"og:site_name\" content=\"La Independent\" \/>\n<meta property=\"article:published_time\" content=\"2016-04-28T15:26:40+00:00\" \/>\n<meta property=\"og:image\" content=\"https:\/\/laindependent.cat\/wp-content\/uploads\/2016\/04\/dones_reporteres_de_mataro.JPG\" \/>\n<meta name=\"author\" content=\"Drina Ergueta\" \/>\n<meta name=\"twitter:card\" content=\"summary_large_image\" \/>\n<meta name=\"twitter:label1\" content=\"Escrito por\" \/>\n\t<meta name=\"twitter:data1\" content=\"Drina Ergueta\" \/>\n\t<meta name=\"twitter:label2\" content=\"Tiempo de lectura\" \/>\n\t<meta name=\"twitter:data2\" content=\"3 minutos\" \/>\n<script type=\"application\/ld+json\" class=\"yoast-schema-graph\">{\"@context\":\"https:\\\/\\\/schema.org\",\"@graph\":[{\"@type\":\"Article\",\"@id\":\"https:\\\/\\\/laindependent.cat\\\/es\\\/autodefensa-de-la-mujer-autodefensa-feminista\\\/#article\",\"isPartOf\":{\"@id\":\"https:\\\/\\\/laindependent.cat\\\/es\\\/autodefensa-de-la-mujer-autodefensa-feminista\\\/\"},\"author\":{\"name\":\"Drina Ergueta\",\"@id\":\"https:\\\/\\\/laindependent.cat\\\/es\\\/#\\\/schema\\\/person\\\/927fe3812d088d7f272fec3d0cbe06bb\"},\"headline\":\"Autodefensa de la mujer \\\/ autodefensa feminista\",\"datePublished\":\"2016-04-28T15:26:40+00:00\",\"mainEntityOfPage\":{\"@id\":\"https:\\\/\\\/laindependent.cat\\\/es\\\/autodefensa-de-la-mujer-autodefensa-feminista\\\/\"},\"wordCount\":595,\"commentCount\":0,\"publisher\":{\"@id\":\"https:\\\/\\\/laindependent.cat\\\/es\\\/#organization\"},\"image\":{\"@id\":\"https:\\\/\\\/laindependent.cat\\\/es\\\/autodefensa-de-la-mujer-autodefensa-feminista\\\/#primaryimage\"},\"thumbnailUrl\":\"https:\\\/\\\/laindependent.cat\\\/wp-content\\\/uploads\\\/2016\\\/04\\\/dones_reporteres_de_mataro.JPG\",\"keywords\":[\"Reporteres de Matar\u00f3\"],\"articleSection\":[\"Opini\u00f3n: Empoderamiento y Liderazgo\"],\"inLanguage\":\"es\",\"potentialAction\":[{\"@type\":\"CommentAction\",\"name\":\"Comment\",\"target\":[\"https:\\\/\\\/laindependent.cat\\\/es\\\/autodefensa-de-la-mujer-autodefensa-feminista\\\/#respond\"]}]},{\"@type\":\"WebPage\",\"@id\":\"https:\\\/\\\/laindependent.cat\\\/es\\\/autodefensa-de-la-mujer-autodefensa-feminista\\\/\",\"url\":\"https:\\\/\\\/laindependent.cat\\\/es\\\/autodefensa-de-la-mujer-autodefensa-feminista\\\/\",\"name\":\"Autodefensa de la mujer \\\/ autodefensa feminista | La Independent\",\"isPartOf\":{\"@id\":\"https:\\\/\\\/laindependent.cat\\\/es\\\/#website\"},\"primaryImageOfPage\":{\"@id\":\"https:\\\/\\\/laindependent.cat\\\/es\\\/autodefensa-de-la-mujer-autodefensa-feminista\\\/#primaryimage\"},\"image\":{\"@id\":\"https:\\\/\\\/laindependent.cat\\\/es\\\/autodefensa-de-la-mujer-autodefensa-feminista\\\/#primaryimage\"},\"thumbnailUrl\":\"https:\\\/\\\/laindependent.cat\\\/wp-content\\\/uploads\\\/2016\\\/04\\\/dones_reporteres_de_mataro.JPG\",\"datePublished\":\"2016-04-28T15:26:40+00:00\",\"description\":\"\u00a0 \u00a0 OPINI\u00d3N La mujer debe defenderse de muchas cosas, como si fuera culpable de alg\u00fan delito ancestral, porque s\u00f3lo los culpables necesitan defenderse. \u00a0\",\"breadcrumb\":{\"@id\":\"https:\\\/\\\/laindependent.cat\\\/es\\\/autodefensa-de-la-mujer-autodefensa-feminista\\\/#breadcrumb\"},\"inLanguage\":\"es\",\"potentialAction\":[{\"@type\":\"ReadAction\",\"target\":[\"https:\\\/\\\/laindependent.cat\\\/es\\\/autodefensa-de-la-mujer-autodefensa-feminista\\\/\"]}]},{\"@type\":\"ImageObject\",\"inLanguage\":\"es\",\"@id\":\"https:\\\/\\\/laindependent.cat\\\/es\\\/autodefensa-de-la-mujer-autodefensa-feminista\\\/#primaryimage\",\"url\":\"https:\\\/\\\/laindependent.cat\\\/wp-content\\\/uploads\\\/2016\\\/04\\\/dones_reporteres_de_mataro.JPG\",\"contentUrl\":\"https:\\\/\\\/laindependent.cat\\\/wp-content\\\/uploads\\\/2016\\\/04\\\/dones_reporteres_de_mataro.JPG\",\"width\":220,\"height\":231},{\"@type\":\"BreadcrumbList\",\"@id\":\"https:\\\/\\\/laindependent.cat\\\/es\\\/autodefensa-de-la-mujer-autodefensa-feminista\\\/#breadcrumb\",\"itemListElement\":[{\"@type\":\"ListItem\",\"position\":1,\"name\":\"Inici\",\"item\":\"https:\\\/\\\/laindependent.cat\\\/es\\\/la-independent\\\/\"},{\"@type\":\"ListItem\",\"position\":2,\"name\":\"Opini\u00f3n\",\"item\":\"https:\\\/\\\/laindependent.cat\\\/es\\\/tema\\\/opinion\\\/\"},{\"@type\":\"ListItem\",\"position\":3,\"name\":\"Opini\u00f3n: Empoderamiento y Liderazgo\",\"item\":\"https:\\\/\\\/laindependent.cat\\\/es\\\/tema\\\/opinion\\\/opinion-empoderamiento-y-liderazgo\\\/\"},{\"@type\":\"ListItem\",\"position\":4,\"name\":\"Autodefensa de la mujer \\\/ autodefensa feminista\"}]},{\"@type\":\"WebSite\",\"@id\":\"https:\\\/\\\/laindependent.cat\\\/es\\\/#website\",\"url\":\"https:\\\/\\\/laindependent.cat\\\/es\\\/\",\"name\":\"La Independent\",\"description\":\"Ag\u00e8ncia de not\u00edcies amb visi\u00f3 de g\u00e8nere\",\"publisher\":{\"@id\":\"https:\\\/\\\/laindependent.cat\\\/es\\\/#organization\"},\"alternateName\":\"Ag\u00e8ncia de not\u00edcies amb visi\u00f3 de g\u00e8nere\",\"potentialAction\":[{\"@type\":\"SearchAction\",\"target\":{\"@type\":\"EntryPoint\",\"urlTemplate\":\"https:\\\/\\\/laindependent.cat\\\/es\\\/?s={search_term_string}\"},\"query-input\":{\"@type\":\"PropertyValueSpecification\",\"valueRequired\":true,\"valueName\":\"search_term_string\"}}],\"inLanguage\":\"es\"},{\"@type\":\"Organization\",\"@id\":\"https:\\\/\\\/laindependent.cat\\\/es\\\/#organization\",\"name\":\"La Independent\",\"alternateName\":\"Ag\u00e8ncia de not\u00edcies amb visi\u00f3 de g\u00e8nere\",\"url\":\"https:\\\/\\\/laindependent.cat\\\/es\\\/\",\"logo\":{\"@type\":\"ImageObject\",\"inLanguage\":\"es\",\"@id\":\"https:\\\/\\\/laindependent.cat\\\/es\\\/#\\\/schema\\\/logo\\\/image\\\/\",\"url\":\"https:\\\/\\\/laindependent.cat\\\/wp-content\\\/uploads\\\/2022\\\/10\\\/logo-independent.svg\",\"contentUrl\":\"https:\\\/\\\/laindependent.cat\\\/wp-content\\\/uploads\\\/2022\\\/10\\\/logo-independent.svg\",\"width\":562,\"height\":78,\"caption\":\"La Independent\"},\"image\":{\"@id\":\"https:\\\/\\\/laindependent.cat\\\/es\\\/#\\\/schema\\\/logo\\\/image\\\/\"}},{\"@type\":\"Person\",\"@id\":\"https:\\\/\\\/laindependent.cat\\\/es\\\/#\\\/schema\\\/person\\\/927fe3812d088d7f272fec3d0cbe06bb\",\"name\":\"Drina Ergueta\",\"image\":{\"@type\":\"ImageObject\",\"inLanguage\":\"es\",\"@id\":\"https:\\\/\\\/secure.gravatar.com\\\/avatar\\\/0f7159a64394f2cc7cb7c479de39862a11682af83f341aac7f21cb4416b5b8f0?s=96&d=blank&r=g\",\"url\":\"https:\\\/\\\/secure.gravatar.com\\\/avatar\\\/0f7159a64394f2cc7cb7c479de39862a11682af83f341aac7f21cb4416b5b8f0?s=96&d=blank&r=g\",\"contentUrl\":\"https:\\\/\\\/secure.gravatar.com\\\/avatar\\\/0f7159a64394f2cc7cb7c479de39862a11682af83f341aac7f21cb4416b5b8f0?s=96&d=blank&r=g\",\"caption\":\"Drina Ergueta\"},\"description\":\"Periodista y antrop\u00f3loga. Comunicaci\u00f3n y feminismo son sus temas predilectos desde hace m\u00e1s de una d\u00e9cada. Articulista en medios bolivianos y portales feministas de Espa\u00f1a\\\/M\u00e9xico.\",\"url\":\"https:\\\/\\\/laindependent.cat\\\/es\\\/author\\\/drina-ergueta\\\/\"}]}<\/script>\n<!-- \/ Yoast SEO plugin. -->","yoast_head_json":{"title":"Autodefensa de la mujer \/ autodefensa feminista | La Independent","description":"\u00a0 \u00a0 OPINI\u00d3N La mujer debe defenderse de muchas cosas, como si fuera culpable de alg\u00fan delito ancestral, porque s\u00f3lo los culpables necesitan defenderse. \u00a0","robots":{"index":"index","follow":"follow","max-snippet":"max-snippet:-1","max-image-preview":"max-image-preview:large","max-video-preview":"max-video-preview:-1"},"canonical":"https:\/\/laindependent.cat\/es\/autodefensa-de-la-mujer-autodefensa-feminista\/","og_locale":"es_ES","og_type":"article","og_title":"Autodefensa de la mujer \/ autodefensa feminista | La Independent","og_description":"\u00a0 \u00a0 OPINI\u00d3N La mujer debe defenderse de muchas cosas, como si fuera culpable de alg\u00fan delito ancestral, porque s\u00f3lo los culpables necesitan defenderse. \u00a0","og_url":"https:\/\/laindependent.cat\/es\/autodefensa-de-la-mujer-autodefensa-feminista\/","og_site_name":"La Independent","article_published_time":"2016-04-28T15:26:40+00:00","og_image":[{"url":"https:\/\/laindependent.cat\/wp-content\/uploads\/2016\/04\/dones_reporteres_de_mataro.JPG","type":"","width":"","height":""}],"author":"Drina Ergueta","twitter_card":"summary_large_image","twitter_misc":{"Escrito por":"Drina Ergueta","Tiempo de lectura":"3 minutos"},"schema":{"@context":"https:\/\/schema.org","@graph":[{"@type":"Article","@id":"https:\/\/laindependent.cat\/es\/autodefensa-de-la-mujer-autodefensa-feminista\/#article","isPartOf":{"@id":"https:\/\/laindependent.cat\/es\/autodefensa-de-la-mujer-autodefensa-feminista\/"},"author":{"name":"Drina Ergueta","@id":"https:\/\/laindependent.cat\/es\/#\/schema\/person\/927fe3812d088d7f272fec3d0cbe06bb"},"headline":"Autodefensa de la mujer \/ autodefensa feminista","datePublished":"2016-04-28T15:26:40+00:00","mainEntityOfPage":{"@id":"https:\/\/laindependent.cat\/es\/autodefensa-de-la-mujer-autodefensa-feminista\/"},"wordCount":595,"commentCount":0,"publisher":{"@id":"https:\/\/laindependent.cat\/es\/#organization"},"image":{"@id":"https:\/\/laindependent.cat\/es\/autodefensa-de-la-mujer-autodefensa-feminista\/#primaryimage"},"thumbnailUrl":"https:\/\/laindependent.cat\/wp-content\/uploads\/2016\/04\/dones_reporteres_de_mataro.JPG","keywords":["Reporteres de Matar\u00f3"],"articleSection":["Opini\u00f3n: Empoderamiento y Liderazgo"],"inLanguage":"es","potentialAction":[{"@type":"CommentAction","name":"Comment","target":["https:\/\/laindependent.cat\/es\/autodefensa-de-la-mujer-autodefensa-feminista\/#respond"]}]},{"@type":"WebPage","@id":"https:\/\/laindependent.cat\/es\/autodefensa-de-la-mujer-autodefensa-feminista\/","url":"https:\/\/laindependent.cat\/es\/autodefensa-de-la-mujer-autodefensa-feminista\/","name":"Autodefensa de la mujer \/ autodefensa feminista | La Independent","isPartOf":{"@id":"https:\/\/laindependent.cat\/es\/#website"},"primaryImageOfPage":{"@id":"https:\/\/laindependent.cat\/es\/autodefensa-de-la-mujer-autodefensa-feminista\/#primaryimage"},"image":{"@id":"https:\/\/laindependent.cat\/es\/autodefensa-de-la-mujer-autodefensa-feminista\/#primaryimage"},"thumbnailUrl":"https:\/\/laindependent.cat\/wp-content\/uploads\/2016\/04\/dones_reporteres_de_mataro.JPG","datePublished":"2016-04-28T15:26:40+00:00","description":"\u00a0 \u00a0 OPINI\u00d3N La mujer debe defenderse de muchas cosas, como si fuera culpable de alg\u00fan delito ancestral, porque s\u00f3lo los culpables necesitan defenderse. \u00a0","breadcrumb":{"@id":"https:\/\/laindependent.cat\/es\/autodefensa-de-la-mujer-autodefensa-feminista\/#breadcrumb"},"inLanguage":"es","potentialAction":[{"@type":"ReadAction","target":["https:\/\/laindependent.cat\/es\/autodefensa-de-la-mujer-autodefensa-feminista\/"]}]},{"@type":"ImageObject","inLanguage":"es","@id":"https:\/\/laindependent.cat\/es\/autodefensa-de-la-mujer-autodefensa-feminista\/#primaryimage","url":"https:\/\/laindependent.cat\/wp-content\/uploads\/2016\/04\/dones_reporteres_de_mataro.JPG","contentUrl":"https:\/\/laindependent.cat\/wp-content\/uploads\/2016\/04\/dones_reporteres_de_mataro.JPG","width":220,"height":231},{"@type":"BreadcrumbList","@id":"https:\/\/laindependent.cat\/es\/autodefensa-de-la-mujer-autodefensa-feminista\/#breadcrumb","itemListElement":[{"@type":"ListItem","position":1,"name":"Inici","item":"https:\/\/laindependent.cat\/es\/la-independent\/"},{"@type":"ListItem","position":2,"name":"Opini\u00f3n","item":"https:\/\/laindependent.cat\/es\/tema\/opinion\/"},{"@type":"ListItem","position":3,"name":"Opini\u00f3n: Empoderamiento y Liderazgo","item":"https:\/\/laindependent.cat\/es\/tema\/opinion\/opinion-empoderamiento-y-liderazgo\/"},{"@type":"ListItem","position":4,"name":"Autodefensa de la mujer \/ autodefensa feminista"}]},{"@type":"WebSite","@id":"https:\/\/laindependent.cat\/es\/#website","url":"https:\/\/laindependent.cat\/es\/","name":"La Independent","description":"Ag\u00e8ncia de not\u00edcies amb visi\u00f3 de g\u00e8nere","publisher":{"@id":"https:\/\/laindependent.cat\/es\/#organization"},"alternateName":"Ag\u00e8ncia de not\u00edcies amb visi\u00f3 de g\u00e8nere","potentialAction":[{"@type":"SearchAction","target":{"@type":"EntryPoint","urlTemplate":"https:\/\/laindependent.cat\/es\/?s={search_term_string}"},"query-input":{"@type":"PropertyValueSpecification","valueRequired":true,"valueName":"search_term_string"}}],"inLanguage":"es"},{"@type":"Organization","@id":"https:\/\/laindependent.cat\/es\/#organization","name":"La Independent","alternateName":"Ag\u00e8ncia de not\u00edcies amb visi\u00f3 de g\u00e8nere","url":"https:\/\/laindependent.cat\/es\/","logo":{"@type":"ImageObject","inLanguage":"es","@id":"https:\/\/laindependent.cat\/es\/#\/schema\/logo\/image\/","url":"https:\/\/laindependent.cat\/wp-content\/uploads\/2022\/10\/logo-independent.svg","contentUrl":"https:\/\/laindependent.cat\/wp-content\/uploads\/2022\/10\/logo-independent.svg","width":562,"height":78,"caption":"La Independent"},"image":{"@id":"https:\/\/laindependent.cat\/es\/#\/schema\/logo\/image\/"}},{"@type":"Person","@id":"https:\/\/laindependent.cat\/es\/#\/schema\/person\/927fe3812d088d7f272fec3d0cbe06bb","name":"Drina Ergueta","image":{"@type":"ImageObject","inLanguage":"es","@id":"https:\/\/secure.gravatar.com\/avatar\/0f7159a64394f2cc7cb7c479de39862a11682af83f341aac7f21cb4416b5b8f0?s=96&d=blank&r=g","url":"https:\/\/secure.gravatar.com\/avatar\/0f7159a64394f2cc7cb7c479de39862a11682af83f341aac7f21cb4416b5b8f0?s=96&d=blank&r=g","contentUrl":"https:\/\/secure.gravatar.com\/avatar\/0f7159a64394f2cc7cb7c479de39862a11682af83f341aac7f21cb4416b5b8f0?s=96&d=blank&r=g","caption":"Drina Ergueta"},"description":"Periodista y antrop\u00f3loga. Comunicaci\u00f3n y feminismo son sus temas predilectos desde hace m\u00e1s de una d\u00e9cada. Articulista en medios bolivianos y portales feministas de Espa\u00f1a\/M\u00e9xico.","url":"https:\/\/laindependent.cat\/es\/author\/drina-ergueta\/"}]}},"_links":{"self":[{"href":"https:\/\/laindependent.cat\/es\/wp-json\/wp\/v2\/posts\/63206","targetHints":{"allow":["GET"]}}],"collection":[{"href":"https:\/\/laindependent.cat\/es\/wp-json\/wp\/v2\/posts"}],"about":[{"href":"https:\/\/laindependent.cat\/es\/wp-json\/wp\/v2\/types\/post"}],"author":[{"embeddable":true,"href":"https:\/\/laindependent.cat\/es\/wp-json\/wp\/v2\/users\/87"}],"replies":[{"embeddable":true,"href":"https:\/\/laindependent.cat\/es\/wp-json\/wp\/v2\/comments?post=63206"}],"version-history":[{"count":0,"href":"https:\/\/laindependent.cat\/es\/wp-json\/wp\/v2\/posts\/63206\/revisions"}],"wp:featuredmedia":[{"embeddable":true,"href":"https:\/\/laindependent.cat\/es\/wp-json\/wp\/v2\/media\/32049"}],"wp:attachment":[{"href":"https:\/\/laindependent.cat\/es\/wp-json\/wp\/v2\/media?parent=63206"}],"wp:term":[{"taxonomy":"category","embeddable":true,"href":"https:\/\/laindependent.cat\/es\/wp-json\/wp\/v2\/categories?post=63206"},{"taxonomy":"post_tag","embeddable":true,"href":"https:\/\/laindependent.cat\/es\/wp-json\/wp\/v2\/tags?post=63206"}],"curies":[{"name":"wp","href":"https:\/\/api.w.org\/{rel}","templated":true}]}}