{"id":62189,"date":"2015-10-08T14:26:45","date_gmt":"2015-10-08T12:26:45","guid":{"rendered":"https:\/\/laindependent.cat\/estrategico-y-urgente-erradicar-pobreza-patricia-chemor-ruiz\/"},"modified":"2015-10-08T14:26:45","modified_gmt":"2015-10-08T12:26:45","slug":"estrategico-y-urgente-erradicar-pobreza-patricia-chemor-ruiz","status":"publish","type":"post","link":"https:\/\/laindependent.cat\/es\/estrategico-y-urgente-erradicar-pobreza-patricia-chemor-ruiz\/","title":{"rendered":"Estrat\u00e9gico y urgente erradicar pobreza: Patricia Chemor Ruiz"},"content":{"rendered":"<p><span style=\"text-align: left; font-size: 10pt;\">\u00a0<\/span><\/p>\n<p style=\"text-align: left;\"><span style=\"font-family: 'trebuchet ms', geneva;\"><strong style=\"text-align: left; font-size: 10pt;\"><img decoding=\"async\" class=\"size-full wp-image-31245 lazyload\" style=\"--smush-placeholder-width: 241px; --smush-placeholder-aspect-ratio: 241\/156;display: block; margin-left: auto; margin-right: auto;\" data-src=\"https:\/\/laindependent.cat\/wp-content\/uploads\/2015\/10\/habrota.jpg\" alt=\"habrota\" width=\"241\" height=\"156\" data-srcset=\"https:\/\/laindependent.cat\/wp-content\/uploads\/2015\/10\/habrota.jpg 400w, https:\/\/laindependent.cat\/wp-content\/uploads\/2015\/10\/habrota-300x194.jpg 300w\" data-sizes=\"(max-width: 241px) 100vw, 241px\" src=\"data:image\/svg+xml;base64,PHN2ZyB3aWR0aD0iMSIgaGVpZ2h0PSIxIiB4bWxucz0iaHR0cDovL3d3dy53My5vcmcvMjAwMC9zdmciPjwvc3ZnPg==\" \/><\/strong><\/span><\/p>\n<p style=\"text-align: center;\"><span style=\"font-size: 8pt;\">Foto:revistaamiga.com<\/span><\/p>\n<p style=\"text-align: left;\"><span style=\"font-size: 10pt; font-family: 'trebuchet ms', geneva;\"><strong>Es estrat\u00e9gico erradicar la pobreza y la desigualdad, garantizar los derechos humanos, ponerlos en el centro y atender la econom\u00eda del cuidado, afirm\u00f3 Patricia Chemor Ruiz, Secretaria General del Consejo Nacional de Poblaci\u00f3n (CONAPO), al referirse a los acuerdos de Montevideo 2013, Consenso que plantea 100 medidas para lograr el desarrollo de Am\u00e9rica Latina y El Caribe<\/strong><\/span>.<\/p>\n<p><!--more--><\/p>\n<p style=\"text-align: left;\"><span style=\"font-size: 10pt; font-family: 'trebuchet ms', geneva;\">La funcionaria, presidenta de la Segunda Reuni\u00f3n de la Conferencia Regional sobre Poblaci\u00f3n y Desarrollo de Am\u00e9rica Latina y El Caribe que se celebra en la ciudad de M\u00e9xico, dijo que es impostergable garantizar a la juventud condiciones de vida y urgente atender la situaci\u00f3n de los pueblos ind\u00edgenas.<\/span><\/p>\n<p style=\"text-align: left;\"><span style=\"font-size: 10pt; font-family: 'trebuchet ms', geneva;\">En la regi\u00f3n hay 85 millones de afroamericanos, 44 millones de ind\u00edgenas, 71 millones de personas adultas, 107 millones de ni\u00f1os y ni\u00f1as, 111 millones de adolescentes, 106 millones de j\u00f3venes y 108 millones de migrantes, a\u00f1adi\u00f3 la servidora p\u00fablica.<\/span><\/p>\n<p style=\"text-align: left;\"><span style=\"font-size: 10pt; font-family: 'trebuchet ms', geneva;\">La Secretaria General del CONAPO destac\u00f3 que los acuerdos de Montevideo comprometieron a los gobiernos a eliminar la discriminaci\u00f3n, el racismo y cambiar el rostro de pobreza y desigualdad.<\/span><\/p>\n<p style=\"text-align: left;\"><span style=\"font-size: 10pt; font-family: 'trebuchet ms', geneva;\">Esta reuni\u00f3n, que terminar\u00e1 el jueves pr\u00f3ximo, har\u00e1 un balance de lo conseguido y examinar\u00e1, con una gu\u00eda precisa, como desarrollar pol\u00edticas p\u00fablicas para enfrentar los desaf\u00edos poblacionales.<\/span><\/p>\n<p style=\"text-align: left;\"><span style=\"font-size: 10pt; font-family: 'trebuchet ms', geneva;\">Un aspecto sustantivo es que en los pa\u00edses de la regi\u00f3n se garantice la justicia, el desarrollo libre de la ni\u00f1ez y el empoderamiento de las mujeres.<\/span><\/p>\n<p style=\"text-align: left;\"><span style=\"font-size: 10pt; font-family: 'trebuchet ms', geneva;\">En su momento la vice ministra de Salud de Uruguay, <strong>Cristina Lustemberg,<\/strong> afirm\u00f3 que su pa\u00eds, as\u00ed como Canad\u00e1, tienen las tasas m\u00e1s bajas de mortalidad materna en Am\u00e9rica. Sin embargo, a\u00f1adi\u00f3 que el gobierno de Uruguay enfrenta otros problemas como el envejecimiento, pero han logrado avances en el acceso a los servicios con calidad de salud sexual y reproductiva, y trabajan para eliminar la violencia contra las mujeres y el feminicidio.<\/span><\/p>\n<p style=\"text-align: left;\"><span style=\"font-size: 10pt; font-family: 'trebuchet ms', geneva;\">Como invitada especial, ya que la \u00faltima reuni\u00f3n de Poblaci\u00f3n y Desarrollo se realiz\u00f3 en la capital uruguaya, Montevideo, afirm\u00f3 que es necesario pensar en las ni\u00f1as y los ni\u00f1os, apenas 48 mil nacen cada a\u00f1o en su pa\u00eds, que no tiene m\u00e1s de tres millones y medio de habitantes.<\/span><\/p>\n<p style=\"text-align: left;\"><span style=\"font-size: 10pt; font-family: 'trebuchet ms', geneva;\">Cristina Lustemberg explic\u00f3 que en Uruguay existe un sistema nacional de cuidados, estos asuntos \u2013dijo- habr\u00e1n de examinarse en la reuni\u00f3n iniciada hoy en M\u00e9xico, para que se extiendan en todo el continente.<\/span><\/p>\n<p style=\"text-align: left;\"><span style=\"font-size: 10pt; font-family: 'trebuchet ms', geneva;\">A la inauguraci\u00f3n de esta reuni\u00f3n asistieron ocho secretarios de Estado y una docena de titulares del gabinete ampliado del gobierno de <strong>Enrique Pe\u00f1a Nieto<\/strong>, entre ellas, la presidenta del Instituto Nacional de las Mujeres, <strong>Lorena Cruz S\u00e1nchez<\/strong>, que el jueves coordinar\u00e1 la mesa de g\u00e9nero de esta reuni\u00f3n.<\/span><\/p>\n<p style=\"text-align: left;\">\u00a0<\/p>\n<p style=\"text-align: left;\">\u00a0<\/p>\n","protected":false},"excerpt":{"rendered":"<p>\u00a0 Foto:revistaamiga.com Es estrat\u00e9gico erradicar la pobreza y la desigualdad, garantizar los derechos humanos, ponerlos en el centro y atender la econom\u00eda del cuidado, afirm\u00f3 Patricia Chemor Ruiz, Secretaria General del Consejo Nacional de Poblaci\u00f3n (CONAPO), al referirse a los [&hellip;]<\/p>\n","protected":false},"author":94,"featured_media":31245,"comment_status":"open","ping_status":"","sticky":false,"template":"","format":"standard","meta":{"footnotes":""},"categories":[26590],"tags":[],"class_list":["post-62189","post","type-post","status-publish","format-standard","has-post-thumbnail","hentry","category-derechos-de-los-pueblos"],"yoast_head":"<!-- This site is optimized with the Yoast SEO plugin v27.4 - https:\/\/yoast.com\/product\/yoast-seo-wordpress\/ -->\n<title>Estrat\u00e9gico y urgente erradicar pobreza: Patricia Chemor Ruiz | La Independent<\/title>\n<meta name=\"description\" content=\"\u00a0 Foto:revistaamiga.com Es estrat\u00e9gico erradicar la pobreza y la desigualdad, garantizar los derechos humanos, ponerlos en el centro y atender la econom\u00eda\" \/>\n<meta name=\"robots\" content=\"index, follow, max-snippet:-1, max-image-preview:large, max-video-preview:-1\" \/>\n<link rel=\"canonical\" href=\"https:\/\/laindependent.cat\/es\/estrategico-y-urgente-erradicar-pobreza-patricia-chemor-ruiz\/\" \/>\n<meta property=\"og:locale\" content=\"es_ES\" \/>\n<meta property=\"og:type\" content=\"article\" \/>\n<meta property=\"og:title\" content=\"Estrat\u00e9gico y urgente erradicar pobreza: Patricia Chemor Ruiz | La Independent\" \/>\n<meta property=\"og:description\" content=\"\u00a0 Foto:revistaamiga.com Es estrat\u00e9gico erradicar la pobreza y la desigualdad, garantizar los derechos humanos, ponerlos en el centro y atender la econom\u00eda\" \/>\n<meta property=\"og:url\" content=\"https:\/\/laindependent.cat\/es\/estrategico-y-urgente-erradicar-pobreza-patricia-chemor-ruiz\/\" \/>\n<meta property=\"og:site_name\" content=\"La Independent\" \/>\n<meta property=\"article:published_time\" content=\"2015-10-08T12:26:45+00:00\" \/>\n<meta property=\"og:image\" content=\"https:\/\/laindependent.cat\/wp-content\/uploads\/2015\/10\/habrota.jpg\" \/>\n<meta name=\"author\" content=\"Amada Santos\" \/>\n<meta name=\"twitter:card\" content=\"summary_large_image\" \/>\n<meta name=\"twitter:label1\" content=\"Escrito por\" \/>\n\t<meta name=\"twitter:data1\" content=\"Amada Santos\" \/>\n\t<meta name=\"twitter:label2\" content=\"Tiempo de lectura\" \/>\n\t<meta name=\"twitter:data2\" content=\"2 minutos\" \/>\n<script type=\"application\/ld+json\" class=\"yoast-schema-graph\">{\"@context\":\"https:\\\/\\\/schema.org\",\"@graph\":[{\"@type\":\"Article\",\"@id\":\"https:\\\/\\\/laindependent.cat\\\/es\\\/estrategico-y-urgente-erradicar-pobreza-patricia-chemor-ruiz\\\/#article\",\"isPartOf\":{\"@id\":\"https:\\\/\\\/laindependent.cat\\\/es\\\/estrategico-y-urgente-erradicar-pobreza-patricia-chemor-ruiz\\\/\"},\"author\":{\"name\":\"Amada Santos\",\"@id\":\"https:\\\/\\\/laindependent.cat\\\/es\\\/#\\\/schema\\\/person\\\/c0bbc88d6bb99ffe6206fec7daa8d5f1\"},\"headline\":\"Estrat\u00e9gico y urgente erradicar pobreza: Patricia Chemor Ruiz\",\"datePublished\":\"2015-10-08T12:26:45+00:00\",\"mainEntityOfPage\":{\"@id\":\"https:\\\/\\\/laindependent.cat\\\/es\\\/estrategico-y-urgente-erradicar-pobreza-patricia-chemor-ruiz\\\/\"},\"wordCount\":483,\"commentCount\":0,\"publisher\":{\"@id\":\"https:\\\/\\\/laindependent.cat\\\/es\\\/#organization\"},\"image\":{\"@id\":\"https:\\\/\\\/laindependent.cat\\\/es\\\/estrategico-y-urgente-erradicar-pobreza-patricia-chemor-ruiz\\\/#primaryimage\"},\"thumbnailUrl\":\"https:\\\/\\\/laindependent.cat\\\/wp-content\\\/uploads\\\/2015\\\/10\\\/habrota.jpg\",\"articleSection\":[\"Derechos de los Pueblos\"],\"inLanguage\":\"es\",\"potentialAction\":[{\"@type\":\"CommentAction\",\"name\":\"Comment\",\"target\":[\"https:\\\/\\\/laindependent.cat\\\/es\\\/estrategico-y-urgente-erradicar-pobreza-patricia-chemor-ruiz\\\/#respond\"]}]},{\"@type\":\"WebPage\",\"@id\":\"https:\\\/\\\/laindependent.cat\\\/es\\\/estrategico-y-urgente-erradicar-pobreza-patricia-chemor-ruiz\\\/\",\"url\":\"https:\\\/\\\/laindependent.cat\\\/es\\\/estrategico-y-urgente-erradicar-pobreza-patricia-chemor-ruiz\\\/\",\"name\":\"Estrat\u00e9gico y urgente erradicar pobreza: Patricia Chemor Ruiz | La Independent\",\"isPartOf\":{\"@id\":\"https:\\\/\\\/laindependent.cat\\\/es\\\/#website\"},\"primaryImageOfPage\":{\"@id\":\"https:\\\/\\\/laindependent.cat\\\/es\\\/estrategico-y-urgente-erradicar-pobreza-patricia-chemor-ruiz\\\/#primaryimage\"},\"image\":{\"@id\":\"https:\\\/\\\/laindependent.cat\\\/es\\\/estrategico-y-urgente-erradicar-pobreza-patricia-chemor-ruiz\\\/#primaryimage\"},\"thumbnailUrl\":\"https:\\\/\\\/laindependent.cat\\\/wp-content\\\/uploads\\\/2015\\\/10\\\/habrota.jpg\",\"datePublished\":\"2015-10-08T12:26:45+00:00\",\"description\":\"\u00a0 Foto:revistaamiga.com Es estrat\u00e9gico erradicar la pobreza y la desigualdad, garantizar los derechos humanos, ponerlos en el centro y atender la econom\u00eda\",\"breadcrumb\":{\"@id\":\"https:\\\/\\\/laindependent.cat\\\/es\\\/estrategico-y-urgente-erradicar-pobreza-patricia-chemor-ruiz\\\/#breadcrumb\"},\"inLanguage\":\"es\",\"potentialAction\":[{\"@type\":\"ReadAction\",\"target\":[\"https:\\\/\\\/laindependent.cat\\\/es\\\/estrategico-y-urgente-erradicar-pobreza-patricia-chemor-ruiz\\\/\"]}]},{\"@type\":\"ImageObject\",\"inLanguage\":\"es\",\"@id\":\"https:\\\/\\\/laindependent.cat\\\/es\\\/estrategico-y-urgente-erradicar-pobreza-patricia-chemor-ruiz\\\/#primaryimage\",\"url\":\"https:\\\/\\\/laindependent.cat\\\/wp-content\\\/uploads\\\/2015\\\/10\\\/habrota.jpg\",\"contentUrl\":\"https:\\\/\\\/laindependent.cat\\\/wp-content\\\/uploads\\\/2015\\\/10\\\/habrota.jpg\",\"width\":400,\"height\":259},{\"@type\":\"BreadcrumbList\",\"@id\":\"https:\\\/\\\/laindependent.cat\\\/es\\\/estrategico-y-urgente-erradicar-pobreza-patricia-chemor-ruiz\\\/#breadcrumb\",\"itemListElement\":[{\"@type\":\"ListItem\",\"position\":1,\"name\":\"Inici\",\"item\":\"https:\\\/\\\/laindependent.cat\\\/es\\\/la-independent\\\/\"},{\"@type\":\"ListItem\",\"position\":2,\"name\":\"Desarrollo\",\"item\":\"https:\\\/\\\/laindependent.cat\\\/es\\\/tema\\\/desarrollo\\\/\"},{\"@type\":\"ListItem\",\"position\":3,\"name\":\"Derechos de los Pueblos\",\"item\":\"https:\\\/\\\/laindependent.cat\\\/es\\\/tema\\\/desarrollo\\\/derechos-de-los-pueblos\\\/\"},{\"@type\":\"ListItem\",\"position\":4,\"name\":\"Estrat\u00e9gico y urgente erradicar pobreza: Patricia Chemor Ruiz\"}]},{\"@type\":\"WebSite\",\"@id\":\"https:\\\/\\\/laindependent.cat\\\/es\\\/#website\",\"url\":\"https:\\\/\\\/laindependent.cat\\\/es\\\/\",\"name\":\"La Independent\",\"description\":\"Ag\u00e8ncia de not\u00edcies amb visi\u00f3 de g\u00e8nere\",\"publisher\":{\"@id\":\"https:\\\/\\\/laindependent.cat\\\/es\\\/#organization\"},\"alternateName\":\"Ag\u00e8ncia de not\u00edcies amb visi\u00f3 de g\u00e8nere\",\"potentialAction\":[{\"@type\":\"SearchAction\",\"target\":{\"@type\":\"EntryPoint\",\"urlTemplate\":\"https:\\\/\\\/laindependent.cat\\\/es\\\/?s={search_term_string}\"},\"query-input\":{\"@type\":\"PropertyValueSpecification\",\"valueRequired\":true,\"valueName\":\"search_term_string\"}}],\"inLanguage\":\"es\"},{\"@type\":\"Organization\",\"@id\":\"https:\\\/\\\/laindependent.cat\\\/es\\\/#organization\",\"name\":\"La Independent\",\"alternateName\":\"Ag\u00e8ncia de not\u00edcies amb visi\u00f3 de g\u00e8nere\",\"url\":\"https:\\\/\\\/laindependent.cat\\\/es\\\/\",\"logo\":{\"@type\":\"ImageObject\",\"inLanguage\":\"es\",\"@id\":\"https:\\\/\\\/laindependent.cat\\\/es\\\/#\\\/schema\\\/logo\\\/image\\\/\",\"url\":\"https:\\\/\\\/laindependent.cat\\\/wp-content\\\/uploads\\\/2022\\\/10\\\/logo-independent.svg\",\"contentUrl\":\"https:\\\/\\\/laindependent.cat\\\/wp-content\\\/uploads\\\/2022\\\/10\\\/logo-independent.svg\",\"width\":562,\"height\":78,\"caption\":\"La Independent\"},\"image\":{\"@id\":\"https:\\\/\\\/laindependent.cat\\\/es\\\/#\\\/schema\\\/logo\\\/image\\\/\"}},{\"@type\":\"Person\",\"@id\":\"https:\\\/\\\/laindependent.cat\\\/es\\\/#\\\/schema\\\/person\\\/c0bbc88d6bb99ffe6206fec7daa8d5f1\",\"name\":\"Amada Santos\",\"image\":{\"@type\":\"ImageObject\",\"inLanguage\":\"es\",\"@id\":\"https:\\\/\\\/secure.gravatar.com\\\/avatar\\\/ddc329d5c10903319ef8e7bfda1f33c1798763e44bd30548785c262d0a7d5683?s=96&d=blank&r=g\",\"url\":\"https:\\\/\\\/secure.gravatar.com\\\/avatar\\\/ddc329d5c10903319ef8e7bfda1f33c1798763e44bd30548785c262d0a7d5683?s=96&d=blank&r=g\",\"contentUrl\":\"https:\\\/\\\/secure.gravatar.com\\\/avatar\\\/ddc329d5c10903319ef8e7bfda1f33c1798763e44bd30548785c262d0a7d5683?s=96&d=blank&r=g\",\"caption\":\"Amada Santos\"},\"description\":\"Fotoperiodista i Soci\u00f3loga. Activista Feminista, Defensora DDHH i Cooperant. Presidenta de la XIDPIC.Cat. Co-coordinadora i Editora de La Independent. Coordinadora Internacional a la RIPVG\",\"url\":\"https:\\\/\\\/laindependent.cat\\\/es\\\/author\\\/amada-santos\\\/\"}]}<\/script>\n<!-- \/ Yoast SEO plugin. -->","yoast_head_json":{"title":"Estrat\u00e9gico y urgente erradicar pobreza: Patricia Chemor Ruiz | La Independent","description":"\u00a0 Foto:revistaamiga.com Es estrat\u00e9gico erradicar la pobreza y la desigualdad, garantizar los derechos humanos, ponerlos en el centro y atender la econom\u00eda","robots":{"index":"index","follow":"follow","max-snippet":"max-snippet:-1","max-image-preview":"max-image-preview:large","max-video-preview":"max-video-preview:-1"},"canonical":"https:\/\/laindependent.cat\/es\/estrategico-y-urgente-erradicar-pobreza-patricia-chemor-ruiz\/","og_locale":"es_ES","og_type":"article","og_title":"Estrat\u00e9gico y urgente erradicar pobreza: Patricia Chemor Ruiz | La Independent","og_description":"\u00a0 Foto:revistaamiga.com Es estrat\u00e9gico erradicar la pobreza y la desigualdad, garantizar los derechos humanos, ponerlos en el centro y atender la econom\u00eda","og_url":"https:\/\/laindependent.cat\/es\/estrategico-y-urgente-erradicar-pobreza-patricia-chemor-ruiz\/","og_site_name":"La Independent","article_published_time":"2015-10-08T12:26:45+00:00","og_image":[{"url":"https:\/\/laindependent.cat\/wp-content\/uploads\/2015\/10\/habrota.jpg","type":"","width":"","height":""}],"author":"Amada Santos","twitter_card":"summary_large_image","twitter_misc":{"Escrito por":"Amada Santos","Tiempo de lectura":"2 minutos"},"schema":{"@context":"https:\/\/schema.org","@graph":[{"@type":"Article","@id":"https:\/\/laindependent.cat\/es\/estrategico-y-urgente-erradicar-pobreza-patricia-chemor-ruiz\/#article","isPartOf":{"@id":"https:\/\/laindependent.cat\/es\/estrategico-y-urgente-erradicar-pobreza-patricia-chemor-ruiz\/"},"author":{"name":"Amada Santos","@id":"https:\/\/laindependent.cat\/es\/#\/schema\/person\/c0bbc88d6bb99ffe6206fec7daa8d5f1"},"headline":"Estrat\u00e9gico y urgente erradicar pobreza: Patricia Chemor Ruiz","datePublished":"2015-10-08T12:26:45+00:00","mainEntityOfPage":{"@id":"https:\/\/laindependent.cat\/es\/estrategico-y-urgente-erradicar-pobreza-patricia-chemor-ruiz\/"},"wordCount":483,"commentCount":0,"publisher":{"@id":"https:\/\/laindependent.cat\/es\/#organization"},"image":{"@id":"https:\/\/laindependent.cat\/es\/estrategico-y-urgente-erradicar-pobreza-patricia-chemor-ruiz\/#primaryimage"},"thumbnailUrl":"https:\/\/laindependent.cat\/wp-content\/uploads\/2015\/10\/habrota.jpg","articleSection":["Derechos de los Pueblos"],"inLanguage":"es","potentialAction":[{"@type":"CommentAction","name":"Comment","target":["https:\/\/laindependent.cat\/es\/estrategico-y-urgente-erradicar-pobreza-patricia-chemor-ruiz\/#respond"]}]},{"@type":"WebPage","@id":"https:\/\/laindependent.cat\/es\/estrategico-y-urgente-erradicar-pobreza-patricia-chemor-ruiz\/","url":"https:\/\/laindependent.cat\/es\/estrategico-y-urgente-erradicar-pobreza-patricia-chemor-ruiz\/","name":"Estrat\u00e9gico y urgente erradicar pobreza: Patricia Chemor Ruiz | La Independent","isPartOf":{"@id":"https:\/\/laindependent.cat\/es\/#website"},"primaryImageOfPage":{"@id":"https:\/\/laindependent.cat\/es\/estrategico-y-urgente-erradicar-pobreza-patricia-chemor-ruiz\/#primaryimage"},"image":{"@id":"https:\/\/laindependent.cat\/es\/estrategico-y-urgente-erradicar-pobreza-patricia-chemor-ruiz\/#primaryimage"},"thumbnailUrl":"https:\/\/laindependent.cat\/wp-content\/uploads\/2015\/10\/habrota.jpg","datePublished":"2015-10-08T12:26:45+00:00","description":"\u00a0 Foto:revistaamiga.com Es estrat\u00e9gico erradicar la pobreza y la desigualdad, garantizar los derechos humanos, ponerlos en el centro y atender la econom\u00eda","breadcrumb":{"@id":"https:\/\/laindependent.cat\/es\/estrategico-y-urgente-erradicar-pobreza-patricia-chemor-ruiz\/#breadcrumb"},"inLanguage":"es","potentialAction":[{"@type":"ReadAction","target":["https:\/\/laindependent.cat\/es\/estrategico-y-urgente-erradicar-pobreza-patricia-chemor-ruiz\/"]}]},{"@type":"ImageObject","inLanguage":"es","@id":"https:\/\/laindependent.cat\/es\/estrategico-y-urgente-erradicar-pobreza-patricia-chemor-ruiz\/#primaryimage","url":"https:\/\/laindependent.cat\/wp-content\/uploads\/2015\/10\/habrota.jpg","contentUrl":"https:\/\/laindependent.cat\/wp-content\/uploads\/2015\/10\/habrota.jpg","width":400,"height":259},{"@type":"BreadcrumbList","@id":"https:\/\/laindependent.cat\/es\/estrategico-y-urgente-erradicar-pobreza-patricia-chemor-ruiz\/#breadcrumb","itemListElement":[{"@type":"ListItem","position":1,"name":"Inici","item":"https:\/\/laindependent.cat\/es\/la-independent\/"},{"@type":"ListItem","position":2,"name":"Desarrollo","item":"https:\/\/laindependent.cat\/es\/tema\/desarrollo\/"},{"@type":"ListItem","position":3,"name":"Derechos de los Pueblos","item":"https:\/\/laindependent.cat\/es\/tema\/desarrollo\/derechos-de-los-pueblos\/"},{"@type":"ListItem","position":4,"name":"Estrat\u00e9gico y urgente erradicar pobreza: Patricia Chemor Ruiz"}]},{"@type":"WebSite","@id":"https:\/\/laindependent.cat\/es\/#website","url":"https:\/\/laindependent.cat\/es\/","name":"La Independent","description":"Ag\u00e8ncia de not\u00edcies amb visi\u00f3 de g\u00e8nere","publisher":{"@id":"https:\/\/laindependent.cat\/es\/#organization"},"alternateName":"Ag\u00e8ncia de not\u00edcies amb visi\u00f3 de g\u00e8nere","potentialAction":[{"@type":"SearchAction","target":{"@type":"EntryPoint","urlTemplate":"https:\/\/laindependent.cat\/es\/?s={search_term_string}"},"query-input":{"@type":"PropertyValueSpecification","valueRequired":true,"valueName":"search_term_string"}}],"inLanguage":"es"},{"@type":"Organization","@id":"https:\/\/laindependent.cat\/es\/#organization","name":"La Independent","alternateName":"Ag\u00e8ncia de not\u00edcies amb visi\u00f3 de g\u00e8nere","url":"https:\/\/laindependent.cat\/es\/","logo":{"@type":"ImageObject","inLanguage":"es","@id":"https:\/\/laindependent.cat\/es\/#\/schema\/logo\/image\/","url":"https:\/\/laindependent.cat\/wp-content\/uploads\/2022\/10\/logo-independent.svg","contentUrl":"https:\/\/laindependent.cat\/wp-content\/uploads\/2022\/10\/logo-independent.svg","width":562,"height":78,"caption":"La Independent"},"image":{"@id":"https:\/\/laindependent.cat\/es\/#\/schema\/logo\/image\/"}},{"@type":"Person","@id":"https:\/\/laindependent.cat\/es\/#\/schema\/person\/c0bbc88d6bb99ffe6206fec7daa8d5f1","name":"Amada Santos","image":{"@type":"ImageObject","inLanguage":"es","@id":"https:\/\/secure.gravatar.com\/avatar\/ddc329d5c10903319ef8e7bfda1f33c1798763e44bd30548785c262d0a7d5683?s=96&d=blank&r=g","url":"https:\/\/secure.gravatar.com\/avatar\/ddc329d5c10903319ef8e7bfda1f33c1798763e44bd30548785c262d0a7d5683?s=96&d=blank&r=g","contentUrl":"https:\/\/secure.gravatar.com\/avatar\/ddc329d5c10903319ef8e7bfda1f33c1798763e44bd30548785c262d0a7d5683?s=96&d=blank&r=g","caption":"Amada Santos"},"description":"Fotoperiodista i Soci\u00f3loga. Activista Feminista, Defensora DDHH i Cooperant. Presidenta de la XIDPIC.Cat. Co-coordinadora i Editora de La Independent. Coordinadora Internacional a la RIPVG","url":"https:\/\/laindependent.cat\/es\/author\/amada-santos\/"}]}},"_links":{"self":[{"href":"https:\/\/laindependent.cat\/es\/wp-json\/wp\/v2\/posts\/62189","targetHints":{"allow":["GET"]}}],"collection":[{"href":"https:\/\/laindependent.cat\/es\/wp-json\/wp\/v2\/posts"}],"about":[{"href":"https:\/\/laindependent.cat\/es\/wp-json\/wp\/v2\/types\/post"}],"author":[{"embeddable":true,"href":"https:\/\/laindependent.cat\/es\/wp-json\/wp\/v2\/users\/94"}],"replies":[{"embeddable":true,"href":"https:\/\/laindependent.cat\/es\/wp-json\/wp\/v2\/comments?post=62189"}],"version-history":[{"count":0,"href":"https:\/\/laindependent.cat\/es\/wp-json\/wp\/v2\/posts\/62189\/revisions"}],"wp:featuredmedia":[{"embeddable":true,"href":"https:\/\/laindependent.cat\/es\/wp-json\/wp\/v2\/media\/31245"}],"wp:attachment":[{"href":"https:\/\/laindependent.cat\/es\/wp-json\/wp\/v2\/media?parent=62189"}],"wp:term":[{"taxonomy":"category","embeddable":true,"href":"https:\/\/laindependent.cat\/es\/wp-json\/wp\/v2\/categories?post=62189"},{"taxonomy":"post_tag","embeddable":true,"href":"https:\/\/laindependent.cat\/es\/wp-json\/wp\/v2\/tags?post=62189"}],"curies":[{"name":"wp","href":"https:\/\/api.w.org\/{rel}","templated":true}]}}