{"id":62177,"date":"2015-10-08T11:51:12","date_gmt":"2015-10-08T09:51:12","guid":{"rendered":"https:\/\/laindependent.cat\/barcelona-tamaia-viure-sense-violencia-la-independent-noticies-genere\/"},"modified":"2015-10-08T11:51:12","modified_gmt":"2015-10-08T09:51:12","slug":"barcelona-tamaia-viure-sense-violencia-la-independent-noticies-genere","status":"publish","type":"post","link":"https:\/\/laindependent.cat\/es\/barcelona-tamaia-viure-sense-violencia-la-independent-noticies-genere\/","title":{"rendered":"Barcelona: Tamaia, viure sense viol\u00e8ncia \/ La Independent \/ Not\u00edcies G\u00e8nere"},"content":{"rendered":"<p style=\"text-align: left;\"><strong><span style=\"font-size: 10pt; font-family: 'trebuchet ms', geneva;\">Tamaia t\u00e9 previst impartir cursos de formaci\u00f3* amb un eix princial: Viol\u00e8ncia masclista: Detecci\u00f3, identificaci\u00f3 i intervenci\u00f3 responsable. <br \/><\/span><\/strong><\/p>\n<p style=\"text-align: left;\"><strong><span style=\"font-size: 10pt; font-family: 'trebuchet ms', geneva;\"><span style=\"font-size: 10pt; font-family: 'trebuchet ms',geneva;\">El primer curs tracta de formaci\u00f3 especialitzada i dissenyada amb l&#8217;objectiu d&#8217;oferir un marc de comprensi\u00f3 dels factors que intervenen en la viol\u00e8ncia masclista.<\/span><\/span><\/strong><\/p>\n<p style=\"text-align: left;\">\u00a0<\/p>\n<p style=\"text-align: left;\">\u00a0<\/p>\n<p style=\"text-align: left;\">\u00a0<\/p>\n<p style=\"text-align: left;\">\u00a0<\/p>\n<p style=\"text-align: left;\">\u00a0<\/p>\n<p style=\"text-align: center;\">\n<p style=\"text-align: left;\">\u00a0<\/p>\n<p><!--more--><\/p>\n<p style=\"text-align: left;\"><span style=\"font-size: 10pt; font-family: 'trebuchet ms', geneva;\">En els continguts s&#8217;inclouen: \u00c0mbits, agents i condiciones que faciliten la seva instauraci\u00f3 i consoliden la perpetuaci\u00f3 de la viol\u00e8ncia; Dificultats i eines per a la identificaci\u00f3 i la detecci\u00f3; Com fer una intervenci\u00f3 des de la responsabilitat.<\/span><\/p>\n<p style=\"text-align: left;\"><span style=\"font-size: 10pt; font-family: 'trebuchet ms', geneva;\">El curs est\u00e0 dirigit a totes les persones que intervenen en l&#8217;\u00e0mbit social, ensenyament, salut, oci, i a totes aquelles que per la seva \u00a0professi\u00f3 o formaci\u00f3, senten la necessitat d&#8217;aprofundir en aquest assumpte.<\/span><\/p>\n<p style=\"text-align: left;\">\u00a0<\/p>\n<p style=\"text-align: left;\"><span style=\"font-size: 10pt; font-family: 'trebuchet ms', geneva;\">* El<span style=\"font-size: 8pt;\"><strong><span style=\"font-family: 'trebuchet ms',geneva;\"> proper curs constar\u00e0 de 12 hores, es realitzar\u00e0 al Centre de Cultura de Dones Francesca Bonameison, els dies 16 i 17 d&#8217;octubre.<\/span><\/strong><\/span><\/span><\/p>\n<p style=\"text-align: left;\"><span style=\"font-size: 8pt;\"><a href=\"http:\/\/www.tamaia.org\/ca\/content\/violencia-masclista-deteccio-identificacio-i-intervencio-responsable-0\" target=\"_blank\" rel=\"noopener\"><span style=\"font-family: 'trebuchet ms',geneva;\">programa<\/span><\/a><\/span><\/p>\n","protected":false},"excerpt":{"rendered":"<p>Tamaia t\u00e9 previst impartir cursos de formaci\u00f3* amb un eix princial: Viol\u00e8ncia masclista: Detecci\u00f3, identificaci\u00f3 i intervenci\u00f3 responsable. El primer curs tracta de formaci\u00f3 especialitzada i dissenyada amb l&#8217;objectiu d&#8217;oferir un marc de comprensi\u00f3 dels factors que intervenen en la [&hellip;]<\/p>\n","protected":false},"author":94,"featured_media":31240,"comment_status":"open","ping_status":"","sticky":false,"template":"","format":"standard","meta":{"footnotes":""},"categories":[26470],"tags":[],"class_list":["post-62177","post","type-post","status-publish","format-standard","has-post-thumbnail","hentry","category-violencia-masclista"],"yoast_head":"<!-- This site is optimized with the Yoast SEO plugin v27.4 - https:\/\/yoast.com\/product\/yoast-seo-wordpress\/ -->\n<title>Barcelona: Tamaia, viure sense viol\u00e8ncia \/ La Independent \/ Not\u00edcies G\u00e8nere | La Independent<\/title>\n<meta name=\"description\" content=\"Tamaia, t\u00e9 previst impartir cursos de formacion amb un eix princial: Viol\u00e8ncia masclista: Detecci\u00f3, identificaci\u00f3 i intervenci\u00f3 responsable. Aquest proper curs constar\u00e0 de 12 hores, es realitzar\u00e0 al Centre de Cultura de Dones Francesca Bonameison, els dies 16 i 17 d&#039;octubre.\" \/>\n<meta name=\"robots\" content=\"index, follow, max-snippet:-1, max-image-preview:large, max-video-preview:-1\" \/>\n<link rel=\"canonical\" href=\"https:\/\/laindependent.cat\/es\/barcelona-tamaia-viure-sense-violencia-la-independent-noticies-genere\/\" \/>\n<meta property=\"og:locale\" content=\"es_ES\" \/>\n<meta property=\"og:type\" content=\"article\" \/>\n<meta property=\"og:title\" content=\"Barcelona: Tamaia, viure sense viol\u00e8ncia \/ La Independent \/ Not\u00edcies G\u00e8nere | La Independent\" \/>\n<meta property=\"og:description\" content=\"Tamaia, t\u00e9 previst impartir cursos de formacion amb un eix princial: Viol\u00e8ncia masclista: Detecci\u00f3, identificaci\u00f3 i intervenci\u00f3 responsable. Aquest proper curs constar\u00e0 de 12 hores, es realitzar\u00e0 al Centre de Cultura de Dones Francesca Bonameison, els dies 16 i 17 d&#039;octubre.\" \/>\n<meta property=\"og:url\" content=\"https:\/\/laindependent.cat\/es\/barcelona-tamaia-viure-sense-violencia-la-independent-noticies-genere\/\" \/>\n<meta property=\"og:site_name\" content=\"La Independent\" \/>\n<meta property=\"article:published_time\" content=\"2015-10-08T09:51:12+00:00\" \/>\n<meta property=\"og:image\" content=\"https:\/\/laindependent.cat\/wp-content\/uploads\/2015\/10\/0a7687c3-4d41-4fd9-996d-71131d6e2b2e.jpg\" \/>\n\t<meta property=\"og:image:width\" content=\"280\" \/>\n\t<meta property=\"og:image:height\" content=\"280\" \/>\n\t<meta property=\"og:image:type\" content=\"image\/jpeg\" \/>\n<meta name=\"author\" content=\"Amada Santos\" \/>\n<meta name=\"twitter:card\" content=\"summary_large_image\" \/>\n<meta name=\"twitter:label1\" content=\"Escrito por\" \/>\n\t<meta name=\"twitter:data1\" content=\"Amada Santos\" \/>\n\t<meta name=\"twitter:label2\" content=\"Tiempo de lectura\" \/>\n\t<meta name=\"twitter:data2\" content=\"1 minuto\" \/>\n<script type=\"application\/ld+json\" class=\"yoast-schema-graph\">{\"@context\":\"https:\\\/\\\/schema.org\",\"@graph\":[{\"@type\":\"Article\",\"@id\":\"https:\\\/\\\/laindependent.cat\\\/es\\\/barcelona-tamaia-viure-sense-violencia-la-independent-noticies-genere\\\/#article\",\"isPartOf\":{\"@id\":\"https:\\\/\\\/laindependent.cat\\\/es\\\/barcelona-tamaia-viure-sense-violencia-la-independent-noticies-genere\\\/\"},\"author\":{\"name\":\"Amada Santos\",\"@id\":\"https:\\\/\\\/laindependent.cat\\\/es\\\/#\\\/schema\\\/person\\\/c0bbc88d6bb99ffe6206fec7daa8d5f1\"},\"headline\":\"Barcelona: Tamaia, viure sense viol\u00e8ncia \\\/ La Independent \\\/ Not\u00edcies G\u00e8nere\",\"datePublished\":\"2015-10-08T09:51:12+00:00\",\"mainEntityOfPage\":{\"@id\":\"https:\\\/\\\/laindependent.cat\\\/es\\\/barcelona-tamaia-viure-sense-violencia-la-independent-noticies-genere\\\/\"},\"wordCount\":156,\"commentCount\":0,\"publisher\":{\"@id\":\"https:\\\/\\\/laindependent.cat\\\/es\\\/#organization\"},\"image\":{\"@id\":\"https:\\\/\\\/laindependent.cat\\\/es\\\/barcelona-tamaia-viure-sense-violencia-la-independent-noticies-genere\\\/#primaryimage\"},\"thumbnailUrl\":\"https:\\\/\\\/laindependent.cat\\\/wp-content\\\/uploads\\\/2015\\\/10\\\/0a7687c3-4d41-4fd9-996d-71131d6e2b2e.jpg\",\"articleSection\":[\"Viol\u00e8ncia masclista\"],\"inLanguage\":\"es\",\"potentialAction\":[{\"@type\":\"CommentAction\",\"name\":\"Comment\",\"target\":[\"https:\\\/\\\/laindependent.cat\\\/es\\\/barcelona-tamaia-viure-sense-violencia-la-independent-noticies-genere\\\/#respond\"]}]},{\"@type\":\"WebPage\",\"@id\":\"https:\\\/\\\/laindependent.cat\\\/es\\\/barcelona-tamaia-viure-sense-violencia-la-independent-noticies-genere\\\/\",\"url\":\"https:\\\/\\\/laindependent.cat\\\/es\\\/barcelona-tamaia-viure-sense-violencia-la-independent-noticies-genere\\\/\",\"name\":\"Barcelona: Tamaia, viure sense viol\u00e8ncia \\\/ La Independent \\\/ Not\u00edcies G\u00e8nere | La Independent\",\"isPartOf\":{\"@id\":\"https:\\\/\\\/laindependent.cat\\\/es\\\/#website\"},\"primaryImageOfPage\":{\"@id\":\"https:\\\/\\\/laindependent.cat\\\/es\\\/barcelona-tamaia-viure-sense-violencia-la-independent-noticies-genere\\\/#primaryimage\"},\"image\":{\"@id\":\"https:\\\/\\\/laindependent.cat\\\/es\\\/barcelona-tamaia-viure-sense-violencia-la-independent-noticies-genere\\\/#primaryimage\"},\"thumbnailUrl\":\"https:\\\/\\\/laindependent.cat\\\/wp-content\\\/uploads\\\/2015\\\/10\\\/0a7687c3-4d41-4fd9-996d-71131d6e2b2e.jpg\",\"datePublished\":\"2015-10-08T09:51:12+00:00\",\"description\":\"Tamaia, t\u00e9 previst impartir cursos de formacion amb un eix princial: Viol\u00e8ncia masclista: Detecci\u00f3, identificaci\u00f3 i intervenci\u00f3 responsable. Aquest proper curs constar\u00e0 de 12 hores, es realitzar\u00e0 al Centre de Cultura de Dones Francesca Bonameison, els dies 16 i 17 d'octubre.\",\"breadcrumb\":{\"@id\":\"https:\\\/\\\/laindependent.cat\\\/es\\\/barcelona-tamaia-viure-sense-violencia-la-independent-noticies-genere\\\/#breadcrumb\"},\"inLanguage\":\"es\",\"potentialAction\":[{\"@type\":\"ReadAction\",\"target\":[\"https:\\\/\\\/laindependent.cat\\\/es\\\/barcelona-tamaia-viure-sense-violencia-la-independent-noticies-genere\\\/\"]}]},{\"@type\":\"ImageObject\",\"inLanguage\":\"es\",\"@id\":\"https:\\\/\\\/laindependent.cat\\\/es\\\/barcelona-tamaia-viure-sense-violencia-la-independent-noticies-genere\\\/#primaryimage\",\"url\":\"https:\\\/\\\/laindependent.cat\\\/wp-content\\\/uploads\\\/2015\\\/10\\\/0a7687c3-4d41-4fd9-996d-71131d6e2b2e.jpg\",\"contentUrl\":\"https:\\\/\\\/laindependent.cat\\\/wp-content\\\/uploads\\\/2015\\\/10\\\/0a7687c3-4d41-4fd9-996d-71131d6e2b2e.jpg\",\"width\":280,\"height\":280},{\"@type\":\"BreadcrumbList\",\"@id\":\"https:\\\/\\\/laindependent.cat\\\/es\\\/barcelona-tamaia-viure-sense-violencia-la-independent-noticies-genere\\\/#breadcrumb\",\"itemListElement\":[{\"@type\":\"ListItem\",\"position\":1,\"name\":\"Inici\",\"item\":\"https:\\\/\\\/laindependent.cat\\\/es\\\/la-independent\\\/\"},{\"@type\":\"ListItem\",\"position\":2,\"name\":\"Violencias\",\"item\":\"https:\\\/\\\/laindependent.cat\\\/es\\\/tema\\\/violencias\\\/\"},{\"@type\":\"ListItem\",\"position\":3,\"name\":\"Violencia machista\",\"item\":\"https:\\\/\\\/laindependent.cat\\\/es\\\/tema\\\/violencias\\\/violencia-machista\\\/\"},{\"@type\":\"ListItem\",\"position\":4,\"name\":\"Barcelona: Tamaia, viure sense viol\u00e8ncia \\\/ La Independent \\\/ Not\u00edcies G\u00e8nere\"}]},{\"@type\":\"WebSite\",\"@id\":\"https:\\\/\\\/laindependent.cat\\\/es\\\/#website\",\"url\":\"https:\\\/\\\/laindependent.cat\\\/es\\\/\",\"name\":\"La Independent\",\"description\":\"Ag\u00e8ncia de not\u00edcies amb visi\u00f3 de g\u00e8nere\",\"publisher\":{\"@id\":\"https:\\\/\\\/laindependent.cat\\\/es\\\/#organization\"},\"alternateName\":\"Ag\u00e8ncia de not\u00edcies amb visi\u00f3 de g\u00e8nere\",\"potentialAction\":[{\"@type\":\"SearchAction\",\"target\":{\"@type\":\"EntryPoint\",\"urlTemplate\":\"https:\\\/\\\/laindependent.cat\\\/es\\\/?s={search_term_string}\"},\"query-input\":{\"@type\":\"PropertyValueSpecification\",\"valueRequired\":true,\"valueName\":\"search_term_string\"}}],\"inLanguage\":\"es\"},{\"@type\":\"Organization\",\"@id\":\"https:\\\/\\\/laindependent.cat\\\/es\\\/#organization\",\"name\":\"La Independent\",\"alternateName\":\"Ag\u00e8ncia de not\u00edcies amb visi\u00f3 de g\u00e8nere\",\"url\":\"https:\\\/\\\/laindependent.cat\\\/es\\\/\",\"logo\":{\"@type\":\"ImageObject\",\"inLanguage\":\"es\",\"@id\":\"https:\\\/\\\/laindependent.cat\\\/es\\\/#\\\/schema\\\/logo\\\/image\\\/\",\"url\":\"https:\\\/\\\/laindependent.cat\\\/wp-content\\\/uploads\\\/2022\\\/10\\\/logo-independent.svg\",\"contentUrl\":\"https:\\\/\\\/laindependent.cat\\\/wp-content\\\/uploads\\\/2022\\\/10\\\/logo-independent.svg\",\"width\":562,\"height\":78,\"caption\":\"La Independent\"},\"image\":{\"@id\":\"https:\\\/\\\/laindependent.cat\\\/es\\\/#\\\/schema\\\/logo\\\/image\\\/\"}},{\"@type\":\"Person\",\"@id\":\"https:\\\/\\\/laindependent.cat\\\/es\\\/#\\\/schema\\\/person\\\/c0bbc88d6bb99ffe6206fec7daa8d5f1\",\"name\":\"Amada Santos\",\"image\":{\"@type\":\"ImageObject\",\"inLanguage\":\"es\",\"@id\":\"https:\\\/\\\/secure.gravatar.com\\\/avatar\\\/ddc329d5c10903319ef8e7bfda1f33c1798763e44bd30548785c262d0a7d5683?s=96&d=blank&r=g\",\"url\":\"https:\\\/\\\/secure.gravatar.com\\\/avatar\\\/ddc329d5c10903319ef8e7bfda1f33c1798763e44bd30548785c262d0a7d5683?s=96&d=blank&r=g\",\"contentUrl\":\"https:\\\/\\\/secure.gravatar.com\\\/avatar\\\/ddc329d5c10903319ef8e7bfda1f33c1798763e44bd30548785c262d0a7d5683?s=96&d=blank&r=g\",\"caption\":\"Amada Santos\"},\"description\":\"Fotoperiodista i Soci\u00f3loga. Activista Feminista, Defensora DDHH i Cooperant. Presidenta de la XIDPIC.Cat. Co-coordinadora i Editora de La Independent. Coordinadora Internacional a la RIPVG\",\"url\":\"https:\\\/\\\/laindependent.cat\\\/es\\\/author\\\/amada-santos\\\/\"}]}<\/script>\n<!-- \/ Yoast SEO plugin. -->","yoast_head_json":{"title":"Barcelona: Tamaia, viure sense viol\u00e8ncia \/ La Independent \/ Not\u00edcies G\u00e8nere | La Independent","description":"Tamaia, t\u00e9 previst impartir cursos de formacion amb un eix princial: Viol\u00e8ncia masclista: Detecci\u00f3, identificaci\u00f3 i intervenci\u00f3 responsable. Aquest proper curs constar\u00e0 de 12 hores, es realitzar\u00e0 al Centre de Cultura de Dones Francesca Bonameison, els dies 16 i 17 d'octubre.","robots":{"index":"index","follow":"follow","max-snippet":"max-snippet:-1","max-image-preview":"max-image-preview:large","max-video-preview":"max-video-preview:-1"},"canonical":"https:\/\/laindependent.cat\/es\/barcelona-tamaia-viure-sense-violencia-la-independent-noticies-genere\/","og_locale":"es_ES","og_type":"article","og_title":"Barcelona: Tamaia, viure sense viol\u00e8ncia \/ La Independent \/ Not\u00edcies G\u00e8nere | La Independent","og_description":"Tamaia, t\u00e9 previst impartir cursos de formacion amb un eix princial: Viol\u00e8ncia masclista: Detecci\u00f3, identificaci\u00f3 i intervenci\u00f3 responsable. Aquest proper curs constar\u00e0 de 12 hores, es realitzar\u00e0 al Centre de Cultura de Dones Francesca Bonameison, els dies 16 i 17 d'octubre.","og_url":"https:\/\/laindependent.cat\/es\/barcelona-tamaia-viure-sense-violencia-la-independent-noticies-genere\/","og_site_name":"La Independent","article_published_time":"2015-10-08T09:51:12+00:00","og_image":[{"width":280,"height":280,"url":"https:\/\/laindependent.cat\/wp-content\/uploads\/2015\/10\/0a7687c3-4d41-4fd9-996d-71131d6e2b2e.jpg","type":"image\/jpeg"}],"author":"Amada Santos","twitter_card":"summary_large_image","twitter_misc":{"Escrito por":"Amada Santos","Tiempo de lectura":"1 minuto"},"schema":{"@context":"https:\/\/schema.org","@graph":[{"@type":"Article","@id":"https:\/\/laindependent.cat\/es\/barcelona-tamaia-viure-sense-violencia-la-independent-noticies-genere\/#article","isPartOf":{"@id":"https:\/\/laindependent.cat\/es\/barcelona-tamaia-viure-sense-violencia-la-independent-noticies-genere\/"},"author":{"name":"Amada Santos","@id":"https:\/\/laindependent.cat\/es\/#\/schema\/person\/c0bbc88d6bb99ffe6206fec7daa8d5f1"},"headline":"Barcelona: Tamaia, viure sense viol\u00e8ncia \/ La Independent \/ Not\u00edcies G\u00e8nere","datePublished":"2015-10-08T09:51:12+00:00","mainEntityOfPage":{"@id":"https:\/\/laindependent.cat\/es\/barcelona-tamaia-viure-sense-violencia-la-independent-noticies-genere\/"},"wordCount":156,"commentCount":0,"publisher":{"@id":"https:\/\/laindependent.cat\/es\/#organization"},"image":{"@id":"https:\/\/laindependent.cat\/es\/barcelona-tamaia-viure-sense-violencia-la-independent-noticies-genere\/#primaryimage"},"thumbnailUrl":"https:\/\/laindependent.cat\/wp-content\/uploads\/2015\/10\/0a7687c3-4d41-4fd9-996d-71131d6e2b2e.jpg","articleSection":["Viol\u00e8ncia masclista"],"inLanguage":"es","potentialAction":[{"@type":"CommentAction","name":"Comment","target":["https:\/\/laindependent.cat\/es\/barcelona-tamaia-viure-sense-violencia-la-independent-noticies-genere\/#respond"]}]},{"@type":"WebPage","@id":"https:\/\/laindependent.cat\/es\/barcelona-tamaia-viure-sense-violencia-la-independent-noticies-genere\/","url":"https:\/\/laindependent.cat\/es\/barcelona-tamaia-viure-sense-violencia-la-independent-noticies-genere\/","name":"Barcelona: Tamaia, viure sense viol\u00e8ncia \/ La Independent \/ Not\u00edcies G\u00e8nere | La Independent","isPartOf":{"@id":"https:\/\/laindependent.cat\/es\/#website"},"primaryImageOfPage":{"@id":"https:\/\/laindependent.cat\/es\/barcelona-tamaia-viure-sense-violencia-la-independent-noticies-genere\/#primaryimage"},"image":{"@id":"https:\/\/laindependent.cat\/es\/barcelona-tamaia-viure-sense-violencia-la-independent-noticies-genere\/#primaryimage"},"thumbnailUrl":"https:\/\/laindependent.cat\/wp-content\/uploads\/2015\/10\/0a7687c3-4d41-4fd9-996d-71131d6e2b2e.jpg","datePublished":"2015-10-08T09:51:12+00:00","description":"Tamaia, t\u00e9 previst impartir cursos de formacion amb un eix princial: Viol\u00e8ncia masclista: Detecci\u00f3, identificaci\u00f3 i intervenci\u00f3 responsable. Aquest proper curs constar\u00e0 de 12 hores, es realitzar\u00e0 al Centre de Cultura de Dones Francesca Bonameison, els dies 16 i 17 d'octubre.","breadcrumb":{"@id":"https:\/\/laindependent.cat\/es\/barcelona-tamaia-viure-sense-violencia-la-independent-noticies-genere\/#breadcrumb"},"inLanguage":"es","potentialAction":[{"@type":"ReadAction","target":["https:\/\/laindependent.cat\/es\/barcelona-tamaia-viure-sense-violencia-la-independent-noticies-genere\/"]}]},{"@type":"ImageObject","inLanguage":"es","@id":"https:\/\/laindependent.cat\/es\/barcelona-tamaia-viure-sense-violencia-la-independent-noticies-genere\/#primaryimage","url":"https:\/\/laindependent.cat\/wp-content\/uploads\/2015\/10\/0a7687c3-4d41-4fd9-996d-71131d6e2b2e.jpg","contentUrl":"https:\/\/laindependent.cat\/wp-content\/uploads\/2015\/10\/0a7687c3-4d41-4fd9-996d-71131d6e2b2e.jpg","width":280,"height":280},{"@type":"BreadcrumbList","@id":"https:\/\/laindependent.cat\/es\/barcelona-tamaia-viure-sense-violencia-la-independent-noticies-genere\/#breadcrumb","itemListElement":[{"@type":"ListItem","position":1,"name":"Inici","item":"https:\/\/laindependent.cat\/es\/la-independent\/"},{"@type":"ListItem","position":2,"name":"Violencias","item":"https:\/\/laindependent.cat\/es\/tema\/violencias\/"},{"@type":"ListItem","position":3,"name":"Violencia machista","item":"https:\/\/laindependent.cat\/es\/tema\/violencias\/violencia-machista\/"},{"@type":"ListItem","position":4,"name":"Barcelona: Tamaia, viure sense viol\u00e8ncia \/ La Independent \/ Not\u00edcies G\u00e8nere"}]},{"@type":"WebSite","@id":"https:\/\/laindependent.cat\/es\/#website","url":"https:\/\/laindependent.cat\/es\/","name":"La Independent","description":"Ag\u00e8ncia de not\u00edcies amb visi\u00f3 de g\u00e8nere","publisher":{"@id":"https:\/\/laindependent.cat\/es\/#organization"},"alternateName":"Ag\u00e8ncia de not\u00edcies amb visi\u00f3 de g\u00e8nere","potentialAction":[{"@type":"SearchAction","target":{"@type":"EntryPoint","urlTemplate":"https:\/\/laindependent.cat\/es\/?s={search_term_string}"},"query-input":{"@type":"PropertyValueSpecification","valueRequired":true,"valueName":"search_term_string"}}],"inLanguage":"es"},{"@type":"Organization","@id":"https:\/\/laindependent.cat\/es\/#organization","name":"La Independent","alternateName":"Ag\u00e8ncia de not\u00edcies amb visi\u00f3 de g\u00e8nere","url":"https:\/\/laindependent.cat\/es\/","logo":{"@type":"ImageObject","inLanguage":"es","@id":"https:\/\/laindependent.cat\/es\/#\/schema\/logo\/image\/","url":"https:\/\/laindependent.cat\/wp-content\/uploads\/2022\/10\/logo-independent.svg","contentUrl":"https:\/\/laindependent.cat\/wp-content\/uploads\/2022\/10\/logo-independent.svg","width":562,"height":78,"caption":"La Independent"},"image":{"@id":"https:\/\/laindependent.cat\/es\/#\/schema\/logo\/image\/"}},{"@type":"Person","@id":"https:\/\/laindependent.cat\/es\/#\/schema\/person\/c0bbc88d6bb99ffe6206fec7daa8d5f1","name":"Amada Santos","image":{"@type":"ImageObject","inLanguage":"es","@id":"https:\/\/secure.gravatar.com\/avatar\/ddc329d5c10903319ef8e7bfda1f33c1798763e44bd30548785c262d0a7d5683?s=96&d=blank&r=g","url":"https:\/\/secure.gravatar.com\/avatar\/ddc329d5c10903319ef8e7bfda1f33c1798763e44bd30548785c262d0a7d5683?s=96&d=blank&r=g","contentUrl":"https:\/\/secure.gravatar.com\/avatar\/ddc329d5c10903319ef8e7bfda1f33c1798763e44bd30548785c262d0a7d5683?s=96&d=blank&r=g","caption":"Amada Santos"},"description":"Fotoperiodista i Soci\u00f3loga. Activista Feminista, Defensora DDHH i Cooperant. Presidenta de la XIDPIC.Cat. Co-coordinadora i Editora de La Independent. Coordinadora Internacional a la RIPVG","url":"https:\/\/laindependent.cat\/es\/author\/amada-santos\/"}]}},"_links":{"self":[{"href":"https:\/\/laindependent.cat\/es\/wp-json\/wp\/v2\/posts\/62177","targetHints":{"allow":["GET"]}}],"collection":[{"href":"https:\/\/laindependent.cat\/es\/wp-json\/wp\/v2\/posts"}],"about":[{"href":"https:\/\/laindependent.cat\/es\/wp-json\/wp\/v2\/types\/post"}],"author":[{"embeddable":true,"href":"https:\/\/laindependent.cat\/es\/wp-json\/wp\/v2\/users\/94"}],"replies":[{"embeddable":true,"href":"https:\/\/laindependent.cat\/es\/wp-json\/wp\/v2\/comments?post=62177"}],"version-history":[{"count":0,"href":"https:\/\/laindependent.cat\/es\/wp-json\/wp\/v2\/posts\/62177\/revisions"}],"wp:featuredmedia":[{"embeddable":true,"href":"https:\/\/laindependent.cat\/es\/wp-json\/wp\/v2\/media\/31240"}],"wp:attachment":[{"href":"https:\/\/laindependent.cat\/es\/wp-json\/wp\/v2\/media?parent=62177"}],"wp:term":[{"taxonomy":"category","embeddable":true,"href":"https:\/\/laindependent.cat\/es\/wp-json\/wp\/v2\/categories?post=62177"},{"taxonomy":"post_tag","embeddable":true,"href":"https:\/\/laindependent.cat\/es\/wp-json\/wp\/v2\/tags?post=62177"}],"curies":[{"name":"wp","href":"https:\/\/api.w.org\/{rel}","templated":true}]}}