{"id":62057,"date":"2015-09-16T01:00:00","date_gmt":"2015-09-15T23:00:00","guid":{"rendered":"https:\/\/laindependent.cat\/catalunya-el-concurs-re-imaginat-duplica-els-premis-en-la-seva-7o-edicio-la-independent-noticies-genere-2\/"},"modified":"2015-09-16T01:00:00","modified_gmt":"2015-09-15T23:00:00","slug":"catalunya-el-concurs-re-imaginat-duplica-els-premis-en-la-seva-7o-edicio-la-independent-noticies-genere-2","status":"publish","type":"post","link":"https:\/\/laindependent.cat\/es\/catalunya-el-concurs-re-imaginat-duplica-els-premis-en-la-seva-7o-edicio-la-independent-noticies-genere-2\/","title":{"rendered":"Catalunya: El concurs (RE) Imagina&#8217;t duplica els premis en la seva 7\u00aa edici\u00f3 \/ La Independent \/ Not\u00edcies g\u00e8nere"},"content":{"rendered":"<p>No hay traducci\u00f3n disponible<\/p>\n<p style=\"text-align: left;\"><strong><span style=\"font-family: trebuchet ms,geneva; font-size: 10pt;\"><span style=\"font-family: trebuchet ms,geneva; font-size: 10pt;\">(RE) Imagina&#8217;t \u00e9s un projecte educatiu que t\u00e9 la finalitat d&#8217;afavorir un \u00fas no sexista ni androc\u00e8ntric del llenguatge audiovisual, mitjan\u00e7ant l&#8217;elaboraci\u00f3 de guions i la realitzaci\u00f3 d&#8217;espots no sexistes. <\/span>El concurs*, s&#8217;adre\u00e7a a nois i noies de 14 a 18 anys i pot participar-hi l&#8217;alumnat dels centres o els grups d&#8217;educaci\u00f3 en el lleure de les poblacions que formen part de l&#8217;Observatori de les Dones als Mitjans de Comunicaci\u00f3. Aquest curs 2015-2016 s&#8217;atorgaran tamb\u00e9 premis als millors espots realitzats, a banda dels<span style=\"font-family: trebuchet ms,geneva; font-size: 10pt;\"> premis als millors guions presentats.<\/span><\/span><\/strong><\/p>\n<p style=\"text-align: left;\">\u00a0<\/p>\n<p style=\"text-align: left;\"><span style=\"font-family: trebuchet ms,geneva; font-size: 10pt;\"><span style=\"font-family: trebuchet ms,geneva; font-size: 10pt;\"><img decoding=\"async\" class=\"size-full wp-image-60244 lazyload\" style=\"--smush-placeholder-width: 182px; --smush-placeholder-aspect-ratio: 182\/118;display: block; margin-left: auto; margin-right: auto;\" data-src=\"https:\/\/laindependent.cat\/wp-content\/uploads\/2014\/05\/logo_observatori.gif\" alt=\"Logo Observatori\" width=\"182\" height=\"118\" src=\"data:image\/svg+xml;base64,PHN2ZyB3aWR0aD0iMSIgaGVpZ2h0PSIxIiB4bWxucz0iaHR0cDovL3d3dy53My5vcmcvMjAwMC9zdmciPjwvc3ZnPg==\" \/><\/span><\/span><\/p>\n<p style=\"text-align: left;\">\u00a0<\/p>\n<p><!--more--><\/p>\n<p style=\"text-align: left;\"><span style=\"font-family: trebuchet ms,geneva; font-size: 10pt;\">En la seva darrera edici\u00f3 van participar-hi 714 alumnes de 28 centres educatius.<\/span><\/p>\n<p><span style=\"font-family: trebuchet ms,geneva; font-size: 10pt;\">Amb la nova modalitat s&#8217;atorgaran un total de 8 premis repartits en dues categories:<\/span><br \/><span style=\"font-family: trebuchet ms,geneva; font-size: 10pt;\">Grups de nois i noies de 14 a 16 anys i <\/span><span style=\"font-family: trebuchet ms,geneva; font-size: 10pt;\">Grups de nois i noies de 17 i 18 anys<\/span><\/p>\n<p style=\"text-align: left;\"><span style=\"font-family: trebuchet ms,geneva; font-size: 10pt;\"><span style=\"font-family: trebuchet ms,geneva; font-size: 10pt;\">Podeu consultar les <a href=\"http:\/\/www.observatoridelesdones.org\" target=\"_blank\" rel=\"noopener\">bases<\/a><br \/><\/span><\/span><\/p>\n<p style=\"text-align: left;\"><strong><span style=\"font-family: trebuchet ms,geneva; font-size: 8pt;\">*El termini per a la inscripci\u00f3 finalitza el 13 de novembre de 2015.<\/span><\/strong><\/p>\n<p style=\"text-align: left;\"><strong><span style=\"font-family: trebuchet ms,geneva; font-size: 8pt;\">C<span style=\"font-family: trebuchet ms,geneva;\">ol\u2022laboren: Televisi\u00f3 de Catalunya i de la Facultat de Comunicaci\u00f3 i Relacions Internacionals Blanquerna.<\/span><\/span><\/strong><\/p>\n","protected":false},"excerpt":{"rendered":"<p>No hay traducci\u00f3n disponible (RE) Imagina&#8217;t \u00e9s un projecte educatiu que t\u00e9 la finalitat d&#8217;afavorir un \u00fas no sexista ni androc\u00e8ntric del llenguatge audiovisual, mitjan\u00e7ant l&#8217;elaboraci\u00f3 de guions i la realitzaci\u00f3 d&#8217;espots no sexistes. El concurs*, s&#8217;adre\u00e7a a nois i [&hellip;]<\/p>\n","protected":false},"author":72,"featured_media":60244,"comment_status":"open","ping_status":"","sticky":false,"template":"","format":"standard","meta":{"footnotes":""},"categories":[26696],"tags":[36263,36265,36264,36266],"class_list":["post-62057","post","type-post","status-publish","format-standard","has-post-thumbnail","hentry","category-publicidad","tag-re-imaginat","tag-guions","tag-observatori-dones-mitjans-comunicacio","tag-spots"],"yoast_head":"<!-- This site is optimized with the Yoast SEO plugin v27.4 - https:\/\/yoast.com\/product\/yoast-seo-wordpress\/ -->\n<title>Catalunya: El concurs (RE) Imagina&#039;t duplica els premis en la seva 7\u00aa edici\u00f3 \/ La Independent \/ Not\u00edcies g\u00e8nere | La Independent<\/title>\n<meta name=\"description\" content=\"No hay traducci\u00f3n disponible (RE) Imagina&#039;t \u00e9s un projecte educatiu que t\u00e9 la finalitat d&#039;afavorir un \u00fas no sexista ni androc\u00e8ntric del llenguatge\" \/>\n<meta name=\"robots\" content=\"index, follow, max-snippet:-1, max-image-preview:large, max-video-preview:-1\" \/>\n<link rel=\"canonical\" href=\"https:\/\/laindependent.cat\/es\/catalunya-el-concurs-re-imaginat-duplica-els-premis-en-la-seva-7o-edicio-la-independent-noticies-genere-2\/\" \/>\n<meta property=\"og:locale\" content=\"es_ES\" \/>\n<meta property=\"og:type\" content=\"article\" \/>\n<meta property=\"og:title\" content=\"Catalunya: El concurs (RE) Imagina&#039;t duplica els premis en la seva 7\u00aa edici\u00f3 \/ La Independent \/ Not\u00edcies g\u00e8nere | La Independent\" \/>\n<meta property=\"og:description\" content=\"No hay traducci\u00f3n disponible (RE) Imagina&#039;t \u00e9s un projecte educatiu que t\u00e9 la finalitat d&#039;afavorir un \u00fas no sexista ni androc\u00e8ntric del llenguatge\" \/>\n<meta property=\"og:url\" content=\"https:\/\/laindependent.cat\/es\/catalunya-el-concurs-re-imaginat-duplica-els-premis-en-la-seva-7o-edicio-la-independent-noticies-genere-2\/\" \/>\n<meta property=\"og:site_name\" content=\"La Independent\" \/>\n<meta property=\"article:author\" content=\"https:\/\/www.facebook.com\/tona.gusi\" \/>\n<meta property=\"article:published_time\" content=\"2015-09-15T23:00:00+00:00\" \/>\n<meta property=\"og:image\" content=\"https:\/\/laindependent.cat\/wp-content\/uploads\/2014\/05\/logo_observatori.gif\" \/>\n<meta name=\"author\" content=\"Tona Gusi\" \/>\n<meta name=\"twitter:card\" content=\"summary_large_image\" \/>\n<meta name=\"twitter:creator\" content=\"@https:\/\/twitter.com\/tonagusi\" \/>\n<meta name=\"twitter:label1\" content=\"Escrito por\" \/>\n\t<meta name=\"twitter:data1\" content=\"Tona Gusi\" \/>\n\t<meta name=\"twitter:label2\" content=\"Tiempo de lectura\" \/>\n\t<meta name=\"twitter:data2\" content=\"1 minuto\" \/>\n<script type=\"application\/ld+json\" class=\"yoast-schema-graph\">{\"@context\":\"https:\\\/\\\/schema.org\",\"@graph\":[{\"@type\":\"Article\",\"@id\":\"https:\\\/\\\/laindependent.cat\\\/es\\\/catalunya-el-concurs-re-imaginat-duplica-els-premis-en-la-seva-7o-edicio-la-independent-noticies-genere-2\\\/#article\",\"isPartOf\":{\"@id\":\"https:\\\/\\\/laindependent.cat\\\/es\\\/catalunya-el-concurs-re-imaginat-duplica-els-premis-en-la-seva-7o-edicio-la-independent-noticies-genere-2\\\/\"},\"author\":{\"name\":\"Tona Gusi\",\"@id\":\"https:\\\/\\\/laindependent.cat\\\/es\\\/#\\\/schema\\\/person\\\/48977a569b250ff82a4929194239bcc9\"},\"headline\":\"Catalunya: El concurs (RE) Imagina&#8217;t duplica els premis en la seva 7\u00aa edici\u00f3 \\\/ La Independent \\\/ Not\u00edcies g\u00e8nere\",\"datePublished\":\"2015-09-15T23:00:00+00:00\",\"mainEntityOfPage\":{\"@id\":\"https:\\\/\\\/laindependent.cat\\\/es\\\/catalunya-el-concurs-re-imaginat-duplica-els-premis-en-la-seva-7o-edicio-la-independent-noticies-genere-2\\\/\"},\"wordCount\":194,\"commentCount\":0,\"publisher\":{\"@id\":\"https:\\\/\\\/laindependent.cat\\\/es\\\/#organization\"},\"image\":{\"@id\":\"https:\\\/\\\/laindependent.cat\\\/es\\\/catalunya-el-concurs-re-imaginat-duplica-els-premis-en-la-seva-7o-edicio-la-independent-noticies-genere-2\\\/#primaryimage\"},\"thumbnailUrl\":\"https:\\\/\\\/laindependent.cat\\\/wp-content\\\/uploads\\\/2014\\\/05\\\/logo_observatori.gif\",\"keywords\":[\"(RE) Imagina't\",\"guions\",\"Observatori Dones Mitjans Comunicaci\u00f3\",\"spots\"],\"articleSection\":[\"Publicidad\"],\"inLanguage\":\"es\",\"potentialAction\":[{\"@type\":\"CommentAction\",\"name\":\"Comment\",\"target\":[\"https:\\\/\\\/laindependent.cat\\\/es\\\/catalunya-el-concurs-re-imaginat-duplica-els-premis-en-la-seva-7o-edicio-la-independent-noticies-genere-2\\\/#respond\"]}]},{\"@type\":\"WebPage\",\"@id\":\"https:\\\/\\\/laindependent.cat\\\/es\\\/catalunya-el-concurs-re-imaginat-duplica-els-premis-en-la-seva-7o-edicio-la-independent-noticies-genere-2\\\/\",\"url\":\"https:\\\/\\\/laindependent.cat\\\/es\\\/catalunya-el-concurs-re-imaginat-duplica-els-premis-en-la-seva-7o-edicio-la-independent-noticies-genere-2\\\/\",\"name\":\"Catalunya: El concurs (RE) Imagina't duplica els premis en la seva 7\u00aa edici\u00f3 \\\/ La Independent \\\/ Not\u00edcies g\u00e8nere | La Independent\",\"isPartOf\":{\"@id\":\"https:\\\/\\\/laindependent.cat\\\/es\\\/#website\"},\"primaryImageOfPage\":{\"@id\":\"https:\\\/\\\/laindependent.cat\\\/es\\\/catalunya-el-concurs-re-imaginat-duplica-els-premis-en-la-seva-7o-edicio-la-independent-noticies-genere-2\\\/#primaryimage\"},\"image\":{\"@id\":\"https:\\\/\\\/laindependent.cat\\\/es\\\/catalunya-el-concurs-re-imaginat-duplica-els-premis-en-la-seva-7o-edicio-la-independent-noticies-genere-2\\\/#primaryimage\"},\"thumbnailUrl\":\"https:\\\/\\\/laindependent.cat\\\/wp-content\\\/uploads\\\/2014\\\/05\\\/logo_observatori.gif\",\"datePublished\":\"2015-09-15T23:00:00+00:00\",\"description\":\"No hay traducci\u00f3n disponible (RE) Imagina't \u00e9s un projecte educatiu que t\u00e9 la finalitat d'afavorir un \u00fas no sexista ni androc\u00e8ntric del llenguatge\",\"breadcrumb\":{\"@id\":\"https:\\\/\\\/laindependent.cat\\\/es\\\/catalunya-el-concurs-re-imaginat-duplica-els-premis-en-la-seva-7o-edicio-la-independent-noticies-genere-2\\\/#breadcrumb\"},\"inLanguage\":\"es\",\"potentialAction\":[{\"@type\":\"ReadAction\",\"target\":[\"https:\\\/\\\/laindependent.cat\\\/es\\\/catalunya-el-concurs-re-imaginat-duplica-els-premis-en-la-seva-7o-edicio-la-independent-noticies-genere-2\\\/\"]}]},{\"@type\":\"ImageObject\",\"inLanguage\":\"es\",\"@id\":\"https:\\\/\\\/laindependent.cat\\\/es\\\/catalunya-el-concurs-re-imaginat-duplica-els-premis-en-la-seva-7o-edicio-la-independent-noticies-genere-2\\\/#primaryimage\",\"url\":\"https:\\\/\\\/laindependent.cat\\\/wp-content\\\/uploads\\\/2014\\\/05\\\/logo_observatori.gif\",\"contentUrl\":\"https:\\\/\\\/laindependent.cat\\\/wp-content\\\/uploads\\\/2014\\\/05\\\/logo_observatori.gif\",\"width\":182,\"height\":118,\"caption\":\"Logo Observatori\"},{\"@type\":\"BreadcrumbList\",\"@id\":\"https:\\\/\\\/laindependent.cat\\\/es\\\/catalunya-el-concurs-re-imaginat-duplica-els-premis-en-la-seva-7o-edicio-la-independent-noticies-genere-2\\\/#breadcrumb\",\"itemListElement\":[{\"@type\":\"ListItem\",\"position\":1,\"name\":\"Inici\",\"item\":\"https:\\\/\\\/laindependent.cat\\\/es\\\/la-independent\\\/\"},{\"@type\":\"ListItem\",\"position\":2,\"name\":\"Comunicaci\u00f3n - TICS - Publicidad\",\"item\":\"https:\\\/\\\/laindependent.cat\\\/es\\\/tema\\\/comunicacion-tics-publicidad\\\/\"},{\"@type\":\"ListItem\",\"position\":3,\"name\":\"Publicidad\",\"item\":\"https:\\\/\\\/laindependent.cat\\\/es\\\/tema\\\/comunicacion-tics-publicidad\\\/publicidad\\\/\"},{\"@type\":\"ListItem\",\"position\":4,\"name\":\"Catalunya: El concurs (RE) Imagina&#8217;t duplica els premis en la seva 7\u00aa edici\u00f3 \\\/ La Independent \\\/ Not\u00edcies g\u00e8nere\"}]},{\"@type\":\"WebSite\",\"@id\":\"https:\\\/\\\/laindependent.cat\\\/es\\\/#website\",\"url\":\"https:\\\/\\\/laindependent.cat\\\/es\\\/\",\"name\":\"La Independent\",\"description\":\"Ag\u00e8ncia de not\u00edcies amb visi\u00f3 de g\u00e8nere\",\"publisher\":{\"@id\":\"https:\\\/\\\/laindependent.cat\\\/es\\\/#organization\"},\"alternateName\":\"Ag\u00e8ncia de not\u00edcies amb visi\u00f3 de g\u00e8nere\",\"potentialAction\":[{\"@type\":\"SearchAction\",\"target\":{\"@type\":\"EntryPoint\",\"urlTemplate\":\"https:\\\/\\\/laindependent.cat\\\/es\\\/?s={search_term_string}\"},\"query-input\":{\"@type\":\"PropertyValueSpecification\",\"valueRequired\":true,\"valueName\":\"search_term_string\"}}],\"inLanguage\":\"es\"},{\"@type\":\"Organization\",\"@id\":\"https:\\\/\\\/laindependent.cat\\\/es\\\/#organization\",\"name\":\"La Independent\",\"alternateName\":\"Ag\u00e8ncia de not\u00edcies amb visi\u00f3 de g\u00e8nere\",\"url\":\"https:\\\/\\\/laindependent.cat\\\/es\\\/\",\"logo\":{\"@type\":\"ImageObject\",\"inLanguage\":\"es\",\"@id\":\"https:\\\/\\\/laindependent.cat\\\/es\\\/#\\\/schema\\\/logo\\\/image\\\/\",\"url\":\"https:\\\/\\\/laindependent.cat\\\/wp-content\\\/uploads\\\/2022\\\/10\\\/logo-independent.svg\",\"contentUrl\":\"https:\\\/\\\/laindependent.cat\\\/wp-content\\\/uploads\\\/2022\\\/10\\\/logo-independent.svg\",\"width\":562,\"height\":78,\"caption\":\"La Independent\"},\"image\":{\"@id\":\"https:\\\/\\\/laindependent.cat\\\/es\\\/#\\\/schema\\\/logo\\\/image\\\/\"}},{\"@type\":\"Person\",\"@id\":\"https:\\\/\\\/laindependent.cat\\\/es\\\/#\\\/schema\\\/person\\\/48977a569b250ff82a4929194239bcc9\",\"name\":\"Tona Gusi\",\"image\":{\"@type\":\"ImageObject\",\"inLanguage\":\"es\",\"@id\":\"https:\\\/\\\/secure.gravatar.com\\\/avatar\\\/d09891f52233d2ed7c2e066fc06640e576202983bf7f713e372185f035ac5f67?s=96&d=blank&r=g\",\"url\":\"https:\\\/\\\/secure.gravatar.com\\\/avatar\\\/d09891f52233d2ed7c2e066fc06640e576202983bf7f713e372185f035ac5f67?s=96&d=blank&r=g\",\"contentUrl\":\"https:\\\/\\\/secure.gravatar.com\\\/avatar\\\/d09891f52233d2ed7c2e066fc06640e576202983bf7f713e372185f035ac5f67?s=96&d=blank&r=g\",\"caption\":\"Tona Gusi\"},\"description\":\"Fundadora i Co-coordinadora de La Independent. Tamb\u00e9 \u00e9s psic\u00f2loga menci\u00f3 en Psicologia d'Intervenci\u00f3 Cl\u00ednica i menci\u00f3 en Psicologia del Treball i les Organitzacions.\",\"sameAs\":[\"https:\\\/\\\/www.facebook.com\\\/tona.gusi\",\"https:\\\/\\\/x.com\\\/https:\\\/\\\/twitter.com\\\/tonagusi\"],\"url\":\"https:\\\/\\\/laindependent.cat\\\/es\\\/author\\\/tona-gusi\\\/\"}]}<\/script>\n<!-- \/ Yoast SEO plugin. -->","yoast_head_json":{"title":"Catalunya: El concurs (RE) Imagina't duplica els premis en la seva 7\u00aa edici\u00f3 \/ La Independent \/ Not\u00edcies g\u00e8nere | La Independent","description":"No hay traducci\u00f3n disponible (RE) Imagina't \u00e9s un projecte educatiu que t\u00e9 la finalitat d'afavorir un \u00fas no sexista ni androc\u00e8ntric del llenguatge","robots":{"index":"index","follow":"follow","max-snippet":"max-snippet:-1","max-image-preview":"max-image-preview:large","max-video-preview":"max-video-preview:-1"},"canonical":"https:\/\/laindependent.cat\/es\/catalunya-el-concurs-re-imaginat-duplica-els-premis-en-la-seva-7o-edicio-la-independent-noticies-genere-2\/","og_locale":"es_ES","og_type":"article","og_title":"Catalunya: El concurs (RE) Imagina't duplica els premis en la seva 7\u00aa edici\u00f3 \/ La Independent \/ Not\u00edcies g\u00e8nere | La Independent","og_description":"No hay traducci\u00f3n disponible (RE) Imagina't \u00e9s un projecte educatiu que t\u00e9 la finalitat d'afavorir un \u00fas no sexista ni androc\u00e8ntric del llenguatge","og_url":"https:\/\/laindependent.cat\/es\/catalunya-el-concurs-re-imaginat-duplica-els-premis-en-la-seva-7o-edicio-la-independent-noticies-genere-2\/","og_site_name":"La Independent","article_author":"https:\/\/www.facebook.com\/tona.gusi","article_published_time":"2015-09-15T23:00:00+00:00","og_image":[{"url":"https:\/\/laindependent.cat\/wp-content\/uploads\/2014\/05\/logo_observatori.gif","type":"","width":"","height":""}],"author":"Tona Gusi","twitter_card":"summary_large_image","twitter_creator":"@https:\/\/twitter.com\/tonagusi","twitter_misc":{"Escrito por":"Tona Gusi","Tiempo de lectura":"1 minuto"},"schema":{"@context":"https:\/\/schema.org","@graph":[{"@type":"Article","@id":"https:\/\/laindependent.cat\/es\/catalunya-el-concurs-re-imaginat-duplica-els-premis-en-la-seva-7o-edicio-la-independent-noticies-genere-2\/#article","isPartOf":{"@id":"https:\/\/laindependent.cat\/es\/catalunya-el-concurs-re-imaginat-duplica-els-premis-en-la-seva-7o-edicio-la-independent-noticies-genere-2\/"},"author":{"name":"Tona Gusi","@id":"https:\/\/laindependent.cat\/es\/#\/schema\/person\/48977a569b250ff82a4929194239bcc9"},"headline":"Catalunya: El concurs (RE) Imagina&#8217;t duplica els premis en la seva 7\u00aa edici\u00f3 \/ La Independent \/ Not\u00edcies g\u00e8nere","datePublished":"2015-09-15T23:00:00+00:00","mainEntityOfPage":{"@id":"https:\/\/laindependent.cat\/es\/catalunya-el-concurs-re-imaginat-duplica-els-premis-en-la-seva-7o-edicio-la-independent-noticies-genere-2\/"},"wordCount":194,"commentCount":0,"publisher":{"@id":"https:\/\/laindependent.cat\/es\/#organization"},"image":{"@id":"https:\/\/laindependent.cat\/es\/catalunya-el-concurs-re-imaginat-duplica-els-premis-en-la-seva-7o-edicio-la-independent-noticies-genere-2\/#primaryimage"},"thumbnailUrl":"https:\/\/laindependent.cat\/wp-content\/uploads\/2014\/05\/logo_observatori.gif","keywords":["(RE) Imagina't","guions","Observatori Dones Mitjans Comunicaci\u00f3","spots"],"articleSection":["Publicidad"],"inLanguage":"es","potentialAction":[{"@type":"CommentAction","name":"Comment","target":["https:\/\/laindependent.cat\/es\/catalunya-el-concurs-re-imaginat-duplica-els-premis-en-la-seva-7o-edicio-la-independent-noticies-genere-2\/#respond"]}]},{"@type":"WebPage","@id":"https:\/\/laindependent.cat\/es\/catalunya-el-concurs-re-imaginat-duplica-els-premis-en-la-seva-7o-edicio-la-independent-noticies-genere-2\/","url":"https:\/\/laindependent.cat\/es\/catalunya-el-concurs-re-imaginat-duplica-els-premis-en-la-seva-7o-edicio-la-independent-noticies-genere-2\/","name":"Catalunya: El concurs (RE) Imagina't duplica els premis en la seva 7\u00aa edici\u00f3 \/ La Independent \/ Not\u00edcies g\u00e8nere | La Independent","isPartOf":{"@id":"https:\/\/laindependent.cat\/es\/#website"},"primaryImageOfPage":{"@id":"https:\/\/laindependent.cat\/es\/catalunya-el-concurs-re-imaginat-duplica-els-premis-en-la-seva-7o-edicio-la-independent-noticies-genere-2\/#primaryimage"},"image":{"@id":"https:\/\/laindependent.cat\/es\/catalunya-el-concurs-re-imaginat-duplica-els-premis-en-la-seva-7o-edicio-la-independent-noticies-genere-2\/#primaryimage"},"thumbnailUrl":"https:\/\/laindependent.cat\/wp-content\/uploads\/2014\/05\/logo_observatori.gif","datePublished":"2015-09-15T23:00:00+00:00","description":"No hay traducci\u00f3n disponible (RE) Imagina't \u00e9s un projecte educatiu que t\u00e9 la finalitat d'afavorir un \u00fas no sexista ni androc\u00e8ntric del llenguatge","breadcrumb":{"@id":"https:\/\/laindependent.cat\/es\/catalunya-el-concurs-re-imaginat-duplica-els-premis-en-la-seva-7o-edicio-la-independent-noticies-genere-2\/#breadcrumb"},"inLanguage":"es","potentialAction":[{"@type":"ReadAction","target":["https:\/\/laindependent.cat\/es\/catalunya-el-concurs-re-imaginat-duplica-els-premis-en-la-seva-7o-edicio-la-independent-noticies-genere-2\/"]}]},{"@type":"ImageObject","inLanguage":"es","@id":"https:\/\/laindependent.cat\/es\/catalunya-el-concurs-re-imaginat-duplica-els-premis-en-la-seva-7o-edicio-la-independent-noticies-genere-2\/#primaryimage","url":"https:\/\/laindependent.cat\/wp-content\/uploads\/2014\/05\/logo_observatori.gif","contentUrl":"https:\/\/laindependent.cat\/wp-content\/uploads\/2014\/05\/logo_observatori.gif","width":182,"height":118,"caption":"Logo Observatori"},{"@type":"BreadcrumbList","@id":"https:\/\/laindependent.cat\/es\/catalunya-el-concurs-re-imaginat-duplica-els-premis-en-la-seva-7o-edicio-la-independent-noticies-genere-2\/#breadcrumb","itemListElement":[{"@type":"ListItem","position":1,"name":"Inici","item":"https:\/\/laindependent.cat\/es\/la-independent\/"},{"@type":"ListItem","position":2,"name":"Comunicaci\u00f3n - TICS - Publicidad","item":"https:\/\/laindependent.cat\/es\/tema\/comunicacion-tics-publicidad\/"},{"@type":"ListItem","position":3,"name":"Publicidad","item":"https:\/\/laindependent.cat\/es\/tema\/comunicacion-tics-publicidad\/publicidad\/"},{"@type":"ListItem","position":4,"name":"Catalunya: El concurs (RE) Imagina&#8217;t duplica els premis en la seva 7\u00aa edici\u00f3 \/ La Independent \/ Not\u00edcies g\u00e8nere"}]},{"@type":"WebSite","@id":"https:\/\/laindependent.cat\/es\/#website","url":"https:\/\/laindependent.cat\/es\/","name":"La Independent","description":"Ag\u00e8ncia de not\u00edcies amb visi\u00f3 de g\u00e8nere","publisher":{"@id":"https:\/\/laindependent.cat\/es\/#organization"},"alternateName":"Ag\u00e8ncia de not\u00edcies amb visi\u00f3 de g\u00e8nere","potentialAction":[{"@type":"SearchAction","target":{"@type":"EntryPoint","urlTemplate":"https:\/\/laindependent.cat\/es\/?s={search_term_string}"},"query-input":{"@type":"PropertyValueSpecification","valueRequired":true,"valueName":"search_term_string"}}],"inLanguage":"es"},{"@type":"Organization","@id":"https:\/\/laindependent.cat\/es\/#organization","name":"La Independent","alternateName":"Ag\u00e8ncia de not\u00edcies amb visi\u00f3 de g\u00e8nere","url":"https:\/\/laindependent.cat\/es\/","logo":{"@type":"ImageObject","inLanguage":"es","@id":"https:\/\/laindependent.cat\/es\/#\/schema\/logo\/image\/","url":"https:\/\/laindependent.cat\/wp-content\/uploads\/2022\/10\/logo-independent.svg","contentUrl":"https:\/\/laindependent.cat\/wp-content\/uploads\/2022\/10\/logo-independent.svg","width":562,"height":78,"caption":"La Independent"},"image":{"@id":"https:\/\/laindependent.cat\/es\/#\/schema\/logo\/image\/"}},{"@type":"Person","@id":"https:\/\/laindependent.cat\/es\/#\/schema\/person\/48977a569b250ff82a4929194239bcc9","name":"Tona Gusi","image":{"@type":"ImageObject","inLanguage":"es","@id":"https:\/\/secure.gravatar.com\/avatar\/d09891f52233d2ed7c2e066fc06640e576202983bf7f713e372185f035ac5f67?s=96&d=blank&r=g","url":"https:\/\/secure.gravatar.com\/avatar\/d09891f52233d2ed7c2e066fc06640e576202983bf7f713e372185f035ac5f67?s=96&d=blank&r=g","contentUrl":"https:\/\/secure.gravatar.com\/avatar\/d09891f52233d2ed7c2e066fc06640e576202983bf7f713e372185f035ac5f67?s=96&d=blank&r=g","caption":"Tona Gusi"},"description":"Fundadora i Co-coordinadora de La Independent. Tamb\u00e9 \u00e9s psic\u00f2loga menci\u00f3 en Psicologia d'Intervenci\u00f3 Cl\u00ednica i menci\u00f3 en Psicologia del Treball i les Organitzacions.","sameAs":["https:\/\/www.facebook.com\/tona.gusi","https:\/\/x.com\/https:\/\/twitter.com\/tonagusi"],"url":"https:\/\/laindependent.cat\/es\/author\/tona-gusi\/"}]}},"_links":{"self":[{"href":"https:\/\/laindependent.cat\/es\/wp-json\/wp\/v2\/posts\/62057","targetHints":{"allow":["GET"]}}],"collection":[{"href":"https:\/\/laindependent.cat\/es\/wp-json\/wp\/v2\/posts"}],"about":[{"href":"https:\/\/laindependent.cat\/es\/wp-json\/wp\/v2\/types\/post"}],"author":[{"embeddable":true,"href":"https:\/\/laindependent.cat\/es\/wp-json\/wp\/v2\/users\/72"}],"replies":[{"embeddable":true,"href":"https:\/\/laindependent.cat\/es\/wp-json\/wp\/v2\/comments?post=62057"}],"version-history":[{"count":0,"href":"https:\/\/laindependent.cat\/es\/wp-json\/wp\/v2\/posts\/62057\/revisions"}],"wp:featuredmedia":[{"embeddable":true,"href":"https:\/\/laindependent.cat\/es\/wp-json\/wp\/v2\/media\/60244"}],"wp:attachment":[{"href":"https:\/\/laindependent.cat\/es\/wp-json\/wp\/v2\/media?parent=62057"}],"wp:term":[{"taxonomy":"category","embeddable":true,"href":"https:\/\/laindependent.cat\/es\/wp-json\/wp\/v2\/categories?post=62057"},{"taxonomy":"post_tag","embeddable":true,"href":"https:\/\/laindependent.cat\/es\/wp-json\/wp\/v2\/tags?post=62057"}],"curies":[{"name":"wp","href":"https:\/\/api.w.org\/{rel}","templated":true}]}}