{"id":61965,"date":"2015-06-18T12:23:34","date_gmt":"2015-06-18T10:23:34","guid":{"rendered":"https:\/\/laindependent.cat\/barcelona-un-oasis-para-la-libertad-la-independent-noticies-genere\/"},"modified":"2015-06-18T12:23:34","modified_gmt":"2015-06-18T10:23:34","slug":"barcelona-un-oasis-para-la-libertad-la-independent-noticies-genere","status":"publish","type":"post","link":"https:\/\/laindependent.cat\/es\/barcelona-un-oasis-para-la-libertad-la-independent-noticies-genere\/","title":{"rendered":"Barcelona: Un oasis para la libertad \/ La Independent \/ Not\u00edcies g\u00e8nere"},"content":{"rendered":"<p style=\"text-align: left;\"><strong><span style=\"font-family: trebuchet ms,geneva; font-size: 10pt;\">La Asociaci\u00f3n Candela organiza para el pr\u00f3ximo mes de julio, en Barcelona, un espacio de encuentro y socializaci\u00f3n para adolescentes de entre 13 y 17 a\u00f1os con comportamientos, identidades de g\u00e9nero y sexualidades diversas y \/ o que se identifiquen como lesbianas, gays, bisexuales o trans.<\/span><\/strong><\/p>\n<p style=\"text-align: left;\">\u00a0<\/p>\n<p style=\"text-align: left;\">\u00a0<\/p>\n<p style=\"text-align: left;\"><span style=\"font-family: trebuchet ms,geneva; font-size: 10pt;\"><img fetchpriority=\"high\" decoding=\"async\" class=\" size-full wp-image-30998\" style=\"display: block; margin-left: auto; margin-right: auto;\" src=\"https:\/\/laindependent.cat\/wp-content\/uploads\/2015\/06\/oasis_1.jpg\" alt=\"oasis 1\" width=\"253\" height=\"357\" srcset=\"https:\/\/laindependent.cat\/wp-content\/uploads\/2015\/06\/oasis_1.jpg 400w, https:\/\/laindependent.cat\/wp-content\/uploads\/2015\/06\/oasis_1-212x300.jpg 212w\" sizes=\"(max-width: 253px) 100vw, 253px\" \/><\/span><\/p>\n<p style=\"text-align: left;\">\u00a0<\/p>\n<p style=\"text-align: left;\">\u00a0<\/p>\n<p><!--more--><\/p>\n<p style=\"text-align: left;\"><span style=\"font-family: trebuchet ms,geneva; font-size: 10pt;\"><\/p>\n<p>El encuentro se har\u00e1 con la colaboraci\u00f3n del Grupo de Familiares de Personas Trans del Espacio Trans y la Asociaci\u00f3n de Madres y Padres de LGTB de Catalunya (AMPGIL) cuenta con el apoyo del Ayuntamiento de Barcelona y la Red Nacional de Albergues Sociales de Catalunya.<\/span><\/p>\n<p style=\"text-align: left;\"><span style=\"font-family: trebuchet ms,geneva; font-size: 10pt;\">El encuentro lleva por nombre Oasis* y tiene el objetivo de acompa\u00f1ar y apoderarse a los y las adolescentes y crear un entorno de libertad y seguridad desde el que generar v\u00ednculos de amistad y compartir referentes \u00a0positivos entre iguales.<\/span><\/p>\n<p style=\"text-align: left;\"><span style=\"font-family: trebuchet ms,geneva; font-size: 10pt;\">Las dificultades de los y las adolescentes LGTB para su normal desarrollo social son altas, as\u00ed como las familias y los espacios con adolescentes LGTB no suelen estar en contacto con entidadesespec\u00edficas. Las actividadesser\u00e1ndiversas: taller de autoestima, taller de educaci\u00f3nafectivo-sexual, cinef\u00f3rum de campa\u00f1as contra el acosoLGTBf\u00f3bico, concierto de cantautores \/ as LGTB, encuentro con referentespositivos LGTB, taller dirigido a las familias de los y las adolescentes.<\/span><\/p>\n<p><span style=\"text-align: left; font-size: 10pt;\">\u00a0<\/span><span style=\"font-family: trebuchet ms,geneva; font-size: 10pt;\"><\/span><\/p>\n<p style=\"text-align: left;\"><span style=\"font-family: trebuchet ms,geneva; font-size: 10pt;\"><img decoding=\"async\" class=\"size-full wp-image-30999 lazyload\" style=\"--smush-placeholder-width: 400px; --smush-placeholder-aspect-ratio: 400\/287;display: block; margin-left: auto; margin-right: auto;\" data-src=\"https:\/\/laindependent.cat\/wp-content\/uploads\/2015\/06\/oasis_logo.jpg\" alt=\"oasis logo\" width=\"400\" height=\"287\" data-srcset=\"https:\/\/laindependent.cat\/wp-content\/uploads\/2015\/06\/oasis_logo.jpg 400w, https:\/\/laindependent.cat\/wp-content\/uploads\/2015\/06\/oasis_logo-300x215.jpg 300w\" data-sizes=\"(max-width: 400px) 100vw, 400px\" src=\"data:image\/svg+xml;base64,PHN2ZyB3aWR0aD0iMSIgaGVpZ2h0PSIxIiB4bWxucz0iaHR0cDovL3d3dy53My5vcmcvMjAwMC9zdmciPjwvc3ZnPg==\" \/><\/span><\/p>\n<p style=\"text-align: left;\">\u00a0<\/p>\n<p style=\"text-align: left;\"><span style=\"font-family: trebuchet ms,geneva; font-size: 8pt;\">*OASIS se llevar\u00e1 a cabo el 17, 18 y 19 de julio y cuenta con 20 plazas. Lspre-inscripcionesest\u00e1nabiertashasta el 30 de junio.<\/span><\/p>\n<p style=\"text-align: left;\"><span style=\"font-family: trebuchet ms,geneva; font-size: 8pt;\">M\u00e1s <a href=\"https:\/\/oasislgtb.wordpress.com\/\" target=\"_blank\" rel=\"noopener\">informaci\u00f3n<\/a><\/span><\/p>\n","protected":false},"excerpt":{"rendered":"<p>La Asociaci\u00f3n Candela organiza para el pr\u00f3ximo mes de julio, en Barcelona, un espacio de encuentro y socializaci\u00f3n para adolescentes de entre 13 y 17 a\u00f1os con comportamientos, identidades de g\u00e9nero y sexualidades diversas y \/ o que se identifiquen [&hellip;]<\/p>\n","protected":false},"author":72,"featured_media":30998,"comment_status":"open","ping_status":"","sticky":false,"template":"","format":"standard","meta":{"footnotes":""},"categories":[26491],"tags":[28787,36143,36146,36144],"class_list":["post-61965","post","type-post","status-publish","format-standard","has-post-thumbnail","hentry","category-es-entorno-cotidiano-es-identidades-de-genero","tag-adolescencia","tag-associacio-candela","tag-identitat-genere","tag-oasis"],"yoast_head":"<!-- This site is optimized with the Yoast SEO plugin v27.4 - https:\/\/yoast.com\/product\/yoast-seo-wordpress\/ -->\n<title>Barcelona: Un oasis para la libertad \/ La Independent \/ Not\u00edcies g\u00e8nere | La Independent<\/title>\n<meta name=\"description\" content=\"La Asociaci\u00f3n Candela organiza para el pr\u00f3ximo mes de julio, en Barcelona, un espacio de encuentro y socializaci\u00f3n para adolescentes de entre 13 y 17 a\u00f1os\" \/>\n<meta name=\"robots\" content=\"index, follow, max-snippet:-1, max-image-preview:large, max-video-preview:-1\" \/>\n<link rel=\"canonical\" href=\"https:\/\/laindependent.cat\/es\/barcelona-un-oasis-para-la-libertad-la-independent-noticies-genere\/\" \/>\n<meta property=\"og:locale\" content=\"es_ES\" \/>\n<meta property=\"og:type\" content=\"article\" \/>\n<meta property=\"og:title\" content=\"Barcelona: Un oasis para la libertad \/ La Independent \/ Not\u00edcies g\u00e8nere | La Independent\" \/>\n<meta property=\"og:description\" content=\"La Asociaci\u00f3n Candela organiza para el pr\u00f3ximo mes de julio, en Barcelona, un espacio de encuentro y socializaci\u00f3n para adolescentes de entre 13 y 17 a\u00f1os\" \/>\n<meta property=\"og:url\" content=\"https:\/\/laindependent.cat\/es\/barcelona-un-oasis-para-la-libertad-la-independent-noticies-genere\/\" \/>\n<meta property=\"og:site_name\" content=\"La Independent\" \/>\n<meta property=\"article:author\" content=\"https:\/\/www.facebook.com\/tona.gusi\" \/>\n<meta property=\"article:published_time\" content=\"2015-06-18T10:23:34+00:00\" \/>\n<meta property=\"og:image\" content=\"https:\/\/laindependent.cat\/wp-content\/uploads\/2015\/06\/oasis_1.jpg\" \/>\n<meta name=\"author\" content=\"Tona Gusi\" \/>\n<meta name=\"twitter:card\" content=\"summary_large_image\" \/>\n<meta name=\"twitter:creator\" content=\"@https:\/\/twitter.com\/tonagusi\" \/>\n<meta name=\"twitter:label1\" content=\"Escrito por\" \/>\n\t<meta name=\"twitter:data1\" content=\"Tona Gusi\" \/>\n\t<meta name=\"twitter:label2\" content=\"Tiempo de lectura\" \/>\n\t<meta name=\"twitter:data2\" content=\"1 minuto\" \/>\n<script type=\"application\/ld+json\" class=\"yoast-schema-graph\">{\"@context\":\"https:\\\/\\\/schema.org\",\"@graph\":[{\"@type\":\"Article\",\"@id\":\"https:\\\/\\\/laindependent.cat\\\/es\\\/barcelona-un-oasis-para-la-libertad-la-independent-noticies-genere\\\/#article\",\"isPartOf\":{\"@id\":\"https:\\\/\\\/laindependent.cat\\\/es\\\/barcelona-un-oasis-para-la-libertad-la-independent-noticies-genere\\\/\"},\"author\":{\"name\":\"Tona Gusi\",\"@id\":\"https:\\\/\\\/laindependent.cat\\\/es\\\/#\\\/schema\\\/person\\\/48977a569b250ff82a4929194239bcc9\"},\"headline\":\"Barcelona: Un oasis para la libertad \\\/ La Independent \\\/ Not\u00edcies g\u00e8nere\",\"datePublished\":\"2015-06-18T10:23:34+00:00\",\"mainEntityOfPage\":{\"@id\":\"https:\\\/\\\/laindependent.cat\\\/es\\\/barcelona-un-oasis-para-la-libertad-la-independent-noticies-genere\\\/\"},\"wordCount\":243,\"commentCount\":0,\"publisher\":{\"@id\":\"https:\\\/\\\/laindependent.cat\\\/es\\\/#organization\"},\"image\":{\"@id\":\"https:\\\/\\\/laindependent.cat\\\/es\\\/barcelona-un-oasis-para-la-libertad-la-independent-noticies-genere\\\/#primaryimage\"},\"thumbnailUrl\":\"https:\\\/\\\/laindependent.cat\\\/wp-content\\\/uploads\\\/2015\\\/06\\\/oasis_1.jpg\",\"keywords\":[\"adolescencia\",\"Associaci\u00f3 Candela\",\"identitat genere\",\"Oasis\"],\"articleSection\":[\"Entorno cotidiano\"],\"inLanguage\":\"es\",\"potentialAction\":[{\"@type\":\"CommentAction\",\"name\":\"Comment\",\"target\":[\"https:\\\/\\\/laindependent.cat\\\/es\\\/barcelona-un-oasis-para-la-libertad-la-independent-noticies-genere\\\/#respond\"]}]},{\"@type\":\"WebPage\",\"@id\":\"https:\\\/\\\/laindependent.cat\\\/es\\\/barcelona-un-oasis-para-la-libertad-la-independent-noticies-genere\\\/\",\"url\":\"https:\\\/\\\/laindependent.cat\\\/es\\\/barcelona-un-oasis-para-la-libertad-la-independent-noticies-genere\\\/\",\"name\":\"Barcelona: Un oasis para la libertad \\\/ La Independent \\\/ Not\u00edcies g\u00e8nere | La Independent\",\"isPartOf\":{\"@id\":\"https:\\\/\\\/laindependent.cat\\\/es\\\/#website\"},\"primaryImageOfPage\":{\"@id\":\"https:\\\/\\\/laindependent.cat\\\/es\\\/barcelona-un-oasis-para-la-libertad-la-independent-noticies-genere\\\/#primaryimage\"},\"image\":{\"@id\":\"https:\\\/\\\/laindependent.cat\\\/es\\\/barcelona-un-oasis-para-la-libertad-la-independent-noticies-genere\\\/#primaryimage\"},\"thumbnailUrl\":\"https:\\\/\\\/laindependent.cat\\\/wp-content\\\/uploads\\\/2015\\\/06\\\/oasis_1.jpg\",\"datePublished\":\"2015-06-18T10:23:34+00:00\",\"description\":\"La Asociaci\u00f3n Candela organiza para el pr\u00f3ximo mes de julio, en Barcelona, un espacio de encuentro y socializaci\u00f3n para adolescentes de entre 13 y 17 a\u00f1os\",\"breadcrumb\":{\"@id\":\"https:\\\/\\\/laindependent.cat\\\/es\\\/barcelona-un-oasis-para-la-libertad-la-independent-noticies-genere\\\/#breadcrumb\"},\"inLanguage\":\"es\",\"potentialAction\":[{\"@type\":\"ReadAction\",\"target\":[\"https:\\\/\\\/laindependent.cat\\\/es\\\/barcelona-un-oasis-para-la-libertad-la-independent-noticies-genere\\\/\"]}]},{\"@type\":\"ImageObject\",\"inLanguage\":\"es\",\"@id\":\"https:\\\/\\\/laindependent.cat\\\/es\\\/barcelona-un-oasis-para-la-libertad-la-independent-noticies-genere\\\/#primaryimage\",\"url\":\"https:\\\/\\\/laindependent.cat\\\/wp-content\\\/uploads\\\/2015\\\/06\\\/oasis_1.jpg\",\"contentUrl\":\"https:\\\/\\\/laindependent.cat\\\/wp-content\\\/uploads\\\/2015\\\/06\\\/oasis_1.jpg\",\"width\":400,\"height\":566},{\"@type\":\"BreadcrumbList\",\"@id\":\"https:\\\/\\\/laindependent.cat\\\/es\\\/barcelona-un-oasis-para-la-libertad-la-independent-noticies-genere\\\/#breadcrumb\",\"itemListElement\":[{\"@type\":\"ListItem\",\"position\":1,\"name\":\"Inici\",\"item\":\"https:\\\/\\\/laindependent.cat\\\/es\\\/la-independent\\\/\"},{\"@type\":\"ListItem\",\"position\":2,\"name\":\"Identidades de g\u00e9nero\",\"item\":\"https:\\\/\\\/laindependent.cat\\\/es\\\/tema\\\/es-identidades-de-genero\\\/\"},{\"@type\":\"ListItem\",\"position\":3,\"name\":\"Entorno cotidiano\",\"item\":\"https:\\\/\\\/laindependent.cat\\\/es\\\/tema\\\/es-identidades-de-genero\\\/es-entorno-cotidiano-es-identidades-de-genero\\\/\"},{\"@type\":\"ListItem\",\"position\":4,\"name\":\"Barcelona: Un oasis para la libertad \\\/ La Independent \\\/ Not\u00edcies g\u00e8nere\"}]},{\"@type\":\"WebSite\",\"@id\":\"https:\\\/\\\/laindependent.cat\\\/es\\\/#website\",\"url\":\"https:\\\/\\\/laindependent.cat\\\/es\\\/\",\"name\":\"La Independent\",\"description\":\"Ag\u00e8ncia de not\u00edcies amb visi\u00f3 de g\u00e8nere\",\"publisher\":{\"@id\":\"https:\\\/\\\/laindependent.cat\\\/es\\\/#organization\"},\"alternateName\":\"Ag\u00e8ncia de not\u00edcies amb visi\u00f3 de g\u00e8nere\",\"potentialAction\":[{\"@type\":\"SearchAction\",\"target\":{\"@type\":\"EntryPoint\",\"urlTemplate\":\"https:\\\/\\\/laindependent.cat\\\/es\\\/?s={search_term_string}\"},\"query-input\":{\"@type\":\"PropertyValueSpecification\",\"valueRequired\":true,\"valueName\":\"search_term_string\"}}],\"inLanguage\":\"es\"},{\"@type\":\"Organization\",\"@id\":\"https:\\\/\\\/laindependent.cat\\\/es\\\/#organization\",\"name\":\"La Independent\",\"alternateName\":\"Ag\u00e8ncia de not\u00edcies amb visi\u00f3 de g\u00e8nere\",\"url\":\"https:\\\/\\\/laindependent.cat\\\/es\\\/\",\"logo\":{\"@type\":\"ImageObject\",\"inLanguage\":\"es\",\"@id\":\"https:\\\/\\\/laindependent.cat\\\/es\\\/#\\\/schema\\\/logo\\\/image\\\/\",\"url\":\"https:\\\/\\\/laindependent.cat\\\/wp-content\\\/uploads\\\/2022\\\/10\\\/logo-independent.svg\",\"contentUrl\":\"https:\\\/\\\/laindependent.cat\\\/wp-content\\\/uploads\\\/2022\\\/10\\\/logo-independent.svg\",\"width\":562,\"height\":78,\"caption\":\"La Independent\"},\"image\":{\"@id\":\"https:\\\/\\\/laindependent.cat\\\/es\\\/#\\\/schema\\\/logo\\\/image\\\/\"}},{\"@type\":\"Person\",\"@id\":\"https:\\\/\\\/laindependent.cat\\\/es\\\/#\\\/schema\\\/person\\\/48977a569b250ff82a4929194239bcc9\",\"name\":\"Tona Gusi\",\"image\":{\"@type\":\"ImageObject\",\"inLanguage\":\"es\",\"@id\":\"https:\\\/\\\/secure.gravatar.com\\\/avatar\\\/d09891f52233d2ed7c2e066fc06640e576202983bf7f713e372185f035ac5f67?s=96&d=blank&r=g\",\"url\":\"https:\\\/\\\/secure.gravatar.com\\\/avatar\\\/d09891f52233d2ed7c2e066fc06640e576202983bf7f713e372185f035ac5f67?s=96&d=blank&r=g\",\"contentUrl\":\"https:\\\/\\\/secure.gravatar.com\\\/avatar\\\/d09891f52233d2ed7c2e066fc06640e576202983bf7f713e372185f035ac5f67?s=96&d=blank&r=g\",\"caption\":\"Tona Gusi\"},\"description\":\"Fundadora i Co-coordinadora de La Independent. Tamb\u00e9 \u00e9s psic\u00f2loga menci\u00f3 en Psicologia d'Intervenci\u00f3 Cl\u00ednica i menci\u00f3 en Psicologia del Treball i les Organitzacions.\",\"sameAs\":[\"https:\\\/\\\/www.facebook.com\\\/tona.gusi\",\"https:\\\/\\\/x.com\\\/https:\\\/\\\/twitter.com\\\/tonagusi\"],\"url\":\"https:\\\/\\\/laindependent.cat\\\/es\\\/author\\\/tona-gusi\\\/\"}]}<\/script>\n<!-- \/ Yoast SEO plugin. -->","yoast_head_json":{"title":"Barcelona: Un oasis para la libertad \/ La Independent \/ Not\u00edcies g\u00e8nere | La Independent","description":"La Asociaci\u00f3n Candela organiza para el pr\u00f3ximo mes de julio, en Barcelona, un espacio de encuentro y socializaci\u00f3n para adolescentes de entre 13 y 17 a\u00f1os","robots":{"index":"index","follow":"follow","max-snippet":"max-snippet:-1","max-image-preview":"max-image-preview:large","max-video-preview":"max-video-preview:-1"},"canonical":"https:\/\/laindependent.cat\/es\/barcelona-un-oasis-para-la-libertad-la-independent-noticies-genere\/","og_locale":"es_ES","og_type":"article","og_title":"Barcelona: Un oasis para la libertad \/ La Independent \/ Not\u00edcies g\u00e8nere | La Independent","og_description":"La Asociaci\u00f3n Candela organiza para el pr\u00f3ximo mes de julio, en Barcelona, un espacio de encuentro y socializaci\u00f3n para adolescentes de entre 13 y 17 a\u00f1os","og_url":"https:\/\/laindependent.cat\/es\/barcelona-un-oasis-para-la-libertad-la-independent-noticies-genere\/","og_site_name":"La Independent","article_author":"https:\/\/www.facebook.com\/tona.gusi","article_published_time":"2015-06-18T10:23:34+00:00","og_image":[{"url":"https:\/\/laindependent.cat\/wp-content\/uploads\/2015\/06\/oasis_1.jpg","type":"","width":"","height":""}],"author":"Tona Gusi","twitter_card":"summary_large_image","twitter_creator":"@https:\/\/twitter.com\/tonagusi","twitter_misc":{"Escrito por":"Tona Gusi","Tiempo de lectura":"1 minuto"},"schema":{"@context":"https:\/\/schema.org","@graph":[{"@type":"Article","@id":"https:\/\/laindependent.cat\/es\/barcelona-un-oasis-para-la-libertad-la-independent-noticies-genere\/#article","isPartOf":{"@id":"https:\/\/laindependent.cat\/es\/barcelona-un-oasis-para-la-libertad-la-independent-noticies-genere\/"},"author":{"name":"Tona Gusi","@id":"https:\/\/laindependent.cat\/es\/#\/schema\/person\/48977a569b250ff82a4929194239bcc9"},"headline":"Barcelona: Un oasis para la libertad \/ La Independent \/ Not\u00edcies g\u00e8nere","datePublished":"2015-06-18T10:23:34+00:00","mainEntityOfPage":{"@id":"https:\/\/laindependent.cat\/es\/barcelona-un-oasis-para-la-libertad-la-independent-noticies-genere\/"},"wordCount":243,"commentCount":0,"publisher":{"@id":"https:\/\/laindependent.cat\/es\/#organization"},"image":{"@id":"https:\/\/laindependent.cat\/es\/barcelona-un-oasis-para-la-libertad-la-independent-noticies-genere\/#primaryimage"},"thumbnailUrl":"https:\/\/laindependent.cat\/wp-content\/uploads\/2015\/06\/oasis_1.jpg","keywords":["adolescencia","Associaci\u00f3 Candela","identitat genere","Oasis"],"articleSection":["Entorno cotidiano"],"inLanguage":"es","potentialAction":[{"@type":"CommentAction","name":"Comment","target":["https:\/\/laindependent.cat\/es\/barcelona-un-oasis-para-la-libertad-la-independent-noticies-genere\/#respond"]}]},{"@type":"WebPage","@id":"https:\/\/laindependent.cat\/es\/barcelona-un-oasis-para-la-libertad-la-independent-noticies-genere\/","url":"https:\/\/laindependent.cat\/es\/barcelona-un-oasis-para-la-libertad-la-independent-noticies-genere\/","name":"Barcelona: Un oasis para la libertad \/ La Independent \/ Not\u00edcies g\u00e8nere | La Independent","isPartOf":{"@id":"https:\/\/laindependent.cat\/es\/#website"},"primaryImageOfPage":{"@id":"https:\/\/laindependent.cat\/es\/barcelona-un-oasis-para-la-libertad-la-independent-noticies-genere\/#primaryimage"},"image":{"@id":"https:\/\/laindependent.cat\/es\/barcelona-un-oasis-para-la-libertad-la-independent-noticies-genere\/#primaryimage"},"thumbnailUrl":"https:\/\/laindependent.cat\/wp-content\/uploads\/2015\/06\/oasis_1.jpg","datePublished":"2015-06-18T10:23:34+00:00","description":"La Asociaci\u00f3n Candela organiza para el pr\u00f3ximo mes de julio, en Barcelona, un espacio de encuentro y socializaci\u00f3n para adolescentes de entre 13 y 17 a\u00f1os","breadcrumb":{"@id":"https:\/\/laindependent.cat\/es\/barcelona-un-oasis-para-la-libertad-la-independent-noticies-genere\/#breadcrumb"},"inLanguage":"es","potentialAction":[{"@type":"ReadAction","target":["https:\/\/laindependent.cat\/es\/barcelona-un-oasis-para-la-libertad-la-independent-noticies-genere\/"]}]},{"@type":"ImageObject","inLanguage":"es","@id":"https:\/\/laindependent.cat\/es\/barcelona-un-oasis-para-la-libertad-la-independent-noticies-genere\/#primaryimage","url":"https:\/\/laindependent.cat\/wp-content\/uploads\/2015\/06\/oasis_1.jpg","contentUrl":"https:\/\/laindependent.cat\/wp-content\/uploads\/2015\/06\/oasis_1.jpg","width":400,"height":566},{"@type":"BreadcrumbList","@id":"https:\/\/laindependent.cat\/es\/barcelona-un-oasis-para-la-libertad-la-independent-noticies-genere\/#breadcrumb","itemListElement":[{"@type":"ListItem","position":1,"name":"Inici","item":"https:\/\/laindependent.cat\/es\/la-independent\/"},{"@type":"ListItem","position":2,"name":"Identidades de g\u00e9nero","item":"https:\/\/laindependent.cat\/es\/tema\/es-identidades-de-genero\/"},{"@type":"ListItem","position":3,"name":"Entorno cotidiano","item":"https:\/\/laindependent.cat\/es\/tema\/es-identidades-de-genero\/es-entorno-cotidiano-es-identidades-de-genero\/"},{"@type":"ListItem","position":4,"name":"Barcelona: Un oasis para la libertad \/ La Independent \/ Not\u00edcies g\u00e8nere"}]},{"@type":"WebSite","@id":"https:\/\/laindependent.cat\/es\/#website","url":"https:\/\/laindependent.cat\/es\/","name":"La Independent","description":"Ag\u00e8ncia de not\u00edcies amb visi\u00f3 de g\u00e8nere","publisher":{"@id":"https:\/\/laindependent.cat\/es\/#organization"},"alternateName":"Ag\u00e8ncia de not\u00edcies amb visi\u00f3 de g\u00e8nere","potentialAction":[{"@type":"SearchAction","target":{"@type":"EntryPoint","urlTemplate":"https:\/\/laindependent.cat\/es\/?s={search_term_string}"},"query-input":{"@type":"PropertyValueSpecification","valueRequired":true,"valueName":"search_term_string"}}],"inLanguage":"es"},{"@type":"Organization","@id":"https:\/\/laindependent.cat\/es\/#organization","name":"La Independent","alternateName":"Ag\u00e8ncia de not\u00edcies amb visi\u00f3 de g\u00e8nere","url":"https:\/\/laindependent.cat\/es\/","logo":{"@type":"ImageObject","inLanguage":"es","@id":"https:\/\/laindependent.cat\/es\/#\/schema\/logo\/image\/","url":"https:\/\/laindependent.cat\/wp-content\/uploads\/2022\/10\/logo-independent.svg","contentUrl":"https:\/\/laindependent.cat\/wp-content\/uploads\/2022\/10\/logo-independent.svg","width":562,"height":78,"caption":"La Independent"},"image":{"@id":"https:\/\/laindependent.cat\/es\/#\/schema\/logo\/image\/"}},{"@type":"Person","@id":"https:\/\/laindependent.cat\/es\/#\/schema\/person\/48977a569b250ff82a4929194239bcc9","name":"Tona Gusi","image":{"@type":"ImageObject","inLanguage":"es","@id":"https:\/\/secure.gravatar.com\/avatar\/d09891f52233d2ed7c2e066fc06640e576202983bf7f713e372185f035ac5f67?s=96&d=blank&r=g","url":"https:\/\/secure.gravatar.com\/avatar\/d09891f52233d2ed7c2e066fc06640e576202983bf7f713e372185f035ac5f67?s=96&d=blank&r=g","contentUrl":"https:\/\/secure.gravatar.com\/avatar\/d09891f52233d2ed7c2e066fc06640e576202983bf7f713e372185f035ac5f67?s=96&d=blank&r=g","caption":"Tona Gusi"},"description":"Fundadora i Co-coordinadora de La Independent. Tamb\u00e9 \u00e9s psic\u00f2loga menci\u00f3 en Psicologia d'Intervenci\u00f3 Cl\u00ednica i menci\u00f3 en Psicologia del Treball i les Organitzacions.","sameAs":["https:\/\/www.facebook.com\/tona.gusi","https:\/\/x.com\/https:\/\/twitter.com\/tonagusi"],"url":"https:\/\/laindependent.cat\/es\/author\/tona-gusi\/"}]}},"_links":{"self":[{"href":"https:\/\/laindependent.cat\/es\/wp-json\/wp\/v2\/posts\/61965","targetHints":{"allow":["GET"]}}],"collection":[{"href":"https:\/\/laindependent.cat\/es\/wp-json\/wp\/v2\/posts"}],"about":[{"href":"https:\/\/laindependent.cat\/es\/wp-json\/wp\/v2\/types\/post"}],"author":[{"embeddable":true,"href":"https:\/\/laindependent.cat\/es\/wp-json\/wp\/v2\/users\/72"}],"replies":[{"embeddable":true,"href":"https:\/\/laindependent.cat\/es\/wp-json\/wp\/v2\/comments?post=61965"}],"version-history":[{"count":0,"href":"https:\/\/laindependent.cat\/es\/wp-json\/wp\/v2\/posts\/61965\/revisions"}],"wp:featuredmedia":[{"embeddable":true,"href":"https:\/\/laindependent.cat\/es\/wp-json\/wp\/v2\/media\/30998"}],"wp:attachment":[{"href":"https:\/\/laindependent.cat\/es\/wp-json\/wp\/v2\/media?parent=61965"}],"wp:term":[{"taxonomy":"category","embeddable":true,"href":"https:\/\/laindependent.cat\/es\/wp-json\/wp\/v2\/categories?post=61965"},{"taxonomy":"post_tag","embeddable":true,"href":"https:\/\/laindependent.cat\/es\/wp-json\/wp\/v2\/tags?post=61965"}],"curies":[{"name":"wp","href":"https:\/\/api.w.org\/{rel}","templated":true}]}}