{"id":61937,"date":"2015-06-04T20:20:32","date_gmt":"2015-06-04T18:20:32","guid":{"rendered":"https:\/\/laindependent.cat\/malu-andrade-nuestras-hijas-de-regreso-a-casa-iiapart\/"},"modified":"2015-06-04T20:20:32","modified_gmt":"2015-06-04T18:20:32","slug":"malu-andrade-nuestras-hijas-de-regreso-a-casa-iiapart","status":"publish","type":"post","link":"https:\/\/laindependent.cat\/es\/malu-andrade-nuestras-hijas-de-regreso-a-casa-iiapart\/","title":{"rendered":"Mal\u00fa Andrade: Nuestras hijas de Regreso a Casa (IIa.part)"},"content":{"rendered":"<p>\u00a0<\/p>\n<p style=\"text-align: center;\">\u00a0 <img decoding=\"async\" class=\"size-full wp-image-30980 lazyload\" data-src=\"https:\/\/laindependent.cat\/wp-content\/uploads\/2015\/06\/Norma_Andrade_Justicia_para_Alejandra.jpg\" alt=\"Norma Andrade Justicia para Alejandra\" width=\"146\" height=\"129\" src=\"data:image\/svg+xml;base64,PHN2ZyB3aWR0aD0iMSIgaGVpZ2h0PSIxIiB4bWxucz0iaHR0cDovL3d3dy53My5vcmcvMjAwMC9zdmciPjwvc3ZnPg==\" style=\"--smush-placeholder-width: 146px; --smush-placeholder-aspect-ratio: 146\/129;\" \/><\/p>\n<p style=\"text-align: center;\"><span style=\"font-size: 8pt; font-family: trebuchet ms,geneva;\">Norma Andrade*<\/span><\/p>\n<p style=\"text-align: left;\"><strong><span style=\"font-size: 10pt; font-family: trebuchet ms,geneva;\"><strong><span style=\"font-size: 10pt; font-family: trebuchet ms,geneva;\">II parte de la entrevista de La Independent, donde Malu Andrade explica los resultados de los casos presentados a la Comisi\u00f3n Interamericana de Derechos Humanos (CIDH), ya la Corte Interamericana de Derechos Humanos (Corte IDH). Y con Elena Ortega, periodista, sobre el porqu\u00e9 ha escrito el libro &#8220;De regreso a casa&#8221;.<\/span><\/strong><\/span><\/strong><\/p>\n<p><!--more--><\/p>\n<p style=\"text-align: left;\"><strong><span style=\"font-size: 10pt; font-family: trebuchet ms,geneva;\"> <br \/><\/span><\/strong><\/p>\n<p style=\"text-align: left;\"><strong><span style=\"font-size: 10pt; font-family: 'trebuchet ms', geneva;\">\u00bfQu\u00e9 ha pasado despu\u00e9s de la resoluci\u00f3n de casos de Ciudad Ju\u00e1rez por parte de la Corte Interamericana de Derechos Humanos? que se\u00f1al\u00f3 negligencia del Estado mexicano ante tres casos de feminicidio.<\/span><\/strong><\/p>\n<p style=\"text-align: left;\"><span style=\"font-family: 'trebuchet ms', geneva; font-size: 10pt;\">Es una sentencia con un precedente hist\u00f3rico y no s\u00f3lo en nuestro pa\u00eds sino para toda Am\u00e9rica Latina ya que es la primera sentencia que la corte IDH emiti\u00f3 por tres casos de feminicidio.<\/span><\/p>\n<p style=\"text-align: left;\"><span style=\"font-size: 10pt; font-family: 'trebuchet ms', geneva;\">Es una sentencia que beneficia porque marca un precedente que efectivamente hubo negligencia, omisi\u00f3n, violaci\u00f3n a los derechos de las v\u00edctimas, y el derecho de las familias. A partir de esta sentencia el gobierno mexicano se vio obligado a modificar algunas leyes y conductas para implementar perspectivas de g\u00e9nero. Por ejemplo, que los ministerios p\u00fablicos se capaciten. Antes de la sentencia algunos ministerios p\u00fablicos no ten\u00edan la experiencia para poder investigar un homicidio cometido contra una mujer, o una desaparici\u00f3n, porque constantemente eran movidos de sus \u00e1reas, y no es lo mismo investigar el robo de un veh\u00edculo que investigar homicidio de una mujer.<\/span><\/p>\n<p style=\"text-align: left;\"><span style=\"font-size: 10pt; font-family: 'trebuchet ms', geneva;\">\u00a0<\/span><\/p>\n<p style=\"text-align: left;\"><strong><span style=\"font-size: 10pt; font-family: 'trebuchet ms', geneva;\">Y esta capacitaci\u00f3n es efectiva?<\/span><\/strong><\/p>\n<p style=\"text-align: left;\"><span style=\"font-size: 10pt; font-family: 'trebuchet ms', geneva;\">Digamos que es positivo que la capacitaci\u00f3n sea obligatoria para los servidores p\u00fablicos que trabajen con temas y casos de la mujer, sean homicidios, violencia dom\u00e9stica, violencia sexual, cualquier delito cometido en contra de una mujer. Esto es algo importante la obligatoriedad de la capacitaci\u00f3n, que se deriv\u00f3 de esta sentencia de la Corte IDH. Ahora la capacitaci\u00f3n, insuficiente por cierto, no es el problema sino la falta de voluntad de muchos servidores p\u00fablicos, sobre todo si son hombres que les cuesta mucho dejar sus actitudes machistas y que ejercen en sus formas de trabajo.<\/span><\/p>\n<p style=\"text-align: left;\"><strong><span style=\"font-size: 10pt; font-family: 'trebuchet ms', geneva;\">Presentar casos de feminicidios en la CIODH y luego a la Corte IDH es muy dif\u00edcil?<\/span><\/strong><\/p>\n<p style=\"text-align: left;\"><span style=\"font-size: 10pt; font-family: 'trebuchet ms', geneva;\">Si, muy dif\u00edcil, ahora tanto la corte como el gobierno mexicano nos dicen: nosotros ya emitir una sentencia y el gobierno est\u00e1 cumpliendo con las recomendaciones de la Corte, entonces el gobierno se lava las manos y no hace nada ante tantos feminicidios ( no s\u00f3lo en Ciudad Ju\u00e1rez sino en todo el pa\u00eds) donde se repiten las mismas violaciones a los derechos humanos. As\u00ed que para nosotros desde la asociaci\u00f3n &#8220;Nuestras Hijas de Regreso a Casa&#8221; para presentar casos ante la Corte IDH debemos detectar nuevas l\u00edneas de investigaci\u00f3n que no se hayan presentado antes. As\u00ed que primero hay que pasar por la CIDH y luego esperar que el caso sea aceptado y de ah\u00ed ver si llega a la Corte. Puedo decir que en este proceso ya se encuentran varios casos que hemos presentado de Ciudad Ju\u00e1rez, entre ellos el de mi hermana Alejandra, que presentamos desde el a\u00f1o 2002.<\/span><\/p>\n<p style=\"text-align: left;\"><strong><span style=\"font-size: 10pt; font-family: 'trebuchet ms', geneva;\">\u00bfY desde el 2002 hasta la fecha que ha pasado?<\/span><\/strong><\/p>\n<p style=\"text-align: left;\"><span style=\"font-size: 10pt; font-family: 'trebuchet ms', geneva;\">Pues s\u00f3lo hemos conseguido que el expediente se admita a revisi\u00f3n en la CIDH, y bien, esta admisi\u00f3n ya era muy dif\u00edcil conseguir porque debes tener una investigaci\u00f3n que diga que hay &#8220;Nuevas violaciones&#8221; que no fueron tenidas en cuenta en la anterior resoluci\u00f3n del Tribunal. As\u00ed que el expediente que entra en la CIODH es porque se revise a fondo y ver qu\u00e9 l\u00edneas no se hab\u00edan tenido en cuenta, luego, cabe esperar que la CIDH la presente ante la Corte. As\u00ed el proceso puede durar de tres meses a diez a\u00f1os.<\/span><\/p>\n<p style=\"text-align: left;\"><strong><span style=\"font-size: 10pt; font-family: 'trebuchet ms', geneva;\">Para organizaciones como &#8220;Nuestras Hijas de Regreso a Casa&#8221; estos procesos jur\u00eddicos les representa bastantes esfuerzos en la b\u00fasqueda de justicia?<\/span><\/strong><\/p>\n<p style=\"text-align: left;\"><span style=\"font-size: 10pt; font-family: 'trebuchet ms', geneva;\">Mucho esfuerzo porque de entrada debes tener fondos para llevar el caso. Tienes que estar encargando evidencias, peritajes externos, pagar estos peritajes, la paqueter\u00eda, hacer los viajes a Washington donde est\u00e1 la sede de la CIDH, y eso trabajando de manera voluntaria como lo estamos haciendo en representar las familias. S\u00famale los billetes de avi\u00f3n, los viajes de Ciudad Ju\u00e1rez y de ah\u00ed en Washington y la estancia de tres o cuatro d\u00edas para presenciar las audiencias. Tambi\u00e9n por eso a veces los procesos para nosotros son m\u00e1s lentos porque si no tienes dinero para solventar gastos de todo lo que se necesita en un proceso as\u00ed, no puedes ser r\u00e1pida ante estos organismos internacionales que te exigen peritajes o documentos, y bien, por falta de fondos pides pr\u00f3rrogas hasta conseguir recursos.<\/span><\/p>\n<p style=\"text-align: left;\"><strong><span style=\"font-size: 10pt; font-family: 'trebuchet ms', geneva;\">Entonces el acceso a la justicia es complicada y costosa?<\/span><\/strong><\/p>\n<p style=\"text-align: left;\"><span style=\"font-size: 10pt; font-family: 'trebuchet ms', geneva;\">La justicia costa de cualquier manera, es una carga emocional, es una presi\u00f3n jur\u00eddica muy fuerte y es una carga monetaria. Para los casos de feminicidio que hemos ido acompa\u00f1ando sabemos lo dif\u00edcil presentar casos y que \u00e9stos puedan lleguen a lugares como la CIODH y la Corte. Es un esfuerzo terrible.<\/span><\/p>\n<p style=\"text-align: left;\"><strong>Como familiares que han recurrido a estas instancias internacionales \u00bfqu\u00e9 recomendar\u00edas a estos organismos?<\/strong><\/p>\n<p style=\"text-align: left;\"><span style=\"font-size: 10pt; font-family: 'trebuchet ms', geneva;\">Me pongo a pensar por ejemplo en el caso de una mujer ind\u00edgena a la que se le ha violado sus derechos humanos, ella, su comunidad, su familia tendr\u00e1 pocas posibilidad de conseguir justicia, por no decir que lo tendr\u00e1 casi imposible. En el caso de los feminicidios de Ju\u00e1rez que logr\u00e1ramos llegar hasta estas instancias internacionales, fue posible porque hicimos un trabajo muy duro de denuncia a trav\u00e9s de gente como<strong> Marisela<\/strong> <strong>Ortiz<\/strong>, y como el trabajo de mi madre<strong> Norma Andrade<\/strong>. Ellas buscaron redes de apoyo por todas partes y esto permiti\u00f3 que se tuvieran en cuenta los casos como los que sentenci\u00f3 la Corte IDH y dar paso a la justicia para las familias.<\/span><\/p>\n<p style=\"text-align: left;\"><span style=\"font-size: 10pt; font-family: 'trebuchet ms', geneva;\"> Esta tarea de hacer redes, de insistir en la denuncia p\u00fablica es el foco para que despu\u00e9s se pueda llegar a estos organismos internacionales. Yo recomendar\u00eda a la Comisi\u00f3n IDH que haga m\u00e1s difusi\u00f3n de lo que hace y que lo haga m\u00e1s cerca, con las v\u00edctimas, con las familias y no tanto con las instituciones oficiales. Me parece que deben realizar campa\u00f1as a nivel regional en Latinoamericana y llegar directamente a las redes de v\u00edctimas, asociaciones o familias para que conozcan c\u00f3mo funciona estos mecanismos de protecci\u00f3n de los derechos humanos y de aplicaci\u00f3n de justicia.<\/span><\/p>\n<p style=\"text-align: left;\"><span style=\"font-size: 10pt; font-family: 'trebuchet ms', geneva;\">\u00a0<\/span><\/p>\n<p style=\"text-align: left;\">\u00a0<\/p>\n<p style=\"text-align: left;\"><span style=\"font-size: 10pt; font-family: trebuchet ms,geneva;\"><img fetchpriority=\"high\" decoding=\"async\" class=\" size-full wp-image-30981\" style=\"display: block; margin-left: auto; margin-right: auto;\" src=\"https:\/\/laindependent.cat\/wp-content\/uploads\/2015\/06\/Marisela_Ortiz.jpg\" alt=\"Marisela Ortiz\" width=\"299\" height=\"224\" srcset=\"https:\/\/laindependent.cat\/wp-content\/uploads\/2015\/06\/Marisela_Ortiz.jpg 400w, https:\/\/laindependent.cat\/wp-content\/uploads\/2015\/06\/Marisela_Ortiz-300x225.jpg 300w\" sizes=\"(max-width: 299px) 100vw, 299px\" \/><\/span><\/p>\n<p style=\"text-align: left;\"><span style=\"font-size: 8pt;\">Marisela Ortiz, fue maestra de Alejandra. Tras su desaparici\u00f3n se volc\u00f3 en ayudar a la familia. Es cofundadora, junto con Norma Andrade, de Nuestras hijas de vuelta en casa.<\/span><\/p>\n<p style=\"text-align: left;\"><span style=\"font-size: 8pt;\">\u00a0<\/span><\/p>\n<p style=\"text-align: left;\"><strong><span style=\"font-size: 10pt; font-family: 'trebuchet ms', geneva;\">Con Elena Ortega, la periodista que ha escrito el libro &#8220;De regreso a Casa&#8221;<\/span><\/strong><\/p>\n<p style=\"text-align: left;\"><strong><span style=\"font-size: 10pt; font-family: 'trebuchet ms', geneva;\">Elena, tu visitaste Ciudad Ju\u00e1rez para escribir tu libro &#8220;De regreso a Casa&#8221; \u00bfQu\u00e9 opini\u00f3n tienes sobre esta realidad del feminicidio en M\u00e9xico?<\/span><\/strong><\/p>\n<p style=\"text-align: left;\"><span style=\"font-size: 10pt; font-family: 'trebuchet ms', geneva;\">Me parece terrible lo que pasa en M\u00e9xico con la defensa y protecci\u00f3n de la vida hacia las mujeres. Es una tragedia si pensamos que las mujeres son las principales promotoras de una sociedad. Yo no puedo evitar conectarlo con lo que ocurre aqu\u00ed y los casos de desaparici\u00f3n son en una escala que no tiene comparaci\u00f3n. Tan s\u00f3lo piensa que en Ju\u00e1rez, en lo que va de a\u00f1o ya son 30 las mujeres desaparecidas, imag\u00ednate! 30 mujeres que no sabemos qu\u00e9 les pasar\u00e1. Aqu\u00ed en Espa\u00f1a por ejemplo si desaparece una chica es algo que se sabe en todo el pa\u00eds, casos como el de la jovencita Mal\u00e9n de 16 a\u00f1os que desapareci\u00f3 en Mallorca en el a\u00f1o 2013. En su b\u00fasqueda hubo mucha movilizaci\u00f3n, yo como periodista viajaba entre Madrid y Mallorca para cubrir la informaci\u00f3n de Mal\u00e9n, es verdad que despu\u00e9s se pierde la fuerza de mantener la denuncia p\u00fablica, pero los casos estuvo cada d\u00eda durante meses como parte de la portada del diario, los informativos , todo el mundo sab\u00eda qui\u00e9n era la jovencita <strong>Mal\u00e9n Ortiz<\/strong><\/span><strong>.<\/strong><\/p>\n<p style=\"text-align: left;\"><strong><span style=\"font-size: 10pt; font-family: 'trebuchet ms', geneva;\">Quieres decir que aqu\u00ed si desaparece una chica es importante y en M\u00e9xico no?<\/span><\/strong><\/p>\n<p style=\"text-align: left;\"><span style=\"font-size: 10pt; font-family: 'trebuchet ms', geneva;\">Si embargo, en M\u00e9xico debe ser un caso tremendamente escandaloso, como el caso de la ni\u00f1a <strong>Airis<\/strong> de siete a\u00f1os, que desapareci\u00f3 y fue brutalmente asesinada en Ju\u00e1rez, s\u00f3lo fue por la dureza del caso que los medios de comunicaci\u00f3n se interesarse en mostrarlo. Creo que adem\u00e1s de la negligencia de las autoridades mexicanas est\u00e1 el poco inter\u00e9s de los medios de comunicaci\u00f3n que deber\u00edan hacer fuerza para empujar a estas autoridades, y que al menos sientan verg\u00fcenza por no estar haciendo su trabajo.<\/span><\/p>\n<p style=\"text-align: left;\"><strong><span style=\"font-size: 10pt; font-family: 'trebuchet ms', geneva;\">Al acompa\u00f1ar Mal\u00fa en diferentes espacios informativos para presentar el libro, has o\u00eddo el efecto que causa escuchar una historia como la de Mal\u00fa Andrade?<\/span><\/strong><\/p>\n<p style=\"text-align: left;\"><span style=\"font-size: 10pt; font-family: 'trebuchet ms', geneva;\">Si, en Espa\u00f1a es verdad que sobre Ju\u00e1rez los medios de comunicaci\u00f3n ya conocen el contexto, lo que permite darles voz a personas como <strong>Mal\u00fa<\/strong>. Aqui tiene un efecto, la gente est\u00e1 muy sensibilizada, y creo que en M\u00e9xico tambi\u00e9n tiene un efecto.<\/span><\/p>\n<p style=\"text-align: left;\"><span style=\"font-size: 10pt; font-family: 'trebuchet ms', geneva;\">Ayer me contaba Mal\u00fa que justo ahora que estamos presentando en Madrid y Barcelona el libro, ha salido a la prensa de Chihuahua una columna donde dicen que Mal\u00fa s\u00f3lo viene a Espa\u00f1a a ensuciar la imagen de la ciudad de Ju\u00e1rez, que Mal\u00fa en una obsesiva y enfermiza con el tema, y ??explica el diario que esto contrasta con el trabajo del gobernador que se encarga de promover positivamente a Ju\u00e1rez. Entonces &#8230; pienso que hay un efecto, y todav\u00eda m\u00e1s porque Mal\u00fa no centra s\u00f3lo la problem\u00e1tica como algo que \u00fanicamente sucede en Ju\u00e1rez, ella habla de que es un problema estructural de su pa\u00eds. Este modo de se\u00f1alarla es absurda y sin una investigaci\u00f3n de por medio para que las cifras hablan por s\u00ed solas. Funcionariado y periodistas deben comprobar que en estos momentos hay treinta madres con hijas desaparecidas, esto tan s\u00f3lo desde el comienzo del a\u00f1o en Ciudad Ju\u00e1rez.<\/span><\/p>\n<p style=\"text-align: left;\">\u00a0<\/p>\n<p style=\"text-align: left;\"><span style=\"font-size: 10pt; font-family: trebuchet ms,geneva;\"><img decoding=\"async\" class=\"size-full wp-image-30982 lazyload\" style=\"--smush-placeholder-width: 326px; --smush-placeholder-aspect-ratio: 326\/245;display: block; margin-left: auto; margin-right: auto;\" data-src=\"https:\/\/laindependent.cat\/wp-content\/uploads\/2015\/06\/Malu_Andrade_en_Ciudad_Juarez.jpg\" alt=\"Malu Andrade en Ciudad Ju\u00e1rez\" width=\"326\" height=\"245\" data-srcset=\"https:\/\/laindependent.cat\/wp-content\/uploads\/2015\/06\/Malu_Andrade_en_Ciudad_Juarez.jpg 400w, https:\/\/laindependent.cat\/wp-content\/uploads\/2015\/06\/Malu_Andrade_en_Ciudad_Juarez-300x225.jpg 300w\" data-sizes=\"(max-width: 326px) 100vw, 326px\" src=\"data:image\/svg+xml;base64,PHN2ZyB3aWR0aD0iMSIgaGVpZ2h0PSIxIiB4bWxucz0iaHR0cDovL3d3dy53My5vcmcvMjAwMC9zdmciPjwvc3ZnPg==\" \/><\/span><\/p>\n<p style=\"text-align: center;\"><span style=\"font-size: 8pt;\">Mal\u00fa Andrade y su escolta, que la acompa\u00f1a en todo momento ya que est\u00e1 amenazada de muerte.<\/span><\/p>\n<p style=\"text-align: left;\">\u00a0<\/p>\n<p style=\"text-align: left;\"><strong><span style=\"font-size: 10pt; font-family: 'trebuchet ms', geneva;\">\u00bfCu\u00e1l es el prop\u00f3sito de la publicaci\u00f3n de este libro &#8220;De vuelta a casa&#8221;?<\/span><\/strong><\/p>\n<p style=\"text-align: left;\"><span style=\"font-size: 10pt; font-family: 'trebuchet ms', geneva;\">Espero que con el libro se pueda remover conciencias de la gente que no saben a fondo del tema. Hay generaciones que quiz\u00e1s no sepan que hay un pa\u00eds donde las mujeres no valen nada y que pueden hacer de ellas lo que sea. Me interesa que el libro llegue a los medios de comunicaci\u00f3n y que a nivel internacional no se deje de escuchar esta terrible realidad. Tambi\u00e9n con el libro espero que al menos se pongan un poco rojos y les caiga la cara de verg\u00fcenza a los que gobiernan este sistema de impunidad mexicano, creo que esta impunidad es el fondo de todo lo que sucede en Ju\u00e1rez y que por desgracia se ha extendido por todo el pa\u00eds. Mira, en Ju\u00e1rez me entrevist\u00e9 con las autoridades mexicanas y me dijeron que ya ten\u00edan identificado al asesino de <strong>Alejandra Andrade<\/strong>, la hermana de Mal\u00fa, que sab\u00edan el perfil del asesino y de otros involucrados con el crimen, que se ten\u00eda a trav\u00e9s de pruebas del semen que ten\u00eda Alejandra cuando fue torturada sexualmente, a un a\u00f1o de mi entrevista con estas autoridades, aunque no hay orden de aprehensi\u00f3n aunque me aseguraron que esta persona la aprisionar\u00edan muy pronto. Y no ha pasado nada, eso es impunidad y complicidad.<\/span><\/p>\n<p style=\"text-align: left;\"><strong><span style=\"font-size: 10pt; font-family: 'trebuchet ms', geneva;\">Nota:<\/span><\/strong><\/p>\n<p style=\"text-align: left;\"><span style=\"font-size: 10pt; font-family: 'trebuchet ms', geneva;\">* <span style=\"font-size: 8pt;\">Norma Andrade es cofundadora de &#8220;Nuestras hijas de vuelta a casa&#8221;. En la foto muestra uno de los carteles pidiendo justicia con la imagen de su hija Alejandra.<\/span><\/span><\/p>\n<p style=\"text-align: left;\"><span style=\"font-size: 8pt; font-family: 'trebuchet ms', geneva;\">* La Comisi\u00f3n Interamericana de Derechos Humanos (o CIDH) es una de las dos entidades del sistema interamericano de protecci\u00f3n de derechos humanos con sede en Washington DC de los Estados Unidos. El otro organismo del sistema es la Corte Interamericana de Derechos Humanos (Corte IDH). La Comisi\u00f3n est\u00e1 integrada por 7 personas de reconocida trayectoria, electos a t\u00edtulo personal y no como representantes de ning\u00fan gobierno.<\/span><\/p>\n<p style=\"text-align: left;\"><span style=\"font-size: 10pt; font-family: 'trebuchet ms', geneva;\">\u00a0<\/span><\/p>\n","protected":false},"excerpt":{"rendered":"<p>\u00a0 \u00a0 Norma Andrade* II parte de la entrevista de La Independent, donde Malu Andrade explica los resultados de los casos presentados a la Comisi\u00f3n Interamericana de Derechos Humanos (CIDH), ya la Corte Interamericana de Derechos Humanos (Corte IDH). Y [&hellip;]<\/p>\n","protected":false},"author":94,"featured_media":30980,"comment_status":"open","ping_status":"","sticky":false,"template":"","format":"standard","meta":{"footnotes":""},"categories":[26481],"tags":[36107,36109,36105,36104,36106,28394],"class_list":["post-61937","post","type-post","status-publish","format-standard","has-post-thumbnail","hentry","category-feminicidios","tag-airis","tag-alejandra-andrade","tag-arisela-ortiz","tag-ciodh","tag-malen-ortiz","tag-malu-andrade"],"yoast_head":"<!-- This site is optimized with the Yoast SEO plugin v27.4 - https:\/\/yoast.com\/product\/yoast-seo-wordpress\/ -->\n<title>Mal\u00fa Andrade: Nuestras hijas de Regreso a Casa (IIa.part) | La Independent<\/title>\n<meta name=\"description\" content=\"\u00a0 \u00a0 Norma Andrade* II parte de la entrevista de La Independent, donde Malu Andrade explica los resultados de los casos presentados a la Comisi\u00f3n\" \/>\n<meta name=\"robots\" content=\"index, follow, max-snippet:-1, max-image-preview:large, max-video-preview:-1\" \/>\n<link rel=\"canonical\" href=\"https:\/\/laindependent.cat\/es\/malu-andrade-nuestras-hijas-de-regreso-a-casa-iiapart\/\" \/>\n<meta property=\"og:locale\" content=\"es_ES\" \/>\n<meta property=\"og:type\" content=\"article\" \/>\n<meta property=\"og:title\" content=\"Mal\u00fa Andrade: Nuestras hijas de Regreso a Casa (IIa.part) | La Independent\" \/>\n<meta property=\"og:description\" content=\"\u00a0 \u00a0 Norma Andrade* II parte de la entrevista de La Independent, donde Malu Andrade explica los resultados de los casos presentados a la Comisi\u00f3n\" \/>\n<meta property=\"og:url\" content=\"https:\/\/laindependent.cat\/es\/malu-andrade-nuestras-hijas-de-regreso-a-casa-iiapart\/\" \/>\n<meta property=\"og:site_name\" content=\"La Independent\" \/>\n<meta property=\"article:published_time\" content=\"2015-06-04T18:20:32+00:00\" \/>\n<meta property=\"og:image\" content=\"https:\/\/laindependent.cat\/wp-content\/uploads\/2015\/06\/Norma_Andrade_Justicia_para_Alejandra.jpg\" \/>\n<meta name=\"author\" content=\"Amada Santos\" \/>\n<meta name=\"twitter:card\" content=\"summary_large_image\" \/>\n<meta name=\"twitter:label1\" content=\"Escrito por\" \/>\n\t<meta name=\"twitter:data1\" content=\"Amada Santos\" \/>\n\t<meta name=\"twitter:label2\" content=\"Tiempo de lectura\" \/>\n\t<meta name=\"twitter:data2\" content=\"10 minutos\" \/>\n<script type=\"application\/ld+json\" class=\"yoast-schema-graph\">{\"@context\":\"https:\\\/\\\/schema.org\",\"@graph\":[{\"@type\":\"Article\",\"@id\":\"https:\\\/\\\/laindependent.cat\\\/es\\\/malu-andrade-nuestras-hijas-de-regreso-a-casa-iiapart\\\/#article\",\"isPartOf\":{\"@id\":\"https:\\\/\\\/laindependent.cat\\\/es\\\/malu-andrade-nuestras-hijas-de-regreso-a-casa-iiapart\\\/\"},\"author\":{\"name\":\"Amada Santos\",\"@id\":\"https:\\\/\\\/laindependent.cat\\\/es\\\/#\\\/schema\\\/person\\\/c0bbc88d6bb99ffe6206fec7daa8d5f1\"},\"headline\":\"Mal\u00fa Andrade: Nuestras hijas de Regreso a Casa (IIa.part)\",\"datePublished\":\"2015-06-04T18:20:32+00:00\",\"mainEntityOfPage\":{\"@id\":\"https:\\\/\\\/laindependent.cat\\\/es\\\/malu-andrade-nuestras-hijas-de-regreso-a-casa-iiapart\\\/\"},\"wordCount\":2104,\"commentCount\":0,\"publisher\":{\"@id\":\"https:\\\/\\\/laindependent.cat\\\/es\\\/#organization\"},\"image\":{\"@id\":\"https:\\\/\\\/laindependent.cat\\\/es\\\/malu-andrade-nuestras-hijas-de-regreso-a-casa-iiapart\\\/#primaryimage\"},\"thumbnailUrl\":\"https:\\\/\\\/laindependent.cat\\\/wp-content\\\/uploads\\\/2015\\\/06\\\/Norma_Andrade_Justicia_para_Alejandra.jpg\",\"keywords\":[\"Airis\",\"Alejandra Andrade\",\"arisela Ortiz\",\"CIODH\",\"Malen Ortiz\",\"Mal\u00fa Andrade\"],\"articleSection\":[\"Feminicidio\"],\"inLanguage\":\"es\",\"potentialAction\":[{\"@type\":\"CommentAction\",\"name\":\"Comment\",\"target\":[\"https:\\\/\\\/laindependent.cat\\\/es\\\/malu-andrade-nuestras-hijas-de-regreso-a-casa-iiapart\\\/#respond\"]}]},{\"@type\":\"WebPage\",\"@id\":\"https:\\\/\\\/laindependent.cat\\\/es\\\/malu-andrade-nuestras-hijas-de-regreso-a-casa-iiapart\\\/\",\"url\":\"https:\\\/\\\/laindependent.cat\\\/es\\\/malu-andrade-nuestras-hijas-de-regreso-a-casa-iiapart\\\/\",\"name\":\"Mal\u00fa Andrade: Nuestras hijas de Regreso a Casa (IIa.part) | La Independent\",\"isPartOf\":{\"@id\":\"https:\\\/\\\/laindependent.cat\\\/es\\\/#website\"},\"primaryImageOfPage\":{\"@id\":\"https:\\\/\\\/laindependent.cat\\\/es\\\/malu-andrade-nuestras-hijas-de-regreso-a-casa-iiapart\\\/#primaryimage\"},\"image\":{\"@id\":\"https:\\\/\\\/laindependent.cat\\\/es\\\/malu-andrade-nuestras-hijas-de-regreso-a-casa-iiapart\\\/#primaryimage\"},\"thumbnailUrl\":\"https:\\\/\\\/laindependent.cat\\\/wp-content\\\/uploads\\\/2015\\\/06\\\/Norma_Andrade_Justicia_para_Alejandra.jpg\",\"datePublished\":\"2015-06-04T18:20:32+00:00\",\"description\":\"\u00a0 \u00a0 Norma Andrade* II parte de la entrevista de La Independent, donde Malu Andrade explica los resultados de los casos presentados a la Comisi\u00f3n\",\"breadcrumb\":{\"@id\":\"https:\\\/\\\/laindependent.cat\\\/es\\\/malu-andrade-nuestras-hijas-de-regreso-a-casa-iiapart\\\/#breadcrumb\"},\"inLanguage\":\"es\",\"potentialAction\":[{\"@type\":\"ReadAction\",\"target\":[\"https:\\\/\\\/laindependent.cat\\\/es\\\/malu-andrade-nuestras-hijas-de-regreso-a-casa-iiapart\\\/\"]}]},{\"@type\":\"ImageObject\",\"inLanguage\":\"es\",\"@id\":\"https:\\\/\\\/laindependent.cat\\\/es\\\/malu-andrade-nuestras-hijas-de-regreso-a-casa-iiapart\\\/#primaryimage\",\"url\":\"https:\\\/\\\/laindependent.cat\\\/wp-content\\\/uploads\\\/2015\\\/06\\\/Norma_Andrade_Justicia_para_Alejandra.jpg\",\"contentUrl\":\"https:\\\/\\\/laindependent.cat\\\/wp-content\\\/uploads\\\/2015\\\/06\\\/Norma_Andrade_Justicia_para_Alejandra.jpg\",\"width\":400,\"height\":300},{\"@type\":\"BreadcrumbList\",\"@id\":\"https:\\\/\\\/laindependent.cat\\\/es\\\/malu-andrade-nuestras-hijas-de-regreso-a-casa-iiapart\\\/#breadcrumb\",\"itemListElement\":[{\"@type\":\"ListItem\",\"position\":1,\"name\":\"Inici\",\"item\":\"https:\\\/\\\/laindependent.cat\\\/es\\\/la-independent\\\/\"},{\"@type\":\"ListItem\",\"position\":2,\"name\":\"Violencias\",\"item\":\"https:\\\/\\\/laindependent.cat\\\/es\\\/tema\\\/violencias\\\/\"},{\"@type\":\"ListItem\",\"position\":3,\"name\":\"Feminicidio\",\"item\":\"https:\\\/\\\/laindependent.cat\\\/es\\\/tema\\\/violencias\\\/feminicidios\\\/\"},{\"@type\":\"ListItem\",\"position\":4,\"name\":\"Mal\u00fa Andrade: Nuestras hijas de Regreso a Casa (IIa.part)\"}]},{\"@type\":\"WebSite\",\"@id\":\"https:\\\/\\\/laindependent.cat\\\/es\\\/#website\",\"url\":\"https:\\\/\\\/laindependent.cat\\\/es\\\/\",\"name\":\"La Independent\",\"description\":\"Ag\u00e8ncia de not\u00edcies amb visi\u00f3 de g\u00e8nere\",\"publisher\":{\"@id\":\"https:\\\/\\\/laindependent.cat\\\/es\\\/#organization\"},\"alternateName\":\"Ag\u00e8ncia de not\u00edcies amb visi\u00f3 de g\u00e8nere\",\"potentialAction\":[{\"@type\":\"SearchAction\",\"target\":{\"@type\":\"EntryPoint\",\"urlTemplate\":\"https:\\\/\\\/laindependent.cat\\\/es\\\/?s={search_term_string}\"},\"query-input\":{\"@type\":\"PropertyValueSpecification\",\"valueRequired\":true,\"valueName\":\"search_term_string\"}}],\"inLanguage\":\"es\"},{\"@type\":\"Organization\",\"@id\":\"https:\\\/\\\/laindependent.cat\\\/es\\\/#organization\",\"name\":\"La Independent\",\"alternateName\":\"Ag\u00e8ncia de not\u00edcies amb visi\u00f3 de g\u00e8nere\",\"url\":\"https:\\\/\\\/laindependent.cat\\\/es\\\/\",\"logo\":{\"@type\":\"ImageObject\",\"inLanguage\":\"es\",\"@id\":\"https:\\\/\\\/laindependent.cat\\\/es\\\/#\\\/schema\\\/logo\\\/image\\\/\",\"url\":\"https:\\\/\\\/laindependent.cat\\\/wp-content\\\/uploads\\\/2022\\\/10\\\/logo-independent.svg\",\"contentUrl\":\"https:\\\/\\\/laindependent.cat\\\/wp-content\\\/uploads\\\/2022\\\/10\\\/logo-independent.svg\",\"width\":562,\"height\":78,\"caption\":\"La Independent\"},\"image\":{\"@id\":\"https:\\\/\\\/laindependent.cat\\\/es\\\/#\\\/schema\\\/logo\\\/image\\\/\"}},{\"@type\":\"Person\",\"@id\":\"https:\\\/\\\/laindependent.cat\\\/es\\\/#\\\/schema\\\/person\\\/c0bbc88d6bb99ffe6206fec7daa8d5f1\",\"name\":\"Amada Santos\",\"image\":{\"@type\":\"ImageObject\",\"inLanguage\":\"es\",\"@id\":\"https:\\\/\\\/secure.gravatar.com\\\/avatar\\\/ddc329d5c10903319ef8e7bfda1f33c1798763e44bd30548785c262d0a7d5683?s=96&d=blank&r=g\",\"url\":\"https:\\\/\\\/secure.gravatar.com\\\/avatar\\\/ddc329d5c10903319ef8e7bfda1f33c1798763e44bd30548785c262d0a7d5683?s=96&d=blank&r=g\",\"contentUrl\":\"https:\\\/\\\/secure.gravatar.com\\\/avatar\\\/ddc329d5c10903319ef8e7bfda1f33c1798763e44bd30548785c262d0a7d5683?s=96&d=blank&r=g\",\"caption\":\"Amada Santos\"},\"description\":\"Fotoperiodista i Soci\u00f3loga. Activista Feminista, Defensora DDHH i Cooperant. Presidenta de la XIDPIC.Cat. Co-coordinadora i Editora de La Independent. Coordinadora Internacional a la RIPVG\",\"url\":\"https:\\\/\\\/laindependent.cat\\\/es\\\/author\\\/amada-santos\\\/\"}]}<\/script>\n<!-- \/ Yoast SEO plugin. -->","yoast_head_json":{"title":"Mal\u00fa Andrade: Nuestras hijas de Regreso a Casa (IIa.part) | La Independent","description":"\u00a0 \u00a0 Norma Andrade* II parte de la entrevista de La Independent, donde Malu Andrade explica los resultados de los casos presentados a la Comisi\u00f3n","robots":{"index":"index","follow":"follow","max-snippet":"max-snippet:-1","max-image-preview":"max-image-preview:large","max-video-preview":"max-video-preview:-1"},"canonical":"https:\/\/laindependent.cat\/es\/malu-andrade-nuestras-hijas-de-regreso-a-casa-iiapart\/","og_locale":"es_ES","og_type":"article","og_title":"Mal\u00fa Andrade: Nuestras hijas de Regreso a Casa (IIa.part) | La Independent","og_description":"\u00a0 \u00a0 Norma Andrade* II parte de la entrevista de La Independent, donde Malu Andrade explica los resultados de los casos presentados a la Comisi\u00f3n","og_url":"https:\/\/laindependent.cat\/es\/malu-andrade-nuestras-hijas-de-regreso-a-casa-iiapart\/","og_site_name":"La Independent","article_published_time":"2015-06-04T18:20:32+00:00","og_image":[{"url":"https:\/\/laindependent.cat\/wp-content\/uploads\/2015\/06\/Norma_Andrade_Justicia_para_Alejandra.jpg","type":"","width":"","height":""}],"author":"Amada Santos","twitter_card":"summary_large_image","twitter_misc":{"Escrito por":"Amada Santos","Tiempo de lectura":"10 minutos"},"schema":{"@context":"https:\/\/schema.org","@graph":[{"@type":"Article","@id":"https:\/\/laindependent.cat\/es\/malu-andrade-nuestras-hijas-de-regreso-a-casa-iiapart\/#article","isPartOf":{"@id":"https:\/\/laindependent.cat\/es\/malu-andrade-nuestras-hijas-de-regreso-a-casa-iiapart\/"},"author":{"name":"Amada Santos","@id":"https:\/\/laindependent.cat\/es\/#\/schema\/person\/c0bbc88d6bb99ffe6206fec7daa8d5f1"},"headline":"Mal\u00fa Andrade: Nuestras hijas de Regreso a Casa (IIa.part)","datePublished":"2015-06-04T18:20:32+00:00","mainEntityOfPage":{"@id":"https:\/\/laindependent.cat\/es\/malu-andrade-nuestras-hijas-de-regreso-a-casa-iiapart\/"},"wordCount":2104,"commentCount":0,"publisher":{"@id":"https:\/\/laindependent.cat\/es\/#organization"},"image":{"@id":"https:\/\/laindependent.cat\/es\/malu-andrade-nuestras-hijas-de-regreso-a-casa-iiapart\/#primaryimage"},"thumbnailUrl":"https:\/\/laindependent.cat\/wp-content\/uploads\/2015\/06\/Norma_Andrade_Justicia_para_Alejandra.jpg","keywords":["Airis","Alejandra Andrade","arisela Ortiz","CIODH","Malen Ortiz","Mal\u00fa Andrade"],"articleSection":["Feminicidio"],"inLanguage":"es","potentialAction":[{"@type":"CommentAction","name":"Comment","target":["https:\/\/laindependent.cat\/es\/malu-andrade-nuestras-hijas-de-regreso-a-casa-iiapart\/#respond"]}]},{"@type":"WebPage","@id":"https:\/\/laindependent.cat\/es\/malu-andrade-nuestras-hijas-de-regreso-a-casa-iiapart\/","url":"https:\/\/laindependent.cat\/es\/malu-andrade-nuestras-hijas-de-regreso-a-casa-iiapart\/","name":"Mal\u00fa Andrade: Nuestras hijas de Regreso a Casa (IIa.part) | La Independent","isPartOf":{"@id":"https:\/\/laindependent.cat\/es\/#website"},"primaryImageOfPage":{"@id":"https:\/\/laindependent.cat\/es\/malu-andrade-nuestras-hijas-de-regreso-a-casa-iiapart\/#primaryimage"},"image":{"@id":"https:\/\/laindependent.cat\/es\/malu-andrade-nuestras-hijas-de-regreso-a-casa-iiapart\/#primaryimage"},"thumbnailUrl":"https:\/\/laindependent.cat\/wp-content\/uploads\/2015\/06\/Norma_Andrade_Justicia_para_Alejandra.jpg","datePublished":"2015-06-04T18:20:32+00:00","description":"\u00a0 \u00a0 Norma Andrade* II parte de la entrevista de La Independent, donde Malu Andrade explica los resultados de los casos presentados a la Comisi\u00f3n","breadcrumb":{"@id":"https:\/\/laindependent.cat\/es\/malu-andrade-nuestras-hijas-de-regreso-a-casa-iiapart\/#breadcrumb"},"inLanguage":"es","potentialAction":[{"@type":"ReadAction","target":["https:\/\/laindependent.cat\/es\/malu-andrade-nuestras-hijas-de-regreso-a-casa-iiapart\/"]}]},{"@type":"ImageObject","inLanguage":"es","@id":"https:\/\/laindependent.cat\/es\/malu-andrade-nuestras-hijas-de-regreso-a-casa-iiapart\/#primaryimage","url":"https:\/\/laindependent.cat\/wp-content\/uploads\/2015\/06\/Norma_Andrade_Justicia_para_Alejandra.jpg","contentUrl":"https:\/\/laindependent.cat\/wp-content\/uploads\/2015\/06\/Norma_Andrade_Justicia_para_Alejandra.jpg","width":400,"height":300},{"@type":"BreadcrumbList","@id":"https:\/\/laindependent.cat\/es\/malu-andrade-nuestras-hijas-de-regreso-a-casa-iiapart\/#breadcrumb","itemListElement":[{"@type":"ListItem","position":1,"name":"Inici","item":"https:\/\/laindependent.cat\/es\/la-independent\/"},{"@type":"ListItem","position":2,"name":"Violencias","item":"https:\/\/laindependent.cat\/es\/tema\/violencias\/"},{"@type":"ListItem","position":3,"name":"Feminicidio","item":"https:\/\/laindependent.cat\/es\/tema\/violencias\/feminicidios\/"},{"@type":"ListItem","position":4,"name":"Mal\u00fa Andrade: Nuestras hijas de Regreso a Casa (IIa.part)"}]},{"@type":"WebSite","@id":"https:\/\/laindependent.cat\/es\/#website","url":"https:\/\/laindependent.cat\/es\/","name":"La Independent","description":"Ag\u00e8ncia de not\u00edcies amb visi\u00f3 de g\u00e8nere","publisher":{"@id":"https:\/\/laindependent.cat\/es\/#organization"},"alternateName":"Ag\u00e8ncia de not\u00edcies amb visi\u00f3 de g\u00e8nere","potentialAction":[{"@type":"SearchAction","target":{"@type":"EntryPoint","urlTemplate":"https:\/\/laindependent.cat\/es\/?s={search_term_string}"},"query-input":{"@type":"PropertyValueSpecification","valueRequired":true,"valueName":"search_term_string"}}],"inLanguage":"es"},{"@type":"Organization","@id":"https:\/\/laindependent.cat\/es\/#organization","name":"La Independent","alternateName":"Ag\u00e8ncia de not\u00edcies amb visi\u00f3 de g\u00e8nere","url":"https:\/\/laindependent.cat\/es\/","logo":{"@type":"ImageObject","inLanguage":"es","@id":"https:\/\/laindependent.cat\/es\/#\/schema\/logo\/image\/","url":"https:\/\/laindependent.cat\/wp-content\/uploads\/2022\/10\/logo-independent.svg","contentUrl":"https:\/\/laindependent.cat\/wp-content\/uploads\/2022\/10\/logo-independent.svg","width":562,"height":78,"caption":"La Independent"},"image":{"@id":"https:\/\/laindependent.cat\/es\/#\/schema\/logo\/image\/"}},{"@type":"Person","@id":"https:\/\/laindependent.cat\/es\/#\/schema\/person\/c0bbc88d6bb99ffe6206fec7daa8d5f1","name":"Amada Santos","image":{"@type":"ImageObject","inLanguage":"es","@id":"https:\/\/secure.gravatar.com\/avatar\/ddc329d5c10903319ef8e7bfda1f33c1798763e44bd30548785c262d0a7d5683?s=96&d=blank&r=g","url":"https:\/\/secure.gravatar.com\/avatar\/ddc329d5c10903319ef8e7bfda1f33c1798763e44bd30548785c262d0a7d5683?s=96&d=blank&r=g","contentUrl":"https:\/\/secure.gravatar.com\/avatar\/ddc329d5c10903319ef8e7bfda1f33c1798763e44bd30548785c262d0a7d5683?s=96&d=blank&r=g","caption":"Amada Santos"},"description":"Fotoperiodista i Soci\u00f3loga. Activista Feminista, Defensora DDHH i Cooperant. Presidenta de la XIDPIC.Cat. Co-coordinadora i Editora de La Independent. Coordinadora Internacional a la RIPVG","url":"https:\/\/laindependent.cat\/es\/author\/amada-santos\/"}]}},"_links":{"self":[{"href":"https:\/\/laindependent.cat\/es\/wp-json\/wp\/v2\/posts\/61937","targetHints":{"allow":["GET"]}}],"collection":[{"href":"https:\/\/laindependent.cat\/es\/wp-json\/wp\/v2\/posts"}],"about":[{"href":"https:\/\/laindependent.cat\/es\/wp-json\/wp\/v2\/types\/post"}],"author":[{"embeddable":true,"href":"https:\/\/laindependent.cat\/es\/wp-json\/wp\/v2\/users\/94"}],"replies":[{"embeddable":true,"href":"https:\/\/laindependent.cat\/es\/wp-json\/wp\/v2\/comments?post=61937"}],"version-history":[{"count":0,"href":"https:\/\/laindependent.cat\/es\/wp-json\/wp\/v2\/posts\/61937\/revisions"}],"wp:featuredmedia":[{"embeddable":true,"href":"https:\/\/laindependent.cat\/es\/wp-json\/wp\/v2\/media\/30980"}],"wp:attachment":[{"href":"https:\/\/laindependent.cat\/es\/wp-json\/wp\/v2\/media?parent=61937"}],"wp:term":[{"taxonomy":"category","embeddable":true,"href":"https:\/\/laindependent.cat\/es\/wp-json\/wp\/v2\/categories?post=61937"},{"taxonomy":"post_tag","embeddable":true,"href":"https:\/\/laindependent.cat\/es\/wp-json\/wp\/v2\/tags?post=61937"}],"curies":[{"name":"wp","href":"https:\/\/api.w.org\/{rel}","templated":true}]}}