{"id":61879,"date":"2015-05-21T22:49:23","date_gmt":"2015-05-21T20:49:23","guid":{"rendered":"https:\/\/laindependent.cat\/catalunya-a-lucia-caram-i-a-teresa-forcades-sels-hi-vol-questionar-el-seu-activisme-la-independent-noticies-genere-2\/"},"modified":"2015-05-21T22:49:23","modified_gmt":"2015-05-21T20:49:23","slug":"catalunya-a-lucia-caram-i-a-teresa-forcades-sels-hi-vol-questionar-el-seu-activisme-la-independent-noticies-genere-2","status":"publish","type":"post","link":"https:\/\/laindependent.cat\/es\/catalunya-a-lucia-caram-i-a-teresa-forcades-sels-hi-vol-questionar-el-seu-activisme-la-independent-noticies-genere-2\/","title":{"rendered":"Catalunya: a Luc\u00eda Caram i a Teresa Forcades se&#8217;ls hi vol questionar el seu activisme \/ La Independent \/ Not\u00edcies g\u00e8nere"},"content":{"rendered":"<p>No hay traducci\u00f3n disponible<\/p>\n<p style=\"text-align: left;\"><strong><span style=\"font-size: 10pt;\"><span style=\"font-family: trebuchet ms,geneva;\"><span style=\"font-size: 10pt;\"><span style=\"font-family: trebuchet ms,geneva;\">Dones, activista social Lucia Caram i activista d&#8217;esquerres Teresa Forcades, <span style=\"font-size: 10pt;\"><span style=\"font-family: trebuchet ms,geneva;\"><span style=\"font-size: 10pt;\"><span style=\"font-family: trebuchet ms,geneva;\">independentistes,<\/span><\/span><\/span><\/span> <\/span><\/span><\/span><\/span><span style=\"font-size: 10pt;\"><span style=\"font-family: trebuchet ms,geneva;\"><span style=\"font-size: 10pt;\"><span style=\"font-family: trebuchet ms,geneva;\">ambdues monjes<\/span><\/span><\/span><\/span><span style=\"font-size: 10pt;\"><span style=\"font-family: trebuchet ms,geneva;\"><span style=\"font-size: 10pt;\"><span style=\"font-family: trebuchet ms,geneva;\"><\/span><\/span><\/span><\/span><\/strong><\/p>\n<p style=\"text-align: left;\"><strong><span style=\"font-size: 10pt;\"><span style=\"font-family: trebuchet ms,geneva;\">La Vanguardia del 19 de maig treia aquest titular &#8220;El Vatic\u00e0 examina l&#8217;activisme de les monjes Caram i Forcades&#8221; i aquest sotst\u00edtol &#8220;Luc\u00eda Caram, dominica, ha estat cridada a cap\u00edtol a Roma; Teresa Forcades, benedictina, es planteja l&#8217;exclaustraci\u00f3 per ser candidata a la presid\u00e8ncia de la Generalitat&#8221;.<\/span><\/span><\/strong><\/p>\n<p style=\"text-align: left;\">\u00a0<\/p>\n<p style=\"text-align: left;\">\u00a0<\/p>\n<p style=\"text-align: left;\">\u00a0<\/p>\n<p style=\"text-align: left;\">\u00a0<\/p>\n<p style=\"text-align: left;\"><span style=\"font-size: 10pt;\"><span style=\"font-family: trebuchet ms,geneva;\"><img fetchpriority=\"high\" decoding=\"async\" class=\" size-full wp-image-30918\" style=\"display: block; margin-left: auto; margin-right: auto;\" src=\"https:\/\/laindependent.cat\/wp-content\/uploads\/2015\/05\/Caram_i_Forcades_1.jpg\" alt=\"Caram i Forcades 1\" width=\"367\" height=\"220\" srcset=\"https:\/\/laindependent.cat\/wp-content\/uploads\/2015\/05\/Caram_i_Forcades_1.jpg 400w, https:\/\/laindependent.cat\/wp-content\/uploads\/2015\/05\/Caram_i_Forcades_1-300x180.jpg 300w\" sizes=\"(max-width: 367px) 100vw, 367px\" \/><\/span><\/span><\/p>\n<p style=\"text-align: left;\">\u00a0<\/p>\n<p><!--more--><\/p>\n<p style=\"text-align: left;\"><span style=\"font-family: trebuchet ms,geneva; font-size: 10pt;\">Sor Luc\u00eda Caram (Tucum\u00e1n, Argentina, 1966), monja dominica del convent de Santa Clara de Manresa, segons La Vanguardia fou cridada a cap\u00edtol per la nunciatura de la Santa Seu a Espanya i el passat divendres va ser rebuda al Vatic\u00e0 pel secretari de la Congregaci\u00f3 per als Instituts de Vida Consagrada.<\/span><\/p>\n<p style=\"text-align: left;\"><span style=\"font-family: trebuchet ms,geneva; font-size: 10pt;\"><strong>Teresa Forcades<\/strong> (Barcelona, 1966), segons la Vanguardia tamb\u00e9 podria ser objecte d&#8217;atenci\u00f3 ja que ha fet un pas m\u00e9s i acaba de comunicar a la plataforma Proc\u00e9s Constituent, de la qual \u00e9s fundadora, que podria demanar una exced\u00e8ncia del monestir per encap\u00e7alar una candidatura de conflu\u00e8ncia de l&#8217;esquerra sobiranista a les eleccions al Parlament de Catalunya del 27 de setembre.<\/span><\/p>\n<p style=\"text-align: left;\"><span style=\"font-size: 10pt;\"><span style=\"font-family: trebuchet ms,geneva;\">Ambdues han respost ampliament als mitjans, reivindicant la seva tasca i les seves idees i el seu dret d&#8217;activisme i participaci\u00f3 social i pol\u00edtica. Tamb\u00e9 ambdues han criticat que se les acusa en la seva condici\u00f3 de dones, i com a independentistes a banda de l&#8217;activisme. <br \/><\/span><\/span><\/p>\n<p style=\"text-align: left;\"><span style=\"font-size: 10pt;\"><span style=\"font-family: trebuchet ms,geneva;\">\u00c9s ben cert que molts homes d&#8217;esglesia han participat activament en la pol\u00edtica, capellans i bisbes i si b\u00e9 poden haber rebut cr\u00edtiques ideol\u00f2giques de la banda dels contraris, mai han estat objectes de desqualificaci\u00f3 per exercir aquest dret ciutad\u00e0 (des del primer alcalde democr\u00e0tic de Santa Coloma,\u00a0 Llu\u00eds Hern\u00e1ndez fins al bisbe Pere Casald\u00e0liga). <\/span><\/span><\/p>\n<p style=\"text-align: left;\"><span style=\"font-size: 10pt;\"><span style=\"font-family: trebuchet ms,geneva;\">Caram ha confirmat que la passada setmana va anar a Roma per iniciativa propia per tractar sobre les cr\u00edtiques a la seva persona. Tamb\u00e9 ha explicat que durant el Referendum del 9N fou amena\u00e7ada de mort.I ha estat justament ha estat aquesta setmana, despr\u00e9s de les declaracions quan ha participat\u00a0 per primer copo en un acte p\u00fablic de CiU, com a moderadora.\u00a0\u00a0 <\/span><\/span><\/p>\n<p style=\"text-align: left;\">\u00a0<\/p>\n<p style=\"text-align: left;\"><span style=\"font-size: 10pt;\"><span style=\"font-family: trebuchet ms,geneva;\">\u00a0\u00a0\u00a0 <img decoding=\"async\" class=\"size-full wp-image-30919 lazyload\" data-src=\"https:\/\/laindependent.cat\/wp-content\/uploads\/2015\/05\/Caram_i_Forcades_9.jpg\" alt=\"Caram i Forcades 9\" width=\"154\" height=\"116\" data-srcset=\"https:\/\/laindependent.cat\/wp-content\/uploads\/2015\/05\/Caram_i_Forcades_9.jpg 400w, https:\/\/laindependent.cat\/wp-content\/uploads\/2015\/05\/Caram_i_Forcades_9-300x224.jpg 300w\" data-sizes=\"(max-width: 154px) 100vw, 154px\" src=\"data:image\/svg+xml;base64,PHN2ZyB3aWR0aD0iMSIgaGVpZ2h0PSIxIiB4bWxucz0iaHR0cDovL3d3dy53My5vcmcvMjAwMC9zdmciPjwvc3ZnPg==\" style=\"--smush-placeholder-width: 154px; --smush-placeholder-aspect-ratio: 154\/116;\" \/>\u00a0 <img decoding=\"async\" class=\"size-full wp-image-30920 lazyload\" data-src=\"https:\/\/laindependent.cat\/wp-content\/uploads\/2015\/05\/Caram_i_Forcades_10.jpg\" alt=\"Caram i Forcades 10\" width=\"154\" height=\"114\" data-srcset=\"https:\/\/laindependent.cat\/wp-content\/uploads\/2015\/05\/Caram_i_Forcades_10.jpg 400w, https:\/\/laindependent.cat\/wp-content\/uploads\/2015\/05\/Caram_i_Forcades_10-300x224.jpg 300w\" data-sizes=\"(max-width: 154px) 100vw, 154px\" src=\"data:image\/svg+xml;base64,PHN2ZyB3aWR0aD0iMSIgaGVpZ2h0PSIxIiB4bWxucz0iaHR0cDovL3d3dy53My5vcmcvMjAwMC9zdmciPjwvc3ZnPg==\" style=\"--smush-placeholder-width: 154px; --smush-placeholder-aspect-ratio: 154\/114;\" \/>\u00a0 <img decoding=\"async\" class=\"size-full wp-image-30921 lazyload\" data-src=\"https:\/\/laindependent.cat\/wp-content\/uploads\/2015\/05\/Caram_i_Forcades_11.jpg\" alt=\"Caram i Forcades 11\" width=\"151\" height=\"114\" data-srcset=\"https:\/\/laindependent.cat\/wp-content\/uploads\/2015\/05\/Caram_i_Forcades_11.jpg 400w, https:\/\/laindependent.cat\/wp-content\/uploads\/2015\/05\/Caram_i_Forcades_11-300x224.jpg 300w\" data-sizes=\"(max-width: 151px) 100vw, 151px\" src=\"data:image\/svg+xml;base64,PHN2ZyB3aWR0aD0iMSIgaGVpZ2h0PSIxIiB4bWxucz0iaHR0cDovL3d3dy53My5vcmcvMjAwMC9zdmciPjwvc3ZnPg==\" style=\"--smush-placeholder-width: 151px; --smush-placeholder-aspect-ratio: 151\/114;\" \/><\/span><\/span><\/p>\n<p style=\"text-align: left;\"><span style=\"font-size: 10pt;\"><span style=\"font-family: trebuchet ms,geneva;\"><img decoding=\"async\" class=\"size-full wp-image-30922 lazyload\" data-src=\"https:\/\/laindependent.cat\/wp-content\/uploads\/2015\/05\/Caram_i_Forcades_2.jpg\" alt=\"Caram i Forcades 2\" width=\"126\" height=\"145\" data-srcset=\"https:\/\/laindependent.cat\/wp-content\/uploads\/2015\/05\/Caram_i_Forcades_2.jpg 400w, https:\/\/laindependent.cat\/wp-content\/uploads\/2015\/05\/Caram_i_Forcades_2-263x300.jpg 263w\" data-sizes=\"(max-width: 126px) 100vw, 126px\" src=\"data:image\/svg+xml;base64,PHN2ZyB3aWR0aD0iMSIgaGVpZ2h0PSIxIiB4bWxucz0iaHR0cDovL3d3dy53My5vcmcvMjAwMC9zdmciPjwvc3ZnPg==\" style=\"--smush-placeholder-width: 126px; --smush-placeholder-aspect-ratio: 126\/145;\" \/>\u00a0 <\/span><\/span><img decoding=\"async\" class=\"size-full wp-image-30923 lazyload\" data-src=\"https:\/\/laindependent.cat\/wp-content\/uploads\/2015\/05\/Caram_i_Forcades_3.jpg\" alt=\"Caram i Forcades 3\" width=\"194\" height=\"145\" data-srcset=\"https:\/\/laindependent.cat\/wp-content\/uploads\/2015\/05\/Caram_i_Forcades_3.jpg 400w, https:\/\/laindependent.cat\/wp-content\/uploads\/2015\/05\/Caram_i_Forcades_3-300x224.jpg 300w\" data-sizes=\"(max-width: 194px) 100vw, 194px\" src=\"data:image\/svg+xml;base64,PHN2ZyB3aWR0aD0iMSIgaGVpZ2h0PSIxIiB4bWxucz0iaHR0cDovL3d3dy53My5vcmcvMjAwMC9zdmciPjwvc3ZnPg==\" style=\"--smush-placeholder-width: 194px; --smush-placeholder-aspect-ratio: 194\/145;\" \/><\/p>\n<p style=\"text-align: left;\">\u00a0<\/p>\n<p style=\"text-align: left;\">\u00a0<\/p>\n<p style=\"text-align: left;\">\u00a0<\/p>\n<p style=\"text-align: left;\"><img decoding=\"async\" class=\"size-full wp-image-30924 lazyload\" data-src=\"https:\/\/laindependent.cat\/wp-content\/uploads\/2015\/05\/Caram_i_Forcades_5.jpg\" alt=\"Caram i Forcades 5\" width=\"146\" height=\"98\" src=\"data:image\/svg+xml;base64,PHN2ZyB3aWR0aD0iMSIgaGVpZ2h0PSIxIiB4bWxucz0iaHR0cDovL3d3dy53My5vcmcvMjAwMC9zdmciPjwvc3ZnPg==\" style=\"--smush-placeholder-width: 146px; --smush-placeholder-aspect-ratio: 146\/98;\" \/>\u00a0 <img decoding=\"async\" class=\"size-full wp-image-30925 lazyload\" data-src=\"https:\/\/laindependent.cat\/wp-content\/uploads\/2015\/05\/Caram_i_Forcades_6.jpg\" alt=\"Caram i Forcades 6\" width=\"144\" height=\"96\" src=\"data:image\/svg+xml;base64,PHN2ZyB3aWR0aD0iMSIgaGVpZ2h0PSIxIiB4bWxucz0iaHR0cDovL3d3dy53My5vcmcvMjAwMC9zdmciPjwvc3ZnPg==\" style=\"--smush-placeholder-width: 144px; --smush-placeholder-aspect-ratio: 144\/96;\" \/>\u00a0 <img decoding=\"async\" class=\"size-full wp-image-30926 lazyload\" data-src=\"https:\/\/laindependent.cat\/wp-content\/uploads\/2015\/05\/Caram_i_Forcades_8TV_1.jpg\" alt=\"Caram i Forcades 8TV 1\" width=\"146\" height=\"96\" src=\"data:image\/svg+xml;base64,PHN2ZyB3aWR0aD0iMSIgaGVpZ2h0PSIxIiB4bWxucz0iaHR0cDovL3d3dy53My5vcmcvMjAwMC9zdmciPjwvc3ZnPg==\" style=\"--smush-placeholder-width: 146px; --smush-placeholder-aspect-ratio: 146\/96;\" \/><\/p>\n<p style=\"text-align: left;\">\u00a0<\/p>\n<p style=\"text-align: left;\"><span style=\"font-family: trebuchet ms,geneva; font-size: 10pt;\">Teresa Forcades en una entrevista a 8 al dia de 8TV, va explicar que es postular\u00e0 com a candidata en nom de Proc\u00e9s Constituent, per\u00f2 volgu\u00e9 remarcar\u00a0 que esperar\u00e0 a plantejar-ho en una reuni\u00f3 ja prevista el 14 de juny i, a m\u00e9s, prefereix esperar que es convoquin les eleccions ja que desconf\u00eda del president Mas &#8220;perqu\u00e8 hi ha hagut il\u00b7lusi\u00f3 i despr\u00e9s s&#8217;acaba frustrant&#8221;. Demanar\u00e0 doncs l&#8217;exced\u00e8ncia quan les eleccions hagin estat convocades oficialment. Tamb\u00e9 vol constatar que el seu lideratge no sigui degut a l&#8217; h\u00e0bit&#8221;.<\/span><\/p>\n<p style=\"text-align: left;\"><span style=\"font-family: trebuchet ms,geneva; font-size: 10pt;\">Va explicar que la seva proposta inclou a la CUP, a Iniciativa i a Podem, i que \u00e9s una proposta unit\u00e0ria per\u00f2 rupturista.<\/span><\/p>\n<p style=\"text-align: left;\"><span style=\"font-family: trebuchet ms,geneva; font-size: 10pt;\">En l&#8217;\u00e0mbit m\u00e9s personal va dir que l&#8217;abadesa no l&#8217;ha pas amonestada ja que &#8220;la meva abadesa ajuda a cada monja a ser coherent&#8221;.<\/span><\/p>\n<p style=\"text-align: left;\">\u00a0<span style=\"font-family: trebuchet ms,geneva; font-size: 10pt;\">Finalment, e<\/span><span style=\"font-size: 10pt;\"><span style=\"font-family: trebuchet ms,geneva;\"><span style=\"font-size: 10pt;\">l<\/span> ministre de l&#8217;Interior,\u00a0<strong>Fern\u00e1ndez D\u00edaz<\/strong>, ha entrat tamb\u00e9 en el debat responent avui a periodistes a Tarragona i ha negat pressions contra la monja Sor Luc\u00eda Caram a fi que aquesta religiosa s&#8217;allunyi de la pol\u00edtica. Tot i negar aquests <\/span><span style=\"font-family: trebuchet ms,geneva;\">rumors considera que utilitzar &#8220;monges per fer pol\u00edtica al segle XXI no \u00e9s normal&#8221;. I en altres declaracions les relaciona &#8220;amb un altre nacional catolicisme&#8221;. <\/span><\/span><\/p>\n<p style=\"text-align: left;\"><span style=\"font-size: 10pt;\"><span style=\"font-family: trebuchet ms,geneva;\">En les diverses enquestes televisives m\u00e9s del 75% de la ciutadania opina que ambdues monjes com a ciutadanes tenen tot el dret de fer pol\u00edtica o activisme.<\/span><\/span><\/p>\n","protected":false},"excerpt":{"rendered":"<p>No hay traducci\u00f3n disponible Dones, activista social Lucia Caram i activista d&#8217;esquerres Teresa Forcades, independentistes, ambdues monjes La Vanguardia del 19 de maig treia aquest titular &#8220;El Vatic\u00e0 examina l&#8217;activisme de les monjes Caram i Forcades&#8221; i aquest sotst\u00edtol &#8220;Luc\u00eda [&hellip;]<\/p>\n","protected":false},"author":72,"featured_media":30918,"comment_status":"open","ping_status":"","sticky":false,"template":"","format":"standard","meta":{"footnotes":""},"categories":[26630],"tags":[36012],"class_list":["post-61879","post","type-post","status-publish","format-standard","has-post-thumbnail","hentry","category-es-movimientos-sociales-es-liderazgo","tag-lucia-caram"],"yoast_head":"<!-- This site is optimized with the Yoast SEO plugin v27.4 - https:\/\/yoast.com\/product\/yoast-seo-wordpress\/ -->\n<title>Catalunya: a Luc\u00eda Caram i a Teresa Forcades se&#039;ls hi vol questionar el seu activisme \/ La Independent \/ Not\u00edcies g\u00e8nere | La Independent<\/title>\n<meta name=\"description\" content=\"No hay traducci\u00f3n disponible Dones, activista social Lucia Caram i activista d&#039;esquerres Teresa Forcades, independentistes, ambdues monjes La Vanguardia\" \/>\n<meta name=\"robots\" content=\"index, follow, max-snippet:-1, max-image-preview:large, max-video-preview:-1\" \/>\n<link rel=\"canonical\" href=\"https:\/\/laindependent.cat\/es\/catalunya-a-lucia-caram-i-a-teresa-forcades-sels-hi-vol-questionar-el-seu-activisme-la-independent-noticies-genere-2\/\" \/>\n<meta property=\"og:locale\" content=\"es_ES\" \/>\n<meta property=\"og:type\" content=\"article\" \/>\n<meta property=\"og:title\" content=\"Catalunya: a Luc\u00eda Caram i a Teresa Forcades se&#039;ls hi vol questionar el seu activisme \/ La Independent \/ Not\u00edcies g\u00e8nere | La Independent\" \/>\n<meta property=\"og:description\" content=\"No hay traducci\u00f3n disponible Dones, activista social Lucia Caram i activista d&#039;esquerres Teresa Forcades, independentistes, ambdues monjes La Vanguardia\" \/>\n<meta property=\"og:url\" content=\"https:\/\/laindependent.cat\/es\/catalunya-a-lucia-caram-i-a-teresa-forcades-sels-hi-vol-questionar-el-seu-activisme-la-independent-noticies-genere-2\/\" \/>\n<meta property=\"og:site_name\" content=\"La Independent\" \/>\n<meta property=\"article:author\" content=\"https:\/\/www.facebook.com\/tona.gusi\" \/>\n<meta property=\"article:published_time\" content=\"2015-05-21T20:49:23+00:00\" \/>\n<meta property=\"og:image\" content=\"https:\/\/laindependent.cat\/wp-content\/uploads\/2015\/05\/Caram_i_Forcades_1.jpg\" \/>\n<meta name=\"author\" content=\"Tona Gusi\" \/>\n<meta name=\"twitter:card\" content=\"summary_large_image\" \/>\n<meta name=\"twitter:creator\" content=\"@https:\/\/twitter.com\/tonagusi\" \/>\n<meta name=\"twitter:label1\" content=\"Escrito por\" \/>\n\t<meta name=\"twitter:data1\" content=\"Tona Gusi\" \/>\n\t<meta name=\"twitter:label2\" content=\"Tiempo de lectura\" \/>\n\t<meta name=\"twitter:data2\" content=\"3 minutos\" \/>\n<script type=\"application\/ld+json\" class=\"yoast-schema-graph\">{\"@context\":\"https:\\\/\\\/schema.org\",\"@graph\":[{\"@type\":\"Article\",\"@id\":\"https:\\\/\\\/laindependent.cat\\\/es\\\/catalunya-a-lucia-caram-i-a-teresa-forcades-sels-hi-vol-questionar-el-seu-activisme-la-independent-noticies-genere-2\\\/#article\",\"isPartOf\":{\"@id\":\"https:\\\/\\\/laindependent.cat\\\/es\\\/catalunya-a-lucia-caram-i-a-teresa-forcades-sels-hi-vol-questionar-el-seu-activisme-la-independent-noticies-genere-2\\\/\"},\"author\":{\"name\":\"Tona Gusi\",\"@id\":\"https:\\\/\\\/laindependent.cat\\\/es\\\/#\\\/schema\\\/person\\\/48977a569b250ff82a4929194239bcc9\"},\"headline\":\"Catalunya: a Luc\u00eda Caram i a Teresa Forcades se&#8217;ls hi vol questionar el seu activisme \\\/ La Independent \\\/ Not\u00edcies g\u00e8nere\",\"datePublished\":\"2015-05-21T20:49:23+00:00\",\"mainEntityOfPage\":{\"@id\":\"https:\\\/\\\/laindependent.cat\\\/es\\\/catalunya-a-lucia-caram-i-a-teresa-forcades-sels-hi-vol-questionar-el-seu-activisme-la-independent-noticies-genere-2\\\/\"},\"wordCount\":641,\"commentCount\":0,\"publisher\":{\"@id\":\"https:\\\/\\\/laindependent.cat\\\/es\\\/#organization\"},\"image\":{\"@id\":\"https:\\\/\\\/laindependent.cat\\\/es\\\/catalunya-a-lucia-caram-i-a-teresa-forcades-sels-hi-vol-questionar-el-seu-activisme-la-independent-noticies-genere-2\\\/#primaryimage\"},\"thumbnailUrl\":\"https:\\\/\\\/laindependent.cat\\\/wp-content\\\/uploads\\\/2015\\\/05\\\/Caram_i_Forcades_1.jpg\",\"keywords\":[\"Luc\u00eda Caram\"],\"articleSection\":[\"Movimientos Sociales\"],\"inLanguage\":\"es\",\"potentialAction\":[{\"@type\":\"CommentAction\",\"name\":\"Comment\",\"target\":[\"https:\\\/\\\/laindependent.cat\\\/es\\\/catalunya-a-lucia-caram-i-a-teresa-forcades-sels-hi-vol-questionar-el-seu-activisme-la-independent-noticies-genere-2\\\/#respond\"]}]},{\"@type\":\"WebPage\",\"@id\":\"https:\\\/\\\/laindependent.cat\\\/es\\\/catalunya-a-lucia-caram-i-a-teresa-forcades-sels-hi-vol-questionar-el-seu-activisme-la-independent-noticies-genere-2\\\/\",\"url\":\"https:\\\/\\\/laindependent.cat\\\/es\\\/catalunya-a-lucia-caram-i-a-teresa-forcades-sels-hi-vol-questionar-el-seu-activisme-la-independent-noticies-genere-2\\\/\",\"name\":\"Catalunya: a Luc\u00eda Caram i a Teresa Forcades se'ls hi vol questionar el seu activisme \\\/ La Independent \\\/ Not\u00edcies g\u00e8nere | La Independent\",\"isPartOf\":{\"@id\":\"https:\\\/\\\/laindependent.cat\\\/es\\\/#website\"},\"primaryImageOfPage\":{\"@id\":\"https:\\\/\\\/laindependent.cat\\\/es\\\/catalunya-a-lucia-caram-i-a-teresa-forcades-sels-hi-vol-questionar-el-seu-activisme-la-independent-noticies-genere-2\\\/#primaryimage\"},\"image\":{\"@id\":\"https:\\\/\\\/laindependent.cat\\\/es\\\/catalunya-a-lucia-caram-i-a-teresa-forcades-sels-hi-vol-questionar-el-seu-activisme-la-independent-noticies-genere-2\\\/#primaryimage\"},\"thumbnailUrl\":\"https:\\\/\\\/laindependent.cat\\\/wp-content\\\/uploads\\\/2015\\\/05\\\/Caram_i_Forcades_1.jpg\",\"datePublished\":\"2015-05-21T20:49:23+00:00\",\"description\":\"No hay traducci\u00f3n disponible Dones, activista social Lucia Caram i activista d'esquerres Teresa Forcades, independentistes, ambdues monjes La Vanguardia\",\"breadcrumb\":{\"@id\":\"https:\\\/\\\/laindependent.cat\\\/es\\\/catalunya-a-lucia-caram-i-a-teresa-forcades-sels-hi-vol-questionar-el-seu-activisme-la-independent-noticies-genere-2\\\/#breadcrumb\"},\"inLanguage\":\"es\",\"potentialAction\":[{\"@type\":\"ReadAction\",\"target\":[\"https:\\\/\\\/laindependent.cat\\\/es\\\/catalunya-a-lucia-caram-i-a-teresa-forcades-sels-hi-vol-questionar-el-seu-activisme-la-independent-noticies-genere-2\\\/\"]}]},{\"@type\":\"ImageObject\",\"inLanguage\":\"es\",\"@id\":\"https:\\\/\\\/laindependent.cat\\\/es\\\/catalunya-a-lucia-caram-i-a-teresa-forcades-sels-hi-vol-questionar-el-seu-activisme-la-independent-noticies-genere-2\\\/#primaryimage\",\"url\":\"https:\\\/\\\/laindependent.cat\\\/wp-content\\\/uploads\\\/2015\\\/05\\\/Caram_i_Forcades_1.jpg\",\"contentUrl\":\"https:\\\/\\\/laindependent.cat\\\/wp-content\\\/uploads\\\/2015\\\/05\\\/Caram_i_Forcades_1.jpg\",\"width\":400,\"height\":240},{\"@type\":\"BreadcrumbList\",\"@id\":\"https:\\\/\\\/laindependent.cat\\\/es\\\/catalunya-a-lucia-caram-i-a-teresa-forcades-sels-hi-vol-questionar-el-seu-activisme-la-independent-noticies-genere-2\\\/#breadcrumb\",\"itemListElement\":[{\"@type\":\"ListItem\",\"position\":1,\"name\":\"Inici\",\"item\":\"https:\\\/\\\/laindependent.cat\\\/es\\\/la-independent\\\/\"},{\"@type\":\"ListItem\",\"position\":2,\"name\":\"Empoderamiento y Liderazgo\",\"item\":\"https:\\\/\\\/laindependent.cat\\\/es\\\/tema\\\/empoderamiento-liderazgo\\\/\"},{\"@type\":\"ListItem\",\"position\":3,\"name\":\"Movimientos Sociales\",\"item\":\"https:\\\/\\\/laindependent.cat\\\/es\\\/tema\\\/empoderamiento-liderazgo\\\/es-movimientos-sociales-es-liderazgo\\\/\"},{\"@type\":\"ListItem\",\"position\":4,\"name\":\"Catalunya: a Luc\u00eda Caram i a Teresa Forcades se&#8217;ls hi vol questionar el seu activisme \\\/ La Independent \\\/ Not\u00edcies g\u00e8nere\"}]},{\"@type\":\"WebSite\",\"@id\":\"https:\\\/\\\/laindependent.cat\\\/es\\\/#website\",\"url\":\"https:\\\/\\\/laindependent.cat\\\/es\\\/\",\"name\":\"La Independent\",\"description\":\"Ag\u00e8ncia de not\u00edcies amb visi\u00f3 de g\u00e8nere\",\"publisher\":{\"@id\":\"https:\\\/\\\/laindependent.cat\\\/es\\\/#organization\"},\"alternateName\":\"Ag\u00e8ncia de not\u00edcies amb visi\u00f3 de g\u00e8nere\",\"potentialAction\":[{\"@type\":\"SearchAction\",\"target\":{\"@type\":\"EntryPoint\",\"urlTemplate\":\"https:\\\/\\\/laindependent.cat\\\/es\\\/?s={search_term_string}\"},\"query-input\":{\"@type\":\"PropertyValueSpecification\",\"valueRequired\":true,\"valueName\":\"search_term_string\"}}],\"inLanguage\":\"es\"},{\"@type\":\"Organization\",\"@id\":\"https:\\\/\\\/laindependent.cat\\\/es\\\/#organization\",\"name\":\"La Independent\",\"alternateName\":\"Ag\u00e8ncia de not\u00edcies amb visi\u00f3 de g\u00e8nere\",\"url\":\"https:\\\/\\\/laindependent.cat\\\/es\\\/\",\"logo\":{\"@type\":\"ImageObject\",\"inLanguage\":\"es\",\"@id\":\"https:\\\/\\\/laindependent.cat\\\/es\\\/#\\\/schema\\\/logo\\\/image\\\/\",\"url\":\"https:\\\/\\\/laindependent.cat\\\/wp-content\\\/uploads\\\/2022\\\/10\\\/logo-independent.svg\",\"contentUrl\":\"https:\\\/\\\/laindependent.cat\\\/wp-content\\\/uploads\\\/2022\\\/10\\\/logo-independent.svg\",\"width\":562,\"height\":78,\"caption\":\"La Independent\"},\"image\":{\"@id\":\"https:\\\/\\\/laindependent.cat\\\/es\\\/#\\\/schema\\\/logo\\\/image\\\/\"}},{\"@type\":\"Person\",\"@id\":\"https:\\\/\\\/laindependent.cat\\\/es\\\/#\\\/schema\\\/person\\\/48977a569b250ff82a4929194239bcc9\",\"name\":\"Tona Gusi\",\"image\":{\"@type\":\"ImageObject\",\"inLanguage\":\"es\",\"@id\":\"https:\\\/\\\/secure.gravatar.com\\\/avatar\\\/d09891f52233d2ed7c2e066fc06640e576202983bf7f713e372185f035ac5f67?s=96&d=blank&r=g\",\"url\":\"https:\\\/\\\/secure.gravatar.com\\\/avatar\\\/d09891f52233d2ed7c2e066fc06640e576202983bf7f713e372185f035ac5f67?s=96&d=blank&r=g\",\"contentUrl\":\"https:\\\/\\\/secure.gravatar.com\\\/avatar\\\/d09891f52233d2ed7c2e066fc06640e576202983bf7f713e372185f035ac5f67?s=96&d=blank&r=g\",\"caption\":\"Tona Gusi\"},\"description\":\"Fundadora i Co-coordinadora de La Independent. Tamb\u00e9 \u00e9s psic\u00f2loga menci\u00f3 en Psicologia d'Intervenci\u00f3 Cl\u00ednica i menci\u00f3 en Psicologia del Treball i les Organitzacions.\",\"sameAs\":[\"https:\\\/\\\/www.facebook.com\\\/tona.gusi\",\"https:\\\/\\\/x.com\\\/https:\\\/\\\/twitter.com\\\/tonagusi\"],\"url\":\"https:\\\/\\\/laindependent.cat\\\/es\\\/author\\\/tona-gusi\\\/\"}]}<\/script>\n<!-- \/ Yoast SEO plugin. -->","yoast_head_json":{"title":"Catalunya: a Luc\u00eda Caram i a Teresa Forcades se'ls hi vol questionar el seu activisme \/ La Independent \/ Not\u00edcies g\u00e8nere | La Independent","description":"No hay traducci\u00f3n disponible Dones, activista social Lucia Caram i activista d'esquerres Teresa Forcades, independentistes, ambdues monjes La Vanguardia","robots":{"index":"index","follow":"follow","max-snippet":"max-snippet:-1","max-image-preview":"max-image-preview:large","max-video-preview":"max-video-preview:-1"},"canonical":"https:\/\/laindependent.cat\/es\/catalunya-a-lucia-caram-i-a-teresa-forcades-sels-hi-vol-questionar-el-seu-activisme-la-independent-noticies-genere-2\/","og_locale":"es_ES","og_type":"article","og_title":"Catalunya: a Luc\u00eda Caram i a Teresa Forcades se'ls hi vol questionar el seu activisme \/ La Independent \/ Not\u00edcies g\u00e8nere | La Independent","og_description":"No hay traducci\u00f3n disponible Dones, activista social Lucia Caram i activista d'esquerres Teresa Forcades, independentistes, ambdues monjes La Vanguardia","og_url":"https:\/\/laindependent.cat\/es\/catalunya-a-lucia-caram-i-a-teresa-forcades-sels-hi-vol-questionar-el-seu-activisme-la-independent-noticies-genere-2\/","og_site_name":"La Independent","article_author":"https:\/\/www.facebook.com\/tona.gusi","article_published_time":"2015-05-21T20:49:23+00:00","og_image":[{"url":"https:\/\/laindependent.cat\/wp-content\/uploads\/2015\/05\/Caram_i_Forcades_1.jpg","type":"","width":"","height":""}],"author":"Tona Gusi","twitter_card":"summary_large_image","twitter_creator":"@https:\/\/twitter.com\/tonagusi","twitter_misc":{"Escrito por":"Tona Gusi","Tiempo de lectura":"3 minutos"},"schema":{"@context":"https:\/\/schema.org","@graph":[{"@type":"Article","@id":"https:\/\/laindependent.cat\/es\/catalunya-a-lucia-caram-i-a-teresa-forcades-sels-hi-vol-questionar-el-seu-activisme-la-independent-noticies-genere-2\/#article","isPartOf":{"@id":"https:\/\/laindependent.cat\/es\/catalunya-a-lucia-caram-i-a-teresa-forcades-sels-hi-vol-questionar-el-seu-activisme-la-independent-noticies-genere-2\/"},"author":{"name":"Tona Gusi","@id":"https:\/\/laindependent.cat\/es\/#\/schema\/person\/48977a569b250ff82a4929194239bcc9"},"headline":"Catalunya: a Luc\u00eda Caram i a Teresa Forcades se&#8217;ls hi vol questionar el seu activisme \/ La Independent \/ Not\u00edcies g\u00e8nere","datePublished":"2015-05-21T20:49:23+00:00","mainEntityOfPage":{"@id":"https:\/\/laindependent.cat\/es\/catalunya-a-lucia-caram-i-a-teresa-forcades-sels-hi-vol-questionar-el-seu-activisme-la-independent-noticies-genere-2\/"},"wordCount":641,"commentCount":0,"publisher":{"@id":"https:\/\/laindependent.cat\/es\/#organization"},"image":{"@id":"https:\/\/laindependent.cat\/es\/catalunya-a-lucia-caram-i-a-teresa-forcades-sels-hi-vol-questionar-el-seu-activisme-la-independent-noticies-genere-2\/#primaryimage"},"thumbnailUrl":"https:\/\/laindependent.cat\/wp-content\/uploads\/2015\/05\/Caram_i_Forcades_1.jpg","keywords":["Luc\u00eda Caram"],"articleSection":["Movimientos Sociales"],"inLanguage":"es","potentialAction":[{"@type":"CommentAction","name":"Comment","target":["https:\/\/laindependent.cat\/es\/catalunya-a-lucia-caram-i-a-teresa-forcades-sels-hi-vol-questionar-el-seu-activisme-la-independent-noticies-genere-2\/#respond"]}]},{"@type":"WebPage","@id":"https:\/\/laindependent.cat\/es\/catalunya-a-lucia-caram-i-a-teresa-forcades-sels-hi-vol-questionar-el-seu-activisme-la-independent-noticies-genere-2\/","url":"https:\/\/laindependent.cat\/es\/catalunya-a-lucia-caram-i-a-teresa-forcades-sels-hi-vol-questionar-el-seu-activisme-la-independent-noticies-genere-2\/","name":"Catalunya: a Luc\u00eda Caram i a Teresa Forcades se'ls hi vol questionar el seu activisme \/ La Independent \/ Not\u00edcies g\u00e8nere | La Independent","isPartOf":{"@id":"https:\/\/laindependent.cat\/es\/#website"},"primaryImageOfPage":{"@id":"https:\/\/laindependent.cat\/es\/catalunya-a-lucia-caram-i-a-teresa-forcades-sels-hi-vol-questionar-el-seu-activisme-la-independent-noticies-genere-2\/#primaryimage"},"image":{"@id":"https:\/\/laindependent.cat\/es\/catalunya-a-lucia-caram-i-a-teresa-forcades-sels-hi-vol-questionar-el-seu-activisme-la-independent-noticies-genere-2\/#primaryimage"},"thumbnailUrl":"https:\/\/laindependent.cat\/wp-content\/uploads\/2015\/05\/Caram_i_Forcades_1.jpg","datePublished":"2015-05-21T20:49:23+00:00","description":"No hay traducci\u00f3n disponible Dones, activista social Lucia Caram i activista d'esquerres Teresa Forcades, independentistes, ambdues monjes La Vanguardia","breadcrumb":{"@id":"https:\/\/laindependent.cat\/es\/catalunya-a-lucia-caram-i-a-teresa-forcades-sels-hi-vol-questionar-el-seu-activisme-la-independent-noticies-genere-2\/#breadcrumb"},"inLanguage":"es","potentialAction":[{"@type":"ReadAction","target":["https:\/\/laindependent.cat\/es\/catalunya-a-lucia-caram-i-a-teresa-forcades-sels-hi-vol-questionar-el-seu-activisme-la-independent-noticies-genere-2\/"]}]},{"@type":"ImageObject","inLanguage":"es","@id":"https:\/\/laindependent.cat\/es\/catalunya-a-lucia-caram-i-a-teresa-forcades-sels-hi-vol-questionar-el-seu-activisme-la-independent-noticies-genere-2\/#primaryimage","url":"https:\/\/laindependent.cat\/wp-content\/uploads\/2015\/05\/Caram_i_Forcades_1.jpg","contentUrl":"https:\/\/laindependent.cat\/wp-content\/uploads\/2015\/05\/Caram_i_Forcades_1.jpg","width":400,"height":240},{"@type":"BreadcrumbList","@id":"https:\/\/laindependent.cat\/es\/catalunya-a-lucia-caram-i-a-teresa-forcades-sels-hi-vol-questionar-el-seu-activisme-la-independent-noticies-genere-2\/#breadcrumb","itemListElement":[{"@type":"ListItem","position":1,"name":"Inici","item":"https:\/\/laindependent.cat\/es\/la-independent\/"},{"@type":"ListItem","position":2,"name":"Empoderamiento y Liderazgo","item":"https:\/\/laindependent.cat\/es\/tema\/empoderamiento-liderazgo\/"},{"@type":"ListItem","position":3,"name":"Movimientos Sociales","item":"https:\/\/laindependent.cat\/es\/tema\/empoderamiento-liderazgo\/es-movimientos-sociales-es-liderazgo\/"},{"@type":"ListItem","position":4,"name":"Catalunya: a Luc\u00eda Caram i a Teresa Forcades se&#8217;ls hi vol questionar el seu activisme \/ La Independent \/ Not\u00edcies g\u00e8nere"}]},{"@type":"WebSite","@id":"https:\/\/laindependent.cat\/es\/#website","url":"https:\/\/laindependent.cat\/es\/","name":"La Independent","description":"Ag\u00e8ncia de not\u00edcies amb visi\u00f3 de g\u00e8nere","publisher":{"@id":"https:\/\/laindependent.cat\/es\/#organization"},"alternateName":"Ag\u00e8ncia de not\u00edcies amb visi\u00f3 de g\u00e8nere","potentialAction":[{"@type":"SearchAction","target":{"@type":"EntryPoint","urlTemplate":"https:\/\/laindependent.cat\/es\/?s={search_term_string}"},"query-input":{"@type":"PropertyValueSpecification","valueRequired":true,"valueName":"search_term_string"}}],"inLanguage":"es"},{"@type":"Organization","@id":"https:\/\/laindependent.cat\/es\/#organization","name":"La Independent","alternateName":"Ag\u00e8ncia de not\u00edcies amb visi\u00f3 de g\u00e8nere","url":"https:\/\/laindependent.cat\/es\/","logo":{"@type":"ImageObject","inLanguage":"es","@id":"https:\/\/laindependent.cat\/es\/#\/schema\/logo\/image\/","url":"https:\/\/laindependent.cat\/wp-content\/uploads\/2022\/10\/logo-independent.svg","contentUrl":"https:\/\/laindependent.cat\/wp-content\/uploads\/2022\/10\/logo-independent.svg","width":562,"height":78,"caption":"La Independent"},"image":{"@id":"https:\/\/laindependent.cat\/es\/#\/schema\/logo\/image\/"}},{"@type":"Person","@id":"https:\/\/laindependent.cat\/es\/#\/schema\/person\/48977a569b250ff82a4929194239bcc9","name":"Tona Gusi","image":{"@type":"ImageObject","inLanguage":"es","@id":"https:\/\/secure.gravatar.com\/avatar\/d09891f52233d2ed7c2e066fc06640e576202983bf7f713e372185f035ac5f67?s=96&d=blank&r=g","url":"https:\/\/secure.gravatar.com\/avatar\/d09891f52233d2ed7c2e066fc06640e576202983bf7f713e372185f035ac5f67?s=96&d=blank&r=g","contentUrl":"https:\/\/secure.gravatar.com\/avatar\/d09891f52233d2ed7c2e066fc06640e576202983bf7f713e372185f035ac5f67?s=96&d=blank&r=g","caption":"Tona Gusi"},"description":"Fundadora i Co-coordinadora de La Independent. Tamb\u00e9 \u00e9s psic\u00f2loga menci\u00f3 en Psicologia d'Intervenci\u00f3 Cl\u00ednica i menci\u00f3 en Psicologia del Treball i les Organitzacions.","sameAs":["https:\/\/www.facebook.com\/tona.gusi","https:\/\/x.com\/https:\/\/twitter.com\/tonagusi"],"url":"https:\/\/laindependent.cat\/es\/author\/tona-gusi\/"}]}},"_links":{"self":[{"href":"https:\/\/laindependent.cat\/es\/wp-json\/wp\/v2\/posts\/61879","targetHints":{"allow":["GET"]}}],"collection":[{"href":"https:\/\/laindependent.cat\/es\/wp-json\/wp\/v2\/posts"}],"about":[{"href":"https:\/\/laindependent.cat\/es\/wp-json\/wp\/v2\/types\/post"}],"author":[{"embeddable":true,"href":"https:\/\/laindependent.cat\/es\/wp-json\/wp\/v2\/users\/72"}],"replies":[{"embeddable":true,"href":"https:\/\/laindependent.cat\/es\/wp-json\/wp\/v2\/comments?post=61879"}],"version-history":[{"count":0,"href":"https:\/\/laindependent.cat\/es\/wp-json\/wp\/v2\/posts\/61879\/revisions"}],"wp:featuredmedia":[{"embeddable":true,"href":"https:\/\/laindependent.cat\/es\/wp-json\/wp\/v2\/media\/30918"}],"wp:attachment":[{"href":"https:\/\/laindependent.cat\/es\/wp-json\/wp\/v2\/media?parent=61879"}],"wp:term":[{"taxonomy":"category","embeddable":true,"href":"https:\/\/laindependent.cat\/es\/wp-json\/wp\/v2\/categories?post=61879"},{"taxonomy":"post_tag","embeddable":true,"href":"https:\/\/laindependent.cat\/es\/wp-json\/wp\/v2\/tags?post=61879"}],"curies":[{"name":"wp","href":"https:\/\/api.w.org\/{rel}","templated":true}]}}