{"id":61656,"date":"2015-04-23T13:45:18","date_gmt":"2015-04-23T11:45:18","guid":{"rendered":"https:\/\/laindependent.cat\/barcelona-xerrada-reforma-de-les-pensions-en-clau-de-genere-la-independent-noticies-genere-2\/"},"modified":"2015-04-23T13:45:18","modified_gmt":"2015-04-23T11:45:18","slug":"barcelona-xerrada-reforma-de-les-pensions-en-clau-de-genere-la-independent-noticies-genere-2","status":"publish","type":"post","link":"https:\/\/laindependent.cat\/es\/barcelona-xerrada-reforma-de-les-pensions-en-clau-de-genere-la-independent-noticies-genere-2\/","title":{"rendered":"Barcelona: Xerrada Reforma de les pensions en clau de g\u00e8nere \/ La Independent \/ Not\u00edcies G\u00e8nere"},"content":{"rendered":"<p>No hay traducci\u00f3n disponible<\/p>\n<p style=\"text-align: left;\"><span style=\"font-family: trebuchet ms,geneva;\"><strong>El col.lectiu Ronda organitzar\u00e0 una taula rodona que comptar\u00e0 amb la pres\u00e8ncia d&#8217;Albert Sales, (soci\u00f2leg i membre de col.lectiu XARXES), Elena Idoate (economista del Seminari Taifa) i Anna Horts (advocada del Col\u00b7lectiu Ronda) sobre la reforma de les pensios en clau de g\u00e8nere.<\/strong><\/span><\/p>\n<p style=\"text-align: left;\">\u00a0\u00a0 <img fetchpriority=\"high\" decoding=\"async\" class=\" size-full wp-image-30769\" style=\"display: block; margin-left: auto; margin-right: auto;\" src=\"https:\/\/laindependent.cat\/wp-content\/uploads\/2015\/04\/Brecha_salarial.png\" alt=\"Brecha salarial\" width=\"196\" height=\"306\" srcset=\"https:\/\/laindependent.cat\/wp-content\/uploads\/2015\/04\/Brecha_salarial.png 360w, https:\/\/laindependent.cat\/wp-content\/uploads\/2015\/04\/Brecha_salarial-193x300.png 193w\" sizes=\"(max-width: 196px) 100vw, 196px\" \/><\/p>\n<p style=\"text-align: left;\">\u00a0<\/p>\n<p><!--more--><\/p>\n<p style=\"text-align: left;\"><span style=\"font-family: trebuchet ms,geneva;\">Aquests debat t\u00e9 con a objectiu la precarietat laboral, i totes les seves diverses formes d&#8217;expressi\u00f3, com reduir la retribuci\u00f3 del treball i fomentar l&#8217;ocupaci\u00f3 temporal en temps parcial.<\/span><\/p>\n<p style=\"text-align: left;\"><span style=\"font-family: trebuchet ms,geneva;\">Aquests i no la creaci\u00f3 d&#8217;ocupaci\u00f3, han estat i segueixen sent els principals efectes de les \u00faltimes reformes operades sobre el marc de relacions laborals <span id=\"result_box\" lang=\"ca\"><span title=\"Al Estado\">l&#8217;Estat<\/span><\/span> Espanyol.<\/span><\/p>\n<p style=\"text-align: left;\"><span style=\"font-family: trebuchet ms,geneva;\">Els efectes deriven injustament en un empobriment generalitzat, en l&#8217;actualitat i per el futur de la classe treballadora.<\/span><\/p>\n<p style=\"text-align: left;\"><span style=\"font-family: trebuchet ms,geneva;\">Aquesta situaci\u00f3 de precarietat de les relacions laborals, comporta de forma greu una reducci\u00f3 de les futures pensions agreujada per les reformes operades sobre el sistema p\u00fablic de pensions orientades clarament a dificultar al seu acc\u00e9s i reduir.<\/span><\/p>\n<p style=\"text-align: left;\"><span style=\"font-family: trebuchet ms,geneva;\">D&#8217;aquests dos processos, la dona \u00e9s la principal v\u00edctima, la m\u00e9s afectada per la imposici\u00f3 del treball temporal i a temps parcial; segueix existint -i engrandint-se- la bretxa salarial entre homes i dones; segueix sent sobre les espatlles de la dona on recau la major part de la tasca de cura de filles,fills i familiars ja que l&#8217;Estat ha decidit amb les retallades de la Llei de Depend\u00e8ncia i en altres sectors, passar de nou a les dones aquesta responsabilitat, obligada, en molts dels casos&#8230;<\/span><\/p>\n<p style=\"text-align: left;\"><span style=\"font-family: trebuchet ms,geneva;\">Pobresa i precarietat = g\u00e8nere femen\u00ed, doncs. Per debatre i entendre com les reformes laborals i del sistema de pensions actuen especialment empobrint les dones \u00e9ssent una forma mes injusta.<\/span><\/p>\n<p style=\"text-align: left;\">\u00a0<\/p>\n<p style=\"text-align: left;\"><span style=\"font-size: 8pt; font-family: trebuchet ms,geneva;\">La Xerrada, prevista pel dia 22 d&#8217;abril, s&#8217;ha apla\u00e7at i encara no t\u00e9 nova data<\/span><\/p>\n<p style=\"text-align: left;\"><span style=\"font-size: 8pt; font-family: trebuchet ms,geneva;\">*Per raons alienes a la nostra voluntat, s&#8217;ajorna la celebraci\u00f3 de la taula rodona i debat sobre reforma laboral i del sistema p\u00fablic de pensions en clau de g\u00e8nere. <\/span><span style=\"font-size: 8pt; font-family: trebuchet ms,geneva;\">informarem la data.<\/span><\/p>\n","protected":false},"excerpt":{"rendered":"<p>No hay traducci\u00f3n disponible El col.lectiu Ronda organitzar\u00e0 una taula rodona que comptar\u00e0 amb la pres\u00e8ncia d&#8217;Albert Sales, (soci\u00f2leg i membre de col.lectiu XARXES), Elena Idoate (economista del Seminari Taifa) i Anna Horts (advocada del Col\u00b7lectiu Ronda) sobre la reforma [&hellip;]<\/p>\n","protected":false},"author":94,"featured_media":30769,"comment_status":"open","ping_status":"","sticky":false,"template":"","format":"standard","meta":{"footnotes":""},"categories":[26416],"tags":[35604,35602,35603],"class_list":["post-61656","post","type-post","status-publish","format-standard","has-post-thumbnail","hentry","category-empleo","tag-clau","tag-colectiu-ronda","tag-pensiones"],"yoast_head":"<!-- This site is optimized with the Yoast SEO plugin v27.4 - https:\/\/yoast.com\/product\/yoast-seo-wordpress\/ -->\n<title>Barcelona: Xerrada Reforma de les pensions en clau de g\u00e8nere \/ La Independent \/ Not\u00edcies G\u00e8nere | La Independent<\/title>\n<meta name=\"description\" content=\"No hay traducci\u00f3n disponible El col.lectiu Ronda organitzar\u00e0 una taula rodona que comptar\u00e0 amb la pres\u00e8ncia d&#039;Albert Sales, (soci\u00f2leg i membre de\" \/>\n<meta name=\"robots\" content=\"index, follow, max-snippet:-1, max-image-preview:large, max-video-preview:-1\" \/>\n<link rel=\"canonical\" href=\"https:\/\/laindependent.cat\/es\/barcelona-xerrada-reforma-de-les-pensions-en-clau-de-genere-la-independent-noticies-genere-2\/\" \/>\n<meta property=\"og:locale\" content=\"es_ES\" \/>\n<meta property=\"og:type\" content=\"article\" \/>\n<meta property=\"og:title\" content=\"Barcelona: Xerrada Reforma de les pensions en clau de g\u00e8nere \/ La Independent \/ Not\u00edcies G\u00e8nere | La Independent\" \/>\n<meta property=\"og:description\" content=\"No hay traducci\u00f3n disponible El col.lectiu Ronda organitzar\u00e0 una taula rodona que comptar\u00e0 amb la pres\u00e8ncia d&#039;Albert Sales, (soci\u00f2leg i membre de\" \/>\n<meta property=\"og:url\" content=\"https:\/\/laindependent.cat\/es\/barcelona-xerrada-reforma-de-les-pensions-en-clau-de-genere-la-independent-noticies-genere-2\/\" \/>\n<meta property=\"og:site_name\" content=\"La Independent\" \/>\n<meta property=\"article:published_time\" content=\"2015-04-23T11:45:18+00:00\" \/>\n<meta property=\"og:image\" content=\"https:\/\/laindependent.cat\/wp-content\/uploads\/2015\/04\/Brecha_salarial.png\" \/>\n<meta name=\"author\" content=\"Amada Santos\" \/>\n<meta name=\"twitter:card\" content=\"summary_large_image\" \/>\n<meta name=\"twitter:label1\" content=\"Escrito por\" \/>\n\t<meta name=\"twitter:data1\" content=\"Amada Santos\" \/>\n\t<meta name=\"twitter:label2\" content=\"Tiempo de lectura\" \/>\n\t<meta name=\"twitter:data2\" content=\"2 minutos\" \/>\n<script type=\"application\/ld+json\" class=\"yoast-schema-graph\">{\"@context\":\"https:\\\/\\\/schema.org\",\"@graph\":[{\"@type\":\"Article\",\"@id\":\"https:\\\/\\\/laindependent.cat\\\/es\\\/barcelona-xerrada-reforma-de-les-pensions-en-clau-de-genere-la-independent-noticies-genere-2\\\/#article\",\"isPartOf\":{\"@id\":\"https:\\\/\\\/laindependent.cat\\\/es\\\/barcelona-xerrada-reforma-de-les-pensions-en-clau-de-genere-la-independent-noticies-genere-2\\\/\"},\"author\":{\"name\":\"Amada Santos\",\"@id\":\"https:\\\/\\\/laindependent.cat\\\/es\\\/#\\\/schema\\\/person\\\/c0bbc88d6bb99ffe6206fec7daa8d5f1\"},\"headline\":\"Barcelona: Xerrada Reforma de les pensions en clau de g\u00e8nere \\\/ La Independent \\\/ Not\u00edcies G\u00e8nere\",\"datePublished\":\"2015-04-23T11:45:18+00:00\",\"mainEntityOfPage\":{\"@id\":\"https:\\\/\\\/laindependent.cat\\\/es\\\/barcelona-xerrada-reforma-de-les-pensions-en-clau-de-genere-la-independent-noticies-genere-2\\\/\"},\"wordCount\":364,\"commentCount\":0,\"publisher\":{\"@id\":\"https:\\\/\\\/laindependent.cat\\\/es\\\/#organization\"},\"image\":{\"@id\":\"https:\\\/\\\/laindependent.cat\\\/es\\\/barcelona-xerrada-reforma-de-les-pensions-en-clau-de-genere-la-independent-noticies-genere-2\\\/#primaryimage\"},\"thumbnailUrl\":\"https:\\\/\\\/laindependent.cat\\\/wp-content\\\/uploads\\\/2015\\\/04\\\/Brecha_salarial.png\",\"keywords\":[\"Clau\",\"Colectiu Ronda\",\"Pensiones\"],\"articleSection\":[\"Empleo\"],\"inLanguage\":\"es\",\"potentialAction\":[{\"@type\":\"CommentAction\",\"name\":\"Comment\",\"target\":[\"https:\\\/\\\/laindependent.cat\\\/es\\\/barcelona-xerrada-reforma-de-les-pensions-en-clau-de-genere-la-independent-noticies-genere-2\\\/#respond\"]}]},{\"@type\":\"WebPage\",\"@id\":\"https:\\\/\\\/laindependent.cat\\\/es\\\/barcelona-xerrada-reforma-de-les-pensions-en-clau-de-genere-la-independent-noticies-genere-2\\\/\",\"url\":\"https:\\\/\\\/laindependent.cat\\\/es\\\/barcelona-xerrada-reforma-de-les-pensions-en-clau-de-genere-la-independent-noticies-genere-2\\\/\",\"name\":\"Barcelona: Xerrada Reforma de les pensions en clau de g\u00e8nere \\\/ La Independent \\\/ Not\u00edcies G\u00e8nere | La Independent\",\"isPartOf\":{\"@id\":\"https:\\\/\\\/laindependent.cat\\\/es\\\/#website\"},\"primaryImageOfPage\":{\"@id\":\"https:\\\/\\\/laindependent.cat\\\/es\\\/barcelona-xerrada-reforma-de-les-pensions-en-clau-de-genere-la-independent-noticies-genere-2\\\/#primaryimage\"},\"image\":{\"@id\":\"https:\\\/\\\/laindependent.cat\\\/es\\\/barcelona-xerrada-reforma-de-les-pensions-en-clau-de-genere-la-independent-noticies-genere-2\\\/#primaryimage\"},\"thumbnailUrl\":\"https:\\\/\\\/laindependent.cat\\\/wp-content\\\/uploads\\\/2015\\\/04\\\/Brecha_salarial.png\",\"datePublished\":\"2015-04-23T11:45:18+00:00\",\"description\":\"No hay traducci\u00f3n disponible El col.lectiu Ronda organitzar\u00e0 una taula rodona que comptar\u00e0 amb la pres\u00e8ncia d'Albert Sales, (soci\u00f2leg i membre de\",\"breadcrumb\":{\"@id\":\"https:\\\/\\\/laindependent.cat\\\/es\\\/barcelona-xerrada-reforma-de-les-pensions-en-clau-de-genere-la-independent-noticies-genere-2\\\/#breadcrumb\"},\"inLanguage\":\"es\",\"potentialAction\":[{\"@type\":\"ReadAction\",\"target\":[\"https:\\\/\\\/laindependent.cat\\\/es\\\/barcelona-xerrada-reforma-de-les-pensions-en-clau-de-genere-la-independent-noticies-genere-2\\\/\"]}]},{\"@type\":\"ImageObject\",\"inLanguage\":\"es\",\"@id\":\"https:\\\/\\\/laindependent.cat\\\/es\\\/barcelona-xerrada-reforma-de-les-pensions-en-clau-de-genere-la-independent-noticies-genere-2\\\/#primaryimage\",\"url\":\"https:\\\/\\\/laindependent.cat\\\/wp-content\\\/uploads\\\/2015\\\/04\\\/Brecha_salarial.png\",\"contentUrl\":\"https:\\\/\\\/laindependent.cat\\\/wp-content\\\/uploads\\\/2015\\\/04\\\/Brecha_salarial.png\",\"width\":360,\"height\":560},{\"@type\":\"BreadcrumbList\",\"@id\":\"https:\\\/\\\/laindependent.cat\\\/es\\\/barcelona-xerrada-reforma-de-les-pensions-en-clau-de-genere-la-independent-noticies-genere-2\\\/#breadcrumb\",\"itemListElement\":[{\"@type\":\"ListItem\",\"position\":1,\"name\":\"Inici\",\"item\":\"https:\\\/\\\/laindependent.cat\\\/es\\\/la-independent\\\/\"},{\"@type\":\"ListItem\",\"position\":2,\"name\":\"Econom\u00eda y Empleo\",\"item\":\"https:\\\/\\\/laindependent.cat\\\/es\\\/tema\\\/economia-y-empleo\\\/\"},{\"@type\":\"ListItem\",\"position\":3,\"name\":\"Empleo\",\"item\":\"https:\\\/\\\/laindependent.cat\\\/es\\\/tema\\\/economia-y-empleo\\\/empleo\\\/\"},{\"@type\":\"ListItem\",\"position\":4,\"name\":\"Barcelona: Xerrada Reforma de les pensions en clau de g\u00e8nere \\\/ La Independent \\\/ Not\u00edcies G\u00e8nere\"}]},{\"@type\":\"WebSite\",\"@id\":\"https:\\\/\\\/laindependent.cat\\\/es\\\/#website\",\"url\":\"https:\\\/\\\/laindependent.cat\\\/es\\\/\",\"name\":\"La Independent\",\"description\":\"Ag\u00e8ncia de not\u00edcies amb visi\u00f3 de g\u00e8nere\",\"publisher\":{\"@id\":\"https:\\\/\\\/laindependent.cat\\\/es\\\/#organization\"},\"alternateName\":\"Ag\u00e8ncia de not\u00edcies amb visi\u00f3 de g\u00e8nere\",\"potentialAction\":[{\"@type\":\"SearchAction\",\"target\":{\"@type\":\"EntryPoint\",\"urlTemplate\":\"https:\\\/\\\/laindependent.cat\\\/es\\\/?s={search_term_string}\"},\"query-input\":{\"@type\":\"PropertyValueSpecification\",\"valueRequired\":true,\"valueName\":\"search_term_string\"}}],\"inLanguage\":\"es\"},{\"@type\":\"Organization\",\"@id\":\"https:\\\/\\\/laindependent.cat\\\/es\\\/#organization\",\"name\":\"La Independent\",\"alternateName\":\"Ag\u00e8ncia de not\u00edcies amb visi\u00f3 de g\u00e8nere\",\"url\":\"https:\\\/\\\/laindependent.cat\\\/es\\\/\",\"logo\":{\"@type\":\"ImageObject\",\"inLanguage\":\"es\",\"@id\":\"https:\\\/\\\/laindependent.cat\\\/es\\\/#\\\/schema\\\/logo\\\/image\\\/\",\"url\":\"https:\\\/\\\/laindependent.cat\\\/wp-content\\\/uploads\\\/2022\\\/10\\\/logo-independent.svg\",\"contentUrl\":\"https:\\\/\\\/laindependent.cat\\\/wp-content\\\/uploads\\\/2022\\\/10\\\/logo-independent.svg\",\"width\":562,\"height\":78,\"caption\":\"La Independent\"},\"image\":{\"@id\":\"https:\\\/\\\/laindependent.cat\\\/es\\\/#\\\/schema\\\/logo\\\/image\\\/\"}},{\"@type\":\"Person\",\"@id\":\"https:\\\/\\\/laindependent.cat\\\/es\\\/#\\\/schema\\\/person\\\/c0bbc88d6bb99ffe6206fec7daa8d5f1\",\"name\":\"Amada Santos\",\"image\":{\"@type\":\"ImageObject\",\"inLanguage\":\"es\",\"@id\":\"https:\\\/\\\/secure.gravatar.com\\\/avatar\\\/ddc329d5c10903319ef8e7bfda1f33c1798763e44bd30548785c262d0a7d5683?s=96&d=blank&r=g\",\"url\":\"https:\\\/\\\/secure.gravatar.com\\\/avatar\\\/ddc329d5c10903319ef8e7bfda1f33c1798763e44bd30548785c262d0a7d5683?s=96&d=blank&r=g\",\"contentUrl\":\"https:\\\/\\\/secure.gravatar.com\\\/avatar\\\/ddc329d5c10903319ef8e7bfda1f33c1798763e44bd30548785c262d0a7d5683?s=96&d=blank&r=g\",\"caption\":\"Amada Santos\"},\"description\":\"Fotoperiodista i Soci\u00f3loga. Activista Feminista, Defensora DDHH i Cooperant. Presidenta de la XIDPIC.Cat. Co-coordinadora i Editora de La Independent. Coordinadora Internacional a la RIPVG\",\"url\":\"https:\\\/\\\/laindependent.cat\\\/es\\\/author\\\/amada-santos\\\/\"}]}<\/script>\n<!-- \/ Yoast SEO plugin. -->","yoast_head_json":{"title":"Barcelona: Xerrada Reforma de les pensions en clau de g\u00e8nere \/ La Independent \/ Not\u00edcies G\u00e8nere | La Independent","description":"No hay traducci\u00f3n disponible El col.lectiu Ronda organitzar\u00e0 una taula rodona que comptar\u00e0 amb la pres\u00e8ncia d'Albert Sales, (soci\u00f2leg i membre de","robots":{"index":"index","follow":"follow","max-snippet":"max-snippet:-1","max-image-preview":"max-image-preview:large","max-video-preview":"max-video-preview:-1"},"canonical":"https:\/\/laindependent.cat\/es\/barcelona-xerrada-reforma-de-les-pensions-en-clau-de-genere-la-independent-noticies-genere-2\/","og_locale":"es_ES","og_type":"article","og_title":"Barcelona: Xerrada Reforma de les pensions en clau de g\u00e8nere \/ La Independent \/ Not\u00edcies G\u00e8nere | La Independent","og_description":"No hay traducci\u00f3n disponible El col.lectiu Ronda organitzar\u00e0 una taula rodona que comptar\u00e0 amb la pres\u00e8ncia d'Albert Sales, (soci\u00f2leg i membre de","og_url":"https:\/\/laindependent.cat\/es\/barcelona-xerrada-reforma-de-les-pensions-en-clau-de-genere-la-independent-noticies-genere-2\/","og_site_name":"La Independent","article_published_time":"2015-04-23T11:45:18+00:00","og_image":[{"url":"https:\/\/laindependent.cat\/wp-content\/uploads\/2015\/04\/Brecha_salarial.png","type":"","width":"","height":""}],"author":"Amada Santos","twitter_card":"summary_large_image","twitter_misc":{"Escrito por":"Amada Santos","Tiempo de lectura":"2 minutos"},"schema":{"@context":"https:\/\/schema.org","@graph":[{"@type":"Article","@id":"https:\/\/laindependent.cat\/es\/barcelona-xerrada-reforma-de-les-pensions-en-clau-de-genere-la-independent-noticies-genere-2\/#article","isPartOf":{"@id":"https:\/\/laindependent.cat\/es\/barcelona-xerrada-reforma-de-les-pensions-en-clau-de-genere-la-independent-noticies-genere-2\/"},"author":{"name":"Amada Santos","@id":"https:\/\/laindependent.cat\/es\/#\/schema\/person\/c0bbc88d6bb99ffe6206fec7daa8d5f1"},"headline":"Barcelona: Xerrada Reforma de les pensions en clau de g\u00e8nere \/ La Independent \/ Not\u00edcies G\u00e8nere","datePublished":"2015-04-23T11:45:18+00:00","mainEntityOfPage":{"@id":"https:\/\/laindependent.cat\/es\/barcelona-xerrada-reforma-de-les-pensions-en-clau-de-genere-la-independent-noticies-genere-2\/"},"wordCount":364,"commentCount":0,"publisher":{"@id":"https:\/\/laindependent.cat\/es\/#organization"},"image":{"@id":"https:\/\/laindependent.cat\/es\/barcelona-xerrada-reforma-de-les-pensions-en-clau-de-genere-la-independent-noticies-genere-2\/#primaryimage"},"thumbnailUrl":"https:\/\/laindependent.cat\/wp-content\/uploads\/2015\/04\/Brecha_salarial.png","keywords":["Clau","Colectiu Ronda","Pensiones"],"articleSection":["Empleo"],"inLanguage":"es","potentialAction":[{"@type":"CommentAction","name":"Comment","target":["https:\/\/laindependent.cat\/es\/barcelona-xerrada-reforma-de-les-pensions-en-clau-de-genere-la-independent-noticies-genere-2\/#respond"]}]},{"@type":"WebPage","@id":"https:\/\/laindependent.cat\/es\/barcelona-xerrada-reforma-de-les-pensions-en-clau-de-genere-la-independent-noticies-genere-2\/","url":"https:\/\/laindependent.cat\/es\/barcelona-xerrada-reforma-de-les-pensions-en-clau-de-genere-la-independent-noticies-genere-2\/","name":"Barcelona: Xerrada Reforma de les pensions en clau de g\u00e8nere \/ La Independent \/ Not\u00edcies G\u00e8nere | La Independent","isPartOf":{"@id":"https:\/\/laindependent.cat\/es\/#website"},"primaryImageOfPage":{"@id":"https:\/\/laindependent.cat\/es\/barcelona-xerrada-reforma-de-les-pensions-en-clau-de-genere-la-independent-noticies-genere-2\/#primaryimage"},"image":{"@id":"https:\/\/laindependent.cat\/es\/barcelona-xerrada-reforma-de-les-pensions-en-clau-de-genere-la-independent-noticies-genere-2\/#primaryimage"},"thumbnailUrl":"https:\/\/laindependent.cat\/wp-content\/uploads\/2015\/04\/Brecha_salarial.png","datePublished":"2015-04-23T11:45:18+00:00","description":"No hay traducci\u00f3n disponible El col.lectiu Ronda organitzar\u00e0 una taula rodona que comptar\u00e0 amb la pres\u00e8ncia d'Albert Sales, (soci\u00f2leg i membre de","breadcrumb":{"@id":"https:\/\/laindependent.cat\/es\/barcelona-xerrada-reforma-de-les-pensions-en-clau-de-genere-la-independent-noticies-genere-2\/#breadcrumb"},"inLanguage":"es","potentialAction":[{"@type":"ReadAction","target":["https:\/\/laindependent.cat\/es\/barcelona-xerrada-reforma-de-les-pensions-en-clau-de-genere-la-independent-noticies-genere-2\/"]}]},{"@type":"ImageObject","inLanguage":"es","@id":"https:\/\/laindependent.cat\/es\/barcelona-xerrada-reforma-de-les-pensions-en-clau-de-genere-la-independent-noticies-genere-2\/#primaryimage","url":"https:\/\/laindependent.cat\/wp-content\/uploads\/2015\/04\/Brecha_salarial.png","contentUrl":"https:\/\/laindependent.cat\/wp-content\/uploads\/2015\/04\/Brecha_salarial.png","width":360,"height":560},{"@type":"BreadcrumbList","@id":"https:\/\/laindependent.cat\/es\/barcelona-xerrada-reforma-de-les-pensions-en-clau-de-genere-la-independent-noticies-genere-2\/#breadcrumb","itemListElement":[{"@type":"ListItem","position":1,"name":"Inici","item":"https:\/\/laindependent.cat\/es\/la-independent\/"},{"@type":"ListItem","position":2,"name":"Econom\u00eda y Empleo","item":"https:\/\/laindependent.cat\/es\/tema\/economia-y-empleo\/"},{"@type":"ListItem","position":3,"name":"Empleo","item":"https:\/\/laindependent.cat\/es\/tema\/economia-y-empleo\/empleo\/"},{"@type":"ListItem","position":4,"name":"Barcelona: Xerrada Reforma de les pensions en clau de g\u00e8nere \/ La Independent \/ Not\u00edcies G\u00e8nere"}]},{"@type":"WebSite","@id":"https:\/\/laindependent.cat\/es\/#website","url":"https:\/\/laindependent.cat\/es\/","name":"La Independent","description":"Ag\u00e8ncia de not\u00edcies amb visi\u00f3 de g\u00e8nere","publisher":{"@id":"https:\/\/laindependent.cat\/es\/#organization"},"alternateName":"Ag\u00e8ncia de not\u00edcies amb visi\u00f3 de g\u00e8nere","potentialAction":[{"@type":"SearchAction","target":{"@type":"EntryPoint","urlTemplate":"https:\/\/laindependent.cat\/es\/?s={search_term_string}"},"query-input":{"@type":"PropertyValueSpecification","valueRequired":true,"valueName":"search_term_string"}}],"inLanguage":"es"},{"@type":"Organization","@id":"https:\/\/laindependent.cat\/es\/#organization","name":"La Independent","alternateName":"Ag\u00e8ncia de not\u00edcies amb visi\u00f3 de g\u00e8nere","url":"https:\/\/laindependent.cat\/es\/","logo":{"@type":"ImageObject","inLanguage":"es","@id":"https:\/\/laindependent.cat\/es\/#\/schema\/logo\/image\/","url":"https:\/\/laindependent.cat\/wp-content\/uploads\/2022\/10\/logo-independent.svg","contentUrl":"https:\/\/laindependent.cat\/wp-content\/uploads\/2022\/10\/logo-independent.svg","width":562,"height":78,"caption":"La Independent"},"image":{"@id":"https:\/\/laindependent.cat\/es\/#\/schema\/logo\/image\/"}},{"@type":"Person","@id":"https:\/\/laindependent.cat\/es\/#\/schema\/person\/c0bbc88d6bb99ffe6206fec7daa8d5f1","name":"Amada Santos","image":{"@type":"ImageObject","inLanguage":"es","@id":"https:\/\/secure.gravatar.com\/avatar\/ddc329d5c10903319ef8e7bfda1f33c1798763e44bd30548785c262d0a7d5683?s=96&d=blank&r=g","url":"https:\/\/secure.gravatar.com\/avatar\/ddc329d5c10903319ef8e7bfda1f33c1798763e44bd30548785c262d0a7d5683?s=96&d=blank&r=g","contentUrl":"https:\/\/secure.gravatar.com\/avatar\/ddc329d5c10903319ef8e7bfda1f33c1798763e44bd30548785c262d0a7d5683?s=96&d=blank&r=g","caption":"Amada Santos"},"description":"Fotoperiodista i Soci\u00f3loga. Activista Feminista, Defensora DDHH i Cooperant. Presidenta de la XIDPIC.Cat. Co-coordinadora i Editora de La Independent. Coordinadora Internacional a la RIPVG","url":"https:\/\/laindependent.cat\/es\/author\/amada-santos\/"}]}},"_links":{"self":[{"href":"https:\/\/laindependent.cat\/es\/wp-json\/wp\/v2\/posts\/61656","targetHints":{"allow":["GET"]}}],"collection":[{"href":"https:\/\/laindependent.cat\/es\/wp-json\/wp\/v2\/posts"}],"about":[{"href":"https:\/\/laindependent.cat\/es\/wp-json\/wp\/v2\/types\/post"}],"author":[{"embeddable":true,"href":"https:\/\/laindependent.cat\/es\/wp-json\/wp\/v2\/users\/94"}],"replies":[{"embeddable":true,"href":"https:\/\/laindependent.cat\/es\/wp-json\/wp\/v2\/comments?post=61656"}],"version-history":[{"count":0,"href":"https:\/\/laindependent.cat\/es\/wp-json\/wp\/v2\/posts\/61656\/revisions"}],"wp:featuredmedia":[{"embeddable":true,"href":"https:\/\/laindependent.cat\/es\/wp-json\/wp\/v2\/media\/30769"}],"wp:attachment":[{"href":"https:\/\/laindependent.cat\/es\/wp-json\/wp\/v2\/media?parent=61656"}],"wp:term":[{"taxonomy":"category","embeddable":true,"href":"https:\/\/laindependent.cat\/es\/wp-json\/wp\/v2\/categories?post=61656"},{"taxonomy":"post_tag","embeddable":true,"href":"https:\/\/laindependent.cat\/es\/wp-json\/wp\/v2\/tags?post=61656"}],"curies":[{"name":"wp","href":"https:\/\/api.w.org\/{rel}","templated":true}]}}