{"id":61352,"date":"2015-02-19T17:15:14","date_gmt":"2015-02-19T16:15:14","guid":{"rendered":"https:\/\/laindependent.cat\/las-mujeres-podemos-cambiar-el-islam-europa-nos-necesita\/"},"modified":"2015-02-19T17:15:14","modified_gmt":"2015-02-19T16:15:14","slug":"las-mujeres-podemos-cambiar-el-islam-europa-nos-necesita","status":"publish","type":"post","link":"https:\/\/laindependent.cat\/es\/las-mujeres-podemos-cambiar-el-islam-europa-nos-necesita\/","title":{"rendered":"\u201cLas mujeres podemos cambiar el Islam. Europa nos necesita\u201d"},"content":{"rendered":"<p style=\"text-align: left;\">\u00a0<\/p>\n<p style=\"text-align: left;\"><span style=\"font-family: trebuchet ms,geneva; font-size: 10pt;\"><span class=\"_r3\"><span class=\"irc_ho\" dir=\"ltr\"><img decoding=\"async\" class=\"size-full wp-image-30543 lazyload\" style=\"--smush-placeholder-width: 172px; --smush-placeholder-aspect-ratio: 172\/126;display: block; margin-left: auto; margin-right: auto;\" data-src=\"https:\/\/laindependent.cat\/wp-content\/uploads\/2015\/02\/Malika_Hamidi.jpg\" alt=\"Malika Hamidi\" width=\"172\" height=\"126\" src=\"data:image\/svg+xml;base64,PHN2ZyB3aWR0aD0iMSIgaGVpZ2h0PSIxIiB4bWxucz0iaHR0cDovL3d3dy53My5vcmcvMjAwMC9zdmciPjwvc3ZnPg==\" \/><\/span><\/span><\/span><\/p>\n<p style=\"text-align: center;\"><span style=\"font-family: trebuchet ms,geneva; font-size: 8pt;\"><span class=\"_r3\"><span class=\"irc_ho\" style=\"font-size: 8pt;\" dir=\"ltr\"><span style=\"font-family: trebuchet ms,geneva;\">Malika Hamidi<\/span> <\/span><a class=\"_ZR irc_hol\" href=\"https:\/\/www.facebook.com\/corrieredellasera\/posts\/10152826138582530\" data-ved=\"0CAYQjB0\"><span class=\"irc_ho\" dir=\"ltr\">foto: www.facebook.com<\/span><\/a><\/span><span class=\"_r3 irc_msc\"><\/span><\/span><\/p>\n<p style=\"text-align: left;\">\u00a0<\/p>\n<p style=\"text-align: left;\"><strong>A<span style=\"font-family: trebuchet ms,geneva; font-size: 10pt;\">lgeriana, francesa, musulmana, y feminista: estas son las identidades de Malika Hamidi, de 41 a\u00f1os y madre de tres hijos.<\/span><span style=\"font-family: trebuchet ms,geneva; font-size: 10pt;\"> A<\/span><span style=\"font-family: trebuchet ms,geneva; font-size: 10pt;\">sesora del Parlamento Europeo en tema de religiones mundiales, y directora del European Muslim Network, un grupo de reflexi\u00f3n que propone una relectura del Cor\u00e0n en clave feminista, dando relieve a su mensaje de igualdad entre hombres y mujeres.<\/span><\/strong><\/p>\n<p><!--more--><\/p>\n<p style=\"text-align: left;\">\u00a0<\/p>\n<p style=\"text-align: left;\"><span style=\"font-family: trebuchet ms,geneva; font-size: 10pt;\">\u00a0La cuesti\u00f3n de g\u00e9nero se ha vuelto un tema importante en el mundo isl\u00e1mico sobre todo desde las \u00faltimas dos d\u00e9cadas. <\/span><\/p>\n<p style=\"text-align: left;\"><span style=\"font-family: trebuchet ms,geneva; font-size: 10pt;\">\u201cNosotras las musulmanas\u201d, afirma, \u201ctenemos el desaf\u00edo de poner en relaci\u00f3n los dos mundos a los que pertenecemos, produciendo una simbiosis entre los valores religiosos musulmanes y los valores civiles europeos (legalidad, respeto de la dignidad humana, justicia social).<\/span><\/p>\n<p style=\"text-align: left;\"><span style=\"font-family: trebuchet ms,geneva; font-size: 10pt;\"> Entre las actividades m\u00e0s relevantes realizadas por <strong>Malika Hamidi<\/strong> hay una campa\u00f1a contra los matrimonios forzados ( 2008), la organizaci\u00f3n de un debate entre eurodiputados y organizaciones musulmanas belgas, y la publicaci\u00f3n de un libro \u201cFeminismos isl\u00e1micos\u201d, en franc\u00e9s. Pero, como es previsible, el suyo no es un camino sobre ruedas.<\/span><\/p>\n<p style=\"text-align: left;\"><span style=\"font-family: trebuchet ms,geneva; font-size: 10pt;\">\u201cCuanto m\u00e0s se profundiza un debate, es cuanto m\u00e0s salen las resistencias de un lado y otro\u201d, avisa.<\/span><\/p>\n<p style=\"text-align: left;\"><span style=\"font-family: trebuchet ms,geneva; font-size: 10pt;\">\u201cLos medios franceses han ignorado la campa\u00f1a contra los matrimonios forzados, o los encuentros que hemos realizado con las madres de los jihadistas directos a Siria. Los poderes p\u00fablicos conocen perfectamente la propaganda salafista que se da en muchas mesquitas, lo hemos denunciado varias veces, pero el Estado ha preferido una pol\u00edtica de <em>laissez faire<\/em>. Adem\u00e0s, nuestras asociaciones luchan sin dinero, mientras la galaxia jihaidista est\u00e0 superfinanciada\u201d, reflexiona en varios art\u00edculos y conferencias.<\/span><\/p>\n<p style=\"text-align: left;\"><span style=\"font-family: trebuchet ms,geneva; font-size: 10pt;\">Hamidi cree que la creciente islamofobia en Europa se debe a al hecho que los musulmanes, anteriormente acomplejados, ahora hablan en voz alta, y eso da miedo. Pero los musulmanes son parte integrante de la sociedad europea, sostiene. Y est\u00e0 emergiendo una burgues\u00eca isl\u00e1mica femenina que lucha dentro de la comunidad musulmana y en la sociedad civil de igual a igual. Por un lado desaf\u00ecando el Islam retr\u00f2grado, por el otro el feminismo laico, dando una gran importancia a la espiritualidad, y protagonizando la tercera ola de feminismo franc\u00e9s. Hace diez a\u00f1os, seg\u00fan la activista, hab\u00eda mucha resistencia de las mujeres musulmanas hacia ellas, por temor al infierno, mientras ahora se han visto miles de j\u00f3venes mujeres en las plazas de las primaveras \u00e1rabes.<\/span><\/p>\n<p style=\"text-align: left;\"><span style=\"font-family: trebuchet ms,geneva; font-size: 10pt;\">Hamidi reconoce inspirarse en el pensamiento de <strong>Tariq Ramadan<\/strong>, un volc\u00e1nico y controvertido fil\u00f2sofo suizo de origen epgicio, (siendo el nieto del fundador de los Hermanos Musulmanes, <strong>Hasan el Banna<\/strong>, asesinado en 1949), activo en universidades occidentales como en un Centro de investigaci\u00f3n en Qatar, y considerado durante varios a\u00f1os por el Foreign Policy de Estados Unidos uno de los cien intelectuales m\u00e0s influentes en el mundo del siglo XXI. Ramadan afirma la importancia del contexto hist\u00f3rico en la interpretaci\u00f3n de los textos religiosos. Fueron los sabios (ulamas), en los primeros tres siglos del Islam. quienes marcaron la diferencia entre \u201cIslam\u201d y \u201cenemigos\u201d, pero es una denominaci\u00f3n variable, no sustancial.<\/span><\/p>\n<p style=\"text-align: left;\"><span style=\"font-family: trebuchet ms,geneva; font-size: 10pt;\">Adem\u00e0s es necesaria una reforma radical del Islam, como afirma en una veintena de libros: los musulmanes deben salir del victimismo, no simplemente para adaptarse a la modernidad, sino participando de forma activa y responsables en la transformaci\u00f2n del mundo para que sea m\u00e0s humano y vivible para todos y todas. Por lo pronto, lanz\u00f2 un llamado internacional para cesar los castigos corporales, la lapidaci\u00f3n y la pena de muerte en el mundo isl\u00e1mico. En lo que a las mujeres se refiere, dice que no le compete a \u00e8l, sino a ellas, ofrecer respuestas adecuadas a su condici\u00f3n de musulmanas, invit\u00e0ndolas a ser ciudadanas activas.<\/span><\/p>\n<p>\u00a0<\/p>\n","protected":false},"excerpt":{"rendered":"<p>\u00a0 Malika Hamidi foto: www.facebook.com \u00a0 Algeriana, francesa, musulmana, y feminista: estas son las identidades de Malika Hamidi, de 41 a\u00f1os y madre de tres hijos. Asesora del Parlamento Europeo en tema de religiones mundiales, y directora del European Muslim [&hellip;]<\/p>\n","protected":false},"author":72,"featured_media":30543,"comment_status":"open","ping_status":"","sticky":false,"template":"","format":"standard","meta":{"footnotes":""},"categories":[1],"tags":[35153,35156,35154,35152,35155],"class_list":["post-61352","post","type-post","status-publish","format-standard","has-post-thumbnail","hentry","category-la-independent","tag-alcora","tag-european-muslim-network","tag-feminismes-islamics","tag-malika-hamidi","tag-tariq-ramadan"],"yoast_head":"<!-- This site is optimized with the Yoast SEO plugin v27.4 - https:\/\/yoast.com\/product\/yoast-seo-wordpress\/ -->\n<title>\u201cLas mujeres podemos cambiar el Islam. Europa nos necesita\u201d | La Independent<\/title>\n<meta name=\"description\" content=\"\u00a0 Malika Hamidi foto: www.facebook.com \u00a0 Algeriana, francesa, musulmana, y feminista: estas son las identidades de Malika Hamidi, de 41 a\u00f1os y madre de\" \/>\n<meta name=\"robots\" content=\"index, follow, max-snippet:-1, max-image-preview:large, max-video-preview:-1\" \/>\n<link rel=\"canonical\" href=\"https:\/\/laindependent.cat\/es\/las-mujeres-podemos-cambiar-el-islam-europa-nos-necesita\/\" \/>\n<meta property=\"og:locale\" content=\"es_ES\" \/>\n<meta property=\"og:type\" content=\"article\" \/>\n<meta property=\"og:title\" content=\"\u201cLas mujeres podemos cambiar el Islam. Europa nos necesita\u201d | La Independent\" \/>\n<meta property=\"og:description\" content=\"\u00a0 Malika Hamidi foto: www.facebook.com \u00a0 Algeriana, francesa, musulmana, y feminista: estas son las identidades de Malika Hamidi, de 41 a\u00f1os y madre de\" \/>\n<meta property=\"og:url\" content=\"https:\/\/laindependent.cat\/es\/las-mujeres-podemos-cambiar-el-islam-europa-nos-necesita\/\" \/>\n<meta property=\"og:site_name\" content=\"La Independent\" \/>\n<meta property=\"article:author\" content=\"https:\/\/www.facebook.com\/tona.gusi\" \/>\n<meta property=\"article:published_time\" content=\"2015-02-19T16:15:14+00:00\" \/>\n<meta property=\"og:image\" content=\"https:\/\/laindependent.cat\/wp-content\/uploads\/2015\/02\/Malika_Hamidi.jpg\" \/>\n<meta name=\"author\" content=\"Tona Gusi\" \/>\n<meta name=\"twitter:card\" content=\"summary_large_image\" \/>\n<meta name=\"twitter:creator\" content=\"@https:\/\/twitter.com\/tonagusi\" \/>\n<meta name=\"twitter:label1\" content=\"Escrito por\" \/>\n\t<meta name=\"twitter:data1\" content=\"Tona Gusi\" \/>\n\t<meta name=\"twitter:label2\" content=\"Tiempo de lectura\" \/>\n\t<meta name=\"twitter:data2\" content=\"3 minutos\" \/>\n<script type=\"application\/ld+json\" class=\"yoast-schema-graph\">{\"@context\":\"https:\\\/\\\/schema.org\",\"@graph\":[{\"@type\":\"Article\",\"@id\":\"https:\\\/\\\/laindependent.cat\\\/es\\\/las-mujeres-podemos-cambiar-el-islam-europa-nos-necesita\\\/#article\",\"isPartOf\":{\"@id\":\"https:\\\/\\\/laindependent.cat\\\/es\\\/las-mujeres-podemos-cambiar-el-islam-europa-nos-necesita\\\/\"},\"author\":{\"name\":\"Tona Gusi\",\"@id\":\"https:\\\/\\\/laindependent.cat\\\/es\\\/#\\\/schema\\\/person\\\/48977a569b250ff82a4929194239bcc9\"},\"headline\":\"\u201cLas mujeres podemos cambiar el Islam. Europa nos necesita\u201d\",\"datePublished\":\"2015-02-19T16:15:14+00:00\",\"mainEntityOfPage\":{\"@id\":\"https:\\\/\\\/laindependent.cat\\\/es\\\/las-mujeres-podemos-cambiar-el-islam-europa-nos-necesita\\\/\"},\"wordCount\":658,\"commentCount\":0,\"publisher\":{\"@id\":\"https:\\\/\\\/laindependent.cat\\\/es\\\/#organization\"},\"image\":{\"@id\":\"https:\\\/\\\/laindependent.cat\\\/es\\\/las-mujeres-podemos-cambiar-el-islam-europa-nos-necesita\\\/#primaryimage\"},\"thumbnailUrl\":\"https:\\\/\\\/laindependent.cat\\\/wp-content\\\/uploads\\\/2015\\\/02\\\/Malika_Hamidi.jpg\",\"keywords\":[\"Alcor\u00e0\",\"European Muslim Network\",\"Feminismes isl\u00e0mics\",\"Malika Hamidi\",\"Tariq Ramadan\"],\"articleSection\":[\"La Independent\"],\"inLanguage\":\"es\",\"potentialAction\":[{\"@type\":\"CommentAction\",\"name\":\"Comment\",\"target\":[\"https:\\\/\\\/laindependent.cat\\\/es\\\/las-mujeres-podemos-cambiar-el-islam-europa-nos-necesita\\\/#respond\"]}]},{\"@type\":\"WebPage\",\"@id\":\"https:\\\/\\\/laindependent.cat\\\/es\\\/las-mujeres-podemos-cambiar-el-islam-europa-nos-necesita\\\/\",\"url\":\"https:\\\/\\\/laindependent.cat\\\/es\\\/las-mujeres-podemos-cambiar-el-islam-europa-nos-necesita\\\/\",\"name\":\"\u201cLas mujeres podemos cambiar el Islam. Europa nos necesita\u201d | La Independent\",\"isPartOf\":{\"@id\":\"https:\\\/\\\/laindependent.cat\\\/es\\\/#website\"},\"primaryImageOfPage\":{\"@id\":\"https:\\\/\\\/laindependent.cat\\\/es\\\/las-mujeres-podemos-cambiar-el-islam-europa-nos-necesita\\\/#primaryimage\"},\"image\":{\"@id\":\"https:\\\/\\\/laindependent.cat\\\/es\\\/las-mujeres-podemos-cambiar-el-islam-europa-nos-necesita\\\/#primaryimage\"},\"thumbnailUrl\":\"https:\\\/\\\/laindependent.cat\\\/wp-content\\\/uploads\\\/2015\\\/02\\\/Malika_Hamidi.jpg\",\"datePublished\":\"2015-02-19T16:15:14+00:00\",\"description\":\"\u00a0 Malika Hamidi foto: www.facebook.com \u00a0 Algeriana, francesa, musulmana, y feminista: estas son las identidades de Malika Hamidi, de 41 a\u00f1os y madre de\",\"breadcrumb\":{\"@id\":\"https:\\\/\\\/laindependent.cat\\\/es\\\/las-mujeres-podemos-cambiar-el-islam-europa-nos-necesita\\\/#breadcrumb\"},\"inLanguage\":\"es\",\"potentialAction\":[{\"@type\":\"ReadAction\",\"target\":[\"https:\\\/\\\/laindependent.cat\\\/es\\\/las-mujeres-podemos-cambiar-el-islam-europa-nos-necesita\\\/\"]}]},{\"@type\":\"ImageObject\",\"inLanguage\":\"es\",\"@id\":\"https:\\\/\\\/laindependent.cat\\\/es\\\/las-mujeres-podemos-cambiar-el-islam-europa-nos-necesita\\\/#primaryimage\",\"url\":\"https:\\\/\\\/laindependent.cat\\\/wp-content\\\/uploads\\\/2015\\\/02\\\/Malika_Hamidi.jpg\",\"contentUrl\":\"https:\\\/\\\/laindependent.cat\\\/wp-content\\\/uploads\\\/2015\\\/02\\\/Malika_Hamidi.jpg\",\"width\":470,\"height\":246},{\"@type\":\"BreadcrumbList\",\"@id\":\"https:\\\/\\\/laindependent.cat\\\/es\\\/las-mujeres-podemos-cambiar-el-islam-europa-nos-necesita\\\/#breadcrumb\",\"itemListElement\":[{\"@type\":\"ListItem\",\"position\":1,\"name\":\"Inici\",\"item\":\"https:\\\/\\\/laindependent.cat\\\/es\\\/la-independent\\\/\"},{\"@type\":\"ListItem\",\"position\":2,\"name\":\"La Independent\",\"item\":\"https:\\\/\\\/laindependent.cat\\\/es\\\/tema\\\/la-independent\\\/\"},{\"@type\":\"ListItem\",\"position\":3,\"name\":\"\u201cLas mujeres podemos cambiar el Islam. Europa nos necesita\u201d\"}]},{\"@type\":\"WebSite\",\"@id\":\"https:\\\/\\\/laindependent.cat\\\/es\\\/#website\",\"url\":\"https:\\\/\\\/laindependent.cat\\\/es\\\/\",\"name\":\"La Independent\",\"description\":\"Ag\u00e8ncia de not\u00edcies amb visi\u00f3 de g\u00e8nere\",\"publisher\":{\"@id\":\"https:\\\/\\\/laindependent.cat\\\/es\\\/#organization\"},\"alternateName\":\"Ag\u00e8ncia de not\u00edcies amb visi\u00f3 de g\u00e8nere\",\"potentialAction\":[{\"@type\":\"SearchAction\",\"target\":{\"@type\":\"EntryPoint\",\"urlTemplate\":\"https:\\\/\\\/laindependent.cat\\\/es\\\/?s={search_term_string}\"},\"query-input\":{\"@type\":\"PropertyValueSpecification\",\"valueRequired\":true,\"valueName\":\"search_term_string\"}}],\"inLanguage\":\"es\"},{\"@type\":\"Organization\",\"@id\":\"https:\\\/\\\/laindependent.cat\\\/es\\\/#organization\",\"name\":\"La Independent\",\"alternateName\":\"Ag\u00e8ncia de not\u00edcies amb visi\u00f3 de g\u00e8nere\",\"url\":\"https:\\\/\\\/laindependent.cat\\\/es\\\/\",\"logo\":{\"@type\":\"ImageObject\",\"inLanguage\":\"es\",\"@id\":\"https:\\\/\\\/laindependent.cat\\\/es\\\/#\\\/schema\\\/logo\\\/image\\\/\",\"url\":\"https:\\\/\\\/laindependent.cat\\\/wp-content\\\/uploads\\\/2022\\\/10\\\/logo-independent.svg\",\"contentUrl\":\"https:\\\/\\\/laindependent.cat\\\/wp-content\\\/uploads\\\/2022\\\/10\\\/logo-independent.svg\",\"width\":562,\"height\":78,\"caption\":\"La Independent\"},\"image\":{\"@id\":\"https:\\\/\\\/laindependent.cat\\\/es\\\/#\\\/schema\\\/logo\\\/image\\\/\"}},{\"@type\":\"Person\",\"@id\":\"https:\\\/\\\/laindependent.cat\\\/es\\\/#\\\/schema\\\/person\\\/48977a569b250ff82a4929194239bcc9\",\"name\":\"Tona Gusi\",\"image\":{\"@type\":\"ImageObject\",\"inLanguage\":\"es\",\"@id\":\"https:\\\/\\\/secure.gravatar.com\\\/avatar\\\/d09891f52233d2ed7c2e066fc06640e576202983bf7f713e372185f035ac5f67?s=96&d=blank&r=g\",\"url\":\"https:\\\/\\\/secure.gravatar.com\\\/avatar\\\/d09891f52233d2ed7c2e066fc06640e576202983bf7f713e372185f035ac5f67?s=96&d=blank&r=g\",\"contentUrl\":\"https:\\\/\\\/secure.gravatar.com\\\/avatar\\\/d09891f52233d2ed7c2e066fc06640e576202983bf7f713e372185f035ac5f67?s=96&d=blank&r=g\",\"caption\":\"Tona Gusi\"},\"description\":\"Fundadora i Co-coordinadora de La Independent. Tamb\u00e9 \u00e9s psic\u00f2loga menci\u00f3 en Psicologia d'Intervenci\u00f3 Cl\u00ednica i menci\u00f3 en Psicologia del Treball i les Organitzacions.\",\"sameAs\":[\"https:\\\/\\\/www.facebook.com\\\/tona.gusi\",\"https:\\\/\\\/x.com\\\/https:\\\/\\\/twitter.com\\\/tonagusi\"],\"url\":\"https:\\\/\\\/laindependent.cat\\\/es\\\/author\\\/tona-gusi\\\/\"}]}<\/script>\n<!-- \/ Yoast SEO plugin. -->","yoast_head_json":{"title":"\u201cLas mujeres podemos cambiar el Islam. Europa nos necesita\u201d | La Independent","description":"\u00a0 Malika Hamidi foto: www.facebook.com \u00a0 Algeriana, francesa, musulmana, y feminista: estas son las identidades de Malika Hamidi, de 41 a\u00f1os y madre de","robots":{"index":"index","follow":"follow","max-snippet":"max-snippet:-1","max-image-preview":"max-image-preview:large","max-video-preview":"max-video-preview:-1"},"canonical":"https:\/\/laindependent.cat\/es\/las-mujeres-podemos-cambiar-el-islam-europa-nos-necesita\/","og_locale":"es_ES","og_type":"article","og_title":"\u201cLas mujeres podemos cambiar el Islam. Europa nos necesita\u201d | La Independent","og_description":"\u00a0 Malika Hamidi foto: www.facebook.com \u00a0 Algeriana, francesa, musulmana, y feminista: estas son las identidades de Malika Hamidi, de 41 a\u00f1os y madre de","og_url":"https:\/\/laindependent.cat\/es\/las-mujeres-podemos-cambiar-el-islam-europa-nos-necesita\/","og_site_name":"La Independent","article_author":"https:\/\/www.facebook.com\/tona.gusi","article_published_time":"2015-02-19T16:15:14+00:00","og_image":[{"url":"https:\/\/laindependent.cat\/wp-content\/uploads\/2015\/02\/Malika_Hamidi.jpg","type":"","width":"","height":""}],"author":"Tona Gusi","twitter_card":"summary_large_image","twitter_creator":"@https:\/\/twitter.com\/tonagusi","twitter_misc":{"Escrito por":"Tona Gusi","Tiempo de lectura":"3 minutos"},"schema":{"@context":"https:\/\/schema.org","@graph":[{"@type":"Article","@id":"https:\/\/laindependent.cat\/es\/las-mujeres-podemos-cambiar-el-islam-europa-nos-necesita\/#article","isPartOf":{"@id":"https:\/\/laindependent.cat\/es\/las-mujeres-podemos-cambiar-el-islam-europa-nos-necesita\/"},"author":{"name":"Tona Gusi","@id":"https:\/\/laindependent.cat\/es\/#\/schema\/person\/48977a569b250ff82a4929194239bcc9"},"headline":"\u201cLas mujeres podemos cambiar el Islam. Europa nos necesita\u201d","datePublished":"2015-02-19T16:15:14+00:00","mainEntityOfPage":{"@id":"https:\/\/laindependent.cat\/es\/las-mujeres-podemos-cambiar-el-islam-europa-nos-necesita\/"},"wordCount":658,"commentCount":0,"publisher":{"@id":"https:\/\/laindependent.cat\/es\/#organization"},"image":{"@id":"https:\/\/laindependent.cat\/es\/las-mujeres-podemos-cambiar-el-islam-europa-nos-necesita\/#primaryimage"},"thumbnailUrl":"https:\/\/laindependent.cat\/wp-content\/uploads\/2015\/02\/Malika_Hamidi.jpg","keywords":["Alcor\u00e0","European Muslim Network","Feminismes isl\u00e0mics","Malika Hamidi","Tariq Ramadan"],"articleSection":["La Independent"],"inLanguage":"es","potentialAction":[{"@type":"CommentAction","name":"Comment","target":["https:\/\/laindependent.cat\/es\/las-mujeres-podemos-cambiar-el-islam-europa-nos-necesita\/#respond"]}]},{"@type":"WebPage","@id":"https:\/\/laindependent.cat\/es\/las-mujeres-podemos-cambiar-el-islam-europa-nos-necesita\/","url":"https:\/\/laindependent.cat\/es\/las-mujeres-podemos-cambiar-el-islam-europa-nos-necesita\/","name":"\u201cLas mujeres podemos cambiar el Islam. Europa nos necesita\u201d | La Independent","isPartOf":{"@id":"https:\/\/laindependent.cat\/es\/#website"},"primaryImageOfPage":{"@id":"https:\/\/laindependent.cat\/es\/las-mujeres-podemos-cambiar-el-islam-europa-nos-necesita\/#primaryimage"},"image":{"@id":"https:\/\/laindependent.cat\/es\/las-mujeres-podemos-cambiar-el-islam-europa-nos-necesita\/#primaryimage"},"thumbnailUrl":"https:\/\/laindependent.cat\/wp-content\/uploads\/2015\/02\/Malika_Hamidi.jpg","datePublished":"2015-02-19T16:15:14+00:00","description":"\u00a0 Malika Hamidi foto: www.facebook.com \u00a0 Algeriana, francesa, musulmana, y feminista: estas son las identidades de Malika Hamidi, de 41 a\u00f1os y madre de","breadcrumb":{"@id":"https:\/\/laindependent.cat\/es\/las-mujeres-podemos-cambiar-el-islam-europa-nos-necesita\/#breadcrumb"},"inLanguage":"es","potentialAction":[{"@type":"ReadAction","target":["https:\/\/laindependent.cat\/es\/las-mujeres-podemos-cambiar-el-islam-europa-nos-necesita\/"]}]},{"@type":"ImageObject","inLanguage":"es","@id":"https:\/\/laindependent.cat\/es\/las-mujeres-podemos-cambiar-el-islam-europa-nos-necesita\/#primaryimage","url":"https:\/\/laindependent.cat\/wp-content\/uploads\/2015\/02\/Malika_Hamidi.jpg","contentUrl":"https:\/\/laindependent.cat\/wp-content\/uploads\/2015\/02\/Malika_Hamidi.jpg","width":470,"height":246},{"@type":"BreadcrumbList","@id":"https:\/\/laindependent.cat\/es\/las-mujeres-podemos-cambiar-el-islam-europa-nos-necesita\/#breadcrumb","itemListElement":[{"@type":"ListItem","position":1,"name":"Inici","item":"https:\/\/laindependent.cat\/es\/la-independent\/"},{"@type":"ListItem","position":2,"name":"La Independent","item":"https:\/\/laindependent.cat\/es\/tema\/la-independent\/"},{"@type":"ListItem","position":3,"name":"\u201cLas mujeres podemos cambiar el Islam. Europa nos necesita\u201d"}]},{"@type":"WebSite","@id":"https:\/\/laindependent.cat\/es\/#website","url":"https:\/\/laindependent.cat\/es\/","name":"La Independent","description":"Ag\u00e8ncia de not\u00edcies amb visi\u00f3 de g\u00e8nere","publisher":{"@id":"https:\/\/laindependent.cat\/es\/#organization"},"alternateName":"Ag\u00e8ncia de not\u00edcies amb visi\u00f3 de g\u00e8nere","potentialAction":[{"@type":"SearchAction","target":{"@type":"EntryPoint","urlTemplate":"https:\/\/laindependent.cat\/es\/?s={search_term_string}"},"query-input":{"@type":"PropertyValueSpecification","valueRequired":true,"valueName":"search_term_string"}}],"inLanguage":"es"},{"@type":"Organization","@id":"https:\/\/laindependent.cat\/es\/#organization","name":"La Independent","alternateName":"Ag\u00e8ncia de not\u00edcies amb visi\u00f3 de g\u00e8nere","url":"https:\/\/laindependent.cat\/es\/","logo":{"@type":"ImageObject","inLanguage":"es","@id":"https:\/\/laindependent.cat\/es\/#\/schema\/logo\/image\/","url":"https:\/\/laindependent.cat\/wp-content\/uploads\/2022\/10\/logo-independent.svg","contentUrl":"https:\/\/laindependent.cat\/wp-content\/uploads\/2022\/10\/logo-independent.svg","width":562,"height":78,"caption":"La Independent"},"image":{"@id":"https:\/\/laindependent.cat\/es\/#\/schema\/logo\/image\/"}},{"@type":"Person","@id":"https:\/\/laindependent.cat\/es\/#\/schema\/person\/48977a569b250ff82a4929194239bcc9","name":"Tona Gusi","image":{"@type":"ImageObject","inLanguage":"es","@id":"https:\/\/secure.gravatar.com\/avatar\/d09891f52233d2ed7c2e066fc06640e576202983bf7f713e372185f035ac5f67?s=96&d=blank&r=g","url":"https:\/\/secure.gravatar.com\/avatar\/d09891f52233d2ed7c2e066fc06640e576202983bf7f713e372185f035ac5f67?s=96&d=blank&r=g","contentUrl":"https:\/\/secure.gravatar.com\/avatar\/d09891f52233d2ed7c2e066fc06640e576202983bf7f713e372185f035ac5f67?s=96&d=blank&r=g","caption":"Tona Gusi"},"description":"Fundadora i Co-coordinadora de La Independent. Tamb\u00e9 \u00e9s psic\u00f2loga menci\u00f3 en Psicologia d'Intervenci\u00f3 Cl\u00ednica i menci\u00f3 en Psicologia del Treball i les Organitzacions.","sameAs":["https:\/\/www.facebook.com\/tona.gusi","https:\/\/x.com\/https:\/\/twitter.com\/tonagusi"],"url":"https:\/\/laindependent.cat\/es\/author\/tona-gusi\/"}]}},"_links":{"self":[{"href":"https:\/\/laindependent.cat\/es\/wp-json\/wp\/v2\/posts\/61352","targetHints":{"allow":["GET"]}}],"collection":[{"href":"https:\/\/laindependent.cat\/es\/wp-json\/wp\/v2\/posts"}],"about":[{"href":"https:\/\/laindependent.cat\/es\/wp-json\/wp\/v2\/types\/post"}],"author":[{"embeddable":true,"href":"https:\/\/laindependent.cat\/es\/wp-json\/wp\/v2\/users\/72"}],"replies":[{"embeddable":true,"href":"https:\/\/laindependent.cat\/es\/wp-json\/wp\/v2\/comments?post=61352"}],"version-history":[{"count":0,"href":"https:\/\/laindependent.cat\/es\/wp-json\/wp\/v2\/posts\/61352\/revisions"}],"wp:featuredmedia":[{"embeddable":true,"href":"https:\/\/laindependent.cat\/es\/wp-json\/wp\/v2\/media\/30543"}],"wp:attachment":[{"href":"https:\/\/laindependent.cat\/es\/wp-json\/wp\/v2\/media?parent=61352"}],"wp:term":[{"taxonomy":"category","embeddable":true,"href":"https:\/\/laindependent.cat\/es\/wp-json\/wp\/v2\/categories?post=61352"},{"taxonomy":"post_tag","embeddable":true,"href":"https:\/\/laindependent.cat\/es\/wp-json\/wp\/v2\/tags?post=61352"}],"curies":[{"name":"wp","href":"https:\/\/api.w.org\/{rel}","templated":true}]}}