{"id":60413,"date":"2014-06-19T17:54:21","date_gmt":"2014-06-19T15:54:21","guid":{"rendered":"https:\/\/laindependent.cat\/barcelona-exposicio-disabel-steva-colita-la-independent-noticies-genere\/"},"modified":"2014-06-19T17:54:21","modified_gmt":"2014-06-19T15:54:21","slug":"barcelona-exposicio-disabel-steva-colita-la-independent-noticies-genere","status":"publish","type":"post","link":"https:\/\/laindependent.cat\/es\/barcelona-exposicio-disabel-steva-colita-la-independent-noticies-genere\/","title":{"rendered":"Barcelona: Exposici\u00f3 d&#8217;Isabel Steva, Colita \/ La Independent \/ Noticies G\u00e9nere"},"content":{"rendered":"<p style=\"text-align: left;\">\u00a0<\/p>\n<\/p>\n<p>\u00a0<\/p>\n<p style=\"text-align: left;\"><span style=\"font-size: 10pt; font-family: trebuchet ms,geneva;\"><strong>Fins al 13 de juliol de 2014. Exposici\u00f3 d&#8217;Isabel Steva, Colita, una de les artistes m\u00e9s destacades de la fotografia catalana contempor\u00e0nia<\/strong>.<\/span><\/p>\n<p><!--more--><\/p>\n<p style=\"text-align: left;\"><span style=\"font-size: 10pt; font-family: trebuchet ms,geneva;\">COLITA, sobrenom d\u2019<strong>Isabel Steva Hern\u00e1ndez<\/strong> (Barcelona, 1940), \u00e9s un dels referents indiscutibles de la fotografia catalana contempor\u00e0nia. Directa, intel\u00b7ligent, sensible, compromesa, cr\u00edtica i sense prejudicis, la seva producci\u00f3 es pot definir, m\u00e9s enll\u00e0 de l\u2019est\u00e8tica, per la seva implicaci\u00f3 en el temps que li ha tocat viure.<\/span><\/p>\n<p style=\"text-align: left;\"><span style=\"font-size: 10pt; font-family: trebuchet ms,geneva;\">La seva obra, allunyada de l\u2019artifici i de tota pretensi\u00f3 art\u00edstica, no \u00e9s simplement un document de la realitat, sin\u00f3 la projecci\u00f3 de les seves experi\u00e8ncies i opinions, i conforma un corpus visual que recull mig segle de la nostra hist\u00f2ria recent.<\/span><\/p>\n<p style=\"text-align: left;\"><span style=\"font-size: 10pt; font-family: trebuchet ms,geneva;\">Amb l&#8217;exposici\u00f3 \u00abColita, perqu\u00e8 s\u00ed!\u00bb, comissariada per <strong>Laura Terr\u00e9<\/strong>, la Fundaci\u00f3 Catalunya &#8211; La Pedrera presenta la primera retrospectiva dedicada a Colita amb un ampli recorregut per la seva traject\u00f2ria vital i creativa que revisa els diversos itineraris del seu arxiu ingent: des del m\u00f3n del flamenc a la lluita feminista, el cinema, la Nova Can\u00e7\u00f3, la Gauche Divine, el m\u00f3n de l\u2019espectacle o la vida a la seva ciutat, Barcelona; tot a trav\u00e9s de la seva mirada carregada d\u2019intenci\u00f3 i humor.<\/span><\/p>\n<p style=\"margin-bottom: 0.0001pt; line-height: normal; text-align: left;\"><span style=\"font-size: 10pt; font-family: trebuchet ms,geneva;\">Amb motiu de la seva exposici\u00f3, avui 19 de juny, Colita, visita Ca la Dona. Ha estat convidada per aquest espai feminista amb el prop\u00f2sit de crear un vincle d&#8217;afectes i reconeixement a aquesta gran fot\u00f2grafa. Al costat de dones que han vist la seva exposici\u00f3, es pret\u00e9n fer un intercanvi de visions, opinions i sabers a trav\u00e9s de la seva obra.<\/span><\/p>\n","protected":false},"excerpt":{"rendered":"<p>\u00a0 \u00a0 Fins al 13 de juliol de 2014. Exposici\u00f3 d&#8217;Isabel Steva, Colita, una de les artistes m\u00e9s destacades de la fotografia catalana contempor\u00e0nia.<\/p>\n","protected":false},"author":94,"featured_media":29834,"comment_status":"open","ping_status":"","sticky":false,"template":"","format":"standard","meta":{"footnotes":""},"categories":[26704],"tags":[],"class_list":["post-60413","post","type-post","status-publish","format-standard","has-post-thumbnail","hentry","category-fotografia"],"yoast_head":"<!-- This site is optimized with the Yoast SEO plugin v27.4 - https:\/\/yoast.com\/product\/yoast-seo-wordpress\/ -->\n<title>Barcelona: Exposici\u00f3 d&#039;Isabel Steva, Colita \/ La Independent \/ Noticies G\u00e9nere | La Independent<\/title>\n<meta name=\"description\" content=\"Fins al 13 de juliol de 2014. Exposici\u00f3 d&#039;Isabel Steva, Colita, una de les artistes m\u00e9s destacades de la fotografia catalana contempor\u00e0nia.\" \/>\n<meta name=\"robots\" content=\"index, follow, max-snippet:-1, max-image-preview:large, max-video-preview:-1\" \/>\n<link rel=\"canonical\" href=\"https:\/\/laindependent.cat\/es\/barcelona-exposicio-disabel-steva-colita-la-independent-noticies-genere\/\" \/>\n<meta property=\"og:locale\" content=\"es_ES\" \/>\n<meta property=\"og:type\" content=\"article\" \/>\n<meta property=\"og:title\" content=\"Barcelona: Exposici\u00f3 d&#039;Isabel Steva, Colita \/ La Independent \/ Noticies G\u00e9nere | La Independent\" \/>\n<meta property=\"og:description\" content=\"Fins al 13 de juliol de 2014. Exposici\u00f3 d&#039;Isabel Steva, Colita, una de les artistes m\u00e9s destacades de la fotografia catalana contempor\u00e0nia.\" \/>\n<meta property=\"og:url\" content=\"https:\/\/laindependent.cat\/es\/barcelona-exposicio-disabel-steva-colita-la-independent-noticies-genere\/\" \/>\n<meta property=\"og:site_name\" content=\"La Independent\" \/>\n<meta property=\"article:published_time\" content=\"2014-06-19T15:54:21+00:00\" \/>\n<meta property=\"og:image\" content=\"https:\/\/laindependent.cat\/wp-content\/uploads\/2014\/06\/Colita-.jpg\" \/>\n\t<meta property=\"og:image:width\" content=\"400\" \/>\n\t<meta property=\"og:image:height\" content=\"605\" \/>\n\t<meta property=\"og:image:type\" content=\"image\/jpeg\" \/>\n<meta name=\"author\" content=\"Amada Santos\" \/>\n<meta name=\"twitter:card\" content=\"summary_large_image\" \/>\n<meta name=\"twitter:label1\" content=\"Escrito por\" \/>\n\t<meta name=\"twitter:data1\" content=\"Amada Santos\" \/>\n\t<meta name=\"twitter:label2\" content=\"Tiempo de lectura\" \/>\n\t<meta name=\"twitter:data2\" content=\"1 minuto\" \/>\n<script type=\"application\/ld+json\" class=\"yoast-schema-graph\">{\"@context\":\"https:\\\/\\\/schema.org\",\"@graph\":[{\"@type\":\"Article\",\"@id\":\"https:\\\/\\\/laindependent.cat\\\/es\\\/barcelona-exposicio-disabel-steva-colita-la-independent-noticies-genere\\\/#article\",\"isPartOf\":{\"@id\":\"https:\\\/\\\/laindependent.cat\\\/es\\\/barcelona-exposicio-disabel-steva-colita-la-independent-noticies-genere\\\/\"},\"author\":{\"name\":\"Amada Santos\",\"@id\":\"https:\\\/\\\/laindependent.cat\\\/es\\\/#\\\/schema\\\/person\\\/c0bbc88d6bb99ffe6206fec7daa8d5f1\"},\"headline\":\"Barcelona: Exposici\u00f3 d&#8217;Isabel Steva, Colita \\\/ La Independent \\\/ Noticies G\u00e9nere\",\"datePublished\":\"2014-06-19T15:54:21+00:00\",\"mainEntityOfPage\":{\"@id\":\"https:\\\/\\\/laindependent.cat\\\/es\\\/barcelona-exposicio-disabel-steva-colita-la-independent-noticies-genere\\\/\"},\"wordCount\":289,\"commentCount\":0,\"publisher\":{\"@id\":\"https:\\\/\\\/laindependent.cat\\\/es\\\/#organization\"},\"image\":{\"@id\":\"https:\\\/\\\/laindependent.cat\\\/es\\\/barcelona-exposicio-disabel-steva-colita-la-independent-noticies-genere\\\/#primaryimage\"},\"thumbnailUrl\":\"https:\\\/\\\/laindependent.cat\\\/wp-content\\\/uploads\\\/2014\\\/06\\\/Colita-.jpg\",\"articleSection\":[\"Fotografia\"],\"inLanguage\":\"es\",\"potentialAction\":[{\"@type\":\"CommentAction\",\"name\":\"Comment\",\"target\":[\"https:\\\/\\\/laindependent.cat\\\/es\\\/barcelona-exposicio-disabel-steva-colita-la-independent-noticies-genere\\\/#respond\"]}]},{\"@type\":\"WebPage\",\"@id\":\"https:\\\/\\\/laindependent.cat\\\/es\\\/barcelona-exposicio-disabel-steva-colita-la-independent-noticies-genere\\\/\",\"url\":\"https:\\\/\\\/laindependent.cat\\\/es\\\/barcelona-exposicio-disabel-steva-colita-la-independent-noticies-genere\\\/\",\"name\":\"Barcelona: Exposici\u00f3 d'Isabel Steva, Colita \\\/ La Independent \\\/ Noticies G\u00e9nere | La Independent\",\"isPartOf\":{\"@id\":\"https:\\\/\\\/laindependent.cat\\\/es\\\/#website\"},\"primaryImageOfPage\":{\"@id\":\"https:\\\/\\\/laindependent.cat\\\/es\\\/barcelona-exposicio-disabel-steva-colita-la-independent-noticies-genere\\\/#primaryimage\"},\"image\":{\"@id\":\"https:\\\/\\\/laindependent.cat\\\/es\\\/barcelona-exposicio-disabel-steva-colita-la-independent-noticies-genere\\\/#primaryimage\"},\"thumbnailUrl\":\"https:\\\/\\\/laindependent.cat\\\/wp-content\\\/uploads\\\/2014\\\/06\\\/Colita-.jpg\",\"datePublished\":\"2014-06-19T15:54:21+00:00\",\"description\":\"Fins al 13 de juliol de 2014. Exposici\u00f3 d'Isabel Steva, Colita, una de les artistes m\u00e9s destacades de la fotografia catalana contempor\u00e0nia.\",\"breadcrumb\":{\"@id\":\"https:\\\/\\\/laindependent.cat\\\/es\\\/barcelona-exposicio-disabel-steva-colita-la-independent-noticies-genere\\\/#breadcrumb\"},\"inLanguage\":\"es\",\"potentialAction\":[{\"@type\":\"ReadAction\",\"target\":[\"https:\\\/\\\/laindependent.cat\\\/es\\\/barcelona-exposicio-disabel-steva-colita-la-independent-noticies-genere\\\/\"]}]},{\"@type\":\"ImageObject\",\"inLanguage\":\"es\",\"@id\":\"https:\\\/\\\/laindependent.cat\\\/es\\\/barcelona-exposicio-disabel-steva-colita-la-independent-noticies-genere\\\/#primaryimage\",\"url\":\"https:\\\/\\\/laindependent.cat\\\/wp-content\\\/uploads\\\/2014\\\/06\\\/Colita-.jpg\",\"contentUrl\":\"https:\\\/\\\/laindependent.cat\\\/wp-content\\\/uploads\\\/2014\\\/06\\\/Colita-.jpg\",\"width\":400,\"height\":605},{\"@type\":\"BreadcrumbList\",\"@id\":\"https:\\\/\\\/laindependent.cat\\\/es\\\/barcelona-exposicio-disabel-steva-colita-la-independent-noticies-genere\\\/#breadcrumb\",\"itemListElement\":[{\"@type\":\"ListItem\",\"position\":1,\"name\":\"Inici\",\"item\":\"https:\\\/\\\/laindependent.cat\\\/es\\\/la-independent\\\/\"},{\"@type\":\"ListItem\",\"position\":2,\"name\":\"Cultura\",\"item\":\"https:\\\/\\\/laindependent.cat\\\/es\\\/tema\\\/cultura\\\/\"},{\"@type\":\"ListItem\",\"position\":3,\"name\":\"Fotograf\u00eda\",\"item\":\"https:\\\/\\\/laindependent.cat\\\/es\\\/tema\\\/cultura\\\/fotografia\\\/\"},{\"@type\":\"ListItem\",\"position\":4,\"name\":\"Barcelona: Exposici\u00f3 d&#8217;Isabel Steva, Colita \\\/ La Independent \\\/ Noticies G\u00e9nere\"}]},{\"@type\":\"WebSite\",\"@id\":\"https:\\\/\\\/laindependent.cat\\\/es\\\/#website\",\"url\":\"https:\\\/\\\/laindependent.cat\\\/es\\\/\",\"name\":\"La Independent\",\"description\":\"Ag\u00e8ncia de not\u00edcies amb visi\u00f3 de g\u00e8nere\",\"publisher\":{\"@id\":\"https:\\\/\\\/laindependent.cat\\\/es\\\/#organization\"},\"alternateName\":\"Ag\u00e8ncia de not\u00edcies amb visi\u00f3 de g\u00e8nere\",\"potentialAction\":[{\"@type\":\"SearchAction\",\"target\":{\"@type\":\"EntryPoint\",\"urlTemplate\":\"https:\\\/\\\/laindependent.cat\\\/es\\\/?s={search_term_string}\"},\"query-input\":{\"@type\":\"PropertyValueSpecification\",\"valueRequired\":true,\"valueName\":\"search_term_string\"}}],\"inLanguage\":\"es\"},{\"@type\":\"Organization\",\"@id\":\"https:\\\/\\\/laindependent.cat\\\/es\\\/#organization\",\"name\":\"La Independent\",\"alternateName\":\"Ag\u00e8ncia de not\u00edcies amb visi\u00f3 de g\u00e8nere\",\"url\":\"https:\\\/\\\/laindependent.cat\\\/es\\\/\",\"logo\":{\"@type\":\"ImageObject\",\"inLanguage\":\"es\",\"@id\":\"https:\\\/\\\/laindependent.cat\\\/es\\\/#\\\/schema\\\/logo\\\/image\\\/\",\"url\":\"https:\\\/\\\/laindependent.cat\\\/wp-content\\\/uploads\\\/2022\\\/10\\\/logo-independent.svg\",\"contentUrl\":\"https:\\\/\\\/laindependent.cat\\\/wp-content\\\/uploads\\\/2022\\\/10\\\/logo-independent.svg\",\"width\":562,\"height\":78,\"caption\":\"La Independent\"},\"image\":{\"@id\":\"https:\\\/\\\/laindependent.cat\\\/es\\\/#\\\/schema\\\/logo\\\/image\\\/\"}},{\"@type\":\"Person\",\"@id\":\"https:\\\/\\\/laindependent.cat\\\/es\\\/#\\\/schema\\\/person\\\/c0bbc88d6bb99ffe6206fec7daa8d5f1\",\"name\":\"Amada Santos\",\"image\":{\"@type\":\"ImageObject\",\"inLanguage\":\"es\",\"@id\":\"https:\\\/\\\/secure.gravatar.com\\\/avatar\\\/ddc329d5c10903319ef8e7bfda1f33c1798763e44bd30548785c262d0a7d5683?s=96&d=blank&r=g\",\"url\":\"https:\\\/\\\/secure.gravatar.com\\\/avatar\\\/ddc329d5c10903319ef8e7bfda1f33c1798763e44bd30548785c262d0a7d5683?s=96&d=blank&r=g\",\"contentUrl\":\"https:\\\/\\\/secure.gravatar.com\\\/avatar\\\/ddc329d5c10903319ef8e7bfda1f33c1798763e44bd30548785c262d0a7d5683?s=96&d=blank&r=g\",\"caption\":\"Amada Santos\"},\"description\":\"Fotoperiodista i Soci\u00f3loga. Activista Feminista, Defensora DDHH i Cooperant. Presidenta de la XIDPIC.Cat. Co-coordinadora i Editora de La Independent. Coordinadora Internacional a la RIPVG\",\"url\":\"https:\\\/\\\/laindependent.cat\\\/es\\\/author\\\/amada-santos\\\/\"}]}<\/script>\n<!-- \/ Yoast SEO plugin. -->","yoast_head_json":{"title":"Barcelona: Exposici\u00f3 d'Isabel Steva, Colita \/ La Independent \/ Noticies G\u00e9nere | La Independent","description":"Fins al 13 de juliol de 2014. Exposici\u00f3 d'Isabel Steva, Colita, una de les artistes m\u00e9s destacades de la fotografia catalana contempor\u00e0nia.","robots":{"index":"index","follow":"follow","max-snippet":"max-snippet:-1","max-image-preview":"max-image-preview:large","max-video-preview":"max-video-preview:-1"},"canonical":"https:\/\/laindependent.cat\/es\/barcelona-exposicio-disabel-steva-colita-la-independent-noticies-genere\/","og_locale":"es_ES","og_type":"article","og_title":"Barcelona: Exposici\u00f3 d'Isabel Steva, Colita \/ La Independent \/ Noticies G\u00e9nere | La Independent","og_description":"Fins al 13 de juliol de 2014. Exposici\u00f3 d'Isabel Steva, Colita, una de les artistes m\u00e9s destacades de la fotografia catalana contempor\u00e0nia.","og_url":"https:\/\/laindependent.cat\/es\/barcelona-exposicio-disabel-steva-colita-la-independent-noticies-genere\/","og_site_name":"La Independent","article_published_time":"2014-06-19T15:54:21+00:00","og_image":[{"width":400,"height":605,"url":"https:\/\/laindependent.cat\/wp-content\/uploads\/2014\/06\/Colita-.jpg","type":"image\/jpeg"}],"author":"Amada Santos","twitter_card":"summary_large_image","twitter_misc":{"Escrito por":"Amada Santos","Tiempo de lectura":"1 minuto"},"schema":{"@context":"https:\/\/schema.org","@graph":[{"@type":"Article","@id":"https:\/\/laindependent.cat\/es\/barcelona-exposicio-disabel-steva-colita-la-independent-noticies-genere\/#article","isPartOf":{"@id":"https:\/\/laindependent.cat\/es\/barcelona-exposicio-disabel-steva-colita-la-independent-noticies-genere\/"},"author":{"name":"Amada Santos","@id":"https:\/\/laindependent.cat\/es\/#\/schema\/person\/c0bbc88d6bb99ffe6206fec7daa8d5f1"},"headline":"Barcelona: Exposici\u00f3 d&#8217;Isabel Steva, Colita \/ La Independent \/ Noticies G\u00e9nere","datePublished":"2014-06-19T15:54:21+00:00","mainEntityOfPage":{"@id":"https:\/\/laindependent.cat\/es\/barcelona-exposicio-disabel-steva-colita-la-independent-noticies-genere\/"},"wordCount":289,"commentCount":0,"publisher":{"@id":"https:\/\/laindependent.cat\/es\/#organization"},"image":{"@id":"https:\/\/laindependent.cat\/es\/barcelona-exposicio-disabel-steva-colita-la-independent-noticies-genere\/#primaryimage"},"thumbnailUrl":"https:\/\/laindependent.cat\/wp-content\/uploads\/2014\/06\/Colita-.jpg","articleSection":["Fotografia"],"inLanguage":"es","potentialAction":[{"@type":"CommentAction","name":"Comment","target":["https:\/\/laindependent.cat\/es\/barcelona-exposicio-disabel-steva-colita-la-independent-noticies-genere\/#respond"]}]},{"@type":"WebPage","@id":"https:\/\/laindependent.cat\/es\/barcelona-exposicio-disabel-steva-colita-la-independent-noticies-genere\/","url":"https:\/\/laindependent.cat\/es\/barcelona-exposicio-disabel-steva-colita-la-independent-noticies-genere\/","name":"Barcelona: Exposici\u00f3 d'Isabel Steva, Colita \/ La Independent \/ Noticies G\u00e9nere | La Independent","isPartOf":{"@id":"https:\/\/laindependent.cat\/es\/#website"},"primaryImageOfPage":{"@id":"https:\/\/laindependent.cat\/es\/barcelona-exposicio-disabel-steva-colita-la-independent-noticies-genere\/#primaryimage"},"image":{"@id":"https:\/\/laindependent.cat\/es\/barcelona-exposicio-disabel-steva-colita-la-independent-noticies-genere\/#primaryimage"},"thumbnailUrl":"https:\/\/laindependent.cat\/wp-content\/uploads\/2014\/06\/Colita-.jpg","datePublished":"2014-06-19T15:54:21+00:00","description":"Fins al 13 de juliol de 2014. Exposici\u00f3 d'Isabel Steva, Colita, una de les artistes m\u00e9s destacades de la fotografia catalana contempor\u00e0nia.","breadcrumb":{"@id":"https:\/\/laindependent.cat\/es\/barcelona-exposicio-disabel-steva-colita-la-independent-noticies-genere\/#breadcrumb"},"inLanguage":"es","potentialAction":[{"@type":"ReadAction","target":["https:\/\/laindependent.cat\/es\/barcelona-exposicio-disabel-steva-colita-la-independent-noticies-genere\/"]}]},{"@type":"ImageObject","inLanguage":"es","@id":"https:\/\/laindependent.cat\/es\/barcelona-exposicio-disabel-steva-colita-la-independent-noticies-genere\/#primaryimage","url":"https:\/\/laindependent.cat\/wp-content\/uploads\/2014\/06\/Colita-.jpg","contentUrl":"https:\/\/laindependent.cat\/wp-content\/uploads\/2014\/06\/Colita-.jpg","width":400,"height":605},{"@type":"BreadcrumbList","@id":"https:\/\/laindependent.cat\/es\/barcelona-exposicio-disabel-steva-colita-la-independent-noticies-genere\/#breadcrumb","itemListElement":[{"@type":"ListItem","position":1,"name":"Inici","item":"https:\/\/laindependent.cat\/es\/la-independent\/"},{"@type":"ListItem","position":2,"name":"Cultura","item":"https:\/\/laindependent.cat\/es\/tema\/cultura\/"},{"@type":"ListItem","position":3,"name":"Fotograf\u00eda","item":"https:\/\/laindependent.cat\/es\/tema\/cultura\/fotografia\/"},{"@type":"ListItem","position":4,"name":"Barcelona: Exposici\u00f3 d&#8217;Isabel Steva, Colita \/ La Independent \/ Noticies G\u00e9nere"}]},{"@type":"WebSite","@id":"https:\/\/laindependent.cat\/es\/#website","url":"https:\/\/laindependent.cat\/es\/","name":"La Independent","description":"Ag\u00e8ncia de not\u00edcies amb visi\u00f3 de g\u00e8nere","publisher":{"@id":"https:\/\/laindependent.cat\/es\/#organization"},"alternateName":"Ag\u00e8ncia de not\u00edcies amb visi\u00f3 de g\u00e8nere","potentialAction":[{"@type":"SearchAction","target":{"@type":"EntryPoint","urlTemplate":"https:\/\/laindependent.cat\/es\/?s={search_term_string}"},"query-input":{"@type":"PropertyValueSpecification","valueRequired":true,"valueName":"search_term_string"}}],"inLanguage":"es"},{"@type":"Organization","@id":"https:\/\/laindependent.cat\/es\/#organization","name":"La Independent","alternateName":"Ag\u00e8ncia de not\u00edcies amb visi\u00f3 de g\u00e8nere","url":"https:\/\/laindependent.cat\/es\/","logo":{"@type":"ImageObject","inLanguage":"es","@id":"https:\/\/laindependent.cat\/es\/#\/schema\/logo\/image\/","url":"https:\/\/laindependent.cat\/wp-content\/uploads\/2022\/10\/logo-independent.svg","contentUrl":"https:\/\/laindependent.cat\/wp-content\/uploads\/2022\/10\/logo-independent.svg","width":562,"height":78,"caption":"La Independent"},"image":{"@id":"https:\/\/laindependent.cat\/es\/#\/schema\/logo\/image\/"}},{"@type":"Person","@id":"https:\/\/laindependent.cat\/es\/#\/schema\/person\/c0bbc88d6bb99ffe6206fec7daa8d5f1","name":"Amada Santos","image":{"@type":"ImageObject","inLanguage":"es","@id":"https:\/\/secure.gravatar.com\/avatar\/ddc329d5c10903319ef8e7bfda1f33c1798763e44bd30548785c262d0a7d5683?s=96&d=blank&r=g","url":"https:\/\/secure.gravatar.com\/avatar\/ddc329d5c10903319ef8e7bfda1f33c1798763e44bd30548785c262d0a7d5683?s=96&d=blank&r=g","contentUrl":"https:\/\/secure.gravatar.com\/avatar\/ddc329d5c10903319ef8e7bfda1f33c1798763e44bd30548785c262d0a7d5683?s=96&d=blank&r=g","caption":"Amada Santos"},"description":"Fotoperiodista i Soci\u00f3loga. Activista Feminista, Defensora DDHH i Cooperant. Presidenta de la XIDPIC.Cat. Co-coordinadora i Editora de La Independent. Coordinadora Internacional a la RIPVG","url":"https:\/\/laindependent.cat\/es\/author\/amada-santos\/"}]}},"_links":{"self":[{"href":"https:\/\/laindependent.cat\/es\/wp-json\/wp\/v2\/posts\/60413","targetHints":{"allow":["GET"]}}],"collection":[{"href":"https:\/\/laindependent.cat\/es\/wp-json\/wp\/v2\/posts"}],"about":[{"href":"https:\/\/laindependent.cat\/es\/wp-json\/wp\/v2\/types\/post"}],"author":[{"embeddable":true,"href":"https:\/\/laindependent.cat\/es\/wp-json\/wp\/v2\/users\/94"}],"replies":[{"embeddable":true,"href":"https:\/\/laindependent.cat\/es\/wp-json\/wp\/v2\/comments?post=60413"}],"version-history":[{"count":0,"href":"https:\/\/laindependent.cat\/es\/wp-json\/wp\/v2\/posts\/60413\/revisions"}],"wp:featuredmedia":[{"embeddable":true,"href":"https:\/\/laindependent.cat\/es\/wp-json\/wp\/v2\/media\/29834"}],"wp:attachment":[{"href":"https:\/\/laindependent.cat\/es\/wp-json\/wp\/v2\/media?parent=60413"}],"wp:term":[{"taxonomy":"category","embeddable":true,"href":"https:\/\/laindependent.cat\/es\/wp-json\/wp\/v2\/categories?post=60413"},{"taxonomy":"post_tag","embeddable":true,"href":"https:\/\/laindependent.cat\/es\/wp-json\/wp\/v2\/tags?post=60413"}],"curies":[{"name":"wp","href":"https:\/\/api.w.org\/{rel}","templated":true}]}}