{"id":58556,"date":"2013-03-21T13:55:29","date_gmt":"2013-03-21T12:55:29","guid":{"rendered":"https:\/\/laindependent.cat\/nadia-ghulam-y-la-situacion-de-la-mujer-en-afganistan\/"},"modified":"2013-03-21T13:55:29","modified_gmt":"2013-03-21T12:55:29","slug":"nadia-ghulam-y-la-situacion-de-la-mujer-en-afganistan","status":"publish","type":"post","link":"https:\/\/laindependent.cat\/es\/nadia-ghulam-y-la-situacion-de-la-mujer-en-afganistan\/","title":{"rendered":"Nadia Ghulam y la situaci\u00f3n de la mujer en Afganist\u00e1n"},"content":{"rendered":"<p><\/p>\n<p style=\"text-align: left;\"><strong><span style=\"font-family: trebuchet ms,geneva;\">\u00a0<\/span>&#8220;Si estamos en guerra, necesitamos educaci\u00f3n para luchar con nuestro bol\u00edgrafo y no con armas&#8221;<\/strong><\/p>\n<p style=\"text-align: left;\">\u00a0<\/p>\n<p style=\"text-align: left;\"><strong>Nadia Ghulam<\/strong> se identifica con un proverbio de su pa\u00eds que dice &#8220;los humanos son fuertes como piedras y finos como una flor&#8221;. Una mujer fuerte y valiente que cada d\u00eda encara el devenir de la vida. D\u00e9bil y fr\u00e1gil ante tantas vivencias injustas. Conversar con ella te abre de golpe los ojos al mundo. Un testimonio que turba y te hace valorar la grandeza de las peque\u00f1as cosas.<\/p>\n<p style=\"text-align: left;\"><span style=\"font-family: trebuchet ms,geneva; font-size: 10pt;\"><img decoding=\"async\" class=\"size-full wp-image-28529 lazyload\" style=\"--smush-placeholder-width: 193px; --smush-placeholder-aspect-ratio: 193\/119;margin: 5px auto; display: block;\" alt=\"Nadia_Ghulam._buenosdiascapitan.blogspot.comjpg\" data-src=\"https:\/\/laindependent.cat\/wp-content\/uploads\/2013\/03\/Nadia_Ghulam._buenosdiascapitan.blogspot.comjpg.jpg\" height=\"119\" width=\"193\" src=\"data:image\/svg+xml;base64,PHN2ZyB3aWR0aD0iMSIgaGVpZ2h0PSIxIiB4bWxucz0iaHR0cDovL3d3dy53My5vcmcvMjAwMC9zdmciPjwvc3ZnPg==\" \/><\/span><\/p>\n<p style=\"text-align: center;\"><span style=\"font-family: trebuchet ms,geneva; font-size: 10pt;\"><span style=\"font-size: 8pt;\">(Foto buenosdiascapitan.blogspot.com)<\/span><br \/><\/span><\/p>\n<p style=\"text-align: left;\"><span style=\"font-family: trebuchet ms,geneva; font-size: 10pt;\">\u00a0<\/span><\/p>\n<p><!--more--><\/p>\n<p style=\"text-align: left;\">\u00a0<\/p>\n<p style=\"text-align: left;\">\u00a0<\/p>\n<p style=\"text-align: left;\"><img decoding=\"async\" class=\"size-full wp-image-28530 lazyload\" style=\"--smush-placeholder-width: 400px; --smush-placeholder-aspect-ratio: 400\/103;margin: 5px auto; display: block;\" alt=\"Nadia\" data-src=\"https:\/\/laindependent.cat\/wp-content\/uploads\/2013\/03\/Nadia.jpg\" height=\"103\" width=\"400\" data-srcset=\"https:\/\/laindependent.cat\/wp-content\/uploads\/2013\/03\/Nadia.jpg 400w, https:\/\/laindependent.cat\/wp-content\/uploads\/2013\/03\/Nadia-300x77.jpg 300w\" data-sizes=\"(max-width: 400px) 100vw, 400px\" src=\"data:image\/svg+xml;base64,PHN2ZyB3aWR0aD0iMSIgaGVpZ2h0PSIxIiB4bWxucz0iaHR0cDovL3d3dy53My5vcmcvMjAwMC9zdmciPjwvc3ZnPg==\" \/><\/p>\n<p style=\"text-align: left;\">\u00a0<\/p>\n<p style=\"text-align: left;\"><span style=\"font-family: trebuchet ms,geneva; font-size: 10pt;\"><strong>Nadia Ghulam<\/strong> naci\u00f3 en Afganist\u00e1n, vivi\u00f3 feliz y en libertad, hasta que el r\u00e9gimen de los muyahidines provocaron una devastadora guerra civil. Con s\u00f3lo ocho a\u00f1os fue v\u00edctima de una bomba que la dej\u00f3 malherida durante dos a\u00f1os. Al salir del hospital, el r\u00e9gimen talib\u00e1n se hab\u00eda instaurado en Afganist\u00e1n y decidi\u00f3 suplantar la identidad de su hermano muerto, para sacar adelante a su familia. Once a\u00f1os m\u00e1s tarde viajar\u00eda a Catalu\u00f1a, lugar donde ha rehecho su vida.<\/span><\/p>\n<p style=\"text-align: left;\"><span style=\"font-family: trebuchet ms,geneva; font-size: 10pt;\">Estudiante de Educaci\u00f3n Social y coautora, con <strong>Agn\u00e8s Rotger<\/strong>, del libro El secreto de mi turbante (43 \u00ba Premio Prudenci Bertrana de Novela 2010) nos cuenta su propia historia y esclarece &#8220;el gran desconocimiento que hay sobre Afganist\u00e1n y los reg\u00edmenes fundamentalistas &#8220;.<\/span><\/p>\n<p style=\"text-align: left;\"><span style=\"font-family: trebuchet ms,geneva; font-size: 10pt;\"><br \/><\/span><\/p>\n<p style=\"text-align: left;\"><span style=\"font-family: trebuchet ms,geneva; font-size: 10pt;\"><img fetchpriority=\"high\" decoding=\"async\" class=\" size-full wp-image-28531\" style=\"margin: 5px auto; display: block;\" alt=\"el_secreto_de_mi_turbante\" src=\"https:\/\/laindependent.cat\/wp-content\/uploads\/2013\/03\/el_secreto_de_mi_turbante.jpg\" height=\"222\" width=\"289\" \/><br \/><\/span><\/p>\n<p style=\"text-align: left;\"><span style=\"font-family: trebuchet ms,geneva; font-size: 10pt;\"><br \/><\/span><\/p>\n<p style=\"text-align: left;\"><strong><span style=\"font-family: trebuchet ms,geneva; font-size: 10pt;\">Todas las restricciones que existen en Afganist\u00e1n \u00bfSon fruto del r\u00e9gimen talib\u00e1n?<\/span><\/strong><\/p>\n<p style=\"text-align: left;\"><span style=\"font-family: trebuchet ms,geneva; font-size: 10pt;\">Mi madre me cuenta que cuando reinaba el rey <strong>Zahir Shah<\/strong>, si alguien sal\u00eda a la calle con burka, todo el mundo se re\u00eda. Las mujeres viv\u00edan en libertad. En cambio cuando los muyahidines subieron al poder, hubo una guerra civil y todo cambi\u00f3: violencia, inseguridad, violaciones de mujeres, etc. Fue en ese momento cuando se impuso que las mujeres llevaran burka. Es curioso porque en el mundo occidental se asocia al talib\u00e1n con el burka, pero fue previo.<\/span><\/p>\n<p style=\"text-align: left;\"><span style=\"font-family: trebuchet ms,geneva; font-size: 10pt;\"><br \/><\/span><\/p>\n<p style=\"text-align: left;\"><strong><span style=\"font-family: trebuchet ms,geneva; font-size: 10pt;\">Con los talibanes lleg\u00f3 la paz pero no la libertad &#8230;<\/span><\/strong><\/p>\n<p style=\"text-align: left;\"><span style=\"font-family: trebuchet ms,geneva; font-size: 10pt;\">Exacto. Las personas afganas ya conocieron lo peor durante la guerra civil (muyahidines). No hab\u00eda seguridad ni en los propios hogares, porque entraban en cualquier momento, con violencia y se llevaban a las mujeres y a las ni\u00f1as. Cuando los talibanes asumieron el poder, pusieron normas estrictas que todos y todas deb\u00edan cumplir. Mantuvieron la obligatoriedad de que las mujeres llevaran burka e impusieron que deb\u00edan salir ,siempre, acompa\u00f1adas de un hombre. Las mujeres Afganas eran conscientes de que no ten\u00edan la misma libertad que ten\u00edan otras mujeres, pero se sent\u00edan seguras.<\/span><\/p>\n<p style=\"text-align: left;\">\u00a0<\/p>\n<p style=\"text-align: left;\"><span style=\"font-family: trebuchet ms,geneva; font-size: 10pt;\"><img decoding=\"async\" class=\"size-full wp-image-28532 lazyload\" style=\"--smush-placeholder-width: 176px; --smush-placeholder-aspect-ratio: 176\/256;margin: 5px auto; display: block;\" alt=\"burkha\" data-src=\"https:\/\/laindependent.cat\/wp-content\/uploads\/2013\/03\/burkha.png\" height=\"256\" width=\"176\" src=\"data:image\/svg+xml;base64,PHN2ZyB3aWR0aD0iMSIgaGVpZ2h0PSIxIiB4bWxucz0iaHR0cDovL3d3dy53My5vcmcvMjAwMC9zdmciPjwvc3ZnPg==\" \/><br \/><\/span><\/p>\n<p style=\"text-align: left;\"><span style=\"font-family: trebuchet ms,geneva; font-size: 10pt;\"><br \/><\/span><\/p>\n<p style=\"text-align: left;\"><strong><span style=\"font-family: trebuchet ms,geneva; font-size: 10pt;\">En el ranking de los peores pa\u00edses del mundo para nacer mujer, Afganist\u00e1n ocupa el primer lugar \u00bfQu\u00e9 soluci\u00f3n ves?<\/span><\/strong><\/p>\n<p style=\"text-align: left;\"><span style=\"font-family: trebuchet ms,geneva; font-size: 10pt;\">La \u00fanica soluci\u00f3n que veo es a trav\u00e9s de la formaci\u00f3n. Hist\u00f3ricamente las mujeres de Afganist\u00e1n fueron mujeres muy valientes, libres, que hicieron cosas muy importantes por su pa\u00eds. Pero nunca han tenido la oportunidad de formarse como otras mujeres de otros pa\u00edses. Afganist\u00e1n es un pa\u00eds que est\u00e1 continuamente en guerra y las mujeres, sometidas a represi\u00f3n. A pesar de la falta de seguridad, muchas familias prefieren que sus hijas estudien, aunque corran riesgos yendo a la escuela, porque saben que sin formaci\u00f3n, no hay futuro.<\/span><\/p>\n<p style=\"text-align: left;\"><span style=\"font-family: trebuchet ms,geneva; font-size: 10pt;\"><br \/><\/span><\/p>\n<p style=\"text-align: left;\"><strong><span style=\"font-family: trebuchet ms,geneva; font-size: 10pt;\">Afganist\u00e1n cuenta con un 87% de analfabetismo &#8230;<\/span><\/strong><\/p>\n<p style=\"text-align: left;\"><span style=\"font-family: trebuchet ms,geneva; font-size: 10pt;\">Debemos ser conscientes de que los pa\u00edses m\u00e1s desarrollados lo son, gracias a los m\u00e1s pobres. Desgraciadamente Afganist\u00e1n es uno de los pa\u00edses con mayor riqueza en recursos naturales y mejor situaci\u00f3n estrat\u00e9gica. Pero no interesa que progrese. Estoy convencida de que las mujeres de Afganist\u00e1n aprovechar\u00edan la m\u00ednima oportunidad que tuvieran para aprender, porque lo valoran realmente.<\/span><\/p>\n<p style=\"text-align: left;\"><span style=\"font-family: trebuchet ms,geneva; font-size: 10pt;\"><br \/><\/span><\/p>\n<p style=\"text-align: left;\"><strong><span style=\"font-family: trebuchet ms,geneva; font-size: 10pt;\">\u00bfC\u00f3mo ves los trabajos de cooperaci\u00f3n que se realizan en Afganist\u00e1n?<\/span><\/strong><\/p>\n<p style=\"text-align: left;\"><span style=\"font-family: trebuchet ms,geneva; font-size: 10pt;\">Creo que, como beneficiaria y cooperante de las ONG, realizan el trabajo con muy buena intenci\u00f3n, pero no de la manera adecuada. Los hombres afganos de mi familia tienen miedo de que las ONG eduquen a sus hijas en contra de los hombres, de la sociedad o de sus propias familias &#8230; Creen que el resultado es muy negativo. La persona cooperante lo hace con buena fe, pero con la visi\u00f3n occidental. Y la realidad del pa\u00eds es otra. Creo que ayudar a alguien es darle herramientas, sin imponer nada, para que la persona ayudada sea capaz de ver por s\u00ed misma c\u00f3mo salir de la situaci\u00f3n.<\/span><\/p>\n<p style=\"text-align: left;\"><span style=\"font-family: trebuchet ms,geneva; font-size: 10pt;\"><br \/><\/span><\/p>\n<p style=\"text-align: left;\"><strong><span style=\"font-family: trebuchet ms,geneva; font-size: 10pt;\">Es decir, que en vez de ver las ONG como entidades cooperantes, las ven como entidades revolucionarias &#8230;<\/span><\/strong><\/p>\n<p style=\"text-align: left;\"><span style=\"font-family: trebuchet ms,geneva; font-size: 10pt;\">Por ejemplo, las ONG animan a las afganas a quitarse el pa\u00f1uelo cuando llegan a la zona donde est\u00e1 la ONG, un hecho que provoca que la persona viva en una dualidad y que su familia o su entorno le pierda el respeto. Pienso que el trabajo de las ONG es muy importante y necesario, pero requiere mucho conocimiento de las necesidades del territorio, dejando de lado las propias. A todo el mundo le gustar\u00eda ver a las mujeres afganas sin burka, pero la pregunta es \u00bfQuieren ellas quitarse el burka? Seguramente s\u00ed, pero para llegar a ese punto, debe hacerse mucho trabajo previo. Para cambiar una sociedad, no se puede empezar con las personas m\u00e1s d\u00e9biles, en este caso las mujeres.<\/span><\/p>\n<p style=\"text-align: left;\"><span style=\"font-family: trebuchet ms,geneva; font-size: 10pt;\"><br \/><\/span><\/p>\n<p style=\"text-align: left;\"><strong><span style=\"font-family: trebuchet ms,geneva; font-size: 10pt;\">Sin embargo, la ley otorga este derecho a la educaci\u00f3n, a la propiedad y al trabajo de las mujeres &#8230;<\/span><\/strong><\/p>\n<p style=\"text-align: left;\"><span style=\"font-family: trebuchet ms,geneva; font-size: 10pt;\">Seg\u00fan la ley, hoy en d\u00eda, todo el mundo tiene derecho a la educaci\u00f3n, pero no es verdad. Desgraciadamente, una cosa es la realidad de un pa\u00eds y otra, la que se plasma sobre un papel.<\/span><\/p>\n<p style=\"text-align: left;\">\u00a0<\/p>\n<p style=\"text-align: center;\"><span style=\"font-family: trebuchet ms,geneva; font-size: 10pt;\"><img decoding=\"async\" class=\"size-full wp-image-28533 lazyload\" style=\"--smush-placeholder-width: 235px; --smush-placeholder-aspect-ratio: 235\/214;margin: 5px auto; display: block;\" alt=\"dones_Afganistant_enfocant.net\" data-src=\"https:\/\/laindependent.cat\/wp-content\/uploads\/2013\/03\/dones_Afganistant_enfocant.net_.jpg\" height=\"214\" width=\"235\" src=\"data:image\/svg+xml;base64,PHN2ZyB3aWR0aD0iMSIgaGVpZ2h0PSIxIiB4bWxucz0iaHR0cDovL3d3dy53My5vcmcvMjAwMC9zdmciPjwvc3ZnPg==\" \/><span style=\"font-size: 8pt;\">(Foto enfocant.net)<\/span><br \/><\/span><\/p>\n<p style=\"text-align: left;\">\u00a0<\/p>\n<p style=\"text-align: left;\"><strong><span style=\"font-family: trebuchet ms,geneva; font-size: 10pt;\">Como ciudadana que vive en occidente \u00bfC\u00f3mo ves nuestra sociedad, nuestra crisis econ\u00f3mica?<\/span><\/strong><\/p>\n<p style=\"text-align: left;\">\u00a0<\/p>\n<p style=\"text-align: left;\"><span style=\"font-family: trebuchet ms,geneva; font-size: 10pt;\">Yo no veo crisis &#8230; veo un mundo lleno de oportunidades. Creo que ten\u00edais un estado del bienestar, muy positivo en algunas cosas, pero que hizo que la gente se relajara mucho. Las nuevas generaciones se quejan mucho y no hacen nada. Manifestarse es algo muy bueno, porque es una expresi\u00f3n de la propia libertad, pero toda manifestaci\u00f3n debe empezar por uno mismo, por exigirse las mismas cosas que se exigen a la sociedad. Todas las personas tenemos muchos deberes por hacer. Pienso que hay mucho trabajo. Veo muchos j\u00f3venes que no valoran las oportunidades que tienen &#8230;<\/span><\/p>\n<p style=\"text-align: left;\"><span style=\"font-family: trebuchet ms,geneva; font-size: 10pt;\"><br \/><\/span><\/p>\n<p style=\"text-align: left;\"><strong><span style=\"font-family: trebuchet ms,geneva; font-size: 10pt;\">\u00bfCrees que hay culpables de la situaci\u00f3n de tu pa\u00eds?<\/span><\/strong><\/p>\n<p style=\"text-align: left;\"><span style=\"font-family: trebuchet ms,geneva; font-size: 10pt;\">No pienso en culpas, ni en venganzas. Los culpables, si los hay, est\u00e1n ante ellos mismos. En mi pa\u00eds hay un dicho: &#8220;nadie dice que mi yogur es \u00e1cido, todo el mundo dice que es dulce&#8221;, es decir nadie reconoce lo que ha hecho. Debemos asumir la propia responsabilidad para construir.<\/span><\/p>\n<p style=\"text-align: left;\"><span style=\"font-family: trebuchet ms,geneva; font-size: 10pt;\">El a\u00f1o pasado aumentaron en un 72% las muertes entre la sociedad civil debido a los ataques con avionetas sin pilotos, drones, por parte de los EEUU, est\u00e1 justificada, a d\u00eda de hoy, esa lucha antiterrorista?<\/span><\/p>\n<p style=\"text-align: left;\"><span style=\"font-family: trebuchet ms,geneva; font-size: 10pt;\">La guerra no se puede justificar. Ni por un lado, ni por el otro. Alcaeda lo justifica diciendo que se van al para\u00edso y los americanos diciendo que van contra el terrorismo, pero al final matan inocentes. No hay derecho. Yo no ten\u00eda culpa cuando lanzaron una bomba en mi casa. Y como yo, hay miles de personas, muriendo cada d\u00eda. Los j\u00f3venes afganos deber\u00edan oponerse a que se fabricaran armas en nuestro pa\u00eds.<\/span><\/p>\n<p style=\"text-align: left;\"><span style=\"font-family: trebuchet ms,geneva; font-size: 10pt;\"><br \/><\/span><\/p>\n<p style=\"text-align: left;\"><strong><span style=\"font-family: trebuchet ms,geneva; font-size: 10pt;\">\u00bfC\u00f3mo se puede concienciar a las sociedades de primer orden ante esta problem\u00e1tica?<\/span><\/strong><\/p>\n<p style=\"text-align: left;\"><span style=\"font-family: trebuchet ms,geneva; font-size: 10pt;\">Yo les cuento a los ni\u00f1os y a las ni\u00f1as de aqu\u00ed, la realidad de Afganist\u00e1n, un pa\u00eds que no est\u00e1 en guerra porque as\u00ed lo haya querido. Les cuento que alguien ha fabricado armas, alguien quiere que se utilicen estas armas. A vosotros, los periodistas, no os interesa dar a conocer esas realidades, porque no os comprar\u00edan los art\u00edculos.<\/span><\/p>\n<p style=\"text-align: left;\"><span style=\"font-family: trebuchet ms,geneva; font-size: 10pt;\"><br \/><\/span><\/p>\n<p style=\"text-align: left;\"><strong><span style=\"font-family: trebuchet ms,geneva; font-size: 10pt;\">\u00bfSe ha perdido la funci\u00f3n social del periodismo?<\/span><\/strong><\/p>\n<p style=\"text-align: left;\"><span style=\"font-family: trebuchet ms,geneva; font-size: 10pt;\">S\u00ed, totalmente. S\u00f3lo se habla de que en Afganist\u00e1n ha ca\u00eddo una bomba y nunca se habla de d\u00f3nde sale esa bomba. Deber\u00edamos preguntarnos \u00bfQui\u00e9n est\u00e1 detr\u00e1s de todo? El periodismo deber\u00eda desligarse del poder pol\u00edtico y econ\u00f3mico y trabajar por la justicia social.<\/span><\/p>\n<p style=\"text-align: left;\"><span style=\"font-family: trebuchet ms,geneva; font-size: 10pt;\"><br \/><\/span><\/p>\n<p style=\"text-align: left;\"><strong><span style=\"font-family: trebuchet ms,geneva; font-size: 10pt;\">\u00bfLas personas somos irresponsables? \u00bfQu\u00e9 crees que falla?<\/span><\/strong><\/p>\n<p style=\"text-align: left;\"><span style=\"font-family: trebuchet ms,geneva; font-size: 10pt;\">Falla la conciencia de la gente. Falta la necesidad de profundizar, de ir m\u00e1s all\u00e1 de lo que nos ense\u00f1an y de lo que se revierte en dinero. Mi pa\u00eds siempre ha vivido en la desgracia y se empez\u00f3 a hablar de \u00e9l a ra\u00edz de los talibanes. Antes de ellos, est\u00e1bamos bajo tierra, con heridas, mujeres violadas &#8230; la comunidad internacional estaba desaparecida, las ONG tambi\u00e9n, nadie nos conoc\u00eda &#8230; hasta que los americanos quisieron mostrarnos al mundo &#8230; Se deber\u00eda profundizar de d\u00f3nde surgieron los talibanes, qui\u00e9nes los form\u00f3 como militares, qui\u00e9nes les otorg\u00f3 armas.<\/span><\/p>\n<p style=\"text-align: left;\"><span style=\"font-family: trebuchet ms,geneva; font-size: 10pt;\"><br \/><\/span><\/p>\n<p style=\"text-align: left;\"><strong><span style=\"font-family: trebuchet ms,geneva; font-size: 10pt;\">\u00daltimamente se anunciaba que las tropas internacionales comenzar\u00edan a retirarse de Afganist\u00e1n. Espa\u00f1a lo har\u00eda a lo largo de este a\u00f1o y EEUU lo har\u00eda progresivamente en los pr\u00f3ximos a\u00f1os. Crees que llegar\u00e1 el orden social?<\/span><\/strong><\/p>\n<p style=\"text-align: left;\"><span style=\"font-family: trebuchet ms,geneva; font-size: 10pt;\">Si realmente quer\u00edan irse, que hubieran formado y educado a las personas para cuidar de su pa\u00eds. Ahora, en el \u00faltimo momento, est\u00e1n dando armas a los j\u00f3venes, que no saben ni leer ni escribir. Est\u00e1n instruyendo a personas que no saben el significado de la palabra PAZ, despu\u00e9s de 35 a\u00f1os de guerra. Si tienen que irse \u00a1Que se lleven todas las armas!<\/span><\/p>\n<p style=\"text-align: left;\"><span style=\"font-family: trebuchet ms,geneva; font-size: 10pt;\"><br \/><\/span><\/p>\n<p style=\"text-align: left;\"><strong><span style=\"font-family: trebuchet ms,geneva; font-size: 10pt;\">Se comenta que el Nobel de la Paz, Barack Obama, dejar\u00e1 bases militares para controlar el acceso a la riqueza de gas y petr\u00f3leo de la regi\u00f3n &#8230;<\/span><\/strong><\/p>\n<p style=\"text-align: left;\"><span style=\"font-family: trebuchet ms,geneva; font-size: 10pt;\">Cuando llegaron, gastaron millones de euros y d\u00f3lares en armamento y ahora que se van, lo vuelven a hacer. Hay intereses puramente econ\u00f3micos en la regi\u00f3n, y Occidente no hace nada. La sociedad civil tiene mucho miedo. Todo el mundo est\u00e1 muy preocupado por lo que pasar\u00e1, todo el mundo quiere irse y refugiarse en otros pa\u00edses.<\/span><\/p>\n<p style=\"text-align: left;\"><span style=\"font-family: trebuchet ms,geneva; font-size: 10pt;\"><br \/><\/span><\/p>\n<p style=\"text-align: left;\"><strong><span style=\"font-family: trebuchet ms,geneva; font-size: 10pt;\">\u00bfDejar\u00e1n que se autodestruyan?<\/span><\/strong><\/p>\n<p style=\"text-align: left;\"><span style=\"font-family: trebuchet ms,geneva; font-size: 10pt;\">Es la manera de colgarse medallas y de hacer ver que la poblaci\u00f3n afgana no sabe cuidarse, que necesita ayuda externa &#8230; es la \u00fanica manera de justificar la ocupaci\u00f3n del pa\u00eds. Un 85% de la poblaci\u00f3n en Afganist\u00e1n tiene problemas psicol\u00f3gicos. No necesitamos armas, necesitamos psic\u00f3logos. Si estamos en guerra, necesitamos educaci\u00f3n para luchar con nuestro &#8220;bol\u00edgrafo&#8221; y no con armas.<\/span><\/p>\n<p style=\"text-align: left;\"><span style=\"font-family: trebuchet ms,geneva; font-size: 10pt;\"><br \/><\/span><\/p>\n<p style=\"text-align: left;\"><strong><span style=\"font-family: trebuchet ms,geneva; font-size: 10pt;\">\u00bfCu\u00e1l es tu sue\u00f1o?<\/span><\/strong><\/p>\n<p style=\"text-align: left;\"><span style=\"font-family: trebuchet ms,geneva; font-size: 10pt;\">Ayudar a las personas j\u00f3venes de mi pa\u00eds a formarse. Poder transmitir la multitud de cosas buenas que he aprendido en Catalu\u00f1a, las mismas que a m\u00ed me han ayudado a crecer como persona. A pesar de todo, soy optimista. Desgraciadamente morir\u00e1n muchas personas y desaparecer\u00e1n otras tantas, pero espero alg\u00fan d\u00eda ver el pa\u00eds, Afganist\u00e1n, como yo lo imagino.<\/span><\/p>\n<p style=\"text-align: left;\"><span style=\"font-family: trebuchet ms,geneva; font-size: 10pt;\"><br \/><\/span><\/p>\n<p style=\"text-align: left;\"><strong><span style=\"font-family: trebuchet ms,geneva; font-size: 10pt;\">\u00bfT\u00fa estar\u00e1s all\u00ed?<\/span><\/strong><\/p>\n<p style=\"text-align: left;\"><span style=\"font-family: trebuchet ms,geneva; font-size: 10pt;\">Siempre estar\u00e9 all\u00ed.<\/span><\/p>\n<p style=\"text-align: left;\"><span style=\"font-family: trebuchet ms,geneva; font-size: 10pt;\"><br \/><\/span><\/p>\n<p style=\"text-align: left;\"><strong><span style=\"font-family: trebuchet ms,geneva; font-size: 10pt;\">Yo creo que la juventud de aqu\u00ed pueden aprender muchas cosas de ti. Muchas gracias.<\/span><\/strong><\/p>\n<p style=\"text-align: left;\"><span style=\"font-family: trebuchet ms,geneva; font-size: 10pt;\"><br \/><\/span><\/p>\n<p style=\"text-align: center;\"><strong><span style=\"font-family: trebuchet ms,geneva; font-size: 10pt;\"><img decoding=\"async\" class=\"size-full wp-image-28534 lazyload\" style=\"--smush-placeholder-width: 368px; --smush-placeholder-aspect-ratio: 368\/259;margin: 5px auto; display: block;\" alt=\"Nadia_Ghulam_y_Sonia_Rico_en_un_momento_de_la_entrevista\" data-src=\"https:\/\/laindependent.cat\/wp-content\/uploads\/2013\/03\/Nadia_Ghulam_y_Sonia_Rico_en_un_momento_de_la_entrevista.jpg\" height=\"259\" width=\"368\" data-srcset=\"https:\/\/laindependent.cat\/wp-content\/uploads\/2013\/03\/Nadia_Ghulam_y_Sonia_Rico_en_un_momento_de_la_entrevista.jpg 400w, https:\/\/laindependent.cat\/wp-content\/uploads\/2013\/03\/Nadia_Ghulam_y_Sonia_Rico_en_un_momento_de_la_entrevista-300x212.jpg 300w\" data-sizes=\"(max-width: 368px) 100vw, 368px\" src=\"data:image\/svg+xml;base64,PHN2ZyB3aWR0aD0iMSIgaGVpZ2h0PSIxIiB4bWxucz0iaHR0cDovL3d3dy53My5vcmcvMjAwMC9zdmciPjwvc3ZnPg==\" \/><\/span><\/strong><span style=\"font-size: 8pt;\"><span style=\"font-family: trebuchet ms,geneva;\">Nadia Ghulam<\/span><span style=\"font-family: trebuchet ms,geneva;\"> i S\u00f2nia Rico en un moment de l&#8217;entrevista<\/span><\/span><strong><span style=\"font-family: trebuchet ms,geneva; font-size: 10pt;\"><br \/><\/span><\/strong><\/p>\n","protected":false},"excerpt":{"rendered":"<p>\u00a0&#8220;Si estamos en guerra, necesitamos educaci\u00f3n para luchar con nuestro bol\u00edgrafo y no con armas&#8221; \u00a0 Nadia Ghulam se identifica con un proverbio de su pa\u00eds que dice &#8220;los humanos son fuertes como piedras y finos como una flor&#8221;. Una [&hellip;]<\/p>\n","protected":false},"author":72,"featured_media":28529,"comment_status":"open","ping_status":"","sticky":false,"template":"","format":"standard","meta":{"footnotes":""},"categories":[26727],"tags":[27557,30852,30851],"class_list":["post-58556","post","type-post","status-publish","format-standard","has-post-thumbnail","hentry","category-mujeres-del-mundo","tag-alfabetitzacio","tag-guerra","tag-nadia-ghulam"],"yoast_head":"<!-- This site is optimized with the Yoast SEO plugin v27.4 - https:\/\/yoast.com\/product\/yoast-seo-wordpress\/ -->\n<title>Nadia Ghulam y la situaci\u00f3n de la mujer en Afganist\u00e1n | La Independent<\/title>\n<meta name=\"description\" content=\"\u00a0&quot;Si estamos en guerra, necesitamos educaci\u00f3n para luchar con nuestro bol\u00edgrafo y no con armas&quot; \u00a0 Nadia Ghulam se identifica con un proverbio de su pa\u00eds\" \/>\n<meta name=\"robots\" content=\"index, follow, max-snippet:-1, max-image-preview:large, max-video-preview:-1\" \/>\n<link rel=\"canonical\" href=\"https:\/\/laindependent.cat\/es\/nadia-ghulam-y-la-situacion-de-la-mujer-en-afganistan\/\" \/>\n<meta property=\"og:locale\" content=\"es_ES\" \/>\n<meta property=\"og:type\" content=\"article\" \/>\n<meta property=\"og:title\" content=\"Nadia Ghulam y la situaci\u00f3n de la mujer en Afganist\u00e1n | La Independent\" \/>\n<meta property=\"og:description\" content=\"\u00a0&quot;Si estamos en guerra, necesitamos educaci\u00f3n para luchar con nuestro bol\u00edgrafo y no con armas&quot; \u00a0 Nadia Ghulam se identifica con un proverbio de su pa\u00eds\" \/>\n<meta property=\"og:url\" content=\"https:\/\/laindependent.cat\/es\/nadia-ghulam-y-la-situacion-de-la-mujer-en-afganistan\/\" \/>\n<meta property=\"og:site_name\" content=\"La Independent\" \/>\n<meta property=\"article:author\" content=\"https:\/\/www.facebook.com\/tona.gusi\" \/>\n<meta property=\"article:published_time\" content=\"2013-03-21T12:55:29+00:00\" \/>\n<meta property=\"og:image\" content=\"https:\/\/laindependent.cat\/wp-content\/uploads\/2013\/03\/Nadia_Ghulam._buenosdiascapitan.blogspot.comjpg.jpg\" \/>\n<meta name=\"author\" content=\"Tona Gusi\" \/>\n<meta name=\"twitter:card\" content=\"summary_large_image\" \/>\n<meta name=\"twitter:creator\" content=\"@https:\/\/twitter.com\/tonagusi\" \/>\n<meta name=\"twitter:label1\" content=\"Escrito por\" \/>\n\t<meta name=\"twitter:data1\" content=\"Tona Gusi\" \/>\n\t<meta name=\"twitter:label2\" content=\"Tiempo de lectura\" \/>\n\t<meta name=\"twitter:data2\" content=\"10 minutos\" \/>\n<script type=\"application\/ld+json\" class=\"yoast-schema-graph\">{\"@context\":\"https:\\\/\\\/schema.org\",\"@graph\":[{\"@type\":\"Article\",\"@id\":\"https:\\\/\\\/laindependent.cat\\\/es\\\/nadia-ghulam-y-la-situacion-de-la-mujer-en-afganistan\\\/#article\",\"isPartOf\":{\"@id\":\"https:\\\/\\\/laindependent.cat\\\/es\\\/nadia-ghulam-y-la-situacion-de-la-mujer-en-afganistan\\\/\"},\"author\":{\"name\":\"Tona Gusi\",\"@id\":\"https:\\\/\\\/laindependent.cat\\\/es\\\/#\\\/schema\\\/person\\\/48977a569b250ff82a4929194239bcc9\"},\"headline\":\"Nadia Ghulam y la situaci\u00f3n de la mujer en Afganist\u00e1n\",\"datePublished\":\"2013-03-21T12:55:29+00:00\",\"mainEntityOfPage\":{\"@id\":\"https:\\\/\\\/laindependent.cat\\\/es\\\/nadia-ghulam-y-la-situacion-de-la-mujer-en-afganistan\\\/\"},\"wordCount\":1918,\"commentCount\":0,\"publisher\":{\"@id\":\"https:\\\/\\\/laindependent.cat\\\/es\\\/#organization\"},\"image\":{\"@id\":\"https:\\\/\\\/laindependent.cat\\\/es\\\/nadia-ghulam-y-la-situacion-de-la-mujer-en-afganistan\\\/#primaryimage\"},\"thumbnailUrl\":\"https:\\\/\\\/laindependent.cat\\\/wp-content\\\/uploads\\\/2013\\\/03\\\/Nadia_Ghulam._buenosdiascapitan.blogspot.comjpg.jpg\",\"keywords\":[\"alfabetitzaci\u00f3\",\"guerra\",\"Nadia Ghulam\"],\"articleSection\":[\"Mujeres del mundo\"],\"inLanguage\":\"es\",\"potentialAction\":[{\"@type\":\"CommentAction\",\"name\":\"Comment\",\"target\":[\"https:\\\/\\\/laindependent.cat\\\/es\\\/nadia-ghulam-y-la-situacion-de-la-mujer-en-afganistan\\\/#respond\"]}]},{\"@type\":\"WebPage\",\"@id\":\"https:\\\/\\\/laindependent.cat\\\/es\\\/nadia-ghulam-y-la-situacion-de-la-mujer-en-afganistan\\\/\",\"url\":\"https:\\\/\\\/laindependent.cat\\\/es\\\/nadia-ghulam-y-la-situacion-de-la-mujer-en-afganistan\\\/\",\"name\":\"Nadia Ghulam y la situaci\u00f3n de la mujer en Afganist\u00e1n | La Independent\",\"isPartOf\":{\"@id\":\"https:\\\/\\\/laindependent.cat\\\/es\\\/#website\"},\"primaryImageOfPage\":{\"@id\":\"https:\\\/\\\/laindependent.cat\\\/es\\\/nadia-ghulam-y-la-situacion-de-la-mujer-en-afganistan\\\/#primaryimage\"},\"image\":{\"@id\":\"https:\\\/\\\/laindependent.cat\\\/es\\\/nadia-ghulam-y-la-situacion-de-la-mujer-en-afganistan\\\/#primaryimage\"},\"thumbnailUrl\":\"https:\\\/\\\/laindependent.cat\\\/wp-content\\\/uploads\\\/2013\\\/03\\\/Nadia_Ghulam._buenosdiascapitan.blogspot.comjpg.jpg\",\"datePublished\":\"2013-03-21T12:55:29+00:00\",\"description\":\"\u00a0\\\"Si estamos en guerra, necesitamos educaci\u00f3n para luchar con nuestro bol\u00edgrafo y no con armas\\\" \u00a0 Nadia Ghulam se identifica con un proverbio de su pa\u00eds\",\"breadcrumb\":{\"@id\":\"https:\\\/\\\/laindependent.cat\\\/es\\\/nadia-ghulam-y-la-situacion-de-la-mujer-en-afganistan\\\/#breadcrumb\"},\"inLanguage\":\"es\",\"potentialAction\":[{\"@type\":\"ReadAction\",\"target\":[\"https:\\\/\\\/laindependent.cat\\\/es\\\/nadia-ghulam-y-la-situacion-de-la-mujer-en-afganistan\\\/\"]}]},{\"@type\":\"ImageObject\",\"inLanguage\":\"es\",\"@id\":\"https:\\\/\\\/laindependent.cat\\\/es\\\/nadia-ghulam-y-la-situacion-de-la-mujer-en-afganistan\\\/#primaryimage\",\"url\":\"https:\\\/\\\/laindependent.cat\\\/wp-content\\\/uploads\\\/2013\\\/03\\\/Nadia_Ghulam._buenosdiascapitan.blogspot.comjpg.jpg\",\"contentUrl\":\"https:\\\/\\\/laindependent.cat\\\/wp-content\\\/uploads\\\/2013\\\/03\\\/Nadia_Ghulam._buenosdiascapitan.blogspot.comjpg.jpg\",\"width\":278,\"height\":172},{\"@type\":\"BreadcrumbList\",\"@id\":\"https:\\\/\\\/laindependent.cat\\\/es\\\/nadia-ghulam-y-la-situacion-de-la-mujer-en-afganistan\\\/#breadcrumb\",\"itemListElement\":[{\"@type\":\"ListItem\",\"position\":1,\"name\":\"Inici\",\"item\":\"https:\\\/\\\/laindependent.cat\\\/es\\\/la-independent\\\/\"},{\"@type\":\"ListItem\",\"position\":2,\"name\":\"Mujeres del mundo\",\"item\":\"https:\\\/\\\/laindependent.cat\\\/es\\\/tema\\\/mujeres-del-mundo\\\/\"},{\"@type\":\"ListItem\",\"position\":3,\"name\":\"Nadia Ghulam y la situaci\u00f3n de la mujer en Afganist\u00e1n\"}]},{\"@type\":\"WebSite\",\"@id\":\"https:\\\/\\\/laindependent.cat\\\/es\\\/#website\",\"url\":\"https:\\\/\\\/laindependent.cat\\\/es\\\/\",\"name\":\"La Independent\",\"description\":\"Ag\u00e8ncia de not\u00edcies amb visi\u00f3 de g\u00e8nere\",\"publisher\":{\"@id\":\"https:\\\/\\\/laindependent.cat\\\/es\\\/#organization\"},\"alternateName\":\"Ag\u00e8ncia de not\u00edcies amb visi\u00f3 de g\u00e8nere\",\"potentialAction\":[{\"@type\":\"SearchAction\",\"target\":{\"@type\":\"EntryPoint\",\"urlTemplate\":\"https:\\\/\\\/laindependent.cat\\\/es\\\/?s={search_term_string}\"},\"query-input\":{\"@type\":\"PropertyValueSpecification\",\"valueRequired\":true,\"valueName\":\"search_term_string\"}}],\"inLanguage\":\"es\"},{\"@type\":\"Organization\",\"@id\":\"https:\\\/\\\/laindependent.cat\\\/es\\\/#organization\",\"name\":\"La Independent\",\"alternateName\":\"Ag\u00e8ncia de not\u00edcies amb visi\u00f3 de g\u00e8nere\",\"url\":\"https:\\\/\\\/laindependent.cat\\\/es\\\/\",\"logo\":{\"@type\":\"ImageObject\",\"inLanguage\":\"es\",\"@id\":\"https:\\\/\\\/laindependent.cat\\\/es\\\/#\\\/schema\\\/logo\\\/image\\\/\",\"url\":\"https:\\\/\\\/laindependent.cat\\\/wp-content\\\/uploads\\\/2022\\\/10\\\/logo-independent.svg\",\"contentUrl\":\"https:\\\/\\\/laindependent.cat\\\/wp-content\\\/uploads\\\/2022\\\/10\\\/logo-independent.svg\",\"width\":562,\"height\":78,\"caption\":\"La Independent\"},\"image\":{\"@id\":\"https:\\\/\\\/laindependent.cat\\\/es\\\/#\\\/schema\\\/logo\\\/image\\\/\"}},{\"@type\":\"Person\",\"@id\":\"https:\\\/\\\/laindependent.cat\\\/es\\\/#\\\/schema\\\/person\\\/48977a569b250ff82a4929194239bcc9\",\"name\":\"Tona Gusi\",\"image\":{\"@type\":\"ImageObject\",\"inLanguage\":\"es\",\"@id\":\"https:\\\/\\\/secure.gravatar.com\\\/avatar\\\/d09891f52233d2ed7c2e066fc06640e576202983bf7f713e372185f035ac5f67?s=96&d=blank&r=g\",\"url\":\"https:\\\/\\\/secure.gravatar.com\\\/avatar\\\/d09891f52233d2ed7c2e066fc06640e576202983bf7f713e372185f035ac5f67?s=96&d=blank&r=g\",\"contentUrl\":\"https:\\\/\\\/secure.gravatar.com\\\/avatar\\\/d09891f52233d2ed7c2e066fc06640e576202983bf7f713e372185f035ac5f67?s=96&d=blank&r=g\",\"caption\":\"Tona Gusi\"},\"description\":\"Fundadora i Co-coordinadora de La Independent. Tamb\u00e9 \u00e9s psic\u00f2loga menci\u00f3 en Psicologia d'Intervenci\u00f3 Cl\u00ednica i menci\u00f3 en Psicologia del Treball i les Organitzacions.\",\"sameAs\":[\"https:\\\/\\\/www.facebook.com\\\/tona.gusi\",\"https:\\\/\\\/x.com\\\/https:\\\/\\\/twitter.com\\\/tonagusi\"],\"url\":\"https:\\\/\\\/laindependent.cat\\\/es\\\/author\\\/tona-gusi\\\/\"}]}<\/script>\n<!-- \/ Yoast SEO plugin. -->","yoast_head_json":{"title":"Nadia Ghulam y la situaci\u00f3n de la mujer en Afganist\u00e1n | La Independent","description":"\u00a0\"Si estamos en guerra, necesitamos educaci\u00f3n para luchar con nuestro bol\u00edgrafo y no con armas\" \u00a0 Nadia Ghulam se identifica con un proverbio de su pa\u00eds","robots":{"index":"index","follow":"follow","max-snippet":"max-snippet:-1","max-image-preview":"max-image-preview:large","max-video-preview":"max-video-preview:-1"},"canonical":"https:\/\/laindependent.cat\/es\/nadia-ghulam-y-la-situacion-de-la-mujer-en-afganistan\/","og_locale":"es_ES","og_type":"article","og_title":"Nadia Ghulam y la situaci\u00f3n de la mujer en Afganist\u00e1n | La Independent","og_description":"\u00a0\"Si estamos en guerra, necesitamos educaci\u00f3n para luchar con nuestro bol\u00edgrafo y no con armas\" \u00a0 Nadia Ghulam se identifica con un proverbio de su pa\u00eds","og_url":"https:\/\/laindependent.cat\/es\/nadia-ghulam-y-la-situacion-de-la-mujer-en-afganistan\/","og_site_name":"La Independent","article_author":"https:\/\/www.facebook.com\/tona.gusi","article_published_time":"2013-03-21T12:55:29+00:00","og_image":[{"url":"https:\/\/laindependent.cat\/wp-content\/uploads\/2013\/03\/Nadia_Ghulam._buenosdiascapitan.blogspot.comjpg.jpg","type":"","width":"","height":""}],"author":"Tona Gusi","twitter_card":"summary_large_image","twitter_creator":"@https:\/\/twitter.com\/tonagusi","twitter_misc":{"Escrito por":"Tona Gusi","Tiempo de lectura":"10 minutos"},"schema":{"@context":"https:\/\/schema.org","@graph":[{"@type":"Article","@id":"https:\/\/laindependent.cat\/es\/nadia-ghulam-y-la-situacion-de-la-mujer-en-afganistan\/#article","isPartOf":{"@id":"https:\/\/laindependent.cat\/es\/nadia-ghulam-y-la-situacion-de-la-mujer-en-afganistan\/"},"author":{"name":"Tona Gusi","@id":"https:\/\/laindependent.cat\/es\/#\/schema\/person\/48977a569b250ff82a4929194239bcc9"},"headline":"Nadia Ghulam y la situaci\u00f3n de la mujer en Afganist\u00e1n","datePublished":"2013-03-21T12:55:29+00:00","mainEntityOfPage":{"@id":"https:\/\/laindependent.cat\/es\/nadia-ghulam-y-la-situacion-de-la-mujer-en-afganistan\/"},"wordCount":1918,"commentCount":0,"publisher":{"@id":"https:\/\/laindependent.cat\/es\/#organization"},"image":{"@id":"https:\/\/laindependent.cat\/es\/nadia-ghulam-y-la-situacion-de-la-mujer-en-afganistan\/#primaryimage"},"thumbnailUrl":"https:\/\/laindependent.cat\/wp-content\/uploads\/2013\/03\/Nadia_Ghulam._buenosdiascapitan.blogspot.comjpg.jpg","keywords":["alfabetitzaci\u00f3","guerra","Nadia Ghulam"],"articleSection":["Mujeres del mundo"],"inLanguage":"es","potentialAction":[{"@type":"CommentAction","name":"Comment","target":["https:\/\/laindependent.cat\/es\/nadia-ghulam-y-la-situacion-de-la-mujer-en-afganistan\/#respond"]}]},{"@type":"WebPage","@id":"https:\/\/laindependent.cat\/es\/nadia-ghulam-y-la-situacion-de-la-mujer-en-afganistan\/","url":"https:\/\/laindependent.cat\/es\/nadia-ghulam-y-la-situacion-de-la-mujer-en-afganistan\/","name":"Nadia Ghulam y la situaci\u00f3n de la mujer en Afganist\u00e1n | La Independent","isPartOf":{"@id":"https:\/\/laindependent.cat\/es\/#website"},"primaryImageOfPage":{"@id":"https:\/\/laindependent.cat\/es\/nadia-ghulam-y-la-situacion-de-la-mujer-en-afganistan\/#primaryimage"},"image":{"@id":"https:\/\/laindependent.cat\/es\/nadia-ghulam-y-la-situacion-de-la-mujer-en-afganistan\/#primaryimage"},"thumbnailUrl":"https:\/\/laindependent.cat\/wp-content\/uploads\/2013\/03\/Nadia_Ghulam._buenosdiascapitan.blogspot.comjpg.jpg","datePublished":"2013-03-21T12:55:29+00:00","description":"\u00a0\"Si estamos en guerra, necesitamos educaci\u00f3n para luchar con nuestro bol\u00edgrafo y no con armas\" \u00a0 Nadia Ghulam se identifica con un proverbio de su pa\u00eds","breadcrumb":{"@id":"https:\/\/laindependent.cat\/es\/nadia-ghulam-y-la-situacion-de-la-mujer-en-afganistan\/#breadcrumb"},"inLanguage":"es","potentialAction":[{"@type":"ReadAction","target":["https:\/\/laindependent.cat\/es\/nadia-ghulam-y-la-situacion-de-la-mujer-en-afganistan\/"]}]},{"@type":"ImageObject","inLanguage":"es","@id":"https:\/\/laindependent.cat\/es\/nadia-ghulam-y-la-situacion-de-la-mujer-en-afganistan\/#primaryimage","url":"https:\/\/laindependent.cat\/wp-content\/uploads\/2013\/03\/Nadia_Ghulam._buenosdiascapitan.blogspot.comjpg.jpg","contentUrl":"https:\/\/laindependent.cat\/wp-content\/uploads\/2013\/03\/Nadia_Ghulam._buenosdiascapitan.blogspot.comjpg.jpg","width":278,"height":172},{"@type":"BreadcrumbList","@id":"https:\/\/laindependent.cat\/es\/nadia-ghulam-y-la-situacion-de-la-mujer-en-afganistan\/#breadcrumb","itemListElement":[{"@type":"ListItem","position":1,"name":"Inici","item":"https:\/\/laindependent.cat\/es\/la-independent\/"},{"@type":"ListItem","position":2,"name":"Mujeres del mundo","item":"https:\/\/laindependent.cat\/es\/tema\/mujeres-del-mundo\/"},{"@type":"ListItem","position":3,"name":"Nadia Ghulam y la situaci\u00f3n de la mujer en Afganist\u00e1n"}]},{"@type":"WebSite","@id":"https:\/\/laindependent.cat\/es\/#website","url":"https:\/\/laindependent.cat\/es\/","name":"La Independent","description":"Ag\u00e8ncia de not\u00edcies amb visi\u00f3 de g\u00e8nere","publisher":{"@id":"https:\/\/laindependent.cat\/es\/#organization"},"alternateName":"Ag\u00e8ncia de not\u00edcies amb visi\u00f3 de g\u00e8nere","potentialAction":[{"@type":"SearchAction","target":{"@type":"EntryPoint","urlTemplate":"https:\/\/laindependent.cat\/es\/?s={search_term_string}"},"query-input":{"@type":"PropertyValueSpecification","valueRequired":true,"valueName":"search_term_string"}}],"inLanguage":"es"},{"@type":"Organization","@id":"https:\/\/laindependent.cat\/es\/#organization","name":"La Independent","alternateName":"Ag\u00e8ncia de not\u00edcies amb visi\u00f3 de g\u00e8nere","url":"https:\/\/laindependent.cat\/es\/","logo":{"@type":"ImageObject","inLanguage":"es","@id":"https:\/\/laindependent.cat\/es\/#\/schema\/logo\/image\/","url":"https:\/\/laindependent.cat\/wp-content\/uploads\/2022\/10\/logo-independent.svg","contentUrl":"https:\/\/laindependent.cat\/wp-content\/uploads\/2022\/10\/logo-independent.svg","width":562,"height":78,"caption":"La Independent"},"image":{"@id":"https:\/\/laindependent.cat\/es\/#\/schema\/logo\/image\/"}},{"@type":"Person","@id":"https:\/\/laindependent.cat\/es\/#\/schema\/person\/48977a569b250ff82a4929194239bcc9","name":"Tona Gusi","image":{"@type":"ImageObject","inLanguage":"es","@id":"https:\/\/secure.gravatar.com\/avatar\/d09891f52233d2ed7c2e066fc06640e576202983bf7f713e372185f035ac5f67?s=96&d=blank&r=g","url":"https:\/\/secure.gravatar.com\/avatar\/d09891f52233d2ed7c2e066fc06640e576202983bf7f713e372185f035ac5f67?s=96&d=blank&r=g","contentUrl":"https:\/\/secure.gravatar.com\/avatar\/d09891f52233d2ed7c2e066fc06640e576202983bf7f713e372185f035ac5f67?s=96&d=blank&r=g","caption":"Tona Gusi"},"description":"Fundadora i Co-coordinadora de La Independent. Tamb\u00e9 \u00e9s psic\u00f2loga menci\u00f3 en Psicologia d'Intervenci\u00f3 Cl\u00ednica i menci\u00f3 en Psicologia del Treball i les Organitzacions.","sameAs":["https:\/\/www.facebook.com\/tona.gusi","https:\/\/x.com\/https:\/\/twitter.com\/tonagusi"],"url":"https:\/\/laindependent.cat\/es\/author\/tona-gusi\/"}]}},"_links":{"self":[{"href":"https:\/\/laindependent.cat\/es\/wp-json\/wp\/v2\/posts\/58556","targetHints":{"allow":["GET"]}}],"collection":[{"href":"https:\/\/laindependent.cat\/es\/wp-json\/wp\/v2\/posts"}],"about":[{"href":"https:\/\/laindependent.cat\/es\/wp-json\/wp\/v2\/types\/post"}],"author":[{"embeddable":true,"href":"https:\/\/laindependent.cat\/es\/wp-json\/wp\/v2\/users\/72"}],"replies":[{"embeddable":true,"href":"https:\/\/laindependent.cat\/es\/wp-json\/wp\/v2\/comments?post=58556"}],"version-history":[{"count":0,"href":"https:\/\/laindependent.cat\/es\/wp-json\/wp\/v2\/posts\/58556\/revisions"}],"wp:featuredmedia":[{"embeddable":true,"href":"https:\/\/laindependent.cat\/es\/wp-json\/wp\/v2\/media\/28529"}],"wp:attachment":[{"href":"https:\/\/laindependent.cat\/es\/wp-json\/wp\/v2\/media?parent=58556"}],"wp:term":[{"taxonomy":"category","embeddable":true,"href":"https:\/\/laindependent.cat\/es\/wp-json\/wp\/v2\/categories?post=58556"},{"taxonomy":"post_tag","embeddable":true,"href":"https:\/\/laindependent.cat\/es\/wp-json\/wp\/v2\/tags?post=58556"}],"curies":[{"name":"wp","href":"https:\/\/api.w.org\/{rel}","templated":true}]}}