{"id":58349,"date":"2013-02-27T20:06:11","date_gmt":"2013-02-27T19:06:11","guid":{"rendered":"https:\/\/laindependent.cat\/cuba-estrategia-de-genero-fortalece-respuesta-nacional-al-vih\/"},"modified":"2013-02-27T20:06:11","modified_gmt":"2013-02-27T19:06:11","slug":"cuba-estrategia-de-genero-fortalece-respuesta-nacional-al-vih","status":"publish","type":"post","link":"https:\/\/laindependent.cat\/es\/cuba-estrategia-de-genero-fortalece-respuesta-nacional-al-vih\/","title":{"rendered":"Cuba: Estrategia de g\u00e9nero fortalece respuesta nacional al VIH"},"content":{"rendered":"<p><\/p>\n<p style=\"text-align: left;\"><span style=\"font-family: trebuchet ms,geneva; font-size: 10pt;\">Por primera vez se desarrolla en Cuba una  estrategia               de g\u00e9nero como parte de la respuesta nacional  al VIH\/sida.               La iniciativa responde al n\u00famero creciente de  mujeres infectadas               por el virus y las situaciones de  vulnerabilidad que genera la cultura               patriarcal.<\/span><\/p>\n<p style=\"text-align: left;\" \/><span style=\"font-family: trebuchet ms,geneva; font-size: 10pt;\"> &#8220;No es igual un diagn\u00f3stico para una mujer que para                un hombre. Cuando en un hogar se encuentra una mujer con  VIH\/sida,               ella contin\u00faa con sus actividades y  responsabilidades cotidianas,               incluso llega a repartir,  entre los miembros de la familia, la dieta               que se le  asigna para su autocuidado y nutrici\u00f3n.<\/span><\/p>\n<p><!--more--><\/p>\n<p style=\"text-align: left;\"><span style=\"font-family: trebuchet ms,geneva; font-size: 10pt;\">No ocurre as\u00ed con la mayor\u00eda de los hombres;  en estos               casos la familia suele reorganizarse en funci\u00f3n  del cuidado               de esa persona y su restablecimiento&#8221;, afirma <strong> Rosaida Ochoa               Soto<\/strong>, directora del Centro Nacional de  Prevenci\u00f3n de las               ITS y el VIH-sida (CNP).<\/span><\/p>\n<p style=\"text-align: left;\"><span style=\"font-family: trebuchet ms,geneva; font-size: 10pt;\"> La &#8220;Estrategia de g\u00e9nero en apoyo al componente educativo                de la Respuesta Nacional a las ITS-VIH\/sida&#8221; fue  presentada               el jueves 21 de febrero durante la XXII Feria  Internacional del               Libro de La Habana, realizada del 14 al  24 de febrero,<\/span><\/p>\n<p style=\"text-align: left;\"><span style=\"font-family: trebuchet ms,geneva; font-size: 10pt;\"> El p\u00fablico meta de esta iniciativa ser\u00e1n los grupos                etarios con mayor efecto de la epidemia en el pa\u00eds;  principalmente               personas entre 24 y 39 a\u00f1os, aunque las  estad\u00edsticas               apuntan un incremento entre cubanas y cubanos  mayores de 50 a\u00f1os.<\/span><\/p>\n<p style=\"text-align: left;\"><span style=\"font-family: trebuchet ms,geneva; font-size: 10pt;\"> Si bien los hombres son el grupo m\u00e1s impactado por el VIH,                las estad\u00edsticas apuntan a que los prejuicios y roles  sexuales               tradicionalmente asignados a las mujeres generan  conductas de riesgo               y hacen mucho m\u00e1s vulnerables a las  cubanas frente a las               enfermedades de transmisi\u00f3n sexual. <\/span><\/p>\n<p style=\"text-align: left;\"><span style=\"font-family: trebuchet ms,geneva; font-size: 10pt;\"> Al enfoque de g\u00e9nero se integra tambi\u00e9n el reconocimiento                de la diversidad sexual, las caracter\u00edsticas culturales,                religiosas y \u00e9tnicas de la poblaci\u00f3n; adem\u00e1s                de que se le otorga especial importancia a la erradicaci\u00f3n                de la violencia contra las mujeres por motivos de g\u00e9nero.<\/span><\/p>\n<p style=\"text-align: left;\"><span style=\"font-family: trebuchet ms,geneva; font-size: 10pt;\"> Con un plazo de ejecuci\u00f3n de cinco a\u00f1os (2013-2017),                la estrategia incluye varios ejes: elaboraci\u00f3n de un marco                de referencia conceptual acorde a las particularidades de la  sociedad               cubana y el comportamiento de la epidemia;  capacitaci\u00f3n de               profesionales del sector de la salud en  todas las provincias; desarrollo               de proyectos de  transformaci\u00f3n comunitarios que generen igualdad               de g\u00e9nero  e implementaci\u00f3n de campa\u00f1as comunicativas               en medios  nacionales.<\/span><\/p>\n<p style=\"text-align: left;\"><span style=\"font-family: trebuchet ms,geneva; font-size: 10pt;\"> Seg\u00fan<strong> Inalvis Rodr\u00edguez P\u00e9rez<\/strong>, oficial de g\u00e9nero                del Programa de las Naciones Unidas para el Desarrollo en Cuba,                la estrategia es &#8220;una nueva experiencia en el campo de las                pol\u00edticas p\u00fablicas, pues en la medida en que se vayan                obteniendo mejores resultados en la respuesta al VIH se estar\u00e1                contribuyendo a la igualdad de g\u00e9nero y viceversa&#8221;. <\/span><\/p>\n<p style=\"text-align: left;\"><span style=\"font-family: trebuchet ms,geneva; font-size: 10pt;\"> Otro de los aportes del proyecto es la conformaci\u00f3n de un                equipo gestor que asesor\u00f3 a los profesionales de la salud                en temas de g\u00e9nero, la investigaci\u00f3n social, los medios                de comunicaci\u00f3n y actores de la sociedad civil que dise\u00f1aron                la estrategia.<\/span><\/p>\n<p style=\"text-align: left;\"><span style=\"font-family: trebuchet ms,geneva; font-size: 10pt;\"> No obstante, llevar a feliz t\u00e9rmino la implementaci\u00f3n                del programa de acciones implica m\u00faltiples desaf\u00edos.                &#8220;Resulta muy dif\u00edcil todo lo relacionado con la construcci\u00f3n                cultural, los cambios de comportamiento&#8221;, precis\u00f3 <strong>Rodr\u00edguez<\/strong>.<\/span><\/p>\n<p style=\"text-align: left;\"><span style=\"font-family: trebuchet ms,geneva; font-size: 10pt;\"> El proceso incluye la transformaci\u00f3n constante del propio                grupo gestor y, de manera especial, nuestra influencia en  quienes               deciden las pol\u00edticas. &#8220;Esta es una tarea ardua,  pero               nos hemos reunido un grupo de so\u00f1adores y no  descansaremos               hasta hacer nuestro sue\u00f1o realidad&#8221;, coment\u00f3                a SEMlac la doctora <strong>Rosaida Ochoa Soto<\/strong>.<\/span><\/p>\n","protected":false},"excerpt":{"rendered":"<p>Por primera vez se desarrolla en Cuba una estrategia de g\u00e9nero como parte de la respuesta nacional al VIH\/sida. La iniciativa responde al n\u00famero creciente de mujeres infectadas por el virus y las situaciones de vulnerabilidad que genera la cultura [&hellip;]<\/p>\n","protected":false},"author":72,"featured_media":0,"comment_status":"open","ping_status":"","sticky":false,"template":"","format":"standard","meta":{"footnotes":""},"categories":[26584],"tags":[30799,30798],"class_list":["post-58349","post","type-post","status-publish","format-standard","hentry","category-vih-sida","tag-inalvis-rodriguez-perez","tag-rosaida-ochoa-soto"],"yoast_head":"<!-- This site is optimized with the Yoast SEO plugin v27.4 - https:\/\/yoast.com\/product\/yoast-seo-wordpress\/ -->\n<title>Cuba: Estrategia de g\u00e9nero fortalece respuesta nacional al VIH | La Independent<\/title>\n<meta name=\"description\" content=\"Por primera vez se desarrolla en Cuba una estrategia de g\u00e9nero como parte de la respuesta nacional al VIH\/sida. La iniciativa responde al n\u00famero creciente\" \/>\n<meta name=\"robots\" content=\"index, follow, max-snippet:-1, max-image-preview:large, max-video-preview:-1\" \/>\n<link rel=\"canonical\" href=\"https:\/\/laindependent.cat\/es\/cuba-estrategia-de-genero-fortalece-respuesta-nacional-al-vih\/\" \/>\n<meta property=\"og:locale\" content=\"es_ES\" \/>\n<meta property=\"og:type\" content=\"article\" \/>\n<meta property=\"og:title\" content=\"Cuba: Estrategia de g\u00e9nero fortalece respuesta nacional al VIH | La Independent\" \/>\n<meta property=\"og:description\" content=\"Por primera vez se desarrolla en Cuba una estrategia de g\u00e9nero como parte de la respuesta nacional al VIH\/sida. La iniciativa responde al n\u00famero creciente\" \/>\n<meta property=\"og:url\" content=\"https:\/\/laindependent.cat\/es\/cuba-estrategia-de-genero-fortalece-respuesta-nacional-al-vih\/\" \/>\n<meta property=\"og:site_name\" content=\"La Independent\" \/>\n<meta property=\"article:author\" content=\"https:\/\/www.facebook.com\/tona.gusi\" \/>\n<meta property=\"article:published_time\" content=\"2013-02-27T19:06:11+00:00\" \/>\n<meta name=\"author\" content=\"Tona Gusi\" \/>\n<meta name=\"twitter:card\" content=\"summary_large_image\" \/>\n<meta name=\"twitter:creator\" content=\"@https:\/\/twitter.com\/tonagusi\" \/>\n<meta name=\"twitter:label1\" content=\"Escrito por\" \/>\n\t<meta name=\"twitter:data1\" content=\"Tona Gusi\" \/>\n\t<meta name=\"twitter:label2\" content=\"Tiempo de lectura\" \/>\n\t<meta name=\"twitter:data2\" content=\"3 minutos\" \/>\n<script type=\"application\/ld+json\" class=\"yoast-schema-graph\">{\"@context\":\"https:\\\/\\\/schema.org\",\"@graph\":[{\"@type\":\"Article\",\"@id\":\"https:\\\/\\\/laindependent.cat\\\/es\\\/cuba-estrategia-de-genero-fortalece-respuesta-nacional-al-vih\\\/#article\",\"isPartOf\":{\"@id\":\"https:\\\/\\\/laindependent.cat\\\/es\\\/cuba-estrategia-de-genero-fortalece-respuesta-nacional-al-vih\\\/\"},\"author\":{\"name\":\"Tona Gusi\",\"@id\":\"https:\\\/\\\/laindependent.cat\\\/es\\\/#\\\/schema\\\/person\\\/48977a569b250ff82a4929194239bcc9\"},\"headline\":\"Cuba: Estrategia de g\u00e9nero fortalece respuesta nacional al VIH\",\"datePublished\":\"2013-02-27T19:06:11+00:00\",\"mainEntityOfPage\":{\"@id\":\"https:\\\/\\\/laindependent.cat\\\/es\\\/cuba-estrategia-de-genero-fortalece-respuesta-nacional-al-vih\\\/\"},\"wordCount\":614,\"commentCount\":0,\"publisher\":{\"@id\":\"https:\\\/\\\/laindependent.cat\\\/es\\\/#organization\"},\"keywords\":[\"Inalvis Rodr\u00edguez P\u00e9rez\",\"Rosaida Ochoa Soto\"],\"articleSection\":[\"VIH-SIDA\"],\"inLanguage\":\"es\",\"potentialAction\":[{\"@type\":\"CommentAction\",\"name\":\"Comment\",\"target\":[\"https:\\\/\\\/laindependent.cat\\\/es\\\/cuba-estrategia-de-genero-fortalece-respuesta-nacional-al-vih\\\/#respond\"]}]},{\"@type\":\"WebPage\",\"@id\":\"https:\\\/\\\/laindependent.cat\\\/es\\\/cuba-estrategia-de-genero-fortalece-respuesta-nacional-al-vih\\\/\",\"url\":\"https:\\\/\\\/laindependent.cat\\\/es\\\/cuba-estrategia-de-genero-fortalece-respuesta-nacional-al-vih\\\/\",\"name\":\"Cuba: Estrategia de g\u00e9nero fortalece respuesta nacional al VIH | La Independent\",\"isPartOf\":{\"@id\":\"https:\\\/\\\/laindependent.cat\\\/es\\\/#website\"},\"datePublished\":\"2013-02-27T19:06:11+00:00\",\"description\":\"Por primera vez se desarrolla en Cuba una estrategia de g\u00e9nero como parte de la respuesta nacional al VIH\\\/sida. La iniciativa responde al n\u00famero creciente\",\"breadcrumb\":{\"@id\":\"https:\\\/\\\/laindependent.cat\\\/es\\\/cuba-estrategia-de-genero-fortalece-respuesta-nacional-al-vih\\\/#breadcrumb\"},\"inLanguage\":\"es\",\"potentialAction\":[{\"@type\":\"ReadAction\",\"target\":[\"https:\\\/\\\/laindependent.cat\\\/es\\\/cuba-estrategia-de-genero-fortalece-respuesta-nacional-al-vih\\\/\"]}]},{\"@type\":\"BreadcrumbList\",\"@id\":\"https:\\\/\\\/laindependent.cat\\\/es\\\/cuba-estrategia-de-genero-fortalece-respuesta-nacional-al-vih\\\/#breadcrumb\",\"itemListElement\":[{\"@type\":\"ListItem\",\"position\":1,\"name\":\"Inici\",\"item\":\"https:\\\/\\\/laindependent.cat\\\/es\\\/la-independent\\\/\"},{\"@type\":\"ListItem\",\"position\":2,\"name\":\"Salud\",\"item\":\"https:\\\/\\\/laindependent.cat\\\/es\\\/tema\\\/salud\\\/\"},{\"@type\":\"ListItem\",\"position\":3,\"name\":\"VIH-SIDA\",\"item\":\"https:\\\/\\\/laindependent.cat\\\/es\\\/tema\\\/salud\\\/vih-sida\\\/\"},{\"@type\":\"ListItem\",\"position\":4,\"name\":\"Cuba: Estrategia de g\u00e9nero fortalece respuesta nacional al VIH\"}]},{\"@type\":\"WebSite\",\"@id\":\"https:\\\/\\\/laindependent.cat\\\/es\\\/#website\",\"url\":\"https:\\\/\\\/laindependent.cat\\\/es\\\/\",\"name\":\"La Independent\",\"description\":\"Ag\u00e8ncia de not\u00edcies amb visi\u00f3 de g\u00e8nere\",\"publisher\":{\"@id\":\"https:\\\/\\\/laindependent.cat\\\/es\\\/#organization\"},\"alternateName\":\"Ag\u00e8ncia de not\u00edcies amb visi\u00f3 de g\u00e8nere\",\"potentialAction\":[{\"@type\":\"SearchAction\",\"target\":{\"@type\":\"EntryPoint\",\"urlTemplate\":\"https:\\\/\\\/laindependent.cat\\\/es\\\/?s={search_term_string}\"},\"query-input\":{\"@type\":\"PropertyValueSpecification\",\"valueRequired\":true,\"valueName\":\"search_term_string\"}}],\"inLanguage\":\"es\"},{\"@type\":\"Organization\",\"@id\":\"https:\\\/\\\/laindependent.cat\\\/es\\\/#organization\",\"name\":\"La Independent\",\"alternateName\":\"Ag\u00e8ncia de not\u00edcies amb visi\u00f3 de g\u00e8nere\",\"url\":\"https:\\\/\\\/laindependent.cat\\\/es\\\/\",\"logo\":{\"@type\":\"ImageObject\",\"inLanguage\":\"es\",\"@id\":\"https:\\\/\\\/laindependent.cat\\\/es\\\/#\\\/schema\\\/logo\\\/image\\\/\",\"url\":\"https:\\\/\\\/laindependent.cat\\\/wp-content\\\/uploads\\\/2022\\\/10\\\/logo-independent.svg\",\"contentUrl\":\"https:\\\/\\\/laindependent.cat\\\/wp-content\\\/uploads\\\/2022\\\/10\\\/logo-independent.svg\",\"width\":562,\"height\":78,\"caption\":\"La Independent\"},\"image\":{\"@id\":\"https:\\\/\\\/laindependent.cat\\\/es\\\/#\\\/schema\\\/logo\\\/image\\\/\"}},{\"@type\":\"Person\",\"@id\":\"https:\\\/\\\/laindependent.cat\\\/es\\\/#\\\/schema\\\/person\\\/48977a569b250ff82a4929194239bcc9\",\"name\":\"Tona Gusi\",\"image\":{\"@type\":\"ImageObject\",\"inLanguage\":\"es\",\"@id\":\"https:\\\/\\\/secure.gravatar.com\\\/avatar\\\/d09891f52233d2ed7c2e066fc06640e576202983bf7f713e372185f035ac5f67?s=96&d=blank&r=g\",\"url\":\"https:\\\/\\\/secure.gravatar.com\\\/avatar\\\/d09891f52233d2ed7c2e066fc06640e576202983bf7f713e372185f035ac5f67?s=96&d=blank&r=g\",\"contentUrl\":\"https:\\\/\\\/secure.gravatar.com\\\/avatar\\\/d09891f52233d2ed7c2e066fc06640e576202983bf7f713e372185f035ac5f67?s=96&d=blank&r=g\",\"caption\":\"Tona Gusi\"},\"description\":\"Fundadora i Co-coordinadora de La Independent. Tamb\u00e9 \u00e9s psic\u00f2loga menci\u00f3 en Psicologia d'Intervenci\u00f3 Cl\u00ednica i menci\u00f3 en Psicologia del Treball i les Organitzacions.\",\"sameAs\":[\"https:\\\/\\\/www.facebook.com\\\/tona.gusi\",\"https:\\\/\\\/x.com\\\/https:\\\/\\\/twitter.com\\\/tonagusi\"],\"url\":\"https:\\\/\\\/laindependent.cat\\\/es\\\/author\\\/tona-gusi\\\/\"}]}<\/script>\n<!-- \/ Yoast SEO plugin. -->","yoast_head_json":{"title":"Cuba: Estrategia de g\u00e9nero fortalece respuesta nacional al VIH | La Independent","description":"Por primera vez se desarrolla en Cuba una estrategia de g\u00e9nero como parte de la respuesta nacional al VIH\/sida. La iniciativa responde al n\u00famero creciente","robots":{"index":"index","follow":"follow","max-snippet":"max-snippet:-1","max-image-preview":"max-image-preview:large","max-video-preview":"max-video-preview:-1"},"canonical":"https:\/\/laindependent.cat\/es\/cuba-estrategia-de-genero-fortalece-respuesta-nacional-al-vih\/","og_locale":"es_ES","og_type":"article","og_title":"Cuba: Estrategia de g\u00e9nero fortalece respuesta nacional al VIH | La Independent","og_description":"Por primera vez se desarrolla en Cuba una estrategia de g\u00e9nero como parte de la respuesta nacional al VIH\/sida. La iniciativa responde al n\u00famero creciente","og_url":"https:\/\/laindependent.cat\/es\/cuba-estrategia-de-genero-fortalece-respuesta-nacional-al-vih\/","og_site_name":"La Independent","article_author":"https:\/\/www.facebook.com\/tona.gusi","article_published_time":"2013-02-27T19:06:11+00:00","author":"Tona Gusi","twitter_card":"summary_large_image","twitter_creator":"@https:\/\/twitter.com\/tonagusi","twitter_misc":{"Escrito por":"Tona Gusi","Tiempo de lectura":"3 minutos"},"schema":{"@context":"https:\/\/schema.org","@graph":[{"@type":"Article","@id":"https:\/\/laindependent.cat\/es\/cuba-estrategia-de-genero-fortalece-respuesta-nacional-al-vih\/#article","isPartOf":{"@id":"https:\/\/laindependent.cat\/es\/cuba-estrategia-de-genero-fortalece-respuesta-nacional-al-vih\/"},"author":{"name":"Tona Gusi","@id":"https:\/\/laindependent.cat\/es\/#\/schema\/person\/48977a569b250ff82a4929194239bcc9"},"headline":"Cuba: Estrategia de g\u00e9nero fortalece respuesta nacional al VIH","datePublished":"2013-02-27T19:06:11+00:00","mainEntityOfPage":{"@id":"https:\/\/laindependent.cat\/es\/cuba-estrategia-de-genero-fortalece-respuesta-nacional-al-vih\/"},"wordCount":614,"commentCount":0,"publisher":{"@id":"https:\/\/laindependent.cat\/es\/#organization"},"keywords":["Inalvis Rodr\u00edguez P\u00e9rez","Rosaida Ochoa Soto"],"articleSection":["VIH-SIDA"],"inLanguage":"es","potentialAction":[{"@type":"CommentAction","name":"Comment","target":["https:\/\/laindependent.cat\/es\/cuba-estrategia-de-genero-fortalece-respuesta-nacional-al-vih\/#respond"]}]},{"@type":"WebPage","@id":"https:\/\/laindependent.cat\/es\/cuba-estrategia-de-genero-fortalece-respuesta-nacional-al-vih\/","url":"https:\/\/laindependent.cat\/es\/cuba-estrategia-de-genero-fortalece-respuesta-nacional-al-vih\/","name":"Cuba: Estrategia de g\u00e9nero fortalece respuesta nacional al VIH | La Independent","isPartOf":{"@id":"https:\/\/laindependent.cat\/es\/#website"},"datePublished":"2013-02-27T19:06:11+00:00","description":"Por primera vez se desarrolla en Cuba una estrategia de g\u00e9nero como parte de la respuesta nacional al VIH\/sida. La iniciativa responde al n\u00famero creciente","breadcrumb":{"@id":"https:\/\/laindependent.cat\/es\/cuba-estrategia-de-genero-fortalece-respuesta-nacional-al-vih\/#breadcrumb"},"inLanguage":"es","potentialAction":[{"@type":"ReadAction","target":["https:\/\/laindependent.cat\/es\/cuba-estrategia-de-genero-fortalece-respuesta-nacional-al-vih\/"]}]},{"@type":"BreadcrumbList","@id":"https:\/\/laindependent.cat\/es\/cuba-estrategia-de-genero-fortalece-respuesta-nacional-al-vih\/#breadcrumb","itemListElement":[{"@type":"ListItem","position":1,"name":"Inici","item":"https:\/\/laindependent.cat\/es\/la-independent\/"},{"@type":"ListItem","position":2,"name":"Salud","item":"https:\/\/laindependent.cat\/es\/tema\/salud\/"},{"@type":"ListItem","position":3,"name":"VIH-SIDA","item":"https:\/\/laindependent.cat\/es\/tema\/salud\/vih-sida\/"},{"@type":"ListItem","position":4,"name":"Cuba: Estrategia de g\u00e9nero fortalece respuesta nacional al VIH"}]},{"@type":"WebSite","@id":"https:\/\/laindependent.cat\/es\/#website","url":"https:\/\/laindependent.cat\/es\/","name":"La Independent","description":"Ag\u00e8ncia de not\u00edcies amb visi\u00f3 de g\u00e8nere","publisher":{"@id":"https:\/\/laindependent.cat\/es\/#organization"},"alternateName":"Ag\u00e8ncia de not\u00edcies amb visi\u00f3 de g\u00e8nere","potentialAction":[{"@type":"SearchAction","target":{"@type":"EntryPoint","urlTemplate":"https:\/\/laindependent.cat\/es\/?s={search_term_string}"},"query-input":{"@type":"PropertyValueSpecification","valueRequired":true,"valueName":"search_term_string"}}],"inLanguage":"es"},{"@type":"Organization","@id":"https:\/\/laindependent.cat\/es\/#organization","name":"La Independent","alternateName":"Ag\u00e8ncia de not\u00edcies amb visi\u00f3 de g\u00e8nere","url":"https:\/\/laindependent.cat\/es\/","logo":{"@type":"ImageObject","inLanguage":"es","@id":"https:\/\/laindependent.cat\/es\/#\/schema\/logo\/image\/","url":"https:\/\/laindependent.cat\/wp-content\/uploads\/2022\/10\/logo-independent.svg","contentUrl":"https:\/\/laindependent.cat\/wp-content\/uploads\/2022\/10\/logo-independent.svg","width":562,"height":78,"caption":"La Independent"},"image":{"@id":"https:\/\/laindependent.cat\/es\/#\/schema\/logo\/image\/"}},{"@type":"Person","@id":"https:\/\/laindependent.cat\/es\/#\/schema\/person\/48977a569b250ff82a4929194239bcc9","name":"Tona Gusi","image":{"@type":"ImageObject","inLanguage":"es","@id":"https:\/\/secure.gravatar.com\/avatar\/d09891f52233d2ed7c2e066fc06640e576202983bf7f713e372185f035ac5f67?s=96&d=blank&r=g","url":"https:\/\/secure.gravatar.com\/avatar\/d09891f52233d2ed7c2e066fc06640e576202983bf7f713e372185f035ac5f67?s=96&d=blank&r=g","contentUrl":"https:\/\/secure.gravatar.com\/avatar\/d09891f52233d2ed7c2e066fc06640e576202983bf7f713e372185f035ac5f67?s=96&d=blank&r=g","caption":"Tona Gusi"},"description":"Fundadora i Co-coordinadora de La Independent. Tamb\u00e9 \u00e9s psic\u00f2loga menci\u00f3 en Psicologia d'Intervenci\u00f3 Cl\u00ednica i menci\u00f3 en Psicologia del Treball i les Organitzacions.","sameAs":["https:\/\/www.facebook.com\/tona.gusi","https:\/\/x.com\/https:\/\/twitter.com\/tonagusi"],"url":"https:\/\/laindependent.cat\/es\/author\/tona-gusi\/"}]}},"_links":{"self":[{"href":"https:\/\/laindependent.cat\/es\/wp-json\/wp\/v2\/posts\/58349","targetHints":{"allow":["GET"]}}],"collection":[{"href":"https:\/\/laindependent.cat\/es\/wp-json\/wp\/v2\/posts"}],"about":[{"href":"https:\/\/laindependent.cat\/es\/wp-json\/wp\/v2\/types\/post"}],"author":[{"embeddable":true,"href":"https:\/\/laindependent.cat\/es\/wp-json\/wp\/v2\/users\/72"}],"replies":[{"embeddable":true,"href":"https:\/\/laindependent.cat\/es\/wp-json\/wp\/v2\/comments?post=58349"}],"version-history":[{"count":0,"href":"https:\/\/laindependent.cat\/es\/wp-json\/wp\/v2\/posts\/58349\/revisions"}],"wp:attachment":[{"href":"https:\/\/laindependent.cat\/es\/wp-json\/wp\/v2\/media?parent=58349"}],"wp:term":[{"taxonomy":"category","embeddable":true,"href":"https:\/\/laindependent.cat\/es\/wp-json\/wp\/v2\/categories?post=58349"},{"taxonomy":"post_tag","embeddable":true,"href":"https:\/\/laindependent.cat\/es\/wp-json\/wp\/v2\/tags?post=58349"}],"curies":[{"name":"wp","href":"https:\/\/api.w.org\/{rel}","templated":true}]}}