{"id":58144,"date":"2013-01-24T09:47:18","date_gmt":"2013-01-24T08:47:18","guid":{"rendered":"https:\/\/laindependent.cat\/hallan-un-tumor-ovarico-en-un-esqueleto-de-la-epoca-romana\/"},"modified":"2013-01-24T09:47:18","modified_gmt":"2013-01-24T08:47:18","slug":"hallan-un-tumor-ovarico-en-un-esqueleto-de-la-epoca-romana","status":"publish","type":"post","link":"https:\/\/laindependent.cat\/es\/hallan-un-tumor-ovarico-en-un-esqueleto-de-la-epoca-romana\/","title":{"rendered":"Hallan un tumor ov\u00e1rico en un esqueleto de la \u00e9poca romana"},"content":{"rendered":"<p style=\"text-align: left;\"><strong><span style=\"font-family: trebuchet ms,geneva; font-size: 10pt;\">El esqueleto de la mujer estaba en una tumba formada por tejas<\/span><\/strong><\/p>\n<p><span style=\"font-family: trebuchet ms,geneva; font-size: 10pt;\">\u00a0<\/span><\/p>\n<p style=\"text-align: left;\"><span style=\"font-family: trebuchet ms,geneva; font-size: 10pt;\">\u00a0<\/span><span style=\"font-family: trebuchet ms,geneva; font-size: 10pt;\">\u00a0<\/span><span style=\"font-family: trebuchet ms,geneva; font-size: 10pt;\">Un equipo de investigadores liderados por la Universidad Aut\u00f3noma de Barcelona (<a target=\"_blank\" title=\"Web de la Universidad Aut\u00f3noma de Barcelona\" href=\"http:\/\/www.uab.cat\/castellano\/\" rel=\"noopener\">UAB<\/a>), entre ellos <strong>Nuria Armentano<\/strong>, de la Unidad de Antropolog\u00eda Biol\u00f3gica, ha encontrado los primeros restos antiguos de un teratoma ov\u00e1rico calcificado en la pelvis del esqueleto de una mujer de la \u00e9poca romana. El hallazgo, realizado en la excavaci\u00f3n de La Fogonussa (Lleida) confirma la presencia en la antig\u00fcedad de este tipo de tumores, muy dif\u00edciles de localizar en el estudio de restos antiguos. Dentro de la peque\u00f1a masa redonda se han hallado cuatro dientes y un peque\u00f1o trozo de hueso.<\/span><\/p>\n<p><!--more--><\/p>\n<p><img decoding=\"async\" class=\"size-full wp-image-28272 lazyload\" dir=\"ltr\" title=\"(Foto: International Journal of Paleopathology)\" data-src=\"https:\/\/laindependent.cat\/wp-content\/uploads\/2013\/01\/teratoma_4_baixa.jpg\" alt=\"teratoma_4_baixa\" style=\"--smush-placeholder-width: 145px; --smush-placeholder-aspect-ratio: 145\/334;margin: 5px auto; display: block;\" height=\"334\" width=\"145\" data-srcset=\"https:\/\/laindependent.cat\/wp-content\/uploads\/2013\/01\/teratoma_4_baixa.jpg 188w, https:\/\/laindependent.cat\/wp-content\/uploads\/2013\/01\/teratoma_4_baixa-130x300.jpg 130w\" data-sizes=\"(max-width: 145px) 100vw, 145px\" src=\"data:image\/svg+xml;base64,PHN2ZyB3aWR0aD0iMSIgaGVpZ2h0PSIxIiB4bWxucz0iaHR0cDovL3d3dy53My5vcmcvMjAwMC9zdmciPjwvc3ZnPg==\" \/><span style=\"font-family: trebuchet ms,geneva; font-size: 8pt;\">\u00a0<\/span><\/p>\n<p style=\"text-align: center;\"><span style=\"font-family: trebuchet ms,geneva; font-size: 8pt;\">(Foto: International Journal of Paleopathology)<\/span><\/p>\n<p style=\"text-align: center;\"><span style=\"font-family: trebuchet ms,geneva; font-size: 8pt;\"><br \/><\/span><\/p>\n<p style=\"text-align: left;\"><span style=\"font-family: trebuchet ms,geneva;\">Los teratomas contienen restos de materia org\u00e1nica, como pelo, dientes, huesos y otros tejidos y suelen ser benignos. Es la primera vez que se hace referencia en la literatura cient\u00edfica de un teratoma ov\u00e1rico en restos tan antiguos, como el encontrado en esta investigaci\u00f3n, y ha sido publicada en el <a target=\"_blank\" title=\"Web del International Journal of Paleopathology\" href=\"http:\/\/www.paleopathology.org\/IJPP.html\" rel=\"noopener\">International Journal of Paleopathology<\/a>.<\/span><\/p>\n<p style=\"text-align: left;\"><span style=\"font-family: trebuchet ms,geneva;\">El tumor encontrado es una formaci\u00f3n redondeada incompleta de superficie rugosa, del mismo color y textura que los huesos, de unos 43mm de longitud y 44mm de di\u00e1metro. Se localiz\u00f3 en la parte derecha de la pelvis del esqueleto de una mujer de entre 30 y 40 a\u00f1os de edad, y de unos 1.600 a\u00f1os de antig\u00fcedad, procedente de la necr\u00f3polis romana del yacimiento arqueol\u00f3gico de La Fogonussa (Lleida). El estudio macrosc\u00f3pico y el esc\u00e1ner permitieron identificar en su interior cuatro dientes de morfolog\u00eda an\u00f3mala, dos de ellos adheridas a la pared interna del tumor, y un peque\u00f1o fragmento de hueso.<\/span><\/p>\n<p style=\"text-align: left;\"><span style=\"font-family: trebuchet ms,geneva; font-size: 10pt;\"><br \/><\/span><\/p>\n<p style=\"text-align: left;\"><span style=\"font-family: trebuchet ms,geneva; font-size: 10pt;\"><b>Un hallazgo excepcional<\/b><br \/>&#8220;La calcificaci\u00f3n y preservaci\u00f3n de las paredes externas de este tumor son excepcionales, ya que lo normal en este tipo de restos es que se conserven s\u00f3lo las estructuras internas y desaparezcan las externas, muy fr\u00e1giles&#8221;, explica <strong>Assumpci\u00f3 Malgosa<\/strong>, coautora del estudio.<\/span><\/p>\n<p style=\"text-align: left;\"><span style=\"font-family: trebuchet ms,geneva; font-size: 10pt;\">Pocas veces se han podido realizar diagn\u00f3sticos similares en contextos arqueol\u00f3gicos, entre otros motivos por la dificultad de detallar con precisi\u00f3n su naturaleza, ya que pueden ser c\u00e1lculos renales, fibromas, teratomas, restos de arterias, y un largo etc\u00e9tera. Adem\u00e1s, este tipo de tumores calcificados son dif\u00edciles de reconocer durante la excavaci\u00f3n y se pueden confundir f\u00e1cilmente con piedras.<\/span><\/p>\n<p style=\"text-align: left;\"><span style=\"font-family: trebuchet ms,geneva; font-size: 10pt;\"><br \/><\/span><\/p>\n<p style=\"text-align: left;\"><img fetchpriority=\"high\" decoding=\"async\" class=\" size-full wp-image-28273\" src=\"https:\/\/laindependent.cat\/wp-content\/uploads\/2013\/01\/teratoma_3_baixa.jpg\" alt=\"teratoma_3_baixa\" style=\"margin-top: 5px; margin-bottom: 5px;\" height=\"254\" width=\"250\" srcset=\"https:\/\/laindependent.cat\/wp-content\/uploads\/2013\/01\/teratoma_3_baixa.jpg 400w, https:\/\/laindependent.cat\/wp-content\/uploads\/2013\/01\/teratoma_3_baixa-296x300.jpg 296w\" sizes=\"(max-width: 250px) 100vw, 250px\" \/><\/p>\n<p style=\"text-align: left;\"><span style=\"font-family: trebuchet ms,geneva; font-size: 8pt;\">Im\u00e1genes de los restos excavados. Se puede apreciar el tumor calcificado en el lado derecho de la pelvis. <br \/>(Foto: Iltirta Arqueologia)<\/span><\/p>\n<p style=\"text-align: left;\"><img decoding=\"async\" class=\"alignleft size-full wp-image-28274 lazyload\" data-src=\"https:\/\/laindependent.cat\/wp-content\/uploads\/2013\/01\/teratoma_baixa.jpg\" alt=\"teratoma_baixa\" style=\"--smush-placeholder-width: 150px; --smush-placeholder-aspect-ratio: 150\/150;margin-top: 5px; margin-bottom: 5px; float: left;\" height=\"150\" width=\"150\" data-srcset=\"https:\/\/laindependent.cat\/wp-content\/uploads\/2013\/01\/teratoma_baixa.jpg 197w, https:\/\/laindependent.cat\/wp-content\/uploads\/2013\/01\/teratoma_baixa-150x150.jpg 150w\" data-sizes=\"(max-width: 150px) 100vw, 150px\" src=\"data:image\/svg+xml;base64,PHN2ZyB3aWR0aD0iMSIgaGVpZ2h0PSIxIiB4bWxucz0iaHR0cDovL3d3dy53My5vcmcvMjAwMC9zdmciPjwvc3ZnPg==\" \/><img decoding=\"async\" class=\"size-full wp-image-28275 lazyload\" style=\"--smush-placeholder-width: 185px; --smush-placeholder-aspect-ratio: 185\/150;margin: 5px;\" alt=\"teratoma_2_baixa\" data-src=\"https:\/\/laindependent.cat\/wp-content\/uploads\/2013\/01\/teratoma_2_baixa.jpg\" height=\"150\" width=\"185\" src=\"data:image\/svg+xml;base64,PHN2ZyB3aWR0aD0iMSIgaGVpZ2h0PSIxIiB4bWxucz0iaHR0cDovL3d3dy53My5vcmcvMjAwMC9zdmciPjwvc3ZnPg==\" \/><\/p>\n<p style=\"text-align: left;\"><span style=\"font-family: trebuchet ms,geneva; font-size: 8pt;\">Dos im\u00e1genes con vista macrosc\u00f3pica del   teratoma ov\u00e1rico, con dos dientes adheridos en su interior. <br \/>Tambi\u00e9n se hallaron dos piezas dentales m\u00e1s y un peque\u00f1o fragmento de hueso. (Foto: Antrop\u00f2legs.lab)<\/span><\/p>\n<p><\/p>\n<p style=\"text-align: left;\"><span style=\"font-family: trebuchet ms,geneva; font-size: 10pt;\">Los teratomas son asintom\u00e1ticos en el 60% de los casos; pero en ocasiones, cuando son voluminosos, provocan torsiones y problemas funcionales de los \u00f3rganos cercanos por compresi\u00f3n. El embarazo parece favorecer algunas complicaciones de los teratomas, como dificultades en el momento del parto. Sin embargo, actualmente es dif\u00edcil que lleguen a crecer, y menos a\u00fan a calcificar, porque se detectan muy pronto y se intervienen r\u00e1pidamente.<\/span><\/p>\n<p style=\"text-align: left;\"><span style=\"font-family: trebuchet ms,geneva; font-size: 10pt;\"><br \/><\/span><\/p>\n<p style=\"text-align: left;\"><strong><span style=\"font-family: trebuchet ms,geneva; font-size: 10pt;\">Escavaciones en La Fogonussa, Lleida<\/span><\/strong><span style=\"font-family: trebuchet ms,geneva; font-size: 10pt;\"><br \/>En el caso de la mujer romana, los investigadores no descartan que el tumor le causara la muerte, aunque no lo pueden precisar. Tambi\u00e9n cabe la posibilidad de que viviera con el tumor calcificado, sin m\u00e1s complicaciones, durante toda su vida.<\/span><\/p>\n<p style=\"text-align: left;\"><span style=\"font-family: trebuchet ms,geneva; font-size: 10pt;\">El esqueleto analizado se recuper\u00f3 en el a\u00f1o 2010 durante la excavaci\u00f3n de 46 tumbas de La Fogonussa, en Lleida, y formaba parte de un total de 87 esqueletos. Estaba completo y bien conservado, enterrado en una tumba de tejas.<\/span><\/p>\n<p style=\"text-align: left;\"><span style=\"font-family: trebuchet ms,geneva; font-size: 10pt;\">En este trabajo cient\u00edfico han participado investigadores de la Unidad de Antropolog\u00eda Biol\u00f3gica de la UAB, de Antrop\u00f3logos. Lab, del Instituto de Medicina Legal de Catalu\u00f1a, del Hospital Universitario Sagrado Coraz\u00f3n de Barcelona y de la empresa Iltirta Arqueolog\u00eda de Lleida.<\/span><\/p>\n<p style=\"text-align: left;\"><strong><span style=\"font-family: trebuchet ms,geneva; font-size: 8pt;\">M\u00e1s informaci\u00f3n: \u201cAn ovarian teratoma of late Roman age\u201d. Armentano, N. Subirana, M. Isidro A. Escala O. Malgosa A. International Journal of Paleopathology 2 <a href=\"http:\/\/www.sciencedirect.com\/science\/article\/pii\/S1879981712000848\" title=\"Art\u00edculo publicado en el International Journal of Paleopathology\" target=\"_blank\" rel=\"noopener\"><span style=\"text-decoration: underline;\">(2012) 236-239<\/span><\/a>.<\/span><\/strong><\/p>\n","protected":false},"excerpt":{"rendered":"<p>El esqueleto de la mujer estaba en una tumba formada por tejas \u00a0 \u00a0\u00a0Un equipo de investigadores liderados por la Universidad Aut\u00f3noma de Barcelona (UAB), entre ellos Nuria Armentano, de la Unidad de Antropolog\u00eda Biol\u00f3gica, ha encontrado los primeros restos [&hellip;]<\/p>\n","protected":false},"author":93,"featured_media":28272,"comment_status":"open","ping_status":"","sticky":false,"template":"","format":"standard","meta":{"footnotes":""},"categories":[26588],"tags":[30712,30716,30714,30713,30718,30715,30711,30717],"class_list":["post-58144","post","type-post","status-publish","format-standard","has-post-thumbnail","hentry","category-es-investigacion-es-liderazgo","tag-assumpcio-malgosa","tag-excavacions","tag-fogonussa","tag-international-journal-of-paleopathology","tag-jaciment-roma","tag-lleida","tag-nuria-armentano","tag-teratoma"],"yoast_head":"<!-- This site is optimized with the Yoast SEO plugin v27.4 - https:\/\/yoast.com\/product\/yoast-seo-wordpress\/ -->\n<title>Hallan un tumor ov\u00e1rico en un esqueleto de la \u00e9poca romana | La Independent<\/title>\n<meta name=\"description\" content=\"El esqueleto de la mujer estaba en una tumba formada por tejas \u00a0 \u00a0\u00a0Un equipo de investigadores liderados por la Universidad Aut\u00f3noma de Barcelona (UAB),\" \/>\n<meta name=\"robots\" content=\"index, follow, max-snippet:-1, max-image-preview:large, max-video-preview:-1\" \/>\n<link rel=\"canonical\" href=\"https:\/\/laindependent.cat\/es\/hallan-un-tumor-ovarico-en-un-esqueleto-de-la-epoca-romana\/\" \/>\n<meta property=\"og:locale\" content=\"es_ES\" \/>\n<meta property=\"og:type\" content=\"article\" \/>\n<meta property=\"og:title\" content=\"Hallan un tumor ov\u00e1rico en un esqueleto de la \u00e9poca romana | La Independent\" \/>\n<meta property=\"og:description\" content=\"El esqueleto de la mujer estaba en una tumba formada por tejas \u00a0 \u00a0\u00a0Un equipo de investigadores liderados por la Universidad Aut\u00f3noma de Barcelona (UAB),\" \/>\n<meta property=\"og:url\" content=\"https:\/\/laindependent.cat\/es\/hallan-un-tumor-ovarico-en-un-esqueleto-de-la-epoca-romana\/\" \/>\n<meta property=\"og:site_name\" content=\"La Independent\" \/>\n<meta property=\"article:published_time\" content=\"2013-01-24T08:47:18+00:00\" \/>\n<meta property=\"og:image\" content=\"https:\/\/laindependent.cat\/wp-content\/uploads\/2013\/01\/teratoma_4_baixa.jpg\" \/>\n<meta name=\"author\" content=\"Pepa Badell\" \/>\n<meta name=\"twitter:card\" content=\"summary_large_image\" \/>\n<meta name=\"twitter:label1\" content=\"Escrito por\" \/>\n\t<meta name=\"twitter:data1\" content=\"Pepa Badell\" \/>\n\t<meta name=\"twitter:label2\" content=\"Tiempo de lectura\" \/>\n\t<meta name=\"twitter:data2\" content=\"3 minutos\" \/>\n<script type=\"application\/ld+json\" class=\"yoast-schema-graph\">{\"@context\":\"https:\\\/\\\/schema.org\",\"@graph\":[{\"@type\":\"Article\",\"@id\":\"https:\\\/\\\/laindependent.cat\\\/es\\\/hallan-un-tumor-ovarico-en-un-esqueleto-de-la-epoca-romana\\\/#article\",\"isPartOf\":{\"@id\":\"https:\\\/\\\/laindependent.cat\\\/es\\\/hallan-un-tumor-ovarico-en-un-esqueleto-de-la-epoca-romana\\\/\"},\"author\":{\"name\":\"Pepa Badell\",\"@id\":\"https:\\\/\\\/laindependent.cat\\\/es\\\/#\\\/schema\\\/person\\\/593db936ddc60c8150cda6847007848d\"},\"headline\":\"Hallan un tumor ov\u00e1rico en un esqueleto de la \u00e9poca romana\",\"datePublished\":\"2013-01-24T08:47:18+00:00\",\"mainEntityOfPage\":{\"@id\":\"https:\\\/\\\/laindependent.cat\\\/es\\\/hallan-un-tumor-ovarico-en-un-esqueleto-de-la-epoca-romana\\\/\"},\"wordCount\":706,\"commentCount\":0,\"publisher\":{\"@id\":\"https:\\\/\\\/laindependent.cat\\\/es\\\/#organization\"},\"image\":{\"@id\":\"https:\\\/\\\/laindependent.cat\\\/es\\\/hallan-un-tumor-ovarico-en-un-esqueleto-de-la-epoca-romana\\\/#primaryimage\"},\"thumbnailUrl\":\"https:\\\/\\\/laindependent.cat\\\/wp-content\\\/uploads\\\/2013\\\/01\\\/teratoma_4_baixa.jpg\",\"keywords\":[\"Assumpci\u00f3 Malgosa\",\"excavacions\",\"Fogonussa\",\"International Journal of Paleopathology\",\"jaciment rom\u00e0\",\"Lleida\",\"N\u00faria Armentano\",\"teratoma\"],\"articleSection\":[\"Investigaci\u00f3n\"],\"inLanguage\":\"es\",\"potentialAction\":[{\"@type\":\"CommentAction\",\"name\":\"Comment\",\"target\":[\"https:\\\/\\\/laindependent.cat\\\/es\\\/hallan-un-tumor-ovarico-en-un-esqueleto-de-la-epoca-romana\\\/#respond\"]}]},{\"@type\":\"WebPage\",\"@id\":\"https:\\\/\\\/laindependent.cat\\\/es\\\/hallan-un-tumor-ovarico-en-un-esqueleto-de-la-epoca-romana\\\/\",\"url\":\"https:\\\/\\\/laindependent.cat\\\/es\\\/hallan-un-tumor-ovarico-en-un-esqueleto-de-la-epoca-romana\\\/\",\"name\":\"Hallan un tumor ov\u00e1rico en un esqueleto de la \u00e9poca romana | La Independent\",\"isPartOf\":{\"@id\":\"https:\\\/\\\/laindependent.cat\\\/es\\\/#website\"},\"primaryImageOfPage\":{\"@id\":\"https:\\\/\\\/laindependent.cat\\\/es\\\/hallan-un-tumor-ovarico-en-un-esqueleto-de-la-epoca-romana\\\/#primaryimage\"},\"image\":{\"@id\":\"https:\\\/\\\/laindependent.cat\\\/es\\\/hallan-un-tumor-ovarico-en-un-esqueleto-de-la-epoca-romana\\\/#primaryimage\"},\"thumbnailUrl\":\"https:\\\/\\\/laindependent.cat\\\/wp-content\\\/uploads\\\/2013\\\/01\\\/teratoma_4_baixa.jpg\",\"datePublished\":\"2013-01-24T08:47:18+00:00\",\"description\":\"El esqueleto de la mujer estaba en una tumba formada por tejas \u00a0 \u00a0\u00a0Un equipo de investigadores liderados por la Universidad Aut\u00f3noma de Barcelona (UAB),\",\"breadcrumb\":{\"@id\":\"https:\\\/\\\/laindependent.cat\\\/es\\\/hallan-un-tumor-ovarico-en-un-esqueleto-de-la-epoca-romana\\\/#breadcrumb\"},\"inLanguage\":\"es\",\"potentialAction\":[{\"@type\":\"ReadAction\",\"target\":[\"https:\\\/\\\/laindependent.cat\\\/es\\\/hallan-un-tumor-ovarico-en-un-esqueleto-de-la-epoca-romana\\\/\"]}]},{\"@type\":\"ImageObject\",\"inLanguage\":\"es\",\"@id\":\"https:\\\/\\\/laindependent.cat\\\/es\\\/hallan-un-tumor-ovarico-en-un-esqueleto-de-la-epoca-romana\\\/#primaryimage\",\"url\":\"https:\\\/\\\/laindependent.cat\\\/wp-content\\\/uploads\\\/2013\\\/01\\\/teratoma_4_baixa.jpg\",\"contentUrl\":\"https:\\\/\\\/laindependent.cat\\\/wp-content\\\/uploads\\\/2013\\\/01\\\/teratoma_4_baixa.jpg\",\"width\":188,\"height\":434,\"caption\":\"(Foto: International Journal of Paleopathology)\"},{\"@type\":\"BreadcrumbList\",\"@id\":\"https:\\\/\\\/laindependent.cat\\\/es\\\/hallan-un-tumor-ovarico-en-un-esqueleto-de-la-epoca-romana\\\/#breadcrumb\",\"itemListElement\":[{\"@type\":\"ListItem\",\"position\":1,\"name\":\"Inici\",\"item\":\"https:\\\/\\\/laindependent.cat\\\/es\\\/la-independent\\\/\"},{\"@type\":\"ListItem\",\"position\":2,\"name\":\"Empoderamiento y Liderazgo\",\"item\":\"https:\\\/\\\/laindependent.cat\\\/es\\\/tema\\\/empoderamiento-liderazgo\\\/\"},{\"@type\":\"ListItem\",\"position\":3,\"name\":\"Investigaci\u00f3n\",\"item\":\"https:\\\/\\\/laindependent.cat\\\/es\\\/tema\\\/empoderamiento-liderazgo\\\/es-investigacion-es-liderazgo\\\/\"},{\"@type\":\"ListItem\",\"position\":4,\"name\":\"Hallan un tumor ov\u00e1rico en un esqueleto de la \u00e9poca romana\"}]},{\"@type\":\"WebSite\",\"@id\":\"https:\\\/\\\/laindependent.cat\\\/es\\\/#website\",\"url\":\"https:\\\/\\\/laindependent.cat\\\/es\\\/\",\"name\":\"La Independent\",\"description\":\"Ag\u00e8ncia de not\u00edcies amb visi\u00f3 de g\u00e8nere\",\"publisher\":{\"@id\":\"https:\\\/\\\/laindependent.cat\\\/es\\\/#organization\"},\"alternateName\":\"Ag\u00e8ncia de not\u00edcies amb visi\u00f3 de g\u00e8nere\",\"potentialAction\":[{\"@type\":\"SearchAction\",\"target\":{\"@type\":\"EntryPoint\",\"urlTemplate\":\"https:\\\/\\\/laindependent.cat\\\/es\\\/?s={search_term_string}\"},\"query-input\":{\"@type\":\"PropertyValueSpecification\",\"valueRequired\":true,\"valueName\":\"search_term_string\"}}],\"inLanguage\":\"es\"},{\"@type\":\"Organization\",\"@id\":\"https:\\\/\\\/laindependent.cat\\\/es\\\/#organization\",\"name\":\"La Independent\",\"alternateName\":\"Ag\u00e8ncia de not\u00edcies amb visi\u00f3 de g\u00e8nere\",\"url\":\"https:\\\/\\\/laindependent.cat\\\/es\\\/\",\"logo\":{\"@type\":\"ImageObject\",\"inLanguage\":\"es\",\"@id\":\"https:\\\/\\\/laindependent.cat\\\/es\\\/#\\\/schema\\\/logo\\\/image\\\/\",\"url\":\"https:\\\/\\\/laindependent.cat\\\/wp-content\\\/uploads\\\/2022\\\/10\\\/logo-independent.svg\",\"contentUrl\":\"https:\\\/\\\/laindependent.cat\\\/wp-content\\\/uploads\\\/2022\\\/10\\\/logo-independent.svg\",\"width\":562,\"height\":78,\"caption\":\"La Independent\"},\"image\":{\"@id\":\"https:\\\/\\\/laindependent.cat\\\/es\\\/#\\\/schema\\\/logo\\\/image\\\/\"}},{\"@type\":\"Person\",\"@id\":\"https:\\\/\\\/laindependent.cat\\\/es\\\/#\\\/schema\\\/person\\\/593db936ddc60c8150cda6847007848d\",\"name\":\"Pepa Badell\",\"image\":{\"@type\":\"ImageObject\",\"inLanguage\":\"es\",\"@id\":\"https:\\\/\\\/secure.gravatar.com\\\/avatar\\\/16d3179842357ec62107d9b1a52791857205ed22ed6aaf3081e2210d1451b012?s=96&d=blank&r=g\",\"url\":\"https:\\\/\\\/secure.gravatar.com\\\/avatar\\\/16d3179842357ec62107d9b1a52791857205ed22ed6aaf3081e2210d1451b012?s=96&d=blank&r=g\",\"contentUrl\":\"https:\\\/\\\/secure.gravatar.com\\\/avatar\\\/16d3179842357ec62107d9b1a52791857205ed22ed6aaf3081e2210d1451b012?s=96&d=blank&r=g\",\"caption\":\"Pepa Badell\"},\"url\":\"https:\\\/\\\/laindependent.cat\\\/es\\\/author\\\/pepa\\\/\"}]}<\/script>\n<!-- \/ Yoast SEO plugin. -->","yoast_head_json":{"title":"Hallan un tumor ov\u00e1rico en un esqueleto de la \u00e9poca romana | La Independent","description":"El esqueleto de la mujer estaba en una tumba formada por tejas \u00a0 \u00a0\u00a0Un equipo de investigadores liderados por la Universidad Aut\u00f3noma de Barcelona (UAB),","robots":{"index":"index","follow":"follow","max-snippet":"max-snippet:-1","max-image-preview":"max-image-preview:large","max-video-preview":"max-video-preview:-1"},"canonical":"https:\/\/laindependent.cat\/es\/hallan-un-tumor-ovarico-en-un-esqueleto-de-la-epoca-romana\/","og_locale":"es_ES","og_type":"article","og_title":"Hallan un tumor ov\u00e1rico en un esqueleto de la \u00e9poca romana | La Independent","og_description":"El esqueleto de la mujer estaba en una tumba formada por tejas \u00a0 \u00a0\u00a0Un equipo de investigadores liderados por la Universidad Aut\u00f3noma de Barcelona (UAB),","og_url":"https:\/\/laindependent.cat\/es\/hallan-un-tumor-ovarico-en-un-esqueleto-de-la-epoca-romana\/","og_site_name":"La Independent","article_published_time":"2013-01-24T08:47:18+00:00","og_image":[{"url":"https:\/\/laindependent.cat\/wp-content\/uploads\/2013\/01\/teratoma_4_baixa.jpg","type":"","width":"","height":""}],"author":"Pepa Badell","twitter_card":"summary_large_image","twitter_misc":{"Escrito por":"Pepa Badell","Tiempo de lectura":"3 minutos"},"schema":{"@context":"https:\/\/schema.org","@graph":[{"@type":"Article","@id":"https:\/\/laindependent.cat\/es\/hallan-un-tumor-ovarico-en-un-esqueleto-de-la-epoca-romana\/#article","isPartOf":{"@id":"https:\/\/laindependent.cat\/es\/hallan-un-tumor-ovarico-en-un-esqueleto-de-la-epoca-romana\/"},"author":{"name":"Pepa Badell","@id":"https:\/\/laindependent.cat\/es\/#\/schema\/person\/593db936ddc60c8150cda6847007848d"},"headline":"Hallan un tumor ov\u00e1rico en un esqueleto de la \u00e9poca romana","datePublished":"2013-01-24T08:47:18+00:00","mainEntityOfPage":{"@id":"https:\/\/laindependent.cat\/es\/hallan-un-tumor-ovarico-en-un-esqueleto-de-la-epoca-romana\/"},"wordCount":706,"commentCount":0,"publisher":{"@id":"https:\/\/laindependent.cat\/es\/#organization"},"image":{"@id":"https:\/\/laindependent.cat\/es\/hallan-un-tumor-ovarico-en-un-esqueleto-de-la-epoca-romana\/#primaryimage"},"thumbnailUrl":"https:\/\/laindependent.cat\/wp-content\/uploads\/2013\/01\/teratoma_4_baixa.jpg","keywords":["Assumpci\u00f3 Malgosa","excavacions","Fogonussa","International Journal of Paleopathology","jaciment rom\u00e0","Lleida","N\u00faria Armentano","teratoma"],"articleSection":["Investigaci\u00f3n"],"inLanguage":"es","potentialAction":[{"@type":"CommentAction","name":"Comment","target":["https:\/\/laindependent.cat\/es\/hallan-un-tumor-ovarico-en-un-esqueleto-de-la-epoca-romana\/#respond"]}]},{"@type":"WebPage","@id":"https:\/\/laindependent.cat\/es\/hallan-un-tumor-ovarico-en-un-esqueleto-de-la-epoca-romana\/","url":"https:\/\/laindependent.cat\/es\/hallan-un-tumor-ovarico-en-un-esqueleto-de-la-epoca-romana\/","name":"Hallan un tumor ov\u00e1rico en un esqueleto de la \u00e9poca romana | La Independent","isPartOf":{"@id":"https:\/\/laindependent.cat\/es\/#website"},"primaryImageOfPage":{"@id":"https:\/\/laindependent.cat\/es\/hallan-un-tumor-ovarico-en-un-esqueleto-de-la-epoca-romana\/#primaryimage"},"image":{"@id":"https:\/\/laindependent.cat\/es\/hallan-un-tumor-ovarico-en-un-esqueleto-de-la-epoca-romana\/#primaryimage"},"thumbnailUrl":"https:\/\/laindependent.cat\/wp-content\/uploads\/2013\/01\/teratoma_4_baixa.jpg","datePublished":"2013-01-24T08:47:18+00:00","description":"El esqueleto de la mujer estaba en una tumba formada por tejas \u00a0 \u00a0\u00a0Un equipo de investigadores liderados por la Universidad Aut\u00f3noma de Barcelona (UAB),","breadcrumb":{"@id":"https:\/\/laindependent.cat\/es\/hallan-un-tumor-ovarico-en-un-esqueleto-de-la-epoca-romana\/#breadcrumb"},"inLanguage":"es","potentialAction":[{"@type":"ReadAction","target":["https:\/\/laindependent.cat\/es\/hallan-un-tumor-ovarico-en-un-esqueleto-de-la-epoca-romana\/"]}]},{"@type":"ImageObject","inLanguage":"es","@id":"https:\/\/laindependent.cat\/es\/hallan-un-tumor-ovarico-en-un-esqueleto-de-la-epoca-romana\/#primaryimage","url":"https:\/\/laindependent.cat\/wp-content\/uploads\/2013\/01\/teratoma_4_baixa.jpg","contentUrl":"https:\/\/laindependent.cat\/wp-content\/uploads\/2013\/01\/teratoma_4_baixa.jpg","width":188,"height":434,"caption":"(Foto: International Journal of Paleopathology)"},{"@type":"BreadcrumbList","@id":"https:\/\/laindependent.cat\/es\/hallan-un-tumor-ovarico-en-un-esqueleto-de-la-epoca-romana\/#breadcrumb","itemListElement":[{"@type":"ListItem","position":1,"name":"Inici","item":"https:\/\/laindependent.cat\/es\/la-independent\/"},{"@type":"ListItem","position":2,"name":"Empoderamiento y Liderazgo","item":"https:\/\/laindependent.cat\/es\/tema\/empoderamiento-liderazgo\/"},{"@type":"ListItem","position":3,"name":"Investigaci\u00f3n","item":"https:\/\/laindependent.cat\/es\/tema\/empoderamiento-liderazgo\/es-investigacion-es-liderazgo\/"},{"@type":"ListItem","position":4,"name":"Hallan un tumor ov\u00e1rico en un esqueleto de la \u00e9poca romana"}]},{"@type":"WebSite","@id":"https:\/\/laindependent.cat\/es\/#website","url":"https:\/\/laindependent.cat\/es\/","name":"La Independent","description":"Ag\u00e8ncia de not\u00edcies amb visi\u00f3 de g\u00e8nere","publisher":{"@id":"https:\/\/laindependent.cat\/es\/#organization"},"alternateName":"Ag\u00e8ncia de not\u00edcies amb visi\u00f3 de g\u00e8nere","potentialAction":[{"@type":"SearchAction","target":{"@type":"EntryPoint","urlTemplate":"https:\/\/laindependent.cat\/es\/?s={search_term_string}"},"query-input":{"@type":"PropertyValueSpecification","valueRequired":true,"valueName":"search_term_string"}}],"inLanguage":"es"},{"@type":"Organization","@id":"https:\/\/laindependent.cat\/es\/#organization","name":"La Independent","alternateName":"Ag\u00e8ncia de not\u00edcies amb visi\u00f3 de g\u00e8nere","url":"https:\/\/laindependent.cat\/es\/","logo":{"@type":"ImageObject","inLanguage":"es","@id":"https:\/\/laindependent.cat\/es\/#\/schema\/logo\/image\/","url":"https:\/\/laindependent.cat\/wp-content\/uploads\/2022\/10\/logo-independent.svg","contentUrl":"https:\/\/laindependent.cat\/wp-content\/uploads\/2022\/10\/logo-independent.svg","width":562,"height":78,"caption":"La Independent"},"image":{"@id":"https:\/\/laindependent.cat\/es\/#\/schema\/logo\/image\/"}},{"@type":"Person","@id":"https:\/\/laindependent.cat\/es\/#\/schema\/person\/593db936ddc60c8150cda6847007848d","name":"Pepa Badell","image":{"@type":"ImageObject","inLanguage":"es","@id":"https:\/\/secure.gravatar.com\/avatar\/16d3179842357ec62107d9b1a52791857205ed22ed6aaf3081e2210d1451b012?s=96&d=blank&r=g","url":"https:\/\/secure.gravatar.com\/avatar\/16d3179842357ec62107d9b1a52791857205ed22ed6aaf3081e2210d1451b012?s=96&d=blank&r=g","contentUrl":"https:\/\/secure.gravatar.com\/avatar\/16d3179842357ec62107d9b1a52791857205ed22ed6aaf3081e2210d1451b012?s=96&d=blank&r=g","caption":"Pepa Badell"},"url":"https:\/\/laindependent.cat\/es\/author\/pepa\/"}]}},"_links":{"self":[{"href":"https:\/\/laindependent.cat\/es\/wp-json\/wp\/v2\/posts\/58144","targetHints":{"allow":["GET"]}}],"collection":[{"href":"https:\/\/laindependent.cat\/es\/wp-json\/wp\/v2\/posts"}],"about":[{"href":"https:\/\/laindependent.cat\/es\/wp-json\/wp\/v2\/types\/post"}],"author":[{"embeddable":true,"href":"https:\/\/laindependent.cat\/es\/wp-json\/wp\/v2\/users\/93"}],"replies":[{"embeddable":true,"href":"https:\/\/laindependent.cat\/es\/wp-json\/wp\/v2\/comments?post=58144"}],"version-history":[{"count":0,"href":"https:\/\/laindependent.cat\/es\/wp-json\/wp\/v2\/posts\/58144\/revisions"}],"wp:featuredmedia":[{"embeddable":true,"href":"https:\/\/laindependent.cat\/es\/wp-json\/wp\/v2\/media\/28272"}],"wp:attachment":[{"href":"https:\/\/laindependent.cat\/es\/wp-json\/wp\/v2\/media?parent=58144"}],"wp:term":[{"taxonomy":"category","embeddable":true,"href":"https:\/\/laindependent.cat\/es\/wp-json\/wp\/v2\/categories?post=58144"},{"taxonomy":"post_tag","embeddable":true,"href":"https:\/\/laindependent.cat\/es\/wp-json\/wp\/v2\/tags?post=58144"}],"curies":[{"name":"wp","href":"https:\/\/api.w.org\/{rel}","templated":true}]}}