{"id":58039,"date":"2013-01-08T15:20:02","date_gmt":"2013-01-08T14:20:02","guid":{"rendered":"https:\/\/laindependent.cat\/vila-real-pais-valencia-campana-contra-la-pretension-de-un-restaurante-de-servir-sushi-sobre-el-cuerpo-de-mujeres\/"},"modified":"2013-01-08T15:20:02","modified_gmt":"2013-01-08T14:20:02","slug":"vila-real-pais-valencia-campana-contra-la-pretension-de-un-restaurante-de-servir-sushi-sobre-el-cuerpo-de-mujeres","status":"publish","type":"post","link":"https:\/\/laindependent.cat\/es\/vila-real-pais-valencia-campana-contra-la-pretension-de-un-restaurante-de-servir-sushi-sobre-el-cuerpo-de-mujeres\/","title":{"rendered":"Vila-Real. Pa\u00eds Valenci\u00e0: Campa\u00f1a contra la pretensi\u00f3n de un restaurante de servir sushi sobre el cuerpo de mujeres"},"content":{"rendered":"<p><\/p>\n<p style=\"text-align: left;\"><strong><span style=\"font-family: trebuchet ms,geneva; font-size: 10pt;\">El restaurante &#8220;El Bodeg\u00f3n de Carlos&#8221; de Villarreal pretende servir el sushi sobre el cuerpo de mujeres<\/span><\/strong><\/p>\n<p style=\"text-align: left;\"><span style=\"font-family: trebuchet ms,geneva; font-size: 10pt;\"><strong>Intersindical<\/strong> ha hecho la tramitacion de la correspondiente denuncia. Esta costumbre ancestral machista japon\u00e9s se llama <em>Nyotaimori <\/em>y desde <strong>Intersindical Valenciana<\/strong> nos han hecho llegar a <strong>La Independent<\/strong> un p\u00e1rrafo del libro El cuerpo Abierto, de la historiadora y m\u00e1ster en g\u00e9nero <strong>Irene Ballester<\/strong>, como ejemplificaci\u00f3n para la denuncia de esta &#8220;costumbre&#8221;:<\/span><\/p>\n<p><!--more--><\/p>\n<p style=\"text-align: left;\"><span style=\"font-family: trebuchet ms,geneva; font-size: 10pt;\"><br \/><\/span><\/p>\n<p style=\"text-align: left;\"><span style=\"font-family: trebuchet ms,geneva; font-size: 10pt;\">&#8220;El cuerpo femenino, desnudo, Sirve de SOPORTE para un fest\u00edn gastron\u00f3mico realizadas en Jap\u00f3n llamado Nyotaimori, cuya pr\u00e1ctica se puede ver perfectamente en los inicios de la pel\u00edcula de Isabel Coixet El mapa de los sonidos de Tokio &#8230; Esta pr\u00e1ctica, que se remonta a los tiempos de las cortes del antiguo Jap\u00f3n y est\u00e1 ligada en la actualidad a la prostituci\u00f3n de lujo, consisten en exponente primera el sushi para complazco a la vista y despu\u00e9s al paladar, al Mismo tiempo que somete y humillante, de una manera extrema , el cuerpo de la mujer. Para llevarla a quepo se prefieren mujeres entre dieciocho y treinta y cinco a\u00f1os, a las que previamente se entrenar\u00e1 para que permanezcan Durante horas acostadas como un maniqu\u00ed, cuyo cuerpo servir\u00e1 cooperaci\u00f3n SOPORTE para el sushi o el tashimi, ya que la temperatura de este manjar japon\u00e9s se aproxima a la temperatura corporal. previamente, el cuerpo femenino debe ser lavado con un jab\u00f3n sin olor y sometido a una depilaci\u00f3n estricta, ya que cualquier pelo, inclu\u00eddo el p\u00fabicom, podr\u00e1 considerarse una muestra de actora sexual, como para los surrealistas, para procedido miedo \u00faltimo a someterlo a una ducha extremadamente fr\u00eda para la Conservaci\u00f3n fresca del sushi. Las partes \u00edntimas, finalmente, se cubre con algas o flores miedo Cuestiones tambi\u00e9n higi\u00e9nicas, antes de colocar encimeras de ellas la comida. &#8220;<\/span><\/p>\n<p style=\"text-align: left;\"><strong><span style=\"font-family: trebuchet ms,geneva; font-size: 10pt;\">Propuesta de Intersindical Valenciana de denuncia personal:<\/span><\/strong>\u00a0<\/p>\n<p style=\"text-align: left;\"><span style=\"font-family: trebuchet ms,geneva; font-size: 10pt;\">He tenido conocimiento, seg\u00fan noticia de <a href=\"http:\/\/www.levante-emv.com\/comarcas\/2013\/01\/06\/bar-vila-real-suma-moda-sushi-corporal\/964717.html\" target=\"_blank\" rel=\"noopener\">Levante<\/a> (6.01.2013) de la intenci\u00f3n del restaurante &#8220;El Bodeg\u00f3n de Carlos&#8221;, de Villarreal de servir la comida en el cuerpo desnudo de mujeres, la llamada &#8220;Body-sushi&#8221; o sushi corporal.<\/span><\/p>\n<p style=\"text-align: left;\">Es incre\u00edble que, aprovechando la situaci\u00f3n actual de crisis, empresas sin escr\u00fapulos se dediquen a enriquecerse con este tipo de iniciativas, aprovech\u00e1ndose de la falta de oportunidades laborales por un lado, y de los h\u00e1bitos machistas de sus futuros clientes, hombres que ven a las mujeres como meros cuerpos objeto de placer. Un negocio rentable para el restaurante a costa de la degradaci\u00f3n de las mujeres.<\/p>\n<p style=\"text-align: left;\">Esta forma de servir el sushi en el cuerpo de mujeres es una grave discriminaci\u00f3n de esas que la Direcci\u00f3n General de Familia y Mujer no puede consentir, ya que convierte a las mujeres en un mero objeto de consumo sexual, y esta cosificaci\u00f3n induce a una apolog\u00eda directa de la violencia contra \u00e9stas. Ser\u00eda establecer un peligroso precedente dejar impune esta grave falta, pues otras personas sin escr\u00fapulos copiar\u00edan pronto esta vergonzante idea para lucrarse con la utilizaci\u00f3n sexista de las mujeres.<\/p>\n<p style=\"text-align: left;\">Por todo ello, le solicito se realicen las gestiones oportunas para la paralizaci\u00f3n inmediata de la actividad anunciada por el citado restaurante.<\/p>\n<p style=\"text-align: left;\">Firmado: Apellidos, nombre, DNI, ciudad<\/p>\n<p style=\"text-align: left;\"><span>Fecha<br \/><\/span><\/p>\n","protected":false},"excerpt":{"rendered":"<p>El restaurante &#8220;El Bodeg\u00f3n de Carlos&#8221; de Villarreal pretende servir el sushi sobre el cuerpo de mujeres Intersindical ha hecho la tramitacion de la correspondiente denuncia. Esta costumbre ancestral machista japon\u00e9s se llama Nyotaimori y desde Intersindical Valenciana nos han [&hellip;]<\/p>\n","protected":false},"author":72,"featured_media":0,"comment_status":"open","ping_status":"","sticky":false,"template":"","format":"standard","meta":{"footnotes":""},"categories":[26478],"tags":[],"class_list":["post-58039","post","type-post","status-publish","format-standard","hentry","category-violencia-sexual"],"yoast_head":"<!-- This site is optimized with the Yoast SEO plugin v27.4 - https:\/\/yoast.com\/product\/yoast-seo-wordpress\/ -->\n<title>Vila-Real. Pa\u00eds Valenci\u00e0: Campa\u00f1a contra la pretensi\u00f3n de un restaurante de servir sushi sobre el cuerpo de mujeres | La Independent<\/title>\n<meta name=\"description\" content=\"El restaurante &quot;El Bodeg\u00f3n de Carlos&quot; de Villarreal pretende servir el sushi sobre el cuerpo de mujeres Intersindical ha hecho la tramitacion de la\" \/>\n<meta name=\"robots\" content=\"index, follow, max-snippet:-1, max-image-preview:large, max-video-preview:-1\" \/>\n<link rel=\"canonical\" href=\"https:\/\/laindependent.cat\/es\/vila-real-pais-valencia-campana-contra-la-pretension-de-un-restaurante-de-servir-sushi-sobre-el-cuerpo-de-mujeres\/\" \/>\n<meta property=\"og:locale\" content=\"es_ES\" \/>\n<meta property=\"og:type\" content=\"article\" \/>\n<meta property=\"og:title\" content=\"Vila-Real. Pa\u00eds Valenci\u00e0: Campa\u00f1a contra la pretensi\u00f3n de un restaurante de servir sushi sobre el cuerpo de mujeres | La Independent\" \/>\n<meta property=\"og:description\" content=\"El restaurante &quot;El Bodeg\u00f3n de Carlos&quot; de Villarreal pretende servir el sushi sobre el cuerpo de mujeres Intersindical ha hecho la tramitacion de la\" \/>\n<meta property=\"og:url\" content=\"https:\/\/laindependent.cat\/es\/vila-real-pais-valencia-campana-contra-la-pretension-de-un-restaurante-de-servir-sushi-sobre-el-cuerpo-de-mujeres\/\" \/>\n<meta property=\"og:site_name\" content=\"La Independent\" \/>\n<meta property=\"article:author\" content=\"https:\/\/www.facebook.com\/tona.gusi\" \/>\n<meta property=\"article:published_time\" content=\"2013-01-08T14:20:02+00:00\" \/>\n<meta name=\"author\" content=\"Tona Gusi\" \/>\n<meta name=\"twitter:card\" content=\"summary_large_image\" \/>\n<meta name=\"twitter:creator\" content=\"@https:\/\/twitter.com\/tonagusi\" \/>\n<meta name=\"twitter:label1\" content=\"Escrito por\" \/>\n\t<meta name=\"twitter:data1\" content=\"Tona Gusi\" \/>\n\t<meta name=\"twitter:label2\" content=\"Tiempo de lectura\" \/>\n\t<meta name=\"twitter:data2\" content=\"3 minutos\" \/>\n<script type=\"application\/ld+json\" class=\"yoast-schema-graph\">{\"@context\":\"https:\\\/\\\/schema.org\",\"@graph\":[{\"@type\":\"Article\",\"@id\":\"https:\\\/\\\/laindependent.cat\\\/es\\\/vila-real-pais-valencia-campana-contra-la-pretension-de-un-restaurante-de-servir-sushi-sobre-el-cuerpo-de-mujeres\\\/#article\",\"isPartOf\":{\"@id\":\"https:\\\/\\\/laindependent.cat\\\/es\\\/vila-real-pais-valencia-campana-contra-la-pretension-de-un-restaurante-de-servir-sushi-sobre-el-cuerpo-de-mujeres\\\/\"},\"author\":{\"name\":\"Tona Gusi\",\"@id\":\"https:\\\/\\\/laindependent.cat\\\/es\\\/#\\\/schema\\\/person\\\/48977a569b250ff82a4929194239bcc9\"},\"headline\":\"Vila-Real. Pa\u00eds Valenci\u00e0: Campa\u00f1a contra la pretensi\u00f3n de un restaurante de servir sushi sobre el cuerpo de mujeres\",\"datePublished\":\"2013-01-08T14:20:02+00:00\",\"mainEntityOfPage\":{\"@id\":\"https:\\\/\\\/laindependent.cat\\\/es\\\/vila-real-pais-valencia-campana-contra-la-pretension-de-un-restaurante-de-servir-sushi-sobre-el-cuerpo-de-mujeres\\\/\"},\"wordCount\":575,\"commentCount\":0,\"publisher\":{\"@id\":\"https:\\\/\\\/laindependent.cat\\\/es\\\/#organization\"},\"articleSection\":[\"Violencia sexual\"],\"inLanguage\":\"es\",\"potentialAction\":[{\"@type\":\"CommentAction\",\"name\":\"Comment\",\"target\":[\"https:\\\/\\\/laindependent.cat\\\/es\\\/vila-real-pais-valencia-campana-contra-la-pretension-de-un-restaurante-de-servir-sushi-sobre-el-cuerpo-de-mujeres\\\/#respond\"]}]},{\"@type\":\"WebPage\",\"@id\":\"https:\\\/\\\/laindependent.cat\\\/es\\\/vila-real-pais-valencia-campana-contra-la-pretension-de-un-restaurante-de-servir-sushi-sobre-el-cuerpo-de-mujeres\\\/\",\"url\":\"https:\\\/\\\/laindependent.cat\\\/es\\\/vila-real-pais-valencia-campana-contra-la-pretension-de-un-restaurante-de-servir-sushi-sobre-el-cuerpo-de-mujeres\\\/\",\"name\":\"Vila-Real. Pa\u00eds Valenci\u00e0: Campa\u00f1a contra la pretensi\u00f3n de un restaurante de servir sushi sobre el cuerpo de mujeres | La Independent\",\"isPartOf\":{\"@id\":\"https:\\\/\\\/laindependent.cat\\\/es\\\/#website\"},\"datePublished\":\"2013-01-08T14:20:02+00:00\",\"description\":\"El restaurante \\\"El Bodeg\u00f3n de Carlos\\\" de Villarreal pretende servir el sushi sobre el cuerpo de mujeres Intersindical ha hecho la tramitacion de la\",\"breadcrumb\":{\"@id\":\"https:\\\/\\\/laindependent.cat\\\/es\\\/vila-real-pais-valencia-campana-contra-la-pretension-de-un-restaurante-de-servir-sushi-sobre-el-cuerpo-de-mujeres\\\/#breadcrumb\"},\"inLanguage\":\"es\",\"potentialAction\":[{\"@type\":\"ReadAction\",\"target\":[\"https:\\\/\\\/laindependent.cat\\\/es\\\/vila-real-pais-valencia-campana-contra-la-pretension-de-un-restaurante-de-servir-sushi-sobre-el-cuerpo-de-mujeres\\\/\"]}]},{\"@type\":\"BreadcrumbList\",\"@id\":\"https:\\\/\\\/laindependent.cat\\\/es\\\/vila-real-pais-valencia-campana-contra-la-pretension-de-un-restaurante-de-servir-sushi-sobre-el-cuerpo-de-mujeres\\\/#breadcrumb\",\"itemListElement\":[{\"@type\":\"ListItem\",\"position\":1,\"name\":\"Inici\",\"item\":\"https:\\\/\\\/laindependent.cat\\\/es\\\/la-independent\\\/\"},{\"@type\":\"ListItem\",\"position\":2,\"name\":\"Violencias\",\"item\":\"https:\\\/\\\/laindependent.cat\\\/es\\\/tema\\\/violencias\\\/\"},{\"@type\":\"ListItem\",\"position\":3,\"name\":\"Violencia sexual\",\"item\":\"https:\\\/\\\/laindependent.cat\\\/es\\\/tema\\\/violencias\\\/violencia-sexual\\\/\"},{\"@type\":\"ListItem\",\"position\":4,\"name\":\"Vila-Real. Pa\u00eds Valenci\u00e0: Campa\u00f1a contra la pretensi\u00f3n de un restaurante de servir sushi sobre el cuerpo de mujeres\"}]},{\"@type\":\"WebSite\",\"@id\":\"https:\\\/\\\/laindependent.cat\\\/es\\\/#website\",\"url\":\"https:\\\/\\\/laindependent.cat\\\/es\\\/\",\"name\":\"La Independent\",\"description\":\"Ag\u00e8ncia de not\u00edcies amb visi\u00f3 de g\u00e8nere\",\"publisher\":{\"@id\":\"https:\\\/\\\/laindependent.cat\\\/es\\\/#organization\"},\"alternateName\":\"Ag\u00e8ncia de not\u00edcies amb visi\u00f3 de g\u00e8nere\",\"potentialAction\":[{\"@type\":\"SearchAction\",\"target\":{\"@type\":\"EntryPoint\",\"urlTemplate\":\"https:\\\/\\\/laindependent.cat\\\/es\\\/?s={search_term_string}\"},\"query-input\":{\"@type\":\"PropertyValueSpecification\",\"valueRequired\":true,\"valueName\":\"search_term_string\"}}],\"inLanguage\":\"es\"},{\"@type\":\"Organization\",\"@id\":\"https:\\\/\\\/laindependent.cat\\\/es\\\/#organization\",\"name\":\"La Independent\",\"alternateName\":\"Ag\u00e8ncia de not\u00edcies amb visi\u00f3 de g\u00e8nere\",\"url\":\"https:\\\/\\\/laindependent.cat\\\/es\\\/\",\"logo\":{\"@type\":\"ImageObject\",\"inLanguage\":\"es\",\"@id\":\"https:\\\/\\\/laindependent.cat\\\/es\\\/#\\\/schema\\\/logo\\\/image\\\/\",\"url\":\"https:\\\/\\\/laindependent.cat\\\/wp-content\\\/uploads\\\/2022\\\/10\\\/logo-independent.svg\",\"contentUrl\":\"https:\\\/\\\/laindependent.cat\\\/wp-content\\\/uploads\\\/2022\\\/10\\\/logo-independent.svg\",\"width\":562,\"height\":78,\"caption\":\"La Independent\"},\"image\":{\"@id\":\"https:\\\/\\\/laindependent.cat\\\/es\\\/#\\\/schema\\\/logo\\\/image\\\/\"}},{\"@type\":\"Person\",\"@id\":\"https:\\\/\\\/laindependent.cat\\\/es\\\/#\\\/schema\\\/person\\\/48977a569b250ff82a4929194239bcc9\",\"name\":\"Tona Gusi\",\"image\":{\"@type\":\"ImageObject\",\"inLanguage\":\"es\",\"@id\":\"https:\\\/\\\/secure.gravatar.com\\\/avatar\\\/d09891f52233d2ed7c2e066fc06640e576202983bf7f713e372185f035ac5f67?s=96&d=blank&r=g\",\"url\":\"https:\\\/\\\/secure.gravatar.com\\\/avatar\\\/d09891f52233d2ed7c2e066fc06640e576202983bf7f713e372185f035ac5f67?s=96&d=blank&r=g\",\"contentUrl\":\"https:\\\/\\\/secure.gravatar.com\\\/avatar\\\/d09891f52233d2ed7c2e066fc06640e576202983bf7f713e372185f035ac5f67?s=96&d=blank&r=g\",\"caption\":\"Tona Gusi\"},\"description\":\"Fundadora i Co-coordinadora de La Independent. Tamb\u00e9 \u00e9s psic\u00f2loga menci\u00f3 en Psicologia d'Intervenci\u00f3 Cl\u00ednica i menci\u00f3 en Psicologia del Treball i les Organitzacions.\",\"sameAs\":[\"https:\\\/\\\/www.facebook.com\\\/tona.gusi\",\"https:\\\/\\\/x.com\\\/https:\\\/\\\/twitter.com\\\/tonagusi\"],\"url\":\"https:\\\/\\\/laindependent.cat\\\/es\\\/author\\\/tona-gusi\\\/\"}]}<\/script>\n<!-- \/ Yoast SEO plugin. -->","yoast_head_json":{"title":"Vila-Real. Pa\u00eds Valenci\u00e0: Campa\u00f1a contra la pretensi\u00f3n de un restaurante de servir sushi sobre el cuerpo de mujeres | La Independent","description":"El restaurante \"El Bodeg\u00f3n de Carlos\" de Villarreal pretende servir el sushi sobre el cuerpo de mujeres Intersindical ha hecho la tramitacion de la","robots":{"index":"index","follow":"follow","max-snippet":"max-snippet:-1","max-image-preview":"max-image-preview:large","max-video-preview":"max-video-preview:-1"},"canonical":"https:\/\/laindependent.cat\/es\/vila-real-pais-valencia-campana-contra-la-pretension-de-un-restaurante-de-servir-sushi-sobre-el-cuerpo-de-mujeres\/","og_locale":"es_ES","og_type":"article","og_title":"Vila-Real. Pa\u00eds Valenci\u00e0: Campa\u00f1a contra la pretensi\u00f3n de un restaurante de servir sushi sobre el cuerpo de mujeres | La Independent","og_description":"El restaurante \"El Bodeg\u00f3n de Carlos\" de Villarreal pretende servir el sushi sobre el cuerpo de mujeres Intersindical ha hecho la tramitacion de la","og_url":"https:\/\/laindependent.cat\/es\/vila-real-pais-valencia-campana-contra-la-pretension-de-un-restaurante-de-servir-sushi-sobre-el-cuerpo-de-mujeres\/","og_site_name":"La Independent","article_author":"https:\/\/www.facebook.com\/tona.gusi","article_published_time":"2013-01-08T14:20:02+00:00","author":"Tona Gusi","twitter_card":"summary_large_image","twitter_creator":"@https:\/\/twitter.com\/tonagusi","twitter_misc":{"Escrito por":"Tona Gusi","Tiempo de lectura":"3 minutos"},"schema":{"@context":"https:\/\/schema.org","@graph":[{"@type":"Article","@id":"https:\/\/laindependent.cat\/es\/vila-real-pais-valencia-campana-contra-la-pretension-de-un-restaurante-de-servir-sushi-sobre-el-cuerpo-de-mujeres\/#article","isPartOf":{"@id":"https:\/\/laindependent.cat\/es\/vila-real-pais-valencia-campana-contra-la-pretension-de-un-restaurante-de-servir-sushi-sobre-el-cuerpo-de-mujeres\/"},"author":{"name":"Tona Gusi","@id":"https:\/\/laindependent.cat\/es\/#\/schema\/person\/48977a569b250ff82a4929194239bcc9"},"headline":"Vila-Real. Pa\u00eds Valenci\u00e0: Campa\u00f1a contra la pretensi\u00f3n de un restaurante de servir sushi sobre el cuerpo de mujeres","datePublished":"2013-01-08T14:20:02+00:00","mainEntityOfPage":{"@id":"https:\/\/laindependent.cat\/es\/vila-real-pais-valencia-campana-contra-la-pretension-de-un-restaurante-de-servir-sushi-sobre-el-cuerpo-de-mujeres\/"},"wordCount":575,"commentCount":0,"publisher":{"@id":"https:\/\/laindependent.cat\/es\/#organization"},"articleSection":["Violencia sexual"],"inLanguage":"es","potentialAction":[{"@type":"CommentAction","name":"Comment","target":["https:\/\/laindependent.cat\/es\/vila-real-pais-valencia-campana-contra-la-pretension-de-un-restaurante-de-servir-sushi-sobre-el-cuerpo-de-mujeres\/#respond"]}]},{"@type":"WebPage","@id":"https:\/\/laindependent.cat\/es\/vila-real-pais-valencia-campana-contra-la-pretension-de-un-restaurante-de-servir-sushi-sobre-el-cuerpo-de-mujeres\/","url":"https:\/\/laindependent.cat\/es\/vila-real-pais-valencia-campana-contra-la-pretension-de-un-restaurante-de-servir-sushi-sobre-el-cuerpo-de-mujeres\/","name":"Vila-Real. Pa\u00eds Valenci\u00e0: Campa\u00f1a contra la pretensi\u00f3n de un restaurante de servir sushi sobre el cuerpo de mujeres | La Independent","isPartOf":{"@id":"https:\/\/laindependent.cat\/es\/#website"},"datePublished":"2013-01-08T14:20:02+00:00","description":"El restaurante \"El Bodeg\u00f3n de Carlos\" de Villarreal pretende servir el sushi sobre el cuerpo de mujeres Intersindical ha hecho la tramitacion de la","breadcrumb":{"@id":"https:\/\/laindependent.cat\/es\/vila-real-pais-valencia-campana-contra-la-pretension-de-un-restaurante-de-servir-sushi-sobre-el-cuerpo-de-mujeres\/#breadcrumb"},"inLanguage":"es","potentialAction":[{"@type":"ReadAction","target":["https:\/\/laindependent.cat\/es\/vila-real-pais-valencia-campana-contra-la-pretension-de-un-restaurante-de-servir-sushi-sobre-el-cuerpo-de-mujeres\/"]}]},{"@type":"BreadcrumbList","@id":"https:\/\/laindependent.cat\/es\/vila-real-pais-valencia-campana-contra-la-pretension-de-un-restaurante-de-servir-sushi-sobre-el-cuerpo-de-mujeres\/#breadcrumb","itemListElement":[{"@type":"ListItem","position":1,"name":"Inici","item":"https:\/\/laindependent.cat\/es\/la-independent\/"},{"@type":"ListItem","position":2,"name":"Violencias","item":"https:\/\/laindependent.cat\/es\/tema\/violencias\/"},{"@type":"ListItem","position":3,"name":"Violencia sexual","item":"https:\/\/laindependent.cat\/es\/tema\/violencias\/violencia-sexual\/"},{"@type":"ListItem","position":4,"name":"Vila-Real. Pa\u00eds Valenci\u00e0: Campa\u00f1a contra la pretensi\u00f3n de un restaurante de servir sushi sobre el cuerpo de mujeres"}]},{"@type":"WebSite","@id":"https:\/\/laindependent.cat\/es\/#website","url":"https:\/\/laindependent.cat\/es\/","name":"La Independent","description":"Ag\u00e8ncia de not\u00edcies amb visi\u00f3 de g\u00e8nere","publisher":{"@id":"https:\/\/laindependent.cat\/es\/#organization"},"alternateName":"Ag\u00e8ncia de not\u00edcies amb visi\u00f3 de g\u00e8nere","potentialAction":[{"@type":"SearchAction","target":{"@type":"EntryPoint","urlTemplate":"https:\/\/laindependent.cat\/es\/?s={search_term_string}"},"query-input":{"@type":"PropertyValueSpecification","valueRequired":true,"valueName":"search_term_string"}}],"inLanguage":"es"},{"@type":"Organization","@id":"https:\/\/laindependent.cat\/es\/#organization","name":"La Independent","alternateName":"Ag\u00e8ncia de not\u00edcies amb visi\u00f3 de g\u00e8nere","url":"https:\/\/laindependent.cat\/es\/","logo":{"@type":"ImageObject","inLanguage":"es","@id":"https:\/\/laindependent.cat\/es\/#\/schema\/logo\/image\/","url":"https:\/\/laindependent.cat\/wp-content\/uploads\/2022\/10\/logo-independent.svg","contentUrl":"https:\/\/laindependent.cat\/wp-content\/uploads\/2022\/10\/logo-independent.svg","width":562,"height":78,"caption":"La Independent"},"image":{"@id":"https:\/\/laindependent.cat\/es\/#\/schema\/logo\/image\/"}},{"@type":"Person","@id":"https:\/\/laindependent.cat\/es\/#\/schema\/person\/48977a569b250ff82a4929194239bcc9","name":"Tona Gusi","image":{"@type":"ImageObject","inLanguage":"es","@id":"https:\/\/secure.gravatar.com\/avatar\/d09891f52233d2ed7c2e066fc06640e576202983bf7f713e372185f035ac5f67?s=96&d=blank&r=g","url":"https:\/\/secure.gravatar.com\/avatar\/d09891f52233d2ed7c2e066fc06640e576202983bf7f713e372185f035ac5f67?s=96&d=blank&r=g","contentUrl":"https:\/\/secure.gravatar.com\/avatar\/d09891f52233d2ed7c2e066fc06640e576202983bf7f713e372185f035ac5f67?s=96&d=blank&r=g","caption":"Tona Gusi"},"description":"Fundadora i Co-coordinadora de La Independent. Tamb\u00e9 \u00e9s psic\u00f2loga menci\u00f3 en Psicologia d'Intervenci\u00f3 Cl\u00ednica i menci\u00f3 en Psicologia del Treball i les Organitzacions.","sameAs":["https:\/\/www.facebook.com\/tona.gusi","https:\/\/x.com\/https:\/\/twitter.com\/tonagusi"],"url":"https:\/\/laindependent.cat\/es\/author\/tona-gusi\/"}]}},"_links":{"self":[{"href":"https:\/\/laindependent.cat\/es\/wp-json\/wp\/v2\/posts\/58039","targetHints":{"allow":["GET"]}}],"collection":[{"href":"https:\/\/laindependent.cat\/es\/wp-json\/wp\/v2\/posts"}],"about":[{"href":"https:\/\/laindependent.cat\/es\/wp-json\/wp\/v2\/types\/post"}],"author":[{"embeddable":true,"href":"https:\/\/laindependent.cat\/es\/wp-json\/wp\/v2\/users\/72"}],"replies":[{"embeddable":true,"href":"https:\/\/laindependent.cat\/es\/wp-json\/wp\/v2\/comments?post=58039"}],"version-history":[{"count":0,"href":"https:\/\/laindependent.cat\/es\/wp-json\/wp\/v2\/posts\/58039\/revisions"}],"wp:attachment":[{"href":"https:\/\/laindependent.cat\/es\/wp-json\/wp\/v2\/media?parent=58039"}],"wp:term":[{"taxonomy":"category","embeddable":true,"href":"https:\/\/laindependent.cat\/es\/wp-json\/wp\/v2\/categories?post=58039"},{"taxonomy":"post_tag","embeddable":true,"href":"https:\/\/laindependent.cat\/es\/wp-json\/wp\/v2\/tags?post=58039"}],"curies":[{"name":"wp","href":"https:\/\/api.w.org\/{rel}","templated":true}]}}