{"id":58016,"date":"2012-12-27T13:04:49","date_gmt":"2012-12-27T12:04:49","guid":{"rendered":"https:\/\/laindependent.cat\/comprad-comprad-malditos\/"},"modified":"2012-12-27T13:04:49","modified_gmt":"2012-12-27T12:04:49","slug":"comprad-comprad-malditos","status":"publish","type":"post","link":"https:\/\/laindependent.cat\/es\/comprad-comprad-malditos\/","title":{"rendered":"Comprad, comprad, malditos"},"content":{"rendered":"<p><\/p>\n<p style=\"text-align: left;\"><img decoding=\"async\" class=\"size-full wp-image-57893 lazyload\" style=\"--smush-placeholder-width: 178px; --smush-placeholder-aspect-ratio: 178\/206;margin: 5px auto; display: block;\" alt=\"Esther_Vivas\" data-src=\"https:\/\/laindependent.cat\/wp-content\/uploads\/2012\/11\/esther_vivas.jpg\" height=\"206\" width=\"178\" src=\"data:image\/svg+xml;base64,PHN2ZyB3aWR0aD0iMSIgaGVpZ2h0PSIxIiB4bWxucz0iaHR0cDovL3d3dy53My5vcmcvMjAwMC9zdmciPjwvc3ZnPg==\" \/><\/p>\n<p style=\"text-align: left;\">\u00a0<\/p>\n<p style=\"text-align: left;\"><span style=\"font-family: trebuchet ms,geneva; font-size: 10pt;\">Son fiestas navide\u00f1as, momento de juntarnos, comer, celebrar y,     sobre todo, comprar. La Navidad es, tambi\u00e9n, la \u201cfiesta\u201d del     consumo, ya que en ning\u00fan otro momento del a\u00f1o, para benepl\u00e1cito de     los mercaderes del capital, compramos tanto como ahora. Comprar para     regalar, para vestir, para olvidar o, simplemente, comprar por     comprar.<\/span><\/p>\n<p><!--more--><\/p>\n<p style=\"text-align: left;\"><span style=\"font-family: trebuchet ms,geneva; font-size: 10pt;\"> El sistema capitalista necesita de la sociedad de consumo para     sobrevivir, que alguien compre masiva y compulsivamente aquello que     se produce y, as\u00ed, el c\u00edrculo \u201cvirtuoso\u201d, o \u201cvicioso\u201d seg\u00fan como se     mire, del capital contin\u00fae en movimiento. \u00bfQu\u00e9 lo que compres sea     \u00fatil o necesario? Poco importa. La cuesti\u00f3n es gastar, cuanto m\u00e1s     mejor, para que unos pocos ganen. Y, as\u00ed, nos prometen que consumir     nos va a hacer m\u00e1s felices, pero la felicidad nunca llega a golpe de     talonario.<\/span><\/p>\n<p style=\"text-align: left;\"><span style=\"font-family: trebuchet ms,geneva; font-size: 10pt;\"> Nos venden lo trivial como imprescindible, lo f\u00fatil como     indispensable y nos crean necesidades artificiales en permanencia.     \u00bfPodr\u00edan ustedes vivir sin un tel\u00e9fono m\u00f3vil de \u00faltima generaci\u00f3n o     sin un televisor de plasma? Y, \u00bfsin cambiarse de ropa cada     temporada? Seguramente ya no. La sociedad de consumo as\u00ed lo ha     impuesto. Adem\u00e1s, poco importa la calidad de aquello que compramos.     Nos venden marcas, sue\u00f1os, sensaciones\u2026 de la mano de deportistas     famosos, estrellas de Hollywood. Y por algunos euros compramos     ficticiamente la fama, el glamour o la atracci\u00f3n sexual que la     publicidad se encarga de servirnos diariamente en bandeja.<\/span><\/p>\n<p style=\"text-align: left;\"><span style=\"font-family: trebuchet ms,geneva; font-size: 10pt;\"> Y si me resisto a comprar, \u00bfqu\u00e9 pasa? Los productos se fabrican para     morir siempre antes de tiempo, estropearse, dejar de funcionar, lo     que se conoce como obsolescencia programada, para que as\u00ed tengas que     adquirirlos de nuevo. \u00bfDe qu\u00e9 servir\u00edan unas medias sin carreras,     unas bombillas que nunca se fundieran o una impresora que no se     averiara? Para nosotros y el medio ambiente, bien; para las empresas     del capital, mal, muy mal. Y es que la sociedad de consumo est\u00e1     pensada, como magn\u00edficamente retrataba <strong>Cosima Dannoritzer<\/strong> en su     documental, para \u2018Comprar, tirar, comprar\u2019, el t\u00edtulo de su \u00faltimo     trabajo. Aqu\u00ed s\u00f3lo gana quien vende.<\/span><\/p>\n<p style=\"text-align: left;\"><span style=\"font-family: trebuchet ms,geneva; font-size: 10pt;\"> Poco importan las miles de toneladas de residuos que genera la     cultura del \u201cusar y tirar\u201d. Desperdicios tecnol\u00f3gicos, ropa,     alimentos\u2026 que desaparecen tras nuestra puerta, en la basura, o que     pasan a engrosar las pilas de deshechos que se acumulan en los     pa\u00edses del Sur, contaminando aguas, tierra y amenazando la salud de     sus comunidades, mientras nosotros miramos para otro lado. Nos hemos     acostumbrado a vivir sin tener en cuenta que habitamos un planeta     finito, y el capitalismo se ha encargado muy bien de ello.<\/span><\/p>\n<p style=\"text-align: left;\"><span style=\"font-family: trebuchet ms,geneva; font-size: 10pt;\"> Se asocia progreso a sociedad de consumo, pero tendr\u00edamos que     preguntarnos progreso para qu\u00e9 y para qui\u00e9nes y a costa de qu\u00e9 y de     qui\u00e9nes. Si todo el mundo consumiera como un ciudadano medio del     Estado espa\u00f1ol har\u00edan falta tres planetas tierra para colmar nuestra     voracidad, pero s\u00f3lo tenemos uno, mientras que en muchos pa\u00edses     africanos a penas consumen lo necesario para sobrevivir. Aunque es     necesario recordar que, tambi\u00e9n, existe un Sur en el Norte y un     Norte en el Sur.<\/span><\/p>\n<p style=\"text-align: left;\"><span style=\"font-family: trebuchet ms,geneva; font-size: 10pt;\"> Alguien dir\u00e1: \u201cSi dejamos de comprar, la econom\u00eda se estancar\u00e1 y se     generar\u00e1 m\u00e1s desempleo\u201d. La realidad es muy distinta de la que nos     cuentan. Y es, precisamente, este sistema el que fomenta paro,     pobreza y precariedad, el que deslocaliza la industria y la     agricultura, el que explota la mano de obra, el que contamina el     ecosistema y el que nos ha sumido en una crisis econ\u00f3mica, social y     clim\u00e1tica de enormes proporciones. Si queremos trabajar dignamente,     cuidar de nuestro planeta, tener bienestar\u2026 hace falta otra     econom\u00eda, social y solidaria. Satisfacer nuestras necesidades,     teniendo en cuenta que vivimos en un mundo lleno, saturado, a punto     de explotar. Apostar por la agricultura ecol\u00f3gica, los servicios     p\u00fablicos, las tareas de cuidados\u2026 Trabajar para vivir y no vivir     para trabajar. Porqu\u00e9 o cambiamos, o no saldremos de esta crisis     \u201cconsumiendo\u201d, como nos intentan hacer creer, sino \u201cconsumi\u00e9ndonos\u201d.<\/span><\/p>\n<p style=\"text-align: left;\"><span style=\"font-family: trebuchet ms,geneva; font-size: 10pt;\"> Y uno m\u00e1s apuntar\u00e1: \u201cHay sociedad de consumo porque la gente quiere     consumir\u201d. Pero, m\u00e1s all\u00e1 de nuestra responsabilidad individual,     nadie, que yo sepa, ha escogido esta sociedad donde nos ha tocado     vivir, o al menos a m\u00ed no me han preguntado. Es as\u00ed como nos han     educado en la sociedad del \u201ccuanto m\u00e1s mejor\u201d. Y no s\u00f3lo nos han     inculcado valores y pr\u00e1cticas de un sistema que antepone intereses     particulares a necesidades colectivas, como el individualismo, la     competencia, sino que nos imponen, desde muy peque\u00f1os, un     determinado rol en funci\u00f3n de nuestro g\u00e9nero, en la reproducci\u00f3n no     solo de una estructura capitalista sino, tambi\u00e9n, patriarcal.<\/span><\/p>\n<p style=\"text-align: left;\"><span style=\"font-family: trebuchet ms,geneva; font-size: 10pt;\"> Quieren que compremos hasta morir, como en la pel\u00edcula \u2018Danzad,     danzad, malditos\u2019 (1969) de <strong>Sideny Pollack<\/strong>, donde los participantes     a un concurso de baile danzaban sin parar hasta la extenuaci\u00f3n para     el benepl\u00e1cito de unos pocos acaudalados. Como dec\u00eda el presentador     de la competici\u00f3n frente a los \u00faltimos concursantes a punto de     desfallecer al final de la pel\u00edcula: \u201cEstos chicos maravillosos,     estupendos\u2026 que siguen luchando, siguen esperando, mientras el reloj     fatal sigue con su tic tac. Continua la danza del destino, el     alucinante marat\u00f3n sigue y sigue y sigue. \u00bfHasta cuando aguantar\u00e1n?     Vamos, un aplauso. Hay que animarlos. Aplaudan, aplaudan, aplaudan\u201d.     Viva el circo.<\/span><\/p>\n<p style=\"text-align: left;\"><span style=\"font-family: trebuchet ms,geneva; font-size: 10pt;\"> *Art\u00edculo publicado en P\u00fablico, 24\/12\/2012.<\/span><\/p>\n","protected":false},"excerpt":{"rendered":"<p>\u00a0 Son fiestas navide\u00f1as, momento de juntarnos, comer, celebrar y, sobre todo, comprar. La Navidad es, tambi\u00e9n, la \u201cfiesta\u201d del consumo, ya que en ning\u00fan otro momento del a\u00f1o, para benepl\u00e1cito de los mercaderes del capital, compramos tanto como ahora. [&hellip;]<\/p>\n","protected":false},"author":72,"featured_media":57893,"comment_status":"open","ping_status":"","sticky":false,"template":"","format":"standard","meta":{"footnotes":""},"categories":[26413],"tags":[],"class_list":["post-58016","post","type-post","status-publish","format-standard","has-post-thumbnail","hentry","category-economia"],"yoast_head":"<!-- This site is optimized with the Yoast SEO plugin v27.4 - https:\/\/yoast.com\/product\/yoast-seo-wordpress\/ -->\n<title>Comprad, comprad, malditos | La Independent<\/title>\n<meta name=\"description\" content=\"\u00a0 Son fiestas navide\u00f1as, momento de juntarnos, comer, celebrar y, sobre todo, comprar. La Navidad es, tambi\u00e9n, la \u201cfiesta\u201d del consumo, ya que en ning\u00fan\" \/>\n<meta name=\"robots\" content=\"index, follow, max-snippet:-1, max-image-preview:large, max-video-preview:-1\" \/>\n<link rel=\"canonical\" href=\"https:\/\/laindependent.cat\/es\/comprad-comprad-malditos\/\" \/>\n<meta property=\"og:locale\" content=\"es_ES\" \/>\n<meta property=\"og:type\" content=\"article\" \/>\n<meta property=\"og:title\" content=\"Comprad, comprad, malditos | La Independent\" \/>\n<meta property=\"og:description\" content=\"\u00a0 Son fiestas navide\u00f1as, momento de juntarnos, comer, celebrar y, sobre todo, comprar. La Navidad es, tambi\u00e9n, la \u201cfiesta\u201d del consumo, ya que en ning\u00fan\" \/>\n<meta property=\"og:url\" content=\"https:\/\/laindependent.cat\/es\/comprad-comprad-malditos\/\" \/>\n<meta property=\"og:site_name\" content=\"La Independent\" \/>\n<meta property=\"article:author\" content=\"https:\/\/www.facebook.com\/tona.gusi\" \/>\n<meta property=\"article:published_time\" content=\"2012-12-27T12:04:49+00:00\" \/>\n<meta property=\"og:image\" content=\"https:\/\/laindependent.cat\/wp-content\/uploads\/2012\/11\/esther_vivas.jpg\" \/>\n<meta name=\"author\" content=\"Tona Gusi\" \/>\n<meta name=\"twitter:card\" content=\"summary_large_image\" \/>\n<meta name=\"twitter:creator\" content=\"@https:\/\/twitter.com\/tonagusi\" \/>\n<meta name=\"twitter:label1\" content=\"Escrito por\" \/>\n\t<meta name=\"twitter:data1\" content=\"Tona Gusi\" \/>\n\t<meta name=\"twitter:label2\" content=\"Tiempo de lectura\" \/>\n\t<meta name=\"twitter:data2\" content=\"5 minutos\" \/>\n<script type=\"application\/ld+json\" class=\"yoast-schema-graph\">{\"@context\":\"https:\\\/\\\/schema.org\",\"@graph\":[{\"@type\":\"Article\",\"@id\":\"https:\\\/\\\/laindependent.cat\\\/es\\\/comprad-comprad-malditos\\\/#article\",\"isPartOf\":{\"@id\":\"https:\\\/\\\/laindependent.cat\\\/es\\\/comprad-comprad-malditos\\\/\"},\"author\":{\"name\":\"Tona Gusi\",\"@id\":\"https:\\\/\\\/laindependent.cat\\\/es\\\/#\\\/schema\\\/person\\\/48977a569b250ff82a4929194239bcc9\"},\"headline\":\"Comprad, comprad, malditos\",\"datePublished\":\"2012-12-27T12:04:49+00:00\",\"mainEntityOfPage\":{\"@id\":\"https:\\\/\\\/laindependent.cat\\\/es\\\/comprad-comprad-malditos\\\/\"},\"wordCount\":920,\"commentCount\":0,\"publisher\":{\"@id\":\"https:\\\/\\\/laindependent.cat\\\/es\\\/#organization\"},\"image\":{\"@id\":\"https:\\\/\\\/laindependent.cat\\\/es\\\/comprad-comprad-malditos\\\/#primaryimage\"},\"thumbnailUrl\":\"https:\\\/\\\/laindependent.cat\\\/wp-content\\\/uploads\\\/2012\\\/11\\\/esther_vivas.jpg\",\"articleSection\":[\"Econom\u00eda\"],\"inLanguage\":\"es\",\"potentialAction\":[{\"@type\":\"CommentAction\",\"name\":\"Comment\",\"target\":[\"https:\\\/\\\/laindependent.cat\\\/es\\\/comprad-comprad-malditos\\\/#respond\"]}]},{\"@type\":\"WebPage\",\"@id\":\"https:\\\/\\\/laindependent.cat\\\/es\\\/comprad-comprad-malditos\\\/\",\"url\":\"https:\\\/\\\/laindependent.cat\\\/es\\\/comprad-comprad-malditos\\\/\",\"name\":\"Comprad, comprad, malditos | La Independent\",\"isPartOf\":{\"@id\":\"https:\\\/\\\/laindependent.cat\\\/es\\\/#website\"},\"primaryImageOfPage\":{\"@id\":\"https:\\\/\\\/laindependent.cat\\\/es\\\/comprad-comprad-malditos\\\/#primaryimage\"},\"image\":{\"@id\":\"https:\\\/\\\/laindependent.cat\\\/es\\\/comprad-comprad-malditos\\\/#primaryimage\"},\"thumbnailUrl\":\"https:\\\/\\\/laindependent.cat\\\/wp-content\\\/uploads\\\/2012\\\/11\\\/esther_vivas.jpg\",\"datePublished\":\"2012-12-27T12:04:49+00:00\",\"description\":\"\u00a0 Son fiestas navide\u00f1as, momento de juntarnos, comer, celebrar y, sobre todo, comprar. La Navidad es, tambi\u00e9n, la \u201cfiesta\u201d del consumo, ya que en ning\u00fan\",\"breadcrumb\":{\"@id\":\"https:\\\/\\\/laindependent.cat\\\/es\\\/comprad-comprad-malditos\\\/#breadcrumb\"},\"inLanguage\":\"es\",\"potentialAction\":[{\"@type\":\"ReadAction\",\"target\":[\"https:\\\/\\\/laindependent.cat\\\/es\\\/comprad-comprad-malditos\\\/\"]}]},{\"@type\":\"ImageObject\",\"inLanguage\":\"es\",\"@id\":\"https:\\\/\\\/laindependent.cat\\\/es\\\/comprad-comprad-malditos\\\/#primaryimage\",\"url\":\"https:\\\/\\\/laindependent.cat\\\/wp-content\\\/uploads\\\/2012\\\/11\\\/esther_vivas.jpg\",\"contentUrl\":\"https:\\\/\\\/laindependent.cat\\\/wp-content\\\/uploads\\\/2012\\\/11\\\/esther_vivas.jpg\",\"width\":209,\"height\":241,\"caption\":\"Esther_Vivas\"},{\"@type\":\"BreadcrumbList\",\"@id\":\"https:\\\/\\\/laindependent.cat\\\/es\\\/comprad-comprad-malditos\\\/#breadcrumb\",\"itemListElement\":[{\"@type\":\"ListItem\",\"position\":1,\"name\":\"Inici\",\"item\":\"https:\\\/\\\/laindependent.cat\\\/es\\\/la-independent\\\/\"},{\"@type\":\"ListItem\",\"position\":2,\"name\":\"Econom\u00eda y Empleo\",\"item\":\"https:\\\/\\\/laindependent.cat\\\/es\\\/tema\\\/economia-y-empleo\\\/\"},{\"@type\":\"ListItem\",\"position\":3,\"name\":\"Econom\u00eda\",\"item\":\"https:\\\/\\\/laindependent.cat\\\/es\\\/tema\\\/economia-y-empleo\\\/economia\\\/\"},{\"@type\":\"ListItem\",\"position\":4,\"name\":\"Comprad, comprad, malditos\"}]},{\"@type\":\"WebSite\",\"@id\":\"https:\\\/\\\/laindependent.cat\\\/es\\\/#website\",\"url\":\"https:\\\/\\\/laindependent.cat\\\/es\\\/\",\"name\":\"La Independent\",\"description\":\"Ag\u00e8ncia de not\u00edcies amb visi\u00f3 de g\u00e8nere\",\"publisher\":{\"@id\":\"https:\\\/\\\/laindependent.cat\\\/es\\\/#organization\"},\"alternateName\":\"Ag\u00e8ncia de not\u00edcies amb visi\u00f3 de g\u00e8nere\",\"potentialAction\":[{\"@type\":\"SearchAction\",\"target\":{\"@type\":\"EntryPoint\",\"urlTemplate\":\"https:\\\/\\\/laindependent.cat\\\/es\\\/?s={search_term_string}\"},\"query-input\":{\"@type\":\"PropertyValueSpecification\",\"valueRequired\":true,\"valueName\":\"search_term_string\"}}],\"inLanguage\":\"es\"},{\"@type\":\"Organization\",\"@id\":\"https:\\\/\\\/laindependent.cat\\\/es\\\/#organization\",\"name\":\"La Independent\",\"alternateName\":\"Ag\u00e8ncia de not\u00edcies amb visi\u00f3 de g\u00e8nere\",\"url\":\"https:\\\/\\\/laindependent.cat\\\/es\\\/\",\"logo\":{\"@type\":\"ImageObject\",\"inLanguage\":\"es\",\"@id\":\"https:\\\/\\\/laindependent.cat\\\/es\\\/#\\\/schema\\\/logo\\\/image\\\/\",\"url\":\"https:\\\/\\\/laindependent.cat\\\/wp-content\\\/uploads\\\/2022\\\/10\\\/logo-independent.svg\",\"contentUrl\":\"https:\\\/\\\/laindependent.cat\\\/wp-content\\\/uploads\\\/2022\\\/10\\\/logo-independent.svg\",\"width\":562,\"height\":78,\"caption\":\"La Independent\"},\"image\":{\"@id\":\"https:\\\/\\\/laindependent.cat\\\/es\\\/#\\\/schema\\\/logo\\\/image\\\/\"}},{\"@type\":\"Person\",\"@id\":\"https:\\\/\\\/laindependent.cat\\\/es\\\/#\\\/schema\\\/person\\\/48977a569b250ff82a4929194239bcc9\",\"name\":\"Tona Gusi\",\"image\":{\"@type\":\"ImageObject\",\"inLanguage\":\"es\",\"@id\":\"https:\\\/\\\/secure.gravatar.com\\\/avatar\\\/d09891f52233d2ed7c2e066fc06640e576202983bf7f713e372185f035ac5f67?s=96&d=blank&r=g\",\"url\":\"https:\\\/\\\/secure.gravatar.com\\\/avatar\\\/d09891f52233d2ed7c2e066fc06640e576202983bf7f713e372185f035ac5f67?s=96&d=blank&r=g\",\"contentUrl\":\"https:\\\/\\\/secure.gravatar.com\\\/avatar\\\/d09891f52233d2ed7c2e066fc06640e576202983bf7f713e372185f035ac5f67?s=96&d=blank&r=g\",\"caption\":\"Tona Gusi\"},\"description\":\"Fundadora i Co-coordinadora de La Independent. Tamb\u00e9 \u00e9s psic\u00f2loga menci\u00f3 en Psicologia d'Intervenci\u00f3 Cl\u00ednica i menci\u00f3 en Psicologia del Treball i les Organitzacions.\",\"sameAs\":[\"https:\\\/\\\/www.facebook.com\\\/tona.gusi\",\"https:\\\/\\\/x.com\\\/https:\\\/\\\/twitter.com\\\/tonagusi\"],\"url\":\"https:\\\/\\\/laindependent.cat\\\/es\\\/author\\\/tona-gusi\\\/\"}]}<\/script>\n<!-- \/ Yoast SEO plugin. -->","yoast_head_json":{"title":"Comprad, comprad, malditos | La Independent","description":"\u00a0 Son fiestas navide\u00f1as, momento de juntarnos, comer, celebrar y, sobre todo, comprar. La Navidad es, tambi\u00e9n, la \u201cfiesta\u201d del consumo, ya que en ning\u00fan","robots":{"index":"index","follow":"follow","max-snippet":"max-snippet:-1","max-image-preview":"max-image-preview:large","max-video-preview":"max-video-preview:-1"},"canonical":"https:\/\/laindependent.cat\/es\/comprad-comprad-malditos\/","og_locale":"es_ES","og_type":"article","og_title":"Comprad, comprad, malditos | La Independent","og_description":"\u00a0 Son fiestas navide\u00f1as, momento de juntarnos, comer, celebrar y, sobre todo, comprar. La Navidad es, tambi\u00e9n, la \u201cfiesta\u201d del consumo, ya que en ning\u00fan","og_url":"https:\/\/laindependent.cat\/es\/comprad-comprad-malditos\/","og_site_name":"La Independent","article_author":"https:\/\/www.facebook.com\/tona.gusi","article_published_time":"2012-12-27T12:04:49+00:00","og_image":[{"url":"https:\/\/laindependent.cat\/wp-content\/uploads\/2012\/11\/esther_vivas.jpg","type":"","width":"","height":""}],"author":"Tona Gusi","twitter_card":"summary_large_image","twitter_creator":"@https:\/\/twitter.com\/tonagusi","twitter_misc":{"Escrito por":"Tona Gusi","Tiempo de lectura":"5 minutos"},"schema":{"@context":"https:\/\/schema.org","@graph":[{"@type":"Article","@id":"https:\/\/laindependent.cat\/es\/comprad-comprad-malditos\/#article","isPartOf":{"@id":"https:\/\/laindependent.cat\/es\/comprad-comprad-malditos\/"},"author":{"name":"Tona Gusi","@id":"https:\/\/laindependent.cat\/es\/#\/schema\/person\/48977a569b250ff82a4929194239bcc9"},"headline":"Comprad, comprad, malditos","datePublished":"2012-12-27T12:04:49+00:00","mainEntityOfPage":{"@id":"https:\/\/laindependent.cat\/es\/comprad-comprad-malditos\/"},"wordCount":920,"commentCount":0,"publisher":{"@id":"https:\/\/laindependent.cat\/es\/#organization"},"image":{"@id":"https:\/\/laindependent.cat\/es\/comprad-comprad-malditos\/#primaryimage"},"thumbnailUrl":"https:\/\/laindependent.cat\/wp-content\/uploads\/2012\/11\/esther_vivas.jpg","articleSection":["Econom\u00eda"],"inLanguage":"es","potentialAction":[{"@type":"CommentAction","name":"Comment","target":["https:\/\/laindependent.cat\/es\/comprad-comprad-malditos\/#respond"]}]},{"@type":"WebPage","@id":"https:\/\/laindependent.cat\/es\/comprad-comprad-malditos\/","url":"https:\/\/laindependent.cat\/es\/comprad-comprad-malditos\/","name":"Comprad, comprad, malditos | La Independent","isPartOf":{"@id":"https:\/\/laindependent.cat\/es\/#website"},"primaryImageOfPage":{"@id":"https:\/\/laindependent.cat\/es\/comprad-comprad-malditos\/#primaryimage"},"image":{"@id":"https:\/\/laindependent.cat\/es\/comprad-comprad-malditos\/#primaryimage"},"thumbnailUrl":"https:\/\/laindependent.cat\/wp-content\/uploads\/2012\/11\/esther_vivas.jpg","datePublished":"2012-12-27T12:04:49+00:00","description":"\u00a0 Son fiestas navide\u00f1as, momento de juntarnos, comer, celebrar y, sobre todo, comprar. La Navidad es, tambi\u00e9n, la \u201cfiesta\u201d del consumo, ya que en ning\u00fan","breadcrumb":{"@id":"https:\/\/laindependent.cat\/es\/comprad-comprad-malditos\/#breadcrumb"},"inLanguage":"es","potentialAction":[{"@type":"ReadAction","target":["https:\/\/laindependent.cat\/es\/comprad-comprad-malditos\/"]}]},{"@type":"ImageObject","inLanguage":"es","@id":"https:\/\/laindependent.cat\/es\/comprad-comprad-malditos\/#primaryimage","url":"https:\/\/laindependent.cat\/wp-content\/uploads\/2012\/11\/esther_vivas.jpg","contentUrl":"https:\/\/laindependent.cat\/wp-content\/uploads\/2012\/11\/esther_vivas.jpg","width":209,"height":241,"caption":"Esther_Vivas"},{"@type":"BreadcrumbList","@id":"https:\/\/laindependent.cat\/es\/comprad-comprad-malditos\/#breadcrumb","itemListElement":[{"@type":"ListItem","position":1,"name":"Inici","item":"https:\/\/laindependent.cat\/es\/la-independent\/"},{"@type":"ListItem","position":2,"name":"Econom\u00eda y Empleo","item":"https:\/\/laindependent.cat\/es\/tema\/economia-y-empleo\/"},{"@type":"ListItem","position":3,"name":"Econom\u00eda","item":"https:\/\/laindependent.cat\/es\/tema\/economia-y-empleo\/economia\/"},{"@type":"ListItem","position":4,"name":"Comprad, comprad, malditos"}]},{"@type":"WebSite","@id":"https:\/\/laindependent.cat\/es\/#website","url":"https:\/\/laindependent.cat\/es\/","name":"La Independent","description":"Ag\u00e8ncia de not\u00edcies amb visi\u00f3 de g\u00e8nere","publisher":{"@id":"https:\/\/laindependent.cat\/es\/#organization"},"alternateName":"Ag\u00e8ncia de not\u00edcies amb visi\u00f3 de g\u00e8nere","potentialAction":[{"@type":"SearchAction","target":{"@type":"EntryPoint","urlTemplate":"https:\/\/laindependent.cat\/es\/?s={search_term_string}"},"query-input":{"@type":"PropertyValueSpecification","valueRequired":true,"valueName":"search_term_string"}}],"inLanguage":"es"},{"@type":"Organization","@id":"https:\/\/laindependent.cat\/es\/#organization","name":"La Independent","alternateName":"Ag\u00e8ncia de not\u00edcies amb visi\u00f3 de g\u00e8nere","url":"https:\/\/laindependent.cat\/es\/","logo":{"@type":"ImageObject","inLanguage":"es","@id":"https:\/\/laindependent.cat\/es\/#\/schema\/logo\/image\/","url":"https:\/\/laindependent.cat\/wp-content\/uploads\/2022\/10\/logo-independent.svg","contentUrl":"https:\/\/laindependent.cat\/wp-content\/uploads\/2022\/10\/logo-independent.svg","width":562,"height":78,"caption":"La Independent"},"image":{"@id":"https:\/\/laindependent.cat\/es\/#\/schema\/logo\/image\/"}},{"@type":"Person","@id":"https:\/\/laindependent.cat\/es\/#\/schema\/person\/48977a569b250ff82a4929194239bcc9","name":"Tona Gusi","image":{"@type":"ImageObject","inLanguage":"es","@id":"https:\/\/secure.gravatar.com\/avatar\/d09891f52233d2ed7c2e066fc06640e576202983bf7f713e372185f035ac5f67?s=96&d=blank&r=g","url":"https:\/\/secure.gravatar.com\/avatar\/d09891f52233d2ed7c2e066fc06640e576202983bf7f713e372185f035ac5f67?s=96&d=blank&r=g","contentUrl":"https:\/\/secure.gravatar.com\/avatar\/d09891f52233d2ed7c2e066fc06640e576202983bf7f713e372185f035ac5f67?s=96&d=blank&r=g","caption":"Tona Gusi"},"description":"Fundadora i Co-coordinadora de La Independent. Tamb\u00e9 \u00e9s psic\u00f2loga menci\u00f3 en Psicologia d'Intervenci\u00f3 Cl\u00ednica i menci\u00f3 en Psicologia del Treball i les Organitzacions.","sameAs":["https:\/\/www.facebook.com\/tona.gusi","https:\/\/x.com\/https:\/\/twitter.com\/tonagusi"],"url":"https:\/\/laindependent.cat\/es\/author\/tona-gusi\/"}]}},"_links":{"self":[{"href":"https:\/\/laindependent.cat\/es\/wp-json\/wp\/v2\/posts\/58016","targetHints":{"allow":["GET"]}}],"collection":[{"href":"https:\/\/laindependent.cat\/es\/wp-json\/wp\/v2\/posts"}],"about":[{"href":"https:\/\/laindependent.cat\/es\/wp-json\/wp\/v2\/types\/post"}],"author":[{"embeddable":true,"href":"https:\/\/laindependent.cat\/es\/wp-json\/wp\/v2\/users\/72"}],"replies":[{"embeddable":true,"href":"https:\/\/laindependent.cat\/es\/wp-json\/wp\/v2\/comments?post=58016"}],"version-history":[{"count":0,"href":"https:\/\/laindependent.cat\/es\/wp-json\/wp\/v2\/posts\/58016\/revisions"}],"wp:featuredmedia":[{"embeddable":true,"href":"https:\/\/laindependent.cat\/es\/wp-json\/wp\/v2\/media\/57893"}],"wp:attachment":[{"href":"https:\/\/laindependent.cat\/es\/wp-json\/wp\/v2\/media?parent=58016"}],"wp:term":[{"taxonomy":"category","embeddable":true,"href":"https:\/\/laindependent.cat\/es\/wp-json\/wp\/v2\/categories?post=58016"},{"taxonomy":"post_tag","embeddable":true,"href":"https:\/\/laindependent.cat\/es\/wp-json\/wp\/v2\/tags?post=58016"}],"curies":[{"name":"wp","href":"https:\/\/api.w.org\/{rel}","templated":true}]}}