{"id":57672,"date":"2012-10-24T21:32:16","date_gmt":"2012-10-24T19:32:16","guid":{"rendered":"https:\/\/laindependent.cat\/de-boca-cerrada-no-salen-moscas\/"},"modified":"2012-10-24T21:32:16","modified_gmt":"2012-10-24T19:32:16","slug":"de-boca-cerrada-no-salen-moscas","status":"publish","type":"post","link":"https:\/\/laindependent.cat\/es\/de-boca-cerrada-no-salen-moscas\/","title":{"rendered":"De boca cerrada no salen moscas"},"content":{"rendered":"<p style=\"text-align: left;\"><span style=\"font-family: trebuchet ms,geneva; font-size: 8pt;\">art\u00edculo <a target=\"_blank\" href=\"http:\/\/www.huffingtonpost.es\/eulalia-lledo-cunill\/de-boca-cerrada-no-salen-_b_1966937.html?utm_hp_ref=spain\" rel=\"noopener\">publicado<\/a> en el huffingtonpost.es<\/span><\/p>\n<p style=\"text-align: left;\">\u00a0<\/p>\n<p><img decoding=\"async\" class=\"size-full wp-image-28021 lazyload\" style=\"--smush-placeholder-width: 228px; --smush-placeholder-aspect-ratio: 228\/171;margin: 5px auto; display: block;\" alt=\"eulalia29abril2009\" data-src=\"https:\/\/laindependent.cat\/wp-content\/uploads\/2012\/10\/eulalia29abril2009.jpg\" height=\"171\" width=\"228\" data-srcset=\"https:\/\/laindependent.cat\/wp-content\/uploads\/2012\/10\/eulalia29abril2009.jpg 400w, https:\/\/laindependent.cat\/wp-content\/uploads\/2012\/10\/eulalia29abril2009-300x225.jpg 300w\" data-sizes=\"(max-width: 228px) 100vw, 228px\" src=\"data:image\/svg+xml;base64,PHN2ZyB3aWR0aD0iMSIgaGVpZ2h0PSIxIiB4bWxucz0iaHR0cDovL3d3dy53My5vcmcvMjAwMC9zdmciPjwvc3ZnPg==\" \/><\/p>\n<p style=\"text-align: left;\"><span style=\"font-family: trebuchet ms,geneva; font-size: 8pt;\">Eulalia Lledo fotografiada por Maria Roig<\/span><\/p>\n<p style=\"text-align: left;\"><span style=\"font-family: trebuchet ms,geneva; font-size: 10pt;\">A principios del presente mes de octubre, a ra\u00edz de la decisi\u00f3n del juez  Santiago Pedraz de archivar las diligencias abiertas contra ocho de las  personas que organizaron las protestas del 25 de septiembre en Madrid,  el portavoz adjunto del grupo popular en el congreso, Rafael Hernando,<a href=\"http:\/\/www.huffingtonpost.es\/2012\/10\/04\/rafael-hernando-llama-pij_n_1939567.html\" target=\"_hplink\" rel=\"noopener\"> adem\u00e1s de considerar la actuaci\u00f3n del magistrado de indecente y de demagogia pol\u00edtica lo tild\u00f3 de &#8220;pijo \u00e1crata&#8221;<\/a>.<\/span><\/p>\n<p style=\"text-align: left;\">\u00a0<\/p>\n<p style=\"text-align: left;\">\u00a0<\/p>\n<p><span style=\"font-family: trebuchet ms,geneva; font-size: 10pt;\" \/> <\/p>\n<p><!--more--><\/p>\n<p>En vista del rechazo que estas declaraciones provocaron (la prensa se  hizo eco sobre todo de las respuestas corporativas), Hernando aleg\u00f3 que  \u00e9l no hab\u00eda dicho que el otro fuese un pijo \u00e1crata sino que dijo que  hab\u00eda actuado como tal, y una vez aclarada la cuesti\u00f3n se qued\u00f3 la mar  de orondo. Si son ciertas las citas literales de los diarios, Hernando  manifest\u00f3 textualmente que &#8220;aunque \u00e9l -el magistrado- pretenda ir de  pijo \u00e1crata, en realidad es un juez de la Audiencia Nacional&#8221;. De todas  maneras, lo mejor estaba por llegar. Por un lado, afirma que la cr\u00edtica  al juez es una &#8220;valorizaci\u00f3n&#8221; y no una &#8220;descalificaci\u00f3n personal&#8221;;  sorprende que las vea incompatibles: una valoraci\u00f3n puede perfectamente  ser una descalificaci\u00f3n personal (o una calificaci\u00f3n); al margen,  confieso que no se me escapa el objetivo del matiz, pero s\u00ed la  pretendida diferencia. Por otro lado, el pol\u00edtico del PP, se disculpa  se\u00f1alando que si el magistrado se ha sentido ofendido, le pide excusas,  pero mantiene las cr\u00edticas que le hab\u00eda hecho porque as\u00ed piensa y  siente. Topamos con un comportamiento que empieza a convertirse en un  peligroso, extendido y perverso cl\u00e1sico: he dicho lo que he dicho y si  alguien se ofende, lo siento, pero dije lo que dije y lo mantengo. El  resultado es que parece que si te insultan tu tengas la culpa, seas t\u00fa  quien tengas el capricho de ofenderte y que no tenga nada que ver el  hecho de que un insulto es un insulto. La \u00fanica disculpa razonable pasa  por pedir perd\u00f3n retirando el insulto. <\/span><\/p>\n<p>\u00a0<\/p>\n<p style=\"text-align: left;\"><span style=\"font-family: trebuchet ms,geneva; font-size: 10pt;\">Otro comportamiento reflejado en la lengua que tambi\u00e9n apesta y que  esperamos que no devenga cl\u00e1sico, puede verse en las declaraciones  postpartido del derbi -bautizado abusivamente como cl\u00e1sico- que se jug\u00f3  recientemente en Barcelona entre el Bar\u00e7a y el Madrid. Mourinho, el  entrenador del Madrid, en la subsiguiente y preceptiva rueda de prensa,  declar\u00f3 que el Madrid es un club se\u00f1or -y dale con el se\u00f1or\u00edo- que no  habla de penaltis no pitados (se supone que se refer\u00eda a un hipot\u00e9tico  penalti cometido por el rival y no a otro que quiz\u00e1s infligi\u00f3 un jugador  suyo al equipo contrario); en realidad, la insistencia en manifestar  que la filosof\u00eda del Madrid (noble y b\u00e9lico adalid) es no hablar de los  \u00e1rbitros y presentarlo como un club \u00abse\u00f1or\u00bb es altamente sospechosa y  sintom\u00e1tica. Por un lado, no parece que el club practicase esta  filosof\u00eda en a\u00f1os anteriores (ni su actual entrenador, ahora o antes);  por otro, parecer\u00eda razonable que el se\u00f1or\u00edo se desprendiera de las  actuaciones y no fuera mera autoproclamaci\u00f3n (el se\u00f1or\u00edo deber\u00eda  mostrarse andando y no piando). Pero volvamos al caso; Vilanova, el  entrenador del Bar\u00e7a que adem\u00e1s de t\u00e1cticas y de estrategias  futbol\u00edsticas, demuestra tambi\u00e9n que sabe lengua, lac\u00f3nico y conciso  como \u00e9l solo, dijo de su colega que por ser que no quer\u00eda hablar de los  \u00e1rbitros, ya hab\u00eda hablado de ellos. No se puede decir m\u00e1s bien y m\u00e1s  claro. La se\u00f1orial estrategia qued\u00f3 perfectamente de manifiesto: digo lo  que me viene en gana y, adem\u00e1s, nadie me puede decir nada porque en  realidad no lo hago.<\/span><\/p>\n<p style=\"text-align: left;\"><span style=\"font-family: trebuchet ms,geneva; font-size: 10pt;\">Alegr\u00e9monos porque, por contra, hay alg\u00fan t\u00f3pico sobre la lengua que  decae. Tambi\u00e9n durante el mes de octubre, el presidente del Consejo  general de la ciudadan\u00eda espa\u00f1ol en el exterior (sea lo que sea esto),  un \u00f3rgano consultivo y asesor que pertenece al Ministerio de empleo (no  s\u00e9 si pagan o no para pertenecer a \u00e9l), <a href=\"http:\/\/sociedad.elpais.com\/sociedad\/2012\/10\/05\/actualidad\/1349454276_520810.html\" target=\"_hplink\" rel=\"noopener\">el mis\u00f3gino Jos\u00e9 Manuel Castelao Braga\u00f1a abog\u00f3 por violar a las mujeres con una frase que no repetir\u00e9<\/a>.  Que un individuo que tiene esta inquietante y violenta catadura diga,  adem\u00e1s, a) que nunca ha tenido problemas con sus trabajadoras (se les  tendr\u00eda que preguntar a ellas qu\u00e9 tal les ha ido con \u00e9l); b) que siempre  ha protegido (sic) a &#8220;la mujer&#8221;; y c) que, en realidad, es un devoto de  ellas, hiela la sangre y pone la piel de gallina.<\/span><\/p>\n<p style=\"text-align: left;\"><span style=\"font-family: trebuchet ms,geneva; font-size: 10pt;\">Hay que decir que la reacci\u00f3n ha sido, ya era hora, un\u00e1nime y la  dimisi\u00f3n inmediata (aunque quiz\u00e1s habr\u00eda sido m\u00e1s justo un cese); no  hace mucho tiempo, tanto \u00e9l, como, pongamos por caso, el violador y ex  presidente israel\u00ed Mosh\u00e9 Katsav o Dominique Strauss-Kahn, habr\u00edan salido  absolutamente indemnes de las agresiones perpetradas. Tampoco nadie,  por lo que yo s\u00e9, ha atribuido a la lengua, \u00a1aleluya!, la frase  pronunciada, incluso miembros del Consejo se han manifestado en el  sentido de que una cosa as\u00ed no se puede decir, o mejor todav\u00eda no se  puede ni pensar. Que no es la lengua, que es \u00e9l, vaya.<\/span><\/p>\n","protected":false},"excerpt":{"rendered":"<p>art\u00edculo publicado en el huffingtonpost.es \u00a0 Eulalia Lledo fotografiada por Maria Roig A principios del presente mes de octubre, a ra\u00edz de la decisi\u00f3n del juez Santiago Pedraz de archivar las diligencias abiertas contra ocho de las personas que organizaron [&hellip;]<\/p>\n","protected":false},"author":72,"featured_media":28021,"comment_status":"open","ping_status":"","sticky":false,"template":"","format":"standard","meta":{"footnotes":""},"categories":[26667],"tags":[],"class_list":["post-57672","post","type-post","status-publish","format-standard","has-post-thumbnail","hentry","category-opinion-violencias"],"yoast_head":"<!-- This site is optimized with the Yoast SEO plugin v27.4 - https:\/\/yoast.com\/product\/yoast-seo-wordpress\/ -->\n<title>De boca cerrada no salen moscas | La Independent<\/title>\n<meta name=\"description\" content=\"art\u00edculo publicado en el huffingtonpost.es \u00a0 Eulalia Lledo fotografiada por Maria Roig A principios del presente mes de octubre, a ra\u00edz de la decisi\u00f3n del\" \/>\n<meta name=\"robots\" content=\"index, follow, max-snippet:-1, max-image-preview:large, max-video-preview:-1\" \/>\n<link rel=\"canonical\" href=\"https:\/\/laindependent.cat\/es\/de-boca-cerrada-no-salen-moscas\/\" \/>\n<meta property=\"og:locale\" content=\"es_ES\" \/>\n<meta property=\"og:type\" content=\"article\" \/>\n<meta property=\"og:title\" content=\"De boca cerrada no salen moscas | La Independent\" \/>\n<meta property=\"og:description\" content=\"art\u00edculo publicado en el huffingtonpost.es \u00a0 Eulalia Lledo fotografiada por Maria Roig A principios del presente mes de octubre, a ra\u00edz de la decisi\u00f3n del\" \/>\n<meta property=\"og:url\" content=\"https:\/\/laindependent.cat\/es\/de-boca-cerrada-no-salen-moscas\/\" \/>\n<meta property=\"og:site_name\" content=\"La Independent\" \/>\n<meta property=\"article:author\" content=\"https:\/\/www.facebook.com\/tona.gusi\" \/>\n<meta property=\"article:published_time\" content=\"2012-10-24T19:32:16+00:00\" \/>\n<meta property=\"og:image\" content=\"https:\/\/laindependent.cat\/wp-content\/uploads\/2012\/10\/eulalia29abril2009.jpg\" \/>\n<meta name=\"author\" content=\"Tona Gusi\" \/>\n<meta name=\"twitter:card\" content=\"summary_large_image\" \/>\n<meta name=\"twitter:creator\" content=\"@https:\/\/twitter.com\/tonagusi\" \/>\n<meta name=\"twitter:label1\" content=\"Escrito por\" \/>\n\t<meta name=\"twitter:data1\" content=\"Tona Gusi\" \/>\n\t<meta name=\"twitter:label2\" content=\"Tiempo de lectura\" \/>\n\t<meta name=\"twitter:data2\" content=\"5 minutos\" \/>\n<script type=\"application\/ld+json\" class=\"yoast-schema-graph\">{\"@context\":\"https:\\\/\\\/schema.org\",\"@graph\":[{\"@type\":\"Article\",\"@id\":\"https:\\\/\\\/laindependent.cat\\\/es\\\/de-boca-cerrada-no-salen-moscas\\\/#article\",\"isPartOf\":{\"@id\":\"https:\\\/\\\/laindependent.cat\\\/es\\\/de-boca-cerrada-no-salen-moscas\\\/\"},\"author\":{\"name\":\"Tona Gusi\",\"@id\":\"https:\\\/\\\/laindependent.cat\\\/es\\\/#\\\/schema\\\/person\\\/48977a569b250ff82a4929194239bcc9\"},\"headline\":\"De boca cerrada no salen moscas\",\"datePublished\":\"2012-10-24T19:32:16+00:00\",\"mainEntityOfPage\":{\"@id\":\"https:\\\/\\\/laindependent.cat\\\/es\\\/de-boca-cerrada-no-salen-moscas\\\/\"},\"wordCount\":918,\"commentCount\":0,\"publisher\":{\"@id\":\"https:\\\/\\\/laindependent.cat\\\/es\\\/#organization\"},\"image\":{\"@id\":\"https:\\\/\\\/laindependent.cat\\\/es\\\/de-boca-cerrada-no-salen-moscas\\\/#primaryimage\"},\"thumbnailUrl\":\"https:\\\/\\\/laindependent.cat\\\/wp-content\\\/uploads\\\/2012\\\/10\\\/eulalia29abril2009.jpg\",\"articleSection\":[\"Opini\u00f3n: Violencias\"],\"inLanguage\":\"es\",\"potentialAction\":[{\"@type\":\"CommentAction\",\"name\":\"Comment\",\"target\":[\"https:\\\/\\\/laindependent.cat\\\/es\\\/de-boca-cerrada-no-salen-moscas\\\/#respond\"]}]},{\"@type\":\"WebPage\",\"@id\":\"https:\\\/\\\/laindependent.cat\\\/es\\\/de-boca-cerrada-no-salen-moscas\\\/\",\"url\":\"https:\\\/\\\/laindependent.cat\\\/es\\\/de-boca-cerrada-no-salen-moscas\\\/\",\"name\":\"De boca cerrada no salen moscas | La Independent\",\"isPartOf\":{\"@id\":\"https:\\\/\\\/laindependent.cat\\\/es\\\/#website\"},\"primaryImageOfPage\":{\"@id\":\"https:\\\/\\\/laindependent.cat\\\/es\\\/de-boca-cerrada-no-salen-moscas\\\/#primaryimage\"},\"image\":{\"@id\":\"https:\\\/\\\/laindependent.cat\\\/es\\\/de-boca-cerrada-no-salen-moscas\\\/#primaryimage\"},\"thumbnailUrl\":\"https:\\\/\\\/laindependent.cat\\\/wp-content\\\/uploads\\\/2012\\\/10\\\/eulalia29abril2009.jpg\",\"datePublished\":\"2012-10-24T19:32:16+00:00\",\"description\":\"art\u00edculo publicado en el huffingtonpost.es \u00a0 Eulalia Lledo fotografiada por Maria Roig A principios del presente mes de octubre, a ra\u00edz de la decisi\u00f3n del\",\"breadcrumb\":{\"@id\":\"https:\\\/\\\/laindependent.cat\\\/es\\\/de-boca-cerrada-no-salen-moscas\\\/#breadcrumb\"},\"inLanguage\":\"es\",\"potentialAction\":[{\"@type\":\"ReadAction\",\"target\":[\"https:\\\/\\\/laindependent.cat\\\/es\\\/de-boca-cerrada-no-salen-moscas\\\/\"]}]},{\"@type\":\"ImageObject\",\"inLanguage\":\"es\",\"@id\":\"https:\\\/\\\/laindependent.cat\\\/es\\\/de-boca-cerrada-no-salen-moscas\\\/#primaryimage\",\"url\":\"https:\\\/\\\/laindependent.cat\\\/wp-content\\\/uploads\\\/2012\\\/10\\\/eulalia29abril2009.jpg\",\"contentUrl\":\"https:\\\/\\\/laindependent.cat\\\/wp-content\\\/uploads\\\/2012\\\/10\\\/eulalia29abril2009.jpg\",\"width\":400,\"height\":300},{\"@type\":\"BreadcrumbList\",\"@id\":\"https:\\\/\\\/laindependent.cat\\\/es\\\/de-boca-cerrada-no-salen-moscas\\\/#breadcrumb\",\"itemListElement\":[{\"@type\":\"ListItem\",\"position\":1,\"name\":\"Inici\",\"item\":\"https:\\\/\\\/laindependent.cat\\\/es\\\/la-independent\\\/\"},{\"@type\":\"ListItem\",\"position\":2,\"name\":\"Opini\u00f3n\",\"item\":\"https:\\\/\\\/laindependent.cat\\\/es\\\/tema\\\/opinion\\\/\"},{\"@type\":\"ListItem\",\"position\":3,\"name\":\"Opini\u00f3n: Violencias\",\"item\":\"https:\\\/\\\/laindependent.cat\\\/es\\\/tema\\\/opinion\\\/opinion-violencias\\\/\"},{\"@type\":\"ListItem\",\"position\":4,\"name\":\"De boca cerrada no salen moscas\"}]},{\"@type\":\"WebSite\",\"@id\":\"https:\\\/\\\/laindependent.cat\\\/es\\\/#website\",\"url\":\"https:\\\/\\\/laindependent.cat\\\/es\\\/\",\"name\":\"La Independent\",\"description\":\"Ag\u00e8ncia de not\u00edcies amb visi\u00f3 de g\u00e8nere\",\"publisher\":{\"@id\":\"https:\\\/\\\/laindependent.cat\\\/es\\\/#organization\"},\"alternateName\":\"Ag\u00e8ncia de not\u00edcies amb visi\u00f3 de g\u00e8nere\",\"potentialAction\":[{\"@type\":\"SearchAction\",\"target\":{\"@type\":\"EntryPoint\",\"urlTemplate\":\"https:\\\/\\\/laindependent.cat\\\/es\\\/?s={search_term_string}\"},\"query-input\":{\"@type\":\"PropertyValueSpecification\",\"valueRequired\":true,\"valueName\":\"search_term_string\"}}],\"inLanguage\":\"es\"},{\"@type\":\"Organization\",\"@id\":\"https:\\\/\\\/laindependent.cat\\\/es\\\/#organization\",\"name\":\"La Independent\",\"alternateName\":\"Ag\u00e8ncia de not\u00edcies amb visi\u00f3 de g\u00e8nere\",\"url\":\"https:\\\/\\\/laindependent.cat\\\/es\\\/\",\"logo\":{\"@type\":\"ImageObject\",\"inLanguage\":\"es\",\"@id\":\"https:\\\/\\\/laindependent.cat\\\/es\\\/#\\\/schema\\\/logo\\\/image\\\/\",\"url\":\"https:\\\/\\\/laindependent.cat\\\/wp-content\\\/uploads\\\/2022\\\/10\\\/logo-independent.svg\",\"contentUrl\":\"https:\\\/\\\/laindependent.cat\\\/wp-content\\\/uploads\\\/2022\\\/10\\\/logo-independent.svg\",\"width\":562,\"height\":78,\"caption\":\"La Independent\"},\"image\":{\"@id\":\"https:\\\/\\\/laindependent.cat\\\/es\\\/#\\\/schema\\\/logo\\\/image\\\/\"}},{\"@type\":\"Person\",\"@id\":\"https:\\\/\\\/laindependent.cat\\\/es\\\/#\\\/schema\\\/person\\\/48977a569b250ff82a4929194239bcc9\",\"name\":\"Tona Gusi\",\"image\":{\"@type\":\"ImageObject\",\"inLanguage\":\"es\",\"@id\":\"https:\\\/\\\/secure.gravatar.com\\\/avatar\\\/d09891f52233d2ed7c2e066fc06640e576202983bf7f713e372185f035ac5f67?s=96&d=blank&r=g\",\"url\":\"https:\\\/\\\/secure.gravatar.com\\\/avatar\\\/d09891f52233d2ed7c2e066fc06640e576202983bf7f713e372185f035ac5f67?s=96&d=blank&r=g\",\"contentUrl\":\"https:\\\/\\\/secure.gravatar.com\\\/avatar\\\/d09891f52233d2ed7c2e066fc06640e576202983bf7f713e372185f035ac5f67?s=96&d=blank&r=g\",\"caption\":\"Tona Gusi\"},\"description\":\"Fundadora i Co-coordinadora de La Independent. Tamb\u00e9 \u00e9s psic\u00f2loga menci\u00f3 en Psicologia d'Intervenci\u00f3 Cl\u00ednica i menci\u00f3 en Psicologia del Treball i les Organitzacions.\",\"sameAs\":[\"https:\\\/\\\/www.facebook.com\\\/tona.gusi\",\"https:\\\/\\\/x.com\\\/https:\\\/\\\/twitter.com\\\/tonagusi\"],\"url\":\"https:\\\/\\\/laindependent.cat\\\/es\\\/author\\\/tona-gusi\\\/\"}]}<\/script>\n<!-- \/ Yoast SEO plugin. -->","yoast_head_json":{"title":"De boca cerrada no salen moscas | La Independent","description":"art\u00edculo publicado en el huffingtonpost.es \u00a0 Eulalia Lledo fotografiada por Maria Roig A principios del presente mes de octubre, a ra\u00edz de la decisi\u00f3n del","robots":{"index":"index","follow":"follow","max-snippet":"max-snippet:-1","max-image-preview":"max-image-preview:large","max-video-preview":"max-video-preview:-1"},"canonical":"https:\/\/laindependent.cat\/es\/de-boca-cerrada-no-salen-moscas\/","og_locale":"es_ES","og_type":"article","og_title":"De boca cerrada no salen moscas | La Independent","og_description":"art\u00edculo publicado en el huffingtonpost.es \u00a0 Eulalia Lledo fotografiada por Maria Roig A principios del presente mes de octubre, a ra\u00edz de la decisi\u00f3n del","og_url":"https:\/\/laindependent.cat\/es\/de-boca-cerrada-no-salen-moscas\/","og_site_name":"La Independent","article_author":"https:\/\/www.facebook.com\/tona.gusi","article_published_time":"2012-10-24T19:32:16+00:00","og_image":[{"url":"https:\/\/laindependent.cat\/wp-content\/uploads\/2012\/10\/eulalia29abril2009.jpg","type":"","width":"","height":""}],"author":"Tona Gusi","twitter_card":"summary_large_image","twitter_creator":"@https:\/\/twitter.com\/tonagusi","twitter_misc":{"Escrito por":"Tona Gusi","Tiempo de lectura":"5 minutos"},"schema":{"@context":"https:\/\/schema.org","@graph":[{"@type":"Article","@id":"https:\/\/laindependent.cat\/es\/de-boca-cerrada-no-salen-moscas\/#article","isPartOf":{"@id":"https:\/\/laindependent.cat\/es\/de-boca-cerrada-no-salen-moscas\/"},"author":{"name":"Tona Gusi","@id":"https:\/\/laindependent.cat\/es\/#\/schema\/person\/48977a569b250ff82a4929194239bcc9"},"headline":"De boca cerrada no salen moscas","datePublished":"2012-10-24T19:32:16+00:00","mainEntityOfPage":{"@id":"https:\/\/laindependent.cat\/es\/de-boca-cerrada-no-salen-moscas\/"},"wordCount":918,"commentCount":0,"publisher":{"@id":"https:\/\/laindependent.cat\/es\/#organization"},"image":{"@id":"https:\/\/laindependent.cat\/es\/de-boca-cerrada-no-salen-moscas\/#primaryimage"},"thumbnailUrl":"https:\/\/laindependent.cat\/wp-content\/uploads\/2012\/10\/eulalia29abril2009.jpg","articleSection":["Opini\u00f3n: Violencias"],"inLanguage":"es","potentialAction":[{"@type":"CommentAction","name":"Comment","target":["https:\/\/laindependent.cat\/es\/de-boca-cerrada-no-salen-moscas\/#respond"]}]},{"@type":"WebPage","@id":"https:\/\/laindependent.cat\/es\/de-boca-cerrada-no-salen-moscas\/","url":"https:\/\/laindependent.cat\/es\/de-boca-cerrada-no-salen-moscas\/","name":"De boca cerrada no salen moscas | La Independent","isPartOf":{"@id":"https:\/\/laindependent.cat\/es\/#website"},"primaryImageOfPage":{"@id":"https:\/\/laindependent.cat\/es\/de-boca-cerrada-no-salen-moscas\/#primaryimage"},"image":{"@id":"https:\/\/laindependent.cat\/es\/de-boca-cerrada-no-salen-moscas\/#primaryimage"},"thumbnailUrl":"https:\/\/laindependent.cat\/wp-content\/uploads\/2012\/10\/eulalia29abril2009.jpg","datePublished":"2012-10-24T19:32:16+00:00","description":"art\u00edculo publicado en el huffingtonpost.es \u00a0 Eulalia Lledo fotografiada por Maria Roig A principios del presente mes de octubre, a ra\u00edz de la decisi\u00f3n del","breadcrumb":{"@id":"https:\/\/laindependent.cat\/es\/de-boca-cerrada-no-salen-moscas\/#breadcrumb"},"inLanguage":"es","potentialAction":[{"@type":"ReadAction","target":["https:\/\/laindependent.cat\/es\/de-boca-cerrada-no-salen-moscas\/"]}]},{"@type":"ImageObject","inLanguage":"es","@id":"https:\/\/laindependent.cat\/es\/de-boca-cerrada-no-salen-moscas\/#primaryimage","url":"https:\/\/laindependent.cat\/wp-content\/uploads\/2012\/10\/eulalia29abril2009.jpg","contentUrl":"https:\/\/laindependent.cat\/wp-content\/uploads\/2012\/10\/eulalia29abril2009.jpg","width":400,"height":300},{"@type":"BreadcrumbList","@id":"https:\/\/laindependent.cat\/es\/de-boca-cerrada-no-salen-moscas\/#breadcrumb","itemListElement":[{"@type":"ListItem","position":1,"name":"Inici","item":"https:\/\/laindependent.cat\/es\/la-independent\/"},{"@type":"ListItem","position":2,"name":"Opini\u00f3n","item":"https:\/\/laindependent.cat\/es\/tema\/opinion\/"},{"@type":"ListItem","position":3,"name":"Opini\u00f3n: Violencias","item":"https:\/\/laindependent.cat\/es\/tema\/opinion\/opinion-violencias\/"},{"@type":"ListItem","position":4,"name":"De boca cerrada no salen moscas"}]},{"@type":"WebSite","@id":"https:\/\/laindependent.cat\/es\/#website","url":"https:\/\/laindependent.cat\/es\/","name":"La Independent","description":"Ag\u00e8ncia de not\u00edcies amb visi\u00f3 de g\u00e8nere","publisher":{"@id":"https:\/\/laindependent.cat\/es\/#organization"},"alternateName":"Ag\u00e8ncia de not\u00edcies amb visi\u00f3 de g\u00e8nere","potentialAction":[{"@type":"SearchAction","target":{"@type":"EntryPoint","urlTemplate":"https:\/\/laindependent.cat\/es\/?s={search_term_string}"},"query-input":{"@type":"PropertyValueSpecification","valueRequired":true,"valueName":"search_term_string"}}],"inLanguage":"es"},{"@type":"Organization","@id":"https:\/\/laindependent.cat\/es\/#organization","name":"La Independent","alternateName":"Ag\u00e8ncia de not\u00edcies amb visi\u00f3 de g\u00e8nere","url":"https:\/\/laindependent.cat\/es\/","logo":{"@type":"ImageObject","inLanguage":"es","@id":"https:\/\/laindependent.cat\/es\/#\/schema\/logo\/image\/","url":"https:\/\/laindependent.cat\/wp-content\/uploads\/2022\/10\/logo-independent.svg","contentUrl":"https:\/\/laindependent.cat\/wp-content\/uploads\/2022\/10\/logo-independent.svg","width":562,"height":78,"caption":"La Independent"},"image":{"@id":"https:\/\/laindependent.cat\/es\/#\/schema\/logo\/image\/"}},{"@type":"Person","@id":"https:\/\/laindependent.cat\/es\/#\/schema\/person\/48977a569b250ff82a4929194239bcc9","name":"Tona Gusi","image":{"@type":"ImageObject","inLanguage":"es","@id":"https:\/\/secure.gravatar.com\/avatar\/d09891f52233d2ed7c2e066fc06640e576202983bf7f713e372185f035ac5f67?s=96&d=blank&r=g","url":"https:\/\/secure.gravatar.com\/avatar\/d09891f52233d2ed7c2e066fc06640e576202983bf7f713e372185f035ac5f67?s=96&d=blank&r=g","contentUrl":"https:\/\/secure.gravatar.com\/avatar\/d09891f52233d2ed7c2e066fc06640e576202983bf7f713e372185f035ac5f67?s=96&d=blank&r=g","caption":"Tona Gusi"},"description":"Fundadora i Co-coordinadora de La Independent. Tamb\u00e9 \u00e9s psic\u00f2loga menci\u00f3 en Psicologia d'Intervenci\u00f3 Cl\u00ednica i menci\u00f3 en Psicologia del Treball i les Organitzacions.","sameAs":["https:\/\/www.facebook.com\/tona.gusi","https:\/\/x.com\/https:\/\/twitter.com\/tonagusi"],"url":"https:\/\/laindependent.cat\/es\/author\/tona-gusi\/"}]}},"_links":{"self":[{"href":"https:\/\/laindependent.cat\/es\/wp-json\/wp\/v2\/posts\/57672","targetHints":{"allow":["GET"]}}],"collection":[{"href":"https:\/\/laindependent.cat\/es\/wp-json\/wp\/v2\/posts"}],"about":[{"href":"https:\/\/laindependent.cat\/es\/wp-json\/wp\/v2\/types\/post"}],"author":[{"embeddable":true,"href":"https:\/\/laindependent.cat\/es\/wp-json\/wp\/v2\/users\/72"}],"replies":[{"embeddable":true,"href":"https:\/\/laindependent.cat\/es\/wp-json\/wp\/v2\/comments?post=57672"}],"version-history":[{"count":0,"href":"https:\/\/laindependent.cat\/es\/wp-json\/wp\/v2\/posts\/57672\/revisions"}],"wp:featuredmedia":[{"embeddable":true,"href":"https:\/\/laindependent.cat\/es\/wp-json\/wp\/v2\/media\/28021"}],"wp:attachment":[{"href":"https:\/\/laindependent.cat\/es\/wp-json\/wp\/v2\/media?parent=57672"}],"wp:term":[{"taxonomy":"category","embeddable":true,"href":"https:\/\/laindependent.cat\/es\/wp-json\/wp\/v2\/categories?post=57672"},{"taxonomy":"post_tag","embeddable":true,"href":"https:\/\/laindependent.cat\/es\/wp-json\/wp\/v2\/tags?post=57672"}],"curies":[{"name":"wp","href":"https:\/\/api.w.org\/{rel}","templated":true}]}}