{"id":56948,"date":"2012-04-24T09:39:37","date_gmt":"2012-04-24T07:39:37","guid":{"rendered":"https:\/\/laindependent.cat\/uruguay-inuevo-freno-a-despenalizacion-del-aborto\/"},"modified":"2012-04-24T09:39:37","modified_gmt":"2012-04-24T07:39:37","slug":"uruguay-inuevo-freno-a-despenalizacion-del-aborto","status":"publish","type":"post","link":"https:\/\/laindependent.cat\/es\/uruguay-inuevo-freno-a-despenalizacion-del-aborto\/","title":{"rendered":"Uruguay: \u00bfNuevo freno a despenalizaci\u00f3n del aborto?"},"content":{"rendered":"<p style=\"text-align: left;\"><span style=\"font-family: trebuchet ms,geneva; font-size: 10pt;\">Pese a su aprobaci\u00f3n en la c\u00e1mara alta del Parlamento en diciembre de 2011, el proyecto de interrupci\u00f3n voluntaria del embarazo parece recibir un nuevo freno en el oficialismo. Desde la sociedad civil, en donde se difunde la consigna &#8220;ped\u00edle a tus representantes que te representen&#8221;, el malestar comienza a hacerse sentir.<\/span><\/p>\n<p style=\"text-align: left;\" \/><span style=\"font-family: trebuchet ms,geneva; font-size: 10pt;\" \/>En definitiva, lo que est\u00e1 al centro del debate central es si la interrupci\u00f3n voluntaria del embarazo es un derecho, o una acci\u00f3n que no debe ser penalizada (y tampoco garantizada).<\/p>\n<p><!--more--><\/p>\n<p><\/span><\/p>\n<p style=\"text-align: left;\"><span style=\"font-family: trebuchet ms,geneva; font-size: 10pt;\">Seg\u00fan inform\u00f3 la prensa local, dos diputados de la fuerza oficialista -impulsora del proyecto- confirmaron su oposici\u00f3n a la aprobaci\u00f3n de una ley que garantice el derecho a decidir la interrupci\u00f3n voluntaria del embarazo. Tambi\u00e9n manifestaron su negativa a dejar que alguien m\u00e1s entre a la votaci\u00f3n a suplir su voto.<\/span><\/p>\n<p style=\"text-align: left;\"><span style=\"font-family: trebuchet ms,geneva; font-size: 10pt;\">En este contexto, el senador de la fuerza de gobierno <strong>Luis Gallo<\/strong>, integrante a su vez de la comisi\u00f3n de salud p\u00fablica que dio su primera aprobaci\u00f3n al actual proyecto, apunt\u00f3 directamente al senador <strong>V\u00edctor Semproni <\/strong>que, a su entender, est\u00e1 cometiendo una nueva &#8220;falta&#8221;, desacatando la decisi\u00f3n partidaria.<\/span><\/p>\n<p style=\"text-align: left;\"><span style=\"font-family: trebuchet ms,geneva; font-size: 10pt;\">Aunque un proyecto de estas caracter\u00edsticas es parte de los compromisos realizados por el actual gobierno en el programa 2010-2015 presentado a la ciudadan\u00eda, el partido a\u00fan no ha decidido obligar a quienes lo integran a votar a favor de una ley que garantice el derecho a decidir la interrupci\u00f3n del embarazo.<\/span><\/p>\n<p style=\"text-align: left;\"><span style=\"font-family: trebuchet ms,geneva; font-size: 10pt;\"><strong>Semproni <\/strong>ya hab\u00eda desatendido la decisi\u00f3n de la fuerza pol\u00edtica votando en contra de un proyecto interpretativo de la ley de caducidad que, luego de la dictadura vivida en Uruguay (1973-1984), hab\u00eda dejado &#8220;caduca&#8221; la &#8220;pretensi\u00f3n punitiva del Estado&#8221;. Finalmente se aprob\u00f3 en 2011 una ley que la restablece, declarando imprescriptibles los cr\u00edmenes contra la humanidad cometidos durante ese per\u00edodo.<\/span><\/p>\n<p style=\"text-align: left;\"><span style=\"font-family: trebuchet ms,geneva; font-size: 10pt;\">Ahora, la posibilidad de derivar el tema al tribunal de \u00e9tica de la fuerza pol\u00edtica, manejada por el senador Gallo, estar\u00eda atada al establecimiento de la obligatoriedad para con sus integrantes de votar a favor del proyecto, cosa que a\u00fan el Frente Amplio no ha hecho.<\/span><\/p>\n<p style=\"text-align: left;\"><strong><span style=\"font-family: trebuchet ms,geneva; font-size: 10pt;\">Dimes y diretes<\/span><\/strong><\/p>\n<p style=\"text-align: left;\"><span style=\"font-family: trebuchet ms,geneva; font-size: 10pt;\">Integrantes de la central sindical (PIT CNT) y de la Coordinadora por el Aborto Legal se\u00f1alaron que continuar\u00e1n con acciones de sensibilizaci\u00f3n (durante marzo realizaron intervenciones con el color naranja en las principales avenidas de Montevideo) y se entrevistar\u00e1n con los diputados que se manifestaron en contra, buscando que al menos no ingresen a la sala durante la votaci\u00f3n.<\/span><\/p>\n<p style=\"text-align: left;\"><span style=\"font-family: trebuchet ms,geneva; font-size: 10pt;\">En Uruguay, la estrategia aplicada por Iniciativas Sanitarias contra el Aborto Provocado en Condiciones de Riesgo -incorporada con rango de ley en el texto de salud sexual y reproductiva aprobado en 2008- hab\u00eda posibilitado que en cinco a\u00f1os no se registren muertes maternas por esta raz\u00f3n.<\/span><\/p>\n<p style=\"text-align: left;\"><span style=\"font-family: trebuchet ms,geneva; font-size: 10pt;\">Sin embargo, al inicio del 2012 dos muertes por el uso inadecuado de Misoprostol dieron cuenta de que a\u00fan hay derechos no resguardados. Seg\u00fan expres\u00f3 la organizaci\u00f3n Mujer y Salud en Uruguay (MYSU), en un comunicado del 8 de marzo, &#8220;la muerte de una mujer joven por haberse practicado un aborto con Misoprostol en la clandestinidad es una nueva y triste evidencia de la problem\u00e1tica que el pa\u00eds a\u00fan no ha resuelto&#8221;.<\/span><\/p>\n<p style=\"text-align: left;\"><span style=\"font-family: trebuchet ms,geneva; font-size: 10pt;\">De los 50 votos que se requieren para la aprobaci\u00f3n del proyecto, hoy el partido de gobierno cuenta con 48. En uno de los casos (<strong>Andr\u00e9s Lima<\/strong>) la negaci\u00f3n parece no ser negociable, mientras en el caso del diputado <strong>Semproni,<\/strong> el desacuerdo parecer\u00eda ser laudable.<\/span><\/p>\n<p style=\"text-align: left;\"><span style=\"font-family: trebuchet ms,geneva; font-size: 10pt;\">Seg\u00fan las declaraciones de <strong>Gallo<\/strong> a la prensa local, este \u00faltimo legislador est\u00e1 de acuerdo con despenalizar, y presenta reticencias con la explicitaci\u00f3n que realiza el texto acerca del derecho a decidir.<\/span><\/p>\n","protected":false},"excerpt":{"rendered":"<p>Pese a su aprobaci\u00f3n en la c\u00e1mara alta del Parlamento en diciembre de 2011, el proyecto de interrupci\u00f3n voluntaria del embarazo parece recibir un nuevo freno en el oficialismo. Desde la sociedad civil, en donde se difunde la consigna &#8220;ped\u00edle [&hellip;]<\/p>\n","protected":false},"author":72,"featured_media":0,"comment_status":"open","ping_status":"","sticky":false,"template":"","format":"standard","meta":{"footnotes":""},"categories":[26460],"tags":[29857,29851,29853,29856,29852,29855,29854],"class_list":["post-56948","post","type-post","status-publish","format-standard","hentry","category-salud-sexual-y-reproductiva","tag-andres-lima","tag-diputats","tag-luis-gallo","tag-misoprostol","tag-mysu","tag-pit-cnt","tag-victor-semproni"],"yoast_head":"<!-- This site is optimized with the Yoast SEO plugin v27.4 - https:\/\/yoast.com\/product\/yoast-seo-wordpress\/ -->\n<title>Uruguay: \u00bfNuevo freno a despenalizaci\u00f3n del aborto? | La Independent<\/title>\n<meta name=\"description\" content=\"Pese a su aprobaci\u00f3n en la c\u00e1mara alta del Parlamento en diciembre de 2011, el proyecto de interrupci\u00f3n voluntaria del embarazo parece recibir un nuevo\" \/>\n<meta name=\"robots\" content=\"index, follow, max-snippet:-1, max-image-preview:large, max-video-preview:-1\" \/>\n<link rel=\"canonical\" href=\"https:\/\/laindependent.cat\/es\/uruguay-inuevo-freno-a-despenalizacion-del-aborto\/\" \/>\n<meta property=\"og:locale\" content=\"es_ES\" \/>\n<meta property=\"og:type\" content=\"article\" \/>\n<meta property=\"og:title\" content=\"Uruguay: \u00bfNuevo freno a despenalizaci\u00f3n del aborto? | La Independent\" \/>\n<meta property=\"og:description\" content=\"Pese a su aprobaci\u00f3n en la c\u00e1mara alta del Parlamento en diciembre de 2011, el proyecto de interrupci\u00f3n voluntaria del embarazo parece recibir un nuevo\" \/>\n<meta property=\"og:url\" content=\"https:\/\/laindependent.cat\/es\/uruguay-inuevo-freno-a-despenalizacion-del-aborto\/\" \/>\n<meta property=\"og:site_name\" content=\"La Independent\" \/>\n<meta property=\"article:author\" content=\"https:\/\/www.facebook.com\/tona.gusi\" \/>\n<meta property=\"article:published_time\" content=\"2012-04-24T07:39:37+00:00\" \/>\n<meta name=\"author\" content=\"Tona Gusi\" \/>\n<meta name=\"twitter:card\" content=\"summary_large_image\" \/>\n<meta name=\"twitter:creator\" content=\"@https:\/\/twitter.com\/tonagusi\" \/>\n<meta name=\"twitter:label1\" content=\"Escrito por\" \/>\n\t<meta name=\"twitter:data1\" content=\"Tona Gusi\" \/>\n\t<meta name=\"twitter:label2\" content=\"Tiempo de lectura\" \/>\n\t<meta name=\"twitter:data2\" content=\"3 minutos\" \/>\n<script type=\"application\/ld+json\" class=\"yoast-schema-graph\">{\"@context\":\"https:\\\/\\\/schema.org\",\"@graph\":[{\"@type\":\"Article\",\"@id\":\"https:\\\/\\\/laindependent.cat\\\/es\\\/uruguay-inuevo-freno-a-despenalizacion-del-aborto\\\/#article\",\"isPartOf\":{\"@id\":\"https:\\\/\\\/laindependent.cat\\\/es\\\/uruguay-inuevo-freno-a-despenalizacion-del-aborto\\\/\"},\"author\":{\"name\":\"Tona Gusi\",\"@id\":\"https:\\\/\\\/laindependent.cat\\\/es\\\/#\\\/schema\\\/person\\\/48977a569b250ff82a4929194239bcc9\"},\"headline\":\"Uruguay: \u00bfNuevo freno a despenalizaci\u00f3n del aborto?\",\"datePublished\":\"2012-04-24T07:39:37+00:00\",\"mainEntityOfPage\":{\"@id\":\"https:\\\/\\\/laindependent.cat\\\/es\\\/uruguay-inuevo-freno-a-despenalizacion-del-aborto\\\/\"},\"wordCount\":652,\"commentCount\":0,\"publisher\":{\"@id\":\"https:\\\/\\\/laindependent.cat\\\/es\\\/#organization\"},\"keywords\":[\"Andr\u00e9s Lima\",\"diputats\",\"Luis Gallo\",\"Misoprostol\",\"MYSU\",\"PIT CNT\",\"V\u00edctor Semproni\"],\"articleSection\":[\"Salud sexual y reproductiva\"],\"inLanguage\":\"es\",\"potentialAction\":[{\"@type\":\"CommentAction\",\"name\":\"Comment\",\"target\":[\"https:\\\/\\\/laindependent.cat\\\/es\\\/uruguay-inuevo-freno-a-despenalizacion-del-aborto\\\/#respond\"]}]},{\"@type\":\"WebPage\",\"@id\":\"https:\\\/\\\/laindependent.cat\\\/es\\\/uruguay-inuevo-freno-a-despenalizacion-del-aborto\\\/\",\"url\":\"https:\\\/\\\/laindependent.cat\\\/es\\\/uruguay-inuevo-freno-a-despenalizacion-del-aborto\\\/\",\"name\":\"Uruguay: \u00bfNuevo freno a despenalizaci\u00f3n del aborto? | La Independent\",\"isPartOf\":{\"@id\":\"https:\\\/\\\/laindependent.cat\\\/es\\\/#website\"},\"datePublished\":\"2012-04-24T07:39:37+00:00\",\"description\":\"Pese a su aprobaci\u00f3n en la c\u00e1mara alta del Parlamento en diciembre de 2011, el proyecto de interrupci\u00f3n voluntaria del embarazo parece recibir un nuevo\",\"breadcrumb\":{\"@id\":\"https:\\\/\\\/laindependent.cat\\\/es\\\/uruguay-inuevo-freno-a-despenalizacion-del-aborto\\\/#breadcrumb\"},\"inLanguage\":\"es\",\"potentialAction\":[{\"@type\":\"ReadAction\",\"target\":[\"https:\\\/\\\/laindependent.cat\\\/es\\\/uruguay-inuevo-freno-a-despenalizacion-del-aborto\\\/\"]}]},{\"@type\":\"BreadcrumbList\",\"@id\":\"https:\\\/\\\/laindependent.cat\\\/es\\\/uruguay-inuevo-freno-a-despenalizacion-del-aborto\\\/#breadcrumb\",\"itemListElement\":[{\"@type\":\"ListItem\",\"position\":1,\"name\":\"Inici\",\"item\":\"https:\\\/\\\/laindependent.cat\\\/es\\\/la-independent\\\/\"},{\"@type\":\"ListItem\",\"position\":2,\"name\":\"Salud\",\"item\":\"https:\\\/\\\/laindependent.cat\\\/es\\\/tema\\\/salud\\\/\"},{\"@type\":\"ListItem\",\"position\":3,\"name\":\"Salud sexual y reproductiva\",\"item\":\"https:\\\/\\\/laindependent.cat\\\/es\\\/tema\\\/salud\\\/salud-sexual-y-reproductiva\\\/\"},{\"@type\":\"ListItem\",\"position\":4,\"name\":\"Uruguay: \u00bfNuevo freno a despenalizaci\u00f3n del aborto?\"}]},{\"@type\":\"WebSite\",\"@id\":\"https:\\\/\\\/laindependent.cat\\\/es\\\/#website\",\"url\":\"https:\\\/\\\/laindependent.cat\\\/es\\\/\",\"name\":\"La Independent\",\"description\":\"Ag\u00e8ncia de not\u00edcies amb visi\u00f3 de g\u00e8nere\",\"publisher\":{\"@id\":\"https:\\\/\\\/laindependent.cat\\\/es\\\/#organization\"},\"alternateName\":\"Ag\u00e8ncia de not\u00edcies amb visi\u00f3 de g\u00e8nere\",\"potentialAction\":[{\"@type\":\"SearchAction\",\"target\":{\"@type\":\"EntryPoint\",\"urlTemplate\":\"https:\\\/\\\/laindependent.cat\\\/es\\\/?s={search_term_string}\"},\"query-input\":{\"@type\":\"PropertyValueSpecification\",\"valueRequired\":true,\"valueName\":\"search_term_string\"}}],\"inLanguage\":\"es\"},{\"@type\":\"Organization\",\"@id\":\"https:\\\/\\\/laindependent.cat\\\/es\\\/#organization\",\"name\":\"La Independent\",\"alternateName\":\"Ag\u00e8ncia de not\u00edcies amb visi\u00f3 de g\u00e8nere\",\"url\":\"https:\\\/\\\/laindependent.cat\\\/es\\\/\",\"logo\":{\"@type\":\"ImageObject\",\"inLanguage\":\"es\",\"@id\":\"https:\\\/\\\/laindependent.cat\\\/es\\\/#\\\/schema\\\/logo\\\/image\\\/\",\"url\":\"https:\\\/\\\/laindependent.cat\\\/wp-content\\\/uploads\\\/2022\\\/10\\\/logo-independent.svg\",\"contentUrl\":\"https:\\\/\\\/laindependent.cat\\\/wp-content\\\/uploads\\\/2022\\\/10\\\/logo-independent.svg\",\"width\":562,\"height\":78,\"caption\":\"La Independent\"},\"image\":{\"@id\":\"https:\\\/\\\/laindependent.cat\\\/es\\\/#\\\/schema\\\/logo\\\/image\\\/\"}},{\"@type\":\"Person\",\"@id\":\"https:\\\/\\\/laindependent.cat\\\/es\\\/#\\\/schema\\\/person\\\/48977a569b250ff82a4929194239bcc9\",\"name\":\"Tona Gusi\",\"image\":{\"@type\":\"ImageObject\",\"inLanguage\":\"es\",\"@id\":\"https:\\\/\\\/secure.gravatar.com\\\/avatar\\\/d09891f52233d2ed7c2e066fc06640e576202983bf7f713e372185f035ac5f67?s=96&d=blank&r=g\",\"url\":\"https:\\\/\\\/secure.gravatar.com\\\/avatar\\\/d09891f52233d2ed7c2e066fc06640e576202983bf7f713e372185f035ac5f67?s=96&d=blank&r=g\",\"contentUrl\":\"https:\\\/\\\/secure.gravatar.com\\\/avatar\\\/d09891f52233d2ed7c2e066fc06640e576202983bf7f713e372185f035ac5f67?s=96&d=blank&r=g\",\"caption\":\"Tona Gusi\"},\"description\":\"Fundadora i Co-coordinadora de La Independent. Tamb\u00e9 \u00e9s psic\u00f2loga menci\u00f3 en Psicologia d'Intervenci\u00f3 Cl\u00ednica i menci\u00f3 en Psicologia del Treball i les Organitzacions.\",\"sameAs\":[\"https:\\\/\\\/www.facebook.com\\\/tona.gusi\",\"https:\\\/\\\/x.com\\\/https:\\\/\\\/twitter.com\\\/tonagusi\"],\"url\":\"https:\\\/\\\/laindependent.cat\\\/es\\\/author\\\/tona-gusi\\\/\"}]}<\/script>\n<!-- \/ Yoast SEO plugin. -->","yoast_head_json":{"title":"Uruguay: \u00bfNuevo freno a despenalizaci\u00f3n del aborto? | La Independent","description":"Pese a su aprobaci\u00f3n en la c\u00e1mara alta del Parlamento en diciembre de 2011, el proyecto de interrupci\u00f3n voluntaria del embarazo parece recibir un nuevo","robots":{"index":"index","follow":"follow","max-snippet":"max-snippet:-1","max-image-preview":"max-image-preview:large","max-video-preview":"max-video-preview:-1"},"canonical":"https:\/\/laindependent.cat\/es\/uruguay-inuevo-freno-a-despenalizacion-del-aborto\/","og_locale":"es_ES","og_type":"article","og_title":"Uruguay: \u00bfNuevo freno a despenalizaci\u00f3n del aborto? | La Independent","og_description":"Pese a su aprobaci\u00f3n en la c\u00e1mara alta del Parlamento en diciembre de 2011, el proyecto de interrupci\u00f3n voluntaria del embarazo parece recibir un nuevo","og_url":"https:\/\/laindependent.cat\/es\/uruguay-inuevo-freno-a-despenalizacion-del-aborto\/","og_site_name":"La Independent","article_author":"https:\/\/www.facebook.com\/tona.gusi","article_published_time":"2012-04-24T07:39:37+00:00","author":"Tona Gusi","twitter_card":"summary_large_image","twitter_creator":"@https:\/\/twitter.com\/tonagusi","twitter_misc":{"Escrito por":"Tona Gusi","Tiempo de lectura":"3 minutos"},"schema":{"@context":"https:\/\/schema.org","@graph":[{"@type":"Article","@id":"https:\/\/laindependent.cat\/es\/uruguay-inuevo-freno-a-despenalizacion-del-aborto\/#article","isPartOf":{"@id":"https:\/\/laindependent.cat\/es\/uruguay-inuevo-freno-a-despenalizacion-del-aborto\/"},"author":{"name":"Tona Gusi","@id":"https:\/\/laindependent.cat\/es\/#\/schema\/person\/48977a569b250ff82a4929194239bcc9"},"headline":"Uruguay: \u00bfNuevo freno a despenalizaci\u00f3n del aborto?","datePublished":"2012-04-24T07:39:37+00:00","mainEntityOfPage":{"@id":"https:\/\/laindependent.cat\/es\/uruguay-inuevo-freno-a-despenalizacion-del-aborto\/"},"wordCount":652,"commentCount":0,"publisher":{"@id":"https:\/\/laindependent.cat\/es\/#organization"},"keywords":["Andr\u00e9s Lima","diputats","Luis Gallo","Misoprostol","MYSU","PIT CNT","V\u00edctor Semproni"],"articleSection":["Salud sexual y reproductiva"],"inLanguage":"es","potentialAction":[{"@type":"CommentAction","name":"Comment","target":["https:\/\/laindependent.cat\/es\/uruguay-inuevo-freno-a-despenalizacion-del-aborto\/#respond"]}]},{"@type":"WebPage","@id":"https:\/\/laindependent.cat\/es\/uruguay-inuevo-freno-a-despenalizacion-del-aborto\/","url":"https:\/\/laindependent.cat\/es\/uruguay-inuevo-freno-a-despenalizacion-del-aborto\/","name":"Uruguay: \u00bfNuevo freno a despenalizaci\u00f3n del aborto? | La Independent","isPartOf":{"@id":"https:\/\/laindependent.cat\/es\/#website"},"datePublished":"2012-04-24T07:39:37+00:00","description":"Pese a su aprobaci\u00f3n en la c\u00e1mara alta del Parlamento en diciembre de 2011, el proyecto de interrupci\u00f3n voluntaria del embarazo parece recibir un nuevo","breadcrumb":{"@id":"https:\/\/laindependent.cat\/es\/uruguay-inuevo-freno-a-despenalizacion-del-aborto\/#breadcrumb"},"inLanguage":"es","potentialAction":[{"@type":"ReadAction","target":["https:\/\/laindependent.cat\/es\/uruguay-inuevo-freno-a-despenalizacion-del-aborto\/"]}]},{"@type":"BreadcrumbList","@id":"https:\/\/laindependent.cat\/es\/uruguay-inuevo-freno-a-despenalizacion-del-aborto\/#breadcrumb","itemListElement":[{"@type":"ListItem","position":1,"name":"Inici","item":"https:\/\/laindependent.cat\/es\/la-independent\/"},{"@type":"ListItem","position":2,"name":"Salud","item":"https:\/\/laindependent.cat\/es\/tema\/salud\/"},{"@type":"ListItem","position":3,"name":"Salud sexual y reproductiva","item":"https:\/\/laindependent.cat\/es\/tema\/salud\/salud-sexual-y-reproductiva\/"},{"@type":"ListItem","position":4,"name":"Uruguay: \u00bfNuevo freno a despenalizaci\u00f3n del aborto?"}]},{"@type":"WebSite","@id":"https:\/\/laindependent.cat\/es\/#website","url":"https:\/\/laindependent.cat\/es\/","name":"La Independent","description":"Ag\u00e8ncia de not\u00edcies amb visi\u00f3 de g\u00e8nere","publisher":{"@id":"https:\/\/laindependent.cat\/es\/#organization"},"alternateName":"Ag\u00e8ncia de not\u00edcies amb visi\u00f3 de g\u00e8nere","potentialAction":[{"@type":"SearchAction","target":{"@type":"EntryPoint","urlTemplate":"https:\/\/laindependent.cat\/es\/?s={search_term_string}"},"query-input":{"@type":"PropertyValueSpecification","valueRequired":true,"valueName":"search_term_string"}}],"inLanguage":"es"},{"@type":"Organization","@id":"https:\/\/laindependent.cat\/es\/#organization","name":"La Independent","alternateName":"Ag\u00e8ncia de not\u00edcies amb visi\u00f3 de g\u00e8nere","url":"https:\/\/laindependent.cat\/es\/","logo":{"@type":"ImageObject","inLanguage":"es","@id":"https:\/\/laindependent.cat\/es\/#\/schema\/logo\/image\/","url":"https:\/\/laindependent.cat\/wp-content\/uploads\/2022\/10\/logo-independent.svg","contentUrl":"https:\/\/laindependent.cat\/wp-content\/uploads\/2022\/10\/logo-independent.svg","width":562,"height":78,"caption":"La Independent"},"image":{"@id":"https:\/\/laindependent.cat\/es\/#\/schema\/logo\/image\/"}},{"@type":"Person","@id":"https:\/\/laindependent.cat\/es\/#\/schema\/person\/48977a569b250ff82a4929194239bcc9","name":"Tona Gusi","image":{"@type":"ImageObject","inLanguage":"es","@id":"https:\/\/secure.gravatar.com\/avatar\/d09891f52233d2ed7c2e066fc06640e576202983bf7f713e372185f035ac5f67?s=96&d=blank&r=g","url":"https:\/\/secure.gravatar.com\/avatar\/d09891f52233d2ed7c2e066fc06640e576202983bf7f713e372185f035ac5f67?s=96&d=blank&r=g","contentUrl":"https:\/\/secure.gravatar.com\/avatar\/d09891f52233d2ed7c2e066fc06640e576202983bf7f713e372185f035ac5f67?s=96&d=blank&r=g","caption":"Tona Gusi"},"description":"Fundadora i Co-coordinadora de La Independent. Tamb\u00e9 \u00e9s psic\u00f2loga menci\u00f3 en Psicologia d'Intervenci\u00f3 Cl\u00ednica i menci\u00f3 en Psicologia del Treball i les Organitzacions.","sameAs":["https:\/\/www.facebook.com\/tona.gusi","https:\/\/x.com\/https:\/\/twitter.com\/tonagusi"],"url":"https:\/\/laindependent.cat\/es\/author\/tona-gusi\/"}]}},"_links":{"self":[{"href":"https:\/\/laindependent.cat\/es\/wp-json\/wp\/v2\/posts\/56948","targetHints":{"allow":["GET"]}}],"collection":[{"href":"https:\/\/laindependent.cat\/es\/wp-json\/wp\/v2\/posts"}],"about":[{"href":"https:\/\/laindependent.cat\/es\/wp-json\/wp\/v2\/types\/post"}],"author":[{"embeddable":true,"href":"https:\/\/laindependent.cat\/es\/wp-json\/wp\/v2\/users\/72"}],"replies":[{"embeddable":true,"href":"https:\/\/laindependent.cat\/es\/wp-json\/wp\/v2\/comments?post=56948"}],"version-history":[{"count":0,"href":"https:\/\/laindependent.cat\/es\/wp-json\/wp\/v2\/posts\/56948\/revisions"}],"wp:attachment":[{"href":"https:\/\/laindependent.cat\/es\/wp-json\/wp\/v2\/media?parent=56948"}],"wp:term":[{"taxonomy":"category","embeddable":true,"href":"https:\/\/laindependent.cat\/es\/wp-json\/wp\/v2\/categories?post=56948"},{"taxonomy":"post_tag","embeddable":true,"href":"https:\/\/laindependent.cat\/es\/wp-json\/wp\/v2\/tags?post=56948"}],"curies":[{"name":"wp","href":"https:\/\/api.w.org\/{rel}","templated":true}]}}