{"id":56713,"date":"2012-03-22T13:55:54","date_gmt":"2012-03-22T12:55:54","guid":{"rendered":"https:\/\/laindependent.cat\/la-dificil-tarea-de-cambiar-una-lengua-que-los-tiene-bien-puestos\/"},"modified":"2012-03-22T13:55:54","modified_gmt":"2012-03-22T12:55:54","slug":"la-dificil-tarea-de-cambiar-una-lengua-que-los-tiene-bien-puestos","status":"publish","type":"post","link":"https:\/\/laindependent.cat\/es\/la-dificil-tarea-de-cambiar-una-lengua-que-los-tiene-bien-puestos\/","title":{"rendered":"La dif\u00edcil tarea de cambiar una lengua que \u201clos tiene bien puestos\u201d"},"content":{"rendered":"<p style=\"text-align: left;\"><span style=\"font-family: trebuchet ms,geneva; font-size: 10pt;\">El s\u00e1bado 17 de marzo representantes de 5 medios de comunicaci\u00f3n nos reunimos en Madrid, en las <strong><a href=\"index.php?option=com_content&#038;view=article&#038;id=2256%3Amadrid-jornades-a-la-casa-encendida-comunicacio-i-genere&#038;catid=226%3Anoticies-breus&#038;Itemid=305&#038;lang=ca\">Jornadas de La Casa Encendida sobre Comunicaci\u00f3n y G\u00e9nero,<\/a><\/strong> para reflexionar sobre <strong>La comunicaci\u00f3n plural e incluyendo es posible<\/strong>, convocada por la <strong>Red Internacional de Mujeres Periodistas y Comunicadoras (RIMPYC)-Red Madrid<\/strong>. Adem\u00e1s de las agencias <strong>AMECOPRESS, CIMAC<\/strong> y <strong>La Independent<\/strong>, se presentaron las tambi\u00e9n digitales <strong>P\u00edkara Magazine<\/strong> y la sueca <strong>Feministik Perspectiv<\/strong>. Objetivo: mostrar porqu\u00e9 es imprescindible que los medios de comunicaci\u00f3n generalistas publiquen las noticias de actualidad con perspectiva de g\u00e9nero e incluyan en sus agendas temas tradicionalmente ausentes por ser considerados \u201cde mujeres\u201d. \u00a0<\/span><\/p>\n<p style=\"text-align: left;\"><img decoding=\"async\" class=\"size-full wp-image-27645 lazyload\" alt=\"madrid_red_2\" data-src=\"https:\/\/laindependent.cat\/wp-content\/uploads\/2012\/03\/madrid_red_2-scaled.jpg\" style=\"--smush-placeholder-width: 198px; --smush-placeholder-aspect-ratio: 198\/149;display: block; margin-left: auto; margin-right: auto; vertical-align: middle;\" width=\"198\" height=\"149\" data-srcset=\"https:\/\/laindependent.cat\/wp-content\/uploads\/2012\/03\/madrid_red_2-scaled.jpg 2560w, https:\/\/laindependent.cat\/wp-content\/uploads\/2012\/03\/madrid_red_2-300x225.jpg 300w, https:\/\/laindependent.cat\/wp-content\/uploads\/2012\/03\/madrid_red_2-1000x750.jpg 1000w, https:\/\/laindependent.cat\/wp-content\/uploads\/2012\/03\/madrid_red_2-768x576.jpg 768w, https:\/\/laindependent.cat\/wp-content\/uploads\/2012\/03\/madrid_red_2-1536x1152.jpg 1536w, https:\/\/laindependent.cat\/wp-content\/uploads\/2012\/03\/madrid_red_2-2048x1536.jpg 2048w\" data-sizes=\"(max-width: 198px) 100vw, 198px\" src=\"data:image\/svg+xml;base64,PHN2ZyB3aWR0aD0iMSIgaGVpZ2h0PSIxIiB4bWxucz0iaHR0cDovL3d3dy53My5vcmcvMjAwMC9zdmciPjwvc3ZnPg==\" \/><\/p>\n<p><!--more--><\/p>\n<p style=\"text-align: left;\"><span style=\"font-family: trebuchet ms,geneva; font-size: 10pt;\"><strong>\u00bfPor qu\u00e9 una y no otras?\u00a0<\/strong><\/span><\/p>\n<p style=\"text-align: left;\"><span style=\"font-family: trebuchet ms,geneva; font-size: 10pt;\">\u201c<i>f. y adj.: La <a href=\"http:\/\/buscon.rae.es\/draeI\/\">RAE<\/a> acepta alm\u00f3ndiga y vagamundo. Se preguntan los amigos Diego y C\u00e9sar para cu\u00e1ndo &#8220;cocretas&#8221; y &#8220;pedi\u00f3rico&#8221;. A\u00f1ade Natalia que para cu\u00e1ndo &#8220;tam<\/i><i>buretes&#8221;. Y yo me pregunto cu\u00e1nto falta para tener tambi\u00e9n la &#8220;piscina clitorizada&#8221;. (Fuente:\u00a0<a href=\"http:\/\/www.blogger.com\/profile\/00311569686504612604\">La Callejera Canela, aka bertelmax, aka Carmen G. Arag\u00f3n)<\/a><\/i><\/span><\/p>\n<p style=\"text-align: left;\"><span style=\"font-family: trebuchet ms,geneva; font-size: 10pt;\">\u00bfPor qu\u00e9 hay tantas reticencias a aprobar ciertos conceptos, mientras que otros son una especie de navaja disonante en las orejas y los ojos de supuestos eruditos de la palabra? Porque estos conceptos, esta perspectiva o enfoque de la realidad, de las noticias cotidianas, o de la forma de dirigirnos hacia otras personas, evidencian que nuestra sociedad utiliza un medio, un arma, una herramienta que es el lenguaje, y que refleja fielmente la idiosincrasia de la comunidad y deja de manifiesto el grado de compromiso con la igualdad: establece las relaciones de poder entre las personas. Y aceptar la necesidad de este tipo de cambios, significa tambi\u00e9n admitir que si algo se revisa, se replantea y no acomoda, es porque no va bien o no es representativa de un sector importante de la sociedad.<\/span><\/p>\n<p><span style=\"font-family: trebuchet ms,geneva; font-size: 10pt;\">Despu\u00e9s del conocimiento del\u00a0<span style=\"text-decoration: underline;\"><a href=\"http:\/\/www.elmundo.es\/elmundo\/2012\/03\/04\/cultura\/1330839500.html\">informe de Ignacio Bosque<\/a><\/span>\u00a0en el que se se\u00f1alaba que &#8220;si se aplicaran las directrices propuestas en las gu\u00edas de lenguaje no sexista en sus t\u00e9rminos m\u00e1s estrictos, no se podr\u00eda hablar&#8221; las portavoces de la <strong>Comisi\u00f3n de Igualdad del Congreso <\/strong>han recordado p\u00fablicamente a la <strong>RAE<\/strong> que el lenguaje tiene que &#8220;evolucionar del mismo modo que lo est\u00e1 haciendo la sociedad&#8221; y exigen a su vez &#8220;abandonar los tintes sexistas que puedan emplearse diariamente&#8221; (Europa Press, 5 de marzo, Madrid).<\/span><\/p>\n<p><span style=\"font-family: trebuchet ms,geneva; font-size: 10pt;\">Estamos consiguiendo poco a poco -aunque con mucha lentitud- algunos de nuestros objetivos.<\/span><\/p>\n<p><span style=\"font-family: trebuchet ms,geneva; font-size: 10pt;\">El periodismo con enfoque de g\u00e9nero utiliza una perspectiva donde el lenguaje ayuda a visibilidad a las mujeres y ponerlas de protagonistas principales de las sociedades. Es una mirada transversal que atraviesa todos los temas y, por lo tanto, todas las secciones de los medios de comunicaci\u00f3n. En este tipo de periodismo se propone analizar la informaci\u00f3n con la cual trabajamos pregunt\u00e1ndonos d\u00eda tras d\u00eda si afecta de manera diferente a mujeres y hombres, teniendo en cuenta la construcci\u00f3n social imperante sobre sus roles.<\/span><\/p>\n<p><span style=\"font-family: trebuchet ms,geneva; font-size: 10pt;\"> <img decoding=\"async\" class=\"alignleft size-full wp-image-27646 lazyload\" alt=\"madrid_red\" data-src=\"https:\/\/laindependent.cat\/wp-content\/uploads\/2012\/03\/madrid_red-scaled.jpg\" style=\"--smush-placeholder-width: 250px; --smush-placeholder-aspect-ratio: 250\/188;float: left; margin: 7px;\" width=\"250\" height=\"188\" data-srcset=\"https:\/\/laindependent.cat\/wp-content\/uploads\/2012\/03\/madrid_red-scaled.jpg 2560w, https:\/\/laindependent.cat\/wp-content\/uploads\/2012\/03\/madrid_red-300x225.jpg 300w, https:\/\/laindependent.cat\/wp-content\/uploads\/2012\/03\/madrid_red-1000x750.jpg 1000w, https:\/\/laindependent.cat\/wp-content\/uploads\/2012\/03\/madrid_red-768x576.jpg 768w, https:\/\/laindependent.cat\/wp-content\/uploads\/2012\/03\/madrid_red-1536x1152.jpg 1536w, https:\/\/laindependent.cat\/wp-content\/uploads\/2012\/03\/madrid_red-2048x1536.jpg 2048w\" data-sizes=\"(max-width: 250px) 100vw, 250px\" src=\"data:image\/svg+xml;base64,PHN2ZyB3aWR0aD0iMSIgaGVpZ2h0PSIxIiB4bWxucz0iaHR0cDovL3d3dy53My5vcmcvMjAwMC9zdmciPjwvc3ZnPg==\" \/> <\/span><\/p>\n<p style=\"text-align: left;\"><span style=\"font-family: trebuchet ms,geneva; font-size: 10pt;\">Es bien cierto que en los \u00faltimos a\u00f1os ha aumentado la cantidad de mujeres en los medios de comunicaci\u00f3n, pero quienes deciden sobre qu\u00e9 noticia es importante y cu\u00e1l no lo es, siguen siendo mayoritariamente hombres. Es por eso que aun hoy se advierte que un tratamiento determinado de los hechos que son noticia contin\u00faa: sexismo, desde la selecci\u00f3n, tratamiento y redacci\u00f3n de noticias, hasta las formas de financiaci\u00f3n (publicidad). Esto ha provocado el surgimiento de experiencias de comunicaci\u00f3n promovidas por profesionales que creemos en el cambio y que conocemos la diferencia entre \u201chacerlo\u201d a secas o \u201chacerlo bien\u201d. Hemos creado agencias de noticias, revistas especializadas, programas de radio, portales internet y otros apoyos que dan vida al debate e intentan sensibilizar sobre los prejuicios de g\u00e9nero. A pesar de las dificultades referidas al \u00e1mbito econ\u00f3mico, la mayor\u00eda de nuestros medios sobrevive a esta crisis, y no es porque contemos con m\u00e1s recursos. Todo el contrario. Lo que si tenemos de sobra, es la convicci\u00f3n de que hacemos lo que podemos para promover un cambio -por peque\u00f1o que este sea- en la sociedad y a favor tanto de mujeres como de hombres. Aunque cada d\u00eda la cuesta se hace m\u00e1s empinada.<\/span><\/p>\n<p><span style=\"font-family: trebuchet ms,geneva; font-size: 10pt;\">Las nuestras son experiencias que buscan transformar el sistema patriarcal, la subordinaci\u00f3n de la mujer en todos los \u00e1mbitos y no s\u00f3lo respecto de los derechos sexuales y reproductivos, la despenalizaci\u00f3n del aborto, la trata de personas, la violencia machista, la feminizaci\u00f3n de la pobreza, la diversidad sexual, el hambre o la desocupaci\u00f3n. Tambi\u00e9n buscamos reflejar que -a pesar de los techos de cristal y suelos pegajosos- la presencia de las mujeres en todos los \u00e1mbitos de la sociedad es muy marcada: deportes, cultura, pol\u00edtica y ciencia entre otros. Nuestros espacios buscan desnormalizar la mirada sexista androc\u00e9ntrica y crear redes para articular con diferentes experiencias nuestro objetivo com\u00fan: contar con el lenguaje como un aliado y no como un respetable enemigo.<\/span><\/p>\n<p style=\"text-align: left;\">\u00a0<\/p>\n<p style=\"text-align: left;\"><span style=\"font-family: trebuchet ms,geneva; font-size: 10pt;\">Leer <a href=\"Jornades a La Casa Encendida sobre Comunicaci\u00f3 i G\u00e8nere\" target=\"_blank\" rel=\"noopener\">aqu\u00ed<\/a> la noticia del debate en Madrid<\/span><\/p>\n","protected":false},"excerpt":{"rendered":"<p>El s\u00e1bado 17 de marzo representantes de 5 medios de comunicaci\u00f3n nos reunimos en Madrid, en las Jornadas de La Casa Encendida sobre Comunicaci\u00f3n y G\u00e9nero, para reflexionar sobre La comunicaci\u00f3n plural e incluyendo es posible, convocada por la Red [&hellip;]<\/p>\n","protected":false},"author":79,"featured_media":27645,"comment_status":"open","ping_status":"","sticky":false,"template":"","format":"standard","meta":{"footnotes":""},"categories":[26661],"tags":[],"class_list":["post-56713","post","type-post","status-publish","format-standard","has-post-thumbnail","hentry","category-opinion-medios-de-comunicacion-tics"],"yoast_head":"<!-- This site is optimized with the Yoast SEO plugin v27.4 - https:\/\/yoast.com\/product\/yoast-seo-wordpress\/ -->\n<title>La dif\u00edcil tarea de cambiar una lengua que \u201clos tiene bien puestos\u201d | La Independent<\/title>\n<meta name=\"description\" content=\"El s\u00e1bado 17 de marzo representantes de 5 medios de comunicaci\u00f3n nos reunimos en Madrid, en las Jornadas de La Casa Encendida sobre Comunicaci\u00f3n y G\u00e9nero,\" \/>\n<meta name=\"robots\" content=\"index, follow, max-snippet:-1, max-image-preview:large, max-video-preview:-1\" \/>\n<link rel=\"canonical\" href=\"https:\/\/laindependent.cat\/es\/la-dificil-tarea-de-cambiar-una-lengua-que-los-tiene-bien-puestos\/\" \/>\n<meta property=\"og:locale\" content=\"es_ES\" \/>\n<meta property=\"og:type\" content=\"article\" \/>\n<meta property=\"og:title\" content=\"La dif\u00edcil tarea de cambiar una lengua que \u201clos tiene bien puestos\u201d | La Independent\" \/>\n<meta property=\"og:description\" content=\"El s\u00e1bado 17 de marzo representantes de 5 medios de comunicaci\u00f3n nos reunimos en Madrid, en las Jornadas de La Casa Encendida sobre Comunicaci\u00f3n y G\u00e9nero,\" \/>\n<meta property=\"og:url\" content=\"https:\/\/laindependent.cat\/es\/la-dificil-tarea-de-cambiar-una-lengua-que-los-tiene-bien-puestos\/\" \/>\n<meta property=\"og:site_name\" content=\"La Independent\" \/>\n<meta property=\"article:published_time\" content=\"2012-03-22T12:55:54+00:00\" \/>\n<meta property=\"og:image\" content=\"https:\/\/laindependent.cat\/wp-content\/uploads\/2012\/03\/madrid_red_2-scaled.jpg\" \/>\n<meta name=\"author\" content=\"Fabiola Llanos\" \/>\n<meta name=\"twitter:card\" content=\"summary_large_image\" \/>\n<meta name=\"twitter:creator\" content=\"@https:\/\/twitter.com\/fabskje\" \/>\n<meta name=\"twitter:label1\" content=\"Escrito por\" \/>\n\t<meta name=\"twitter:data1\" content=\"Fabiola Llanos\" \/>\n\t<meta name=\"twitter:label2\" content=\"Tiempo de lectura\" \/>\n\t<meta name=\"twitter:data2\" content=\"4 minutos\" \/>\n<script type=\"application\/ld+json\" class=\"yoast-schema-graph\">{\"@context\":\"https:\\\/\\\/schema.org\",\"@graph\":[{\"@type\":\"Article\",\"@id\":\"https:\\\/\\\/laindependent.cat\\\/es\\\/la-dificil-tarea-de-cambiar-una-lengua-que-los-tiene-bien-puestos\\\/#article\",\"isPartOf\":{\"@id\":\"https:\\\/\\\/laindependent.cat\\\/es\\\/la-dificil-tarea-de-cambiar-una-lengua-que-los-tiene-bien-puestos\\\/\"},\"author\":{\"name\":\"Fabiola Llanos\",\"@id\":\"https:\\\/\\\/laindependent.cat\\\/es\\\/#\\\/schema\\\/person\\\/2c58a605ff6a19f1223872288e2d3398\"},\"headline\":\"La dif\u00edcil tarea de cambiar una lengua que \u201clos tiene bien puestos\u201d\",\"datePublished\":\"2012-03-22T12:55:54+00:00\",\"mainEntityOfPage\":{\"@id\":\"https:\\\/\\\/laindependent.cat\\\/es\\\/la-dificil-tarea-de-cambiar-una-lengua-que-los-tiene-bien-puestos\\\/\"},\"wordCount\":875,\"commentCount\":0,\"publisher\":{\"@id\":\"https:\\\/\\\/laindependent.cat\\\/es\\\/#organization\"},\"image\":{\"@id\":\"https:\\\/\\\/laindependent.cat\\\/es\\\/la-dificil-tarea-de-cambiar-una-lengua-que-los-tiene-bien-puestos\\\/#primaryimage\"},\"thumbnailUrl\":\"https:\\\/\\\/laindependent.cat\\\/wp-content\\\/uploads\\\/2012\\\/03\\\/madrid_red_2-scaled.jpg\",\"articleSection\":[\"Opini\u00f3n: Medios de Comunicaci\u00f3n - TICS\"],\"inLanguage\":\"es\",\"potentialAction\":[{\"@type\":\"CommentAction\",\"name\":\"Comment\",\"target\":[\"https:\\\/\\\/laindependent.cat\\\/es\\\/la-dificil-tarea-de-cambiar-una-lengua-que-los-tiene-bien-puestos\\\/#respond\"]}]},{\"@type\":\"WebPage\",\"@id\":\"https:\\\/\\\/laindependent.cat\\\/es\\\/la-dificil-tarea-de-cambiar-una-lengua-que-los-tiene-bien-puestos\\\/\",\"url\":\"https:\\\/\\\/laindependent.cat\\\/es\\\/la-dificil-tarea-de-cambiar-una-lengua-que-los-tiene-bien-puestos\\\/\",\"name\":\"La dif\u00edcil tarea de cambiar una lengua que \u201clos tiene bien puestos\u201d | La Independent\",\"isPartOf\":{\"@id\":\"https:\\\/\\\/laindependent.cat\\\/es\\\/#website\"},\"primaryImageOfPage\":{\"@id\":\"https:\\\/\\\/laindependent.cat\\\/es\\\/la-dificil-tarea-de-cambiar-una-lengua-que-los-tiene-bien-puestos\\\/#primaryimage\"},\"image\":{\"@id\":\"https:\\\/\\\/laindependent.cat\\\/es\\\/la-dificil-tarea-de-cambiar-una-lengua-que-los-tiene-bien-puestos\\\/#primaryimage\"},\"thumbnailUrl\":\"https:\\\/\\\/laindependent.cat\\\/wp-content\\\/uploads\\\/2012\\\/03\\\/madrid_red_2-scaled.jpg\",\"datePublished\":\"2012-03-22T12:55:54+00:00\",\"description\":\"El s\u00e1bado 17 de marzo representantes de 5 medios de comunicaci\u00f3n nos reunimos en Madrid, en las Jornadas de La Casa Encendida sobre Comunicaci\u00f3n y G\u00e9nero,\",\"breadcrumb\":{\"@id\":\"https:\\\/\\\/laindependent.cat\\\/es\\\/la-dificil-tarea-de-cambiar-una-lengua-que-los-tiene-bien-puestos\\\/#breadcrumb\"},\"inLanguage\":\"es\",\"potentialAction\":[{\"@type\":\"ReadAction\",\"target\":[\"https:\\\/\\\/laindependent.cat\\\/es\\\/la-dificil-tarea-de-cambiar-una-lengua-que-los-tiene-bien-puestos\\\/\"]}]},{\"@type\":\"ImageObject\",\"inLanguage\":\"es\",\"@id\":\"https:\\\/\\\/laindependent.cat\\\/es\\\/la-dificil-tarea-de-cambiar-una-lengua-que-los-tiene-bien-puestos\\\/#primaryimage\",\"url\":\"https:\\\/\\\/laindependent.cat\\\/wp-content\\\/uploads\\\/2012\\\/03\\\/madrid_red_2-scaled.jpg\",\"contentUrl\":\"https:\\\/\\\/laindependent.cat\\\/wp-content\\\/uploads\\\/2012\\\/03\\\/madrid_red_2-scaled.jpg\",\"width\":2560,\"height\":1920},{\"@type\":\"BreadcrumbList\",\"@id\":\"https:\\\/\\\/laindependent.cat\\\/es\\\/la-dificil-tarea-de-cambiar-una-lengua-que-los-tiene-bien-puestos\\\/#breadcrumb\",\"itemListElement\":[{\"@type\":\"ListItem\",\"position\":1,\"name\":\"Inici\",\"item\":\"https:\\\/\\\/laindependent.cat\\\/es\\\/la-independent\\\/\"},{\"@type\":\"ListItem\",\"position\":2,\"name\":\"Opini\u00f3n\",\"item\":\"https:\\\/\\\/laindependent.cat\\\/es\\\/tema\\\/opinion\\\/\"},{\"@type\":\"ListItem\",\"position\":3,\"name\":\"Opini\u00f3n: Medios de Comunicaci\u00f3n - TICS\",\"item\":\"https:\\\/\\\/laindependent.cat\\\/es\\\/tema\\\/opinion\\\/opinion-medios-de-comunicacion-tics\\\/\"},{\"@type\":\"ListItem\",\"position\":4,\"name\":\"La dif\u00edcil tarea de cambiar una lengua que \u201clos tiene bien puestos\u201d\"}]},{\"@type\":\"WebSite\",\"@id\":\"https:\\\/\\\/laindependent.cat\\\/es\\\/#website\",\"url\":\"https:\\\/\\\/laindependent.cat\\\/es\\\/\",\"name\":\"La Independent\",\"description\":\"Ag\u00e8ncia de not\u00edcies amb visi\u00f3 de g\u00e8nere\",\"publisher\":{\"@id\":\"https:\\\/\\\/laindependent.cat\\\/es\\\/#organization\"},\"alternateName\":\"Ag\u00e8ncia de not\u00edcies amb visi\u00f3 de g\u00e8nere\",\"potentialAction\":[{\"@type\":\"SearchAction\",\"target\":{\"@type\":\"EntryPoint\",\"urlTemplate\":\"https:\\\/\\\/laindependent.cat\\\/es\\\/?s={search_term_string}\"},\"query-input\":{\"@type\":\"PropertyValueSpecification\",\"valueRequired\":true,\"valueName\":\"search_term_string\"}}],\"inLanguage\":\"es\"},{\"@type\":\"Organization\",\"@id\":\"https:\\\/\\\/laindependent.cat\\\/es\\\/#organization\",\"name\":\"La Independent\",\"alternateName\":\"Ag\u00e8ncia de not\u00edcies amb visi\u00f3 de g\u00e8nere\",\"url\":\"https:\\\/\\\/laindependent.cat\\\/es\\\/\",\"logo\":{\"@type\":\"ImageObject\",\"inLanguage\":\"es\",\"@id\":\"https:\\\/\\\/laindependent.cat\\\/es\\\/#\\\/schema\\\/logo\\\/image\\\/\",\"url\":\"https:\\\/\\\/laindependent.cat\\\/wp-content\\\/uploads\\\/2022\\\/10\\\/logo-independent.svg\",\"contentUrl\":\"https:\\\/\\\/laindependent.cat\\\/wp-content\\\/uploads\\\/2022\\\/10\\\/logo-independent.svg\",\"width\":562,\"height\":78,\"caption\":\"La Independent\"},\"image\":{\"@id\":\"https:\\\/\\\/laindependent.cat\\\/es\\\/#\\\/schema\\\/logo\\\/image\\\/\"}},{\"@type\":\"Person\",\"@id\":\"https:\\\/\\\/laindependent.cat\\\/es\\\/#\\\/schema\\\/person\\\/2c58a605ff6a19f1223872288e2d3398\",\"name\":\"Fabiola Llanos\",\"image\":{\"@type\":\"ImageObject\",\"inLanguage\":\"es\",\"@id\":\"https:\\\/\\\/secure.gravatar.com\\\/avatar\\\/3048cd6d04513536ecaa752cf0f5e51d72bfa25af529539bc7922a112e0686e9?s=96&d=blank&r=g\",\"url\":\"https:\\\/\\\/secure.gravatar.com\\\/avatar\\\/3048cd6d04513536ecaa752cf0f5e51d72bfa25af529539bc7922a112e0686e9?s=96&d=blank&r=g\",\"contentUrl\":\"https:\\\/\\\/secure.gravatar.com\\\/avatar\\\/3048cd6d04513536ecaa752cf0f5e51d72bfa25af529539bc7922a112e0686e9?s=96&d=blank&r=g\",\"caption\":\"Fabiola Llanos\"},\"description\":\"Ecofeminista. Periodista i comunicadora social. Imatge, neuroling\u00fc\u00edstica i drets de les dones. Vaig parir La Peri\u00f2dica. Cofundadora de La Independent. Comunicaci\u00f3 Fundaci\u00f3 Surt\",\"sameAs\":[\"https:\\\/\\\/www.instagram.com\\\/fabskje\",\"https:\\\/\\\/www.linkedin.com\\\/in\\\/fabllanos\",\"https:\\\/\\\/x.com\\\/https:\\\/\\\/twitter.com\\\/fabskje\"],\"url\":\"https:\\\/\\\/laindependent.cat\\\/es\\\/author\\\/fabiola-llanos\\\/\"}]}<\/script>\n<!-- \/ Yoast SEO plugin. -->","yoast_head_json":{"title":"La dif\u00edcil tarea de cambiar una lengua que \u201clos tiene bien puestos\u201d | La Independent","description":"El s\u00e1bado 17 de marzo representantes de 5 medios de comunicaci\u00f3n nos reunimos en Madrid, en las Jornadas de La Casa Encendida sobre Comunicaci\u00f3n y G\u00e9nero,","robots":{"index":"index","follow":"follow","max-snippet":"max-snippet:-1","max-image-preview":"max-image-preview:large","max-video-preview":"max-video-preview:-1"},"canonical":"https:\/\/laindependent.cat\/es\/la-dificil-tarea-de-cambiar-una-lengua-que-los-tiene-bien-puestos\/","og_locale":"es_ES","og_type":"article","og_title":"La dif\u00edcil tarea de cambiar una lengua que \u201clos tiene bien puestos\u201d | La Independent","og_description":"El s\u00e1bado 17 de marzo representantes de 5 medios de comunicaci\u00f3n nos reunimos en Madrid, en las Jornadas de La Casa Encendida sobre Comunicaci\u00f3n y G\u00e9nero,","og_url":"https:\/\/laindependent.cat\/es\/la-dificil-tarea-de-cambiar-una-lengua-que-los-tiene-bien-puestos\/","og_site_name":"La Independent","article_published_time":"2012-03-22T12:55:54+00:00","og_image":[{"url":"https:\/\/laindependent.cat\/wp-content\/uploads\/2012\/03\/madrid_red_2-scaled.jpg","type":"","width":"","height":""}],"author":"Fabiola Llanos","twitter_card":"summary_large_image","twitter_creator":"@https:\/\/twitter.com\/fabskje","twitter_misc":{"Escrito por":"Fabiola Llanos","Tiempo de lectura":"4 minutos"},"schema":{"@context":"https:\/\/schema.org","@graph":[{"@type":"Article","@id":"https:\/\/laindependent.cat\/es\/la-dificil-tarea-de-cambiar-una-lengua-que-los-tiene-bien-puestos\/#article","isPartOf":{"@id":"https:\/\/laindependent.cat\/es\/la-dificil-tarea-de-cambiar-una-lengua-que-los-tiene-bien-puestos\/"},"author":{"name":"Fabiola Llanos","@id":"https:\/\/laindependent.cat\/es\/#\/schema\/person\/2c58a605ff6a19f1223872288e2d3398"},"headline":"La dif\u00edcil tarea de cambiar una lengua que \u201clos tiene bien puestos\u201d","datePublished":"2012-03-22T12:55:54+00:00","mainEntityOfPage":{"@id":"https:\/\/laindependent.cat\/es\/la-dificil-tarea-de-cambiar-una-lengua-que-los-tiene-bien-puestos\/"},"wordCount":875,"commentCount":0,"publisher":{"@id":"https:\/\/laindependent.cat\/es\/#organization"},"image":{"@id":"https:\/\/laindependent.cat\/es\/la-dificil-tarea-de-cambiar-una-lengua-que-los-tiene-bien-puestos\/#primaryimage"},"thumbnailUrl":"https:\/\/laindependent.cat\/wp-content\/uploads\/2012\/03\/madrid_red_2-scaled.jpg","articleSection":["Opini\u00f3n: Medios de Comunicaci\u00f3n - TICS"],"inLanguage":"es","potentialAction":[{"@type":"CommentAction","name":"Comment","target":["https:\/\/laindependent.cat\/es\/la-dificil-tarea-de-cambiar-una-lengua-que-los-tiene-bien-puestos\/#respond"]}]},{"@type":"WebPage","@id":"https:\/\/laindependent.cat\/es\/la-dificil-tarea-de-cambiar-una-lengua-que-los-tiene-bien-puestos\/","url":"https:\/\/laindependent.cat\/es\/la-dificil-tarea-de-cambiar-una-lengua-que-los-tiene-bien-puestos\/","name":"La dif\u00edcil tarea de cambiar una lengua que \u201clos tiene bien puestos\u201d | La Independent","isPartOf":{"@id":"https:\/\/laindependent.cat\/es\/#website"},"primaryImageOfPage":{"@id":"https:\/\/laindependent.cat\/es\/la-dificil-tarea-de-cambiar-una-lengua-que-los-tiene-bien-puestos\/#primaryimage"},"image":{"@id":"https:\/\/laindependent.cat\/es\/la-dificil-tarea-de-cambiar-una-lengua-que-los-tiene-bien-puestos\/#primaryimage"},"thumbnailUrl":"https:\/\/laindependent.cat\/wp-content\/uploads\/2012\/03\/madrid_red_2-scaled.jpg","datePublished":"2012-03-22T12:55:54+00:00","description":"El s\u00e1bado 17 de marzo representantes de 5 medios de comunicaci\u00f3n nos reunimos en Madrid, en las Jornadas de La Casa Encendida sobre Comunicaci\u00f3n y G\u00e9nero,","breadcrumb":{"@id":"https:\/\/laindependent.cat\/es\/la-dificil-tarea-de-cambiar-una-lengua-que-los-tiene-bien-puestos\/#breadcrumb"},"inLanguage":"es","potentialAction":[{"@type":"ReadAction","target":["https:\/\/laindependent.cat\/es\/la-dificil-tarea-de-cambiar-una-lengua-que-los-tiene-bien-puestos\/"]}]},{"@type":"ImageObject","inLanguage":"es","@id":"https:\/\/laindependent.cat\/es\/la-dificil-tarea-de-cambiar-una-lengua-que-los-tiene-bien-puestos\/#primaryimage","url":"https:\/\/laindependent.cat\/wp-content\/uploads\/2012\/03\/madrid_red_2-scaled.jpg","contentUrl":"https:\/\/laindependent.cat\/wp-content\/uploads\/2012\/03\/madrid_red_2-scaled.jpg","width":2560,"height":1920},{"@type":"BreadcrumbList","@id":"https:\/\/laindependent.cat\/es\/la-dificil-tarea-de-cambiar-una-lengua-que-los-tiene-bien-puestos\/#breadcrumb","itemListElement":[{"@type":"ListItem","position":1,"name":"Inici","item":"https:\/\/laindependent.cat\/es\/la-independent\/"},{"@type":"ListItem","position":2,"name":"Opini\u00f3n","item":"https:\/\/laindependent.cat\/es\/tema\/opinion\/"},{"@type":"ListItem","position":3,"name":"Opini\u00f3n: Medios de Comunicaci\u00f3n - TICS","item":"https:\/\/laindependent.cat\/es\/tema\/opinion\/opinion-medios-de-comunicacion-tics\/"},{"@type":"ListItem","position":4,"name":"La dif\u00edcil tarea de cambiar una lengua que \u201clos tiene bien puestos\u201d"}]},{"@type":"WebSite","@id":"https:\/\/laindependent.cat\/es\/#website","url":"https:\/\/laindependent.cat\/es\/","name":"La Independent","description":"Ag\u00e8ncia de not\u00edcies amb visi\u00f3 de g\u00e8nere","publisher":{"@id":"https:\/\/laindependent.cat\/es\/#organization"},"alternateName":"Ag\u00e8ncia de not\u00edcies amb visi\u00f3 de g\u00e8nere","potentialAction":[{"@type":"SearchAction","target":{"@type":"EntryPoint","urlTemplate":"https:\/\/laindependent.cat\/es\/?s={search_term_string}"},"query-input":{"@type":"PropertyValueSpecification","valueRequired":true,"valueName":"search_term_string"}}],"inLanguage":"es"},{"@type":"Organization","@id":"https:\/\/laindependent.cat\/es\/#organization","name":"La Independent","alternateName":"Ag\u00e8ncia de not\u00edcies amb visi\u00f3 de g\u00e8nere","url":"https:\/\/laindependent.cat\/es\/","logo":{"@type":"ImageObject","inLanguage":"es","@id":"https:\/\/laindependent.cat\/es\/#\/schema\/logo\/image\/","url":"https:\/\/laindependent.cat\/wp-content\/uploads\/2022\/10\/logo-independent.svg","contentUrl":"https:\/\/laindependent.cat\/wp-content\/uploads\/2022\/10\/logo-independent.svg","width":562,"height":78,"caption":"La Independent"},"image":{"@id":"https:\/\/laindependent.cat\/es\/#\/schema\/logo\/image\/"}},{"@type":"Person","@id":"https:\/\/laindependent.cat\/es\/#\/schema\/person\/2c58a605ff6a19f1223872288e2d3398","name":"Fabiola Llanos","image":{"@type":"ImageObject","inLanguage":"es","@id":"https:\/\/secure.gravatar.com\/avatar\/3048cd6d04513536ecaa752cf0f5e51d72bfa25af529539bc7922a112e0686e9?s=96&d=blank&r=g","url":"https:\/\/secure.gravatar.com\/avatar\/3048cd6d04513536ecaa752cf0f5e51d72bfa25af529539bc7922a112e0686e9?s=96&d=blank&r=g","contentUrl":"https:\/\/secure.gravatar.com\/avatar\/3048cd6d04513536ecaa752cf0f5e51d72bfa25af529539bc7922a112e0686e9?s=96&d=blank&r=g","caption":"Fabiola Llanos"},"description":"Ecofeminista. Periodista i comunicadora social. Imatge, neuroling\u00fc\u00edstica i drets de les dones. Vaig parir La Peri\u00f2dica. Cofundadora de La Independent. Comunicaci\u00f3 Fundaci\u00f3 Surt","sameAs":["https:\/\/www.instagram.com\/fabskje","https:\/\/www.linkedin.com\/in\/fabllanos","https:\/\/x.com\/https:\/\/twitter.com\/fabskje"],"url":"https:\/\/laindependent.cat\/es\/author\/fabiola-llanos\/"}]}},"_links":{"self":[{"href":"https:\/\/laindependent.cat\/es\/wp-json\/wp\/v2\/posts\/56713","targetHints":{"allow":["GET"]}}],"collection":[{"href":"https:\/\/laindependent.cat\/es\/wp-json\/wp\/v2\/posts"}],"about":[{"href":"https:\/\/laindependent.cat\/es\/wp-json\/wp\/v2\/types\/post"}],"author":[{"embeddable":true,"href":"https:\/\/laindependent.cat\/es\/wp-json\/wp\/v2\/users\/79"}],"replies":[{"embeddable":true,"href":"https:\/\/laindependent.cat\/es\/wp-json\/wp\/v2\/comments?post=56713"}],"version-history":[{"count":0,"href":"https:\/\/laindependent.cat\/es\/wp-json\/wp\/v2\/posts\/56713\/revisions"}],"wp:featuredmedia":[{"embeddable":true,"href":"https:\/\/laindependent.cat\/es\/wp-json\/wp\/v2\/media\/27645"}],"wp:attachment":[{"href":"https:\/\/laindependent.cat\/es\/wp-json\/wp\/v2\/media?parent=56713"}],"wp:term":[{"taxonomy":"category","embeddable":true,"href":"https:\/\/laindependent.cat\/es\/wp-json\/wp\/v2\/categories?post=56713"},{"taxonomy":"post_tag","embeddable":true,"href":"https:\/\/laindependent.cat\/es\/wp-json\/wp\/v2\/tags?post=56713"}],"curies":[{"name":"wp","href":"https:\/\/api.w.org\/{rel}","templated":true}]}}