{"id":56237,"date":"2012-02-02T18:10:55","date_gmt":"2012-02-02T17:10:55","guid":{"rendered":"https:\/\/laindependent.cat\/taller-de-dinamizacion-de-la-maleta-de-derechos-sexuales-y-reproductivos\/"},"modified":"2012-02-02T18:10:55","modified_gmt":"2012-02-02T17:10:55","slug":"taller-de-dinamizacion-de-la-maleta-de-derechos-sexuales-y-reproductivos","status":"publish","type":"post","link":"https:\/\/laindependent.cat\/es\/taller-de-dinamizacion-de-la-maleta-de-derechos-sexuales-y-reproductivos\/","title":{"rendered":"Taller de Dinamizaci\u00f3n de la Maleta de Derechos Sexuales y Reproductivos"},"content":{"rendered":"<p style=\"text-align: left;\"><span style=\"font-size: 10pt; font-family: trebuchet ms,geneva;\">La Asociaci\u00f3n de Planificaci\u00f3n Familiar de Catalu\u00f1a y Baleares impartir\u00e1 el jueves, 23 de febrero, el Taller de Dinamizaci\u00f3n &#8220;La Maleta de Derechos Sexuales y Reproductivos&#8221;, que co-producido el Ayuntamiento de Barcelona y la Generalitat de Catalu\u00f1a, y ha organizado el CIRD Centro de Informaci\u00f3n y Recursos para Mujeres Espacio Joven La Fontana.<\/span><\/p>\n<p style=\"text-align: left;\"><span style=\"font-size: 10pt; font-family: trebuchet ms,geneva;\">El taller tiene por objetivo ofrecer metodolog\u00eda y recursos para informar sobre la salud sexual y reproductiva en j\u00f3venes y mujeres, haci\u00e9ndolo desde una perspectiva de g\u00e9nero.<\/span><\/p>\n<p style=\"text-align: left;\"><span style=\"font-size: 10pt; font-family: trebuchet ms,geneva;\">El taller se dirige a entidades y profesionales que trabajen en el \u00e1mbito de servicios espec\u00edficos para las mujeres, los j\u00f3venes, los servicios sociales, los servicios de salud, la educaci\u00f3n, a grupos de mujeres y personas con inter\u00e9s en los derechos sexuales y reproductivos.<\/span><span style=\"font-size: 10pt; font-family: trebuchet ms,geneva;\"><\/span><\/p>\n<p style=\"text-align: left;\"><span style=\"font-size: 10pt; font-family: trebuchet ms,geneva;\">La metodolog\u00eda es te\u00f3rico-pr\u00e1ctica, de manera que se realiza una primera parte de teor\u00eda com\u00fan y posteriormente el grupo se divide en talleres de trabajo especializado, que incluye grupo especializado en herramientas para entidades o grupos de mujeres, Servicios espec\u00edficos para las mujeres y servicios sociales, servicios de salud, \u00c1mbito de juventud y \u00c1mbito de educaci\u00f3n. La presentaci\u00f3n corre a cargo de Mar\u00eda Rosa Pons, Secretaria del Consejo de las Mujeres del Ayuntamiento de Barcelona.<\/span><span style=\"font-size: 10pt; font-family: trebuchet ms,geneva;\"><\/span><\/p>\n<p style=\"text-align: left;\"><span style=\"font-size: 10pt; font-family: trebuchet ms,geneva;\">Los talleres se desarrollar\u00e1n en el Espacio Joven La Fontana, C. Gran de Gr\u00e0cia, 190 de Barcelona de 9 a 14 h del mediod\u00eda.<\/span><span style=\"font-size: 10pt; font-family: trebuchet ms,geneva;\"><\/span><\/p>\n<p style=\"text-align: left;\"><span style=\"font-size: 10pt; font-family: trebuchet ms,geneva;\">Las personas y entidades interesadas pueden inscribirse hasta el 10 de febrero escribiendo al mail a cird@bcn.cat e indicando profesi\u00f3n y lugar de trabajo.<\/span><\/p>\n","protected":false},"excerpt":{"rendered":"<p>La Asociaci\u00f3n de Planificaci\u00f3n Familiar de Catalu\u00f1a y Baleares impartir\u00e1 el jueves, 23 de febrero, el Taller de Dinamizaci\u00f3n &#8220;La Maleta de Derechos Sexuales y Reproductivos&#8221;, que co-producido el Ayuntamiento de Barcelona y la Generalitat de Catalu\u00f1a, y ha organizado [&hellip;]<\/p>\n","protected":false},"author":89,"featured_media":0,"comment_status":"open","ping_status":"","sticky":false,"template":"","format":"standard","meta":{"footnotes":""},"categories":[26460],"tags":[28877,28879,28878,28876],"class_list":["post-56237","post","type-post","status-publish","format-standard","hentry","category-salud-sexual-y-reproductiva","tag-ayuntamiento-de-barcelona","tag-cird-centro-de-informacion-y-recursos-para-mujeres-espacio-joven-la-fontana","tag-generalitat-de-cataluna","tag-taller-de-dinamizacion-de-la-maleta-de-derechos-sexuales-y-reproductivos-asociacion-de-planificacion-familiar-de-cataluna-y-baleares"],"yoast_head":"<!-- This site is optimized with the Yoast SEO plugin v27.4 - https:\/\/yoast.com\/product\/yoast-seo-wordpress\/ -->\n<title>Taller de Dinamizaci\u00f3n de la Maleta de Derechos Sexuales y Reproductivos | La Independent<\/title>\n<meta name=\"description\" content=\"La Asociaci\u00f3n de Planificaci\u00f3n Familiar de Catalu\u00f1a y Baleares impartir\u00e1 el jueves, 23 de febrero, el Taller de Dinamizaci\u00f3n &quot;La Maleta de Derechos\" \/>\n<meta name=\"robots\" content=\"index, follow, max-snippet:-1, max-image-preview:large, max-video-preview:-1\" \/>\n<link rel=\"canonical\" href=\"https:\/\/laindependent.cat\/es\/taller-de-dinamizacion-de-la-maleta-de-derechos-sexuales-y-reproductivos\/\" \/>\n<meta property=\"og:locale\" content=\"es_ES\" \/>\n<meta property=\"og:type\" content=\"article\" \/>\n<meta property=\"og:title\" content=\"Taller de Dinamizaci\u00f3n de la Maleta de Derechos Sexuales y Reproductivos | La Independent\" \/>\n<meta property=\"og:description\" content=\"La Asociaci\u00f3n de Planificaci\u00f3n Familiar de Catalu\u00f1a y Baleares impartir\u00e1 el jueves, 23 de febrero, el Taller de Dinamizaci\u00f3n &quot;La Maleta de Derechos\" \/>\n<meta property=\"og:url\" content=\"https:\/\/laindependent.cat\/es\/taller-de-dinamizacion-de-la-maleta-de-derechos-sexuales-y-reproductivos\/\" \/>\n<meta property=\"og:site_name\" content=\"La Independent\" \/>\n<meta property=\"article:published_time\" content=\"2012-02-02T17:10:55+00:00\" \/>\n<meta name=\"author\" content=\"Pilar Moreno\" \/>\n<meta name=\"twitter:card\" content=\"summary_large_image\" \/>\n<meta name=\"twitter:label1\" content=\"Escrito por\" \/>\n\t<meta name=\"twitter:data1\" content=\"Pilar Moreno\" \/>\n\t<meta name=\"twitter:label2\" content=\"Tiempo de lectura\" \/>\n\t<meta name=\"twitter:data2\" content=\"1 minuto\" \/>\n<script type=\"application\/ld+json\" class=\"yoast-schema-graph\">{\"@context\":\"https:\\\/\\\/schema.org\",\"@graph\":[{\"@type\":\"Article\",\"@id\":\"https:\\\/\\\/laindependent.cat\\\/es\\\/taller-de-dinamizacion-de-la-maleta-de-derechos-sexuales-y-reproductivos\\\/#article\",\"isPartOf\":{\"@id\":\"https:\\\/\\\/laindependent.cat\\\/es\\\/taller-de-dinamizacion-de-la-maleta-de-derechos-sexuales-y-reproductivos\\\/\"},\"author\":{\"name\":\"Pilar Moreno\",\"@id\":\"https:\\\/\\\/laindependent.cat\\\/es\\\/#\\\/schema\\\/person\\\/2515472bc04b85250e1027fd44d98b0c\"},\"headline\":\"Taller de Dinamizaci\u00f3n de la Maleta de Derechos Sexuales y Reproductivos\",\"datePublished\":\"2012-02-02T17:10:55+00:00\",\"mainEntityOfPage\":{\"@id\":\"https:\\\/\\\/laindependent.cat\\\/es\\\/taller-de-dinamizacion-de-la-maleta-de-derechos-sexuales-y-reproductivos\\\/\"},\"wordCount\":283,\"commentCount\":0,\"publisher\":{\"@id\":\"https:\\\/\\\/laindependent.cat\\\/es\\\/#organization\"},\"keywords\":[\"Ayuntamiento de Barcelona\",\"CIRD Centro de Informaci\u00f3n y Recursos para Mujeres Espacio Joven La Fontana\",\"Generalitat de Catalu\u00f1a\",\"Taller de Dinamizaci\u00f3n de la Maleta de Derechos Sexuales y Reproductivos Asociaci\u00f3n de Planificaci\u00f3n Familiar de Catalu\u00f1a y Baleares\"],\"articleSection\":[\"Salud sexual y reproductiva\"],\"inLanguage\":\"es\",\"potentialAction\":[{\"@type\":\"CommentAction\",\"name\":\"Comment\",\"target\":[\"https:\\\/\\\/laindependent.cat\\\/es\\\/taller-de-dinamizacion-de-la-maleta-de-derechos-sexuales-y-reproductivos\\\/#respond\"]}]},{\"@type\":\"WebPage\",\"@id\":\"https:\\\/\\\/laindependent.cat\\\/es\\\/taller-de-dinamizacion-de-la-maleta-de-derechos-sexuales-y-reproductivos\\\/\",\"url\":\"https:\\\/\\\/laindependent.cat\\\/es\\\/taller-de-dinamizacion-de-la-maleta-de-derechos-sexuales-y-reproductivos\\\/\",\"name\":\"Taller de Dinamizaci\u00f3n de la Maleta de Derechos Sexuales y Reproductivos | La Independent\",\"isPartOf\":{\"@id\":\"https:\\\/\\\/laindependent.cat\\\/es\\\/#website\"},\"datePublished\":\"2012-02-02T17:10:55+00:00\",\"description\":\"La Asociaci\u00f3n de Planificaci\u00f3n Familiar de Catalu\u00f1a y Baleares impartir\u00e1 el jueves, 23 de febrero, el Taller de Dinamizaci\u00f3n \\\"La Maleta de Derechos\",\"breadcrumb\":{\"@id\":\"https:\\\/\\\/laindependent.cat\\\/es\\\/taller-de-dinamizacion-de-la-maleta-de-derechos-sexuales-y-reproductivos\\\/#breadcrumb\"},\"inLanguage\":\"es\",\"potentialAction\":[{\"@type\":\"ReadAction\",\"target\":[\"https:\\\/\\\/laindependent.cat\\\/es\\\/taller-de-dinamizacion-de-la-maleta-de-derechos-sexuales-y-reproductivos\\\/\"]}]},{\"@type\":\"BreadcrumbList\",\"@id\":\"https:\\\/\\\/laindependent.cat\\\/es\\\/taller-de-dinamizacion-de-la-maleta-de-derechos-sexuales-y-reproductivos\\\/#breadcrumb\",\"itemListElement\":[{\"@type\":\"ListItem\",\"position\":1,\"name\":\"Inici\",\"item\":\"https:\\\/\\\/laindependent.cat\\\/es\\\/la-independent\\\/\"},{\"@type\":\"ListItem\",\"position\":2,\"name\":\"Salud\",\"item\":\"https:\\\/\\\/laindependent.cat\\\/es\\\/tema\\\/salud\\\/\"},{\"@type\":\"ListItem\",\"position\":3,\"name\":\"Salud sexual y reproductiva\",\"item\":\"https:\\\/\\\/laindependent.cat\\\/es\\\/tema\\\/salud\\\/salud-sexual-y-reproductiva\\\/\"},{\"@type\":\"ListItem\",\"position\":4,\"name\":\"Taller de Dinamizaci\u00f3n de la Maleta de Derechos Sexuales y Reproductivos\"}]},{\"@type\":\"WebSite\",\"@id\":\"https:\\\/\\\/laindependent.cat\\\/es\\\/#website\",\"url\":\"https:\\\/\\\/laindependent.cat\\\/es\\\/\",\"name\":\"La Independent\",\"description\":\"Ag\u00e8ncia de not\u00edcies amb visi\u00f3 de g\u00e8nere\",\"publisher\":{\"@id\":\"https:\\\/\\\/laindependent.cat\\\/es\\\/#organization\"},\"alternateName\":\"Ag\u00e8ncia de not\u00edcies amb visi\u00f3 de g\u00e8nere\",\"potentialAction\":[{\"@type\":\"SearchAction\",\"target\":{\"@type\":\"EntryPoint\",\"urlTemplate\":\"https:\\\/\\\/laindependent.cat\\\/es\\\/?s={search_term_string}\"},\"query-input\":{\"@type\":\"PropertyValueSpecification\",\"valueRequired\":true,\"valueName\":\"search_term_string\"}}],\"inLanguage\":\"es\"},{\"@type\":\"Organization\",\"@id\":\"https:\\\/\\\/laindependent.cat\\\/es\\\/#organization\",\"name\":\"La Independent\",\"alternateName\":\"Ag\u00e8ncia de not\u00edcies amb visi\u00f3 de g\u00e8nere\",\"url\":\"https:\\\/\\\/laindependent.cat\\\/es\\\/\",\"logo\":{\"@type\":\"ImageObject\",\"inLanguage\":\"es\",\"@id\":\"https:\\\/\\\/laindependent.cat\\\/es\\\/#\\\/schema\\\/logo\\\/image\\\/\",\"url\":\"https:\\\/\\\/laindependent.cat\\\/wp-content\\\/uploads\\\/2022\\\/10\\\/logo-independent.svg\",\"contentUrl\":\"https:\\\/\\\/laindependent.cat\\\/wp-content\\\/uploads\\\/2022\\\/10\\\/logo-independent.svg\",\"width\":562,\"height\":78,\"caption\":\"La Independent\"},\"image\":{\"@id\":\"https:\\\/\\\/laindependent.cat\\\/es\\\/#\\\/schema\\\/logo\\\/image\\\/\"}},{\"@type\":\"Person\",\"@id\":\"https:\\\/\\\/laindependent.cat\\\/es\\\/#\\\/schema\\\/person\\\/2515472bc04b85250e1027fd44d98b0c\",\"name\":\"Pilar Moreno\",\"image\":{\"@type\":\"ImageObject\",\"inLanguage\":\"es\",\"@id\":\"https:\\\/\\\/secure.gravatar.com\\\/avatar\\\/5481d67c7d4619f365be96f129b51c4ddb9474440ab9f1908f2423949dfd93c8?s=96&d=blank&r=g\",\"url\":\"https:\\\/\\\/secure.gravatar.com\\\/avatar\\\/5481d67c7d4619f365be96f129b51c4ddb9474440ab9f1908f2423949dfd93c8?s=96&d=blank&r=g\",\"contentUrl\":\"https:\\\/\\\/secure.gravatar.com\\\/avatar\\\/5481d67c7d4619f365be96f129b51c4ddb9474440ab9f1908f2423949dfd93c8?s=96&d=blank&r=g\",\"caption\":\"Pilar Moreno\"},\"url\":\"https:\\\/\\\/laindependent.cat\\\/es\\\/author\\\/pilar-moreno\\\/\"}]}<\/script>\n<!-- \/ Yoast SEO plugin. -->","yoast_head_json":{"title":"Taller de Dinamizaci\u00f3n de la Maleta de Derechos Sexuales y Reproductivos | La Independent","description":"La Asociaci\u00f3n de Planificaci\u00f3n Familiar de Catalu\u00f1a y Baleares impartir\u00e1 el jueves, 23 de febrero, el Taller de Dinamizaci\u00f3n \"La Maleta de Derechos","robots":{"index":"index","follow":"follow","max-snippet":"max-snippet:-1","max-image-preview":"max-image-preview:large","max-video-preview":"max-video-preview:-1"},"canonical":"https:\/\/laindependent.cat\/es\/taller-de-dinamizacion-de-la-maleta-de-derechos-sexuales-y-reproductivos\/","og_locale":"es_ES","og_type":"article","og_title":"Taller de Dinamizaci\u00f3n de la Maleta de Derechos Sexuales y Reproductivos | La Independent","og_description":"La Asociaci\u00f3n de Planificaci\u00f3n Familiar de Catalu\u00f1a y Baleares impartir\u00e1 el jueves, 23 de febrero, el Taller de Dinamizaci\u00f3n \"La Maleta de Derechos","og_url":"https:\/\/laindependent.cat\/es\/taller-de-dinamizacion-de-la-maleta-de-derechos-sexuales-y-reproductivos\/","og_site_name":"La Independent","article_published_time":"2012-02-02T17:10:55+00:00","author":"Pilar Moreno","twitter_card":"summary_large_image","twitter_misc":{"Escrito por":"Pilar Moreno","Tiempo de lectura":"1 minuto"},"schema":{"@context":"https:\/\/schema.org","@graph":[{"@type":"Article","@id":"https:\/\/laindependent.cat\/es\/taller-de-dinamizacion-de-la-maleta-de-derechos-sexuales-y-reproductivos\/#article","isPartOf":{"@id":"https:\/\/laindependent.cat\/es\/taller-de-dinamizacion-de-la-maleta-de-derechos-sexuales-y-reproductivos\/"},"author":{"name":"Pilar Moreno","@id":"https:\/\/laindependent.cat\/es\/#\/schema\/person\/2515472bc04b85250e1027fd44d98b0c"},"headline":"Taller de Dinamizaci\u00f3n de la Maleta de Derechos Sexuales y Reproductivos","datePublished":"2012-02-02T17:10:55+00:00","mainEntityOfPage":{"@id":"https:\/\/laindependent.cat\/es\/taller-de-dinamizacion-de-la-maleta-de-derechos-sexuales-y-reproductivos\/"},"wordCount":283,"commentCount":0,"publisher":{"@id":"https:\/\/laindependent.cat\/es\/#organization"},"keywords":["Ayuntamiento de Barcelona","CIRD Centro de Informaci\u00f3n y Recursos para Mujeres Espacio Joven La Fontana","Generalitat de Catalu\u00f1a","Taller de Dinamizaci\u00f3n de la Maleta de Derechos Sexuales y Reproductivos Asociaci\u00f3n de Planificaci\u00f3n Familiar de Catalu\u00f1a y Baleares"],"articleSection":["Salud sexual y reproductiva"],"inLanguage":"es","potentialAction":[{"@type":"CommentAction","name":"Comment","target":["https:\/\/laindependent.cat\/es\/taller-de-dinamizacion-de-la-maleta-de-derechos-sexuales-y-reproductivos\/#respond"]}]},{"@type":"WebPage","@id":"https:\/\/laindependent.cat\/es\/taller-de-dinamizacion-de-la-maleta-de-derechos-sexuales-y-reproductivos\/","url":"https:\/\/laindependent.cat\/es\/taller-de-dinamizacion-de-la-maleta-de-derechos-sexuales-y-reproductivos\/","name":"Taller de Dinamizaci\u00f3n de la Maleta de Derechos Sexuales y Reproductivos | La Independent","isPartOf":{"@id":"https:\/\/laindependent.cat\/es\/#website"},"datePublished":"2012-02-02T17:10:55+00:00","description":"La Asociaci\u00f3n de Planificaci\u00f3n Familiar de Catalu\u00f1a y Baleares impartir\u00e1 el jueves, 23 de febrero, el Taller de Dinamizaci\u00f3n \"La Maleta de Derechos","breadcrumb":{"@id":"https:\/\/laindependent.cat\/es\/taller-de-dinamizacion-de-la-maleta-de-derechos-sexuales-y-reproductivos\/#breadcrumb"},"inLanguage":"es","potentialAction":[{"@type":"ReadAction","target":["https:\/\/laindependent.cat\/es\/taller-de-dinamizacion-de-la-maleta-de-derechos-sexuales-y-reproductivos\/"]}]},{"@type":"BreadcrumbList","@id":"https:\/\/laindependent.cat\/es\/taller-de-dinamizacion-de-la-maleta-de-derechos-sexuales-y-reproductivos\/#breadcrumb","itemListElement":[{"@type":"ListItem","position":1,"name":"Inici","item":"https:\/\/laindependent.cat\/es\/la-independent\/"},{"@type":"ListItem","position":2,"name":"Salud","item":"https:\/\/laindependent.cat\/es\/tema\/salud\/"},{"@type":"ListItem","position":3,"name":"Salud sexual y reproductiva","item":"https:\/\/laindependent.cat\/es\/tema\/salud\/salud-sexual-y-reproductiva\/"},{"@type":"ListItem","position":4,"name":"Taller de Dinamizaci\u00f3n de la Maleta de Derechos Sexuales y Reproductivos"}]},{"@type":"WebSite","@id":"https:\/\/laindependent.cat\/es\/#website","url":"https:\/\/laindependent.cat\/es\/","name":"La Independent","description":"Ag\u00e8ncia de not\u00edcies amb visi\u00f3 de g\u00e8nere","publisher":{"@id":"https:\/\/laindependent.cat\/es\/#organization"},"alternateName":"Ag\u00e8ncia de not\u00edcies amb visi\u00f3 de g\u00e8nere","potentialAction":[{"@type":"SearchAction","target":{"@type":"EntryPoint","urlTemplate":"https:\/\/laindependent.cat\/es\/?s={search_term_string}"},"query-input":{"@type":"PropertyValueSpecification","valueRequired":true,"valueName":"search_term_string"}}],"inLanguage":"es"},{"@type":"Organization","@id":"https:\/\/laindependent.cat\/es\/#organization","name":"La Independent","alternateName":"Ag\u00e8ncia de not\u00edcies amb visi\u00f3 de g\u00e8nere","url":"https:\/\/laindependent.cat\/es\/","logo":{"@type":"ImageObject","inLanguage":"es","@id":"https:\/\/laindependent.cat\/es\/#\/schema\/logo\/image\/","url":"https:\/\/laindependent.cat\/wp-content\/uploads\/2022\/10\/logo-independent.svg","contentUrl":"https:\/\/laindependent.cat\/wp-content\/uploads\/2022\/10\/logo-independent.svg","width":562,"height":78,"caption":"La Independent"},"image":{"@id":"https:\/\/laindependent.cat\/es\/#\/schema\/logo\/image\/"}},{"@type":"Person","@id":"https:\/\/laindependent.cat\/es\/#\/schema\/person\/2515472bc04b85250e1027fd44d98b0c","name":"Pilar Moreno","image":{"@type":"ImageObject","inLanguage":"es","@id":"https:\/\/secure.gravatar.com\/avatar\/5481d67c7d4619f365be96f129b51c4ddb9474440ab9f1908f2423949dfd93c8?s=96&d=blank&r=g","url":"https:\/\/secure.gravatar.com\/avatar\/5481d67c7d4619f365be96f129b51c4ddb9474440ab9f1908f2423949dfd93c8?s=96&d=blank&r=g","contentUrl":"https:\/\/secure.gravatar.com\/avatar\/5481d67c7d4619f365be96f129b51c4ddb9474440ab9f1908f2423949dfd93c8?s=96&d=blank&r=g","caption":"Pilar Moreno"},"url":"https:\/\/laindependent.cat\/es\/author\/pilar-moreno\/"}]}},"_links":{"self":[{"href":"https:\/\/laindependent.cat\/es\/wp-json\/wp\/v2\/posts\/56237","targetHints":{"allow":["GET"]}}],"collection":[{"href":"https:\/\/laindependent.cat\/es\/wp-json\/wp\/v2\/posts"}],"about":[{"href":"https:\/\/laindependent.cat\/es\/wp-json\/wp\/v2\/types\/post"}],"author":[{"embeddable":true,"href":"https:\/\/laindependent.cat\/es\/wp-json\/wp\/v2\/users\/89"}],"replies":[{"embeddable":true,"href":"https:\/\/laindependent.cat\/es\/wp-json\/wp\/v2\/comments?post=56237"}],"version-history":[{"count":0,"href":"https:\/\/laindependent.cat\/es\/wp-json\/wp\/v2\/posts\/56237\/revisions"}],"wp:attachment":[{"href":"https:\/\/laindependent.cat\/es\/wp-json\/wp\/v2\/media?parent=56237"}],"wp:term":[{"taxonomy":"category","embeddable":true,"href":"https:\/\/laindependent.cat\/es\/wp-json\/wp\/v2\/categories?post=56237"},{"taxonomy":"post_tag","embeddable":true,"href":"https:\/\/laindependent.cat\/es\/wp-json\/wp\/v2\/tags?post=56237"}],"curies":[{"name":"wp","href":"https:\/\/api.w.org\/{rel}","templated":true}]}}