{"id":56053,"date":"2012-01-12T11:07:37","date_gmt":"2012-01-12T10:07:37","guid":{"rendered":"https:\/\/laindependent.cat\/cuba-biblioteca-privada-en-memoria-de-la-lidereza-de-las-damas-de-blanco\/"},"modified":"2012-01-12T11:07:37","modified_gmt":"2012-01-12T10:07:37","slug":"cuba-biblioteca-privada-en-memoria-de-la-lidereza-de-las-damas-de-blanco","status":"publish","type":"post","link":"https:\/\/laindependent.cat\/es\/cuba-biblioteca-privada-en-memoria-de-la-lidereza-de-las-damas-de-blanco\/","title":{"rendered":"Cuba: Biblioteca privada en memoria de la lidereza de las Damas de Blanco"},"content":{"rendered":"<p><\/p>\n<p style=\"text-align: left;\">Para honrar la memoria de la l\u00edder de las Damas de Blanco,\u00a0 <strong>Laura Poll\u00e1n<\/strong>, fallecida en octubre pasado, se cre\u00f3 en la provincia de Mayabeque (al norte de La Habana) una biblioteca independiente con su nombre, inform\u00f3 la p\u00e1gina web de la organizaci\u00f3n Damas de Blanco.<br \/>\u00a0<br \/><strong>Omayda Padr\u00f3n Azcuy<\/strong>, coordinadora nacional de la Red de Bibliotecas C\u00edvica Reinaldo Bragado Breta\u00f1a, se\u00f1al\u00f3 que el recinto literario ubicado en calle 8 n\u00famero 1313 del municipio de Bejucal, en la provincia de Mayabeque, es para honrar a esa valiente mujer que durante ocho a\u00f1os luch\u00f3 por la liberaci\u00f3n de decenas de disidentes cubanos encarcelados.<\/p>\n","protected":false},"excerpt":{"rendered":"<p>Para honrar la memoria de la l\u00edder de las Damas de Blanco,\u00a0 Laura Poll\u00e1n, fallecida en octubre pasado, se cre\u00f3 en la provincia de Mayabeque (al norte de La Habana) una biblioteca independiente con su nombre, inform\u00f3 la p\u00e1gina web [&hellip;]<\/p>\n","protected":false},"author":72,"featured_media":0,"comment_status":"open","ping_status":"","sticky":false,"template":"","format":"standard","meta":{"footnotes":""},"categories":[26630],"tags":[28601,28602,28603],"class_list":["post-56053","post","type-post","status-publish","format-standard","hentry","category-es-movimientos-sociales-es-liderazgo","tag-damas-de-blanco","tag-laura-pollan","tag-omayda-padro-azcuy"],"yoast_head":"<!-- This site is optimized with the Yoast SEO plugin v27.4 - https:\/\/yoast.com\/product\/yoast-seo-wordpress\/ -->\n<title>Cuba: Biblioteca privada en memoria de la lidereza de las Damas de Blanco | La Independent<\/title>\n<meta name=\"description\" content=\"Para honrar la memoria de la l\u00edder de las Damas de Blanco,\u00a0 Laura Poll\u00e1n, fallecida en octubre pasado, se cre\u00f3 en la provincia de Mayabeque (al norte de\" \/>\n<meta name=\"robots\" content=\"index, follow, max-snippet:-1, max-image-preview:large, max-video-preview:-1\" \/>\n<link rel=\"canonical\" href=\"https:\/\/laindependent.cat\/es\/cuba-biblioteca-privada-en-memoria-de-la-lidereza-de-las-damas-de-blanco\/\" \/>\n<meta property=\"og:locale\" content=\"es_ES\" \/>\n<meta property=\"og:type\" content=\"article\" \/>\n<meta property=\"og:title\" content=\"Cuba: Biblioteca privada en memoria de la lidereza de las Damas de Blanco | La Independent\" \/>\n<meta property=\"og:description\" content=\"Para honrar la memoria de la l\u00edder de las Damas de Blanco,\u00a0 Laura Poll\u00e1n, fallecida en octubre pasado, se cre\u00f3 en la provincia de Mayabeque (al norte de\" \/>\n<meta property=\"og:url\" content=\"https:\/\/laindependent.cat\/es\/cuba-biblioteca-privada-en-memoria-de-la-lidereza-de-las-damas-de-blanco\/\" \/>\n<meta property=\"og:site_name\" content=\"La Independent\" \/>\n<meta property=\"article:author\" content=\"https:\/\/www.facebook.com\/tona.gusi\" \/>\n<meta property=\"article:published_time\" content=\"2012-01-12T10:07:37+00:00\" \/>\n<meta name=\"author\" content=\"Tona Gusi\" \/>\n<meta name=\"twitter:card\" content=\"summary_large_image\" \/>\n<meta name=\"twitter:creator\" content=\"@https:\/\/twitter.com\/tonagusi\" \/>\n<meta name=\"twitter:label1\" content=\"Escrito por\" \/>\n\t<meta name=\"twitter:data1\" content=\"Tona Gusi\" \/>\n\t<meta name=\"twitter:label2\" content=\"Tiempo de lectura\" \/>\n\t<meta name=\"twitter:data2\" content=\"1 minuto\" \/>\n<script type=\"application\/ld+json\" class=\"yoast-schema-graph\">{\"@context\":\"https:\\\/\\\/schema.org\",\"@graph\":[{\"@type\":\"Article\",\"@id\":\"https:\\\/\\\/laindependent.cat\\\/es\\\/cuba-biblioteca-privada-en-memoria-de-la-lidereza-de-las-damas-de-blanco\\\/#article\",\"isPartOf\":{\"@id\":\"https:\\\/\\\/laindependent.cat\\\/es\\\/cuba-biblioteca-privada-en-memoria-de-la-lidereza-de-las-damas-de-blanco\\\/\"},\"author\":{\"name\":\"Tona Gusi\",\"@id\":\"https:\\\/\\\/laindependent.cat\\\/es\\\/#\\\/schema\\\/person\\\/48977a569b250ff82a4929194239bcc9\"},\"headline\":\"Cuba: Biblioteca privada en memoria de la lidereza de las Damas de Blanco\",\"datePublished\":\"2012-01-12T10:07:37+00:00\",\"mainEntityOfPage\":{\"@id\":\"https:\\\/\\\/laindependent.cat\\\/es\\\/cuba-biblioteca-privada-en-memoria-de-la-lidereza-de-las-damas-de-blanco\\\/\"},\"wordCount\":123,\"commentCount\":0,\"publisher\":{\"@id\":\"https:\\\/\\\/laindependent.cat\\\/es\\\/#organization\"},\"keywords\":[\"Damas de Blanco\",\"Laura Poll\u00e1n\",\"Omayda Padr\u00f3 Azcuy\"],\"articleSection\":[\"Movimientos Sociales\"],\"inLanguage\":\"es\",\"potentialAction\":[{\"@type\":\"CommentAction\",\"name\":\"Comment\",\"target\":[\"https:\\\/\\\/laindependent.cat\\\/es\\\/cuba-biblioteca-privada-en-memoria-de-la-lidereza-de-las-damas-de-blanco\\\/#respond\"]}]},{\"@type\":\"WebPage\",\"@id\":\"https:\\\/\\\/laindependent.cat\\\/es\\\/cuba-biblioteca-privada-en-memoria-de-la-lidereza-de-las-damas-de-blanco\\\/\",\"url\":\"https:\\\/\\\/laindependent.cat\\\/es\\\/cuba-biblioteca-privada-en-memoria-de-la-lidereza-de-las-damas-de-blanco\\\/\",\"name\":\"Cuba: Biblioteca privada en memoria de la lidereza de las Damas de Blanco | La Independent\",\"isPartOf\":{\"@id\":\"https:\\\/\\\/laindependent.cat\\\/es\\\/#website\"},\"datePublished\":\"2012-01-12T10:07:37+00:00\",\"description\":\"Para honrar la memoria de la l\u00edder de las Damas de Blanco,\u00a0 Laura Poll\u00e1n, fallecida en octubre pasado, se cre\u00f3 en la provincia de Mayabeque (al norte de\",\"breadcrumb\":{\"@id\":\"https:\\\/\\\/laindependent.cat\\\/es\\\/cuba-biblioteca-privada-en-memoria-de-la-lidereza-de-las-damas-de-blanco\\\/#breadcrumb\"},\"inLanguage\":\"es\",\"potentialAction\":[{\"@type\":\"ReadAction\",\"target\":[\"https:\\\/\\\/laindependent.cat\\\/es\\\/cuba-biblioteca-privada-en-memoria-de-la-lidereza-de-las-damas-de-blanco\\\/\"]}]},{\"@type\":\"BreadcrumbList\",\"@id\":\"https:\\\/\\\/laindependent.cat\\\/es\\\/cuba-biblioteca-privada-en-memoria-de-la-lidereza-de-las-damas-de-blanco\\\/#breadcrumb\",\"itemListElement\":[{\"@type\":\"ListItem\",\"position\":1,\"name\":\"Inici\",\"item\":\"https:\\\/\\\/laindependent.cat\\\/es\\\/la-independent\\\/\"},{\"@type\":\"ListItem\",\"position\":2,\"name\":\"Empoderamiento y Liderazgo\",\"item\":\"https:\\\/\\\/laindependent.cat\\\/es\\\/tema\\\/empoderamiento-liderazgo\\\/\"},{\"@type\":\"ListItem\",\"position\":3,\"name\":\"Movimientos Sociales\",\"item\":\"https:\\\/\\\/laindependent.cat\\\/es\\\/tema\\\/empoderamiento-liderazgo\\\/es-movimientos-sociales-es-liderazgo\\\/\"},{\"@type\":\"ListItem\",\"position\":4,\"name\":\"Cuba: Biblioteca privada en memoria de la lidereza de las Damas de Blanco\"}]},{\"@type\":\"WebSite\",\"@id\":\"https:\\\/\\\/laindependent.cat\\\/es\\\/#website\",\"url\":\"https:\\\/\\\/laindependent.cat\\\/es\\\/\",\"name\":\"La Independent\",\"description\":\"Ag\u00e8ncia de not\u00edcies amb visi\u00f3 de g\u00e8nere\",\"publisher\":{\"@id\":\"https:\\\/\\\/laindependent.cat\\\/es\\\/#organization\"},\"alternateName\":\"Ag\u00e8ncia de not\u00edcies amb visi\u00f3 de g\u00e8nere\",\"potentialAction\":[{\"@type\":\"SearchAction\",\"target\":{\"@type\":\"EntryPoint\",\"urlTemplate\":\"https:\\\/\\\/laindependent.cat\\\/es\\\/?s={search_term_string}\"},\"query-input\":{\"@type\":\"PropertyValueSpecification\",\"valueRequired\":true,\"valueName\":\"search_term_string\"}}],\"inLanguage\":\"es\"},{\"@type\":\"Organization\",\"@id\":\"https:\\\/\\\/laindependent.cat\\\/es\\\/#organization\",\"name\":\"La Independent\",\"alternateName\":\"Ag\u00e8ncia de not\u00edcies amb visi\u00f3 de g\u00e8nere\",\"url\":\"https:\\\/\\\/laindependent.cat\\\/es\\\/\",\"logo\":{\"@type\":\"ImageObject\",\"inLanguage\":\"es\",\"@id\":\"https:\\\/\\\/laindependent.cat\\\/es\\\/#\\\/schema\\\/logo\\\/image\\\/\",\"url\":\"https:\\\/\\\/laindependent.cat\\\/wp-content\\\/uploads\\\/2022\\\/10\\\/logo-independent.svg\",\"contentUrl\":\"https:\\\/\\\/laindependent.cat\\\/wp-content\\\/uploads\\\/2022\\\/10\\\/logo-independent.svg\",\"width\":562,\"height\":78,\"caption\":\"La Independent\"},\"image\":{\"@id\":\"https:\\\/\\\/laindependent.cat\\\/es\\\/#\\\/schema\\\/logo\\\/image\\\/\"}},{\"@type\":\"Person\",\"@id\":\"https:\\\/\\\/laindependent.cat\\\/es\\\/#\\\/schema\\\/person\\\/48977a569b250ff82a4929194239bcc9\",\"name\":\"Tona Gusi\",\"image\":{\"@type\":\"ImageObject\",\"inLanguage\":\"es\",\"@id\":\"https:\\\/\\\/secure.gravatar.com\\\/avatar\\\/d09891f52233d2ed7c2e066fc06640e576202983bf7f713e372185f035ac5f67?s=96&d=blank&r=g\",\"url\":\"https:\\\/\\\/secure.gravatar.com\\\/avatar\\\/d09891f52233d2ed7c2e066fc06640e576202983bf7f713e372185f035ac5f67?s=96&d=blank&r=g\",\"contentUrl\":\"https:\\\/\\\/secure.gravatar.com\\\/avatar\\\/d09891f52233d2ed7c2e066fc06640e576202983bf7f713e372185f035ac5f67?s=96&d=blank&r=g\",\"caption\":\"Tona Gusi\"},\"description\":\"Fundadora i Co-coordinadora de La Independent. Tamb\u00e9 \u00e9s psic\u00f2loga menci\u00f3 en Psicologia d'Intervenci\u00f3 Cl\u00ednica i menci\u00f3 en Psicologia del Treball i les Organitzacions.\",\"sameAs\":[\"https:\\\/\\\/www.facebook.com\\\/tona.gusi\",\"https:\\\/\\\/x.com\\\/https:\\\/\\\/twitter.com\\\/tonagusi\"],\"url\":\"https:\\\/\\\/laindependent.cat\\\/es\\\/author\\\/tona-gusi\\\/\"}]}<\/script>\n<!-- \/ Yoast SEO plugin. -->","yoast_head_json":{"title":"Cuba: Biblioteca privada en memoria de la lidereza de las Damas de Blanco | La Independent","description":"Para honrar la memoria de la l\u00edder de las Damas de Blanco,\u00a0 Laura Poll\u00e1n, fallecida en octubre pasado, se cre\u00f3 en la provincia de Mayabeque (al norte de","robots":{"index":"index","follow":"follow","max-snippet":"max-snippet:-1","max-image-preview":"max-image-preview:large","max-video-preview":"max-video-preview:-1"},"canonical":"https:\/\/laindependent.cat\/es\/cuba-biblioteca-privada-en-memoria-de-la-lidereza-de-las-damas-de-blanco\/","og_locale":"es_ES","og_type":"article","og_title":"Cuba: Biblioteca privada en memoria de la lidereza de las Damas de Blanco | La Independent","og_description":"Para honrar la memoria de la l\u00edder de las Damas de Blanco,\u00a0 Laura Poll\u00e1n, fallecida en octubre pasado, se cre\u00f3 en la provincia de Mayabeque (al norte de","og_url":"https:\/\/laindependent.cat\/es\/cuba-biblioteca-privada-en-memoria-de-la-lidereza-de-las-damas-de-blanco\/","og_site_name":"La Independent","article_author":"https:\/\/www.facebook.com\/tona.gusi","article_published_time":"2012-01-12T10:07:37+00:00","author":"Tona Gusi","twitter_card":"summary_large_image","twitter_creator":"@https:\/\/twitter.com\/tonagusi","twitter_misc":{"Escrito por":"Tona Gusi","Tiempo de lectura":"1 minuto"},"schema":{"@context":"https:\/\/schema.org","@graph":[{"@type":"Article","@id":"https:\/\/laindependent.cat\/es\/cuba-biblioteca-privada-en-memoria-de-la-lidereza-de-las-damas-de-blanco\/#article","isPartOf":{"@id":"https:\/\/laindependent.cat\/es\/cuba-biblioteca-privada-en-memoria-de-la-lidereza-de-las-damas-de-blanco\/"},"author":{"name":"Tona Gusi","@id":"https:\/\/laindependent.cat\/es\/#\/schema\/person\/48977a569b250ff82a4929194239bcc9"},"headline":"Cuba: Biblioteca privada en memoria de la lidereza de las Damas de Blanco","datePublished":"2012-01-12T10:07:37+00:00","mainEntityOfPage":{"@id":"https:\/\/laindependent.cat\/es\/cuba-biblioteca-privada-en-memoria-de-la-lidereza-de-las-damas-de-blanco\/"},"wordCount":123,"commentCount":0,"publisher":{"@id":"https:\/\/laindependent.cat\/es\/#organization"},"keywords":["Damas de Blanco","Laura Poll\u00e1n","Omayda Padr\u00f3 Azcuy"],"articleSection":["Movimientos Sociales"],"inLanguage":"es","potentialAction":[{"@type":"CommentAction","name":"Comment","target":["https:\/\/laindependent.cat\/es\/cuba-biblioteca-privada-en-memoria-de-la-lidereza-de-las-damas-de-blanco\/#respond"]}]},{"@type":"WebPage","@id":"https:\/\/laindependent.cat\/es\/cuba-biblioteca-privada-en-memoria-de-la-lidereza-de-las-damas-de-blanco\/","url":"https:\/\/laindependent.cat\/es\/cuba-biblioteca-privada-en-memoria-de-la-lidereza-de-las-damas-de-blanco\/","name":"Cuba: Biblioteca privada en memoria de la lidereza de las Damas de Blanco | La Independent","isPartOf":{"@id":"https:\/\/laindependent.cat\/es\/#website"},"datePublished":"2012-01-12T10:07:37+00:00","description":"Para honrar la memoria de la l\u00edder de las Damas de Blanco,\u00a0 Laura Poll\u00e1n, fallecida en octubre pasado, se cre\u00f3 en la provincia de Mayabeque (al norte de","breadcrumb":{"@id":"https:\/\/laindependent.cat\/es\/cuba-biblioteca-privada-en-memoria-de-la-lidereza-de-las-damas-de-blanco\/#breadcrumb"},"inLanguage":"es","potentialAction":[{"@type":"ReadAction","target":["https:\/\/laindependent.cat\/es\/cuba-biblioteca-privada-en-memoria-de-la-lidereza-de-las-damas-de-blanco\/"]}]},{"@type":"BreadcrumbList","@id":"https:\/\/laindependent.cat\/es\/cuba-biblioteca-privada-en-memoria-de-la-lidereza-de-las-damas-de-blanco\/#breadcrumb","itemListElement":[{"@type":"ListItem","position":1,"name":"Inici","item":"https:\/\/laindependent.cat\/es\/la-independent\/"},{"@type":"ListItem","position":2,"name":"Empoderamiento y Liderazgo","item":"https:\/\/laindependent.cat\/es\/tema\/empoderamiento-liderazgo\/"},{"@type":"ListItem","position":3,"name":"Movimientos Sociales","item":"https:\/\/laindependent.cat\/es\/tema\/empoderamiento-liderazgo\/es-movimientos-sociales-es-liderazgo\/"},{"@type":"ListItem","position":4,"name":"Cuba: Biblioteca privada en memoria de la lidereza de las Damas de Blanco"}]},{"@type":"WebSite","@id":"https:\/\/laindependent.cat\/es\/#website","url":"https:\/\/laindependent.cat\/es\/","name":"La Independent","description":"Ag\u00e8ncia de not\u00edcies amb visi\u00f3 de g\u00e8nere","publisher":{"@id":"https:\/\/laindependent.cat\/es\/#organization"},"alternateName":"Ag\u00e8ncia de not\u00edcies amb visi\u00f3 de g\u00e8nere","potentialAction":[{"@type":"SearchAction","target":{"@type":"EntryPoint","urlTemplate":"https:\/\/laindependent.cat\/es\/?s={search_term_string}"},"query-input":{"@type":"PropertyValueSpecification","valueRequired":true,"valueName":"search_term_string"}}],"inLanguage":"es"},{"@type":"Organization","@id":"https:\/\/laindependent.cat\/es\/#organization","name":"La Independent","alternateName":"Ag\u00e8ncia de not\u00edcies amb visi\u00f3 de g\u00e8nere","url":"https:\/\/laindependent.cat\/es\/","logo":{"@type":"ImageObject","inLanguage":"es","@id":"https:\/\/laindependent.cat\/es\/#\/schema\/logo\/image\/","url":"https:\/\/laindependent.cat\/wp-content\/uploads\/2022\/10\/logo-independent.svg","contentUrl":"https:\/\/laindependent.cat\/wp-content\/uploads\/2022\/10\/logo-independent.svg","width":562,"height":78,"caption":"La Independent"},"image":{"@id":"https:\/\/laindependent.cat\/es\/#\/schema\/logo\/image\/"}},{"@type":"Person","@id":"https:\/\/laindependent.cat\/es\/#\/schema\/person\/48977a569b250ff82a4929194239bcc9","name":"Tona Gusi","image":{"@type":"ImageObject","inLanguage":"es","@id":"https:\/\/secure.gravatar.com\/avatar\/d09891f52233d2ed7c2e066fc06640e576202983bf7f713e372185f035ac5f67?s=96&d=blank&r=g","url":"https:\/\/secure.gravatar.com\/avatar\/d09891f52233d2ed7c2e066fc06640e576202983bf7f713e372185f035ac5f67?s=96&d=blank&r=g","contentUrl":"https:\/\/secure.gravatar.com\/avatar\/d09891f52233d2ed7c2e066fc06640e576202983bf7f713e372185f035ac5f67?s=96&d=blank&r=g","caption":"Tona Gusi"},"description":"Fundadora i Co-coordinadora de La Independent. Tamb\u00e9 \u00e9s psic\u00f2loga menci\u00f3 en Psicologia d'Intervenci\u00f3 Cl\u00ednica i menci\u00f3 en Psicologia del Treball i les Organitzacions.","sameAs":["https:\/\/www.facebook.com\/tona.gusi","https:\/\/x.com\/https:\/\/twitter.com\/tonagusi"],"url":"https:\/\/laindependent.cat\/es\/author\/tona-gusi\/"}]}},"_links":{"self":[{"href":"https:\/\/laindependent.cat\/es\/wp-json\/wp\/v2\/posts\/56053","targetHints":{"allow":["GET"]}}],"collection":[{"href":"https:\/\/laindependent.cat\/es\/wp-json\/wp\/v2\/posts"}],"about":[{"href":"https:\/\/laindependent.cat\/es\/wp-json\/wp\/v2\/types\/post"}],"author":[{"embeddable":true,"href":"https:\/\/laindependent.cat\/es\/wp-json\/wp\/v2\/users\/72"}],"replies":[{"embeddable":true,"href":"https:\/\/laindependent.cat\/es\/wp-json\/wp\/v2\/comments?post=56053"}],"version-history":[{"count":0,"href":"https:\/\/laindependent.cat\/es\/wp-json\/wp\/v2\/posts\/56053\/revisions"}],"wp:attachment":[{"href":"https:\/\/laindependent.cat\/es\/wp-json\/wp\/v2\/media?parent=56053"}],"wp:term":[{"taxonomy":"category","embeddable":true,"href":"https:\/\/laindependent.cat\/es\/wp-json\/wp\/v2\/categories?post=56053"},{"taxonomy":"post_tag","embeddable":true,"href":"https:\/\/laindependent.cat\/es\/wp-json\/wp\/v2\/tags?post=56053"}],"curies":[{"name":"wp","href":"https:\/\/api.w.org\/{rel}","templated":true}]}}