{"id":55817,"date":"2011-12-01T17:19:57","date_gmt":"2011-12-01T16:19:57","guid":{"rendered":"https:\/\/laindependent.cat\/el-carnet-de-conduir-mes-car-per-a-elles-que-per-a-ells-2\/"},"modified":"2011-12-01T17:19:57","modified_gmt":"2011-12-01T16:19:57","slug":"el-carnet-de-conduir-mes-car-per-a-elles-que-per-a-ells-2","status":"publish","type":"post","link":"https:\/\/laindependent.cat\/es\/el-carnet-de-conduir-mes-car-per-a-elles-que-per-a-ells-2\/","title":{"rendered":"El carnet de conduir m\u00e9s car per a elles que per a ells!"},"content":{"rendered":"<p style=\"text-align: left;\">AmecoPress.- Una xarxa d&#8217;autoescoles de Saragossa oferia una promoci\u00f3 per a joves des del mes de maig: 665 euros per a ells i 850 per a elles per totes les classes que necessitin per treure el carnet de conduir. Despr\u00e9s de la seva den\u00fancia, l&#8217;oferta ha estat retirada per &#8220;sexista, discriminat\u00f2ria&#8221; i, tamb\u00e9, per &#8220;il\u00b7legal&#8221;.<\/p>\n<p style=\"text-align: left;\">La den\u00fancia va arribar a la Uni\u00f3 de Consumidors d&#8217;Arag\u00f3 a trav\u00e9s d&#8217;una dona que estava comparant promocions i es va trobar amb aquesta discriminaci\u00f3 per ra\u00f3 de sexe i d&#8217;aqu\u00ed va passar a la Direcci\u00f3 General de Consum del Govern d&#8217;Arag\u00f3 i l&#8217; Institut de la Dona ho va comunicar a l&#8217;estatal.<\/p>\n","protected":false},"excerpt":{"rendered":"<p>AmecoPress.- Una xarxa d&#8217;autoescoles de Saragossa oferia una promoci\u00f3 per a joves des del mes de maig: 665 euros per a ells i 850 per a elles per totes les classes que necessitin per treure el carnet de conduir. Despr\u00e9s [&hellip;]<\/p>\n","protected":false},"author":72,"featured_media":0,"comment_status":"open","ping_status":"","sticky":false,"template":"","format":"standard","meta":{"footnotes":""},"categories":[26413],"tags":[],"class_list":["post-55817","post","type-post","status-publish","format-standard","hentry","category-economia"],"yoast_head":"<!-- This site is optimized with the Yoast SEO plugin v27.4 - https:\/\/yoast.com\/product\/yoast-seo-wordpress\/ -->\n<title>El carnet de conduir m\u00e9s car per a elles que per a ells! | La Independent<\/title>\n<meta name=\"description\" content=\"AmecoPress.- Una xarxa d&#039;autoescoles de Saragossa oferia una promoci\u00f3 per a joves des del mes de maig: 665 euros per a ells i 850 per a elles per totes\" \/>\n<meta name=\"robots\" content=\"index, follow, max-snippet:-1, max-image-preview:large, max-video-preview:-1\" \/>\n<link rel=\"canonical\" href=\"https:\/\/laindependent.cat\/es\/el-carnet-de-conduir-mes-car-per-a-elles-que-per-a-ells-2\/\" \/>\n<meta property=\"og:locale\" content=\"es_ES\" \/>\n<meta property=\"og:type\" content=\"article\" \/>\n<meta property=\"og:title\" content=\"El carnet de conduir m\u00e9s car per a elles que per a ells! | La Independent\" \/>\n<meta property=\"og:description\" content=\"AmecoPress.- Una xarxa d&#039;autoescoles de Saragossa oferia una promoci\u00f3 per a joves des del mes de maig: 665 euros per a ells i 850 per a elles per totes\" \/>\n<meta property=\"og:url\" content=\"https:\/\/laindependent.cat\/es\/el-carnet-de-conduir-mes-car-per-a-elles-que-per-a-ells-2\/\" \/>\n<meta property=\"og:site_name\" content=\"La Independent\" \/>\n<meta property=\"article:author\" content=\"https:\/\/www.facebook.com\/tona.gusi\" \/>\n<meta property=\"article:published_time\" content=\"2011-12-01T16:19:57+00:00\" \/>\n<meta name=\"author\" content=\"Tona Gusi\" \/>\n<meta name=\"twitter:card\" content=\"summary_large_image\" \/>\n<meta name=\"twitter:creator\" content=\"@https:\/\/twitter.com\/tonagusi\" \/>\n<meta name=\"twitter:label1\" content=\"Escrito por\" \/>\n\t<meta name=\"twitter:data1\" content=\"Tona Gusi\" \/>\n\t<meta name=\"twitter:label2\" content=\"Tiempo de lectura\" \/>\n\t<meta name=\"twitter:data2\" content=\"1 minuto\" \/>\n<script type=\"application\/ld+json\" class=\"yoast-schema-graph\">{\"@context\":\"https:\\\/\\\/schema.org\",\"@graph\":[{\"@type\":\"Article\",\"@id\":\"https:\\\/\\\/laindependent.cat\\\/es\\\/el-carnet-de-conduir-mes-car-per-a-elles-que-per-a-ells-2\\\/#article\",\"isPartOf\":{\"@id\":\"https:\\\/\\\/laindependent.cat\\\/es\\\/el-carnet-de-conduir-mes-car-per-a-elles-que-per-a-ells-2\\\/\"},\"author\":{\"name\":\"Tona Gusi\",\"@id\":\"https:\\\/\\\/laindependent.cat\\\/es\\\/#\\\/schema\\\/person\\\/48977a569b250ff82a4929194239bcc9\"},\"headline\":\"El carnet de conduir m\u00e9s car per a elles que per a ells!\",\"datePublished\":\"2011-12-01T16:19:57+00:00\",\"mainEntityOfPage\":{\"@id\":\"https:\\\/\\\/laindependent.cat\\\/es\\\/el-carnet-de-conduir-mes-car-per-a-elles-que-per-a-ells-2\\\/\"},\"wordCount\":134,\"commentCount\":0,\"publisher\":{\"@id\":\"https:\\\/\\\/laindependent.cat\\\/es\\\/#organization\"},\"articleSection\":[\"Econom\u00eda\"],\"inLanguage\":\"es\",\"potentialAction\":[{\"@type\":\"CommentAction\",\"name\":\"Comment\",\"target\":[\"https:\\\/\\\/laindependent.cat\\\/es\\\/el-carnet-de-conduir-mes-car-per-a-elles-que-per-a-ells-2\\\/#respond\"]}]},{\"@type\":\"WebPage\",\"@id\":\"https:\\\/\\\/laindependent.cat\\\/es\\\/el-carnet-de-conduir-mes-car-per-a-elles-que-per-a-ells-2\\\/\",\"url\":\"https:\\\/\\\/laindependent.cat\\\/es\\\/el-carnet-de-conduir-mes-car-per-a-elles-que-per-a-ells-2\\\/\",\"name\":\"El carnet de conduir m\u00e9s car per a elles que per a ells! | La Independent\",\"isPartOf\":{\"@id\":\"https:\\\/\\\/laindependent.cat\\\/es\\\/#website\"},\"datePublished\":\"2011-12-01T16:19:57+00:00\",\"description\":\"AmecoPress.- Una xarxa d'autoescoles de Saragossa oferia una promoci\u00f3 per a joves des del mes de maig: 665 euros per a ells i 850 per a elles per totes\",\"breadcrumb\":{\"@id\":\"https:\\\/\\\/laindependent.cat\\\/es\\\/el-carnet-de-conduir-mes-car-per-a-elles-que-per-a-ells-2\\\/#breadcrumb\"},\"inLanguage\":\"es\",\"potentialAction\":[{\"@type\":\"ReadAction\",\"target\":[\"https:\\\/\\\/laindependent.cat\\\/es\\\/el-carnet-de-conduir-mes-car-per-a-elles-que-per-a-ells-2\\\/\"]}]},{\"@type\":\"BreadcrumbList\",\"@id\":\"https:\\\/\\\/laindependent.cat\\\/es\\\/el-carnet-de-conduir-mes-car-per-a-elles-que-per-a-ells-2\\\/#breadcrumb\",\"itemListElement\":[{\"@type\":\"ListItem\",\"position\":1,\"name\":\"Inici\",\"item\":\"https:\\\/\\\/laindependent.cat\\\/es\\\/la-independent\\\/\"},{\"@type\":\"ListItem\",\"position\":2,\"name\":\"Econom\u00eda y Empleo\",\"item\":\"https:\\\/\\\/laindependent.cat\\\/es\\\/tema\\\/economia-y-empleo\\\/\"},{\"@type\":\"ListItem\",\"position\":3,\"name\":\"Econom\u00eda\",\"item\":\"https:\\\/\\\/laindependent.cat\\\/es\\\/tema\\\/economia-y-empleo\\\/economia\\\/\"},{\"@type\":\"ListItem\",\"position\":4,\"name\":\"El carnet de conduir m\u00e9s car per a elles que per a ells!\"}]},{\"@type\":\"WebSite\",\"@id\":\"https:\\\/\\\/laindependent.cat\\\/es\\\/#website\",\"url\":\"https:\\\/\\\/laindependent.cat\\\/es\\\/\",\"name\":\"La Independent\",\"description\":\"Ag\u00e8ncia de not\u00edcies amb visi\u00f3 de g\u00e8nere\",\"publisher\":{\"@id\":\"https:\\\/\\\/laindependent.cat\\\/es\\\/#organization\"},\"alternateName\":\"Ag\u00e8ncia de not\u00edcies amb visi\u00f3 de g\u00e8nere\",\"potentialAction\":[{\"@type\":\"SearchAction\",\"target\":{\"@type\":\"EntryPoint\",\"urlTemplate\":\"https:\\\/\\\/laindependent.cat\\\/es\\\/?s={search_term_string}\"},\"query-input\":{\"@type\":\"PropertyValueSpecification\",\"valueRequired\":true,\"valueName\":\"search_term_string\"}}],\"inLanguage\":\"es\"},{\"@type\":\"Organization\",\"@id\":\"https:\\\/\\\/laindependent.cat\\\/es\\\/#organization\",\"name\":\"La Independent\",\"alternateName\":\"Ag\u00e8ncia de not\u00edcies amb visi\u00f3 de g\u00e8nere\",\"url\":\"https:\\\/\\\/laindependent.cat\\\/es\\\/\",\"logo\":{\"@type\":\"ImageObject\",\"inLanguage\":\"es\",\"@id\":\"https:\\\/\\\/laindependent.cat\\\/es\\\/#\\\/schema\\\/logo\\\/image\\\/\",\"url\":\"https:\\\/\\\/laindependent.cat\\\/wp-content\\\/uploads\\\/2022\\\/10\\\/logo-independent.svg\",\"contentUrl\":\"https:\\\/\\\/laindependent.cat\\\/wp-content\\\/uploads\\\/2022\\\/10\\\/logo-independent.svg\",\"width\":562,\"height\":78,\"caption\":\"La Independent\"},\"image\":{\"@id\":\"https:\\\/\\\/laindependent.cat\\\/es\\\/#\\\/schema\\\/logo\\\/image\\\/\"}},{\"@type\":\"Person\",\"@id\":\"https:\\\/\\\/laindependent.cat\\\/es\\\/#\\\/schema\\\/person\\\/48977a569b250ff82a4929194239bcc9\",\"name\":\"Tona Gusi\",\"image\":{\"@type\":\"ImageObject\",\"inLanguage\":\"es\",\"@id\":\"https:\\\/\\\/secure.gravatar.com\\\/avatar\\\/d09891f52233d2ed7c2e066fc06640e576202983bf7f713e372185f035ac5f67?s=96&d=blank&r=g\",\"url\":\"https:\\\/\\\/secure.gravatar.com\\\/avatar\\\/d09891f52233d2ed7c2e066fc06640e576202983bf7f713e372185f035ac5f67?s=96&d=blank&r=g\",\"contentUrl\":\"https:\\\/\\\/secure.gravatar.com\\\/avatar\\\/d09891f52233d2ed7c2e066fc06640e576202983bf7f713e372185f035ac5f67?s=96&d=blank&r=g\",\"caption\":\"Tona Gusi\"},\"description\":\"Fundadora i Co-coordinadora de La Independent. Tamb\u00e9 \u00e9s psic\u00f2loga menci\u00f3 en Psicologia d'Intervenci\u00f3 Cl\u00ednica i menci\u00f3 en Psicologia del Treball i les Organitzacions.\",\"sameAs\":[\"https:\\\/\\\/www.facebook.com\\\/tona.gusi\",\"https:\\\/\\\/x.com\\\/https:\\\/\\\/twitter.com\\\/tonagusi\"],\"url\":\"https:\\\/\\\/laindependent.cat\\\/es\\\/author\\\/tona-gusi\\\/\"}]}<\/script>\n<!-- \/ Yoast SEO plugin. -->","yoast_head_json":{"title":"El carnet de conduir m\u00e9s car per a elles que per a ells! | La Independent","description":"AmecoPress.- Una xarxa d'autoescoles de Saragossa oferia una promoci\u00f3 per a joves des del mes de maig: 665 euros per a ells i 850 per a elles per totes","robots":{"index":"index","follow":"follow","max-snippet":"max-snippet:-1","max-image-preview":"max-image-preview:large","max-video-preview":"max-video-preview:-1"},"canonical":"https:\/\/laindependent.cat\/es\/el-carnet-de-conduir-mes-car-per-a-elles-que-per-a-ells-2\/","og_locale":"es_ES","og_type":"article","og_title":"El carnet de conduir m\u00e9s car per a elles que per a ells! | La Independent","og_description":"AmecoPress.- Una xarxa d'autoescoles de Saragossa oferia una promoci\u00f3 per a joves des del mes de maig: 665 euros per a ells i 850 per a elles per totes","og_url":"https:\/\/laindependent.cat\/es\/el-carnet-de-conduir-mes-car-per-a-elles-que-per-a-ells-2\/","og_site_name":"La Independent","article_author":"https:\/\/www.facebook.com\/tona.gusi","article_published_time":"2011-12-01T16:19:57+00:00","author":"Tona Gusi","twitter_card":"summary_large_image","twitter_creator":"@https:\/\/twitter.com\/tonagusi","twitter_misc":{"Escrito por":"Tona Gusi","Tiempo de lectura":"1 minuto"},"schema":{"@context":"https:\/\/schema.org","@graph":[{"@type":"Article","@id":"https:\/\/laindependent.cat\/es\/el-carnet-de-conduir-mes-car-per-a-elles-que-per-a-ells-2\/#article","isPartOf":{"@id":"https:\/\/laindependent.cat\/es\/el-carnet-de-conduir-mes-car-per-a-elles-que-per-a-ells-2\/"},"author":{"name":"Tona Gusi","@id":"https:\/\/laindependent.cat\/es\/#\/schema\/person\/48977a569b250ff82a4929194239bcc9"},"headline":"El carnet de conduir m\u00e9s car per a elles que per a ells!","datePublished":"2011-12-01T16:19:57+00:00","mainEntityOfPage":{"@id":"https:\/\/laindependent.cat\/es\/el-carnet-de-conduir-mes-car-per-a-elles-que-per-a-ells-2\/"},"wordCount":134,"commentCount":0,"publisher":{"@id":"https:\/\/laindependent.cat\/es\/#organization"},"articleSection":["Econom\u00eda"],"inLanguage":"es","potentialAction":[{"@type":"CommentAction","name":"Comment","target":["https:\/\/laindependent.cat\/es\/el-carnet-de-conduir-mes-car-per-a-elles-que-per-a-ells-2\/#respond"]}]},{"@type":"WebPage","@id":"https:\/\/laindependent.cat\/es\/el-carnet-de-conduir-mes-car-per-a-elles-que-per-a-ells-2\/","url":"https:\/\/laindependent.cat\/es\/el-carnet-de-conduir-mes-car-per-a-elles-que-per-a-ells-2\/","name":"El carnet de conduir m\u00e9s car per a elles que per a ells! | La Independent","isPartOf":{"@id":"https:\/\/laindependent.cat\/es\/#website"},"datePublished":"2011-12-01T16:19:57+00:00","description":"AmecoPress.- Una xarxa d'autoescoles de Saragossa oferia una promoci\u00f3 per a joves des del mes de maig: 665 euros per a ells i 850 per a elles per totes","breadcrumb":{"@id":"https:\/\/laindependent.cat\/es\/el-carnet-de-conduir-mes-car-per-a-elles-que-per-a-ells-2\/#breadcrumb"},"inLanguage":"es","potentialAction":[{"@type":"ReadAction","target":["https:\/\/laindependent.cat\/es\/el-carnet-de-conduir-mes-car-per-a-elles-que-per-a-ells-2\/"]}]},{"@type":"BreadcrumbList","@id":"https:\/\/laindependent.cat\/es\/el-carnet-de-conduir-mes-car-per-a-elles-que-per-a-ells-2\/#breadcrumb","itemListElement":[{"@type":"ListItem","position":1,"name":"Inici","item":"https:\/\/laindependent.cat\/es\/la-independent\/"},{"@type":"ListItem","position":2,"name":"Econom\u00eda y Empleo","item":"https:\/\/laindependent.cat\/es\/tema\/economia-y-empleo\/"},{"@type":"ListItem","position":3,"name":"Econom\u00eda","item":"https:\/\/laindependent.cat\/es\/tema\/economia-y-empleo\/economia\/"},{"@type":"ListItem","position":4,"name":"El carnet de conduir m\u00e9s car per a elles que per a ells!"}]},{"@type":"WebSite","@id":"https:\/\/laindependent.cat\/es\/#website","url":"https:\/\/laindependent.cat\/es\/","name":"La Independent","description":"Ag\u00e8ncia de not\u00edcies amb visi\u00f3 de g\u00e8nere","publisher":{"@id":"https:\/\/laindependent.cat\/es\/#organization"},"alternateName":"Ag\u00e8ncia de not\u00edcies amb visi\u00f3 de g\u00e8nere","potentialAction":[{"@type":"SearchAction","target":{"@type":"EntryPoint","urlTemplate":"https:\/\/laindependent.cat\/es\/?s={search_term_string}"},"query-input":{"@type":"PropertyValueSpecification","valueRequired":true,"valueName":"search_term_string"}}],"inLanguage":"es"},{"@type":"Organization","@id":"https:\/\/laindependent.cat\/es\/#organization","name":"La Independent","alternateName":"Ag\u00e8ncia de not\u00edcies amb visi\u00f3 de g\u00e8nere","url":"https:\/\/laindependent.cat\/es\/","logo":{"@type":"ImageObject","inLanguage":"es","@id":"https:\/\/laindependent.cat\/es\/#\/schema\/logo\/image\/","url":"https:\/\/laindependent.cat\/wp-content\/uploads\/2022\/10\/logo-independent.svg","contentUrl":"https:\/\/laindependent.cat\/wp-content\/uploads\/2022\/10\/logo-independent.svg","width":562,"height":78,"caption":"La Independent"},"image":{"@id":"https:\/\/laindependent.cat\/es\/#\/schema\/logo\/image\/"}},{"@type":"Person","@id":"https:\/\/laindependent.cat\/es\/#\/schema\/person\/48977a569b250ff82a4929194239bcc9","name":"Tona Gusi","image":{"@type":"ImageObject","inLanguage":"es","@id":"https:\/\/secure.gravatar.com\/avatar\/d09891f52233d2ed7c2e066fc06640e576202983bf7f713e372185f035ac5f67?s=96&d=blank&r=g","url":"https:\/\/secure.gravatar.com\/avatar\/d09891f52233d2ed7c2e066fc06640e576202983bf7f713e372185f035ac5f67?s=96&d=blank&r=g","contentUrl":"https:\/\/secure.gravatar.com\/avatar\/d09891f52233d2ed7c2e066fc06640e576202983bf7f713e372185f035ac5f67?s=96&d=blank&r=g","caption":"Tona Gusi"},"description":"Fundadora i Co-coordinadora de La Independent. Tamb\u00e9 \u00e9s psic\u00f2loga menci\u00f3 en Psicologia d'Intervenci\u00f3 Cl\u00ednica i menci\u00f3 en Psicologia del Treball i les Organitzacions.","sameAs":["https:\/\/www.facebook.com\/tona.gusi","https:\/\/x.com\/https:\/\/twitter.com\/tonagusi"],"url":"https:\/\/laindependent.cat\/es\/author\/tona-gusi\/"}]}},"_links":{"self":[{"href":"https:\/\/laindependent.cat\/es\/wp-json\/wp\/v2\/posts\/55817","targetHints":{"allow":["GET"]}}],"collection":[{"href":"https:\/\/laindependent.cat\/es\/wp-json\/wp\/v2\/posts"}],"about":[{"href":"https:\/\/laindependent.cat\/es\/wp-json\/wp\/v2\/types\/post"}],"author":[{"embeddable":true,"href":"https:\/\/laindependent.cat\/es\/wp-json\/wp\/v2\/users\/72"}],"replies":[{"embeddable":true,"href":"https:\/\/laindependent.cat\/es\/wp-json\/wp\/v2\/comments?post=55817"}],"version-history":[{"count":0,"href":"https:\/\/laindependent.cat\/es\/wp-json\/wp\/v2\/posts\/55817\/revisions"}],"wp:attachment":[{"href":"https:\/\/laindependent.cat\/es\/wp-json\/wp\/v2\/media?parent=55817"}],"wp:term":[{"taxonomy":"category","embeddable":true,"href":"https:\/\/laindependent.cat\/es\/wp-json\/wp\/v2\/categories?post=55817"},{"taxonomy":"post_tag","embeddable":true,"href":"https:\/\/laindependent.cat\/es\/wp-json\/wp\/v2\/tags?post=55817"}],"curies":[{"name":"wp","href":"https:\/\/api.w.org\/{rel}","templated":true}]}}