{"id":55394,"date":"2011-10-05T16:33:02","date_gmt":"2011-10-05T14:33:02","guid":{"rendered":"https:\/\/laindependent.cat\/anna-politkovskaya-fue-la-persona-mas-valiente-que-he-conocido\/"},"modified":"2011-10-05T16:33:02","modified_gmt":"2011-10-05T14:33:02","slug":"anna-politkovskaya-fue-la-persona-mas-valiente-que-he-conocido","status":"publish","type":"post","link":"https:\/\/laindependent.cat\/es\/anna-politkovskaya-fue-la-persona-mas-valiente-que-he-conocido\/","title":{"rendered":"\u201cAnna Politkovskaya fue la persona m\u00e1s valiente que he conocido\u201d"},"content":{"rendered":"<p><img decoding=\"async\" class=\"size-full wp-image-27128 lazyload\" title=\"Anna Politkovskaya\" data-src=\"https:\/\/laindependent.cat\/wp-content\/uploads\/2011\/10\/anna_1.jpg\" alt=\"anna_1\" style=\"--smush-placeholder-width: 198px; --smush-placeholder-aspect-ratio: 198\/197;margin: 10px auto; vertical-align: middle; display: block;\" height=\"197\" width=\"198\" data-srcset=\"https:\/\/laindependent.cat\/wp-content\/uploads\/2011\/10\/anna_1.jpg 237w, https:\/\/laindependent.cat\/wp-content\/uploads\/2011\/10\/anna_1-150x150.jpg 150w\" data-sizes=\"(max-width: 198px) 100vw, 198px\" src=\"data:image\/svg+xml;base64,PHN2ZyB3aWR0aD0iMSIgaGVpZ2h0PSIxIiB4bWxucz0iaHR0cDovL3d3dy53My5vcmcvMjAwMC9zdmciPjwvc3ZnPg==\" \/><\/p>\n<p style=\"text-align: left;\"><span style=\"font-family: 'trebuchet ms', geneva; font-size: 10pt;\">\u201c<b>Anna <\/b><b>Politkovskaya<\/b><b> <\/b>fue la persona m\u00e1s valiente que he conocido. Ella siempre estaba en las calles hablando con la gente, documentando el horror de la guerra en Chechenia y eso la puso en el punto de mira\u201d, dice <b>Elena Milashina<\/b>, periodista del diario ruso, <a target=\"_blank\" href=\"http:\/\/en.novayagazeta.ru\/\" rel=\"noopener\">Novaya Gazeta<\/a>. <\/span><\/p>\n<p style=\"text-align: left;\"><span style=\"font-family: 'trebuchet ms', geneva; font-size: 10pt;\">\u201cHan pasado cinco a\u00f1os desde su muerte y de lo \u00fanico que tenemos certeza despu\u00e9s de todo este tiempo, es que las fuerzas de seguridad de Rusia sab\u00edan que eso iba a pasar y no hicieron nada por evitarlo\u201d, agrega <b>Milashina<\/b> refiri\u00e9ndose al asesinato de su amiga y colega, un acto criminal perpetrado el 7 de octubre de 2006 y que conmocion\u00f3 a la prensa del mundo entero ya que respondi\u00f3, sin duda, a las revelaciones period\u00edsticas de <b>Politkovskaya<\/b> sobre el horror y el genocidio perpetrado en Chechenia.<\/span><\/p>\n<p><!--more--><\/p>\n<p style=\"text-align: center;\"><span style=\"font-family: 'trebuchet ms', geneva; font-size: 10pt;\"><br \/><\/span><\/p>\n<p style=\"text-align: left;\"><span style=\"font-family: 'trebuchet ms', geneva; font-size: 10pt;\"><b>Milashina<\/b>, acompa\u00f1ada del escritor <b>Carles Torner<\/b>, fue la invitada principal del acto en memoria de Anna Politkovskaya realizado el pasado martes en la sede del <a target=\"_blank\" href=\"http:\/\/www.periodistes.org\/inici\/catalunya\" rel=\"noopener\">Colegio de Periodistas de Catalu\u00f1a<\/a>, y que fue organizado por el <a target=\"_blank\" href=\"http:\/\/www.pencatala.cat\/\" rel=\"noopener\">PEN Catal\u00e1n<\/a>, la <a target=\"_blank\" href=\"http:\/\/www.dretsdelspobles.org\/\" rel=\"noopener\">Lliga dels Drets del Pobles<\/a>, <a target=\"_blank\" href=\"http:\/\/www.vilaweb.cat\/\" rel=\"noopener\">Vilaweb<\/a> y la <a target=\"_blank\" href=\"http:\/\/sicom.cat\/\" rel=\"noopener\">Sicom<\/a>.<\/span><\/p>\n<p style=\"text-align: left;\"><span style=\"font-family: 'trebuchet ms', geneva; font-size: 10pt;\"><br \/><\/span><\/p>\n<p style=\"text-align: left;\"><span style=\"font-family: 'trebuchet ms', geneva; font-size: 10pt;\">En esta reuni\u00f3n <b>Elena Milashina<\/b> enfatiz\u00f3 que han transcurrido cinco a\u00f1os de impunidad, aunque para ella el dolor podr\u00eda remitirse hasta el a\u00f1o 2000, ya que desde esa fecha son cinco las y los periodistas de la <em>Novaya Gazeta<\/em>, incluida <b>Politkovskaya<\/b>, que han muerto como consecuencia de su labor informativa.<\/span><\/p>\n<p style=\"text-align: left;\"><span style=\"font-family: 'trebuchet ms', geneva; font-size: 10pt;\"><br \/><\/span><\/p>\n<p><span style=\"font-family: 'trebuchet ms', geneva; font-size: 10pt;\"><img fetchpriority=\"high\" decoding=\"async\" class=\" size-full wp-image-27129\" style=\"margin: 10px; vertical-align: middle;\" title=\"Carles Torner y Elena Milashina durante el acto\" src=\"https:\/\/laindependent.cat\/wp-content\/uploads\/2011\/10\/Anna2.jpg\" alt=\"Anna2\" height=\"202\" width=\"314\" srcset=\"https:\/\/laindependent.cat\/wp-content\/uploads\/2011\/10\/Anna2.jpg 314w, https:\/\/laindependent.cat\/wp-content\/uploads\/2011\/10\/Anna2-300x193.jpg 300w\" sizes=\"(max-width: 314px) 100vw, 314px\" \/><\/span><\/p>\n<p style=\"text-align: left;\"><span style=\"font-family: 'trebuchet ms', geneva; font-size: 10pt;\"><br \/><\/span><\/p>\n<p style=\"text-align: left;\"><span style=\"font-family: 'trebuchet ms', geneva; font-size: 10pt;\"><b>En busca de la verdad<\/b><\/span><\/p>\n<p style=\"text-align: left;\"><span style=\"font-family: 'trebuchet ms', geneva; font-size: 10pt;\"><strong>Milashina <\/strong>manifest\u00f3 que en la Rusia actual es muy dif\u00edcil ejercer el trabajo period\u00edstico y que existen muy pocos medios de comunicaci\u00f3n libres y que se atreven a confrontar al gobierno y a sus aliados. En ese sentido, no tiene pelos en la lengua a la hora de calificar al primer ministro checheno, <b>Ramz\u00e1n <\/b><b>Kad\u00fdrov<\/b>, de ignorante y adem\u00e1s lo responsabiliza de la xenofobia y de los abusos que se comenten actualmente en contra de la poblaci\u00f3n.<\/span><\/p>\n<p style=\"text-align: left;\"><span style=\"font-family: 'trebuchet ms', geneva; font-size: 10pt;\"><br \/><\/span><\/p>\n<p style=\"text-align: left;\"><span style=\"font-family: 'trebuchet ms', geneva; font-size: 10pt;\">\u201cLos chechenos tienen una vida muy dura dentro de Rusia. La xenofobia nos llevar\u00e1 a la ruina ya que es muy peligroso que se desprecie a la gente por su origen y rasgos. Las mujeres tambi\u00e9n padecen bajo la ignorancia de <b>Kad\u00fdrov<\/b>, ya que no es casual que las golpeen si no est\u00e1n vestidas correctamente o si llevan el cabello descubierto\u201d, manifest\u00f3 <b>Milashina<\/b>.<\/span><\/p>\n<p style=\"text-align: left;\"><span style=\"font-family: 'trebuchet ms', geneva; font-size: 10pt;\"><br \/><\/span><\/p>\n<p style=\"text-align: left;\"><span style=\"font-family: 'trebuchet ms', geneva; font-size: 10pt;\">\u201c\u00bfQui\u00e9n es la persona que tiene toda la responsabilidad del crimen de Anna y de otros asesinatos? Ese es <b>Vladimir Putin<\/b>. En Rusia se ejerce una impunidad selectiva\u201d, agreg\u00f3 la periodista rusa.<\/span><\/p>\n<p style=\"text-align: left;\"><span style=\"font-family: 'trebuchet ms', geneva; font-size: 10pt;\"><br \/><\/span><\/p>\n<p style=\"text-align: left;\"><span style=\"font-family: 'trebuchet ms', geneva; font-size: 10pt;\">En su turno, <b>Carles Torner<\/b> record\u00f3 que fue en la misma sede del Colegio de Periodistas, en el a\u00f1o 2002, cuando la propia <b>Anna <\/b><b>Politkovskaya<\/b> llam\u00f3 \u201casesino\u201d al actual presidente del gobierno ruso.<\/span><\/p>\n<p style=\"text-align: left;\"><span style=\"font-family: 'trebuchet ms', geneva; font-size: 10pt;\"><br \/><\/span><\/p>\n<p style=\"text-align: left;\"><span style=\"font-family: 'trebuchet ms', geneva; font-size: 10pt;\">\u201cNos hemos reunido aqu\u00ed no s\u00f3lo para lamentar la ausencia de Anna, sino tambi\u00e9n para pedir que su asesinato no quede impune\u201d, a\u00f1adi\u00f3 <strong>Torner<\/strong>.<\/span><\/p>\n<p style=\"text-align: left;\"><span style=\"font-family: 'trebuchet ms', geneva; font-size: 10pt;\"><br \/><\/span><\/p>\n<p style=\"text-align: left;\"><span style=\"font-family: 'trebuchet ms', geneva; font-size: 10pt;\">Finalmente <b>Elena Milashina<\/b> se\u00f1al\u00f3 que la mejor forma de mantener viva la memoria de <b>Anna <\/b><b>Politkovskaya<\/b> era buscando la verdad y exponiendo a los criminales de su pa\u00eds.<\/span><\/p>\n<p style=\"text-align: left;\"><span style=\"font-family: 'trebuchet ms', geneva; font-size: 10pt;\"><br \/><\/span><\/p>\n<p style=\"text-align: center;\"><img decoding=\"async\" class=\"size-full wp-image-27130 lazyload\" title=\"Carles Torner durante su intervenci\u00f3n en el acto\" data-src=\"https:\/\/laindependent.cat\/wp-content\/uploads\/2011\/10\/Anna_3.jpg\" alt=\"Anna_3\" height=\"209\" width=\"314\" data-srcset=\"https:\/\/laindependent.cat\/wp-content\/uploads\/2011\/10\/Anna_3.jpg 314w, https:\/\/laindependent.cat\/wp-content\/uploads\/2011\/10\/Anna_3-300x200.jpg 300w\" data-sizes=\"(max-width: 314px) 100vw, 314px\" src=\"data:image\/svg+xml;base64,PHN2ZyB3aWR0aD0iMSIgaGVpZ2h0PSIxIiB4bWxucz0iaHR0cDovL3d3dy53My5vcmcvMjAwMC9zdmciPjwvc3ZnPg==\" style=\"--smush-placeholder-width: 314px; --smush-placeholder-aspect-ratio: 314\/209;\" \/><\/p>\n<p style=\"text-align: center;\"><span style=\"font-family: 'trebuchet ms', geneva; font-size: 10pt;\"><br \/><\/span><\/p>\n<p style=\"text-align: left;\"><span style=\"font-family: 'trebuchet ms', geneva; font-size: 10pt;\"><b>Con la muerte en los talones<\/b> <\/span><\/p>\n<p style=\"text-align: left;\"><span style=\"font-family: 'trebuchet ms', geneva; font-size: 10pt;\">Durante sus \u00faltimos a\u00f1os de vida, <b>Anna <\/b><b>Politkovskaya<\/b> recibi\u00f3 innumerables amenazas que la obligaron en m\u00e1s de una ocasi\u00f3n a salir de Rusia, tal como ocurri\u00f3 en 2001, cuando se refugi\u00f3 en Viena tras recibir correos electr\u00f3nicos que le advert\u00edan que iban a por ella. <\/span><\/p>\n<p style=\"text-align: left;\"><span style=\"font-family: 'trebuchet ms', geneva; font-size: 10pt;\"><br \/><\/span><\/p>\n<p style=\"text-align: left;\"><span style=\"font-family: 'trebuchet ms', geneva; font-size: 10pt;\">En el a\u00f1o 2004, en una entrevista concedida a la BBC, <b>Politkovskaya<\/b> manifest\u00f3 que conoc\u00eda el riesgo que estaba corriendo por hacer su trabajo, sobre todo al intentar poner en evidencia a los genocidas que dirig\u00edan durante las dos guerras en Chechenia, pero a\u00fan as\u00ed ten\u00eda claro que \u201csu deber era continuar haci\u00e9ndolo\u201d. <\/span><\/p>\n<p style=\"text-align: left;\"><span style=\"font-family: 'trebuchet ms', geneva; font-size: 10pt;\"><br \/><\/span><\/p>\n<p style=\"text-align: left;\"><span style=\"font-family: 'trebuchet ms', geneva; font-size: 10pt;\">Otro de los temas al que se aboc\u00f3 la periodista fue investigar la vida y las&nbsp; relaciones de poder de <b>Vladimir Putin<\/b>, lo que qued\u00f3 perennizado en una serie de libros entre los que destacan <em>La Rusia de Putin<\/em>. <\/span><\/p>\n<p style=\"text-align: left;\"><span style=\"font-family: 'trebuchet ms', geneva; font-size: 10pt;\"><br \/><\/span><\/p>\n<p style=\"text-align: left;\"><span style=\"font-family: 'trebuchet ms', geneva; font-size: 10pt;\"><b>Anna Politkovskaya<\/b> fue reconocida en vida con diversos galardones a su trabajo period\u00edstico como el Premio PEN USA Libertad de Expresi\u00f3n (2002), el Premio V\u00e1squez Montalb\u00e1n de Periodismo Internacional (2004), y p\u00f3stumamente le fue entregado el Premio Unesco-Guillermo Cano de Libertad de Prensa, en 2007.<\/span><\/p>\n","protected":false},"excerpt":{"rendered":"<p>\u201cAnna Politkovskaya fue la persona m\u00e1s valiente que he conocido. Ella siempre estaba en las calles hablando con la gente, documentando el horror de la guerra en Chechenia y eso la puso en el punto de mira\u201d, dice Elena Milashina, [&hellip;]<\/p>\n","protected":false},"author":86,"featured_media":27128,"comment_status":"open","ping_status":"","sticky":false,"template":"","format":"standard","meta":{"footnotes":""},"categories":[26701],"tags":[27788,27790,27791,27789,27795,27794,27793,27792],"class_list":["post-55394","post","type-post","status-publish","format-standard","has-post-thumbnail","hentry","category-libertad-de-expresion","tag-anna-politkovskaya","tag-carles-torner","tag-chechenia","tag-elena-milashina","tag-genocidio","tag-libertad-de-prensa","tag-ramzan-kadyrov","tag-vladimir-putin"],"yoast_head":"<!-- This site is optimized with the Yoast SEO plugin v27.4 - https:\/\/yoast.com\/product\/yoast-seo-wordpress\/ -->\n<title>\u201cAnna Politkovskaya fue la persona m\u00e1s valiente que he conocido\u201d | La Independent<\/title>\n<meta name=\"description\" content=\"\u201cAnna Politkovskaya fue la persona m\u00e1s valiente que he conocido. Ella siempre estaba en las calles hablando con la gente, documentando el horror de la\" \/>\n<meta name=\"robots\" content=\"index, follow, max-snippet:-1, max-image-preview:large, max-video-preview:-1\" \/>\n<link rel=\"canonical\" href=\"https:\/\/laindependent.cat\/es\/anna-politkovskaya-fue-la-persona-mas-valiente-que-he-conocido\/\" \/>\n<meta property=\"og:locale\" content=\"es_ES\" \/>\n<meta property=\"og:type\" content=\"article\" \/>\n<meta property=\"og:title\" content=\"\u201cAnna Politkovskaya fue la persona m\u00e1s valiente que he conocido\u201d | La Independent\" \/>\n<meta property=\"og:description\" content=\"\u201cAnna Politkovskaya fue la persona m\u00e1s valiente que he conocido. Ella siempre estaba en las calles hablando con la gente, documentando el horror de la\" \/>\n<meta property=\"og:url\" content=\"https:\/\/laindependent.cat\/es\/anna-politkovskaya-fue-la-persona-mas-valiente-que-he-conocido\/\" \/>\n<meta property=\"og:site_name\" content=\"La Independent\" \/>\n<meta property=\"article:published_time\" content=\"2011-10-05T14:33:02+00:00\" \/>\n<meta property=\"og:image\" content=\"https:\/\/laindependent.cat\/wp-content\/uploads\/2011\/10\/anna_1.jpg\" \/>\n<meta name=\"author\" content=\"Nilton Torres\" \/>\n<meta name=\"twitter:card\" content=\"summary_large_image\" \/>\n<meta name=\"twitter:label1\" content=\"Escrito por\" \/>\n\t<meta name=\"twitter:data1\" content=\"Nilton Torres\" \/>\n\t<meta name=\"twitter:label2\" content=\"Tiempo de lectura\" \/>\n\t<meta name=\"twitter:data2\" content=\"4 minutos\" \/>\n<script type=\"application\/ld+json\" class=\"yoast-schema-graph\">{\"@context\":\"https:\\\/\\\/schema.org\",\"@graph\":[{\"@type\":\"Article\",\"@id\":\"https:\\\/\\\/laindependent.cat\\\/es\\\/anna-politkovskaya-fue-la-persona-mas-valiente-que-he-conocido\\\/#article\",\"isPartOf\":{\"@id\":\"https:\\\/\\\/laindependent.cat\\\/es\\\/anna-politkovskaya-fue-la-persona-mas-valiente-que-he-conocido\\\/\"},\"author\":{\"name\":\"Nilton Torres\",\"@id\":\"https:\\\/\\\/laindependent.cat\\\/es\\\/#\\\/schema\\\/person\\\/fe873eff668bffb6784e903578dee9a0\"},\"headline\":\"\u201cAnna Politkovskaya fue la persona m\u00e1s valiente que he conocido\u201d\",\"datePublished\":\"2011-10-05T14:33:02+00:00\",\"mainEntityOfPage\":{\"@id\":\"https:\\\/\\\/laindependent.cat\\\/es\\\/anna-politkovskaya-fue-la-persona-mas-valiente-que-he-conocido\\\/\"},\"wordCount\":731,\"commentCount\":0,\"publisher\":{\"@id\":\"https:\\\/\\\/laindependent.cat\\\/es\\\/#organization\"},\"image\":{\"@id\":\"https:\\\/\\\/laindependent.cat\\\/es\\\/anna-politkovskaya-fue-la-persona-mas-valiente-que-he-conocido\\\/#primaryimage\"},\"thumbnailUrl\":\"https:\\\/\\\/laindependent.cat\\\/wp-content\\\/uploads\\\/2011\\\/10\\\/anna_1.jpg\",\"keywords\":[\"Anna Politkovskaya\",\"Carles Torner\",\"Chechenia\",\"Elena Milashina\",\"genocidio\",\"libertad de prensa\",\"Ramz\u00e1n Kad\u00fdrov\",\"Vladimir Putin\"],\"articleSection\":[\"Libertad de Expresi\u00f3n\"],\"inLanguage\":\"es\",\"potentialAction\":[{\"@type\":\"CommentAction\",\"name\":\"Comment\",\"target\":[\"https:\\\/\\\/laindependent.cat\\\/es\\\/anna-politkovskaya-fue-la-persona-mas-valiente-que-he-conocido\\\/#respond\"]}]},{\"@type\":\"WebPage\",\"@id\":\"https:\\\/\\\/laindependent.cat\\\/es\\\/anna-politkovskaya-fue-la-persona-mas-valiente-que-he-conocido\\\/\",\"url\":\"https:\\\/\\\/laindependent.cat\\\/es\\\/anna-politkovskaya-fue-la-persona-mas-valiente-que-he-conocido\\\/\",\"name\":\"\u201cAnna Politkovskaya fue la persona m\u00e1s valiente que he conocido\u201d | La Independent\",\"isPartOf\":{\"@id\":\"https:\\\/\\\/laindependent.cat\\\/es\\\/#website\"},\"primaryImageOfPage\":{\"@id\":\"https:\\\/\\\/laindependent.cat\\\/es\\\/anna-politkovskaya-fue-la-persona-mas-valiente-que-he-conocido\\\/#primaryimage\"},\"image\":{\"@id\":\"https:\\\/\\\/laindependent.cat\\\/es\\\/anna-politkovskaya-fue-la-persona-mas-valiente-que-he-conocido\\\/#primaryimage\"},\"thumbnailUrl\":\"https:\\\/\\\/laindependent.cat\\\/wp-content\\\/uploads\\\/2011\\\/10\\\/anna_1.jpg\",\"datePublished\":\"2011-10-05T14:33:02+00:00\",\"description\":\"\u201cAnna Politkovskaya fue la persona m\u00e1s valiente que he conocido. Ella siempre estaba en las calles hablando con la gente, documentando el horror de la\",\"breadcrumb\":{\"@id\":\"https:\\\/\\\/laindependent.cat\\\/es\\\/anna-politkovskaya-fue-la-persona-mas-valiente-que-he-conocido\\\/#breadcrumb\"},\"inLanguage\":\"es\",\"potentialAction\":[{\"@type\":\"ReadAction\",\"target\":[\"https:\\\/\\\/laindependent.cat\\\/es\\\/anna-politkovskaya-fue-la-persona-mas-valiente-que-he-conocido\\\/\"]}]},{\"@type\":\"ImageObject\",\"inLanguage\":\"es\",\"@id\":\"https:\\\/\\\/laindependent.cat\\\/es\\\/anna-politkovskaya-fue-la-persona-mas-valiente-que-he-conocido\\\/#primaryimage\",\"url\":\"https:\\\/\\\/laindependent.cat\\\/wp-content\\\/uploads\\\/2011\\\/10\\\/anna_1.jpg\",\"contentUrl\":\"https:\\\/\\\/laindependent.cat\\\/wp-content\\\/uploads\\\/2011\\\/10\\\/anna_1.jpg\",\"width\":237,\"height\":235,\"caption\":\"Anna Politkovskaya\"},{\"@type\":\"BreadcrumbList\",\"@id\":\"https:\\\/\\\/laindependent.cat\\\/es\\\/anna-politkovskaya-fue-la-persona-mas-valiente-que-he-conocido\\\/#breadcrumb\",\"itemListElement\":[{\"@type\":\"ListItem\",\"position\":1,\"name\":\"Inici\",\"item\":\"https:\\\/\\\/laindependent.cat\\\/es\\\/la-independent\\\/\"},{\"@type\":\"ListItem\",\"position\":2,\"name\":\"Comunicaci\u00f3n - TICS - Publicidad\",\"item\":\"https:\\\/\\\/laindependent.cat\\\/es\\\/tema\\\/comunicacion-tics-publicidad\\\/\"},{\"@type\":\"ListItem\",\"position\":3,\"name\":\"Libertad de Expresi\u00f3n\",\"item\":\"https:\\\/\\\/laindependent.cat\\\/es\\\/tema\\\/comunicacion-tics-publicidad\\\/libertad-de-expresion\\\/\"},{\"@type\":\"ListItem\",\"position\":4,\"name\":\"\u201cAnna Politkovskaya fue la persona m\u00e1s valiente que he conocido\u201d\"}]},{\"@type\":\"WebSite\",\"@id\":\"https:\\\/\\\/laindependent.cat\\\/es\\\/#website\",\"url\":\"https:\\\/\\\/laindependent.cat\\\/es\\\/\",\"name\":\"La Independent\",\"description\":\"Ag\u00e8ncia de not\u00edcies amb visi\u00f3 de g\u00e8nere\",\"publisher\":{\"@id\":\"https:\\\/\\\/laindependent.cat\\\/es\\\/#organization\"},\"alternateName\":\"Ag\u00e8ncia de not\u00edcies amb visi\u00f3 de g\u00e8nere\",\"potentialAction\":[{\"@type\":\"SearchAction\",\"target\":{\"@type\":\"EntryPoint\",\"urlTemplate\":\"https:\\\/\\\/laindependent.cat\\\/es\\\/?s={search_term_string}\"},\"query-input\":{\"@type\":\"PropertyValueSpecification\",\"valueRequired\":true,\"valueName\":\"search_term_string\"}}],\"inLanguage\":\"es\"},{\"@type\":\"Organization\",\"@id\":\"https:\\\/\\\/laindependent.cat\\\/es\\\/#organization\",\"name\":\"La Independent\",\"alternateName\":\"Ag\u00e8ncia de not\u00edcies amb visi\u00f3 de g\u00e8nere\",\"url\":\"https:\\\/\\\/laindependent.cat\\\/es\\\/\",\"logo\":{\"@type\":\"ImageObject\",\"inLanguage\":\"es\",\"@id\":\"https:\\\/\\\/laindependent.cat\\\/es\\\/#\\\/schema\\\/logo\\\/image\\\/\",\"url\":\"https:\\\/\\\/laindependent.cat\\\/wp-content\\\/uploads\\\/2022\\\/10\\\/logo-independent.svg\",\"contentUrl\":\"https:\\\/\\\/laindependent.cat\\\/wp-content\\\/uploads\\\/2022\\\/10\\\/logo-independent.svg\",\"width\":562,\"height\":78,\"caption\":\"La Independent\"},\"image\":{\"@id\":\"https:\\\/\\\/laindependent.cat\\\/es\\\/#\\\/schema\\\/logo\\\/image\\\/\"}},{\"@type\":\"Person\",\"@id\":\"https:\\\/\\\/laindependent.cat\\\/es\\\/#\\\/schema\\\/person\\\/fe873eff668bffb6784e903578dee9a0\",\"name\":\"Nilton Torres\",\"image\":{\"@type\":\"ImageObject\",\"inLanguage\":\"es\",\"@id\":\"https:\\\/\\\/secure.gravatar.com\\\/avatar\\\/d0e59ce599801bb3fe3c4f9a12279b13920e2b5ddd74232b03923bb3f4b5844c?s=96&d=blank&r=g\",\"url\":\"https:\\\/\\\/secure.gravatar.com\\\/avatar\\\/d0e59ce599801bb3fe3c4f9a12279b13920e2b5ddd74232b03923bb3f4b5844c?s=96&d=blank&r=g\",\"contentUrl\":\"https:\\\/\\\/secure.gravatar.com\\\/avatar\\\/d0e59ce599801bb3fe3c4f9a12279b13920e2b5ddd74232b03923bb3f4b5844c?s=96&d=blank&r=g\",\"caption\":\"Nilton Torres\"},\"url\":\"https:\\\/\\\/laindependent.cat\\\/es\\\/author\\\/nilton-torres\\\/\"}]}<\/script>\n<!-- \/ Yoast SEO plugin. -->","yoast_head_json":{"title":"\u201cAnna Politkovskaya fue la persona m\u00e1s valiente que he conocido\u201d | La Independent","description":"\u201cAnna Politkovskaya fue la persona m\u00e1s valiente que he conocido. Ella siempre estaba en las calles hablando con la gente, documentando el horror de la","robots":{"index":"index","follow":"follow","max-snippet":"max-snippet:-1","max-image-preview":"max-image-preview:large","max-video-preview":"max-video-preview:-1"},"canonical":"https:\/\/laindependent.cat\/es\/anna-politkovskaya-fue-la-persona-mas-valiente-que-he-conocido\/","og_locale":"es_ES","og_type":"article","og_title":"\u201cAnna Politkovskaya fue la persona m\u00e1s valiente que he conocido\u201d | La Independent","og_description":"\u201cAnna Politkovskaya fue la persona m\u00e1s valiente que he conocido. Ella siempre estaba en las calles hablando con la gente, documentando el horror de la","og_url":"https:\/\/laindependent.cat\/es\/anna-politkovskaya-fue-la-persona-mas-valiente-que-he-conocido\/","og_site_name":"La Independent","article_published_time":"2011-10-05T14:33:02+00:00","og_image":[{"url":"https:\/\/laindependent.cat\/wp-content\/uploads\/2011\/10\/anna_1.jpg","type":"","width":"","height":""}],"author":"Nilton Torres","twitter_card":"summary_large_image","twitter_misc":{"Escrito por":"Nilton Torres","Tiempo de lectura":"4 minutos"},"schema":{"@context":"https:\/\/schema.org","@graph":[{"@type":"Article","@id":"https:\/\/laindependent.cat\/es\/anna-politkovskaya-fue-la-persona-mas-valiente-que-he-conocido\/#article","isPartOf":{"@id":"https:\/\/laindependent.cat\/es\/anna-politkovskaya-fue-la-persona-mas-valiente-que-he-conocido\/"},"author":{"name":"Nilton Torres","@id":"https:\/\/laindependent.cat\/es\/#\/schema\/person\/fe873eff668bffb6784e903578dee9a0"},"headline":"\u201cAnna Politkovskaya fue la persona m\u00e1s valiente que he conocido\u201d","datePublished":"2011-10-05T14:33:02+00:00","mainEntityOfPage":{"@id":"https:\/\/laindependent.cat\/es\/anna-politkovskaya-fue-la-persona-mas-valiente-que-he-conocido\/"},"wordCount":731,"commentCount":0,"publisher":{"@id":"https:\/\/laindependent.cat\/es\/#organization"},"image":{"@id":"https:\/\/laindependent.cat\/es\/anna-politkovskaya-fue-la-persona-mas-valiente-que-he-conocido\/#primaryimage"},"thumbnailUrl":"https:\/\/laindependent.cat\/wp-content\/uploads\/2011\/10\/anna_1.jpg","keywords":["Anna Politkovskaya","Carles Torner","Chechenia","Elena Milashina","genocidio","libertad de prensa","Ramz\u00e1n Kad\u00fdrov","Vladimir Putin"],"articleSection":["Libertad de Expresi\u00f3n"],"inLanguage":"es","potentialAction":[{"@type":"CommentAction","name":"Comment","target":["https:\/\/laindependent.cat\/es\/anna-politkovskaya-fue-la-persona-mas-valiente-que-he-conocido\/#respond"]}]},{"@type":"WebPage","@id":"https:\/\/laindependent.cat\/es\/anna-politkovskaya-fue-la-persona-mas-valiente-que-he-conocido\/","url":"https:\/\/laindependent.cat\/es\/anna-politkovskaya-fue-la-persona-mas-valiente-que-he-conocido\/","name":"\u201cAnna Politkovskaya fue la persona m\u00e1s valiente que he conocido\u201d | La Independent","isPartOf":{"@id":"https:\/\/laindependent.cat\/es\/#website"},"primaryImageOfPage":{"@id":"https:\/\/laindependent.cat\/es\/anna-politkovskaya-fue-la-persona-mas-valiente-que-he-conocido\/#primaryimage"},"image":{"@id":"https:\/\/laindependent.cat\/es\/anna-politkovskaya-fue-la-persona-mas-valiente-que-he-conocido\/#primaryimage"},"thumbnailUrl":"https:\/\/laindependent.cat\/wp-content\/uploads\/2011\/10\/anna_1.jpg","datePublished":"2011-10-05T14:33:02+00:00","description":"\u201cAnna Politkovskaya fue la persona m\u00e1s valiente que he conocido. Ella siempre estaba en las calles hablando con la gente, documentando el horror de la","breadcrumb":{"@id":"https:\/\/laindependent.cat\/es\/anna-politkovskaya-fue-la-persona-mas-valiente-que-he-conocido\/#breadcrumb"},"inLanguage":"es","potentialAction":[{"@type":"ReadAction","target":["https:\/\/laindependent.cat\/es\/anna-politkovskaya-fue-la-persona-mas-valiente-que-he-conocido\/"]}]},{"@type":"ImageObject","inLanguage":"es","@id":"https:\/\/laindependent.cat\/es\/anna-politkovskaya-fue-la-persona-mas-valiente-que-he-conocido\/#primaryimage","url":"https:\/\/laindependent.cat\/wp-content\/uploads\/2011\/10\/anna_1.jpg","contentUrl":"https:\/\/laindependent.cat\/wp-content\/uploads\/2011\/10\/anna_1.jpg","width":237,"height":235,"caption":"Anna Politkovskaya"},{"@type":"BreadcrumbList","@id":"https:\/\/laindependent.cat\/es\/anna-politkovskaya-fue-la-persona-mas-valiente-que-he-conocido\/#breadcrumb","itemListElement":[{"@type":"ListItem","position":1,"name":"Inici","item":"https:\/\/laindependent.cat\/es\/la-independent\/"},{"@type":"ListItem","position":2,"name":"Comunicaci\u00f3n - TICS - Publicidad","item":"https:\/\/laindependent.cat\/es\/tema\/comunicacion-tics-publicidad\/"},{"@type":"ListItem","position":3,"name":"Libertad de Expresi\u00f3n","item":"https:\/\/laindependent.cat\/es\/tema\/comunicacion-tics-publicidad\/libertad-de-expresion\/"},{"@type":"ListItem","position":4,"name":"\u201cAnna Politkovskaya fue la persona m\u00e1s valiente que he conocido\u201d"}]},{"@type":"WebSite","@id":"https:\/\/laindependent.cat\/es\/#website","url":"https:\/\/laindependent.cat\/es\/","name":"La Independent","description":"Ag\u00e8ncia de not\u00edcies amb visi\u00f3 de g\u00e8nere","publisher":{"@id":"https:\/\/laindependent.cat\/es\/#organization"},"alternateName":"Ag\u00e8ncia de not\u00edcies amb visi\u00f3 de g\u00e8nere","potentialAction":[{"@type":"SearchAction","target":{"@type":"EntryPoint","urlTemplate":"https:\/\/laindependent.cat\/es\/?s={search_term_string}"},"query-input":{"@type":"PropertyValueSpecification","valueRequired":true,"valueName":"search_term_string"}}],"inLanguage":"es"},{"@type":"Organization","@id":"https:\/\/laindependent.cat\/es\/#organization","name":"La Independent","alternateName":"Ag\u00e8ncia de not\u00edcies amb visi\u00f3 de g\u00e8nere","url":"https:\/\/laindependent.cat\/es\/","logo":{"@type":"ImageObject","inLanguage":"es","@id":"https:\/\/laindependent.cat\/es\/#\/schema\/logo\/image\/","url":"https:\/\/laindependent.cat\/wp-content\/uploads\/2022\/10\/logo-independent.svg","contentUrl":"https:\/\/laindependent.cat\/wp-content\/uploads\/2022\/10\/logo-independent.svg","width":562,"height":78,"caption":"La Independent"},"image":{"@id":"https:\/\/laindependent.cat\/es\/#\/schema\/logo\/image\/"}},{"@type":"Person","@id":"https:\/\/laindependent.cat\/es\/#\/schema\/person\/fe873eff668bffb6784e903578dee9a0","name":"Nilton Torres","image":{"@type":"ImageObject","inLanguage":"es","@id":"https:\/\/secure.gravatar.com\/avatar\/d0e59ce599801bb3fe3c4f9a12279b13920e2b5ddd74232b03923bb3f4b5844c?s=96&d=blank&r=g","url":"https:\/\/secure.gravatar.com\/avatar\/d0e59ce599801bb3fe3c4f9a12279b13920e2b5ddd74232b03923bb3f4b5844c?s=96&d=blank&r=g","contentUrl":"https:\/\/secure.gravatar.com\/avatar\/d0e59ce599801bb3fe3c4f9a12279b13920e2b5ddd74232b03923bb3f4b5844c?s=96&d=blank&r=g","caption":"Nilton Torres"},"url":"https:\/\/laindependent.cat\/es\/author\/nilton-torres\/"}]}},"_links":{"self":[{"href":"https:\/\/laindependent.cat\/es\/wp-json\/wp\/v2\/posts\/55394","targetHints":{"allow":["GET"]}}],"collection":[{"href":"https:\/\/laindependent.cat\/es\/wp-json\/wp\/v2\/posts"}],"about":[{"href":"https:\/\/laindependent.cat\/es\/wp-json\/wp\/v2\/types\/post"}],"author":[{"embeddable":true,"href":"https:\/\/laindependent.cat\/es\/wp-json\/wp\/v2\/users\/86"}],"replies":[{"embeddable":true,"href":"https:\/\/laindependent.cat\/es\/wp-json\/wp\/v2\/comments?post=55394"}],"version-history":[{"count":0,"href":"https:\/\/laindependent.cat\/es\/wp-json\/wp\/v2\/posts\/55394\/revisions"}],"wp:featuredmedia":[{"embeddable":true,"href":"https:\/\/laindependent.cat\/es\/wp-json\/wp\/v2\/media\/27128"}],"wp:attachment":[{"href":"https:\/\/laindependent.cat\/es\/wp-json\/wp\/v2\/media?parent=55394"}],"wp:term":[{"taxonomy":"category","embeddable":true,"href":"https:\/\/laindependent.cat\/es\/wp-json\/wp\/v2\/categories?post=55394"},{"taxonomy":"post_tag","embeddable":true,"href":"https:\/\/laindependent.cat\/es\/wp-json\/wp\/v2\/tags?post=55394"}],"curies":[{"name":"wp","href":"https:\/\/api.w.org\/{rel}","templated":true}]}}