{"id":55368,"date":"2011-09-29T15:58:14","date_gmt":"2011-09-29T13:58:14","guid":{"rendered":"https:\/\/laindependent.cat\/un-nuevo-manual-para-avanzar-en-la-perpsectiva-de-genero-en-la-informacion\/"},"modified":"2011-09-29T15:58:14","modified_gmt":"2011-09-29T13:58:14","slug":"un-nuevo-manual-para-avanzar-en-la-perpsectiva-de-genero-en-la-informacion","status":"publish","type":"post","link":"https:\/\/laindependent.cat\/es\/un-nuevo-manual-para-avanzar-en-la-perpsectiva-de-genero-en-la-informacion\/","title":{"rendered":"Un nuevo manual para avanzar en la perpsectiva de g\u00e9nero en la informaci\u00f3n"},"content":{"rendered":"<p style=\"text-align: left;\"><span style=\"font-family: trebuchet ms,geneva; font-size: 10pt;\">El Institut Catal\u00e0 de les Dones (ICD), el Consell de l&#8217;Audiovisual de Catalunya (CAC) y el Colegio de Periodistas de Catalunya han presentado hoy 29 de septiembre un manual para avanzar en la inclusi\u00f3n de la perspectiva de g\u00e9nero en los contenidos informativos de los medios de comunicaci\u00f3n.<\/span><\/p>\n<p style=\"text-align: left;\"><span style=\"font-family: trebuchet ms,geneva; font-size: 10pt;\">\u00a0<\/span><img decoding=\"async\" class=\"size-full wp-image-27117 lazyload\" style=\"--smush-placeholder-width: 203px; --smush-placeholder-aspect-ratio: 203\/76;margin: 7px auto; vertical-align: middle; display: block;\" alt=\"art1\" data-src=\"https:\/\/laindependent.cat\/wp-content\/uploads\/2011\/09\/art2.jpg\" height=\"76\" width=\"203\" data-srcset=\"https:\/\/laindependent.cat\/wp-content\/uploads\/2011\/09\/art2.jpg 350w, https:\/\/laindependent.cat\/wp-content\/uploads\/2011\/09\/art2-300x113.jpg 300w\" data-sizes=\"(max-width: 203px) 100vw, 203px\" src=\"data:image\/svg+xml;base64,PHN2ZyB3aWR0aD0iMSIgaGVpZ2h0PSIxIiB4bWxucz0iaHR0cDovL3d3dy53My5vcmcvMjAwMC9zdmciPjwvc3ZnPg==\" \/><\/p>\n<p><span style=\"font-family: trebuchet ms,geneva; font-size: 10pt;\"> El manual &#8216;G\u00e9nero y medios de comunicaci\u00f3n. Herramientas para visibilizar las aportaciones de las mujeres&#8217;, editado en formato DVD, quiere promover la reflexi\u00f3n cr\u00edtica y el an\u00e1lisis de los prejuicios de g\u00e9nero que perviven, penetran en los mecanismos de trabajo y finalmente se reflejan en el relato informativo. Este material se ha creado a trav\u00e9s de un proceso de trabajo en el que han participado m\u00e1s de una veintena de periodistas y est\u00e1 concebido para realizar formaci\u00f3n a grupos de periodistas y estudiantes de comunicaci\u00f3n.<\/span><\/p>\n<p><!--more--><\/p>\n<p>\u00a0<\/p>\n<p style=\"text-align: justify;\"><span style=\"font-family: trebuchet ms,geneva; font-size: 10pt;\">La  presentaci\u00f3n de los nuevos materiales did\u00e1cticos que se ha celebrado en  la Sala de actos del Consell de l&#8217;Audiovisual de Catalunya ha ido a cargo  de <strong>Montse Gatell<\/strong>, presidenta del Institut Catal\u00e0 de les Dones, <strong> Ramon Font<\/strong>, presidente del CAC, y <strong>Xavier Mas de Xax\u00e0s<\/strong>, miembro de la Junta del Colegio de Periodistas de Catalu\u00f1a.<\/span><\/p>\n<p style=\"text-align: left;\"><span style=\"font-family: trebuchet ms,geneva; font-size: 10pt;\">El  presidente del CAC, ha manifestado la importancia de los contenidos del  Manual y ha explicado que \u00e9ste est\u00e1 encaminado a regular la aportaci\u00f3n a  los medios de comunicaci\u00f3n como un mecanismo que establece pautas  profesionales y elementos de autorregulaci\u00f3n destinada a conseguir el  prestigio profesional, base de la credibilidad en los medios de comunicaci\u00f3n. Tambi\u00e9n  ha destacado que &#8220;los contenidos did\u00e1cticos se han creado a trav\u00e9s de  un proceso de trabajo innovador en el que han participado activamente  las propias empresas de los medios de comunicaci\u00f3n&#8221;.<\/span><br \/><span style=\"font-family: trebuchet ms,geneva; font-size: 10pt;\">\u00a0<\/span><br \/><span style=\"font-family: trebuchet ms,geneva; font-size: 10pt;\"><strong>Montse  Gatell<\/strong>, ha hecho referencia al tratado de Pek\u00edn, recordando que las  Naciones Unidas se vieron en la necesidad de incluir la participaci\u00f3n de  las mujeres en los espacios de expresi\u00f3n, y en las instancias de  decisi\u00f3n a trav\u00e9s de los medios y de las nuevas  tecnolog\u00edas de comunicaci\u00f3n, pero han pasado 15 a\u00f1os y las  preocupaciones expresadas por la plataforma, siguen teniendo plena  vigencia, por lo que sigue siendo necesario un trabajo conjunto. Afirm\u00f3  que el Instituto Catal\u00e1n de las Mujeres es la representaci\u00f3n de la  realidad de las mujeres y es importante que los medios de comunicaci\u00f3n  se impliquen en los temas de las mujeres. Coment\u00f3  tambi\u00e9n que en los informativos los expertos que son hombres, ocupan el  91% de los espacios, dejando a las mujeres s\u00f3lo el 9% en esta  categor\u00eda. Y  finalmente, afirm\u00f3 que &#8220;la incorporaci\u00f3n de las aportaciones de las  mujeres en los relatos informativos mejorar\u00e1 y dar\u00e1 m\u00e1s calida<\/span><span style=\"font-family: trebuchet ms,geneva; font-size: 10pt;\">\u00a0<\/span><span style=\"font-family: trebuchet ms,geneva; font-size: 10pt;\">d a los  contenidos&#8221;.<\/span><\/p>\n<p><span style=\"font-family: trebuchet ms,geneva; font-size: 10pt;\">Por  su parte <strong>Xavier Mas<\/strong>, en su intervenci\u00f3n ha dicho que no es inexacto  afirmar que en el conjunto de la informaci\u00f3n que transmiten los medios  de comunicaci\u00f3n, las mujeres y sus aportaciones son pr\u00e1cticamente  invisibles, por lo tanto se puede hablar de la invisibilizaci\u00f3n de las mujeres. Explic\u00f3 que el manual est\u00e1 estructurado en dos cap\u00edtulos: 1. Las pr\u00e1cticas de invisibilidad de las mujeres y 2. El  g\u00e9nero por temas, mujeres pol\u00edticas, v\u00edctimas de la violencia machista,  la salud de las mujeres y doblemente invisibles: las mujeres migradas. Para <strong>Mas<\/strong>: &#8220;la sociedad espera de nosotros un liderazgo a la hora de comunicar&#8221;. El Manual es un punto de partida, un marco para la difusi\u00f3n. Xavier  Mas de Xax\u00e0s puntualiz\u00f3 tambi\u00e9n en su intervenci\u00f3n que estas  herramientas de formaci\u00f3n &#8220;no son una recopilaci\u00f3n de conclusiones, sino  un punto de partida y de reflexi\u00f3n que permitir\u00e1n mejorar el  tratamiento de la perspectiva de g\u00e9nero en el d\u00eda a d\u00eda de la producci\u00f3n de contenidos informativos &#8220;.<\/span><\/p>\n<p style=\"text-align: justify;\"><span style=\"font-family: trebuchet ms,geneva; font-size: 10pt;\"><img fetchpriority=\"high\" decoding=\"async\" class=\" size-full wp-image-27118\" style=\"margin: 7px auto; vertical-align: middle; display: block;\" alt=\"art2\" src=\"https:\/\/laindependent.cat\/wp-content\/uploads\/2011\/09\/art5.jpg\" height=\"179\" width=\"373\" srcset=\"https:\/\/laindependent.cat\/wp-content\/uploads\/2011\/09\/art5.jpg 400w, https:\/\/laindependent.cat\/wp-content\/uploads\/2011\/09\/art5-300x144.jpg 300w\" sizes=\"(max-width: 373px) 100vw, 373px\" \/><\/span><\/p>\n<p style=\"text-align: justify;\"><img decoding=\"async\" class=\"size-full wp-image-27119 lazyload\" style=\"--smush-placeholder-width: 369px; --smush-placeholder-aspect-ratio: 369\/167;margin: 7px auto; vertical-align: middle; display: block;\" alt=\"art3\" data-src=\"https:\/\/laindependent.cat\/wp-content\/uploads\/2011\/09\/art1.jpg\" height=\"167\" width=\"369\" data-srcset=\"https:\/\/laindependent.cat\/wp-content\/uploads\/2011\/09\/art1.jpg 350w, https:\/\/laindependent.cat\/wp-content\/uploads\/2011\/09\/art1-300x135.jpg 300w\" data-sizes=\"(max-width: 369px) 100vw, 369px\" src=\"data:image\/svg+xml;base64,PHN2ZyB3aWR0aD0iMSIgaGVpZ2h0PSIxIiB4bWxucz0iaHR0cDovL3d3dy53My5vcmcvMjAwMC9zdmciPjwvc3ZnPg==\" \/><\/p>\n<p style=\"text-align: left;\"><span style=\"font-family: trebuchet ms,geneva; font-size: 10pt;\">Posteriormente, ha tenido lugar la mesa redonda que estaba prevista sobre &#8220;Los medios de comunicaci\u00f3n ante la representaci\u00f3n de las aportaciones de las mujeres&#8221;, en la que han participado <strong>Miquel Molina<\/strong>, subdirector de La Vanguardia; <strong>Marta Prat<\/strong>, subdirectora de Informativos del grupo de emisoras de Catalunya R\u00e0dio y coordinadora de Catalu\u00f1a Informaci\u00f3n, <strong>Esther Fern\u00e1ndez<\/strong>, jefe de responsabilidad social de Televisi\u00f3 de Catalunya, y <strong>Anna Cristeto<\/strong>, delegada en Catalu\u00f1a de la Agencia Europa Press. <strong>Marc Vidal<\/strong>, miembro de la Junta de Gobierno del Colegio de Periodistas de Catalu\u00f1a ha moderado la mesa. Las conclusiones de la mesa han ido en el sentido de que hay que informar desde la perspectiva de g\u00e9nero; emplear recursos ling\u00fc\u00edsticos para visibilizar a las mujeres, y que se pueda aplicar este manual que es una buena herramienta.<\/span><\/p>\n<p style=\"text-align: justify;\"><img decoding=\"async\" class=\"size-full wp-image-27120 lazyload\" style=\"--smush-placeholder-width: 350px; --smush-placeholder-aspect-ratio: 350\/131;margin: 7px auto; vertical-align: middle; display: block;\" alt=\"art5\" data-src=\"https:\/\/laindependent.cat\/wp-content\/uploads\/2011\/09\/art3.jpg\" width=\"350\" height=\"131\" data-srcset=\"https:\/\/laindependent.cat\/wp-content\/uploads\/2011\/09\/art3.jpg 350w, https:\/\/laindependent.cat\/wp-content\/uploads\/2011\/09\/art3-300x112.jpg 300w\" data-sizes=\"(max-width: 350px) 100vw, 350px\" src=\"data:image\/svg+xml;base64,PHN2ZyB3aWR0aD0iMSIgaGVpZ2h0PSIxIiB4bWxucz0iaHR0cDovL3d3dy53My5vcmcvMjAwMC9zdmciPjwvc3ZnPg==\" \/><\/p>\n<p style=\"text-align: justify;\">\u00a0<\/p>\n<p style=\"text-align: justify;\"><strong><span style=\"font-family: trebuchet ms,geneva; font-size: 10pt;\">El Manual. Reflexi\u00f3n te\u00f3rica para una mejor pr\u00e1ctica<\/span><\/strong><\/p>\n<p style=\"text-align: justify;\"><span style=\"font-family: trebuchet ms,geneva; font-size: 10pt;\">La  primera parte del manual, estructurada en diez cap\u00edtulos, analiza  pr\u00e1cticas como la invisibilidad y el silenciamiento de las mujeres, el  abuso de los roles y los estereotipos, el tratamiento de las mujeres con  presencia p\u00fablica, el uso del lenguaje y de las im\u00e1genes. La  segunda profundiza sobre el tratamiento period\u00edstico de las pol\u00edticas y  las migradas, la lacra de la violencia machista y la salud de las  mujeres.<\/span><\/p>\n<p><span style=\"font-family: trebuchet ms,geneva; font-size: 10pt;\">Los  contenidos son principalmente noticias sobre las que se proponen  reflexiones, preguntas y aspectos a debatir, as\u00ed como estad\u00edsticas y  resultados de estudios sobre la pr\u00e1ctica profesional que se analiza.<\/span><\/p>\n<p style=\"text-align: justify;\"><span style=\"font-family: trebuchet ms,geneva; font-size: 10pt;\">El  manual tiene una tercera parte que incorpora recursos e indicaciones  para ayudar a superar las rutinas de la pr\u00e1ctica period\u00edstica y avanzar  hacia un discurso informativo que tenga en cuenta la dimensi\u00f3n de g\u00e9nero  y las aportaciones de las mujeres. Propone,  por ejemplo, incluir esta dimensi\u00f3n a nivel de enfoque global de la  noticia, en la b\u00fasqueda de fuentes, y tambi\u00e9n en el momento de elegir y  priorizar los temas.<\/span><\/p>\n<p style=\"text-align: left;\"><span style=\"font-family: trebuchet ms,geneva; font-size: 10pt;\">Tambi\u00e9n  sugiere preguntarse de manera sistem\u00e1tica que debe protagonizar la  historia, analizar a qui\u00e9n afecta y, decidir si en alg\u00fan momento, el  punto de vista de las mujeres puede aportar m\u00e1s informaci\u00f3n al relato. Otra  recomendaci\u00f3n es recurrir a las mujeres por sus propuestas e  iniciati<\/span><span style=\"font-family: trebuchet ms,geneva; font-size: 10pt;\">vas en cualquier \u00e1mbito, no s\u00f3lo en aquellos que les afectan  directamente.<\/span><\/p>\n<p><span style=\"font-family: trebuchet ms,geneva; font-size: 10pt;\">Alienta  a los y las periodistas a utilizar los buscadores de expertas para  garantizar la presencia de la voz de las mujeres en los diferentes  g\u00e9neros medi\u00e1ticos. Sin  embargo el manual advierte de que no se trata simplemente de establecer  cuotas o crear una paridad forzada, sino que el objetivo es que las  mujeres sean dignamente visibles y visibilizadas, y superar los roles de  g\u00e9nero estereotipados que atribuyen funciones desiguales a mujeres y  hombres. Dar  valor a los espacios y \u00e1mbitos que hist\u00f3ricamente han ocupado las  mujeres e incorporar su dimensi\u00f3n y perspectiva a la hora de analizar la  actualidad contribuir\u00e1 a producir relatos period\u00edsticos m\u00e1s completos,  precisos y justos.<\/span><\/p>\n<p><strong><span style=\"font-family: trebuchet ms,geneva; font-size: 10pt;\">Resultado de un proceso y de un trabajo conjunto<\/span><\/strong><\/p>\n<p><span style=\"font-family: trebuchet ms,geneva; font-size: 10pt;\">El  manual es el resultado de un proceso de dos a\u00f1os a lo largo del cual se  han desarrollado seis talleres tem\u00e1ticos en el territorio de Catalu\u00f1a. Es  a trav\u00e9s de estos talleres que los y las periodistas participantes han  aportado su experiencia y pericia para hacer viable el documento. Los  y las profesionales consensuaron los temas a profundizar en estas  sesiones y aportar los materiales para la discusi\u00f3n, principalmente  noticias de sus propios medios de comunicaci\u00f3n. Los  talleres tambi\u00e9n contaron con la participaci\u00f3n de personas expertas que  dinamizaban las sesiones generando debates y reflexiones.<\/span><\/p>\n<p><span style=\"font-family: trebuchet ms,geneva; font-size: 10pt;\">En  el proyecto han colaborado cerca de 25 medios de comunicaci\u00f3n, 10  especialistas, y las entidades: Asociaci\u00f3n de Mujeres Periodistas de  Catalu\u00f1a, Red Internacional de Mujeres Periodistas y Comunicadoras de Catalu\u00f1a -Red Internacional de Periodistas con visi\u00f3n de G\u00e9nero y  Observatorio de las Mujeres en los medios de comunicaci\u00f3n. &#8216;G\u00e9nero y medios comunicaci\u00f3n. Herramientas  para visibilizar las aportaciones de las mujeres &#8220;tambi\u00e9n ha contado  dentro del grupo coordinador del proyecto-encargado de establecer las  l\u00edneas de trabajo-con especialistas del mundo universitario y  periodistas.<\/span><\/p>\n<p><span style=\"font-family: trebuchet ms,geneva; font-size: 10pt;\">La  distribuci\u00f3n de los materiales did\u00e1cticos se har\u00e1 a trav\u00e9s de las  empresas de medios y de las universidades para que organicen formaci\u00f3n  espec\u00edfica basada en estas herramientas. Tambi\u00e9n est\u00e1 previsto ofrecer formaci\u00f3n a trav\u00e9s de las diversas sedes territoriales del Colegio de Periodistas de Catalu\u00f1a.<\/span><\/p>\n","protected":false},"excerpt":{"rendered":"<p>El Institut Catal\u00e0 de les Dones (ICD), el Consell de l&#8217;Audiovisual de Catalunya (CAC) y el Colegio de Periodistas de Catalunya han presentado hoy 29 de septiembre un manual para avanzar en la inclusi\u00f3n de la perspectiva de g\u00e9nero en [&hellip;]<\/p>\n","protected":false},"author":75,"featured_media":27117,"comment_status":"open","ping_status":"","sticky":false,"template":"","format":"standard","meta":{"footnotes":""},"categories":[26558],"tags":[27768,27767],"class_list":["post-55368","post","type-post","status-publish","format-standard","has-post-thumbnail","hentry","category-formacion","tag-cpc","tag-perspectiva-de-genero"],"yoast_head":"<!-- This site is optimized with the Yoast SEO plugin v27.4 - https:\/\/yoast.com\/product\/yoast-seo-wordpress\/ -->\n<title>Un nuevo manual para avanzar en la perpsectiva de g\u00e9nero en la informaci\u00f3n | La Independent<\/title>\n<meta name=\"description\" content=\"El Institut Catal\u00e0 de les Dones (ICD), el Consell de l&#039;Audiovisual de Catalunya (CAC) y el Colegio de Periodistas de Catalunya han presentado hoy 29 de\" \/>\n<meta name=\"robots\" content=\"index, follow, max-snippet:-1, max-image-preview:large, max-video-preview:-1\" \/>\n<link rel=\"canonical\" href=\"https:\/\/laindependent.cat\/es\/un-nuevo-manual-para-avanzar-en-la-perpsectiva-de-genero-en-la-informacion\/\" \/>\n<meta property=\"og:locale\" content=\"es_ES\" \/>\n<meta property=\"og:type\" content=\"article\" \/>\n<meta property=\"og:title\" content=\"Un nuevo manual para avanzar en la perpsectiva de g\u00e9nero en la informaci\u00f3n | La Independent\" \/>\n<meta property=\"og:description\" content=\"El Institut Catal\u00e0 de les Dones (ICD), el Consell de l&#039;Audiovisual de Catalunya (CAC) y el Colegio de Periodistas de Catalunya han presentado hoy 29 de\" \/>\n<meta property=\"og:url\" content=\"https:\/\/laindependent.cat\/es\/un-nuevo-manual-para-avanzar-en-la-perpsectiva-de-genero-en-la-informacion\/\" \/>\n<meta property=\"og:site_name\" content=\"La Independent\" \/>\n<meta property=\"article:published_time\" content=\"2011-09-29T13:58:14+00:00\" \/>\n<meta property=\"og:image\" content=\"https:\/\/laindependent.cat\/wp-content\/uploads\/2011\/09\/art2.jpg\" \/>\n<meta name=\"author\" content=\"Laia Serra\" \/>\n<meta name=\"twitter:card\" content=\"summary_large_image\" \/>\n<meta name=\"twitter:label1\" content=\"Escrito por\" \/>\n\t<meta name=\"twitter:data1\" content=\"Laia Serra\" \/>\n\t<meta name=\"twitter:label2\" content=\"Tiempo de lectura\" \/>\n\t<meta name=\"twitter:data2\" content=\"7 minutos\" \/>\n<script type=\"application\/ld+json\" class=\"yoast-schema-graph\">{\"@context\":\"https:\\\/\\\/schema.org\",\"@graph\":[{\"@type\":\"Article\",\"@id\":\"https:\\\/\\\/laindependent.cat\\\/es\\\/un-nuevo-manual-para-avanzar-en-la-perpsectiva-de-genero-en-la-informacion\\\/#article\",\"isPartOf\":{\"@id\":\"https:\\\/\\\/laindependent.cat\\\/es\\\/un-nuevo-manual-para-avanzar-en-la-perpsectiva-de-genero-en-la-informacion\\\/\"},\"author\":{\"name\":\"Laia Serra\",\"@id\":\"https:\\\/\\\/laindependent.cat\\\/es\\\/#\\\/schema\\\/person\\\/062b42b92468cb3592d2f27db89bc9de\"},\"headline\":\"Un nuevo manual para avanzar en la perpsectiva de g\u00e9nero en la informaci\u00f3n\",\"datePublished\":\"2011-09-29T13:58:14+00:00\",\"mainEntityOfPage\":{\"@id\":\"https:\\\/\\\/laindependent.cat\\\/es\\\/un-nuevo-manual-para-avanzar-en-la-perpsectiva-de-genero-en-la-informacion\\\/\"},\"wordCount\":1451,\"commentCount\":0,\"publisher\":{\"@id\":\"https:\\\/\\\/laindependent.cat\\\/es\\\/#organization\"},\"image\":{\"@id\":\"https:\\\/\\\/laindependent.cat\\\/es\\\/un-nuevo-manual-para-avanzar-en-la-perpsectiva-de-genero-en-la-informacion\\\/#primaryimage\"},\"thumbnailUrl\":\"https:\\\/\\\/laindependent.cat\\\/wp-content\\\/uploads\\\/2011\\\/09\\\/art2.jpg\",\"keywords\":[\"CPC\",\"perspectiva de genero\"],\"articleSection\":[\"Formaci\u00f3n\"],\"inLanguage\":\"es\",\"potentialAction\":[{\"@type\":\"CommentAction\",\"name\":\"Comment\",\"target\":[\"https:\\\/\\\/laindependent.cat\\\/es\\\/un-nuevo-manual-para-avanzar-en-la-perpsectiva-de-genero-en-la-informacion\\\/#respond\"]}]},{\"@type\":\"WebPage\",\"@id\":\"https:\\\/\\\/laindependent.cat\\\/es\\\/un-nuevo-manual-para-avanzar-en-la-perpsectiva-de-genero-en-la-informacion\\\/\",\"url\":\"https:\\\/\\\/laindependent.cat\\\/es\\\/un-nuevo-manual-para-avanzar-en-la-perpsectiva-de-genero-en-la-informacion\\\/\",\"name\":\"Un nuevo manual para avanzar en la perpsectiva de g\u00e9nero en la informaci\u00f3n | La Independent\",\"isPartOf\":{\"@id\":\"https:\\\/\\\/laindependent.cat\\\/es\\\/#website\"},\"primaryImageOfPage\":{\"@id\":\"https:\\\/\\\/laindependent.cat\\\/es\\\/un-nuevo-manual-para-avanzar-en-la-perpsectiva-de-genero-en-la-informacion\\\/#primaryimage\"},\"image\":{\"@id\":\"https:\\\/\\\/laindependent.cat\\\/es\\\/un-nuevo-manual-para-avanzar-en-la-perpsectiva-de-genero-en-la-informacion\\\/#primaryimage\"},\"thumbnailUrl\":\"https:\\\/\\\/laindependent.cat\\\/wp-content\\\/uploads\\\/2011\\\/09\\\/art2.jpg\",\"datePublished\":\"2011-09-29T13:58:14+00:00\",\"description\":\"El Institut Catal\u00e0 de les Dones (ICD), el Consell de l'Audiovisual de Catalunya (CAC) y el Colegio de Periodistas de Catalunya han presentado hoy 29 de\",\"breadcrumb\":{\"@id\":\"https:\\\/\\\/laindependent.cat\\\/es\\\/un-nuevo-manual-para-avanzar-en-la-perpsectiva-de-genero-en-la-informacion\\\/#breadcrumb\"},\"inLanguage\":\"es\",\"potentialAction\":[{\"@type\":\"ReadAction\",\"target\":[\"https:\\\/\\\/laindependent.cat\\\/es\\\/un-nuevo-manual-para-avanzar-en-la-perpsectiva-de-genero-en-la-informacion\\\/\"]}]},{\"@type\":\"ImageObject\",\"inLanguage\":\"es\",\"@id\":\"https:\\\/\\\/laindependent.cat\\\/es\\\/un-nuevo-manual-para-avanzar-en-la-perpsectiva-de-genero-en-la-informacion\\\/#primaryimage\",\"url\":\"https:\\\/\\\/laindependent.cat\\\/wp-content\\\/uploads\\\/2011\\\/09\\\/art2.jpg\",\"contentUrl\":\"https:\\\/\\\/laindependent.cat\\\/wp-content\\\/uploads\\\/2011\\\/09\\\/art2.jpg\",\"width\":350,\"height\":132},{\"@type\":\"BreadcrumbList\",\"@id\":\"https:\\\/\\\/laindependent.cat\\\/es\\\/un-nuevo-manual-para-avanzar-en-la-perpsectiva-de-genero-en-la-informacion\\\/#breadcrumb\",\"itemListElement\":[{\"@type\":\"ListItem\",\"position\":1,\"name\":\"Inici\",\"item\":\"https:\\\/\\\/laindependent.cat\\\/es\\\/la-independent\\\/\"},{\"@type\":\"ListItem\",\"position\":2,\"name\":\"Comunicaci\u00f3n - TICS - Publicidad\",\"item\":\"https:\\\/\\\/laindependent.cat\\\/es\\\/tema\\\/comunicacion-tics-publicidad\\\/\"},{\"@type\":\"ListItem\",\"position\":3,\"name\":\"Formaci\u00f3n\",\"item\":\"https:\\\/\\\/laindependent.cat\\\/es\\\/tema\\\/comunicacion-tics-publicidad\\\/formacion\\\/\"},{\"@type\":\"ListItem\",\"position\":4,\"name\":\"Un nuevo manual para avanzar en la perpsectiva de g\u00e9nero en la informaci\u00f3n\"}]},{\"@type\":\"WebSite\",\"@id\":\"https:\\\/\\\/laindependent.cat\\\/es\\\/#website\",\"url\":\"https:\\\/\\\/laindependent.cat\\\/es\\\/\",\"name\":\"La Independent\",\"description\":\"Ag\u00e8ncia de not\u00edcies amb visi\u00f3 de g\u00e8nere\",\"publisher\":{\"@id\":\"https:\\\/\\\/laindependent.cat\\\/es\\\/#organization\"},\"alternateName\":\"Ag\u00e8ncia de not\u00edcies amb visi\u00f3 de g\u00e8nere\",\"potentialAction\":[{\"@type\":\"SearchAction\",\"target\":{\"@type\":\"EntryPoint\",\"urlTemplate\":\"https:\\\/\\\/laindependent.cat\\\/es\\\/?s={search_term_string}\"},\"query-input\":{\"@type\":\"PropertyValueSpecification\",\"valueRequired\":true,\"valueName\":\"search_term_string\"}}],\"inLanguage\":\"es\"},{\"@type\":\"Organization\",\"@id\":\"https:\\\/\\\/laindependent.cat\\\/es\\\/#organization\",\"name\":\"La Independent\",\"alternateName\":\"Ag\u00e8ncia de not\u00edcies amb visi\u00f3 de g\u00e8nere\",\"url\":\"https:\\\/\\\/laindependent.cat\\\/es\\\/\",\"logo\":{\"@type\":\"ImageObject\",\"inLanguage\":\"es\",\"@id\":\"https:\\\/\\\/laindependent.cat\\\/es\\\/#\\\/schema\\\/logo\\\/image\\\/\",\"url\":\"https:\\\/\\\/laindependent.cat\\\/wp-content\\\/uploads\\\/2022\\\/10\\\/logo-independent.svg\",\"contentUrl\":\"https:\\\/\\\/laindependent.cat\\\/wp-content\\\/uploads\\\/2022\\\/10\\\/logo-independent.svg\",\"width\":562,\"height\":78,\"caption\":\"La Independent\"},\"image\":{\"@id\":\"https:\\\/\\\/laindependent.cat\\\/es\\\/#\\\/schema\\\/logo\\\/image\\\/\"}},{\"@type\":\"Person\",\"@id\":\"https:\\\/\\\/laindependent.cat\\\/es\\\/#\\\/schema\\\/person\\\/062b42b92468cb3592d2f27db89bc9de\",\"name\":\"Laia Serra\",\"image\":{\"@type\":\"ImageObject\",\"inLanguage\":\"es\",\"@id\":\"https:\\\/\\\/secure.gravatar.com\\\/avatar\\\/b50717b12b5f63be894b630cf9e287aba61bc4e804f640274367fbe292a91951?s=96&d=blank&r=g\",\"url\":\"https:\\\/\\\/secure.gravatar.com\\\/avatar\\\/b50717b12b5f63be894b630cf9e287aba61bc4e804f640274367fbe292a91951?s=96&d=blank&r=g\",\"contentUrl\":\"https:\\\/\\\/secure.gravatar.com\\\/avatar\\\/b50717b12b5f63be894b630cf9e287aba61bc4e804f640274367fbe292a91951?s=96&d=blank&r=g\",\"caption\":\"Laia Serra\"},\"url\":\"https:\\\/\\\/laindependent.cat\\\/es\\\/author\\\/laia-serra\\\/\"}]}<\/script>\n<!-- \/ Yoast SEO plugin. -->","yoast_head_json":{"title":"Un nuevo manual para avanzar en la perpsectiva de g\u00e9nero en la informaci\u00f3n | La Independent","description":"El Institut Catal\u00e0 de les Dones (ICD), el Consell de l'Audiovisual de Catalunya (CAC) y el Colegio de Periodistas de Catalunya han presentado hoy 29 de","robots":{"index":"index","follow":"follow","max-snippet":"max-snippet:-1","max-image-preview":"max-image-preview:large","max-video-preview":"max-video-preview:-1"},"canonical":"https:\/\/laindependent.cat\/es\/un-nuevo-manual-para-avanzar-en-la-perpsectiva-de-genero-en-la-informacion\/","og_locale":"es_ES","og_type":"article","og_title":"Un nuevo manual para avanzar en la perpsectiva de g\u00e9nero en la informaci\u00f3n | La Independent","og_description":"El Institut Catal\u00e0 de les Dones (ICD), el Consell de l'Audiovisual de Catalunya (CAC) y el Colegio de Periodistas de Catalunya han presentado hoy 29 de","og_url":"https:\/\/laindependent.cat\/es\/un-nuevo-manual-para-avanzar-en-la-perpsectiva-de-genero-en-la-informacion\/","og_site_name":"La Independent","article_published_time":"2011-09-29T13:58:14+00:00","og_image":[{"url":"https:\/\/laindependent.cat\/wp-content\/uploads\/2011\/09\/art2.jpg","type":"","width":"","height":""}],"author":"Laia Serra","twitter_card":"summary_large_image","twitter_misc":{"Escrito por":"Laia Serra","Tiempo de lectura":"7 minutos"},"schema":{"@context":"https:\/\/schema.org","@graph":[{"@type":"Article","@id":"https:\/\/laindependent.cat\/es\/un-nuevo-manual-para-avanzar-en-la-perpsectiva-de-genero-en-la-informacion\/#article","isPartOf":{"@id":"https:\/\/laindependent.cat\/es\/un-nuevo-manual-para-avanzar-en-la-perpsectiva-de-genero-en-la-informacion\/"},"author":{"name":"Laia Serra","@id":"https:\/\/laindependent.cat\/es\/#\/schema\/person\/062b42b92468cb3592d2f27db89bc9de"},"headline":"Un nuevo manual para avanzar en la perpsectiva de g\u00e9nero en la informaci\u00f3n","datePublished":"2011-09-29T13:58:14+00:00","mainEntityOfPage":{"@id":"https:\/\/laindependent.cat\/es\/un-nuevo-manual-para-avanzar-en-la-perpsectiva-de-genero-en-la-informacion\/"},"wordCount":1451,"commentCount":0,"publisher":{"@id":"https:\/\/laindependent.cat\/es\/#organization"},"image":{"@id":"https:\/\/laindependent.cat\/es\/un-nuevo-manual-para-avanzar-en-la-perpsectiva-de-genero-en-la-informacion\/#primaryimage"},"thumbnailUrl":"https:\/\/laindependent.cat\/wp-content\/uploads\/2011\/09\/art2.jpg","keywords":["CPC","perspectiva de genero"],"articleSection":["Formaci\u00f3n"],"inLanguage":"es","potentialAction":[{"@type":"CommentAction","name":"Comment","target":["https:\/\/laindependent.cat\/es\/un-nuevo-manual-para-avanzar-en-la-perpsectiva-de-genero-en-la-informacion\/#respond"]}]},{"@type":"WebPage","@id":"https:\/\/laindependent.cat\/es\/un-nuevo-manual-para-avanzar-en-la-perpsectiva-de-genero-en-la-informacion\/","url":"https:\/\/laindependent.cat\/es\/un-nuevo-manual-para-avanzar-en-la-perpsectiva-de-genero-en-la-informacion\/","name":"Un nuevo manual para avanzar en la perpsectiva de g\u00e9nero en la informaci\u00f3n | La Independent","isPartOf":{"@id":"https:\/\/laindependent.cat\/es\/#website"},"primaryImageOfPage":{"@id":"https:\/\/laindependent.cat\/es\/un-nuevo-manual-para-avanzar-en-la-perpsectiva-de-genero-en-la-informacion\/#primaryimage"},"image":{"@id":"https:\/\/laindependent.cat\/es\/un-nuevo-manual-para-avanzar-en-la-perpsectiva-de-genero-en-la-informacion\/#primaryimage"},"thumbnailUrl":"https:\/\/laindependent.cat\/wp-content\/uploads\/2011\/09\/art2.jpg","datePublished":"2011-09-29T13:58:14+00:00","description":"El Institut Catal\u00e0 de les Dones (ICD), el Consell de l'Audiovisual de Catalunya (CAC) y el Colegio de Periodistas de Catalunya han presentado hoy 29 de","breadcrumb":{"@id":"https:\/\/laindependent.cat\/es\/un-nuevo-manual-para-avanzar-en-la-perpsectiva-de-genero-en-la-informacion\/#breadcrumb"},"inLanguage":"es","potentialAction":[{"@type":"ReadAction","target":["https:\/\/laindependent.cat\/es\/un-nuevo-manual-para-avanzar-en-la-perpsectiva-de-genero-en-la-informacion\/"]}]},{"@type":"ImageObject","inLanguage":"es","@id":"https:\/\/laindependent.cat\/es\/un-nuevo-manual-para-avanzar-en-la-perpsectiva-de-genero-en-la-informacion\/#primaryimage","url":"https:\/\/laindependent.cat\/wp-content\/uploads\/2011\/09\/art2.jpg","contentUrl":"https:\/\/laindependent.cat\/wp-content\/uploads\/2011\/09\/art2.jpg","width":350,"height":132},{"@type":"BreadcrumbList","@id":"https:\/\/laindependent.cat\/es\/un-nuevo-manual-para-avanzar-en-la-perpsectiva-de-genero-en-la-informacion\/#breadcrumb","itemListElement":[{"@type":"ListItem","position":1,"name":"Inici","item":"https:\/\/laindependent.cat\/es\/la-independent\/"},{"@type":"ListItem","position":2,"name":"Comunicaci\u00f3n - TICS - Publicidad","item":"https:\/\/laindependent.cat\/es\/tema\/comunicacion-tics-publicidad\/"},{"@type":"ListItem","position":3,"name":"Formaci\u00f3n","item":"https:\/\/laindependent.cat\/es\/tema\/comunicacion-tics-publicidad\/formacion\/"},{"@type":"ListItem","position":4,"name":"Un nuevo manual para avanzar en la perpsectiva de g\u00e9nero en la informaci\u00f3n"}]},{"@type":"WebSite","@id":"https:\/\/laindependent.cat\/es\/#website","url":"https:\/\/laindependent.cat\/es\/","name":"La Independent","description":"Ag\u00e8ncia de not\u00edcies amb visi\u00f3 de g\u00e8nere","publisher":{"@id":"https:\/\/laindependent.cat\/es\/#organization"},"alternateName":"Ag\u00e8ncia de not\u00edcies amb visi\u00f3 de g\u00e8nere","potentialAction":[{"@type":"SearchAction","target":{"@type":"EntryPoint","urlTemplate":"https:\/\/laindependent.cat\/es\/?s={search_term_string}"},"query-input":{"@type":"PropertyValueSpecification","valueRequired":true,"valueName":"search_term_string"}}],"inLanguage":"es"},{"@type":"Organization","@id":"https:\/\/laindependent.cat\/es\/#organization","name":"La Independent","alternateName":"Ag\u00e8ncia de not\u00edcies amb visi\u00f3 de g\u00e8nere","url":"https:\/\/laindependent.cat\/es\/","logo":{"@type":"ImageObject","inLanguage":"es","@id":"https:\/\/laindependent.cat\/es\/#\/schema\/logo\/image\/","url":"https:\/\/laindependent.cat\/wp-content\/uploads\/2022\/10\/logo-independent.svg","contentUrl":"https:\/\/laindependent.cat\/wp-content\/uploads\/2022\/10\/logo-independent.svg","width":562,"height":78,"caption":"La Independent"},"image":{"@id":"https:\/\/laindependent.cat\/es\/#\/schema\/logo\/image\/"}},{"@type":"Person","@id":"https:\/\/laindependent.cat\/es\/#\/schema\/person\/062b42b92468cb3592d2f27db89bc9de","name":"Laia Serra","image":{"@type":"ImageObject","inLanguage":"es","@id":"https:\/\/secure.gravatar.com\/avatar\/b50717b12b5f63be894b630cf9e287aba61bc4e804f640274367fbe292a91951?s=96&d=blank&r=g","url":"https:\/\/secure.gravatar.com\/avatar\/b50717b12b5f63be894b630cf9e287aba61bc4e804f640274367fbe292a91951?s=96&d=blank&r=g","contentUrl":"https:\/\/secure.gravatar.com\/avatar\/b50717b12b5f63be894b630cf9e287aba61bc4e804f640274367fbe292a91951?s=96&d=blank&r=g","caption":"Laia Serra"},"url":"https:\/\/laindependent.cat\/es\/author\/laia-serra\/"}]}},"_links":{"self":[{"href":"https:\/\/laindependent.cat\/es\/wp-json\/wp\/v2\/posts\/55368","targetHints":{"allow":["GET"]}}],"collection":[{"href":"https:\/\/laindependent.cat\/es\/wp-json\/wp\/v2\/posts"}],"about":[{"href":"https:\/\/laindependent.cat\/es\/wp-json\/wp\/v2\/types\/post"}],"author":[{"embeddable":true,"href":"https:\/\/laindependent.cat\/es\/wp-json\/wp\/v2\/users\/75"}],"replies":[{"embeddable":true,"href":"https:\/\/laindependent.cat\/es\/wp-json\/wp\/v2\/comments?post=55368"}],"version-history":[{"count":0,"href":"https:\/\/laindependent.cat\/es\/wp-json\/wp\/v2\/posts\/55368\/revisions"}],"wp:featuredmedia":[{"embeddable":true,"href":"https:\/\/laindependent.cat\/es\/wp-json\/wp\/v2\/media\/27117"}],"wp:attachment":[{"href":"https:\/\/laindependent.cat\/es\/wp-json\/wp\/v2\/media?parent=55368"}],"wp:term":[{"taxonomy":"category","embeddable":true,"href":"https:\/\/laindependent.cat\/es\/wp-json\/wp\/v2\/categories?post=55368"},{"taxonomy":"post_tag","embeddable":true,"href":"https:\/\/laindependent.cat\/es\/wp-json\/wp\/v2\/tags?post=55368"}],"curies":[{"name":"wp","href":"https:\/\/api.w.org\/{rel}","templated":true}]}}