{"id":55272,"date":"2011-09-15T10:24:35","date_gmt":"2011-09-15T08:24:35","guid":{"rendered":"https:\/\/laindependent.cat\/mujeres-migradas-de-la-region-andina-reclaman-apoyo-a-los-paises-de-origen-ante-la-crisis\/"},"modified":"2011-09-15T10:24:35","modified_gmt":"2011-09-15T08:24:35","slug":"mujeres-migradas-de-la-region-andina-reclaman-apoyo-a-los-paises-de-origen-ante-la-crisis","status":"publish","type":"post","link":"https:\/\/laindependent.cat\/es\/mujeres-migradas-de-la-region-andina-reclaman-apoyo-a-los-paises-de-origen-ante-la-crisis\/","title":{"rendered":"Mujeres migradas de la regi\u00f3n andina reclaman  apoyo a los pa\u00edses de origen ante  la crisis"},"content":{"rendered":"<p><img decoding=\"async\" class=\"size-full wp-image-27071 lazyload\" style=\"--smush-placeholder-width: 187px; --smush-placeholder-aspect-ratio: 187\/40;margin: 5px; vertical-align: middle;\" alt=\"abr\" data-src=\"https:\/\/laindependent.cat\/wp-content\/uploads\/2011\/09\/AbriendoMundos1.jpg\" width=\"187\" height=\"40\" src=\"data:image\/svg+xml;base64,PHN2ZyB3aWR0aD0iMSIgaGVpZ2h0PSIxIiB4bWxucz0iaHR0cDovL3d3dy53My5vcmcvMjAwMC9zdmciPjwvc3ZnPg==\" \/><\/p>\n<p style=\"text-align: left;\"><span style=\"font-family: trebuchet ms,geneva; font-size: 10pt;\">Mujeres participantes en asociaciones de migradas y de trabajadoras dom\u00e9sticas en la Uni\u00f3n Europea y los pa\u00edses de la regi\u00f3n andina han reclamado a representantes de los consulados y embajadas de la regi\u00f3n un compromiso real con sus necesidades. Lo han hecho durante la clausura de la primera jornada del Foro sobre Feminizaci\u00f3n de la Migraci\u00f3n Andina que el proyecto Abriendo Mundos ha organizado el 13 y 14 de septiembre en Quito. La Independent ha asistido al Foro para hablar del proyecto <a target=\"_blank\" href=\"http:\/\/xarxanet.org\/formacio\/noticies\/taller-periodistes-sobre-comunicacio-amb-visio-de-genere\" rel=\"noopener\">Mujeres migradas, mujeres con derechos: la comunicaci\u00f3n con visi\u00f3n de g\u00e9nero, una herramienta que abre mundos<\/a>, financiado por Abriendo Mundos y reconocido como una buena pr\u00e1ctica para visibilizar la migraci\u00f3n de las mujeres de la regi\u00f3n andina. <\/span><\/p>\n<p style=\"text-align: left;\">\u00a0<\/p>\n<p><span style=\"font-family: trebuchet ms,geneva; font-size: 10pt;\"> <\/p>\n<p><!--more--><\/p>\n<p><\/span><\/p>\n<p>\u00a0<\/p>\n<p style=\"text-align: left;\"><span style=\"font-family: trebuchet ms,geneva; font-size: 10pt;\">Que los consulados extiendan su protecci\u00f3n a las familias migrantes hipotecadas durante la burbuja inmobiliaria; que &nbsp;desarrollen programas de prevenci\u00f3n de la violencia de g\u00e9nero entre la poblaci\u00f3n migrada en los pa\u00edses de destino; pol\u00edticas que las ayuden a empezar de nuevo en el pa\u00eds de origen si se acogen al programa de retorno voluntario&#8230; Las demandas hechas por las mujeres son concretas y urgentes.<\/span><\/p>\n<p style=\"text-align: left;\"><span style=\"font-family: trebuchet ms,geneva; font-size: 10pt;\">&#8220;Somos las que menos ganamos, no tenemos seguridad social ni posibilidad de tener nuestras familias al lado, y se nos culpabiliza por haberlas dejado en el pa\u00eds de origen. \u00bfQu\u00e9 significamos realmente para los estados?&#8221;, se preguntaba <strong>Liliana Cabrera<\/strong>, una colombiana que migr\u00f3 a Espa\u00f1a hace tres d\u00e9cadas y ha formado una cooperativa de trabajo de cuidado que emplear\u00e1 a una treintena de mujeres migradas y residentes en su pa\u00eds de origen. <\/span><\/p>\n<p style=\"text-align: left;\"><span style=\"font-family: trebuchet ms,geneva; font-size: 10pt;\"><strong>Aida Quinatoa<\/strong>, presidenta de la Coordinadora de Inmigrantes Ecuatorianos en Espa\u00f1a y portavoz de la Plataforma de Afectados por la Hipoteca en Madrid, tiene claro que &#8220;hemos sostenido el pa\u00eds y ahora nos quieren echar. Hace dos a\u00f1os se me ven\u00eda el mundo encima, no se ve\u00eda lo que pasaban las familias entre cuatro paredes, los suicidios por no poder pagar la hipoteca&#8221;. Ahora, explica, &#8220;migrantes y espa\u00f1oles luchamos juntos&#8221;. <strong>Quinatoa &nbsp;<\/strong>ha reclamado a las autoridades consulares que se sumen a la petici\u00f3n &#8220;de auditor\u00eda de las hipotecas que hace la PAH, que extiendan su protecci\u00f3n a las familias hipotecadas y dediquen fondos para cubrir los pr\u00e9stamos hipotecarios que nos han vendido, subsidiando los mismos desde el Banco de Sur&#8221;. <\/span><\/p>\n<p style=\"text-align: left;\"><span style=\"font-family: trebuchet ms,geneva; font-size: 10pt;\"><strong>Dinora Velasco<\/strong>, boliviana y participante en la asociaci\u00f3n Mujeres p&#8217;alante, plante\u00f3 que la violencia de g\u00e9nero que viven las migrantes de su comunidad est\u00e1 invisibilizada: &#8220;Nos gustar\u00eda que el servicio consular creara un servicio de prevenci\u00f3n de violencia de g\u00e9nero. Nosotras acogemos a las mujeres, las acompa\u00f1amos a poner la denuncia, pero no tenemos capacidad para hacer prevenci\u00f3n&#8221;. Otra realidad desasistida es que &#8220;hay migrantes que no saben leer ni escribir y no pueden buscar mejores condiciones laborales ni acogerse a programas de estudio, y nosotras les alfabetizamos&#8221;. Tambi\u00e9n que las personas profesionales no pueden homogeneizar sus t\u00edtulos. Y no hay ninguna pol\u00edtica que cubra a quienes se acogen al retorno migratorio, cuando es una necesidad real&#8221;. <\/span><\/p>\n<p style=\"text-align: left;\"><span style=\"font-family: trebuchet ms,geneva; font-size: 10pt;\"> <strong>Dona Marco<\/strong>, que es peruana y lleva seis a\u00f1os en Espa\u00f1a, pide a las autoridades que, &#8220;igual que han hecho convenios bilaterales para la seguridad social, organicen una oficina en el consulado para solucionar el tema del retorno voluntario, quiero que mi pa\u00eds cumpla sus obligaciones y se involucre para ver en qu\u00e9 condiciones volvemos&#8221;. <\/span><\/p>\n<p style=\"text-align: left;\"><span style=\"font-family: trebuchet ms,geneva; font-size: 10pt;\"><strong>Consuelo &nbsp;D\u00edez<\/strong> explica que su experiencia como retornada a Ecuador &#8220;es muy dif\u00edcil: por ejemplo, aunque la Constituci\u00f3n es muy avanzada, las mujeres que nos divorciamos en Europa no tenemos reconocido el divorcio aqu\u00ed. Necesitamos ayudas para el reconocimiento de t\u00edtulos, ayudas econ\u00f3micas y sobre todo superar la imagen de v\u00edctimas que nos han adjudicado. Hemos salido adelante y lo seguiremos haciendo&#8221;. \u00c9stas y otras demandas han centrado el coloquio que ha cerrado la primera jornada del Foro, en la que tambi\u00e9n han intervenido expertas en el fen\u00f3meno de la migraci\u00f3n femenina, representantes del Foro Abriendo Mundos y de La Independent.<\/span><\/p>\n","protected":false},"excerpt":{"rendered":"<p>Mujeres participantes en asociaciones de migradas y de trabajadoras dom\u00e9sticas en la Uni\u00f3n Europea y los pa\u00edses de la regi\u00f3n andina han reclamado a representantes de los consulados y embajadas de la regi\u00f3n un compromiso real con sus necesidades. Lo [&hellip;]<\/p>\n","protected":false},"author":75,"featured_media":27071,"comment_status":"open","ping_status":"","sticky":false,"template":"","format":"standard","meta":{"footnotes":""},"categories":[1],"tags":[27639,27638,27637,27636],"class_list":["post-55272","post","type-post","status-publish","format-standard","has-post-thumbnail","hentry","category-la-independent","tag-abriendo-mundos","tag-alfabetizacio","tag-hipoteca","tag-retorn"],"yoast_head":"<!-- This site is optimized with the Yoast SEO plugin v27.4 - https:\/\/yoast.com\/product\/yoast-seo-wordpress\/ -->\n<title>Mujeres migradas de la regi\u00f3n andina reclaman apoyo a los pa\u00edses de origen ante la crisis | La Independent<\/title>\n<meta name=\"description\" content=\"Mujeres participantes en asociaciones de migradas y de trabajadoras dom\u00e9sticas en la Uni\u00f3n Europea y los pa\u00edses de la regi\u00f3n andina han reclamado a\" \/>\n<meta name=\"robots\" content=\"index, follow, max-snippet:-1, max-image-preview:large, max-video-preview:-1\" \/>\n<link rel=\"canonical\" href=\"https:\/\/laindependent.cat\/es\/mujeres-migradas-de-la-region-andina-reclaman-apoyo-a-los-paises-de-origen-ante-la-crisis\/\" \/>\n<meta property=\"og:locale\" content=\"es_ES\" \/>\n<meta property=\"og:type\" content=\"article\" \/>\n<meta property=\"og:title\" content=\"Mujeres migradas de la regi\u00f3n andina reclaman apoyo a los pa\u00edses de origen ante la crisis | La Independent\" \/>\n<meta property=\"og:description\" content=\"Mujeres participantes en asociaciones de migradas y de trabajadoras dom\u00e9sticas en la Uni\u00f3n Europea y los pa\u00edses de la regi\u00f3n andina han reclamado a\" \/>\n<meta property=\"og:url\" content=\"https:\/\/laindependent.cat\/es\/mujeres-migradas-de-la-region-andina-reclaman-apoyo-a-los-paises-de-origen-ante-la-crisis\/\" \/>\n<meta property=\"og:site_name\" content=\"La Independent\" \/>\n<meta property=\"article:published_time\" content=\"2011-09-15T08:24:35+00:00\" \/>\n<meta property=\"og:image\" content=\"https:\/\/laindependent.cat\/wp-content\/uploads\/2011\/09\/AbriendoMundos1.jpg\" \/>\n<meta name=\"author\" content=\"Laia Serra\" \/>\n<meta name=\"twitter:card\" content=\"summary_large_image\" \/>\n<meta name=\"twitter:label1\" content=\"Escrito por\" \/>\n\t<meta name=\"twitter:data1\" content=\"Laia Serra\" \/>\n\t<meta name=\"twitter:label2\" content=\"Tiempo de lectura\" \/>\n\t<meta name=\"twitter:data2\" content=\"4 minutos\" \/>\n<script type=\"application\/ld+json\" class=\"yoast-schema-graph\">{\"@context\":\"https:\\\/\\\/schema.org\",\"@graph\":[{\"@type\":\"Article\",\"@id\":\"https:\\\/\\\/laindependent.cat\\\/es\\\/mujeres-migradas-de-la-region-andina-reclaman-apoyo-a-los-paises-de-origen-ante-la-crisis\\\/#article\",\"isPartOf\":{\"@id\":\"https:\\\/\\\/laindependent.cat\\\/es\\\/mujeres-migradas-de-la-region-andina-reclaman-apoyo-a-los-paises-de-origen-ante-la-crisis\\\/\"},\"author\":{\"name\":\"Laia Serra\",\"@id\":\"https:\\\/\\\/laindependent.cat\\\/es\\\/#\\\/schema\\\/person\\\/062b42b92468cb3592d2f27db89bc9de\"},\"headline\":\"Mujeres migradas de la regi\u00f3n andina reclaman apoyo a los pa\u00edses de origen ante la crisis\",\"datePublished\":\"2011-09-15T08:24:35+00:00\",\"mainEntityOfPage\":{\"@id\":\"https:\\\/\\\/laindependent.cat\\\/es\\\/mujeres-migradas-de-la-region-andina-reclaman-apoyo-a-los-paises-de-origen-ante-la-crisis\\\/\"},\"wordCount\":725,\"commentCount\":0,\"publisher\":{\"@id\":\"https:\\\/\\\/laindependent.cat\\\/es\\\/#organization\"},\"image\":{\"@id\":\"https:\\\/\\\/laindependent.cat\\\/es\\\/mujeres-migradas-de-la-region-andina-reclaman-apoyo-a-los-paises-de-origen-ante-la-crisis\\\/#primaryimage\"},\"thumbnailUrl\":\"https:\\\/\\\/laindependent.cat\\\/wp-content\\\/uploads\\\/2011\\\/09\\\/AbriendoMundos1.jpg\",\"keywords\":[\"Abriendo Mundos\",\"alfabetizacio\",\"hipoteca\",\"retorn\"],\"articleSection\":[\"La Independent\"],\"inLanguage\":\"es\",\"potentialAction\":[{\"@type\":\"CommentAction\",\"name\":\"Comment\",\"target\":[\"https:\\\/\\\/laindependent.cat\\\/es\\\/mujeres-migradas-de-la-region-andina-reclaman-apoyo-a-los-paises-de-origen-ante-la-crisis\\\/#respond\"]}]},{\"@type\":\"WebPage\",\"@id\":\"https:\\\/\\\/laindependent.cat\\\/es\\\/mujeres-migradas-de-la-region-andina-reclaman-apoyo-a-los-paises-de-origen-ante-la-crisis\\\/\",\"url\":\"https:\\\/\\\/laindependent.cat\\\/es\\\/mujeres-migradas-de-la-region-andina-reclaman-apoyo-a-los-paises-de-origen-ante-la-crisis\\\/\",\"name\":\"Mujeres migradas de la regi\u00f3n andina reclaman apoyo a los pa\u00edses de origen ante la crisis | La Independent\",\"isPartOf\":{\"@id\":\"https:\\\/\\\/laindependent.cat\\\/es\\\/#website\"},\"primaryImageOfPage\":{\"@id\":\"https:\\\/\\\/laindependent.cat\\\/es\\\/mujeres-migradas-de-la-region-andina-reclaman-apoyo-a-los-paises-de-origen-ante-la-crisis\\\/#primaryimage\"},\"image\":{\"@id\":\"https:\\\/\\\/laindependent.cat\\\/es\\\/mujeres-migradas-de-la-region-andina-reclaman-apoyo-a-los-paises-de-origen-ante-la-crisis\\\/#primaryimage\"},\"thumbnailUrl\":\"https:\\\/\\\/laindependent.cat\\\/wp-content\\\/uploads\\\/2011\\\/09\\\/AbriendoMundos1.jpg\",\"datePublished\":\"2011-09-15T08:24:35+00:00\",\"description\":\"Mujeres participantes en asociaciones de migradas y de trabajadoras dom\u00e9sticas en la Uni\u00f3n Europea y los pa\u00edses de la regi\u00f3n andina han reclamado a\",\"breadcrumb\":{\"@id\":\"https:\\\/\\\/laindependent.cat\\\/es\\\/mujeres-migradas-de-la-region-andina-reclaman-apoyo-a-los-paises-de-origen-ante-la-crisis\\\/#breadcrumb\"},\"inLanguage\":\"es\",\"potentialAction\":[{\"@type\":\"ReadAction\",\"target\":[\"https:\\\/\\\/laindependent.cat\\\/es\\\/mujeres-migradas-de-la-region-andina-reclaman-apoyo-a-los-paises-de-origen-ante-la-crisis\\\/\"]}]},{\"@type\":\"ImageObject\",\"inLanguage\":\"es\",\"@id\":\"https:\\\/\\\/laindependent.cat\\\/es\\\/mujeres-migradas-de-la-region-andina-reclaman-apoyo-a-los-paises-de-origen-ante-la-crisis\\\/#primaryimage\",\"url\":\"https:\\\/\\\/laindependent.cat\\\/wp-content\\\/uploads\\\/2011\\\/09\\\/AbriendoMundos1.jpg\",\"contentUrl\":\"https:\\\/\\\/laindependent.cat\\\/wp-content\\\/uploads\\\/2011\\\/09\\\/AbriendoMundos1.jpg\",\"width\":187,\"height\":40},{\"@type\":\"BreadcrumbList\",\"@id\":\"https:\\\/\\\/laindependent.cat\\\/es\\\/mujeres-migradas-de-la-region-andina-reclaman-apoyo-a-los-paises-de-origen-ante-la-crisis\\\/#breadcrumb\",\"itemListElement\":[{\"@type\":\"ListItem\",\"position\":1,\"name\":\"Inici\",\"item\":\"https:\\\/\\\/laindependent.cat\\\/es\\\/la-independent\\\/\"},{\"@type\":\"ListItem\",\"position\":2,\"name\":\"La Independent\",\"item\":\"https:\\\/\\\/laindependent.cat\\\/es\\\/tema\\\/la-independent\\\/\"},{\"@type\":\"ListItem\",\"position\":3,\"name\":\"Mujeres migradas de la regi\u00f3n andina reclaman apoyo a los pa\u00edses de origen ante la crisis\"}]},{\"@type\":\"WebSite\",\"@id\":\"https:\\\/\\\/laindependent.cat\\\/es\\\/#website\",\"url\":\"https:\\\/\\\/laindependent.cat\\\/es\\\/\",\"name\":\"La Independent\",\"description\":\"Ag\u00e8ncia de not\u00edcies amb visi\u00f3 de g\u00e8nere\",\"publisher\":{\"@id\":\"https:\\\/\\\/laindependent.cat\\\/es\\\/#organization\"},\"alternateName\":\"Ag\u00e8ncia de not\u00edcies amb visi\u00f3 de g\u00e8nere\",\"potentialAction\":[{\"@type\":\"SearchAction\",\"target\":{\"@type\":\"EntryPoint\",\"urlTemplate\":\"https:\\\/\\\/laindependent.cat\\\/es\\\/?s={search_term_string}\"},\"query-input\":{\"@type\":\"PropertyValueSpecification\",\"valueRequired\":true,\"valueName\":\"search_term_string\"}}],\"inLanguage\":\"es\"},{\"@type\":\"Organization\",\"@id\":\"https:\\\/\\\/laindependent.cat\\\/es\\\/#organization\",\"name\":\"La Independent\",\"alternateName\":\"Ag\u00e8ncia de not\u00edcies amb visi\u00f3 de g\u00e8nere\",\"url\":\"https:\\\/\\\/laindependent.cat\\\/es\\\/\",\"logo\":{\"@type\":\"ImageObject\",\"inLanguage\":\"es\",\"@id\":\"https:\\\/\\\/laindependent.cat\\\/es\\\/#\\\/schema\\\/logo\\\/image\\\/\",\"url\":\"https:\\\/\\\/laindependent.cat\\\/wp-content\\\/uploads\\\/2022\\\/10\\\/logo-independent.svg\",\"contentUrl\":\"https:\\\/\\\/laindependent.cat\\\/wp-content\\\/uploads\\\/2022\\\/10\\\/logo-independent.svg\",\"width\":562,\"height\":78,\"caption\":\"La Independent\"},\"image\":{\"@id\":\"https:\\\/\\\/laindependent.cat\\\/es\\\/#\\\/schema\\\/logo\\\/image\\\/\"}},{\"@type\":\"Person\",\"@id\":\"https:\\\/\\\/laindependent.cat\\\/es\\\/#\\\/schema\\\/person\\\/062b42b92468cb3592d2f27db89bc9de\",\"name\":\"Laia Serra\",\"image\":{\"@type\":\"ImageObject\",\"inLanguage\":\"es\",\"@id\":\"https:\\\/\\\/secure.gravatar.com\\\/avatar\\\/b50717b12b5f63be894b630cf9e287aba61bc4e804f640274367fbe292a91951?s=96&d=blank&r=g\",\"url\":\"https:\\\/\\\/secure.gravatar.com\\\/avatar\\\/b50717b12b5f63be894b630cf9e287aba61bc4e804f640274367fbe292a91951?s=96&d=blank&r=g\",\"contentUrl\":\"https:\\\/\\\/secure.gravatar.com\\\/avatar\\\/b50717b12b5f63be894b630cf9e287aba61bc4e804f640274367fbe292a91951?s=96&d=blank&r=g\",\"caption\":\"Laia Serra\"},\"url\":\"https:\\\/\\\/laindependent.cat\\\/es\\\/author\\\/laia-serra\\\/\"}]}<\/script>\n<!-- \/ Yoast SEO plugin. -->","yoast_head_json":{"title":"Mujeres migradas de la regi\u00f3n andina reclaman apoyo a los pa\u00edses de origen ante la crisis | La Independent","description":"Mujeres participantes en asociaciones de migradas y de trabajadoras dom\u00e9sticas en la Uni\u00f3n Europea y los pa\u00edses de la regi\u00f3n andina han reclamado a","robots":{"index":"index","follow":"follow","max-snippet":"max-snippet:-1","max-image-preview":"max-image-preview:large","max-video-preview":"max-video-preview:-1"},"canonical":"https:\/\/laindependent.cat\/es\/mujeres-migradas-de-la-region-andina-reclaman-apoyo-a-los-paises-de-origen-ante-la-crisis\/","og_locale":"es_ES","og_type":"article","og_title":"Mujeres migradas de la regi\u00f3n andina reclaman apoyo a los pa\u00edses de origen ante la crisis | La Independent","og_description":"Mujeres participantes en asociaciones de migradas y de trabajadoras dom\u00e9sticas en la Uni\u00f3n Europea y los pa\u00edses de la regi\u00f3n andina han reclamado a","og_url":"https:\/\/laindependent.cat\/es\/mujeres-migradas-de-la-region-andina-reclaman-apoyo-a-los-paises-de-origen-ante-la-crisis\/","og_site_name":"La Independent","article_published_time":"2011-09-15T08:24:35+00:00","og_image":[{"url":"https:\/\/laindependent.cat\/wp-content\/uploads\/2011\/09\/AbriendoMundos1.jpg","type":"","width":"","height":""}],"author":"Laia Serra","twitter_card":"summary_large_image","twitter_misc":{"Escrito por":"Laia Serra","Tiempo de lectura":"4 minutos"},"schema":{"@context":"https:\/\/schema.org","@graph":[{"@type":"Article","@id":"https:\/\/laindependent.cat\/es\/mujeres-migradas-de-la-region-andina-reclaman-apoyo-a-los-paises-de-origen-ante-la-crisis\/#article","isPartOf":{"@id":"https:\/\/laindependent.cat\/es\/mujeres-migradas-de-la-region-andina-reclaman-apoyo-a-los-paises-de-origen-ante-la-crisis\/"},"author":{"name":"Laia Serra","@id":"https:\/\/laindependent.cat\/es\/#\/schema\/person\/062b42b92468cb3592d2f27db89bc9de"},"headline":"Mujeres migradas de la regi\u00f3n andina reclaman apoyo a los pa\u00edses de origen ante la crisis","datePublished":"2011-09-15T08:24:35+00:00","mainEntityOfPage":{"@id":"https:\/\/laindependent.cat\/es\/mujeres-migradas-de-la-region-andina-reclaman-apoyo-a-los-paises-de-origen-ante-la-crisis\/"},"wordCount":725,"commentCount":0,"publisher":{"@id":"https:\/\/laindependent.cat\/es\/#organization"},"image":{"@id":"https:\/\/laindependent.cat\/es\/mujeres-migradas-de-la-region-andina-reclaman-apoyo-a-los-paises-de-origen-ante-la-crisis\/#primaryimage"},"thumbnailUrl":"https:\/\/laindependent.cat\/wp-content\/uploads\/2011\/09\/AbriendoMundos1.jpg","keywords":["Abriendo Mundos","alfabetizacio","hipoteca","retorn"],"articleSection":["La Independent"],"inLanguage":"es","potentialAction":[{"@type":"CommentAction","name":"Comment","target":["https:\/\/laindependent.cat\/es\/mujeres-migradas-de-la-region-andina-reclaman-apoyo-a-los-paises-de-origen-ante-la-crisis\/#respond"]}]},{"@type":"WebPage","@id":"https:\/\/laindependent.cat\/es\/mujeres-migradas-de-la-region-andina-reclaman-apoyo-a-los-paises-de-origen-ante-la-crisis\/","url":"https:\/\/laindependent.cat\/es\/mujeres-migradas-de-la-region-andina-reclaman-apoyo-a-los-paises-de-origen-ante-la-crisis\/","name":"Mujeres migradas de la regi\u00f3n andina reclaman apoyo a los pa\u00edses de origen ante la crisis | La Independent","isPartOf":{"@id":"https:\/\/laindependent.cat\/es\/#website"},"primaryImageOfPage":{"@id":"https:\/\/laindependent.cat\/es\/mujeres-migradas-de-la-region-andina-reclaman-apoyo-a-los-paises-de-origen-ante-la-crisis\/#primaryimage"},"image":{"@id":"https:\/\/laindependent.cat\/es\/mujeres-migradas-de-la-region-andina-reclaman-apoyo-a-los-paises-de-origen-ante-la-crisis\/#primaryimage"},"thumbnailUrl":"https:\/\/laindependent.cat\/wp-content\/uploads\/2011\/09\/AbriendoMundos1.jpg","datePublished":"2011-09-15T08:24:35+00:00","description":"Mujeres participantes en asociaciones de migradas y de trabajadoras dom\u00e9sticas en la Uni\u00f3n Europea y los pa\u00edses de la regi\u00f3n andina han reclamado a","breadcrumb":{"@id":"https:\/\/laindependent.cat\/es\/mujeres-migradas-de-la-region-andina-reclaman-apoyo-a-los-paises-de-origen-ante-la-crisis\/#breadcrumb"},"inLanguage":"es","potentialAction":[{"@type":"ReadAction","target":["https:\/\/laindependent.cat\/es\/mujeres-migradas-de-la-region-andina-reclaman-apoyo-a-los-paises-de-origen-ante-la-crisis\/"]}]},{"@type":"ImageObject","inLanguage":"es","@id":"https:\/\/laindependent.cat\/es\/mujeres-migradas-de-la-region-andina-reclaman-apoyo-a-los-paises-de-origen-ante-la-crisis\/#primaryimage","url":"https:\/\/laindependent.cat\/wp-content\/uploads\/2011\/09\/AbriendoMundos1.jpg","contentUrl":"https:\/\/laindependent.cat\/wp-content\/uploads\/2011\/09\/AbriendoMundos1.jpg","width":187,"height":40},{"@type":"BreadcrumbList","@id":"https:\/\/laindependent.cat\/es\/mujeres-migradas-de-la-region-andina-reclaman-apoyo-a-los-paises-de-origen-ante-la-crisis\/#breadcrumb","itemListElement":[{"@type":"ListItem","position":1,"name":"Inici","item":"https:\/\/laindependent.cat\/es\/la-independent\/"},{"@type":"ListItem","position":2,"name":"La Independent","item":"https:\/\/laindependent.cat\/es\/tema\/la-independent\/"},{"@type":"ListItem","position":3,"name":"Mujeres migradas de la regi\u00f3n andina reclaman apoyo a los pa\u00edses de origen ante la crisis"}]},{"@type":"WebSite","@id":"https:\/\/laindependent.cat\/es\/#website","url":"https:\/\/laindependent.cat\/es\/","name":"La Independent","description":"Ag\u00e8ncia de not\u00edcies amb visi\u00f3 de g\u00e8nere","publisher":{"@id":"https:\/\/laindependent.cat\/es\/#organization"},"alternateName":"Ag\u00e8ncia de not\u00edcies amb visi\u00f3 de g\u00e8nere","potentialAction":[{"@type":"SearchAction","target":{"@type":"EntryPoint","urlTemplate":"https:\/\/laindependent.cat\/es\/?s={search_term_string}"},"query-input":{"@type":"PropertyValueSpecification","valueRequired":true,"valueName":"search_term_string"}}],"inLanguage":"es"},{"@type":"Organization","@id":"https:\/\/laindependent.cat\/es\/#organization","name":"La Independent","alternateName":"Ag\u00e8ncia de not\u00edcies amb visi\u00f3 de g\u00e8nere","url":"https:\/\/laindependent.cat\/es\/","logo":{"@type":"ImageObject","inLanguage":"es","@id":"https:\/\/laindependent.cat\/es\/#\/schema\/logo\/image\/","url":"https:\/\/laindependent.cat\/wp-content\/uploads\/2022\/10\/logo-independent.svg","contentUrl":"https:\/\/laindependent.cat\/wp-content\/uploads\/2022\/10\/logo-independent.svg","width":562,"height":78,"caption":"La Independent"},"image":{"@id":"https:\/\/laindependent.cat\/es\/#\/schema\/logo\/image\/"}},{"@type":"Person","@id":"https:\/\/laindependent.cat\/es\/#\/schema\/person\/062b42b92468cb3592d2f27db89bc9de","name":"Laia Serra","image":{"@type":"ImageObject","inLanguage":"es","@id":"https:\/\/secure.gravatar.com\/avatar\/b50717b12b5f63be894b630cf9e287aba61bc4e804f640274367fbe292a91951?s=96&d=blank&r=g","url":"https:\/\/secure.gravatar.com\/avatar\/b50717b12b5f63be894b630cf9e287aba61bc4e804f640274367fbe292a91951?s=96&d=blank&r=g","contentUrl":"https:\/\/secure.gravatar.com\/avatar\/b50717b12b5f63be894b630cf9e287aba61bc4e804f640274367fbe292a91951?s=96&d=blank&r=g","caption":"Laia Serra"},"url":"https:\/\/laindependent.cat\/es\/author\/laia-serra\/"}]}},"_links":{"self":[{"href":"https:\/\/laindependent.cat\/es\/wp-json\/wp\/v2\/posts\/55272","targetHints":{"allow":["GET"]}}],"collection":[{"href":"https:\/\/laindependent.cat\/es\/wp-json\/wp\/v2\/posts"}],"about":[{"href":"https:\/\/laindependent.cat\/es\/wp-json\/wp\/v2\/types\/post"}],"author":[{"embeddable":true,"href":"https:\/\/laindependent.cat\/es\/wp-json\/wp\/v2\/users\/75"}],"replies":[{"embeddable":true,"href":"https:\/\/laindependent.cat\/es\/wp-json\/wp\/v2\/comments?post=55272"}],"version-history":[{"count":0,"href":"https:\/\/laindependent.cat\/es\/wp-json\/wp\/v2\/posts\/55272\/revisions"}],"wp:featuredmedia":[{"embeddable":true,"href":"https:\/\/laindependent.cat\/es\/wp-json\/wp\/v2\/media\/27071"}],"wp:attachment":[{"href":"https:\/\/laindependent.cat\/es\/wp-json\/wp\/v2\/media?parent=55272"}],"wp:term":[{"taxonomy":"category","embeddable":true,"href":"https:\/\/laindependent.cat\/es\/wp-json\/wp\/v2\/categories?post=55272"},{"taxonomy":"post_tag","embeddable":true,"href":"https:\/\/laindependent.cat\/es\/wp-json\/wp\/v2\/tags?post=55272"}],"curies":[{"name":"wp","href":"https:\/\/api.w.org\/{rel}","templated":true}]}}