{"id":55260,"date":"2011-09-14T22:33:30","date_gmt":"2011-09-14T20:33:30","guid":{"rendered":"https:\/\/laindependent.cat\/haiti-se-mobiliza-contra-la-agresion-sexual-de-los-cascos-azules\/"},"modified":"2011-09-14T22:33:30","modified_gmt":"2011-09-14T20:33:30","slug":"haiti-se-mobiliza-contra-la-agresion-sexual-de-los-cascos-azules","status":"publish","type":"post","link":"https:\/\/laindependent.cat\/es\/haiti-se-mobiliza-contra-la-agresion-sexual-de-los-cascos-azules\/","title":{"rendered":"Hait\u00ed se mobiliza contra la agresi\u00f3n sexual de los cascos azules"},"content":{"rendered":"<p style=\"text-align: left;\"><span style=\"font-family: trebuchet ms,geneva; font-size: 10pt;\">Los haitianos y las haitianas se manifestaron el mi\u00e9rcoles para pedir que los cascos  azules abandonen el pa\u00eds donde est\u00e1n en misi\u00f3n desde que tuvo lugar el  terremoto el 2010. El rechazo de los haitianos y las haitianas hacia los que consideran  sus &#8220;ocupantes&#8221; ha ido in crescendo a ra\u00edz del v\u00eddeo que se difundi\u00f3 en  Internet la semana pasada en que se ve como un joven de 18 a\u00f1os es  atacado por un grupo de cascos azules de Uruguay conocidos como los  *Minustah. <\/span><\/p>\n<p style=\"text-align: left;\"><span style=\"font-family: trebuchet ms,geneva; font-size: 10pt;\">A pesar de que los mismos cascos azules uruguayos  defendieron que las acusaciones responden &#8220;a una broma de mal gusto&#8221;, el  presidente de Uruguay, Jos\u00e9 Mug\u00edca, pidi\u00f3 disculpas personalmente a su  hom\u00f3logo haiti\u00e0, Michel Martelly, por los incidentes. Se espera que  en los pr\u00f3ximos d\u00edas el ministro de Defensa de Uruguay comparezca ante  el Parlamento para dar explicaciones sobre los hechos y sobre todo,  exponga qu\u00e9 planes tiene la misi\u00f3n en la isla.<\/span><\/p>\n<p style=\"text-align: left;\"><span style=\"font-family: trebuchet ms,geneva; font-size: 10pt;\">La  intervenci\u00f3n de los cascos azules ya se puso en cuesti\u00f3n anteriormente  en otros pa\u00edses como en el Congo y Bosnia-Herzegovina. En el caso del  pa\u00eds caribe\u00f1o, \u00faltimamente todav\u00eda se ha criticado m\u00e1s la actuaci\u00f3n de  los soldados, sobre todo despu\u00e9s de que saliera a la luz un informe que  confirmaba que los cascos azules nepaleses habr\u00edan sido los que habr\u00edan  introducido el brote de c\u00f3lera al pa\u00eds, como consecuencia de la mala  higiene en los campamentos de las tropas.<\/span><\/p>\n","protected":false},"excerpt":{"rendered":"<p>Los haitianos y las haitianas se manifestaron el mi\u00e9rcoles para pedir que los cascos azules abandonen el pa\u00eds donde est\u00e1n en misi\u00f3n desde que tuvo lugar el terremoto el 2010. El rechazo de los haitianos y las haitianas hacia los [&hellip;]<\/p>\n","protected":false},"author":82,"featured_media":0,"comment_status":"open","ping_status":"","sticky":false,"template":"","format":"standard","meta":{"footnotes":""},"categories":[26592],"tags":[27623,27624,27505],"class_list":["post-55260","post","type-post","status-publish","format-standard","hentry","category-violencia-de-estado","tag-agresion-sexual","tag-cascos-azules","tag-haiti"],"yoast_head":"<!-- This site is optimized with the Yoast SEO plugin v27.4 - https:\/\/yoast.com\/product\/yoast-seo-wordpress\/ -->\n<title>Hait\u00ed se mobiliza contra la agresi\u00f3n sexual de los cascos azules | La Independent<\/title>\n<meta name=\"description\" content=\"Los haitianos y las haitianas se manifestaron el mi\u00e9rcoles para pedir que los cascos azules abandonen el pa\u00eds donde est\u00e1n en misi\u00f3n desde que tuvo lugar\" \/>\n<meta name=\"robots\" content=\"index, follow, max-snippet:-1, max-image-preview:large, max-video-preview:-1\" \/>\n<link rel=\"canonical\" href=\"https:\/\/laindependent.cat\/es\/haiti-se-mobiliza-contra-la-agresion-sexual-de-los-cascos-azules\/\" \/>\n<meta property=\"og:locale\" content=\"es_ES\" \/>\n<meta property=\"og:type\" content=\"article\" \/>\n<meta property=\"og:title\" content=\"Hait\u00ed se mobiliza contra la agresi\u00f3n sexual de los cascos azules | La Independent\" \/>\n<meta property=\"og:description\" content=\"Los haitianos y las haitianas se manifestaron el mi\u00e9rcoles para pedir que los cascos azules abandonen el pa\u00eds donde est\u00e1n en misi\u00f3n desde que tuvo lugar\" \/>\n<meta property=\"og:url\" content=\"https:\/\/laindependent.cat\/es\/haiti-se-mobiliza-contra-la-agresion-sexual-de-los-cascos-azules\/\" \/>\n<meta property=\"og:site_name\" content=\"La Independent\" \/>\n<meta property=\"article:published_time\" content=\"2011-09-14T20:33:30+00:00\" \/>\n<meta name=\"author\" content=\"Ana\u00efs Barnolas\" \/>\n<meta name=\"twitter:card\" content=\"summary_large_image\" \/>\n<meta name=\"twitter:label1\" content=\"Escrito por\" \/>\n\t<meta name=\"twitter:data1\" content=\"Ana\u00efs Barnolas\" \/>\n\t<meta name=\"twitter:label2\" content=\"Tiempo de lectura\" \/>\n\t<meta name=\"twitter:data2\" content=\"1 minuto\" \/>\n<script type=\"application\/ld+json\" class=\"yoast-schema-graph\">{\"@context\":\"https:\\\/\\\/schema.org\",\"@graph\":[{\"@type\":\"Article\",\"@id\":\"https:\\\/\\\/laindependent.cat\\\/es\\\/haiti-se-mobiliza-contra-la-agresion-sexual-de-los-cascos-azules\\\/#article\",\"isPartOf\":{\"@id\":\"https:\\\/\\\/laindependent.cat\\\/es\\\/haiti-se-mobiliza-contra-la-agresion-sexual-de-los-cascos-azules\\\/\"},\"author\":{\"name\":\"Ana\u00efs Barnolas\",\"@id\":\"https:\\\/\\\/laindependent.cat\\\/es\\\/#\\\/schema\\\/person\\\/011572a68e0972237aae765cc13134d4\"},\"headline\":\"Hait\u00ed se mobiliza contra la agresi\u00f3n sexual de los cascos azules\",\"datePublished\":\"2011-09-14T20:33:30+00:00\",\"mainEntityOfPage\":{\"@id\":\"https:\\\/\\\/laindependent.cat\\\/es\\\/haiti-se-mobiliza-contra-la-agresion-sexual-de-los-cascos-azules\\\/\"},\"wordCount\":272,\"commentCount\":0,\"publisher\":{\"@id\":\"https:\\\/\\\/laindependent.cat\\\/es\\\/#organization\"},\"keywords\":[\"agresi\u00f3n sexual\",\"cascos azules\",\"Haiti\"],\"articleSection\":[\"Violencia de Estado\"],\"inLanguage\":\"es\",\"potentialAction\":[{\"@type\":\"CommentAction\",\"name\":\"Comment\",\"target\":[\"https:\\\/\\\/laindependent.cat\\\/es\\\/haiti-se-mobiliza-contra-la-agresion-sexual-de-los-cascos-azules\\\/#respond\"]}]},{\"@type\":\"WebPage\",\"@id\":\"https:\\\/\\\/laindependent.cat\\\/es\\\/haiti-se-mobiliza-contra-la-agresion-sexual-de-los-cascos-azules\\\/\",\"url\":\"https:\\\/\\\/laindependent.cat\\\/es\\\/haiti-se-mobiliza-contra-la-agresion-sexual-de-los-cascos-azules\\\/\",\"name\":\"Hait\u00ed se mobiliza contra la agresi\u00f3n sexual de los cascos azules | La Independent\",\"isPartOf\":{\"@id\":\"https:\\\/\\\/laindependent.cat\\\/es\\\/#website\"},\"datePublished\":\"2011-09-14T20:33:30+00:00\",\"description\":\"Los haitianos y las haitianas se manifestaron el mi\u00e9rcoles para pedir que los cascos azules abandonen el pa\u00eds donde est\u00e1n en misi\u00f3n desde que tuvo lugar\",\"breadcrumb\":{\"@id\":\"https:\\\/\\\/laindependent.cat\\\/es\\\/haiti-se-mobiliza-contra-la-agresion-sexual-de-los-cascos-azules\\\/#breadcrumb\"},\"inLanguage\":\"es\",\"potentialAction\":[{\"@type\":\"ReadAction\",\"target\":[\"https:\\\/\\\/laindependent.cat\\\/es\\\/haiti-se-mobiliza-contra-la-agresion-sexual-de-los-cascos-azules\\\/\"]}]},{\"@type\":\"BreadcrumbList\",\"@id\":\"https:\\\/\\\/laindependent.cat\\\/es\\\/haiti-se-mobiliza-contra-la-agresion-sexual-de-los-cascos-azules\\\/#breadcrumb\",\"itemListElement\":[{\"@type\":\"ListItem\",\"position\":1,\"name\":\"Inici\",\"item\":\"https:\\\/\\\/laindependent.cat\\\/es\\\/la-independent\\\/\"},{\"@type\":\"ListItem\",\"position\":2,\"name\":\"Violencias\",\"item\":\"https:\\\/\\\/laindependent.cat\\\/es\\\/tema\\\/violencias\\\/\"},{\"@type\":\"ListItem\",\"position\":3,\"name\":\"Violencia de Estado\",\"item\":\"https:\\\/\\\/laindependent.cat\\\/es\\\/tema\\\/violencias\\\/violencia-de-estado\\\/\"},{\"@type\":\"ListItem\",\"position\":4,\"name\":\"Hait\u00ed se mobiliza contra la agresi\u00f3n sexual de los cascos azules\"}]},{\"@type\":\"WebSite\",\"@id\":\"https:\\\/\\\/laindependent.cat\\\/es\\\/#website\",\"url\":\"https:\\\/\\\/laindependent.cat\\\/es\\\/\",\"name\":\"La Independent\",\"description\":\"Ag\u00e8ncia de not\u00edcies amb visi\u00f3 de g\u00e8nere\",\"publisher\":{\"@id\":\"https:\\\/\\\/laindependent.cat\\\/es\\\/#organization\"},\"alternateName\":\"Ag\u00e8ncia de not\u00edcies amb visi\u00f3 de g\u00e8nere\",\"potentialAction\":[{\"@type\":\"SearchAction\",\"target\":{\"@type\":\"EntryPoint\",\"urlTemplate\":\"https:\\\/\\\/laindependent.cat\\\/es\\\/?s={search_term_string}\"},\"query-input\":{\"@type\":\"PropertyValueSpecification\",\"valueRequired\":true,\"valueName\":\"search_term_string\"}}],\"inLanguage\":\"es\"},{\"@type\":\"Organization\",\"@id\":\"https:\\\/\\\/laindependent.cat\\\/es\\\/#organization\",\"name\":\"La Independent\",\"alternateName\":\"Ag\u00e8ncia de not\u00edcies amb visi\u00f3 de g\u00e8nere\",\"url\":\"https:\\\/\\\/laindependent.cat\\\/es\\\/\",\"logo\":{\"@type\":\"ImageObject\",\"inLanguage\":\"es\",\"@id\":\"https:\\\/\\\/laindependent.cat\\\/es\\\/#\\\/schema\\\/logo\\\/image\\\/\",\"url\":\"https:\\\/\\\/laindependent.cat\\\/wp-content\\\/uploads\\\/2022\\\/10\\\/logo-independent.svg\",\"contentUrl\":\"https:\\\/\\\/laindependent.cat\\\/wp-content\\\/uploads\\\/2022\\\/10\\\/logo-independent.svg\",\"width\":562,\"height\":78,\"caption\":\"La Independent\"},\"image\":{\"@id\":\"https:\\\/\\\/laindependent.cat\\\/es\\\/#\\\/schema\\\/logo\\\/image\\\/\"}},{\"@type\":\"Person\",\"@id\":\"https:\\\/\\\/laindependent.cat\\\/es\\\/#\\\/schema\\\/person\\\/011572a68e0972237aae765cc13134d4\",\"name\":\"Ana\u00efs Barnolas\",\"image\":{\"@type\":\"ImageObject\",\"inLanguage\":\"es\",\"@id\":\"https:\\\/\\\/secure.gravatar.com\\\/avatar\\\/0743f061efc3df4068e98f2816c60ad083dcd26993baa377f391c40ea91dd9d5?s=96&d=blank&r=g\",\"url\":\"https:\\\/\\\/secure.gravatar.com\\\/avatar\\\/0743f061efc3df4068e98f2816c60ad083dcd26993baa377f391c40ea91dd9d5?s=96&d=blank&r=g\",\"contentUrl\":\"https:\\\/\\\/secure.gravatar.com\\\/avatar\\\/0743f061efc3df4068e98f2816c60ad083dcd26993baa377f391c40ea91dd9d5?s=96&d=blank&r=g\",\"caption\":\"Ana\u00efs Barnolas\"},\"url\":\"https:\\\/\\\/laindependent.cat\\\/es\\\/author\\\/anais\\\/\"}]}<\/script>\n<!-- \/ Yoast SEO plugin. -->","yoast_head_json":{"title":"Hait\u00ed se mobiliza contra la agresi\u00f3n sexual de los cascos azules | La Independent","description":"Los haitianos y las haitianas se manifestaron el mi\u00e9rcoles para pedir que los cascos azules abandonen el pa\u00eds donde est\u00e1n en misi\u00f3n desde que tuvo lugar","robots":{"index":"index","follow":"follow","max-snippet":"max-snippet:-1","max-image-preview":"max-image-preview:large","max-video-preview":"max-video-preview:-1"},"canonical":"https:\/\/laindependent.cat\/es\/haiti-se-mobiliza-contra-la-agresion-sexual-de-los-cascos-azules\/","og_locale":"es_ES","og_type":"article","og_title":"Hait\u00ed se mobiliza contra la agresi\u00f3n sexual de los cascos azules | La Independent","og_description":"Los haitianos y las haitianas se manifestaron el mi\u00e9rcoles para pedir que los cascos azules abandonen el pa\u00eds donde est\u00e1n en misi\u00f3n desde que tuvo lugar","og_url":"https:\/\/laindependent.cat\/es\/haiti-se-mobiliza-contra-la-agresion-sexual-de-los-cascos-azules\/","og_site_name":"La Independent","article_published_time":"2011-09-14T20:33:30+00:00","author":"Ana\u00efs Barnolas","twitter_card":"summary_large_image","twitter_misc":{"Escrito por":"Ana\u00efs Barnolas","Tiempo de lectura":"1 minuto"},"schema":{"@context":"https:\/\/schema.org","@graph":[{"@type":"Article","@id":"https:\/\/laindependent.cat\/es\/haiti-se-mobiliza-contra-la-agresion-sexual-de-los-cascos-azules\/#article","isPartOf":{"@id":"https:\/\/laindependent.cat\/es\/haiti-se-mobiliza-contra-la-agresion-sexual-de-los-cascos-azules\/"},"author":{"name":"Ana\u00efs Barnolas","@id":"https:\/\/laindependent.cat\/es\/#\/schema\/person\/011572a68e0972237aae765cc13134d4"},"headline":"Hait\u00ed se mobiliza contra la agresi\u00f3n sexual de los cascos azules","datePublished":"2011-09-14T20:33:30+00:00","mainEntityOfPage":{"@id":"https:\/\/laindependent.cat\/es\/haiti-se-mobiliza-contra-la-agresion-sexual-de-los-cascos-azules\/"},"wordCount":272,"commentCount":0,"publisher":{"@id":"https:\/\/laindependent.cat\/es\/#organization"},"keywords":["agresi\u00f3n sexual","cascos azules","Haiti"],"articleSection":["Violencia de Estado"],"inLanguage":"es","potentialAction":[{"@type":"CommentAction","name":"Comment","target":["https:\/\/laindependent.cat\/es\/haiti-se-mobiliza-contra-la-agresion-sexual-de-los-cascos-azules\/#respond"]}]},{"@type":"WebPage","@id":"https:\/\/laindependent.cat\/es\/haiti-se-mobiliza-contra-la-agresion-sexual-de-los-cascos-azules\/","url":"https:\/\/laindependent.cat\/es\/haiti-se-mobiliza-contra-la-agresion-sexual-de-los-cascos-azules\/","name":"Hait\u00ed se mobiliza contra la agresi\u00f3n sexual de los cascos azules | La Independent","isPartOf":{"@id":"https:\/\/laindependent.cat\/es\/#website"},"datePublished":"2011-09-14T20:33:30+00:00","description":"Los haitianos y las haitianas se manifestaron el mi\u00e9rcoles para pedir que los cascos azules abandonen el pa\u00eds donde est\u00e1n en misi\u00f3n desde que tuvo lugar","breadcrumb":{"@id":"https:\/\/laindependent.cat\/es\/haiti-se-mobiliza-contra-la-agresion-sexual-de-los-cascos-azules\/#breadcrumb"},"inLanguage":"es","potentialAction":[{"@type":"ReadAction","target":["https:\/\/laindependent.cat\/es\/haiti-se-mobiliza-contra-la-agresion-sexual-de-los-cascos-azules\/"]}]},{"@type":"BreadcrumbList","@id":"https:\/\/laindependent.cat\/es\/haiti-se-mobiliza-contra-la-agresion-sexual-de-los-cascos-azules\/#breadcrumb","itemListElement":[{"@type":"ListItem","position":1,"name":"Inici","item":"https:\/\/laindependent.cat\/es\/la-independent\/"},{"@type":"ListItem","position":2,"name":"Violencias","item":"https:\/\/laindependent.cat\/es\/tema\/violencias\/"},{"@type":"ListItem","position":3,"name":"Violencia de Estado","item":"https:\/\/laindependent.cat\/es\/tema\/violencias\/violencia-de-estado\/"},{"@type":"ListItem","position":4,"name":"Hait\u00ed se mobiliza contra la agresi\u00f3n sexual de los cascos azules"}]},{"@type":"WebSite","@id":"https:\/\/laindependent.cat\/es\/#website","url":"https:\/\/laindependent.cat\/es\/","name":"La Independent","description":"Ag\u00e8ncia de not\u00edcies amb visi\u00f3 de g\u00e8nere","publisher":{"@id":"https:\/\/laindependent.cat\/es\/#organization"},"alternateName":"Ag\u00e8ncia de not\u00edcies amb visi\u00f3 de g\u00e8nere","potentialAction":[{"@type":"SearchAction","target":{"@type":"EntryPoint","urlTemplate":"https:\/\/laindependent.cat\/es\/?s={search_term_string}"},"query-input":{"@type":"PropertyValueSpecification","valueRequired":true,"valueName":"search_term_string"}}],"inLanguage":"es"},{"@type":"Organization","@id":"https:\/\/laindependent.cat\/es\/#organization","name":"La Independent","alternateName":"Ag\u00e8ncia de not\u00edcies amb visi\u00f3 de g\u00e8nere","url":"https:\/\/laindependent.cat\/es\/","logo":{"@type":"ImageObject","inLanguage":"es","@id":"https:\/\/laindependent.cat\/es\/#\/schema\/logo\/image\/","url":"https:\/\/laindependent.cat\/wp-content\/uploads\/2022\/10\/logo-independent.svg","contentUrl":"https:\/\/laindependent.cat\/wp-content\/uploads\/2022\/10\/logo-independent.svg","width":562,"height":78,"caption":"La Independent"},"image":{"@id":"https:\/\/laindependent.cat\/es\/#\/schema\/logo\/image\/"}},{"@type":"Person","@id":"https:\/\/laindependent.cat\/es\/#\/schema\/person\/011572a68e0972237aae765cc13134d4","name":"Ana\u00efs Barnolas","image":{"@type":"ImageObject","inLanguage":"es","@id":"https:\/\/secure.gravatar.com\/avatar\/0743f061efc3df4068e98f2816c60ad083dcd26993baa377f391c40ea91dd9d5?s=96&d=blank&r=g","url":"https:\/\/secure.gravatar.com\/avatar\/0743f061efc3df4068e98f2816c60ad083dcd26993baa377f391c40ea91dd9d5?s=96&d=blank&r=g","contentUrl":"https:\/\/secure.gravatar.com\/avatar\/0743f061efc3df4068e98f2816c60ad083dcd26993baa377f391c40ea91dd9d5?s=96&d=blank&r=g","caption":"Ana\u00efs Barnolas"},"url":"https:\/\/laindependent.cat\/es\/author\/anais\/"}]}},"_links":{"self":[{"href":"https:\/\/laindependent.cat\/es\/wp-json\/wp\/v2\/posts\/55260","targetHints":{"allow":["GET"]}}],"collection":[{"href":"https:\/\/laindependent.cat\/es\/wp-json\/wp\/v2\/posts"}],"about":[{"href":"https:\/\/laindependent.cat\/es\/wp-json\/wp\/v2\/types\/post"}],"author":[{"embeddable":true,"href":"https:\/\/laindependent.cat\/es\/wp-json\/wp\/v2\/users\/82"}],"replies":[{"embeddable":true,"href":"https:\/\/laindependent.cat\/es\/wp-json\/wp\/v2\/comments?post=55260"}],"version-history":[{"count":0,"href":"https:\/\/laindependent.cat\/es\/wp-json\/wp\/v2\/posts\/55260\/revisions"}],"wp:attachment":[{"href":"https:\/\/laindependent.cat\/es\/wp-json\/wp\/v2\/media?parent=55260"}],"wp:term":[{"taxonomy":"category","embeddable":true,"href":"https:\/\/laindependent.cat\/es\/wp-json\/wp\/v2\/categories?post=55260"},{"taxonomy":"post_tag","embeddable":true,"href":"https:\/\/laindependent.cat\/es\/wp-json\/wp\/v2\/tags?post=55260"}],"curies":[{"name":"wp","href":"https:\/\/api.w.org\/{rel}","templated":true}]}}