{"id":54926,"date":"2011-06-09T14:16:37","date_gmt":"2011-06-09T12:16:37","guid":{"rendered":"https:\/\/laindependent.cat\/nace-el-primer-canal-de-television-digital-para-las-mujeres-de-negocios\/"},"modified":"2011-06-09T14:16:37","modified_gmt":"2011-06-09T12:16:37","slug":"nace-el-primer-canal-de-television-digital-para-las-mujeres-de-negocios","status":"publish","type":"post","link":"https:\/\/laindependent.cat\/es\/nace-el-primer-canal-de-television-digital-para-las-mujeres-de-negocios\/","title":{"rendered":"Nace el primer canal de televisi\u00f3n digital para las mujeres de negocios"},"content":{"rendered":"<p style=\"text-align: left;\"><span style=\"font-family: trebuchet ms,geneva; font-size: 10pt;\"><strong>La televisi\u00f3n digital permite comentar la actualidad y\u00a0debatir cuestiones econ\u00f3micas desde la perspectiva de las empresarias<\/strong><\/span><\/p>\n<p style=\"text-align: left;\"><span style=\"font-family: trebuchet ms,geneva; font-size: 10pt;\"><strong><br \/><\/strong><\/span><\/p>\n<p><span style=\"font-family: trebuchet ms,geneva; font-size: 10pt;\"><a target=\"_blank\" href=\"http:\/\/www.mujeresdenegocios.net\/\" rel=\"noopener\"><img decoding=\"async\" class=\"size-full wp-image-26903 lazyload\" height=\"179\" width=\"196\" data-src=\"https:\/\/laindependent.cat\/wp-content\/uploads\/2011\/06\/neixwebtv.jpg\" alt=\"neixwebtv\" style=\"--smush-placeholder-width: 196px; --smush-placeholder-aspect-ratio: 196\/179;vertical-align: middle; display: block; margin-left: auto; margin-right: auto;\" src=\"data:image\/svg+xml;base64,PHN2ZyB3aWR0aD0iMSIgaGVpZ2h0PSIxIiB4bWxucz0iaHR0cDovL3d3dy53My5vcmcvMjAwMC9zdmciPjwvc3ZnPg==\" \/><\/a><\/span><\/p>\n<p style=\"margin-top: 0pt; margin-bottom: 0pt; text-align: left;\">\u00a0<\/p>\n<p style=\"text-align: left;\"><span style=\"font-family: trebuchet ms,geneva; font-size: 10pt;\">La entidad sin \u00e1nimo de lucro el C\u00edrculo de Mujeres de Negocios (CMN), que aglutina adem\u00e1s de 3.500 directivas, empresarias, profesionales aut\u00f3nomas y emprendedoras, ha creado su propio canal de televisi\u00f3n por Internet. Se puede acceder desde la <a href=\"http:\/\/www.mujeresdenegocios.net\/\">web<\/a> y se pueden ver en directo todos aquellos espacios, programas y contenidos que son interesantes para el colectivo. La presidenta del CMN, Elena Fabra de Encarnaci\u00f3n, considera que la herramienta permite debatir de manera directa y sin intermediaciones noticias de actualidad y cuestiones econ\u00f3micas desde la perspectiva de las mujeres profesionales.<\/span><\/p>\n<p><!--more--><\/p>\n<p style=\"margin-top: 0pt; margin-bottom: 0pt; text-align: left;\"><span style=\"font-family: trebuchet ms,geneva; font-size: 10pt;\"><br \/><\/span><\/p>\n<p><\/p>\n<p style=\"text-align: left;\"><span style=\"font-family: trebuchet ms,geneva; font-size: 10pt;\">El CNM se cre\u00f3 el 2005 y es la primera plataforma networking-online de mujeres emprendedoras del Estado Espa\u00f1ol. Adem\u00e1s de los servicios online, el portal organiza mensualmente encuentros presenciales de networking activo y efectivo, en que las asociadas contactan directamente e intercambian sus tarjetas profesionales adem\u00e1s de informaci\u00f3n, contactos, conocimientos y negocios.<\/span><\/p>\n<p style=\"text-align: left;\"><span style=\"font-family: trebuchet ms,geneva; font-size: 10pt;\">A las empresarias todav\u00eda les queda mucho camino por recorrer para mejorar su visibilidad en el \u00e1mbito econ\u00f3mico, puesto que, seg\u00fan destaca <\/span><span style=\"font-family: trebuchet ms,geneva; font-size: 10pt;\"><a href=\"http:\/\/www.amecopress.net\/spip.php?article7097\">Ameco Press<\/a>, tan s\u00f3lo el 50% de los planes de empresas que llegan a la C\u00e1mara de comercio de Madrid que buscan financiaci\u00f3n est\u00e1n promovidas por mujeres. Otra datos que muestra la poca representatividad que tienen en el mundo empresarial es la de que tan s\u00f3lo un tercio (33,5%) de los 3,16 millones de personas aut\u00f3nomas que hay en el Estado espa\u00f1ol son mujeres.. <br \/><\/span><\/p>\n","protected":false},"excerpt":{"rendered":"<p>La televisi\u00f3n digital permite comentar la actualidad y\u00a0debatir cuestiones econ\u00f3micas desde la perspectiva de las empresarias \u00a0 La entidad sin \u00e1nimo de lucro el C\u00edrculo de Mujeres de Negocios (CMN), que aglutina adem\u00e1s de 3.500 directivas, empresarias, profesionales aut\u00f3nomas y [&hellip;]<\/p>\n","protected":false},"author":82,"featured_media":26903,"comment_status":"open","ping_status":"","sticky":false,"template":"","format":"standard","meta":{"footnotes":""},"categories":[26580],"tags":[27409,27410,27408],"class_list":["post-54926","post","type-post","status-publish","format-standard","has-post-thumbnail","hentry","category-digitales","tag-canal","tag-cercle-de-dones-de-negoci","tag-emprenedores"],"yoast_head":"<!-- This site is optimized with the Yoast SEO plugin v27.4 - https:\/\/yoast.com\/product\/yoast-seo-wordpress\/ -->\n<title>Nace el primer canal de televisi\u00f3n digital para las mujeres de negocios | La Independent<\/title>\n<meta name=\"description\" content=\"La televisi\u00f3n digital permite comentar la actualidad y\u00a0debatir cuestiones econ\u00f3micas desde la perspectiva de las empresarias \u00a0 La entidad sin \u00e1nimo de\" \/>\n<meta name=\"robots\" content=\"index, follow, max-snippet:-1, max-image-preview:large, max-video-preview:-1\" \/>\n<link rel=\"canonical\" href=\"https:\/\/laindependent.cat\/es\/nace-el-primer-canal-de-television-digital-para-las-mujeres-de-negocios\/\" \/>\n<meta property=\"og:locale\" content=\"es_ES\" \/>\n<meta property=\"og:type\" content=\"article\" \/>\n<meta property=\"og:title\" content=\"Nace el primer canal de televisi\u00f3n digital para las mujeres de negocios | La Independent\" \/>\n<meta property=\"og:description\" content=\"La televisi\u00f3n digital permite comentar la actualidad y\u00a0debatir cuestiones econ\u00f3micas desde la perspectiva de las empresarias \u00a0 La entidad sin \u00e1nimo de\" \/>\n<meta property=\"og:url\" content=\"https:\/\/laindependent.cat\/es\/nace-el-primer-canal-de-television-digital-para-las-mujeres-de-negocios\/\" \/>\n<meta property=\"og:site_name\" content=\"La Independent\" \/>\n<meta property=\"article:published_time\" content=\"2011-06-09T12:16:37+00:00\" \/>\n<meta property=\"og:image\" content=\"https:\/\/laindependent.cat\/wp-content\/uploads\/2011\/06\/neixwebtv.jpg\" \/>\n<meta name=\"author\" content=\"Ana\u00efs Barnolas\" \/>\n<meta name=\"twitter:card\" content=\"summary_large_image\" \/>\n<meta name=\"twitter:label1\" content=\"Escrito por\" \/>\n\t<meta name=\"twitter:data1\" content=\"Ana\u00efs Barnolas\" \/>\n\t<meta name=\"twitter:label2\" content=\"Tiempo de lectura\" \/>\n\t<meta name=\"twitter:data2\" content=\"1 minuto\" \/>\n<script type=\"application\/ld+json\" class=\"yoast-schema-graph\">{\"@context\":\"https:\\\/\\\/schema.org\",\"@graph\":[{\"@type\":\"Article\",\"@id\":\"https:\\\/\\\/laindependent.cat\\\/es\\\/nace-el-primer-canal-de-television-digital-para-las-mujeres-de-negocios\\\/#article\",\"isPartOf\":{\"@id\":\"https:\\\/\\\/laindependent.cat\\\/es\\\/nace-el-primer-canal-de-television-digital-para-las-mujeres-de-negocios\\\/\"},\"author\":{\"name\":\"Ana\u00efs Barnolas\",\"@id\":\"https:\\\/\\\/laindependent.cat\\\/es\\\/#\\\/schema\\\/person\\\/011572a68e0972237aae765cc13134d4\"},\"headline\":\"Nace el primer canal de televisi\u00f3n digital para las mujeres de negocios\",\"datePublished\":\"2011-06-09T12:16:37+00:00\",\"mainEntityOfPage\":{\"@id\":\"https:\\\/\\\/laindependent.cat\\\/es\\\/nace-el-primer-canal-de-television-digital-para-las-mujeres-de-negocios\\\/\"},\"wordCount\":275,\"commentCount\":0,\"publisher\":{\"@id\":\"https:\\\/\\\/laindependent.cat\\\/es\\\/#organization\"},\"image\":{\"@id\":\"https:\\\/\\\/laindependent.cat\\\/es\\\/nace-el-primer-canal-de-television-digital-para-las-mujeres-de-negocios\\\/#primaryimage\"},\"thumbnailUrl\":\"https:\\\/\\\/laindependent.cat\\\/wp-content\\\/uploads\\\/2011\\\/06\\\/neixwebtv.jpg\",\"keywords\":[\"canal\",\"Cercle de Dones de Negoci\",\"emprenedores\"],\"articleSection\":[\"Digitales\"],\"inLanguage\":\"es\",\"potentialAction\":[{\"@type\":\"CommentAction\",\"name\":\"Comment\",\"target\":[\"https:\\\/\\\/laindependent.cat\\\/es\\\/nace-el-primer-canal-de-television-digital-para-las-mujeres-de-negocios\\\/#respond\"]}]},{\"@type\":\"WebPage\",\"@id\":\"https:\\\/\\\/laindependent.cat\\\/es\\\/nace-el-primer-canal-de-television-digital-para-las-mujeres-de-negocios\\\/\",\"url\":\"https:\\\/\\\/laindependent.cat\\\/es\\\/nace-el-primer-canal-de-television-digital-para-las-mujeres-de-negocios\\\/\",\"name\":\"Nace el primer canal de televisi\u00f3n digital para las mujeres de negocios | La Independent\",\"isPartOf\":{\"@id\":\"https:\\\/\\\/laindependent.cat\\\/es\\\/#website\"},\"primaryImageOfPage\":{\"@id\":\"https:\\\/\\\/laindependent.cat\\\/es\\\/nace-el-primer-canal-de-television-digital-para-las-mujeres-de-negocios\\\/#primaryimage\"},\"image\":{\"@id\":\"https:\\\/\\\/laindependent.cat\\\/es\\\/nace-el-primer-canal-de-television-digital-para-las-mujeres-de-negocios\\\/#primaryimage\"},\"thumbnailUrl\":\"https:\\\/\\\/laindependent.cat\\\/wp-content\\\/uploads\\\/2011\\\/06\\\/neixwebtv.jpg\",\"datePublished\":\"2011-06-09T12:16:37+00:00\",\"description\":\"La televisi\u00f3n digital permite comentar la actualidad y\u00a0debatir cuestiones econ\u00f3micas desde la perspectiva de las empresarias \u00a0 La entidad sin \u00e1nimo de\",\"breadcrumb\":{\"@id\":\"https:\\\/\\\/laindependent.cat\\\/es\\\/nace-el-primer-canal-de-television-digital-para-las-mujeres-de-negocios\\\/#breadcrumb\"},\"inLanguage\":\"es\",\"potentialAction\":[{\"@type\":\"ReadAction\",\"target\":[\"https:\\\/\\\/laindependent.cat\\\/es\\\/nace-el-primer-canal-de-television-digital-para-las-mujeres-de-negocios\\\/\"]}]},{\"@type\":\"ImageObject\",\"inLanguage\":\"es\",\"@id\":\"https:\\\/\\\/laindependent.cat\\\/es\\\/nace-el-primer-canal-de-television-digital-para-las-mujeres-de-negocios\\\/#primaryimage\",\"url\":\"https:\\\/\\\/laindependent.cat\\\/wp-content\\\/uploads\\\/2011\\\/06\\\/neixwebtv.jpg\",\"contentUrl\":\"https:\\\/\\\/laindependent.cat\\\/wp-content\\\/uploads\\\/2011\\\/06\\\/neixwebtv.jpg\",\"width\":200,\"height\":183},{\"@type\":\"BreadcrumbList\",\"@id\":\"https:\\\/\\\/laindependent.cat\\\/es\\\/nace-el-primer-canal-de-television-digital-para-las-mujeres-de-negocios\\\/#breadcrumb\",\"itemListElement\":[{\"@type\":\"ListItem\",\"position\":1,\"name\":\"Inici\",\"item\":\"https:\\\/\\\/laindependent.cat\\\/es\\\/la-independent\\\/\"},{\"@type\":\"ListItem\",\"position\":2,\"name\":\"Comunicaci\u00f3n - TICS - Publicidad\",\"item\":\"https:\\\/\\\/laindependent.cat\\\/es\\\/tema\\\/comunicacion-tics-publicidad\\\/\"},{\"@type\":\"ListItem\",\"position\":3,\"name\":\"Digitales\",\"item\":\"https:\\\/\\\/laindependent.cat\\\/es\\\/tema\\\/comunicacion-tics-publicidad\\\/digitales\\\/\"},{\"@type\":\"ListItem\",\"position\":4,\"name\":\"Nace el primer canal de televisi\u00f3n digital para las mujeres de negocios\"}]},{\"@type\":\"WebSite\",\"@id\":\"https:\\\/\\\/laindependent.cat\\\/es\\\/#website\",\"url\":\"https:\\\/\\\/laindependent.cat\\\/es\\\/\",\"name\":\"La Independent\",\"description\":\"Ag\u00e8ncia de not\u00edcies amb visi\u00f3 de g\u00e8nere\",\"publisher\":{\"@id\":\"https:\\\/\\\/laindependent.cat\\\/es\\\/#organization\"},\"alternateName\":\"Ag\u00e8ncia de not\u00edcies amb visi\u00f3 de g\u00e8nere\",\"potentialAction\":[{\"@type\":\"SearchAction\",\"target\":{\"@type\":\"EntryPoint\",\"urlTemplate\":\"https:\\\/\\\/laindependent.cat\\\/es\\\/?s={search_term_string}\"},\"query-input\":{\"@type\":\"PropertyValueSpecification\",\"valueRequired\":true,\"valueName\":\"search_term_string\"}}],\"inLanguage\":\"es\"},{\"@type\":\"Organization\",\"@id\":\"https:\\\/\\\/laindependent.cat\\\/es\\\/#organization\",\"name\":\"La Independent\",\"alternateName\":\"Ag\u00e8ncia de not\u00edcies amb visi\u00f3 de g\u00e8nere\",\"url\":\"https:\\\/\\\/laindependent.cat\\\/es\\\/\",\"logo\":{\"@type\":\"ImageObject\",\"inLanguage\":\"es\",\"@id\":\"https:\\\/\\\/laindependent.cat\\\/es\\\/#\\\/schema\\\/logo\\\/image\\\/\",\"url\":\"https:\\\/\\\/laindependent.cat\\\/wp-content\\\/uploads\\\/2022\\\/10\\\/logo-independent.svg\",\"contentUrl\":\"https:\\\/\\\/laindependent.cat\\\/wp-content\\\/uploads\\\/2022\\\/10\\\/logo-independent.svg\",\"width\":562,\"height\":78,\"caption\":\"La Independent\"},\"image\":{\"@id\":\"https:\\\/\\\/laindependent.cat\\\/es\\\/#\\\/schema\\\/logo\\\/image\\\/\"}},{\"@type\":\"Person\",\"@id\":\"https:\\\/\\\/laindependent.cat\\\/es\\\/#\\\/schema\\\/person\\\/011572a68e0972237aae765cc13134d4\",\"name\":\"Ana\u00efs Barnolas\",\"image\":{\"@type\":\"ImageObject\",\"inLanguage\":\"es\",\"@id\":\"https:\\\/\\\/secure.gravatar.com\\\/avatar\\\/0743f061efc3df4068e98f2816c60ad083dcd26993baa377f391c40ea91dd9d5?s=96&d=blank&r=g\",\"url\":\"https:\\\/\\\/secure.gravatar.com\\\/avatar\\\/0743f061efc3df4068e98f2816c60ad083dcd26993baa377f391c40ea91dd9d5?s=96&d=blank&r=g\",\"contentUrl\":\"https:\\\/\\\/secure.gravatar.com\\\/avatar\\\/0743f061efc3df4068e98f2816c60ad083dcd26993baa377f391c40ea91dd9d5?s=96&d=blank&r=g\",\"caption\":\"Ana\u00efs Barnolas\"},\"url\":\"https:\\\/\\\/laindependent.cat\\\/es\\\/author\\\/anais\\\/\"}]}<\/script>\n<!-- \/ Yoast SEO plugin. -->","yoast_head_json":{"title":"Nace el primer canal de televisi\u00f3n digital para las mujeres de negocios | La Independent","description":"La televisi\u00f3n digital permite comentar la actualidad y\u00a0debatir cuestiones econ\u00f3micas desde la perspectiva de las empresarias \u00a0 La entidad sin \u00e1nimo de","robots":{"index":"index","follow":"follow","max-snippet":"max-snippet:-1","max-image-preview":"max-image-preview:large","max-video-preview":"max-video-preview:-1"},"canonical":"https:\/\/laindependent.cat\/es\/nace-el-primer-canal-de-television-digital-para-las-mujeres-de-negocios\/","og_locale":"es_ES","og_type":"article","og_title":"Nace el primer canal de televisi\u00f3n digital para las mujeres de negocios | La Independent","og_description":"La televisi\u00f3n digital permite comentar la actualidad y\u00a0debatir cuestiones econ\u00f3micas desde la perspectiva de las empresarias \u00a0 La entidad sin \u00e1nimo de","og_url":"https:\/\/laindependent.cat\/es\/nace-el-primer-canal-de-television-digital-para-las-mujeres-de-negocios\/","og_site_name":"La Independent","article_published_time":"2011-06-09T12:16:37+00:00","og_image":[{"url":"https:\/\/laindependent.cat\/wp-content\/uploads\/2011\/06\/neixwebtv.jpg","type":"","width":"","height":""}],"author":"Ana\u00efs Barnolas","twitter_card":"summary_large_image","twitter_misc":{"Escrito por":"Ana\u00efs Barnolas","Tiempo de lectura":"1 minuto"},"schema":{"@context":"https:\/\/schema.org","@graph":[{"@type":"Article","@id":"https:\/\/laindependent.cat\/es\/nace-el-primer-canal-de-television-digital-para-las-mujeres-de-negocios\/#article","isPartOf":{"@id":"https:\/\/laindependent.cat\/es\/nace-el-primer-canal-de-television-digital-para-las-mujeres-de-negocios\/"},"author":{"name":"Ana\u00efs Barnolas","@id":"https:\/\/laindependent.cat\/es\/#\/schema\/person\/011572a68e0972237aae765cc13134d4"},"headline":"Nace el primer canal de televisi\u00f3n digital para las mujeres de negocios","datePublished":"2011-06-09T12:16:37+00:00","mainEntityOfPage":{"@id":"https:\/\/laindependent.cat\/es\/nace-el-primer-canal-de-television-digital-para-las-mujeres-de-negocios\/"},"wordCount":275,"commentCount":0,"publisher":{"@id":"https:\/\/laindependent.cat\/es\/#organization"},"image":{"@id":"https:\/\/laindependent.cat\/es\/nace-el-primer-canal-de-television-digital-para-las-mujeres-de-negocios\/#primaryimage"},"thumbnailUrl":"https:\/\/laindependent.cat\/wp-content\/uploads\/2011\/06\/neixwebtv.jpg","keywords":["canal","Cercle de Dones de Negoci","emprenedores"],"articleSection":["Digitales"],"inLanguage":"es","potentialAction":[{"@type":"CommentAction","name":"Comment","target":["https:\/\/laindependent.cat\/es\/nace-el-primer-canal-de-television-digital-para-las-mujeres-de-negocios\/#respond"]}]},{"@type":"WebPage","@id":"https:\/\/laindependent.cat\/es\/nace-el-primer-canal-de-television-digital-para-las-mujeres-de-negocios\/","url":"https:\/\/laindependent.cat\/es\/nace-el-primer-canal-de-television-digital-para-las-mujeres-de-negocios\/","name":"Nace el primer canal de televisi\u00f3n digital para las mujeres de negocios | La Independent","isPartOf":{"@id":"https:\/\/laindependent.cat\/es\/#website"},"primaryImageOfPage":{"@id":"https:\/\/laindependent.cat\/es\/nace-el-primer-canal-de-television-digital-para-las-mujeres-de-negocios\/#primaryimage"},"image":{"@id":"https:\/\/laindependent.cat\/es\/nace-el-primer-canal-de-television-digital-para-las-mujeres-de-negocios\/#primaryimage"},"thumbnailUrl":"https:\/\/laindependent.cat\/wp-content\/uploads\/2011\/06\/neixwebtv.jpg","datePublished":"2011-06-09T12:16:37+00:00","description":"La televisi\u00f3n digital permite comentar la actualidad y\u00a0debatir cuestiones econ\u00f3micas desde la perspectiva de las empresarias \u00a0 La entidad sin \u00e1nimo de","breadcrumb":{"@id":"https:\/\/laindependent.cat\/es\/nace-el-primer-canal-de-television-digital-para-las-mujeres-de-negocios\/#breadcrumb"},"inLanguage":"es","potentialAction":[{"@type":"ReadAction","target":["https:\/\/laindependent.cat\/es\/nace-el-primer-canal-de-television-digital-para-las-mujeres-de-negocios\/"]}]},{"@type":"ImageObject","inLanguage":"es","@id":"https:\/\/laindependent.cat\/es\/nace-el-primer-canal-de-television-digital-para-las-mujeres-de-negocios\/#primaryimage","url":"https:\/\/laindependent.cat\/wp-content\/uploads\/2011\/06\/neixwebtv.jpg","contentUrl":"https:\/\/laindependent.cat\/wp-content\/uploads\/2011\/06\/neixwebtv.jpg","width":200,"height":183},{"@type":"BreadcrumbList","@id":"https:\/\/laindependent.cat\/es\/nace-el-primer-canal-de-television-digital-para-las-mujeres-de-negocios\/#breadcrumb","itemListElement":[{"@type":"ListItem","position":1,"name":"Inici","item":"https:\/\/laindependent.cat\/es\/la-independent\/"},{"@type":"ListItem","position":2,"name":"Comunicaci\u00f3n - TICS - Publicidad","item":"https:\/\/laindependent.cat\/es\/tema\/comunicacion-tics-publicidad\/"},{"@type":"ListItem","position":3,"name":"Digitales","item":"https:\/\/laindependent.cat\/es\/tema\/comunicacion-tics-publicidad\/digitales\/"},{"@type":"ListItem","position":4,"name":"Nace el primer canal de televisi\u00f3n digital para las mujeres de negocios"}]},{"@type":"WebSite","@id":"https:\/\/laindependent.cat\/es\/#website","url":"https:\/\/laindependent.cat\/es\/","name":"La Independent","description":"Ag\u00e8ncia de not\u00edcies amb visi\u00f3 de g\u00e8nere","publisher":{"@id":"https:\/\/laindependent.cat\/es\/#organization"},"alternateName":"Ag\u00e8ncia de not\u00edcies amb visi\u00f3 de g\u00e8nere","potentialAction":[{"@type":"SearchAction","target":{"@type":"EntryPoint","urlTemplate":"https:\/\/laindependent.cat\/es\/?s={search_term_string}"},"query-input":{"@type":"PropertyValueSpecification","valueRequired":true,"valueName":"search_term_string"}}],"inLanguage":"es"},{"@type":"Organization","@id":"https:\/\/laindependent.cat\/es\/#organization","name":"La Independent","alternateName":"Ag\u00e8ncia de not\u00edcies amb visi\u00f3 de g\u00e8nere","url":"https:\/\/laindependent.cat\/es\/","logo":{"@type":"ImageObject","inLanguage":"es","@id":"https:\/\/laindependent.cat\/es\/#\/schema\/logo\/image\/","url":"https:\/\/laindependent.cat\/wp-content\/uploads\/2022\/10\/logo-independent.svg","contentUrl":"https:\/\/laindependent.cat\/wp-content\/uploads\/2022\/10\/logo-independent.svg","width":562,"height":78,"caption":"La Independent"},"image":{"@id":"https:\/\/laindependent.cat\/es\/#\/schema\/logo\/image\/"}},{"@type":"Person","@id":"https:\/\/laindependent.cat\/es\/#\/schema\/person\/011572a68e0972237aae765cc13134d4","name":"Ana\u00efs Barnolas","image":{"@type":"ImageObject","inLanguage":"es","@id":"https:\/\/secure.gravatar.com\/avatar\/0743f061efc3df4068e98f2816c60ad083dcd26993baa377f391c40ea91dd9d5?s=96&d=blank&r=g","url":"https:\/\/secure.gravatar.com\/avatar\/0743f061efc3df4068e98f2816c60ad083dcd26993baa377f391c40ea91dd9d5?s=96&d=blank&r=g","contentUrl":"https:\/\/secure.gravatar.com\/avatar\/0743f061efc3df4068e98f2816c60ad083dcd26993baa377f391c40ea91dd9d5?s=96&d=blank&r=g","caption":"Ana\u00efs Barnolas"},"url":"https:\/\/laindependent.cat\/es\/author\/anais\/"}]}},"_links":{"self":[{"href":"https:\/\/laindependent.cat\/es\/wp-json\/wp\/v2\/posts\/54926","targetHints":{"allow":["GET"]}}],"collection":[{"href":"https:\/\/laindependent.cat\/es\/wp-json\/wp\/v2\/posts"}],"about":[{"href":"https:\/\/laindependent.cat\/es\/wp-json\/wp\/v2\/types\/post"}],"author":[{"embeddable":true,"href":"https:\/\/laindependent.cat\/es\/wp-json\/wp\/v2\/users\/82"}],"replies":[{"embeddable":true,"href":"https:\/\/laindependent.cat\/es\/wp-json\/wp\/v2\/comments?post=54926"}],"version-history":[{"count":0,"href":"https:\/\/laindependent.cat\/es\/wp-json\/wp\/v2\/posts\/54926\/revisions"}],"wp:featuredmedia":[{"embeddable":true,"href":"https:\/\/laindependent.cat\/es\/wp-json\/wp\/v2\/media\/26903"}],"wp:attachment":[{"href":"https:\/\/laindependent.cat\/es\/wp-json\/wp\/v2\/media?parent=54926"}],"wp:term":[{"taxonomy":"category","embeddable":true,"href":"https:\/\/laindependent.cat\/es\/wp-json\/wp\/v2\/categories?post=54926"},{"taxonomy":"post_tag","embeddable":true,"href":"https:\/\/laindependent.cat\/es\/wp-json\/wp\/v2\/tags?post=54926"}],"curies":[{"name":"wp","href":"https:\/\/api.w.org\/{rel}","templated":true}]}}