{"id":54652,"date":"2011-04-14T14:13:02","date_gmt":"2011-04-14T12:13:02","guid":{"rendered":"https:\/\/laindependent.cat\/malauradament-a-les-persones-migrades-ens-toca-demostrar-que-no-som-lenemic\/"},"modified":"2011-04-14T14:13:02","modified_gmt":"2011-04-14T12:13:02","slug":"malauradament-a-les-persones-migrades-ens-toca-demostrar-que-no-som-lenemic","status":"publish","type":"post","link":"https:\/\/laindependent.cat\/es\/malauradament-a-les-persones-migrades-ens-toca-demostrar-que-no-som-lenemic\/","title":{"rendered":"\u201cMalauradament, a les persones migrades ens toca demostrar que no som l&#8217;enemic\u201d"},"content":{"rendered":"<p style=\"font: normal normal normal 10px\/normal 'Trebuchet MS'; text-align: left; margin: 0px;\"><span style=\"font-family: trebuchet ms,geneva; font-size: 10pt;\">Hi ha una imatge que <strong>Yenny Batista<\/strong> t\u00e9 gravada en la seva mem\u00f2ria. Tenia cinc anys quan es va despertar de matinada i va veure a la seva mare preparant una maleta. La petita no ho sabia per\u00f2 la seva mare es disposava a deixar el seu poble, <em>La Isabela<\/em>, a Rep\u00fablica Dominicana, per viatjar cap a Espanya \u00a0buscant un futur millor per a ella i els seus tres germans.<\/span><br \/><span style=\"font-family: trebuchet ms,geneva; font-size: 10pt;\">\u201cEm vaig llan\u00e7ar als seus bra\u00e7os, plorant, per\u00f2 no vaig poder evitar que s&#8217;an\u00e9s. \u00c9s molt dur, i m\u00e9s per a una criatura, veure que la persona que m\u00e9s estimes s&#8217;en va lluny i no saps quan la tornar\u00e0s a veure\u201d.<\/span><\/p>\n<p style=\"font: normal normal normal 10px\/normal 'Trebuchet MS'; text-align: center; margin: 0px;\">\n<p><!--more--><\/p>\n<p style=\"font: normal normal normal 10px\/normal 'Trebuchet MS'; text-align: left; margin: 0px;\"><span style=\"font-family: trebuchet ms,geneva; font-size: 10pt;\"><strong>Yenny Batista<\/strong> evoca aquest moment quan es troba a la subdelegaci\u00f3 de govern esbrinant com avan\u00e7ar un tr\u00e0mit de reagrupament familiar. Ella sent que darrere cada expedient hi ha un nen o nena que, com ella en aquells moments, enyora retrobar-se amb el pare o la mare que se&#8217;n va anar.<\/span><\/p>\n<p><span style=\"font-family: trebuchet ms,geneva; font-size: 10pt;\"><strong>Batista <\/strong>\u00e9s llicenciada en dret i directora associada del despatx d&#8217;advocats IurisMundi, i encara que la seva especialitat \u00e9s el dret penal i internacional cada vegada que hi ha algun expedient de reagrupaci\u00f3 estancat en la burocr\u00e0cia, ella que se&#8217;n hi en va per buscar una soluci\u00f3 al problema.\u00a0\u201cJo tamb\u00e9 s\u00f3c estrangera i sento que tinc una responsabilitat\u201d.<\/span><\/p>\n<p style=\"font: normal normal normal 10px\/normal 'Trebuchet MS'; text-align: left; margin: 0px;\"><span style=\"font-family: trebuchet ms,geneva; font-size: 10pt;\"><br \/><\/span><\/p>\n<p style=\"margin: 0.0px 0.0px 0.0px 0.0px; text-align: justify; font: 10.0px 'Trebuchet MS';\"><span style=\"font-family: trebuchet ms,geneva; font-size: 10pt;\"><strong>Perseveran\u00e7a versus. discriminaci\u00f3<\/strong><\/span><\/p>\n<p><span style=\"font-family: trebuchet ms,geneva; font-size: 10pt;\"><strong>Yenny Batista <\/strong>tenia tretze anys l&#8217;any 92, quan va arribar aqu\u00ed. Vuit anys despr\u00e9s d&#8217;aquell comiat va tornar a reunir-se amb la seva mare. Yenny va comen\u00e7ar amb il\u00b7lusi\u00f3 el col\u00b7legi i van arribar els primers problemes. El sistema educatiu era molt diferent al de Dominicana i va comen\u00e7ar a suspendre asignatures. Es va proposar estudiar m\u00e9s per aconseguir les seves fites que eren acabar el batxillerat i llavors\u00a0 cap a la universitat.<\/span><br \/><img fetchpriority=\"high\" decoding=\"async\" class=\" alignleft size-full wp-image-26699\" src=\"https:\/\/laindependent.cat\/wp-content\/uploads\/2011\/04\/y_2.jpg\" alt=\"y_2\" style=\"float: left; margin: 9px;\" height=\"225\" width=\"300\" srcset=\"https:\/\/laindependent.cat\/wp-content\/uploads\/2011\/04\/y_2.jpg 2560w, https:\/\/laindependent.cat\/wp-content\/uploads\/2011\/04\/y_2-300x225.jpg 300w, https:\/\/laindependent.cat\/wp-content\/uploads\/2011\/04\/y_2-1000x750.jpg 1000w, https:\/\/laindependent.cat\/wp-content\/uploads\/2011\/04\/y_2-768x576.jpg 768w, https:\/\/laindependent.cat\/wp-content\/uploads\/2011\/04\/y_2-1536x1152.jpg 1536w, https:\/\/laindependent.cat\/wp-content\/uploads\/2011\/04\/y_2-2048x1536.jpg 2048w\" sizes=\"(max-width: 300px) 100vw, 300px\" \/><br \/><span style=\"font-family: trebuchet ms,geneva; font-size: 10pt;\">Alguns professors li van suggerir que millor fes la formaci\u00f3 professional ja que, asseguraven, \u201cno ho aconseguiria\u201d. Per\u00f2 va acabar l&#8217;institut i ho feu entre les millors.\u00a0\u201cEl dia de la graduaci\u00f3 alguns professors em van dir: no cr\u00e8iem en tu i ens has donat una lli\u00e7\u00f3\u201d, rememora.<\/span><\/p>\n<p style=\"margin: 0.0px 0.0px 0.0px 0.0px; text-align: justify; font: 10.0px 'Trebuchet MS';\"><span style=\"font-family: trebuchet ms,geneva; font-size: 10pt;\"><br \/><\/span><\/p>\n<p style=\"margin: 0.0px 0.0px 0.0px 0.0px; text-align: justify; font: 10.0px 'Trebuchet MS';\"><span style=\"font-family: trebuchet ms,geneva; font-size: 10pt;\">Va ser acceptada per la Universitat de Girona i llavors van sorgir noves dificultats ja que la seva situaci\u00f3 legal no estava regularitzada. Es va buscar una ocupaci\u00f3 per pagar-se la universitat. Fou en el tercer any quan li varen exigir la documentaci\u00f3 que faltava. Aix\u00ed va comen\u00e7ar un altre viacrucis per aconseguir un contracte de treball que li permet\u00e9s accedir a un perm\u00eds de resid\u00e8ncia.<\/span> <span style=\"font-family: trebuchet ms,geneva; font-size: 10pt;\">El 1999, quan tenia 20 anys, per fi va tenir els seus papers en regla.<\/span><\/p>\n<p><span style=\"font-family: trebuchet ms,geneva; font-size: 10pt;\">Va estudiar angl\u00e8s, se&#8217;n va anar d&#8217;Erasmus a Holanda i recentment graduada va fer un m\u00e0ster en Dret Internacional.<\/span> <span style=\"font-family: trebuchet ms,geneva; font-size: 10pt;\">Amb excel\u00b7lents credencials acad\u00e8miques va comen\u00e7ar a trucar les portes dels despatxos i, novament, la situaci\u00f3 es va tornar adversa. Arribava finalista a la selecci\u00f3 de personal, per\u00f2 mai la contractaven.<\/span><br \/><span style=\"font-family: trebuchet ms,geneva; font-size: 10pt;\">\u201cRecordo una d&#8217;aquestes situacions. Un d&#8217;aqu\u00ed i jo \u00e9rem finalistes. &#8220;La persona que em va entrevistar em va dir amb sarcasme que jo seria una incorporaci\u00f3 <em>ex\u00f2tica<\/em> per al despatx. \u00d2bviament no em van contractar. Jo era una llicenciada amb formaci\u00f3 universit\u00e0ria del pa\u00eds per\u00f2 no importava. Em vaig sentir discriminada\u201d.<\/span><\/p>\n<p style=\"margin: 0.0px 0.0px 0.0px 0.0px; text-align: justify; font: 10.0px 'Trebuchet MS';\"><span style=\"font-family: trebuchet ms,geneva; font-size: 10pt;\">Va aconseguir ocupaci\u00f3 en bufets com a aut\u00f2noma, el substancial per a ella era exercir i tenir experi\u00e8ncia.\u00a0Malgrat no tenir un treball estable, per\u00f2 amb una relaci\u00f3 personal que l&#8217;estimulava, va decidir tenir una criatura. \u201cVaig sentir que era el moment, a m\u00e9s estava segura que aviat tindria la meva oportunitat\u201d. I aquesta impressi\u00f3 va ser premonitoria.<\/span><\/p>\n<p><span style=\"font-family: trebuchet ms,geneva; font-size: 10pt;\"><strong>\u201cCal canviar mentalitats\u201d<\/strong><\/span><\/p>\n<p style=\"margin: 0.0px 0.0px 0.0px 0.0px; text-align: justify; font: 10.0px 'Trebuchet MS';\"><span style=\"font-family: trebuchet ms,geneva; font-size: 10pt;\">Al desembre de 2007 ella i una companya advocada d&#8217;origen xin\u00e8s van obrir les portes de IurisMundi a L\u2019Hospitalet. Un despatx muntat amb els seus estalvis i el suport dels seus clients. Per\u00f2 la paradoxa sorgeix cada vegada que va al jutjat ja que res la salva dels estereotips.<\/span><\/p>\n<p style=\"margin: 0.0px 0.0px 0.0px 0.0px; text-align: justify; font: 10.0px 'Trebuchet MS';\"><span style=\"font-family: trebuchet ms,geneva; font-size: 10pt;\">\u201cM&#8217;he topat amb jutges que en veure&#8217;m pensen que s\u00f3c la int\u00e8rpret o la imputada, no la llicenciada. \u00c9s que encara n&#8217;hi ha molts que no creuen que les persones migrades podem ser professionals. Jo s\u00f3c dona, negra, d&#8217;origen pobre, per\u00f2 tamb\u00e9 advocada. Cal canviar mentalitats\u201d -diu -i agrega que aquest canvi exigeix un esfor\u00e7 de la propia gent <em>nouvinguda<\/em>.<\/span><\/p>\n<p><span style=\"font-family: trebuchet ms,geneva; font-size: 10pt;\">\u201cLamentablement als i a les immigrants ens toca demostrar que no som l&#8217;enemic. Es parla\u00a0 molt &#8216;integraci\u00f3, per\u00f2 aquesta no t\u00e9 a veure nom\u00e9s amb la gent estrangera, tamb\u00e9 la gent d&#8217;aqu\u00ed han d&#8217;aprendre a conviure amb ela que venim de fora\u201d.<\/span><br \/><span style=\"font-family: trebuchet ms,geneva; font-size: 10pt;\">La crisi no ha colpejat les portes de IurisMundi i, segons diu l&#8217;advocada, aix\u00f2 es deu a una sola cosa: treballar, i molt.\u00a0\u201cDe vegades he passat fins a dotze hores a l&#8217;oficina, per\u00f2 \u00e9s el que toca. No \u00e9s f\u00e0cil tenir una empresa\u201d.<\/span><br \/><span style=\"font-family: trebuchet ms,geneva; font-size: 10pt;\"><strong>Yenny Batista <\/strong>diu, sense \u00e0nim de vantar-se&#8217;n, que ella \u00e9s un exemple viu que si t&#8217;esforces pots aconseguir el que et proposis. I no importa que siguis immigrant.<\/span><\/p>\n<p><span style=\"font-family: trebuchet ms,geneva; font-size: 10pt;\">\u201cL&#8217;\u00e9sser hum\u00e0 ha de marcar-se objectius i seguir-los. Et pots desviar una mica per\u00f2 l&#8217;important \u00e9s que no et perdis i que mai et desanimis\u201d. Una idea que sona a llibre d&#8217;autoajuda, per\u00f2 en boca de <strong>Yenny Batista <\/strong>es fa versemblant.<\/span><\/p>\n","protected":false},"excerpt":{"rendered":"<p>Hi ha una imatge que Yenny Batista t\u00e9 gravada en la seva mem\u00f2ria. Tenia cinc anys quan es va despertar de matinada i va veure a la seva mare preparant una maleta. La petita no ho sabia per\u00f2 la seva [&hellip;]<\/p>\n","protected":false},"author":79,"featured_media":26698,"comment_status":"open","ping_status":"","sticky":false,"template":"","format":"standard","meta":{"footnotes":""},"categories":[26535],"tags":[],"class_list":["post-54652","post","type-post","status-publish","format-standard","has-post-thumbnail","hentry","category-migracions-migracions"],"yoast_head":"<!-- This site is optimized with the Yoast SEO plugin v27.4 - https:\/\/yoast.com\/product\/yoast-seo-wordpress\/ -->\n<title>\u201cMalauradament, a les persones migrades ens toca demostrar que no som l&#039;enemic\u201d | La Independent<\/title>\n<meta name=\"description\" content=\"Hi ha una imatge que Yenny Batista t\u00e9 gravada en la seva mem\u00f2ria. Tenia cinc anys quan es va despertar de matinada i va veure a la seva mare preparant una\" \/>\n<meta name=\"robots\" content=\"index, follow, max-snippet:-1, max-image-preview:large, max-video-preview:-1\" \/>\n<link rel=\"canonical\" href=\"https:\/\/laindependent.cat\/es\/malauradament-a-les-persones-migrades-ens-toca-demostrar-que-no-som-lenemic\/\" \/>\n<meta property=\"og:locale\" content=\"es_ES\" \/>\n<meta property=\"og:type\" content=\"article\" \/>\n<meta property=\"og:title\" content=\"\u201cMalauradament, a les persones migrades ens toca demostrar que no som l&#039;enemic\u201d | La Independent\" \/>\n<meta property=\"og:description\" content=\"Hi ha una imatge que Yenny Batista t\u00e9 gravada en la seva mem\u00f2ria. Tenia cinc anys quan es va despertar de matinada i va veure a la seva mare preparant una\" \/>\n<meta property=\"og:url\" content=\"https:\/\/laindependent.cat\/es\/malauradament-a-les-persones-migrades-ens-toca-demostrar-que-no-som-lenemic\/\" \/>\n<meta property=\"og:site_name\" content=\"La Independent\" \/>\n<meta property=\"article:published_time\" content=\"2011-04-14T12:13:02+00:00\" \/>\n<meta property=\"og:image\" content=\"https:\/\/laindependent.cat\/wp-content\/uploads\/2011\/04\/y_3.jpg\" \/>\n\t<meta property=\"og:image:width\" content=\"2560\" \/>\n\t<meta property=\"og:image:height\" content=\"1920\" \/>\n\t<meta property=\"og:image:type\" content=\"image\/jpeg\" \/>\n<meta name=\"author\" content=\"Fabiola Llanos\" \/>\n<meta name=\"twitter:card\" content=\"summary_large_image\" \/>\n<meta name=\"twitter:creator\" content=\"@https:\/\/twitter.com\/fabskje\" \/>\n<meta name=\"twitter:label1\" content=\"Escrito por\" \/>\n\t<meta name=\"twitter:data1\" content=\"Fabiola Llanos\" \/>\n\t<meta name=\"twitter:label2\" content=\"Tiempo de lectura\" \/>\n\t<meta name=\"twitter:data2\" content=\"4 minutos\" \/>\n<script type=\"application\/ld+json\" class=\"yoast-schema-graph\">{\"@context\":\"https:\\\/\\\/schema.org\",\"@graph\":[{\"@type\":\"Article\",\"@id\":\"https:\\\/\\\/laindependent.cat\\\/es\\\/malauradament-a-les-persones-migrades-ens-toca-demostrar-que-no-som-lenemic\\\/#article\",\"isPartOf\":{\"@id\":\"https:\\\/\\\/laindependent.cat\\\/es\\\/malauradament-a-les-persones-migrades-ens-toca-demostrar-que-no-som-lenemic\\\/\"},\"author\":{\"name\":\"Fabiola Llanos\",\"@id\":\"https:\\\/\\\/laindependent.cat\\\/es\\\/#\\\/schema\\\/person\\\/2c58a605ff6a19f1223872288e2d3398\"},\"headline\":\"\u201cMalauradament, a les persones migrades ens toca demostrar que no som l&#8217;enemic\u201d\",\"datePublished\":\"2011-04-14T12:13:02+00:00\",\"mainEntityOfPage\":{\"@id\":\"https:\\\/\\\/laindependent.cat\\\/es\\\/malauradament-a-les-persones-migrades-ens-toca-demostrar-que-no-som-lenemic\\\/\"},\"wordCount\":931,\"commentCount\":0,\"publisher\":{\"@id\":\"https:\\\/\\\/laindependent.cat\\\/es\\\/#organization\"},\"image\":{\"@id\":\"https:\\\/\\\/laindependent.cat\\\/es\\\/malauradament-a-les-persones-migrades-ens-toca-demostrar-que-no-som-lenemic\\\/#primaryimage\"},\"thumbnailUrl\":\"https:\\\/\\\/laindependent.cat\\\/wp-content\\\/uploads\\\/2011\\\/04\\\/y_3.jpg\",\"articleSection\":[\"Migracions\"],\"inLanguage\":\"es\",\"potentialAction\":[{\"@type\":\"CommentAction\",\"name\":\"Comment\",\"target\":[\"https:\\\/\\\/laindependent.cat\\\/es\\\/malauradament-a-les-persones-migrades-ens-toca-demostrar-que-no-som-lenemic\\\/#respond\"]}]},{\"@type\":\"WebPage\",\"@id\":\"https:\\\/\\\/laindependent.cat\\\/es\\\/malauradament-a-les-persones-migrades-ens-toca-demostrar-que-no-som-lenemic\\\/\",\"url\":\"https:\\\/\\\/laindependent.cat\\\/es\\\/malauradament-a-les-persones-migrades-ens-toca-demostrar-que-no-som-lenemic\\\/\",\"name\":\"\u201cMalauradament, a les persones migrades ens toca demostrar que no som l'enemic\u201d | La Independent\",\"isPartOf\":{\"@id\":\"https:\\\/\\\/laindependent.cat\\\/es\\\/#website\"},\"primaryImageOfPage\":{\"@id\":\"https:\\\/\\\/laindependent.cat\\\/es\\\/malauradament-a-les-persones-migrades-ens-toca-demostrar-que-no-som-lenemic\\\/#primaryimage\"},\"image\":{\"@id\":\"https:\\\/\\\/laindependent.cat\\\/es\\\/malauradament-a-les-persones-migrades-ens-toca-demostrar-que-no-som-lenemic\\\/#primaryimage\"},\"thumbnailUrl\":\"https:\\\/\\\/laindependent.cat\\\/wp-content\\\/uploads\\\/2011\\\/04\\\/y_3.jpg\",\"datePublished\":\"2011-04-14T12:13:02+00:00\",\"description\":\"Hi ha una imatge que Yenny Batista t\u00e9 gravada en la seva mem\u00f2ria. Tenia cinc anys quan es va despertar de matinada i va veure a la seva mare preparant una\",\"breadcrumb\":{\"@id\":\"https:\\\/\\\/laindependent.cat\\\/es\\\/malauradament-a-les-persones-migrades-ens-toca-demostrar-que-no-som-lenemic\\\/#breadcrumb\"},\"inLanguage\":\"es\",\"potentialAction\":[{\"@type\":\"ReadAction\",\"target\":[\"https:\\\/\\\/laindependent.cat\\\/es\\\/malauradament-a-les-persones-migrades-ens-toca-demostrar-que-no-som-lenemic\\\/\"]}]},{\"@type\":\"ImageObject\",\"inLanguage\":\"es\",\"@id\":\"https:\\\/\\\/laindependent.cat\\\/es\\\/malauradament-a-les-persones-migrades-ens-toca-demostrar-que-no-som-lenemic\\\/#primaryimage\",\"url\":\"https:\\\/\\\/laindependent.cat\\\/wp-content\\\/uploads\\\/2011\\\/04\\\/y_3.jpg\",\"contentUrl\":\"https:\\\/\\\/laindependent.cat\\\/wp-content\\\/uploads\\\/2011\\\/04\\\/y_3.jpg\",\"width\":2560,\"height\":1920,\"caption\":\"Hija de agricultores dominicanos es hoy licenciada en derecho, madre de un ni\u00f1o de cinco a\u00f1os y vive con su padre y su pareja en Barcelona\"},{\"@type\":\"BreadcrumbList\",\"@id\":\"https:\\\/\\\/laindependent.cat\\\/es\\\/malauradament-a-les-persones-migrades-ens-toca-demostrar-que-no-som-lenemic\\\/#breadcrumb\",\"itemListElement\":[{\"@type\":\"ListItem\",\"position\":1,\"name\":\"Inici\",\"item\":\"https:\\\/\\\/laindependent.cat\\\/es\\\/la-independent\\\/\"},{\"@type\":\"ListItem\",\"position\":2,\"name\":\"Migraciones\",\"item\":\"https:\\\/\\\/laindependent.cat\\\/es\\\/tema\\\/migraciones\\\/\"},{\"@type\":\"ListItem\",\"position\":3,\"name\":\"\u201cMalauradament, a les persones migrades ens toca demostrar que no som l&#8217;enemic\u201d\"}]},{\"@type\":\"WebSite\",\"@id\":\"https:\\\/\\\/laindependent.cat\\\/es\\\/#website\",\"url\":\"https:\\\/\\\/laindependent.cat\\\/es\\\/\",\"name\":\"La Independent\",\"description\":\"Ag\u00e8ncia de not\u00edcies amb visi\u00f3 de g\u00e8nere\",\"publisher\":{\"@id\":\"https:\\\/\\\/laindependent.cat\\\/es\\\/#organization\"},\"alternateName\":\"Ag\u00e8ncia de not\u00edcies amb visi\u00f3 de g\u00e8nere\",\"potentialAction\":[{\"@type\":\"SearchAction\",\"target\":{\"@type\":\"EntryPoint\",\"urlTemplate\":\"https:\\\/\\\/laindependent.cat\\\/es\\\/?s={search_term_string}\"},\"query-input\":{\"@type\":\"PropertyValueSpecification\",\"valueRequired\":true,\"valueName\":\"search_term_string\"}}],\"inLanguage\":\"es\"},{\"@type\":\"Organization\",\"@id\":\"https:\\\/\\\/laindependent.cat\\\/es\\\/#organization\",\"name\":\"La Independent\",\"alternateName\":\"Ag\u00e8ncia de not\u00edcies amb visi\u00f3 de g\u00e8nere\",\"url\":\"https:\\\/\\\/laindependent.cat\\\/es\\\/\",\"logo\":{\"@type\":\"ImageObject\",\"inLanguage\":\"es\",\"@id\":\"https:\\\/\\\/laindependent.cat\\\/es\\\/#\\\/schema\\\/logo\\\/image\\\/\",\"url\":\"https:\\\/\\\/laindependent.cat\\\/wp-content\\\/uploads\\\/2022\\\/10\\\/logo-independent.svg\",\"contentUrl\":\"https:\\\/\\\/laindependent.cat\\\/wp-content\\\/uploads\\\/2022\\\/10\\\/logo-independent.svg\",\"width\":562,\"height\":78,\"caption\":\"La Independent\"},\"image\":{\"@id\":\"https:\\\/\\\/laindependent.cat\\\/es\\\/#\\\/schema\\\/logo\\\/image\\\/\"}},{\"@type\":\"Person\",\"@id\":\"https:\\\/\\\/laindependent.cat\\\/es\\\/#\\\/schema\\\/person\\\/2c58a605ff6a19f1223872288e2d3398\",\"name\":\"Fabiola Llanos\",\"image\":{\"@type\":\"ImageObject\",\"inLanguage\":\"es\",\"@id\":\"https:\\\/\\\/secure.gravatar.com\\\/avatar\\\/3048cd6d04513536ecaa752cf0f5e51d72bfa25af529539bc7922a112e0686e9?s=96&d=blank&r=g\",\"url\":\"https:\\\/\\\/secure.gravatar.com\\\/avatar\\\/3048cd6d04513536ecaa752cf0f5e51d72bfa25af529539bc7922a112e0686e9?s=96&d=blank&r=g\",\"contentUrl\":\"https:\\\/\\\/secure.gravatar.com\\\/avatar\\\/3048cd6d04513536ecaa752cf0f5e51d72bfa25af529539bc7922a112e0686e9?s=96&d=blank&r=g\",\"caption\":\"Fabiola Llanos\"},\"description\":\"Ecofeminista. Periodista i comunicadora social. Imatge, neuroling\u00fc\u00edstica i drets de les dones. Vaig parir La Peri\u00f2dica. Cofundadora de La Independent. Comunicaci\u00f3 Fundaci\u00f3 Surt\",\"sameAs\":[\"https:\\\/\\\/www.instagram.com\\\/fabskje\",\"https:\\\/\\\/www.linkedin.com\\\/in\\\/fabllanos\",\"https:\\\/\\\/x.com\\\/https:\\\/\\\/twitter.com\\\/fabskje\"],\"url\":\"https:\\\/\\\/laindependent.cat\\\/es\\\/author\\\/fabiola-llanos\\\/\"}]}<\/script>\n<!-- \/ Yoast SEO plugin. -->","yoast_head_json":{"title":"\u201cMalauradament, a les persones migrades ens toca demostrar que no som l'enemic\u201d | La Independent","description":"Hi ha una imatge que Yenny Batista t\u00e9 gravada en la seva mem\u00f2ria. Tenia cinc anys quan es va despertar de matinada i va veure a la seva mare preparant una","robots":{"index":"index","follow":"follow","max-snippet":"max-snippet:-1","max-image-preview":"max-image-preview:large","max-video-preview":"max-video-preview:-1"},"canonical":"https:\/\/laindependent.cat\/es\/malauradament-a-les-persones-migrades-ens-toca-demostrar-que-no-som-lenemic\/","og_locale":"es_ES","og_type":"article","og_title":"\u201cMalauradament, a les persones migrades ens toca demostrar que no som l'enemic\u201d | La Independent","og_description":"Hi ha una imatge que Yenny Batista t\u00e9 gravada en la seva mem\u00f2ria. Tenia cinc anys quan es va despertar de matinada i va veure a la seva mare preparant una","og_url":"https:\/\/laindependent.cat\/es\/malauradament-a-les-persones-migrades-ens-toca-demostrar-que-no-som-lenemic\/","og_site_name":"La Independent","article_published_time":"2011-04-14T12:13:02+00:00","og_image":[{"width":2560,"height":1920,"url":"https:\/\/laindependent.cat\/wp-content\/uploads\/2011\/04\/y_3.jpg","type":"image\/jpeg"}],"author":"Fabiola Llanos","twitter_card":"summary_large_image","twitter_creator":"@https:\/\/twitter.com\/fabskje","twitter_misc":{"Escrito por":"Fabiola Llanos","Tiempo de lectura":"4 minutos"},"schema":{"@context":"https:\/\/schema.org","@graph":[{"@type":"Article","@id":"https:\/\/laindependent.cat\/es\/malauradament-a-les-persones-migrades-ens-toca-demostrar-que-no-som-lenemic\/#article","isPartOf":{"@id":"https:\/\/laindependent.cat\/es\/malauradament-a-les-persones-migrades-ens-toca-demostrar-que-no-som-lenemic\/"},"author":{"name":"Fabiola Llanos","@id":"https:\/\/laindependent.cat\/es\/#\/schema\/person\/2c58a605ff6a19f1223872288e2d3398"},"headline":"\u201cMalauradament, a les persones migrades ens toca demostrar que no som l&#8217;enemic\u201d","datePublished":"2011-04-14T12:13:02+00:00","mainEntityOfPage":{"@id":"https:\/\/laindependent.cat\/es\/malauradament-a-les-persones-migrades-ens-toca-demostrar-que-no-som-lenemic\/"},"wordCount":931,"commentCount":0,"publisher":{"@id":"https:\/\/laindependent.cat\/es\/#organization"},"image":{"@id":"https:\/\/laindependent.cat\/es\/malauradament-a-les-persones-migrades-ens-toca-demostrar-que-no-som-lenemic\/#primaryimage"},"thumbnailUrl":"https:\/\/laindependent.cat\/wp-content\/uploads\/2011\/04\/y_3.jpg","articleSection":["Migracions"],"inLanguage":"es","potentialAction":[{"@type":"CommentAction","name":"Comment","target":["https:\/\/laindependent.cat\/es\/malauradament-a-les-persones-migrades-ens-toca-demostrar-que-no-som-lenemic\/#respond"]}]},{"@type":"WebPage","@id":"https:\/\/laindependent.cat\/es\/malauradament-a-les-persones-migrades-ens-toca-demostrar-que-no-som-lenemic\/","url":"https:\/\/laindependent.cat\/es\/malauradament-a-les-persones-migrades-ens-toca-demostrar-que-no-som-lenemic\/","name":"\u201cMalauradament, a les persones migrades ens toca demostrar que no som l'enemic\u201d | La Independent","isPartOf":{"@id":"https:\/\/laindependent.cat\/es\/#website"},"primaryImageOfPage":{"@id":"https:\/\/laindependent.cat\/es\/malauradament-a-les-persones-migrades-ens-toca-demostrar-que-no-som-lenemic\/#primaryimage"},"image":{"@id":"https:\/\/laindependent.cat\/es\/malauradament-a-les-persones-migrades-ens-toca-demostrar-que-no-som-lenemic\/#primaryimage"},"thumbnailUrl":"https:\/\/laindependent.cat\/wp-content\/uploads\/2011\/04\/y_3.jpg","datePublished":"2011-04-14T12:13:02+00:00","description":"Hi ha una imatge que Yenny Batista t\u00e9 gravada en la seva mem\u00f2ria. Tenia cinc anys quan es va despertar de matinada i va veure a la seva mare preparant una","breadcrumb":{"@id":"https:\/\/laindependent.cat\/es\/malauradament-a-les-persones-migrades-ens-toca-demostrar-que-no-som-lenemic\/#breadcrumb"},"inLanguage":"es","potentialAction":[{"@type":"ReadAction","target":["https:\/\/laindependent.cat\/es\/malauradament-a-les-persones-migrades-ens-toca-demostrar-que-no-som-lenemic\/"]}]},{"@type":"ImageObject","inLanguage":"es","@id":"https:\/\/laindependent.cat\/es\/malauradament-a-les-persones-migrades-ens-toca-demostrar-que-no-som-lenemic\/#primaryimage","url":"https:\/\/laindependent.cat\/wp-content\/uploads\/2011\/04\/y_3.jpg","contentUrl":"https:\/\/laindependent.cat\/wp-content\/uploads\/2011\/04\/y_3.jpg","width":2560,"height":1920,"caption":"Hija de agricultores dominicanos es hoy licenciada en derecho, madre de un ni\u00f1o de cinco a\u00f1os y vive con su padre y su pareja en Barcelona"},{"@type":"BreadcrumbList","@id":"https:\/\/laindependent.cat\/es\/malauradament-a-les-persones-migrades-ens-toca-demostrar-que-no-som-lenemic\/#breadcrumb","itemListElement":[{"@type":"ListItem","position":1,"name":"Inici","item":"https:\/\/laindependent.cat\/es\/la-independent\/"},{"@type":"ListItem","position":2,"name":"Migraciones","item":"https:\/\/laindependent.cat\/es\/tema\/migraciones\/"},{"@type":"ListItem","position":3,"name":"\u201cMalauradament, a les persones migrades ens toca demostrar que no som l&#8217;enemic\u201d"}]},{"@type":"WebSite","@id":"https:\/\/laindependent.cat\/es\/#website","url":"https:\/\/laindependent.cat\/es\/","name":"La Independent","description":"Ag\u00e8ncia de not\u00edcies amb visi\u00f3 de g\u00e8nere","publisher":{"@id":"https:\/\/laindependent.cat\/es\/#organization"},"alternateName":"Ag\u00e8ncia de not\u00edcies amb visi\u00f3 de g\u00e8nere","potentialAction":[{"@type":"SearchAction","target":{"@type":"EntryPoint","urlTemplate":"https:\/\/laindependent.cat\/es\/?s={search_term_string}"},"query-input":{"@type":"PropertyValueSpecification","valueRequired":true,"valueName":"search_term_string"}}],"inLanguage":"es"},{"@type":"Organization","@id":"https:\/\/laindependent.cat\/es\/#organization","name":"La Independent","alternateName":"Ag\u00e8ncia de not\u00edcies amb visi\u00f3 de g\u00e8nere","url":"https:\/\/laindependent.cat\/es\/","logo":{"@type":"ImageObject","inLanguage":"es","@id":"https:\/\/laindependent.cat\/es\/#\/schema\/logo\/image\/","url":"https:\/\/laindependent.cat\/wp-content\/uploads\/2022\/10\/logo-independent.svg","contentUrl":"https:\/\/laindependent.cat\/wp-content\/uploads\/2022\/10\/logo-independent.svg","width":562,"height":78,"caption":"La Independent"},"image":{"@id":"https:\/\/laindependent.cat\/es\/#\/schema\/logo\/image\/"}},{"@type":"Person","@id":"https:\/\/laindependent.cat\/es\/#\/schema\/person\/2c58a605ff6a19f1223872288e2d3398","name":"Fabiola Llanos","image":{"@type":"ImageObject","inLanguage":"es","@id":"https:\/\/secure.gravatar.com\/avatar\/3048cd6d04513536ecaa752cf0f5e51d72bfa25af529539bc7922a112e0686e9?s=96&d=blank&r=g","url":"https:\/\/secure.gravatar.com\/avatar\/3048cd6d04513536ecaa752cf0f5e51d72bfa25af529539bc7922a112e0686e9?s=96&d=blank&r=g","contentUrl":"https:\/\/secure.gravatar.com\/avatar\/3048cd6d04513536ecaa752cf0f5e51d72bfa25af529539bc7922a112e0686e9?s=96&d=blank&r=g","caption":"Fabiola Llanos"},"description":"Ecofeminista. Periodista i comunicadora social. Imatge, neuroling\u00fc\u00edstica i drets de les dones. Vaig parir La Peri\u00f2dica. Cofundadora de La Independent. Comunicaci\u00f3 Fundaci\u00f3 Surt","sameAs":["https:\/\/www.instagram.com\/fabskje","https:\/\/www.linkedin.com\/in\/fabllanos","https:\/\/x.com\/https:\/\/twitter.com\/fabskje"],"url":"https:\/\/laindependent.cat\/es\/author\/fabiola-llanos\/"}]}},"_links":{"self":[{"href":"https:\/\/laindependent.cat\/es\/wp-json\/wp\/v2\/posts\/54652","targetHints":{"allow":["GET"]}}],"collection":[{"href":"https:\/\/laindependent.cat\/es\/wp-json\/wp\/v2\/posts"}],"about":[{"href":"https:\/\/laindependent.cat\/es\/wp-json\/wp\/v2\/types\/post"}],"author":[{"embeddable":true,"href":"https:\/\/laindependent.cat\/es\/wp-json\/wp\/v2\/users\/79"}],"replies":[{"embeddable":true,"href":"https:\/\/laindependent.cat\/es\/wp-json\/wp\/v2\/comments?post=54652"}],"version-history":[{"count":0,"href":"https:\/\/laindependent.cat\/es\/wp-json\/wp\/v2\/posts\/54652\/revisions"}],"wp:featuredmedia":[{"embeddable":true,"href":"https:\/\/laindependent.cat\/es\/wp-json\/wp\/v2\/media\/26698"}],"wp:attachment":[{"href":"https:\/\/laindependent.cat\/es\/wp-json\/wp\/v2\/media?parent=54652"}],"wp:term":[{"taxonomy":"category","embeddable":true,"href":"https:\/\/laindependent.cat\/es\/wp-json\/wp\/v2\/categories?post=54652"},{"taxonomy":"post_tag","embeddable":true,"href":"https:\/\/laindependent.cat\/es\/wp-json\/wp\/v2\/tags?post=54652"}],"curies":[{"name":"wp","href":"https:\/\/api.w.org\/{rel}","templated":true}]}}