{"id":54487,"date":"2011-03-03T18:03:56","date_gmt":"2011-03-03T17:03:56","guid":{"rendered":"https:\/\/laindependent.cat\/convocatoria-i-premi-adpc-periodisme-no-sexista-per-a-estudiants-de-ciencies-de-la-comunicacio\/"},"modified":"2011-03-03T18:03:56","modified_gmt":"2011-03-03T17:03:56","slug":"convocatoria-i-premi-adpc-periodisme-no-sexista-per-a-estudiants-de-ciencies-de-la-comunicacio","status":"publish","type":"post","link":"https:\/\/laindependent.cat\/es\/convocatoria-i-premi-adpc-periodisme-no-sexista-per-a-estudiants-de-ciencies-de-la-comunicacio\/","title":{"rendered":"CONVOCAT\u00d2RIA  I PREMI ADPC PERIODISME NO SEXISTA PER A ESTUDIANTS DE CI\u00c8NCIES DE LA COMUNICACI\u00d3"},"content":{"rendered":"<p><span style=\"font-family: trebuchet ms,geneva; font-size: 10pt;\"><strong><br \/><\/strong><\/span><\/p>\n<p style=\"text-align: left;\"><span style=\"font-family: trebuchet ms,geneva; font-size: 10pt;\"><b>L\u2019ADPC convoca el I Premi de Periodisme no Sexista<\/b><\/span><\/p>\n<p style=\"text-align: left;\"><span style=\"font-family: trebuchet ms,geneva; font-size: 10pt;\">L\u2019Associaci\u00f3 de Dones Periodistes de Catalunya (ADPC) convoca el I Premi de Periodisme no Sexista per a estudiants de Ci\u00e8ncies de <\/span><span style=\"font-family: trebuchet ms,geneva;\">la Comunicaci\u00f3<\/span><\/p>\n<p style=\"text-align: left;\">\n<p style=\"text-align: left;\"><span style=\"font-family: trebuchet ms,geneva; font-size: 10pt;\"><strong>L\u2019ADPC treballa per incorporar la visi\u00f3 no sexista en els mitjans de comunicaci\u00f3 i reivindica la funci\u00f3 social del periodisme que sense una visi\u00f3 inclusiva entre homes i dones no pot ser realitzada adequadament.<\/strong><\/span><\/p>\n<p style=\"text-align: left;\"><span style=\"font-family: trebuchet ms,geneva; font-size: 10pt;\"><strong>Aquest premi pret\u00e9n promocionar i difondre aquests valors entre l\u2019estudiantat.<\/strong><\/span><\/p>\n<p style=\"text-align: left;\"><span style=\"font-family: trebuchet ms,geneva; font-size: 10pt;\">La millor manera de lluitar contra els estereotips \u00e9s la formaci\u00f3 i la conscienciaci\u00f3 i \u00e9s de des <\/span>la Universitat<span style=\"font-family: trebuchet ms,geneva; font-size: 10pt;\"> on s\u2019ha de comen\u00e7ar a treballar per traslladar als mitjans de comunicaci\u00f3, p\u00fablics i privats, generalistes i d\u2019\u00e0mbit local i comarcal, la sensibilitat per abordar les not\u00edcies, explicar les coses que passen i la gesti\u00f3 de les institucions amb una perspectiva de g\u00e8nere.<\/span><span style=\"font-family: trebuchet ms,geneva; font-size: 10pt;\">\u00a0<\/span><\/p>\n<p style=\"text-align: left;\"><span style=\"font-family: trebuchet ms,geneva; font-size: 10pt;\">Aquests Premis estan oberts a la participaci\u00f3 de l\u2019alumnat de les Facultats de Ci\u00e8ncies de la Comunicaci\u00f3<\/span><span style=\"font-family: trebuchet ms,geneva; font-size: 10pt;\"> de les diferents universitats catalanes i es podran presentar treballs per publicar en tots els formats.<\/span><span style=\"font-family: trebuchet ms,geneva; font-size: 10pt;\">\u00a0<\/span><\/p>\n<p style=\"text-align: left;\"><span style=\"font-family: trebuchet ms,geneva; font-size: 10pt;\">El termini de presentaci\u00f3 dels treballs finalitza el 24 d\u2019octubre de 2011.<\/span><span style=\"font-family: trebuchet ms,geneva; font-size: 10pt;\">\u00a0<\/span><\/p>\n<p style=\"text-align: left;\"><strong><a href=\"index.php?option=com_content&#038;view=article&#038;id=619%3Aconvocatoria-i-premi-adpc-periodisme-no-sexista-per-a-estudiants-de-ciencies-de-la-comunicacio&#038;catid=164%3Apremis&#038;Itemid=215&#038;lang=ca\">LLegiu les bases<\/a><\/strong><\/p>\n<p style=\"text-align: left;\"><strong><br \/><\/strong><\/p>\n<p><!--more--><\/p>\n<p style=\"text-align: left;\"><span style=\"font-family: trebuchet ms,geneva; font-size: 10pt;\"><strong>BASES PREMI ADPC PERIODISME NO SEXISTA PER A ESTUDIANTS <\/strong><\/span><\/p>\n<div>\n<p style=\"text-align: left;\"><span style=\"font-family: trebuchet ms,geneva; font-size: 10pt;\"><strong>Objectius del premi:<\/strong><\/span><span style=\"font-family: trebuchet ms,geneva; font-size: 10pt;\"><strong>\u00b7Que la perspectiva de g\u00e8nere i el llenguatge inclusiu siguin presents en el periodisme i les formes de comunicaci\u00f3 que desenvoluparan les persones que avui estudien Ci\u00e8ncies de la Comunicaci\u00f3.<\/strong><\/span><span style=\"font-family: trebuchet ms,geneva; font-size: 10pt;\"><strong>\u00b7Remarcar la import\u00e0ncia de la funci\u00f3 social del periodisme que exigeix que les persones tinguin acc\u00e9s a\u00a0 informaci\u00f3 contrastada i ver\u00eddica.<\/strong><\/span><span style=\"font-family: trebuchet ms,geneva; font-size: 10pt;\"><strong>\u00b7Fer evident que no hi ha bon periodisme sense perspectiva de g\u00e8nere.<\/strong><\/span><span style=\"font-family: trebuchet ms,geneva; font-size: 10pt;\"><strong>\u00b7Aquest premi per a l&#8217;estudiantat\u00a0 t\u00e9 un apartat especial patrocinat per l&#8217;Oficina del Parlament Europeu a Barcelona que,\u00a0 a m\u00e9s a m\u00e9s, dels objectius ja descrits vol posar en valor el treball del Parlament Europeu respecte a la igualtat de g\u00e8nere.\u00a0\u00a0 <\/strong><\/span><\/p>\n<p style=\"text-align: left;\"><span style=\"font-family: trebuchet ms,geneva; font-size: 10pt;\"><b>Participaci\u00f3:<\/b><\/span><\/p>\n<p style=\"text-align: left;\"><span style=\"font-family: trebuchet ms,geneva; font-size: 10pt;\">La participaci\u00f3 est\u00e0 oberta a totes les persones que estudien Ci\u00e8ncies de la Comunicaci\u00f3 a les universitats catalanes.<\/span><\/p>\n<p style=\"text-align: left;\"><span style=\"font-family: trebuchet ms,geneva; font-size: 10pt;\"><strong>Jurat:<\/strong><\/span><\/p>\n<p style=\"text-align: left;\"><span style=\"font-family: trebuchet ms,geneva; font-size: 10pt;\">Les\u00a0 membres de la Junta de l&#8217;ADPC faran una proposta de finalistes al Jurat del Premi.<\/span><\/p>\n<p style=\"text-align: left;\"><span style=\"font-family: trebuchet ms,geneva; font-size: 10pt;\">El Jurat dels Premis estar\u00e0 format per:<\/span><\/p>\n<p style=\"text-align: left;\"><span style=\"font-family: trebuchet ms,geneva; font-size: 10pt;\">4 Membres de la Junta de l&#8217;ADPC.<\/span><\/p>\n<p style=\"text-align: left;\"><span style=\"font-family: trebuchet ms,geneva; font-size: 10pt;\">1 Membre de la direcci\u00f3 i consell de redacci\u00f3 de 20 Minutos.<\/span><\/p>\n<p style=\"text-align: left;\"><span style=\"font-family: trebuchet ms,geneva; font-size: 10pt;\">1 Membre de la redacci\u00f3 Xcat.cat\u00a0 plataforma on-line de blocs de Catalunya.<\/span><\/p>\n<p style=\"text-align: left;\"><span style=\"font-family: trebuchet ms,geneva; font-size: 10pt;\">2 Professionals rellevants en el m\u00f3n de la comunicaci\u00f3 per el seu periodisme inclusiu.<\/span><\/p>\n<p style=\"text-align: left;\"><span style=\"font-family: trebuchet ms,geneva; font-size: 10pt;\">Una persona en representaci\u00f3 Oficina Parlament Europeu.<\/span><\/p>\n<p style=\"text-align: left;\"><span style=\"font-family: trebuchet ms,geneva; font-size: 10pt;\">Representants de les empreses copatrocinadores.<\/span><\/p>\n<p style=\"text-align: left;\"><span style=\"font-family: trebuchet ms,geneva; font-size: 10pt;\"><strong>Condicions que valorar\u00e0 el Jurat:<\/strong><\/span><span style=\"font-family: trebuchet ms,geneva; font-size: 10pt;\"><strong>Els treballs presentats en qualsevol format hauran de tenir perspectiva de g\u00e8nere perqu\u00e8:<\/strong><\/span><\/p>\n<ul style=\"text-align: left;\">\n<li>\n<p><span style=\"font-family: trebuchet ms,geneva; font-size: 10pt;\">Utilitzaran llenguatge inclusiu. <\/span><\/p>\n<\/li>\n<li>\n<p><span style=\"font-family: trebuchet ms,geneva; font-size: 10pt;\">Reflexionaran sobre el sexisme que existeix en els diferents mitjans de comunicaci\u00f3 convencionals i digitals posant en valor les relacions igualit\u00e0ries dones\/homes en qualsevol \u00e0mbit de la vida. <\/span><\/p>\n<\/li>\n<li>\n<p><span style=\"font-family: trebuchet ms,geneva; font-size: 10pt;\">Recuperaran la funci\u00f3 social del periodisme perqu\u00e8 donaran informaci\u00f3 amb perspectiva de g\u00e8nere que fomenti la cr\u00edtica i l&#8217;an\u00e0lisi i deixi en evid\u00e8ncia les informacions t\u00f2xiques, no ver\u00eddiques i no contrastades. <\/span><\/p>\n<\/li>\n<li>\n<p><span style=\"font-family: trebuchet ms,geneva; font-size: 10pt;\">Posaran en evid\u00e8ncia les males pr\u00e0ctiques que comporten una p\u00e8rdua de la funci\u00f3 social del periodisme,\u00a0 al temps que un augment de la invisibilitzaci\u00f3 de les dones o un augment de la imatge sexista de les mateixes. <\/span><\/p>\n<\/li>\n<\/ul>\n<p style=\"text-align: left;\"><span style=\"font-family: trebuchet ms,geneva; font-size: 10pt;\"><b>El Premi especial ADPC \/ Oficina Parlament Europeu<\/b> tindr\u00e0 com a tem\u00e0tica EL PARLAMENT EUROPEU I LA PROMOCI\u00d3 DE LA IGUALTAT DE G\u00c8NERE.<\/span><\/p>\n<p style=\"text-align: left;\"><span style=\"font-family: trebuchet ms,geneva; font-size: 10pt;\"><b><br \/><\/b><\/span><\/p>\n<p style=\"text-align: left;\"><span style=\"font-family: trebuchet ms,geneva; font-size: 10pt;\"><b>Format de presentaci\u00f3 dels treballs:<\/b><\/span><\/p>\n<p style=\"text-align: left;\"><span style=\"font-family: trebuchet ms,geneva; font-size: 10pt;\">Periodisme en qualsevol dels suports i g\u00e8neres.<\/span><\/p>\n<p style=\"text-align: left;\"><span style=\"font-family: trebuchet ms,geneva; font-size: 10pt;\">Fotoperiodisme, m\u00ednim 3 fotografies m\u00e0xim 6 amb peu de foto acompanyat de breu descripci\u00f3 del reportatge.<\/span><\/p>\n<p style=\"text-align: left;\"><span style=\"font-family: trebuchet ms,geneva; font-size: 10pt;\"><b>En totes les modalitats i g\u00e8neres\u00a0 els treballs seran in\u00e8dits i originals, independentment del suport en el qual hagin de ser publicats. L\u2019ADPC no es fa responsable de l\u2019incompliment d\u2019aquesta condici\u00f3.<\/b><\/span><\/p>\n<p style=\"text-align: left;\"><span style=\"font-family: trebuchet ms,geneva; font-size: 10pt;\">Tots els treballs tindran entre 2 i 3 fonts m\u00ednim, a excepci\u00f3 de quan es presenti un treball en format entrevista.<\/span><\/p>\n<p style=\"text-align: left;\"><span style=\"font-family: trebuchet ms,geneva; font-size: 10pt;\">Llengua dels treballs: catal\u00e0.<\/span><\/p>\n<p style=\"text-align: left;\"><span style=\"font-family: trebuchet ms,geneva; font-size: 10pt;\">Extensi\u00f3 entre 3500 i un m\u00e0xim de 4000 car\u00e0cters pels treballs escrits<\/span><\/p>\n<p style=\"text-align: left;\"><span style=\"font-family: trebuchet ms,geneva; font-size: 10pt;\">\u00a0v\u00eddeos o fomats mp3, m\u00e0xim 3 minuts.<\/span><\/p>\n<p style=\"text-align: left;\"><span style=\"font-family: trebuchet ms,geneva; font-size: 10pt;\"><b>Categories:<\/b><\/span><\/p>\n<p style=\"text-align: left;\"><span style=\"font-family: trebuchet ms,geneva; font-size: 10pt;\">S\u2019estableixen quatre categories:<\/span><\/p>\n<p style=\"text-align: left;\"><span style=\"font-family: trebuchet ms,geneva; font-size: 10pt;\">&#8211;\u00a0\u00a0\u00a0\u00a0\u00a0 Escrit<\/span><\/p>\n<p style=\"text-align: left;\"><span style=\"font-family: trebuchet ms,geneva; font-size: 10pt;\">&#8211;\u00a0\u00a0\u00a0\u00a0\u00a0 V\u00eddeo<\/span><\/p>\n<p style=\"text-align: left;\"><span style=\"font-family: trebuchet ms,geneva; font-size: 10pt;\">&#8211;\u00a0\u00a0\u00a0\u00a0\u00a0 \u00c0udio<\/span><\/p>\n<p style=\"text-align: left;\"><span style=\"font-family: trebuchet ms,geneva; font-size: 10pt;\">&#8211;\u00a0\u00a0\u00a0\u00a0\u00a0 Fotoperiodisme<\/span><\/p>\n<p style=\"text-align: left;\"><span style=\"font-family: trebuchet ms,geneva; font-size: 10pt;\"><b>Tema:<\/b><\/span><\/p>\n<p style=\"text-align: left;\"><span style=\"font-family: trebuchet ms,geneva; font-size: 10pt;\">El tema dels treballs \u00e9s lliure, excepte en la modalitat del Premi Especial del Parlament Europeu.<\/span><\/p>\n<p style=\"text-align: left;\"><span style=\"font-family: trebuchet ms,geneva; font-size: 10pt;\"><b>Terminis de presentaci\u00f3:<\/b><\/span><\/p>\n<p style=\"text-align: left;\"><span style=\"font-family: trebuchet ms,geneva; font-size: 10pt;\">El periode de lliurament ser\u00e0 del 21 de mar\u00e7 al 12 de setembre del 2011.<b>\u00a0<\/b><\/span><br \/><span style=\"font-family: trebuchet ms,geneva; font-size: 10pt;\"><b>Inscripci\u00f3:<\/b><\/span><\/p>\n<p style=\"text-align: left;\"><span style=\"font-family: trebuchet ms,geneva; font-size: 10pt;\">la inscripci\u00f3 es gratu\u00efta. Nom\u00e9s \u00e9s pot presentar 1 proposta per persona o equip. Els equips estaran formats per un m\u00e0xim de 5 persones.<\/span><\/p>\n<p style=\"text-align: left;\"><span style=\"font-family: trebuchet ms,geneva; font-size: 10pt;\"><b>VEREDICTE i lliurament del Premi:<\/b><\/span><\/p>\n<p style=\"text-align: left;\"><span style=\"font-family: trebuchet ms,geneva; font-size: 10pt;\">-Els premis s\u2019atorgaran per majoria de les persones membres del Jurat.<\/span><\/p>\n<p style=\"text-align: left;\"><span style=\"font-family: trebuchet ms,geneva; font-size: 10pt;\">-Poden ser declarats deserts.<\/span><\/p>\n<p style=\"text-align: left;\"><span style=\"font-family: trebuchet ms,geneva; font-size: 10pt;\">-Pot haver-hi un acc\u00e8ssit si el jurat ho considera per unanimitat.<\/span><\/p>\n<p style=\"text-align: left;\"><span style=\"font-family: trebuchet ms,geneva; font-size: 10pt;\">-Si alguna de les persones membres del jurat no pot assistir a la reuni\u00f3 de deliberaci\u00f3 pot emetre el seu vot per escrit a la Junta de la Associaci\u00f3.<\/span><\/p>\n<p style=\"text-align: left;\"><span style=\"font-family: trebuchet ms,geneva; font-size: 10pt;\">-\u00c9s redactar\u00e0 una acta amb les signatures del jurat.<\/span><\/p>\n<p style=\"text-align: left;\"><span style=\"font-family: trebuchet ms,geneva; font-size: 10pt;\">-L\u2019emissi\u00f3 del veredicte \u00e9s inapel\u00b7lable.<\/span><\/p>\n<p style=\"text-align: left;\"><span style=\"font-family: trebuchet ms,geneva; font-size: 10pt;\"><b>Premi:<\/b><\/span><\/p>\n<p style=\"text-align: left;\"><span style=\"font-family: trebuchet ms,geneva; font-size: 10pt;\">Per a les categ\u00f2ries escrit i fotoperiodisme s\u2019estableix com a premi la publicaci\u00f3 al diari 20minutos\u00a0 (Edici\u00f3 Barcelona en paper).<\/span><\/p>\n<p style=\"text-align: left;\"><span style=\"font-family: trebuchet ms,geneva; font-size: 10pt;\">Per a totes les categories s\u2019estableix com a premi la publicaci\u00f3 al diari 20 minutos edici\u00f3 web i a la Plataforma digital Xcat.cat<\/span><\/p>\n<p style=\"text-align: left;\"><span style=\"font-family: trebuchet ms,geneva; font-size: 10pt;\">Les empreses patrocinadores aportaran un complement al premi de la publicaci\u00f3 dels treballs guanyadors.<\/span><\/p>\n<p style=\"text-align: left;\"><span style=\"font-family: trebuchet ms,geneva; font-size: 10pt;\"><b>Lliurament del Premi:<\/b><\/span><\/p>\n<p style=\"text-align: left;\"><span style=\"font-family: trebuchet ms,geneva; font-size: 10pt;\">El veredicte del Jurat del Premi es far\u00e0 p\u00fablic en el transcurs de la Festa dels Premis de Comunicaci\u00f3 no Sexista de l&#8217;ADPC.<\/span><\/p>\n<p style=\"text-align: left;\"><span style=\"font-family: trebuchet ms,geneva; font-size: 10pt;\"><b>Acceptaci\u00f3 bases:<\/b><\/span><\/p>\n<p style=\"text-align: left;\"><span style=\"font-family: trebuchet ms,geneva; font-size: 10pt;\">Les persones que participin en aquesta convocat\u00f2ria accepten aquestes bases.<\/span><\/p>\n<p style=\"text-align: left;\"><span style=\"font-family: trebuchet ms,geneva; font-size: 10pt;\"><b>Lliurament dels treballs:<\/b><\/span><\/p>\n<p style=\"text-align: left;\"><span style=\"font-family: trebuchet ms,geneva; font-size: 10pt;\">El treballs es presentaran en un suport DVD lliurat a la Recepci\u00f3 del Col\u00b7legi de Periodistes (Rbla. Catalunya 10, pral.08007 Barcelona)\u00a0posant en el sobre \u201cConvocat\u00f2ria Primer Premi ADPC de Periodisme no Sexista per a estudiants de Ci\u00e8ncies de la Informaci\u00f3.<\/span><\/p>\n<p style=\"text-align: left;\"><span style=\"font-family: trebuchet ms,geneva; font-size: 10pt;\">S\u2019ha d\u2019acreditar l\u2019autoria del treball amb fotocopia del DNI i les dades personals de la persona, o persones que el presenten. Tamb\u00e9 cal acreditar la condici\u00f3 d\u2019estudiants de Ci\u00e8ncies de la Comunicaci\u00f3.<\/span><\/p>\n<p style=\"text-align: left;\"><span style=\"font-family: trebuchet ms,geneva; font-size: 10pt;\"><b>Propietat dels material:<\/b><\/span><\/p>\n<p style=\"text-align: left;\"><span style=\"font-family: trebuchet ms,geneva; font-size: 10pt;\">Les persones participants podran recollir el material lliurat.\u00a0 Tindran 3 mesos per recollir-lo a la seu d l&#8217; ADPC en el Col\u00b7legi de Periodistes, despr\u00e9s del lliurament\u00a0 de premis.<\/span><\/p>\n<p style=\"text-align: left;\"><span style=\"font-family: trebuchet ms,geneva; font-size: 10pt;\"><b>Empreses col\u00b7laboradores:<\/b><\/span><\/p>\n<p style=\"text-align: left;\"><span style=\"font-family: trebuchet ms,geneva; font-size: 10pt;\">Les empreses que donin el premi<\/span><\/p>\n<p style=\"text-align: left;\"><span style=\"font-family: trebuchet ms,geneva; font-size: 10pt;\"><b>Publicaci\u00f3 dels treballs:<\/b><\/span><\/p>\n<p style=\"text-align: left;\"><span style=\"font-family: trebuchet ms,geneva; font-size: 10pt;\">L\u2019ADPC donar\u00e0 difusi\u00f3 del Premi a la seva publicaci\u00f3 Dones Digital i \u00e9s reserva el dret de reproduir-lo en d\u2019altres mitjans col\u00b7laboradors del Premi (XCat.cat, 20minutos&#8230; ) \u00edntegre o resumit amb un m\u00e0xim de 2.000 car\u00e0cters, d\u2019acord a les possibilitats d\u2019espai que permeti la maqueta del suport paper. Tot aix\u00f2, abans que es pugui publicar en altres mitjans.<\/span><\/p>\n<p style=\"text-align: left;\"><span style=\"font-family: trebuchet ms,geneva; font-size: 10pt;\">La propietat i els drets dels treballs ser\u00e0 de les persones que els hagin realitzat<\/span><\/p>\n<p style=\"text-align: left;\"><span style=\"font-family: trebuchet ms,geneva; font-size: 10pt;\">Correu electr\u00f2nic de contacte: <a href=\"mailto:premiadpcperiodismenosexista@gmail.com\">premiadpcperiodismenosexista@gmail.com<\/a><\/span><\/p>\n<\/div>\n<p>\u00a0<\/p>\n","protected":false},"excerpt":{"rendered":"<p>L\u2019ADPC convoca el I Premi de Periodisme no Sexista L\u2019Associaci\u00f3 de Dones Periodistes de Catalunya (ADPC) convoca el I Premi de Periodisme no Sexista per a estudiants de Ci\u00e8ncies de la Comunicaci\u00f3 L\u2019ADPC treballa per incorporar la visi\u00f3 no sexista [&hellip;]<\/p>\n","protected":false},"author":72,"featured_media":26580,"comment_status":"open","ping_status":"","sticky":false,"template":"","format":"standard","meta":{"footnotes":""},"categories":[26605],"tags":[],"class_list":["post-54487","post","type-post","status-publish","format-standard","has-post-thumbnail","hentry","category-premis"],"yoast_head":"<!-- This site is optimized with the Yoast SEO plugin v27.4 - https:\/\/yoast.com\/product\/yoast-seo-wordpress\/ -->\n<title>CONVOCAT\u00d2RIA I PREMI ADPC PERIODISME NO SEXISTA PER A ESTUDIANTS DE CI\u00c8NCIES DE LA COMUNICACI\u00d3 | La Independent<\/title>\n<meta name=\"description\" content=\"L\u2019ADPC convoca el I Premi de Periodisme no Sexista L\u2019Associaci\u00f3 de Dones Periodistes de Catalunya (ADPC) convoca el I Premi de Periodisme no Sexista per a\" \/>\n<meta name=\"robots\" content=\"index, follow, max-snippet:-1, max-image-preview:large, max-video-preview:-1\" \/>\n<link rel=\"canonical\" href=\"https:\/\/laindependent.cat\/es\/convocatoria-i-premi-adpc-periodisme-no-sexista-per-a-estudiants-de-ciencies-de-la-comunicacio\/\" \/>\n<meta property=\"og:locale\" content=\"es_ES\" \/>\n<meta property=\"og:type\" content=\"article\" \/>\n<meta property=\"og:title\" content=\"CONVOCAT\u00d2RIA I PREMI ADPC PERIODISME NO SEXISTA PER A ESTUDIANTS DE CI\u00c8NCIES DE LA COMUNICACI\u00d3 | La Independent\" \/>\n<meta property=\"og:description\" content=\"L\u2019ADPC convoca el I Premi de Periodisme no Sexista L\u2019Associaci\u00f3 de Dones Periodistes de Catalunya (ADPC) convoca el I Premi de Periodisme no Sexista per a\" \/>\n<meta property=\"og:url\" content=\"https:\/\/laindependent.cat\/es\/convocatoria-i-premi-adpc-periodisme-no-sexista-per-a-estudiants-de-ciencies-de-la-comunicacio\/\" \/>\n<meta property=\"og:site_name\" content=\"La Independent\" \/>\n<meta property=\"article:author\" content=\"https:\/\/www.facebook.com\/tona.gusi\" \/>\n<meta property=\"article:published_time\" content=\"2011-03-03T17:03:56+00:00\" \/>\n<meta property=\"og:image\" content=\"https:\/\/laindependent.cat\/wp-content\/uploads\/2011\/03\/adpc_logo.jpg\" \/>\n\t<meta property=\"og:image:width\" content=\"200\" \/>\n\t<meta property=\"og:image:height\" content=\"84\" \/>\n\t<meta property=\"og:image:type\" content=\"image\/jpeg\" \/>\n<meta name=\"author\" content=\"Tona Gusi\" \/>\n<meta name=\"twitter:card\" content=\"summary_large_image\" \/>\n<meta name=\"twitter:creator\" content=\"@https:\/\/twitter.com\/tonagusi\" \/>\n<meta name=\"twitter:label1\" content=\"Escrito por\" \/>\n\t<meta name=\"twitter:data1\" content=\"Tona Gusi\" \/>\n\t<meta name=\"twitter:label2\" content=\"Tiempo de lectura\" \/>\n\t<meta name=\"twitter:data2\" content=\"6 minutos\" \/>\n<script type=\"application\/ld+json\" class=\"yoast-schema-graph\">{\"@context\":\"https:\\\/\\\/schema.org\",\"@graph\":[{\"@type\":\"Article\",\"@id\":\"https:\\\/\\\/laindependent.cat\\\/es\\\/convocatoria-i-premi-adpc-periodisme-no-sexista-per-a-estudiants-de-ciencies-de-la-comunicacio\\\/#article\",\"isPartOf\":{\"@id\":\"https:\\\/\\\/laindependent.cat\\\/es\\\/convocatoria-i-premi-adpc-periodisme-no-sexista-per-a-estudiants-de-ciencies-de-la-comunicacio\\\/\"},\"author\":{\"name\":\"Tona Gusi\",\"@id\":\"https:\\\/\\\/laindependent.cat\\\/es\\\/#\\\/schema\\\/person\\\/48977a569b250ff82a4929194239bcc9\"},\"headline\":\"CONVOCAT\u00d2RIA I PREMI ADPC PERIODISME NO SEXISTA PER A ESTUDIANTS DE CI\u00c8NCIES DE LA COMUNICACI\u00d3\",\"datePublished\":\"2011-03-03T17:03:56+00:00\",\"mainEntityOfPage\":{\"@id\":\"https:\\\/\\\/laindependent.cat\\\/es\\\/convocatoria-i-premi-adpc-periodisme-no-sexista-per-a-estudiants-de-ciencies-de-la-comunicacio\\\/\"},\"wordCount\":1175,\"commentCount\":0,\"publisher\":{\"@id\":\"https:\\\/\\\/laindependent.cat\\\/es\\\/#organization\"},\"image\":{\"@id\":\"https:\\\/\\\/laindependent.cat\\\/es\\\/convocatoria-i-premi-adpc-periodisme-no-sexista-per-a-estudiants-de-ciencies-de-la-comunicacio\\\/#primaryimage\"},\"thumbnailUrl\":\"https:\\\/\\\/laindependent.cat\\\/wp-content\\\/uploads\\\/2011\\\/03\\\/adpc_logo.jpg\",\"articleSection\":[\"Premis\"],\"inLanguage\":\"es\",\"potentialAction\":[{\"@type\":\"CommentAction\",\"name\":\"Comment\",\"target\":[\"https:\\\/\\\/laindependent.cat\\\/es\\\/convocatoria-i-premi-adpc-periodisme-no-sexista-per-a-estudiants-de-ciencies-de-la-comunicacio\\\/#respond\"]}]},{\"@type\":\"WebPage\",\"@id\":\"https:\\\/\\\/laindependent.cat\\\/es\\\/convocatoria-i-premi-adpc-periodisme-no-sexista-per-a-estudiants-de-ciencies-de-la-comunicacio\\\/\",\"url\":\"https:\\\/\\\/laindependent.cat\\\/es\\\/convocatoria-i-premi-adpc-periodisme-no-sexista-per-a-estudiants-de-ciencies-de-la-comunicacio\\\/\",\"name\":\"CONVOCAT\u00d2RIA I PREMI ADPC PERIODISME NO SEXISTA PER A ESTUDIANTS DE CI\u00c8NCIES DE LA COMUNICACI\u00d3 | La Independent\",\"isPartOf\":{\"@id\":\"https:\\\/\\\/laindependent.cat\\\/es\\\/#website\"},\"primaryImageOfPage\":{\"@id\":\"https:\\\/\\\/laindependent.cat\\\/es\\\/convocatoria-i-premi-adpc-periodisme-no-sexista-per-a-estudiants-de-ciencies-de-la-comunicacio\\\/#primaryimage\"},\"image\":{\"@id\":\"https:\\\/\\\/laindependent.cat\\\/es\\\/convocatoria-i-premi-adpc-periodisme-no-sexista-per-a-estudiants-de-ciencies-de-la-comunicacio\\\/#primaryimage\"},\"thumbnailUrl\":\"https:\\\/\\\/laindependent.cat\\\/wp-content\\\/uploads\\\/2011\\\/03\\\/adpc_logo.jpg\",\"datePublished\":\"2011-03-03T17:03:56+00:00\",\"description\":\"L\u2019ADPC convoca el I Premi de Periodisme no Sexista L\u2019Associaci\u00f3 de Dones Periodistes de Catalunya (ADPC) convoca el I Premi de Periodisme no Sexista per a\",\"breadcrumb\":{\"@id\":\"https:\\\/\\\/laindependent.cat\\\/es\\\/convocatoria-i-premi-adpc-periodisme-no-sexista-per-a-estudiants-de-ciencies-de-la-comunicacio\\\/#breadcrumb\"},\"inLanguage\":\"es\",\"potentialAction\":[{\"@type\":\"ReadAction\",\"target\":[\"https:\\\/\\\/laindependent.cat\\\/es\\\/convocatoria-i-premi-adpc-periodisme-no-sexista-per-a-estudiants-de-ciencies-de-la-comunicacio\\\/\"]}]},{\"@type\":\"ImageObject\",\"inLanguage\":\"es\",\"@id\":\"https:\\\/\\\/laindependent.cat\\\/es\\\/convocatoria-i-premi-adpc-periodisme-no-sexista-per-a-estudiants-de-ciencies-de-la-comunicacio\\\/#primaryimage\",\"url\":\"https:\\\/\\\/laindependent.cat\\\/wp-content\\\/uploads\\\/2011\\\/03\\\/adpc_logo.jpg\",\"contentUrl\":\"https:\\\/\\\/laindependent.cat\\\/wp-content\\\/uploads\\\/2011\\\/03\\\/adpc_logo.jpg\",\"width\":200,\"height\":84},{\"@type\":\"BreadcrumbList\",\"@id\":\"https:\\\/\\\/laindependent.cat\\\/es\\\/convocatoria-i-premi-adpc-periodisme-no-sexista-per-a-estudiants-de-ciencies-de-la-comunicacio\\\/#breadcrumb\",\"itemListElement\":[{\"@type\":\"ListItem\",\"position\":1,\"name\":\"Inici\",\"item\":\"https:\\\/\\\/laindependent.cat\\\/es\\\/la-independent\\\/\"},{\"@type\":\"ListItem\",\"position\":2,\"name\":\"Convocat\u00f2ries\",\"item\":\"https:\\\/\\\/laindependent.cat\\\/tema\\\/convocatories-comunicats\\\/\"},{\"@type\":\"ListItem\",\"position\":3,\"name\":\"Premios\",\"item\":\"https:\\\/\\\/laindependent.cat\\\/es\\\/tema\\\/premios\\\/\"},{\"@type\":\"ListItem\",\"position\":4,\"name\":\"CONVOCAT\u00d2RIA I PREMI ADPC PERIODISME NO SEXISTA PER A ESTUDIANTS DE CI\u00c8NCIES DE LA COMUNICACI\u00d3\"}]},{\"@type\":\"WebSite\",\"@id\":\"https:\\\/\\\/laindependent.cat\\\/es\\\/#website\",\"url\":\"https:\\\/\\\/laindependent.cat\\\/es\\\/\",\"name\":\"La Independent\",\"description\":\"Ag\u00e8ncia de not\u00edcies amb visi\u00f3 de g\u00e8nere\",\"publisher\":{\"@id\":\"https:\\\/\\\/laindependent.cat\\\/es\\\/#organization\"},\"alternateName\":\"Ag\u00e8ncia de not\u00edcies amb visi\u00f3 de g\u00e8nere\",\"potentialAction\":[{\"@type\":\"SearchAction\",\"target\":{\"@type\":\"EntryPoint\",\"urlTemplate\":\"https:\\\/\\\/laindependent.cat\\\/es\\\/?s={search_term_string}\"},\"query-input\":{\"@type\":\"PropertyValueSpecification\",\"valueRequired\":true,\"valueName\":\"search_term_string\"}}],\"inLanguage\":\"es\"},{\"@type\":\"Organization\",\"@id\":\"https:\\\/\\\/laindependent.cat\\\/es\\\/#organization\",\"name\":\"La Independent\",\"alternateName\":\"Ag\u00e8ncia de not\u00edcies amb visi\u00f3 de g\u00e8nere\",\"url\":\"https:\\\/\\\/laindependent.cat\\\/es\\\/\",\"logo\":{\"@type\":\"ImageObject\",\"inLanguage\":\"es\",\"@id\":\"https:\\\/\\\/laindependent.cat\\\/es\\\/#\\\/schema\\\/logo\\\/image\\\/\",\"url\":\"https:\\\/\\\/laindependent.cat\\\/wp-content\\\/uploads\\\/2022\\\/10\\\/logo-independent.svg\",\"contentUrl\":\"https:\\\/\\\/laindependent.cat\\\/wp-content\\\/uploads\\\/2022\\\/10\\\/logo-independent.svg\",\"width\":562,\"height\":78,\"caption\":\"La Independent\"},\"image\":{\"@id\":\"https:\\\/\\\/laindependent.cat\\\/es\\\/#\\\/schema\\\/logo\\\/image\\\/\"}},{\"@type\":\"Person\",\"@id\":\"https:\\\/\\\/laindependent.cat\\\/es\\\/#\\\/schema\\\/person\\\/48977a569b250ff82a4929194239bcc9\",\"name\":\"Tona Gusi\",\"image\":{\"@type\":\"ImageObject\",\"inLanguage\":\"es\",\"@id\":\"https:\\\/\\\/secure.gravatar.com\\\/avatar\\\/d09891f52233d2ed7c2e066fc06640e576202983bf7f713e372185f035ac5f67?s=96&d=blank&r=g\",\"url\":\"https:\\\/\\\/secure.gravatar.com\\\/avatar\\\/d09891f52233d2ed7c2e066fc06640e576202983bf7f713e372185f035ac5f67?s=96&d=blank&r=g\",\"contentUrl\":\"https:\\\/\\\/secure.gravatar.com\\\/avatar\\\/d09891f52233d2ed7c2e066fc06640e576202983bf7f713e372185f035ac5f67?s=96&d=blank&r=g\",\"caption\":\"Tona Gusi\"},\"description\":\"Fundadora i Co-coordinadora de La Independent. Tamb\u00e9 \u00e9s psic\u00f2loga menci\u00f3 en Psicologia d'Intervenci\u00f3 Cl\u00ednica i menci\u00f3 en Psicologia del Treball i les Organitzacions.\",\"sameAs\":[\"https:\\\/\\\/www.facebook.com\\\/tona.gusi\",\"https:\\\/\\\/x.com\\\/https:\\\/\\\/twitter.com\\\/tonagusi\"],\"url\":\"https:\\\/\\\/laindependent.cat\\\/es\\\/author\\\/tona-gusi\\\/\"}]}<\/script>\n<!-- \/ Yoast SEO plugin. -->","yoast_head_json":{"title":"CONVOCAT\u00d2RIA I PREMI ADPC PERIODISME NO SEXISTA PER A ESTUDIANTS DE CI\u00c8NCIES DE LA COMUNICACI\u00d3 | La Independent","description":"L\u2019ADPC convoca el I Premi de Periodisme no Sexista L\u2019Associaci\u00f3 de Dones Periodistes de Catalunya (ADPC) convoca el I Premi de Periodisme no Sexista per a","robots":{"index":"index","follow":"follow","max-snippet":"max-snippet:-1","max-image-preview":"max-image-preview:large","max-video-preview":"max-video-preview:-1"},"canonical":"https:\/\/laindependent.cat\/es\/convocatoria-i-premi-adpc-periodisme-no-sexista-per-a-estudiants-de-ciencies-de-la-comunicacio\/","og_locale":"es_ES","og_type":"article","og_title":"CONVOCAT\u00d2RIA I PREMI ADPC PERIODISME NO SEXISTA PER A ESTUDIANTS DE CI\u00c8NCIES DE LA COMUNICACI\u00d3 | La Independent","og_description":"L\u2019ADPC convoca el I Premi de Periodisme no Sexista L\u2019Associaci\u00f3 de Dones Periodistes de Catalunya (ADPC) convoca el I Premi de Periodisme no Sexista per a","og_url":"https:\/\/laindependent.cat\/es\/convocatoria-i-premi-adpc-periodisme-no-sexista-per-a-estudiants-de-ciencies-de-la-comunicacio\/","og_site_name":"La Independent","article_author":"https:\/\/www.facebook.com\/tona.gusi","article_published_time":"2011-03-03T17:03:56+00:00","og_image":[{"width":200,"height":84,"url":"https:\/\/laindependent.cat\/wp-content\/uploads\/2011\/03\/adpc_logo.jpg","type":"image\/jpeg"}],"author":"Tona Gusi","twitter_card":"summary_large_image","twitter_creator":"@https:\/\/twitter.com\/tonagusi","twitter_misc":{"Escrito por":"Tona Gusi","Tiempo de lectura":"6 minutos"},"schema":{"@context":"https:\/\/schema.org","@graph":[{"@type":"Article","@id":"https:\/\/laindependent.cat\/es\/convocatoria-i-premi-adpc-periodisme-no-sexista-per-a-estudiants-de-ciencies-de-la-comunicacio\/#article","isPartOf":{"@id":"https:\/\/laindependent.cat\/es\/convocatoria-i-premi-adpc-periodisme-no-sexista-per-a-estudiants-de-ciencies-de-la-comunicacio\/"},"author":{"name":"Tona Gusi","@id":"https:\/\/laindependent.cat\/es\/#\/schema\/person\/48977a569b250ff82a4929194239bcc9"},"headline":"CONVOCAT\u00d2RIA I PREMI ADPC PERIODISME NO SEXISTA PER A ESTUDIANTS DE CI\u00c8NCIES DE LA COMUNICACI\u00d3","datePublished":"2011-03-03T17:03:56+00:00","mainEntityOfPage":{"@id":"https:\/\/laindependent.cat\/es\/convocatoria-i-premi-adpc-periodisme-no-sexista-per-a-estudiants-de-ciencies-de-la-comunicacio\/"},"wordCount":1175,"commentCount":0,"publisher":{"@id":"https:\/\/laindependent.cat\/es\/#organization"},"image":{"@id":"https:\/\/laindependent.cat\/es\/convocatoria-i-premi-adpc-periodisme-no-sexista-per-a-estudiants-de-ciencies-de-la-comunicacio\/#primaryimage"},"thumbnailUrl":"https:\/\/laindependent.cat\/wp-content\/uploads\/2011\/03\/adpc_logo.jpg","articleSection":["Premis"],"inLanguage":"es","potentialAction":[{"@type":"CommentAction","name":"Comment","target":["https:\/\/laindependent.cat\/es\/convocatoria-i-premi-adpc-periodisme-no-sexista-per-a-estudiants-de-ciencies-de-la-comunicacio\/#respond"]}]},{"@type":"WebPage","@id":"https:\/\/laindependent.cat\/es\/convocatoria-i-premi-adpc-periodisme-no-sexista-per-a-estudiants-de-ciencies-de-la-comunicacio\/","url":"https:\/\/laindependent.cat\/es\/convocatoria-i-premi-adpc-periodisme-no-sexista-per-a-estudiants-de-ciencies-de-la-comunicacio\/","name":"CONVOCAT\u00d2RIA I PREMI ADPC PERIODISME NO SEXISTA PER A ESTUDIANTS DE CI\u00c8NCIES DE LA COMUNICACI\u00d3 | La Independent","isPartOf":{"@id":"https:\/\/laindependent.cat\/es\/#website"},"primaryImageOfPage":{"@id":"https:\/\/laindependent.cat\/es\/convocatoria-i-premi-adpc-periodisme-no-sexista-per-a-estudiants-de-ciencies-de-la-comunicacio\/#primaryimage"},"image":{"@id":"https:\/\/laindependent.cat\/es\/convocatoria-i-premi-adpc-periodisme-no-sexista-per-a-estudiants-de-ciencies-de-la-comunicacio\/#primaryimage"},"thumbnailUrl":"https:\/\/laindependent.cat\/wp-content\/uploads\/2011\/03\/adpc_logo.jpg","datePublished":"2011-03-03T17:03:56+00:00","description":"L\u2019ADPC convoca el I Premi de Periodisme no Sexista L\u2019Associaci\u00f3 de Dones Periodistes de Catalunya (ADPC) convoca el I Premi de Periodisme no Sexista per a","breadcrumb":{"@id":"https:\/\/laindependent.cat\/es\/convocatoria-i-premi-adpc-periodisme-no-sexista-per-a-estudiants-de-ciencies-de-la-comunicacio\/#breadcrumb"},"inLanguage":"es","potentialAction":[{"@type":"ReadAction","target":["https:\/\/laindependent.cat\/es\/convocatoria-i-premi-adpc-periodisme-no-sexista-per-a-estudiants-de-ciencies-de-la-comunicacio\/"]}]},{"@type":"ImageObject","inLanguage":"es","@id":"https:\/\/laindependent.cat\/es\/convocatoria-i-premi-adpc-periodisme-no-sexista-per-a-estudiants-de-ciencies-de-la-comunicacio\/#primaryimage","url":"https:\/\/laindependent.cat\/wp-content\/uploads\/2011\/03\/adpc_logo.jpg","contentUrl":"https:\/\/laindependent.cat\/wp-content\/uploads\/2011\/03\/adpc_logo.jpg","width":200,"height":84},{"@type":"BreadcrumbList","@id":"https:\/\/laindependent.cat\/es\/convocatoria-i-premi-adpc-periodisme-no-sexista-per-a-estudiants-de-ciencies-de-la-comunicacio\/#breadcrumb","itemListElement":[{"@type":"ListItem","position":1,"name":"Inici","item":"https:\/\/laindependent.cat\/es\/la-independent\/"},{"@type":"ListItem","position":2,"name":"Convocat\u00f2ries","item":"https:\/\/laindependent.cat\/tema\/convocatories-comunicats\/"},{"@type":"ListItem","position":3,"name":"Premios","item":"https:\/\/laindependent.cat\/es\/tema\/premios\/"},{"@type":"ListItem","position":4,"name":"CONVOCAT\u00d2RIA I PREMI ADPC PERIODISME NO SEXISTA PER A ESTUDIANTS DE CI\u00c8NCIES DE LA COMUNICACI\u00d3"}]},{"@type":"WebSite","@id":"https:\/\/laindependent.cat\/es\/#website","url":"https:\/\/laindependent.cat\/es\/","name":"La Independent","description":"Ag\u00e8ncia de not\u00edcies amb visi\u00f3 de g\u00e8nere","publisher":{"@id":"https:\/\/laindependent.cat\/es\/#organization"},"alternateName":"Ag\u00e8ncia de not\u00edcies amb visi\u00f3 de g\u00e8nere","potentialAction":[{"@type":"SearchAction","target":{"@type":"EntryPoint","urlTemplate":"https:\/\/laindependent.cat\/es\/?s={search_term_string}"},"query-input":{"@type":"PropertyValueSpecification","valueRequired":true,"valueName":"search_term_string"}}],"inLanguage":"es"},{"@type":"Organization","@id":"https:\/\/laindependent.cat\/es\/#organization","name":"La Independent","alternateName":"Ag\u00e8ncia de not\u00edcies amb visi\u00f3 de g\u00e8nere","url":"https:\/\/laindependent.cat\/es\/","logo":{"@type":"ImageObject","inLanguage":"es","@id":"https:\/\/laindependent.cat\/es\/#\/schema\/logo\/image\/","url":"https:\/\/laindependent.cat\/wp-content\/uploads\/2022\/10\/logo-independent.svg","contentUrl":"https:\/\/laindependent.cat\/wp-content\/uploads\/2022\/10\/logo-independent.svg","width":562,"height":78,"caption":"La Independent"},"image":{"@id":"https:\/\/laindependent.cat\/es\/#\/schema\/logo\/image\/"}},{"@type":"Person","@id":"https:\/\/laindependent.cat\/es\/#\/schema\/person\/48977a569b250ff82a4929194239bcc9","name":"Tona Gusi","image":{"@type":"ImageObject","inLanguage":"es","@id":"https:\/\/secure.gravatar.com\/avatar\/d09891f52233d2ed7c2e066fc06640e576202983bf7f713e372185f035ac5f67?s=96&d=blank&r=g","url":"https:\/\/secure.gravatar.com\/avatar\/d09891f52233d2ed7c2e066fc06640e576202983bf7f713e372185f035ac5f67?s=96&d=blank&r=g","contentUrl":"https:\/\/secure.gravatar.com\/avatar\/d09891f52233d2ed7c2e066fc06640e576202983bf7f713e372185f035ac5f67?s=96&d=blank&r=g","caption":"Tona Gusi"},"description":"Fundadora i Co-coordinadora de La Independent. Tamb\u00e9 \u00e9s psic\u00f2loga menci\u00f3 en Psicologia d'Intervenci\u00f3 Cl\u00ednica i menci\u00f3 en Psicologia del Treball i les Organitzacions.","sameAs":["https:\/\/www.facebook.com\/tona.gusi","https:\/\/x.com\/https:\/\/twitter.com\/tonagusi"],"url":"https:\/\/laindependent.cat\/es\/author\/tona-gusi\/"}]}},"_links":{"self":[{"href":"https:\/\/laindependent.cat\/es\/wp-json\/wp\/v2\/posts\/54487","targetHints":{"allow":["GET"]}}],"collection":[{"href":"https:\/\/laindependent.cat\/es\/wp-json\/wp\/v2\/posts"}],"about":[{"href":"https:\/\/laindependent.cat\/es\/wp-json\/wp\/v2\/types\/post"}],"author":[{"embeddable":true,"href":"https:\/\/laindependent.cat\/es\/wp-json\/wp\/v2\/users\/72"}],"replies":[{"embeddable":true,"href":"https:\/\/laindependent.cat\/es\/wp-json\/wp\/v2\/comments?post=54487"}],"version-history":[{"count":0,"href":"https:\/\/laindependent.cat\/es\/wp-json\/wp\/v2\/posts\/54487\/revisions"}],"wp:featuredmedia":[{"embeddable":true,"href":"https:\/\/laindependent.cat\/es\/wp-json\/wp\/v2\/media\/26580"}],"wp:attachment":[{"href":"https:\/\/laindependent.cat\/es\/wp-json\/wp\/v2\/media?parent=54487"}],"wp:term":[{"taxonomy":"category","embeddable":true,"href":"https:\/\/laindependent.cat\/es\/wp-json\/wp\/v2\/categories?post=54487"},{"taxonomy":"post_tag","embeddable":true,"href":"https:\/\/laindependent.cat\/es\/wp-json\/wp\/v2\/tags?post=54487"}],"curies":[{"name":"wp","href":"https:\/\/api.w.org\/{rel}","templated":true}]}}