{"id":85229,"date":"2025-01-30T21:58:52","date_gmt":"2025-01-30T20:58:52","guid":{"rendered":"https:\/\/laindependent.cat\/?p=85229"},"modified":"2025-01-30T21:58:53","modified_gmt":"2025-01-30T20:58:53","slug":"exposicio-sobre-dones-escriptores-a-lespai-francesca-bonnemaison","status":"publish","type":"post","link":"https:\/\/laindependent.cat\/en\/exposicio-sobre-dones-escriptores-a-lespai-francesca-bonnemaison\/","title":{"rendered":"Exposici\u00f3 sobre dones escriptores a l&#8217;Espai Francesca Bonnemaison"},"content":{"rendered":"\n<p>Una exposici\u00f3 visualitza, a trav\u00e9s de l&#8217;art, el treball de les dones escriptores dels darrers 140 anys<br><br>El Rebedor de l&#8217;Espai Francesca Bonnemaison \u200b\u200bacull fins al 12 de febrer l&#8217;exposici\u00f3 &#8216;Escriptura dibuixada&#8217;, una mostra col\u00b7lectiva fruit d&#8217;un dels tallers de l&#8217;Escola de la Dona que reivindica, a trav\u00e9s de l&#8217;art, el treball de les dones escriptores dels darrers 140 anys.<\/p>\n\n\n\n<p>Amb la celebraci\u00f3 dels 140 anys de l&#8217;Escola de la Dona (1883-2023), es van crear propostes formatives especials, com ara el Taller de Creaci\u00f3 Liter\u00e0ria i Expressi\u00f3 Pl\u00e0stica, del qual sorgeixen els treballs que es presenten en aquesta exposici\u00f3. El taller va combinar la creaci\u00f3 liter\u00e0ria i la pl\u00e0stica, establint un di\u00e0leg entre totes dues. Un aspecte destacat va ser treballar sobre dones escriptores per visibilitzar la creaci\u00f3 liter\u00e0ria femenina sovint ignorada, amb autores com <strong>Dolors Monserd\u00e0, V\u00edctor Catal\u00e0, Isabel-Clara Sim\u00f3, Fel\u00edcia Fuster <\/strong>i <strong>Irene Sol\u00e0<\/strong>, que van ser seleccionades per la seva rellev\u00e0ncia des de 1883 fins al 2024.<\/p>\n\n\n\n<p>L&#8217;Espai Francesca Bonnemaison est\u00e0 gestionat per la Diputaci\u00f3 de Barcelona,<\/p>\n","protected":false},"excerpt":{"rendered":"<p>Una exposici\u00f3 visualitza, a trav\u00e9s de l&#8217;art, el treball de les dones escriptores dels darrers 140 anys El Rebedor de l&#8217;Espai Francesca Bonnemaison \u200b\u200bacull fins al 12 de febrer l&#8217;exposici\u00f3 &#8216;Escriptura dibuixada&#8217;, una mostra col\u00b7lectiva fruit d&#8217;un dels tallers de [&hellip;]<\/p>\n","protected":false},"author":50,"featured_media":85230,"comment_status":"open","ping_status":"closed","sticky":false,"template":"","format":"standard","meta":{"footnotes":""},"categories":[25800],"tags":[51670,48871,51668,51669,51667,51673,51674,51672,51671],"class_list":["post-85229","post","type-post","status-publish","format-standard","has-post-thumbnail","hentry","category-noticies-breus","tag-dolors-monserda-2","tag-dones-escriptores-2","tag-escola-de-la-dona-2","tag-espai-francesca-bonnemaison-2","tag-exposicio-3","tag-felicia-fuster-2","tag-irene-sola","tag-isabel-clara-simo-2","tag-victor-catala-3"],"yoast_head":"<!-- This site is optimized with the Yoast SEO plugin v27.4 - https:\/\/yoast.com\/product\/yoast-seo-wordpress\/ -->\n<title>Exposici\u00f3 sobre dones escriptores a l&#039;Espai Francesca Bonnemaison | La Independent<\/title>\n<meta name=\"description\" content=\"Una exposici\u00f3 visualitza, a trav\u00e9s de l&#039;art, el treball de les dones escriptores dels darrers 140 anysEl Rebedor de l&#039;Espai Francesca Bonnemaison \u200b\u200bacull\" \/>\n<meta name=\"robots\" content=\"index, follow, max-snippet:-1, max-image-preview:large, max-video-preview:-1\" \/>\n<link rel=\"canonical\" href=\"https:\/\/laindependent.cat\/en\/exposicio-sobre-dones-escriptores-a-lespai-francesca-bonnemaison\/\" \/>\n<meta property=\"og:locale\" content=\"en_US\" \/>\n<meta property=\"og:type\" content=\"article\" \/>\n<meta property=\"og:title\" content=\"Exposici\u00f3 sobre dones escriptores a l&#039;Espai Francesca Bonnemaison | La Independent\" \/>\n<meta property=\"og:description\" content=\"Una exposici\u00f3 visualitza, a trav\u00e9s de l&#039;art, el treball de les dones escriptores dels darrers 140 anysEl Rebedor de l&#039;Espai Francesca Bonnemaison \u200b\u200bacull\" \/>\n<meta property=\"og:url\" content=\"https:\/\/laindependent.cat\/en\/exposicio-sobre-dones-escriptores-a-lespai-francesca-bonnemaison\/\" \/>\n<meta property=\"og:site_name\" content=\"La Independent\" \/>\n<meta property=\"article:published_time\" content=\"2025-01-30T20:58:52+00:00\" \/>\n<meta property=\"article:modified_time\" content=\"2025-01-30T20:58:53+00:00\" \/>\n<meta property=\"og:image\" content=\"https:\/\/laindependent.cat\/wp-content\/uploads\/2025\/01\/expo-fb.jpg\" \/>\n\t<meta property=\"og:image:width\" content=\"1182\" \/>\n\t<meta property=\"og:image:height\" content=\"754\" \/>\n\t<meta property=\"og:image:type\" content=\"image\/jpeg\" \/>\n<meta name=\"author\" content=\"La Independent\" \/>\n<meta name=\"twitter:card\" content=\"summary_large_image\" \/>\n<meta name=\"twitter:label1\" content=\"Written by\" \/>\n\t<meta name=\"twitter:data1\" content=\"La Independent\" \/>\n\t<meta name=\"twitter:label2\" content=\"Est. reading time\" \/>\n\t<meta name=\"twitter:data2\" content=\"1 minute\" \/>\n<script type=\"application\/ld+json\" class=\"yoast-schema-graph\">{\"@context\":\"https:\\\/\\\/schema.org\",\"@graph\":[{\"@type\":\"Article\",\"@id\":\"https:\\\/\\\/laindependent.cat\\\/en\\\/exposicio-sobre-dones-escriptores-a-lespai-francesca-bonnemaison\\\/#article\",\"isPartOf\":{\"@id\":\"https:\\\/\\\/laindependent.cat\\\/en\\\/exposicio-sobre-dones-escriptores-a-lespai-francesca-bonnemaison\\\/\"},\"author\":{\"name\":\"La Independent\",\"@id\":\"https:\\\/\\\/laindependent.cat\\\/en\\\/#\\\/schema\\\/person\\\/c65fe76464d3ea842196598c91a2991f\"},\"headline\":\"Exposici\u00f3 sobre dones escriptores a l&#8217;Espai Francesca Bonnemaison\",\"datePublished\":\"2025-01-30T20:58:52+00:00\",\"dateModified\":\"2025-01-30T20:58:53+00:00\",\"mainEntityOfPage\":{\"@id\":\"https:\\\/\\\/laindependent.cat\\\/en\\\/exposicio-sobre-dones-escriptores-a-lespai-francesca-bonnemaison\\\/\"},\"wordCount\":193,\"commentCount\":0,\"publisher\":{\"@id\":\"https:\\\/\\\/laindependent.cat\\\/en\\\/#organization\"},\"image\":{\"@id\":\"https:\\\/\\\/laindependent.cat\\\/en\\\/exposicio-sobre-dones-escriptores-a-lespai-francesca-bonnemaison\\\/#primaryimage\"},\"thumbnailUrl\":\"https:\\\/\\\/laindependent.cat\\\/wp-content\\\/uploads\\\/2025\\\/01\\\/expo-fb.jpg\",\"keywords\":[\"Dolors Monserd\u00e0\",\"dones escriptores\",\"Escola de la Dona\",\"Espai Francesca Bonnemaison\",\"exposici\u00f3\",\"Fel\u00edcia Fuster\",\"Irene Sol\u00e0\",\"Isabel-Clara Sim\u00f3\",\"V\u00edctor Catal\u00e0\"],\"articleSection\":[\"Not\u00edcies breus\"],\"inLanguage\":\"en-US\",\"potentialAction\":[{\"@type\":\"CommentAction\",\"name\":\"Comment\",\"target\":[\"https:\\\/\\\/laindependent.cat\\\/en\\\/exposicio-sobre-dones-escriptores-a-lespai-francesca-bonnemaison\\\/#respond\"]}]},{\"@type\":\"WebPage\",\"@id\":\"https:\\\/\\\/laindependent.cat\\\/en\\\/exposicio-sobre-dones-escriptores-a-lespai-francesca-bonnemaison\\\/\",\"url\":\"https:\\\/\\\/laindependent.cat\\\/en\\\/exposicio-sobre-dones-escriptores-a-lespai-francesca-bonnemaison\\\/\",\"name\":\"Exposici\u00f3 sobre dones escriptores a l'Espai Francesca Bonnemaison | La Independent\",\"isPartOf\":{\"@id\":\"https:\\\/\\\/laindependent.cat\\\/en\\\/#website\"},\"primaryImageOfPage\":{\"@id\":\"https:\\\/\\\/laindependent.cat\\\/en\\\/exposicio-sobre-dones-escriptores-a-lespai-francesca-bonnemaison\\\/#primaryimage\"},\"image\":{\"@id\":\"https:\\\/\\\/laindependent.cat\\\/en\\\/exposicio-sobre-dones-escriptores-a-lespai-francesca-bonnemaison\\\/#primaryimage\"},\"thumbnailUrl\":\"https:\\\/\\\/laindependent.cat\\\/wp-content\\\/uploads\\\/2025\\\/01\\\/expo-fb.jpg\",\"datePublished\":\"2025-01-30T20:58:52+00:00\",\"dateModified\":\"2025-01-30T20:58:53+00:00\",\"description\":\"Una exposici\u00f3 visualitza, a trav\u00e9s de l'art, el treball de les dones escriptores dels darrers 140 anysEl Rebedor de l'Espai Francesca Bonnemaison \u200b\u200bacull\",\"breadcrumb\":{\"@id\":\"https:\\\/\\\/laindependent.cat\\\/en\\\/exposicio-sobre-dones-escriptores-a-lespai-francesca-bonnemaison\\\/#breadcrumb\"},\"inLanguage\":\"en-US\",\"potentialAction\":[{\"@type\":\"ReadAction\",\"target\":[\"https:\\\/\\\/laindependent.cat\\\/en\\\/exposicio-sobre-dones-escriptores-a-lespai-francesca-bonnemaison\\\/\"]}]},{\"@type\":\"ImageObject\",\"inLanguage\":\"en-US\",\"@id\":\"https:\\\/\\\/laindependent.cat\\\/en\\\/exposicio-sobre-dones-escriptores-a-lespai-francesca-bonnemaison\\\/#primaryimage\",\"url\":\"https:\\\/\\\/laindependent.cat\\\/wp-content\\\/uploads\\\/2025\\\/01\\\/expo-fb.jpg\",\"contentUrl\":\"https:\\\/\\\/laindependent.cat\\\/wp-content\\\/uploads\\\/2025\\\/01\\\/expo-fb.jpg\",\"width\":1182,\"height\":754},{\"@type\":\"BreadcrumbList\",\"@id\":\"https:\\\/\\\/laindependent.cat\\\/en\\\/exposicio-sobre-dones-escriptores-a-lespai-francesca-bonnemaison\\\/#breadcrumb\",\"itemListElement\":[{\"@type\":\"ListItem\",\"position\":1,\"name\":\"Inici\",\"item\":\"https:\\\/\\\/laindependent.cat\\\/en\\\/\"},{\"@type\":\"ListItem\",\"position\":2,\"name\":\"Not\u00edcies breus\",\"item\":\"https:\\\/\\\/laindependent.cat\\\/tema\\\/noticies-breus\\\/\"},{\"@type\":\"ListItem\",\"position\":3,\"name\":\"Exposici\u00f3 sobre dones escriptores a l&#8217;Espai Francesca Bonnemaison\"}]},{\"@type\":\"WebSite\",\"@id\":\"https:\\\/\\\/laindependent.cat\\\/en\\\/#website\",\"url\":\"https:\\\/\\\/laindependent.cat\\\/en\\\/\",\"name\":\"La Independent\",\"description\":\"Ag\u00e8ncia de not\u00edcies amb visi\u00f3 de g\u00e8nere\",\"publisher\":{\"@id\":\"https:\\\/\\\/laindependent.cat\\\/en\\\/#organization\"},\"alternateName\":\"Ag\u00e8ncia de not\u00edcies amb visi\u00f3 de g\u00e8nere\",\"potentialAction\":[{\"@type\":\"SearchAction\",\"target\":{\"@type\":\"EntryPoint\",\"urlTemplate\":\"https:\\\/\\\/laindependent.cat\\\/en\\\/?s={search_term_string}\"},\"query-input\":{\"@type\":\"PropertyValueSpecification\",\"valueRequired\":true,\"valueName\":\"search_term_string\"}}],\"inLanguage\":\"en-US\"},{\"@type\":\"Organization\",\"@id\":\"https:\\\/\\\/laindependent.cat\\\/en\\\/#organization\",\"name\":\"La Independent\",\"alternateName\":\"Ag\u00e8ncia de not\u00edcies amb visi\u00f3 de g\u00e8nere\",\"url\":\"https:\\\/\\\/laindependent.cat\\\/en\\\/\",\"logo\":{\"@type\":\"ImageObject\",\"inLanguage\":\"en-US\",\"@id\":\"https:\\\/\\\/laindependent.cat\\\/en\\\/#\\\/schema\\\/logo\\\/image\\\/\",\"url\":\"https:\\\/\\\/laindependent.cat\\\/wp-content\\\/uploads\\\/2022\\\/10\\\/logo-independent.svg\",\"contentUrl\":\"https:\\\/\\\/laindependent.cat\\\/wp-content\\\/uploads\\\/2022\\\/10\\\/logo-independent.svg\",\"width\":562,\"height\":78,\"caption\":\"La Independent\"},\"image\":{\"@id\":\"https:\\\/\\\/laindependent.cat\\\/en\\\/#\\\/schema\\\/logo\\\/image\\\/\"}},{\"@type\":\"Person\",\"@id\":\"https:\\\/\\\/laindependent.cat\\\/en\\\/#\\\/schema\\\/person\\\/c65fe76464d3ea842196598c91a2991f\",\"name\":\"La Independent\",\"image\":{\"@type\":\"ImageObject\",\"inLanguage\":\"en-US\",\"@id\":\"https:\\\/\\\/secure.gravatar.com\\\/avatar\\\/fb501cd2144195eb6f739879589f8fa1216b8d5045d48bf7e3f24013b91e04f8?s=96&d=blank&r=g\",\"url\":\"https:\\\/\\\/secure.gravatar.com\\\/avatar\\\/fb501cd2144195eb6f739879589f8fa1216b8d5045d48bf7e3f24013b91e04f8?s=96&d=blank&r=g\",\"contentUrl\":\"https:\\\/\\\/secure.gravatar.com\\\/avatar\\\/fb501cd2144195eb6f739879589f8fa1216b8d5045d48bf7e3f24013b91e04f8?s=96&d=blank&r=g\",\"caption\":\"La Independent\"},\"url\":\"https:\\\/\\\/laindependent.cat\\\/en\\\/author\\\/redaccio\\\/\"}]}<\/script>\n<!-- \/ Yoast SEO plugin. -->","yoast_head_json":{"title":"Exposici\u00f3 sobre dones escriptores a l'Espai Francesca Bonnemaison | La Independent","description":"Una exposici\u00f3 visualitza, a trav\u00e9s de l'art, el treball de les dones escriptores dels darrers 140 anysEl Rebedor de l'Espai Francesca Bonnemaison \u200b\u200bacull","robots":{"index":"index","follow":"follow","max-snippet":"max-snippet:-1","max-image-preview":"max-image-preview:large","max-video-preview":"max-video-preview:-1"},"canonical":"https:\/\/laindependent.cat\/en\/exposicio-sobre-dones-escriptores-a-lespai-francesca-bonnemaison\/","og_locale":"en_US","og_type":"article","og_title":"Exposici\u00f3 sobre dones escriptores a l'Espai Francesca Bonnemaison | La Independent","og_description":"Una exposici\u00f3 visualitza, a trav\u00e9s de l'art, el treball de les dones escriptores dels darrers 140 anysEl Rebedor de l'Espai Francesca Bonnemaison \u200b\u200bacull","og_url":"https:\/\/laindependent.cat\/en\/exposicio-sobre-dones-escriptores-a-lespai-francesca-bonnemaison\/","og_site_name":"La Independent","article_published_time":"2025-01-30T20:58:52+00:00","article_modified_time":"2025-01-30T20:58:53+00:00","og_image":[{"width":1182,"height":754,"url":"https:\/\/laindependent.cat\/wp-content\/uploads\/2025\/01\/expo-fb.jpg","type":"image\/jpeg"}],"author":"La Independent","twitter_card":"summary_large_image","twitter_misc":{"Written by":"La Independent","Est. reading time":"1 minute"},"schema":{"@context":"https:\/\/schema.org","@graph":[{"@type":"Article","@id":"https:\/\/laindependent.cat\/en\/exposicio-sobre-dones-escriptores-a-lespai-francesca-bonnemaison\/#article","isPartOf":{"@id":"https:\/\/laindependent.cat\/en\/exposicio-sobre-dones-escriptores-a-lespai-francesca-bonnemaison\/"},"author":{"name":"La Independent","@id":"https:\/\/laindependent.cat\/en\/#\/schema\/person\/c65fe76464d3ea842196598c91a2991f"},"headline":"Exposici\u00f3 sobre dones escriptores a l&#8217;Espai Francesca Bonnemaison","datePublished":"2025-01-30T20:58:52+00:00","dateModified":"2025-01-30T20:58:53+00:00","mainEntityOfPage":{"@id":"https:\/\/laindependent.cat\/en\/exposicio-sobre-dones-escriptores-a-lespai-francesca-bonnemaison\/"},"wordCount":193,"commentCount":0,"publisher":{"@id":"https:\/\/laindependent.cat\/en\/#organization"},"image":{"@id":"https:\/\/laindependent.cat\/en\/exposicio-sobre-dones-escriptores-a-lespai-francesca-bonnemaison\/#primaryimage"},"thumbnailUrl":"https:\/\/laindependent.cat\/wp-content\/uploads\/2025\/01\/expo-fb.jpg","keywords":["Dolors Monserd\u00e0","dones escriptores","Escola de la Dona","Espai Francesca Bonnemaison","exposici\u00f3","Fel\u00edcia Fuster","Irene Sol\u00e0","Isabel-Clara Sim\u00f3","V\u00edctor Catal\u00e0"],"articleSection":["Not\u00edcies breus"],"inLanguage":"en-US","potentialAction":[{"@type":"CommentAction","name":"Comment","target":["https:\/\/laindependent.cat\/en\/exposicio-sobre-dones-escriptores-a-lespai-francesca-bonnemaison\/#respond"]}]},{"@type":"WebPage","@id":"https:\/\/laindependent.cat\/en\/exposicio-sobre-dones-escriptores-a-lespai-francesca-bonnemaison\/","url":"https:\/\/laindependent.cat\/en\/exposicio-sobre-dones-escriptores-a-lespai-francesca-bonnemaison\/","name":"Exposici\u00f3 sobre dones escriptores a l'Espai Francesca Bonnemaison | La Independent","isPartOf":{"@id":"https:\/\/laindependent.cat\/en\/#website"},"primaryImageOfPage":{"@id":"https:\/\/laindependent.cat\/en\/exposicio-sobre-dones-escriptores-a-lespai-francesca-bonnemaison\/#primaryimage"},"image":{"@id":"https:\/\/laindependent.cat\/en\/exposicio-sobre-dones-escriptores-a-lespai-francesca-bonnemaison\/#primaryimage"},"thumbnailUrl":"https:\/\/laindependent.cat\/wp-content\/uploads\/2025\/01\/expo-fb.jpg","datePublished":"2025-01-30T20:58:52+00:00","dateModified":"2025-01-30T20:58:53+00:00","description":"Una exposici\u00f3 visualitza, a trav\u00e9s de l'art, el treball de les dones escriptores dels darrers 140 anysEl Rebedor de l'Espai Francesca Bonnemaison \u200b\u200bacull","breadcrumb":{"@id":"https:\/\/laindependent.cat\/en\/exposicio-sobre-dones-escriptores-a-lespai-francesca-bonnemaison\/#breadcrumb"},"inLanguage":"en-US","potentialAction":[{"@type":"ReadAction","target":["https:\/\/laindependent.cat\/en\/exposicio-sobre-dones-escriptores-a-lespai-francesca-bonnemaison\/"]}]},{"@type":"ImageObject","inLanguage":"en-US","@id":"https:\/\/laindependent.cat\/en\/exposicio-sobre-dones-escriptores-a-lespai-francesca-bonnemaison\/#primaryimage","url":"https:\/\/laindependent.cat\/wp-content\/uploads\/2025\/01\/expo-fb.jpg","contentUrl":"https:\/\/laindependent.cat\/wp-content\/uploads\/2025\/01\/expo-fb.jpg","width":1182,"height":754},{"@type":"BreadcrumbList","@id":"https:\/\/laindependent.cat\/en\/exposicio-sobre-dones-escriptores-a-lespai-francesca-bonnemaison\/#breadcrumb","itemListElement":[{"@type":"ListItem","position":1,"name":"Inici","item":"https:\/\/laindependent.cat\/en\/"},{"@type":"ListItem","position":2,"name":"Not\u00edcies breus","item":"https:\/\/laindependent.cat\/tema\/noticies-breus\/"},{"@type":"ListItem","position":3,"name":"Exposici\u00f3 sobre dones escriptores a l&#8217;Espai Francesca Bonnemaison"}]},{"@type":"WebSite","@id":"https:\/\/laindependent.cat\/en\/#website","url":"https:\/\/laindependent.cat\/en\/","name":"La Independent","description":"Ag\u00e8ncia de not\u00edcies amb visi\u00f3 de g\u00e8nere","publisher":{"@id":"https:\/\/laindependent.cat\/en\/#organization"},"alternateName":"Ag\u00e8ncia de not\u00edcies amb visi\u00f3 de g\u00e8nere","potentialAction":[{"@type":"SearchAction","target":{"@type":"EntryPoint","urlTemplate":"https:\/\/laindependent.cat\/en\/?s={search_term_string}"},"query-input":{"@type":"PropertyValueSpecification","valueRequired":true,"valueName":"search_term_string"}}],"inLanguage":"en-US"},{"@type":"Organization","@id":"https:\/\/laindependent.cat\/en\/#organization","name":"La Independent","alternateName":"Ag\u00e8ncia de not\u00edcies amb visi\u00f3 de g\u00e8nere","url":"https:\/\/laindependent.cat\/en\/","logo":{"@type":"ImageObject","inLanguage":"en-US","@id":"https:\/\/laindependent.cat\/en\/#\/schema\/logo\/image\/","url":"https:\/\/laindependent.cat\/wp-content\/uploads\/2022\/10\/logo-independent.svg","contentUrl":"https:\/\/laindependent.cat\/wp-content\/uploads\/2022\/10\/logo-independent.svg","width":562,"height":78,"caption":"La Independent"},"image":{"@id":"https:\/\/laindependent.cat\/en\/#\/schema\/logo\/image\/"}},{"@type":"Person","@id":"https:\/\/laindependent.cat\/en\/#\/schema\/person\/c65fe76464d3ea842196598c91a2991f","name":"La Independent","image":{"@type":"ImageObject","inLanguage":"en-US","@id":"https:\/\/secure.gravatar.com\/avatar\/fb501cd2144195eb6f739879589f8fa1216b8d5045d48bf7e3f24013b91e04f8?s=96&d=blank&r=g","url":"https:\/\/secure.gravatar.com\/avatar\/fb501cd2144195eb6f739879589f8fa1216b8d5045d48bf7e3f24013b91e04f8?s=96&d=blank&r=g","contentUrl":"https:\/\/secure.gravatar.com\/avatar\/fb501cd2144195eb6f739879589f8fa1216b8d5045d48bf7e3f24013b91e04f8?s=96&d=blank&r=g","caption":"La Independent"},"url":"https:\/\/laindependent.cat\/en\/author\/redaccio\/"}]}},"_links":{"self":[{"href":"https:\/\/laindependent.cat\/en\/wp-json\/wp\/v2\/posts\/85229","targetHints":{"allow":["GET"]}}],"collection":[{"href":"https:\/\/laindependent.cat\/en\/wp-json\/wp\/v2\/posts"}],"about":[{"href":"https:\/\/laindependent.cat\/en\/wp-json\/wp\/v2\/types\/post"}],"author":[{"embeddable":true,"href":"https:\/\/laindependent.cat\/en\/wp-json\/wp\/v2\/users\/50"}],"replies":[{"embeddable":true,"href":"https:\/\/laindependent.cat\/en\/wp-json\/wp\/v2\/comments?post=85229"}],"version-history":[{"count":0,"href":"https:\/\/laindependent.cat\/en\/wp-json\/wp\/v2\/posts\/85229\/revisions"}],"wp:featuredmedia":[{"embeddable":true,"href":"https:\/\/laindependent.cat\/en\/wp-json\/wp\/v2\/media\/85230"}],"wp:attachment":[{"href":"https:\/\/laindependent.cat\/en\/wp-json\/wp\/v2\/media?parent=85229"}],"wp:term":[{"taxonomy":"category","embeddable":true,"href":"https:\/\/laindependent.cat\/en\/wp-json\/wp\/v2\/categories?post=85229"},{"taxonomy":"post_tag","embeddable":true,"href":"https:\/\/laindependent.cat\/en\/wp-json\/wp\/v2\/tags?post=85229"}],"curies":[{"name":"wp","href":"https:\/\/api.w.org\/{rel}","templated":true}]}}