{"id":69013,"date":"2021-05-06T12:21:57","date_gmt":"2021-05-06T10:21:57","guid":{"rendered":"https:\/\/laindependent.cat\/mor-la-periodista-juana-maria-ibarra-una-de-les-fundadores-del-sindicat-de-periodistes-de-catalunya\/"},"modified":"2021-05-06T12:21:57","modified_gmt":"2021-05-06T10:21:57","slug":"mor-la-periodista-juana-maria-ibarra-una-de-les-fundadores-del-sindicat-de-periodistes-de-catalunya","status":"publish","type":"post","link":"https:\/\/laindependent.cat\/en\/mor-la-periodista-juana-maria-ibarra-una-de-les-fundadores-del-sindicat-de-periodistes-de-catalunya\/","title":{"rendered":"Mor la periodista Juana Maria Ibarra, una de les fundadores del Sindicat de Periodistes de Catalunya"},"content":{"rendered":"<p style=\"line-height: 1.38; margin-top: 0pt; margin-bottom: 0pt; text-align: left;\" dir=\"ltr\">\u00a0\u00a0<\/p>\n<p style=\"line-height: 1.38; margin-top: 0pt; margin-bottom: 0pt; text-align: left;\" dir=\"ltr\">\u00a0<\/p>\n<p style=\"line-height: 1.38; margin-top: 0pt; margin-bottom: 0pt; text-align: left;\" dir=\"ltr\">\n<p style=\"line-height: 1.38; margin-top: 0pt; margin-bottom: 0pt; text-align: center;\" dir=\"ltr\"><span style=\"font-family: 'trebuchet ms', geneva; font-size: 8pt;\"><strong>\u00a0<span style=\"background-color: transparent; vertical-align: baseline; white-space: pre-wrap;\">Juana Maria Ibarra Verd\u00fan<\/span><\/strong><\/span><\/p>\n<p style=\"line-height: 1.38; margin-top: 0pt; margin-bottom: 0pt; text-align: left;\" dir=\"ltr\">\u00a0<\/p>\n<p style=\"line-height: 1.38; margin-top: 0pt; margin-bottom: 0pt; text-align: left;\" dir=\"ltr\"><strong><span style=\"font-size: 10pt; font-family: 'trebuchet ms', geneva; background-color: transparent; vertical-align: baseline; white-space: pre-wrap;\">Aquesta darrera matinada ens ha deixat la nostra estimada companya Juana Maria Ibarra Verd\u00fan, co-fundadora del <a href=\"https:\/\/sindicatperiodistes.cat\/\">Sindicat de Periodistes de Catalunya (SPC) <\/a>al 1993, i impulsora de la <a href=\"https:\/\/fesperiodistas.org\/\">Federaci\u00f3 de Sindicats de Periodistes (FeSP)<\/a> al 2001.<\/span><\/strong><\/p>\n<p><!--more--><\/p>\n<p style=\"line-height: 1.38; margin-top: 0pt; margin-bottom: 0pt; text-align: left;\" dir=\"ltr\">\u00a0<\/p>\n<p style=\"line-height: 1.38; margin-top: 0pt; margin-bottom: 0pt; text-align: left;\" dir=\"ltr\"><span style=\"font-size: 10pt; font-family: 'trebuchet ms', geneva; background-color: transparent; vertical-align: baseline; white-space: pre-wrap;\"><span>Lluitadora infatigable, companya entranyable, dona d\u2019acci\u00f3, ja des de que a l\u2019any 76 va venir a Barcelona fugint de la dictadura argentina amb els seus dos fills petits i el seu company <\/span><strong>Dardo G\u00f3mez<\/strong><span>, va liderar la lluita pels drets dels i les periodistes a la pe\u00e7a, col\u00b7lectiu del qual ella va formar part durant la major part de la seva vida professional, com a col\u00b7laboradora per a diversos mitjans i esdeveniments relacionats amb la salut, bellesa i benestar.<\/span><\/span><\/p>\n<p style=\"line-height: 1.38; margin-top: 0pt; margin-bottom: 0pt; text-align: left;\" dir=\"ltr\">\u00a0<\/p>\n<p style=\"line-height: 1.38; margin-top: 0pt; margin-bottom: 0pt; text-align: left;\" dir=\"ltr\"><span style=\"font-size: 10pt; font-family: 'trebuchet ms', geneva; background-color: transparent; vertical-align: baseline; white-space: pre-wrap;\">Al SPC va encap\u00e7lar durant molts anys tamb\u00e9 de la Secretaria de Serveis, per\u00f2 sobretot va ser una de les primeres dones del Sindicat a reclamar i ocupar un paper protagonista per a les dones en el m\u00f3n sindical i en els mitjans de comunicaci\u00f3, sent una de les impulsores i col.laboradora imprescindible de la Secretaria de la Dona (despr\u00e9s Secretaria d\u2019Igualtat). <\/span><\/p>\n<p style=\"line-height: 1.38; margin-top: 0pt; margin-bottom: 0pt; text-align: left;\" dir=\"ltr\">\u00a0<\/p>\n<p style=\"line-height: 1.38; margin-top: 0pt; margin-bottom: 0pt; text-align: left;\" dir=\"ltr\">\u00a0<\/p>\n<p style=\"line-height: 1.38; margin-top: 0pt; margin-bottom: 0pt; text-align: left;\" dir=\"ltr\">\u00a0<\/p>\n<p style=\"line-height: 1.38; margin-top: 0pt; margin-bottom: 0pt; text-align: left;\" dir=\"ltr\">\u00a0<\/p>\n<p><img fetchpriority=\"high\" decoding=\"async\" class=\" size-full wp-image-37482\" style=\"display: block; margin-left: auto; margin-right: auto;\" src=\"https:\/\/laindependent.cat\/wp-content\/uploads\/2021\/05\/JuanaMIbarra.jpg\" alt=\"JuanaMIbarra\" width=\"303\" height=\"452\" \/><\/p>\n<p style=\"line-height: 1.38; margin-top: 0pt; margin-bottom: 0pt; text-align: left;\" dir=\"ltr\">\u00a0<\/p>\n<p style=\"line-height: 1.38; margin-top: 0pt; margin-bottom: 0pt; text-align: left;\" dir=\"ltr\">\u00a0<\/p>\n<p style=\"line-height: 1.38; margin-top: 0pt; margin-bottom: 0pt; text-align: left;\" dir=\"ltr\"><span style=\"font-size: 10pt; font-family: 'trebuchet ms', geneva; background-color: transparent; vertical-align: baseline; white-space: pre-wrap;\">En aquest sentit, tamb\u00e9 va ser una de les s\u00f2cies m\u00e9s actives a l\u2019Associaci\u00f3 de Dones Periodistes de Catalunya des dels seus inicis, i va impulsar la creaci\u00f3 de la Xarxa de Dones Periodistes i Comunicadores de Catalunya &#8211; Xarxa Internacional de Periodistes amb Visi\u00f3 de G\u00e8nere (XIDPIC.CAT-XIPVG), tenint un paper cabdal en la organitzaci\u00f3 de les primeres trobades de la Xarxa de Periodistes i Comunicadores de la Mediterr\u00e0nia. <\/span><\/p>\n<p style=\"line-height: 1.38; margin-top: 0pt; margin-bottom: 0pt; text-align: left;\" dir=\"ltr\">\u00a0<\/p>\n<p style=\"line-height: 1.38; margin-top: 0pt; margin-bottom: 0pt; text-align: left;\" dir=\"ltr\"><span style=\"font-size: 10pt; font-family: 'trebuchet ms', geneva; background-color: transparent; vertical-align: baseline; white-space: pre-wrap;\">Juana Maria, les teves companyes et trobarem molt a faltar, DEP.<\/span><\/p>\n<div style=\"text-align: left;\"><span style=\"font-size: 10pt; font-family: 'trebuchet ms', geneva; background-color: transparent; vertical-align: baseline; white-space: pre-wrap;\">\u00a0<\/span><\/div>\n","protected":false},"excerpt":{"rendered":"<p>\u00a0\u00a0 \u00a0 \u00a0Juana Maria Ibarra Verd\u00fan \u00a0 Aquesta darrera matinada ens ha deixat la nostra estimada companya Juana Maria Ibarra Verd\u00fan, co-fundadora del Sindicat de Periodistes de Catalunya (SPC) al 1993, i impulsora de la Federaci\u00f3 de Sindicats de Periodistes [&hellip;]<\/p>\n","protected":false},"author":98,"featured_media":37481,"comment_status":"open","ping_status":"","sticky":false,"template":"","format":"standard","meta":{"footnotes":""},"categories":[26521],"tags":[],"class_list":["post-69013","post","type-post","status-publish","format-standard","has-post-thumbnail","hentry","category-personatges"],"yoast_head":"<!-- This site is optimized with the Yoast SEO plugin v27.4 - https:\/\/yoast.com\/product\/yoast-seo-wordpress\/ -->\n<title>Mor la periodista Juana Maria Ibarra, una de les fundadores del Sindicat de Periodistes de Catalunya | La Independent<\/title>\n<meta name=\"description\" content=\"Aquesta darrera matinada ens ha deixat la nostra estimada companya Juana Maria Ibarra Verd\u00fan, co-fundadora del Sindicat de Periodistes de Catalunya (SPC) al 1993, i impulsora de la Federaci\u00f3 de Sindicats de Periodistes (FeSP) al 2001.\" \/>\n<meta name=\"robots\" content=\"index, follow, max-snippet:-1, max-image-preview:large, max-video-preview:-1\" \/>\n<link rel=\"canonical\" href=\"https:\/\/laindependent.cat\/en\/mor-la-periodista-juana-maria-ibarra-una-de-les-fundadores-del-sindicat-de-periodistes-de-catalunya\/\" \/>\n<meta property=\"og:locale\" content=\"en_US\" \/>\n<meta property=\"og:type\" content=\"article\" \/>\n<meta property=\"og:title\" content=\"Mor la periodista Juana Maria Ibarra, una de les fundadores del Sindicat de Periodistes de Catalunya | La Independent\" \/>\n<meta property=\"og:description\" content=\"Aquesta darrera matinada ens ha deixat la nostra estimada companya Juana Maria Ibarra Verd\u00fan, co-fundadora del Sindicat de Periodistes de Catalunya (SPC) al 1993, i impulsora de la Federaci\u00f3 de Sindicats de Periodistes (FeSP) al 2001.\" \/>\n<meta property=\"og:url\" content=\"https:\/\/laindependent.cat\/en\/mor-la-periodista-juana-maria-ibarra-una-de-les-fundadores-del-sindicat-de-periodistes-de-catalunya\/\" \/>\n<meta property=\"og:site_name\" content=\"La Independent\" \/>\n<meta property=\"article:published_time\" content=\"2021-05-06T10:21:57+00:00\" \/>\n<meta property=\"og:image\" content=\"https:\/\/laindependent.cat\/wp-content\/uploads\/2021\/05\/JuanaMIbarra_1.jpg\" \/>\n\t<meta property=\"og:image:width\" content=\"558\" \/>\n\t<meta property=\"og:image:height\" content=\"675\" \/>\n\t<meta property=\"og:image:type\" content=\"image\/jpeg\" \/>\n<meta name=\"author\" content=\"Elena Tarifa\" \/>\n<meta name=\"twitter:card\" content=\"summary_large_image\" \/>\n<meta name=\"twitter:label1\" content=\"Written by\" \/>\n\t<meta name=\"twitter:data1\" content=\"Elena Tarifa\" \/>\n\t<meta name=\"twitter:label2\" content=\"Est. reading time\" \/>\n\t<meta name=\"twitter:data2\" content=\"1 minute\" \/>\n<script type=\"application\/ld+json\" class=\"yoast-schema-graph\">{\"@context\":\"https:\\\/\\\/schema.org\",\"@graph\":[{\"@type\":\"Article\",\"@id\":\"https:\\\/\\\/laindependent.cat\\\/en\\\/mor-la-periodista-juana-maria-ibarra-una-de-les-fundadores-del-sindicat-de-periodistes-de-catalunya\\\/#article\",\"isPartOf\":{\"@id\":\"https:\\\/\\\/laindependent.cat\\\/en\\\/mor-la-periodista-juana-maria-ibarra-una-de-les-fundadores-del-sindicat-de-periodistes-de-catalunya\\\/\"},\"author\":{\"name\":\"Elena Tarifa\",\"@id\":\"https:\\\/\\\/laindependent.cat\\\/en\\\/#\\\/schema\\\/person\\\/232b8e3a8222b5f90212a8851dba4a12\"},\"headline\":\"Mor la periodista Juana Maria Ibarra, una de les fundadores del Sindicat de Periodistes de Catalunya\",\"datePublished\":\"2021-05-06T10:21:57+00:00\",\"mainEntityOfPage\":{\"@id\":\"https:\\\/\\\/laindependent.cat\\\/en\\\/mor-la-periodista-juana-maria-ibarra-una-de-les-fundadores-del-sindicat-de-periodistes-de-catalunya\\\/\"},\"wordCount\":293,\"commentCount\":0,\"publisher\":{\"@id\":\"https:\\\/\\\/laindependent.cat\\\/en\\\/#organization\"},\"image\":{\"@id\":\"https:\\\/\\\/laindependent.cat\\\/en\\\/mor-la-periodista-juana-maria-ibarra-una-de-les-fundadores-del-sindicat-de-periodistes-de-catalunya\\\/#primaryimage\"},\"thumbnailUrl\":\"https:\\\/\\\/laindependent.cat\\\/wp-content\\\/uploads\\\/2021\\\/05\\\/JuanaMIbarra_1.jpg\",\"articleSection\":[\"Personatges\"],\"inLanguage\":\"en-US\",\"potentialAction\":[{\"@type\":\"CommentAction\",\"name\":\"Comment\",\"target\":[\"https:\\\/\\\/laindependent.cat\\\/en\\\/mor-la-periodista-juana-maria-ibarra-una-de-les-fundadores-del-sindicat-de-periodistes-de-catalunya\\\/#respond\"]}]},{\"@type\":\"WebPage\",\"@id\":\"https:\\\/\\\/laindependent.cat\\\/en\\\/mor-la-periodista-juana-maria-ibarra-una-de-les-fundadores-del-sindicat-de-periodistes-de-catalunya\\\/\",\"url\":\"https:\\\/\\\/laindependent.cat\\\/en\\\/mor-la-periodista-juana-maria-ibarra-una-de-les-fundadores-del-sindicat-de-periodistes-de-catalunya\\\/\",\"name\":\"Mor la periodista Juana Maria Ibarra, una de les fundadores del Sindicat de Periodistes de Catalunya | La Independent\",\"isPartOf\":{\"@id\":\"https:\\\/\\\/laindependent.cat\\\/en\\\/#website\"},\"primaryImageOfPage\":{\"@id\":\"https:\\\/\\\/laindependent.cat\\\/en\\\/mor-la-periodista-juana-maria-ibarra-una-de-les-fundadores-del-sindicat-de-periodistes-de-catalunya\\\/#primaryimage\"},\"image\":{\"@id\":\"https:\\\/\\\/laindependent.cat\\\/en\\\/mor-la-periodista-juana-maria-ibarra-una-de-les-fundadores-del-sindicat-de-periodistes-de-catalunya\\\/#primaryimage\"},\"thumbnailUrl\":\"https:\\\/\\\/laindependent.cat\\\/wp-content\\\/uploads\\\/2021\\\/05\\\/JuanaMIbarra_1.jpg\",\"datePublished\":\"2021-05-06T10:21:57+00:00\",\"description\":\"Aquesta darrera matinada ens ha deixat la nostra estimada companya Juana Maria Ibarra Verd\u00fan, co-fundadora del Sindicat de Periodistes de Catalunya (SPC) al 1993, i impulsora de la Federaci\u00f3 de Sindicats de Periodistes (FeSP) al 2001.\",\"breadcrumb\":{\"@id\":\"https:\\\/\\\/laindependent.cat\\\/en\\\/mor-la-periodista-juana-maria-ibarra-una-de-les-fundadores-del-sindicat-de-periodistes-de-catalunya\\\/#breadcrumb\"},\"inLanguage\":\"en-US\",\"potentialAction\":[{\"@type\":\"ReadAction\",\"target\":[\"https:\\\/\\\/laindependent.cat\\\/en\\\/mor-la-periodista-juana-maria-ibarra-una-de-les-fundadores-del-sindicat-de-periodistes-de-catalunya\\\/\"]}]},{\"@type\":\"ImageObject\",\"inLanguage\":\"en-US\",\"@id\":\"https:\\\/\\\/laindependent.cat\\\/en\\\/mor-la-periodista-juana-maria-ibarra-una-de-les-fundadores-del-sindicat-de-periodistes-de-catalunya\\\/#primaryimage\",\"url\":\"https:\\\/\\\/laindependent.cat\\\/wp-content\\\/uploads\\\/2021\\\/05\\\/JuanaMIbarra_1.jpg\",\"contentUrl\":\"https:\\\/\\\/laindependent.cat\\\/wp-content\\\/uploads\\\/2021\\\/05\\\/JuanaMIbarra_1.jpg\",\"width\":558,\"height\":675},{\"@type\":\"BreadcrumbList\",\"@id\":\"https:\\\/\\\/laindependent.cat\\\/en\\\/mor-la-periodista-juana-maria-ibarra-una-de-les-fundadores-del-sindicat-de-periodistes-de-catalunya\\\/#breadcrumb\",\"itemListElement\":[{\"@type\":\"ListItem\",\"position\":1,\"name\":\"Inici\",\"item\":\"https:\\\/\\\/laindependent.cat\\\/en\\\/\"},{\"@type\":\"ListItem\",\"position\":2,\"name\":\"Memory\",\"item\":\"https:\\\/\\\/laindependent.cat\\\/en\\\/tema\\\/memory\\\/\"},{\"@type\":\"ListItem\",\"position\":3,\"name\":\"Personalities\",\"item\":\"https:\\\/\\\/laindependent.cat\\\/en\\\/tema\\\/memory\\\/personalities\\\/\"},{\"@type\":\"ListItem\",\"position\":4,\"name\":\"Mor la periodista Juana Maria Ibarra, una de les fundadores del Sindicat de Periodistes de Catalunya\"}]},{\"@type\":\"WebSite\",\"@id\":\"https:\\\/\\\/laindependent.cat\\\/en\\\/#website\",\"url\":\"https:\\\/\\\/laindependent.cat\\\/en\\\/\",\"name\":\"La Independent\",\"description\":\"Ag\u00e8ncia de not\u00edcies amb visi\u00f3 de g\u00e8nere\",\"publisher\":{\"@id\":\"https:\\\/\\\/laindependent.cat\\\/en\\\/#organization\"},\"alternateName\":\"Ag\u00e8ncia de not\u00edcies amb visi\u00f3 de g\u00e8nere\",\"potentialAction\":[{\"@type\":\"SearchAction\",\"target\":{\"@type\":\"EntryPoint\",\"urlTemplate\":\"https:\\\/\\\/laindependent.cat\\\/en\\\/?s={search_term_string}\"},\"query-input\":{\"@type\":\"PropertyValueSpecification\",\"valueRequired\":true,\"valueName\":\"search_term_string\"}}],\"inLanguage\":\"en-US\"},{\"@type\":\"Organization\",\"@id\":\"https:\\\/\\\/laindependent.cat\\\/en\\\/#organization\",\"name\":\"La Independent\",\"alternateName\":\"Ag\u00e8ncia de not\u00edcies amb visi\u00f3 de g\u00e8nere\",\"url\":\"https:\\\/\\\/laindependent.cat\\\/en\\\/\",\"logo\":{\"@type\":\"ImageObject\",\"inLanguage\":\"en-US\",\"@id\":\"https:\\\/\\\/laindependent.cat\\\/en\\\/#\\\/schema\\\/logo\\\/image\\\/\",\"url\":\"https:\\\/\\\/laindependent.cat\\\/wp-content\\\/uploads\\\/2022\\\/10\\\/logo-independent.svg\",\"contentUrl\":\"https:\\\/\\\/laindependent.cat\\\/wp-content\\\/uploads\\\/2022\\\/10\\\/logo-independent.svg\",\"width\":562,\"height\":78,\"caption\":\"La Independent\"},\"image\":{\"@id\":\"https:\\\/\\\/laindependent.cat\\\/en\\\/#\\\/schema\\\/logo\\\/image\\\/\"}},{\"@type\":\"Person\",\"@id\":\"https:\\\/\\\/laindependent.cat\\\/en\\\/#\\\/schema\\\/person\\\/232b8e3a8222b5f90212a8851dba4a12\",\"name\":\"Elena Tarifa\",\"image\":{\"@type\":\"ImageObject\",\"inLanguage\":\"en-US\",\"@id\":\"https:\\\/\\\/secure.gravatar.com\\\/avatar\\\/f17338d2b1d8126fb6a7b32c69b57dc770484f814d6a7b30813d78204115204f?s=96&d=blank&r=g\",\"url\":\"https:\\\/\\\/secure.gravatar.com\\\/avatar\\\/f17338d2b1d8126fb6a7b32c69b57dc770484f814d6a7b30813d78204115204f?s=96&d=blank&r=g\",\"contentUrl\":\"https:\\\/\\\/secure.gravatar.com\\\/avatar\\\/f17338d2b1d8126fb6a7b32c69b57dc770484f814d6a7b30813d78204115204f?s=96&d=blank&r=g\",\"caption\":\"Elena Tarifa\"},\"url\":\"https:\\\/\\\/laindependent.cat\\\/en\\\/author\\\/elena-tarifa\\\/\"}]}<\/script>\n<!-- \/ Yoast SEO plugin. -->","yoast_head_json":{"title":"Mor la periodista Juana Maria Ibarra, una de les fundadores del Sindicat de Periodistes de Catalunya | La Independent","description":"Aquesta darrera matinada ens ha deixat la nostra estimada companya Juana Maria Ibarra Verd\u00fan, co-fundadora del Sindicat de Periodistes de Catalunya (SPC) al 1993, i impulsora de la Federaci\u00f3 de Sindicats de Periodistes (FeSP) al 2001.","robots":{"index":"index","follow":"follow","max-snippet":"max-snippet:-1","max-image-preview":"max-image-preview:large","max-video-preview":"max-video-preview:-1"},"canonical":"https:\/\/laindependent.cat\/en\/mor-la-periodista-juana-maria-ibarra-una-de-les-fundadores-del-sindicat-de-periodistes-de-catalunya\/","og_locale":"en_US","og_type":"article","og_title":"Mor la periodista Juana Maria Ibarra, una de les fundadores del Sindicat de Periodistes de Catalunya | La Independent","og_description":"Aquesta darrera matinada ens ha deixat la nostra estimada companya Juana Maria Ibarra Verd\u00fan, co-fundadora del Sindicat de Periodistes de Catalunya (SPC) al 1993, i impulsora de la Federaci\u00f3 de Sindicats de Periodistes (FeSP) al 2001.","og_url":"https:\/\/laindependent.cat\/en\/mor-la-periodista-juana-maria-ibarra-una-de-les-fundadores-del-sindicat-de-periodistes-de-catalunya\/","og_site_name":"La Independent","article_published_time":"2021-05-06T10:21:57+00:00","og_image":[{"width":558,"height":675,"url":"https:\/\/laindependent.cat\/wp-content\/uploads\/2021\/05\/JuanaMIbarra_1.jpg","type":"image\/jpeg"}],"author":"Elena Tarifa","twitter_card":"summary_large_image","twitter_misc":{"Written by":"Elena Tarifa","Est. reading time":"1 minute"},"schema":{"@context":"https:\/\/schema.org","@graph":[{"@type":"Article","@id":"https:\/\/laindependent.cat\/en\/mor-la-periodista-juana-maria-ibarra-una-de-les-fundadores-del-sindicat-de-periodistes-de-catalunya\/#article","isPartOf":{"@id":"https:\/\/laindependent.cat\/en\/mor-la-periodista-juana-maria-ibarra-una-de-les-fundadores-del-sindicat-de-periodistes-de-catalunya\/"},"author":{"name":"Elena Tarifa","@id":"https:\/\/laindependent.cat\/en\/#\/schema\/person\/232b8e3a8222b5f90212a8851dba4a12"},"headline":"Mor la periodista Juana Maria Ibarra, una de les fundadores del Sindicat de Periodistes de Catalunya","datePublished":"2021-05-06T10:21:57+00:00","mainEntityOfPage":{"@id":"https:\/\/laindependent.cat\/en\/mor-la-periodista-juana-maria-ibarra-una-de-les-fundadores-del-sindicat-de-periodistes-de-catalunya\/"},"wordCount":293,"commentCount":0,"publisher":{"@id":"https:\/\/laindependent.cat\/en\/#organization"},"image":{"@id":"https:\/\/laindependent.cat\/en\/mor-la-periodista-juana-maria-ibarra-una-de-les-fundadores-del-sindicat-de-periodistes-de-catalunya\/#primaryimage"},"thumbnailUrl":"https:\/\/laindependent.cat\/wp-content\/uploads\/2021\/05\/JuanaMIbarra_1.jpg","articleSection":["Personatges"],"inLanguage":"en-US","potentialAction":[{"@type":"CommentAction","name":"Comment","target":["https:\/\/laindependent.cat\/en\/mor-la-periodista-juana-maria-ibarra-una-de-les-fundadores-del-sindicat-de-periodistes-de-catalunya\/#respond"]}]},{"@type":"WebPage","@id":"https:\/\/laindependent.cat\/en\/mor-la-periodista-juana-maria-ibarra-una-de-les-fundadores-del-sindicat-de-periodistes-de-catalunya\/","url":"https:\/\/laindependent.cat\/en\/mor-la-periodista-juana-maria-ibarra-una-de-les-fundadores-del-sindicat-de-periodistes-de-catalunya\/","name":"Mor la periodista Juana Maria Ibarra, una de les fundadores del Sindicat de Periodistes de Catalunya | La Independent","isPartOf":{"@id":"https:\/\/laindependent.cat\/en\/#website"},"primaryImageOfPage":{"@id":"https:\/\/laindependent.cat\/en\/mor-la-periodista-juana-maria-ibarra-una-de-les-fundadores-del-sindicat-de-periodistes-de-catalunya\/#primaryimage"},"image":{"@id":"https:\/\/laindependent.cat\/en\/mor-la-periodista-juana-maria-ibarra-una-de-les-fundadores-del-sindicat-de-periodistes-de-catalunya\/#primaryimage"},"thumbnailUrl":"https:\/\/laindependent.cat\/wp-content\/uploads\/2021\/05\/JuanaMIbarra_1.jpg","datePublished":"2021-05-06T10:21:57+00:00","description":"Aquesta darrera matinada ens ha deixat la nostra estimada companya Juana Maria Ibarra Verd\u00fan, co-fundadora del Sindicat de Periodistes de Catalunya (SPC) al 1993, i impulsora de la Federaci\u00f3 de Sindicats de Periodistes (FeSP) al 2001.","breadcrumb":{"@id":"https:\/\/laindependent.cat\/en\/mor-la-periodista-juana-maria-ibarra-una-de-les-fundadores-del-sindicat-de-periodistes-de-catalunya\/#breadcrumb"},"inLanguage":"en-US","potentialAction":[{"@type":"ReadAction","target":["https:\/\/laindependent.cat\/en\/mor-la-periodista-juana-maria-ibarra-una-de-les-fundadores-del-sindicat-de-periodistes-de-catalunya\/"]}]},{"@type":"ImageObject","inLanguage":"en-US","@id":"https:\/\/laindependent.cat\/en\/mor-la-periodista-juana-maria-ibarra-una-de-les-fundadores-del-sindicat-de-periodistes-de-catalunya\/#primaryimage","url":"https:\/\/laindependent.cat\/wp-content\/uploads\/2021\/05\/JuanaMIbarra_1.jpg","contentUrl":"https:\/\/laindependent.cat\/wp-content\/uploads\/2021\/05\/JuanaMIbarra_1.jpg","width":558,"height":675},{"@type":"BreadcrumbList","@id":"https:\/\/laindependent.cat\/en\/mor-la-periodista-juana-maria-ibarra-una-de-les-fundadores-del-sindicat-de-periodistes-de-catalunya\/#breadcrumb","itemListElement":[{"@type":"ListItem","position":1,"name":"Inici","item":"https:\/\/laindependent.cat\/en\/"},{"@type":"ListItem","position":2,"name":"Memory","item":"https:\/\/laindependent.cat\/en\/tema\/memory\/"},{"@type":"ListItem","position":3,"name":"Personalities","item":"https:\/\/laindependent.cat\/en\/tema\/memory\/personalities\/"},{"@type":"ListItem","position":4,"name":"Mor la periodista Juana Maria Ibarra, una de les fundadores del Sindicat de Periodistes de Catalunya"}]},{"@type":"WebSite","@id":"https:\/\/laindependent.cat\/en\/#website","url":"https:\/\/laindependent.cat\/en\/","name":"La Independent","description":"Ag\u00e8ncia de not\u00edcies amb visi\u00f3 de g\u00e8nere","publisher":{"@id":"https:\/\/laindependent.cat\/en\/#organization"},"alternateName":"Ag\u00e8ncia de not\u00edcies amb visi\u00f3 de g\u00e8nere","potentialAction":[{"@type":"SearchAction","target":{"@type":"EntryPoint","urlTemplate":"https:\/\/laindependent.cat\/en\/?s={search_term_string}"},"query-input":{"@type":"PropertyValueSpecification","valueRequired":true,"valueName":"search_term_string"}}],"inLanguage":"en-US"},{"@type":"Organization","@id":"https:\/\/laindependent.cat\/en\/#organization","name":"La Independent","alternateName":"Ag\u00e8ncia de not\u00edcies amb visi\u00f3 de g\u00e8nere","url":"https:\/\/laindependent.cat\/en\/","logo":{"@type":"ImageObject","inLanguage":"en-US","@id":"https:\/\/laindependent.cat\/en\/#\/schema\/logo\/image\/","url":"https:\/\/laindependent.cat\/wp-content\/uploads\/2022\/10\/logo-independent.svg","contentUrl":"https:\/\/laindependent.cat\/wp-content\/uploads\/2022\/10\/logo-independent.svg","width":562,"height":78,"caption":"La Independent"},"image":{"@id":"https:\/\/laindependent.cat\/en\/#\/schema\/logo\/image\/"}},{"@type":"Person","@id":"https:\/\/laindependent.cat\/en\/#\/schema\/person\/232b8e3a8222b5f90212a8851dba4a12","name":"Elena Tarifa","image":{"@type":"ImageObject","inLanguage":"en-US","@id":"https:\/\/secure.gravatar.com\/avatar\/f17338d2b1d8126fb6a7b32c69b57dc770484f814d6a7b30813d78204115204f?s=96&d=blank&r=g","url":"https:\/\/secure.gravatar.com\/avatar\/f17338d2b1d8126fb6a7b32c69b57dc770484f814d6a7b30813d78204115204f?s=96&d=blank&r=g","contentUrl":"https:\/\/secure.gravatar.com\/avatar\/f17338d2b1d8126fb6a7b32c69b57dc770484f814d6a7b30813d78204115204f?s=96&d=blank&r=g","caption":"Elena Tarifa"},"url":"https:\/\/laindependent.cat\/en\/author\/elena-tarifa\/"}]}},"_links":{"self":[{"href":"https:\/\/laindependent.cat\/en\/wp-json\/wp\/v2\/posts\/69013","targetHints":{"allow":["GET"]}}],"collection":[{"href":"https:\/\/laindependent.cat\/en\/wp-json\/wp\/v2\/posts"}],"about":[{"href":"https:\/\/laindependent.cat\/en\/wp-json\/wp\/v2\/types\/post"}],"author":[{"embeddable":true,"href":"https:\/\/laindependent.cat\/en\/wp-json\/wp\/v2\/users\/98"}],"replies":[{"embeddable":true,"href":"https:\/\/laindependent.cat\/en\/wp-json\/wp\/v2\/comments?post=69013"}],"version-history":[{"count":0,"href":"https:\/\/laindependent.cat\/en\/wp-json\/wp\/v2\/posts\/69013\/revisions"}],"wp:featuredmedia":[{"embeddable":true,"href":"https:\/\/laindependent.cat\/en\/wp-json\/wp\/v2\/media\/37481"}],"wp:attachment":[{"href":"https:\/\/laindependent.cat\/en\/wp-json\/wp\/v2\/media?parent=69013"}],"wp:term":[{"taxonomy":"category","embeddable":true,"href":"https:\/\/laindependent.cat\/en\/wp-json\/wp\/v2\/categories?post=69013"},{"taxonomy":"post_tag","embeddable":true,"href":"https:\/\/laindependent.cat\/en\/wp-json\/wp\/v2\/tags?post=69013"}],"curies":[{"name":"wp","href":"https:\/\/api.w.org\/{rel}","templated":true}]}}