{"id":69008,"date":"2021-05-05T22:18:46","date_gmt":"2021-05-05T20:18:46","guid":{"rendered":"https:\/\/laindependent.cat\/catalunya-normandia-la-rapera-afganesa-sonita-alizadeh-premi-liberte-2021-la-independent-noticies-genere\/"},"modified":"2023-04-14T15:27:02","modified_gmt":"2023-04-14T13:27:02","slug":"catalunya-normandia-la-rapera-afganesa-sonita-alizadeh-premi-liberte-2021-la-independent-noticies-genere","status":"publish","type":"post","link":"https:\/\/laindependent.cat\/en\/catalunya-normandia-la-rapera-afganesa-sonita-alizadeh-premi-liberte-2021-la-independent-noticies-genere\/","title":{"rendered":"La rapera afganesa Sonita Alizadeh Premi Libert\u00e9 2021"},"content":{"rendered":"<p>\u00a0<\/p>\n<p style=\"text-align: left;\"><span style=\"font-family: 'trebuchet ms', geneva; font-size: 10pt; text-align: left;\"><\/span><\/p>\n<p style=\"text-align: left;\">\u00a0<\/p>\n<p style=\"text-align: left;\"><strong><span style=\"font-family: 'trebuchet ms', geneva; font-size: 10pt;\">La jove rapera afganesa Sonita Alizadeh, refugiada a Estats Units on estudia lleis, ha rebut el Premi Libert\u00e9 pel seu comprom\u00eds en favor de les nenes del seu pa\u00eds, i especialment en contra del matrimoni for\u00e7\u00f3s.\u00a0<\/span><\/strong><span style=\"font-size: 10pt;\">\u00a0<\/span><\/p>\n<p><!--more--><\/p>\n<p style=\"text-align: left;\">\u00a0<\/p>\n<p style=\"text-align: left;\"><span style=\"font-size: 10pt; font-family: 'trebuchet ms', geneva;\"><span style=\"font-family: 'trebuchet ms', geneva; font-size: 10pt;\">Varen quedar finalistes Agnes Chow, militant prodemocracia a Hong Kong i Omar Radi, periodista d&#8217;investigaci\u00f3 marroqu\u00ed. S\u00f3n en pres\u00f3 en l&#8217;actualitat.<\/span><\/span><\/p>\n<p style=\"text-align: left;\"><span style=\"font-size: 10pt; font-family: 'trebuchet ms', geneva;\">El premi Libert\u00e9, que lliura l&#8217;Institut Internacional de Drets Humans i la Pau, en col\u00b7laboraci\u00f3 amb la regi\u00f3 francesa de Normandia, est\u00e0 destinat a joves d&#8217;entre quinze i vint anys, i vol ser un homenatge a qui en el m\u00f3n lluita per l&#8217;ideal de la llibertat, informa Periodistas en espa\u00f1ol.com.<\/span><\/p>\n<p style=\"text-align: left;\"><span style=\"font-size: 10pt; font-family: 'trebuchet ms', geneva;\">El comunicat del jurat que ha triat a <strong>Sonita Alizadeh<\/strong>, de vint anys, entre els tres finalistes, explica que \u00abva n\u00e9ixer a l&#8217;Afganist\u00e0n durant el r\u00e8gim dels talibans. Quan tenia nou anys i els seus pares es disposaven a casar-la, la fam\u00edlia va haver de fugir de pa\u00eds i refugiar-se a l&#8217;Iran, per la qual cosa el matrimoni no va poder celebrar-se.<\/span><\/p>\n<p style=\"text-align: left;\">\u00a0<\/p>\n<p style=\"text-align: left;\">\u00a0<\/p>\n<p style=\"text-align: left;\">\u00a0<\/p>\n<p style=\"text-align: left;\"><span style=\"font-size: 10pt; font-family: 'trebuchet ms', geneva;\"><img fetchpriority=\"high\" decoding=\"async\" class=\" size-full wp-image-37477\" style=\"display: block; margin-left: auto; margin-right: auto;\" src=\"https:\/\/laindependent.cat\/wp-content\/uploads\/2021\/05\/bREVE_AFGANA_FOTO_2.jpg\" alt=\"bREVE AFGANA FOTO 2\" width=\"430\" height=\"352\" srcset=\"https:\/\/laindependent.cat\/wp-content\/uploads\/2021\/05\/bREVE_AFGANA_FOTO_2.jpg 634w, https:\/\/laindependent.cat\/wp-content\/uploads\/2021\/05\/bREVE_AFGANA_FOTO_2-300x246.jpg 300w\" sizes=\"(max-width: 430px) 100vw, 430px\" \/><\/span><\/p>\n<p style=\"text-align: left;\">\u00a0<\/p>\n<p style=\"text-align: left;\"><span style=\"font-size: 10pt; font-family: 'trebuchet ms', geneva;\">\u00a0<\/span><\/p>\n<p style=\"text-align: left;\"><span style=\"font-size: 10pt; font-family: 'trebuchet ms', geneva;\">A Teheran, una ONG li va facilitar l&#8217;assist\u00e8ncia a l&#8217;escola i m\u00e9s tard li va donar treball com a netejadora. Quan, per casualitat, va escoltar una can\u00e7\u00f3 del raper nord-americ\u00e0 Eminem, va decidir escriure la seva hist\u00f2ria i denunciar els matrimonis for\u00e7osos. La seva primera can\u00e7\u00f3 \u00abN\u00favies en venda\u00bb es va convertir en un fenomen. Ara estudia per esdevenir advocada, amb l&#8217;objectiu de poder un dia defensar les nenes i les dones afganeses.<\/span><\/p>\n<p style=\"text-align: left;\"><span style=\"font-size: 10pt; font-family: 'trebuchet ms', geneva;\">Joves de 86 pa\u00efsos han participat en la votaci\u00f3 en l\u00ednia que ha triat a Sonita Alizadeh com a guanyadora de el Premi Llibertat 2021, dotat amb 25.000 euros.<\/span><\/p>\n<p style=\"text-align: left;\"><span style=\"font-size: 10pt; font-family: 'trebuchet ms', geneva;\">\u00a0<\/span><\/p>\n<p style=\"text-align: left;\">\u00a0<\/p>\n<p style=\"text-align: left;\"><span style=\"font-size: 10pt; font-family: 'trebuchet ms', geneva;\"><img decoding=\"async\" class=\"size-full wp-image-37478 lazyload\" style=\"--smush-placeholder-width: 540px; --smush-placeholder-aspect-ratio: 540\/230;display: block; margin-left: auto; margin-right: auto;\" data-src=\"https:\/\/laindependent.cat\/wp-content\/uploads\/2021\/05\/3a_FOTO_BREVE_AFGANA.jpg\" alt=\"3\u00aa FOTO BREVE AFGANA\" width=\"540\" height=\"230\" data-srcset=\"https:\/\/laindependent.cat\/wp-content\/uploads\/2021\/05\/3a_FOTO_BREVE_AFGANA.jpg 676w, https:\/\/laindependent.cat\/wp-content\/uploads\/2021\/05\/3a_FOTO_BREVE_AFGANA-300x128.jpg 300w\" data-sizes=\"(max-width: 540px) 100vw, 540px\" src=\"data:image\/svg+xml;base64,PHN2ZyB3aWR0aD0iMSIgaGVpZ2h0PSIxIiB4bWxucz0iaHR0cDovL3d3dy53My5vcmcvMjAwMC9zdmciPjwvc3ZnPg==\" \/><\/span><\/p>\n<p style=\"text-align: left;\">\u00a0<\/p>\n<p style=\"text-align: center;\"><span style=\"font-size: 10pt; font-family: 'trebuchet ms', geneva;\">Agnes Chow i Omar Radi<\/span><\/p>\n<p style=\"text-align: center;\">\u00a0<\/p>\n<p style=\"text-align: left;\"><span style=\"font-size: 10pt; font-family: 'trebuchet ms', geneva;\">La i el finalista s\u00f3n Agnes Chow, militant prodemocracia a Hong Kong, que va tenir un paper destacat en la \u00abrevoluci\u00f3 dels paraig\u00fces\u00bb de 2011 i fundadora del partit Demosisto, que actualment es troba detinguda complint una condemna de deu mesos de pres\u00f3 per concentraci\u00f3 il\u00b7legal, i Omar Radi, periodista d&#8217;investigaci\u00f3 marroqu\u00ed que ha denunciat alguns casos de corrupci\u00f3, tamb\u00e9 empresonat ara despr\u00e9s de complir el 2020 una primera condemna de quatre mesos per criticar una decisi\u00f3 governamental, acusat d&#8217; \u00abatemptar a la seguretat interior i exterior de l&#8217;Estat\u00bb , \u00abfinan\u00e7ament estranger\u00bb i atemptats \u00abcontra el pudor i la violaci\u00f3\u00bb.<\/span><\/p>\n<p style=\"text-align: left;\">\u00a0<\/p>\n<p style=\"text-align: left;\"><span style=\"font-family: 'trebuchet ms', geneva; font-size: 8pt;\">Foto: Arxiu AmecoPress. PEE.<\/span><\/p>\n<p style=\"text-align: left;\"><span style=\"font-size: 10pt; font-family: 'trebuchet ms', geneva;\">\u00a0<\/span><\/p>\n","protected":false},"excerpt":{"rendered":"<p>\u00a0 \u00a0 La jove rapera afganesa Sonita Alizadeh, refugiada a Estats Units on estudia lleis, ha rebut el Premi Libert\u00e9 pel seu comprom\u00eds en favor de les nenes del seu pa\u00eds, i especialment en contra del matrimoni for\u00e7\u00f3s.\u00a0\u00a0<\/p>\n","protected":false},"author":50,"featured_media":37476,"comment_status":"open","ping_status":"closed","sticky":false,"template":"","format":"standard","meta":{"footnotes":""},"categories":[26593],"tags":[],"class_list":["post-69008","post","type-post","status-publish","format-standard","has-post-thumbnail","hentry","category-drets-de-les-dones"],"yoast_head":"<!-- This site is optimized with the Yoast SEO plugin v27.4 - https:\/\/yoast.com\/product\/yoast-seo-wordpress\/ -->\n<title>La rapera afganesa Sonita Alizadeh Premi Libert\u00e9 2021 | La Independent<\/title>\n<meta name=\"description\" content=\"La jove rapera afganesa Sonita Alizadeh, refugiada a Estats Units on estudia lleis, ha rebut el Premi Libert\u00e9 pel seu comprom\u00eds en favor de les nenes del seu pa\u00eds, i especialment en contra de el matrimoni for\u00e7\u00f3s. Els altres dos finalistes van ser Agnes Chow, militant prodemocracia a Hong Kong i Omar Radi, periodista d&#039;investigaci\u00f3 marroquina, tots dos empresonats en l&#039;actualitat.\" \/>\n<meta name=\"robots\" content=\"index, follow, max-snippet:-1, max-image-preview:large, max-video-preview:-1\" \/>\n<link rel=\"canonical\" href=\"https:\/\/laindependent.cat\/en\/catalunya-normandia-la-rapera-afganesa-sonita-alizadeh-premi-liberte-2021-la-independent-noticies-genere\/\" \/>\n<meta property=\"og:locale\" content=\"en_US\" \/>\n<meta property=\"og:type\" content=\"article\" \/>\n<meta property=\"og:title\" content=\"La rapera afganesa Sonita Alizadeh Premi Libert\u00e9 2021 | La Independent\" \/>\n<meta property=\"og:description\" content=\"La jove rapera afganesa Sonita Alizadeh, refugiada a Estats Units on estudia lleis, ha rebut el Premi Libert\u00e9 pel seu comprom\u00eds en favor de les nenes del seu pa\u00eds, i especialment en contra de el matrimoni for\u00e7\u00f3s. Els altres dos finalistes van ser Agnes Chow, militant prodemocracia a Hong Kong i Omar Radi, periodista d&#039;investigaci\u00f3 marroquina, tots dos empresonats en l&#039;actualitat.\" \/>\n<meta property=\"og:url\" content=\"https:\/\/laindependent.cat\/en\/catalunya-normandia-la-rapera-afganesa-sonita-alizadeh-premi-liberte-2021-la-independent-noticies-genere\/\" \/>\n<meta property=\"og:site_name\" content=\"La Independent\" \/>\n<meta property=\"article:published_time\" content=\"2021-05-05T20:18:46+00:00\" \/>\n<meta property=\"article:modified_time\" content=\"2023-04-14T13:27:02+00:00\" \/>\n<meta property=\"og:image\" content=\"https:\/\/laindependent.cat\/wp-content\/uploads\/2021\/05\/1_a_FOTO_BREVE_AFGANA.jpg\" \/>\n\t<meta property=\"og:image:width\" content=\"356\" \/>\n\t<meta property=\"og:image:height\" content=\"262\" \/>\n\t<meta property=\"og:image:type\" content=\"image\/jpeg\" \/>\n<meta name=\"author\" content=\"La Independent\" \/>\n<meta name=\"twitter:card\" content=\"summary_large_image\" \/>\n<meta name=\"twitter:label1\" content=\"Written by\" \/>\n\t<meta name=\"twitter:data1\" content=\"La Independent\" \/>\n\t<meta name=\"twitter:label2\" content=\"Est. reading time\" \/>\n\t<meta name=\"twitter:data2\" content=\"2 minutes\" \/>\n<script type=\"application\/ld+json\" class=\"yoast-schema-graph\">{\"@context\":\"https:\\\/\\\/schema.org\",\"@graph\":[{\"@type\":\"Article\",\"@id\":\"https:\\\/\\\/laindependent.cat\\\/en\\\/catalunya-normandia-la-rapera-afganesa-sonita-alizadeh-premi-liberte-2021-la-independent-noticies-genere\\\/#article\",\"isPartOf\":{\"@id\":\"https:\\\/\\\/laindependent.cat\\\/en\\\/catalunya-normandia-la-rapera-afganesa-sonita-alizadeh-premi-liberte-2021-la-independent-noticies-genere\\\/\"},\"author\":{\"name\":\"La Independent\",\"@id\":\"https:\\\/\\\/laindependent.cat\\\/en\\\/#\\\/schema\\\/person\\\/c65fe76464d3ea842196598c91a2991f\"},\"headline\":\"La rapera afganesa Sonita Alizadeh Premi Libert\u00e9 2021\",\"datePublished\":\"2021-05-05T20:18:46+00:00\",\"dateModified\":\"2023-04-14T13:27:02+00:00\",\"mainEntityOfPage\":{\"@id\":\"https:\\\/\\\/laindependent.cat\\\/en\\\/catalunya-normandia-la-rapera-afganesa-sonita-alizadeh-premi-liberte-2021-la-independent-noticies-genere\\\/\"},\"wordCount\":418,\"commentCount\":0,\"publisher\":{\"@id\":\"https:\\\/\\\/laindependent.cat\\\/en\\\/#organization\"},\"image\":{\"@id\":\"https:\\\/\\\/laindependent.cat\\\/en\\\/catalunya-normandia-la-rapera-afganesa-sonita-alizadeh-premi-liberte-2021-la-independent-noticies-genere\\\/#primaryimage\"},\"thumbnailUrl\":\"https:\\\/\\\/laindependent.cat\\\/wp-content\\\/uploads\\\/2021\\\/05\\\/1_a_FOTO_BREVE_AFGANA.jpg\",\"articleSection\":[\"Drets de les Dones\"],\"inLanguage\":\"en-US\",\"potentialAction\":[{\"@type\":\"CommentAction\",\"name\":\"Comment\",\"target\":[\"https:\\\/\\\/laindependent.cat\\\/en\\\/catalunya-normandia-la-rapera-afganesa-sonita-alizadeh-premi-liberte-2021-la-independent-noticies-genere\\\/#respond\"]}]},{\"@type\":\"WebPage\",\"@id\":\"https:\\\/\\\/laindependent.cat\\\/en\\\/catalunya-normandia-la-rapera-afganesa-sonita-alizadeh-premi-liberte-2021-la-independent-noticies-genere\\\/\",\"url\":\"https:\\\/\\\/laindependent.cat\\\/en\\\/catalunya-normandia-la-rapera-afganesa-sonita-alizadeh-premi-liberte-2021-la-independent-noticies-genere\\\/\",\"name\":\"La rapera afganesa Sonita Alizadeh Premi Libert\u00e9 2021 | La Independent\",\"isPartOf\":{\"@id\":\"https:\\\/\\\/laindependent.cat\\\/en\\\/#website\"},\"primaryImageOfPage\":{\"@id\":\"https:\\\/\\\/laindependent.cat\\\/en\\\/catalunya-normandia-la-rapera-afganesa-sonita-alizadeh-premi-liberte-2021-la-independent-noticies-genere\\\/#primaryimage\"},\"image\":{\"@id\":\"https:\\\/\\\/laindependent.cat\\\/en\\\/catalunya-normandia-la-rapera-afganesa-sonita-alizadeh-premi-liberte-2021-la-independent-noticies-genere\\\/#primaryimage\"},\"thumbnailUrl\":\"https:\\\/\\\/laindependent.cat\\\/wp-content\\\/uploads\\\/2021\\\/05\\\/1_a_FOTO_BREVE_AFGANA.jpg\",\"datePublished\":\"2021-05-05T20:18:46+00:00\",\"dateModified\":\"2023-04-14T13:27:02+00:00\",\"description\":\"La jove rapera afganesa Sonita Alizadeh, refugiada a Estats Units on estudia lleis, ha rebut el Premi Libert\u00e9 pel seu comprom\u00eds en favor de les nenes del seu pa\u00eds, i especialment en contra de el matrimoni for\u00e7\u00f3s. Els altres dos finalistes van ser Agnes Chow, militant prodemocracia a Hong Kong i Omar Radi, periodista d'investigaci\u00f3 marroquina, tots dos empresonats en l'actualitat.\",\"breadcrumb\":{\"@id\":\"https:\\\/\\\/laindependent.cat\\\/en\\\/catalunya-normandia-la-rapera-afganesa-sonita-alizadeh-premi-liberte-2021-la-independent-noticies-genere\\\/#breadcrumb\"},\"inLanguage\":\"en-US\",\"potentialAction\":[{\"@type\":\"ReadAction\",\"target\":[\"https:\\\/\\\/laindependent.cat\\\/en\\\/catalunya-normandia-la-rapera-afganesa-sonita-alizadeh-premi-liberte-2021-la-independent-noticies-genere\\\/\"]}]},{\"@type\":\"ImageObject\",\"inLanguage\":\"en-US\",\"@id\":\"https:\\\/\\\/laindependent.cat\\\/en\\\/catalunya-normandia-la-rapera-afganesa-sonita-alizadeh-premi-liberte-2021-la-independent-noticies-genere\\\/#primaryimage\",\"url\":\"https:\\\/\\\/laindependent.cat\\\/wp-content\\\/uploads\\\/2021\\\/05\\\/1_a_FOTO_BREVE_AFGANA.jpg\",\"contentUrl\":\"https:\\\/\\\/laindependent.cat\\\/wp-content\\\/uploads\\\/2021\\\/05\\\/1_a_FOTO_BREVE_AFGANA.jpg\",\"width\":356,\"height\":262},{\"@type\":\"BreadcrumbList\",\"@id\":\"https:\\\/\\\/laindependent.cat\\\/en\\\/catalunya-normandia-la-rapera-afganesa-sonita-alizadeh-premi-liberte-2021-la-independent-noticies-genere\\\/#breadcrumb\",\"itemListElement\":[{\"@type\":\"ListItem\",\"position\":1,\"name\":\"Inici\",\"item\":\"https:\\\/\\\/laindependent.cat\\\/en\\\/\"},{\"@type\":\"ListItem\",\"position\":2,\"name\":\"Drets Humans\",\"item\":\"https:\\\/\\\/laindependent.cat\\\/tema\\\/drets-humas-drets-de-les-dones\\\/\"},{\"@type\":\"ListItem\",\"position\":3,\"name\":\"Drets de les Dones\",\"item\":\"https:\\\/\\\/laindependent.cat\\\/tema\\\/drets-humas-drets-de-les-dones\\\/drets-de-les-dones\\\/\"},{\"@type\":\"ListItem\",\"position\":4,\"name\":\"La rapera afganesa Sonita Alizadeh Premi Libert\u00e9 2021\"}]},{\"@type\":\"WebSite\",\"@id\":\"https:\\\/\\\/laindependent.cat\\\/en\\\/#website\",\"url\":\"https:\\\/\\\/laindependent.cat\\\/en\\\/\",\"name\":\"La Independent\",\"description\":\"Ag\u00e8ncia de not\u00edcies amb visi\u00f3 de g\u00e8nere\",\"publisher\":{\"@id\":\"https:\\\/\\\/laindependent.cat\\\/en\\\/#organization\"},\"alternateName\":\"Ag\u00e8ncia de not\u00edcies amb visi\u00f3 de g\u00e8nere\",\"potentialAction\":[{\"@type\":\"SearchAction\",\"target\":{\"@type\":\"EntryPoint\",\"urlTemplate\":\"https:\\\/\\\/laindependent.cat\\\/en\\\/?s={search_term_string}\"},\"query-input\":{\"@type\":\"PropertyValueSpecification\",\"valueRequired\":true,\"valueName\":\"search_term_string\"}}],\"inLanguage\":\"en-US\"},{\"@type\":\"Organization\",\"@id\":\"https:\\\/\\\/laindependent.cat\\\/en\\\/#organization\",\"name\":\"La Independent\",\"alternateName\":\"Ag\u00e8ncia de not\u00edcies amb visi\u00f3 de g\u00e8nere\",\"url\":\"https:\\\/\\\/laindependent.cat\\\/en\\\/\",\"logo\":{\"@type\":\"ImageObject\",\"inLanguage\":\"en-US\",\"@id\":\"https:\\\/\\\/laindependent.cat\\\/en\\\/#\\\/schema\\\/logo\\\/image\\\/\",\"url\":\"https:\\\/\\\/laindependent.cat\\\/wp-content\\\/uploads\\\/2022\\\/10\\\/logo-independent.svg\",\"contentUrl\":\"https:\\\/\\\/laindependent.cat\\\/wp-content\\\/uploads\\\/2022\\\/10\\\/logo-independent.svg\",\"width\":562,\"height\":78,\"caption\":\"La Independent\"},\"image\":{\"@id\":\"https:\\\/\\\/laindependent.cat\\\/en\\\/#\\\/schema\\\/logo\\\/image\\\/\"}},{\"@type\":\"Person\",\"@id\":\"https:\\\/\\\/laindependent.cat\\\/en\\\/#\\\/schema\\\/person\\\/c65fe76464d3ea842196598c91a2991f\",\"name\":\"La Independent\",\"image\":{\"@type\":\"ImageObject\",\"inLanguage\":\"en-US\",\"@id\":\"https:\\\/\\\/secure.gravatar.com\\\/avatar\\\/fb501cd2144195eb6f739879589f8fa1216b8d5045d48bf7e3f24013b91e04f8?s=96&d=blank&r=g\",\"url\":\"https:\\\/\\\/secure.gravatar.com\\\/avatar\\\/fb501cd2144195eb6f739879589f8fa1216b8d5045d48bf7e3f24013b91e04f8?s=96&d=blank&r=g\",\"contentUrl\":\"https:\\\/\\\/secure.gravatar.com\\\/avatar\\\/fb501cd2144195eb6f739879589f8fa1216b8d5045d48bf7e3f24013b91e04f8?s=96&d=blank&r=g\",\"caption\":\"La Independent\"},\"url\":\"https:\\\/\\\/laindependent.cat\\\/en\\\/author\\\/redaccio\\\/\"}]}<\/script>\n<!-- \/ Yoast SEO plugin. -->","yoast_head_json":{"title":"La rapera afganesa Sonita Alizadeh Premi Libert\u00e9 2021 | La Independent","description":"La jove rapera afganesa Sonita Alizadeh, refugiada a Estats Units on estudia lleis, ha rebut el Premi Libert\u00e9 pel seu comprom\u00eds en favor de les nenes del seu pa\u00eds, i especialment en contra de el matrimoni for\u00e7\u00f3s. Els altres dos finalistes van ser Agnes Chow, militant prodemocracia a Hong Kong i Omar Radi, periodista d'investigaci\u00f3 marroquina, tots dos empresonats en l'actualitat.","robots":{"index":"index","follow":"follow","max-snippet":"max-snippet:-1","max-image-preview":"max-image-preview:large","max-video-preview":"max-video-preview:-1"},"canonical":"https:\/\/laindependent.cat\/en\/catalunya-normandia-la-rapera-afganesa-sonita-alizadeh-premi-liberte-2021-la-independent-noticies-genere\/","og_locale":"en_US","og_type":"article","og_title":"La rapera afganesa Sonita Alizadeh Premi Libert\u00e9 2021 | La Independent","og_description":"La jove rapera afganesa Sonita Alizadeh, refugiada a Estats Units on estudia lleis, ha rebut el Premi Libert\u00e9 pel seu comprom\u00eds en favor de les nenes del seu pa\u00eds, i especialment en contra de el matrimoni for\u00e7\u00f3s. Els altres dos finalistes van ser Agnes Chow, militant prodemocracia a Hong Kong i Omar Radi, periodista d'investigaci\u00f3 marroquina, tots dos empresonats en l'actualitat.","og_url":"https:\/\/laindependent.cat\/en\/catalunya-normandia-la-rapera-afganesa-sonita-alizadeh-premi-liberte-2021-la-independent-noticies-genere\/","og_site_name":"La Independent","article_published_time":"2021-05-05T20:18:46+00:00","article_modified_time":"2023-04-14T13:27:02+00:00","og_image":[{"width":356,"height":262,"url":"https:\/\/laindependent.cat\/wp-content\/uploads\/2021\/05\/1_a_FOTO_BREVE_AFGANA.jpg","type":"image\/jpeg"}],"author":"La Independent","twitter_card":"summary_large_image","twitter_misc":{"Written by":"La Independent","Est. reading time":"2 minutes"},"schema":{"@context":"https:\/\/schema.org","@graph":[{"@type":"Article","@id":"https:\/\/laindependent.cat\/en\/catalunya-normandia-la-rapera-afganesa-sonita-alizadeh-premi-liberte-2021-la-independent-noticies-genere\/#article","isPartOf":{"@id":"https:\/\/laindependent.cat\/en\/catalunya-normandia-la-rapera-afganesa-sonita-alizadeh-premi-liberte-2021-la-independent-noticies-genere\/"},"author":{"name":"La Independent","@id":"https:\/\/laindependent.cat\/en\/#\/schema\/person\/c65fe76464d3ea842196598c91a2991f"},"headline":"La rapera afganesa Sonita Alizadeh Premi Libert\u00e9 2021","datePublished":"2021-05-05T20:18:46+00:00","dateModified":"2023-04-14T13:27:02+00:00","mainEntityOfPage":{"@id":"https:\/\/laindependent.cat\/en\/catalunya-normandia-la-rapera-afganesa-sonita-alizadeh-premi-liberte-2021-la-independent-noticies-genere\/"},"wordCount":418,"commentCount":0,"publisher":{"@id":"https:\/\/laindependent.cat\/en\/#organization"},"image":{"@id":"https:\/\/laindependent.cat\/en\/catalunya-normandia-la-rapera-afganesa-sonita-alizadeh-premi-liberte-2021-la-independent-noticies-genere\/#primaryimage"},"thumbnailUrl":"https:\/\/laindependent.cat\/wp-content\/uploads\/2021\/05\/1_a_FOTO_BREVE_AFGANA.jpg","articleSection":["Drets de les Dones"],"inLanguage":"en-US","potentialAction":[{"@type":"CommentAction","name":"Comment","target":["https:\/\/laindependent.cat\/en\/catalunya-normandia-la-rapera-afganesa-sonita-alizadeh-premi-liberte-2021-la-independent-noticies-genere\/#respond"]}]},{"@type":"WebPage","@id":"https:\/\/laindependent.cat\/en\/catalunya-normandia-la-rapera-afganesa-sonita-alizadeh-premi-liberte-2021-la-independent-noticies-genere\/","url":"https:\/\/laindependent.cat\/en\/catalunya-normandia-la-rapera-afganesa-sonita-alizadeh-premi-liberte-2021-la-independent-noticies-genere\/","name":"La rapera afganesa Sonita Alizadeh Premi Libert\u00e9 2021 | La Independent","isPartOf":{"@id":"https:\/\/laindependent.cat\/en\/#website"},"primaryImageOfPage":{"@id":"https:\/\/laindependent.cat\/en\/catalunya-normandia-la-rapera-afganesa-sonita-alizadeh-premi-liberte-2021-la-independent-noticies-genere\/#primaryimage"},"image":{"@id":"https:\/\/laindependent.cat\/en\/catalunya-normandia-la-rapera-afganesa-sonita-alizadeh-premi-liberte-2021-la-independent-noticies-genere\/#primaryimage"},"thumbnailUrl":"https:\/\/laindependent.cat\/wp-content\/uploads\/2021\/05\/1_a_FOTO_BREVE_AFGANA.jpg","datePublished":"2021-05-05T20:18:46+00:00","dateModified":"2023-04-14T13:27:02+00:00","description":"La jove rapera afganesa Sonita Alizadeh, refugiada a Estats Units on estudia lleis, ha rebut el Premi Libert\u00e9 pel seu comprom\u00eds en favor de les nenes del seu pa\u00eds, i especialment en contra de el matrimoni for\u00e7\u00f3s. Els altres dos finalistes van ser Agnes Chow, militant prodemocracia a Hong Kong i Omar Radi, periodista d'investigaci\u00f3 marroquina, tots dos empresonats en l'actualitat.","breadcrumb":{"@id":"https:\/\/laindependent.cat\/en\/catalunya-normandia-la-rapera-afganesa-sonita-alizadeh-premi-liberte-2021-la-independent-noticies-genere\/#breadcrumb"},"inLanguage":"en-US","potentialAction":[{"@type":"ReadAction","target":["https:\/\/laindependent.cat\/en\/catalunya-normandia-la-rapera-afganesa-sonita-alizadeh-premi-liberte-2021-la-independent-noticies-genere\/"]}]},{"@type":"ImageObject","inLanguage":"en-US","@id":"https:\/\/laindependent.cat\/en\/catalunya-normandia-la-rapera-afganesa-sonita-alizadeh-premi-liberte-2021-la-independent-noticies-genere\/#primaryimage","url":"https:\/\/laindependent.cat\/wp-content\/uploads\/2021\/05\/1_a_FOTO_BREVE_AFGANA.jpg","contentUrl":"https:\/\/laindependent.cat\/wp-content\/uploads\/2021\/05\/1_a_FOTO_BREVE_AFGANA.jpg","width":356,"height":262},{"@type":"BreadcrumbList","@id":"https:\/\/laindependent.cat\/en\/catalunya-normandia-la-rapera-afganesa-sonita-alizadeh-premi-liberte-2021-la-independent-noticies-genere\/#breadcrumb","itemListElement":[{"@type":"ListItem","position":1,"name":"Inici","item":"https:\/\/laindependent.cat\/en\/"},{"@type":"ListItem","position":2,"name":"Drets Humans","item":"https:\/\/laindependent.cat\/tema\/drets-humas-drets-de-les-dones\/"},{"@type":"ListItem","position":3,"name":"Drets de les Dones","item":"https:\/\/laindependent.cat\/tema\/drets-humas-drets-de-les-dones\/drets-de-les-dones\/"},{"@type":"ListItem","position":4,"name":"La rapera afganesa Sonita Alizadeh Premi Libert\u00e9 2021"}]},{"@type":"WebSite","@id":"https:\/\/laindependent.cat\/en\/#website","url":"https:\/\/laindependent.cat\/en\/","name":"La Independent","description":"Ag\u00e8ncia de not\u00edcies amb visi\u00f3 de g\u00e8nere","publisher":{"@id":"https:\/\/laindependent.cat\/en\/#organization"},"alternateName":"Ag\u00e8ncia de not\u00edcies amb visi\u00f3 de g\u00e8nere","potentialAction":[{"@type":"SearchAction","target":{"@type":"EntryPoint","urlTemplate":"https:\/\/laindependent.cat\/en\/?s={search_term_string}"},"query-input":{"@type":"PropertyValueSpecification","valueRequired":true,"valueName":"search_term_string"}}],"inLanguage":"en-US"},{"@type":"Organization","@id":"https:\/\/laindependent.cat\/en\/#organization","name":"La Independent","alternateName":"Ag\u00e8ncia de not\u00edcies amb visi\u00f3 de g\u00e8nere","url":"https:\/\/laindependent.cat\/en\/","logo":{"@type":"ImageObject","inLanguage":"en-US","@id":"https:\/\/laindependent.cat\/en\/#\/schema\/logo\/image\/","url":"https:\/\/laindependent.cat\/wp-content\/uploads\/2022\/10\/logo-independent.svg","contentUrl":"https:\/\/laindependent.cat\/wp-content\/uploads\/2022\/10\/logo-independent.svg","width":562,"height":78,"caption":"La Independent"},"image":{"@id":"https:\/\/laindependent.cat\/en\/#\/schema\/logo\/image\/"}},{"@type":"Person","@id":"https:\/\/laindependent.cat\/en\/#\/schema\/person\/c65fe76464d3ea842196598c91a2991f","name":"La Independent","image":{"@type":"ImageObject","inLanguage":"en-US","@id":"https:\/\/secure.gravatar.com\/avatar\/fb501cd2144195eb6f739879589f8fa1216b8d5045d48bf7e3f24013b91e04f8?s=96&d=blank&r=g","url":"https:\/\/secure.gravatar.com\/avatar\/fb501cd2144195eb6f739879589f8fa1216b8d5045d48bf7e3f24013b91e04f8?s=96&d=blank&r=g","contentUrl":"https:\/\/secure.gravatar.com\/avatar\/fb501cd2144195eb6f739879589f8fa1216b8d5045d48bf7e3f24013b91e04f8?s=96&d=blank&r=g","caption":"La Independent"},"url":"https:\/\/laindependent.cat\/en\/author\/redaccio\/"}]}},"_links":{"self":[{"href":"https:\/\/laindependent.cat\/en\/wp-json\/wp\/v2\/posts\/69008","targetHints":{"allow":["GET"]}}],"collection":[{"href":"https:\/\/laindependent.cat\/en\/wp-json\/wp\/v2\/posts"}],"about":[{"href":"https:\/\/laindependent.cat\/en\/wp-json\/wp\/v2\/types\/post"}],"author":[{"embeddable":true,"href":"https:\/\/laindependent.cat\/en\/wp-json\/wp\/v2\/users\/50"}],"replies":[{"embeddable":true,"href":"https:\/\/laindependent.cat\/en\/wp-json\/wp\/v2\/comments?post=69008"}],"version-history":[{"count":0,"href":"https:\/\/laindependent.cat\/en\/wp-json\/wp\/v2\/posts\/69008\/revisions"}],"wp:featuredmedia":[{"embeddable":true,"href":"https:\/\/laindependent.cat\/en\/wp-json\/wp\/v2\/media\/37476"}],"wp:attachment":[{"href":"https:\/\/laindependent.cat\/en\/wp-json\/wp\/v2\/media?parent=69008"}],"wp:term":[{"taxonomy":"category","embeddable":true,"href":"https:\/\/laindependent.cat\/en\/wp-json\/wp\/v2\/categories?post=69008"},{"taxonomy":"post_tag","embeddable":true,"href":"https:\/\/laindependent.cat\/en\/wp-json\/wp\/v2\/tags?post=69008"}],"curies":[{"name":"wp","href":"https:\/\/api.w.org\/{rel}","templated":true}]}}