{"id":68988,"date":"2021-05-05T01:00:00","date_gmt":"2021-05-04T23:00:00","guid":{"rendered":"https:\/\/laindependent.cat\/catalunya-europa-guia-lgtbi-per-a-professionals-de-la-salut-la-independent-noticies-genere\/"},"modified":"2025-04-03T16:55:21","modified_gmt":"2025-04-03T14:55:21","slug":"catalunya-europa-guia-lgtbi-per-a-professionals-de-la-salut-la-independent-noticies-genere","status":"publish","type":"post","link":"https:\/\/laindependent.cat\/en\/catalunya-europa-guia-lgtbi-per-a-professionals-de-la-salut-la-independent-noticies-genere\/","title":{"rendered":"Catalunya &#8211; Europa: Guia LGTBI per a professionals de la salut"},"content":{"rendered":"<p style=\"text-align: left;\"><strong>\u00a0<span style=\"font-family: 'trebuchet ms', geneva; font-size: 10pt;\">La guia per a professionals de la salut &#8216;Obrim les portes&#8217; ja est\u00e0 disponible en format impr\u00e8s. El personal sanitari interessat, la pot sol\u00b7licitar a <a href=\"mailto:surt@surt.org\">surt@surt.org<\/a>.<\/span><\/strong><\/p>\n<p style=\"text-align: left;\"><strong><span style=\"font-family: 'trebuchet ms', geneva; font-size: 10pt;\">El projecte europeu &#8216;Open Doors&#8217;, liderat a Catalunya per la Universitat de Girona i Surt, ha elaborat aquesta guia amb claus per reduir la discriminaci\u00f3 cap a les persones LGTBI en l&#8217;\u00e0mbit de la salut i promocionar l&#8217;atenci\u00f3 sanit\u00e0ria inclusiva.<\/span><\/strong><\/p>\n<p style=\"text-align: left;\">\u00a0<\/p>\n<p style=\"text-align: left;\"><strong><span style=\"font-family: 'trebuchet ms', geneva; font-size: 10pt;\"><\/span><\/strong><\/p>\n<p style=\"text-align: left;\">\u00a0<\/p>\n<p><!--more--><\/p>\n<p style=\"text-align: left;\"><span style=\"font-family: 'trebuchet ms', geneva; font-size: 10pt;\">Segons la investigaci\u00f3 de qu\u00e8 parteix aquest nou recurs per a professionals, a Catalunya, la discriminaci\u00f3 contra les persones LGTBI no \u00e9s generalitzada, tanmateix, es detecta que la majoria de professionals de la salut tenen &#8220;una visi\u00f3 que parteix d&#8217;un model heterosexual i que tracta la diversitat sexual i de g\u00e8nere com una excepci\u00f3&#8221;, sintetitza <strong>Nagore Gartzia<\/strong>, coordinadora del projecte a Surt.<\/span><\/p>\n<p style=\"text-align: left;\"><span style=\"font-family: 'trebuchet ms', geneva; font-size: 10pt;\">La guia del projecte &#8216;Open doors&#8217; ha estat elaborada per l&#8217;entitat polonesa Lambda i s&#8217;ha plantejat com una eina pr\u00e0ctica de sensibilitzaci\u00f3 adre\u00e7ada a professionals de l&#8217;\u00e0mbit sanitari. A partir dels resultats de la recerca a Catalunya, Surt i la Universitat de Girona han adaptat la guia &#8216;Obrim les portes&#8217; a la realitat catalana. Aquest recurs per a professionals ha estat revisat per l&#8217;activista trans Teo Pardo i l&#8217;activista intersex Laura Vila Kremer.<\/span><\/p>\n","protected":false},"excerpt":{"rendered":"<p>\u00a0La guia per a professionals de la salut &#8216;Obrim les portes&#8217; ja est\u00e0 disponible en format impr\u00e8s. El personal sanitari interessat, la pot sol\u00b7licitar a surt@surt.org. El projecte europeu &#8216;Open Doors&#8217;, liderat a Catalunya per la Universitat de Girona i [&hellip;]<\/p>\n","protected":false},"author":72,"featured_media":37457,"comment_status":"open","ping_status":"closed","sticky":false,"template":"","format":"standard","meta":{"footnotes":""},"categories":[26489],"tags":[],"class_list":["post-68988","post","type-post","status-publish","format-standard","has-post-thumbnail","hentry","category-entorn-quotidia"],"yoast_head":"<!-- This site is optimized with the Yoast SEO plugin v27.4 - https:\/\/yoast.com\/product\/yoast-seo-wordpress\/ -->\n<title>Catalunya - Europa: Guia LGTBI per a professionals de la salut | La Independent<\/title>\n<meta name=\"description\" content=\"La guia per a professionals de la salut &#039;Obrim les portes&#039; ja est\u00e0 disponible en format impr\u00e8s. El personal sanitari interessat, la pot sol\u00b7licitar a surt@surt.org.\" \/>\n<meta name=\"robots\" content=\"index, follow, max-snippet:-1, max-image-preview:large, max-video-preview:-1\" \/>\n<link rel=\"canonical\" href=\"https:\/\/laindependent.cat\/en\/catalunya-europa-guia-lgtbi-per-a-professionals-de-la-salut-la-independent-noticies-genere\/\" \/>\n<meta property=\"og:locale\" content=\"en_US\" \/>\n<meta property=\"og:type\" content=\"article\" \/>\n<meta property=\"og:title\" content=\"Catalunya - Europa: Guia LGTBI per a professionals de la salut | La Independent\" \/>\n<meta property=\"og:description\" content=\"La guia per a professionals de la salut &#039;Obrim les portes&#039; ja est\u00e0 disponible en format impr\u00e8s. El personal sanitari interessat, la pot sol\u00b7licitar a surt@surt.org.\" \/>\n<meta property=\"og:url\" content=\"https:\/\/laindependent.cat\/en\/catalunya-europa-guia-lgtbi-per-a-professionals-de-la-salut-la-independent-noticies-genere\/\" \/>\n<meta property=\"og:site_name\" content=\"La Independent\" \/>\n<meta property=\"article:author\" content=\"https:\/\/www.facebook.com\/tona.gusi\" \/>\n<meta property=\"article:published_time\" content=\"2021-05-04T23:00:00+00:00\" \/>\n<meta property=\"article:modified_time\" content=\"2025-04-03T14:55:21+00:00\" \/>\n<meta property=\"og:image\" content=\"https:\/\/laindependent.cat\/wp-content\/uploads\/2021\/05\/obrim_les_portes.png\" \/>\n\t<meta property=\"og:image:width\" content=\"606\" \/>\n\t<meta property=\"og:image:height\" content=\"867\" \/>\n\t<meta property=\"og:image:type\" content=\"image\/png\" \/>\n<meta name=\"author\" content=\"Tona Gusi\" \/>\n<meta name=\"twitter:card\" content=\"summary_large_image\" \/>\n<meta name=\"twitter:creator\" content=\"@https:\/\/twitter.com\/tonagusi\" \/>\n<meta name=\"twitter:label1\" content=\"Written by\" \/>\n\t<meta name=\"twitter:data1\" content=\"Tona Gusi\" \/>\n\t<meta name=\"twitter:label2\" content=\"Est. reading time\" \/>\n\t<meta name=\"twitter:data2\" content=\"1 minute\" \/>\n<script type=\"application\/ld+json\" class=\"yoast-schema-graph\">{\"@context\":\"https:\\\/\\\/schema.org\",\"@graph\":[{\"@type\":\"Article\",\"@id\":\"https:\\\/\\\/laindependent.cat\\\/en\\\/catalunya-europa-guia-lgtbi-per-a-professionals-de-la-salut-la-independent-noticies-genere\\\/#article\",\"isPartOf\":{\"@id\":\"https:\\\/\\\/laindependent.cat\\\/en\\\/catalunya-europa-guia-lgtbi-per-a-professionals-de-la-salut-la-independent-noticies-genere\\\/\"},\"author\":{\"name\":\"Tona Gusi\",\"@id\":\"https:\\\/\\\/laindependent.cat\\\/en\\\/#\\\/schema\\\/person\\\/48977a569b250ff82a4929194239bcc9\"},\"headline\":\"Catalunya &#8211; Europa: Guia LGTBI per a professionals de la salut\",\"datePublished\":\"2021-05-04T23:00:00+00:00\",\"dateModified\":\"2025-04-03T14:55:21+00:00\",\"mainEntityOfPage\":{\"@id\":\"https:\\\/\\\/laindependent.cat\\\/en\\\/catalunya-europa-guia-lgtbi-per-a-professionals-de-la-salut-la-independent-noticies-genere\\\/\"},\"wordCount\":228,\"commentCount\":0,\"publisher\":{\"@id\":\"https:\\\/\\\/laindependent.cat\\\/en\\\/#organization\"},\"image\":{\"@id\":\"https:\\\/\\\/laindependent.cat\\\/en\\\/catalunya-europa-guia-lgtbi-per-a-professionals-de-la-salut-la-independent-noticies-genere\\\/#primaryimage\"},\"thumbnailUrl\":\"https:\\\/\\\/laindependent.cat\\\/wp-content\\\/uploads\\\/2021\\\/05\\\/obrim_les_portes.png\",\"articleSection\":[\"Entorn quotidi\u00e0\"],\"inLanguage\":\"en-US\",\"potentialAction\":[{\"@type\":\"CommentAction\",\"name\":\"Comment\",\"target\":[\"https:\\\/\\\/laindependent.cat\\\/en\\\/catalunya-europa-guia-lgtbi-per-a-professionals-de-la-salut-la-independent-noticies-genere\\\/#respond\"]}]},{\"@type\":\"WebPage\",\"@id\":\"https:\\\/\\\/laindependent.cat\\\/en\\\/catalunya-europa-guia-lgtbi-per-a-professionals-de-la-salut-la-independent-noticies-genere\\\/\",\"url\":\"https:\\\/\\\/laindependent.cat\\\/en\\\/catalunya-europa-guia-lgtbi-per-a-professionals-de-la-salut-la-independent-noticies-genere\\\/\",\"name\":\"Catalunya - Europa: Guia LGTBI per a professionals de la salut | La Independent\",\"isPartOf\":{\"@id\":\"https:\\\/\\\/laindependent.cat\\\/en\\\/#website\"},\"primaryImageOfPage\":{\"@id\":\"https:\\\/\\\/laindependent.cat\\\/en\\\/catalunya-europa-guia-lgtbi-per-a-professionals-de-la-salut-la-independent-noticies-genere\\\/#primaryimage\"},\"image\":{\"@id\":\"https:\\\/\\\/laindependent.cat\\\/en\\\/catalunya-europa-guia-lgtbi-per-a-professionals-de-la-salut-la-independent-noticies-genere\\\/#primaryimage\"},\"thumbnailUrl\":\"https:\\\/\\\/laindependent.cat\\\/wp-content\\\/uploads\\\/2021\\\/05\\\/obrim_les_portes.png\",\"datePublished\":\"2021-05-04T23:00:00+00:00\",\"dateModified\":\"2025-04-03T14:55:21+00:00\",\"description\":\"La guia per a professionals de la salut 'Obrim les portes' ja est\u00e0 disponible en format impr\u00e8s. El personal sanitari interessat, la pot sol\u00b7licitar a surt@surt.org.\",\"breadcrumb\":{\"@id\":\"https:\\\/\\\/laindependent.cat\\\/en\\\/catalunya-europa-guia-lgtbi-per-a-professionals-de-la-salut-la-independent-noticies-genere\\\/#breadcrumb\"},\"inLanguage\":\"en-US\",\"potentialAction\":[{\"@type\":\"ReadAction\",\"target\":[\"https:\\\/\\\/laindependent.cat\\\/en\\\/catalunya-europa-guia-lgtbi-per-a-professionals-de-la-salut-la-independent-noticies-genere\\\/\"]}]},{\"@type\":\"ImageObject\",\"inLanguage\":\"en-US\",\"@id\":\"https:\\\/\\\/laindependent.cat\\\/en\\\/catalunya-europa-guia-lgtbi-per-a-professionals-de-la-salut-la-independent-noticies-genere\\\/#primaryimage\",\"url\":\"https:\\\/\\\/laindependent.cat\\\/wp-content\\\/uploads\\\/2021\\\/05\\\/obrim_les_portes.png\",\"contentUrl\":\"https:\\\/\\\/laindependent.cat\\\/wp-content\\\/uploads\\\/2021\\\/05\\\/obrim_les_portes.png\",\"width\":606,\"height\":867},{\"@type\":\"BreadcrumbList\",\"@id\":\"https:\\\/\\\/laindependent.cat\\\/en\\\/catalunya-europa-guia-lgtbi-per-a-professionals-de-la-salut-la-independent-noticies-genere\\\/#breadcrumb\",\"itemListElement\":[{\"@type\":\"ListItem\",\"position\":1,\"name\":\"Inici\",\"item\":\"https:\\\/\\\/laindependent.cat\\\/en\\\/\"},{\"@type\":\"ListItem\",\"position\":2,\"name\":\"Identitats de g\u00e8nere\",\"item\":\"https:\\\/\\\/laindependent.cat\\\/tema\\\/identitats-de-genere\\\/\"},{\"@type\":\"ListItem\",\"position\":3,\"name\":\"Everyday environment\",\"item\":\"https:\\\/\\\/laindependent.cat\\\/en\\\/tema\\\/everyday-environment\\\/\"},{\"@type\":\"ListItem\",\"position\":4,\"name\":\"Catalunya &#8211; Europa: Guia LGTBI per a professionals de la salut\"}]},{\"@type\":\"WebSite\",\"@id\":\"https:\\\/\\\/laindependent.cat\\\/en\\\/#website\",\"url\":\"https:\\\/\\\/laindependent.cat\\\/en\\\/\",\"name\":\"La Independent\",\"description\":\"Ag\u00e8ncia de not\u00edcies amb visi\u00f3 de g\u00e8nere\",\"publisher\":{\"@id\":\"https:\\\/\\\/laindependent.cat\\\/en\\\/#organization\"},\"alternateName\":\"Ag\u00e8ncia de not\u00edcies amb visi\u00f3 de g\u00e8nere\",\"potentialAction\":[{\"@type\":\"SearchAction\",\"target\":{\"@type\":\"EntryPoint\",\"urlTemplate\":\"https:\\\/\\\/laindependent.cat\\\/en\\\/?s={search_term_string}\"},\"query-input\":{\"@type\":\"PropertyValueSpecification\",\"valueRequired\":true,\"valueName\":\"search_term_string\"}}],\"inLanguage\":\"en-US\"},{\"@type\":\"Organization\",\"@id\":\"https:\\\/\\\/laindependent.cat\\\/en\\\/#organization\",\"name\":\"La Independent\",\"alternateName\":\"Ag\u00e8ncia de not\u00edcies amb visi\u00f3 de g\u00e8nere\",\"url\":\"https:\\\/\\\/laindependent.cat\\\/en\\\/\",\"logo\":{\"@type\":\"ImageObject\",\"inLanguage\":\"en-US\",\"@id\":\"https:\\\/\\\/laindependent.cat\\\/en\\\/#\\\/schema\\\/logo\\\/image\\\/\",\"url\":\"https:\\\/\\\/laindependent.cat\\\/wp-content\\\/uploads\\\/2022\\\/10\\\/logo-independent.svg\",\"contentUrl\":\"https:\\\/\\\/laindependent.cat\\\/wp-content\\\/uploads\\\/2022\\\/10\\\/logo-independent.svg\",\"width\":562,\"height\":78,\"caption\":\"La Independent\"},\"image\":{\"@id\":\"https:\\\/\\\/laindependent.cat\\\/en\\\/#\\\/schema\\\/logo\\\/image\\\/\"}},{\"@type\":\"Person\",\"@id\":\"https:\\\/\\\/laindependent.cat\\\/en\\\/#\\\/schema\\\/person\\\/48977a569b250ff82a4929194239bcc9\",\"name\":\"Tona Gusi\",\"image\":{\"@type\":\"ImageObject\",\"inLanguage\":\"en-US\",\"@id\":\"https:\\\/\\\/secure.gravatar.com\\\/avatar\\\/d09891f52233d2ed7c2e066fc06640e576202983bf7f713e372185f035ac5f67?s=96&d=blank&r=g\",\"url\":\"https:\\\/\\\/secure.gravatar.com\\\/avatar\\\/d09891f52233d2ed7c2e066fc06640e576202983bf7f713e372185f035ac5f67?s=96&d=blank&r=g\",\"contentUrl\":\"https:\\\/\\\/secure.gravatar.com\\\/avatar\\\/d09891f52233d2ed7c2e066fc06640e576202983bf7f713e372185f035ac5f67?s=96&d=blank&r=g\",\"caption\":\"Tona Gusi\"},\"description\":\"Fundadora i Co-coordinadora de La Independent. Tamb\u00e9 \u00e9s psic\u00f2loga menci\u00f3 en Psicologia d'Intervenci\u00f3 Cl\u00ednica i menci\u00f3 en Psicologia del Treball i les Organitzacions.\",\"sameAs\":[\"https:\\\/\\\/www.facebook.com\\\/tona.gusi\",\"https:\\\/\\\/x.com\\\/https:\\\/\\\/twitter.com\\\/tonagusi\"],\"url\":\"https:\\\/\\\/laindependent.cat\\\/en\\\/author\\\/tona-gusi\\\/\"}]}<\/script>\n<!-- \/ Yoast SEO plugin. -->","yoast_head_json":{"title":"Catalunya - Europa: Guia LGTBI per a professionals de la salut | La Independent","description":"La guia per a professionals de la salut 'Obrim les portes' ja est\u00e0 disponible en format impr\u00e8s. El personal sanitari interessat, la pot sol\u00b7licitar a surt@surt.org.","robots":{"index":"index","follow":"follow","max-snippet":"max-snippet:-1","max-image-preview":"max-image-preview:large","max-video-preview":"max-video-preview:-1"},"canonical":"https:\/\/laindependent.cat\/en\/catalunya-europa-guia-lgtbi-per-a-professionals-de-la-salut-la-independent-noticies-genere\/","og_locale":"en_US","og_type":"article","og_title":"Catalunya - Europa: Guia LGTBI per a professionals de la salut | La Independent","og_description":"La guia per a professionals de la salut 'Obrim les portes' ja est\u00e0 disponible en format impr\u00e8s. El personal sanitari interessat, la pot sol\u00b7licitar a surt@surt.org.","og_url":"https:\/\/laindependent.cat\/en\/catalunya-europa-guia-lgtbi-per-a-professionals-de-la-salut-la-independent-noticies-genere\/","og_site_name":"La Independent","article_author":"https:\/\/www.facebook.com\/tona.gusi","article_published_time":"2021-05-04T23:00:00+00:00","article_modified_time":"2025-04-03T14:55:21+00:00","og_image":[{"width":606,"height":867,"url":"https:\/\/laindependent.cat\/wp-content\/uploads\/2021\/05\/obrim_les_portes.png","type":"image\/png"}],"author":"Tona Gusi","twitter_card":"summary_large_image","twitter_creator":"@https:\/\/twitter.com\/tonagusi","twitter_misc":{"Written by":"Tona Gusi","Est. reading time":"1 minute"},"schema":{"@context":"https:\/\/schema.org","@graph":[{"@type":"Article","@id":"https:\/\/laindependent.cat\/en\/catalunya-europa-guia-lgtbi-per-a-professionals-de-la-salut-la-independent-noticies-genere\/#article","isPartOf":{"@id":"https:\/\/laindependent.cat\/en\/catalunya-europa-guia-lgtbi-per-a-professionals-de-la-salut-la-independent-noticies-genere\/"},"author":{"name":"Tona Gusi","@id":"https:\/\/laindependent.cat\/en\/#\/schema\/person\/48977a569b250ff82a4929194239bcc9"},"headline":"Catalunya &#8211; Europa: Guia LGTBI per a professionals de la salut","datePublished":"2021-05-04T23:00:00+00:00","dateModified":"2025-04-03T14:55:21+00:00","mainEntityOfPage":{"@id":"https:\/\/laindependent.cat\/en\/catalunya-europa-guia-lgtbi-per-a-professionals-de-la-salut-la-independent-noticies-genere\/"},"wordCount":228,"commentCount":0,"publisher":{"@id":"https:\/\/laindependent.cat\/en\/#organization"},"image":{"@id":"https:\/\/laindependent.cat\/en\/catalunya-europa-guia-lgtbi-per-a-professionals-de-la-salut-la-independent-noticies-genere\/#primaryimage"},"thumbnailUrl":"https:\/\/laindependent.cat\/wp-content\/uploads\/2021\/05\/obrim_les_portes.png","articleSection":["Entorn quotidi\u00e0"],"inLanguage":"en-US","potentialAction":[{"@type":"CommentAction","name":"Comment","target":["https:\/\/laindependent.cat\/en\/catalunya-europa-guia-lgtbi-per-a-professionals-de-la-salut-la-independent-noticies-genere\/#respond"]}]},{"@type":"WebPage","@id":"https:\/\/laindependent.cat\/en\/catalunya-europa-guia-lgtbi-per-a-professionals-de-la-salut-la-independent-noticies-genere\/","url":"https:\/\/laindependent.cat\/en\/catalunya-europa-guia-lgtbi-per-a-professionals-de-la-salut-la-independent-noticies-genere\/","name":"Catalunya - Europa: Guia LGTBI per a professionals de la salut | La Independent","isPartOf":{"@id":"https:\/\/laindependent.cat\/en\/#website"},"primaryImageOfPage":{"@id":"https:\/\/laindependent.cat\/en\/catalunya-europa-guia-lgtbi-per-a-professionals-de-la-salut-la-independent-noticies-genere\/#primaryimage"},"image":{"@id":"https:\/\/laindependent.cat\/en\/catalunya-europa-guia-lgtbi-per-a-professionals-de-la-salut-la-independent-noticies-genere\/#primaryimage"},"thumbnailUrl":"https:\/\/laindependent.cat\/wp-content\/uploads\/2021\/05\/obrim_les_portes.png","datePublished":"2021-05-04T23:00:00+00:00","dateModified":"2025-04-03T14:55:21+00:00","description":"La guia per a professionals de la salut 'Obrim les portes' ja est\u00e0 disponible en format impr\u00e8s. El personal sanitari interessat, la pot sol\u00b7licitar a surt@surt.org.","breadcrumb":{"@id":"https:\/\/laindependent.cat\/en\/catalunya-europa-guia-lgtbi-per-a-professionals-de-la-salut-la-independent-noticies-genere\/#breadcrumb"},"inLanguage":"en-US","potentialAction":[{"@type":"ReadAction","target":["https:\/\/laindependent.cat\/en\/catalunya-europa-guia-lgtbi-per-a-professionals-de-la-salut-la-independent-noticies-genere\/"]}]},{"@type":"ImageObject","inLanguage":"en-US","@id":"https:\/\/laindependent.cat\/en\/catalunya-europa-guia-lgtbi-per-a-professionals-de-la-salut-la-independent-noticies-genere\/#primaryimage","url":"https:\/\/laindependent.cat\/wp-content\/uploads\/2021\/05\/obrim_les_portes.png","contentUrl":"https:\/\/laindependent.cat\/wp-content\/uploads\/2021\/05\/obrim_les_portes.png","width":606,"height":867},{"@type":"BreadcrumbList","@id":"https:\/\/laindependent.cat\/en\/catalunya-europa-guia-lgtbi-per-a-professionals-de-la-salut-la-independent-noticies-genere\/#breadcrumb","itemListElement":[{"@type":"ListItem","position":1,"name":"Inici","item":"https:\/\/laindependent.cat\/en\/"},{"@type":"ListItem","position":2,"name":"Identitats de g\u00e8nere","item":"https:\/\/laindependent.cat\/tema\/identitats-de-genere\/"},{"@type":"ListItem","position":3,"name":"Everyday environment","item":"https:\/\/laindependent.cat\/en\/tema\/everyday-environment\/"},{"@type":"ListItem","position":4,"name":"Catalunya &#8211; Europa: Guia LGTBI per a professionals de la salut"}]},{"@type":"WebSite","@id":"https:\/\/laindependent.cat\/en\/#website","url":"https:\/\/laindependent.cat\/en\/","name":"La Independent","description":"Ag\u00e8ncia de not\u00edcies amb visi\u00f3 de g\u00e8nere","publisher":{"@id":"https:\/\/laindependent.cat\/en\/#organization"},"alternateName":"Ag\u00e8ncia de not\u00edcies amb visi\u00f3 de g\u00e8nere","potentialAction":[{"@type":"SearchAction","target":{"@type":"EntryPoint","urlTemplate":"https:\/\/laindependent.cat\/en\/?s={search_term_string}"},"query-input":{"@type":"PropertyValueSpecification","valueRequired":true,"valueName":"search_term_string"}}],"inLanguage":"en-US"},{"@type":"Organization","@id":"https:\/\/laindependent.cat\/en\/#organization","name":"La Independent","alternateName":"Ag\u00e8ncia de not\u00edcies amb visi\u00f3 de g\u00e8nere","url":"https:\/\/laindependent.cat\/en\/","logo":{"@type":"ImageObject","inLanguage":"en-US","@id":"https:\/\/laindependent.cat\/en\/#\/schema\/logo\/image\/","url":"https:\/\/laindependent.cat\/wp-content\/uploads\/2022\/10\/logo-independent.svg","contentUrl":"https:\/\/laindependent.cat\/wp-content\/uploads\/2022\/10\/logo-independent.svg","width":562,"height":78,"caption":"La Independent"},"image":{"@id":"https:\/\/laindependent.cat\/en\/#\/schema\/logo\/image\/"}},{"@type":"Person","@id":"https:\/\/laindependent.cat\/en\/#\/schema\/person\/48977a569b250ff82a4929194239bcc9","name":"Tona Gusi","image":{"@type":"ImageObject","inLanguage":"en-US","@id":"https:\/\/secure.gravatar.com\/avatar\/d09891f52233d2ed7c2e066fc06640e576202983bf7f713e372185f035ac5f67?s=96&d=blank&r=g","url":"https:\/\/secure.gravatar.com\/avatar\/d09891f52233d2ed7c2e066fc06640e576202983bf7f713e372185f035ac5f67?s=96&d=blank&r=g","contentUrl":"https:\/\/secure.gravatar.com\/avatar\/d09891f52233d2ed7c2e066fc06640e576202983bf7f713e372185f035ac5f67?s=96&d=blank&r=g","caption":"Tona Gusi"},"description":"Fundadora i Co-coordinadora de La Independent. Tamb\u00e9 \u00e9s psic\u00f2loga menci\u00f3 en Psicologia d'Intervenci\u00f3 Cl\u00ednica i menci\u00f3 en Psicologia del Treball i les Organitzacions.","sameAs":["https:\/\/www.facebook.com\/tona.gusi","https:\/\/x.com\/https:\/\/twitter.com\/tonagusi"],"url":"https:\/\/laindependent.cat\/en\/author\/tona-gusi\/"}]}},"_links":{"self":[{"href":"https:\/\/laindependent.cat\/en\/wp-json\/wp\/v2\/posts\/68988","targetHints":{"allow":["GET"]}}],"collection":[{"href":"https:\/\/laindependent.cat\/en\/wp-json\/wp\/v2\/posts"}],"about":[{"href":"https:\/\/laindependent.cat\/en\/wp-json\/wp\/v2\/types\/post"}],"author":[{"embeddable":true,"href":"https:\/\/laindependent.cat\/en\/wp-json\/wp\/v2\/users\/72"}],"replies":[{"embeddable":true,"href":"https:\/\/laindependent.cat\/en\/wp-json\/wp\/v2\/comments?post=68988"}],"version-history":[{"count":0,"href":"https:\/\/laindependent.cat\/en\/wp-json\/wp\/v2\/posts\/68988\/revisions"}],"wp:featuredmedia":[{"embeddable":true,"href":"https:\/\/laindependent.cat\/en\/wp-json\/wp\/v2\/media\/37457"}],"wp:attachment":[{"href":"https:\/\/laindependent.cat\/en\/wp-json\/wp\/v2\/media?parent=68988"}],"wp:term":[{"taxonomy":"category","embeddable":true,"href":"https:\/\/laindependent.cat\/en\/wp-json\/wp\/v2\/categories?post=68988"},{"taxonomy":"post_tag","embeddable":true,"href":"https:\/\/laindependent.cat\/en\/wp-json\/wp\/v2\/tags?post=68988"}],"curies":[{"name":"wp","href":"https:\/\/api.w.org\/{rel}","templated":true}]}}