{"id":65739,"date":"2018-02-14T23:04:30","date_gmt":"2018-02-14T22:04:30","guid":{"rendered":"https:\/\/laindependent.cat\/els-mitjans-de-comunicacio-i-les-dones\/"},"modified":"2025-08-10T17:45:41","modified_gmt":"2025-08-10T15:45:41","slug":"els-mitjans-de-comunicacio-i-les-dones","status":"publish","type":"post","link":"https:\/\/laindependent.cat\/en\/els-mitjans-de-comunicacio-i-les-dones\/","title":{"rendered":"Els mitjans de comunicaci\u00f3 i les dones"},"content":{"rendered":"<p style=\"text-align: left;\">\u00a0<\/p>\n<p style=\"text-align: left;\"><span style=\"font-size: 10pt; font-family: 'trebuchet ms', geneva;\"><\/span><\/p>\n<p style=\"text-align: left;\"><strong><span style=\"font-size: 10pt; font-family: 'trebuchet ms',geneva;\">OPINI\u00d3<\/span><\/strong><\/p>\n<p style=\"text-align: left;\"><strong><span style=\"font-size: 10pt; font-family: 'trebuchet ms', geneva;\">Les dones no som tractades amb just\u00edcia en els mitjans de comunicaci\u00f3. Els estereotips, la premsa groga, les mitges veritats i les distorsions s\u00f3n una cosa quotidiana.<\/span><\/strong>\u00a0<\/p>\n<p><!--more--><\/p>\n<p style=\"text-align: left;\"><span style=\"font-size: 10pt; font-family: 'trebuchet ms', geneva;\">La manca d&#8217;una mirada incloent i la ignor\u00e0ncia, negoci i falta de sensibilitat de les i els amos dels mitjans, reflecteix a dones que no s\u00f3n d&#8217;aquesta \u00e8poca i normalment el discurs medi\u00e0tic reafirma imatges tradicionals de les dones. O b\u00e9 presenta a les dones modernes, com a &#8220;dolentes&#8221;.<\/span><\/p>\n<p style=\"text-align: left;\"><span style=\"font-family: 'trebuchet ms', geneva; font-size: 10pt;\">\u00c9s un tema reiterat en el discurs feminista fa 50 anys. I es diu, de vegades amb rapidesa, que no hem avan\u00e7at en aix\u00f2. I hi ha certa realitat, per\u00f2 hem avan\u00e7at molt\u00edssim, en dos terrenys principalment, en la consci\u00e8ncia del problema, per\u00f2 no nom\u00e9s, sin\u00f3 que ho hem fet en les televisions d&#8217;Am\u00e8rica Llatina, no en les de M\u00e8xic, en la pres\u00e8ncia de les dones a la c\u00fapula dels mitjans p\u00fablics, en els seus consells, i s&#8217;ha avan\u00e7at en regulacions.<\/span><\/p>\n<p style=\"text-align: left;\">\u00a0<\/p>\n<p style=\"text-align: left;\">\u00a0\u00a0<\/p>\n<p style=\"text-align: left;\"><span style=\"font-size: 10pt; font-family: 'trebuchet ms', geneva;\"><img fetchpriority=\"high\" decoding=\"async\" class=\" size-full wp-image-34173\" style=\"display: block; margin-left: auto; margin-right: auto;\" src=\"https:\/\/laindependent.cat\/wp-content\/uploads\/2018\/02\/Sara_Lovera_22.jpg\" alt=\"Sara Lovera 22\" width=\"350\" height=\"197\" srcset=\"https:\/\/laindependent.cat\/wp-content\/uploads\/2018\/02\/Sara_Lovera_22.jpg 350w, https:\/\/laindependent.cat\/wp-content\/uploads\/2018\/02\/Sara_Lovera_22-300x169.jpg 300w\" sizes=\"(max-width: 350px) 100vw, 350px\" \/><\/span><\/p>\n<p style=\"text-align: left;\">\u00a0<\/p>\n<p style=\"text-align: left;\">\u00a0<\/p>\n<p style=\"text-align: left;\"><span style=\"font-size: 10pt; font-family: 'trebuchet ms', geneva;\">Des de la societat a nivell mundial, les periodistes s&#8217;han organitzat des de fa 30 anys. Amb clarobscurs i desnivells, munts d&#8217;iniciatives, accions i fets han vingut de les professionals dels mitjans. Dels governs alguns canvis i des de l&#8217;acad\u00e8mia, la seva talaia i la seva curta mirada, cr\u00edtiques constru\u00efdes en escriptoris i sup\u00f2sits; alguns pocs estudis a fons i els observatoris de mitjans des de la perspectiva de g\u00e8nere, es queda nom\u00e9s en el quantitatiu i no s&#8217;incursion\u00e0 sobre el qualitatiu global. Ning\u00fa paga, aix\u00f2, no deixa.<\/span><\/p>\n<p style=\"text-align: left;\"><span style=\"font-size: 10pt; font-family: 'trebuchet ms', geneva;\">Nom\u00e9s a Catalunya i a Espanya, <strong>Joana Gallego<\/strong> ha entrat a examinar els mitjans per dins i des del seu comprom\u00eds feminista, ha rescatat fets i suggerit propostes imaginatives i assequibles.<\/span><\/p>\n<p style=\"text-align: left;\"><span style=\"font-size: 10pt; font-family: 'trebuchet ms', geneva;\">Hem avan\u00e7at per aix\u00f2 lentament. Els recursos internacionals han estat escassos i des dels governs les regulacions s\u00f3n elementals per evitar que siguin els mitjans cosins germans i exegetes del patriarcat.<\/span><\/p>\n<p style=\"text-align: left;\"><span style=\"font-size: 10pt; font-family: 'trebuchet ms', geneva;\">A M\u00e8xic la mancan\u00e7a \u00e9s gaireb\u00e9 total. Encara que hi va haver un temps de creixement, on fins i tot va haver-hi una xarxa de periodistes amb mirada feminista, una de dones radialistas, m\u00e9s de 63 publicacions i programes de r\u00e0dio fets per periodistes professionals; aix\u00ed com, acords de difusi\u00f3 de not\u00edcies de les dones amb les ag\u00e8ncies de not\u00edcies m\u00e9s poderoses de M\u00e8xic; fins i tot, una s\u00e8rie de televisi\u00f3, realitzada en conjunt per periodistes, televisions dels estats, televisi\u00f3 educativa i una ag\u00e8ncia informativa feminista. La s\u00e8rie va ser vista per 20 milions de persones, despr\u00e9s va ser un excel\u00b7lent material did\u00e0ctic, per\u00f2 la veritat \u00e9s que aix\u00f2 es va estancar i no va tenir seguiment.<\/span><\/p>\n<p style=\"text-align: left;\"><span style=\"font-size: 10pt; font-family: 'trebuchet ms', geneva;\">En canvi, el govern, nom\u00e9s aquest sexenni, va fer una nova llei de mitjans, que primer no va ser represa per les feministes i segon va perdre recentment contingut en ser mutilada en l&#8217;aspecte m\u00e9s revolucionari: la participaci\u00f3 de les audi\u00e8ncies, assumpte que no nom\u00e9s va quedar sense discussi\u00f3, sin\u00f3 que ha caminat i crescut, sense cap den\u00fancia. Entre mitjans i g\u00e8nere priva el silenci.<\/span><\/p>\n<p style=\"text-align: left;\"><span style=\"font-size: 10pt; font-family: 'trebuchet ms', geneva;\">Altres iniciatives com la del Programa de Nacions Unida per al Desenvolupament per generar campanyes des de les oficines governamentals amb perspectiva de g\u00e8nere, ni es coneix a les oficines de comunicaci\u00f3 social i els acords, Chuecos o drets de Governaci\u00f3 aquest sexenni amb la Cambra de la R\u00e0dio i la Televisi\u00f3, m\u00e9s aviat dorm el somni dels justos. Per no parlar d&#8217;un rebuig cec i ximple al comprom\u00eds signat per Televisi\u00f3 Azteca amb ONU Dones, b\u00e9 fins a la iniciativa va ser fustigada i menyspreada per les autoritats que podrien haver-la exigit.<\/span><\/p>\n<p style=\"text-align: left;\"><span style=\"font-size: 10pt; font-family: 'trebuchet ms', geneva;\">De la mateixa manera les iniciatives i el treball, experi\u00e8ncia i creixement de les professionals de la comunicaci\u00f3, a m\u00e9s de desconegut, \u00e9s menyspreat. Nom\u00e9s, com el cas de la llibertat d&#8217;expressi\u00f3, es t\u00e9 en compte a organitzacions civils, on no hi s\u00f3n les i els professionals dels mitjans, els i les treballadores dels mitjans, que compten a les i els morts o que compten, amb numerets, estad\u00edstiques i sup\u00f2sits, les abs\u00e8ncies de g\u00e8nere en els mitjans.<\/span><\/p>\n<p style=\"text-align: left;\"><span style=\"font-size: 10pt; font-family: 'trebuchet ms', geneva;\">L&#8217;experi\u00e8ncia es tira a les escombraries. Conec nom\u00e9s un treball seri\u00f3s sobre l&#8217;operaci\u00f3 dels mitjans i el periodisme de g\u00e8nere, es va fer a Oaxaca, per la periodista <strong>Soledad Jarqu\u00edn<\/strong>, qui es va posar a revisar els diaris d&#8217;aquesta entitat de deb\u00f2 durant un per\u00edode de m\u00e9s de 50 anys. Va trobar coses sorprenents, va rastrejar el com van ser reflectides les dones i com alguns mitjans fa cinc d\u00e8cades, tenien espais, es diria avui de g\u00e8nere, el que evitaria afirmacions superficials. No hi ha cap altre estudi semblant.<\/span><\/p>\n<p style=\"text-align: left;\"><span style=\"font-size: 10pt; font-family: 'trebuchet ms', geneva;\">Tot aix\u00f2 ve a tomb perqu\u00e8 en unes setmanes a Nova York, durant el 62 per\u00edode de sessions de la Comissi\u00f3 de la <em>Condici\u00f3 Jur\u00eddica i Social de la Dona<\/em> (CSW62), \u00f2rgan de promoci\u00f3 de la igualtat a l&#8217;<em>ONU<\/em>, s&#8217;examinar\u00e0 per primera vegada a fons, des de 1995, compromisos complerts de governs, societat civil, sector empresarial i treballadores i treballadors dels mitjans sobre el que es va anomenar primer cap\u00edtol J, i m\u00e9s tard Annex 100 referit a la representaci\u00f3 femenina en els mitjans.<\/span><\/p>\n<p style=\"text-align: left;\"><span style=\"font-size: 10pt; font-family: 'trebuchet ms', geneva;\">L&#8217;any 2000, un nodrit grup de llatinoamericanes vam llan\u00e7ar una campanya anomenada Nosaltres Complim i Vost\u00e8s, Qu\u00e8?, reclamant als governs,\u00a0\u00a0que donessin m\u00e9s import\u00e0ncia a l&#8217;hora de fer pol\u00edtica, prenent mesures per canviar, el com i de quina manera els mitjans tracten la imatge de les dones, tot i que ja llavors,\u00a0\u00e9rem gaireb\u00e9 el 50 per cent de les treballadores i algunes, a Am\u00e8rica Llatina, directores o caps en molts mitjans.<\/span><\/p>\n<p style=\"text-align: left;\"><span style=\"font-size: 10pt; font-family: 'trebuchet ms', geneva;\">La participaci\u00f3 de la dona en els mitjans de difusi\u00f3 i les tecnologies de la informaci\u00f3 i les comunicacions, i l&#8217;acc\u00e9s de les dones a ells, aix\u00ed com les seves repercussions en l&#8217;aven\u00e7 i la potenciaci\u00f3 del paper de la dona i la seva utilitzaci\u00f3 amb aquests fins, forma part de les discussions, haur\u00e0 de tenir informes oficials i segurament alternatius. Ho presentar\u00e0 M\u00e8xic?<\/span><\/p>\n<p style=\"text-align: left;\"><span style=\"font-size: 10pt; font-family: 'trebuchet ms', geneva;\">Em temo que no, no podr\u00e0 informar de deb\u00f2, o b\u00e9 en cas d&#8217;informar segur que no reflectir\u00e0 el que realment est\u00e0 passant, perqu\u00e8 els hi han passat les mancances que he explicat abans. Ning\u00fa va examinar mai, l&#8217;impacte de les 63 publicacions, ning\u00fa va analitzar els seus continguts, ni sap a on van arribar, s&#8217;han dedicat a escriure manuals de llenguatge no sexista -no estic segura de qu\u00e8 volen dir; a publicar des de la talaia, cr\u00edtiques, sense con\u00e8ixer els m\u00e9s de mil mitjans impresos que circulen en pobles i comunitats, ni saber qu\u00e8 realment fan les i els senyors amb micr\u00f2fon a tot el pa\u00eds -que encara s&#8217;escolten i es veuen, no nom\u00e9s de xarxes socials viuen les dones- i per a qu\u00e8 dir del llenguatge, imatges i idees tremendes que circulen en les xarxes socials.<\/span><\/p>\n<p style=\"text-align: left;\"><span style=\"font-size: 10pt; font-family: 'trebuchet ms', geneva;\">Naturalment hi ha qui viu amb l&#8217;esquena dreta i parlen dels mitjans, sense haver trepitjat mai un dels seus centres de treball, o b\u00e9, nom\u00e9s hi han estat de pas, sense exercir el periodisme o la comunicaci\u00f3. El feminisme parla de rescatar l&#8217;experi\u00e8ncia de les dones, seria molt bo que aix\u00f2 es fes, en lloc de moure&#8217;s amb prejudicis i ignor<\/span>\u00e0ncia<span style=\"font-size: 10pt; font-family: 'trebuchet ms', geneva;\"> sobre el paper transformador dels mitjans, als que simplement se&#8217;ls cr\u00edtica i no se&#8217;ls modifica, per dins, com diria la meva amiga Joana Gallego. En fi. Ja ho veurem.<\/span><\/p>\n<p>\u00a0<\/p>\n<p>\u00a0<\/p>\n","protected":false},"excerpt":{"rendered":"<p>\u00a0 OPINI\u00d3 Les dones no som tractades amb just\u00edcia en els mitjans de comunicaci\u00f3. Els estereotips, la premsa groga, les mitges veritats i les distorsions s\u00f3n una cosa quotidiana.\u00a0<\/p>\n","protected":false},"author":50,"featured_media":34172,"comment_status":"open","ping_status":"closed","sticky":false,"template":"","format":"standard","meta":{"footnotes":""},"categories":[26660],"tags":[52950,48574],"class_list":["post-65739","post","type-post","status-publish","format-standard","has-post-thumbnail","hentry","category-opinio-mitjans-de-comunicacio-tics","tag-expreso-zakatecas","tag-sara-lovera-3"],"yoast_head":"<!-- This site is optimized with the Yoast SEO plugin v27.4 - https:\/\/yoast.com\/product\/yoast-seo-wordpress\/ -->\n<title>Els mitjans de comunicaci\u00f3 i les dones | La Independent<\/title>\n<meta name=\"description\" content=\"Les dones no som tractades amb just\u00edcia en els mitjans de comunicaci\u00f3. Els estereotips, la premsa groga, les mitges veritats i les distorsions s\u00f3n cosa quotidiana.\" \/>\n<meta name=\"robots\" content=\"index, follow, max-snippet:-1, max-image-preview:large, max-video-preview:-1\" \/>\n<link rel=\"canonical\" href=\"https:\/\/laindependent.cat\/en\/els-mitjans-de-comunicacio-i-les-dones\/\" \/>\n<meta property=\"og:locale\" content=\"en_US\" \/>\n<meta property=\"og:type\" content=\"article\" \/>\n<meta property=\"og:title\" content=\"Els mitjans de comunicaci\u00f3 i les dones | La Independent\" \/>\n<meta property=\"og:description\" content=\"Les dones no som tractades amb just\u00edcia en els mitjans de comunicaci\u00f3. Els estereotips, la premsa groga, les mitges veritats i les distorsions s\u00f3n cosa quotidiana.\" \/>\n<meta property=\"og:url\" content=\"https:\/\/laindependent.cat\/en\/els-mitjans-de-comunicacio-i-les-dones\/\" \/>\n<meta property=\"og:site_name\" content=\"La Independent\" \/>\n<meta property=\"article:published_time\" content=\"2018-02-14T22:04:30+00:00\" \/>\n<meta property=\"article:modified_time\" content=\"2025-08-10T15:45:41+00:00\" \/>\n<meta property=\"og:image\" content=\"https:\/\/laindependent.cat\/wp-content\/uploads\/2018\/02\/Sara_Lovera_55_copia_copia.png\" \/>\n\t<meta property=\"og:image:width\" content=\"400\" \/>\n\t<meta property=\"og:image:height\" content=\"303\" \/>\n\t<meta property=\"og:image:type\" content=\"image\/png\" \/>\n<meta name=\"author\" content=\"La Independent\" \/>\n<meta name=\"twitter:card\" content=\"summary_large_image\" \/>\n<meta name=\"twitter:label1\" content=\"Written by\" \/>\n\t<meta name=\"twitter:data1\" content=\"La Independent\" \/>\n\t<meta name=\"twitter:label2\" content=\"Est. reading time\" \/>\n\t<meta name=\"twitter:data2\" content=\"6 minutes\" \/>\n<script type=\"application\/ld+json\" class=\"yoast-schema-graph\">{\"@context\":\"https:\\\/\\\/schema.org\",\"@graph\":[{\"@type\":\"Article\",\"@id\":\"https:\\\/\\\/laindependent.cat\\\/en\\\/els-mitjans-de-comunicacio-i-les-dones\\\/#article\",\"isPartOf\":{\"@id\":\"https:\\\/\\\/laindependent.cat\\\/en\\\/els-mitjans-de-comunicacio-i-les-dones\\\/\"},\"author\":{\"name\":\"La Independent\",\"@id\":\"https:\\\/\\\/laindependent.cat\\\/en\\\/#\\\/schema\\\/person\\\/c65fe76464d3ea842196598c91a2991f\"},\"headline\":\"Els mitjans de comunicaci\u00f3 i les dones\",\"datePublished\":\"2018-02-14T22:04:30+00:00\",\"dateModified\":\"2025-08-10T15:45:41+00:00\",\"mainEntityOfPage\":{\"@id\":\"https:\\\/\\\/laindependent.cat\\\/en\\\/els-mitjans-de-comunicacio-i-les-dones\\\/\"},\"wordCount\":1312,\"commentCount\":0,\"publisher\":{\"@id\":\"https:\\\/\\\/laindependent.cat\\\/en\\\/#organization\"},\"image\":{\"@id\":\"https:\\\/\\\/laindependent.cat\\\/en\\\/els-mitjans-de-comunicacio-i-les-dones\\\/#primaryimage\"},\"thumbnailUrl\":\"https:\\\/\\\/laindependent.cat\\\/wp-content\\\/uploads\\\/2018\\\/02\\\/Sara_Lovera_55_copia_copia.png\",\"keywords\":[\"Expreso Zakatecas\",\"Sara Lovera\"],\"articleSection\":[\"Opini\u00f3: Mitjans de Comunicaci\u00f3 - TICS\"],\"inLanguage\":\"en-US\",\"potentialAction\":[{\"@type\":\"CommentAction\",\"name\":\"Comment\",\"target\":[\"https:\\\/\\\/laindependent.cat\\\/en\\\/els-mitjans-de-comunicacio-i-les-dones\\\/#respond\"]}]},{\"@type\":\"WebPage\",\"@id\":\"https:\\\/\\\/laindependent.cat\\\/en\\\/els-mitjans-de-comunicacio-i-les-dones\\\/\",\"url\":\"https:\\\/\\\/laindependent.cat\\\/en\\\/els-mitjans-de-comunicacio-i-les-dones\\\/\",\"name\":\"Els mitjans de comunicaci\u00f3 i les dones | La Independent\",\"isPartOf\":{\"@id\":\"https:\\\/\\\/laindependent.cat\\\/en\\\/#website\"},\"primaryImageOfPage\":{\"@id\":\"https:\\\/\\\/laindependent.cat\\\/en\\\/els-mitjans-de-comunicacio-i-les-dones\\\/#primaryimage\"},\"image\":{\"@id\":\"https:\\\/\\\/laindependent.cat\\\/en\\\/els-mitjans-de-comunicacio-i-les-dones\\\/#primaryimage\"},\"thumbnailUrl\":\"https:\\\/\\\/laindependent.cat\\\/wp-content\\\/uploads\\\/2018\\\/02\\\/Sara_Lovera_55_copia_copia.png\",\"datePublished\":\"2018-02-14T22:04:30+00:00\",\"dateModified\":\"2025-08-10T15:45:41+00:00\",\"description\":\"Les dones no som tractades amb just\u00edcia en els mitjans de comunicaci\u00f3. Els estereotips, la premsa groga, les mitges veritats i les distorsions s\u00f3n cosa quotidiana.\",\"breadcrumb\":{\"@id\":\"https:\\\/\\\/laindependent.cat\\\/en\\\/els-mitjans-de-comunicacio-i-les-dones\\\/#breadcrumb\"},\"inLanguage\":\"en-US\",\"potentialAction\":[{\"@type\":\"ReadAction\",\"target\":[\"https:\\\/\\\/laindependent.cat\\\/en\\\/els-mitjans-de-comunicacio-i-les-dones\\\/\"]}]},{\"@type\":\"ImageObject\",\"inLanguage\":\"en-US\",\"@id\":\"https:\\\/\\\/laindependent.cat\\\/en\\\/els-mitjans-de-comunicacio-i-les-dones\\\/#primaryimage\",\"url\":\"https:\\\/\\\/laindependent.cat\\\/wp-content\\\/uploads\\\/2018\\\/02\\\/Sara_Lovera_55_copia_copia.png\",\"contentUrl\":\"https:\\\/\\\/laindependent.cat\\\/wp-content\\\/uploads\\\/2018\\\/02\\\/Sara_Lovera_55_copia_copia.png\",\"width\":400,\"height\":303},{\"@type\":\"BreadcrumbList\",\"@id\":\"https:\\\/\\\/laindependent.cat\\\/en\\\/els-mitjans-de-comunicacio-i-les-dones\\\/#breadcrumb\",\"itemListElement\":[{\"@type\":\"ListItem\",\"position\":1,\"name\":\"Inici\",\"item\":\"https:\\\/\\\/laindependent.cat\\\/en\\\/\"},{\"@type\":\"ListItem\",\"position\":2,\"name\":\"Opinion\",\"item\":\"https:\\\/\\\/laindependent.cat\\\/en\\\/tema\\\/en-opinion\\\/\"},{\"@type\":\"ListItem\",\"position\":3,\"name\":\"Opini\u00f3: Mitjans de Comunicaci\u00f3 - TICS\",\"item\":\"https:\\\/\\\/laindependent.cat\\\/tema\\\/opinio\\\/opinio-mitjans-de-comunicacio-tics\\\/\"},{\"@type\":\"ListItem\",\"position\":4,\"name\":\"Els mitjans de comunicaci\u00f3 i les dones\"}]},{\"@type\":\"WebSite\",\"@id\":\"https:\\\/\\\/laindependent.cat\\\/en\\\/#website\",\"url\":\"https:\\\/\\\/laindependent.cat\\\/en\\\/\",\"name\":\"La Independent\",\"description\":\"Ag\u00e8ncia de not\u00edcies amb visi\u00f3 de g\u00e8nere\",\"publisher\":{\"@id\":\"https:\\\/\\\/laindependent.cat\\\/en\\\/#organization\"},\"alternateName\":\"Ag\u00e8ncia de not\u00edcies amb visi\u00f3 de g\u00e8nere\",\"potentialAction\":[{\"@type\":\"SearchAction\",\"target\":{\"@type\":\"EntryPoint\",\"urlTemplate\":\"https:\\\/\\\/laindependent.cat\\\/en\\\/?s={search_term_string}\"},\"query-input\":{\"@type\":\"PropertyValueSpecification\",\"valueRequired\":true,\"valueName\":\"search_term_string\"}}],\"inLanguage\":\"en-US\"},{\"@type\":\"Organization\",\"@id\":\"https:\\\/\\\/laindependent.cat\\\/en\\\/#organization\",\"name\":\"La Independent\",\"alternateName\":\"Ag\u00e8ncia de not\u00edcies amb visi\u00f3 de g\u00e8nere\",\"url\":\"https:\\\/\\\/laindependent.cat\\\/en\\\/\",\"logo\":{\"@type\":\"ImageObject\",\"inLanguage\":\"en-US\",\"@id\":\"https:\\\/\\\/laindependent.cat\\\/en\\\/#\\\/schema\\\/logo\\\/image\\\/\",\"url\":\"https:\\\/\\\/laindependent.cat\\\/wp-content\\\/uploads\\\/2022\\\/10\\\/logo-independent.svg\",\"contentUrl\":\"https:\\\/\\\/laindependent.cat\\\/wp-content\\\/uploads\\\/2022\\\/10\\\/logo-independent.svg\",\"width\":562,\"height\":78,\"caption\":\"La Independent\"},\"image\":{\"@id\":\"https:\\\/\\\/laindependent.cat\\\/en\\\/#\\\/schema\\\/logo\\\/image\\\/\"}},{\"@type\":\"Person\",\"@id\":\"https:\\\/\\\/laindependent.cat\\\/en\\\/#\\\/schema\\\/person\\\/c65fe76464d3ea842196598c91a2991f\",\"name\":\"La Independent\",\"image\":{\"@type\":\"ImageObject\",\"inLanguage\":\"en-US\",\"@id\":\"https:\\\/\\\/secure.gravatar.com\\\/avatar\\\/fb501cd2144195eb6f739879589f8fa1216b8d5045d48bf7e3f24013b91e04f8?s=96&d=blank&r=g\",\"url\":\"https:\\\/\\\/secure.gravatar.com\\\/avatar\\\/fb501cd2144195eb6f739879589f8fa1216b8d5045d48bf7e3f24013b91e04f8?s=96&d=blank&r=g\",\"contentUrl\":\"https:\\\/\\\/secure.gravatar.com\\\/avatar\\\/fb501cd2144195eb6f739879589f8fa1216b8d5045d48bf7e3f24013b91e04f8?s=96&d=blank&r=g\",\"caption\":\"La Independent\"},\"url\":\"https:\\\/\\\/laindependent.cat\\\/en\\\/author\\\/redaccio\\\/\"}]}<\/script>\n<!-- \/ Yoast SEO plugin. -->","yoast_head_json":{"title":"Els mitjans de comunicaci\u00f3 i les dones | La Independent","description":"Les dones no som tractades amb just\u00edcia en els mitjans de comunicaci\u00f3. Els estereotips, la premsa groga, les mitges veritats i les distorsions s\u00f3n cosa quotidiana.","robots":{"index":"index","follow":"follow","max-snippet":"max-snippet:-1","max-image-preview":"max-image-preview:large","max-video-preview":"max-video-preview:-1"},"canonical":"https:\/\/laindependent.cat\/en\/els-mitjans-de-comunicacio-i-les-dones\/","og_locale":"en_US","og_type":"article","og_title":"Els mitjans de comunicaci\u00f3 i les dones | La Independent","og_description":"Les dones no som tractades amb just\u00edcia en els mitjans de comunicaci\u00f3. Els estereotips, la premsa groga, les mitges veritats i les distorsions s\u00f3n cosa quotidiana.","og_url":"https:\/\/laindependent.cat\/en\/els-mitjans-de-comunicacio-i-les-dones\/","og_site_name":"La Independent","article_published_time":"2018-02-14T22:04:30+00:00","article_modified_time":"2025-08-10T15:45:41+00:00","og_image":[{"width":400,"height":303,"url":"https:\/\/laindependent.cat\/wp-content\/uploads\/2018\/02\/Sara_Lovera_55_copia_copia.png","type":"image\/png"}],"author":"La Independent","twitter_card":"summary_large_image","twitter_misc":{"Written by":"La Independent","Est. reading time":"6 minutes"},"schema":{"@context":"https:\/\/schema.org","@graph":[{"@type":"Article","@id":"https:\/\/laindependent.cat\/en\/els-mitjans-de-comunicacio-i-les-dones\/#article","isPartOf":{"@id":"https:\/\/laindependent.cat\/en\/els-mitjans-de-comunicacio-i-les-dones\/"},"author":{"name":"La Independent","@id":"https:\/\/laindependent.cat\/en\/#\/schema\/person\/c65fe76464d3ea842196598c91a2991f"},"headline":"Els mitjans de comunicaci\u00f3 i les dones","datePublished":"2018-02-14T22:04:30+00:00","dateModified":"2025-08-10T15:45:41+00:00","mainEntityOfPage":{"@id":"https:\/\/laindependent.cat\/en\/els-mitjans-de-comunicacio-i-les-dones\/"},"wordCount":1312,"commentCount":0,"publisher":{"@id":"https:\/\/laindependent.cat\/en\/#organization"},"image":{"@id":"https:\/\/laindependent.cat\/en\/els-mitjans-de-comunicacio-i-les-dones\/#primaryimage"},"thumbnailUrl":"https:\/\/laindependent.cat\/wp-content\/uploads\/2018\/02\/Sara_Lovera_55_copia_copia.png","keywords":["Expreso Zakatecas","Sara Lovera"],"articleSection":["Opini\u00f3: Mitjans de Comunicaci\u00f3 - TICS"],"inLanguage":"en-US","potentialAction":[{"@type":"CommentAction","name":"Comment","target":["https:\/\/laindependent.cat\/en\/els-mitjans-de-comunicacio-i-les-dones\/#respond"]}]},{"@type":"WebPage","@id":"https:\/\/laindependent.cat\/en\/els-mitjans-de-comunicacio-i-les-dones\/","url":"https:\/\/laindependent.cat\/en\/els-mitjans-de-comunicacio-i-les-dones\/","name":"Els mitjans de comunicaci\u00f3 i les dones | La Independent","isPartOf":{"@id":"https:\/\/laindependent.cat\/en\/#website"},"primaryImageOfPage":{"@id":"https:\/\/laindependent.cat\/en\/els-mitjans-de-comunicacio-i-les-dones\/#primaryimage"},"image":{"@id":"https:\/\/laindependent.cat\/en\/els-mitjans-de-comunicacio-i-les-dones\/#primaryimage"},"thumbnailUrl":"https:\/\/laindependent.cat\/wp-content\/uploads\/2018\/02\/Sara_Lovera_55_copia_copia.png","datePublished":"2018-02-14T22:04:30+00:00","dateModified":"2025-08-10T15:45:41+00:00","description":"Les dones no som tractades amb just\u00edcia en els mitjans de comunicaci\u00f3. Els estereotips, la premsa groga, les mitges veritats i les distorsions s\u00f3n cosa quotidiana.","breadcrumb":{"@id":"https:\/\/laindependent.cat\/en\/els-mitjans-de-comunicacio-i-les-dones\/#breadcrumb"},"inLanguage":"en-US","potentialAction":[{"@type":"ReadAction","target":["https:\/\/laindependent.cat\/en\/els-mitjans-de-comunicacio-i-les-dones\/"]}]},{"@type":"ImageObject","inLanguage":"en-US","@id":"https:\/\/laindependent.cat\/en\/els-mitjans-de-comunicacio-i-les-dones\/#primaryimage","url":"https:\/\/laindependent.cat\/wp-content\/uploads\/2018\/02\/Sara_Lovera_55_copia_copia.png","contentUrl":"https:\/\/laindependent.cat\/wp-content\/uploads\/2018\/02\/Sara_Lovera_55_copia_copia.png","width":400,"height":303},{"@type":"BreadcrumbList","@id":"https:\/\/laindependent.cat\/en\/els-mitjans-de-comunicacio-i-les-dones\/#breadcrumb","itemListElement":[{"@type":"ListItem","position":1,"name":"Inici","item":"https:\/\/laindependent.cat\/en\/"},{"@type":"ListItem","position":2,"name":"Opinion","item":"https:\/\/laindependent.cat\/en\/tema\/en-opinion\/"},{"@type":"ListItem","position":3,"name":"Opini\u00f3: Mitjans de Comunicaci\u00f3 - TICS","item":"https:\/\/laindependent.cat\/tema\/opinio\/opinio-mitjans-de-comunicacio-tics\/"},{"@type":"ListItem","position":4,"name":"Els mitjans de comunicaci\u00f3 i les dones"}]},{"@type":"WebSite","@id":"https:\/\/laindependent.cat\/en\/#website","url":"https:\/\/laindependent.cat\/en\/","name":"La Independent","description":"Ag\u00e8ncia de not\u00edcies amb visi\u00f3 de g\u00e8nere","publisher":{"@id":"https:\/\/laindependent.cat\/en\/#organization"},"alternateName":"Ag\u00e8ncia de not\u00edcies amb visi\u00f3 de g\u00e8nere","potentialAction":[{"@type":"SearchAction","target":{"@type":"EntryPoint","urlTemplate":"https:\/\/laindependent.cat\/en\/?s={search_term_string}"},"query-input":{"@type":"PropertyValueSpecification","valueRequired":true,"valueName":"search_term_string"}}],"inLanguage":"en-US"},{"@type":"Organization","@id":"https:\/\/laindependent.cat\/en\/#organization","name":"La Independent","alternateName":"Ag\u00e8ncia de not\u00edcies amb visi\u00f3 de g\u00e8nere","url":"https:\/\/laindependent.cat\/en\/","logo":{"@type":"ImageObject","inLanguage":"en-US","@id":"https:\/\/laindependent.cat\/en\/#\/schema\/logo\/image\/","url":"https:\/\/laindependent.cat\/wp-content\/uploads\/2022\/10\/logo-independent.svg","contentUrl":"https:\/\/laindependent.cat\/wp-content\/uploads\/2022\/10\/logo-independent.svg","width":562,"height":78,"caption":"La Independent"},"image":{"@id":"https:\/\/laindependent.cat\/en\/#\/schema\/logo\/image\/"}},{"@type":"Person","@id":"https:\/\/laindependent.cat\/en\/#\/schema\/person\/c65fe76464d3ea842196598c91a2991f","name":"La Independent","image":{"@type":"ImageObject","inLanguage":"en-US","@id":"https:\/\/secure.gravatar.com\/avatar\/fb501cd2144195eb6f739879589f8fa1216b8d5045d48bf7e3f24013b91e04f8?s=96&d=blank&r=g","url":"https:\/\/secure.gravatar.com\/avatar\/fb501cd2144195eb6f739879589f8fa1216b8d5045d48bf7e3f24013b91e04f8?s=96&d=blank&r=g","contentUrl":"https:\/\/secure.gravatar.com\/avatar\/fb501cd2144195eb6f739879589f8fa1216b8d5045d48bf7e3f24013b91e04f8?s=96&d=blank&r=g","caption":"La Independent"},"url":"https:\/\/laindependent.cat\/en\/author\/redaccio\/"}]}},"_links":{"self":[{"href":"https:\/\/laindependent.cat\/en\/wp-json\/wp\/v2\/posts\/65739","targetHints":{"allow":["GET"]}}],"collection":[{"href":"https:\/\/laindependent.cat\/en\/wp-json\/wp\/v2\/posts"}],"about":[{"href":"https:\/\/laindependent.cat\/en\/wp-json\/wp\/v2\/types\/post"}],"author":[{"embeddable":true,"href":"https:\/\/laindependent.cat\/en\/wp-json\/wp\/v2\/users\/50"}],"replies":[{"embeddable":true,"href":"https:\/\/laindependent.cat\/en\/wp-json\/wp\/v2\/comments?post=65739"}],"version-history":[{"count":0,"href":"https:\/\/laindependent.cat\/en\/wp-json\/wp\/v2\/posts\/65739\/revisions"}],"wp:featuredmedia":[{"embeddable":true,"href":"https:\/\/laindependent.cat\/en\/wp-json\/wp\/v2\/media\/34172"}],"wp:attachment":[{"href":"https:\/\/laindependent.cat\/en\/wp-json\/wp\/v2\/media?parent=65739"}],"wp:term":[{"taxonomy":"category","embeddable":true,"href":"https:\/\/laindependent.cat\/en\/wp-json\/wp\/v2\/categories?post=65739"},{"taxonomy":"post_tag","embeddable":true,"href":"https:\/\/laindependent.cat\/en\/wp-json\/wp\/v2\/tags?post=65739"}],"curies":[{"name":"wp","href":"https:\/\/api.w.org\/{rel}","templated":true}]}}