{"id":64505,"date":"2017-02-15T11:22:04","date_gmt":"2017-02-15T10:22:04","guid":{"rendered":"https:\/\/laindependent.cat\/barcelona-viii-jornada-anual-odee-reptes-i-compromisos-per-la-igualtat-de-genere-la-independent-noticies-genere\/"},"modified":"2017-02-15T11:22:04","modified_gmt":"2017-02-15T10:22:04","slug":"barcelona-viii-jornada-anual-odee-reptes-i-compromisos-per-la-igualtat-de-genere-la-independent-noticies-genere","status":"publish","type":"post","link":"https:\/\/laindependent.cat\/en\/barcelona-viii-jornada-anual-odee-reptes-i-compromisos-per-la-igualtat-de-genere-la-independent-noticies-genere\/","title":{"rendered":"Barcelona: VIII Jornada anual ODEE. Reptes i compromisos per la Igualtat de G\u00e8nere.\/  La Independent \/ Not\u00edcies G\u00e8nere"},"content":{"rendered":"<p style=\"text-align: left;\"><strong><span style=\"font-family: 'trebuchet ms', geneva; font-size: 10pt;\">El dimecres 1 de mar\u00e7 tindr\u00e0 lloc la Jornada la VIII Jornada Anual de l&#8217;Observatori Dona, Empresa i Economia (<span class=\"hiddenSpellError lazyload\" style=\"padding-bottom: 2px; background-image:inherit; background-repeat: repeat-x; background-position: left bottom; cursor: default;\" data-bg-image=\"url(&#039;images\/squiggle_red.png&#039;)\">ODEE<\/span>) al CaixaForum.\u00a0<\/span><span style=\"font-family: 'trebuchet ms', geneva; font-size: 10pt;\">La igualtat de g\u00e8nere en les empreses i les organitzacions representa una garantia d&#8217;\u00e8xit pel que fa a resultats, organitzaci\u00f3, meritocr\u00e0cia, transpar\u00e8ncia i valors humans. Aconseguir que l&#8217;any 2030 el 50% dels llocs de decisi\u00f3 estiguin ocupats per dones \u00e9s el principal repte de l&#8217;objectiu 5 de l&#8217;agenda 2030 de Nacions Unides.\u00a0<\/span><\/strong><\/p>\n<p style=\"text-align: left;\"><strong>\u00a0<\/strong><\/p>\n<p style=\"text-align: left;\"><span style=\"color: #666666; font-family: 'trebuchet ms', geneva; font-size: 10pt;\"><\/span><\/p>\n<p style=\"text-align: left;\">\u00a0<\/p>\n<p><!--more--><\/p>\n<p style=\"text-align: left;\">\u00a0<\/p>\n<p style=\"text-align: left;\"><span style=\"font-family: 'trebuchet ms', geneva; font-size: 10pt;\">Des de Catalunya l&#8217;<span class=\"hiddenSpellError lazyload\" style=\"padding-bottom: 2px; background-image:inherit; background-repeat: repeat-x; background-position: left bottom; cursor: default;\" data-bg-image=\"url(&#039;images\/squiggle_red.png&#039;)\">ODEE<\/span>\u00a0ha fet una diagnosi publicada i exposada gr\u00e0cies a l&#8217;elaboraci\u00f3 del primer indicador d&#8217;igualtat de g\u00e8nere a Catalunya, i tamb\u00e9 existeixen uns instruments magn\u00edfics en la Llei 17\/2015 d&#8217;Igualtat Efectiva de Dones i Homes, la Plataforma de Conselleres i Directives (<span class=\"hiddenSpellError lazyload\" style=\"padding-bottom: 2px; background-image:inherit; background-repeat: repeat-x; background-position: left bottom; cursor: default;\" data-bg-image=\"url(&#039;images\/squiggle_red.png&#039;)\">ODEE<\/span>), aix\u00ed com d&#8217;altres eines que busquen garantir la meritocr\u00e0cia, l&#8217;eliminaci\u00f3 de la bretxa salarial, la transpar\u00e8ncia i la igualtat d&#8217;oportunitats.\u00a0<\/span><span style=\"font-family: 'trebuchet ms', geneva; font-size: 10pt;\">Cal seguir treballant en aquesta direcci\u00f3 i, sobretot, posar en pr\u00e0ctica les mesures i les eines que ja tenim al nostre abast.<\/span><\/p>\n<p style=\"text-align: left;\">\u00a0<\/p>\n<p style=\"text-align: left;\"><span style=\"font-family: 'trebuchet ms', geneva; font-size: 10pt;\">\u00a0<\/span><span style=\"font-family: 'trebuchet ms', geneva; font-size: 10pt;\">La igualtat entre els g\u00e8neres no \u00e9s solament un dret hum\u00e0 fonamental, \u00e9s la base necess\u00e0ria per aconseguir un m\u00f3n pac\u00edfic, pr\u00f2sper i sostenible, perqu\u00e8 les dones estan arrelades a la vida i a la seva conservaci\u00f3 i, per tant, s\u00f3n motor de pau, d&#8217;equilibri i futur. Sabem que la humanitat est\u00e0 passant per un moment d&#8217;inflexi\u00f3 i que necessita una nova manera de veure el m\u00f3n; una mirada amb ulls de dona que aporti l&#8217;energia i la saviesa en la governan\u00e7a global.<\/span><\/p>\n<p style=\"text-align: left;\"><span style=\"font-family: 'trebuchet ms', geneva; font-size: 10pt;\">Per aix\u00f2, en la l\u00ednia de l&#8217;Agenda 2030 de Nacions Unides, s&#8217;ha volgut contribuir i col\u00b7laborar des del\u00a0<span class=\"hiddenSpellError lazyload\" style=\"padding-bottom: 2px; background-image:inherit; background-repeat: repeat-x; background-position: left bottom; cursor: default;\" data-bg-image=\"url(&#039;images\/squiggle_red.png&#039;)\">Women<\/span><span class=\"hiddenSpellError lazyload\" style=\"padding-bottom: 2px; background-image:inherit; background-repeat: repeat-x; background-position: left bottom; cursor: default;\" data-bg-image=\"url(&#039;images\/squiggle_red.png&#039;)\">360\u00ba Congress<\/span>\u00a0en la celebraci\u00f3 d&#8217;aquesta VIII Jornada anual de l&#8217;<span class=\"hiddenSpellError lazyload\" style=\"padding-bottom: 2px; background-image:inherit; background-repeat: repeat-x; background-position: left bottom; cursor: default;\" data-bg-image=\"url(&#039;images\/squiggle_red.png&#039;)\">ODEE<\/span>\u00a0per promoure l&#8217;Objectiu\u00a0<span class=\"hiddenSpellError lazyload\" style=\"padding-bottom: 2px; background-image:inherit; background-repeat: repeat-x; background-position: left bottom; cursor: default;\" data-bg-image=\"url(&#039;images\/squiggle_red.png&#039;)\">n\u00ba<\/span>5 &#8220;La Igualtat&#8221; i animar a tothom a sumar-se a aquest comprom\u00eds impulsant una representaci\u00f3 de 50\/50 (homes i dones) al m\u00f3n de l&#8217;empresa, organitzacions socials, centres de coneixement i educaci\u00f3, institucions i societat civil.<\/span><\/p>\n<p style=\"text-align: left;\"><span style=\"font-family: 'trebuchet ms', geneva; font-size: 10pt;\">Arribar al 2030 on el cinquanta per cert dels llocs de decisi\u00f3 estiguin ocupats per dones \u00e9s la condici\u00f3 sine qua non del compliment de l&#8217;agenda que NU s&#8217;ha fixat. La VIII Jornada de l&#8217;<span class=\"hiddenSpellError lazyload\" style=\"padding-bottom: 2px; background-image:inherit; background-repeat: repeat-x; background-position: left bottom; cursor: default;\" data-bg-image=\"url(&#039;images\/squiggle_red.png&#039;)\">ODEE<\/span>\u00a0ser\u00e0 el tret de sortida d&#8217;altres accions protagonitzades per plataformes de dones i associacions d&#8217;empres\u00e0ries i directives per promoure la Igualtat a Catalunya. Inscripci\u00f3 gratu\u00efta: <a href=\"mailto:lidia@lidiacodinachs.com\">lidia@lidiacodinachs.com<\/a><\/span><br style=\"color: #666666; font-family: 'Open Sans', Helvetica, Arial, sans-serif; font-size: 16px;\" \/><br style=\"color: #666666; font-family: 'Open Sans', Helvetica, Arial, sans-serif; font-size: 16px;\" \/><strong><span style=\"font-family: 'trebuchet ms', geneva; font-size: 10pt;\">Programa de la VIII Jornada Anual de l&#8217;<span class=\"hiddenSpellError lazyload\" style=\"padding-bottom: 2px; background-image:inherit; background-repeat: repeat-x; background-position: left bottom; cursor: default;\" data-bg-image=\"url(&#039;images\/squiggle_red.png&#039;)\">ODEE<\/span>\u00a02017.<\/span><\/strong><\/p>\n<p style=\"text-align: left;\"><span style=\"font-family: 'trebuchet ms', geneva; font-size: 10pt;\">5.15 h Acreditacions. 15.30 h Benvinguda del president de la Generalitat, <strong>Carles Puigdemont<\/strong>; \u00a0<strong>Carme Forcade<\/strong>ll, presidenta del Parlament de Catalunya; <strong>Miquel Valls<\/strong>, president de la Cambra Oficial de Comer\u00e7, Ind\u00fastria, Serveis i Navegaci\u00f3 de Barcelona; <strong>N\u00faria\u00a0<span class=\"hiddenSpellError lazyload\" style=\"padding-bottom: 2px; background-image:inherit; background-repeat: repeat-x; background-position: left bottom; cursor: default;\" data-bg-image=\"url(&#039;images\/squiggle_red.png&#039;)\">Lao<\/span><\/strong>, presidenta de l&#8217;Observatori Dona, Empresa i Economia de la Cambra de Comer\u00e7 de Barcelona; <strong>Elisa\u00a0<span class=\"hiddenSpellError lazyload\" style=\"padding-bottom: 2px; background-image:inherit; background-repeat: repeat-x; background-position: left bottom; cursor: default;\" data-bg-image=\"url(&#039;images\/squiggle_red.png&#039;)\">Dur\u00e1n<\/span><\/strong>, directora general adjunta de la Fundaci\u00f3 Banc\u00e0ria &#8220;la Caixa&#8221;<\/span><br style=\"color: #666666; font-family: 'Open Sans', Helvetica, Arial, sans-serif; font-size: 16px;\" \/><span style=\"font-family: 'trebuchet ms', geneva; font-size: 10pt;\"><\/span><\/p>\n<p style=\"text-align: left;\"><span style=\"font-family: 'trebuchet ms', geneva; font-size: 10pt;\">16.00 h Indicador d&#8217;Igualtat de g\u00e8nere de Catalunya 2015. <strong>\u00a0Anna\u00a0<span class=\"hiddenSpellError lazyload\" style=\"padding-bottom: 2px; background-image:inherit; background-repeat: repeat-x; background-position: left bottom; cursor: default;\" data-bg-image=\"url(&#039;images\/squiggle_red.png&#039;)\">Mercad\u00e9<\/span><\/strong>, directora de l&#8217;Observatori Dona, Empresa i\u00a0Economia\u00a0la Cambra de Comer\u00e7 de Barcelona.<\/span><br style=\"color: #666666; font-family: 'Open Sans', Helvetica, Arial, sans-serif; font-size: 16px;\" \/><span style=\"font-family: 'trebuchet ms', geneva; font-size: 10pt;\">Intervenen: <strong>Carme\u00a0<span class=\"hiddenSpellError lazyload\" style=\"padding-bottom: 2px; background-image:inherit; background-repeat: repeat-x; background-position: left bottom; cursor: default;\" data-bg-image=\"url(&#039;images\/squiggle_red.png&#039;)\">Poveda<\/span><\/strong>, directora d&#8217;An\u00e0lisi Econ\u00f2mica de la Cambra de Comer\u00e7 de Barcelona; <strong>Teresa Maria\u00a0<span class=\"hiddenSpellError lazyload\" style=\"padding-bottom: 2px; background-image:inherit; background-repeat: repeat-x; background-position: left bottom; cursor: default;\" data-bg-image=\"url(&#039;images\/squiggle_red.png&#039;)\">Pitarch<\/span><\/strong>, presidenta de l&#8217;Institut Catal\u00e0 de les Dones.<\/span><\/p>\n<p style=\"text-align: left;\"><span style=\"font-family: 'trebuchet ms', geneva; font-size: 10pt;\">16.45 h La Igualtat de g\u00e8nere objectiu 5 de l&#8217;Agenda 2030 de NU: Per qu\u00e8 la Igualtat de g\u00e8nere \u00e9s l&#8217;eix vertebrador del canvi global?<\/span><br style=\"color: #666666; font-family: 'Open Sans', Helvetica, Arial, sans-serif; font-size: 16px;\" \/><span style=\"font-family: 'trebuchet ms', geneva; font-size: 10pt;\"><strong>Cristina\u00a0<span class=\"hiddenSpellError lazyload\" style=\"padding-bottom: 2px; background-image:inherit; background-repeat: repeat-x; background-position: left bottom; cursor: default;\" data-bg-image=\"url(&#039;images\/squiggle_red.png&#039;)\">Gallach<\/span><\/strong>, secret\u00e0ria general adjunt de Comunicacions i Informaci\u00f3 P\u00fablica de les Nacions Unides<\/span><br style=\"color: #666666; font-family: 'Open Sans', Helvetica, Arial, sans-serif; font-size: 16px;\" \/><span style=\"font-family: 'trebuchet ms', geneva; font-size: 10pt;\"><\/span><\/p>\n<p style=\"text-align: left;\"><span style=\"font-family: 'trebuchet ms', geneva; font-size: 10pt;\">17.15 h Igualtat de g\u00e8nere i transpar\u00e8ncia: innovacions en el bon govern <strong>Gemma\u00a0<span class=\"hiddenSpellError lazyload\" style=\"padding-bottom: 2px; background-image:inherit; background-repeat: repeat-x; background-position: left bottom; cursor: default;\" data-bg-image=\"url(&#039;images\/squiggle_red.png&#039;)\">Calvet<\/span><\/strong>, directora de l&#8217;Ag\u00e8ncia de Transpar\u00e8ncia d&#8217;AMB<\/span><br style=\"color: #666666; font-family: 'Open Sans', Helvetica, Arial, sans-serif; font-size: 16px;\" \/><span style=\"font-family: 'trebuchet ms', geneva; font-size: 10pt;\"><\/span><\/p>\n<p style=\"text-align: left;\"><span style=\"font-family: 'trebuchet ms', geneva; font-size: 10pt;\">17.45 h Pausa\u00a0caf\u00e8<\/span><br style=\"color: #666666; font-family: 'Open Sans', Helvetica, Arial, sans-serif; font-size: 16px;\" \/><span style=\"font-family: 'trebuchet ms', geneva; font-size: 10pt;\"><\/span><\/p>\n<p style=\"text-align: left;\"><span style=\"font-family: 'trebuchet ms', geneva; font-size: 10pt;\">18.15 h Taula Rodona: La Igualtat de g\u00e8nere a les empreses, garantia d&#8217;\u00e8xit.<\/span><br style=\"color: #666666; font-family: 'Open Sans', Helvetica, Arial, sans-serif; font-size: 16px;\" \/><span style=\"font-family: 'trebuchet ms', geneva; font-size: 10pt;\"><span class=\"hiddenSpellError lazyload\" style=\"padding-bottom: 2px; background-image:inherit; background-repeat: repeat-x; background-position: left bottom; cursor: default;\" data-bg-image=\"url(&#039;images\/squiggle_red.png&#039;)\">Intervenen<\/span>: \u00a0<strong>Anna Gener,<\/strong> s\u00f2cia i directora general d&#8217;Aguirre\u00a0<span class=\"hiddenSpellError lazyload\" style=\"padding-bottom: 2px; background-image:inherit; background-repeat: repeat-x; background-position: left bottom; cursor: default;\" data-bg-image=\"url(&#039;images\/squiggle_red.png&#039;)\">Newman<\/span>\u00a0Barcelona; <strong>\u00a0Montse Serra<\/strong>, directora general de Grans Comptes d&#8217;<span class=\"hiddenSpellError lazyload\" style=\"padding-bottom: 2px; background-image:inherit; background-repeat: repeat-x; background-position: left bottom; cursor: default;\" data-bg-image=\"url(&#039;images\/squiggle_red.png&#039;)\">HP<\/span>; <strong>Teresa\u00a0<span class=\"hiddenSpellError lazyload\" style=\"padding-bottom: 2px; background-image:inherit; background-repeat: repeat-x; background-position: left bottom; cursor: default;\" data-bg-image=\"url(&#039;images\/squiggle_red.png&#039;)\">Manobens<\/span><\/strong>, directora de Gesti\u00f3 del Talent i Universitat Corporativa de Gas Natural Fenosa; \u00a0<strong><span class=\"hiddenSpellError lazyload\" style=\"padding-bottom: 2px; background-image:inherit; background-repeat: repeat-x; background-position: left bottom; cursor: default;\" data-bg-image=\"url(&#039;images\/squiggle_red.png&#039;)\">Bel\u00e9n\u00a0<\/span><span class=\"hiddenSpellError lazyload\" style=\"padding-bottom: 2px; background-image:inherit; background-repeat: repeat-x; background-position: left bottom; cursor: default;\" data-bg-image=\"url(&#039;images\/squiggle_red.png&#039;)\">Marr\u00f3n<\/span><\/strong>, directora corporativa en\u00a0<span class=\"hiddenSpellError lazyload\" style=\"padding-bottom: 2px; background-image:inherit; background-repeat: repeat-x; background-position: left bottom; cursor: default;\" data-bg-image=\"url(&#039;images\/squiggle_red.png&#039;)\">RSC<\/span>\u00a0de\u00a0<span class=\"hiddenSpellError lazyload\" style=\"padding-bottom: 2px; background-image:inherit; background-repeat: repeat-x; background-position: left bottom; cursor: default;\" data-bg-image=\"url(&#039;images\/squiggle_red.png&#039;)\">Quir\u00f3nsalut<\/span>. Moderador: <strong>\u00a0Llu\u00eds\u00a0<span class=\"hiddenSpellError lazyload\" style=\"padding-bottom: 2px; background-image:inherit; background-repeat: repeat-x; background-position: left bottom; cursor: default;\" data-bg-image=\"url(&#039;images\/squiggle_red.png&#039;)\">Reales<\/span><\/strong>, periodista\u00a0<span class=\"hiddenSpellError lazyload\" style=\"padding-bottom: 2px; background-image:inherit; background-repeat: repeat-x; background-position: left bottom; cursor: default;\" data-bg-image=\"url(&#039;images\/squiggle_red.png&#039;)\">@beteve<\/span>\u00a0i professor UAB.<\/span><\/p>\n<p style=\"text-align: left;\"><span style=\"font-family: 'trebuchet ms', geneva; font-size: 10pt;\">19.45 h Cloenda:<strong>\u00a0Neus\u00a0<span class=\"hiddenSpellError lazyload\" style=\"padding-bottom: 2px; background-image:inherit; background-repeat: repeat-x; background-position: left bottom; cursor: default;\" data-bg-image=\"url(&#039;images\/squiggle_red.png&#039;)\">Munt\u00e9<\/span><\/strong>, consellera de la Presid\u00e8ncia de la Generalitat de Catalunya<\/span><\/p>\n","protected":false},"excerpt":{"rendered":"<p>El dimecres 1 de mar\u00e7 tindr\u00e0 lloc la Jornada la VIII Jornada Anual de l&#8217;Observatori Dona, Empresa i Economia (ODEE) al CaixaForum.\u00a0La igualtat de g\u00e8nere en les empreses i les organitzacions representa una garantia d&#8217;\u00e8xit pel que fa a resultats, [&hellip;]<\/p>\n","protected":false},"author":92,"featured_media":33137,"comment_status":"open","ping_status":"","sticky":false,"template":"","format":"standard","meta":{"footnotes":""},"categories":[26411],"tags":[],"class_list":["post-64505","post","type-post","status-publish","format-standard","has-post-thumbnail","hentry","category-economia"],"yoast_head":"<!-- This site is optimized with the Yoast SEO plugin v27.4 - https:\/\/yoast.com\/product\/yoast-seo-wordpress\/ -->\n<title>Barcelona: VIII Jornada anual ODEE. Reptes i compromisos per la Igualtat de G\u00e8nere.\/ La Independent \/ Not\u00edcies G\u00e8nere | La Independent<\/title>\n<meta name=\"description\" content=\"El dimecres 1 de mar\u00e7 tindr\u00e0 lloc la Jornada la VIII Jornada Anual de l&#039;Observatori Dona, Empresa i Economia (ODEE) al CaixaForum.\u00a0La igualtat de g\u00e8nere\" \/>\n<meta name=\"robots\" content=\"index, follow, max-snippet:-1, max-image-preview:large, max-video-preview:-1\" \/>\n<link rel=\"canonical\" href=\"https:\/\/laindependent.cat\/en\/barcelona-viii-jornada-anual-odee-reptes-i-compromisos-per-la-igualtat-de-genere-la-independent-noticies-genere\/\" \/>\n<meta property=\"og:locale\" content=\"en_US\" \/>\n<meta property=\"og:type\" content=\"article\" \/>\n<meta property=\"og:title\" content=\"Barcelona: VIII Jornada anual ODEE. Reptes i compromisos per la Igualtat de G\u00e8nere.\/ La Independent \/ Not\u00edcies G\u00e8nere | La Independent\" \/>\n<meta property=\"og:description\" content=\"El dimecres 1 de mar\u00e7 tindr\u00e0 lloc la Jornada la VIII Jornada Anual de l&#039;Observatori Dona, Empresa i Economia (ODEE) al CaixaForum.\u00a0La igualtat de g\u00e8nere\" \/>\n<meta property=\"og:url\" content=\"https:\/\/laindependent.cat\/en\/barcelona-viii-jornada-anual-odee-reptes-i-compromisos-per-la-igualtat-de-genere-la-independent-noticies-genere\/\" \/>\n<meta property=\"og:site_name\" content=\"La Independent\" \/>\n<meta property=\"article:published_time\" content=\"2017-02-15T10:22:04+00:00\" \/>\n<meta name=\"author\" content=\"Marta Macias\" \/>\n<meta name=\"twitter:card\" content=\"summary_large_image\" \/>\n<meta name=\"twitter:label1\" content=\"Written by\" \/>\n\t<meta name=\"twitter:data1\" content=\"Marta Macias\" \/>\n\t<meta name=\"twitter:label2\" content=\"Est. reading time\" \/>\n\t<meta name=\"twitter:data2\" content=\"3 minutes\" \/>\n<script type=\"application\/ld+json\" class=\"yoast-schema-graph\">{\"@context\":\"https:\\\/\\\/schema.org\",\"@graph\":[{\"@type\":\"Article\",\"@id\":\"https:\\\/\\\/laindependent.cat\\\/en\\\/barcelona-viii-jornada-anual-odee-reptes-i-compromisos-per-la-igualtat-de-genere-la-independent-noticies-genere\\\/#article\",\"isPartOf\":{\"@id\":\"https:\\\/\\\/laindependent.cat\\\/en\\\/barcelona-viii-jornada-anual-odee-reptes-i-compromisos-per-la-igualtat-de-genere-la-independent-noticies-genere\\\/\"},\"author\":{\"name\":\"Marta Macias\",\"@id\":\"https:\\\/\\\/laindependent.cat\\\/en\\\/#\\\/schema\\\/person\\\/c1eb9e98668c1e658416f373cc03317c\"},\"headline\":\"Barcelona: VIII Jornada anual ODEE. Reptes i compromisos per la Igualtat de G\u00e8nere.\\\/ La Independent \\\/ Not\u00edcies G\u00e8nere\",\"datePublished\":\"2017-02-15T10:22:04+00:00\",\"mainEntityOfPage\":{\"@id\":\"https:\\\/\\\/laindependent.cat\\\/en\\\/barcelona-viii-jornada-anual-odee-reptes-i-compromisos-per-la-igualtat-de-genere-la-independent-noticies-genere\\\/\"},\"wordCount\":713,\"commentCount\":0,\"publisher\":{\"@id\":\"https:\\\/\\\/laindependent.cat\\\/en\\\/#organization\"},\"image\":{\"@id\":\"https:\\\/\\\/laindependent.cat\\\/en\\\/barcelona-viii-jornada-anual-odee-reptes-i-compromisos-per-la-igualtat-de-genere-la-independent-noticies-genere\\\/#primaryimage\"},\"thumbnailUrl\":\"https:\\\/\\\/laindependent.cat\\\/wp-content\\\/uploads\\\/2017\\\/02\\\/01aodee_jornada-2017.jpg\",\"articleSection\":[\"Economia\"],\"inLanguage\":\"en-US\",\"potentialAction\":[{\"@type\":\"CommentAction\",\"name\":\"Comment\",\"target\":[\"https:\\\/\\\/laindependent.cat\\\/en\\\/barcelona-viii-jornada-anual-odee-reptes-i-compromisos-per-la-igualtat-de-genere-la-independent-noticies-genere\\\/#respond\"]}]},{\"@type\":\"WebPage\",\"@id\":\"https:\\\/\\\/laindependent.cat\\\/en\\\/barcelona-viii-jornada-anual-odee-reptes-i-compromisos-per-la-igualtat-de-genere-la-independent-noticies-genere\\\/\",\"url\":\"https:\\\/\\\/laindependent.cat\\\/en\\\/barcelona-viii-jornada-anual-odee-reptes-i-compromisos-per-la-igualtat-de-genere-la-independent-noticies-genere\\\/\",\"name\":\"Barcelona: VIII Jornada anual ODEE. Reptes i compromisos per la Igualtat de G\u00e8nere.\\\/ La Independent \\\/ Not\u00edcies G\u00e8nere | La Independent\",\"isPartOf\":{\"@id\":\"https:\\\/\\\/laindependent.cat\\\/en\\\/#website\"},\"primaryImageOfPage\":{\"@id\":\"https:\\\/\\\/laindependent.cat\\\/en\\\/barcelona-viii-jornada-anual-odee-reptes-i-compromisos-per-la-igualtat-de-genere-la-independent-noticies-genere\\\/#primaryimage\"},\"image\":{\"@id\":\"https:\\\/\\\/laindependent.cat\\\/en\\\/barcelona-viii-jornada-anual-odee-reptes-i-compromisos-per-la-igualtat-de-genere-la-independent-noticies-genere\\\/#primaryimage\"},\"thumbnailUrl\":\"https:\\\/\\\/laindependent.cat\\\/wp-content\\\/uploads\\\/2017\\\/02\\\/01aodee_jornada-2017.jpg\",\"datePublished\":\"2017-02-15T10:22:04+00:00\",\"description\":\"El dimecres 1 de mar\u00e7 tindr\u00e0 lloc la Jornada la VIII Jornada Anual de l'Observatori Dona, Empresa i Economia (ODEE) al CaixaForum.\u00a0La igualtat de g\u00e8nere\",\"breadcrumb\":{\"@id\":\"https:\\\/\\\/laindependent.cat\\\/en\\\/barcelona-viii-jornada-anual-odee-reptes-i-compromisos-per-la-igualtat-de-genere-la-independent-noticies-genere\\\/#breadcrumb\"},\"inLanguage\":\"en-US\",\"potentialAction\":[{\"@type\":\"ReadAction\",\"target\":[\"https:\\\/\\\/laindependent.cat\\\/en\\\/barcelona-viii-jornada-anual-odee-reptes-i-compromisos-per-la-igualtat-de-genere-la-independent-noticies-genere\\\/\"]}]},{\"@type\":\"ImageObject\",\"inLanguage\":\"en-US\",\"@id\":\"https:\\\/\\\/laindependent.cat\\\/en\\\/barcelona-viii-jornada-anual-odee-reptes-i-compromisos-per-la-igualtat-de-genere-la-independent-noticies-genere\\\/#primaryimage\",\"url\":\"https:\\\/\\\/laindependent.cat\\\/wp-content\\\/uploads\\\/2017\\\/02\\\/01aodee_jornada-2017.jpg\",\"contentUrl\":\"https:\\\/\\\/laindependent.cat\\\/wp-content\\\/uploads\\\/2017\\\/02\\\/01aodee_jornada-2017.jpg\",\"width\":700,\"height\":233},{\"@type\":\"BreadcrumbList\",\"@id\":\"https:\\\/\\\/laindependent.cat\\\/en\\\/barcelona-viii-jornada-anual-odee-reptes-i-compromisos-per-la-igualtat-de-genere-la-independent-noticies-genere\\\/#breadcrumb\",\"itemListElement\":[{\"@type\":\"ListItem\",\"position\":1,\"name\":\"Inici\",\"item\":\"https:\\\/\\\/laindependent.cat\\\/en\\\/\"},{\"@type\":\"ListItem\",\"position\":2,\"name\":\"Economia i Treball\",\"item\":\"https:\\\/\\\/laindependent.cat\\\/tema\\\/economia-i-treball\\\/\"},{\"@type\":\"ListItem\",\"position\":3,\"name\":\"Economy\",\"item\":\"https:\\\/\\\/laindependent.cat\\\/en\\\/tema\\\/economy\\\/\"},{\"@type\":\"ListItem\",\"position\":4,\"name\":\"Barcelona: VIII Jornada anual ODEE. Reptes i compromisos per la Igualtat de G\u00e8nere.\\\/ La Independent \\\/ Not\u00edcies G\u00e8nere\"}]},{\"@type\":\"WebSite\",\"@id\":\"https:\\\/\\\/laindependent.cat\\\/en\\\/#website\",\"url\":\"https:\\\/\\\/laindependent.cat\\\/en\\\/\",\"name\":\"La Independent\",\"description\":\"Ag\u00e8ncia de not\u00edcies amb visi\u00f3 de g\u00e8nere\",\"publisher\":{\"@id\":\"https:\\\/\\\/laindependent.cat\\\/en\\\/#organization\"},\"alternateName\":\"Ag\u00e8ncia de not\u00edcies amb visi\u00f3 de g\u00e8nere\",\"potentialAction\":[{\"@type\":\"SearchAction\",\"target\":{\"@type\":\"EntryPoint\",\"urlTemplate\":\"https:\\\/\\\/laindependent.cat\\\/en\\\/?s={search_term_string}\"},\"query-input\":{\"@type\":\"PropertyValueSpecification\",\"valueRequired\":true,\"valueName\":\"search_term_string\"}}],\"inLanguage\":\"en-US\"},{\"@type\":\"Organization\",\"@id\":\"https:\\\/\\\/laindependent.cat\\\/en\\\/#organization\",\"name\":\"La Independent\",\"alternateName\":\"Ag\u00e8ncia de not\u00edcies amb visi\u00f3 de g\u00e8nere\",\"url\":\"https:\\\/\\\/laindependent.cat\\\/en\\\/\",\"logo\":{\"@type\":\"ImageObject\",\"inLanguage\":\"en-US\",\"@id\":\"https:\\\/\\\/laindependent.cat\\\/en\\\/#\\\/schema\\\/logo\\\/image\\\/\",\"url\":\"https:\\\/\\\/laindependent.cat\\\/wp-content\\\/uploads\\\/2022\\\/10\\\/logo-independent.svg\",\"contentUrl\":\"https:\\\/\\\/laindependent.cat\\\/wp-content\\\/uploads\\\/2022\\\/10\\\/logo-independent.svg\",\"width\":562,\"height\":78,\"caption\":\"La Independent\"},\"image\":{\"@id\":\"https:\\\/\\\/laindependent.cat\\\/en\\\/#\\\/schema\\\/logo\\\/image\\\/\"}},{\"@type\":\"Person\",\"@id\":\"https:\\\/\\\/laindependent.cat\\\/en\\\/#\\\/schema\\\/person\\\/c1eb9e98668c1e658416f373cc03317c\",\"name\":\"Marta Macias\",\"image\":{\"@type\":\"ImageObject\",\"inLanguage\":\"en-US\",\"@id\":\"https:\\\/\\\/secure.gravatar.com\\\/avatar\\\/a900a6efea0c435321c5ca9cae61515b665b172fb25c4bdec3b37d310eb2e647?s=96&d=blank&r=g\",\"url\":\"https:\\\/\\\/secure.gravatar.com\\\/avatar\\\/a900a6efea0c435321c5ca9cae61515b665b172fb25c4bdec3b37d310eb2e647?s=96&d=blank&r=g\",\"contentUrl\":\"https:\\\/\\\/secure.gravatar.com\\\/avatar\\\/a900a6efea0c435321c5ca9cae61515b665b172fb25c4bdec3b37d310eb2e647?s=96&d=blank&r=g\",\"caption\":\"Marta Macias\"},\"url\":\"https:\\\/\\\/laindependent.cat\\\/en\\\/author\\\/marta-macias\\\/\"}]}<\/script>\n<!-- \/ Yoast SEO plugin. -->","yoast_head_json":{"title":"Barcelona: VIII Jornada anual ODEE. Reptes i compromisos per la Igualtat de G\u00e8nere.\/ La Independent \/ Not\u00edcies G\u00e8nere | La Independent","description":"El dimecres 1 de mar\u00e7 tindr\u00e0 lloc la Jornada la VIII Jornada Anual de l'Observatori Dona, Empresa i Economia (ODEE) al CaixaForum.\u00a0La igualtat de g\u00e8nere","robots":{"index":"index","follow":"follow","max-snippet":"max-snippet:-1","max-image-preview":"max-image-preview:large","max-video-preview":"max-video-preview:-1"},"canonical":"https:\/\/laindependent.cat\/en\/barcelona-viii-jornada-anual-odee-reptes-i-compromisos-per-la-igualtat-de-genere-la-independent-noticies-genere\/","og_locale":"en_US","og_type":"article","og_title":"Barcelona: VIII Jornada anual ODEE. Reptes i compromisos per la Igualtat de G\u00e8nere.\/ La Independent \/ Not\u00edcies G\u00e8nere | La Independent","og_description":"El dimecres 1 de mar\u00e7 tindr\u00e0 lloc la Jornada la VIII Jornada Anual de l'Observatori Dona, Empresa i Economia (ODEE) al CaixaForum.\u00a0La igualtat de g\u00e8nere","og_url":"https:\/\/laindependent.cat\/en\/barcelona-viii-jornada-anual-odee-reptes-i-compromisos-per-la-igualtat-de-genere-la-independent-noticies-genere\/","og_site_name":"La Independent","article_published_time":"2017-02-15T10:22:04+00:00","author":"Marta Macias","twitter_card":"summary_large_image","twitter_misc":{"Written by":"Marta Macias","Est. reading time":"3 minutes"},"schema":{"@context":"https:\/\/schema.org","@graph":[{"@type":"Article","@id":"https:\/\/laindependent.cat\/en\/barcelona-viii-jornada-anual-odee-reptes-i-compromisos-per-la-igualtat-de-genere-la-independent-noticies-genere\/#article","isPartOf":{"@id":"https:\/\/laindependent.cat\/en\/barcelona-viii-jornada-anual-odee-reptes-i-compromisos-per-la-igualtat-de-genere-la-independent-noticies-genere\/"},"author":{"name":"Marta Macias","@id":"https:\/\/laindependent.cat\/en\/#\/schema\/person\/c1eb9e98668c1e658416f373cc03317c"},"headline":"Barcelona: VIII Jornada anual ODEE. Reptes i compromisos per la Igualtat de G\u00e8nere.\/ La Independent \/ Not\u00edcies G\u00e8nere","datePublished":"2017-02-15T10:22:04+00:00","mainEntityOfPage":{"@id":"https:\/\/laindependent.cat\/en\/barcelona-viii-jornada-anual-odee-reptes-i-compromisos-per-la-igualtat-de-genere-la-independent-noticies-genere\/"},"wordCount":713,"commentCount":0,"publisher":{"@id":"https:\/\/laindependent.cat\/en\/#organization"},"image":{"@id":"https:\/\/laindependent.cat\/en\/barcelona-viii-jornada-anual-odee-reptes-i-compromisos-per-la-igualtat-de-genere-la-independent-noticies-genere\/#primaryimage"},"thumbnailUrl":"https:\/\/laindependent.cat\/wp-content\/uploads\/2017\/02\/01aodee_jornada-2017.jpg","articleSection":["Economia"],"inLanguage":"en-US","potentialAction":[{"@type":"CommentAction","name":"Comment","target":["https:\/\/laindependent.cat\/en\/barcelona-viii-jornada-anual-odee-reptes-i-compromisos-per-la-igualtat-de-genere-la-independent-noticies-genere\/#respond"]}]},{"@type":"WebPage","@id":"https:\/\/laindependent.cat\/en\/barcelona-viii-jornada-anual-odee-reptes-i-compromisos-per-la-igualtat-de-genere-la-independent-noticies-genere\/","url":"https:\/\/laindependent.cat\/en\/barcelona-viii-jornada-anual-odee-reptes-i-compromisos-per-la-igualtat-de-genere-la-independent-noticies-genere\/","name":"Barcelona: VIII Jornada anual ODEE. Reptes i compromisos per la Igualtat de G\u00e8nere.\/ La Independent \/ Not\u00edcies G\u00e8nere | La Independent","isPartOf":{"@id":"https:\/\/laindependent.cat\/en\/#website"},"primaryImageOfPage":{"@id":"https:\/\/laindependent.cat\/en\/barcelona-viii-jornada-anual-odee-reptes-i-compromisos-per-la-igualtat-de-genere-la-independent-noticies-genere\/#primaryimage"},"image":{"@id":"https:\/\/laindependent.cat\/en\/barcelona-viii-jornada-anual-odee-reptes-i-compromisos-per-la-igualtat-de-genere-la-independent-noticies-genere\/#primaryimage"},"thumbnailUrl":"https:\/\/laindependent.cat\/wp-content\/uploads\/2017\/02\/01aodee_jornada-2017.jpg","datePublished":"2017-02-15T10:22:04+00:00","description":"El dimecres 1 de mar\u00e7 tindr\u00e0 lloc la Jornada la VIII Jornada Anual de l'Observatori Dona, Empresa i Economia (ODEE) al CaixaForum.\u00a0La igualtat de g\u00e8nere","breadcrumb":{"@id":"https:\/\/laindependent.cat\/en\/barcelona-viii-jornada-anual-odee-reptes-i-compromisos-per-la-igualtat-de-genere-la-independent-noticies-genere\/#breadcrumb"},"inLanguage":"en-US","potentialAction":[{"@type":"ReadAction","target":["https:\/\/laindependent.cat\/en\/barcelona-viii-jornada-anual-odee-reptes-i-compromisos-per-la-igualtat-de-genere-la-independent-noticies-genere\/"]}]},{"@type":"ImageObject","inLanguage":"en-US","@id":"https:\/\/laindependent.cat\/en\/barcelona-viii-jornada-anual-odee-reptes-i-compromisos-per-la-igualtat-de-genere-la-independent-noticies-genere\/#primaryimage","url":"https:\/\/laindependent.cat\/wp-content\/uploads\/2017\/02\/01aodee_jornada-2017.jpg","contentUrl":"https:\/\/laindependent.cat\/wp-content\/uploads\/2017\/02\/01aodee_jornada-2017.jpg","width":700,"height":233},{"@type":"BreadcrumbList","@id":"https:\/\/laindependent.cat\/en\/barcelona-viii-jornada-anual-odee-reptes-i-compromisos-per-la-igualtat-de-genere-la-independent-noticies-genere\/#breadcrumb","itemListElement":[{"@type":"ListItem","position":1,"name":"Inici","item":"https:\/\/laindependent.cat\/en\/"},{"@type":"ListItem","position":2,"name":"Economia i Treball","item":"https:\/\/laindependent.cat\/tema\/economia-i-treball\/"},{"@type":"ListItem","position":3,"name":"Economy","item":"https:\/\/laindependent.cat\/en\/tema\/economy\/"},{"@type":"ListItem","position":4,"name":"Barcelona: VIII Jornada anual ODEE. Reptes i compromisos per la Igualtat de G\u00e8nere.\/ La Independent \/ Not\u00edcies G\u00e8nere"}]},{"@type":"WebSite","@id":"https:\/\/laindependent.cat\/en\/#website","url":"https:\/\/laindependent.cat\/en\/","name":"La Independent","description":"Ag\u00e8ncia de not\u00edcies amb visi\u00f3 de g\u00e8nere","publisher":{"@id":"https:\/\/laindependent.cat\/en\/#organization"},"alternateName":"Ag\u00e8ncia de not\u00edcies amb visi\u00f3 de g\u00e8nere","potentialAction":[{"@type":"SearchAction","target":{"@type":"EntryPoint","urlTemplate":"https:\/\/laindependent.cat\/en\/?s={search_term_string}"},"query-input":{"@type":"PropertyValueSpecification","valueRequired":true,"valueName":"search_term_string"}}],"inLanguage":"en-US"},{"@type":"Organization","@id":"https:\/\/laindependent.cat\/en\/#organization","name":"La Independent","alternateName":"Ag\u00e8ncia de not\u00edcies amb visi\u00f3 de g\u00e8nere","url":"https:\/\/laindependent.cat\/en\/","logo":{"@type":"ImageObject","inLanguage":"en-US","@id":"https:\/\/laindependent.cat\/en\/#\/schema\/logo\/image\/","url":"https:\/\/laindependent.cat\/wp-content\/uploads\/2022\/10\/logo-independent.svg","contentUrl":"https:\/\/laindependent.cat\/wp-content\/uploads\/2022\/10\/logo-independent.svg","width":562,"height":78,"caption":"La Independent"},"image":{"@id":"https:\/\/laindependent.cat\/en\/#\/schema\/logo\/image\/"}},{"@type":"Person","@id":"https:\/\/laindependent.cat\/en\/#\/schema\/person\/c1eb9e98668c1e658416f373cc03317c","name":"Marta Macias","image":{"@type":"ImageObject","inLanguage":"en-US","@id":"https:\/\/secure.gravatar.com\/avatar\/a900a6efea0c435321c5ca9cae61515b665b172fb25c4bdec3b37d310eb2e647?s=96&d=blank&r=g","url":"https:\/\/secure.gravatar.com\/avatar\/a900a6efea0c435321c5ca9cae61515b665b172fb25c4bdec3b37d310eb2e647?s=96&d=blank&r=g","contentUrl":"https:\/\/secure.gravatar.com\/avatar\/a900a6efea0c435321c5ca9cae61515b665b172fb25c4bdec3b37d310eb2e647?s=96&d=blank&r=g","caption":"Marta Macias"},"url":"https:\/\/laindependent.cat\/en\/author\/marta-macias\/"}]}},"_links":{"self":[{"href":"https:\/\/laindependent.cat\/en\/wp-json\/wp\/v2\/posts\/64505","targetHints":{"allow":["GET"]}}],"collection":[{"href":"https:\/\/laindependent.cat\/en\/wp-json\/wp\/v2\/posts"}],"about":[{"href":"https:\/\/laindependent.cat\/en\/wp-json\/wp\/v2\/types\/post"}],"author":[{"embeddable":true,"href":"https:\/\/laindependent.cat\/en\/wp-json\/wp\/v2\/users\/92"}],"replies":[{"embeddable":true,"href":"https:\/\/laindependent.cat\/en\/wp-json\/wp\/v2\/comments?post=64505"}],"version-history":[{"count":0,"href":"https:\/\/laindependent.cat\/en\/wp-json\/wp\/v2\/posts\/64505\/revisions"}],"wp:featuredmedia":[{"embeddable":true,"href":"https:\/\/laindependent.cat\/en\/wp-json\/wp\/v2\/media\/33137"}],"wp:attachment":[{"href":"https:\/\/laindependent.cat\/en\/wp-json\/wp\/v2\/media?parent=64505"}],"wp:term":[{"taxonomy":"category","embeddable":true,"href":"https:\/\/laindependent.cat\/en\/wp-json\/wp\/v2\/categories?post=64505"},{"taxonomy":"post_tag","embeddable":true,"href":"https:\/\/laindependent.cat\/en\/wp-json\/wp\/v2\/tags?post=64505"}],"curies":[{"name":"wp","href":"https:\/\/api.w.org\/{rel}","templated":true}]}}