{"id":63637,"date":"2016-07-06T15:04:26","date_gmt":"2016-07-06T13:04:26","guid":{"rendered":"https:\/\/laindependent.cat\/les-dones-com-a-protagonistes-al-mon-digital-2\/"},"modified":"2016-07-06T15:04:26","modified_gmt":"2016-07-06T13:04:26","slug":"les-dones-com-a-protagonistes-al-mon-digital-2","status":"publish","type":"post","link":"https:\/\/laindependent.cat\/en\/les-dones-com-a-protagonistes-al-mon-digital-2\/","title":{"rendered":"Les dones com a protagonistes al m\u00f3n digital"},"content":{"rendered":"<div class=\"jfdefaulttext\">There are no translations available.<\/div>\n<p>\u00a0<\/p>\n<p style=\"text-align: left;\"><span style=\"font-family: trebuchet ms,geneva; font-size: 10pt;\"><img decoding=\"async\" class=\"size-full wp-image-32343 lazyload\" style=\"--smush-placeholder-width: 125px; --smush-placeholder-aspect-ratio: 125\/181;display: block; margin-left: auto; margin-right: auto;\" data-src=\"https:\/\/laindependent.cat\/wp-content\/uploads\/2016\/07\/Sheryl_D.Miller0.jpg\" alt=\"Sheryl D.Miller0\" width=\"125\" height=\"181\" src=\"data:image\/svg+xml;base64,PHN2ZyB3aWR0aD0iMSIgaGVpZ2h0PSIxIiB4bWxucz0iaHR0cDovL3d3dy53My5vcmcvMjAwMC9zdmciPjwvc3ZnPg==\" \/><\/span><\/p>\n<p style=\"text-align: left;\">\u00a0<\/p>\n<p style=\"text-align: left;\"><span style=\"font-family: trebuchet ms,geneva; font-size: 10pt;\"><strong>El passat 28 de juny un grup de dones periodistes provinents de diversos pa\u00efsos europeus, v\u00e0ries de La Independent, i participants a la xarxa <a href=\"http:\/\/www.unesco.org\/new\/en\/communication-and-information\/crosscutting-priorities\/gender-and-media\/global-alliance-on-media-and-gender\/about-gamag\/gamag-regional-chapters\/\">GAMAG Europe<\/a>, vam tenir la ocasi\u00f3 de ser rebudes i con\u00e8ixer la iniciativa del<a href=\"http:\/\/dlii.org\/\"> Digital Leadership Institute<\/a>\u00a0 a B\u00e8lgica.<\/strong><\/span><\/p>\n<p><!--more--><\/p>\n<p style=\"text-align: left;\"><span style=\"font-family: trebuchet ms,geneva; font-size: 10pt;\">Una organitzaci\u00f3 sense \u00e0nim de lucre que treballa des de fa 2 anys a Brussel\u00b7les amb l\u2019objectiu d\u2019incrementar la participaci\u00f3 de les noies i dones en les carreres relacionades amb les ci\u00e8ncies, les noves tecnologies, les enginyeries i les matem\u00e0tiques (els anomenats estudis ESTEAM).<\/span><\/p>\n<p style=\"text-align: left;\"><span style=\"font-family: trebuchet ms,geneva; font-size: 10pt;\">El DLI tamb\u00e9 pret\u00e9n fomentar la visibilitat i el lideratge de les dones en el m\u00f3n digital, sigui com a emprenedores, productores i\/o protagonistes dels continguts aix\u00ed com promoure la transformaci\u00f3 digital inclusiva i amb perspectiva de g\u00e8nere als sectors m\u00e9s estrat\u00e8gics i innovadors de l\u2019economia.<\/span><\/p>\n<p style=\"text-align: left;\">\u00a0<\/p>\n<p style=\"text-align: left;\">\u00a0<\/p>\n<p style=\"text-align: left;\">\u00a0<\/p>\n<p style=\"text-align: left;\"><span style=\"font-family: trebuchet ms,geneva; font-size: 10pt;\"><img decoding=\"async\" class=\"size-full wp-image-32344 lazyload\" data-src=\"https:\/\/laindependent.cat\/wp-content\/uploads\/2016\/07\/Sheryl_D.Miller1.jpg\" alt=\"Sheryl D.Miller1\" width=\"196\" height=\"191\" data-srcset=\"https:\/\/laindependent.cat\/wp-content\/uploads\/2016\/07\/Sheryl_D.Miller1.jpg 400w, https:\/\/laindependent.cat\/wp-content\/uploads\/2016\/07\/Sheryl_D.Miller1-300x293.jpg 300w\" data-sizes=\"(max-width: 196px) 100vw, 196px\" src=\"data:image\/svg+xml;base64,PHN2ZyB3aWR0aD0iMSIgaGVpZ2h0PSIxIiB4bWxucz0iaHR0cDovL3d3dy53My5vcmcvMjAwMC9zdmciPjwvc3ZnPg==\" style=\"--smush-placeholder-width: 196px; --smush-placeholder-aspect-ratio: 196\/191;\" \/>\u00a0 <img decoding=\"async\" class=\"size-full wp-image-32345 lazyload\" data-src=\"https:\/\/laindependent.cat\/wp-content\/uploads\/2016\/07\/Sheryl_D.Miller2.jpg\" alt=\"Sheryl D.Miller2\" width=\"170\" height=\"193\" data-srcset=\"https:\/\/laindependent.cat\/wp-content\/uploads\/2016\/07\/Sheryl_D.Miller2.jpg 400w, https:\/\/laindependent.cat\/wp-content\/uploads\/2016\/07\/Sheryl_D.Miller2-265x300.jpg 265w\" data-sizes=\"(max-width: 170px) 100vw, 170px\" src=\"data:image\/svg+xml;base64,PHN2ZyB3aWR0aD0iMSIgaGVpZ2h0PSIxIiB4bWxucz0iaHR0cDovL3d3dy53My5vcmcvMjAwMC9zdmciPjwvc3ZnPg==\" style=\"--smush-placeholder-width: 170px; --smush-placeholder-aspect-ratio: 170\/193;\" \/><br \/><\/span><\/p>\n<p style=\"text-align: left;\"><span style=\"font-family: trebuchet ms,geneva; font-size: 10pt;\"><img decoding=\"async\" class=\"size-full wp-image-32346 lazyload\" data-src=\"https:\/\/laindependent.cat\/wp-content\/uploads\/2016\/07\/Sheryl_D.Miller3.jpg\" alt=\"Sheryl D.Miller3\" width=\"172\" height=\"202\" data-srcset=\"https:\/\/laindependent.cat\/wp-content\/uploads\/2016\/07\/Sheryl_D.Miller3.jpg 400w, https:\/\/laindependent.cat\/wp-content\/uploads\/2016\/07\/Sheryl_D.Miller3-255x300.jpg 255w\" data-sizes=\"(max-width: 172px) 100vw, 172px\" src=\"data:image\/svg+xml;base64,PHN2ZyB3aWR0aD0iMSIgaGVpZ2h0PSIxIiB4bWxucz0iaHR0cDovL3d3dy53My5vcmcvMjAwMC9zdmciPjwvc3ZnPg==\" style=\"--smush-placeholder-width: 172px; --smush-placeholder-aspect-ratio: 172\/202;\" \/>\u00a0\u00a0 <img decoding=\"async\" class=\"size-full wp-image-32347 lazyload\" data-src=\"https:\/\/laindependent.cat\/wp-content\/uploads\/2016\/07\/Sheryl_D.Miller4.jpg\" alt=\"Sheryl D.Miller4\" width=\"180\" height=\"198\" data-srcset=\"https:\/\/laindependent.cat\/wp-content\/uploads\/2016\/07\/Sheryl_D.Miller4.jpg 400w, https:\/\/laindependent.cat\/wp-content\/uploads\/2016\/07\/Sheryl_D.Miller4-273x300.jpg 273w\" data-sizes=\"(max-width: 180px) 100vw, 180px\" src=\"data:image\/svg+xml;base64,PHN2ZyB3aWR0aD0iMSIgaGVpZ2h0PSIxIiB4bWxucz0iaHR0cDovL3d3dy53My5vcmcvMjAwMC9zdmciPjwvc3ZnPg==\" style=\"--smush-placeholder-width: 180px; --smush-placeholder-aspect-ratio: 180\/198;\" \/><br \/><\/span><\/p>\n<p style=\"text-align: left;\">\u00a0<\/p>\n<p style=\"text-align: left;\">\u00a0<\/p>\n<p style=\"text-align: left;\"><span style=\"font-family: trebuchet ms,geneva; font-size: 10pt;\">Situat al bel mig del barri de les institucions europees,\u00a0 <a href=\"https:\/\/www.linkedin.com\/in\/cheryldmiller\"><strong>Sheryl D.Miller<\/strong><\/a>, estadounidenca d\u2019or\u00edgen per\u00f2 belga d\u2019adopci\u00f3, n&#8217;\u00e9s la directora executiva i co-fundadora de l\u2019organitzaci\u00f3, ens va obrir les portes del DLI per explicar-nos els seus objectius i projectes: \u201c volem transformar el m\u00f3n digital amb la pres\u00e8ncia activa de les dones; un dels principals reptes que tenim \u00e9s el de millorar la imatge de les dones als mitjans tant digitals com convencionals, una imatge molt estereotipada i discriminat\u00f2ria\u201d.<\/span><\/p>\n<p style=\"text-align: left;\">\u00a0<\/p>\n<p style=\"text-align: left;\"><strong><span style=\"font-family: trebuchet ms,geneva; font-size: 10pt;\">Dones i TiCs<\/span><\/strong><\/p>\n<p style=\"text-align: left;\"><span style=\"font-family: trebuchet ms,geneva; font-size: 10pt;\">Un dels seus projectes estrella es la xarxa <a href=\"http:\/\/digitalmuse.org\/\">Digital Muse<\/a> (musa digital), amb el que volen promoure l\u2019\u00fas de les noves tecnologies de la informaci\u00f3 entre les adolescents de 11 a 15 anys \u201cper tal que puguin fer sentir la seva veu i explicar la seva pr\u00f2pia hist\u00f2ria amb contingut propi fet per elles\u201d, explica Miller. En aquest sentit, tamb\u00e9 impulsen els <a href=\"http:\/\/adaawards.com\/\">AdaAwards<\/a>, uns premis que reconeixen a les noies i dones que han destacat en els estudis i carreres digitals, la xarxa global de espais digitals i fablabs \u00a0<a href=\"http:\/\/g-hive.org\/\">g-hive.org<\/a>, \u00a0que promou l\u2019educaci\u00f3 i la creaci\u00f3 digital de les noies i formen part de la plataforma europea <strong>Girls Code Europe<\/strong> (les noies programen Europa). La Sheryl D. Miller ho te clar: \u201chem de fer m\u00e9s atractives les TICs i la inform\u00e0tica per a les noies\u201d.<\/span><\/p>\n<p style=\"text-align: left;\"><span style=\"font-family: trebuchet ms,geneva; font-size: 10pt;\">Per altra banda, a trav\u00e9s del seu projecte <strong>Digital Leadership Academy<\/strong> (Acad\u00e8mia de Lideratge Digital), treballen amb dones adultes en llocs de decisi\u00f3, fins i tot eurodiputades, per tal d\u2019ajudar-les a desenvolupar el seu lideratge digital.\u00a0 Tamb\u00e9 ajuden a fer xarxa entre dones que volen desenvolupar els seus projectes empresarials a traves de <a href=\"http:\/\/inqube.eu\/\">inQube<\/a>, una plataforma online de mentoratge i acceleradora de startups digitals creades per dones.<\/span><\/p>\n<p style=\"text-align: left;\">\u00a0<\/p>\n<p style=\"text-align: left;\">\u00a0<\/p>\n<p style=\"text-align: left;\">\u00a0<\/p>\n<p style=\"text-align: left;\"><span style=\"font-family: trebuchet ms,geneva; font-size: 10pt;\"><img decoding=\"async\" class=\"size-full wp-image-32348 lazyload\" style=\"--smush-placeholder-width: 377px; --smush-placeholder-aspect-ratio: 377\/281;display: block; margin-left: auto; margin-right: auto;\" data-src=\"https:\/\/laindependent.cat\/wp-content\/uploads\/2016\/07\/Sheryl_D.Miller5.jpg\" alt=\"Sheryl D.Miller5\" width=\"377\" height=\"281\" data-srcset=\"https:\/\/laindependent.cat\/wp-content\/uploads\/2016\/07\/Sheryl_D.Miller5.jpg 400w, https:\/\/laindependent.cat\/wp-content\/uploads\/2016\/07\/Sheryl_D.Miller5-300x224.jpg 300w\" data-sizes=\"(max-width: 377px) 100vw, 377px\" src=\"data:image\/svg+xml;base64,PHN2ZyB3aWR0aD0iMSIgaGVpZ2h0PSIxIiB4bWxucz0iaHR0cDovL3d3dy53My5vcmcvMjAwMC9zdmciPjwvc3ZnPg==\" \/><\/span><\/p>\n<p style=\"text-align: left;\">\u00a0<\/p>\n<p style=\"text-align: left;\">\u00a0<\/p>\n<p style=\"text-align: left;\"><span style=\"font-family: trebuchet ms,geneva; font-size: 10pt;\">El seu projecte estrella \u00e9s, per\u00f2, el <a href=\"http:\/\/www.eventbrite.com\/e\/move-it-forward-for-women-refugees-female-digital-starters-weekend-tickets-25775319675\">Move it Forward event<\/a>, un esdeveniment de cap de setmana que reuneix tant a noies adolescents com a dones adultes de tota la regi\u00f3 de Brussel\u00b7les per desenvolupar les seves capacitats tecnol\u00f2giques a trav\u00e9s de projectes digitals que ajudin a solucionar problemes actuals, com va ser en el cas de la darrera edici\u00f3, al novembre del 2015, sobre ciberviol\u00e8ncia. El proper ser\u00e0 a l\u2019octubre d\u2019enguany, en el marc de la <a href=\"http:\/\/codeweek.eu\/\">Code Week Europoe 2016<\/a>, on es desenvoluparan projectes per donar suport a dones refugiades i demandants d\u2019asil a Europa.<\/span><\/p>\n<p style=\"text-align: left;\">\u00a0<\/p>\n<p style=\"text-align: left;\"><span style=\"font-family: trebuchet ms,geneva; font-size: 10pt;\">\u00a0<\/span><\/p>\n<p style=\"text-align: left;\">\u00a0<\/p>\n<p style=\"text-align: left;\"><span style=\"font-family: trebuchet ms,geneva; font-size: 10pt;\">\u00a0<\/span><\/p>\n<p style=\"text-align: left;\">\u00a0<\/p>\n<p style=\"text-align: left;\"><span style=\"font-family: trebuchet ms,geneva; font-size: 10pt;\"><img decoding=\"async\" class=\"size-full wp-image-32349 lazyload\" style=\"--smush-placeholder-width: 331px; --smush-placeholder-aspect-ratio: 331\/247;display: block; margin-left: auto; margin-right: auto;\" data-src=\"https:\/\/laindependent.cat\/wp-content\/uploads\/2016\/07\/Sheryl_D.Miller6.jpg\" alt=\"Sheryl D.Miller6\" width=\"331\" height=\"247\" data-srcset=\"https:\/\/laindependent.cat\/wp-content\/uploads\/2016\/07\/Sheryl_D.Miller6.jpg 400w, https:\/\/laindependent.cat\/wp-content\/uploads\/2016\/07\/Sheryl_D.Miller6-300x224.jpg 300w\" data-sizes=\"(max-width: 331px) 100vw, 331px\" src=\"data:image\/svg+xml;base64,PHN2ZyB3aWR0aD0iMSIgaGVpZ2h0PSIxIiB4bWxucz0iaHR0cDovL3d3dy53My5vcmcvMjAwMC9zdmciPjwvc3ZnPg==\" \/><\/span><\/p>\n<p style=\"text-align: left;\">\u00a0<\/p>\n<p style=\"text-align: left;\">\u00a0<\/p>\n<p style=\"text-align: left;\">\u00a0<\/p>\n<p style=\"text-align: left;\"><span style=\"font-family: trebuchet ms,geneva; font-size: 10pt;\"><span style=\"font-family: trebuchet ms,geneva; font-size: 10pt;\"><span style=\"font-family: trebuchet ms,geneva; font-size: 10pt;\">En total, en 9 mesos, m\u00e9s de 400 noies i dones han participat en els seus<\/span> programe<\/span>s, tots amb el suport d\u2019empreses tecnol\u00f2giques, per\u00f2 amb cap suport p\u00fablic. \u201cHem de continuar treballant en xarxa amb altres comunitats i organitzacions de dones, no nom\u00e9s aqu\u00ed sin\u00f3 arreu d\u2019Europa, ja que volem estendre els nostres projectes a d\u2019altres pa\u00efsos\u201d, diu Miller. Va ser una trobada inspiradora i amb probabilitats de desenvolupar projectes conjunts en el marc de la recentment creada GAMAG Europa. I \u00e9s que la bretxa digital de g\u00e8nere encara \u00e9s una realitat a tot el continent a on sembla que la igualtat no ha arribat al m\u00f3n de les TICs.<\/span><\/p>\n<p style=\"text-align: left;\">\u00a0<\/p>\n<p style=\"text-align: left;\">\u00a0<\/p>\n<p style=\"text-align: left;\">\u00a0<\/p>\n","protected":false},"excerpt":{"rendered":"<p>There are no translations available. \u00a0 \u00a0 El passat 28 de juny un grup de dones periodistes provinents de diversos pa\u00efsos europeus, v\u00e0ries de La Independent, i participants a la xarxa GAMAG Europe, vam tenir la ocasi\u00f3 de ser rebudes [&hellip;]<\/p>\n","protected":false},"author":98,"featured_media":32343,"comment_status":"open","ping_status":"","sticky":false,"template":"","format":"standard","meta":{"footnotes":""},"categories":[1],"tags":[38332,36829,38335,38333],"class_list":["post-63637","post","type-post","status-publish","format-standard","has-post-thumbnail","hentry","category-la-independent","tag-bretxa-digital-de-genere","tag-bruxelles","tag-digital-leadership-institute","tag-dones-programadores"],"yoast_head":"<!-- This site is optimized with the Yoast SEO plugin v27.4 - https:\/\/yoast.com\/product\/yoast-seo-wordpress\/ -->\n<title>Les dones com a protagonistes al m\u00f3n digital | La Independent<\/title>\n<meta name=\"description\" content=\"There are no translations available. \u00a0 \u00a0 El passat 28 de juny un grup de dones periodistes provinents de diversos pa\u00efsos europeus, v\u00e0ries de La\" \/>\n<meta name=\"robots\" content=\"index, follow, max-snippet:-1, max-image-preview:large, max-video-preview:-1\" \/>\n<link rel=\"canonical\" href=\"https:\/\/laindependent.cat\/en\/les-dones-com-a-protagonistes-al-mon-digital-2\/\" \/>\n<meta property=\"og:locale\" content=\"en_US\" \/>\n<meta property=\"og:type\" content=\"article\" \/>\n<meta property=\"og:title\" content=\"Les dones com a protagonistes al m\u00f3n digital | La Independent\" \/>\n<meta property=\"og:description\" content=\"There are no translations available. \u00a0 \u00a0 El passat 28 de juny un grup de dones periodistes provinents de diversos pa\u00efsos europeus, v\u00e0ries de La\" \/>\n<meta property=\"og:url\" content=\"https:\/\/laindependent.cat\/en\/les-dones-com-a-protagonistes-al-mon-digital-2\/\" \/>\n<meta property=\"og:site_name\" content=\"La Independent\" \/>\n<meta property=\"article:published_time\" content=\"2016-07-06T13:04:26+00:00\" \/>\n<meta property=\"og:image\" content=\"https:\/\/laindependent.cat\/wp-content\/uploads\/2016\/07\/Sheryl_D.Miller0.jpg\" \/>\n<meta name=\"author\" content=\"Elena Tarifa\" \/>\n<meta name=\"twitter:card\" content=\"summary_large_image\" \/>\n<meta name=\"twitter:label1\" content=\"Written by\" \/>\n\t<meta name=\"twitter:data1\" content=\"Elena Tarifa\" \/>\n\t<meta name=\"twitter:label2\" content=\"Est. reading time\" \/>\n\t<meta name=\"twitter:data2\" content=\"3 minutes\" \/>\n<script type=\"application\/ld+json\" class=\"yoast-schema-graph\">{\"@context\":\"https:\\\/\\\/schema.org\",\"@graph\":[{\"@type\":\"Article\",\"@id\":\"https:\\\/\\\/laindependent.cat\\\/en\\\/les-dones-com-a-protagonistes-al-mon-digital-2\\\/#article\",\"isPartOf\":{\"@id\":\"https:\\\/\\\/laindependent.cat\\\/en\\\/les-dones-com-a-protagonistes-al-mon-digital-2\\\/\"},\"author\":{\"name\":\"Elena Tarifa\",\"@id\":\"https:\\\/\\\/laindependent.cat\\\/en\\\/#\\\/schema\\\/person\\\/232b8e3a8222b5f90212a8851dba4a12\"},\"headline\":\"Les dones com a protagonistes al m\u00f3n digital\",\"datePublished\":\"2016-07-06T13:04:26+00:00\",\"mainEntityOfPage\":{\"@id\":\"https:\\\/\\\/laindependent.cat\\\/en\\\/les-dones-com-a-protagonistes-al-mon-digital-2\\\/\"},\"wordCount\":680,\"commentCount\":0,\"publisher\":{\"@id\":\"https:\\\/\\\/laindependent.cat\\\/en\\\/#organization\"},\"image\":{\"@id\":\"https:\\\/\\\/laindependent.cat\\\/en\\\/les-dones-com-a-protagonistes-al-mon-digital-2\\\/#primaryimage\"},\"thumbnailUrl\":\"https:\\\/\\\/laindependent.cat\\\/wp-content\\\/uploads\\\/2016\\\/07\\\/Sheryl_D.Miller0.jpg\",\"keywords\":[\"bretxa digital de g\u00e8nere\",\"Bruxelles\",\"Digital Leadership Institute\",\"dones programadores\"],\"articleSection\":[\"La Independent\"],\"inLanguage\":\"en-US\",\"potentialAction\":[{\"@type\":\"CommentAction\",\"name\":\"Comment\",\"target\":[\"https:\\\/\\\/laindependent.cat\\\/en\\\/les-dones-com-a-protagonistes-al-mon-digital-2\\\/#respond\"]}]},{\"@type\":\"WebPage\",\"@id\":\"https:\\\/\\\/laindependent.cat\\\/en\\\/les-dones-com-a-protagonistes-al-mon-digital-2\\\/\",\"url\":\"https:\\\/\\\/laindependent.cat\\\/en\\\/les-dones-com-a-protagonistes-al-mon-digital-2\\\/\",\"name\":\"Les dones com a protagonistes al m\u00f3n digital | La Independent\",\"isPartOf\":{\"@id\":\"https:\\\/\\\/laindependent.cat\\\/en\\\/#website\"},\"primaryImageOfPage\":{\"@id\":\"https:\\\/\\\/laindependent.cat\\\/en\\\/les-dones-com-a-protagonistes-al-mon-digital-2\\\/#primaryimage\"},\"image\":{\"@id\":\"https:\\\/\\\/laindependent.cat\\\/en\\\/les-dones-com-a-protagonistes-al-mon-digital-2\\\/#primaryimage\"},\"thumbnailUrl\":\"https:\\\/\\\/laindependent.cat\\\/wp-content\\\/uploads\\\/2016\\\/07\\\/Sheryl_D.Miller0.jpg\",\"datePublished\":\"2016-07-06T13:04:26+00:00\",\"description\":\"There are no translations available. \u00a0 \u00a0 El passat 28 de juny un grup de dones periodistes provinents de diversos pa\u00efsos europeus, v\u00e0ries de La\",\"breadcrumb\":{\"@id\":\"https:\\\/\\\/laindependent.cat\\\/en\\\/les-dones-com-a-protagonistes-al-mon-digital-2\\\/#breadcrumb\"},\"inLanguage\":\"en-US\",\"potentialAction\":[{\"@type\":\"ReadAction\",\"target\":[\"https:\\\/\\\/laindependent.cat\\\/en\\\/les-dones-com-a-protagonistes-al-mon-digital-2\\\/\"]}]},{\"@type\":\"ImageObject\",\"inLanguage\":\"en-US\",\"@id\":\"https:\\\/\\\/laindependent.cat\\\/en\\\/les-dones-com-a-protagonistes-al-mon-digital-2\\\/#primaryimage\",\"url\":\"https:\\\/\\\/laindependent.cat\\\/wp-content\\\/uploads\\\/2016\\\/07\\\/Sheryl_D.Miller0.jpg\",\"contentUrl\":\"https:\\\/\\\/laindependent.cat\\\/wp-content\\\/uploads\\\/2016\\\/07\\\/Sheryl_D.Miller0.jpg\",\"width\":400,\"height\":572},{\"@type\":\"BreadcrumbList\",\"@id\":\"https:\\\/\\\/laindependent.cat\\\/en\\\/les-dones-com-a-protagonistes-al-mon-digital-2\\\/#breadcrumb\",\"itemListElement\":[{\"@type\":\"ListItem\",\"position\":1,\"name\":\"Inici\",\"item\":\"https:\\\/\\\/laindependent.cat\\\/en\\\/\"},{\"@type\":\"ListItem\",\"position\":2,\"name\":\"La Independent\",\"item\":\"https:\\\/\\\/laindependent.cat\\\/en\\\/tema\\\/la-independent\\\/\"},{\"@type\":\"ListItem\",\"position\":3,\"name\":\"Les dones com a protagonistes al m\u00f3n digital\"}]},{\"@type\":\"WebSite\",\"@id\":\"https:\\\/\\\/laindependent.cat\\\/en\\\/#website\",\"url\":\"https:\\\/\\\/laindependent.cat\\\/en\\\/\",\"name\":\"La Independent\",\"description\":\"Ag\u00e8ncia de not\u00edcies amb visi\u00f3 de g\u00e8nere\",\"publisher\":{\"@id\":\"https:\\\/\\\/laindependent.cat\\\/en\\\/#organization\"},\"alternateName\":\"Ag\u00e8ncia de not\u00edcies amb visi\u00f3 de g\u00e8nere\",\"potentialAction\":[{\"@type\":\"SearchAction\",\"target\":{\"@type\":\"EntryPoint\",\"urlTemplate\":\"https:\\\/\\\/laindependent.cat\\\/en\\\/?s={search_term_string}\"},\"query-input\":{\"@type\":\"PropertyValueSpecification\",\"valueRequired\":true,\"valueName\":\"search_term_string\"}}],\"inLanguage\":\"en-US\"},{\"@type\":\"Organization\",\"@id\":\"https:\\\/\\\/laindependent.cat\\\/en\\\/#organization\",\"name\":\"La Independent\",\"alternateName\":\"Ag\u00e8ncia de not\u00edcies amb visi\u00f3 de g\u00e8nere\",\"url\":\"https:\\\/\\\/laindependent.cat\\\/en\\\/\",\"logo\":{\"@type\":\"ImageObject\",\"inLanguage\":\"en-US\",\"@id\":\"https:\\\/\\\/laindependent.cat\\\/en\\\/#\\\/schema\\\/logo\\\/image\\\/\",\"url\":\"https:\\\/\\\/laindependent.cat\\\/wp-content\\\/uploads\\\/2022\\\/10\\\/logo-independent.svg\",\"contentUrl\":\"https:\\\/\\\/laindependent.cat\\\/wp-content\\\/uploads\\\/2022\\\/10\\\/logo-independent.svg\",\"width\":562,\"height\":78,\"caption\":\"La Independent\"},\"image\":{\"@id\":\"https:\\\/\\\/laindependent.cat\\\/en\\\/#\\\/schema\\\/logo\\\/image\\\/\"}},{\"@type\":\"Person\",\"@id\":\"https:\\\/\\\/laindependent.cat\\\/en\\\/#\\\/schema\\\/person\\\/232b8e3a8222b5f90212a8851dba4a12\",\"name\":\"Elena Tarifa\",\"image\":{\"@type\":\"ImageObject\",\"inLanguage\":\"en-US\",\"@id\":\"https:\\\/\\\/secure.gravatar.com\\\/avatar\\\/f17338d2b1d8126fb6a7b32c69b57dc770484f814d6a7b30813d78204115204f?s=96&d=blank&r=g\",\"url\":\"https:\\\/\\\/secure.gravatar.com\\\/avatar\\\/f17338d2b1d8126fb6a7b32c69b57dc770484f814d6a7b30813d78204115204f?s=96&d=blank&r=g\",\"contentUrl\":\"https:\\\/\\\/secure.gravatar.com\\\/avatar\\\/f17338d2b1d8126fb6a7b32c69b57dc770484f814d6a7b30813d78204115204f?s=96&d=blank&r=g\",\"caption\":\"Elena Tarifa\"},\"url\":\"https:\\\/\\\/laindependent.cat\\\/en\\\/author\\\/elena-tarifa\\\/\"}]}<\/script>\n<!-- \/ Yoast SEO plugin. -->","yoast_head_json":{"title":"Les dones com a protagonistes al m\u00f3n digital | La Independent","description":"There are no translations available. \u00a0 \u00a0 El passat 28 de juny un grup de dones periodistes provinents de diversos pa\u00efsos europeus, v\u00e0ries de La","robots":{"index":"index","follow":"follow","max-snippet":"max-snippet:-1","max-image-preview":"max-image-preview:large","max-video-preview":"max-video-preview:-1"},"canonical":"https:\/\/laindependent.cat\/en\/les-dones-com-a-protagonistes-al-mon-digital-2\/","og_locale":"en_US","og_type":"article","og_title":"Les dones com a protagonistes al m\u00f3n digital | La Independent","og_description":"There are no translations available. \u00a0 \u00a0 El passat 28 de juny un grup de dones periodistes provinents de diversos pa\u00efsos europeus, v\u00e0ries de La","og_url":"https:\/\/laindependent.cat\/en\/les-dones-com-a-protagonistes-al-mon-digital-2\/","og_site_name":"La Independent","article_published_time":"2016-07-06T13:04:26+00:00","og_image":[{"url":"https:\/\/laindependent.cat\/wp-content\/uploads\/2016\/07\/Sheryl_D.Miller0.jpg","type":"","width":"","height":""}],"author":"Elena Tarifa","twitter_card":"summary_large_image","twitter_misc":{"Written by":"Elena Tarifa","Est. reading time":"3 minutes"},"schema":{"@context":"https:\/\/schema.org","@graph":[{"@type":"Article","@id":"https:\/\/laindependent.cat\/en\/les-dones-com-a-protagonistes-al-mon-digital-2\/#article","isPartOf":{"@id":"https:\/\/laindependent.cat\/en\/les-dones-com-a-protagonistes-al-mon-digital-2\/"},"author":{"name":"Elena Tarifa","@id":"https:\/\/laindependent.cat\/en\/#\/schema\/person\/232b8e3a8222b5f90212a8851dba4a12"},"headline":"Les dones com a protagonistes al m\u00f3n digital","datePublished":"2016-07-06T13:04:26+00:00","mainEntityOfPage":{"@id":"https:\/\/laindependent.cat\/en\/les-dones-com-a-protagonistes-al-mon-digital-2\/"},"wordCount":680,"commentCount":0,"publisher":{"@id":"https:\/\/laindependent.cat\/en\/#organization"},"image":{"@id":"https:\/\/laindependent.cat\/en\/les-dones-com-a-protagonistes-al-mon-digital-2\/#primaryimage"},"thumbnailUrl":"https:\/\/laindependent.cat\/wp-content\/uploads\/2016\/07\/Sheryl_D.Miller0.jpg","keywords":["bretxa digital de g\u00e8nere","Bruxelles","Digital Leadership Institute","dones programadores"],"articleSection":["La Independent"],"inLanguage":"en-US","potentialAction":[{"@type":"CommentAction","name":"Comment","target":["https:\/\/laindependent.cat\/en\/les-dones-com-a-protagonistes-al-mon-digital-2\/#respond"]}]},{"@type":"WebPage","@id":"https:\/\/laindependent.cat\/en\/les-dones-com-a-protagonistes-al-mon-digital-2\/","url":"https:\/\/laindependent.cat\/en\/les-dones-com-a-protagonistes-al-mon-digital-2\/","name":"Les dones com a protagonistes al m\u00f3n digital | La Independent","isPartOf":{"@id":"https:\/\/laindependent.cat\/en\/#website"},"primaryImageOfPage":{"@id":"https:\/\/laindependent.cat\/en\/les-dones-com-a-protagonistes-al-mon-digital-2\/#primaryimage"},"image":{"@id":"https:\/\/laindependent.cat\/en\/les-dones-com-a-protagonistes-al-mon-digital-2\/#primaryimage"},"thumbnailUrl":"https:\/\/laindependent.cat\/wp-content\/uploads\/2016\/07\/Sheryl_D.Miller0.jpg","datePublished":"2016-07-06T13:04:26+00:00","description":"There are no translations available. \u00a0 \u00a0 El passat 28 de juny un grup de dones periodistes provinents de diversos pa\u00efsos europeus, v\u00e0ries de La","breadcrumb":{"@id":"https:\/\/laindependent.cat\/en\/les-dones-com-a-protagonistes-al-mon-digital-2\/#breadcrumb"},"inLanguage":"en-US","potentialAction":[{"@type":"ReadAction","target":["https:\/\/laindependent.cat\/en\/les-dones-com-a-protagonistes-al-mon-digital-2\/"]}]},{"@type":"ImageObject","inLanguage":"en-US","@id":"https:\/\/laindependent.cat\/en\/les-dones-com-a-protagonistes-al-mon-digital-2\/#primaryimage","url":"https:\/\/laindependent.cat\/wp-content\/uploads\/2016\/07\/Sheryl_D.Miller0.jpg","contentUrl":"https:\/\/laindependent.cat\/wp-content\/uploads\/2016\/07\/Sheryl_D.Miller0.jpg","width":400,"height":572},{"@type":"BreadcrumbList","@id":"https:\/\/laindependent.cat\/en\/les-dones-com-a-protagonistes-al-mon-digital-2\/#breadcrumb","itemListElement":[{"@type":"ListItem","position":1,"name":"Inici","item":"https:\/\/laindependent.cat\/en\/"},{"@type":"ListItem","position":2,"name":"La Independent","item":"https:\/\/laindependent.cat\/en\/tema\/la-independent\/"},{"@type":"ListItem","position":3,"name":"Les dones com a protagonistes al m\u00f3n digital"}]},{"@type":"WebSite","@id":"https:\/\/laindependent.cat\/en\/#website","url":"https:\/\/laindependent.cat\/en\/","name":"La Independent","description":"Ag\u00e8ncia de not\u00edcies amb visi\u00f3 de g\u00e8nere","publisher":{"@id":"https:\/\/laindependent.cat\/en\/#organization"},"alternateName":"Ag\u00e8ncia de not\u00edcies amb visi\u00f3 de g\u00e8nere","potentialAction":[{"@type":"SearchAction","target":{"@type":"EntryPoint","urlTemplate":"https:\/\/laindependent.cat\/en\/?s={search_term_string}"},"query-input":{"@type":"PropertyValueSpecification","valueRequired":true,"valueName":"search_term_string"}}],"inLanguage":"en-US"},{"@type":"Organization","@id":"https:\/\/laindependent.cat\/en\/#organization","name":"La Independent","alternateName":"Ag\u00e8ncia de not\u00edcies amb visi\u00f3 de g\u00e8nere","url":"https:\/\/laindependent.cat\/en\/","logo":{"@type":"ImageObject","inLanguage":"en-US","@id":"https:\/\/laindependent.cat\/en\/#\/schema\/logo\/image\/","url":"https:\/\/laindependent.cat\/wp-content\/uploads\/2022\/10\/logo-independent.svg","contentUrl":"https:\/\/laindependent.cat\/wp-content\/uploads\/2022\/10\/logo-independent.svg","width":562,"height":78,"caption":"La Independent"},"image":{"@id":"https:\/\/laindependent.cat\/en\/#\/schema\/logo\/image\/"}},{"@type":"Person","@id":"https:\/\/laindependent.cat\/en\/#\/schema\/person\/232b8e3a8222b5f90212a8851dba4a12","name":"Elena Tarifa","image":{"@type":"ImageObject","inLanguage":"en-US","@id":"https:\/\/secure.gravatar.com\/avatar\/f17338d2b1d8126fb6a7b32c69b57dc770484f814d6a7b30813d78204115204f?s=96&d=blank&r=g","url":"https:\/\/secure.gravatar.com\/avatar\/f17338d2b1d8126fb6a7b32c69b57dc770484f814d6a7b30813d78204115204f?s=96&d=blank&r=g","contentUrl":"https:\/\/secure.gravatar.com\/avatar\/f17338d2b1d8126fb6a7b32c69b57dc770484f814d6a7b30813d78204115204f?s=96&d=blank&r=g","caption":"Elena Tarifa"},"url":"https:\/\/laindependent.cat\/en\/author\/elena-tarifa\/"}]}},"_links":{"self":[{"href":"https:\/\/laindependent.cat\/en\/wp-json\/wp\/v2\/posts\/63637","targetHints":{"allow":["GET"]}}],"collection":[{"href":"https:\/\/laindependent.cat\/en\/wp-json\/wp\/v2\/posts"}],"about":[{"href":"https:\/\/laindependent.cat\/en\/wp-json\/wp\/v2\/types\/post"}],"author":[{"embeddable":true,"href":"https:\/\/laindependent.cat\/en\/wp-json\/wp\/v2\/users\/98"}],"replies":[{"embeddable":true,"href":"https:\/\/laindependent.cat\/en\/wp-json\/wp\/v2\/comments?post=63637"}],"version-history":[{"count":0,"href":"https:\/\/laindependent.cat\/en\/wp-json\/wp\/v2\/posts\/63637\/revisions"}],"wp:featuredmedia":[{"embeddable":true,"href":"https:\/\/laindependent.cat\/en\/wp-json\/wp\/v2\/media\/32343"}],"wp:attachment":[{"href":"https:\/\/laindependent.cat\/en\/wp-json\/wp\/v2\/media?parent=63637"}],"wp:term":[{"taxonomy":"category","embeddable":true,"href":"https:\/\/laindependent.cat\/en\/wp-json\/wp\/v2\/categories?post=63637"},{"taxonomy":"post_tag","embeddable":true,"href":"https:\/\/laindependent.cat\/en\/wp-json\/wp\/v2\/tags?post=63637"}],"curies":[{"name":"wp","href":"https:\/\/api.w.org\/{rel}","templated":true}]}}