{"id":63199,"date":"2016-04-28T14:43:16","date_gmt":"2016-04-28T12:43:16","guid":{"rendered":"https:\/\/laindependent.cat\/dones-i-graffiti-a-barcelona\/"},"modified":"2016-04-28T14:43:16","modified_gmt":"2016-04-28T12:43:16","slug":"dones-i-graffiti-a-barcelona","status":"publish","type":"post","link":"https:\/\/laindependent.cat\/en\/dones-i-graffiti-a-barcelona\/","title":{"rendered":"Dones i graffiti a Barcelona"},"content":{"rendered":"<\/p>\n<p>\u00a0<\/p>\n<p style=\"text-align: left;\"><span style=\"font-family: trebuchet ms,geneva; font-size: 10pt;\"><strong>OPINI\u00d3<\/strong><\/span><\/p>\n<p style=\"text-align: left;\"><strong><span style=\"font-family: trebuchet ms,geneva; font-size: 10pt;\">Dones, dones, dones&#8230;.graffiti&#8230;mmmh? realment no importa qui pinta, oi? el graffiti \u00e9s cosa d&#8217;alg\u00fa que t\u00e9 ganes de pintar i busca una manera d&#8217;expressar-se, de gaudir, ja sigui amb l&#8217;esprai, un taker o el que tingui per la m\u00e0. <br \/><\/span><\/strong><\/p>\n<p><!--more--><\/p>\n<p style=\"text-align: left;\"><span style=\"font-family: trebuchet ms, geneva; font-size: 10pt;\"><span style=\"font-family: trebuchet ms,geneva; font-size: 10pt;\">Per\u00f2, \u00e9s clar, el g\u00e8nere importa, sobretot, quan la realitat s&#8217;imposa i et dediques a l&#8217;organitzaci\u00f3 d&#8217;esdeveniments d&#8217;aquest tipus.<\/span><\/span><\/p>\n<p style=\"text-align: left;\"><span style=\"font-family: trebuchet ms, geneva; font-size: 10pt;\">L&#8217;any passat, <a href=\"http:\/\/festivalartescape.blogspot.com.es\/\" target=\"_blank\" rel=\"noopener\"><strong>Artescape<\/strong><\/a> va muntar el Festival, per primera vegada en un espai apte per a &#8220;artistes&#8221;. Aix\u00f2 \u00e9s, on hi havia murs, la majoria ef\u00edmers, clar, per\u00f2 espais de gran format. I ens vam adonar que havien vingut TOTS HOMES. Nosaltres, organitzadores, majoria dones, estavem aclaparades. Enguany no, han cambiat les coses i aquest any la majoria seran DONES i el dediquem a elles, amb algun espai especial com la xerrada a l&#8217;Arts Santa M\u00f2nica el dia 3 de maig. Buscar-les ha sigut una odissea, aix\u00f2 s\u00ed, per\u00f2 ens n&#8217;hem ensortit, comptem amb artistes com: <strong>Turkesa, Negahamburguer, Mina Hamada, Malicia, Aisa, Rita Fittipaldi<\/strong>&#8230;entre d&#8217;altres.<\/span><br \/><span style=\"font-family: trebuchet ms, geneva; font-size: 10pt;\">I, \u00e9s que les artistes del graffiti es mouen en un m\u00f3n d&#8217;anonimat. El graffiti \u00e9s aproximadament 80% clandest\u00ed, 20% no clandest\u00ed, degut al &#8221;bombing&#8221; que podr\u00edem definir com les pintades r\u00e0pides per a donar-se un nom . Molts diuen que \u00e9s aix\u00ed per definici\u00f3 i que aix\u00ed ha de continuar. Per\u00f2, qu\u00e8 passa llavors amb les dones? encara estan m\u00e9s amagades, s\u00f3n pr\u00e0cticament invisibles&#8230;fins i tot menystingudes&#8230; una ll\u00e0stima. La creativitat i l&#8217;art no s&#8217;han d&#8217;amagar, sobretot perqu\u00e8 l&#8217;ess\u00e8ncia del graffiti \u00e9s comunicar i no pas posar barreres a l&#8217;art. El graffiti que m&#8217;agrada \u00e9s el que omple els carrers de colors, el que parla a la gent i ens diu que els espais p\u00fablics es transformen en museus a l&#8217;aire lliure si embellim la seva cara. I s\u00f3n per a tothom, cap distinci\u00f3, ni entrada, ni barrera, ni ra\u00e7a, ni res.<\/span><br \/><span style=\"font-family: trebuchet ms, geneva; font-size: 10pt;\">Les dones i el graffiti \u00e9s una altra assignatura pendent d&#8217;aquest art tan poc valorat, per aix\u00f2 aquest any les reivindiquem, contentes que l&#8217;any que ve tindrem un llistat gran de noies i que haurem trencat una llan\u00e7a per la seva normalitzaci\u00f3 en les exhibicions de graffiti. Si mai teniu ocasi\u00f3, fixeu-vos en els cartells de les &#8220;mogudes&#8221; de graffiti, hi trobareu tant poques noies que us posareu a plorar! Perqu\u00e8 \u00e9s una realitat que el m\u00f3n del hip hop, la cultura &#8220;mare&#8221; que promou tots aquests esdeveniments, \u00e9s un m\u00f3n d&#8217;esferes tancades, com tants d&#8217;altres. Aquell que mou els fils no hi pensa en el g\u00e8nere i convida els amics dels amics&#8230;i ja ho tenim, per desgr\u00e0cia, un altre espai social altament masculinitzat.<\/span><br \/><span style=\"font-family: trebuchet ms, geneva; font-size: 10pt;\">La realitat \u00e9s que, molts cops, donada la societat en la vivim, a la graffitera se la tracta de&#8221;marimacho&#8221;, posant-li obstacles per a entrar en aquest m\u00f3n urb\u00e0 majorit\u00e0riament d&#8217;homes. Tamb\u00e9, el fet del masclisme inconscient que hi ha imposat en aquests cercles, provoca que el fet de que siguin relativament poques acabi desembocant en uns rols desagradables, en molt casos per a elles, convertint-se en el reclam o la companya a la que es mira indegudament.<\/span><br \/><span style=\"font-family: trebuchet ms, geneva; font-size: 10pt;\">No s&#8217;ha d&#8217;oblidar que el graffiti va n\u00e9ixer amb una part reivindicativa molt forta als EE.UU. En pa\u00efsos com ara Palestina, tamb\u00e9 es va utilitzar el graffiti per a reclamar m\u00e9s drets pels m\u00e9s oprimits i d\u00e8bils. Per aix\u00f2, <strong>Cristina del Valle<\/strong>, ens ho recordar\u00e0 en la xerrada del dia 3 de maig a l&#8217;Arts Santa M\u00f2nica. Ella va coordinar el projecte &#8220;Graffitis per la pau&#8221; el 2010 que va dur a les artistes <strong>Den, Musa, Yubia, Mamba<\/strong> i <strong>Mako<\/strong> a pintar el mur de Betlem. Perqu\u00e8 el graffiti \u00e9s un art plastic i mural que ens permet, precisament aix\u00f2, manifestar-nos en contra de moltes injust\u00edcies. &#8221;Una paret en blanc \u00e9s sin\u00f2nim d&#8217;un poble callat&#8221; per tant, creiem que el graffiti ha de deixar marca all\u00e0 on tingui les eines per a fer-ho. D&#8217; aquest mode i com a pilar del Hip Hop dotar l&#8217; art de coneixement, consci\u00e8ncia i expressivitat per a tots els p\u00fablics.<\/span><br \/><span style=\"font-family: trebuchet ms, geneva; font-size: 10pt;\">Per tot aix\u00f2, el que volem aconseguir en aquesta edici\u00f3 \u00e9s donar un ferm suport a les graffiteres, aix\u00ed com fer teixit entre elles per a millorar la seva realitat com a artistes. El nostre objectiu \u00e9s facilitar la cooperaci\u00f3 dins el m\u00f3n de l&#8217;art, l&#8217;exhibici\u00f3 del treball de les dones, obrir espais d&#8217;expressi\u00f3 i reflexi\u00f3 m\u00e9s propers i familiars, crear llocs de trobada on compartir experi\u00e8ncies i t\u00e8cniques i, sobretot, deixar enterrada la llavor de l&#8217;amistat per a futures edicions.\u00a0<\/span><\/p>\n<p style=\"text-align: left;\">\u00a0<\/p>\n<p><img fetchpriority=\"high\" decoding=\"async\" class=\" size-full wp-image-32044\" style=\"display: block; margin-left: auto; margin-right: auto;\" src=\"https:\/\/laindependent.cat\/wp-content\/uploads\/2016\/04\/Agia_Artixoc_1.jpg\" alt=\"Agia Artixoc 1\" width=\"301\" height=\"537\" srcset=\"https:\/\/laindependent.cat\/wp-content\/uploads\/2016\/04\/Agia_Artixoc_1.jpg 400w, https:\/\/laindependent.cat\/wp-content\/uploads\/2016\/04\/Agia_Artixoc_1-168x300.jpg 168w\" sizes=\"(max-width: 301px) 100vw, 301px\" \/><\/p>\n","protected":false},"excerpt":{"rendered":"<p>\u00a0 OPINI\u00d3 Dones, dones, dones&#8230;.graffiti&#8230;mmmh? realment no importa qui pinta, oi? el graffiti \u00e9s cosa d&#8217;alg\u00fa que t\u00e9 ganes de pintar i busca una manera d&#8217;expressar-se, de gaudir, ja sigui amb l&#8217;esprai, un taker o el que tingui per la [&hellip;]<\/p>\n","protected":false},"author":100,"featured_media":32043,"comment_status":"open","ping_status":"","sticky":false,"template":"","format":"standard","meta":{"footnotes":""},"categories":[26512],"tags":[],"class_list":["post-63199","post","type-post","status-publish","format-standard","has-post-thumbnail","hentry","category-art"],"yoast_head":"<!-- This site is optimized with the Yoast SEO plugin v27.4 - https:\/\/yoast.com\/product\/yoast-seo-wordpress\/ -->\n<title>Dones i graffiti a Barcelona | La Independent<\/title>\n<meta name=\"description\" content=\"Les artistes del graffiti es mouen en un m\u00f3n d&#039;anonimat. Cristina del Valle, ens ho recordar\u00e0 en la xerrada del dia 3 de maig a l&#039;Arts Santa M\u00f2nica. Ella va coordinar el projecte Graffitis per la pau. Perqu\u00e8 el graffiti \u00e9s un art plastic i mural que ens permet, precisament aix\u00f2, manifestar-nos en contra de moltes injust\u00edcies. &#039;&#039;Una paret en blanc \u00e9s sin\u00f2nim d&#039;un poble callat per tant,el graffiti ha de deixar marca all\u00e0 on tingui les eines per a fer-ho. Volem aconseguir en aquesta edici\u00f3 donar ferm suport a les graffiteres, aix\u00ed com fer teixit entre elles per a millorar la seva realitat com a artistes.\" \/>\n<meta name=\"robots\" content=\"index, follow, max-snippet:-1, max-image-preview:large, max-video-preview:-1\" \/>\n<link rel=\"canonical\" href=\"https:\/\/laindependent.cat\/en\/dones-i-graffiti-a-barcelona\/\" \/>\n<meta property=\"og:locale\" content=\"en_US\" \/>\n<meta property=\"og:type\" content=\"article\" \/>\n<meta property=\"og:title\" content=\"Dones i graffiti a Barcelona | La Independent\" \/>\n<meta property=\"og:description\" content=\"Les artistes del graffiti es mouen en un m\u00f3n d&#039;anonimat. Cristina del Valle, ens ho recordar\u00e0 en la xerrada del dia 3 de maig a l&#039;Arts Santa M\u00f2nica. Ella va coordinar el projecte Graffitis per la pau. Perqu\u00e8 el graffiti \u00e9s un art plastic i mural que ens permet, precisament aix\u00f2, manifestar-nos en contra de moltes injust\u00edcies. &#039;&#039;Una paret en blanc \u00e9s sin\u00f2nim d&#039;un poble callat per tant,el graffiti ha de deixar marca all\u00e0 on tingui les eines per a fer-ho. Volem aconseguir en aquesta edici\u00f3 donar ferm suport a les graffiteres, aix\u00ed com fer teixit entre elles per a millorar la seva realitat com a artistes.\" \/>\n<meta property=\"og:url\" content=\"https:\/\/laindependent.cat\/en\/dones-i-graffiti-a-barcelona\/\" \/>\n<meta property=\"og:site_name\" content=\"La Independent\" \/>\n<meta property=\"article:published_time\" content=\"2016-04-28T12:43:16+00:00\" \/>\n<meta property=\"og:image\" content=\"https:\/\/laindependent.cat\/wp-content\/uploads\/2016\/04\/Agia_Artixoc1_portada.jpg\" \/>\n\t<meta property=\"og:image:width\" content=\"621\" \/>\n\t<meta property=\"og:image:height\" content=\"1116\" \/>\n\t<meta property=\"og:image:type\" content=\"image\/jpeg\" \/>\n<meta name=\"author\" content=\"Lourdes Mourelo\" \/>\n<meta name=\"twitter:card\" content=\"summary_large_image\" \/>\n<meta name=\"twitter:label1\" content=\"Written by\" \/>\n\t<meta name=\"twitter:data1\" content=\"Lourdes Mourelo\" \/>\n\t<meta name=\"twitter:label2\" content=\"Est. reading time\" \/>\n\t<meta name=\"twitter:data2\" content=\"4 minutes\" \/>\n<script type=\"application\/ld+json\" class=\"yoast-schema-graph\">{\"@context\":\"https:\\\/\\\/schema.org\",\"@graph\":[{\"@type\":\"Article\",\"@id\":\"https:\\\/\\\/laindependent.cat\\\/en\\\/dones-i-graffiti-a-barcelona\\\/#article\",\"isPartOf\":{\"@id\":\"https:\\\/\\\/laindependent.cat\\\/en\\\/dones-i-graffiti-a-barcelona\\\/\"},\"author\":{\"name\":\"Lourdes Mourelo\",\"@id\":\"https:\\\/\\\/laindependent.cat\\\/en\\\/#\\\/schema\\\/person\\\/af76d63cadf73589633a21268eafc270\"},\"headline\":\"Dones i graffiti a Barcelona\",\"datePublished\":\"2016-04-28T12:43:16+00:00\",\"mainEntityOfPage\":{\"@id\":\"https:\\\/\\\/laindependent.cat\\\/en\\\/dones-i-graffiti-a-barcelona\\\/\"},\"wordCount\":818,\"commentCount\":0,\"publisher\":{\"@id\":\"https:\\\/\\\/laindependent.cat\\\/en\\\/#organization\"},\"image\":{\"@id\":\"https:\\\/\\\/laindependent.cat\\\/en\\\/dones-i-graffiti-a-barcelona\\\/#primaryimage\"},\"thumbnailUrl\":\"https:\\\/\\\/laindependent.cat\\\/wp-content\\\/uploads\\\/2016\\\/04\\\/Agia_Artixoc1_portada.jpg\",\"articleSection\":[\"Art\"],\"inLanguage\":\"en-US\",\"potentialAction\":[{\"@type\":\"CommentAction\",\"name\":\"Comment\",\"target\":[\"https:\\\/\\\/laindependent.cat\\\/en\\\/dones-i-graffiti-a-barcelona\\\/#respond\"]}]},{\"@type\":\"WebPage\",\"@id\":\"https:\\\/\\\/laindependent.cat\\\/en\\\/dones-i-graffiti-a-barcelona\\\/\",\"url\":\"https:\\\/\\\/laindependent.cat\\\/en\\\/dones-i-graffiti-a-barcelona\\\/\",\"name\":\"Dones i graffiti a Barcelona | La Independent\",\"isPartOf\":{\"@id\":\"https:\\\/\\\/laindependent.cat\\\/en\\\/#website\"},\"primaryImageOfPage\":{\"@id\":\"https:\\\/\\\/laindependent.cat\\\/en\\\/dones-i-graffiti-a-barcelona\\\/#primaryimage\"},\"image\":{\"@id\":\"https:\\\/\\\/laindependent.cat\\\/en\\\/dones-i-graffiti-a-barcelona\\\/#primaryimage\"},\"thumbnailUrl\":\"https:\\\/\\\/laindependent.cat\\\/wp-content\\\/uploads\\\/2016\\\/04\\\/Agia_Artixoc1_portada.jpg\",\"datePublished\":\"2016-04-28T12:43:16+00:00\",\"description\":\"Les artistes del graffiti es mouen en un m\u00f3n d'anonimat. Cristina del Valle, ens ho recordar\u00e0 en la xerrada del dia 3 de maig a l'Arts Santa M\u00f2nica. Ella va coordinar el projecte Graffitis per la pau. Perqu\u00e8 el graffiti \u00e9s un art plastic i mural que ens permet, precisament aix\u00f2, manifestar-nos en contra de moltes injust\u00edcies. ''Una paret en blanc \u00e9s sin\u00f2nim d'un poble callat per tant,el graffiti ha de deixar marca all\u00e0 on tingui les eines per a fer-ho. Volem aconseguir en aquesta edici\u00f3 donar ferm suport a les graffiteres, aix\u00ed com fer teixit entre elles per a millorar la seva realitat com a artistes.\",\"breadcrumb\":{\"@id\":\"https:\\\/\\\/laindependent.cat\\\/en\\\/dones-i-graffiti-a-barcelona\\\/#breadcrumb\"},\"inLanguage\":\"en-US\",\"potentialAction\":[{\"@type\":\"ReadAction\",\"target\":[\"https:\\\/\\\/laindependent.cat\\\/en\\\/dones-i-graffiti-a-barcelona\\\/\"]}]},{\"@type\":\"ImageObject\",\"inLanguage\":\"en-US\",\"@id\":\"https:\\\/\\\/laindependent.cat\\\/en\\\/dones-i-graffiti-a-barcelona\\\/#primaryimage\",\"url\":\"https:\\\/\\\/laindependent.cat\\\/wp-content\\\/uploads\\\/2016\\\/04\\\/Agia_Artixoc1_portada.jpg\",\"contentUrl\":\"https:\\\/\\\/laindependent.cat\\\/wp-content\\\/uploads\\\/2016\\\/04\\\/Agia_Artixoc1_portada.jpg\",\"width\":621,\"height\":1116},{\"@type\":\"BreadcrumbList\",\"@id\":\"https:\\\/\\\/laindependent.cat\\\/en\\\/dones-i-graffiti-a-barcelona\\\/#breadcrumb\",\"itemListElement\":[{\"@type\":\"ListItem\",\"position\":1,\"name\":\"Inici\",\"item\":\"https:\\\/\\\/laindependent.cat\\\/en\\\/\"},{\"@type\":\"ListItem\",\"position\":2,\"name\":\"Culture\",\"item\":\"https:\\\/\\\/laindependent.cat\\\/en\\\/tema\\\/culture\\\/\"},{\"@type\":\"ListItem\",\"position\":3,\"name\":\"Art\",\"item\":\"https:\\\/\\\/laindependent.cat\\\/en\\\/tema\\\/culture\\\/art\\\/\"},{\"@type\":\"ListItem\",\"position\":4,\"name\":\"Dones i graffiti a Barcelona\"}]},{\"@type\":\"WebSite\",\"@id\":\"https:\\\/\\\/laindependent.cat\\\/en\\\/#website\",\"url\":\"https:\\\/\\\/laindependent.cat\\\/en\\\/\",\"name\":\"La Independent\",\"description\":\"Ag\u00e8ncia de not\u00edcies amb visi\u00f3 de g\u00e8nere\",\"publisher\":{\"@id\":\"https:\\\/\\\/laindependent.cat\\\/en\\\/#organization\"},\"alternateName\":\"Ag\u00e8ncia de not\u00edcies amb visi\u00f3 de g\u00e8nere\",\"potentialAction\":[{\"@type\":\"SearchAction\",\"target\":{\"@type\":\"EntryPoint\",\"urlTemplate\":\"https:\\\/\\\/laindependent.cat\\\/en\\\/?s={search_term_string}\"},\"query-input\":{\"@type\":\"PropertyValueSpecification\",\"valueRequired\":true,\"valueName\":\"search_term_string\"}}],\"inLanguage\":\"en-US\"},{\"@type\":\"Organization\",\"@id\":\"https:\\\/\\\/laindependent.cat\\\/en\\\/#organization\",\"name\":\"La Independent\",\"alternateName\":\"Ag\u00e8ncia de not\u00edcies amb visi\u00f3 de g\u00e8nere\",\"url\":\"https:\\\/\\\/laindependent.cat\\\/en\\\/\",\"logo\":{\"@type\":\"ImageObject\",\"inLanguage\":\"en-US\",\"@id\":\"https:\\\/\\\/laindependent.cat\\\/en\\\/#\\\/schema\\\/logo\\\/image\\\/\",\"url\":\"https:\\\/\\\/laindependent.cat\\\/wp-content\\\/uploads\\\/2022\\\/10\\\/logo-independent.svg\",\"contentUrl\":\"https:\\\/\\\/laindependent.cat\\\/wp-content\\\/uploads\\\/2022\\\/10\\\/logo-independent.svg\",\"width\":562,\"height\":78,\"caption\":\"La Independent\"},\"image\":{\"@id\":\"https:\\\/\\\/laindependent.cat\\\/en\\\/#\\\/schema\\\/logo\\\/image\\\/\"}},{\"@type\":\"Person\",\"@id\":\"https:\\\/\\\/laindependent.cat\\\/en\\\/#\\\/schema\\\/person\\\/af76d63cadf73589633a21268eafc270\",\"name\":\"Lourdes Mourelo\",\"image\":{\"@type\":\"ImageObject\",\"inLanguage\":\"en-US\",\"@id\":\"https:\\\/\\\/secure.gravatar.com\\\/avatar\\\/d8dd0eadedfc9396ca48550f813a7f33597090854e930659155eb3f2bbe7140d?s=96&d=blank&r=g\",\"url\":\"https:\\\/\\\/secure.gravatar.com\\\/avatar\\\/d8dd0eadedfc9396ca48550f813a7f33597090854e930659155eb3f2bbe7140d?s=96&d=blank&r=g\",\"contentUrl\":\"https:\\\/\\\/secure.gravatar.com\\\/avatar\\\/d8dd0eadedfc9396ca48550f813a7f33597090854e930659155eb3f2bbe7140d?s=96&d=blank&r=g\",\"caption\":\"Lourdes Mourelo\"},\"url\":\"https:\\\/\\\/laindependent.cat\\\/en\\\/author\\\/lourdes\\\/\"}]}<\/script>\n<!-- \/ Yoast SEO plugin. -->","yoast_head_json":{"title":"Dones i graffiti a Barcelona | La Independent","description":"Les artistes del graffiti es mouen en un m\u00f3n d'anonimat. Cristina del Valle, ens ho recordar\u00e0 en la xerrada del dia 3 de maig a l'Arts Santa M\u00f2nica. Ella va coordinar el projecte Graffitis per la pau. Perqu\u00e8 el graffiti \u00e9s un art plastic i mural que ens permet, precisament aix\u00f2, manifestar-nos en contra de moltes injust\u00edcies. ''Una paret en blanc \u00e9s sin\u00f2nim d'un poble callat per tant,el graffiti ha de deixar marca all\u00e0 on tingui les eines per a fer-ho. Volem aconseguir en aquesta edici\u00f3 donar ferm suport a les graffiteres, aix\u00ed com fer teixit entre elles per a millorar la seva realitat com a artistes.","robots":{"index":"index","follow":"follow","max-snippet":"max-snippet:-1","max-image-preview":"max-image-preview:large","max-video-preview":"max-video-preview:-1"},"canonical":"https:\/\/laindependent.cat\/en\/dones-i-graffiti-a-barcelona\/","og_locale":"en_US","og_type":"article","og_title":"Dones i graffiti a Barcelona | La Independent","og_description":"Les artistes del graffiti es mouen en un m\u00f3n d'anonimat. Cristina del Valle, ens ho recordar\u00e0 en la xerrada del dia 3 de maig a l'Arts Santa M\u00f2nica. Ella va coordinar el projecte Graffitis per la pau. Perqu\u00e8 el graffiti \u00e9s un art plastic i mural que ens permet, precisament aix\u00f2, manifestar-nos en contra de moltes injust\u00edcies. ''Una paret en blanc \u00e9s sin\u00f2nim d'un poble callat per tant,el graffiti ha de deixar marca all\u00e0 on tingui les eines per a fer-ho. Volem aconseguir en aquesta edici\u00f3 donar ferm suport a les graffiteres, aix\u00ed com fer teixit entre elles per a millorar la seva realitat com a artistes.","og_url":"https:\/\/laindependent.cat\/en\/dones-i-graffiti-a-barcelona\/","og_site_name":"La Independent","article_published_time":"2016-04-28T12:43:16+00:00","og_image":[{"width":621,"height":1116,"url":"https:\/\/laindependent.cat\/wp-content\/uploads\/2016\/04\/Agia_Artixoc1_portada.jpg","type":"image\/jpeg"}],"author":"Lourdes Mourelo","twitter_card":"summary_large_image","twitter_misc":{"Written by":"Lourdes Mourelo","Est. reading time":"4 minutes"},"schema":{"@context":"https:\/\/schema.org","@graph":[{"@type":"Article","@id":"https:\/\/laindependent.cat\/en\/dones-i-graffiti-a-barcelona\/#article","isPartOf":{"@id":"https:\/\/laindependent.cat\/en\/dones-i-graffiti-a-barcelona\/"},"author":{"name":"Lourdes Mourelo","@id":"https:\/\/laindependent.cat\/en\/#\/schema\/person\/af76d63cadf73589633a21268eafc270"},"headline":"Dones i graffiti a Barcelona","datePublished":"2016-04-28T12:43:16+00:00","mainEntityOfPage":{"@id":"https:\/\/laindependent.cat\/en\/dones-i-graffiti-a-barcelona\/"},"wordCount":818,"commentCount":0,"publisher":{"@id":"https:\/\/laindependent.cat\/en\/#organization"},"image":{"@id":"https:\/\/laindependent.cat\/en\/dones-i-graffiti-a-barcelona\/#primaryimage"},"thumbnailUrl":"https:\/\/laindependent.cat\/wp-content\/uploads\/2016\/04\/Agia_Artixoc1_portada.jpg","articleSection":["Art"],"inLanguage":"en-US","potentialAction":[{"@type":"CommentAction","name":"Comment","target":["https:\/\/laindependent.cat\/en\/dones-i-graffiti-a-barcelona\/#respond"]}]},{"@type":"WebPage","@id":"https:\/\/laindependent.cat\/en\/dones-i-graffiti-a-barcelona\/","url":"https:\/\/laindependent.cat\/en\/dones-i-graffiti-a-barcelona\/","name":"Dones i graffiti a Barcelona | La Independent","isPartOf":{"@id":"https:\/\/laindependent.cat\/en\/#website"},"primaryImageOfPage":{"@id":"https:\/\/laindependent.cat\/en\/dones-i-graffiti-a-barcelona\/#primaryimage"},"image":{"@id":"https:\/\/laindependent.cat\/en\/dones-i-graffiti-a-barcelona\/#primaryimage"},"thumbnailUrl":"https:\/\/laindependent.cat\/wp-content\/uploads\/2016\/04\/Agia_Artixoc1_portada.jpg","datePublished":"2016-04-28T12:43:16+00:00","description":"Les artistes del graffiti es mouen en un m\u00f3n d'anonimat. Cristina del Valle, ens ho recordar\u00e0 en la xerrada del dia 3 de maig a l'Arts Santa M\u00f2nica. Ella va coordinar el projecte Graffitis per la pau. Perqu\u00e8 el graffiti \u00e9s un art plastic i mural que ens permet, precisament aix\u00f2, manifestar-nos en contra de moltes injust\u00edcies. ''Una paret en blanc \u00e9s sin\u00f2nim d'un poble callat per tant,el graffiti ha de deixar marca all\u00e0 on tingui les eines per a fer-ho. Volem aconseguir en aquesta edici\u00f3 donar ferm suport a les graffiteres, aix\u00ed com fer teixit entre elles per a millorar la seva realitat com a artistes.","breadcrumb":{"@id":"https:\/\/laindependent.cat\/en\/dones-i-graffiti-a-barcelona\/#breadcrumb"},"inLanguage":"en-US","potentialAction":[{"@type":"ReadAction","target":["https:\/\/laindependent.cat\/en\/dones-i-graffiti-a-barcelona\/"]}]},{"@type":"ImageObject","inLanguage":"en-US","@id":"https:\/\/laindependent.cat\/en\/dones-i-graffiti-a-barcelona\/#primaryimage","url":"https:\/\/laindependent.cat\/wp-content\/uploads\/2016\/04\/Agia_Artixoc1_portada.jpg","contentUrl":"https:\/\/laindependent.cat\/wp-content\/uploads\/2016\/04\/Agia_Artixoc1_portada.jpg","width":621,"height":1116},{"@type":"BreadcrumbList","@id":"https:\/\/laindependent.cat\/en\/dones-i-graffiti-a-barcelona\/#breadcrumb","itemListElement":[{"@type":"ListItem","position":1,"name":"Inici","item":"https:\/\/laindependent.cat\/en\/"},{"@type":"ListItem","position":2,"name":"Culture","item":"https:\/\/laindependent.cat\/en\/tema\/culture\/"},{"@type":"ListItem","position":3,"name":"Art","item":"https:\/\/laindependent.cat\/en\/tema\/culture\/art\/"},{"@type":"ListItem","position":4,"name":"Dones i graffiti a Barcelona"}]},{"@type":"WebSite","@id":"https:\/\/laindependent.cat\/en\/#website","url":"https:\/\/laindependent.cat\/en\/","name":"La Independent","description":"Ag\u00e8ncia de not\u00edcies amb visi\u00f3 de g\u00e8nere","publisher":{"@id":"https:\/\/laindependent.cat\/en\/#organization"},"alternateName":"Ag\u00e8ncia de not\u00edcies amb visi\u00f3 de g\u00e8nere","potentialAction":[{"@type":"SearchAction","target":{"@type":"EntryPoint","urlTemplate":"https:\/\/laindependent.cat\/en\/?s={search_term_string}"},"query-input":{"@type":"PropertyValueSpecification","valueRequired":true,"valueName":"search_term_string"}}],"inLanguage":"en-US"},{"@type":"Organization","@id":"https:\/\/laindependent.cat\/en\/#organization","name":"La Independent","alternateName":"Ag\u00e8ncia de not\u00edcies amb visi\u00f3 de g\u00e8nere","url":"https:\/\/laindependent.cat\/en\/","logo":{"@type":"ImageObject","inLanguage":"en-US","@id":"https:\/\/laindependent.cat\/en\/#\/schema\/logo\/image\/","url":"https:\/\/laindependent.cat\/wp-content\/uploads\/2022\/10\/logo-independent.svg","contentUrl":"https:\/\/laindependent.cat\/wp-content\/uploads\/2022\/10\/logo-independent.svg","width":562,"height":78,"caption":"La Independent"},"image":{"@id":"https:\/\/laindependent.cat\/en\/#\/schema\/logo\/image\/"}},{"@type":"Person","@id":"https:\/\/laindependent.cat\/en\/#\/schema\/person\/af76d63cadf73589633a21268eafc270","name":"Lourdes Mourelo","image":{"@type":"ImageObject","inLanguage":"en-US","@id":"https:\/\/secure.gravatar.com\/avatar\/d8dd0eadedfc9396ca48550f813a7f33597090854e930659155eb3f2bbe7140d?s=96&d=blank&r=g","url":"https:\/\/secure.gravatar.com\/avatar\/d8dd0eadedfc9396ca48550f813a7f33597090854e930659155eb3f2bbe7140d?s=96&d=blank&r=g","contentUrl":"https:\/\/secure.gravatar.com\/avatar\/d8dd0eadedfc9396ca48550f813a7f33597090854e930659155eb3f2bbe7140d?s=96&d=blank&r=g","caption":"Lourdes Mourelo"},"url":"https:\/\/laindependent.cat\/en\/author\/lourdes\/"}]}},"_links":{"self":[{"href":"https:\/\/laindependent.cat\/en\/wp-json\/wp\/v2\/posts\/63199","targetHints":{"allow":["GET"]}}],"collection":[{"href":"https:\/\/laindependent.cat\/en\/wp-json\/wp\/v2\/posts"}],"about":[{"href":"https:\/\/laindependent.cat\/en\/wp-json\/wp\/v2\/types\/post"}],"author":[{"embeddable":true,"href":"https:\/\/laindependent.cat\/en\/wp-json\/wp\/v2\/users\/100"}],"replies":[{"embeddable":true,"href":"https:\/\/laindependent.cat\/en\/wp-json\/wp\/v2\/comments?post=63199"}],"version-history":[{"count":0,"href":"https:\/\/laindependent.cat\/en\/wp-json\/wp\/v2\/posts\/63199\/revisions"}],"wp:featuredmedia":[{"embeddable":true,"href":"https:\/\/laindependent.cat\/en\/wp-json\/wp\/v2\/media\/32043"}],"wp:attachment":[{"href":"https:\/\/laindependent.cat\/en\/wp-json\/wp\/v2\/media?parent=63199"}],"wp:term":[{"taxonomy":"category","embeddable":true,"href":"https:\/\/laindependent.cat\/en\/wp-json\/wp\/v2\/categories?post=63199"},{"taxonomy":"post_tag","embeddable":true,"href":"https:\/\/laindependent.cat\/en\/wp-json\/wp\/v2\/tags?post=63199"}],"curies":[{"name":"wp","href":"https:\/\/api.w.org\/{rel}","templated":true}]}}