{"id":62566,"date":"2015-12-03T15:20:36","date_gmt":"2015-12-03T14:20:36","guid":{"rendered":"https:\/\/laindependent.cat\/estat-espanyol-xi-jornades-sobre-integracio-violencies-de-genere-i-vih-la-independent-noticies-genere\/"},"modified":"2015-12-03T15:20:36","modified_gmt":"2015-12-03T14:20:36","slug":"estat-espanyol-xi-jornades-sobre-integracio-violencies-de-genere-i-vih-la-independent-noticies-genere","status":"publish","type":"post","link":"https:\/\/laindependent.cat\/en\/estat-espanyol-xi-jornades-sobre-integracio-violencies-de-genere-i-vih-la-independent-noticies-genere\/","title":{"rendered":"Estat Espanyol: XI Jornades Sobre Integraci\u00f3, Violencies de G\u00e8nere I VIH \/ La Independent \/ Noticies G\u00e8nere"},"content":{"rendered":"<p style=\"text-align: left;\">\u00a0<\/p>\n<p style=\"text-align: left;\"><strong><span style=\"font-size: 10pt;\">Amb el t\u00edtol\u00a0&#8220;impressionades&#8221; es realitzaran a Barcelona el 14 de desembre les\u00a0XI Jornades Sobre Integraci\u00f3, Violencies de G\u00e8nere I VIH<br \/><\/span><\/strong><\/p>\n<p style=\"text-align: left;\">\u00a0<\/p>\n<p style=\"text-align: left;\"><span style=\"font-size: 10pt;\"><\/span><\/p>\n<p style=\"text-align: left;\">\u00a0<\/p>\n<p><!--more--><\/p>\n<p style=\"text-align: left;\"><span style=\"font-family: trebuchet ms,geneva; font-size: 10pt;\">Aquestes jornades estan dirigides a professionals sociosanitaris i sociosanitaries de tot l&#8217;Estat i tenen com a objectiu sensibilitzar, reflexionar i iniciar accions que incideixin sobre les relacions existents entre les viol\u00e8ncies de g\u00e8nere i la infecci\u00f3 per VIH, posant especial \u00e8mfasi en els factors estructurals de tal interrelaci\u00f3.<\/span><\/p>\n<p style=\"text-align: left;\">\u00a0<a href=\"http:\/\/creacionpositiva.org\/onewebmedia\/Programa%20XI%20jornadas%20Violencias%20de%20g%C3%A9nero%20y%20VIH%202015_CAT.pdf\" target=\"_blank\" rel=\"noopener\"><span style=\"font-size: 13.3333px;\"> Programa<\/span><\/a><\/p>\n<p style=\"text-align: left;\"><span style=\"font-size: 13.3333px;\"><a href=\"http:\/\/creacionpositiva.org\/onewebmedia\/Butllet%C3%AD%20inscripci%C3%B3%20BCN2015DEFcat%20(casilles).pdf\" target=\"_blank\" rel=\"noopener\">Bolleti\u00a0<span style=\"font-size: 13.3333px; text-align: left;\">\u00a0d&#8217;inscripci\u00f3<\/span><\/a><\/span><\/p>\n","protected":false},"excerpt":{"rendered":"<p>\u00a0 Amb el t\u00edtol\u00a0&#8220;impressionades&#8221; es realitzaran a Barcelona el 14 de desembre les\u00a0XI Jornades Sobre Integraci\u00f3, Violencies de G\u00e8nere I VIH \u00a0 \u00a0<\/p>\n","protected":false},"author":94,"featured_media":31597,"comment_status":"open","ping_status":"","sticky":false,"template":"","format":"standard","meta":{"footnotes":""},"categories":[26583],"tags":[],"class_list":["post-62566","post","type-post","status-publish","format-standard","has-post-thumbnail","hentry","category-vih-sida"],"yoast_head":"<!-- This site is optimized with the Yoast SEO plugin v27.4 - https:\/\/yoast.com\/product\/yoast-seo-wordpress\/ -->\n<title>Estat Espanyol: XI Jornades Sobre Integraci\u00f3, Violencies de G\u00e8nere I VIH \/ La Independent \/ Noticies G\u00e8nere | La Independent<\/title>\n<meta name=\"description\" content=\"Amb el t\u00edtol impressionades es realitzaran a Barcelona el 14 de desembre les XI Jornades Sobre Integraci\u00f3, Violencies de G\u00e8nere I VIH\" \/>\n<meta name=\"robots\" content=\"index, follow, max-snippet:-1, max-image-preview:large, max-video-preview:-1\" \/>\n<link rel=\"canonical\" href=\"https:\/\/laindependent.cat\/en\/estat-espanyol-xi-jornades-sobre-integracio-violencies-de-genere-i-vih-la-independent-noticies-genere\/\" \/>\n<meta property=\"og:locale\" content=\"en_US\" \/>\n<meta property=\"og:type\" content=\"article\" \/>\n<meta property=\"og:title\" content=\"Estat Espanyol: XI Jornades Sobre Integraci\u00f3, Violencies de G\u00e8nere I VIH \/ La Independent \/ Noticies G\u00e8nere | La Independent\" \/>\n<meta property=\"og:description\" content=\"Amb el t\u00edtol impressionades es realitzaran a Barcelona el 14 de desembre les XI Jornades Sobre Integraci\u00f3, Violencies de G\u00e8nere I VIH\" \/>\n<meta property=\"og:url\" content=\"https:\/\/laindependent.cat\/en\/estat-espanyol-xi-jornades-sobre-integracio-violencies-de-genere-i-vih-la-independent-noticies-genere\/\" \/>\n<meta property=\"og:site_name\" content=\"La Independent\" \/>\n<meta property=\"article:published_time\" content=\"2015-12-03T14:20:36+00:00\" \/>\n<meta property=\"og:image\" content=\"https:\/\/laindependent.cat\/wp-content\/uploads\/2015\/12\/creacion_pnositiva.jpg\" \/>\n\t<meta property=\"og:image:width\" content=\"400\" \/>\n\t<meta property=\"og:image:height\" content=\"218\" \/>\n\t<meta property=\"og:image:type\" content=\"image\/jpeg\" \/>\n<meta name=\"author\" content=\"Amada Santos\" \/>\n<meta name=\"twitter:card\" content=\"summary_large_image\" \/>\n<meta name=\"twitter:label1\" content=\"Written by\" \/>\n\t<meta name=\"twitter:data1\" content=\"Amada Santos\" \/>\n<script type=\"application\/ld+json\" class=\"yoast-schema-graph\">{\"@context\":\"https:\\\/\\\/schema.org\",\"@graph\":[{\"@type\":\"Article\",\"@id\":\"https:\\\/\\\/laindependent.cat\\\/en\\\/estat-espanyol-xi-jornades-sobre-integracio-violencies-de-genere-i-vih-la-independent-noticies-genere\\\/#article\",\"isPartOf\":{\"@id\":\"https:\\\/\\\/laindependent.cat\\\/en\\\/estat-espanyol-xi-jornades-sobre-integracio-violencies-de-genere-i-vih-la-independent-noticies-genere\\\/\"},\"author\":{\"name\":\"Amada Santos\",\"@id\":\"https:\\\/\\\/laindependent.cat\\\/en\\\/#\\\/schema\\\/person\\\/c0bbc88d6bb99ffe6206fec7daa8d5f1\"},\"headline\":\"Estat Espanyol: XI Jornades Sobre Integraci\u00f3, Violencies de G\u00e8nere I VIH \\\/ La Independent \\\/ Noticies G\u00e8nere\",\"datePublished\":\"2015-12-03T14:20:36+00:00\",\"mainEntityOfPage\":{\"@id\":\"https:\\\/\\\/laindependent.cat\\\/en\\\/estat-espanyol-xi-jornades-sobre-integracio-violencies-de-genere-i-vih-la-independent-noticies-genere\\\/\"},\"wordCount\":95,\"commentCount\":0,\"publisher\":{\"@id\":\"https:\\\/\\\/laindependent.cat\\\/en\\\/#organization\"},\"image\":{\"@id\":\"https:\\\/\\\/laindependent.cat\\\/en\\\/estat-espanyol-xi-jornades-sobre-integracio-violencies-de-genere-i-vih-la-independent-noticies-genere\\\/#primaryimage\"},\"thumbnailUrl\":\"https:\\\/\\\/laindependent.cat\\\/wp-content\\\/uploads\\\/2015\\\/12\\\/creacion_pnositiva.jpg\",\"articleSection\":[\"VIH-SIDA\"],\"inLanguage\":\"en-US\",\"potentialAction\":[{\"@type\":\"CommentAction\",\"name\":\"Comment\",\"target\":[\"https:\\\/\\\/laindependent.cat\\\/en\\\/estat-espanyol-xi-jornades-sobre-integracio-violencies-de-genere-i-vih-la-independent-noticies-genere\\\/#respond\"]}]},{\"@type\":\"WebPage\",\"@id\":\"https:\\\/\\\/laindependent.cat\\\/en\\\/estat-espanyol-xi-jornades-sobre-integracio-violencies-de-genere-i-vih-la-independent-noticies-genere\\\/\",\"url\":\"https:\\\/\\\/laindependent.cat\\\/en\\\/estat-espanyol-xi-jornades-sobre-integracio-violencies-de-genere-i-vih-la-independent-noticies-genere\\\/\",\"name\":\"Estat Espanyol: XI Jornades Sobre Integraci\u00f3, Violencies de G\u00e8nere I VIH \\\/ La Independent \\\/ Noticies G\u00e8nere | La Independent\",\"isPartOf\":{\"@id\":\"https:\\\/\\\/laindependent.cat\\\/en\\\/#website\"},\"primaryImageOfPage\":{\"@id\":\"https:\\\/\\\/laindependent.cat\\\/en\\\/estat-espanyol-xi-jornades-sobre-integracio-violencies-de-genere-i-vih-la-independent-noticies-genere\\\/#primaryimage\"},\"image\":{\"@id\":\"https:\\\/\\\/laindependent.cat\\\/en\\\/estat-espanyol-xi-jornades-sobre-integracio-violencies-de-genere-i-vih-la-independent-noticies-genere\\\/#primaryimage\"},\"thumbnailUrl\":\"https:\\\/\\\/laindependent.cat\\\/wp-content\\\/uploads\\\/2015\\\/12\\\/creacion_pnositiva.jpg\",\"datePublished\":\"2015-12-03T14:20:36+00:00\",\"description\":\"Amb el t\u00edtol impressionades es realitzaran a Barcelona el 14 de desembre les XI Jornades Sobre Integraci\u00f3, Violencies de G\u00e8nere I VIH\",\"breadcrumb\":{\"@id\":\"https:\\\/\\\/laindependent.cat\\\/en\\\/estat-espanyol-xi-jornades-sobre-integracio-violencies-de-genere-i-vih-la-independent-noticies-genere\\\/#breadcrumb\"},\"inLanguage\":\"en-US\",\"potentialAction\":[{\"@type\":\"ReadAction\",\"target\":[\"https:\\\/\\\/laindependent.cat\\\/en\\\/estat-espanyol-xi-jornades-sobre-integracio-violencies-de-genere-i-vih-la-independent-noticies-genere\\\/\"]}]},{\"@type\":\"ImageObject\",\"inLanguage\":\"en-US\",\"@id\":\"https:\\\/\\\/laindependent.cat\\\/en\\\/estat-espanyol-xi-jornades-sobre-integracio-violencies-de-genere-i-vih-la-independent-noticies-genere\\\/#primaryimage\",\"url\":\"https:\\\/\\\/laindependent.cat\\\/wp-content\\\/uploads\\\/2015\\\/12\\\/creacion_pnositiva.jpg\",\"contentUrl\":\"https:\\\/\\\/laindependent.cat\\\/wp-content\\\/uploads\\\/2015\\\/12\\\/creacion_pnositiva.jpg\",\"width\":400,\"height\":218},{\"@type\":\"BreadcrumbList\",\"@id\":\"https:\\\/\\\/laindependent.cat\\\/en\\\/estat-espanyol-xi-jornades-sobre-integracio-violencies-de-genere-i-vih-la-independent-noticies-genere\\\/#breadcrumb\",\"itemListElement\":[{\"@type\":\"ListItem\",\"position\":1,\"name\":\"Inici\",\"item\":\"https:\\\/\\\/laindependent.cat\\\/en\\\/\"},{\"@type\":\"ListItem\",\"position\":2,\"name\":\"Health\",\"item\":\"https:\\\/\\\/laindependent.cat\\\/en\\\/tema\\\/health\\\/\"},{\"@type\":\"ListItem\",\"position\":3,\"name\":\"VIH-SIDA\",\"item\":\"https:\\\/\\\/laindependent.cat\\\/tema\\\/salut\\\/vih-sida\\\/\"},{\"@type\":\"ListItem\",\"position\":4,\"name\":\"Estat Espanyol: XI Jornades Sobre Integraci\u00f3, Violencies de G\u00e8nere I VIH \\\/ La Independent \\\/ Noticies G\u00e8nere\"}]},{\"@type\":\"WebSite\",\"@id\":\"https:\\\/\\\/laindependent.cat\\\/en\\\/#website\",\"url\":\"https:\\\/\\\/laindependent.cat\\\/en\\\/\",\"name\":\"La Independent\",\"description\":\"Ag\u00e8ncia de not\u00edcies amb visi\u00f3 de g\u00e8nere\",\"publisher\":{\"@id\":\"https:\\\/\\\/laindependent.cat\\\/en\\\/#organization\"},\"alternateName\":\"Ag\u00e8ncia de not\u00edcies amb visi\u00f3 de g\u00e8nere\",\"potentialAction\":[{\"@type\":\"SearchAction\",\"target\":{\"@type\":\"EntryPoint\",\"urlTemplate\":\"https:\\\/\\\/laindependent.cat\\\/en\\\/?s={search_term_string}\"},\"query-input\":{\"@type\":\"PropertyValueSpecification\",\"valueRequired\":true,\"valueName\":\"search_term_string\"}}],\"inLanguage\":\"en-US\"},{\"@type\":\"Organization\",\"@id\":\"https:\\\/\\\/laindependent.cat\\\/en\\\/#organization\",\"name\":\"La Independent\",\"alternateName\":\"Ag\u00e8ncia de not\u00edcies amb visi\u00f3 de g\u00e8nere\",\"url\":\"https:\\\/\\\/laindependent.cat\\\/en\\\/\",\"logo\":{\"@type\":\"ImageObject\",\"inLanguage\":\"en-US\",\"@id\":\"https:\\\/\\\/laindependent.cat\\\/en\\\/#\\\/schema\\\/logo\\\/image\\\/\",\"url\":\"https:\\\/\\\/laindependent.cat\\\/wp-content\\\/uploads\\\/2022\\\/10\\\/logo-independent.svg\",\"contentUrl\":\"https:\\\/\\\/laindependent.cat\\\/wp-content\\\/uploads\\\/2022\\\/10\\\/logo-independent.svg\",\"width\":562,\"height\":78,\"caption\":\"La Independent\"},\"image\":{\"@id\":\"https:\\\/\\\/laindependent.cat\\\/en\\\/#\\\/schema\\\/logo\\\/image\\\/\"}},{\"@type\":\"Person\",\"@id\":\"https:\\\/\\\/laindependent.cat\\\/en\\\/#\\\/schema\\\/person\\\/c0bbc88d6bb99ffe6206fec7daa8d5f1\",\"name\":\"Amada Santos\",\"image\":{\"@type\":\"ImageObject\",\"inLanguage\":\"en-US\",\"@id\":\"https:\\\/\\\/secure.gravatar.com\\\/avatar\\\/ddc329d5c10903319ef8e7bfda1f33c1798763e44bd30548785c262d0a7d5683?s=96&d=blank&r=g\",\"url\":\"https:\\\/\\\/secure.gravatar.com\\\/avatar\\\/ddc329d5c10903319ef8e7bfda1f33c1798763e44bd30548785c262d0a7d5683?s=96&d=blank&r=g\",\"contentUrl\":\"https:\\\/\\\/secure.gravatar.com\\\/avatar\\\/ddc329d5c10903319ef8e7bfda1f33c1798763e44bd30548785c262d0a7d5683?s=96&d=blank&r=g\",\"caption\":\"Amada Santos\"},\"description\":\"Fotoperiodista i Soci\u00f3loga. Activista Feminista, Defensora DDHH i Cooperant. Presidenta de la XIDPIC.Cat. Co-coordinadora i Editora de La Independent. Coordinadora Internacional a la RIPVG\",\"url\":\"https:\\\/\\\/laindependent.cat\\\/en\\\/author\\\/amada-santos\\\/\"}]}<\/script>\n<!-- \/ Yoast SEO plugin. -->","yoast_head_json":{"title":"Estat Espanyol: XI Jornades Sobre Integraci\u00f3, Violencies de G\u00e8nere I VIH \/ La Independent \/ Noticies G\u00e8nere | La Independent","description":"Amb el t\u00edtol impressionades es realitzaran a Barcelona el 14 de desembre les XI Jornades Sobre Integraci\u00f3, Violencies de G\u00e8nere I VIH","robots":{"index":"index","follow":"follow","max-snippet":"max-snippet:-1","max-image-preview":"max-image-preview:large","max-video-preview":"max-video-preview:-1"},"canonical":"https:\/\/laindependent.cat\/en\/estat-espanyol-xi-jornades-sobre-integracio-violencies-de-genere-i-vih-la-independent-noticies-genere\/","og_locale":"en_US","og_type":"article","og_title":"Estat Espanyol: XI Jornades Sobre Integraci\u00f3, Violencies de G\u00e8nere I VIH \/ La Independent \/ Noticies G\u00e8nere | La Independent","og_description":"Amb el t\u00edtol impressionades es realitzaran a Barcelona el 14 de desembre les XI Jornades Sobre Integraci\u00f3, Violencies de G\u00e8nere I VIH","og_url":"https:\/\/laindependent.cat\/en\/estat-espanyol-xi-jornades-sobre-integracio-violencies-de-genere-i-vih-la-independent-noticies-genere\/","og_site_name":"La Independent","article_published_time":"2015-12-03T14:20:36+00:00","og_image":[{"width":400,"height":218,"url":"https:\/\/laindependent.cat\/wp-content\/uploads\/2015\/12\/creacion_pnositiva.jpg","type":"image\/jpeg"}],"author":"Amada Santos","twitter_card":"summary_large_image","twitter_misc":{"Written by":"Amada Santos"},"schema":{"@context":"https:\/\/schema.org","@graph":[{"@type":"Article","@id":"https:\/\/laindependent.cat\/en\/estat-espanyol-xi-jornades-sobre-integracio-violencies-de-genere-i-vih-la-independent-noticies-genere\/#article","isPartOf":{"@id":"https:\/\/laindependent.cat\/en\/estat-espanyol-xi-jornades-sobre-integracio-violencies-de-genere-i-vih-la-independent-noticies-genere\/"},"author":{"name":"Amada Santos","@id":"https:\/\/laindependent.cat\/en\/#\/schema\/person\/c0bbc88d6bb99ffe6206fec7daa8d5f1"},"headline":"Estat Espanyol: XI Jornades Sobre Integraci\u00f3, Violencies de G\u00e8nere I VIH \/ La Independent \/ Noticies G\u00e8nere","datePublished":"2015-12-03T14:20:36+00:00","mainEntityOfPage":{"@id":"https:\/\/laindependent.cat\/en\/estat-espanyol-xi-jornades-sobre-integracio-violencies-de-genere-i-vih-la-independent-noticies-genere\/"},"wordCount":95,"commentCount":0,"publisher":{"@id":"https:\/\/laindependent.cat\/en\/#organization"},"image":{"@id":"https:\/\/laindependent.cat\/en\/estat-espanyol-xi-jornades-sobre-integracio-violencies-de-genere-i-vih-la-independent-noticies-genere\/#primaryimage"},"thumbnailUrl":"https:\/\/laindependent.cat\/wp-content\/uploads\/2015\/12\/creacion_pnositiva.jpg","articleSection":["VIH-SIDA"],"inLanguage":"en-US","potentialAction":[{"@type":"CommentAction","name":"Comment","target":["https:\/\/laindependent.cat\/en\/estat-espanyol-xi-jornades-sobre-integracio-violencies-de-genere-i-vih-la-independent-noticies-genere\/#respond"]}]},{"@type":"WebPage","@id":"https:\/\/laindependent.cat\/en\/estat-espanyol-xi-jornades-sobre-integracio-violencies-de-genere-i-vih-la-independent-noticies-genere\/","url":"https:\/\/laindependent.cat\/en\/estat-espanyol-xi-jornades-sobre-integracio-violencies-de-genere-i-vih-la-independent-noticies-genere\/","name":"Estat Espanyol: XI Jornades Sobre Integraci\u00f3, Violencies de G\u00e8nere I VIH \/ La Independent \/ Noticies G\u00e8nere | La Independent","isPartOf":{"@id":"https:\/\/laindependent.cat\/en\/#website"},"primaryImageOfPage":{"@id":"https:\/\/laindependent.cat\/en\/estat-espanyol-xi-jornades-sobre-integracio-violencies-de-genere-i-vih-la-independent-noticies-genere\/#primaryimage"},"image":{"@id":"https:\/\/laindependent.cat\/en\/estat-espanyol-xi-jornades-sobre-integracio-violencies-de-genere-i-vih-la-independent-noticies-genere\/#primaryimage"},"thumbnailUrl":"https:\/\/laindependent.cat\/wp-content\/uploads\/2015\/12\/creacion_pnositiva.jpg","datePublished":"2015-12-03T14:20:36+00:00","description":"Amb el t\u00edtol impressionades es realitzaran a Barcelona el 14 de desembre les XI Jornades Sobre Integraci\u00f3, Violencies de G\u00e8nere I VIH","breadcrumb":{"@id":"https:\/\/laindependent.cat\/en\/estat-espanyol-xi-jornades-sobre-integracio-violencies-de-genere-i-vih-la-independent-noticies-genere\/#breadcrumb"},"inLanguage":"en-US","potentialAction":[{"@type":"ReadAction","target":["https:\/\/laindependent.cat\/en\/estat-espanyol-xi-jornades-sobre-integracio-violencies-de-genere-i-vih-la-independent-noticies-genere\/"]}]},{"@type":"ImageObject","inLanguage":"en-US","@id":"https:\/\/laindependent.cat\/en\/estat-espanyol-xi-jornades-sobre-integracio-violencies-de-genere-i-vih-la-independent-noticies-genere\/#primaryimage","url":"https:\/\/laindependent.cat\/wp-content\/uploads\/2015\/12\/creacion_pnositiva.jpg","contentUrl":"https:\/\/laindependent.cat\/wp-content\/uploads\/2015\/12\/creacion_pnositiva.jpg","width":400,"height":218},{"@type":"BreadcrumbList","@id":"https:\/\/laindependent.cat\/en\/estat-espanyol-xi-jornades-sobre-integracio-violencies-de-genere-i-vih-la-independent-noticies-genere\/#breadcrumb","itemListElement":[{"@type":"ListItem","position":1,"name":"Inici","item":"https:\/\/laindependent.cat\/en\/"},{"@type":"ListItem","position":2,"name":"Health","item":"https:\/\/laindependent.cat\/en\/tema\/health\/"},{"@type":"ListItem","position":3,"name":"VIH-SIDA","item":"https:\/\/laindependent.cat\/tema\/salut\/vih-sida\/"},{"@type":"ListItem","position":4,"name":"Estat Espanyol: XI Jornades Sobre Integraci\u00f3, Violencies de G\u00e8nere I VIH \/ La Independent \/ Noticies G\u00e8nere"}]},{"@type":"WebSite","@id":"https:\/\/laindependent.cat\/en\/#website","url":"https:\/\/laindependent.cat\/en\/","name":"La Independent","description":"Ag\u00e8ncia de not\u00edcies amb visi\u00f3 de g\u00e8nere","publisher":{"@id":"https:\/\/laindependent.cat\/en\/#organization"},"alternateName":"Ag\u00e8ncia de not\u00edcies amb visi\u00f3 de g\u00e8nere","potentialAction":[{"@type":"SearchAction","target":{"@type":"EntryPoint","urlTemplate":"https:\/\/laindependent.cat\/en\/?s={search_term_string}"},"query-input":{"@type":"PropertyValueSpecification","valueRequired":true,"valueName":"search_term_string"}}],"inLanguage":"en-US"},{"@type":"Organization","@id":"https:\/\/laindependent.cat\/en\/#organization","name":"La Independent","alternateName":"Ag\u00e8ncia de not\u00edcies amb visi\u00f3 de g\u00e8nere","url":"https:\/\/laindependent.cat\/en\/","logo":{"@type":"ImageObject","inLanguage":"en-US","@id":"https:\/\/laindependent.cat\/en\/#\/schema\/logo\/image\/","url":"https:\/\/laindependent.cat\/wp-content\/uploads\/2022\/10\/logo-independent.svg","contentUrl":"https:\/\/laindependent.cat\/wp-content\/uploads\/2022\/10\/logo-independent.svg","width":562,"height":78,"caption":"La Independent"},"image":{"@id":"https:\/\/laindependent.cat\/en\/#\/schema\/logo\/image\/"}},{"@type":"Person","@id":"https:\/\/laindependent.cat\/en\/#\/schema\/person\/c0bbc88d6bb99ffe6206fec7daa8d5f1","name":"Amada Santos","image":{"@type":"ImageObject","inLanguage":"en-US","@id":"https:\/\/secure.gravatar.com\/avatar\/ddc329d5c10903319ef8e7bfda1f33c1798763e44bd30548785c262d0a7d5683?s=96&d=blank&r=g","url":"https:\/\/secure.gravatar.com\/avatar\/ddc329d5c10903319ef8e7bfda1f33c1798763e44bd30548785c262d0a7d5683?s=96&d=blank&r=g","contentUrl":"https:\/\/secure.gravatar.com\/avatar\/ddc329d5c10903319ef8e7bfda1f33c1798763e44bd30548785c262d0a7d5683?s=96&d=blank&r=g","caption":"Amada Santos"},"description":"Fotoperiodista i Soci\u00f3loga. Activista Feminista, Defensora DDHH i Cooperant. Presidenta de la XIDPIC.Cat. Co-coordinadora i Editora de La Independent. Coordinadora Internacional a la RIPVG","url":"https:\/\/laindependent.cat\/en\/author\/amada-santos\/"}]}},"_links":{"self":[{"href":"https:\/\/laindependent.cat\/en\/wp-json\/wp\/v2\/posts\/62566","targetHints":{"allow":["GET"]}}],"collection":[{"href":"https:\/\/laindependent.cat\/en\/wp-json\/wp\/v2\/posts"}],"about":[{"href":"https:\/\/laindependent.cat\/en\/wp-json\/wp\/v2\/types\/post"}],"author":[{"embeddable":true,"href":"https:\/\/laindependent.cat\/en\/wp-json\/wp\/v2\/users\/94"}],"replies":[{"embeddable":true,"href":"https:\/\/laindependent.cat\/en\/wp-json\/wp\/v2\/comments?post=62566"}],"version-history":[{"count":0,"href":"https:\/\/laindependent.cat\/en\/wp-json\/wp\/v2\/posts\/62566\/revisions"}],"wp:featuredmedia":[{"embeddable":true,"href":"https:\/\/laindependent.cat\/en\/wp-json\/wp\/v2\/media\/31597"}],"wp:attachment":[{"href":"https:\/\/laindependent.cat\/en\/wp-json\/wp\/v2\/media?parent=62566"}],"wp:term":[{"taxonomy":"category","embeddable":true,"href":"https:\/\/laindependent.cat\/en\/wp-json\/wp\/v2\/categories?post=62566"},{"taxonomy":"post_tag","embeddable":true,"href":"https:\/\/laindependent.cat\/en\/wp-json\/wp\/v2\/tags?post=62566"}],"curies":[{"name":"wp","href":"https:\/\/api.w.org\/{rel}","templated":true}]}}