{"id":60004,"date":"2014-03-19T20:48:15","date_gmt":"2014-03-19T19:48:15","guid":{"rendered":"https:\/\/laindependent.cat\/lequiparacio-dels-permisos-parentals\/"},"modified":"2014-03-19T20:48:15","modified_gmt":"2014-03-19T19:48:15","slug":"lequiparacio-dels-permisos-parentals","status":"publish","type":"post","link":"https:\/\/laindependent.cat\/en\/lequiparacio-dels-permisos-parentals\/","title":{"rendered":"L\u2019equiparaci\u00f3 dels permisos parentals"},"content":{"rendered":"<p style=\"text-align: left;\"><span style=\"font-family: 'trebuchet ms', geneva; font-size: 10pt;\"><\/span><\/p>\n<p style=\"text-align: left;\"><strong><span style=\"font-family: 'trebuchet ms', geneva; font-size: 10pt;\">OPINI\u00d3<\/span><\/strong><\/p>\n<p style=\"text-align: left;\"><strong><span style=\"font-family: 'trebuchet ms', geneva; font-size: 10pt;\">Els Homes Igualitaris commemorem un any m\u00e9s el 19 de mar\u00e7, el Dia de la Paternitat Igualit\u00e0ria i Responsable. Un dia que el dediquem a vindicar permisos de paternitat equiparats al de maternitat i de forma personal i intransferible.<\/span><\/strong><\/p>\n<p><!--more--><\/p>\n<p style=\"text-align: left;\"><span style=\"font-family: 'trebuchet ms', geneva; font-size: 10pt;\">De la mateixa manera que les dones han reivindicat des de fa temps els seus drets, i ho continuen fent a dia d&#8217;avui, els homes per la igualtat, a m\u00e9s a m\u00e9s de dona&#8217;ls-hi suport, tamb\u00e9 volem reclamar els nostres drets en col\u00b7laboraci\u00f3 m\u00fatua.<\/span><\/p>\n<p style=\"text-align: left;\"><span style=\"font-family: 'trebuchet ms', geneva; font-size: 10pt;\">El projecte per construir una societat basada en la llibertat, el respecte i la igualtat d&#8217;oportunitats, de valor i de tracte entre dones i homes \u00e9s el cam\u00ed, en el qual \u00e9s de capital import\u00e0ncia el comprom\u00eds i la implicaci\u00f3 dels homes. El treball per la igualtat a la nostra societat es cataloga exclusivament com una reclamaci\u00f3 de les dones. Aquesta visi\u00f3 no \u00e9s completa, \u00e9s parcial, perqu\u00e8 la igualtat ens afecta molt als homes, ja que \u00e9s el cam\u00ed cap a la millora del nostre propi benestar, i tamb\u00e9 del dels nostres familiars i persones m\u00e9s pr\u00f2ximes.<\/span><\/p>\n<p style=\"text-align: left;\"><span style=\"font-family: 'trebuchet ms', geneva; font-size: 10pt;\">Sense oblidar totes les discriminacions sexistes i masclistes que pateixen les dones, els homes tamb\u00e9 hem de ser conscients que patim el masclisme tamb\u00e9 ens afecta de forma negativa. Els homes protagonitzem majorit\u00e0riament greus problemes socials com el frac\u00e0s escolar, la viol\u00e8ncia masclista, la viol\u00e8ncia homof\u00f2bica, les conductes de risc que acaben provocant els accidents de tr\u00e0nsit, les addiccions d&#8217;alcoholisme, drogodepend\u00e8ncies, i fins i tot la delinq\u00fc\u00e8ncia urbana que queda reflectida posteriorment a les presons; 9 de cada 10 persones que habiten les presons catalanes s\u00f3n homes. Qu\u00e8 \u00e9s el que fem els homes? Ens haur\u00edem de preguntar profundament.<\/span><\/p>\n<p style=\"text-align: left;\"><span style=\"font-family: 'trebuchet ms', geneva; font-size: 10pt;\">Els homes hem de prendre consci\u00e8ncia que al llarg de les nostres vides anem aprenent a seguir, des de ben petits, referents de g\u00e8nere mascul\u00ed tradicional i hegem\u00f2nic. Amb aquests referents no fem m\u00e9s que adquirir rols que per exemple poden fer que actuem amb conductes excessivament agressives o violentes, no respectuoses amb la difer\u00e8ncia, que visquem una paternitat de forma distanciada i, per tant, no satisfact\u00f2ria o que no explorem ni expressem els nostres sentiments d&#8217;una forma responsable. Aquestes s\u00f3n nom\u00e9s algunes mostres de que el masclisme, la masculinitat tradicional, que es mostra com la hegem\u00f2nica, no ens beneficia, sin\u00f3 que ens perjudica. Per tant, els homes hem d&#8217;assumir la nostra responsabilitat individual i col\u2022lectiva per la just\u00edcia social davant la discriminaci\u00f3 i el sexisme contra les dones, a m\u00e9s a m\u00e9s de fer-ho tamb\u00e9 per una millora del nostre benestar personal.<\/span><\/p>\n<p style=\"text-align: left;\">\u00a0<\/p>\n<p style=\"text-align: left;\"><span style=\"font-family: 'trebuchet ms', geneva; font-size: 10pt;\"><strong>L&#8217;hora de la paternitat responsable<\/strong><\/span><\/p>\n<p style=\"text-align: left;\"><span style=\"font-family: 'trebuchet ms', geneva; font-size: 10pt;\">Doncs b\u00e9, actualment hi ha una bona oportunitat per aprofitar i demostrar un canvi substancial en les masculinitats del nostre pa\u00eds, en aquest cas em centro en els permisos de paternitat. Segons dades del Ministeri de Treball i gr\u00e0cies a l&#8217;establiment des de la llei d&#8217;igualtat de l&#8217;any 2007, els homes a Catalunya l&#8217;any 2013 van sol\u2022licitar un total de 44.460 permisos de paternitat per poder gaudir de la paternitat per naixement o d&#8217;adopci\u00f3 a la vegada que atenien el dret de les seves criatures a tenir a prop el seu pare, malgrat nom\u00e9s sigui per 15 dies. Segons les mateixes fonts, les dades dels processos de maternitat a Catalunya el mateix 2013 van ser de 50.388.<\/span><\/p>\n<p style=\"text-align: left;\"><span style=\"font-family: 'trebuchet ms', geneva; font-size: 10pt;\">Si agafem aquestes dues dades i fem una relaci\u00f3 percentual, el resultat que d\u00f3na \u00e9s que a Catalunya el passat any 2013 es va sol\u2022licitar en una relaci\u00f3 del 88,24% processos de paternitat respecte als de maternitat. Un resultat que indica que els homes que estan ocupats en el mercat de treball demanen el permisos de paternitat per compartir els primers dies de naixement o adopci\u00f3 de les seves criatures. De totes maneres, val a dir que no tots els processos de maternitat s\u00f3n gaudits per les mares, ja que al nostre pa\u00eds, el percentatge de processos de maternitat gaudits per pares \u00e9s de l&#8217;1,62%. Per Homes Igualitaris aquestes dades demostren que els permisos de paternitat s\u00f3n una eina per a qu\u00e8 els homes assumeixin la cura de les criatures, del seu entorn familiar, de les seves parelles, i a la coresponsabilitat en la parella. En aquest cas, no \u00e9s una despesa que assumeixi l&#8217;empresa sin\u00f3 que \u00e9s abonada per la Seguretat Social.<\/span><\/p>\n<p style=\"text-align: left;\"><span style=\"font-family: 'trebuchet ms', geneva; font-size: 10pt;\">Per tot aix\u00f2, des d&#8217;Homes Igualitaris ens sumem a la Plataforma per Permisos Parentals Iguals i Intransferibles per Naixement i Adopci\u00f3 i demanem que s&#8217;equiparin aix\u00ed, els permisos de paternitat amb els de maternitat. I destaquem que siguin permisos iguals i intransferibles, tant per naixement com per adopci\u00f3. A m\u00e9s, de retruc, s&#8217;acabaria amb la discriminaci\u00f3 de les dones pels permisos de maternitat ja que tant homes com dones sol\u2022licitar\u00edem els permisos amb la mateixa durada i quantitat.<\/span><\/p>\n<p style=\"text-align: left;\">\u00a0<span>*<span style=\"font-size: 8pt;\">Bernat Escudero Pach\u00f3n, membre d&#8217;<a title=\"Blog Homes Igualitaris\" href=\"http:\/\/homesigualitaris.wordpress.com\/els-nostres-associats\/\" target=\"_blank\" rel=\"noopener\">Homes Igualitaris<\/a> i de la Plataforma de Permisos Parentals Iguals i Intransferibles (PPINA)<\/span><\/span><\/p>\n<p style=\"text-align: left;\">\u00a0<\/p>\n","protected":false},"excerpt":{"rendered":"<p>OPINI\u00d3 Els Homes Igualitaris commemorem un any m\u00e9s el 19 de mar\u00e7, el Dia de la Paternitat Igualit\u00e0ria i Responsable. Un dia que el dediquem a vindicar permisos de paternitat equiparats al de maternitat i de forma personal i intransferible.<\/p>\n","protected":false},"author":87,"featured_media":29460,"comment_status":"open","ping_status":"","sticky":false,"template":"","format":"standard","meta":{"footnotes":""},"categories":[26652],"tags":[],"class_list":["post-60004","post","type-post","status-publish","format-standard","has-post-thumbnail","hentry","category-opinio-igualtat"],"yoast_head":"<!-- This site is optimized with the Yoast SEO plugin v27.4 - https:\/\/yoast.com\/product\/yoast-seo-wordpress\/ -->\n<title>L\u2019equiparaci\u00f3 dels permisos parentals | La Independent<\/title>\n<meta name=\"description\" content=\"Els Homes Igualitaris commemorem un any m\u00e9s el 19 de mar\u00e7, el Dia de la Paternitat Igualit\u00e0ria i Responsable. Un dia que el dediquem a vindicar permisos de paternitat equiparats al de maternitat i de forma personal i intransferible.\" \/>\n<meta name=\"robots\" content=\"index, follow, max-snippet:-1, max-image-preview:large, max-video-preview:-1\" \/>\n<link rel=\"canonical\" href=\"https:\/\/laindependent.cat\/en\/lequiparacio-dels-permisos-parentals\/\" \/>\n<meta property=\"og:locale\" content=\"en_US\" \/>\n<meta property=\"og:type\" content=\"article\" \/>\n<meta property=\"og:title\" content=\"L\u2019equiparaci\u00f3 dels permisos parentals | La Independent\" \/>\n<meta property=\"og:description\" content=\"Els Homes Igualitaris commemorem un any m\u00e9s el 19 de mar\u00e7, el Dia de la Paternitat Igualit\u00e0ria i Responsable. Un dia que el dediquem a vindicar permisos de paternitat equiparats al de maternitat i de forma personal i intransferible.\" \/>\n<meta property=\"og:url\" content=\"https:\/\/laindependent.cat\/en\/lequiparacio-dels-permisos-parentals\/\" \/>\n<meta property=\"og:site_name\" content=\"La Independent\" \/>\n<meta property=\"article:published_time\" content=\"2014-03-19T19:48:15+00:00\" \/>\n<meta property=\"og:image\" content=\"https:\/\/laindependent.cat\/wp-content\/uploads\/2014\/03\/bernat-en-la-ventana.jpg\" \/>\n\t<meta property=\"og:image:width\" content=\"223\" \/>\n\t<meta property=\"og:image:height\" content=\"298\" \/>\n\t<meta property=\"og:image:type\" content=\"image\/jpeg\" \/>\n<meta name=\"author\" content=\"Drina Ergueta\" \/>\n<meta name=\"twitter:card\" content=\"summary_large_image\" \/>\n<meta name=\"twitter:label1\" content=\"Written by\" \/>\n\t<meta name=\"twitter:data1\" content=\"Drina Ergueta\" \/>\n\t<meta name=\"twitter:label2\" content=\"Est. reading time\" \/>\n\t<meta name=\"twitter:data2\" content=\"4 minutes\" \/>\n<script type=\"application\/ld+json\" class=\"yoast-schema-graph\">{\"@context\":\"https:\\\/\\\/schema.org\",\"@graph\":[{\"@type\":\"Article\",\"@id\":\"https:\\\/\\\/laindependent.cat\\\/en\\\/lequiparacio-dels-permisos-parentals\\\/#article\",\"isPartOf\":{\"@id\":\"https:\\\/\\\/laindependent.cat\\\/en\\\/lequiparacio-dels-permisos-parentals\\\/\"},\"author\":{\"name\":\"Drina Ergueta\",\"@id\":\"https:\\\/\\\/laindependent.cat\\\/en\\\/#\\\/schema\\\/person\\\/927fe3812d088d7f272fec3d0cbe06bb\"},\"headline\":\"L\u2019equiparaci\u00f3 dels permisos parentals\",\"datePublished\":\"2014-03-19T19:48:15+00:00\",\"mainEntityOfPage\":{\"@id\":\"https:\\\/\\\/laindependent.cat\\\/en\\\/lequiparacio-dels-permisos-parentals\\\/\"},\"wordCount\":861,\"commentCount\":0,\"publisher\":{\"@id\":\"https:\\\/\\\/laindependent.cat\\\/en\\\/#organization\"},\"image\":{\"@id\":\"https:\\\/\\\/laindependent.cat\\\/en\\\/lequiparacio-dels-permisos-parentals\\\/#primaryimage\"},\"thumbnailUrl\":\"https:\\\/\\\/laindependent.cat\\\/wp-content\\\/uploads\\\/2014\\\/03\\\/bernat-en-la-ventana.jpg\",\"articleSection\":[\"Opini\u00f3: Igualtat\"],\"inLanguage\":\"en-US\",\"potentialAction\":[{\"@type\":\"CommentAction\",\"name\":\"Comment\",\"target\":[\"https:\\\/\\\/laindependent.cat\\\/en\\\/lequiparacio-dels-permisos-parentals\\\/#respond\"]}]},{\"@type\":\"WebPage\",\"@id\":\"https:\\\/\\\/laindependent.cat\\\/en\\\/lequiparacio-dels-permisos-parentals\\\/\",\"url\":\"https:\\\/\\\/laindependent.cat\\\/en\\\/lequiparacio-dels-permisos-parentals\\\/\",\"name\":\"L\u2019equiparaci\u00f3 dels permisos parentals | La Independent\",\"isPartOf\":{\"@id\":\"https:\\\/\\\/laindependent.cat\\\/en\\\/#website\"},\"primaryImageOfPage\":{\"@id\":\"https:\\\/\\\/laindependent.cat\\\/en\\\/lequiparacio-dels-permisos-parentals\\\/#primaryimage\"},\"image\":{\"@id\":\"https:\\\/\\\/laindependent.cat\\\/en\\\/lequiparacio-dels-permisos-parentals\\\/#primaryimage\"},\"thumbnailUrl\":\"https:\\\/\\\/laindependent.cat\\\/wp-content\\\/uploads\\\/2014\\\/03\\\/bernat-en-la-ventana.jpg\",\"datePublished\":\"2014-03-19T19:48:15+00:00\",\"description\":\"Els Homes Igualitaris commemorem un any m\u00e9s el 19 de mar\u00e7, el Dia de la Paternitat Igualit\u00e0ria i Responsable. Un dia que el dediquem a vindicar permisos de paternitat equiparats al de maternitat i de forma personal i intransferible.\",\"breadcrumb\":{\"@id\":\"https:\\\/\\\/laindependent.cat\\\/en\\\/lequiparacio-dels-permisos-parentals\\\/#breadcrumb\"},\"inLanguage\":\"en-US\",\"potentialAction\":[{\"@type\":\"ReadAction\",\"target\":[\"https:\\\/\\\/laindependent.cat\\\/en\\\/lequiparacio-dels-permisos-parentals\\\/\"]}]},{\"@type\":\"ImageObject\",\"inLanguage\":\"en-US\",\"@id\":\"https:\\\/\\\/laindependent.cat\\\/en\\\/lequiparacio-dels-permisos-parentals\\\/#primaryimage\",\"url\":\"https:\\\/\\\/laindependent.cat\\\/wp-content\\\/uploads\\\/2014\\\/03\\\/bernat-en-la-ventana.jpg\",\"contentUrl\":\"https:\\\/\\\/laindependent.cat\\\/wp-content\\\/uploads\\\/2014\\\/03\\\/bernat-en-la-ventana.jpg\",\"width\":223,\"height\":298},{\"@type\":\"BreadcrumbList\",\"@id\":\"https:\\\/\\\/laindependent.cat\\\/en\\\/lequiparacio-dels-permisos-parentals\\\/#breadcrumb\",\"itemListElement\":[{\"@type\":\"ListItem\",\"position\":1,\"name\":\"Inici\",\"item\":\"https:\\\/\\\/laindependent.cat\\\/en\\\/\"},{\"@type\":\"ListItem\",\"position\":2,\"name\":\"Opinion\",\"item\":\"https:\\\/\\\/laindependent.cat\\\/en\\\/tema\\\/en-opinion\\\/\"},{\"@type\":\"ListItem\",\"position\":3,\"name\":\"Opini\u00f3: Igualtat\",\"item\":\"https:\\\/\\\/laindependent.cat\\\/tema\\\/opinio\\\/opinio-igualtat\\\/\"},{\"@type\":\"ListItem\",\"position\":4,\"name\":\"L\u2019equiparaci\u00f3 dels permisos parentals\"}]},{\"@type\":\"WebSite\",\"@id\":\"https:\\\/\\\/laindependent.cat\\\/en\\\/#website\",\"url\":\"https:\\\/\\\/laindependent.cat\\\/en\\\/\",\"name\":\"La Independent\",\"description\":\"Ag\u00e8ncia de not\u00edcies amb visi\u00f3 de g\u00e8nere\",\"publisher\":{\"@id\":\"https:\\\/\\\/laindependent.cat\\\/en\\\/#organization\"},\"alternateName\":\"Ag\u00e8ncia de not\u00edcies amb visi\u00f3 de g\u00e8nere\",\"potentialAction\":[{\"@type\":\"SearchAction\",\"target\":{\"@type\":\"EntryPoint\",\"urlTemplate\":\"https:\\\/\\\/laindependent.cat\\\/en\\\/?s={search_term_string}\"},\"query-input\":{\"@type\":\"PropertyValueSpecification\",\"valueRequired\":true,\"valueName\":\"search_term_string\"}}],\"inLanguage\":\"en-US\"},{\"@type\":\"Organization\",\"@id\":\"https:\\\/\\\/laindependent.cat\\\/en\\\/#organization\",\"name\":\"La Independent\",\"alternateName\":\"Ag\u00e8ncia de not\u00edcies amb visi\u00f3 de g\u00e8nere\",\"url\":\"https:\\\/\\\/laindependent.cat\\\/en\\\/\",\"logo\":{\"@type\":\"ImageObject\",\"inLanguage\":\"en-US\",\"@id\":\"https:\\\/\\\/laindependent.cat\\\/en\\\/#\\\/schema\\\/logo\\\/image\\\/\",\"url\":\"https:\\\/\\\/laindependent.cat\\\/wp-content\\\/uploads\\\/2022\\\/10\\\/logo-independent.svg\",\"contentUrl\":\"https:\\\/\\\/laindependent.cat\\\/wp-content\\\/uploads\\\/2022\\\/10\\\/logo-independent.svg\",\"width\":562,\"height\":78,\"caption\":\"La Independent\"},\"image\":{\"@id\":\"https:\\\/\\\/laindependent.cat\\\/en\\\/#\\\/schema\\\/logo\\\/image\\\/\"}},{\"@type\":\"Person\",\"@id\":\"https:\\\/\\\/laindependent.cat\\\/en\\\/#\\\/schema\\\/person\\\/927fe3812d088d7f272fec3d0cbe06bb\",\"name\":\"Drina Ergueta\",\"image\":{\"@type\":\"ImageObject\",\"inLanguage\":\"en-US\",\"@id\":\"https:\\\/\\\/secure.gravatar.com\\\/avatar\\\/0f7159a64394f2cc7cb7c479de39862a11682af83f341aac7f21cb4416b5b8f0?s=96&d=blank&r=g\",\"url\":\"https:\\\/\\\/secure.gravatar.com\\\/avatar\\\/0f7159a64394f2cc7cb7c479de39862a11682af83f341aac7f21cb4416b5b8f0?s=96&d=blank&r=g\",\"contentUrl\":\"https:\\\/\\\/secure.gravatar.com\\\/avatar\\\/0f7159a64394f2cc7cb7c479de39862a11682af83f341aac7f21cb4416b5b8f0?s=96&d=blank&r=g\",\"caption\":\"Drina Ergueta\"},\"description\":\"Periodista y antrop\u00f3loga. Comunicaci\u00f3n y feminismo son sus temas predilectos desde hace m\u00e1s de una d\u00e9cada. Articulista en medios bolivianos y portales feministas de Espa\u00f1a\\\/M\u00e9xico.\",\"url\":\"https:\\\/\\\/laindependent.cat\\\/en\\\/author\\\/drina-ergueta\\\/\"}]}<\/script>\n<!-- \/ Yoast SEO plugin. -->","yoast_head_json":{"title":"L\u2019equiparaci\u00f3 dels permisos parentals | La Independent","description":"Els Homes Igualitaris commemorem un any m\u00e9s el 19 de mar\u00e7, el Dia de la Paternitat Igualit\u00e0ria i Responsable. Un dia que el dediquem a vindicar permisos de paternitat equiparats al de maternitat i de forma personal i intransferible.","robots":{"index":"index","follow":"follow","max-snippet":"max-snippet:-1","max-image-preview":"max-image-preview:large","max-video-preview":"max-video-preview:-1"},"canonical":"https:\/\/laindependent.cat\/en\/lequiparacio-dels-permisos-parentals\/","og_locale":"en_US","og_type":"article","og_title":"L\u2019equiparaci\u00f3 dels permisos parentals | La Independent","og_description":"Els Homes Igualitaris commemorem un any m\u00e9s el 19 de mar\u00e7, el Dia de la Paternitat Igualit\u00e0ria i Responsable. Un dia que el dediquem a vindicar permisos de paternitat equiparats al de maternitat i de forma personal i intransferible.","og_url":"https:\/\/laindependent.cat\/en\/lequiparacio-dels-permisos-parentals\/","og_site_name":"La Independent","article_published_time":"2014-03-19T19:48:15+00:00","og_image":[{"width":223,"height":298,"url":"https:\/\/laindependent.cat\/wp-content\/uploads\/2014\/03\/bernat-en-la-ventana.jpg","type":"image\/jpeg"}],"author":"Drina Ergueta","twitter_card":"summary_large_image","twitter_misc":{"Written by":"Drina Ergueta","Est. reading time":"4 minutes"},"schema":{"@context":"https:\/\/schema.org","@graph":[{"@type":"Article","@id":"https:\/\/laindependent.cat\/en\/lequiparacio-dels-permisos-parentals\/#article","isPartOf":{"@id":"https:\/\/laindependent.cat\/en\/lequiparacio-dels-permisos-parentals\/"},"author":{"name":"Drina Ergueta","@id":"https:\/\/laindependent.cat\/en\/#\/schema\/person\/927fe3812d088d7f272fec3d0cbe06bb"},"headline":"L\u2019equiparaci\u00f3 dels permisos parentals","datePublished":"2014-03-19T19:48:15+00:00","mainEntityOfPage":{"@id":"https:\/\/laindependent.cat\/en\/lequiparacio-dels-permisos-parentals\/"},"wordCount":861,"commentCount":0,"publisher":{"@id":"https:\/\/laindependent.cat\/en\/#organization"},"image":{"@id":"https:\/\/laindependent.cat\/en\/lequiparacio-dels-permisos-parentals\/#primaryimage"},"thumbnailUrl":"https:\/\/laindependent.cat\/wp-content\/uploads\/2014\/03\/bernat-en-la-ventana.jpg","articleSection":["Opini\u00f3: Igualtat"],"inLanguage":"en-US","potentialAction":[{"@type":"CommentAction","name":"Comment","target":["https:\/\/laindependent.cat\/en\/lequiparacio-dels-permisos-parentals\/#respond"]}]},{"@type":"WebPage","@id":"https:\/\/laindependent.cat\/en\/lequiparacio-dels-permisos-parentals\/","url":"https:\/\/laindependent.cat\/en\/lequiparacio-dels-permisos-parentals\/","name":"L\u2019equiparaci\u00f3 dels permisos parentals | La Independent","isPartOf":{"@id":"https:\/\/laindependent.cat\/en\/#website"},"primaryImageOfPage":{"@id":"https:\/\/laindependent.cat\/en\/lequiparacio-dels-permisos-parentals\/#primaryimage"},"image":{"@id":"https:\/\/laindependent.cat\/en\/lequiparacio-dels-permisos-parentals\/#primaryimage"},"thumbnailUrl":"https:\/\/laindependent.cat\/wp-content\/uploads\/2014\/03\/bernat-en-la-ventana.jpg","datePublished":"2014-03-19T19:48:15+00:00","description":"Els Homes Igualitaris commemorem un any m\u00e9s el 19 de mar\u00e7, el Dia de la Paternitat Igualit\u00e0ria i Responsable. Un dia que el dediquem a vindicar permisos de paternitat equiparats al de maternitat i de forma personal i intransferible.","breadcrumb":{"@id":"https:\/\/laindependent.cat\/en\/lequiparacio-dels-permisos-parentals\/#breadcrumb"},"inLanguage":"en-US","potentialAction":[{"@type":"ReadAction","target":["https:\/\/laindependent.cat\/en\/lequiparacio-dels-permisos-parentals\/"]}]},{"@type":"ImageObject","inLanguage":"en-US","@id":"https:\/\/laindependent.cat\/en\/lequiparacio-dels-permisos-parentals\/#primaryimage","url":"https:\/\/laindependent.cat\/wp-content\/uploads\/2014\/03\/bernat-en-la-ventana.jpg","contentUrl":"https:\/\/laindependent.cat\/wp-content\/uploads\/2014\/03\/bernat-en-la-ventana.jpg","width":223,"height":298},{"@type":"BreadcrumbList","@id":"https:\/\/laindependent.cat\/en\/lequiparacio-dels-permisos-parentals\/#breadcrumb","itemListElement":[{"@type":"ListItem","position":1,"name":"Inici","item":"https:\/\/laindependent.cat\/en\/"},{"@type":"ListItem","position":2,"name":"Opinion","item":"https:\/\/laindependent.cat\/en\/tema\/en-opinion\/"},{"@type":"ListItem","position":3,"name":"Opini\u00f3: Igualtat","item":"https:\/\/laindependent.cat\/tema\/opinio\/opinio-igualtat\/"},{"@type":"ListItem","position":4,"name":"L\u2019equiparaci\u00f3 dels permisos parentals"}]},{"@type":"WebSite","@id":"https:\/\/laindependent.cat\/en\/#website","url":"https:\/\/laindependent.cat\/en\/","name":"La Independent","description":"Ag\u00e8ncia de not\u00edcies amb visi\u00f3 de g\u00e8nere","publisher":{"@id":"https:\/\/laindependent.cat\/en\/#organization"},"alternateName":"Ag\u00e8ncia de not\u00edcies amb visi\u00f3 de g\u00e8nere","potentialAction":[{"@type":"SearchAction","target":{"@type":"EntryPoint","urlTemplate":"https:\/\/laindependent.cat\/en\/?s={search_term_string}"},"query-input":{"@type":"PropertyValueSpecification","valueRequired":true,"valueName":"search_term_string"}}],"inLanguage":"en-US"},{"@type":"Organization","@id":"https:\/\/laindependent.cat\/en\/#organization","name":"La Independent","alternateName":"Ag\u00e8ncia de not\u00edcies amb visi\u00f3 de g\u00e8nere","url":"https:\/\/laindependent.cat\/en\/","logo":{"@type":"ImageObject","inLanguage":"en-US","@id":"https:\/\/laindependent.cat\/en\/#\/schema\/logo\/image\/","url":"https:\/\/laindependent.cat\/wp-content\/uploads\/2022\/10\/logo-independent.svg","contentUrl":"https:\/\/laindependent.cat\/wp-content\/uploads\/2022\/10\/logo-independent.svg","width":562,"height":78,"caption":"La Independent"},"image":{"@id":"https:\/\/laindependent.cat\/en\/#\/schema\/logo\/image\/"}},{"@type":"Person","@id":"https:\/\/laindependent.cat\/en\/#\/schema\/person\/927fe3812d088d7f272fec3d0cbe06bb","name":"Drina Ergueta","image":{"@type":"ImageObject","inLanguage":"en-US","@id":"https:\/\/secure.gravatar.com\/avatar\/0f7159a64394f2cc7cb7c479de39862a11682af83f341aac7f21cb4416b5b8f0?s=96&d=blank&r=g","url":"https:\/\/secure.gravatar.com\/avatar\/0f7159a64394f2cc7cb7c479de39862a11682af83f341aac7f21cb4416b5b8f0?s=96&d=blank&r=g","contentUrl":"https:\/\/secure.gravatar.com\/avatar\/0f7159a64394f2cc7cb7c479de39862a11682af83f341aac7f21cb4416b5b8f0?s=96&d=blank&r=g","caption":"Drina Ergueta"},"description":"Periodista y antrop\u00f3loga. Comunicaci\u00f3n y feminismo son sus temas predilectos desde hace m\u00e1s de una d\u00e9cada. Articulista en medios bolivianos y portales feministas de Espa\u00f1a\/M\u00e9xico.","url":"https:\/\/laindependent.cat\/en\/author\/drina-ergueta\/"}]}},"_links":{"self":[{"href":"https:\/\/laindependent.cat\/en\/wp-json\/wp\/v2\/posts\/60004","targetHints":{"allow":["GET"]}}],"collection":[{"href":"https:\/\/laindependent.cat\/en\/wp-json\/wp\/v2\/posts"}],"about":[{"href":"https:\/\/laindependent.cat\/en\/wp-json\/wp\/v2\/types\/post"}],"author":[{"embeddable":true,"href":"https:\/\/laindependent.cat\/en\/wp-json\/wp\/v2\/users\/87"}],"replies":[{"embeddable":true,"href":"https:\/\/laindependent.cat\/en\/wp-json\/wp\/v2\/comments?post=60004"}],"version-history":[{"count":0,"href":"https:\/\/laindependent.cat\/en\/wp-json\/wp\/v2\/posts\/60004\/revisions"}],"wp:featuredmedia":[{"embeddable":true,"href":"https:\/\/laindependent.cat\/en\/wp-json\/wp\/v2\/media\/29460"}],"wp:attachment":[{"href":"https:\/\/laindependent.cat\/en\/wp-json\/wp\/v2\/media?parent=60004"}],"wp:term":[{"taxonomy":"category","embeddable":true,"href":"https:\/\/laindependent.cat\/en\/wp-json\/wp\/v2\/categories?post=60004"},{"taxonomy":"post_tag","embeddable":true,"href":"https:\/\/laindependent.cat\/en\/wp-json\/wp\/v2\/tags?post=60004"}],"curies":[{"name":"wp","href":"https:\/\/api.w.org\/{rel}","templated":true}]}}